{"id":3786,"date":"2025-01-07T14:28:31","date_gmt":"2025-01-07T13:28:31","guid":{"rendered":"https:\/\/gabonnouvellevision.com\/gnv\/?p=3786"},"modified":"2025-01-07T14:28:31","modified_gmt":"2025-01-07T13:28:31","slug":"le-president-oligui-nguema-a-linvestiture-de-john-dramani-mahama-ce-mardi-07-janvier","status":"publish","type":"post","link":"https:\/\/gabonnouvellevision.com\/gnv\/2025\/01\/07\/le-president-oligui-nguema-a-linvestiture-de-john-dramani-mahama-ce-mardi-07-janvier\/","title":{"rendered":"Le Pr\u00e9sident Oligui Nguema \u00e0 l&rsquo;investiture de John Dramani Mahama ce mardi 07 janvier"},"content":{"rendered":"<div class=\"post_content_w\">\n<div class=\"jls_con_w\">\n<div class=\"post_content jl_content\">\n<p><strong><em>Le Pr\u00e9sident de la Transition, Brice Clotaire Oligui Nguema, a quitt\u00e9 Libreville hier pour prendre prend part \u00e0 l\u2019investiture de son homologue Ghan\u00e9nen, John Dramani Mahama, ce mardi 07 janvier \u00e0 Accra au Ghana<\/em><\/strong><strong>.<\/strong><\/p>\n<p>L\u2019ancien et nouveau Pr\u00e9sident du Ghana, John Dramani Mahama, victorieux de la pr\u00e9sidentielle du 07 d\u00e9cembre dernier, succ\u00e8de \u00e0 Nana Akufo Addo, qui quitte le fauteuil pr\u00e9sidentiel au terme de ses deux mandats.<\/p>\n<p>Le Gabon et le Ghana entretiennent des liens \u00e9troits depuis des d\u00e9cennies.<\/p>\n<p>Le Nouveau Pr\u00e9sident Ghan\u00e9en qui sera investi ce mardi 07 janvier \u00e0 Accra, devra s\u2019attaquer prioritairement \u00e0 la crise \u00e9nerg\u00e9tique qui frappe de plein fouet son pays ces derni\u00e8res ann\u00e9es, avec son corollaire de dette abyssale\u00a0; la question du ch\u00f4mage et de la corruption ne seront pas en reste.<\/p>\n<p>N\u00e9 le 29 novembre 1958, John Dramani Mahama, a dirig\u00e9 le pays entre 2012 et 2017.<\/p>\n<p>Le Ghana devenu un parangon d\u00e9mocratique aujourd\u2019hui a pourtant connu par le pass\u00e9 trois coups d\u2019Etat militaires entre autres, 1972, 1978 et 1979.<\/p>\n<p><strong>Rufin Martial Oke Nze<\/strong><\/p>\n<\/div>\n<\/div>\n<\/div>\n<div class=\"jl_sfoot\"><span class=\"jl_sh_t\"><i class=\"jli-share\"><\/i>Share<\/span><\/div>\n","protected":false},"excerpt":{"rendered":"<p>Le Pr\u00e9sident de la Transition, Brice Clotaire Oligui Nguema, a quitt\u00e9 Libreville hier pour prendre prend part \u00e0 l\u2019investiture de son homologue Ghan\u00e9nen, John Dramani Mahama, ce mardi 07 janvier \u00e0 Accra au Ghana. L\u2019ancien et nouveau Pr\u00e9sident du Ghana, John Dramani Mahama, victorieux de la pr\u00e9sidentielle du 07 d\u00e9cembre dernier, succ\u00e8de \u00e0 Nana Akufo [&hellip;]<\/p>\n","protected":false},"author":7,"featured_media":3787,"comment_status":"open","ping_status":"open","sticky":false,"template":"","format":"standard","meta":{"footnotes":""},"categories":[57,55,59],"tags":[],"class_list":["post-3786","post","type-post","status-publish","format-standard","has-post-thumbnail","hentry","category-a-la-une","category-actualites","category-politique"],"yoast_head":"<!-- This site is optimized with the Yoast SEO plugin v24.2 - https:\/\/yoast.com\/wordpress\/plugins\/seo\/ -->\n<title>Le Pr\u00e9sident Oligui Nguema \u00e0 l&#039;investiture de John Dramani Mahama ce mardi 07 janvier - Gabon Nouvelle Vision<\/title>\n<meta name=\"robots\" content=\"index, follow, max-snippet:-1, max-image-preview:large, max-video-preview:-1\" \/>\n<link rel=\"canonical\" href=\"https:\/\/gabonnouvellevision.com\/gnv\/2025\/01\/07\/le-president-oligui-nguema-a-linvestiture-de-john-dramani-mahama-ce-mardi-07-janvier\/\" \/>\n<meta property=\"og:locale\" content=\"fr_FR\" \/>\n<meta property=\"og:type\" content=\"article\" \/>\n<meta property=\"og:title\" content=\"Le Pr\u00e9sident Oligui Nguema \u00e0 l&#039;investiture de John Dramani Mahama ce mardi 07 janvier - Gabon Nouvelle Vision\" \/>\n<meta property=\"og:description\" content=\"Le Pr\u00e9sident de la Transition, Brice Clotaire Oligui Nguema, a quitt\u00e9 Libreville hier pour prendre prend part \u00e0 l\u2019investiture de son homologue Ghan\u00e9nen, John Dramani Mahama, ce mardi 07 janvier \u00e0 Accra au Ghana. L\u2019ancien et nouveau Pr\u00e9sident du Ghana, John Dramani Mahama, victorieux de la pr\u00e9sidentielle du 07 d\u00e9cembre dernier, succ\u00e8de \u00e0 Nana Akufo [&hellip;]\" \/>\n<meta property=\"og:url\" content=\"https:\/\/gabonnouvellevision.com\/gnv\/2025\/01\/07\/le-president-oligui-nguema-a-linvestiture-de-john-dramani-mahama-ce-mardi-07-janvier\/\" \/>\n<meta property=\"og:site_name\" content=\"Gabon Nouvelle Vision\" \/>\n<meta property=\"article:publisher\" content=\"https:\/\/www.facebook.com\/GNVofficiel\" \/>\n<meta property=\"article:published_time\" content=\"2025-01-07T13:28:31+00:00\" \/>\n<meta property=\"og:image\" content=\"https:\/\/gabonnouvellevision.com\/gnv\/wp-content\/uploads\/2025\/01\/Gabon-Gabonmediatime_Oligui-Nguema_aeroport-780x470-1.jpg\" \/>\n\t<meta property=\"og:image:width\" content=\"780\" \/>\n\t<meta property=\"og:image:height\" content=\"470\" \/>\n\t<meta property=\"og:image:type\" content=\"image\/jpeg\" \/>\n<meta name=\"author\" content=\"Eyeng Obame\" \/>\n<meta name=\"twitter:card\" content=\"summary_large_image\" \/>\n<meta name=\"twitter:label1\" content=\"\u00c9crit par\" \/>\n\t<meta name=\"twitter:data1\" content=\"Eyeng Obame\" \/>\n\t<meta name=\"twitter:label2\" content=\"Dur\u00e9e de lecture estim\u00e9e\" \/>\n\t<meta name=\"twitter:data2\" content=\"1 minute\" \/>\n<script type=\"application\/ld+json\" class=\"yoast-schema-graph\">{\"@context\":\"https:\/\/schema.org\",\"@graph\":[{\"@type\":\"Article\",\"@id\":\"https:\/\/gabonnouvellevision.com\/gnv\/2025\/01\/07\/le-president-oligui-nguema-a-linvestiture-de-john-dramani-mahama-ce-mardi-07-janvier\/#article\",\"isPartOf\":{\"@id\":\"https:\/\/gabonnouvellevision.com\/gnv\/2025\/01\/07\/le-president-oligui-nguema-a-linvestiture-de-john-dramani-mahama-ce-mardi-07-janvier\/\"},\"author\":{\"name\":\"Eyeng Obame\",\"@id\":\"https:\/\/gabonnouvellevision.com\/gnv\/#\/schema\/person\/4b48e07d222f83c0285affc3704bc899\"},\"headline\":\"Le Pr\u00e9sident Oligui Nguema \u00e0 l&rsquo;investiture de John Dramani Mahama ce mardi 07 janvier\",\"datePublished\":\"2025-01-07T13:28:31+00:00\",\"dateModified\":\"2025-01-07T13:28:31+00:00\",\"mainEntityOfPage\":{\"@id\":\"https:\/\/gabonnouvellevision.com\/gnv\/2025\/01\/07\/le-president-oligui-nguema-a-linvestiture-de-john-dramani-mahama-ce-mardi-07-janvier\/\"},\"wordCount\":190,\"commentCount\":0,\"publisher\":{\"@id\":\"https:\/\/gabonnouvellevision.com\/gnv\/#organization\"},\"image\":{\"@id\":\"https:\/\/gabonnouvellevision.com\/gnv\/2025\/01\/07\/le-president-oligui-nguema-a-linvestiture-de-john-dramani-mahama-ce-mardi-07-janvier\/#primaryimage\"},\"thumbnailUrl\":\"https:\/\/gabonnouvellevision.com\/gnv\/wp-content\/uploads\/2025\/01\/Gabon-Gabonmediatime_Oligui-Nguema_aeroport-780x470-1.jpg\",\"articleSection\":[\"A la une\",\"Actualites\",\"Politique\"],\"inLanguage\":\"fr-FR\",\"potentialAction\":[{\"@type\":\"CommentAction\",\"name\":\"Comment\",\"target\":[\"https:\/\/gabonnouvellevision.com\/gnv\/2025\/01\/07\/le-president-oligui-nguema-a-linvestiture-de-john-dramani-mahama-ce-mardi-07-janvier\/#respond\"]}]},{\"@type\":\"WebPage\",\"@id\":\"https:\/\/gabonnouvellevision.com\/gnv\/2025\/01\/07\/le-president-oligui-nguema-a-linvestiture-de-john-dramani-mahama-ce-mardi-07-janvier\/\",\"url\":\"https:\/\/gabonnouvellevision.com\/gnv\/2025\/01\/07\/le-president-oligui-nguema-a-linvestiture-de-john-dramani-mahama-ce-mardi-07-janvier\/\",\"name\":\"Le Pr\u00e9sident Oligui Nguema \u00e0 l'investiture de John Dramani Mahama ce mardi 07 janvier - Gabon Nouvelle Vision\",\"isPartOf\":{\"@id\":\"https:\/\/gabonnouvellevision.com\/gnv\/#website\"},\"primaryImageOfPage\":{\"@id\":\"https:\/\/gabonnouvellevision.com\/gnv\/2025\/01\/07\/le-president-oligui-nguema-a-linvestiture-de-john-dramani-mahama-ce-mardi-07-janvier\/#primaryimage\"},\"image\":{\"@id\":\"https:\/\/gabonnouvellevision.com\/gnv\/2025\/01\/07\/le-president-oligui-nguema-a-linvestiture-de-john-dramani-mahama-ce-mardi-07-janvier\/#primaryimage\"},\"thumbnailUrl\":\"https:\/\/gabonnouvellevision.com\/gnv\/wp-content\/uploads\/2025\/01\/Gabon-Gabonmediatime_Oligui-Nguema_aeroport-780x470-1.jpg\",\"datePublished\":\"2025-01-07T13:28:31+00:00\",\"dateModified\":\"2025-01-07T13:28:31+00:00\",\"breadcrumb\":{\"@id\":\"https:\/\/gabonnouvellevision.com\/gnv\/2025\/01\/07\/le-president-oligui-nguema-a-linvestiture-de-john-dramani-mahama-ce-mardi-07-janvier\/#breadcrumb\"},\"inLanguage\":\"fr-FR\",\"potentialAction\":[{\"@type\":\"ReadAction\",\"target\":[\"https:\/\/gabonnouvellevision.com\/gnv\/2025\/01\/07\/le-president-oligui-nguema-a-linvestiture-de-john-dramani-mahama-ce-mardi-07-janvier\/\"]}]},{\"@type\":\"ImageObject\",\"inLanguage\":\"fr-FR\",\"@id\":\"https:\/\/gabonnouvellevision.com\/gnv\/2025\/01\/07\/le-president-oligui-nguema-a-linvestiture-de-john-dramani-mahama-ce-mardi-07-janvier\/#primaryimage\",\"url\":\"https:\/\/gabonnouvellevision.com\/gnv\/wp-content\/uploads\/2025\/01\/Gabon-Gabonmediatime_Oligui-Nguema_aeroport-780x470-1.jpg\",\"contentUrl\":\"https:\/\/gabonnouvellevision.com\/gnv\/wp-content\/uploads\/2025\/01\/Gabon-Gabonmediatime_Oligui-Nguema_aeroport-780x470-1.jpg\",\"width\":780,\"height\":470},{\"@type\":\"BreadcrumbList\",\"@id\":\"https:\/\/gabonnouvellevision.com\/gnv\/2025\/01\/07\/le-president-oligui-nguema-a-linvestiture-de-john-dramani-mahama-ce-mardi-07-janvier\/#breadcrumb\",\"itemListElement\":[{\"@type\":\"ListItem\",\"position\":1,\"name\":\"Accueil\",\"item\":\"https:\/\/gabonnouvellevision.com\/gnv\/\"},{\"@type\":\"ListItem\",\"position\":2,\"name\":\"Le Pr\u00e9sident Oligui Nguema \u00e0 l&rsquo;investiture de John Dramani Mahama ce mardi 07 janvier\"}]},{\"@type\":\"WebSite\",\"@id\":\"https:\/\/gabonnouvellevision.com\/gnv\/#website\",\"url\":\"https:\/\/gabonnouvellevision.com\/gnv\/\",\"name\":\"Gabon Nouvelle Vision\",\"description\":\"\",\"publisher\":{\"@id\":\"https:\/\/gabonnouvellevision.com\/gnv\/#organization\"},\"potentialAction\":[{\"@type\":\"SearchAction\",\"target\":{\"@type\":\"EntryPoint\",\"urlTemplate\":\"https:\/\/gabonnouvellevision.com\/gnv\/?s={search_term_string}\"},\"query-input\":{\"@type\":\"PropertyValueSpecification\",\"valueRequired\":true,\"valueName\":\"search_term_string\"}}],\"inLanguage\":\"fr-FR\"},{\"@type\":\"Organization\",\"@id\":\"https:\/\/gabonnouvellevision.com\/gnv\/#organization\",\"name\":\"Gabon Nouvelle Vision\",\"url\":\"https:\/\/gabonnouvellevision.com\/gnv\/\",\"logo\":{\"@type\":\"ImageObject\",\"inLanguage\":\"fr-FR\",\"@id\":\"https:\/\/gabonnouvellevision.com\/gnv\/#\/schema\/logo\/image\/\",\"url\":\"https:\/\/gabonnouvellevision.com\/gnv\/wp-content\/uploads\/2025\/01\/logo-text_Plan-de-travail-1.png\",\"contentUrl\":\"https:\/\/gabonnouvellevision.com\/gnv\/wp-content\/uploads\/2025\/01\/logo-text_Plan-de-travail-1.png\",\"width\":7169,\"height\":2390,\"caption\":\"Gabon Nouvelle Vision\"},\"image\":{\"@id\":\"https:\/\/gabonnouvellevision.com\/gnv\/#\/schema\/logo\/image\/\"},\"sameAs\":[\"https:\/\/www.facebook.com\/GNVofficiel\"]},{\"@type\":\"Person\",\"@id\":\"https:\/\/gabonnouvellevision.com\/gnv\/#\/schema\/person\/4b48e07d222f83c0285affc3704bc899\",\"name\":\"Eyeng Obame\",\"image\":{\"@type\":\"ImageObject\",\"inLanguage\":\"fr-FR\",\"@id\":\"https:\/\/gabonnouvellevision.com\/gnv\/#\/schema\/person\/image\/\",\"url\":\"https:\/\/secure.gravatar.com\/avatar\/167bc03b8baf3c77318a47159f80871de6f5a6cbf4bc8b6af750fbc1a369d7bf?s=96&d=mm&r=g\",\"contentUrl\":\"https:\/\/secure.gravatar.com\/avatar\/167bc03b8baf3c77318a47159f80871de6f5a6cbf4bc8b6af750fbc1a369d7bf?s=96&d=mm&r=g\",\"caption\":\"Eyeng Obame\"},\"url\":\"https:\/\/gabonnouvellevision.com\/gnv\/author\/rufin\/\"}]}<\/script>\n<!-- \/ Yoast SEO plugin. -->","yoast_head_json":{"title":"Le Pr\u00e9sident Oligui Nguema \u00e0 l'investiture de John Dramani Mahama ce mardi 07 janvier - Gabon Nouvelle Vision","robots":{"index":"index","follow":"follow","max-snippet":"max-snippet:-1","max-image-preview":"max-image-preview:large","max-video-preview":"max-video-preview:-1"},"canonical":"https:\/\/gabonnouvellevision.com\/gnv\/2025\/01\/07\/le-president-oligui-nguema-a-linvestiture-de-john-dramani-mahama-ce-mardi-07-janvier\/","og_locale":"fr_FR","og_type":"article","og_title":"Le Pr\u00e9sident Oligui Nguema \u00e0 l'investiture de John Dramani Mahama ce mardi 07 janvier - Gabon Nouvelle Vision","og_description":"Le Pr\u00e9sident de la Transition, Brice Clotaire Oligui Nguema, a quitt\u00e9 Libreville hier pour prendre prend part \u00e0 l\u2019investiture de son homologue Ghan\u00e9nen, John Dramani Mahama, ce mardi 07 janvier \u00e0 Accra au Ghana. L\u2019ancien et nouveau Pr\u00e9sident du Ghana, John Dramani Mahama, victorieux de la pr\u00e9sidentielle du 07 d\u00e9cembre dernier, succ\u00e8de \u00e0 Nana Akufo [&hellip;]","og_url":"https:\/\/gabonnouvellevision.com\/gnv\/2025\/01\/07\/le-president-oligui-nguema-a-linvestiture-de-john-dramani-mahama-ce-mardi-07-janvier\/","og_site_name":"Gabon Nouvelle Vision","article_publisher":"https:\/\/www.facebook.com\/GNVofficiel","article_published_time":"2025-01-07T13:28:31+00:00","og_image":[{"width":780,"height":470,"url":"https:\/\/gabonnouvellevision.com\/gnv\/wp-content\/uploads\/2025\/01\/Gabon-Gabonmediatime_Oligui-Nguema_aeroport-780x470-1.jpg","type":"image\/jpeg"}],"author":"Eyeng Obame","twitter_card":"summary_large_image","twitter_misc":{"\u00c9crit par":"Eyeng Obame","Dur\u00e9e de lecture estim\u00e9e":"1 minute"},"schema":{"@context":"https:\/\/schema.org","@graph":[{"@type":"Article","@id":"https:\/\/gabonnouvellevision.com\/gnv\/2025\/01\/07\/le-president-oligui-nguema-a-linvestiture-de-john-dramani-mahama-ce-mardi-07-janvier\/#article","isPartOf":{"@id":"https:\/\/gabonnouvellevision.com\/gnv\/2025\/01\/07\/le-president-oligui-nguema-a-linvestiture-de-john-dramani-mahama-ce-mardi-07-janvier\/"},"author":{"name":"Eyeng Obame","@id":"https:\/\/gabonnouvellevision.com\/gnv\/#\/schema\/person\/4b48e07d222f83c0285affc3704bc899"},"headline":"Le Pr\u00e9sident Oligui Nguema \u00e0 l&rsquo;investiture de John Dramani Mahama ce mardi 07 janvier","datePublished":"2025-01-07T13:28:31+00:00","dateModified":"2025-01-07T13:28:31+00:00","mainEntityOfPage":{"@id":"https:\/\/gabonnouvellevision.com\/gnv\/2025\/01\/07\/le-president-oligui-nguema-a-linvestiture-de-john-dramani-mahama-ce-mardi-07-janvier\/"},"wordCount":190,"commentCount":0,"publisher":{"@id":"https:\/\/gabonnouvellevision.com\/gnv\/#organization"},"image":{"@id":"https:\/\/gabonnouvellevision.com\/gnv\/2025\/01\/07\/le-president-oligui-nguema-a-linvestiture-de-john-dramani-mahama-ce-mardi-07-janvier\/#primaryimage"},"thumbnailUrl":"https:\/\/gabonnouvellevision.com\/gnv\/wp-content\/uploads\/2025\/01\/Gabon-Gabonmediatime_Oligui-Nguema_aeroport-780x470-1.jpg","articleSection":["A la une","Actualites","Politique"],"inLanguage":"fr-FR","potentialAction":[{"@type":"CommentAction","name":"Comment","target":["https:\/\/gabonnouvellevision.com\/gnv\/2025\/01\/07\/le-president-oligui-nguema-a-linvestiture-de-john-dramani-mahama-ce-mardi-07-janvier\/#respond"]}]},{"@type":"WebPage","@id":"https:\/\/gabonnouvellevision.com\/gnv\/2025\/01\/07\/le-president-oligui-nguema-a-linvestiture-de-john-dramani-mahama-ce-mardi-07-janvier\/","url":"https:\/\/gabonnouvellevision.com\/gnv\/2025\/01\/07\/le-president-oligui-nguema-a-linvestiture-de-john-dramani-mahama-ce-mardi-07-janvier\/","name":"Le Pr\u00e9sident Oligui Nguema \u00e0 l'investiture de John Dramani Mahama ce mardi 07 janvier - Gabon Nouvelle Vision","isPartOf":{"@id":"https:\/\/gabonnouvellevision.com\/gnv\/#website"},"primaryImageOfPage":{"@id":"https:\/\/gabonnouvellevision.com\/gnv\/2025\/01\/07\/le-president-oligui-nguema-a-linvestiture-de-john-dramani-mahama-ce-mardi-07-janvier\/#primaryimage"},"image":{"@id":"https:\/\/gabonnouvellevision.com\/gnv\/2025\/01\/07\/le-president-oligui-nguema-a-linvestiture-de-john-dramani-mahama-ce-mardi-07-janvier\/#primaryimage"},"thumbnailUrl":"https:\/\/gabonnouvellevision.com\/gnv\/wp-content\/uploads\/2025\/01\/Gabon-Gabonmediatime_Oligui-Nguema_aeroport-780x470-1.jpg","datePublished":"2025-01-07T13:28:31+00:00","dateModified":"2025-01-07T13:28:31+00:00","breadcrumb":{"@id":"https:\/\/gabonnouvellevision.com\/gnv\/2025\/01\/07\/le-president-oligui-nguema-a-linvestiture-de-john-dramani-mahama-ce-mardi-07-janvier\/#breadcrumb"},"inLanguage":"fr-FR","potentialAction":[{"@type":"ReadAction","target":["https:\/\/gabonnouvellevision.com\/gnv\/2025\/01\/07\/le-president-oligui-nguema-a-linvestiture-de-john-dramani-mahama-ce-mardi-07-janvier\/"]}]},{"@type":"ImageObject","inLanguage":"fr-FR","@id":"https:\/\/gabonnouvellevision.com\/gnv\/2025\/01\/07\/le-president-oligui-nguema-a-linvestiture-de-john-dramani-mahama-ce-mardi-07-janvier\/#primaryimage","url":"https:\/\/gabonnouvellevision.com\/gnv\/wp-content\/uploads\/2025\/01\/Gabon-Gabonmediatime_Oligui-Nguema_aeroport-780x470-1.jpg","contentUrl":"https:\/\/gabonnouvellevision.com\/gnv\/wp-content\/uploads\/2025\/01\/Gabon-Gabonmediatime_Oligui-Nguema_aeroport-780x470-1.jpg","width":780,"height":470},{"@type":"BreadcrumbList","@id":"https:\/\/gabonnouvellevision.com\/gnv\/2025\/01\/07\/le-president-oligui-nguema-a-linvestiture-de-john-dramani-mahama-ce-mardi-07-janvier\/#breadcrumb","itemListElement":[{"@type":"ListItem","position":1,"name":"Accueil","item":"https:\/\/gabonnouvellevision.com\/gnv\/"},{"@type":"ListItem","position":2,"name":"Le Pr\u00e9sident Oligui Nguema \u00e0 l&rsquo;investiture de John Dramani Mahama ce mardi 07 janvier"}]},{"@type":"WebSite","@id":"https:\/\/gabonnouvellevision.com\/gnv\/#website","url":"https:\/\/gabonnouvellevision.com\/gnv\/","name":"Gabon Nouvelle Vision","description":"","publisher":{"@id":"https:\/\/gabonnouvellevision.com\/gnv\/#organization"},"potentialAction":[{"@type":"SearchAction","target":{"@type":"EntryPoint","urlTemplate":"https:\/\/gabonnouvellevision.com\/gnv\/?s={search_term_string}"},"query-input":{"@type":"PropertyValueSpecification","valueRequired":true,"valueName":"search_term_string"}}],"inLanguage":"fr-FR"},{"@type":"Organization","@id":"https:\/\/gabonnouvellevision.com\/gnv\/#organization","name":"Gabon Nouvelle Vision","url":"https:\/\/gabonnouvellevision.com\/gnv\/","logo":{"@type":"ImageObject","inLanguage":"fr-FR","@id":"https:\/\/gabonnouvellevision.com\/gnv\/#\/schema\/logo\/image\/","url":"https:\/\/gabonnouvellevision.com\/gnv\/wp-content\/uploads\/2025\/01\/logo-text_Plan-de-travail-1.png","contentUrl":"https:\/\/gabonnouvellevision.com\/gnv\/wp-content\/uploads\/2025\/01\/logo-text_Plan-de-travail-1.png","width":7169,"height":2390,"caption":"Gabon Nouvelle Vision"},"image":{"@id":"https:\/\/gabonnouvellevision.com\/gnv\/#\/schema\/logo\/image\/"},"sameAs":["https:\/\/www.facebook.com\/GNVofficiel"]},{"@type":"Person","@id":"https:\/\/gabonnouvellevision.com\/gnv\/#\/schema\/person\/4b48e07d222f83c0285affc3704bc899","name":"Eyeng Obame","image":{"@type":"ImageObject","inLanguage":"fr-FR","@id":"https:\/\/gabonnouvellevision.com\/gnv\/#\/schema\/person\/image\/","url":"https:\/\/secure.gravatar.com\/avatar\/167bc03b8baf3c77318a47159f80871de6f5a6cbf4bc8b6af750fbc1a369d7bf?s=96&d=mm&r=g","contentUrl":"https:\/\/secure.gravatar.com\/avatar\/167bc03b8baf3c77318a47159f80871de6f5a6cbf4bc8b6af750fbc1a369d7bf?s=96&d=mm&r=g","caption":"Eyeng Obame"},"url":"https:\/\/gabonnouvellevision.com\/gnv\/author\/rufin\/"}]}},"_links":{"self":[{"href":"https:\/\/gabonnouvellevision.com\/gnv\/wp-json\/wp\/v2\/posts\/3786","targetHints":{"allow":["GET"]}}],"collection":[{"href":"https:\/\/gabonnouvellevision.com\/gnv\/wp-json\/wp\/v2\/posts"}],"about":[{"href":"https:\/\/gabonnouvellevision.com\/gnv\/wp-json\/wp\/v2\/types\/post"}],"author":[{"embeddable":true,"href":"https:\/\/gabonnouvellevision.com\/gnv\/wp-json\/wp\/v2\/users\/7"}],"replies":[{"embeddable":true,"href":"https:\/\/gabonnouvellevision.com\/gnv\/wp-json\/wp\/v2\/comments?post=3786"}],"version-history":[{"count":0,"href":"https:\/\/gabonnouvellevision.com\/gnv\/wp-json\/wp\/v2\/posts\/3786\/revisions"}],"wp:featuredmedia":[{"embeddable":true,"href":"https:\/\/gabonnouvellevision.com\/gnv\/wp-json\/wp\/v2\/media\/3787"}],"wp:attachment":[{"href":"https:\/\/gabonnouvellevision.com\/gnv\/wp-json\/wp\/v2\/media?parent=3786"}],"wp:term":[{"taxonomy":"category","embeddable":true,"href":"https:\/\/gabonnouvellevision.com\/gnv\/wp-json\/wp\/v2\/categories?post=3786"},{"taxonomy":"post_tag","embeddable":true,"href":"https:\/\/gabonnouvellevision.com\/gnv\/wp-json\/wp\/v2\/tags?post=3786"}],"curies":[{"name":"wp","href":"https:\/\/api.w.org\/{rel}","templated":true}]}}