{"id":3779,"date":"2025-01-04T13:09:05","date_gmt":"2025-01-04T12:09:05","guid":{"rendered":"https:\/\/gabonnouvellevision.com\/gnv\/?p=3779"},"modified":"2025-01-04T13:09:05","modified_gmt":"2025-01-04T12:09:05","slug":"vers-la-rehabilitation-complete-de-radio-9-oyem","status":"publish","type":"post","link":"https:\/\/gabonnouvellevision.com\/gnv\/2025\/01\/04\/vers-la-rehabilitation-complete-de-radio-9-oyem\/","title":{"rendered":"Vers la r\u00e9habilitation compl\u00e8te de Radio 9 Oyem?"},"content":{"rendered":"<p style=\"box-sizing: border-box; margin-top: -5px; margin-bottom: 25px; font-family: Oxygen, Verdana, Geneva, sans-serif; font-size: 15px; line-height: var(--jl-content-line-height); color: #282828; max-width: 100%;\">Le personnel de Radio 9 autour du Pr\u00e9sident de Transition, Brice Clotaire Oligui Nguema, au terme de la visite d\u2019inspection. Com. Pr\u00e9sidentielle<\/p>\n<p style=\"box-sizing: border-box; margin-bottom: 25px; font-family: Oxygen, Verdana, Geneva, sans-serif; font-size: 15px; line-height: var(--jl-content-line-height); color: #282828; max-width: 100%;\"><span style=\"box-sizing: border-box; font-weight: bolder;\"><em style=\"box-sizing: border-box;\">L\u2019antenne provinciale de Radio Gabon dans la province du Woleu-Ntem, au nord du Gabon devrait connaitre une cure de jouvence de deux mois pour retrouver son lustre d\u2019antan. C\u2019est la principale d\u00e9cision prise par Le Pr\u00e9sident de Transition, Brice Clotaire Oligui Nguema, lors de son r\u00e9cent \u00a0passage \u00e0 Radio 9<\/em>\u00a0Oyem.<\/span><\/p>\n<p style=\"box-sizing: border-box; margin-bottom: 25px; font-family: Oxygen, Verdana, Geneva, sans-serif; font-size: 15px; line-height: var(--jl-content-line-height); color: #282828; max-width: 100%;\">L\u2019antenne provinciale de Radio Gabon dans le septentrion devra faire \u00a0peau neuve de janvier \u00e0 f\u00e9vrier 2025 pour une r\u00e9habilitation compl\u00e8te. Des instructions donn\u00e9es par le Pr\u00e9sident de\u00a0 la Transition, Brice Clotaire Oligui Nguema \u00e0 l\u2019entreprise de construction Pyramide, lors de son passage le 02 janvier dernier \u00a0dans cette station r\u00e9gionale inaugur\u00e9e le 15 mars 1983 par Feu Pr\u00e9sident de la R\u00e9publique Omar Bongo Ondimba.<\/p>\n<p style=\"box-sizing: border-box; margin-bottom: 25px; font-family: Oxygen, Verdana, Geneva, sans-serif; font-size: 15px; line-height: var(--jl-content-line-height); color: #282828; max-width: 100%;\">Une r\u00e9habilitation de Radio 9 Oyem qui devra permettre \u00e0 son personnel de travailler dans des conditions ad\u00e9quates. \u201cLe Chef de l\u2019Etat est venu toucher du doigt l\u2019\u00e9tat dans lequel Radio 9 se trouve actuellement, 40 ans apr\u00e8s\u201d a d\u00e9clar\u00e9 Marie H\u00e9l\u00e8ne Mbazoghe Evouna, Directrice provinciale sur les antennes de Radio Gabon.<\/p>\n<p style=\"box-sizing: border-box; margin-bottom: 25px; font-family: Oxygen, Verdana, Geneva, sans-serif; font-size: 15px; line-height: var(--jl-content-line-height); color: #282828; max-width: 100%;\">Vivement que l\u2019entreprise adjudicataire respecte les d\u00e9lais de livraison \u00e0 temps et \u00e0 contretemps.<\/p>\n<p style=\"box-sizing: border-box; font-family: Oxygen, Verdana, Geneva, sans-serif; font-size: 15px; line-height: var(--jl-content-line-height); color: #282828; max-width: 100%;\">\u00a0\u00a0\u00a0\u00a0\u00a0\u00a0<span style=\"box-sizing: border-box; font-weight: bolder;\">Rufin Martial Oke Nze<\/span><\/p>\n","protected":false},"excerpt":{"rendered":"<p>Le personnel de Radio 9 autour du Pr\u00e9sident de Transition, Brice Clotaire Oligui Nguema, au terme de la visite d\u2019inspection. Com. Pr\u00e9sidentielle L\u2019antenne provinciale de Radio Gabon dans la province du Woleu-Ntem, au nord du Gabon devrait connaitre une cure de jouvence de deux mois pour retrouver son lustre d\u2019antan. C\u2019est la principale d\u00e9cision prise [&hellip;]<\/p>\n","protected":false},"author":7,"featured_media":3780,"comment_status":"open","ping_status":"open","sticky":false,"template":"","format":"standard","meta":{"footnotes":""},"categories":[57,55,59,56],"tags":[],"class_list":["post-3779","post","type-post","status-publish","format-standard","has-post-thumbnail","hentry","category-a-la-une","category-actualites","category-politique","category-societe"],"yoast_head":"<!-- This site is optimized with the Yoast SEO plugin v24.2 - https:\/\/yoast.com\/wordpress\/plugins\/seo\/ -->\n<title>Vers la r\u00e9habilitation compl\u00e8te de Radio 9 Oyem? - Gabon Nouvelle Vision<\/title>\n<meta name=\"robots\" content=\"index, follow, max-snippet:-1, max-image-preview:large, max-video-preview:-1\" \/>\n<link rel=\"canonical\" href=\"https:\/\/gabonnouvellevision.com\/gnv\/2025\/01\/04\/vers-la-rehabilitation-complete-de-radio-9-oyem\/\" \/>\n<meta property=\"og:locale\" content=\"fr_FR\" \/>\n<meta property=\"og:type\" content=\"article\" \/>\n<meta property=\"og:title\" content=\"Vers la r\u00e9habilitation compl\u00e8te de Radio 9 Oyem? - Gabon Nouvelle Vision\" \/>\n<meta property=\"og:description\" content=\"Le personnel de Radio 9 autour du Pr\u00e9sident de Transition, Brice Clotaire Oligui Nguema, au terme de la visite d\u2019inspection. Com. Pr\u00e9sidentielle L\u2019antenne provinciale de Radio Gabon dans la province du Woleu-Ntem, au nord du Gabon devrait connaitre une cure de jouvence de deux mois pour retrouver son lustre d\u2019antan. C\u2019est la principale d\u00e9cision prise [&hellip;]\" \/>\n<meta property=\"og:url\" content=\"https:\/\/gabonnouvellevision.com\/gnv\/2025\/01\/04\/vers-la-rehabilitation-complete-de-radio-9-oyem\/\" \/>\n<meta property=\"og:site_name\" content=\"Gabon Nouvelle Vision\" \/>\n<meta property=\"article:publisher\" content=\"https:\/\/www.facebook.com\/GNVofficiel\" \/>\n<meta property=\"article:published_time\" content=\"2025-01-04T12:09:05+00:00\" \/>\n<meta property=\"og:image\" content=\"https:\/\/gabonnouvellevision.com\/gnv\/wp-content\/uploads\/2025\/01\/Radio-2.jpg\" \/>\n\t<meta property=\"og:image:width\" content=\"400\" \/>\n\t<meta property=\"og:image:height\" content=\"266\" \/>\n\t<meta property=\"og:image:type\" content=\"image\/jpeg\" \/>\n<meta name=\"author\" content=\"Eyeng Obame\" \/>\n<meta name=\"twitter:card\" content=\"summary_large_image\" \/>\n<meta name=\"twitter:label1\" content=\"\u00c9crit par\" \/>\n\t<meta name=\"twitter:data1\" content=\"Eyeng Obame\" \/>\n\t<meta name=\"twitter:label2\" content=\"Dur\u00e9e de lecture estim\u00e9e\" \/>\n\t<meta name=\"twitter:data2\" content=\"1 minute\" \/>\n<script type=\"application\/ld+json\" class=\"yoast-schema-graph\">{\"@context\":\"https:\/\/schema.org\",\"@graph\":[{\"@type\":\"Article\",\"@id\":\"https:\/\/gabonnouvellevision.com\/gnv\/2025\/01\/04\/vers-la-rehabilitation-complete-de-radio-9-oyem\/#article\",\"isPartOf\":{\"@id\":\"https:\/\/gabonnouvellevision.com\/gnv\/2025\/01\/04\/vers-la-rehabilitation-complete-de-radio-9-oyem\/\"},\"author\":{\"name\":\"Eyeng Obame\",\"@id\":\"https:\/\/gabonnouvellevision.com\/gnv\/#\/schema\/person\/4b48e07d222f83c0285affc3704bc899\"},\"headline\":\"Vers la r\u00e9habilitation compl\u00e8te de Radio 9 Oyem?\",\"datePublished\":\"2025-01-04T12:09:05+00:00\",\"dateModified\":\"2025-01-04T12:09:05+00:00\",\"mainEntityOfPage\":{\"@id\":\"https:\/\/gabonnouvellevision.com\/gnv\/2025\/01\/04\/vers-la-rehabilitation-complete-de-radio-9-oyem\/\"},\"wordCount\":232,\"commentCount\":0,\"publisher\":{\"@id\":\"https:\/\/gabonnouvellevision.com\/gnv\/#organization\"},\"image\":{\"@id\":\"https:\/\/gabonnouvellevision.com\/gnv\/2025\/01\/04\/vers-la-rehabilitation-complete-de-radio-9-oyem\/#primaryimage\"},\"thumbnailUrl\":\"https:\/\/gabonnouvellevision.com\/gnv\/wp-content\/uploads\/2025\/01\/Radio-2.jpg\",\"articleSection\":[\"A la une\",\"Actualites\",\"Politique\",\"Societe\"],\"inLanguage\":\"fr-FR\",\"potentialAction\":[{\"@type\":\"CommentAction\",\"name\":\"Comment\",\"target\":[\"https:\/\/gabonnouvellevision.com\/gnv\/2025\/01\/04\/vers-la-rehabilitation-complete-de-radio-9-oyem\/#respond\"]}]},{\"@type\":\"WebPage\",\"@id\":\"https:\/\/gabonnouvellevision.com\/gnv\/2025\/01\/04\/vers-la-rehabilitation-complete-de-radio-9-oyem\/\",\"url\":\"https:\/\/gabonnouvellevision.com\/gnv\/2025\/01\/04\/vers-la-rehabilitation-complete-de-radio-9-oyem\/\",\"name\":\"Vers la r\u00e9habilitation compl\u00e8te de Radio 9 Oyem? - Gabon Nouvelle Vision\",\"isPartOf\":{\"@id\":\"https:\/\/gabonnouvellevision.com\/gnv\/#website\"},\"primaryImageOfPage\":{\"@id\":\"https:\/\/gabonnouvellevision.com\/gnv\/2025\/01\/04\/vers-la-rehabilitation-complete-de-radio-9-oyem\/#primaryimage\"},\"image\":{\"@id\":\"https:\/\/gabonnouvellevision.com\/gnv\/2025\/01\/04\/vers-la-rehabilitation-complete-de-radio-9-oyem\/#primaryimage\"},\"thumbnailUrl\":\"https:\/\/gabonnouvellevision.com\/gnv\/wp-content\/uploads\/2025\/01\/Radio-2.jpg\",\"datePublished\":\"2025-01-04T12:09:05+00:00\",\"dateModified\":\"2025-01-04T12:09:05+00:00\",\"breadcrumb\":{\"@id\":\"https:\/\/gabonnouvellevision.com\/gnv\/2025\/01\/04\/vers-la-rehabilitation-complete-de-radio-9-oyem\/#breadcrumb\"},\"inLanguage\":\"fr-FR\",\"potentialAction\":[{\"@type\":\"ReadAction\",\"target\":[\"https:\/\/gabonnouvellevision.com\/gnv\/2025\/01\/04\/vers-la-rehabilitation-complete-de-radio-9-oyem\/\"]}]},{\"@type\":\"ImageObject\",\"inLanguage\":\"fr-FR\",\"@id\":\"https:\/\/gabonnouvellevision.com\/gnv\/2025\/01\/04\/vers-la-rehabilitation-complete-de-radio-9-oyem\/#primaryimage\",\"url\":\"https:\/\/gabonnouvellevision.com\/gnv\/wp-content\/uploads\/2025\/01\/Radio-2.jpg\",\"contentUrl\":\"https:\/\/gabonnouvellevision.com\/gnv\/wp-content\/uploads\/2025\/01\/Radio-2.jpg\",\"width\":400,\"height\":266},{\"@type\":\"BreadcrumbList\",\"@id\":\"https:\/\/gabonnouvellevision.com\/gnv\/2025\/01\/04\/vers-la-rehabilitation-complete-de-radio-9-oyem\/#breadcrumb\",\"itemListElement\":[{\"@type\":\"ListItem\",\"position\":1,\"name\":\"Accueil\",\"item\":\"https:\/\/gabonnouvellevision.com\/gnv\/\"},{\"@type\":\"ListItem\",\"position\":2,\"name\":\"Vers la r\u00e9habilitation compl\u00e8te de Radio 9 Oyem?\"}]},{\"@type\":\"WebSite\",\"@id\":\"https:\/\/gabonnouvellevision.com\/gnv\/#website\",\"url\":\"https:\/\/gabonnouvellevision.com\/gnv\/\",\"name\":\"Gabon Nouvelle Vision\",\"description\":\"\",\"publisher\":{\"@id\":\"https:\/\/gabonnouvellevision.com\/gnv\/#organization\"},\"potentialAction\":[{\"@type\":\"SearchAction\",\"target\":{\"@type\":\"EntryPoint\",\"urlTemplate\":\"https:\/\/gabonnouvellevision.com\/gnv\/?s={search_term_string}\"},\"query-input\":{\"@type\":\"PropertyValueSpecification\",\"valueRequired\":true,\"valueName\":\"search_term_string\"}}],\"inLanguage\":\"fr-FR\"},{\"@type\":\"Organization\",\"@id\":\"https:\/\/gabonnouvellevision.com\/gnv\/#organization\",\"name\":\"Gabon Nouvelle Vision\",\"url\":\"https:\/\/gabonnouvellevision.com\/gnv\/\",\"logo\":{\"@type\":\"ImageObject\",\"inLanguage\":\"fr-FR\",\"@id\":\"https:\/\/gabonnouvellevision.com\/gnv\/#\/schema\/logo\/image\/\",\"url\":\"https:\/\/gabonnouvellevision.com\/gnv\/wp-content\/uploads\/2025\/01\/logo-text_Plan-de-travail-1.png\",\"contentUrl\":\"https:\/\/gabonnouvellevision.com\/gnv\/wp-content\/uploads\/2025\/01\/logo-text_Plan-de-travail-1.png\",\"width\":7169,\"height\":2390,\"caption\":\"Gabon Nouvelle Vision\"},\"image\":{\"@id\":\"https:\/\/gabonnouvellevision.com\/gnv\/#\/schema\/logo\/image\/\"},\"sameAs\":[\"https:\/\/www.facebook.com\/GNVofficiel\"]},{\"@type\":\"Person\",\"@id\":\"https:\/\/gabonnouvellevision.com\/gnv\/#\/schema\/person\/4b48e07d222f83c0285affc3704bc899\",\"name\":\"Eyeng Obame\",\"image\":{\"@type\":\"ImageObject\",\"inLanguage\":\"fr-FR\",\"@id\":\"https:\/\/gabonnouvellevision.com\/gnv\/#\/schema\/person\/image\/\",\"url\":\"https:\/\/secure.gravatar.com\/avatar\/167bc03b8baf3c77318a47159f80871de6f5a6cbf4bc8b6af750fbc1a369d7bf?s=96&d=mm&r=g\",\"contentUrl\":\"https:\/\/secure.gravatar.com\/avatar\/167bc03b8baf3c77318a47159f80871de6f5a6cbf4bc8b6af750fbc1a369d7bf?s=96&d=mm&r=g\",\"caption\":\"Eyeng Obame\"},\"url\":\"https:\/\/gabonnouvellevision.com\/gnv\/author\/rufin\/\"}]}<\/script>\n<!-- \/ Yoast SEO plugin. -->","yoast_head_json":{"title":"Vers la r\u00e9habilitation compl\u00e8te de Radio 9 Oyem? - Gabon Nouvelle Vision","robots":{"index":"index","follow":"follow","max-snippet":"max-snippet:-1","max-image-preview":"max-image-preview:large","max-video-preview":"max-video-preview:-1"},"canonical":"https:\/\/gabonnouvellevision.com\/gnv\/2025\/01\/04\/vers-la-rehabilitation-complete-de-radio-9-oyem\/","og_locale":"fr_FR","og_type":"article","og_title":"Vers la r\u00e9habilitation compl\u00e8te de Radio 9 Oyem? - Gabon Nouvelle Vision","og_description":"Le personnel de Radio 9 autour du Pr\u00e9sident de Transition, Brice Clotaire Oligui Nguema, au terme de la visite d\u2019inspection. Com. Pr\u00e9sidentielle L\u2019antenne provinciale de Radio Gabon dans la province du Woleu-Ntem, au nord du Gabon devrait connaitre une cure de jouvence de deux mois pour retrouver son lustre d\u2019antan. C\u2019est la principale d\u00e9cision prise [&hellip;]","og_url":"https:\/\/gabonnouvellevision.com\/gnv\/2025\/01\/04\/vers-la-rehabilitation-complete-de-radio-9-oyem\/","og_site_name":"Gabon Nouvelle Vision","article_publisher":"https:\/\/www.facebook.com\/GNVofficiel","article_published_time":"2025-01-04T12:09:05+00:00","og_image":[{"width":400,"height":266,"url":"https:\/\/gabonnouvellevision.com\/gnv\/wp-content\/uploads\/2025\/01\/Radio-2.jpg","type":"image\/jpeg"}],"author":"Eyeng Obame","twitter_card":"summary_large_image","twitter_misc":{"\u00c9crit par":"Eyeng Obame","Dur\u00e9e de lecture estim\u00e9e":"1 minute"},"schema":{"@context":"https:\/\/schema.org","@graph":[{"@type":"Article","@id":"https:\/\/gabonnouvellevision.com\/gnv\/2025\/01\/04\/vers-la-rehabilitation-complete-de-radio-9-oyem\/#article","isPartOf":{"@id":"https:\/\/gabonnouvellevision.com\/gnv\/2025\/01\/04\/vers-la-rehabilitation-complete-de-radio-9-oyem\/"},"author":{"name":"Eyeng Obame","@id":"https:\/\/gabonnouvellevision.com\/gnv\/#\/schema\/person\/4b48e07d222f83c0285affc3704bc899"},"headline":"Vers la r\u00e9habilitation compl\u00e8te de Radio 9 Oyem?","datePublished":"2025-01-04T12:09:05+00:00","dateModified":"2025-01-04T12:09:05+00:00","mainEntityOfPage":{"@id":"https:\/\/gabonnouvellevision.com\/gnv\/2025\/01\/04\/vers-la-rehabilitation-complete-de-radio-9-oyem\/"},"wordCount":232,"commentCount":0,"publisher":{"@id":"https:\/\/gabonnouvellevision.com\/gnv\/#organization"},"image":{"@id":"https:\/\/gabonnouvellevision.com\/gnv\/2025\/01\/04\/vers-la-rehabilitation-complete-de-radio-9-oyem\/#primaryimage"},"thumbnailUrl":"https:\/\/gabonnouvellevision.com\/gnv\/wp-content\/uploads\/2025\/01\/Radio-2.jpg","articleSection":["A la une","Actualites","Politique","Societe"],"inLanguage":"fr-FR","potentialAction":[{"@type":"CommentAction","name":"Comment","target":["https:\/\/gabonnouvellevision.com\/gnv\/2025\/01\/04\/vers-la-rehabilitation-complete-de-radio-9-oyem\/#respond"]}]},{"@type":"WebPage","@id":"https:\/\/gabonnouvellevision.com\/gnv\/2025\/01\/04\/vers-la-rehabilitation-complete-de-radio-9-oyem\/","url":"https:\/\/gabonnouvellevision.com\/gnv\/2025\/01\/04\/vers-la-rehabilitation-complete-de-radio-9-oyem\/","name":"Vers la r\u00e9habilitation compl\u00e8te de Radio 9 Oyem? - Gabon Nouvelle Vision","isPartOf":{"@id":"https:\/\/gabonnouvellevision.com\/gnv\/#website"},"primaryImageOfPage":{"@id":"https:\/\/gabonnouvellevision.com\/gnv\/2025\/01\/04\/vers-la-rehabilitation-complete-de-radio-9-oyem\/#primaryimage"},"image":{"@id":"https:\/\/gabonnouvellevision.com\/gnv\/2025\/01\/04\/vers-la-rehabilitation-complete-de-radio-9-oyem\/#primaryimage"},"thumbnailUrl":"https:\/\/gabonnouvellevision.com\/gnv\/wp-content\/uploads\/2025\/01\/Radio-2.jpg","datePublished":"2025-01-04T12:09:05+00:00","dateModified":"2025-01-04T12:09:05+00:00","breadcrumb":{"@id":"https:\/\/gabonnouvellevision.com\/gnv\/2025\/01\/04\/vers-la-rehabilitation-complete-de-radio-9-oyem\/#breadcrumb"},"inLanguage":"fr-FR","potentialAction":[{"@type":"ReadAction","target":["https:\/\/gabonnouvellevision.com\/gnv\/2025\/01\/04\/vers-la-rehabilitation-complete-de-radio-9-oyem\/"]}]},{"@type":"ImageObject","inLanguage":"fr-FR","@id":"https:\/\/gabonnouvellevision.com\/gnv\/2025\/01\/04\/vers-la-rehabilitation-complete-de-radio-9-oyem\/#primaryimage","url":"https:\/\/gabonnouvellevision.com\/gnv\/wp-content\/uploads\/2025\/01\/Radio-2.jpg","contentUrl":"https:\/\/gabonnouvellevision.com\/gnv\/wp-content\/uploads\/2025\/01\/Radio-2.jpg","width":400,"height":266},{"@type":"BreadcrumbList","@id":"https:\/\/gabonnouvellevision.com\/gnv\/2025\/01\/04\/vers-la-rehabilitation-complete-de-radio-9-oyem\/#breadcrumb","itemListElement":[{"@type":"ListItem","position":1,"name":"Accueil","item":"https:\/\/gabonnouvellevision.com\/gnv\/"},{"@type":"ListItem","position":2,"name":"Vers la r\u00e9habilitation compl\u00e8te de Radio 9 Oyem?"}]},{"@type":"WebSite","@id":"https:\/\/gabonnouvellevision.com\/gnv\/#website","url":"https:\/\/gabonnouvellevision.com\/gnv\/","name":"Gabon Nouvelle Vision","description":"","publisher":{"@id":"https:\/\/gabonnouvellevision.com\/gnv\/#organization"},"potentialAction":[{"@type":"SearchAction","target":{"@type":"EntryPoint","urlTemplate":"https:\/\/gabonnouvellevision.com\/gnv\/?s={search_term_string}"},"query-input":{"@type":"PropertyValueSpecification","valueRequired":true,"valueName":"search_term_string"}}],"inLanguage":"fr-FR"},{"@type":"Organization","@id":"https:\/\/gabonnouvellevision.com\/gnv\/#organization","name":"Gabon Nouvelle Vision","url":"https:\/\/gabonnouvellevision.com\/gnv\/","logo":{"@type":"ImageObject","inLanguage":"fr-FR","@id":"https:\/\/gabonnouvellevision.com\/gnv\/#\/schema\/logo\/image\/","url":"https:\/\/gabonnouvellevision.com\/gnv\/wp-content\/uploads\/2025\/01\/logo-text_Plan-de-travail-1.png","contentUrl":"https:\/\/gabonnouvellevision.com\/gnv\/wp-content\/uploads\/2025\/01\/logo-text_Plan-de-travail-1.png","width":7169,"height":2390,"caption":"Gabon Nouvelle Vision"},"image":{"@id":"https:\/\/gabonnouvellevision.com\/gnv\/#\/schema\/logo\/image\/"},"sameAs":["https:\/\/www.facebook.com\/GNVofficiel"]},{"@type":"Person","@id":"https:\/\/gabonnouvellevision.com\/gnv\/#\/schema\/person\/4b48e07d222f83c0285affc3704bc899","name":"Eyeng Obame","image":{"@type":"ImageObject","inLanguage":"fr-FR","@id":"https:\/\/gabonnouvellevision.com\/gnv\/#\/schema\/person\/image\/","url":"https:\/\/secure.gravatar.com\/avatar\/167bc03b8baf3c77318a47159f80871de6f5a6cbf4bc8b6af750fbc1a369d7bf?s=96&d=mm&r=g","contentUrl":"https:\/\/secure.gravatar.com\/avatar\/167bc03b8baf3c77318a47159f80871de6f5a6cbf4bc8b6af750fbc1a369d7bf?s=96&d=mm&r=g","caption":"Eyeng Obame"},"url":"https:\/\/gabonnouvellevision.com\/gnv\/author\/rufin\/"}]}},"_links":{"self":[{"href":"https:\/\/gabonnouvellevision.com\/gnv\/wp-json\/wp\/v2\/posts\/3779","targetHints":{"allow":["GET"]}}],"collection":[{"href":"https:\/\/gabonnouvellevision.com\/gnv\/wp-json\/wp\/v2\/posts"}],"about":[{"href":"https:\/\/gabonnouvellevision.com\/gnv\/wp-json\/wp\/v2\/types\/post"}],"author":[{"embeddable":true,"href":"https:\/\/gabonnouvellevision.com\/gnv\/wp-json\/wp\/v2\/users\/7"}],"replies":[{"embeddable":true,"href":"https:\/\/gabonnouvellevision.com\/gnv\/wp-json\/wp\/v2\/comments?post=3779"}],"version-history":[{"count":0,"href":"https:\/\/gabonnouvellevision.com\/gnv\/wp-json\/wp\/v2\/posts\/3779\/revisions"}],"wp:featuredmedia":[{"embeddable":true,"href":"https:\/\/gabonnouvellevision.com\/gnv\/wp-json\/wp\/v2\/media\/3780"}],"wp:attachment":[{"href":"https:\/\/gabonnouvellevision.com\/gnv\/wp-json\/wp\/v2\/media?parent=3779"}],"wp:term":[{"taxonomy":"category","embeddable":true,"href":"https:\/\/gabonnouvellevision.com\/gnv\/wp-json\/wp\/v2\/categories?post=3779"},{"taxonomy":"post_tag","embeddable":true,"href":"https:\/\/gabonnouvellevision.com\/gnv\/wp-json\/wp\/v2\/tags?post=3779"}],"curies":[{"name":"wp","href":"https:\/\/api.w.org\/{rel}","templated":true}]}}