{"id":3760,"date":"2024-12-30T10:51:07","date_gmt":"2024-12-30T09:51:07","guid":{"rendered":"https:\/\/gabonnouvellevision.com\/gnv\/?p=3760"},"modified":"2024-12-30T10:51:07","modified_gmt":"2024-12-30T09:51:07","slug":"gabon-subvention-presse-privee-coup-de-gueule-des-organisations-patronales","status":"publish","type":"post","link":"https:\/\/gabonnouvellevision.com\/gnv\/2024\/12\/30\/gabon-subvention-presse-privee-coup-de-gueule-des-organisations-patronales\/","title":{"rendered":"Gabon\/subvention presse priv\u00e9e: coup de gueule des organisations patronales"},"content":{"rendered":"<p>La d\u00e9claration lue par le Pr\u00e9sident de l\u2019Organisation Patronale des M\u00e9dias ( OPAM), Jean Yves Ntoutoume ( au centre)<\/p>\n<p><strong><em>Les principales organisations patronales de la presse priv\u00e9e \u00e9crite et num\u00e9rique du Gabon ( OPAM, CPPL, UPPIG, RENAJI, UGPS) viennent de monter au cr\u00e9neau \u00e0 la faveur d\u2019une d\u00e9claration de presse \u00e0 Libreville , pour d\u00e9noncer avec amertume, les nouveaux crit\u00e8res d\u2019attribution de la subvention \u00e0 la presse priv\u00e9e \u00e9crite et num\u00e9rique par le minist\u00e8re de tutelle. Des crit\u00e8res jug\u00e9s dilatoires par le collectif pour ne pas payer la subvention \u00e0 temps. Ci-dessous l\u2019int\u00e9gralit\u00e9 de la d\u00e9claration<\/em><\/strong>:<\/p>\n<p>Nous avons appris au journal de 20h, du 27 d\u00e9cembre 2024 de la cha\u00eene de t\u00e9l\u00e9vision publique Gabon Premi\u00e8re, une communication \u00e9manant du minist\u00e8re de la communication et des m\u00e9dias invitant les responsables des entreprises de presse, \u00e0 aller d\u00e9poser du 2 au 12 Janvier 2025, \u00e0 la porte 106 dudit minist\u00e8re, les dossiers relatifs \u00e0 la subvention de l\u2019\u00c9tat \u00e0 la presse \u00e9crite et en ligne, \u00e9dition 2024.<\/p>\n<p>Nous tenons d\u2019abord \u00e0 remercier tr\u00e8s sinc\u00e8rement le Pr\u00e9sident de la transition, Pr\u00e9sident de la R\u00e9publique, chef de l\u2019\u00c9tat, le g\u00e9n\u00e9ral Brice Clotaire Oligui Nguema, pour s\u2019\u00eatre impliqu\u00e9 personnellement dans ce dossier d\u2019aide de l\u2019\u00c9tat \u00e0 la presse priv\u00e9e, en revalorisant, par quatre, ce soutien\u00a0 qui existe depuis 2003, mais que le r\u00e9gime d\u00e9chu avait baiss\u00e9 \u00e0 127 millions de nos francs.<\/p>\n<p>Cependant, les organisations des entreprises de presse\u00a0 suivantes: ( OPAM, CPPPL, UPPIG, UGPS, RENAJI), fustigent le fait qu\u2019\u00e0 chaque ann\u00e9e, la tutelle minist\u00e9rielle cr\u00e9e toujours des nouveaux crit\u00e8res d\u2019attribution de cette subvention.<\/p>\n<p>En effet, les organisations cit\u00e9es plus haut ne\u00a0 comprennent pas qu\u2019un m\u00eame minist\u00e8re, dans le cadre de l\u2019Organisation du dialogue national inclusif et r\u00e9cemment pour la couverture de la campagne r\u00e9f\u00e9rendaire de novembre dernier, accr\u00e9dite, sur la base des documents de cr\u00e9ation d\u2019une entreprise de presse, les journaux, et que ce m\u00eame minist\u00e8re, un mois plus tard, exige de nouveaux\u00a0 crit\u00e8res \u00e0 ces m\u00eames organes de presse lorsqu\u2019il s\u2019agit\u00a0 de la subvention de l\u2019\u00c9tat \u00e0 la presse priv\u00e9e. Question: une institution peut-elle accr\u00e9diter aux grands \u00e9v\u00e9nements, un organe de presse qui n\u2019est pas en r\u00e8gle?<\/p>\n<p>En exigeant, par exemple, la carte de presse dans ce dossier, nous notons que depuis la mise en place du gouvernement de la transition, le minist\u00e8re de la communication et des m\u00e9dias n\u2019a d\u00e9livr\u00e9 aucune carte de presse \u00e0 un professionnel des m\u00e9dias. Alors, une administration peut-elle exiger un document qu\u2019elle n\u2019a jamais d\u00e9livr\u00e9?<\/p>\n<p>Sur les journaux sanctionn\u00e9s par la HAC qui seraient exclus de la subvention. Nous disons qu\u2019un journal qui a subi une suspension avec des cons\u00e9quences financi\u00e8res que cela engendre, ne peut pas \u00eatre sanctionn\u00e9 pour une m\u00eame faute alors qu\u2019il a purg\u00e9 sa peine.<\/p>\n<p>Les organisations de la presse libre et ind\u00e9pendante pensent que ce crit\u00e8re, \u00e0 lui seul, constitue une atteinte grave et flagrante \u00e0 la libert\u00e9 de la presse. Nous ne pensons pas que la volont\u00e9 du pr\u00e9sident de la R\u00e9publique soit de museler la presse. Bien au contraire, sa volont\u00e9 est celle de restaurer la dignit\u00e9 de la presse gabonaise, et il l\u2019a r\u00e9it\u00e9r\u00e9 moult fois.<\/p>\n<p>Sur le plan d\u2019utilisation des fonds, la r\u00e9gularit\u00e9 des organes de presse est la meilleure preuve que lesdits fonds ont contribu\u00e9 \u00e0 accompagner les entreprises de presse dans leur fonctionnement pendant toute l\u2019ann\u00e9e 2024..<\/p>\n<p>Nous pensons que la Kyrielle de crit\u00e8res impos\u00e9s par le minist\u00e8re de la communication fait partie des m\u00e9thodes dilatoires utilis\u00e9es comme pr\u00e9texte pour ne pas payer la subvention \u00e0 temps, ainsi que le souhaite le Pr\u00e9sident de la R\u00e9publique.<\/p>\n<p>Car sur le plan pratique, la subvention \u00e0 la presse est d\u00e9j\u00e0 disponible au Tr\u00e9sor public et cette administration ne demande plus que les relev\u00e9s d\u2019identit\u00e9 bancaire des entreprises de presse b\u00e9n\u00e9ficiaires de cette manne. Or, la tutelle prend 10 jours pour le seul d\u00e9p\u00f4t des dossiers des demandeurs. Il y aura certainement encore plusieurs jours pour la tenue des travaux de la fameuse commission charg\u00e9e de la r\u00e9partition de cette subvention. C\u2019est trop long pour une aide que la presse attend depuis plusieurs mois.<\/p>\n<p>Nous rappelons que cette subvention appartenant exclusivement aux entreprises de presse, aucune autre entit\u00e9 ne doit b\u00e9n\u00e9ficier de cette derni\u00e8re en guise de per diem. Sous la restauration des institutions, ces pratiques sont \u00e0 bannir.<\/p>\n<p>Etant entendu que cet argent issu du budget 2024 est d\u00e9sormais disponible, nous, organisations des entreprises de presse priv\u00e9e, exigeons le paiement, dans les plus brefs d\u00e9lais, de cette manne aux ayants droit.<\/p>\n<p>Enfin, Principal concepteur\u00a0 de la restauration des institutions et de la dignit\u00e9 des gabonais et de la presse au Gabon, nous sollicitons tr\u00e8s humblement l\u2019arbitrage du chef de l\u2019\u00c9tat\u00a0 sur ce dossier.<\/p>\n<p><strong>Fait \u00e0 Libreville, le 28 d\u00e9cembre 2024<\/strong><\/p>\n","protected":false},"excerpt":{"rendered":"<p>La d\u00e9claration lue par le Pr\u00e9sident de l\u2019Organisation Patronale des M\u00e9dias ( OPAM), Jean Yves Ntoutoume ( au centre) Les principales organisations patronales de la presse priv\u00e9e \u00e9crite et num\u00e9rique du Gabon ( OPAM, CPPL, UPPIG, RENAJI, UGPS) viennent de monter au cr\u00e9neau \u00e0 la faveur d\u2019une d\u00e9claration de presse \u00e0 Libreville , pour d\u00e9noncer [&hellip;]<\/p>\n","protected":false},"author":7,"featured_media":3761,"comment_status":"open","ping_status":"open","sticky":false,"template":"","format":"standard","meta":{"footnotes":""},"categories":[57,55,56],"tags":[],"class_list":["post-3760","post","type-post","status-publish","format-standard","has-post-thumbnail","hentry","category-a-la-une","category-actualites","category-societe"],"yoast_head":"<!-- This site is optimized with the Yoast SEO plugin v24.2 - https:\/\/yoast.com\/wordpress\/plugins\/seo\/ -->\n<title>Gabon\/subvention presse priv\u00e9e: coup de gueule des organisations patronales - Gabon Nouvelle Vision<\/title>\n<meta name=\"robots\" content=\"index, follow, max-snippet:-1, max-image-preview:large, max-video-preview:-1\" \/>\n<link rel=\"canonical\" href=\"https:\/\/gabonnouvellevision.com\/gnv\/2024\/12\/30\/gabon-subvention-presse-privee-coup-de-gueule-des-organisations-patronales\/\" \/>\n<meta property=\"og:locale\" content=\"fr_FR\" \/>\n<meta property=\"og:type\" content=\"article\" \/>\n<meta property=\"og:title\" content=\"Gabon\/subvention presse priv\u00e9e: coup de gueule des organisations patronales - Gabon Nouvelle Vision\" \/>\n<meta property=\"og:description\" content=\"La d\u00e9claration lue par le Pr\u00e9sident de l\u2019Organisation Patronale des M\u00e9dias ( OPAM), Jean Yves Ntoutoume ( au centre) Les principales organisations patronales de la presse priv\u00e9e \u00e9crite et num\u00e9rique du Gabon ( OPAM, CPPL, UPPIG, RENAJI, UGPS) viennent de monter au cr\u00e9neau \u00e0 la faveur d\u2019une d\u00e9claration de presse \u00e0 Libreville , pour d\u00e9noncer [&hellip;]\" \/>\n<meta property=\"og:url\" content=\"https:\/\/gabonnouvellevision.com\/gnv\/2024\/12\/30\/gabon-subvention-presse-privee-coup-de-gueule-des-organisations-patronales\/\" \/>\n<meta property=\"og:site_name\" content=\"Gabon Nouvelle Vision\" \/>\n<meta property=\"article:publisher\" content=\"https:\/\/www.facebook.com\/GNVofficiel\" \/>\n<meta property=\"article:published_time\" content=\"2024-12-30T09:51:07+00:00\" \/>\n<meta property=\"og:image\" content=\"https:\/\/gabonnouvellevision.com\/gnv\/wp-content\/uploads\/2024\/12\/WhatsApp-Image-2024-12-28-a-20.25.17_facee6bd.jpg\" \/>\n\t<meta property=\"og:image:width\" content=\"685\" \/>\n\t<meta property=\"og:image:height\" content=\"407\" \/>\n\t<meta property=\"og:image:type\" content=\"image\/jpeg\" \/>\n<meta name=\"author\" content=\"Eyeng Obame\" \/>\n<meta name=\"twitter:card\" content=\"summary_large_image\" \/>\n<meta name=\"twitter:label1\" content=\"\u00c9crit par\" \/>\n\t<meta name=\"twitter:data1\" content=\"Eyeng Obame\" \/>\n\t<meta name=\"twitter:label2\" content=\"Dur\u00e9e de lecture estim\u00e9e\" \/>\n\t<meta name=\"twitter:data2\" content=\"4 minutes\" \/>\n<script type=\"application\/ld+json\" class=\"yoast-schema-graph\">{\"@context\":\"https:\/\/schema.org\",\"@graph\":[{\"@type\":\"Article\",\"@id\":\"https:\/\/gabonnouvellevision.com\/gnv\/2024\/12\/30\/gabon-subvention-presse-privee-coup-de-gueule-des-organisations-patronales\/#article\",\"isPartOf\":{\"@id\":\"https:\/\/gabonnouvellevision.com\/gnv\/2024\/12\/30\/gabon-subvention-presse-privee-coup-de-gueule-des-organisations-patronales\/\"},\"author\":{\"name\":\"Eyeng Obame\",\"@id\":\"https:\/\/gabonnouvellevision.com\/gnv\/#\/schema\/person\/4b48e07d222f83c0285affc3704bc899\"},\"headline\":\"Gabon\/subvention presse priv\u00e9e: coup de gueule des organisations patronales\",\"datePublished\":\"2024-12-30T09:51:07+00:00\",\"dateModified\":\"2024-12-30T09:51:07+00:00\",\"mainEntityOfPage\":{\"@id\":\"https:\/\/gabonnouvellevision.com\/gnv\/2024\/12\/30\/gabon-subvention-presse-privee-coup-de-gueule-des-organisations-patronales\/\"},\"wordCount\":880,\"commentCount\":0,\"publisher\":{\"@id\":\"https:\/\/gabonnouvellevision.com\/gnv\/#organization\"},\"image\":{\"@id\":\"https:\/\/gabonnouvellevision.com\/gnv\/2024\/12\/30\/gabon-subvention-presse-privee-coup-de-gueule-des-organisations-patronales\/#primaryimage\"},\"thumbnailUrl\":\"https:\/\/gabonnouvellevision.com\/gnv\/wp-content\/uploads\/2024\/12\/WhatsApp-Image-2024-12-28-a-20.25.17_facee6bd.jpg\",\"articleSection\":[\"A la une\",\"Actualites\",\"Societe\"],\"inLanguage\":\"fr-FR\",\"potentialAction\":[{\"@type\":\"CommentAction\",\"name\":\"Comment\",\"target\":[\"https:\/\/gabonnouvellevision.com\/gnv\/2024\/12\/30\/gabon-subvention-presse-privee-coup-de-gueule-des-organisations-patronales\/#respond\"]}]},{\"@type\":\"WebPage\",\"@id\":\"https:\/\/gabonnouvellevision.com\/gnv\/2024\/12\/30\/gabon-subvention-presse-privee-coup-de-gueule-des-organisations-patronales\/\",\"url\":\"https:\/\/gabonnouvellevision.com\/gnv\/2024\/12\/30\/gabon-subvention-presse-privee-coup-de-gueule-des-organisations-patronales\/\",\"name\":\"Gabon\/subvention presse priv\u00e9e: coup de gueule des organisations patronales - Gabon Nouvelle Vision\",\"isPartOf\":{\"@id\":\"https:\/\/gabonnouvellevision.com\/gnv\/#website\"},\"primaryImageOfPage\":{\"@id\":\"https:\/\/gabonnouvellevision.com\/gnv\/2024\/12\/30\/gabon-subvention-presse-privee-coup-de-gueule-des-organisations-patronales\/#primaryimage\"},\"image\":{\"@id\":\"https:\/\/gabonnouvellevision.com\/gnv\/2024\/12\/30\/gabon-subvention-presse-privee-coup-de-gueule-des-organisations-patronales\/#primaryimage\"},\"thumbnailUrl\":\"https:\/\/gabonnouvellevision.com\/gnv\/wp-content\/uploads\/2024\/12\/WhatsApp-Image-2024-12-28-a-20.25.17_facee6bd.jpg\",\"datePublished\":\"2024-12-30T09:51:07+00:00\",\"dateModified\":\"2024-12-30T09:51:07+00:00\",\"breadcrumb\":{\"@id\":\"https:\/\/gabonnouvellevision.com\/gnv\/2024\/12\/30\/gabon-subvention-presse-privee-coup-de-gueule-des-organisations-patronales\/#breadcrumb\"},\"inLanguage\":\"fr-FR\",\"potentialAction\":[{\"@type\":\"ReadAction\",\"target\":[\"https:\/\/gabonnouvellevision.com\/gnv\/2024\/12\/30\/gabon-subvention-presse-privee-coup-de-gueule-des-organisations-patronales\/\"]}]},{\"@type\":\"ImageObject\",\"inLanguage\":\"fr-FR\",\"@id\":\"https:\/\/gabonnouvellevision.com\/gnv\/2024\/12\/30\/gabon-subvention-presse-privee-coup-de-gueule-des-organisations-patronales\/#primaryimage\",\"url\":\"https:\/\/gabonnouvellevision.com\/gnv\/wp-content\/uploads\/2024\/12\/WhatsApp-Image-2024-12-28-a-20.25.17_facee6bd.jpg\",\"contentUrl\":\"https:\/\/gabonnouvellevision.com\/gnv\/wp-content\/uploads\/2024\/12\/WhatsApp-Image-2024-12-28-a-20.25.17_facee6bd.jpg\",\"width\":685,\"height\":407},{\"@type\":\"BreadcrumbList\",\"@id\":\"https:\/\/gabonnouvellevision.com\/gnv\/2024\/12\/30\/gabon-subvention-presse-privee-coup-de-gueule-des-organisations-patronales\/#breadcrumb\",\"itemListElement\":[{\"@type\":\"ListItem\",\"position\":1,\"name\":\"Accueil\",\"item\":\"https:\/\/gabonnouvellevision.com\/gnv\/\"},{\"@type\":\"ListItem\",\"position\":2,\"name\":\"Gabon\/subvention presse priv\u00e9e: coup de gueule des organisations patronales\"}]},{\"@type\":\"WebSite\",\"@id\":\"https:\/\/gabonnouvellevision.com\/gnv\/#website\",\"url\":\"https:\/\/gabonnouvellevision.com\/gnv\/\",\"name\":\"Gabon Nouvelle Vision\",\"description\":\"\",\"publisher\":{\"@id\":\"https:\/\/gabonnouvellevision.com\/gnv\/#organization\"},\"potentialAction\":[{\"@type\":\"SearchAction\",\"target\":{\"@type\":\"EntryPoint\",\"urlTemplate\":\"https:\/\/gabonnouvellevision.com\/gnv\/?s={search_term_string}\"},\"query-input\":{\"@type\":\"PropertyValueSpecification\",\"valueRequired\":true,\"valueName\":\"search_term_string\"}}],\"inLanguage\":\"fr-FR\"},{\"@type\":\"Organization\",\"@id\":\"https:\/\/gabonnouvellevision.com\/gnv\/#organization\",\"name\":\"Gabon Nouvelle Vision\",\"url\":\"https:\/\/gabonnouvellevision.com\/gnv\/\",\"logo\":{\"@type\":\"ImageObject\",\"inLanguage\":\"fr-FR\",\"@id\":\"https:\/\/gabonnouvellevision.com\/gnv\/#\/schema\/logo\/image\/\",\"url\":\"https:\/\/gabonnouvellevision.com\/gnv\/wp-content\/uploads\/2025\/01\/logo-text_Plan-de-travail-1.png\",\"contentUrl\":\"https:\/\/gabonnouvellevision.com\/gnv\/wp-content\/uploads\/2025\/01\/logo-text_Plan-de-travail-1.png\",\"width\":7169,\"height\":2390,\"caption\":\"Gabon Nouvelle Vision\"},\"image\":{\"@id\":\"https:\/\/gabonnouvellevision.com\/gnv\/#\/schema\/logo\/image\/\"},\"sameAs\":[\"https:\/\/www.facebook.com\/GNVofficiel\"]},{\"@type\":\"Person\",\"@id\":\"https:\/\/gabonnouvellevision.com\/gnv\/#\/schema\/person\/4b48e07d222f83c0285affc3704bc899\",\"name\":\"Eyeng Obame\",\"image\":{\"@type\":\"ImageObject\",\"inLanguage\":\"fr-FR\",\"@id\":\"https:\/\/gabonnouvellevision.com\/gnv\/#\/schema\/person\/image\/\",\"url\":\"https:\/\/secure.gravatar.com\/avatar\/167bc03b8baf3c77318a47159f80871de6f5a6cbf4bc8b6af750fbc1a369d7bf?s=96&d=mm&r=g\",\"contentUrl\":\"https:\/\/secure.gravatar.com\/avatar\/167bc03b8baf3c77318a47159f80871de6f5a6cbf4bc8b6af750fbc1a369d7bf?s=96&d=mm&r=g\",\"caption\":\"Eyeng Obame\"},\"url\":\"https:\/\/gabonnouvellevision.com\/gnv\/author\/rufin\/\"}]}<\/script>\n<!-- \/ Yoast SEO plugin. -->","yoast_head_json":{"title":"Gabon\/subvention presse priv\u00e9e: coup de gueule des organisations patronales - Gabon Nouvelle Vision","robots":{"index":"index","follow":"follow","max-snippet":"max-snippet:-1","max-image-preview":"max-image-preview:large","max-video-preview":"max-video-preview:-1"},"canonical":"https:\/\/gabonnouvellevision.com\/gnv\/2024\/12\/30\/gabon-subvention-presse-privee-coup-de-gueule-des-organisations-patronales\/","og_locale":"fr_FR","og_type":"article","og_title":"Gabon\/subvention presse priv\u00e9e: coup de gueule des organisations patronales - Gabon Nouvelle Vision","og_description":"La d\u00e9claration lue par le Pr\u00e9sident de l\u2019Organisation Patronale des M\u00e9dias ( OPAM), Jean Yves Ntoutoume ( au centre) Les principales organisations patronales de la presse priv\u00e9e \u00e9crite et num\u00e9rique du Gabon ( OPAM, CPPL, UPPIG, RENAJI, UGPS) viennent de monter au cr\u00e9neau \u00e0 la faveur d\u2019une d\u00e9claration de presse \u00e0 Libreville , pour d\u00e9noncer [&hellip;]","og_url":"https:\/\/gabonnouvellevision.com\/gnv\/2024\/12\/30\/gabon-subvention-presse-privee-coup-de-gueule-des-organisations-patronales\/","og_site_name":"Gabon Nouvelle Vision","article_publisher":"https:\/\/www.facebook.com\/GNVofficiel","article_published_time":"2024-12-30T09:51:07+00:00","og_image":[{"width":685,"height":407,"url":"https:\/\/gabonnouvellevision.com\/gnv\/wp-content\/uploads\/2024\/12\/WhatsApp-Image-2024-12-28-a-20.25.17_facee6bd.jpg","type":"image\/jpeg"}],"author":"Eyeng Obame","twitter_card":"summary_large_image","twitter_misc":{"\u00c9crit par":"Eyeng Obame","Dur\u00e9e de lecture estim\u00e9e":"4 minutes"},"schema":{"@context":"https:\/\/schema.org","@graph":[{"@type":"Article","@id":"https:\/\/gabonnouvellevision.com\/gnv\/2024\/12\/30\/gabon-subvention-presse-privee-coup-de-gueule-des-organisations-patronales\/#article","isPartOf":{"@id":"https:\/\/gabonnouvellevision.com\/gnv\/2024\/12\/30\/gabon-subvention-presse-privee-coup-de-gueule-des-organisations-patronales\/"},"author":{"name":"Eyeng Obame","@id":"https:\/\/gabonnouvellevision.com\/gnv\/#\/schema\/person\/4b48e07d222f83c0285affc3704bc899"},"headline":"Gabon\/subvention presse priv\u00e9e: coup de gueule des organisations patronales","datePublished":"2024-12-30T09:51:07+00:00","dateModified":"2024-12-30T09:51:07+00:00","mainEntityOfPage":{"@id":"https:\/\/gabonnouvellevision.com\/gnv\/2024\/12\/30\/gabon-subvention-presse-privee-coup-de-gueule-des-organisations-patronales\/"},"wordCount":880,"commentCount":0,"publisher":{"@id":"https:\/\/gabonnouvellevision.com\/gnv\/#organization"},"image":{"@id":"https:\/\/gabonnouvellevision.com\/gnv\/2024\/12\/30\/gabon-subvention-presse-privee-coup-de-gueule-des-organisations-patronales\/#primaryimage"},"thumbnailUrl":"https:\/\/gabonnouvellevision.com\/gnv\/wp-content\/uploads\/2024\/12\/WhatsApp-Image-2024-12-28-a-20.25.17_facee6bd.jpg","articleSection":["A la une","Actualites","Societe"],"inLanguage":"fr-FR","potentialAction":[{"@type":"CommentAction","name":"Comment","target":["https:\/\/gabonnouvellevision.com\/gnv\/2024\/12\/30\/gabon-subvention-presse-privee-coup-de-gueule-des-organisations-patronales\/#respond"]}]},{"@type":"WebPage","@id":"https:\/\/gabonnouvellevision.com\/gnv\/2024\/12\/30\/gabon-subvention-presse-privee-coup-de-gueule-des-organisations-patronales\/","url":"https:\/\/gabonnouvellevision.com\/gnv\/2024\/12\/30\/gabon-subvention-presse-privee-coup-de-gueule-des-organisations-patronales\/","name":"Gabon\/subvention presse priv\u00e9e: coup de gueule des organisations patronales - Gabon Nouvelle Vision","isPartOf":{"@id":"https:\/\/gabonnouvellevision.com\/gnv\/#website"},"primaryImageOfPage":{"@id":"https:\/\/gabonnouvellevision.com\/gnv\/2024\/12\/30\/gabon-subvention-presse-privee-coup-de-gueule-des-organisations-patronales\/#primaryimage"},"image":{"@id":"https:\/\/gabonnouvellevision.com\/gnv\/2024\/12\/30\/gabon-subvention-presse-privee-coup-de-gueule-des-organisations-patronales\/#primaryimage"},"thumbnailUrl":"https:\/\/gabonnouvellevision.com\/gnv\/wp-content\/uploads\/2024\/12\/WhatsApp-Image-2024-12-28-a-20.25.17_facee6bd.jpg","datePublished":"2024-12-30T09:51:07+00:00","dateModified":"2024-12-30T09:51:07+00:00","breadcrumb":{"@id":"https:\/\/gabonnouvellevision.com\/gnv\/2024\/12\/30\/gabon-subvention-presse-privee-coup-de-gueule-des-organisations-patronales\/#breadcrumb"},"inLanguage":"fr-FR","potentialAction":[{"@type":"ReadAction","target":["https:\/\/gabonnouvellevision.com\/gnv\/2024\/12\/30\/gabon-subvention-presse-privee-coup-de-gueule-des-organisations-patronales\/"]}]},{"@type":"ImageObject","inLanguage":"fr-FR","@id":"https:\/\/gabonnouvellevision.com\/gnv\/2024\/12\/30\/gabon-subvention-presse-privee-coup-de-gueule-des-organisations-patronales\/#primaryimage","url":"https:\/\/gabonnouvellevision.com\/gnv\/wp-content\/uploads\/2024\/12\/WhatsApp-Image-2024-12-28-a-20.25.17_facee6bd.jpg","contentUrl":"https:\/\/gabonnouvellevision.com\/gnv\/wp-content\/uploads\/2024\/12\/WhatsApp-Image-2024-12-28-a-20.25.17_facee6bd.jpg","width":685,"height":407},{"@type":"BreadcrumbList","@id":"https:\/\/gabonnouvellevision.com\/gnv\/2024\/12\/30\/gabon-subvention-presse-privee-coup-de-gueule-des-organisations-patronales\/#breadcrumb","itemListElement":[{"@type":"ListItem","position":1,"name":"Accueil","item":"https:\/\/gabonnouvellevision.com\/gnv\/"},{"@type":"ListItem","position":2,"name":"Gabon\/subvention presse priv\u00e9e: coup de gueule des organisations patronales"}]},{"@type":"WebSite","@id":"https:\/\/gabonnouvellevision.com\/gnv\/#website","url":"https:\/\/gabonnouvellevision.com\/gnv\/","name":"Gabon Nouvelle Vision","description":"","publisher":{"@id":"https:\/\/gabonnouvellevision.com\/gnv\/#organization"},"potentialAction":[{"@type":"SearchAction","target":{"@type":"EntryPoint","urlTemplate":"https:\/\/gabonnouvellevision.com\/gnv\/?s={search_term_string}"},"query-input":{"@type":"PropertyValueSpecification","valueRequired":true,"valueName":"search_term_string"}}],"inLanguage":"fr-FR"},{"@type":"Organization","@id":"https:\/\/gabonnouvellevision.com\/gnv\/#organization","name":"Gabon Nouvelle Vision","url":"https:\/\/gabonnouvellevision.com\/gnv\/","logo":{"@type":"ImageObject","inLanguage":"fr-FR","@id":"https:\/\/gabonnouvellevision.com\/gnv\/#\/schema\/logo\/image\/","url":"https:\/\/gabonnouvellevision.com\/gnv\/wp-content\/uploads\/2025\/01\/logo-text_Plan-de-travail-1.png","contentUrl":"https:\/\/gabonnouvellevision.com\/gnv\/wp-content\/uploads\/2025\/01\/logo-text_Plan-de-travail-1.png","width":7169,"height":2390,"caption":"Gabon Nouvelle Vision"},"image":{"@id":"https:\/\/gabonnouvellevision.com\/gnv\/#\/schema\/logo\/image\/"},"sameAs":["https:\/\/www.facebook.com\/GNVofficiel"]},{"@type":"Person","@id":"https:\/\/gabonnouvellevision.com\/gnv\/#\/schema\/person\/4b48e07d222f83c0285affc3704bc899","name":"Eyeng Obame","image":{"@type":"ImageObject","inLanguage":"fr-FR","@id":"https:\/\/gabonnouvellevision.com\/gnv\/#\/schema\/person\/image\/","url":"https:\/\/secure.gravatar.com\/avatar\/167bc03b8baf3c77318a47159f80871de6f5a6cbf4bc8b6af750fbc1a369d7bf?s=96&d=mm&r=g","contentUrl":"https:\/\/secure.gravatar.com\/avatar\/167bc03b8baf3c77318a47159f80871de6f5a6cbf4bc8b6af750fbc1a369d7bf?s=96&d=mm&r=g","caption":"Eyeng Obame"},"url":"https:\/\/gabonnouvellevision.com\/gnv\/author\/rufin\/"}]}},"_links":{"self":[{"href":"https:\/\/gabonnouvellevision.com\/gnv\/wp-json\/wp\/v2\/posts\/3760","targetHints":{"allow":["GET"]}}],"collection":[{"href":"https:\/\/gabonnouvellevision.com\/gnv\/wp-json\/wp\/v2\/posts"}],"about":[{"href":"https:\/\/gabonnouvellevision.com\/gnv\/wp-json\/wp\/v2\/types\/post"}],"author":[{"embeddable":true,"href":"https:\/\/gabonnouvellevision.com\/gnv\/wp-json\/wp\/v2\/users\/7"}],"replies":[{"embeddable":true,"href":"https:\/\/gabonnouvellevision.com\/gnv\/wp-json\/wp\/v2\/comments?post=3760"}],"version-history":[{"count":0,"href":"https:\/\/gabonnouvellevision.com\/gnv\/wp-json\/wp\/v2\/posts\/3760\/revisions"}],"wp:featuredmedia":[{"embeddable":true,"href":"https:\/\/gabonnouvellevision.com\/gnv\/wp-json\/wp\/v2\/media\/3761"}],"wp:attachment":[{"href":"https:\/\/gabonnouvellevision.com\/gnv\/wp-json\/wp\/v2\/media?parent=3760"}],"wp:term":[{"taxonomy":"category","embeddable":true,"href":"https:\/\/gabonnouvellevision.com\/gnv\/wp-json\/wp\/v2\/categories?post=3760"},{"taxonomy":"post_tag","embeddable":true,"href":"https:\/\/gabonnouvellevision.com\/gnv\/wp-json\/wp\/v2\/tags?post=3760"}],"curies":[{"name":"wp","href":"https:\/\/api.w.org\/{rel}","templated":true}]}}