{"id":3741,"date":"2024-12-21T14:37:14","date_gmt":"2024-12-21T13:37:14","guid":{"rendered":"https:\/\/gabonnouvellevision.com\/gnv\/?p=3741"},"modified":"2024-12-21T14:37:14","modified_gmt":"2024-12-21T13:37:14","slug":"sos-prisonniers-gabon-a-la-prison-centrale-de-port-gentil","status":"publish","type":"post","link":"https:\/\/gabonnouvellevision.com\/gnv\/2024\/12\/21\/sos-prisonniers-gabon-a-la-prison-centrale-de-port-gentil\/","title":{"rendered":"SOS Prisonniers Gabon: \u00e0 la prison centrale de Port-Gentil"},"content":{"rendered":"<p>Le Pr\u00e9sident de SOS Prisonniers Gabon,Lionel Ella Engonga (chemise blanche) entour\u00e9 des responsables de la prison centrale de Port-Gentil, ce samedi 21 d\u00e9cembre 2024.<\/p>\n<p><strong><em>Ce samedi 21 d\u00e9cembre 2024, SOS prisonnier Gabon a d\u00e9pos\u00e9 ses valises dans la ville de Port-Gentil pour effectuer des dons aux d\u00e9tenus de la prison centrale de ladite ville, notamment aux femmes et aux mineurs et pour proc\u00e9der \u00e0 l\u2019installation de la Coordination \u00ab SOS Prisonniers Port Gentil \u00bb.<\/em><\/strong><\/p>\n<p>En effet, cette action s\u2019inscrit dans la continuit\u00e9 du projet \u00ab Acc\u00e8s \u00e0 la justice des prisonniers en p\u00e9riode de transition \u00bb, projet en partenariat avec l\u2019ambassade de France au Gabon et \u00e0 Sao Tom\u00e9-et-Principe.<\/p>\n<p>Avant la remise des dons compos\u00e9s de 20 matelas, de 20 taies d\u2019oreiller, paquets de serviettes hygi\u00e9niques et de fournitures scolaires d\u00e9di\u00e9s aux d\u00e9tenus scolaris\u00e9s, nous avons eu l\u2019occasion de nous entretenir avec l\u2019administration p\u00e9nitentiaire.<\/p>\n<p>\u00c0 la suite de ce passage au sein de la prison centrale, le pr\u00e9sident de SPG a proc\u00e9d\u00e9 \u00e0 l\u2019installation officielle de la coordination \u00ab SOS Prisonniers Port gentil \u00bb.\u00a0 \u00c0 travers cette installation, notre ONG \u00e9tend ses tantacules \u00e0 l\u2019int\u00e9rieur du pays car apr\u00e8s Oyem, le tour est revenu \u00e0 Port Gentil. Nous souhaitons une bonne r\u00e9ussite \u00e0 cette coordination fra\u00eechement install\u00e9e.<\/p>\n<p>De plus, nul n\u2019ignore que l\u2019humanisation des prisons et le respect des droits humains sont \u00e9galement des projets chers aux plus hautes autorit\u00e9s de la transition, en t\u00eate desquelles Brice Clotaire Oligui Nguema,Pr\u00e9sident de la transition.<\/p>\n<p>Nous tenons \u00e0 exprimer notre profonde gratitude \u00e0 monsieur Paul Marie GONDJOUT, ministre de la Justice, Garde des Sceaux qui nous a encore\u00a0 permis de r\u00e9aliser ce pan de notre projet.<\/p>\n<p>Nos remerciements vont \u00e9galement \u00e0 l\u2019endroit du lieutenant-colonel Jean-Jacques Ona Mbegha, Directeur de la prison centrale de Port-Gentil et toute son administration.<\/p>\n<p>Enfin, nous remercions nos partenaires qui nous ont accompagn\u00e9 pour mener \u00e0 bien cette action, \u00e0 savoir l\u2019ambassade de France au Gabon et \u00e0 Sao Tom\u00e9-et-Principe, la Soci\u00e9t\u00e9 nationale immobili\u00e8re (SNI) et la compagnie a\u00e9rienne Africa United Airlines.<\/p>\n<p>Nous rendons Gr\u00e2ce \u00e0 Dieu qui ne cesse de veiller sur notre ONG, Il ouvre les portes qui sont ferm\u00e9es , chaque jour nous voyons ses Bienfaits\u2026<\/p>\n<p><strong>SOS Prisonniers Gabon, c\u2019est enfin notre essor vers le respect des droits humains en milieu carc\u00e9ral.\u00a0<\/strong><\/p>\n<p><strong>HUMANISONS LES PRISONS<\/strong><\/p>\n","protected":false},"excerpt":{"rendered":"<p>Le Pr\u00e9sident de SOS Prisonniers Gabon,Lionel Ella Engonga (chemise blanche) entour\u00e9 des responsables de la prison centrale de Port-Gentil, ce samedi 21 d\u00e9cembre 2024. Ce samedi 21 d\u00e9cembre 2024, SOS prisonnier Gabon a d\u00e9pos\u00e9 ses valises dans la ville de Port-Gentil pour effectuer des dons aux d\u00e9tenus de la prison centrale de ladite ville, notamment [&hellip;]<\/p>\n","protected":false},"author":7,"featured_media":3742,"comment_status":"open","ping_status":"open","sticky":false,"template":"","format":"standard","meta":{"footnotes":""},"categories":[57,55,56],"tags":[],"class_list":["post-3741","post","type-post","status-publish","format-standard","has-post-thumbnail","hentry","category-a-la-une","category-actualites","category-societe"],"yoast_head":"<!-- This site is optimized with the Yoast SEO plugin v24.2 - https:\/\/yoast.com\/wordpress\/plugins\/seo\/ -->\n<title>SOS Prisonniers Gabon: \u00e0 la prison centrale de Port-Gentil - Gabon Nouvelle Vision<\/title>\n<meta name=\"robots\" content=\"index, follow, max-snippet:-1, max-image-preview:large, max-video-preview:-1\" \/>\n<link rel=\"canonical\" href=\"https:\/\/gabonnouvellevision.com\/gnv\/2024\/12\/21\/sos-prisonniers-gabon-a-la-prison-centrale-de-port-gentil\/\" \/>\n<meta property=\"og:locale\" content=\"fr_FR\" \/>\n<meta property=\"og:type\" content=\"article\" \/>\n<meta property=\"og:title\" content=\"SOS Prisonniers Gabon: \u00e0 la prison centrale de Port-Gentil - Gabon Nouvelle Vision\" \/>\n<meta property=\"og:description\" content=\"Le Pr\u00e9sident de SOS Prisonniers Gabon,Lionel Ella Engonga (chemise blanche) entour\u00e9 des responsables de la prison centrale de Port-Gentil, ce samedi 21 d\u00e9cembre 2024. Ce samedi 21 d\u00e9cembre 2024, SOS prisonnier Gabon a d\u00e9pos\u00e9 ses valises dans la ville de Port-Gentil pour effectuer des dons aux d\u00e9tenus de la prison centrale de ladite ville, notamment [&hellip;]\" \/>\n<meta property=\"og:url\" content=\"https:\/\/gabonnouvellevision.com\/gnv\/2024\/12\/21\/sos-prisonniers-gabon-a-la-prison-centrale-de-port-gentil\/\" \/>\n<meta property=\"og:site_name\" content=\"Gabon Nouvelle Vision\" \/>\n<meta property=\"article:publisher\" content=\"https:\/\/www.facebook.com\/GNVofficiel\" \/>\n<meta property=\"article:published_time\" content=\"2024-12-21T13:37:14+00:00\" \/>\n<meta property=\"og:image\" content=\"https:\/\/gabonnouvellevision.com\/gnv\/wp-content\/uploads\/2024\/12\/WhatsApp-Image-2024-12-21-a-12.55.20_cccc40fe.jpg\" \/>\n\t<meta property=\"og:image:width\" content=\"1280\" \/>\n\t<meta property=\"og:image:height\" content=\"960\" \/>\n\t<meta property=\"og:image:type\" content=\"image\/jpeg\" \/>\n<meta name=\"author\" content=\"Eyeng Obame\" \/>\n<meta name=\"twitter:card\" content=\"summary_large_image\" \/>\n<meta name=\"twitter:label1\" content=\"\u00c9crit par\" \/>\n\t<meta name=\"twitter:data1\" content=\"Eyeng Obame\" \/>\n\t<meta name=\"twitter:label2\" content=\"Dur\u00e9e de lecture estim\u00e9e\" \/>\n\t<meta name=\"twitter:data2\" content=\"2 minutes\" \/>\n<script type=\"application\/ld+json\" class=\"yoast-schema-graph\">{\"@context\":\"https:\/\/schema.org\",\"@graph\":[{\"@type\":\"Article\",\"@id\":\"https:\/\/gabonnouvellevision.com\/gnv\/2024\/12\/21\/sos-prisonniers-gabon-a-la-prison-centrale-de-port-gentil\/#article\",\"isPartOf\":{\"@id\":\"https:\/\/gabonnouvellevision.com\/gnv\/2024\/12\/21\/sos-prisonniers-gabon-a-la-prison-centrale-de-port-gentil\/\"},\"author\":{\"name\":\"Eyeng Obame\",\"@id\":\"https:\/\/gabonnouvellevision.com\/gnv\/#\/schema\/person\/4b48e07d222f83c0285affc3704bc899\"},\"headline\":\"SOS Prisonniers Gabon: \u00e0 la prison centrale de Port-Gentil\",\"datePublished\":\"2024-12-21T13:37:14+00:00\",\"dateModified\":\"2024-12-21T13:37:14+00:00\",\"mainEntityOfPage\":{\"@id\":\"https:\/\/gabonnouvellevision.com\/gnv\/2024\/12\/21\/sos-prisonniers-gabon-a-la-prison-centrale-de-port-gentil\/\"},\"wordCount\":408,\"commentCount\":0,\"publisher\":{\"@id\":\"https:\/\/gabonnouvellevision.com\/gnv\/#organization\"},\"image\":{\"@id\":\"https:\/\/gabonnouvellevision.com\/gnv\/2024\/12\/21\/sos-prisonniers-gabon-a-la-prison-centrale-de-port-gentil\/#primaryimage\"},\"thumbnailUrl\":\"https:\/\/gabonnouvellevision.com\/gnv\/wp-content\/uploads\/2024\/12\/WhatsApp-Image-2024-12-21-a-12.55.20_cccc40fe.jpg\",\"articleSection\":[\"A la une\",\"Actualites\",\"Societe\"],\"inLanguage\":\"fr-FR\",\"potentialAction\":[{\"@type\":\"CommentAction\",\"name\":\"Comment\",\"target\":[\"https:\/\/gabonnouvellevision.com\/gnv\/2024\/12\/21\/sos-prisonniers-gabon-a-la-prison-centrale-de-port-gentil\/#respond\"]}]},{\"@type\":\"WebPage\",\"@id\":\"https:\/\/gabonnouvellevision.com\/gnv\/2024\/12\/21\/sos-prisonniers-gabon-a-la-prison-centrale-de-port-gentil\/\",\"url\":\"https:\/\/gabonnouvellevision.com\/gnv\/2024\/12\/21\/sos-prisonniers-gabon-a-la-prison-centrale-de-port-gentil\/\",\"name\":\"SOS Prisonniers Gabon: \u00e0 la prison centrale de Port-Gentil - Gabon Nouvelle Vision\",\"isPartOf\":{\"@id\":\"https:\/\/gabonnouvellevision.com\/gnv\/#website\"},\"primaryImageOfPage\":{\"@id\":\"https:\/\/gabonnouvellevision.com\/gnv\/2024\/12\/21\/sos-prisonniers-gabon-a-la-prison-centrale-de-port-gentil\/#primaryimage\"},\"image\":{\"@id\":\"https:\/\/gabonnouvellevision.com\/gnv\/2024\/12\/21\/sos-prisonniers-gabon-a-la-prison-centrale-de-port-gentil\/#primaryimage\"},\"thumbnailUrl\":\"https:\/\/gabonnouvellevision.com\/gnv\/wp-content\/uploads\/2024\/12\/WhatsApp-Image-2024-12-21-a-12.55.20_cccc40fe.jpg\",\"datePublished\":\"2024-12-21T13:37:14+00:00\",\"dateModified\":\"2024-12-21T13:37:14+00:00\",\"breadcrumb\":{\"@id\":\"https:\/\/gabonnouvellevision.com\/gnv\/2024\/12\/21\/sos-prisonniers-gabon-a-la-prison-centrale-de-port-gentil\/#breadcrumb\"},\"inLanguage\":\"fr-FR\",\"potentialAction\":[{\"@type\":\"ReadAction\",\"target\":[\"https:\/\/gabonnouvellevision.com\/gnv\/2024\/12\/21\/sos-prisonniers-gabon-a-la-prison-centrale-de-port-gentil\/\"]}]},{\"@type\":\"ImageObject\",\"inLanguage\":\"fr-FR\",\"@id\":\"https:\/\/gabonnouvellevision.com\/gnv\/2024\/12\/21\/sos-prisonniers-gabon-a-la-prison-centrale-de-port-gentil\/#primaryimage\",\"url\":\"https:\/\/gabonnouvellevision.com\/gnv\/wp-content\/uploads\/2024\/12\/WhatsApp-Image-2024-12-21-a-12.55.20_cccc40fe.jpg\",\"contentUrl\":\"https:\/\/gabonnouvellevision.com\/gnv\/wp-content\/uploads\/2024\/12\/WhatsApp-Image-2024-12-21-a-12.55.20_cccc40fe.jpg\",\"width\":1280,\"height\":960},{\"@type\":\"BreadcrumbList\",\"@id\":\"https:\/\/gabonnouvellevision.com\/gnv\/2024\/12\/21\/sos-prisonniers-gabon-a-la-prison-centrale-de-port-gentil\/#breadcrumb\",\"itemListElement\":[{\"@type\":\"ListItem\",\"position\":1,\"name\":\"Accueil\",\"item\":\"https:\/\/gabonnouvellevision.com\/gnv\/\"},{\"@type\":\"ListItem\",\"position\":2,\"name\":\"SOS Prisonniers Gabon: \u00e0 la prison centrale de Port-Gentil\"}]},{\"@type\":\"WebSite\",\"@id\":\"https:\/\/gabonnouvellevision.com\/gnv\/#website\",\"url\":\"https:\/\/gabonnouvellevision.com\/gnv\/\",\"name\":\"Gabon Nouvelle Vision\",\"description\":\"\",\"publisher\":{\"@id\":\"https:\/\/gabonnouvellevision.com\/gnv\/#organization\"},\"potentialAction\":[{\"@type\":\"SearchAction\",\"target\":{\"@type\":\"EntryPoint\",\"urlTemplate\":\"https:\/\/gabonnouvellevision.com\/gnv\/?s={search_term_string}\"},\"query-input\":{\"@type\":\"PropertyValueSpecification\",\"valueRequired\":true,\"valueName\":\"search_term_string\"}}],\"inLanguage\":\"fr-FR\"},{\"@type\":\"Organization\",\"@id\":\"https:\/\/gabonnouvellevision.com\/gnv\/#organization\",\"name\":\"Gabon Nouvelle Vision\",\"url\":\"https:\/\/gabonnouvellevision.com\/gnv\/\",\"logo\":{\"@type\":\"ImageObject\",\"inLanguage\":\"fr-FR\",\"@id\":\"https:\/\/gabonnouvellevision.com\/gnv\/#\/schema\/logo\/image\/\",\"url\":\"https:\/\/gabonnouvellevision.com\/gnv\/wp-content\/uploads\/2025\/01\/logo-text_Plan-de-travail-1.png\",\"contentUrl\":\"https:\/\/gabonnouvellevision.com\/gnv\/wp-content\/uploads\/2025\/01\/logo-text_Plan-de-travail-1.png\",\"width\":7169,\"height\":2390,\"caption\":\"Gabon Nouvelle Vision\"},\"image\":{\"@id\":\"https:\/\/gabonnouvellevision.com\/gnv\/#\/schema\/logo\/image\/\"},\"sameAs\":[\"https:\/\/www.facebook.com\/GNVofficiel\"]},{\"@type\":\"Person\",\"@id\":\"https:\/\/gabonnouvellevision.com\/gnv\/#\/schema\/person\/4b48e07d222f83c0285affc3704bc899\",\"name\":\"Eyeng Obame\",\"image\":{\"@type\":\"ImageObject\",\"inLanguage\":\"fr-FR\",\"@id\":\"https:\/\/gabonnouvellevision.com\/gnv\/#\/schema\/person\/image\/\",\"url\":\"https:\/\/secure.gravatar.com\/avatar\/167bc03b8baf3c77318a47159f80871de6f5a6cbf4bc8b6af750fbc1a369d7bf?s=96&d=mm&r=g\",\"contentUrl\":\"https:\/\/secure.gravatar.com\/avatar\/167bc03b8baf3c77318a47159f80871de6f5a6cbf4bc8b6af750fbc1a369d7bf?s=96&d=mm&r=g\",\"caption\":\"Eyeng Obame\"},\"url\":\"https:\/\/gabonnouvellevision.com\/gnv\/author\/rufin\/\"}]}<\/script>\n<!-- \/ Yoast SEO plugin. -->","yoast_head_json":{"title":"SOS Prisonniers Gabon: \u00e0 la prison centrale de Port-Gentil - Gabon Nouvelle Vision","robots":{"index":"index","follow":"follow","max-snippet":"max-snippet:-1","max-image-preview":"max-image-preview:large","max-video-preview":"max-video-preview:-1"},"canonical":"https:\/\/gabonnouvellevision.com\/gnv\/2024\/12\/21\/sos-prisonniers-gabon-a-la-prison-centrale-de-port-gentil\/","og_locale":"fr_FR","og_type":"article","og_title":"SOS Prisonniers Gabon: \u00e0 la prison centrale de Port-Gentil - Gabon Nouvelle Vision","og_description":"Le Pr\u00e9sident de SOS Prisonniers Gabon,Lionel Ella Engonga (chemise blanche) entour\u00e9 des responsables de la prison centrale de Port-Gentil, ce samedi 21 d\u00e9cembre 2024. Ce samedi 21 d\u00e9cembre 2024, SOS prisonnier Gabon a d\u00e9pos\u00e9 ses valises dans la ville de Port-Gentil pour effectuer des dons aux d\u00e9tenus de la prison centrale de ladite ville, notamment [&hellip;]","og_url":"https:\/\/gabonnouvellevision.com\/gnv\/2024\/12\/21\/sos-prisonniers-gabon-a-la-prison-centrale-de-port-gentil\/","og_site_name":"Gabon Nouvelle Vision","article_publisher":"https:\/\/www.facebook.com\/GNVofficiel","article_published_time":"2024-12-21T13:37:14+00:00","og_image":[{"width":1280,"height":960,"url":"https:\/\/gabonnouvellevision.com\/gnv\/wp-content\/uploads\/2024\/12\/WhatsApp-Image-2024-12-21-a-12.55.20_cccc40fe.jpg","type":"image\/jpeg"}],"author":"Eyeng Obame","twitter_card":"summary_large_image","twitter_misc":{"\u00c9crit par":"Eyeng Obame","Dur\u00e9e de lecture estim\u00e9e":"2 minutes"},"schema":{"@context":"https:\/\/schema.org","@graph":[{"@type":"Article","@id":"https:\/\/gabonnouvellevision.com\/gnv\/2024\/12\/21\/sos-prisonniers-gabon-a-la-prison-centrale-de-port-gentil\/#article","isPartOf":{"@id":"https:\/\/gabonnouvellevision.com\/gnv\/2024\/12\/21\/sos-prisonniers-gabon-a-la-prison-centrale-de-port-gentil\/"},"author":{"name":"Eyeng Obame","@id":"https:\/\/gabonnouvellevision.com\/gnv\/#\/schema\/person\/4b48e07d222f83c0285affc3704bc899"},"headline":"SOS Prisonniers Gabon: \u00e0 la prison centrale de Port-Gentil","datePublished":"2024-12-21T13:37:14+00:00","dateModified":"2024-12-21T13:37:14+00:00","mainEntityOfPage":{"@id":"https:\/\/gabonnouvellevision.com\/gnv\/2024\/12\/21\/sos-prisonniers-gabon-a-la-prison-centrale-de-port-gentil\/"},"wordCount":408,"commentCount":0,"publisher":{"@id":"https:\/\/gabonnouvellevision.com\/gnv\/#organization"},"image":{"@id":"https:\/\/gabonnouvellevision.com\/gnv\/2024\/12\/21\/sos-prisonniers-gabon-a-la-prison-centrale-de-port-gentil\/#primaryimage"},"thumbnailUrl":"https:\/\/gabonnouvellevision.com\/gnv\/wp-content\/uploads\/2024\/12\/WhatsApp-Image-2024-12-21-a-12.55.20_cccc40fe.jpg","articleSection":["A la une","Actualites","Societe"],"inLanguage":"fr-FR","potentialAction":[{"@type":"CommentAction","name":"Comment","target":["https:\/\/gabonnouvellevision.com\/gnv\/2024\/12\/21\/sos-prisonniers-gabon-a-la-prison-centrale-de-port-gentil\/#respond"]}]},{"@type":"WebPage","@id":"https:\/\/gabonnouvellevision.com\/gnv\/2024\/12\/21\/sos-prisonniers-gabon-a-la-prison-centrale-de-port-gentil\/","url":"https:\/\/gabonnouvellevision.com\/gnv\/2024\/12\/21\/sos-prisonniers-gabon-a-la-prison-centrale-de-port-gentil\/","name":"SOS Prisonniers Gabon: \u00e0 la prison centrale de Port-Gentil - Gabon Nouvelle Vision","isPartOf":{"@id":"https:\/\/gabonnouvellevision.com\/gnv\/#website"},"primaryImageOfPage":{"@id":"https:\/\/gabonnouvellevision.com\/gnv\/2024\/12\/21\/sos-prisonniers-gabon-a-la-prison-centrale-de-port-gentil\/#primaryimage"},"image":{"@id":"https:\/\/gabonnouvellevision.com\/gnv\/2024\/12\/21\/sos-prisonniers-gabon-a-la-prison-centrale-de-port-gentil\/#primaryimage"},"thumbnailUrl":"https:\/\/gabonnouvellevision.com\/gnv\/wp-content\/uploads\/2024\/12\/WhatsApp-Image-2024-12-21-a-12.55.20_cccc40fe.jpg","datePublished":"2024-12-21T13:37:14+00:00","dateModified":"2024-12-21T13:37:14+00:00","breadcrumb":{"@id":"https:\/\/gabonnouvellevision.com\/gnv\/2024\/12\/21\/sos-prisonniers-gabon-a-la-prison-centrale-de-port-gentil\/#breadcrumb"},"inLanguage":"fr-FR","potentialAction":[{"@type":"ReadAction","target":["https:\/\/gabonnouvellevision.com\/gnv\/2024\/12\/21\/sos-prisonniers-gabon-a-la-prison-centrale-de-port-gentil\/"]}]},{"@type":"ImageObject","inLanguage":"fr-FR","@id":"https:\/\/gabonnouvellevision.com\/gnv\/2024\/12\/21\/sos-prisonniers-gabon-a-la-prison-centrale-de-port-gentil\/#primaryimage","url":"https:\/\/gabonnouvellevision.com\/gnv\/wp-content\/uploads\/2024\/12\/WhatsApp-Image-2024-12-21-a-12.55.20_cccc40fe.jpg","contentUrl":"https:\/\/gabonnouvellevision.com\/gnv\/wp-content\/uploads\/2024\/12\/WhatsApp-Image-2024-12-21-a-12.55.20_cccc40fe.jpg","width":1280,"height":960},{"@type":"BreadcrumbList","@id":"https:\/\/gabonnouvellevision.com\/gnv\/2024\/12\/21\/sos-prisonniers-gabon-a-la-prison-centrale-de-port-gentil\/#breadcrumb","itemListElement":[{"@type":"ListItem","position":1,"name":"Accueil","item":"https:\/\/gabonnouvellevision.com\/gnv\/"},{"@type":"ListItem","position":2,"name":"SOS Prisonniers Gabon: \u00e0 la prison centrale de Port-Gentil"}]},{"@type":"WebSite","@id":"https:\/\/gabonnouvellevision.com\/gnv\/#website","url":"https:\/\/gabonnouvellevision.com\/gnv\/","name":"Gabon Nouvelle Vision","description":"","publisher":{"@id":"https:\/\/gabonnouvellevision.com\/gnv\/#organization"},"potentialAction":[{"@type":"SearchAction","target":{"@type":"EntryPoint","urlTemplate":"https:\/\/gabonnouvellevision.com\/gnv\/?s={search_term_string}"},"query-input":{"@type":"PropertyValueSpecification","valueRequired":true,"valueName":"search_term_string"}}],"inLanguage":"fr-FR"},{"@type":"Organization","@id":"https:\/\/gabonnouvellevision.com\/gnv\/#organization","name":"Gabon Nouvelle Vision","url":"https:\/\/gabonnouvellevision.com\/gnv\/","logo":{"@type":"ImageObject","inLanguage":"fr-FR","@id":"https:\/\/gabonnouvellevision.com\/gnv\/#\/schema\/logo\/image\/","url":"https:\/\/gabonnouvellevision.com\/gnv\/wp-content\/uploads\/2025\/01\/logo-text_Plan-de-travail-1.png","contentUrl":"https:\/\/gabonnouvellevision.com\/gnv\/wp-content\/uploads\/2025\/01\/logo-text_Plan-de-travail-1.png","width":7169,"height":2390,"caption":"Gabon Nouvelle Vision"},"image":{"@id":"https:\/\/gabonnouvellevision.com\/gnv\/#\/schema\/logo\/image\/"},"sameAs":["https:\/\/www.facebook.com\/GNVofficiel"]},{"@type":"Person","@id":"https:\/\/gabonnouvellevision.com\/gnv\/#\/schema\/person\/4b48e07d222f83c0285affc3704bc899","name":"Eyeng Obame","image":{"@type":"ImageObject","inLanguage":"fr-FR","@id":"https:\/\/gabonnouvellevision.com\/gnv\/#\/schema\/person\/image\/","url":"https:\/\/secure.gravatar.com\/avatar\/167bc03b8baf3c77318a47159f80871de6f5a6cbf4bc8b6af750fbc1a369d7bf?s=96&d=mm&r=g","contentUrl":"https:\/\/secure.gravatar.com\/avatar\/167bc03b8baf3c77318a47159f80871de6f5a6cbf4bc8b6af750fbc1a369d7bf?s=96&d=mm&r=g","caption":"Eyeng Obame"},"url":"https:\/\/gabonnouvellevision.com\/gnv\/author\/rufin\/"}]}},"_links":{"self":[{"href":"https:\/\/gabonnouvellevision.com\/gnv\/wp-json\/wp\/v2\/posts\/3741","targetHints":{"allow":["GET"]}}],"collection":[{"href":"https:\/\/gabonnouvellevision.com\/gnv\/wp-json\/wp\/v2\/posts"}],"about":[{"href":"https:\/\/gabonnouvellevision.com\/gnv\/wp-json\/wp\/v2\/types\/post"}],"author":[{"embeddable":true,"href":"https:\/\/gabonnouvellevision.com\/gnv\/wp-json\/wp\/v2\/users\/7"}],"replies":[{"embeddable":true,"href":"https:\/\/gabonnouvellevision.com\/gnv\/wp-json\/wp\/v2\/comments?post=3741"}],"version-history":[{"count":0,"href":"https:\/\/gabonnouvellevision.com\/gnv\/wp-json\/wp\/v2\/posts\/3741\/revisions"}],"wp:featuredmedia":[{"embeddable":true,"href":"https:\/\/gabonnouvellevision.com\/gnv\/wp-json\/wp\/v2\/media\/3742"}],"wp:attachment":[{"href":"https:\/\/gabonnouvellevision.com\/gnv\/wp-json\/wp\/v2\/media?parent=3741"}],"wp:term":[{"taxonomy":"category","embeddable":true,"href":"https:\/\/gabonnouvellevision.com\/gnv\/wp-json\/wp\/v2\/categories?post=3741"},{"taxonomy":"post_tag","embeddable":true,"href":"https:\/\/gabonnouvellevision.com\/gnv\/wp-json\/wp\/v2\/tags?post=3741"}],"curies":[{"name":"wp","href":"https:\/\/api.w.org\/{rel}","templated":true}]}}