{"id":3731,"date":"2024-12-20T11:52:30","date_gmt":"2024-12-20T10:52:30","guid":{"rendered":"https:\/\/gabonnouvellevision.com\/gnv\/?p=3731"},"modified":"2024-12-20T11:52:30","modified_gmt":"2024-12-20T10:52:30","slug":"gabon-communique-final-du-conseil-des-ministres-du-19-decembre-2024","status":"publish","type":"post","link":"https:\/\/gabonnouvellevision.com\/gnv\/2024\/12\/20\/gabon-communique-final-du-conseil-des-ministres-du-19-decembre-2024\/","title":{"rendered":"Gabon: communiqu\u00e9 final du Conseil des Ministres du 19 d\u00e9cembre 2024"},"content":{"rendered":"<p><strong>Gabon : communiqu\u00e9 final du Conseil des ministres du 19 d\u00e9cembre 2024<\/strong><\/p>\n<p><strong>Sous la Tr\u00e8s Haute Pr\u00e9sidence de Son Excellence\u00a0 Brice Clotaire OLIGUI NGUEMA, G\u00e9n\u00e9ral de\u00a0 Brigade, Pr\u00e9sident de la Transition, Pr\u00e9sident de la\u00a0 R\u00e9publique, Chef de l\u2019\u00c9tat, le Conseil des\u00a0 Ministres s\u2019est r\u00e9uni ce jeudi 19 d\u00e9cembre 2024 \u00e0\u00a0 11 heures 30, au Palais de la Pr\u00e9sidence de la\u00a0 R\u00e9publique.\u00a0<\/strong><\/p>\n<p>En ouverture des travaux, le Conseil des Ministres\u00a0 a salu\u00e9 avec solennit\u00e9 la promulgation de la nouvelle Constitution de la R\u00e9publique gabonaise,\u00a0 intervenue dans le cadre d\u2019une c\u00e9r\u00e9monie \u00e0 la\u00a0 Place de la Lib\u00e9ration. Par cet acte historique, Son\u00a0 Excellence, Monsieur le Pr\u00e9sident de la Transition\u00a0 consacre l\u2019entr\u00e9e en vigueur de ce texte\u00a0 fondamental qui r\u00e9organise les pouvoirs publics et\u00a0 renforce les libert\u00e9s individuelles et collectives au\u00a0 sein de la nouvelle R\u00e9publique. La promulgation\u00a0 de cette nouvelle Constitution sera suivie de sa\u00a0 publication prochaine au Journal Officiel de la\u00a0 R\u00e9publique Gabonaise, rendant son contenu\u00a0 accessible \u00e0 tous et marquant le d\u00e9but de son\u00a0 applicabilit\u00e9.<\/p>\n<p>Le Conseil des Ministres a ensuite mis en exergue l\u2019intense activit\u00e9 diplomatique men\u00e9e par Son\u00a0 Excellence le G\u00e9n\u00e9ral de Brigade Brice Clotaire<\/p>\n<p>OLIGUI NGUEMA. Ces initiatives diplomatiques\u00a0 illustrent la volont\u00e9 du Gabon de renforcer ses\u00a0 relations internationales et de promouvoir une\u00a0 int\u00e9gration r\u00e9gionale et globale accrue. Parmi les\u00a0 faits marquants, le Conseil a relev\u00e9 la participation\u00a0 du Chef de l\u2019\u00c9tat au sommet extraordinaire de la\u00a0 CEMAC \u00e0 Yaound\u00e9, ainsi que ses visites\u00a0 officielles en \u00c9gypte, au S\u00e9n\u00e9gal et en Belgique.<\/p>\n<p>Lors du sommet extraordinaire de la Communaut\u00e9 \u00c9conomique et Mon\u00e9taire de l\u2019Afrique Centrale\u00a0 (CEMAC), tenu le 16 d\u00e9cembre 2024 \u00e0 Yaound\u00e9,\u00a0 Son Excellence le Pr\u00e9sident de la Transition a\u00a0 r\u00e9pondu favorablement \u00e0 l\u2019invitation conjointe de\u00a0\u00a0<strong>Leurs Excellences Messieurs Paul BIYA,\u00a0<\/strong><\/p>\n<p>Pr\u00e9sident de la R\u00e9publique du Cameroun, et\u00a0\u00a0<strong>Faustin Archange TOUADERA<\/strong>, Pr\u00e9sident de la\u00a0 R\u00e9publique Centrafricaine. Sous le th\u00e8me\u00a0<em>\u00ab\u00a0 \u00c9valuation de la situation et perspectives\u00a0 \u00e9conomiques, mon\u00e9taires et financi\u00e8res de la\u00a0 CEMAC : mesures de consolidation de la\u00a0 r\u00e9silience\u00a0<\/em>\u00bb, cette rencontre a permis de d\u00e9battre\u00a0 des d\u00e9fis macro\u00e9conomiques actuels et de\u00a0 souligner l\u2019urgence d\u2019une diversification\u00a0 \u00e9conomique accrue et d\u2019une gestion rigoureuse des\u00a0 finances publiques. Parmi les mesures adopt\u00e9es\u00a0 figurent :<\/p>\n<p>\u2013 la poursuite d\u2019une consolidation budg\u00e9taire\u00a0 ordonn\u00e9e dans le cadre des discussions\u00a0 bilat\u00e9rales avec les partenaires techniques et\u00a0 financiers ;<\/p>\n<p>\u2013 la production et la diffusion r\u00e9guli\u00e8res de\u00a0 donn\u00e9es budg\u00e9taires, \u00e9conomiques et\u00a0 financi\u00e8res fiables ;<\/p>\n<p>\u2013 le renforcement de la r\u00e9glementation des\u00a0 changes par le rapatriement diligent des\u00a0 devises.<\/p>\n<p>Par ailleurs, les Chefs d\u2019\u00c9tat ont sollicit\u00e9 l\u2019appui\u00a0 du FMI et de la Banque mondiale pour\u00a0 accompagner les \u00c9tats membres dans le processus\u00a0 de rapatriement et de domiciliation des revenus\u00a0 p\u00e9troliers, tout en r\u00e9affirmant leur engagement en\u00a0 faveur d\u2019une politique d\u2019endettement prudente et\u00a0 orient\u00e9e vers des financements concessionnels.<\/p>\n<p>Auparavant, les 28 et 29 novembre, le Pr\u00e9sident de\u00a0 la Transition s\u2019\u00e9tait rendu en \u00c9gypte \u00e0 l\u2019invitation\u00a0 de\u00a0<strong>Son Excellence Abdel Fattah al-Sissi<\/strong>. Cette\u00a0 visite de travail a permis de consolider la\u00a0 coop\u00e9ration bilat\u00e9rale dans des secteurs\u00a0 strat\u00e9giques tels que le commerce,\u00a0 l\u2019investissement, la sant\u00e9, l\u2019\u00e9nergie et l\u2019industrie.<\/p>\n<p>En marge de cette visite, le Chef de l\u2019\u00c9tat a\u00a0 rencontr\u00e9 une d\u00e9l\u00e9gation d\u2019investisseurs \u00e9gyptiens\u00a0 impliqu\u00e9s dans des projets structurants pour le\u00a0 Gabon.<\/p>\n<p>Du 30 novembre au 3 d\u00e9cembre, Son Excellence le\u00a0 Pr\u00e9sident de la Transition a \u00e9t\u00e9 l\u2019h\u00f4te du S\u00e9n\u00e9gal \u00e0\u00a0 l\u2019invitation de\u00a0<strong>Son Excellence Bassirou\u00a0 DIOMAYE FAYE<\/strong>. Lors de cette visite, il a pris\u00a0 part aux comm\u00e9morations du 80\u00e8me anniversaire\u00a0 du massacre des tirailleurs s\u00e9n\u00e9galais du camp de\u00a0 Thiaroye. La deuxi\u00e8me partie du s\u00e9jour s\u00e9n\u00e9galais\u00a0 du Chef de l\u2019\u00c9tat a \u00e9t\u00e9 consacr\u00e9e \u00e0 une visite\u00a0 officielle qui a permis de renforcer les relations\u00a0 bilat\u00e9rales entre le Gabon et le S\u00e9n\u00e9gal \u00e0 travers\u00a0 des consultations de haut niveau.<\/p>\n<p>Enfin, les 26 et 27 novembre, le Chef de l\u2019\u00c9tat a\u00a0 r\u00e9pondu \u00e0 une invitation de\u00a0<strong>Son Excellence\u00a0 Charles Michel<\/strong>, Pr\u00e9sident du Conseil Europ\u00e9en.\u00a0 En marge de cette rencontre, plusieurs accords de\u00a0 partenariat ont \u00e9t\u00e9 sign\u00e9s entre le Gabon et l\u2019Union\u00a0 Europ\u00e9enne (UE). Ces accords couvrent des\u00a0 domaines essentiels tels que la gestion durable des\u00a0 for\u00eats, l\u2019\u00e9conomie et les transports, avec\u00a0 notamment une subvention pour le programme de\u00a0 modernisation du Transgabonais.<\/p>\n<p>Le Conseil des Ministres a salu\u00e9 ces initiatives\u00a0 diplomatiques remarquables, qui r\u00e9affirment la\u00a0 volont\u00e9 du Gabon de jouer un r\u00f4le actif sur la\u00a0 sc\u00e8ne internationale et de consolider sa position en\u00a0tant qu\u2019acteur majeur de la coop\u00e9ration r\u00e9gionale\u00a0 et mondiale.<\/p>\n<p><strong>AU TITRE DES PROJETS DE\u00a0 TEXTES LEGISLATIFS ET\u00a0 REGLEMENTAIRES\u00a0<\/strong><\/p>\n<p><strong>MINISTERE DE LA REFORME DES\u00a0\u00a0INSTITUTIONS\u00a0<\/strong><\/p>\n<p>\u2013\u00a0<strong>Projet de loi autorisant le Pr\u00e9sident de la\u00a0 Transition, Pr\u00e9sident de la R\u00e9publique,\u00a0 Chef de l\u2019\u00c9tat \u00e0 l\u00e9gif\u00e9rer par ordonnance\u00a0 pendant l\u2019intersession parlementaire\u00a0<\/strong><\/p>\n<p>Pris en application des dispositions de l\u2019article 52\u00a0 de la loi n\u00b003\/91 du 26 mars 1991 portant\u00a0 Constitution de la R\u00e9publique Gabonaise, le\u00a0 pr\u00e9sent projet de loi d\u2019habilitation autorise le\u00a0 Pr\u00e9sident de la Transition, Pr\u00e9sident de la\u00a0 R\u00e9publique, Chef de l\u2019\u00c9tat, \u00e0 l\u00e9gif\u00e9rer par\u00a0 ordonnance pendant l\u2019Intersession parlementaire.<\/p>\n<p>\u2013\u00a0<strong>Projet de loi portant r\u00e9organisation de\u00a0 l\u2019Agence de R\u00e9gulation du Secteur de\u00a0 l\u2019Eau potable et de l\u2019\u00c9nergie (ARSEE).\u00a0<\/strong><\/p>\n<p>Le pr\u00e9sent projet de loi concerne la r\u00e9organisation\u00a0 de l\u2019Agence de R\u00e9gulation du Secteur Eau Potable\u00a0 et \u00c9nergie \u00c9lectrique (ARSEE). Il a pour objectif\u00a0 de mettre l\u2019Agence en conformit\u00e9 avec les normes\u00a0 juridiques en vigueur, tout en am\u00e9liorant son\u00a0 organisation et son efficacit\u00e9.<\/p>\n<p>L\u2019ARSEE sera renomm\u00e9e en tant qu\u2019Autorit\u00e9 de\u00a0 R\u00e9gulation du Secteur de l\u2019Eau Potable et de\u00a0 l\u2019\u00c9nergie \u00c9lectrique et sera structur\u00e9e autour de\u00a0 trois organes : le Conseil de R\u00e9gulation, le\u00a0 Secr\u00e9tariat Ex\u00e9cutif et l\u2019Agence Comptable.<\/p>\n<p>Le projet renforce ses missions, notamment en\u00a0 mati\u00e8re de r\u00e9gulation des services, de protection\u00a0 des usagers et des op\u00e9rateurs, ainsi qu\u2019en\u00a0 augmentant ses pouvoirs de sanction en cas de\u00a0 manquements.<\/p>\n<p>Il octroie \u00e9galement \u00e0 l\u2019Autorit\u00e9 de nouveaux\u00a0 pouvoirs, incluant l\u2019acc\u00e8s \u00e0 des informations\u00a0 confidentielles et \u00e0 des installations, ainsi que des\u00a0 pr\u00e9rogatives en mati\u00e8re d\u2019arbitrage et de m\u00e9diation.\u00a0 Enfin, le projet pr\u00e9voit l\u2019introduction d\u2019un statut\u00a0sp\u00e9cifique pour les agents de l\u2019ARSEE, qui devront\u00a0 pr\u00eater serment devant la Cour d\u2019Appel.<\/p>\n<p><strong>MINISTERE DE LA JUSTICE, GARDE DES\u00a0\u00a0SCEAUX\u00a0<\/strong><\/p>\n<p>\u2013\u00a0<strong>Projet de d\u00e9cret portant cr\u00e9ation de charges\u00a0 d\u2019huissiers.\u00a0<\/strong><\/p>\n<p>Pris conform\u00e9ment aux dispositions des articles 4\u00a0 et 104 de la loi n\u00b0001\/2022 du 23 mars 2022 fixant\u00a0 les conditions d\u2019exercice de la profession\u00a0 d\u2019huissier de justice en R\u00e9publique gabonaise, ce\u00a0 texte vise \u00e0 :<\/p>\n<p>\u2013 am\u00e9liorer l\u2019efficacit\u00e9 du fonctionnement de la\u00a0 justice gabonaise ;<\/p>\n<p>\u2013 r\u00e9gulariser la situation des Clercs d\u2019huissiers\u00a0 de justice ;<\/p>\n<p>\u2013 R\u00e9pondre aux attentes des compatriotes\u00a0 dipl\u00f4m\u00e9s d\u00e9sireux d\u2019int\u00e9grer cette profession.<\/p>\n<p>Ce d\u00e9cret r\u00e9pond aux besoins structurels de\u00a0 modernisation et d\u2019accessibilit\u00e9 de la justice en\u00a0 R\u00e9publique gabonaise.<\/p>\n<p><strong>MINISTERE DE LA SANTE\u00a0<\/strong><\/p>\n<p>\u2013\u00a0<strong>Projet de d\u00e9cret portant approbation des\u00a0 statuts de l\u2019Agence Nationale du\u00a0 M\u00e9dicament et des Autres Produits de Sant\u00e9\u00a0 (ANMAPS).\u00a0<\/strong><\/p>\n<p>Le pr\u00e9sent projet de d\u00e9cret vient en application des\u00a0 dispositions pertinentes de l\u2019ordonnance\u00a0 n\u00b00004\/PR\/2023 du 24 novembre 2023, ratifi\u00e9e par\u00a0 la loi n\u00b0006\/2023 du 26 janvier 2024, portant\u00a0 cr\u00e9ation de l\u2019Agence Nationale du M\u00e9dicament et\u00a0 des Autres Produits de Sant\u00e9.<\/p>\n<p>Il vise \u00e0 d\u00e9finir les statuts de cet \u00e9tablissement\u00a0 public, pr\u00e9cisant ainsi son cadre organisationnel et\u00a0 fonctionnel pour garantir son op\u00e9rationnalisation\u00a0 efficace.<\/p>\n<p><strong>MINISTERE DE L\u2019AGRICULTURE, DE\u00a0\u00a0L\u2019ELEVAGE ET DE LA PECHE\u00a0<\/strong><\/p>\n<p>\u2013\u00a0<strong>Projet de d\u00e9cret portant modification de\u00a0 certaines dispositions du d\u00e9cret\u00a0 n\u00b00579\/PT\/MAEP du 30 novembre 2015\u00a0 fixant les modalit\u00e9s et conditions d\u2019exercice\u00a0 de la p\u00eache\u00a0<\/strong><\/p>\n<p>Le pr\u00e9sent projet de d\u00e9cret modifie le cadre\u00a0 juridique de la p\u00eache au Gabon pour une gestion\u00a0 plus rigoureuse et durable des ressources\u00a0 halieutiques. Il introduit des restrictions concernant\u00a0 les titres de p\u00eache, leur transfert et leur cession, et\u00a0 impose des conditions strictes pour l\u2019octroi, le\u00a0 refus, ou le retrait de ces titres, notamment pour\u00a0 des infractions ou des imp\u00e9ratifs de conservation\u00a0 des ressources.<\/p>\n<p>Des mesures sp\u00e9cifiques interdisent certains engins\u00a0 et techniques de p\u00eache afin de pr\u00e9server les\u00a0 \u00e9cosyst\u00e8mes marins et r\u00e9glementent l\u2019acc\u00e8s des\u00a0 navires \u00e9trangers aux eaux gabonaises. Le d\u00e9cret\u00a0 d\u00e9finit \u00e9galement cinq (5) zones de p\u00eache avec des\u00a0 restrictions et des affectations particuli\u00e8res selon\u00a0 les types de p\u00eache (artisanale, sportive,\u00a0 industrielle, coutumi\u00e8re). Enfin, il encadre les activit\u00e9s de p\u00eache artisanale, industrielle et\u00a0 scientifique avec des obligations pr\u00e9cises en termes\u00a0 d\u2019infrastructures locales, de licences, et de respect\u00a0 des quotas.<\/p>\n<p>\u2013\u00a0<strong>Projet de d\u00e9cret portant r\u00e9organisation de\u00a0 la Direction G\u00e9n\u00e9rale des P\u00eaches et de\u00a0 l\u2019Aquaculture\u00a0<\/strong><\/p>\n<p>Le pr\u00e9sent projet de d\u00e9cret r\u00e9organise la Direction\u00a0 G\u00e9n\u00e9rale des P\u00eaches et de l\u2019Aquaculture (DGPA).\u00a0 Il red\u00e9finit ses missions et son organisation, en\u00a0 actualisant le cadre \u00e9tabli par le d\u00e9cret de 1995. Il<\/p>\n<p>vise \u00e0 renforcer la politique gouvernementale en\u00a0 mati\u00e8re de p\u00eaches et d\u2019aquaculture, notamment par\u00a0 l\u2019\u00e9laboration et la mise en \u0153uvre de strat\u00e9gies\u00a0 sectorielles, la promotion des activit\u00e9s halieutiques\u00a0 et la pr\u00e9servation des ressources.<\/p>\n<p>La DGPA est \u00e9galement charg\u00e9e de g\u00e9rer les\u00a0 infrastructures, d\u2019assurer la surveillance et la\u00a0 tra\u00e7abilit\u00e9 des produits, et de coordonner les\u00a0 coop\u00e9rations nationales et internationales.<\/p>\n<p>Enfin, elle veille \u00e0 l\u2019application des normes et\u00a0 conventions internationales, tout en garantissant un\u00a0 d\u00e9veloppement durable du secteur.<\/p>\n<p><strong>MINISTERE DES COMPTES PUBLICS\u00a0<\/strong><\/p>\n<p>\u2013\u00a0<strong>Projet de d\u00e9cret portant r\u00e9organisation de\u00a0 la Direction G\u00e9n\u00e9rale du Patrimoine\u00a0<\/strong><\/p>\n<p>Afin d\u2019am\u00e9liorer l\u2019efficacit\u00e9 de ce service public,\u00a0 la r\u00e9forme introduit de nouveaux services d\u2019appui,\u00a0 notamment une Inspection des services pour\u00a0 garantir la r\u00e9gularit\u00e9 des activit\u00e9s et une Brigade de<\/p>\n<p>contr\u00f4le et d\u2019investigations pour sanctionner les\u00a0 infractions li\u00e9es \u00e0 l\u2019usage du patrimoine public.\u00a0 La Direction G\u00e9n\u00e9rale du Patrimoine renforce\u00a0 \u00e9galement les services centraux avec une Direction des ressources humaines, une Direction juridique\u00a0 pour le contentieux et le cadre r\u00e9glementaire, ainsi\u00a0 qu\u2019une Direction de la Comptabilit\u00e9 des Mati\u00e8res\u00a0 charg\u00e9e de centraliser et consolider la gestion des\u00a0 immobilisations de l\u2019\u00c9tat.<\/p>\n<p>Par ailleurs, des Directions provinciales et des\u00a0 Correspondants ext\u00e9rieurs seront cr\u00e9\u00e9s et leurs\u00a0 missions d\u00e9finies par arr\u00eat\u00e9 minist\u00e9riel. Ce\u00a0 r\u00e9am\u00e9nagement vise \u00e0 assurer une gestion optimale\u00a0 et conforme aux exigences de bonne gouvernance.<\/p>\n<p><strong>MINISTERE DU PETROLE\u00a0<\/strong><\/p>\n<p><strong>\u2013 Projet de d\u00e9cret portant cr\u00e9ation et\u00a0 organisation de la Direction G\u00e9n\u00e9rale de\u00a0 l\u2019Amont P\u00e9trolier et Gazier.\u00a0<\/strong><\/p>\n<p>Le pr\u00e9sent projet de d\u00e9cret met en place une Direction G\u00e9n\u00e9rale de l\u2019Amont P\u00e9trolier et Gazier,\u00a0 charg\u00e9e de mettre en \u0153uvre la politique du\u00a0 Gouvernement dans ce secteur strat\u00e9gique. Cette\u00a0 direction aura pour mission de suivre et de\u00a0contr\u00f4ler les activit\u00e9s des soci\u00e9t\u00e9s op\u00e9rant dans le\u00a0 domaine de l\u2019amont p\u00e9trolier et gazier. Elle\u00a0 veillera particuli\u00e8rement \u00e0 l\u2019application de la\u00a0 r\u00e9glementation afin d\u2019assurer la conformit\u00e9 des\u00a0 op\u00e9rations dans ce secteur cl\u00e9 pour l\u2019\u00e9conomie\u00a0 nationale.<\/p>\n<p><strong>\u2013 Projet de d\u00e9cret portant cr\u00e9ation et\u00a0 organisation de la Direction G\u00e9n\u00e9rale de\u00a0 l\u2019Aval P\u00e9trolier et Gazier.\u00a0<\/strong><\/p>\n<p>Le pr\u00e9sent projet de d\u00e9cret porte cr\u00e9ation d\u2019une Direction G\u00e9n\u00e9rale de l\u2019Aval P\u00e9trolier et Gazier,\u00a0 charg\u00e9e de mettre en \u0153uvre la politique\u00a0 gouvernementale dans ce domaine crucial.<\/p>\n<p>Cette direction est responsable de garantir la\u00a0 qualit\u00e9 et la s\u00e9curit\u00e9 des approvisionnements, ainsi\u00a0 que de l\u2019entreposage et du stockage des produits\u00a0 p\u00e9troliers, gaziers, biocarburants et agro carburants sur le territoire national. Elle assure \u00e9galement la\u00a0 conformit\u00e9 avec la r\u00e9glementation en mati\u00e8re de\u00a0 protection de l\u2019environnement dans le secteur de\u00a0 l\u2019aval p\u00e9trolier et gazier, en collaboration avec les\u00a0 autres administrations comp\u00e9tentes.<\/p>\n<p><strong>\u2013 Projet de d\u00e9cret portant cr\u00e9ation et\u00a0 organisation, de la Direction G\u00e9n\u00e9rale des\u00a0 Affaires \u00c9conomiques, Juridiques et de\u00a0 Gestion des Donn\u00e9es P\u00e9troli\u00e8res et Gazi\u00e8res.\u00a0<\/strong><\/p>\n<p>Ce projet de d\u00e9cret fixe le cadre organisationnel de\u00a0 ce service central \u00e0 comp\u00e9tence nationale. Cette\u00a0 direction g\u00e9n\u00e9rale a pour mission de mettre en\u00a0 \u0153uvre la politique du Gouvernement dans les\u00a0 domaines \u00e9conomiques, juridiques, fiscaux et de\u00a0 gestion des donn\u00e9es pour le secteur des\u00a0 hydrocarbures. Elle est charg\u00e9e de la\u00a0 r\u00e9glementation, de la gestion des titres p\u00e9troliers et\u00a0 gaziers, des n\u00e9gociations de contrats, de la fixation\u00a0 des prix, et de la gestion des revenus p\u00e9troliers et\u00a0 gaziers. La Direction sera plac\u00e9e sous l\u2019autorit\u00e9\u00a0 d\u2019un Directeur G\u00e9n\u00e9ral et comprend plusieurs services d\u2019appui, centraux et territoriaux.<\/p>\n<p><strong>MINISTERE DE L\u2019HABITAT, DE\u00a0\u00a0L\u2019URBANISME ET DU CADASTRE\u00a0<\/strong><\/p>\n<p>\u2013\u00a0<strong>Projet de d\u00e9cret portant D\u00e9claration\u00a0 d\u2019Utilit\u00e9 Publique (DUP) de l\u2019occupation\u00a0 par l\u2019\u00c9tat d\u2019une bande de terre.<\/strong><\/p>\n<p>Le pr\u00e9sent projet de d\u00e9cret porte sur la d\u00e9claration\u00a0 d\u2019utilit\u00e9 publique de l\u2019occupation par l\u2019\u00c9tat d\u2019une\u00a0 bande de terre d\u2019un lin\u00e9aire total de 21,280 km, en\u00a0 vue de l\u2019am\u00e9nagement de trois (3) sections de\u00a0 voirie dans la Commune d\u2019Akanda (Santa Clara,\u00a0 Cap des P\u00e8res, Bolokobw\u00e9). Cette d\u00e9marche se\u00a0 justifie par l\u2019urgence de r\u00e9aliser un projet d\u2019int\u00e9r\u00eat\u00a0 g\u00e9n\u00e9ral.<\/p>\n<p><strong>EN MATIERE DE POLITIQUE GENERALE\u00a0<\/strong><\/p>\n<p><strong>MINISTERE DE LA REFORME DES\u00a0\u00a0INSTITUTIONS\u00a0<\/strong><\/p>\n<p>Sur pr\u00e9sentation du Ministre, le Conseil a pris\u00a0 bonne note de la communication relative \u00e0 la\u00a0 c\u00e9l\u00e9bration, le 9 d\u00e9cembre 2024, de la Journ\u00e9e\u00a0 nationale de la Lutte contre la corruption et\u00a0 l\u2019enrichissement illicite, conform\u00e9ment aux\u00a0 dispositions de la Convention des Nations Unies\u00a0 contre la corruption et en application du d\u00e9cret\u00a0 n\u00b0005\/PR du 22 janvier 2010 instaurant une\u00a0 Journ\u00e9e nationale de Lutte contre la Corruption et\u00a0 l\u2019Enrichissement Illicite.<\/p>\n<p>Le th\u00e8me de la journ\u00e9e \u00e9tait :\u00a0<em>\u00ab Lutte contre la\u00a0 corruption et l\u2019enrichissement illicite dans le\u00a0 secteur des Transports \u00bb<\/em>.<\/p>\n<p><strong>MINISTERE DES AFFAIRES ETRANGERES,\u00a0\u00a0CHARGE DE L\u2019INTEGRATION SOUS REGIONALE ET DES GABONAIS DE\u00a0\u00a0L\u2019ETRANGER\u00a0<\/strong><\/p>\n<p>Sur pr\u00e9sentation du Ministre, le Conseil a marqu\u00e9\u00a0 son accord pour les demandes d\u2019agr\u00e9ment des\u00a0 personnalit\u00e9s diplomatiques suivantes :<\/p>\n<p>\u2013\u00a0<strong><em>Le G\u00e9n\u00e9ral Sohail Ahmad Khan<\/em><\/strong>, en qualit\u00e9\u00a0 de Haut-Commissaire de la R\u00e9publique\u00a0 Islamique du Pakistan pr\u00e8s la R\u00e9publique\u00a0 Gabonaise, avec r\u00e9sidence \u00e0 Abuja ;<\/p>\n<p>\u2013\u00a0<strong><em>Madame Leilani Bin-Juda<\/em><\/strong>, en qualit\u00e9 de\u00a0 Haut-Commissaire d\u2019Australie pr\u00e8s la\u00a0 R\u00e9publique Gabonaise, avec r\u00e9sidence \u00e0\u00a0 Abuja ;<\/p>\n<p>\u2013\u00a0<strong><em>Madame Riham Hussein Ammar<\/em><\/strong>, en qualit\u00e9\u00a0 d\u2019Ambassadeur Extraordinaire et\u00a0 Pl\u00e9nipotentiaire de la R\u00e9publique Arabe\u00a0d\u2019\u00c9gypte pr\u00e8s la R\u00e9publique Gabonaise,\u00a0 avec r\u00e9sidence \u00e0 Libreville ;<\/p>\n<p>\u2013\u00a0<strong><em>Monsieur Joakim Vaverka<\/em><\/strong>, en qualit\u00e9\u00a0 d\u2019Ambassadeur Extraordinaire et\u00a0 Pl\u00e9nipotentiaire du Royaume de Su\u00e8de pr\u00e8s\u00a0 la R\u00e9publique Gabonaise, avec r\u00e9sidence \u00e0\u00a0 Kinshasa ;<\/p>\n<p>\u2013\u00a0<strong><em>Madame Odette Nisabwa<\/em><\/strong>, en qualit\u00e9 de Consul Honoraire de la R\u00e9publique du\u00a0 Burundi \u00e0 Libreville.<\/p>\n<p>Dans le m\u00eame sens, le Conseil a pris bonne note de\u00a0 l\u2019ouverture d\u2019un Consulat Honoraire de la\u00a0 R\u00e9publique de Djibouti \u00e0 Libreville et de la\u00a0 nomination d\u2019un consul honoraire, ainsi que de\u00a0 celle relative \u00e0 l\u2019int\u00e9rim au Consulat Honoraire de\u00a0 la R\u00e9publique du Niger au Gabon.<\/p>\n<p><strong>MINISTERE DE LA SANTE\u00a0<\/strong><\/p>\n<p>Au terme de la pr\u00e9sentation du Ministre, le Conseil\u00a0 a marqu\u00e9 son accord pour l\u2019organisation d\u2019un\u00a0 atelier r\u00e9gional sur l\u2019\u00e9limination des produits\u00a0 cosm\u00e9tiques \u00e9claircissants contenant du mercure et\u00a0d\u2019autres substances dangereuses pour la sant\u00e9, \u00e0\u00a0 Libreville, du 20 au 24 janvier 2025.<\/p>\n<p><strong>MINISTERE L\u2019AGRICULTURE, DE\u00a0\u00a0l\u2019ELEVAGE ET DE LA PECHE\u00a0<\/strong><\/p>\n<p>Le Conseil a marqu\u00e9 son accord pour\u00a0 l\u2019organisation, en f\u00e9vrier 2025, de la Foire\u00a0 Agricole de Libreville, conform\u00e9ment aux\u00a0 dispositions du d\u00e9cret n\u00b00034\/PR\/MAECPG du 24\u00a0 janvier 2018. Cette \u00e9dition, plac\u00e9e sous le th\u00e8me \u00ab\u00a0\u00a0<em>Entrepreneuriat agricole : un levier de\u00a0 diversification de l\u2019\u00e9conomie gabonaise\u00a0<\/em>\u00bb, verra la\u00a0 participation des producteurs locaux venant des\u00a0 neuf (9) provinces du Gabon.<\/p>\n<p><strong>MINISTERE DE LA CULTURE, DE LA\u00a0\u00a0JEUNESSE, DES SPORTS ET DES ARTS\u00a0<\/strong><\/p>\n<p>Sur pr\u00e9sentation du Ministre, le Conseil a marqu\u00e9 son approbation pour la c\u00e9l\u00e9bration conjointe, en\u00a0 mars 2025 \u00e0 Libreville, par le Minist\u00e8re de la\u00a0 Culture et l\u2019UNESCO, du 70e anniversaire de la\u00a0 Convention de La Haye de 1954 relative \u00e0 la\u00a0 protection des biens culturels en cas de conflit\u00a0arm\u00e9, ainsi que du 25<sup>\u00e8me\u00a0<\/sup>anniversaire du second\u00a0 Protocole de la Convention de La Haye de 1999,\u00a0 qui renforce le cadre juridique de la Convention de\u00a0 La Haye.<\/p>\n<p><strong>MINISTERE DE L\u2019ECONOMIE\u00a0\u00a0NUMERIQUE ET DES NOUVELLES\u00a0\u00a0TECHNOLOGIES DE L\u2019INFORMATION\u00a0<\/strong><\/p>\n<p>Le Conseil a donn\u00e9 son accord pour la signature\u00a0 d\u2019une convention avec le Consortium\u00a0 AFRASTRUCTURES SAS en vue de la lev\u00e9e d\u2019un financement priv\u00e9 pour l\u2019implantation d\u2019un\u00a0 Technop\u00f4le Num\u00e9rique et Industriel au Gabon.<\/p>\n<p>Le Conseil note que ce projet ambitieux de\u00a0 technop\u00f4le a pour objectif de produire localement\u00a0 des \u00e9quipements num\u00e9riques et \u00e9lectroniques, de\u00a0 recycler et valoriser les d\u00e9chets \u00e9lectroniques, de\u00a0 cr\u00e9er un \u00e9cosyst\u00e8me num\u00e9rique et industriel, ainsi\u00a0 que de construire une salle blanche num\u00e9rique\u00a0 destin\u00e9e \u00e0 la r\u00e9cup\u00e9ration de donn\u00e9es inaccessibles\u00a0 ou perdues sur nos \u00e9quipements de stockage\u00a0 num\u00e9rique. Il concernera tant le secteur public que\u00a0 priv\u00e9, et aura une port\u00e9e r\u00e9gionale, b\u00e9n\u00e9ficiant aux\u00a0 pays de la sous-r\u00e9gion.<\/p>\n<p><strong>MINISTERE DU COMMERCE, DES PME PMI, CHARGE DES ACTIVITES\u00a0\u00a0GENERATRICES DE REVENUS\u00a0<\/strong><\/p>\n<p>Le Conseil a pris bonne note de trois (3)\u00a0 communications relatives \u00e0 :<\/p>\n<p>1.La Journ\u00e9e Internationale pour l\u2019\u00c9limination\u00a0 de la Pauvret\u00e9 ;<\/p>\n<p>2.La pr\u00e9sentation du rapport relatif \u00e0\u00a0 l\u2019exposition-vente de produits locaux : \u00ab Expo\u00a0 F\u00eate des M\u00e8res 2024 Made in Gabon \u00bb ;<\/p>\n<p>3.La pr\u00e9sentation du rapport sur l\u2019atelier de\u00a0 sensibilisation et de renforcement des capacit\u00e9s\u00a0 des organisations de lutte contre la pauvret\u00e9\u00a0 (OLP) \u00e0 Franceville.<\/p>\n<p>Par ailleurs, le Conseil a marqu\u00e9 son approbation\u00a0 pour l\u2019organisation, du 17 au 31 d\u00e9cembre 2024, \u00e0\u00a0 Libreville, de la 13<sup>e<\/sup>\u00e9dition de l\u2019exposition-vente\u00a0 des produits locaux issus des groupements\u00a0 associatifs.<\/p>\n<p><strong>AU TITRE DES MISSIONS-SEMINAIRES ET\u00a0 CONFERENCES<\/strong><\/p>\n<p><strong>MINISTERE DU TOURISME ET DE\u00a0\u00a0L\u2019ARTISANAT\u00a0<\/strong><\/p>\n<p>Sur pr\u00e9sentation du Ministre, le Conseil a marqu\u00e9\u00a0 son accord pour la participation du Gabon \u00e0\u00a0\u00a0<em>Afrinest Engineering\u00a0<\/em>au Rwanda.<\/p>\n<p><strong>Enfin, le Conseil des Ministres a approuv\u00e9 les\u00a0 mesures individuelles suivantes :\u00a0<\/strong><\/p>\n<p><strong>PRESIDENCE DE LA REPUBLIQUE\u00a0<\/strong><\/p>\n<p><strong>CABINET DU PRESIDENT DE LA\u00a0 REPUBLIQUE\u00a0<\/strong><\/p>\n<p>Il est mis fin aux fonctions des agents ci-apr\u00e8s :<\/p>\n<p>\u2013 M. Pac\u00f4me KOSSY, pr\u00e9c\u00e9demment Conseiller\u00a0 Sp\u00e9cial, Charg\u00e9 de Missions du Pr\u00e9sident ;<\/p>\n<p>\u2013 Mme Sandrine MAROUNDOU GUIBINGA,\u00a0 pr\u00e9c\u00e9demment Attach\u00e9e de Cabinet \u00e0 la\u00a0 Pr\u00e9sidence de la R\u00e9publique.<\/p>\n<p>\u2013 M. Yann Robert MAPANGOU, pr\u00e9c\u00e9demment\u00a0 Charg\u00e9 de Missions du Pr\u00e9sident de la\u00a0 Transition<\/p>\n<p><strong>PRIMATURE\u00a0\u00a0<\/strong><\/p>\n<p><strong>CABINET CIVIL DU PREMIER MINISTRE\u00a0<\/strong><\/p>\n<p>\u2013 Chef de Cabinet :\u00a0<strong>M. Fran\u00e7ois MEZA\u00a0 MEZE<\/strong>, en remplacement de M. F\u00e9lix\u00a0 EDANDE-EKORE, appel\u00e9 \u00e0 d\u2019autres\u00a0 fonctions.<\/p>\n<p>\u2013 Attach\u00e9s de Cabinet :<\/p>\n<ul>\n<li><strong>Mme Diane Sylvie MABONGO Vava<\/strong>, en\u00a0 remplacement de Mme Gaelle MOUSSAVOU<\/li>\n<\/ul>\n<ol>\n<li><\/li>\n<\/ol>\n<p>&#8211;<strong>Rostand Casimir EBANE,\u00a0<\/strong>en\u00a0 remplacement de Mme Varelle MENGUE\u00a0 M\u2019ADZABE<\/p>\n<p>&#8211;<strong>NDONG BILE,\u00a0<\/strong>en remplacement de Mme\u00a0 Samira NGOMO<\/p>\n<p>\u2013 Charg\u00e9s de Missions\u00a0<strong>:\u00a0<\/strong><\/p>\n<p><strong>MM\u00a0<\/strong><\/p>\n<p>&#8211;\u00a0<strong>Jean Py Ben MIHINDOU,\u00a0<\/strong>en\u00a0 remplacement de M. Christian David\u00a0 MOULOUNGUI ;<\/p>\n<p>&#8211;<strong>Loic MBA,\u00a0<\/strong>en remplacement de M.\u00a0 Ludovic BIBANG ALLOGO ;<\/p>\n<p>o\u00a0<strong>Firmin MOULOUNGUI,\u00a0<\/strong>en\u00a0 remplacement de M. Jean MINKO\u00a0 M\u2019OBIANG ;<\/p>\n<p>&#8211;\u00a0<strong>Alban ELLA NGOU,\u00a0<\/strong>en remplacement de\u00a0 M. Lorin OKE NDONG ;<\/p>\n<p>&#8211;<strong>Aloise MAPINGA,\u00a0<\/strong>en remplacement de\u00a0 M. Florick MBA NDONG.<\/p>\n<p>\u2013 Secr\u00e9taire de Cabinet :\u00a0<strong>Mme Sidonie Hercilia\u00a0 OKOME ZOULA<\/strong>, en remplacement de Mme\u00a0 Samira NGOMO.<\/p>\n<p>\u2013 Chauffeur particulier :\u00a0<strong>M. Francis ELLA\u00a0 OYONO<\/strong>, en remplacement de M. Alban\u00a0 ELLA NGOU, appel\u00e9 \u00e0 d\u2019autres fonctions.<\/p>\n<p><strong>VICE PRIMATURE\u00a0<\/strong><\/p>\n<p><strong>MINISTERE DE LA PLANIFICATION ET DE\u00a0 LA PROSPECTIVE<\/strong><\/p>\n<p><strong>COORDINATION NATIONALE DU\u00a0 PROGRAMME D\u2019URGENCE DE\u00a0 DEVELOPPEMENT COMMUNAUTAIRE\u00a0<\/strong><\/p>\n<p>\u2013 Coordonnateur :\u00a0<strong>M. Henry Sylvanus\u00a0 MOUSSAVOU MOUSSAVOU.\u00a0<\/strong><\/p>\n<p><strong>MINISTERE DE LA REFORME DES\u00a0 INSTITUTIONS\u00a0<\/strong><\/p>\n<p><strong>SENAT DE LA TRANSITION\u00a0<\/strong><\/p>\n<p><strong>SECRETARIAT GENERAL\u00a0<\/strong><\/p>\n<p>\u2013 Secr\u00e9taire G\u00e9n\u00e9ral :\u00a0<strong>M. Aim\u00e9 MOUDJEGOU\u00a0 MOUSSAVOU<\/strong>, en remplacement de M.\u00a0 Michel Edouard KENGUEL<\/p>\n<p><strong>CONTROLE GENERAL D\u2019ETAT\u00a0<\/strong><\/p>\n<p>\u2013 Contr\u00f4leur G\u00e9n\u00e9ral :\u00a0<strong>M. Fidel NTISSI.\u00a0<\/strong><\/p>\n<p>\u2013 Contr\u00f4leur G\u00e9n\u00e9ral Adjoint :\u00a0<strong>M. Pamphile\u00a0 SANGOMA.\u00a0<\/strong><\/p>\n<p>\u2013 Inspecteur G\u00e9n\u00e9ral d\u2019Administration :\u00a0<strong>Mme\u00a0 Jos\u00e9pha IBINGA YANGOU Epse\u00a0 MOUSSAVOU MOMBO.<\/strong><\/p>\n<p>\u2013 Inspecteur G\u00e9n\u00e9ral d\u2019Administration Adjoint :\u00a0\u00a0<strong>Mme Joelle-Audrey ONA Epse AWADJI.\u00a0<\/strong><\/p>\n<p>\u2013 Inspecteur G\u00e9n\u00e9ral Technique :\u00a0<strong>M. Pierre\u00a0 Matthieu OBAME ETOUGHE.\u00a0<\/strong><\/p>\n<p>\u2013 Inspecteur G\u00e9n\u00e9ral Technique Adjoint :\u00a0<strong>M.\u00a0 Eric MUNDUMILLI.\u00a0<\/strong><\/p>\n<p>\u2013 Inspecteur G\u00e9n\u00e9ral des Finances :\u00a0<strong>M. Bernard\u00a0 ELLA ALLOGO.\u00a0<\/strong><\/p>\n<p>\u2013 Inspecteur G\u00e9n\u00e9ral des Finances Adjoint :\u00a0<strong>M.\u00a0 Pascal BISSELE AKAMBA.\u00a0<\/strong><\/p>\n<p><strong>COMMISSION NATIONALE DE LUTTE\u00a0 CONTRE LA CORRUPTION ET\u00a0 L\u2019ENRICHISSEMENT ILLICITE\u00a0<\/strong><\/p>\n<p>\u2013 Secr\u00e9taire G\u00e9n\u00e9ral :\u00a0<strong>M. Norbert\u00a0 VOUGAMBA SOKHA.\u00a0<\/strong><\/p>\n<p><strong>MINISTERE DES AFFAIRES ETRANGERES,\u00a0 CHARGE DE L\u2019INTEGRATION SOUS REGIONALE ET DES GABONAIS DE\u00a0 L\u2019ETRANGER<\/strong><\/p>\n<p><strong>CABINET DU MINISTRE\u00a0<\/strong><\/p>\n<p>Il est mis fin aux fonctions de M. \u00c9ric Joel BEKALE, pr\u00e9c\u00e9demment Ambassadeur Itin\u00e9rant,\u00a0 Conseiller du Ministre<\/p>\n<p><strong>SERVICES EXTERIEURS\u00a0<\/strong><\/p>\n<p><strong>AMBASSADE DU GABON A WASHINGTON\u00a0 DC\u00a0<\/strong><\/p>\n<p><strong>CABINET DE L\u2019AMBASSADEUR\u00a0<\/strong><\/p>\n<p>\u2013 Conseiller :\u00a0<strong>M. Paterne Alexis N\u2019ZOGHO\u00a0<\/strong><\/p>\n<p><strong>AMBASSADE DU GABON PRES LA\u00a0 REPUBLIQUE DE CUBA\u00a0<\/strong><\/p>\n<p>\u2013 Ambassadeur Extraordinaire et\u00a0 Pl\u00e9nipotentiaire :\u00a0<strong>M. Faustin Yves\u00a0 N\u2019GUIEND-MICKOLO.\u00a0<\/strong><\/p>\n<p><strong>AMBASSADE DU GABON PRES LA\u00a0 REPUBLIQUE DE L\u2019INDE\u00a0<\/strong><\/p>\n<p>\u2013 Ambassadeur Extraordinaire et\u00a0 Pl\u00e9nipotentiaire :\u00a0<strong>M. Guy Rodrigue DIKAYI.<\/strong><\/p>\n<p><strong>AMBASSADE DU GABON PRES L\u2019OFFICE\u00a0 DES NATIONS UNIES A GENEVE\u00a0<\/strong><\/p>\n<p>\u2013 Ambassadeur Extraordinaire et\u00a0 Pl\u00e9nipotentiaire :\u00a0<strong>Mme Rita Nanette\u00a0 KAMBANGOYE ANKASSA Epse\u00a0 BARREAU.\u00a0<\/strong><\/p>\n<p><strong>AMBASSADE DU GABON PRES LA\u00a0 REPUBLIQUE D\u2019ANGOLA\u00a0<\/strong><\/p>\n<p>\u2013 Ambassadeur Extraordinaire et\u00a0 Pl\u00e9nipotentiaire :\u00a0<strong>Mme Edwige KOUMBY\u00a0 MISSAMBO.\u00a0<\/strong><\/p>\n<p><strong>AMBASSADE DU GABON PRES LA\u00a0 REPUBLIQUE DU RWANDA\u00a0<\/strong><\/p>\n<p>\u2013 Ambassadeur Extraordinaire et\u00a0 Pl\u00e9nipotentiaire :\u00a0<strong>M. Sylver ABOUBAKAR\u00a0 MINKO MI NSEME.\u00a0<\/strong><\/p>\n<p><strong>AMBASSADE DU GABON PRES LA\u00a0 REPUBLIQUE DU CONGO\u00a0<\/strong><\/p>\n<p>\u2013 Ambassadeur Extraordinaire et\u00a0 Pl\u00e9nipotentiaire :\u00a0<strong>M. Mathurin BOUNGOU<\/strong><\/p>\n<p><strong>AMBASSADE DU GABON PRES LA\u00a0 REPUBLIQUE DEMOCRATIQUE DE SAO TOME-ET-PRINCIPE\u00a0<\/strong><\/p>\n<p>\u2013 Ambassadeur Extraordinaire et\u00a0 Pl\u00e9nipotentiaire :\u00a0<strong>M. Guy Blaise NAMBO.\u00a0<\/strong><\/p>\n<p><strong>CONSULAT GENERAL DU GABON A NEW\u00a0 YORK\u00a0<\/strong><\/p>\n<p>\u2013 Consul G\u00e9n\u00e9ral :\u00a0<strong>M. Alain Serge OBAME\u00a0<\/strong><\/p>\n<p><strong>CONSULAT HONORAIRE DU GABON A\u00a0 LAUSANNE (SUISSE)\u00a0<\/strong><\/p>\n<p>\u2013 Consul Honoraire :\u00a0<strong>Mme Danielle MENGUE\u00a0 NGUEMA.\u00a0<\/strong><\/p>\n<p><strong>CONSULAT GENERAL DU GABON AU\u00a0 MALI\u00a0<\/strong><\/p>\n<p>\u2013 Consul G\u00e9n\u00e9ral :\u00a0<strong>M. Georges Martin\u00a0 NDOUTOUME BEKALE.\u00a0<\/strong><\/p>\n<p><strong>MINISTERE DE L\u2019INTERIEUR ET DE LA\u00a0 SECURITE<\/strong><\/p>\n<p><strong>CABINET DU MINISTRE\u00a0<\/strong><\/p>\n<p>\u2013 Conseiller Diplomatique :\u00a0<strong>M. Rahim Jhan\u00a0 NGUIMBI\u00a0<\/strong><\/p>\n<p>\u2013 Charg\u00e9s de Missions :<\/p>\n<p><strong>MM\u00a0<\/strong><\/p>\n<p>&#8211;<strong>Georges-Marie MIBEKOUA\u00a0<\/strong><\/p>\n<p>&#8211;<strong>Brice Therence MASSIMA POTHO\u00a0<\/strong><\/p>\n<p><strong>MINISTERE DE LA SANTE\u00a0<\/strong><\/p>\n<p><strong>HOPITAL COMMUNAL DE LA PEYRIE\u00a0<\/strong>\u2013 Directeur :\u00a0<strong>M. Henri OLOLO\u00a0<\/strong><\/p>\n<p><strong>HOPITAL DEPARTEMENTAL DE LECONI\u00a0<\/strong>\u2013 Directeur :\u00a0<strong>M. Dieu-Donn\u00e9 EGNINA\u00a0 NDOMBI\u00a0<\/strong><\/p>\n<p><strong>AGENCE DU MEDICAMENT ET DES\u00a0 AUTRES PRODUITS DE SANTE\u00a0<\/strong><\/p>\n<p><strong>CONSEIL D\u2019ADMINISTRATION\u00a0<\/strong><\/p>\n<p>\u2013 Pr\u00e9sident du Conseil d\u2019Administration :\u00a0<strong>M.\u00a0 Erick Blaise NDONG ABOGHE.<\/strong><\/p>\n<p><strong>MINISTERE DE L\u2019ECONOMIE ET DES\u00a0 PARTICIPATIONS\u00a0<\/strong><\/p>\n<p><strong>CABINET DU MINISTRE\u00a0<\/strong><\/p>\n<p>\u2013 Directeur de Cabinet :\u00a0<strong>M. Fernand\u00a0 NGOUSSI.\u00a0<\/strong><\/p>\n<p>\u2013 Conseiller Financier :\u00a0<strong>St\u00e9phane MBADINGA\u00a0 DITENGOU.\u00a0<\/strong><\/p>\n<p><strong>INSPECTION GENERALE DES SERVICES<\/strong><\/p>\n<p>\u2013 Secr\u00e9taire de Cabinet de l\u2019Inspecteur G\u00e9n\u00e9ral\u00a0 des Services :\u00a0<strong>Mme Pulch\u00e9rie MAGAYI\u00a0 Epse DEEN.\u00a0<\/strong><\/p>\n<p>\u2013 Secr\u00e9taire de Cabinet de l\u2019Inspecteur G\u00e9n\u00e9ral\u00a0 Adjoint des Services :\u00a0<strong>Mme Brigitte\u00a0 MOUENGANDJA.\u00a0<\/strong><\/p>\n<p><strong>INSPECTION DES SERVICES\u00a0<\/strong><\/p>\n<p>\u2013 Inspecteur des Services :\u00a0<strong>M. Yvon\u00a0 NYANGALA BOULOUDI.\u00a0<\/strong><\/p>\n<p><strong>DIRECTION NATIONALE DES\u00a0 ASSURANCES\u00a0<\/strong><\/p>\n<p>\u2013 Charg\u00e9e d\u2019Etudes du Directeur G\u00e9n\u00e9ral :\u00a0<strong>Mme\u00a0 Annie Flore ETSEYI MPOGUI Epse\u00a0 LEKOGO KIANA.<\/strong><\/p>\n<p><strong>COMMISSION NATIONALE DES TRAVAUX\u00a0 D\u2019INTERETS PUBLICS POUR LA\u00a0 PROMOTION DE L\u2019ENTREPRENARIAT ET\u00a0 L\u2019EMPLOI\u00a0<\/strong><\/p>\n<p>\u2013 Secr\u00e9taire Permanent :\u00a0<strong>M. Mathieu ASSEY\u00a0 NZAME,\u00a0<\/strong>en remplacement de M. Jean Pierre\u00a0 BOUSSOUGOU.<\/p>\n<p><strong>FONDS GABONAIS D\u2019INVESTISSEMENTS\u00a0 STRATEGIQUES (FGIS)\u00a0<\/strong><\/p>\n<p><strong>DIRECTION GENERALE\u00a0<\/strong><\/p>\n<p>\u2013 Directeur G\u00e9n\u00e9ral\u00a0<strong>: M. Persys Lionel ESSONO.\u00a0<\/strong><\/p>\n<p><strong>SOCIETE D\u2019ELECTRICITE DE\u00a0 TELECOMMUNICATION ET D\u2019EAU DU\u00a0 GABON (SETEG)\u00a0<\/strong><\/p>\n<p><strong>DIRECTION GENERALE\u00a0<\/strong><\/p>\n<p>\u2013 Directeur G\u00e9n\u00e9ral\u00a0<strong>: M. Emmanuel EYEGHE\u00a0 NZE\u00a0<\/strong>en remplacement de M. Innocent\u00a0 BITEGHE admis \u00e0 faire valoir ses droits \u00e0 la\u00a0 retraite.<\/p>\n<p><strong>MINISTERE DES COMPTES PUBLICS SECRETARIAT GENERAL\u00a0<\/strong><\/p>\n<p><strong>DIRECTION GENERALE DE LA\u00a0 COMPTABILITE PUBLIQUE ET DU\u00a0 TRESOR\u00a0\u00a0<\/strong><\/p>\n<p><strong>AGENCE BANCAIRE DU TRESOR\u00a0<\/strong><\/p>\n<p>\u2013 Directeur :\u00a0<strong>M. Alain MBOMO MOUGOUBI.\u00a0<\/strong><\/p>\n<p>\u2013 Directeur Adjoint :\u00a0<strong>M. S\u00e9raphin OVONO\u00a0 ONA.\u00a0<\/strong><\/p>\n<p><strong>SERVICE CONTROLE INTERNE ET\u00a0 RISQUES\u00a0\u00a0<\/strong><\/p>\n<p>\u2013 Chef de Service :\u00a0<strong>Mme Karen Murielle\u00a0 MOUSSAVOU CAMARA Epse IGALA.\u00a0<\/strong><\/p>\n<p><strong>SERVICE DES GUICHETS\u00a0<\/strong><\/p>\n<p>\u2013 Chef de Service :\u00a0<strong>M. J\u00e9r\u00e9my Briac WAGA.\u00a0<\/strong><\/p>\n<p>\u2013 Caissi\u00e8re Principale :\u00a0<strong>Mme Natacha NDIBA\u00a0 LEKOGHO Epse LINGOU.<\/strong><\/p>\n<p><strong>SERVICE GESTION CLIENTELE\u00a0<\/strong><\/p>\n<p>\u2013 Chef de Service :\u00a0<strong>M. Tydde Djesmy\u00a0 LEWAMOUO-MOUDJIKI.\u00a0<\/strong><\/p>\n<p><strong>SERVICE OPERATIONS\u00a0<\/strong><\/p>\n<p>\u2013 Chef de Service :\u00a0<strong>M. Winnes NTSITSIGUI\u00a0 NGASSAYI.\u00a0<\/strong><\/p>\n<p><strong>SERVICE COMPTABILITE ET\u00a0 TRESORERIE\u00a0<\/strong><\/p>\n<p>\u2013 Chef de Service :\u00a0<strong>Mme H\u00e9l\u00e8ne Gesika\u00a0 OMBAHOUINBOUBALA\u00a0<\/strong><\/p>\n<p><strong>SERVICE COMPTE DE GESTION\u00a0<\/strong><\/p>\n<p>\u2013 Chef de Service :\u00a0<strong>Mme Francisca Constance\u00a0 YEKEDO GUISSONY.\u00a0<\/strong><\/p>\n<p><strong>SERVICE INFORMATIQUE\u00a0<\/strong><\/p>\n<p>\u2013 Chef de Service :\u00a0<strong>M. Samuel OLLA.\u00a0<\/strong><\/p>\n<p><strong>SERVICES A AUTONOMIE TECHNIQUE\u00a0 OU DE GESTION\u00a0<\/strong><\/p>\n<p><strong>AGENCE COMPTABLE DE LA CAISSE\u00a0 NATIONALE D\u2019ASSURANCE MALADIE ET\u00a0 DE GARANTIE SOCIALE<\/strong><\/p>\n<p>\u2013 Agent Comptable :\u00a0<strong>M. Hulrich Saturnin\u00a0 ONDO ONA.\u00a0<\/strong><\/p>\n<p>\u2013 Fond\u00e9 de Pouvoirs :\u00a0<strong>Mme Marie Honorine\u00a0 MBOKO Epse BETOU\u00a0<\/strong><\/p>\n<p><strong>AGENCE COMPTABLE DE L\u2019AGENCE\u00a0 NATIONALE DES BOURSES DU GABON\u00a0 (ANBG)\u00a0<\/strong><\/p>\n<p>\u2013 Contr\u00f4leur budg\u00e9taire :\u00a0<strong>M. Albert NNA\u00a0 AZELE\u00a0<\/strong><\/p>\n<p>\u2013 Agent Comptable :\u00a0<strong>M. Paul MISSOUMA\u00a0<\/strong><\/p>\n<p><strong>AGENCE COMPTABLE DE LA SOCIETE\u00a0 D\u2019AGRICULTURE ET D\u2019ELEVAGE DU\u00a0 GABON\u00a0<\/strong><\/p>\n<p>\u2013 Agent Comptable :\u00a0<strong>M. Fiacre Moise ANGHA\u00a0 TONGO\u00a0<\/strong><\/p>\n<p><strong>SERVICES EXTERIEURS \u2013 PAIERIES\u00a0<\/strong><\/p>\n<p><strong>PAIERIES DU GABON EN TURQUIE<\/strong><\/p>\n<p>\u2013 Payeur :\u00a0<strong>Mme Georgette Emerance\u00a0 NGOUONI Epse NDOUMBA.<\/strong><\/p>\n<p><strong>PAIERIES DU GABON EN COTE D\u2019IVOIRE<\/strong><\/p>\n<p>\u2013 Fond\u00e9 de Pouvoirs :\u00a0<strong>Mme Blandine\u00a0 BAKONDO.\u00a0<\/strong><\/p>\n<p><strong>MINISTERE DU PETROLE\u00a0<\/strong><\/p>\n<p><strong>CABINET DU MINISTRE\u00a0<\/strong><\/p>\n<p>\u2013 Charg\u00e9 de Missions :\u00a0<strong>M. Nick Hippolyte NKIA<\/strong>, en remplacement de Mme Daisy\u00a0 AKINIKOUSSOU<\/p>\n<p><strong>SECRETARIAT GENERAL\u00a0<\/strong><\/p>\n<p><strong>DIRECTION GENERALE DES\u00a0 HYDROCARBURES\u00a0<\/strong><\/p>\n<p>\u2013 Directeur G\u00e9n\u00e9ral de l\u2019Amont P\u00e9trolier et\u00a0 Gazier :\u00a0<strong>M. Aristide NYAMAT BANTSIVA.\u00a0<\/strong><\/p>\n<p>\u2013 Directeur G\u00e9n\u00e9ral de l\u2019Aval P\u00e9trolier et\u00a0 Gazier\u00a0<strong>: M. Thibault Gael IDOUMI\u00a0<\/strong><\/p>\n<p>\u2013 Directeur G\u00e9n\u00e9ral des Affaires Economiques,\u00a0 Juridiques et de Gestion des Donn\u00e9es\u00a0 P\u00e9troli\u00e8res et Gazi\u00e8res :\u00a0<strong>M. Duplex YOCKOT<\/strong><\/p>\n<p>\u2013 Charg\u00e9e d\u2019Etudes du Directeur G\u00e9n\u00e9ral :\u00a0<strong>Mme\u00a0 Yorelle Aur\u00e9lie MVOU Epse AYENOUE\u00a0<\/strong><\/p>\n<p><strong>GABON OIL COMPANY (GOC)\u00a0<\/strong><\/p>\n<p><strong>DIRECTION DE L\u2019HYGIENE, DE LA\u00a0 SECURITE, DE L\u2019ENVIRONNEMENT ET DE\u00a0 L\u2019INTEGRITE\u00a0<\/strong><\/p>\n<p>\u2013 Directeur :\u00a0<strong>M. Hermann OURA.\u00a0<\/strong><\/p>\n<p><strong>DIRECTION DU BUSINESS ASSOCIATIONS<\/strong><\/p>\n<p>\u2013 Directeur :\u00a0<strong>M. Emery LEPO.\u00a0<\/strong><\/p>\n<p><strong>GAB\u2019OIL\u00a0<\/strong><\/p>\n<p><strong>CONSEIL D\u2019ADMINISTRATION\u00a0<\/strong><\/p>\n<p><strong>\u2013\u00a0<\/strong>Pr\u00e9sident du Conseil d\u2019Administration :\u00a0<strong>M.\u00a0 Martial Ruffin MOUSSAVOU.\u00a0<\/strong><\/p>\n<p><strong>DIRECTION GENERALE\u00a0<\/strong><\/p>\n<p><strong>\u2013\u00a0<\/strong>Directeur G\u00e9n\u00e9ral :\u00a0<strong>M. Ernest NDONG\u00a0 NGUEMA<\/strong>, en remplacement de M. Fran\u00e7ois\u00a0 OWONO MESSIE.<\/p>\n<p><strong>\u2013\u00a0<\/strong>Directeur G\u00e9n\u00e9ral Adjoint 1 :\u00a0<strong>M. Serge\u00a0 Mesmin MBELE<\/strong><\/p>\n<p><strong>\u2013\u00a0<\/strong>Directeur G\u00e9n\u00e9ral Adjoint 2 :\u00a0<strong>Mme Ren\u00e9e\u00a0 Patricia KU KUMB IVIGOU.\u00a0<\/strong><\/p>\n<p><strong>\u2013\u00a0<\/strong>Conseiller du Directeur G\u00e9n\u00e9ral repr\u00e9sentant le\u00a0 CTRI :\u00a0<strong>Colonel NEMBENE Epse SIETE\u00a0 Alice.\u00a0<\/strong><\/p>\n<p><strong>\u2013\u00a0<\/strong>Conseillers du Directeur G\u00e9n\u00e9ral :<\/p>\n<ol>\n<li><\/li>\n<\/ol>\n<p>&#8211;<strong>Souplex NGABINA OKOLOGO ;\u00a0<\/strong><\/p>\n<p>&#8211;<strong>Franck ATABI ;\u00a0<\/strong><\/p>\n<p><strong>Mmes\u00a0<\/strong><\/p>\n<p>&#8211;<strong>Ingrid NGARI Epse MABIKA ;\u00a0<\/strong><\/p>\n<p>&#8211;<strong>Sonia Stella Maryse CADOYI Epse WASSANGO DEACKEN.\u00a0<\/strong><\/p>\n<p><strong><span style=\"text-decoration: line-through;\">\u2013\u00a0<\/span><\/strong>Charg\u00e9 d\u2019Etudes :\u00a0<strong>M. Davy Fulbert NDONG\u00a0 NGUEMA.\u00a0<\/strong><\/p>\n<p>Par ailleurs, il est mis fin aux fonctions des\u00a0 personnes dont les noms suivent :<\/p>\n<p><strong>\u2013\u00a0<\/strong>Capitaine Vanessa OYANE OBAME\u00a0<strong>\u2013\u00a0<\/strong>M. Herve Davy LETSINA OYOUOMI\u00a0<strong>\u2013\u00a0<\/strong>M.Yannick MIHINDOU<\/p>\n<p><strong>\u2013\u00a0<\/strong>M.Cedric MOUELE MALONGA<\/p>\n<p><strong>\u2013\u00a0<\/strong>Mme Lucr\u00e8ce ANTCHOUWET Epse\u00a0 DITONA<\/p>\n<p><strong>\u2013\u00a0<\/strong>M. D\u00e9sir\u00e9e NDOUNA DEPENAUD<\/p>\n<p><strong>\u2013\u00a0<\/strong>M. Brice BOUBENDJE<\/p>\n<p><strong>\u2013\u00a0<\/strong>M. Davy C\u00e9dric MAVOUNGOU<\/p>\n<p><strong>DIRECTION ADMINISTRATIVE ET\u00a0 FINANCIERE\u00a0<\/strong><\/p>\n<p><strong>\u2013\u00a0<\/strong>Directeur :\u00a0<strong>M. Fran\u00e7ois MOUANDZA\u00a0<\/strong><\/p>\n<p><strong>\u2013\u00a0<\/strong>Directeur Adjoint\u00a0<strong>: M. Rodrigue BABOKI\u00a0 BAKASSA.\u00a0<\/strong><\/p>\n<p><strong>DIRECTION DE L\u2019AUDIT\u00a0<\/strong><\/p>\n<p><strong>\u2013\u00a0<\/strong>Directeur :\u00a0<strong>Mme ABIBA NDZOUNDOU\u00a0<\/strong><\/p>\n<p><strong>DIRECTION DES RESSOURCES\u00a0 HUMAINES\u00a0<\/strong><\/p>\n<p><strong>\u2013\u00a0<\/strong>Directeur :\u00a0<strong>Mme Elfried AZIRI\u00a0<\/strong><\/p>\n<p><strong>DIRECTION DU PATRIMOINE ET DES\u00a0 MOYENS GENERAUX\u00a0<\/strong><\/p>\n<p><strong>\u2013\u00a0<\/strong>Directeur :\u00a0<strong>Mme Michelle MBADOU Epse\u00a0 ABOUNA\u00a0<\/strong><\/p>\n<p><strong>DIRECTION COMMERCIALE<\/strong><\/p>\n<p><strong>\u2013\u00a0<\/strong>Directeur :\u00a0<strong>Mme Lucr\u00e8ce ANTCHOUWET\u00a0 Epse DITONA\u00a0<\/strong><\/p>\n<p><strong>DEPARTEMENT JURIDIQUE\u00a0<\/strong><\/p>\n<p><strong>\u2013\u00a0<\/strong>Chef de D\u00e9partement :\u00a0<strong>M. Ludovic Dieu\u00a0 Donn\u00e9e IBOUKOU.\u00a0<\/strong><\/p>\n<p><strong>PIZOLUB\u00a0<\/strong><\/p>\n<p><strong>DIRECTION GENERALE\u00a0<\/strong><\/p>\n<p><strong>\u2013\u00a0<\/strong>Directeur G\u00e9n\u00e9ral\u00a0<strong>: M. Hans IVALA,\u00a0<\/strong>en\u00a0 remplacement de M. Steeve Saurel\u00a0 LEGNONGO.<\/p>\n<p><strong>\u2013\u00a0<\/strong>Directeur G\u00e9n\u00e9ral Adjoint :\u00a0<strong>M. Michel Amos\u00a0 MOUBA DIARRA\u00a0<\/strong><\/p>\n<p><strong>MINISTERE DES TRAVAUX PUBLICS SECRETARIAT GENERAL\u00a0<\/strong><\/p>\n<p><strong>DIRECTION GENERALE DE LA\u00a0 CONSTRUCTION ET DE L\u2019EQUIPEMENT<\/strong><\/p>\n<p><strong>\u2013\u00a0<\/strong>Directeur G\u00e9n\u00e9ral Adjoint :\u00a0<strong>Mme Jocelyne\u00a0 Kayi WORA BIAM\u00a0<\/strong><\/p>\n<p><strong>FONDS AUTONOME NATIONAL D\u2019ENTRETIEN ROUTIER (FANER)\u00a0<\/strong><\/p>\n<p><strong>DIRECTION GENERALE\u00a0<\/strong><\/p>\n<p><strong>\u2013\u00a0<\/strong>Conseillers du Directeur G\u00e9n\u00e9ral :<\/p>\n<p>&#8211;<strong>M. Alix OBIANG NGOUA ;\u00a0<\/strong><\/p>\n<p>&#8211;<strong>Mme Assonoue Catherine MASSARD\u00a0 CABINDA.\u00a0<\/strong><\/p>\n<p><strong>MINISTERE DE L\u2019HABITAT, DE\u00a0 L\u2019URBANISME ET DU CADASTRE\u00a0<\/strong><\/p>\n<p><strong>SOCIETE NATIONALE IMMOBILIERE\u00a0 (SNI)\u00a0<\/strong><\/p>\n<p><strong>CONSEIL D\u2019ADMINISTRATION\u00a0<\/strong><\/p>\n<p><strong>\u2013\u00a0<\/strong>Pr\u00e9sident du Conseil d\u2019Administration :\u00a0<strong>M.\u00a0 Jean Marie OBAME ONDO,\u00a0<\/strong>en\u00a0 remplacement de M. Christophe EYI<\/p>\n<p><strong>\u2013\u00a0<\/strong>Conseiller du Directeur G\u00e9n\u00e9ral :\u00a0<strong>Mme Anna\u00a0 REBIENOT\u00a0<\/strong><\/p>\n<p><strong>MINISTERE DE L\u2019ENERGIE ET DES\u00a0 RESSOURCES HYDRAULIQUES\u00a0<\/strong><\/p>\n<p><strong>SECRETARIAT GENERAL\u00a0<\/strong><\/p>\n<p><strong>DIRECTION GENERALE DE L\u2019ENERGIE\u00a0<\/strong><\/p>\n<p><strong>\u2013\u00a0<\/strong>Directeur G\u00e9n\u00e9ral :\u00a0<strong>Sylver BITEGHE BI\u00a0 ABA\u2019A.\u00a0<\/strong><\/p>\n<p><strong>SOCIETE D\u2019ENERGIE ET D\u2019EAU DU\u00a0 GABON (SEEG)\u00a0<\/strong><\/p>\n<p><strong>\u2013\u00a0<\/strong>Administrateur Provisoire :\u00a0<strong>M. Steeve Saurel\u00a0 LEGNONGO,\u00a0<\/strong>en remplacement de M. Jean\u00a0 Lievain INDOUNDOU MANFOUMBI<\/p>\n<p><strong>MINISTERE DU TRAVAIL ET DE LA\u00a0 LUTTE CONTRE LE CHOMAGE\u00a0<\/strong><\/p>\n<p><strong>INSPECTION GENERALE DES SERVICES\u00a0<\/strong><\/p>\n<p><strong>\u2013\u00a0<\/strong>Inspecteur G\u00e9n\u00e9ral Adjoint :\u00a0<strong>Mme Emilie\u00a0 L\u00e9ocady MIKAMBI Epse MOUSSADJI.<\/strong><\/p>\n<p><strong>\u2013\u00a0<\/strong>Inspecteur des Services :\u00a0<strong>M. Jean Fran\u00e7ois\u00a0 TOMO EYENE.\u00a0<\/strong><\/p>\n<p><strong>SECRETARIAT GENERAL\u00a0<\/strong><\/p>\n<p><strong>\u2013\u00a0<\/strong>Secr\u00e9taire G\u00e9n\u00e9ral Adjoint :\u00a0<strong>Mme Viviane\u00a0 MILINGUI KASSA\u00a0<\/strong><\/p>\n<p><strong>DIRECTION GENERALE DU TRAVAIL\u00a0<\/strong><\/p>\n<p><strong>\u2013\u00a0<\/strong>Directeur G\u00e9n\u00e9ral Adjoint :\u00a0<strong>Mme Chantal\u00a0 MANOMBA.\u00a0<\/strong><\/p>\n<p><strong>DIRECTION DU TRAVAIL ET DE LA\u00a0 REGLEMENTATION\u00a0<\/strong><\/p>\n<p><strong>\u2013\u00a0<\/strong>Directeur :\u00a0<strong>M. Georges Malo MAPANGOU\u00a0 MALEKOU\u00a0<\/strong><\/p>\n<p><strong>SERVICE INTERMEDIATION\u00a0<\/strong><\/p>\n<p><strong>\u2013\u00a0<\/strong>Chef de Service :\u00a0<strong>Mme Rose MAPENDA\u00a0 BIABOLE Epse MBADINGA\u00a0<\/strong><\/p>\n<p><strong>SERVICE DIALOGUE SOCIALE\u00a0<\/strong><\/p>\n<p><strong>\u2013\u00a0<\/strong>Chef de Service :\u00a0<strong>M. Edmond NGOME\u00a0 KASS\u00a0<\/strong><\/p>\n<p><strong>SERVICE REGLEMENTATION<\/strong><\/p>\n<p><strong>\u2013\u00a0<\/strong>Chef de Service :\u00a0<strong>M. Brice Lewis KOKOLO<\/strong><\/p>\n<p><strong>SERVICE DISTINCTION NATIONALE\u00a0<\/strong><\/p>\n<p><strong>\u2013\u00a0<\/strong>Chef de Service :\u00a0<strong>Mme Pulch\u00e9rie\u00a0 MOUDOUKAS Epse BUROBU\u00a0<\/strong><\/p>\n<p><strong>DIRECTION DE LA COOPERATION ET\u00a0 DES RELATIONS INTERNATIONALES\u00a0<\/strong><\/p>\n<p><strong>\u2013\u00a0<\/strong>Directeur Adjoint :\u00a0<strong>Mme Michelle ASSAPI\u00a0<\/strong><\/p>\n<p><strong>SERVICE COOPERATION\u00a0<\/strong><\/p>\n<p><strong>\u2013\u00a0<\/strong>Chef de Service :\u00a0<strong>Mme Kelia MOUNGALA\u00a0 Epse MAKAYA.\u00a0<\/strong><\/p>\n<p><strong>SERVICE RELATIONS\u00a0 INTERNATIONALES\u00a0<\/strong><\/p>\n<p><strong>\u2013\u00a0<\/strong>Chef de Service :\u00a0<strong>M. Esmond Serge\u00a0 OBONOU\u00a0<\/strong><\/p>\n<p><strong>DIRECTION DE LA MAIN D\u2019\u0152UVRE ET\u00a0 DES ETUDES<\/strong><\/p>\n<p><strong>\u2013\u00a0<\/strong>Directeur :\u00a0<strong>Mme Lydie NGUIMBI NDOMBI\u00a0<\/strong><\/p>\n<p><strong>\u2013\u00a0<\/strong>Directeur Adjoint :\u00a0<strong>M. Kevin Lionel\u00a0 MAGANGA\u00a0<\/strong><\/p>\n<p><strong>SERVICE DE LA MAIN D\u2019\u0152UVRE<\/strong><\/p>\n<p><strong>\u2013\u00a0<\/strong>Chef de Service :\u00a0<strong>Mme Aim\u00e9e LINDZANGA\u00a0 MAKAO\u00a0<\/strong><\/p>\n<p><strong>INSPECTION SPECIALE DU TRAVAIL\u00a0 CHARGEE DU SECTEUR PETROLIER\u00a0<\/strong><\/p>\n<p><strong>\u2013\u00a0<\/strong>Inspecteur Sp\u00e9cial du Travail\u00a0<strong>: M. Ruffin\u00a0 MOUNDOUNGA.\u00a0<\/strong><\/p>\n<p><strong>DIRECTION PROVINCIALE DU TRAVAIL\u00a0 DE L\u2019ESTUAIRE\u00a0<\/strong><\/p>\n<p><strong>INSPECTION DEPARTEMENTALE DU\u00a0 TRAVAIL DE LIBREVILLE\u00a0<\/strong><\/p>\n<p><strong>\u2013\u00a0<\/strong>Chef de Service D\u00e9partemental :\u00a0<strong>Mme\u00a0 Chantal EFIRE NGUEMA\u00a0<\/strong><\/p>\n<p><strong>INSPECTION DEPARTEMENTALE DU\u00a0 TRAVAIL DU KOMO-MONDAH (NTOUM)<\/strong><\/p>\n<p><strong>\u2013\u00a0<\/strong>Chef de Service D\u00e9partementale :\u00a0<strong>M. Serge\u00a0 POUDRET.\u00a0<\/strong><\/p>\n<p><strong>DIRECTION PROVINCIALE DU TRAVAIL\u00a0 DU WOLEU-NTEM\u00a0<\/strong><\/p>\n<p><strong>\u2013\u00a0<\/strong>Directeur Provincial :\u00a0<strong>M. Brice Cl\u00e9ment EBA\u00a0 ONDO\u00a0<\/strong><\/p>\n<p><strong>DIRECTION GENERALE DE L\u2019EMPLOI\u00a0<\/strong><\/p>\n<p><strong>\u2013\u00a0<\/strong>Directeur G\u00e9n\u00e9ral :\u00a0<strong>M. Jean Bosco OBAME\u00a0 NDONG.\u00a0<\/strong><\/p>\n<p><strong>DIRECTION GENERALE DE LA SECURITE\u00a0 ET DE LA SANTE AU TRAVAIL\u00a0<\/strong><\/p>\n<p><strong>\u2013\u00a0<\/strong>Directeur G\u00e9n\u00e9ral Adjoint :\u00a0<strong>M. Thibault\u00a0 BALOGUI.\u00a0<\/strong><\/p>\n<p><strong>POLE NATIONAL DE PROMOTION DE\u00a0 L\u2019EMPLOI (PNPE)\u00a0<\/strong><\/p>\n<p><strong>\u2013\u00a0<\/strong>Directeur G\u00e9n\u00e9ral\u00a0<strong>: M. Anicet EDZANG\u00a0 MBA,\u00a0<\/strong>en remplacement de M. Puanne Paulin\u00a0 MOUSSOUNDA.<\/p>\n<p><strong>\u2013\u00a0<\/strong>Directeur General Adjoint\u00a0<strong>: Mme Lucie ADA\u00a0 MOTO Epse PERON,\u00a0<\/strong>en remplacement de\u00a0 M. Paul Yannick BITOME ESSONO.<\/p>\n<p><strong>MINISTERE DE L\u2019AGRICULTURE, DE\u00a0 L\u2019ELEVAGE ET DE LA PECHE\u00a0<\/strong><\/p>\n<p><strong>AGENCE GABONAISE DE SECURITE\u00a0 ALIMENTAIRE (AGASA)\u00a0<\/strong><\/p>\n<p><strong>CONSEIL D\u2019ADMINISTRATION\u00a0<\/strong><\/p>\n<p><strong>\u2013\u00a0<\/strong>Pr\u00e9sident du Conseil d\u2019Administration :\u00a0\u00a0<strong>Colonel Jean-Claude OGOULIGUENDE\u00a0<\/strong><\/p>\n<p><strong>DIRECTION GENERALE\u00a0<\/strong><\/p>\n<p><strong>\u2013\u00a0<\/strong>Directeur G\u00e9n\u00e9ral :\u00a0<strong>Dr Jean Delors\u00a0 BIYOGUE BI NTOUGOU\u00a0<\/strong><\/p>\n<p><strong>SOCIETE POUR L\u2019AGRICULTURE ET\u00a0 L\u2019ELEVAGE DU GABON (SAEG)\u00a0<\/strong><\/p>\n<p><strong>DIRECTION GENERALE\u00a0<\/strong><\/p>\n<p><strong>\u2013\u00a0<\/strong>Conseiller du Directeur G\u00e9n\u00e9ral :\u00a0<strong>Mme\u00a0 Dinzingouli MOUTANDOU-MBOUMBA\u00a0 Epse EVOUNA<\/strong><\/p>\n<p><strong>MINISTERE DE LA COMMUNICATION ET\u00a0 DES MEDIAS\u00a0<\/strong><\/p>\n<p><strong>CABINET DU MINISTRE\u00a0<\/strong><\/p>\n<p><strong>\u2013\u00a0<\/strong>Conseiller Juridique :\u00a0<strong>M. Kevin Raphael\u00a0 SIMA METHOGO,\u00a0<\/strong>en remplacement de M.\u00a0 Dimitri MBANDA NGOYE.<\/p>\n<p><strong>\u2013\u00a0<\/strong>Conseiller Technique :\u00a0<strong>M. Patrick ONDO\u00a0 OBIANG\u00a0<\/strong><\/p>\n<p><strong>\u2013\u00a0<\/strong>Conseiller en Communication :\u00a0<strong>M. Prince\u00a0ESSONNE MFOULOU-ZE,\u00a0<\/strong>en\u00a0 remplacement de M. Carnaud ATOMO\u00a0 MENGUE<\/p>\n<p><strong>INSPECTION GENERALE DES SERVICES INSPECTION DES SERVICES\u00a0<\/strong><\/p>\n<p><strong>\u2013\u00a0<\/strong>Inspecteurs :<\/p>\n<ol>\n<li><\/li>\n<\/ol>\n<p>&#8211;<strong>David ELLA MINTSA ;\u00a0<\/strong><\/p>\n<p>&#8211;<strong>Ali Reynald RADJOUMBA ;\u00a0<\/strong><\/p>\n<p>&#8211;\u00a0<strong>Michel Philippe NZE ;<\/strong><\/p>\n<p>&#8211;<strong>Jean Christian KOMBILA.\u00a0<\/strong><\/p>\n<p>Mmes<\/p>\n<p>&#8211;<strong>Berthe NZANG NANG ;\u00a0<\/strong><\/p>\n<p>&#8211;<strong>Rosine MELOUGHE ;\u00a0<\/strong><\/p>\n<p>&#8211;<strong>Marie Clotilde BIGOUMA.\u00a0<\/strong><\/p>\n<p><strong>SECRETARIAT GENERAL\u00a0<\/strong><\/p>\n<p><strong>\u2013\u00a0<\/strong>Secr\u00e9taire G\u00e9n\u00e9ral Adjoint :\u00a0<strong>M. Alain\u00a0 BUROBU\u00a0<\/strong><\/p>\n<p><strong>GROUPE GABON TELEVISIONS\u00a0<\/strong><\/p>\n<p><strong>DIRECTION GENERALE\u00a0<\/strong><\/p>\n<p><strong>\u2013\u00a0<\/strong>Conseiller du Directeur G\u00e9n\u00e9ral :\u00a0<strong>M. Carnaud\u00a0 ATOMO MENGUE.\u00a0<\/strong><\/p>\n<p><strong>LA POSTE S.A\u00a0<\/strong><\/p>\n<p><strong>CONSEIL D\u2019ADMINISTRATION\u00a0<\/strong><\/p>\n<p><strong>\u2013\u00a0<\/strong>Pr\u00e9sident du Conseil d\u2019Administration :\u00a0<strong>M.\u00a0Edmond OKEMVELE NKOGHO<\/strong><\/p>\n<p><strong>DIRECTION GENERALE\u00a0<\/strong><\/p>\n<p><strong>\u2013\u00a0<\/strong>Directeur G\u00e9n\u00e9ral :\u00a0<strong>M. Jean Richard ELLA\u00a0 EYA,\u00a0<\/strong>en remplacement de M. Jean Eric\u00a0 RAYNARD NDAMA<\/p>\n<p><strong>\u2013\u00a0<\/strong>Directeur G\u00e9n\u00e9ral Adjoint :\u00a0<strong>M. Martin\u00a0 PECKE\u00a0<\/strong><\/p>\n<p><strong>\u2013\u00a0<\/strong>Conseillers :<\/p>\n<p>&#8211;\u00a0<strong>Mme Blanche YELESSA Epse\u00a0 MOUNDJIGUI<\/strong>, confirm\u00e9e.<\/p>\n<ol>\n<li><\/li>\n<\/ol>\n<p>&#8211;<strong>Thierry Germain OBIANG, confirm\u00e9\u00a0Alain Patrick EKOMI, confirm\u00e9\u00a0<\/strong><\/p>\n<p>&#8211;\u00a0<strong>Georges Cr\u00e9pin MIHINDOU\u00a0 MIHINDOU, confirm\u00e9\u00a0<\/strong><\/p>\n<p>&#8211;\u00a0<strong>Ghislain Ledoux MBOUVIE EDOU\u00a0<\/strong><\/p>\n<p>&#8211;<strong>C\u00e9dric RATANGA.\u00a0<\/strong><\/p>\n<p>Les personnes dont les noms suivent sont mis \u00e0 la\u00a0 disposition des ressources humaines. Il s\u2019agit de :<\/p>\n<p><strong>\u2013\u00a0<\/strong>M. Sylvain Jonas MOUSSAVOU<\/p>\n<p><strong>\u2013\u00a0<\/strong>Mme Gilberte Hermine DIVASSA\u00a0 NGOUESSY Epse LARIOT OMBENY<\/p>\n<p><strong>\u2013\u00a0<\/strong>M. Jean Bernard NKOMBE<\/p>\n<p><strong>\u2013\u00a0<\/strong>Mme Eleonore MEHOMAMILLI<\/p>\n<p><strong>DIRECTION DES SERVICES POSTAUX ET\u00a0 DE LA LOGISTIQUE\u00a0<\/strong><\/p>\n<p><strong>\u2013\u00a0<\/strong>Directeur :\u00a0<strong>M. Anicet MBADINGA\u00a0 MOULOUNGUI<\/strong>, en remplacement de M.\u00a0 Christ KILINGUI<\/p>\n<p><strong>DIRECTION DES SERVICES FINANCIERS\u00a0 POSTAUX\u00a0<\/strong><\/p>\n<p><strong>\u2013\u00a0<\/strong>Directeur :\u00a0<strong>M. Rodrigue EHYA OKE<\/strong>, en\u00a0 remplacement de M. Lauerick KLAUS<\/p>\n<p><strong>DIRECTION DES FINANCES ET DE LA\u00a0 COMPTABILITE\u00a0<\/strong><\/p>\n<p><strong>\u2013\u00a0<\/strong>Directeur :\u00a0<strong>Mme Nelly BOUMAH\u00a0 YAMAMA<\/strong>, en remplacement de Mme\u00a0 Laurence Cl\u00e9mentine MBOUGANI\u00a0 NGOUEKE<\/p>\n<p><strong>\u2013\u00a0<\/strong>Chef Comptable :\u00a0<strong>Mme Raissa\u00a0 MANFOUMBI<\/strong>, en remplacement de Mme\u00a0 In\u00e8s NKENE NTOUNG<\/p>\n<p><strong>\u2013\u00a0<\/strong>Comptable :\u00a0<strong>Mme Krishna Gretha\u00a0 MAROGA LENGUEBET Epse ANOTHO<\/strong>,\u00a0 en remplacement de Mme Heidi Marie\u00a0 Hildegard Coumba DIOP<\/p>\n<p><strong>DIRECTION DE L\u2019ADMINISTRATION\u00a0 GENERALE\u00a0<\/strong><\/p>\n<p><strong>\u2013\u00a0<\/strong>Directeur :\u00a0<strong>Mme Charl\u00e8ne SAPHU\u00a0 KOUMBA<\/strong>, en remplacement de Mme Emma\u00a0 Judith IVALA.<\/p>\n<p><strong>DIRECTION DES SYSTEMES\u00a0 D\u2019INFORMATION ET DE L\u2019INNOVATION\u00a0 TECHNOLOGIQUE\u00a0<\/strong><\/p>\n<p><strong>\u2013\u00a0<\/strong>Directeur :\u00a0<strong>M. DADDY MOUTOU GNAMBI\u00a0 BAMEKO<\/strong>, confirm\u00e9<\/p>\n<p><strong>CONTROLE GENERAL\u00a0<\/strong><\/p>\n<p><strong>\u2013\u00a0<\/strong>Contr\u00f4leur G\u00e9n\u00e9ral :\u00a0<strong>M. Jonas POATY\u00a0 IBINGA<\/strong>, confirm\u00e9<\/p>\n<p><strong>\u2013\u00a0<\/strong>Contr\u00f4leur G\u00e9n\u00e9ral Adjoint :\u00a0<strong>M. Lilian\u00a0 NSALE NDONG<\/strong>, confirm\u00e9<\/p>\n<p><strong>GROUPEMENT D\u2019INTERET PUBLIC\u00a0 POSTE S.A \u2013 TELEDIFFUSION DU GABON\u00a0 SERVICES UNIVERSELS\u00a0<\/strong><\/p>\n<p><strong>CONSEIL D\u2019ADMINISTRATION\u00a0<\/strong><\/p>\n<p><strong>\u2013\u00a0<\/strong>Pr\u00e9sident du Conseil d\u2019Administration :\u00a0\u00a0<strong>G\u00e9n\u00e9ral Paul MITOMBO\u00a0<\/strong><\/p>\n<p><strong>DIRECTION GENERALE\u00a0<\/strong><\/p>\n<p><strong>\u2013\u00a0<\/strong>Directeur G\u00e9n\u00e9ral :\u00a0<strong>M. Brice Edgard\u00a0 PONGA\u00a0<\/strong><\/p>\n<p><strong>\u2013\u00a0<\/strong>Directeur G\u00e9n\u00e9ral Adjoint\u00a0<strong>: M. Rapha\u00ebl\u00a0 MEZUI\u00a0<\/strong><\/p>\n<p><strong>MINISTERE DE L\u2019ECONOMIE\u00a0 NUMERIQUE ET DES NOUVELLES\u00a0 TECHNOLOGIES DE L\u2019INFORMATION\u00a0<\/strong><\/p>\n<p><strong>CABINET DU MINISTRE<\/strong><\/p>\n<p><strong>\u2013\u00a0<\/strong>Conseiller en Communication :\u00a0<strong>Mme Marie\u00a0 Keeshia ONDJOUNGA\u00a0<\/strong><\/p>\n<p><strong>INSPECTION GENERALE DES SERVICES\u00a0<\/strong><\/p>\n<p><strong>\u2013\u00a0<\/strong>Inspecteur G\u00e9n\u00e9ral des Services :\u00a0<strong>M. Pierre\u00a0 Romuald OMBIGATH\u00a0<\/strong><\/p>\n<p><strong>SECRETARIAT GENERAL\u00a0<\/strong><\/p>\n<p><strong>DIRECTION GENERALE DU\u00a0 DEVELOPPEMENT DES RESEAUX\u00a0 NUMERIQUES\u00a0<\/strong><\/p>\n<p><strong>\u2013\u00a0<\/strong>Directeur G\u00e9n\u00e9ral :\u00a0<strong>M. Anicet Claude\u00a0 ANDJOUAT\u00a0<\/strong><\/p>\n<p><strong>AGENCE NATIONALE DES\u00a0 INFRASTRUCTURES NUMERIQUES ET\u00a0 DES FREQUENCES (ANINF)\u00a0<\/strong><\/p>\n<p><strong>CONSEIL D\u2019ADMINISTRATION\u00a0<\/strong><\/p>\n<p><strong>\u2013\u00a0<\/strong>Pr\u00e9sident du Conseil d\u2019Administration :\u00a0<strong>Mme Prisca KOHO Epse NLEND,\u00a0<\/strong>en\u00a0 remplacement de M. Ruffin NDOUONGO<\/p>\n<p><strong>DIRECTION ADMINISTRATRIVE ET\u00a0 FINANCIERE\u00a0<\/strong><\/p>\n<p>Directeur :\u00a0<strong>M. Patrice Herman ASSOUMOU\u00a0<\/strong><\/p>\n<p><strong>AUTORITE DE REGULATION DES\u00a0 COMMUNICATIONS ELECTRONIQUES ET\u00a0 DES POSTES (ARCEP)\u00a0<\/strong><\/p>\n<p><strong>CABINET DU PRESIDENT DE L\u2019AUTORITE \u2013\u00a0<\/strong>Conseiller :\u00a0<strong>M. Arthur MONDJO\u00a0<\/strong><\/p>\n<p><strong>SOCIETE DE PATRIMOINE DES\u00a0 INFRASTRUCTURES NUMERIQUES\u00a0<\/strong><\/p>\n<p><strong>CENTRE GABONAIS DE L\u2019INNOVATION \u2013\u00a0<\/strong>Directeur :\u00a0<strong>M. St\u00e9phane NZENG\u00a0<\/strong><\/p>\n<p><strong>MINISTERE DE L\u2019ENVIRONNEMENT, DU\u00a0 CLIMAT ET DU CONFLIT HOMME-FAUNE\u00a0<\/strong><\/p>\n<p><strong>CABINET DU MINISTRE<\/strong><\/p>\n<p><strong>\u2013\u00a0<\/strong>Conseiller Diplomatique :\u00a0<strong>M. Fabrice Augan\u00a0 NTANGO\u00a0<\/strong><\/p>\n<p><strong>\u2013\u00a0<\/strong>Charg\u00e9 d\u2019Etudes :\u00a0<strong>M. Rudy Frez\u00a0 MADOUNGOU MADOUSS<\/strong>, en\u00a0 remplacement de M. Cabrel NDOMBA<\/p>\n<p><strong>\u2013\u00a0<\/strong>Charg\u00e9 de Missions :\u00a0<strong>M. Bienvenu MONDJO\u00a0 WILLY<\/strong>, en remplacement de M. GOMEZ\u00a0 MAKITA<\/p>\n<p>Par ailleurs, M. Sheaver MABENDA MABENDA,\u00a0 pr\u00e9c\u00e9demment Agent de S\u00e9curit\u00e9, est remis \u00e0 la\u00a0 disposition de son administration d\u2019origine.<\/p>\n<p><strong>MINISTERE DES TRANSPORTS, DE LA MARINE MARCHANDE ET DE LA MER\u00a0<\/strong><\/p>\n<p><strong>SECRETARIAT GENERAL\u00a0<\/strong><\/p>\n<p><strong>DIRECTION GENERALE DES\u00a0 TRANSPORTS TERRESTRES\u00a0<\/strong><\/p>\n<p><strong>\u2013\u00a0<\/strong>Directeur G\u00e9n\u00e9ral Adjoint :\u00a0<strong>M. Ingrid Aymar\u00a0 YOMBI M\u2019ANDJAYE<\/strong><\/p>\n<p><strong>OFFICE DES PORTS ET RADES DU GABON\u00a0 (OPRAG)\u00a0<\/strong><\/p>\n<p><strong>DIRECTION GENERALE\u00a0<\/strong><\/p>\n<p><strong>\u2013\u00a0<\/strong>Conseiller du Directeur G\u00e9n\u00e9ral :\u00a0<strong>M. Fiacre\u00a0NGOMA\u00a0<\/strong><\/p>\n<p><strong>\u2013\u00a0<\/strong>Conseiller Technique du Directeur G\u00e9n\u00e9ral :\u00a0<strong>M. Shaft SENDE\u00a0<\/strong><\/p>\n<p><strong>DIRECTION COMMERCIALE ET DE\u00a0 L\u2019EXPLOITATION\u00a0<\/strong><\/p>\n<p><strong>\u2013\u00a0<\/strong>Directeur :\u00a0<strong>M. Alain Rodrigue MBEMY YOYA\u00a0<\/strong><\/p>\n<p><strong>DIRECTION DU PORT A BOIS\u00a0<\/strong><\/p>\n<p><strong>\u2013\u00a0<\/strong>Directeur :\u00a0<strong>M. Alain Pierre\u00a0 ADJEMBIMANDE SAJOUX\u00a0<\/strong><\/p>\n<p><strong>DIRECTION ADMINISTRATIVE ET DU\u00a0 PERSONNEL\u00a0<\/strong><\/p>\n<p><strong>\u2013\u00a0<\/strong>Directeur :\u00a0<strong>Mme Sylvie TCHINDA.<\/strong><\/p>\n<p><strong>DIRECTION DE LA COMMUNICATION ET\u00a0 DES RELATIONS EXTERIEURES\u00a0<\/strong><\/p>\n<p><strong>\u2013\u00a0<\/strong>Directeur :\u00a0<strong>M. Arnaud Colbert LEBOMO.\u00a0<\/strong><\/p>\n<p>Par ailleurs, les personnes dont les noms suivent\u00a0 sont remises \u00e0 la disposition de leur administration\u00a0 d\u2019origine. Il s\u2019agit de :<\/p>\n<p><strong>\u2013\u00a0<\/strong>M. Gael MANDZOUNGOU NYAYE\u00a0<strong>\u2013\u00a0<\/strong>M. Rodrigue BOUBATA<\/p>\n<p><strong>\u2013\u00a0<\/strong>Mme L\u00e9onie BIBAYE ITANDAS<\/p>\n<p><strong>\u2013\u00a0<\/strong>M. Arnold KABORI<\/p>\n<p><strong>\u2013\u00a0<\/strong>Mme Christiane EBANG ASSEKO<\/p>\n<p><strong>TRANS\u2019URB\u00a0<\/strong><\/p>\n<p><strong>DIRECTION GENERALE\u00a0<\/strong><\/p>\n<p><strong>\u2013\u00a0<\/strong>Directeur G\u00e9n\u00e9ral\u00a0<strong>: M. Christian\u00a0 TCHEMAMBELA,\u00a0<\/strong>en remplacement de M.\u00a0 Michel ASSOUME NZOGHE.<\/p>\n<p><strong>\u2013\u00a0<\/strong>Directeur G\u00e9n\u00e9ral Adjoint :\u00a0<strong>M. Judica\u00ebl MOUPUNGUIDI.<\/strong><\/p>\n<p><strong>\u2013\u00a0<\/strong>Conseiller du Directeur G\u00e9n\u00e9ral : Mme\u00a0<strong>Josephe Lidwine ABAGA.\u00a0<\/strong><\/p>\n<p><strong>DIRECTION FINANCIERE ET\u00a0 COMPTABLE\u00a0<\/strong><\/p>\n<p><strong>\u2013\u00a0<\/strong>Directeur :\u00a0<strong>M. Didier Adalbert DISSAMOU\u00a0<\/strong><\/p>\n<p><strong>DIRECTION DES RESSOURCES\u00a0 HUMAINES ET JURIDIQUE\u00a0<\/strong><\/p>\n<p><strong>\u2013\u00a0<\/strong>Directeur :\u00a0<strong>Mme Olivia Neige\u00a0 BOUKANDOU\u00a0<\/strong><\/p>\n<p><strong>DIRECTION COMMERCIALE, DE LA\u00a0 COMMUNICATION ET DU MARKETING\u00a0<\/strong><\/p>\n<p><strong>\u2013\u00a0<\/strong>Directeur :\u00a0<strong>Mme Audrey RANO SIMA\u00a0 ELLE\u00a0<\/strong><\/p>\n<p><strong>DIRECTION DE L\u2019EXPLOITATION<\/strong><\/p>\n<p><strong>\u2013\u00a0<\/strong>Directeur :\u00a0<strong>M. Elvire MBOYI PECKOS\u00a0<\/strong><\/p>\n<p><strong>AUTORITE DE REGULATION DES TRANSPORTS FERROVIAIRES (ARTF)\u00a0<\/strong><\/p>\n<p><strong>CONSEIL DE REGULATION<\/strong><\/p>\n<p><strong>\u2013\u00a0<\/strong>Pr\u00e9sident\u00a0<strong>: M. Fran\u00e7ois BANGA EBOUMI\u00a0<\/strong>en remplacement de M. Dardell Thierry\u00a0 OPENE<\/p>\n<p><strong>\u2013\u00a0<\/strong>Vice-Pr\u00e9sident\u00a0<strong>: M L\u00e9once Michel\u00a0 OGANDAGA AGONDJO<\/strong>, en remplacement\u00a0 de M. Wilfrid ONTCHANGA<\/p>\n<p><strong>\u2013\u00a0<\/strong>Secr\u00e9taire Ex\u00e9cutif\u00a0<strong>: Dr Adrien MOUKABI,\u00a0\u00a0<\/strong>en remplacement de M. Joseph IBOUILI\u00a0 MAGANGA<\/p>\n<p><strong>\u2013\u00a0<\/strong>Secr\u00e9taire Ex\u00e9cutif Adjoint :\u00a0<strong>M. Luc Aymard\u00a0 BOUYELA\u00a0<\/strong><\/p>\n<p><strong>\u2013\u00a0<\/strong>Conseillers :<\/p>\n<p>&#8211;\u00a0<strong>M. Landry NDOUNGOU\u00a0<\/strong><\/p>\n<p>&#8211;\u00a0<strong>M. Augustin BOUMAH\u00a0<\/strong><\/p>\n<p>Par ailleurs, il est mis fin aux fonctions des\u00a0 personnes dont les noms suivent\u00a0<strong>:\u00a0\u00a0<\/strong><\/p>\n<p><strong>\u2013\u00a0<\/strong>M. Vincent MOUIDI ;<\/p>\n<p><strong>\u2013\u00a0<\/strong>M. Olivier BASSIVA ;<\/p>\n<p><strong>\u2013\u00a0<\/strong>Mme Marl\u00e8ne PAMBO \u00e9pse MBALA ;<\/p>\n<p><strong>\u2013\u00a0<\/strong>M. Prosper AWOURI.<\/p>\n<p><strong>COMPAGNIE NATIONALE DE\u00a0 NAVIGATION INTERIEURE ET\u00a0 INTERNATIONALE (C2N2I)\u00a0<\/strong><\/p>\n<p><strong>DIRECTION GENERALE\u00a0<\/strong><\/p>\n<p><strong>\u2013\u00a0<\/strong>Directeur G\u00e9n\u00e9ral :\u00a0<strong>Capitaine de Fr\u00e9gate\u00a0 Ghislain MOUSSAVOU MOUSSAVOU\u00a0\u00a0<\/strong><\/p>\n<p><strong>\u2013\u00a0<\/strong>Directeur G\u00e9n\u00e9ral Adjoint :\u00a0<strong>Commandant\u00a0 Alexis MPIGA\u00a0<\/strong><\/p>\n<p><strong>MINISTERE DES MINES\u00a0<\/strong><\/p>\n<p><strong>CABINET DU MINISTRE\u00a0\u00a0<\/strong><\/p>\n<p><strong>\u2013\u00a0<\/strong>Conseiller technique :\u00a0<strong>Mme Laure Sandra\u00a0 KINGBO\u00a0\u00a0<\/strong><\/p>\n<p><strong>\u2013\u00a0<\/strong>Charg\u00e9e d\u2019\u00e9tude :\u00a0<strong>Mme Sophie Imelda\u00a0 NGOTALA OBIANG\u00a0\u00a0<\/strong><\/p>\n<p>Par ailleurs, il est mis fin aux fonctions des\u00a0 personnes dont les noms suivent :<\/p>\n<p>\u2013 Mme Manouchka Nabila MINKOUE-MI ASSELE<\/p>\n<p>\u2013 Mme Alexia KOUMBA KOMBA<\/p>\n<p>\u2013 Mme Georgette AYITEBE KOUNASSI\u00a0 ONDO<\/p>\n<p>\u2013 Mme Ansmie Derlande PONGA MOUKOUTI<\/p>\n<p><strong>INSPECTION GENERALE DES SERVICES\u00a0<\/strong><\/p>\n<p><strong>\u2013\u00a0<\/strong>Inspecteur g\u00e9n\u00e9ral :\u00a0<strong>M. Didier Robert\u00a0 REVANDINE\u00a0\u00a0<\/strong><\/p>\n<p><strong>SECRETARIAT GENERAL\u00a0<\/strong><\/p>\n<p><strong>DIRECTION GENERALE DE LA GEOLOGIE ET DU SUPPORT MINIER\u00a0<\/strong><\/p>\n<p>\u2013 Directeur G\u00e9n\u00e9ral :\u00a0<strong>M. Alain Serge NZAMBA\u00a0 MANZANZA\u00a0<\/strong><\/p>\n<p>\u2013 Directeur G\u00e9n\u00e9ral Adjoint :\u00a0<strong>M. Hugues\u00a0 Christian EKOGHA<\/strong><\/p>\n<p><strong>DIRECTION DE LA GEOLOGIE ET DE LA\u00a0 RECHERCHE MINIERE\u00a0<\/strong><\/p>\n<p>\u2013 Directeur :\u00a0<strong>M. Raymond MBA\u00a0<\/strong><\/p>\n<p>\u2013 Directeur Adjoint :\u00a0<strong>Mme Cynthia ADA\u00a0 ONDO\u00a0<\/strong><\/p>\n<p><strong>SERVICE DU SONDAGE\u00a0<\/strong><\/p>\n<p><strong>\u2013\u00a0<\/strong>Chef de Service :\u00a0<strong>Mme C\u00e9lita Bradys\u00a0 TSIABA\u00a0<\/strong><\/p>\n<p><strong>DIRECTION DES SYSTEMES\u00a0 D\u2019INFORMATIONS GEOLOGIQUES ET\u00a0 MINIERES\u00a0<\/strong><\/p>\n<p>\u2013 Directeur :\u00a0<strong>M. Magloire Paul Salthat NNA\u00a0<\/strong><\/p>\n<p><strong>SERVICE PATRIMOINE GEOLOGIQUE ET\u00a0 MINIER\u00a0\u00a0<\/strong><\/p>\n<p><strong>\u2013\u00a0<\/strong>Chef de Service :\u00a0<strong>Mme Tania Aude NGOMA\u00a0<\/strong><\/p>\n<p><strong>SERVICE REPRODUCTION ET DIFFUSION \u2013\u00a0<\/strong>Chef de Service :\u00a0<strong>M<\/strong>.\u00a0<strong>Blaise EDIMO<\/strong><\/p>\n<p><strong>SERVICE D\u2019INFORMATION\u00a0 GEOLOGIQUES ET MINIERS\u00a0<\/strong><\/p>\n<p><strong>\u2013\u00a0<\/strong>Chef de Service\u00a0<strong>: M. Aim\u00e9 Dunoise\u00a0 NZAMBA\u00a0<\/strong><\/p>\n<p><strong>DIRECTION DES ANALYSE ET\u00a0 LABORATOIRES\u00a0<\/strong><\/p>\n<p>\u2013 Directeur :\u00a0<strong>Mme M\u00e9lissa Roseline\u00a0 MEGNENG\u00a0<\/strong><\/p>\n<p><strong>SERVICE DES LABORATOIRES\u00a0\u00a0<\/strong><\/p>\n<p><strong>\u2013\u00a0<\/strong>Chef de Service :\u00a0<strong>M. Dan Shirley\u00a0 BOULINGUI NGANDJI\u00a0<\/strong><\/p>\n<p><strong>DIRECTION DU CADASTRE ET DROITS\u00a0 MINIERS\u00a0<\/strong><\/p>\n<p>\u2013 Directeur :\u00a0<strong>Mme Audrey MPIRA\u00a0<\/strong><\/p>\n<p><strong>SERVICE DES AUTORISATIONS\u00a0<\/strong><\/p>\n<p><strong>\u2013\u00a0<\/strong>Chef de Service :\u00a0<strong>Mme Carine Estelle\u00a0 BANGELIER<\/strong><\/p>\n<p><strong>DIRECTION GENERALE DE\u00a0 L\u2019EXPLOITATION DES MINES\u00a0\u00a0<\/strong><\/p>\n<p>\u2013 Directeur G\u00e9n\u00e9ral :\u00a0<strong>M. Serge ABOUMA\u00a0 SIMBA\u00a0<\/strong><\/p>\n<p>\u2013 Directeur G\u00e9n\u00e9ral Adjoint :\u00a0<strong>M. Brice Aubin\u00a0 KASSADOU\u00a0\u00a0<\/strong><\/p>\n<p><strong>DIRECTION DE LA TRANSFORMATION\u00a0 LOCALE\u00a0<\/strong><\/p>\n<p>\u2013 Directeur :\u00a0<strong>M. John S\u00e9raphin MBOUI\u00a0 OBAME\u00a0<\/strong><\/p>\n<p>\u2013 Directeur Adjoint :\u00a0<strong>Mme V\u00e9ronique\u00a0 YOULOU\u00a0\u00a0<\/strong><\/p>\n<p><strong>SERVICE DU SUIVI ET CONTROLE DES\u00a0 ACTIVITES DE LA TRANSFORMATION\u00a0<\/strong><\/p>\n<p><strong>\u2013\u00a0<\/strong>Chef de Service\u00a0<strong>: Mme Amelie BENGA\u00a0 BIKE\u00a0<\/strong><\/p>\n<p><strong>SERVICE DES ETUDES ET DE LA\u00a0 PLANIFICATION\u00a0<\/strong>:<\/p>\n<p><strong>\u2013\u00a0<\/strong>Chef de Service :\u00a0<strong>Mme Flore Pegique\u00a0 MAMBANA\u00a0\u00a0<\/strong><\/p>\n<p><strong>DIRECTION DES HABILITATIONS\u00a0 TECHNIQUES\u00a0<\/strong><\/p>\n<p>\u2013 Directeur :\u00a0<strong>M. Parfait NANG BIBANG\u00a0<\/strong><\/p>\n<p>\u2013 Directeur Adjoint\u00a0<strong>: M. Renontial MBEGHA\u00a0 MEGNER\u00a0<\/strong><\/p>\n<p><strong>SERVICE EQUIPEMENT SOUS PRESSION\u00a0<\/strong><\/p>\n<p>\u2013 Chef de Service :\u00a0<strong>Mme Huguette Julienne\u00a0 NGOUEROUROLA ASSIBA\u00a0<\/strong><\/p>\n<p><strong>SERVICE MACHINES ET LAVAGE ET\u00a0 EQUIPEMENT D\u2019EXPLOITATION MINIERE\u00a0\u00a0<\/strong><\/p>\n<p><strong>\u2013\u00a0<\/strong>Chef de Service :\u00a0<strong>M<\/strong>.\u00a0<strong>Thomas William\u00a0 LIPOYE\u00a0<\/strong><\/p>\n<p><strong>\u2013\u00a0<\/strong><\/p>\n<p><strong>SERVICE GESTION DES EXPLOSIFS\u00a0 CIVILS\u00a0\u00a0<\/strong><\/p>\n<p><strong>\u2013\u00a0<\/strong>Chef de Service :\u00a0<strong>M. Brice SEKEGHE<\/strong><\/p>\n<p><strong>DIRECTION DE L\u2019EXPLOITATION DES\u00a0 MINES A GRANDES ECHELLES\u00a0\u00a0<\/strong><\/p>\n<p>\u2013 Directeur :\u00a0<strong>M. Gdh ANGONE ANGONE\u00a0<\/strong><\/p>\n<p>\u2013 Directeur Adjoint :\u00a0<strong>Mme Nicole KOUMBA\u00a0 Epse MAISSA\u00a0<\/strong><\/p>\n<p><strong>SERVICE EXPLOITATION DES MINES A\u00a0 GRANDES ECHELLES\u00a0\u00a0<\/strong><\/p>\n<p><strong>\u2013\u00a0<\/strong>Chef de Service :\u00a0<strong>Serge Landry KOMBILA\u00a0 MOUSSAVOU\u00a0<\/strong><\/p>\n<p><strong>DIRECTION DE L\u2019EXPLOITATION DES\u00a0 MINES A PETITES ECHELLES\u00a0<\/strong><\/p>\n<p><strong>\u2013\u00a0<\/strong>Directeur :\u00a0<strong>M. Gervais NSI OVONO\u00a0<\/strong><\/p>\n<p><strong>\u2013\u00a0<\/strong>Directeur Adjoint\u00a0<strong>: M. Alain Brice\u00a0 MOUSSADJI MAGANGA\u00a0<\/strong><\/p>\n<p><strong>SERVICE ETUDES ET EVOLUTION DES\u00a0 MINES A PETITES ECHELLES\u00a0<\/strong><\/p>\n<p><strong>\u2013\u00a0<\/strong>Chef de Service :\u00a0<strong>M. Alex KOUIMA\u00a0 TCHIKAYA<\/strong><\/p>\n<p><strong>DIRECTION GENERALE DES ANALYSES\u00a0 ECONOMIQUES ET JURIDIQUES\u00a0<\/strong><\/p>\n<p>\u2013 Directeur G\u00e9n\u00e9ral Adjoint :\u00a0<strong>M. Christian\u00a0 MAPAGA\u00a0\u00a0<\/strong><\/p>\n<p><strong>DIRECTION DES ANALYSES\u00a0 ECONOMIQUES ET MINIERS\u00a0<\/strong><\/p>\n<p>\u2013 Directeur Adjoint :\u00a0<strong>Mme Gladys Larissa\u00a0 NGONG Epse MBA AKOURE\u00a0<\/strong><\/p>\n<p><strong>SERVICE EVALUATION ECONOMIQUE\u00a0 DES PROJETS MINIERS\u00a0\u00a0<\/strong><\/p>\n<p><strong>\u2013\u00a0<\/strong>Chef de Service :\u00a0<strong>Mme Alida Fany KONDA\u00a0<\/strong><\/p>\n<p><strong>SERVICE PROSPECTIVE ET ETUDE\u00a0 ECONOMIQUE MINIERE\u00a0<\/strong><\/p>\n<p><strong>\u2013\u00a0<\/strong>Chef de Service :\u00a0<strong>M. Sebastien MOUGOMO DIRECTION JURIDIQUE ET FISCALE<\/strong><\/p>\n<p>\u2013 Directeur :\u00a0<strong>M. Hi\u00e9ro Yann Almir MBOUALA MOUNGUENGUI\u00a0<\/strong><\/p>\n<p>\u2013 Directeur Adjoint :\u00a0<strong>Mme Ga\u00eblle Marrion\u00a0 ADA Epse OBIANG\u00a0\u00a0<\/strong><\/p>\n<p><strong>SERVICE ACCORDS ET CONTRATS\u00a0 MINIERS\u00a0\u00a0<\/strong><\/p>\n<p><strong>\u2013\u00a0<\/strong>Chef de Service :\u00a0<strong>Mme Lyvia MBA MINKO.\u00a0<\/strong><\/p>\n<p><strong>SERVICE JURIDIQUE ET DU\u00a0 CONTENTIEUX\u00a0<\/strong><\/p>\n<p><strong>\u2013\u00a0<\/strong>Chef de Service :\u00a0<strong>Mme Jassinta Sortinie\u00a0 OLOUOMI\u00a0<\/strong><\/p>\n<p><strong>SERVICE FISCALITE MINIERE\u00a0\u00a0<\/strong><\/p>\n<p><strong>\u2013\u00a0<\/strong>Chef de Service :\u00a0<strong>M. Jean Fabrice\u00a0 MOUSSAVOU MOUSSAVOU\u00a0<\/strong><\/p>\n<p><strong>DIRECTION DE LA CONTRIBUTION DES\u00a0 MINES AU DEVELOPPEMENT LOCAL<\/strong><\/p>\n<p>\u2013 Directeur :\u00a0<strong>Mme Murielle Betina\u00a0 MOUYEYE BOUESSE\u00a0\u00a0<\/strong><\/p>\n<p>\u2013 Directeur Adjoint :\u00a0<strong>Mme Murielle Marika\u00a0 NTSAME ASSEMBE\u00a0<\/strong><\/p>\n<p><strong>SERVICE DU DEVELOPPEMENT LOCAL\u00a0<\/strong><\/p>\n<p>\u2013 Chef de Service :\u00a0<strong>Mme Marthe Judith\u00a0 MOUSSAVOU KOMBILA Epse\u00a0 MOUMBOGNO\u00a0<\/strong><\/p>\n<p><strong>DIRECTION DES RISQUES MINIERS ET\u00a0 INDUSTRIELS\u00a0<\/strong><\/p>\n<p>\u2013 Directeur :\u00a0<strong>M. Hugues Privat\u00a0 NDJOKOUNDA\u00a0\u00a0<\/strong><\/p>\n<p>\u2013 Directeur Adjoint :\u00a0<strong>Mme Ra\u00efssa MINKOUE\u00a0 MI NKOGHE\u00a0\u00a0<\/strong><\/p>\n<p><strong>SERVICE ETUDES ET AUDITS\u00a0 ENVIRONNEMENTAUX<\/strong><\/p>\n<p><strong>\u2013\u00a0<\/strong>Chef de Service :\u00a0<strong>M. Ethienne Marcel\u00a0 BIBALOU MOUSSAVOU\u00a0<\/strong><\/p>\n<p><strong>SERVICE RESPONSABILITE SOCIETALE\u00a0 DES ENTREPRISES\u00a0<\/strong><\/p>\n<p><strong>\u2013\u00a0<\/strong>Chef de Service :\u00a0<strong>Mme Nadine MOUKITA\u00a0<\/strong><\/p>\n<p><strong>DIRECTION GENERALE DE\u00a0 L\u2019EXPLOITATION DES CARRIERES ET DE\u00a0 L\u2019ARTISANAT\u00a0\u00a0<\/strong><\/p>\n<p><strong>\u2013\u00a0<\/strong>Directeur G\u00e9n\u00e9ral Adjoint :\u00a0<strong>Mme Armelle\u00a0 BOUMI MAFANA Epse AGHOMA\u00a0<\/strong><\/p>\n<p><strong>DIRECTION DE L\u2019EXPLOITATION DES\u00a0 CARRIERES\u00a0<\/strong><\/p>\n<p>\u2013 Directeur :\u00a0<strong>M. Elvys Lemmy PAMBOU\u00a0\u00a0<\/strong>\u2013 Directeur Adjoint :\u00a0<strong>M. Dieudonn\u00e9 OBIANG\u00a0\u00a0<\/strong><\/p>\n<p><strong>DIRECTION DE L\u2019ARTISANAT\u00a0<\/strong><\/p>\n<p>\u2013 Directeur :\u00a0<strong>M. Yvon OTERIGUI\u00a0<\/strong><\/p>\n<p>\u2013 Directeur Adjoint :\u00a0<strong>Mme Lydia Firmine\u00a0 MOUBOUENGOU\u00a0<\/strong><\/p>\n<p><strong>SERVICE ARTISANAT DES MINES<\/strong><\/p>\n<p><strong>\u2013\u00a0<\/strong>Chef de Service :\u00a0<strong>M. OSELLE BAKADI\u00a0 MIKOLO\u00a0<\/strong><\/p>\n<p><strong>SERVICE ASSISTANCE TECHNIQUE<\/strong><\/p>\n<p><strong>\u2013\u00a0<\/strong>Chef de Service :\u00a0<strong>Mme Asther MAFANGA\u00a0 MOUBANGOYE\u00a0<\/strong><\/p>\n<p><strong>DIRECTION DE LA VALORISATION ET DE\u00a0 LA TRANSFORMATION ARTISANALE\u00a0<\/strong><\/p>\n<p>\u2013 Directeur :\u00a0<strong>M. Bertrand OLLOMO EBANG\u00a0<\/strong><\/p>\n<p>\u2013 Directeur Adjoint :\u00a0<strong>Mme Michelle Sylvanna\u00a0 MOUBOUALI TSIOBA\u00a0<\/strong><\/p>\n<p><strong>SERVICE DE LA PROMOTION ET DE LA\u00a0 VALORISATION DE L\u2019ARTISANAT\u00a0\u00a0<\/strong><\/p>\n<p><strong>\u2013\u00a0<\/strong>Chef de Service :\u00a0<strong>Mme Christelle\u00a0 TOUMBOUNGA\u00a0<\/strong><\/p>\n<p><strong>SERVICE CONTROLE DES ACTIVITES DE\u00a0 LA TRANSFORMATION LOCALE\u00a0<\/strong><\/p>\n<p><strong>\u2013\u00a0<\/strong>Chef de Service :\u00a0<strong>Mme Andr\u00e9e Paule\u00a0 BOUANGA MOKOKO<\/strong><\/p>\n<p><strong>SERVICE DES ACTIVITES DERIVEES ET\u00a0 CONNEXES\u00a0<\/strong><\/p>\n<p><strong>\u2013\u00a0<\/strong>Chef de Service\u00a0<strong>: Mme Tina Rolande\u00a0 MOUTOU\u00a0<\/strong><\/p>\n<p><strong>SUBDIVISIONS\u00a0<\/strong><\/p>\n<p><strong>DIRECTION REGIONALE DU HAUT OGOOUE ET DE L\u2019OGOOUE-LOLO\u00a0<\/strong><\/p>\n<p>\u2013 Directeur R\u00e9gional :\u00a0<strong>M. Patrick Armel\u00a0 MANGA MAKAYA\u00a0\u00a0<\/strong><\/p>\n<p><strong>DIRECTION REGIONALE DU MOYEN OGOOUE, DE LA NGOUNIE ET DE LA\u00a0 NYANGA\u00a0<\/strong><\/p>\n<p>\u2013 Directeur R\u00e9gional :\u00a0<strong>M. B\u00e9ranger\u00a0 ABESSOLO OWONO\u00a0\u00a0<\/strong><\/p>\n<p><strong>DIRECTION REGIONALE DE L\u2019OGOOUE MARITIME<\/strong><\/p>\n<p>\u2013 Directeur R\u00e9gional :\u00a0<strong>Mme Eugenia LIYAMA\u00a0 NZENGUE\u00a0<\/strong><\/p>\n<p><strong>DIRECTION REGIONALE DE L\u2019OGOOUE IVINDO ET DU WOLEU-NTEM\u00a0<\/strong><\/p>\n<p>\u2013 Directeur R\u00e9gional :\u00a0<strong>M. Armel ONDO\u00a0 ESSONO\u00a0<\/strong><\/p>\n<p><strong>SOCIETE EQUATORIALE DES MINES\u00a0 (SEM)\u00a0<\/strong><\/p>\n<p><strong>DIRECTION GENERALE\u00a0<\/strong><\/p>\n<p>\u2013\u00a0<strong>Conseiller Financier : Mme MOUDOUNGA\u00a0 LEMEYA\u00a0<\/strong><\/p>\n<p><strong>DIRECTION DE LA GEOLOGIE\u00a0<\/strong><\/p>\n<p>\u2013 Directeur :\u00a0<strong>M. Steeve KOUPANGOYE\u00a0<\/strong><\/p>\n<p><strong>DIRECTION DES AFFAIRES JURIDIQUES\u00a0 ECONOMIQUES ET FISCALES\u00a0<\/strong><\/p>\n<p>\u2013 Directeur :\u00a0<strong>M. Boniface ROUX BOUDIALA<\/strong><\/p>\n<p><strong>DIRECTION DU DEVELOPPEMENT\u00a0 DURABLE ET DE L\u2019INNOVATION\u00a0 TRANSVERSE\u00a0<\/strong><\/p>\n<p>\u2013 Directeur :\u00a0<strong>M. Stanislas NZIENGUI\u00a0<\/strong><\/p>\n<p><strong>MINISTERE DU COMMERCE, DES\u00a0 PME\/PMI, CHARGE DES ACTIVITES\u00a0 GENERATRICES DE REVENUS\u00a0<\/strong><\/p>\n<p><strong>SECRETARIAT GENERAL\u00a0\u00a0<\/strong><\/p>\n<p><strong>DIRECTION CENTRALE DES AFFAIRES\u00a0 JURIDIQUES\u00a0<\/strong><\/p>\n<p>\u2013 Directeur :\u00a0<strong>M. Lilian AKUE ASSOUMOU<\/strong><\/p>\n<p>\u2013 Directeur Adjoint :\u00a0<strong>M. Greg R\u00e9gis PONCY\u00a0<\/strong><\/p>\n<p><strong>DIRECTION CENTRALE DES ARCHIVES\u00a0 ET DE LA DOCUMENTATION\u00a0<\/strong><\/p>\n<p>\u2013 Directeur :\u00a0<strong>M. Wilfried AYENOUE<\/strong><\/p>\n<p><strong>DIRECTION CENTRALE DES\u00a0 STATISTIQUES ET DES ETUDES\u00a0<\/strong><\/p>\n<p>\u2013 Directeur Adjoint :\u00a0<strong>Mme Violaine MAKAYA\u00a0<\/strong><\/p>\n<p><strong>DIRECTION CENTRALE DE LA\u00a0 COMMUNICATION\u00a0<\/strong><\/p>\n<p>\u2013 Directeur :\u00a0<strong>M. Yann Darrys AGAMBOUE\u00a0<\/strong><\/p>\n<p>\u2013 Directeur Adjoint :\u00a0<strong>Mme Edwige\u00a0 DINDZONA\u00a0<\/strong><\/p>\n<p><strong>DIRECTION GENERALE DE LA LUTTE\u00a0 CONTRE LA PAUVRETE\u00a0<\/strong><\/p>\n<p>\u2013 Directeur G\u00e9n\u00e9ral Adjoint :\u00a0<strong>Mme Vivette\u00a0 Cl\u00e9mence NZAMBA IKOUMA\u00a0<\/strong><\/p>\n<p><strong>DIRECTION DES STRATEGIES DE\u00a0 REDUCTION DE LA PAUVRETE\u00a0<\/strong><\/p>\n<p>\u2013 Directeur :\u00a0<strong>Mme Aude Johanna OGNAGNA\u00a0 ETOUGUI\u00a0<\/strong><\/p>\n<p><strong>DIRECTION GENERALE DU COMMERCE\u00a0<\/strong><\/p>\n<p>\u2013 Directeur G\u00e9n\u00e9ral Adjoint :\u00a0<strong>M. C\u00e9sar\u00a0 AUBAME<\/strong><\/p>\n<p><strong>DIRECTION DU COMMERCE INTERIEUR\u00a0<\/strong><\/p>\n<p>\u2013 Directeur :\u00a0<strong>M. Charles Arnaud MINTSA MI\u00a0 ONGONE\u00a0<\/strong><\/p>\n<p>\u2013 Directeur Adjoint :\u00a0<strong>M. Chrepin Alex\u00a0 MAGANGOU\u00a0<\/strong><\/p>\n<p><strong>DIRECTION DU COMMERCE EXTERIEUR\u00a0<\/strong><\/p>\n<p>\u2013 Directeur Adjoint :\u00a0<strong>Mme Sandra Leaticia\u00a0 ZENG\u00a0<\/strong><\/p>\n<p><strong>DIRECTION PROVINCIALE DU\u00a0 COMMERCE DE L\u2019ESTUAIRE\u00a0<\/strong><\/p>\n<p>\u2013 Directeur :\u00a0<strong>Dr. Michel MVE ONDO\u00a0 ETOUGOU\u00a0<\/strong><\/p>\n<p><strong>DIRECTION PROVINCIALE DU\u00a0 COMMERCE DU HAUT-OGOOUE\u00a0<\/strong><\/p>\n<p>\u2013 Directeur :\u00a0<strong>M. Barthelemy LEBOUSSI\u00a0<\/strong><\/p>\n<p><strong>DIRECTION PROVINCIALE DU\u00a0 COMMERCE DE L\u2019OGOOUE-IVINDO<\/strong><\/p>\n<p>\u2013 Directeur :\u00a0<strong>M. Freddy Daniel MEDZEGUE\u00a0<\/strong><\/p>\n<p><strong>DIRECTION PROVINCIALE DU\u00a0 COMMERCE DE L\u2019OGOOUE-LOLO\u00a0<\/strong><\/p>\n<p>\u2013 Directeur :\u00a0<strong>Mme Nadia-Briselle MAPAGHA\u00a0 LITSILIMA Epse KOUAMBA\u00a0<\/strong><\/p>\n<p><strong>BUREAU COMMERCE DE NKOK\u00a0<\/strong><\/p>\n<p>\u2013 Chef de Bureau :\u00a0<strong>M. M\u00e9dard BENGONE\u00a0 MINKO\u00a0<\/strong><\/p>\n<p>\u2013 Chef de Bureau Adjoint :\u00a0<strong>M. Eddy NGUELE\u00a0 BAYONNE\u00a0<\/strong><\/p>\n<p><strong>MINISTERE DES AFFAIRES SOCIALES INSPECTION GENERALE DES SERVICES\u00a0<\/strong><\/p>\n<p><strong>\u2013\u00a0<\/strong>Inspecteur G\u00e9n\u00e9ral des Services :\u00a0<strong>Mme\u00a0 BENGA NDONG Camille Ghislaine ;\u00a0<\/strong><\/p>\n<p><strong>\u2013\u00a0<\/strong>Inspecteur G\u00e9n\u00e9ral Adjoint des Services :\u00a0<strong>M.\u00a0 Jean Clotaire MOUSSAVOU ;<\/strong><\/p>\n<p><strong>\u2013\u00a0<\/strong>Secr\u00e9taire Particuli\u00e8re :\u00a0<strong>Mme Clothilde ADA\u00a0 MENIE Epse DJIANG ;\u00a0<\/strong><\/p>\n<p><strong>\u2013\u00a0<\/strong>Inspecteur en charge de la Pr\u00e9voyance et de\u00a0 l\u2019Action Sociale :\u00a0<strong>Mme Georgina SOUNDA ;\u00a0<\/strong><\/p>\n<p><strong>\u2013\u00a0<\/strong>Inspecteur en charge de la Solidarit\u00e9\u00a0 Nationale :\u00a0<strong>Mme Th\u00e9r\u00e8se Julie ANDEME\u00a0 MEZUI\u00a0<\/strong><\/p>\n<p><strong>\u2013\u00a0<\/strong>Inspecteur en charge de la Petite Enfance et de\u00a0 l\u2019Education Surveill\u00e9e :\u00a0<strong>M. ESSENG\u00a0 ALLOGHO\u00a0<\/strong><\/p>\n<p><strong>\u2013\u00a0<\/strong>Inspecteur en charge de la Promotion de la\u00a0 Femme et de la Famille :\u00a0<strong>Mme Liliane\u00a0 SOUNGOU\u00a0<\/strong><\/p>\n<p><strong>\u2013\u00a0<\/strong>Inspecteur :\u00a0<strong>Mme Jeanne Ida NTENE<\/strong><\/p>\n<p><strong>\u2013\u00a0<\/strong>Inspecteur :\u00a0<strong>Mme Carmela Mich\u00e8le NGAYIS\u00a0<\/strong><\/p>\n<p><strong>SECRETARIAT GENERAL\u00a0<\/strong><\/p>\n<p><strong>CABINET DU SECRETAIRE GENERAL\u00a0<\/strong><\/p>\n<p><strong>\u2013\u00a0<\/strong>Secr\u00e9taire Particuli\u00e8re :\u00a0<strong>Mme Bettina\u00a0 Glwadys NFONO NKOGO\u00a0<\/strong><\/p>\n<p><strong>\u2013\u00a0<\/strong>Charg\u00e9s d\u2019Etudes :<\/p>\n<ol>\n<li><\/li>\n<\/ol>\n<p>&#8211;<strong>Stephen Claude TCHIBINDA KOUMBA\u00a0<\/strong><\/p>\n<p>&#8211;\u00a0<strong>Marien Steven NGOULAKIA\u00a0<\/strong><\/p>\n<p>Mmes<\/p>\n<p>&#8211;\u00a0<strong>Hildia G\u00e9raldine SIMA ONDO\u00a0<\/strong><\/p>\n<p>&#8211;\u00a0<strong>Simone Edwige Ariane KOWET\u00a0<\/strong><\/p>\n<p>&#8211;\u00a0<strong>Doriabelle YONGALA\u00a0<\/strong><\/p>\n<p><strong>DIRECTION GENERALE DES AFFAIRES\u00a0 SOCIALES\u00a0<\/strong><\/p>\n<p><strong>\u2013\u00a0<\/strong>Directeur G\u00e9n\u00e9ral Adjoint :\u00a0<strong>M. Jean Claude\u00a0 NZENGUE<\/strong>, en remplacement de Mme Marie\u00a0 Rachel MINDILOU PAILLAT<\/p>\n<p><strong>DIRECTION DE L\u2019ACTION SOCIALE ET DU\u00a0 DEVELOPPEMENT SOCIAL\u00a0<\/strong><\/p>\n<p><strong>\u2013\u00a0<\/strong>Directeur :\u00a0<strong>M. Serge Anicet MOULOUNGUI<\/strong><\/p>\n<p><strong>DIRECTION DE L\u2019INSERTION SOCIALE\u00a0 DES PERSONNES VIVANT AVEC UN\u00a0 HANDICAP\u00a0<\/strong><\/p>\n<p><strong>\u2013\u00a0<\/strong>Directeur :\u00a0<strong>Mme Jeannine OYONO OYONO\u00a0<\/strong><\/p>\n<p><strong>DIRECTION DE L\u2019EDUCATION\u00a0 PRESCOLAIRE\u00a0<\/strong><\/p>\n<p><strong>\u2013\u00a0<\/strong>Directeur :\u00a0<strong>Mme Ad\u00e9la\u00efde\u00a0 MAMBOUMABAKASSOU\u00a0<\/strong><\/p>\n<p><strong>SERVICES TERRITORIAUX\u00a0<\/strong><\/p>\n<p><strong>DIRECTIONS PROVINCIALES DE\u00a0 L\u2019ACTION SOCIALE\u00a0<\/strong><\/p>\n<p><strong>PROVINCE DU HAUT-OGOOUE\u00a0<\/strong><\/p>\n<p><strong>\u2013\u00a0<\/strong>Directeur Provincial :\u00a0<strong>M. Macaire NDONG\u00a0 NKA\u00a0<\/strong><\/p>\n<p><strong>PROVINCE DU MOYEN-OGOOUE\u00a0<\/strong><\/p>\n<p><strong>\u2013\u00a0<\/strong>Directeur Provincial :\u00a0<strong>M. Patrick-Roger\u00a0 MAKOMBOU MA IBOUANGA<\/strong><\/p>\n<p><strong>PROVINCE DE LA NGOUNIE\u00a0<\/strong><\/p>\n<p><strong>\u2013\u00a0<\/strong>Directeur Provincial :\u00a0<strong>Mme Mathilde\u00a0 CHEME\u00a0<\/strong><\/p>\n<p><strong>PROVINCE DE LA NYANGA\u00a0<\/strong><\/p>\n<p><strong>\u2013\u00a0<\/strong>Directeur Provincial :\u00a0<strong>M. Ferdinand\u00a0 ONGANGA\u00a0<\/strong><\/p>\n<p><strong>PROVINCE DE L\u2019OGOOUE-IVINDO\u00a0<\/strong><\/p>\n<p><strong>\u2013\u00a0<\/strong>Directeur Provincial :\u00a0<strong>Mme Sylvie Chantal\u00a0 ABONG NDONG\u00a0<\/strong><\/p>\n<p><strong>PROVINCE DE L\u2019OGOOUE-LOLO\u00a0<\/strong><\/p>\n<p><strong>\u2013\u00a0<\/strong>Directeur Provincial :\u00a0<strong>M. Laure Herv\u00e9\u00a0 LINDZONDZO MADOUMA\u00a0<\/strong><\/p>\n<p><strong>PROVINCE DE L\u2019OGOOUE-MARITIME\u00a0<\/strong><\/p>\n<p><strong>\u2013\u00a0<\/strong>Directeur Provincial :\u00a0<strong>Mme Flora Carine\u00a0 MOUSSAVOU BIVIKA Epse DIBATA\u00a0<\/strong><\/p>\n<p><strong>CENTRE NATIONAL NDOSSI ET\u00a0 AKOMGHA<\/strong><\/p>\n<p>\u2013 Directeur Adjoint : Mme Adrienne MAKOYO<\/p>\n<p><strong>CENTRE D\u2019ACCUEIL POUR ENFANTS EN DIFFICULTES SOCIALES (CAPEDES)\u00a0<\/strong><\/p>\n<p>\u2013 Directeur : Mme Rosette OBOE NZE<\/p>\n<p>\u2013 Directeur Adjoint : M. Marcel Gabin NDOMBY<\/p>\n<p>\u2013 Intendante : Mme Huguette Virginie ATONDIZOKI<\/p>\n<p><strong>DIRECTION GENERALE DE LA PREVOYANCE SOCIALE DIRECTION DE LA SECURITE SOCIALE\u00a0<\/strong><\/p>\n<p>\u2013 Directeur : Mme Michelle BIKIE BI- ASSOUMOU<\/p>\n<p><strong>DIRECTION DE LA MUTUALITE\u00a0<\/strong><\/p>\n<p>\u2013 Directeur : M. Placide RENGUI<\/p>\n<p><strong>DIRECTION DE LA PREVENTION ET DE LA READAPTATION\u00a0<\/strong><\/p>\n<p>\u2013 Directeur : Mme Fatou Idriss ATSAME DIAKITE Epse MOUSSODOU<\/p>\n<p><strong>DIRECTION G\u00c9N\u00c9RALE DE LA PROMOTION ET DU D\u00c9VELOPPEMENT DES ORGANES ASSOCIATIFS\u00a0<\/strong><\/p>\n<p>\u2013 Directeur G\u00e9n\u00e9ral Adjoint : M. Brice EFFA NTO\u2019O<\/p>\n<p><strong>DIRECTION DE LA PROMOTION ET DU DEVELOPPEMENT DE LA VIE ASSOCIATIVE\u00a0<\/strong><\/p>\n<p>\u2013 Directeur : Mme Diane Laure MAPANGOU NDOMBI<\/p>\n<p><strong>DIRECTION DE LA COMMUNICATION ET DE L\u2019INFORMATION<\/strong> :<\/p>\n<p>\u2013 Directeur : M. Ghislain MAMIAKA<\/p>\n<p><strong>DIRECTION DE L\u2019ENCADREMENT TECHNIQUE ET DE L\u2019EVALUATION\u00a0<\/strong><\/p>\n<p>\u2013 Directeur : M. Landry Jacques F\u00e9f\u00e9 MAGOMBO MOMBO<\/p>\n<p><strong>DIRECTION GENERALE DE LA PROMOTION DE LA FEMME ET DU GENRE\u00a0<\/strong><\/p>\n<p>\u2013 Directeur G\u00e9n\u00e9ral : M. Hugues MBADINGA<\/p>\n<p>\u2013 Directeur G\u00e9n\u00e9ral Adjoint : Mme Ghislaine ITEMBO<\/p>\n<p><strong>DIRECTION DES ENQUETES, DES STATISTIQUES ET DE L\u2019INFORMATION\u00a0<\/strong><\/p>\n<p>\u2013 Directeur : Mme Cl\u00e9mence MABOMAKIE<\/p>\n<p><strong>DIRECTION DE LA CONDITION FEMININE\u00a0<\/strong><\/p>\n<p>\u2013 Directeur : Mme P\u00e9lagie MAMVOU Epse BOUYOU<\/p>\n<p><strong>DIRECTION DE LA PROMOTION CITOYENNE, ECONOMIQUE ET SOCIALE\u00a0<\/strong><\/p>\n<p>\u2013 Directeur : Mme Sylvie OBONE ABESSOLO<\/p>\n<p><strong>DIRECTION GENERALE DE LA FAMILLE\u00a0<\/strong><\/p>\n<p>\u2013 Directeur G\u00e9n\u00e9ral : Mme Ang\u00e9lique Nadia OWOUONOMOUO<\/p>\n<p><strong>DIRECTION DE LA PROTECTION DE LA FAMILLE\u00a0<\/strong><\/p>\n<p>\u2013 Directeur : Mme Gilberte L\u00e9a MOUTSIGA MAGANGA<\/p>\n<p><strong>DIRECTION GENERALE DE LA PROTECTION DE LA VEUVE ET DE L\u2019ORPHELIN\u00a0<\/strong><\/p>\n<p>\u2013 Directeur G\u00e9n\u00e9ral : Mme Pam\u00e9la Barbe Virginie KOUMBA Epse NGWABYT<\/p>\n<p>\u2013 Directeur G\u00e9n\u00e9ral Adjoint : Mme Cl\u00e9mentine MAMADOU AVIRIET Epse SAIZONOU<\/p>\n<p><strong>DIRECTION DE L\u2019ASSISTANCE DE LA VEUVE ET DE L\u2019ORPHELIN\u00a0<\/strong><\/p>\n<p>\u2013 Directeur : M. Mathurin IFOUNGA IBINDA<\/p>\n<p><strong>DIRECTION DES ENQUETES ET DES STATISTIQUES\u00a0<\/strong><\/p>\n<p>Directeur : M. Aloise OVONO OWONO<\/p>\n<p><strong>DIRECTION DE L\u2019EDUCATION ET DE LA COMMUNICATION\u00a0<\/strong><\/p>\n<p>\u2013 Directeur : M. Paul Andr\u00e9 NDONG ABO<\/p>\n<p><strong>DIRECTION GENERALE DU BIEN ETRE\u00a0<\/strong><\/p>\n<p>\u2013 Directeur G\u00e9n\u00e9ral : Mme Marie Rachel MINDILOU PAILLAT<\/p>\n<p>\u2013 Directeur G\u00e9n\u00e9ral Adjoint : Mme Am\u00e9lie OKOME EDOU<\/p>\n<p><strong>DIRECTION DU CADRE DE VIE\u00a0<\/strong><\/p>\n<p>Directeur : Mme Mirelle Firmine MILENZI<\/p>\n<p><strong>DIRECTION GENERALE DE L\u2019EGALITE DES CHANCES\u00a0<\/strong><\/p>\n<p>\u2013 Directeur G\u00e9n\u00e9ral : Mme Marie No\u00eblle MANFOUMBI<\/p>\n<p>\u2013 Directeur G\u00e9n\u00e9ral Adjoint : Mme Jeanne Marie Eulalie ONDO Epse MVONO<\/p>\n<p><strong>DIRECTION DE LA LUTTE CONTRE LES INEGALITES\u00a0<\/strong><\/p>\n<p>\u2013 Directeur : Mme Florence MOUNGUENGUI NDEMBI Epse MAHOUMBOU<\/p>\n<p><strong>DIRECTION DE L\u2019EVALUATION\u00a0<\/strong><\/p>\n<p>\u2013 Directeur : M. Franck MBADINGA MBADINGA<\/p>\n<p><strong>CAISSE NATIONALE DE SECURITE SOCIALE (CNSS)\u00a0<\/strong><\/p>\n<p><strong>DIRECTION GENERALE\u00a0<\/strong><\/p>\n<p>\u2013 Conseillers du Directeur G\u00e9n\u00e9ral : MM Capitaine Yannick EKOGA, en remplacement de M. Romuald DO MARCOLINO<\/p>\n<p><strong>MINISTERE DE L\u2019INDUSTRIE CABINET DU MINISTRE<\/strong><\/p>\n<p>\u2013 Conseiller Technique : Mme Anita NOLLET AGNURIWENGUE WOLBERT<\/p>\n<p>\u2013 Conseiller Technique : M. Ronald Renaud RETOUANO<\/p>\n<p>\u2013 Conseiller Diplomatique : M. Yannick Romuald REGNONGO OMBANGO<\/p>\n<p>\u2013 Charg\u00e9 de Mission : M. Davy Sylver MPAGHA, en remplacement de M. Justin MBOUROU NKOROUNA<\/p>\n<p>Il est par ailleurs mis fin aux fonctions des personnes dont les noms suivent. Il s\u2019agit de :<\/p>\n<p>\u2013 Mme Ra\u00efssa Prisca MOUIMA NDEMBE<\/p>\n<p>\u2013 M. Zolier Eric NGUEMA OWONO<\/p>\n<p>\u2013 M. Yvon CAPITO<\/p>\n<p>\u2013 M. Davy Smith OGOUMAH RERAMBYAH<\/p>\n<p>\u2013 Mme Olivia Diane MBADINGA MBADINGA<\/p>\n<p>\u2013 Mme Joyce Kessia INGUEMBA<\/p>\n<p><strong>SECRETARIAT GENERAL\u00a0<\/strong><\/p>\n<p><strong>CABINET DU SECRETAIRE GENERAL\u00a0<\/strong><\/p>\n<p>\u2013 Secr\u00e9taire Particuli\u00e8re : Mme. G\u00e9raldine MABIKA MABIKA<\/p>\n<p>\u2013 Secr\u00e9taire de Cabinet : Mme. Daline BOUKEDI Epse ENGOHANG<\/p>\n<p>&nbsp;<\/p>\n","protected":false},"excerpt":{"rendered":"<p>Gabon : communiqu\u00e9 final du Conseil des ministres du 19 d\u00e9cembre 2024 Sous la Tr\u00e8s Haute Pr\u00e9sidence de Son Excellence\u00a0 Brice Clotaire OLIGUI NGUEMA, G\u00e9n\u00e9ral de\u00a0 Brigade, Pr\u00e9sident de la Transition, Pr\u00e9sident de la\u00a0 R\u00e9publique, Chef de l\u2019\u00c9tat, le Conseil des\u00a0 Ministres s\u2019est r\u00e9uni ce jeudi 19 d\u00e9cembre 2024 \u00e0\u00a0 11 heures 30, au Palais [&hellip;]<\/p>\n","protected":false},"author":7,"featured_media":3732,"comment_status":"open","ping_status":"open","sticky":false,"template":"","format":"standard","meta":{"footnotes":""},"categories":[57,55,59],"tags":[],"class_list":["post-3731","post","type-post","status-publish","format-standard","has-post-thumbnail","hentry","category-a-la-une","category-actualites","category-politique"],"yoast_head":"<!-- This site is optimized with the Yoast SEO plugin v24.2 - https:\/\/yoast.com\/wordpress\/plugins\/seo\/ -->\n<title>Gabon: communiqu\u00e9 final du Conseil des Ministres du 19 d\u00e9cembre 2024 - Gabon Nouvelle Vision<\/title>\n<meta name=\"robots\" content=\"index, follow, max-snippet:-1, max-image-preview:large, max-video-preview:-1\" \/>\n<link rel=\"canonical\" href=\"https:\/\/gabonnouvellevision.com\/gnv\/2024\/12\/20\/gabon-communique-final-du-conseil-des-ministres-du-19-decembre-2024\/\" \/>\n<meta property=\"og:locale\" content=\"fr_FR\" \/>\n<meta property=\"og:type\" content=\"article\" \/>\n<meta property=\"og:title\" content=\"Gabon: communiqu\u00e9 final du Conseil des Ministres du 19 d\u00e9cembre 2024 - Gabon Nouvelle Vision\" \/>\n<meta property=\"og:description\" content=\"Gabon : communiqu\u00e9 final du Conseil des ministres du 19 d\u00e9cembre 2024 Sous la Tr\u00e8s Haute Pr\u00e9sidence de Son Excellence\u00a0 Brice Clotaire OLIGUI NGUEMA, G\u00e9n\u00e9ral de\u00a0 Brigade, Pr\u00e9sident de la Transition, Pr\u00e9sident de la\u00a0 R\u00e9publique, Chef de l\u2019\u00c9tat, le Conseil des\u00a0 Ministres s\u2019est r\u00e9uni ce jeudi 19 d\u00e9cembre 2024 \u00e0\u00a0 11 heures 30, au Palais [&hellip;]\" \/>\n<meta property=\"og:url\" content=\"https:\/\/gabonnouvellevision.com\/gnv\/2024\/12\/20\/gabon-communique-final-du-conseil-des-ministres-du-19-decembre-2024\/\" \/>\n<meta property=\"og:site_name\" content=\"Gabon Nouvelle Vision\" \/>\n<meta property=\"article:publisher\" content=\"https:\/\/www.facebook.com\/GNVofficiel\" \/>\n<meta property=\"article:published_time\" content=\"2024-12-20T10:52:30+00:00\" \/>\n<meta property=\"og:image\" content=\"https:\/\/gabonnouvellevision.com\/gnv\/wp-content\/uploads\/2024\/12\/Conseil-des-ministres-avec-Oligui-2048x1364-1.webp\" \/>\n\t<meta property=\"og:image:width\" content=\"758\" \/>\n\t<meta property=\"og:image:height\" content=\"380\" \/>\n\t<meta property=\"og:image:type\" content=\"image\/webp\" \/>\n<meta name=\"author\" content=\"Eyeng Obame\" \/>\n<meta name=\"twitter:card\" content=\"summary_large_image\" \/>\n<meta name=\"twitter:label1\" content=\"\u00c9crit par\" \/>\n\t<meta name=\"twitter:data1\" content=\"Eyeng Obame\" \/>\n\t<meta name=\"twitter:label2\" content=\"Dur\u00e9e de lecture estim\u00e9e\" \/>\n\t<meta name=\"twitter:data2\" content=\"40 minutes\" \/>\n<script type=\"application\/ld+json\" class=\"yoast-schema-graph\">{\"@context\":\"https:\/\/schema.org\",\"@graph\":[{\"@type\":\"Article\",\"@id\":\"https:\/\/gabonnouvellevision.com\/gnv\/2024\/12\/20\/gabon-communique-final-du-conseil-des-ministres-du-19-decembre-2024\/#article\",\"isPartOf\":{\"@id\":\"https:\/\/gabonnouvellevision.com\/gnv\/2024\/12\/20\/gabon-communique-final-du-conseil-des-ministres-du-19-decembre-2024\/\"},\"author\":{\"name\":\"Eyeng Obame\",\"@id\":\"https:\/\/gabonnouvellevision.com\/gnv\/#\/schema\/person\/4b48e07d222f83c0285affc3704bc899\"},\"headline\":\"Gabon: communiqu\u00e9 final du Conseil des Ministres du 19 d\u00e9cembre 2024\",\"datePublished\":\"2024-12-20T10:52:30+00:00\",\"dateModified\":\"2024-12-20T10:52:30+00:00\",\"mainEntityOfPage\":{\"@id\":\"https:\/\/gabonnouvellevision.com\/gnv\/2024\/12\/20\/gabon-communique-final-du-conseil-des-ministres-du-19-decembre-2024\/\"},\"wordCount\":7974,\"commentCount\":0,\"publisher\":{\"@id\":\"https:\/\/gabonnouvellevision.com\/gnv\/#organization\"},\"image\":{\"@id\":\"https:\/\/gabonnouvellevision.com\/gnv\/2024\/12\/20\/gabon-communique-final-du-conseil-des-ministres-du-19-decembre-2024\/#primaryimage\"},\"thumbnailUrl\":\"https:\/\/gabonnouvellevision.com\/gnv\/wp-content\/uploads\/2024\/12\/Conseil-des-ministres-avec-Oligui-2048x1364-1.webp\",\"articleSection\":[\"A la une\",\"Actualites\",\"Politique\"],\"inLanguage\":\"fr-FR\",\"potentialAction\":[{\"@type\":\"CommentAction\",\"name\":\"Comment\",\"target\":[\"https:\/\/gabonnouvellevision.com\/gnv\/2024\/12\/20\/gabon-communique-final-du-conseil-des-ministres-du-19-decembre-2024\/#respond\"]}]},{\"@type\":\"WebPage\",\"@id\":\"https:\/\/gabonnouvellevision.com\/gnv\/2024\/12\/20\/gabon-communique-final-du-conseil-des-ministres-du-19-decembre-2024\/\",\"url\":\"https:\/\/gabonnouvellevision.com\/gnv\/2024\/12\/20\/gabon-communique-final-du-conseil-des-ministres-du-19-decembre-2024\/\",\"name\":\"Gabon: communiqu\u00e9 final du Conseil des Ministres du 19 d\u00e9cembre 2024 - Gabon Nouvelle Vision\",\"isPartOf\":{\"@id\":\"https:\/\/gabonnouvellevision.com\/gnv\/#website\"},\"primaryImageOfPage\":{\"@id\":\"https:\/\/gabonnouvellevision.com\/gnv\/2024\/12\/20\/gabon-communique-final-du-conseil-des-ministres-du-19-decembre-2024\/#primaryimage\"},\"image\":{\"@id\":\"https:\/\/gabonnouvellevision.com\/gnv\/2024\/12\/20\/gabon-communique-final-du-conseil-des-ministres-du-19-decembre-2024\/#primaryimage\"},\"thumbnailUrl\":\"https:\/\/gabonnouvellevision.com\/gnv\/wp-content\/uploads\/2024\/12\/Conseil-des-ministres-avec-Oligui-2048x1364-1.webp\",\"datePublished\":\"2024-12-20T10:52:30+00:00\",\"dateModified\":\"2024-12-20T10:52:30+00:00\",\"breadcrumb\":{\"@id\":\"https:\/\/gabonnouvellevision.com\/gnv\/2024\/12\/20\/gabon-communique-final-du-conseil-des-ministres-du-19-decembre-2024\/#breadcrumb\"},\"inLanguage\":\"fr-FR\",\"potentialAction\":[{\"@type\":\"ReadAction\",\"target\":[\"https:\/\/gabonnouvellevision.com\/gnv\/2024\/12\/20\/gabon-communique-final-du-conseil-des-ministres-du-19-decembre-2024\/\"]}]},{\"@type\":\"ImageObject\",\"inLanguage\":\"fr-FR\",\"@id\":\"https:\/\/gabonnouvellevision.com\/gnv\/2024\/12\/20\/gabon-communique-final-du-conseil-des-ministres-du-19-decembre-2024\/#primaryimage\",\"url\":\"https:\/\/gabonnouvellevision.com\/gnv\/wp-content\/uploads\/2024\/12\/Conseil-des-ministres-avec-Oligui-2048x1364-1.webp\",\"contentUrl\":\"https:\/\/gabonnouvellevision.com\/gnv\/wp-content\/uploads\/2024\/12\/Conseil-des-ministres-avec-Oligui-2048x1364-1.webp\",\"width\":758,\"height\":380},{\"@type\":\"BreadcrumbList\",\"@id\":\"https:\/\/gabonnouvellevision.com\/gnv\/2024\/12\/20\/gabon-communique-final-du-conseil-des-ministres-du-19-decembre-2024\/#breadcrumb\",\"itemListElement\":[{\"@type\":\"ListItem\",\"position\":1,\"name\":\"Accueil\",\"item\":\"https:\/\/gabonnouvellevision.com\/gnv\/\"},{\"@type\":\"ListItem\",\"position\":2,\"name\":\"Gabon: communiqu\u00e9 final du Conseil des Ministres du 19 d\u00e9cembre 2024\"}]},{\"@type\":\"WebSite\",\"@id\":\"https:\/\/gabonnouvellevision.com\/gnv\/#website\",\"url\":\"https:\/\/gabonnouvellevision.com\/gnv\/\",\"name\":\"Gabon Nouvelle Vision\",\"description\":\"\",\"publisher\":{\"@id\":\"https:\/\/gabonnouvellevision.com\/gnv\/#organization\"},\"potentialAction\":[{\"@type\":\"SearchAction\",\"target\":{\"@type\":\"EntryPoint\",\"urlTemplate\":\"https:\/\/gabonnouvellevision.com\/gnv\/?s={search_term_string}\"},\"query-input\":{\"@type\":\"PropertyValueSpecification\",\"valueRequired\":true,\"valueName\":\"search_term_string\"}}],\"inLanguage\":\"fr-FR\"},{\"@type\":\"Organization\",\"@id\":\"https:\/\/gabonnouvellevision.com\/gnv\/#organization\",\"name\":\"Gabon Nouvelle Vision\",\"url\":\"https:\/\/gabonnouvellevision.com\/gnv\/\",\"logo\":{\"@type\":\"ImageObject\",\"inLanguage\":\"fr-FR\",\"@id\":\"https:\/\/gabonnouvellevision.com\/gnv\/#\/schema\/logo\/image\/\",\"url\":\"https:\/\/gabonnouvellevision.com\/gnv\/wp-content\/uploads\/2025\/01\/logo-text_Plan-de-travail-1.png\",\"contentUrl\":\"https:\/\/gabonnouvellevision.com\/gnv\/wp-content\/uploads\/2025\/01\/logo-text_Plan-de-travail-1.png\",\"width\":7169,\"height\":2390,\"caption\":\"Gabon Nouvelle Vision\"},\"image\":{\"@id\":\"https:\/\/gabonnouvellevision.com\/gnv\/#\/schema\/logo\/image\/\"},\"sameAs\":[\"https:\/\/www.facebook.com\/GNVofficiel\"]},{\"@type\":\"Person\",\"@id\":\"https:\/\/gabonnouvellevision.com\/gnv\/#\/schema\/person\/4b48e07d222f83c0285affc3704bc899\",\"name\":\"Eyeng Obame\",\"image\":{\"@type\":\"ImageObject\",\"inLanguage\":\"fr-FR\",\"@id\":\"https:\/\/gabonnouvellevision.com\/gnv\/#\/schema\/person\/image\/\",\"url\":\"https:\/\/secure.gravatar.com\/avatar\/167bc03b8baf3c77318a47159f80871de6f5a6cbf4bc8b6af750fbc1a369d7bf?s=96&d=mm&r=g\",\"contentUrl\":\"https:\/\/secure.gravatar.com\/avatar\/167bc03b8baf3c77318a47159f80871de6f5a6cbf4bc8b6af750fbc1a369d7bf?s=96&d=mm&r=g\",\"caption\":\"Eyeng Obame\"},\"url\":\"https:\/\/gabonnouvellevision.com\/gnv\/author\/rufin\/\"}]}<\/script>\n<!-- \/ Yoast SEO plugin. -->","yoast_head_json":{"title":"Gabon: communiqu\u00e9 final du Conseil des Ministres du 19 d\u00e9cembre 2024 - Gabon Nouvelle Vision","robots":{"index":"index","follow":"follow","max-snippet":"max-snippet:-1","max-image-preview":"max-image-preview:large","max-video-preview":"max-video-preview:-1"},"canonical":"https:\/\/gabonnouvellevision.com\/gnv\/2024\/12\/20\/gabon-communique-final-du-conseil-des-ministres-du-19-decembre-2024\/","og_locale":"fr_FR","og_type":"article","og_title":"Gabon: communiqu\u00e9 final du Conseil des Ministres du 19 d\u00e9cembre 2024 - Gabon Nouvelle Vision","og_description":"Gabon : communiqu\u00e9 final du Conseil des ministres du 19 d\u00e9cembre 2024 Sous la Tr\u00e8s Haute Pr\u00e9sidence de Son Excellence\u00a0 Brice Clotaire OLIGUI NGUEMA, G\u00e9n\u00e9ral de\u00a0 Brigade, Pr\u00e9sident de la Transition, Pr\u00e9sident de la\u00a0 R\u00e9publique, Chef de l\u2019\u00c9tat, le Conseil des\u00a0 Ministres s\u2019est r\u00e9uni ce jeudi 19 d\u00e9cembre 2024 \u00e0\u00a0 11 heures 30, au Palais [&hellip;]","og_url":"https:\/\/gabonnouvellevision.com\/gnv\/2024\/12\/20\/gabon-communique-final-du-conseil-des-ministres-du-19-decembre-2024\/","og_site_name":"Gabon Nouvelle Vision","article_publisher":"https:\/\/www.facebook.com\/GNVofficiel","article_published_time":"2024-12-20T10:52:30+00:00","og_image":[{"width":758,"height":380,"url":"https:\/\/gabonnouvellevision.com\/gnv\/wp-content\/uploads\/2024\/12\/Conseil-des-ministres-avec-Oligui-2048x1364-1.webp","type":"image\/webp"}],"author":"Eyeng Obame","twitter_card":"summary_large_image","twitter_misc":{"\u00c9crit par":"Eyeng Obame","Dur\u00e9e de lecture estim\u00e9e":"40 minutes"},"schema":{"@context":"https:\/\/schema.org","@graph":[{"@type":"Article","@id":"https:\/\/gabonnouvellevision.com\/gnv\/2024\/12\/20\/gabon-communique-final-du-conseil-des-ministres-du-19-decembre-2024\/#article","isPartOf":{"@id":"https:\/\/gabonnouvellevision.com\/gnv\/2024\/12\/20\/gabon-communique-final-du-conseil-des-ministres-du-19-decembre-2024\/"},"author":{"name":"Eyeng Obame","@id":"https:\/\/gabonnouvellevision.com\/gnv\/#\/schema\/person\/4b48e07d222f83c0285affc3704bc899"},"headline":"Gabon: communiqu\u00e9 final du Conseil des Ministres du 19 d\u00e9cembre 2024","datePublished":"2024-12-20T10:52:30+00:00","dateModified":"2024-12-20T10:52:30+00:00","mainEntityOfPage":{"@id":"https:\/\/gabonnouvellevision.com\/gnv\/2024\/12\/20\/gabon-communique-final-du-conseil-des-ministres-du-19-decembre-2024\/"},"wordCount":7974,"commentCount":0,"publisher":{"@id":"https:\/\/gabonnouvellevision.com\/gnv\/#organization"},"image":{"@id":"https:\/\/gabonnouvellevision.com\/gnv\/2024\/12\/20\/gabon-communique-final-du-conseil-des-ministres-du-19-decembre-2024\/#primaryimage"},"thumbnailUrl":"https:\/\/gabonnouvellevision.com\/gnv\/wp-content\/uploads\/2024\/12\/Conseil-des-ministres-avec-Oligui-2048x1364-1.webp","articleSection":["A la une","Actualites","Politique"],"inLanguage":"fr-FR","potentialAction":[{"@type":"CommentAction","name":"Comment","target":["https:\/\/gabonnouvellevision.com\/gnv\/2024\/12\/20\/gabon-communique-final-du-conseil-des-ministres-du-19-decembre-2024\/#respond"]}]},{"@type":"WebPage","@id":"https:\/\/gabonnouvellevision.com\/gnv\/2024\/12\/20\/gabon-communique-final-du-conseil-des-ministres-du-19-decembre-2024\/","url":"https:\/\/gabonnouvellevision.com\/gnv\/2024\/12\/20\/gabon-communique-final-du-conseil-des-ministres-du-19-decembre-2024\/","name":"Gabon: communiqu\u00e9 final du Conseil des Ministres du 19 d\u00e9cembre 2024 - Gabon Nouvelle Vision","isPartOf":{"@id":"https:\/\/gabonnouvellevision.com\/gnv\/#website"},"primaryImageOfPage":{"@id":"https:\/\/gabonnouvellevision.com\/gnv\/2024\/12\/20\/gabon-communique-final-du-conseil-des-ministres-du-19-decembre-2024\/#primaryimage"},"image":{"@id":"https:\/\/gabonnouvellevision.com\/gnv\/2024\/12\/20\/gabon-communique-final-du-conseil-des-ministres-du-19-decembre-2024\/#primaryimage"},"thumbnailUrl":"https:\/\/gabonnouvellevision.com\/gnv\/wp-content\/uploads\/2024\/12\/Conseil-des-ministres-avec-Oligui-2048x1364-1.webp","datePublished":"2024-12-20T10:52:30+00:00","dateModified":"2024-12-20T10:52:30+00:00","breadcrumb":{"@id":"https:\/\/gabonnouvellevision.com\/gnv\/2024\/12\/20\/gabon-communique-final-du-conseil-des-ministres-du-19-decembre-2024\/#breadcrumb"},"inLanguage":"fr-FR","potentialAction":[{"@type":"ReadAction","target":["https:\/\/gabonnouvellevision.com\/gnv\/2024\/12\/20\/gabon-communique-final-du-conseil-des-ministres-du-19-decembre-2024\/"]}]},{"@type":"ImageObject","inLanguage":"fr-FR","@id":"https:\/\/gabonnouvellevision.com\/gnv\/2024\/12\/20\/gabon-communique-final-du-conseil-des-ministres-du-19-decembre-2024\/#primaryimage","url":"https:\/\/gabonnouvellevision.com\/gnv\/wp-content\/uploads\/2024\/12\/Conseil-des-ministres-avec-Oligui-2048x1364-1.webp","contentUrl":"https:\/\/gabonnouvellevision.com\/gnv\/wp-content\/uploads\/2024\/12\/Conseil-des-ministres-avec-Oligui-2048x1364-1.webp","width":758,"height":380},{"@type":"BreadcrumbList","@id":"https:\/\/gabonnouvellevision.com\/gnv\/2024\/12\/20\/gabon-communique-final-du-conseil-des-ministres-du-19-decembre-2024\/#breadcrumb","itemListElement":[{"@type":"ListItem","position":1,"name":"Accueil","item":"https:\/\/gabonnouvellevision.com\/gnv\/"},{"@type":"ListItem","position":2,"name":"Gabon: communiqu\u00e9 final du Conseil des Ministres du 19 d\u00e9cembre 2024"}]},{"@type":"WebSite","@id":"https:\/\/gabonnouvellevision.com\/gnv\/#website","url":"https:\/\/gabonnouvellevision.com\/gnv\/","name":"Gabon Nouvelle Vision","description":"","publisher":{"@id":"https:\/\/gabonnouvellevision.com\/gnv\/#organization"},"potentialAction":[{"@type":"SearchAction","target":{"@type":"EntryPoint","urlTemplate":"https:\/\/gabonnouvellevision.com\/gnv\/?s={search_term_string}"},"query-input":{"@type":"PropertyValueSpecification","valueRequired":true,"valueName":"search_term_string"}}],"inLanguage":"fr-FR"},{"@type":"Organization","@id":"https:\/\/gabonnouvellevision.com\/gnv\/#organization","name":"Gabon Nouvelle Vision","url":"https:\/\/gabonnouvellevision.com\/gnv\/","logo":{"@type":"ImageObject","inLanguage":"fr-FR","@id":"https:\/\/gabonnouvellevision.com\/gnv\/#\/schema\/logo\/image\/","url":"https:\/\/gabonnouvellevision.com\/gnv\/wp-content\/uploads\/2025\/01\/logo-text_Plan-de-travail-1.png","contentUrl":"https:\/\/gabonnouvellevision.com\/gnv\/wp-content\/uploads\/2025\/01\/logo-text_Plan-de-travail-1.png","width":7169,"height":2390,"caption":"Gabon Nouvelle Vision"},"image":{"@id":"https:\/\/gabonnouvellevision.com\/gnv\/#\/schema\/logo\/image\/"},"sameAs":["https:\/\/www.facebook.com\/GNVofficiel"]},{"@type":"Person","@id":"https:\/\/gabonnouvellevision.com\/gnv\/#\/schema\/person\/4b48e07d222f83c0285affc3704bc899","name":"Eyeng Obame","image":{"@type":"ImageObject","inLanguage":"fr-FR","@id":"https:\/\/gabonnouvellevision.com\/gnv\/#\/schema\/person\/image\/","url":"https:\/\/secure.gravatar.com\/avatar\/167bc03b8baf3c77318a47159f80871de6f5a6cbf4bc8b6af750fbc1a369d7bf?s=96&d=mm&r=g","contentUrl":"https:\/\/secure.gravatar.com\/avatar\/167bc03b8baf3c77318a47159f80871de6f5a6cbf4bc8b6af750fbc1a369d7bf?s=96&d=mm&r=g","caption":"Eyeng Obame"},"url":"https:\/\/gabonnouvellevision.com\/gnv\/author\/rufin\/"}]}},"_links":{"self":[{"href":"https:\/\/gabonnouvellevision.com\/gnv\/wp-json\/wp\/v2\/posts\/3731","targetHints":{"allow":["GET"]}}],"collection":[{"href":"https:\/\/gabonnouvellevision.com\/gnv\/wp-json\/wp\/v2\/posts"}],"about":[{"href":"https:\/\/gabonnouvellevision.com\/gnv\/wp-json\/wp\/v2\/types\/post"}],"author":[{"embeddable":true,"href":"https:\/\/gabonnouvellevision.com\/gnv\/wp-json\/wp\/v2\/users\/7"}],"replies":[{"embeddable":true,"href":"https:\/\/gabonnouvellevision.com\/gnv\/wp-json\/wp\/v2\/comments?post=3731"}],"version-history":[{"count":0,"href":"https:\/\/gabonnouvellevision.com\/gnv\/wp-json\/wp\/v2\/posts\/3731\/revisions"}],"wp:featuredmedia":[{"embeddable":true,"href":"https:\/\/gabonnouvellevision.com\/gnv\/wp-json\/wp\/v2\/media\/3732"}],"wp:attachment":[{"href":"https:\/\/gabonnouvellevision.com\/gnv\/wp-json\/wp\/v2\/media?parent=3731"}],"wp:term":[{"taxonomy":"category","embeddable":true,"href":"https:\/\/gabonnouvellevision.com\/gnv\/wp-json\/wp\/v2\/categories?post=3731"},{"taxonomy":"post_tag","embeddable":true,"href":"https:\/\/gabonnouvellevision.com\/gnv\/wp-json\/wp\/v2\/tags?post=3731"}],"curies":[{"name":"wp","href":"https:\/\/api.w.org\/{rel}","templated":true}]}}