{"id":3698,"date":"2024-12-17T10:10:06","date_gmt":"2024-12-17T09:10:06","guid":{"rendered":"https:\/\/gabonnouvellevision.com\/gnv\/?p=3698"},"modified":"2024-12-17T10:10:06","modified_gmt":"2024-12-17T09:10:06","slug":"communique-final-de-la-session-extraordinaire-de-la-conference-des-chefs-detat-de-la-cemac","status":"publish","type":"post","link":"https:\/\/gabonnouvellevision.com\/gnv\/2024\/12\/17\/communique-final-de-la-session-extraordinaire-de-la-conference-des-chefs-detat-de-la-cemac\/","title":{"rendered":"Communiqu\u00e9 final de la session extraordinaire de la conf\u00e9rence des Chefs d\u2019Etat de la CEMAC"},"content":{"rendered":"<p><strong>A l\u2019invitation conjointe de leurs Excellences Paul BIYA, pr\u00e9sident de la R\u00e9publique du Cameroun et Professeur Faustin-Archange TOUADERA, pr\u00e9sident de la R\u00e9publique Centrafricaine, Pr\u00e9sident en Exercice de la Conf\u00e9rence des Chefs d\u2019Etat de la Communaut\u00e9 \u00c9conomique et Mon\u00e9taire de l\u2019Afrique Centrale (CEMAC), une Session Extraordinaire de ladite Conf\u00e9rence s\u2019est tenue \u00e0 Yaound\u00e9, le 16 d\u00e9cembre 2024 au Palais de l\u2019Unit\u00e9.\u00a0<\/strong><\/p>\n<p><strong>\u00a0<\/strong>Cette Session avait pour th\u00e8me principal \u00ab Evaluation de la situation et perspectives \u00e9conomiques, mon\u00e9taires et financi\u00e8res de la CEMAC : Mesures de consolidation de la r\u00e9silience \u00bb.\u00a0 Ont particip\u00e9 au Sommet :\u00a0\u2022 Son Excellence Paul BIYA, Pr\u00e9sident de la R\u00e9publique du Cameroun;<\/p>\n<ul>\n<li>Son Excellence Professeur Faustin-Archange TOUADERA, Pr\u00e9sident\u00a0de la R\u00e9publique Centrafricaine, Pr\u00e9sident en Exercice de la CEMAC;<\/li>\n<li>Son Excellence OBIANG NGUEMA MBASOGO, Pr\u00e9sident de la\u00a0R\u00e9publique de Guin\u00e9e Equatoriale;<\/li>\n<li>Son Excellence Brice Clotaire OLIGUI NGUEMA, Pr\u00e9sident de la\u00a0Transition, Pr\u00e9sident de la R\u00e9publique Gabonaise, Chef de l\u2019Etat ;<\/li>\n<li>Monsieur Anatole Collinet MAKOSSO, Premier Ministre, repr\u00e9sentant\u00a0Son Excellence Denis SASSOU-N\u2019GUESSO, Pr\u00e9sident de la\u00a0R\u00e9publique du Congo;<\/li>\n<li>Monsieur TAHIR HAMID NGUILIN, Ministre d\u2019Etat, Ministre des\u00a0Finances, du Budget, de l\u2019Economie et du Plan, repr\u00e9sentant le Mar\u00e9chal MAHAMAT IDRISS DEBY ITNO, Pr\u00e9sident de la R\u00e9publique du Tchad;<\/li>\n<\/ul>\n<ol start=\"4\">\n<li>Monsieur Baltasar ENGONGA EDJO\u2019O, Pr\u00e9sident de la Commission de la\u00a0CEMAC, rapportait les affaires inscrites \u00e0 l\u2019ordre du jour.<\/li>\n<\/ol>\n<p>Outre les membres du Conseil des Ministres de l\u2019Union Economique de<\/p>\n<p>l\u2019Afrique Centrale (UEAC) et du Comit\u00e9 Minist\u00e9riel de l\u2019Union Mon\u00e9taire de\u00a0l\u2019Afrique Centrale (UMAC), prenaient \u00e9galement part \u00e0 cette session\u00a0extraordinaire, Monsieur ABEBE AEMRO SELASSIE, Directeur Afrique,\u00a0repr\u00e9sentant Madame Kristalina GEORGIEVA, Directrice G\u00e9n\u00e9rale du Fonds\u00a0Mon\u00e9taire International (FMI), Monsieur Ousmane DIAGANA, Vice-Pr\u00e9sident\u00a0de la Banque Mondiale pour l\u2019Afrique de l\u2019Ouest et du Centre, Dr. Serge N\u2019GUESSAN, Directeur G\u00e9n\u00e9ral du Bureau Afrique Centrale, repr\u00e9sentant Dr AKINWUMI ADESINA, Pr\u00e9sident du Groupe de la Banque Africaine de\u00a0D\u00e9veloppement (BAD), S.E. Thierry MARCHAND, Ambassadeur de la\u00a0R\u00e9publique Fran\u00e7aise au Cameroun, repr\u00e9sentant le Gouvernement fran\u00e7ais\u00a0et Monsieur Yvon SANA BANGUI, Gouverneur de la Banque des Etats de\u00a0l\u2019Afrique Centrale (BEAC).<\/p>\n<p>La Conf\u00e9rence des Chefs d\u2019Etat a \u00e9t\u00e9 pr\u00e9c\u00e9d\u00e9e par les sessions extraordinaires du Comit\u00e9 Minist\u00e9riel de l\u2019Union Mon\u00e9taire de l\u2019Afrique Centrale (UMAC) et du Conseil des Ministres de l\u2019Union Economique de l\u2019Afrique Centrale (UEAC), tenues respectivement les 9 et 14 d\u00e9cembre 2024\u00a0 en visioconf\u00e9rence.<\/p>\n<p>La c\u00e9r\u00e9monie solennelle d\u2019ouverture de la Conf\u00e9rence a \u00e9t\u00e9 marqu\u00e9e par le discours d\u2019ouverture de S.E. Paul BIYA, pr\u00e9sident de la R\u00e9publique du\u00a0Cameroun, H\u00f4te du Sommet, suivi du discours de S.E. Professeur Faustin-\u00a0Archange TOUADERA, pr\u00e9sident de la R\u00e9publique Centrafricaine,\u00a0Pr\u00e9sident en Exercice de la Conf\u00e9rence des Chefs d\u2019Etat de la CEMAC.<\/p>\n<p>Abordant les points inscrits \u00e0 son ordre du jour, la Conf\u00e9rence a, tout\u00a0d\u2019abord, suivi avec int\u00e9r\u00eat la Communication de S.E. Denis SASSOU-N\u2019GUESSO, pr\u00e9sident de la R\u00e9publique du Congo, Pr\u00e9sident D\u00e9di\u00e9 du Programme des R\u00e9formes \u00c9conomiques et Financi\u00e8res de la CEMAC (PREF-CEMAC), d\u00e9livr\u00e9e par Monsieur Anatole Collinet MAKOSSO,\u00a0Premier Ministre, sur l\u2019\u00e9tat d\u2019avancement du Programme et l\u2019a f\u00e9licit\u00e9 pour\u00a0le travail accompli. Elle a invit\u00e9 le Pr\u00e9sident D\u00e9di\u00e9 \u00e0 acc\u00e9l\u00e9rer la mise en\u00a0\u0153uvre du Programme afin de pr\u00e9venir durablement la Communaut\u00e9 contre\u00a0les chocs \u00e9conomiques exog\u00e8nes.<\/p>\n<p>Elle a, ensuite, pris connaissance des communications des invit\u00e9s sp\u00e9ciaux d\u00e9livr\u00e9es par M. Abebe Aemro SELASSIE, Directeur Afrique du Fonds Mon\u00e9taire International (FMI), et M. Ousmane DIAGANA, Vice-Pr\u00e9sident de la Banque Mondiale pour l\u2019Afrique de l\u2019Ouest et du Centre ainsi que de la\u00a0pr\u00e9sentation du Rapport commun des Organes communautaires faite par\u00a0Monsieur Yvon SANA BANGUI, Gouverneur de la BEAC, sur la situation\u00a0\u00e9conomique, mon\u00e9taire et financi\u00e8re de la CEMAC. II en ressort que des\u00a0progr\u00e8s sensibles ont \u00e9t\u00e9 enregistr\u00e9s depuis 2016 dans la mise en \u0153uvre\u00a0de certaines mesures et r\u00e9formes structurelles.<\/p>\n<p>Toutefois, le niveau des r\u00e9serves de change, pass\u00e9 de 2,3 mois en 2016 \u00e0 4,6 mois en 2023 d\u2019importations des biens et services, connait depuis 2024 une tendance baissi\u00e8re. En outre, les perspectives des cours des\u00a0mati\u00e8res premi\u00e8res et du commerce international s\u2019annoncent d\u00e9favorables.<\/p>\n<p>Ainsi, de nouveaux efforts collectifs et concert\u00e9s s\u2019av\u00e8rent n\u00e9cessaires\u00a0pour am\u00e9liorer substantiellement le cadre macro\u00e9conomique de la sous- r\u00e9gion, notamment en acc\u00e9l\u00e9rant la diversification \u00e9conomique et la consolidation des finances publiques.<\/p>\n<p>A la suite de ces expos\u00e9s, les Chefs d\u2019Etat ont:<\/p>\n<ul>\n<li>r\u00e9affirm\u00e9 leur attachement \u00e0 la solidarit\u00e9 communautaire face aux\u00a0chocs, \u00e0 travers la poursuite d\u2019une strat\u00e9gie r\u00e9gionale coh\u00e9rente et\u00a0coordonn\u00e9e pour pr\u00e9server la viabilit\u00e9 des finances publiques, la stabilit\u00e9 du secteur financier et pour renforcer la position ext\u00e9rieure\u00a0de la CEMAC; et salu\u00e9 les progr\u00e8s enregistr\u00e9s au cours de ces derni\u00e8res ann\u00e9es\u00a0dans la mise en \u0153uvre des r\u00e9formes \u00e9conomiques et financi\u00e8res.<\/li>\n<\/ul>\n<p>Par ailleurs, la Conf\u00e9rence a :<\/p>\n<ul>\n<li>exhort\u00e9 les Etats membres \u00e0 poursuivre une consolidation\u00a0budg\u00e9taire ordonn\u00e9e dans le cadre des discussions bilat\u00e9rales avec\u00a0les partenaires techniques et financiers, ainsi qu\u2019\u00e0 produire et diffuser r\u00e9guli\u00e8rement les donn\u00e9es budg\u00e9taires, \u00e9conomiques et financi\u00e8res fiables et compl\u00e8tes pour les besoins de la surveillance multilat\u00e9rale, de la politique mon\u00e9taire et des politiques sectorielles ;<\/li>\n<li>r\u00e9affirm\u00e9 l\u2019application int\u00e9grale de la R\u00e9glementation des Changes,\u00a0notamment \u00e0 travers le rapatriement diligent des devises par les\u00a0Op\u00e9rateurs \u00e9conomiques, et plus particuli\u00e8rement la signature, avant le 30 avril 2025, des conventions de compte s\u00e9questre pour les fonds de restauration des sites (Fonds RES) par les entreprises extractives (p\u00e9troli\u00e8res et mini\u00e8res); invit\u00e9 le FMI, la Banque Mondiale et tous les autres partenaires \u00e0 accompagner les \u00c9tats et la Banque Centrale dans le processus de rapatriement et de domiciliation des revenus p\u00e9troliers\u202f; r\u00e9it\u00e9r\u00e9 l\u2019engagement des \u00c9tats en faveur de l\u2019ind\u00e9pendance et du renforcement des capacit\u00e9s de la Banque Centrale, de la Commission Bancaire de l\u2019Afrique Centrale et de toutes les autres\u00a0institutions communautaires.<\/li>\n<\/ul>\n<p>En outre, la Conf\u00e9rence a invit\u00e9 les Etats membres et les institutions\u00a0communautaires \u00e0 prendre des mesures pour une gestion de l\u2019exposition des\u00a0banques aux risques, souverains conform\u00e9ment aux crit\u00e8res de la surveillance multilat\u00e9rale. Tout en saluant la contribution du secteur bancaire\u00a0 au financement du d\u00e9veloppement, elle a demand\u00e9 aux autorit\u00e9s nationales\u00a0et r\u00e9gionales charg\u00e9es de la supervision, d\u2019engager une action collective\u00a0visant \u00e0 pr\u00e9server la solidit\u00e9 et la stabilit\u00e9 du syst\u00e8me bancaire.<\/p>\n<p>Enfin, en vue de renforcer la stabilit\u00e9 du cadre macro\u00e9conomique de la<\/p>\n<p>CEMAC, la Conf\u00e9rence a exhort\u00e9 :<\/p>\n<ul>\n<li>les partenaires au d\u00e9veloppement \u00e0 (i) \u0153uvrer pour la conclusion\u00a0des revues de leurs Accords avec la R\u00e9publique du Cameroun, la\u00a0R\u00e9publique Centrafricaine et la R\u00e9publique du Congo, (ii) veiller \u00e0\u00a0un ajustement budg\u00e9taire \u00e0 dimension sociale et pr\u00e9servant\u00a0l\u2019investissement, (iii) assurer la mise en \u0153uvre des politiques et des\u00a0r\u00e9formes structurelles en vue de la consolidation de la croissance\u00a0\u00e9conomique et de la stabilit\u00e9 mon\u00e9taire ; les autres Etats \u00e0 conclure, d\u00e8s que possible, des programmes formels avec le FMI afin de b\u00e9n\u00e9ficier de son appui ainsi que de celui des autres partenaires techniques et financiers.<\/li>\n<\/ul>\n<p>La Conf\u00e9rence a renouvel\u00e9 l\u2019engagement des Etats en faveur d\u2019une politique\u00a0d\u2019endettement prudente, privil\u00e9giant les financements concessionnels. Elle a\u00a0exhort\u00e9 les partenaires au d\u00e9veloppement \u00e0 une mobilisation plus forte des\u00a0ressources financi\u00e8res pour soutenir la transformation structurelle des\u00a0\u00e9conomies de la sous-r\u00e9gion.<\/p>\n<p>La Conf\u00e9rence s\u2019est f\u00e9licit\u00e9e de la reconstitution r\u00e9ussie des ressources de\u00a0IDA21 du Groupe de la Banque Mondiale \u00e0 hauteur de 100 milliards de dollars\u00a0et a appel\u00e9 \u00e0 une allocation des ressources plus importantes en faveur de la\u00a0Sous-r\u00e9gion, pour r\u00e9duire le d\u00e9ficit important des infrastructures sociales de\u00a0base de la zone. Elle a accueilli favorablement l\u2019organisation en 2025, par le Groupe de la Banque Mondiale et de la Banque Africaine de D\u00e9veloppement, d\u2019une Conf\u00e9rence d\u00e9di\u00e9e aux financements du secteur de l\u2019\u00e9nergie \u00e0 travers la\u00a0Mission M300.<\/p>\n<p>Au terme de leurs travaux, les Chefs d\u2019Etat ont exprim\u00e9 leur gratitude \u00e0 l\u2019endroit de leurs Fr\u00e8res S.E Paul BIYA, pr\u00e9sident de la R\u00e9publique du\u00a0Cameroun, H\u00f4te du Sommet, et S.E. Professeur Faustin Archange\u00a0TOUADERA, Pr\u00e9sident de la R\u00e9publique Centrafricaine et Pr\u00e9sident en\u00a0exercice de la Conf\u00e9rence des Chefs d\u2019Etat de la CEMAC, pour l\u2019heureuse\u00a0initiative et l\u2019excellente organisation de cette Session Extraordinaire de la\u00a0Conf\u00e9rence ainsi que leurs sinc\u00e8res remerciements pour l\u2019accueil chaleureux\u00a0et l\u2019hospitalit\u00e9 g\u00e9n\u00e9reuse qui leur ont \u00e9t\u00e9 r\u00e9serv\u00e9s tout au long de leur s\u00e9jour\u00a0\u00e0 Yaound\u00e9.<\/p>\n<p>Ils ont salu\u00e9 la participation \u00e0 ce Sommet des invit\u00e9s sp\u00e9ciaux, en\u00a0l\u2019occurrence Monsieur ABEBE AEMRO SELASSIE Directeur Afrique,\u00a0repr\u00e9sentant Madame Kristalina GEORGIEVA, Directrice G\u00e9n\u00e9rale du Fonds\u00a0Mon\u00e9taire International (FMI), Monsieur Ousmane DIAGANA, Vice-Pr\u00e9sident\u00a0de la Banque Mondiale pour l\u2019Afrique de l\u2019Ouest et du Centre, le Dr. Serge\u00a0N\u2019GUESSAN, Directeur G\u00e9n\u00e9ral du Bureau Afrique Centrale, repr\u00e9sentant\u00a0Dr. AKINWUMI ADESINA, Pr\u00e9sident du Groupe de la Banque Africaine de\u00a0D\u00e9veloppement (BAD), S.E. Thierry MARCHAND, Ambassadeur de la\u00a0R\u00e9publique fran\u00e7aise au Cameroun, repr\u00e9sentant le Gouvernement fran\u00e7ais.<\/p>\n<p>La c\u00e9r\u00e9monie de cl\u00f4ture a \u00e9t\u00e9 marqu\u00e9e par la lecture du Communiqu\u00e9 Final,\u00a0suivie du discours de cl\u00f4ture de S.E. Paul BIYA, pr\u00e9sident de la R\u00e9publique\u00a0du Cameroun. Les travaux de la Session Extraordinaire de la Conf\u00e9rence des Chefs d\u2019Etat de la CEMAC se sont d\u00e9roul\u00e9s dans une atmosph\u00e8re de s\u00e9r\u00e9nit\u00e9, de compr\u00e9hension r\u00e9ciproque et d\u2019entente cordiale.<\/p>\n<p><strong>Fait \u00e0 Yaound\u00e9, le 16 d\u00e9cembre 2024\u00a0<\/strong><\/p>\n<p>&nbsp;<\/p>\n","protected":false},"excerpt":{"rendered":"<p>A l\u2019invitation conjointe de leurs Excellences Paul BIYA, pr\u00e9sident de la R\u00e9publique du Cameroun et Professeur Faustin-Archange TOUADERA, pr\u00e9sident de la R\u00e9publique Centrafricaine, Pr\u00e9sident en Exercice de la Conf\u00e9rence des Chefs d\u2019Etat de la Communaut\u00e9 \u00c9conomique et Mon\u00e9taire de l\u2019Afrique Centrale (CEMAC), une Session Extraordinaire de ladite Conf\u00e9rence s\u2019est tenue \u00e0 Yaound\u00e9, le 16 d\u00e9cembre [&hellip;]<\/p>\n","protected":false},"author":7,"featured_media":3699,"comment_status":"open","ping_status":"open","sticky":false,"template":"","format":"standard","meta":{"footnotes":""},"categories":[57,55,66],"tags":[],"class_list":["post-3698","post","type-post","status-publish","format-standard","has-post-thumbnail","hentry","category-a-la-une","category-actualites","category-diplomatie"],"yoast_head":"<!-- This site is optimized with the Yoast SEO plugin v24.2 - https:\/\/yoast.com\/wordpress\/plugins\/seo\/ -->\n<title>Communiqu\u00e9 final de la session extraordinaire de la conf\u00e9rence des Chefs d\u2019Etat de la CEMAC - Gabon Nouvelle Vision<\/title>\n<meta name=\"robots\" content=\"index, follow, max-snippet:-1, max-image-preview:large, max-video-preview:-1\" \/>\n<link rel=\"canonical\" href=\"https:\/\/gabonnouvellevision.com\/gnv\/2024\/12\/17\/communique-final-de-la-session-extraordinaire-de-la-conference-des-chefs-detat-de-la-cemac\/\" \/>\n<meta property=\"og:locale\" content=\"fr_FR\" \/>\n<meta property=\"og:type\" content=\"article\" \/>\n<meta property=\"og:title\" content=\"Communiqu\u00e9 final de la session extraordinaire de la conf\u00e9rence des Chefs d\u2019Etat de la CEMAC - Gabon Nouvelle Vision\" \/>\n<meta property=\"og:description\" content=\"A l\u2019invitation conjointe de leurs Excellences Paul BIYA, pr\u00e9sident de la R\u00e9publique du Cameroun et Professeur Faustin-Archange TOUADERA, pr\u00e9sident de la R\u00e9publique Centrafricaine, Pr\u00e9sident en Exercice de la Conf\u00e9rence des Chefs d\u2019Etat de la Communaut\u00e9 \u00c9conomique et Mon\u00e9taire de l\u2019Afrique Centrale (CEMAC), une Session Extraordinaire de ladite Conf\u00e9rence s\u2019est tenue \u00e0 Yaound\u00e9, le 16 d\u00e9cembre [&hellip;]\" \/>\n<meta property=\"og:url\" content=\"https:\/\/gabonnouvellevision.com\/gnv\/2024\/12\/17\/communique-final-de-la-session-extraordinaire-de-la-conference-des-chefs-detat-de-la-cemac\/\" \/>\n<meta property=\"og:site_name\" content=\"Gabon Nouvelle Vision\" \/>\n<meta property=\"article:publisher\" content=\"https:\/\/www.facebook.com\/GNVofficiel\" \/>\n<meta property=\"article:published_time\" content=\"2024-12-17T09:10:06+00:00\" \/>\n<meta property=\"og:image\" content=\"https:\/\/gabonnouvellevision.com\/gnv\/wp-content\/uploads\/2024\/12\/Gabon-Gabonmediatime_CEMAC-1-780x470-1.jpg\" \/>\n\t<meta property=\"og:image:width\" content=\"780\" \/>\n\t<meta property=\"og:image:height\" content=\"470\" \/>\n\t<meta property=\"og:image:type\" content=\"image\/jpeg\" \/>\n<meta name=\"author\" content=\"Eyeng Obame\" \/>\n<meta name=\"twitter:card\" content=\"summary_large_image\" \/>\n<meta name=\"twitter:label1\" content=\"\u00c9crit par\" \/>\n\t<meta name=\"twitter:data1\" content=\"Eyeng Obame\" \/>\n\t<meta name=\"twitter:label2\" content=\"Dur\u00e9e de lecture estim\u00e9e\" \/>\n\t<meta name=\"twitter:data2\" content=\"9 minutes\" \/>\n<script type=\"application\/ld+json\" class=\"yoast-schema-graph\">{\"@context\":\"https:\/\/schema.org\",\"@graph\":[{\"@type\":\"Article\",\"@id\":\"https:\/\/gabonnouvellevision.com\/gnv\/2024\/12\/17\/communique-final-de-la-session-extraordinaire-de-la-conference-des-chefs-detat-de-la-cemac\/#article\",\"isPartOf\":{\"@id\":\"https:\/\/gabonnouvellevision.com\/gnv\/2024\/12\/17\/communique-final-de-la-session-extraordinaire-de-la-conference-des-chefs-detat-de-la-cemac\/\"},\"author\":{\"name\":\"Eyeng Obame\",\"@id\":\"https:\/\/gabonnouvellevision.com\/gnv\/#\/schema\/person\/4b48e07d222f83c0285affc3704bc899\"},\"headline\":\"Communiqu\u00e9 final de la session extraordinaire de la conf\u00e9rence des Chefs d\u2019Etat de la CEMAC\",\"datePublished\":\"2024-12-17T09:10:06+00:00\",\"dateModified\":\"2024-12-17T09:10:06+00:00\",\"mainEntityOfPage\":{\"@id\":\"https:\/\/gabonnouvellevision.com\/gnv\/2024\/12\/17\/communique-final-de-la-session-extraordinaire-de-la-conference-des-chefs-detat-de-la-cemac\/\"},\"wordCount\":1758,\"commentCount\":0,\"publisher\":{\"@id\":\"https:\/\/gabonnouvellevision.com\/gnv\/#organization\"},\"image\":{\"@id\":\"https:\/\/gabonnouvellevision.com\/gnv\/2024\/12\/17\/communique-final-de-la-session-extraordinaire-de-la-conference-des-chefs-detat-de-la-cemac\/#primaryimage\"},\"thumbnailUrl\":\"https:\/\/gabonnouvellevision.com\/gnv\/wp-content\/uploads\/2024\/12\/Gabon-Gabonmediatime_CEMAC-1-780x470-1.jpg\",\"articleSection\":[\"A la une\",\"Actualites\",\"Diplomatie\"],\"inLanguage\":\"fr-FR\",\"potentialAction\":[{\"@type\":\"CommentAction\",\"name\":\"Comment\",\"target\":[\"https:\/\/gabonnouvellevision.com\/gnv\/2024\/12\/17\/communique-final-de-la-session-extraordinaire-de-la-conference-des-chefs-detat-de-la-cemac\/#respond\"]}]},{\"@type\":\"WebPage\",\"@id\":\"https:\/\/gabonnouvellevision.com\/gnv\/2024\/12\/17\/communique-final-de-la-session-extraordinaire-de-la-conference-des-chefs-detat-de-la-cemac\/\",\"url\":\"https:\/\/gabonnouvellevision.com\/gnv\/2024\/12\/17\/communique-final-de-la-session-extraordinaire-de-la-conference-des-chefs-detat-de-la-cemac\/\",\"name\":\"Communiqu\u00e9 final de la session extraordinaire de la conf\u00e9rence des Chefs d\u2019Etat de la CEMAC - Gabon Nouvelle Vision\",\"isPartOf\":{\"@id\":\"https:\/\/gabonnouvellevision.com\/gnv\/#website\"},\"primaryImageOfPage\":{\"@id\":\"https:\/\/gabonnouvellevision.com\/gnv\/2024\/12\/17\/communique-final-de-la-session-extraordinaire-de-la-conference-des-chefs-detat-de-la-cemac\/#primaryimage\"},\"image\":{\"@id\":\"https:\/\/gabonnouvellevision.com\/gnv\/2024\/12\/17\/communique-final-de-la-session-extraordinaire-de-la-conference-des-chefs-detat-de-la-cemac\/#primaryimage\"},\"thumbnailUrl\":\"https:\/\/gabonnouvellevision.com\/gnv\/wp-content\/uploads\/2024\/12\/Gabon-Gabonmediatime_CEMAC-1-780x470-1.jpg\",\"datePublished\":\"2024-12-17T09:10:06+00:00\",\"dateModified\":\"2024-12-17T09:10:06+00:00\",\"breadcrumb\":{\"@id\":\"https:\/\/gabonnouvellevision.com\/gnv\/2024\/12\/17\/communique-final-de-la-session-extraordinaire-de-la-conference-des-chefs-detat-de-la-cemac\/#breadcrumb\"},\"inLanguage\":\"fr-FR\",\"potentialAction\":[{\"@type\":\"ReadAction\",\"target\":[\"https:\/\/gabonnouvellevision.com\/gnv\/2024\/12\/17\/communique-final-de-la-session-extraordinaire-de-la-conference-des-chefs-detat-de-la-cemac\/\"]}]},{\"@type\":\"ImageObject\",\"inLanguage\":\"fr-FR\",\"@id\":\"https:\/\/gabonnouvellevision.com\/gnv\/2024\/12\/17\/communique-final-de-la-session-extraordinaire-de-la-conference-des-chefs-detat-de-la-cemac\/#primaryimage\",\"url\":\"https:\/\/gabonnouvellevision.com\/gnv\/wp-content\/uploads\/2024\/12\/Gabon-Gabonmediatime_CEMAC-1-780x470-1.jpg\",\"contentUrl\":\"https:\/\/gabonnouvellevision.com\/gnv\/wp-content\/uploads\/2024\/12\/Gabon-Gabonmediatime_CEMAC-1-780x470-1.jpg\",\"width\":780,\"height\":470},{\"@type\":\"BreadcrumbList\",\"@id\":\"https:\/\/gabonnouvellevision.com\/gnv\/2024\/12\/17\/communique-final-de-la-session-extraordinaire-de-la-conference-des-chefs-detat-de-la-cemac\/#breadcrumb\",\"itemListElement\":[{\"@type\":\"ListItem\",\"position\":1,\"name\":\"Accueil\",\"item\":\"https:\/\/gabonnouvellevision.com\/gnv\/\"},{\"@type\":\"ListItem\",\"position\":2,\"name\":\"Communiqu\u00e9 final de la session extraordinaire de la conf\u00e9rence des Chefs d\u2019Etat de la CEMAC\"}]},{\"@type\":\"WebSite\",\"@id\":\"https:\/\/gabonnouvellevision.com\/gnv\/#website\",\"url\":\"https:\/\/gabonnouvellevision.com\/gnv\/\",\"name\":\"Gabon Nouvelle Vision\",\"description\":\"\",\"publisher\":{\"@id\":\"https:\/\/gabonnouvellevision.com\/gnv\/#organization\"},\"potentialAction\":[{\"@type\":\"SearchAction\",\"target\":{\"@type\":\"EntryPoint\",\"urlTemplate\":\"https:\/\/gabonnouvellevision.com\/gnv\/?s={search_term_string}\"},\"query-input\":{\"@type\":\"PropertyValueSpecification\",\"valueRequired\":true,\"valueName\":\"search_term_string\"}}],\"inLanguage\":\"fr-FR\"},{\"@type\":\"Organization\",\"@id\":\"https:\/\/gabonnouvellevision.com\/gnv\/#organization\",\"name\":\"Gabon Nouvelle Vision\",\"url\":\"https:\/\/gabonnouvellevision.com\/gnv\/\",\"logo\":{\"@type\":\"ImageObject\",\"inLanguage\":\"fr-FR\",\"@id\":\"https:\/\/gabonnouvellevision.com\/gnv\/#\/schema\/logo\/image\/\",\"url\":\"https:\/\/gabonnouvellevision.com\/gnv\/wp-content\/uploads\/2025\/01\/logo-text_Plan-de-travail-1.png\",\"contentUrl\":\"https:\/\/gabonnouvellevision.com\/gnv\/wp-content\/uploads\/2025\/01\/logo-text_Plan-de-travail-1.png\",\"width\":7169,\"height\":2390,\"caption\":\"Gabon Nouvelle Vision\"},\"image\":{\"@id\":\"https:\/\/gabonnouvellevision.com\/gnv\/#\/schema\/logo\/image\/\"},\"sameAs\":[\"https:\/\/www.facebook.com\/GNVofficiel\"]},{\"@type\":\"Person\",\"@id\":\"https:\/\/gabonnouvellevision.com\/gnv\/#\/schema\/person\/4b48e07d222f83c0285affc3704bc899\",\"name\":\"Eyeng Obame\",\"image\":{\"@type\":\"ImageObject\",\"inLanguage\":\"fr-FR\",\"@id\":\"https:\/\/gabonnouvellevision.com\/gnv\/#\/schema\/person\/image\/\",\"url\":\"https:\/\/secure.gravatar.com\/avatar\/167bc03b8baf3c77318a47159f80871de6f5a6cbf4bc8b6af750fbc1a369d7bf?s=96&d=mm&r=g\",\"contentUrl\":\"https:\/\/secure.gravatar.com\/avatar\/167bc03b8baf3c77318a47159f80871de6f5a6cbf4bc8b6af750fbc1a369d7bf?s=96&d=mm&r=g\",\"caption\":\"Eyeng Obame\"},\"url\":\"https:\/\/gabonnouvellevision.com\/gnv\/author\/rufin\/\"}]}<\/script>\n<!-- \/ Yoast SEO plugin. -->","yoast_head_json":{"title":"Communiqu\u00e9 final de la session extraordinaire de la conf\u00e9rence des Chefs d\u2019Etat de la CEMAC - Gabon Nouvelle Vision","robots":{"index":"index","follow":"follow","max-snippet":"max-snippet:-1","max-image-preview":"max-image-preview:large","max-video-preview":"max-video-preview:-1"},"canonical":"https:\/\/gabonnouvellevision.com\/gnv\/2024\/12\/17\/communique-final-de-la-session-extraordinaire-de-la-conference-des-chefs-detat-de-la-cemac\/","og_locale":"fr_FR","og_type":"article","og_title":"Communiqu\u00e9 final de la session extraordinaire de la conf\u00e9rence des Chefs d\u2019Etat de la CEMAC - Gabon Nouvelle Vision","og_description":"A l\u2019invitation conjointe de leurs Excellences Paul BIYA, pr\u00e9sident de la R\u00e9publique du Cameroun et Professeur Faustin-Archange TOUADERA, pr\u00e9sident de la R\u00e9publique Centrafricaine, Pr\u00e9sident en Exercice de la Conf\u00e9rence des Chefs d\u2019Etat de la Communaut\u00e9 \u00c9conomique et Mon\u00e9taire de l\u2019Afrique Centrale (CEMAC), une Session Extraordinaire de ladite Conf\u00e9rence s\u2019est tenue \u00e0 Yaound\u00e9, le 16 d\u00e9cembre [&hellip;]","og_url":"https:\/\/gabonnouvellevision.com\/gnv\/2024\/12\/17\/communique-final-de-la-session-extraordinaire-de-la-conference-des-chefs-detat-de-la-cemac\/","og_site_name":"Gabon Nouvelle Vision","article_publisher":"https:\/\/www.facebook.com\/GNVofficiel","article_published_time":"2024-12-17T09:10:06+00:00","og_image":[{"width":780,"height":470,"url":"https:\/\/gabonnouvellevision.com\/gnv\/wp-content\/uploads\/2024\/12\/Gabon-Gabonmediatime_CEMAC-1-780x470-1.jpg","type":"image\/jpeg"}],"author":"Eyeng Obame","twitter_card":"summary_large_image","twitter_misc":{"\u00c9crit par":"Eyeng Obame","Dur\u00e9e de lecture estim\u00e9e":"9 minutes"},"schema":{"@context":"https:\/\/schema.org","@graph":[{"@type":"Article","@id":"https:\/\/gabonnouvellevision.com\/gnv\/2024\/12\/17\/communique-final-de-la-session-extraordinaire-de-la-conference-des-chefs-detat-de-la-cemac\/#article","isPartOf":{"@id":"https:\/\/gabonnouvellevision.com\/gnv\/2024\/12\/17\/communique-final-de-la-session-extraordinaire-de-la-conference-des-chefs-detat-de-la-cemac\/"},"author":{"name":"Eyeng Obame","@id":"https:\/\/gabonnouvellevision.com\/gnv\/#\/schema\/person\/4b48e07d222f83c0285affc3704bc899"},"headline":"Communiqu\u00e9 final de la session extraordinaire de la conf\u00e9rence des Chefs d\u2019Etat de la CEMAC","datePublished":"2024-12-17T09:10:06+00:00","dateModified":"2024-12-17T09:10:06+00:00","mainEntityOfPage":{"@id":"https:\/\/gabonnouvellevision.com\/gnv\/2024\/12\/17\/communique-final-de-la-session-extraordinaire-de-la-conference-des-chefs-detat-de-la-cemac\/"},"wordCount":1758,"commentCount":0,"publisher":{"@id":"https:\/\/gabonnouvellevision.com\/gnv\/#organization"},"image":{"@id":"https:\/\/gabonnouvellevision.com\/gnv\/2024\/12\/17\/communique-final-de-la-session-extraordinaire-de-la-conference-des-chefs-detat-de-la-cemac\/#primaryimage"},"thumbnailUrl":"https:\/\/gabonnouvellevision.com\/gnv\/wp-content\/uploads\/2024\/12\/Gabon-Gabonmediatime_CEMAC-1-780x470-1.jpg","articleSection":["A la une","Actualites","Diplomatie"],"inLanguage":"fr-FR","potentialAction":[{"@type":"CommentAction","name":"Comment","target":["https:\/\/gabonnouvellevision.com\/gnv\/2024\/12\/17\/communique-final-de-la-session-extraordinaire-de-la-conference-des-chefs-detat-de-la-cemac\/#respond"]}]},{"@type":"WebPage","@id":"https:\/\/gabonnouvellevision.com\/gnv\/2024\/12\/17\/communique-final-de-la-session-extraordinaire-de-la-conference-des-chefs-detat-de-la-cemac\/","url":"https:\/\/gabonnouvellevision.com\/gnv\/2024\/12\/17\/communique-final-de-la-session-extraordinaire-de-la-conference-des-chefs-detat-de-la-cemac\/","name":"Communiqu\u00e9 final de la session extraordinaire de la conf\u00e9rence des Chefs d\u2019Etat de la CEMAC - Gabon Nouvelle Vision","isPartOf":{"@id":"https:\/\/gabonnouvellevision.com\/gnv\/#website"},"primaryImageOfPage":{"@id":"https:\/\/gabonnouvellevision.com\/gnv\/2024\/12\/17\/communique-final-de-la-session-extraordinaire-de-la-conference-des-chefs-detat-de-la-cemac\/#primaryimage"},"image":{"@id":"https:\/\/gabonnouvellevision.com\/gnv\/2024\/12\/17\/communique-final-de-la-session-extraordinaire-de-la-conference-des-chefs-detat-de-la-cemac\/#primaryimage"},"thumbnailUrl":"https:\/\/gabonnouvellevision.com\/gnv\/wp-content\/uploads\/2024\/12\/Gabon-Gabonmediatime_CEMAC-1-780x470-1.jpg","datePublished":"2024-12-17T09:10:06+00:00","dateModified":"2024-12-17T09:10:06+00:00","breadcrumb":{"@id":"https:\/\/gabonnouvellevision.com\/gnv\/2024\/12\/17\/communique-final-de-la-session-extraordinaire-de-la-conference-des-chefs-detat-de-la-cemac\/#breadcrumb"},"inLanguage":"fr-FR","potentialAction":[{"@type":"ReadAction","target":["https:\/\/gabonnouvellevision.com\/gnv\/2024\/12\/17\/communique-final-de-la-session-extraordinaire-de-la-conference-des-chefs-detat-de-la-cemac\/"]}]},{"@type":"ImageObject","inLanguage":"fr-FR","@id":"https:\/\/gabonnouvellevision.com\/gnv\/2024\/12\/17\/communique-final-de-la-session-extraordinaire-de-la-conference-des-chefs-detat-de-la-cemac\/#primaryimage","url":"https:\/\/gabonnouvellevision.com\/gnv\/wp-content\/uploads\/2024\/12\/Gabon-Gabonmediatime_CEMAC-1-780x470-1.jpg","contentUrl":"https:\/\/gabonnouvellevision.com\/gnv\/wp-content\/uploads\/2024\/12\/Gabon-Gabonmediatime_CEMAC-1-780x470-1.jpg","width":780,"height":470},{"@type":"BreadcrumbList","@id":"https:\/\/gabonnouvellevision.com\/gnv\/2024\/12\/17\/communique-final-de-la-session-extraordinaire-de-la-conference-des-chefs-detat-de-la-cemac\/#breadcrumb","itemListElement":[{"@type":"ListItem","position":1,"name":"Accueil","item":"https:\/\/gabonnouvellevision.com\/gnv\/"},{"@type":"ListItem","position":2,"name":"Communiqu\u00e9 final de la session extraordinaire de la conf\u00e9rence des Chefs d\u2019Etat de la CEMAC"}]},{"@type":"WebSite","@id":"https:\/\/gabonnouvellevision.com\/gnv\/#website","url":"https:\/\/gabonnouvellevision.com\/gnv\/","name":"Gabon Nouvelle Vision","description":"","publisher":{"@id":"https:\/\/gabonnouvellevision.com\/gnv\/#organization"},"potentialAction":[{"@type":"SearchAction","target":{"@type":"EntryPoint","urlTemplate":"https:\/\/gabonnouvellevision.com\/gnv\/?s={search_term_string}"},"query-input":{"@type":"PropertyValueSpecification","valueRequired":true,"valueName":"search_term_string"}}],"inLanguage":"fr-FR"},{"@type":"Organization","@id":"https:\/\/gabonnouvellevision.com\/gnv\/#organization","name":"Gabon Nouvelle Vision","url":"https:\/\/gabonnouvellevision.com\/gnv\/","logo":{"@type":"ImageObject","inLanguage":"fr-FR","@id":"https:\/\/gabonnouvellevision.com\/gnv\/#\/schema\/logo\/image\/","url":"https:\/\/gabonnouvellevision.com\/gnv\/wp-content\/uploads\/2025\/01\/logo-text_Plan-de-travail-1.png","contentUrl":"https:\/\/gabonnouvellevision.com\/gnv\/wp-content\/uploads\/2025\/01\/logo-text_Plan-de-travail-1.png","width":7169,"height":2390,"caption":"Gabon Nouvelle Vision"},"image":{"@id":"https:\/\/gabonnouvellevision.com\/gnv\/#\/schema\/logo\/image\/"},"sameAs":["https:\/\/www.facebook.com\/GNVofficiel"]},{"@type":"Person","@id":"https:\/\/gabonnouvellevision.com\/gnv\/#\/schema\/person\/4b48e07d222f83c0285affc3704bc899","name":"Eyeng Obame","image":{"@type":"ImageObject","inLanguage":"fr-FR","@id":"https:\/\/gabonnouvellevision.com\/gnv\/#\/schema\/person\/image\/","url":"https:\/\/secure.gravatar.com\/avatar\/167bc03b8baf3c77318a47159f80871de6f5a6cbf4bc8b6af750fbc1a369d7bf?s=96&d=mm&r=g","contentUrl":"https:\/\/secure.gravatar.com\/avatar\/167bc03b8baf3c77318a47159f80871de6f5a6cbf4bc8b6af750fbc1a369d7bf?s=96&d=mm&r=g","caption":"Eyeng Obame"},"url":"https:\/\/gabonnouvellevision.com\/gnv\/author\/rufin\/"}]}},"_links":{"self":[{"href":"https:\/\/gabonnouvellevision.com\/gnv\/wp-json\/wp\/v2\/posts\/3698","targetHints":{"allow":["GET"]}}],"collection":[{"href":"https:\/\/gabonnouvellevision.com\/gnv\/wp-json\/wp\/v2\/posts"}],"about":[{"href":"https:\/\/gabonnouvellevision.com\/gnv\/wp-json\/wp\/v2\/types\/post"}],"author":[{"embeddable":true,"href":"https:\/\/gabonnouvellevision.com\/gnv\/wp-json\/wp\/v2\/users\/7"}],"replies":[{"embeddable":true,"href":"https:\/\/gabonnouvellevision.com\/gnv\/wp-json\/wp\/v2\/comments?post=3698"}],"version-history":[{"count":0,"href":"https:\/\/gabonnouvellevision.com\/gnv\/wp-json\/wp\/v2\/posts\/3698\/revisions"}],"wp:featuredmedia":[{"embeddable":true,"href":"https:\/\/gabonnouvellevision.com\/gnv\/wp-json\/wp\/v2\/media\/3699"}],"wp:attachment":[{"href":"https:\/\/gabonnouvellevision.com\/gnv\/wp-json\/wp\/v2\/media?parent=3698"}],"wp:term":[{"taxonomy":"category","embeddable":true,"href":"https:\/\/gabonnouvellevision.com\/gnv\/wp-json\/wp\/v2\/categories?post=3698"},{"taxonomy":"post_tag","embeddable":true,"href":"https:\/\/gabonnouvellevision.com\/gnv\/wp-json\/wp\/v2\/tags?post=3698"}],"curies":[{"name":"wp","href":"https:\/\/api.w.org\/{rel}","templated":true}]}}