{"id":3651,"date":"2024-12-06T12:27:02","date_gmt":"2024-12-06T11:27:02","guid":{"rendered":"https:\/\/gabonnouvellevision.com\/gnv\/?p=3651"},"modified":"2024-12-06T12:27:02","modified_gmt":"2024-12-06T11:27:02","slug":"politique-albert-ondo-ossa-recu-au-palais-du-bord-de-mer","status":"publish","type":"post","link":"https:\/\/gabonnouvellevision.com\/gnv\/2024\/12\/06\/politique-albert-ondo-ossa-recu-au-palais-du-bord-de-mer\/","title":{"rendered":"Politique : Albert Ondo Ossa re\u00e7u au palais du bord de mer"},"content":{"rendered":"<p>&nbsp;<\/p>\n<p>Dans la foul\u00e9e de l\u2019audience qu\u2019a accord\u00e9e le 5 d\u00e9cembre 2024, le pr\u00e9sident de la r\u00e9publique, chef de l\u2019Etat, le G\u00e9n\u00e9ral de Brigade, Brice Clotaire Oligui Nguema aux adeptes du Non lors du dernier r\u00e9f\u00e9rendum, le Professeur Albert Ondo Ossa a \u00e9galement eu l\u2019honneur d\u2019\u00eatre l\u2019h\u00f4te du locataire du palais du bord de mer.<\/p>\n<p>Si rien n\u2019a filtr\u00e9 des \u00e9changes du chef de l\u2019Etat avec son invit\u00e9, l\u2019on ose croire que les deux personnalit\u00e9s ont pass\u00e9 en revue la situation politique du pays et \u00e9galement les perspectives y aff\u00e9rentes, surtout qu\u2019apr\u00e8s le r\u00e9cent pl\u00e9biscite de la nouvelle constitution, le cap est maintenant plac\u00e9 sur la conception du nouveau code \u00e9lectoral devant ouvrir la voie aux prochaines consultations. Il faut rappeler que le professeur Albert Ondo Ossa s\u2019\u00e9tait, avec certains autres citoyens, farouchement oppos\u00e9 \u00e0 l\u2019adoption de la nouvelle constitution en pr\u00f4nant pour son rejet lors du r\u00e9f\u00e9rendum. Malheureusement pour eux, la loi fondamentale a \u00e9t\u00e9 pl\u00e9biscit\u00e9e \u00e0 91,64% par le peuple gabonais. Un v\u00e9ritable camouflet pour l\u2019\u00e9minent professeur d\u2019Economie qui n\u2019arrive toujours pas \u00e0 tourner la page de l\u2019\u00e9lection pr\u00e9sidentielle du 26 ao\u00fbt 2023 qu\u2019il estime avoir remport\u00e9e. La derni\u00e8re fois que les deux personnalit\u00e9s se sont rencontr\u00e9es avant celle du palais du bord de mer remonte en d\u00e9cembre 2023 \u00e0 Oyem dans la province du Woleu Ntem lors du lancement des travaux routiers de l\u2019axe Oyem- Assock Medzeng.<\/p>\n<p><strong>J.M <\/strong><\/p>\n","protected":false},"excerpt":{"rendered":"<p>&nbsp; Dans la foul\u00e9e de l\u2019audience qu\u2019a accord\u00e9e le 5 d\u00e9cembre 2024, le pr\u00e9sident de la r\u00e9publique, chef de l\u2019Etat, le G\u00e9n\u00e9ral de Brigade, Brice Clotaire Oligui Nguema aux adeptes du Non lors du dernier r\u00e9f\u00e9rendum, le Professeur Albert Ondo Ossa a \u00e9galement eu l\u2019honneur d\u2019\u00eatre l\u2019h\u00f4te du locataire du palais du bord de mer. [&hellip;]<\/p>\n","protected":false},"author":5,"featured_media":3652,"comment_status":"open","ping_status":"open","sticky":false,"template":"","format":"standard","meta":{"footnotes":""},"categories":[57,55,59],"tags":[],"class_list":["post-3651","post","type-post","status-publish","format-standard","has-post-thumbnail","hentry","category-a-la-une","category-actualites","category-politique"],"yoast_head":"<!-- This site is optimized with the Yoast SEO plugin v24.2 - https:\/\/yoast.com\/wordpress\/plugins\/seo\/ -->\n<title>Politique : Albert Ondo Ossa re\u00e7u au palais du bord de mer - Gabon Nouvelle Vision<\/title>\n<meta name=\"robots\" content=\"index, follow, max-snippet:-1, max-image-preview:large, max-video-preview:-1\" \/>\n<link rel=\"canonical\" href=\"https:\/\/gabonnouvellevision.com\/gnv\/2024\/12\/06\/politique-albert-ondo-ossa-recu-au-palais-du-bord-de-mer\/\" \/>\n<meta property=\"og:locale\" content=\"fr_FR\" \/>\n<meta property=\"og:type\" content=\"article\" \/>\n<meta property=\"og:title\" content=\"Politique : Albert Ondo Ossa re\u00e7u au palais du bord de mer - Gabon Nouvelle Vision\" \/>\n<meta property=\"og:description\" content=\"&nbsp; Dans la foul\u00e9e de l\u2019audience qu\u2019a accord\u00e9e le 5 d\u00e9cembre 2024, le pr\u00e9sident de la r\u00e9publique, chef de l\u2019Etat, le G\u00e9n\u00e9ral de Brigade, Brice Clotaire Oligui Nguema aux adeptes du Non lors du dernier r\u00e9f\u00e9rendum, le Professeur Albert Ondo Ossa a \u00e9galement eu l\u2019honneur d\u2019\u00eatre l\u2019h\u00f4te du locataire du palais du bord de mer. [&hellip;]\" \/>\n<meta property=\"og:url\" content=\"https:\/\/gabonnouvellevision.com\/gnv\/2024\/12\/06\/politique-albert-ondo-ossa-recu-au-palais-du-bord-de-mer\/\" \/>\n<meta property=\"og:site_name\" content=\"Gabon Nouvelle Vision\" \/>\n<meta property=\"article:publisher\" content=\"https:\/\/www.facebook.com\/GNVofficiel\" \/>\n<meta property=\"article:published_time\" content=\"2024-12-06T11:27:02+00:00\" \/>\n<meta property=\"og:image\" content=\"https:\/\/gabonnouvellevision.com\/gnv\/wp-content\/uploads\/2024\/12\/Ondoossa.jpg\" \/>\n\t<meta property=\"og:image:width\" content=\"1000\" \/>\n\t<meta property=\"og:image:height\" content=\"667\" \/>\n\t<meta property=\"og:image:type\" content=\"image\/jpeg\" \/>\n<meta name=\"author\" content=\"Junior MBOULET\" \/>\n<meta name=\"twitter:card\" content=\"summary_large_image\" \/>\n<meta name=\"twitter:label1\" content=\"\u00c9crit par\" \/>\n\t<meta name=\"twitter:data1\" content=\"Junior MBOULET\" \/>\n\t<meta name=\"twitter:label2\" content=\"Dur\u00e9e de lecture estim\u00e9e\" \/>\n\t<meta name=\"twitter:data2\" content=\"1 minute\" \/>\n<script type=\"application\/ld+json\" class=\"yoast-schema-graph\">{\"@context\":\"https:\/\/schema.org\",\"@graph\":[{\"@type\":\"Article\",\"@id\":\"https:\/\/gabonnouvellevision.com\/gnv\/2024\/12\/06\/politique-albert-ondo-ossa-recu-au-palais-du-bord-de-mer\/#article\",\"isPartOf\":{\"@id\":\"https:\/\/gabonnouvellevision.com\/gnv\/2024\/12\/06\/politique-albert-ondo-ossa-recu-au-palais-du-bord-de-mer\/\"},\"author\":{\"name\":\"Junior MBOULET\",\"@id\":\"https:\/\/gabonnouvellevision.com\/gnv\/#\/schema\/person\/747bfb82bd833fb5a5a49e7c5031633d\"},\"headline\":\"Politique : Albert Ondo Ossa re\u00e7u au palais du bord de mer\",\"datePublished\":\"2024-12-06T11:27:02+00:00\",\"dateModified\":\"2024-12-06T11:27:02+00:00\",\"mainEntityOfPage\":{\"@id\":\"https:\/\/gabonnouvellevision.com\/gnv\/2024\/12\/06\/politique-albert-ondo-ossa-recu-au-palais-du-bord-de-mer\/\"},\"wordCount\":280,\"commentCount\":0,\"publisher\":{\"@id\":\"https:\/\/gabonnouvellevision.com\/gnv\/#organization\"},\"image\":{\"@id\":\"https:\/\/gabonnouvellevision.com\/gnv\/2024\/12\/06\/politique-albert-ondo-ossa-recu-au-palais-du-bord-de-mer\/#primaryimage\"},\"thumbnailUrl\":\"https:\/\/gabonnouvellevision.com\/gnv\/wp-content\/uploads\/2024\/12\/Ondoossa.jpg\",\"articleSection\":[\"A la une\",\"Actualites\",\"Politique\"],\"inLanguage\":\"fr-FR\",\"potentialAction\":[{\"@type\":\"CommentAction\",\"name\":\"Comment\",\"target\":[\"https:\/\/gabonnouvellevision.com\/gnv\/2024\/12\/06\/politique-albert-ondo-ossa-recu-au-palais-du-bord-de-mer\/#respond\"]}]},{\"@type\":\"WebPage\",\"@id\":\"https:\/\/gabonnouvellevision.com\/gnv\/2024\/12\/06\/politique-albert-ondo-ossa-recu-au-palais-du-bord-de-mer\/\",\"url\":\"https:\/\/gabonnouvellevision.com\/gnv\/2024\/12\/06\/politique-albert-ondo-ossa-recu-au-palais-du-bord-de-mer\/\",\"name\":\"Politique : Albert Ondo Ossa re\u00e7u au palais du bord de mer - Gabon Nouvelle Vision\",\"isPartOf\":{\"@id\":\"https:\/\/gabonnouvellevision.com\/gnv\/#website\"},\"primaryImageOfPage\":{\"@id\":\"https:\/\/gabonnouvellevision.com\/gnv\/2024\/12\/06\/politique-albert-ondo-ossa-recu-au-palais-du-bord-de-mer\/#primaryimage\"},\"image\":{\"@id\":\"https:\/\/gabonnouvellevision.com\/gnv\/2024\/12\/06\/politique-albert-ondo-ossa-recu-au-palais-du-bord-de-mer\/#primaryimage\"},\"thumbnailUrl\":\"https:\/\/gabonnouvellevision.com\/gnv\/wp-content\/uploads\/2024\/12\/Ondoossa.jpg\",\"datePublished\":\"2024-12-06T11:27:02+00:00\",\"dateModified\":\"2024-12-06T11:27:02+00:00\",\"breadcrumb\":{\"@id\":\"https:\/\/gabonnouvellevision.com\/gnv\/2024\/12\/06\/politique-albert-ondo-ossa-recu-au-palais-du-bord-de-mer\/#breadcrumb\"},\"inLanguage\":\"fr-FR\",\"potentialAction\":[{\"@type\":\"ReadAction\",\"target\":[\"https:\/\/gabonnouvellevision.com\/gnv\/2024\/12\/06\/politique-albert-ondo-ossa-recu-au-palais-du-bord-de-mer\/\"]}]},{\"@type\":\"ImageObject\",\"inLanguage\":\"fr-FR\",\"@id\":\"https:\/\/gabonnouvellevision.com\/gnv\/2024\/12\/06\/politique-albert-ondo-ossa-recu-au-palais-du-bord-de-mer\/#primaryimage\",\"url\":\"https:\/\/gabonnouvellevision.com\/gnv\/wp-content\/uploads\/2024\/12\/Ondoossa.jpg\",\"contentUrl\":\"https:\/\/gabonnouvellevision.com\/gnv\/wp-content\/uploads\/2024\/12\/Ondoossa.jpg\",\"width\":1000,\"height\":667},{\"@type\":\"BreadcrumbList\",\"@id\":\"https:\/\/gabonnouvellevision.com\/gnv\/2024\/12\/06\/politique-albert-ondo-ossa-recu-au-palais-du-bord-de-mer\/#breadcrumb\",\"itemListElement\":[{\"@type\":\"ListItem\",\"position\":1,\"name\":\"Accueil\",\"item\":\"https:\/\/gabonnouvellevision.com\/gnv\/\"},{\"@type\":\"ListItem\",\"position\":2,\"name\":\"Politique : Albert Ondo Ossa re\u00e7u au palais du bord de mer\"}]},{\"@type\":\"WebSite\",\"@id\":\"https:\/\/gabonnouvellevision.com\/gnv\/#website\",\"url\":\"https:\/\/gabonnouvellevision.com\/gnv\/\",\"name\":\"Gabon Nouvelle Vision\",\"description\":\"\",\"publisher\":{\"@id\":\"https:\/\/gabonnouvellevision.com\/gnv\/#organization\"},\"potentialAction\":[{\"@type\":\"SearchAction\",\"target\":{\"@type\":\"EntryPoint\",\"urlTemplate\":\"https:\/\/gabonnouvellevision.com\/gnv\/?s={search_term_string}\"},\"query-input\":{\"@type\":\"PropertyValueSpecification\",\"valueRequired\":true,\"valueName\":\"search_term_string\"}}],\"inLanguage\":\"fr-FR\"},{\"@type\":\"Organization\",\"@id\":\"https:\/\/gabonnouvellevision.com\/gnv\/#organization\",\"name\":\"Gabon Nouvelle Vision\",\"url\":\"https:\/\/gabonnouvellevision.com\/gnv\/\",\"logo\":{\"@type\":\"ImageObject\",\"inLanguage\":\"fr-FR\",\"@id\":\"https:\/\/gabonnouvellevision.com\/gnv\/#\/schema\/logo\/image\/\",\"url\":\"https:\/\/gabonnouvellevision.com\/gnv\/wp-content\/uploads\/2025\/01\/logo-text_Plan-de-travail-1.png\",\"contentUrl\":\"https:\/\/gabonnouvellevision.com\/gnv\/wp-content\/uploads\/2025\/01\/logo-text_Plan-de-travail-1.png\",\"width\":7169,\"height\":2390,\"caption\":\"Gabon Nouvelle Vision\"},\"image\":{\"@id\":\"https:\/\/gabonnouvellevision.com\/gnv\/#\/schema\/logo\/image\/\"},\"sameAs\":[\"https:\/\/www.facebook.com\/GNVofficiel\"]},{\"@type\":\"Person\",\"@id\":\"https:\/\/gabonnouvellevision.com\/gnv\/#\/schema\/person\/747bfb82bd833fb5a5a49e7c5031633d\",\"name\":\"Junior MBOULET\",\"image\":{\"@type\":\"ImageObject\",\"inLanguage\":\"fr-FR\",\"@id\":\"https:\/\/gabonnouvellevision.com\/gnv\/#\/schema\/person\/image\/\",\"url\":\"https:\/\/secure.gravatar.com\/avatar\/b541278a71f2f5c40b38fff4c93c15b82cf168df8b47ea9d9e97c9c9c716c6f0?s=96&d=mm&r=g\",\"contentUrl\":\"https:\/\/secure.gravatar.com\/avatar\/b541278a71f2f5c40b38fff4c93c15b82cf168df8b47ea9d9e97c9c9c716c6f0?s=96&d=mm&r=g\",\"caption\":\"Junior MBOULET\"},\"url\":\"https:\/\/gabonnouvellevision.com\/gnv\/author\/junior\/\"}]}<\/script>\n<!-- \/ Yoast SEO plugin. -->","yoast_head_json":{"title":"Politique : Albert Ondo Ossa re\u00e7u au palais du bord de mer - Gabon Nouvelle Vision","robots":{"index":"index","follow":"follow","max-snippet":"max-snippet:-1","max-image-preview":"max-image-preview:large","max-video-preview":"max-video-preview:-1"},"canonical":"https:\/\/gabonnouvellevision.com\/gnv\/2024\/12\/06\/politique-albert-ondo-ossa-recu-au-palais-du-bord-de-mer\/","og_locale":"fr_FR","og_type":"article","og_title":"Politique : Albert Ondo Ossa re\u00e7u au palais du bord de mer - Gabon Nouvelle Vision","og_description":"&nbsp; Dans la foul\u00e9e de l\u2019audience qu\u2019a accord\u00e9e le 5 d\u00e9cembre 2024, le pr\u00e9sident de la r\u00e9publique, chef de l\u2019Etat, le G\u00e9n\u00e9ral de Brigade, Brice Clotaire Oligui Nguema aux adeptes du Non lors du dernier r\u00e9f\u00e9rendum, le Professeur Albert Ondo Ossa a \u00e9galement eu l\u2019honneur d\u2019\u00eatre l\u2019h\u00f4te du locataire du palais du bord de mer. [&hellip;]","og_url":"https:\/\/gabonnouvellevision.com\/gnv\/2024\/12\/06\/politique-albert-ondo-ossa-recu-au-palais-du-bord-de-mer\/","og_site_name":"Gabon Nouvelle Vision","article_publisher":"https:\/\/www.facebook.com\/GNVofficiel","article_published_time":"2024-12-06T11:27:02+00:00","og_image":[{"width":1000,"height":667,"url":"https:\/\/gabonnouvellevision.com\/gnv\/wp-content\/uploads\/2024\/12\/Ondoossa.jpg","type":"image\/jpeg"}],"author":"Junior MBOULET","twitter_card":"summary_large_image","twitter_misc":{"\u00c9crit par":"Junior MBOULET","Dur\u00e9e de lecture estim\u00e9e":"1 minute"},"schema":{"@context":"https:\/\/schema.org","@graph":[{"@type":"Article","@id":"https:\/\/gabonnouvellevision.com\/gnv\/2024\/12\/06\/politique-albert-ondo-ossa-recu-au-palais-du-bord-de-mer\/#article","isPartOf":{"@id":"https:\/\/gabonnouvellevision.com\/gnv\/2024\/12\/06\/politique-albert-ondo-ossa-recu-au-palais-du-bord-de-mer\/"},"author":{"name":"Junior MBOULET","@id":"https:\/\/gabonnouvellevision.com\/gnv\/#\/schema\/person\/747bfb82bd833fb5a5a49e7c5031633d"},"headline":"Politique : Albert Ondo Ossa re\u00e7u au palais du bord de mer","datePublished":"2024-12-06T11:27:02+00:00","dateModified":"2024-12-06T11:27:02+00:00","mainEntityOfPage":{"@id":"https:\/\/gabonnouvellevision.com\/gnv\/2024\/12\/06\/politique-albert-ondo-ossa-recu-au-palais-du-bord-de-mer\/"},"wordCount":280,"commentCount":0,"publisher":{"@id":"https:\/\/gabonnouvellevision.com\/gnv\/#organization"},"image":{"@id":"https:\/\/gabonnouvellevision.com\/gnv\/2024\/12\/06\/politique-albert-ondo-ossa-recu-au-palais-du-bord-de-mer\/#primaryimage"},"thumbnailUrl":"https:\/\/gabonnouvellevision.com\/gnv\/wp-content\/uploads\/2024\/12\/Ondoossa.jpg","articleSection":["A la une","Actualites","Politique"],"inLanguage":"fr-FR","potentialAction":[{"@type":"CommentAction","name":"Comment","target":["https:\/\/gabonnouvellevision.com\/gnv\/2024\/12\/06\/politique-albert-ondo-ossa-recu-au-palais-du-bord-de-mer\/#respond"]}]},{"@type":"WebPage","@id":"https:\/\/gabonnouvellevision.com\/gnv\/2024\/12\/06\/politique-albert-ondo-ossa-recu-au-palais-du-bord-de-mer\/","url":"https:\/\/gabonnouvellevision.com\/gnv\/2024\/12\/06\/politique-albert-ondo-ossa-recu-au-palais-du-bord-de-mer\/","name":"Politique : Albert Ondo Ossa re\u00e7u au palais du bord de mer - Gabon Nouvelle Vision","isPartOf":{"@id":"https:\/\/gabonnouvellevision.com\/gnv\/#website"},"primaryImageOfPage":{"@id":"https:\/\/gabonnouvellevision.com\/gnv\/2024\/12\/06\/politique-albert-ondo-ossa-recu-au-palais-du-bord-de-mer\/#primaryimage"},"image":{"@id":"https:\/\/gabonnouvellevision.com\/gnv\/2024\/12\/06\/politique-albert-ondo-ossa-recu-au-palais-du-bord-de-mer\/#primaryimage"},"thumbnailUrl":"https:\/\/gabonnouvellevision.com\/gnv\/wp-content\/uploads\/2024\/12\/Ondoossa.jpg","datePublished":"2024-12-06T11:27:02+00:00","dateModified":"2024-12-06T11:27:02+00:00","breadcrumb":{"@id":"https:\/\/gabonnouvellevision.com\/gnv\/2024\/12\/06\/politique-albert-ondo-ossa-recu-au-palais-du-bord-de-mer\/#breadcrumb"},"inLanguage":"fr-FR","potentialAction":[{"@type":"ReadAction","target":["https:\/\/gabonnouvellevision.com\/gnv\/2024\/12\/06\/politique-albert-ondo-ossa-recu-au-palais-du-bord-de-mer\/"]}]},{"@type":"ImageObject","inLanguage":"fr-FR","@id":"https:\/\/gabonnouvellevision.com\/gnv\/2024\/12\/06\/politique-albert-ondo-ossa-recu-au-palais-du-bord-de-mer\/#primaryimage","url":"https:\/\/gabonnouvellevision.com\/gnv\/wp-content\/uploads\/2024\/12\/Ondoossa.jpg","contentUrl":"https:\/\/gabonnouvellevision.com\/gnv\/wp-content\/uploads\/2024\/12\/Ondoossa.jpg","width":1000,"height":667},{"@type":"BreadcrumbList","@id":"https:\/\/gabonnouvellevision.com\/gnv\/2024\/12\/06\/politique-albert-ondo-ossa-recu-au-palais-du-bord-de-mer\/#breadcrumb","itemListElement":[{"@type":"ListItem","position":1,"name":"Accueil","item":"https:\/\/gabonnouvellevision.com\/gnv\/"},{"@type":"ListItem","position":2,"name":"Politique : Albert Ondo Ossa re\u00e7u au palais du bord de mer"}]},{"@type":"WebSite","@id":"https:\/\/gabonnouvellevision.com\/gnv\/#website","url":"https:\/\/gabonnouvellevision.com\/gnv\/","name":"Gabon Nouvelle Vision","description":"","publisher":{"@id":"https:\/\/gabonnouvellevision.com\/gnv\/#organization"},"potentialAction":[{"@type":"SearchAction","target":{"@type":"EntryPoint","urlTemplate":"https:\/\/gabonnouvellevision.com\/gnv\/?s={search_term_string}"},"query-input":{"@type":"PropertyValueSpecification","valueRequired":true,"valueName":"search_term_string"}}],"inLanguage":"fr-FR"},{"@type":"Organization","@id":"https:\/\/gabonnouvellevision.com\/gnv\/#organization","name":"Gabon Nouvelle Vision","url":"https:\/\/gabonnouvellevision.com\/gnv\/","logo":{"@type":"ImageObject","inLanguage":"fr-FR","@id":"https:\/\/gabonnouvellevision.com\/gnv\/#\/schema\/logo\/image\/","url":"https:\/\/gabonnouvellevision.com\/gnv\/wp-content\/uploads\/2025\/01\/logo-text_Plan-de-travail-1.png","contentUrl":"https:\/\/gabonnouvellevision.com\/gnv\/wp-content\/uploads\/2025\/01\/logo-text_Plan-de-travail-1.png","width":7169,"height":2390,"caption":"Gabon Nouvelle Vision"},"image":{"@id":"https:\/\/gabonnouvellevision.com\/gnv\/#\/schema\/logo\/image\/"},"sameAs":["https:\/\/www.facebook.com\/GNVofficiel"]},{"@type":"Person","@id":"https:\/\/gabonnouvellevision.com\/gnv\/#\/schema\/person\/747bfb82bd833fb5a5a49e7c5031633d","name":"Junior MBOULET","image":{"@type":"ImageObject","inLanguage":"fr-FR","@id":"https:\/\/gabonnouvellevision.com\/gnv\/#\/schema\/person\/image\/","url":"https:\/\/secure.gravatar.com\/avatar\/b541278a71f2f5c40b38fff4c93c15b82cf168df8b47ea9d9e97c9c9c716c6f0?s=96&d=mm&r=g","contentUrl":"https:\/\/secure.gravatar.com\/avatar\/b541278a71f2f5c40b38fff4c93c15b82cf168df8b47ea9d9e97c9c9c716c6f0?s=96&d=mm&r=g","caption":"Junior MBOULET"},"url":"https:\/\/gabonnouvellevision.com\/gnv\/author\/junior\/"}]}},"_links":{"self":[{"href":"https:\/\/gabonnouvellevision.com\/gnv\/wp-json\/wp\/v2\/posts\/3651","targetHints":{"allow":["GET"]}}],"collection":[{"href":"https:\/\/gabonnouvellevision.com\/gnv\/wp-json\/wp\/v2\/posts"}],"about":[{"href":"https:\/\/gabonnouvellevision.com\/gnv\/wp-json\/wp\/v2\/types\/post"}],"author":[{"embeddable":true,"href":"https:\/\/gabonnouvellevision.com\/gnv\/wp-json\/wp\/v2\/users\/5"}],"replies":[{"embeddable":true,"href":"https:\/\/gabonnouvellevision.com\/gnv\/wp-json\/wp\/v2\/comments?post=3651"}],"version-history":[{"count":0,"href":"https:\/\/gabonnouvellevision.com\/gnv\/wp-json\/wp\/v2\/posts\/3651\/revisions"}],"wp:featuredmedia":[{"embeddable":true,"href":"https:\/\/gabonnouvellevision.com\/gnv\/wp-json\/wp\/v2\/media\/3652"}],"wp:attachment":[{"href":"https:\/\/gabonnouvellevision.com\/gnv\/wp-json\/wp\/v2\/media?parent=3651"}],"wp:term":[{"taxonomy":"category","embeddable":true,"href":"https:\/\/gabonnouvellevision.com\/gnv\/wp-json\/wp\/v2\/categories?post=3651"},{"taxonomy":"post_tag","embeddable":true,"href":"https:\/\/gabonnouvellevision.com\/gnv\/wp-json\/wp\/v2\/tags?post=3651"}],"curies":[{"name":"wp","href":"https:\/\/api.w.org\/{rel}","templated":true}]}}