{"id":3643,"date":"2024-12-05T12:21:35","date_gmt":"2024-12-05T11:21:35","guid":{"rendered":"https:\/\/gabonnouvellevision.com\/gnv\/?p=3643"},"modified":"2024-12-05T12:21:35","modified_gmt":"2024-12-05T11:21:35","slug":"les-personnes-handicapees-du-gabon-interpellent-les-autorites-de-la-transition","status":"publish","type":"post","link":"https:\/\/gabonnouvellevision.com\/gnv\/2024\/12\/05\/les-personnes-handicapees-du-gabon-interpellent-les-autorites-de-la-transition\/","title":{"rendered":"Les personnes handicap\u00e9es du Gabon interpellent les autorit\u00e9s de la Transition"},"content":{"rendered":"<p><em><strong>La communaut\u00e9 internationale vient de comm\u00e9morer la journ\u00e9e destin\u00e9e aux personnes handicap\u00e9es. Un \u00e9v\u00e8nement qui n\u2019est pas pass\u00e9 sous silence au Gabon. Occasion pour les repr\u00e9sentants de cette cat\u00e9gorie sociale d\u2019attirer l\u2019attention des plus hautes autorit\u00e9s de la r\u00e9publique sur leurs conditions de vie jug\u00e9es pr\u00e9caires<\/strong><\/em>.<\/p>\n<p>\u201cDepuis bient\u00f4t un an et demi que je ne cesse d\u2019interpeller les nouvelles autorit\u00e9s sur la n\u00e9cessit\u00e9 de rendre op\u00e9rationnel nos ateliers de r\u00e9paration et de maintenance \u00a0d\u2019outils orthop\u00e9diques.\u00a0La quasi-totalit\u00e9 des scooters sont aux arr\u00eats par manque des pi\u00e8ces de rechange notamment les batteries, celles que certains utilisent actuellement sont des adaptations qui ne mettent pas du temps et co\u00fbtent tr\u00e8s chers pour des personne r\u00e9put\u00e9es \u00e9conomiquement faibles. On ne peut envisager aucune inclusion sociale, si la probl\u00e9matique de la mobilit\u00e9 n\u2019est pas trait\u00e9e avec le s\u00e9rieux que cela impose\u201d a d\u00e9plor\u00e9 Waldys Bethyno Moubanbengha.<\/p>\n<p>Une situation devenue insoutenable persiste le Pr\u00e9sident de l\u2019Ong Bagniamessebe: \u201c au 21\u00e9m\u00e9 si\u00e8cle, il est inadmissible que les personnes en situation de handicap que nous sommes, soyons encore en train de mendier nos droits les plus \u00e9l\u00e9mentaires. Le droit au travail, le droit au logement, le droit \u00e0 la sant\u00e9, le droit aux loisirs ne sont qu\u2019une vue de l\u2019esprit. Tout porte \u00e0 croire que la mis\u00e8re et la promiscuit\u00e9 dans laquelle nous vivons sont des facteurs jouissifs pour nos gouvernants qui estiment p\u00e9riph\u00e9rique les probl\u00e8mes dont nous faisons face. Et pourtant l\u2019histoire r\u00e9cente de notre pays nous enseigne que la fronti\u00e8re entre le statut d\u2019homme valide et invalide est tr\u00e8s mince, et qu\u2019agir aujourd\u2019hui en faveur des personnes en situation de handicap, \u00a0c\u2019est aussi agir pour soi-m\u00eame demain\u201d.<\/p>\n<p>Le Pr\u00e9sident de Bagniamessebe d\u00e9nonce \u00e9galement le fonds d\u2019aide qui leur allou\u00e9\u00a0 annuellement par l\u2019Etat. Un fonds jug\u00e9 insignifiant voire m\u00e9prisant par rapport au co\u00fbt de vie au Gabon. \u00ab\u00a0Dans quelques jours, \u00a0le tr\u00e9sor public proc\u00e9dera au paiement de l\u2019allocation pour personnes handicap\u00e9es encore appel\u00e9e \u00ab secours permanent \u00bb, une allocation qui est loin de donner satisfaction mais qui souvent fait l\u2019objet des propagandes \u00e0 cout de diffusion t\u00e9l\u00e9visuelle. Qui dans ce pays peut vivre avec une somme de 75000f CFA par an ?\u201d S\u2019est interrog\u00e9 le porte-\u00e9tendard des personnes handicap\u00e9es du Gabon.<\/p>\n<p>. Une injustice criarde qui m\u00e9rite d\u2019\u00eatre r\u00e9par\u00e9e dans les plus brefs d\u00e9lais afin que l\u2019essor vers la f\u00e9licit\u00e9 soit une r\u00e9alit\u00e9. \u201c Mes tr\u00e8s chers semblables il nous revient de nous battre \u00e0 fin que notre dignit\u00e9 soit respect\u00e9e et \u00e9tablie, aucune communaut\u00e9 n\u2019a re\u00e7u en cadeau son bonheur, celui-ci est souvent acquis au prix de la lutte. Je suis souvent pein\u00e9 de voir certains parmi nous s\u2019adonner aux pratiques d\u00e9shonorantes telles que la mendicit\u00e9 etc\u2026 Nous devons prendre conscience de la n\u00e9cessit\u00e9 de constituer une communaut\u00e9 forte et unie, nous devons constituer un corps social qui assume son identit\u00e9, l\u2019handicap ne doit plus \u00eatre per\u00e7u comme une tare marginalisante mais comme une diff\u00e9rence enrichissante\u201d a conclu.Waldys Bethyno Moubanbengha, Pr\u00e9sident de Bagniamessebe.<\/p>\n<p>Un appel qui portera certainement des fruits.<\/p>\n<p><strong>Rufin Martial Oke Nze<\/strong><\/p>\n","protected":false},"excerpt":{"rendered":"<p>La communaut\u00e9 internationale vient de comm\u00e9morer la journ\u00e9e destin\u00e9e aux personnes handicap\u00e9es. Un \u00e9v\u00e8nement qui n\u2019est pas pass\u00e9 sous silence au Gabon. Occasion pour les repr\u00e9sentants de cette cat\u00e9gorie sociale d\u2019attirer l\u2019attention des plus hautes autorit\u00e9s de la r\u00e9publique sur leurs conditions de vie jug\u00e9es pr\u00e9caires. \u201cDepuis bient\u00f4t un an et demi que je ne [&hellip;]<\/p>\n","protected":false},"author":7,"featured_media":3647,"comment_status":"open","ping_status":"open","sticky":false,"template":"","format":"standard","meta":{"footnotes":""},"categories":[55,56],"tags":[],"class_list":["post-3643","post","type-post","status-publish","format-standard","has-post-thumbnail","hentry","category-actualites","category-societe"],"yoast_head":"<!-- This site is optimized with the Yoast SEO plugin v24.2 - https:\/\/yoast.com\/wordpress\/plugins\/seo\/ -->\n<title>Les personnes handicap\u00e9es du Gabon interpellent les autorit\u00e9s de la Transition - Gabon Nouvelle Vision<\/title>\n<meta name=\"robots\" content=\"index, follow, max-snippet:-1, max-image-preview:large, max-video-preview:-1\" \/>\n<link rel=\"canonical\" href=\"https:\/\/gabonnouvellevision.com\/gnv\/2024\/12\/05\/les-personnes-handicapees-du-gabon-interpellent-les-autorites-de-la-transition\/\" \/>\n<meta property=\"og:locale\" content=\"fr_FR\" \/>\n<meta property=\"og:type\" content=\"article\" \/>\n<meta property=\"og:title\" content=\"Les personnes handicap\u00e9es du Gabon interpellent les autorit\u00e9s de la Transition - Gabon Nouvelle Vision\" \/>\n<meta property=\"og:description\" content=\"La communaut\u00e9 internationale vient de comm\u00e9morer la journ\u00e9e destin\u00e9e aux personnes handicap\u00e9es. Un \u00e9v\u00e8nement qui n\u2019est pas pass\u00e9 sous silence au Gabon. Occasion pour les repr\u00e9sentants de cette cat\u00e9gorie sociale d\u2019attirer l\u2019attention des plus hautes autorit\u00e9s de la r\u00e9publique sur leurs conditions de vie jug\u00e9es pr\u00e9caires. \u201cDepuis bient\u00f4t un an et demi que je ne [&hellip;]\" \/>\n<meta property=\"og:url\" content=\"https:\/\/gabonnouvellevision.com\/gnv\/2024\/12\/05\/les-personnes-handicapees-du-gabon-interpellent-les-autorites-de-la-transition\/\" \/>\n<meta property=\"og:site_name\" content=\"Gabon Nouvelle Vision\" \/>\n<meta property=\"article:publisher\" content=\"https:\/\/www.facebook.com\/GNVofficiel\" \/>\n<meta property=\"article:published_time\" content=\"2024-12-05T11:21:35+00:00\" \/>\n<meta property=\"og:image\" content=\"https:\/\/gabonnouvellevision.com\/gnv\/wp-content\/uploads\/2024\/12\/408269666_24653354840922338_5654857189259480734_n.jpg\" \/>\n\t<meta property=\"og:image:width\" content=\"453\" \/>\n\t<meta property=\"og:image:height\" content=\"740\" \/>\n\t<meta property=\"og:image:type\" content=\"image\/jpeg\" \/>\n<meta name=\"author\" content=\"Eyeng Obame\" \/>\n<meta name=\"twitter:card\" content=\"summary_large_image\" \/>\n<meta name=\"twitter:label1\" content=\"\u00c9crit par\" \/>\n\t<meta name=\"twitter:data1\" content=\"Eyeng Obame\" \/>\n\t<meta name=\"twitter:label2\" content=\"Dur\u00e9e de lecture estim\u00e9e\" \/>\n\t<meta name=\"twitter:data2\" content=\"3 minutes\" \/>\n<script type=\"application\/ld+json\" class=\"yoast-schema-graph\">{\"@context\":\"https:\/\/schema.org\",\"@graph\":[{\"@type\":\"Article\",\"@id\":\"https:\/\/gabonnouvellevision.com\/gnv\/2024\/12\/05\/les-personnes-handicapees-du-gabon-interpellent-les-autorites-de-la-transition\/#article\",\"isPartOf\":{\"@id\":\"https:\/\/gabonnouvellevision.com\/gnv\/2024\/12\/05\/les-personnes-handicapees-du-gabon-interpellent-les-autorites-de-la-transition\/\"},\"author\":{\"name\":\"Eyeng Obame\",\"@id\":\"https:\/\/gabonnouvellevision.com\/gnv\/#\/schema\/person\/4b48e07d222f83c0285affc3704bc899\"},\"headline\":\"Les personnes handicap\u00e9es du Gabon interpellent les autorit\u00e9s de la Transition\",\"datePublished\":\"2024-12-05T11:21:35+00:00\",\"dateModified\":\"2024-12-05T11:21:35+00:00\",\"mainEntityOfPage\":{\"@id\":\"https:\/\/gabonnouvellevision.com\/gnv\/2024\/12\/05\/les-personnes-handicapees-du-gabon-interpellent-les-autorites-de-la-transition\/\"},\"wordCount\":591,\"commentCount\":0,\"publisher\":{\"@id\":\"https:\/\/gabonnouvellevision.com\/gnv\/#organization\"},\"image\":{\"@id\":\"https:\/\/gabonnouvellevision.com\/gnv\/2024\/12\/05\/les-personnes-handicapees-du-gabon-interpellent-les-autorites-de-la-transition\/#primaryimage\"},\"thumbnailUrl\":\"https:\/\/gabonnouvellevision.com\/gnv\/wp-content\/uploads\/2024\/12\/408269666_24653354840922338_5654857189259480734_n.jpg\",\"articleSection\":[\"Actualites\",\"Societe\"],\"inLanguage\":\"fr-FR\",\"potentialAction\":[{\"@type\":\"CommentAction\",\"name\":\"Comment\",\"target\":[\"https:\/\/gabonnouvellevision.com\/gnv\/2024\/12\/05\/les-personnes-handicapees-du-gabon-interpellent-les-autorites-de-la-transition\/#respond\"]}]},{\"@type\":\"WebPage\",\"@id\":\"https:\/\/gabonnouvellevision.com\/gnv\/2024\/12\/05\/les-personnes-handicapees-du-gabon-interpellent-les-autorites-de-la-transition\/\",\"url\":\"https:\/\/gabonnouvellevision.com\/gnv\/2024\/12\/05\/les-personnes-handicapees-du-gabon-interpellent-les-autorites-de-la-transition\/\",\"name\":\"Les personnes handicap\u00e9es du Gabon interpellent les autorit\u00e9s de la Transition - Gabon Nouvelle Vision\",\"isPartOf\":{\"@id\":\"https:\/\/gabonnouvellevision.com\/gnv\/#website\"},\"primaryImageOfPage\":{\"@id\":\"https:\/\/gabonnouvellevision.com\/gnv\/2024\/12\/05\/les-personnes-handicapees-du-gabon-interpellent-les-autorites-de-la-transition\/#primaryimage\"},\"image\":{\"@id\":\"https:\/\/gabonnouvellevision.com\/gnv\/2024\/12\/05\/les-personnes-handicapees-du-gabon-interpellent-les-autorites-de-la-transition\/#primaryimage\"},\"thumbnailUrl\":\"https:\/\/gabonnouvellevision.com\/gnv\/wp-content\/uploads\/2024\/12\/408269666_24653354840922338_5654857189259480734_n.jpg\",\"datePublished\":\"2024-12-05T11:21:35+00:00\",\"dateModified\":\"2024-12-05T11:21:35+00:00\",\"breadcrumb\":{\"@id\":\"https:\/\/gabonnouvellevision.com\/gnv\/2024\/12\/05\/les-personnes-handicapees-du-gabon-interpellent-les-autorites-de-la-transition\/#breadcrumb\"},\"inLanguage\":\"fr-FR\",\"potentialAction\":[{\"@type\":\"ReadAction\",\"target\":[\"https:\/\/gabonnouvellevision.com\/gnv\/2024\/12\/05\/les-personnes-handicapees-du-gabon-interpellent-les-autorites-de-la-transition\/\"]}]},{\"@type\":\"ImageObject\",\"inLanguage\":\"fr-FR\",\"@id\":\"https:\/\/gabonnouvellevision.com\/gnv\/2024\/12\/05\/les-personnes-handicapees-du-gabon-interpellent-les-autorites-de-la-transition\/#primaryimage\",\"url\":\"https:\/\/gabonnouvellevision.com\/gnv\/wp-content\/uploads\/2024\/12\/408269666_24653354840922338_5654857189259480734_n.jpg\",\"contentUrl\":\"https:\/\/gabonnouvellevision.com\/gnv\/wp-content\/uploads\/2024\/12\/408269666_24653354840922338_5654857189259480734_n.jpg\",\"width\":453,\"height\":740},{\"@type\":\"BreadcrumbList\",\"@id\":\"https:\/\/gabonnouvellevision.com\/gnv\/2024\/12\/05\/les-personnes-handicapees-du-gabon-interpellent-les-autorites-de-la-transition\/#breadcrumb\",\"itemListElement\":[{\"@type\":\"ListItem\",\"position\":1,\"name\":\"Accueil\",\"item\":\"https:\/\/gabonnouvellevision.com\/gnv\/\"},{\"@type\":\"ListItem\",\"position\":2,\"name\":\"Les personnes handicap\u00e9es du Gabon interpellent les autorit\u00e9s de la Transition\"}]},{\"@type\":\"WebSite\",\"@id\":\"https:\/\/gabonnouvellevision.com\/gnv\/#website\",\"url\":\"https:\/\/gabonnouvellevision.com\/gnv\/\",\"name\":\"Gabon Nouvelle Vision\",\"description\":\"\",\"publisher\":{\"@id\":\"https:\/\/gabonnouvellevision.com\/gnv\/#organization\"},\"potentialAction\":[{\"@type\":\"SearchAction\",\"target\":{\"@type\":\"EntryPoint\",\"urlTemplate\":\"https:\/\/gabonnouvellevision.com\/gnv\/?s={search_term_string}\"},\"query-input\":{\"@type\":\"PropertyValueSpecification\",\"valueRequired\":true,\"valueName\":\"search_term_string\"}}],\"inLanguage\":\"fr-FR\"},{\"@type\":\"Organization\",\"@id\":\"https:\/\/gabonnouvellevision.com\/gnv\/#organization\",\"name\":\"Gabon Nouvelle Vision\",\"url\":\"https:\/\/gabonnouvellevision.com\/gnv\/\",\"logo\":{\"@type\":\"ImageObject\",\"inLanguage\":\"fr-FR\",\"@id\":\"https:\/\/gabonnouvellevision.com\/gnv\/#\/schema\/logo\/image\/\",\"url\":\"https:\/\/gabonnouvellevision.com\/gnv\/wp-content\/uploads\/2025\/01\/logo-text_Plan-de-travail-1.png\",\"contentUrl\":\"https:\/\/gabonnouvellevision.com\/gnv\/wp-content\/uploads\/2025\/01\/logo-text_Plan-de-travail-1.png\",\"width\":7169,\"height\":2390,\"caption\":\"Gabon Nouvelle Vision\"},\"image\":{\"@id\":\"https:\/\/gabonnouvellevision.com\/gnv\/#\/schema\/logo\/image\/\"},\"sameAs\":[\"https:\/\/www.facebook.com\/GNVofficiel\"]},{\"@type\":\"Person\",\"@id\":\"https:\/\/gabonnouvellevision.com\/gnv\/#\/schema\/person\/4b48e07d222f83c0285affc3704bc899\",\"name\":\"Eyeng Obame\",\"image\":{\"@type\":\"ImageObject\",\"inLanguage\":\"fr-FR\",\"@id\":\"https:\/\/gabonnouvellevision.com\/gnv\/#\/schema\/person\/image\/\",\"url\":\"https:\/\/secure.gravatar.com\/avatar\/167bc03b8baf3c77318a47159f80871de6f5a6cbf4bc8b6af750fbc1a369d7bf?s=96&d=mm&r=g\",\"contentUrl\":\"https:\/\/secure.gravatar.com\/avatar\/167bc03b8baf3c77318a47159f80871de6f5a6cbf4bc8b6af750fbc1a369d7bf?s=96&d=mm&r=g\",\"caption\":\"Eyeng Obame\"},\"url\":\"https:\/\/gabonnouvellevision.com\/gnv\/author\/rufin\/\"}]}<\/script>\n<!-- \/ Yoast SEO plugin. -->","yoast_head_json":{"title":"Les personnes handicap\u00e9es du Gabon interpellent les autorit\u00e9s de la Transition - Gabon Nouvelle Vision","robots":{"index":"index","follow":"follow","max-snippet":"max-snippet:-1","max-image-preview":"max-image-preview:large","max-video-preview":"max-video-preview:-1"},"canonical":"https:\/\/gabonnouvellevision.com\/gnv\/2024\/12\/05\/les-personnes-handicapees-du-gabon-interpellent-les-autorites-de-la-transition\/","og_locale":"fr_FR","og_type":"article","og_title":"Les personnes handicap\u00e9es du Gabon interpellent les autorit\u00e9s de la Transition - Gabon Nouvelle Vision","og_description":"La communaut\u00e9 internationale vient de comm\u00e9morer la journ\u00e9e destin\u00e9e aux personnes handicap\u00e9es. Un \u00e9v\u00e8nement qui n\u2019est pas pass\u00e9 sous silence au Gabon. Occasion pour les repr\u00e9sentants de cette cat\u00e9gorie sociale d\u2019attirer l\u2019attention des plus hautes autorit\u00e9s de la r\u00e9publique sur leurs conditions de vie jug\u00e9es pr\u00e9caires. \u201cDepuis bient\u00f4t un an et demi que je ne [&hellip;]","og_url":"https:\/\/gabonnouvellevision.com\/gnv\/2024\/12\/05\/les-personnes-handicapees-du-gabon-interpellent-les-autorites-de-la-transition\/","og_site_name":"Gabon Nouvelle Vision","article_publisher":"https:\/\/www.facebook.com\/GNVofficiel","article_published_time":"2024-12-05T11:21:35+00:00","og_image":[{"width":453,"height":740,"url":"https:\/\/gabonnouvellevision.com\/gnv\/wp-content\/uploads\/2024\/12\/408269666_24653354840922338_5654857189259480734_n.jpg","type":"image\/jpeg"}],"author":"Eyeng Obame","twitter_card":"summary_large_image","twitter_misc":{"\u00c9crit par":"Eyeng Obame","Dur\u00e9e de lecture estim\u00e9e":"3 minutes"},"schema":{"@context":"https:\/\/schema.org","@graph":[{"@type":"Article","@id":"https:\/\/gabonnouvellevision.com\/gnv\/2024\/12\/05\/les-personnes-handicapees-du-gabon-interpellent-les-autorites-de-la-transition\/#article","isPartOf":{"@id":"https:\/\/gabonnouvellevision.com\/gnv\/2024\/12\/05\/les-personnes-handicapees-du-gabon-interpellent-les-autorites-de-la-transition\/"},"author":{"name":"Eyeng Obame","@id":"https:\/\/gabonnouvellevision.com\/gnv\/#\/schema\/person\/4b48e07d222f83c0285affc3704bc899"},"headline":"Les personnes handicap\u00e9es du Gabon interpellent les autorit\u00e9s de la Transition","datePublished":"2024-12-05T11:21:35+00:00","dateModified":"2024-12-05T11:21:35+00:00","mainEntityOfPage":{"@id":"https:\/\/gabonnouvellevision.com\/gnv\/2024\/12\/05\/les-personnes-handicapees-du-gabon-interpellent-les-autorites-de-la-transition\/"},"wordCount":591,"commentCount":0,"publisher":{"@id":"https:\/\/gabonnouvellevision.com\/gnv\/#organization"},"image":{"@id":"https:\/\/gabonnouvellevision.com\/gnv\/2024\/12\/05\/les-personnes-handicapees-du-gabon-interpellent-les-autorites-de-la-transition\/#primaryimage"},"thumbnailUrl":"https:\/\/gabonnouvellevision.com\/gnv\/wp-content\/uploads\/2024\/12\/408269666_24653354840922338_5654857189259480734_n.jpg","articleSection":["Actualites","Societe"],"inLanguage":"fr-FR","potentialAction":[{"@type":"CommentAction","name":"Comment","target":["https:\/\/gabonnouvellevision.com\/gnv\/2024\/12\/05\/les-personnes-handicapees-du-gabon-interpellent-les-autorites-de-la-transition\/#respond"]}]},{"@type":"WebPage","@id":"https:\/\/gabonnouvellevision.com\/gnv\/2024\/12\/05\/les-personnes-handicapees-du-gabon-interpellent-les-autorites-de-la-transition\/","url":"https:\/\/gabonnouvellevision.com\/gnv\/2024\/12\/05\/les-personnes-handicapees-du-gabon-interpellent-les-autorites-de-la-transition\/","name":"Les personnes handicap\u00e9es du Gabon interpellent les autorit\u00e9s de la Transition - Gabon Nouvelle Vision","isPartOf":{"@id":"https:\/\/gabonnouvellevision.com\/gnv\/#website"},"primaryImageOfPage":{"@id":"https:\/\/gabonnouvellevision.com\/gnv\/2024\/12\/05\/les-personnes-handicapees-du-gabon-interpellent-les-autorites-de-la-transition\/#primaryimage"},"image":{"@id":"https:\/\/gabonnouvellevision.com\/gnv\/2024\/12\/05\/les-personnes-handicapees-du-gabon-interpellent-les-autorites-de-la-transition\/#primaryimage"},"thumbnailUrl":"https:\/\/gabonnouvellevision.com\/gnv\/wp-content\/uploads\/2024\/12\/408269666_24653354840922338_5654857189259480734_n.jpg","datePublished":"2024-12-05T11:21:35+00:00","dateModified":"2024-12-05T11:21:35+00:00","breadcrumb":{"@id":"https:\/\/gabonnouvellevision.com\/gnv\/2024\/12\/05\/les-personnes-handicapees-du-gabon-interpellent-les-autorites-de-la-transition\/#breadcrumb"},"inLanguage":"fr-FR","potentialAction":[{"@type":"ReadAction","target":["https:\/\/gabonnouvellevision.com\/gnv\/2024\/12\/05\/les-personnes-handicapees-du-gabon-interpellent-les-autorites-de-la-transition\/"]}]},{"@type":"ImageObject","inLanguage":"fr-FR","@id":"https:\/\/gabonnouvellevision.com\/gnv\/2024\/12\/05\/les-personnes-handicapees-du-gabon-interpellent-les-autorites-de-la-transition\/#primaryimage","url":"https:\/\/gabonnouvellevision.com\/gnv\/wp-content\/uploads\/2024\/12\/408269666_24653354840922338_5654857189259480734_n.jpg","contentUrl":"https:\/\/gabonnouvellevision.com\/gnv\/wp-content\/uploads\/2024\/12\/408269666_24653354840922338_5654857189259480734_n.jpg","width":453,"height":740},{"@type":"BreadcrumbList","@id":"https:\/\/gabonnouvellevision.com\/gnv\/2024\/12\/05\/les-personnes-handicapees-du-gabon-interpellent-les-autorites-de-la-transition\/#breadcrumb","itemListElement":[{"@type":"ListItem","position":1,"name":"Accueil","item":"https:\/\/gabonnouvellevision.com\/gnv\/"},{"@type":"ListItem","position":2,"name":"Les personnes handicap\u00e9es du Gabon interpellent les autorit\u00e9s de la Transition"}]},{"@type":"WebSite","@id":"https:\/\/gabonnouvellevision.com\/gnv\/#website","url":"https:\/\/gabonnouvellevision.com\/gnv\/","name":"Gabon Nouvelle Vision","description":"","publisher":{"@id":"https:\/\/gabonnouvellevision.com\/gnv\/#organization"},"potentialAction":[{"@type":"SearchAction","target":{"@type":"EntryPoint","urlTemplate":"https:\/\/gabonnouvellevision.com\/gnv\/?s={search_term_string}"},"query-input":{"@type":"PropertyValueSpecification","valueRequired":true,"valueName":"search_term_string"}}],"inLanguage":"fr-FR"},{"@type":"Organization","@id":"https:\/\/gabonnouvellevision.com\/gnv\/#organization","name":"Gabon Nouvelle Vision","url":"https:\/\/gabonnouvellevision.com\/gnv\/","logo":{"@type":"ImageObject","inLanguage":"fr-FR","@id":"https:\/\/gabonnouvellevision.com\/gnv\/#\/schema\/logo\/image\/","url":"https:\/\/gabonnouvellevision.com\/gnv\/wp-content\/uploads\/2025\/01\/logo-text_Plan-de-travail-1.png","contentUrl":"https:\/\/gabonnouvellevision.com\/gnv\/wp-content\/uploads\/2025\/01\/logo-text_Plan-de-travail-1.png","width":7169,"height":2390,"caption":"Gabon Nouvelle Vision"},"image":{"@id":"https:\/\/gabonnouvellevision.com\/gnv\/#\/schema\/logo\/image\/"},"sameAs":["https:\/\/www.facebook.com\/GNVofficiel"]},{"@type":"Person","@id":"https:\/\/gabonnouvellevision.com\/gnv\/#\/schema\/person\/4b48e07d222f83c0285affc3704bc899","name":"Eyeng Obame","image":{"@type":"ImageObject","inLanguage":"fr-FR","@id":"https:\/\/gabonnouvellevision.com\/gnv\/#\/schema\/person\/image\/","url":"https:\/\/secure.gravatar.com\/avatar\/167bc03b8baf3c77318a47159f80871de6f5a6cbf4bc8b6af750fbc1a369d7bf?s=96&d=mm&r=g","contentUrl":"https:\/\/secure.gravatar.com\/avatar\/167bc03b8baf3c77318a47159f80871de6f5a6cbf4bc8b6af750fbc1a369d7bf?s=96&d=mm&r=g","caption":"Eyeng Obame"},"url":"https:\/\/gabonnouvellevision.com\/gnv\/author\/rufin\/"}]}},"_links":{"self":[{"href":"https:\/\/gabonnouvellevision.com\/gnv\/wp-json\/wp\/v2\/posts\/3643","targetHints":{"allow":["GET"]}}],"collection":[{"href":"https:\/\/gabonnouvellevision.com\/gnv\/wp-json\/wp\/v2\/posts"}],"about":[{"href":"https:\/\/gabonnouvellevision.com\/gnv\/wp-json\/wp\/v2\/types\/post"}],"author":[{"embeddable":true,"href":"https:\/\/gabonnouvellevision.com\/gnv\/wp-json\/wp\/v2\/users\/7"}],"replies":[{"embeddable":true,"href":"https:\/\/gabonnouvellevision.com\/gnv\/wp-json\/wp\/v2\/comments?post=3643"}],"version-history":[{"count":0,"href":"https:\/\/gabonnouvellevision.com\/gnv\/wp-json\/wp\/v2\/posts\/3643\/revisions"}],"wp:featuredmedia":[{"embeddable":true,"href":"https:\/\/gabonnouvellevision.com\/gnv\/wp-json\/wp\/v2\/media\/3647"}],"wp:attachment":[{"href":"https:\/\/gabonnouvellevision.com\/gnv\/wp-json\/wp\/v2\/media?parent=3643"}],"wp:term":[{"taxonomy":"category","embeddable":true,"href":"https:\/\/gabonnouvellevision.com\/gnv\/wp-json\/wp\/v2\/categories?post=3643"},{"taxonomy":"post_tag","embeddable":true,"href":"https:\/\/gabonnouvellevision.com\/gnv\/wp-json\/wp\/v2\/tags?post=3643"}],"curies":[{"name":"wp","href":"https:\/\/api.w.org\/{rel}","templated":true}]}}