{"id":3633,"date":"2024-12-03T09:05:52","date_gmt":"2024-12-03T08:05:52","guid":{"rendered":"https:\/\/gabonnouvellevision.com\/gnv\/?p=3633"},"modified":"2024-12-03T09:05:52","modified_gmt":"2024-12-03T08:05:52","slug":"conference-de-presse-de-lunoca-cet-apres-midi-a-libreville","status":"publish","type":"post","link":"https:\/\/gabonnouvellevision.com\/gnv\/2024\/12\/03\/conference-de-presse-de-lunoca-cet-apres-midi-a-libreville\/","title":{"rendered":"Conf\u00e9rence de Presse de l&rsquo;UNOCA cet apr\u00e8s-midi \u00e0 Libreville"},"content":{"rendered":"<p><em><strong>Le Repr\u00e9sentant sp\u00e9cial du Secr\u00e9taire G\u00e9n\u00e9ral des Nations Unies et Chef du Bureau R\u00e9gional des Nations Unies pour l\u2019Afrique Centrale ( UNOCA), Abdou Abarry, anime une conf\u00e9rence de presse cet apr\u00e8s-midi \u00e0 son si\u00e8ge de Libreville, pour dresser le bilan des activit\u00e9s men\u00e9es ces derniers mois, et r\u00e9pondre aux questions des hommes et femmes de m\u00e9dias sur la mise en \u0153uvre du mandat de l\u2019UNOCA qui vient d\u2019\u00eatre renouvel\u00e9 pour trois ans<\/strong><\/em><strong>.<\/strong><\/p>\n<p>Cette conf\u00e9rence de presse de l\u2019UNOCA se tient au lendemain de la 58\u00e8me session minist\u00e9rielle du comit\u00e9 consultatif permanent de l\u2019ONU charg\u00e9 des questions de s\u00e9curit\u00e9 en Afrique Centrale (UNSAC),\u00a0 du 25 au 29 novembre 2024 \u00e0 Bangui en Centrafrique, dont l\u2019UNOCA assure le Secr\u00e9tariat, indique le communiqu\u00e9 de presse de l\u2019institution sous r\u00e9gionale Onusienne. Avant de rench\u00e9rir que cette rencontre avec les journalistes\u00a0 intervient \u00e9galement \u00e0 quelques jours seulement de la pr\u00e9sentation (mi-d\u00e9cembre) du 27\u00e8me rapport du Secr\u00e9taire G\u00e9n\u00e9ral des Nations Unies au Conseil de S\u00e9curit\u00e9 sur la situation en Afrique Centrale.<\/p>\n<p>Mais aussi, de la tenue \u00a0du forum r\u00e9gional sur les enjeux humanitaires pr\u00e9vue du 5 au 6 d\u00e9cembre \u00e0 Malabo en Guin\u00e9e \u00e9quatoriale.<\/p>\n<p><strong>Rufin Martial Oke Nze<\/strong><\/p>\n<p>&nbsp;<\/p>\n","protected":false},"excerpt":{"rendered":"<p>Le Repr\u00e9sentant sp\u00e9cial du Secr\u00e9taire G\u00e9n\u00e9ral des Nations Unies et Chef du Bureau R\u00e9gional des Nations Unies pour l\u2019Afrique Centrale ( UNOCA), Abdou Abarry, anime une conf\u00e9rence de presse cet apr\u00e8s-midi \u00e0 son si\u00e8ge de Libreville, pour dresser le bilan des activit\u00e9s men\u00e9es ces derniers mois, et r\u00e9pondre aux questions des hommes et femmes de [&hellip;]<\/p>\n","protected":false},"author":7,"featured_media":3634,"comment_status":"open","ping_status":"open","sticky":false,"template":"","format":"standard","meta":{"footnotes":""},"categories":[57,55,66],"tags":[],"class_list":["post-3633","post","type-post","status-publish","format-standard","has-post-thumbnail","hentry","category-a-la-une","category-actualites","category-diplomatie"],"yoast_head":"<!-- This site is optimized with the Yoast SEO plugin v24.2 - https:\/\/yoast.com\/wordpress\/plugins\/seo\/ -->\n<title>Conf\u00e9rence de Presse de l&#039;UNOCA cet apr\u00e8s-midi \u00e0 Libreville - Gabon Nouvelle Vision<\/title>\n<meta name=\"robots\" content=\"index, follow, max-snippet:-1, max-image-preview:large, max-video-preview:-1\" \/>\n<link rel=\"canonical\" href=\"https:\/\/gabonnouvellevision.com\/gnv\/2024\/12\/03\/conference-de-presse-de-lunoca-cet-apres-midi-a-libreville\/\" \/>\n<meta property=\"og:locale\" content=\"fr_FR\" \/>\n<meta property=\"og:type\" content=\"article\" \/>\n<meta property=\"og:title\" content=\"Conf\u00e9rence de Presse de l&#039;UNOCA cet apr\u00e8s-midi \u00e0 Libreville - Gabon Nouvelle Vision\" \/>\n<meta property=\"og:description\" content=\"Le Repr\u00e9sentant sp\u00e9cial du Secr\u00e9taire G\u00e9n\u00e9ral des Nations Unies et Chef du Bureau R\u00e9gional des Nations Unies pour l\u2019Afrique Centrale ( UNOCA), Abdou Abarry, anime une conf\u00e9rence de presse cet apr\u00e8s-midi \u00e0 son si\u00e8ge de Libreville, pour dresser le bilan des activit\u00e9s men\u00e9es ces derniers mois, et r\u00e9pondre aux questions des hommes et femmes de [&hellip;]\" \/>\n<meta property=\"og:url\" content=\"https:\/\/gabonnouvellevision.com\/gnv\/2024\/12\/03\/conference-de-presse-de-lunoca-cet-apres-midi-a-libreville\/\" \/>\n<meta property=\"og:site_name\" content=\"Gabon Nouvelle Vision\" \/>\n<meta property=\"article:publisher\" content=\"https:\/\/www.facebook.com\/GNVofficiel\" \/>\n<meta property=\"article:published_time\" content=\"2024-12-03T08:05:52+00:00\" \/>\n<meta property=\"og:image\" content=\"https:\/\/gabonnouvellevision.com\/gnv\/wp-content\/uploads\/2024\/12\/468103177_585944323958632_2636613162115376912_n.jpg\" \/>\n\t<meta property=\"og:image:width\" content=\"2048\" \/>\n\t<meta property=\"og:image:height\" content=\"1150\" \/>\n\t<meta property=\"og:image:type\" content=\"image\/jpeg\" \/>\n<meta name=\"author\" content=\"Eyeng Obame\" \/>\n<meta name=\"twitter:card\" content=\"summary_large_image\" \/>\n<meta name=\"twitter:label1\" content=\"\u00c9crit par\" \/>\n\t<meta name=\"twitter:data1\" content=\"Eyeng Obame\" \/>\n\t<meta name=\"twitter:label2\" content=\"Dur\u00e9e de lecture estim\u00e9e\" \/>\n\t<meta name=\"twitter:data2\" content=\"1 minute\" \/>\n<script type=\"application\/ld+json\" class=\"yoast-schema-graph\">{\"@context\":\"https:\/\/schema.org\",\"@graph\":[{\"@type\":\"Article\",\"@id\":\"https:\/\/gabonnouvellevision.com\/gnv\/2024\/12\/03\/conference-de-presse-de-lunoca-cet-apres-midi-a-libreville\/#article\",\"isPartOf\":{\"@id\":\"https:\/\/gabonnouvellevision.com\/gnv\/2024\/12\/03\/conference-de-presse-de-lunoca-cet-apres-midi-a-libreville\/\"},\"author\":{\"name\":\"Eyeng Obame\",\"@id\":\"https:\/\/gabonnouvellevision.com\/gnv\/#\/schema\/person\/4b48e07d222f83c0285affc3704bc899\"},\"headline\":\"Conf\u00e9rence de Presse de l&rsquo;UNOCA cet apr\u00e8s-midi \u00e0 Libreville\",\"datePublished\":\"2024-12-03T08:05:52+00:00\",\"dateModified\":\"2024-12-03T08:05:52+00:00\",\"mainEntityOfPage\":{\"@id\":\"https:\/\/gabonnouvellevision.com\/gnv\/2024\/12\/03\/conference-de-presse-de-lunoca-cet-apres-midi-a-libreville\/\"},\"wordCount\":229,\"commentCount\":0,\"publisher\":{\"@id\":\"https:\/\/gabonnouvellevision.com\/gnv\/#organization\"},\"image\":{\"@id\":\"https:\/\/gabonnouvellevision.com\/gnv\/2024\/12\/03\/conference-de-presse-de-lunoca-cet-apres-midi-a-libreville\/#primaryimage\"},\"thumbnailUrl\":\"https:\/\/gabonnouvellevision.com\/gnv\/wp-content\/uploads\/2024\/12\/468103177_585944323958632_2636613162115376912_n.jpg\",\"articleSection\":[\"A la une\",\"Actualites\",\"Diplomatie\"],\"inLanguage\":\"fr-FR\",\"potentialAction\":[{\"@type\":\"CommentAction\",\"name\":\"Comment\",\"target\":[\"https:\/\/gabonnouvellevision.com\/gnv\/2024\/12\/03\/conference-de-presse-de-lunoca-cet-apres-midi-a-libreville\/#respond\"]}]},{\"@type\":\"WebPage\",\"@id\":\"https:\/\/gabonnouvellevision.com\/gnv\/2024\/12\/03\/conference-de-presse-de-lunoca-cet-apres-midi-a-libreville\/\",\"url\":\"https:\/\/gabonnouvellevision.com\/gnv\/2024\/12\/03\/conference-de-presse-de-lunoca-cet-apres-midi-a-libreville\/\",\"name\":\"Conf\u00e9rence de Presse de l'UNOCA cet apr\u00e8s-midi \u00e0 Libreville - Gabon Nouvelle Vision\",\"isPartOf\":{\"@id\":\"https:\/\/gabonnouvellevision.com\/gnv\/#website\"},\"primaryImageOfPage\":{\"@id\":\"https:\/\/gabonnouvellevision.com\/gnv\/2024\/12\/03\/conference-de-presse-de-lunoca-cet-apres-midi-a-libreville\/#primaryimage\"},\"image\":{\"@id\":\"https:\/\/gabonnouvellevision.com\/gnv\/2024\/12\/03\/conference-de-presse-de-lunoca-cet-apres-midi-a-libreville\/#primaryimage\"},\"thumbnailUrl\":\"https:\/\/gabonnouvellevision.com\/gnv\/wp-content\/uploads\/2024\/12\/468103177_585944323958632_2636613162115376912_n.jpg\",\"datePublished\":\"2024-12-03T08:05:52+00:00\",\"dateModified\":\"2024-12-03T08:05:52+00:00\",\"breadcrumb\":{\"@id\":\"https:\/\/gabonnouvellevision.com\/gnv\/2024\/12\/03\/conference-de-presse-de-lunoca-cet-apres-midi-a-libreville\/#breadcrumb\"},\"inLanguage\":\"fr-FR\",\"potentialAction\":[{\"@type\":\"ReadAction\",\"target\":[\"https:\/\/gabonnouvellevision.com\/gnv\/2024\/12\/03\/conference-de-presse-de-lunoca-cet-apres-midi-a-libreville\/\"]}]},{\"@type\":\"ImageObject\",\"inLanguage\":\"fr-FR\",\"@id\":\"https:\/\/gabonnouvellevision.com\/gnv\/2024\/12\/03\/conference-de-presse-de-lunoca-cet-apres-midi-a-libreville\/#primaryimage\",\"url\":\"https:\/\/gabonnouvellevision.com\/gnv\/wp-content\/uploads\/2024\/12\/468103177_585944323958632_2636613162115376912_n.jpg\",\"contentUrl\":\"https:\/\/gabonnouvellevision.com\/gnv\/wp-content\/uploads\/2024\/12\/468103177_585944323958632_2636613162115376912_n.jpg\",\"width\":2048,\"height\":1150},{\"@type\":\"BreadcrumbList\",\"@id\":\"https:\/\/gabonnouvellevision.com\/gnv\/2024\/12\/03\/conference-de-presse-de-lunoca-cet-apres-midi-a-libreville\/#breadcrumb\",\"itemListElement\":[{\"@type\":\"ListItem\",\"position\":1,\"name\":\"Accueil\",\"item\":\"https:\/\/gabonnouvellevision.com\/gnv\/\"},{\"@type\":\"ListItem\",\"position\":2,\"name\":\"Conf\u00e9rence de Presse de l&rsquo;UNOCA cet apr\u00e8s-midi \u00e0 Libreville\"}]},{\"@type\":\"WebSite\",\"@id\":\"https:\/\/gabonnouvellevision.com\/gnv\/#website\",\"url\":\"https:\/\/gabonnouvellevision.com\/gnv\/\",\"name\":\"Gabon Nouvelle Vision\",\"description\":\"\",\"publisher\":{\"@id\":\"https:\/\/gabonnouvellevision.com\/gnv\/#organization\"},\"potentialAction\":[{\"@type\":\"SearchAction\",\"target\":{\"@type\":\"EntryPoint\",\"urlTemplate\":\"https:\/\/gabonnouvellevision.com\/gnv\/?s={search_term_string}\"},\"query-input\":{\"@type\":\"PropertyValueSpecification\",\"valueRequired\":true,\"valueName\":\"search_term_string\"}}],\"inLanguage\":\"fr-FR\"},{\"@type\":\"Organization\",\"@id\":\"https:\/\/gabonnouvellevision.com\/gnv\/#organization\",\"name\":\"Gabon Nouvelle Vision\",\"url\":\"https:\/\/gabonnouvellevision.com\/gnv\/\",\"logo\":{\"@type\":\"ImageObject\",\"inLanguage\":\"fr-FR\",\"@id\":\"https:\/\/gabonnouvellevision.com\/gnv\/#\/schema\/logo\/image\/\",\"url\":\"https:\/\/gabonnouvellevision.com\/gnv\/wp-content\/uploads\/2025\/01\/logo-text_Plan-de-travail-1.png\",\"contentUrl\":\"https:\/\/gabonnouvellevision.com\/gnv\/wp-content\/uploads\/2025\/01\/logo-text_Plan-de-travail-1.png\",\"width\":7169,\"height\":2390,\"caption\":\"Gabon Nouvelle Vision\"},\"image\":{\"@id\":\"https:\/\/gabonnouvellevision.com\/gnv\/#\/schema\/logo\/image\/\"},\"sameAs\":[\"https:\/\/www.facebook.com\/GNVofficiel\"]},{\"@type\":\"Person\",\"@id\":\"https:\/\/gabonnouvellevision.com\/gnv\/#\/schema\/person\/4b48e07d222f83c0285affc3704bc899\",\"name\":\"Eyeng Obame\",\"image\":{\"@type\":\"ImageObject\",\"inLanguage\":\"fr-FR\",\"@id\":\"https:\/\/gabonnouvellevision.com\/gnv\/#\/schema\/person\/image\/\",\"url\":\"https:\/\/secure.gravatar.com\/avatar\/167bc03b8baf3c77318a47159f80871de6f5a6cbf4bc8b6af750fbc1a369d7bf?s=96&d=mm&r=g\",\"contentUrl\":\"https:\/\/secure.gravatar.com\/avatar\/167bc03b8baf3c77318a47159f80871de6f5a6cbf4bc8b6af750fbc1a369d7bf?s=96&d=mm&r=g\",\"caption\":\"Eyeng Obame\"},\"url\":\"https:\/\/gabonnouvellevision.com\/gnv\/author\/rufin\/\"}]}<\/script>\n<!-- \/ Yoast SEO plugin. -->","yoast_head_json":{"title":"Conf\u00e9rence de Presse de l'UNOCA cet apr\u00e8s-midi \u00e0 Libreville - Gabon Nouvelle Vision","robots":{"index":"index","follow":"follow","max-snippet":"max-snippet:-1","max-image-preview":"max-image-preview:large","max-video-preview":"max-video-preview:-1"},"canonical":"https:\/\/gabonnouvellevision.com\/gnv\/2024\/12\/03\/conference-de-presse-de-lunoca-cet-apres-midi-a-libreville\/","og_locale":"fr_FR","og_type":"article","og_title":"Conf\u00e9rence de Presse de l'UNOCA cet apr\u00e8s-midi \u00e0 Libreville - Gabon Nouvelle Vision","og_description":"Le Repr\u00e9sentant sp\u00e9cial du Secr\u00e9taire G\u00e9n\u00e9ral des Nations Unies et Chef du Bureau R\u00e9gional des Nations Unies pour l\u2019Afrique Centrale ( UNOCA), Abdou Abarry, anime une conf\u00e9rence de presse cet apr\u00e8s-midi \u00e0 son si\u00e8ge de Libreville, pour dresser le bilan des activit\u00e9s men\u00e9es ces derniers mois, et r\u00e9pondre aux questions des hommes et femmes de [&hellip;]","og_url":"https:\/\/gabonnouvellevision.com\/gnv\/2024\/12\/03\/conference-de-presse-de-lunoca-cet-apres-midi-a-libreville\/","og_site_name":"Gabon Nouvelle Vision","article_publisher":"https:\/\/www.facebook.com\/GNVofficiel","article_published_time":"2024-12-03T08:05:52+00:00","og_image":[{"width":2048,"height":1150,"url":"https:\/\/gabonnouvellevision.com\/gnv\/wp-content\/uploads\/2024\/12\/468103177_585944323958632_2636613162115376912_n.jpg","type":"image\/jpeg"}],"author":"Eyeng Obame","twitter_card":"summary_large_image","twitter_misc":{"\u00c9crit par":"Eyeng Obame","Dur\u00e9e de lecture estim\u00e9e":"1 minute"},"schema":{"@context":"https:\/\/schema.org","@graph":[{"@type":"Article","@id":"https:\/\/gabonnouvellevision.com\/gnv\/2024\/12\/03\/conference-de-presse-de-lunoca-cet-apres-midi-a-libreville\/#article","isPartOf":{"@id":"https:\/\/gabonnouvellevision.com\/gnv\/2024\/12\/03\/conference-de-presse-de-lunoca-cet-apres-midi-a-libreville\/"},"author":{"name":"Eyeng Obame","@id":"https:\/\/gabonnouvellevision.com\/gnv\/#\/schema\/person\/4b48e07d222f83c0285affc3704bc899"},"headline":"Conf\u00e9rence de Presse de l&rsquo;UNOCA cet apr\u00e8s-midi \u00e0 Libreville","datePublished":"2024-12-03T08:05:52+00:00","dateModified":"2024-12-03T08:05:52+00:00","mainEntityOfPage":{"@id":"https:\/\/gabonnouvellevision.com\/gnv\/2024\/12\/03\/conference-de-presse-de-lunoca-cet-apres-midi-a-libreville\/"},"wordCount":229,"commentCount":0,"publisher":{"@id":"https:\/\/gabonnouvellevision.com\/gnv\/#organization"},"image":{"@id":"https:\/\/gabonnouvellevision.com\/gnv\/2024\/12\/03\/conference-de-presse-de-lunoca-cet-apres-midi-a-libreville\/#primaryimage"},"thumbnailUrl":"https:\/\/gabonnouvellevision.com\/gnv\/wp-content\/uploads\/2024\/12\/468103177_585944323958632_2636613162115376912_n.jpg","articleSection":["A la une","Actualites","Diplomatie"],"inLanguage":"fr-FR","potentialAction":[{"@type":"CommentAction","name":"Comment","target":["https:\/\/gabonnouvellevision.com\/gnv\/2024\/12\/03\/conference-de-presse-de-lunoca-cet-apres-midi-a-libreville\/#respond"]}]},{"@type":"WebPage","@id":"https:\/\/gabonnouvellevision.com\/gnv\/2024\/12\/03\/conference-de-presse-de-lunoca-cet-apres-midi-a-libreville\/","url":"https:\/\/gabonnouvellevision.com\/gnv\/2024\/12\/03\/conference-de-presse-de-lunoca-cet-apres-midi-a-libreville\/","name":"Conf\u00e9rence de Presse de l'UNOCA cet apr\u00e8s-midi \u00e0 Libreville - Gabon Nouvelle Vision","isPartOf":{"@id":"https:\/\/gabonnouvellevision.com\/gnv\/#website"},"primaryImageOfPage":{"@id":"https:\/\/gabonnouvellevision.com\/gnv\/2024\/12\/03\/conference-de-presse-de-lunoca-cet-apres-midi-a-libreville\/#primaryimage"},"image":{"@id":"https:\/\/gabonnouvellevision.com\/gnv\/2024\/12\/03\/conference-de-presse-de-lunoca-cet-apres-midi-a-libreville\/#primaryimage"},"thumbnailUrl":"https:\/\/gabonnouvellevision.com\/gnv\/wp-content\/uploads\/2024\/12\/468103177_585944323958632_2636613162115376912_n.jpg","datePublished":"2024-12-03T08:05:52+00:00","dateModified":"2024-12-03T08:05:52+00:00","breadcrumb":{"@id":"https:\/\/gabonnouvellevision.com\/gnv\/2024\/12\/03\/conference-de-presse-de-lunoca-cet-apres-midi-a-libreville\/#breadcrumb"},"inLanguage":"fr-FR","potentialAction":[{"@type":"ReadAction","target":["https:\/\/gabonnouvellevision.com\/gnv\/2024\/12\/03\/conference-de-presse-de-lunoca-cet-apres-midi-a-libreville\/"]}]},{"@type":"ImageObject","inLanguage":"fr-FR","@id":"https:\/\/gabonnouvellevision.com\/gnv\/2024\/12\/03\/conference-de-presse-de-lunoca-cet-apres-midi-a-libreville\/#primaryimage","url":"https:\/\/gabonnouvellevision.com\/gnv\/wp-content\/uploads\/2024\/12\/468103177_585944323958632_2636613162115376912_n.jpg","contentUrl":"https:\/\/gabonnouvellevision.com\/gnv\/wp-content\/uploads\/2024\/12\/468103177_585944323958632_2636613162115376912_n.jpg","width":2048,"height":1150},{"@type":"BreadcrumbList","@id":"https:\/\/gabonnouvellevision.com\/gnv\/2024\/12\/03\/conference-de-presse-de-lunoca-cet-apres-midi-a-libreville\/#breadcrumb","itemListElement":[{"@type":"ListItem","position":1,"name":"Accueil","item":"https:\/\/gabonnouvellevision.com\/gnv\/"},{"@type":"ListItem","position":2,"name":"Conf\u00e9rence de Presse de l&rsquo;UNOCA cet apr\u00e8s-midi \u00e0 Libreville"}]},{"@type":"WebSite","@id":"https:\/\/gabonnouvellevision.com\/gnv\/#website","url":"https:\/\/gabonnouvellevision.com\/gnv\/","name":"Gabon Nouvelle Vision","description":"","publisher":{"@id":"https:\/\/gabonnouvellevision.com\/gnv\/#organization"},"potentialAction":[{"@type":"SearchAction","target":{"@type":"EntryPoint","urlTemplate":"https:\/\/gabonnouvellevision.com\/gnv\/?s={search_term_string}"},"query-input":{"@type":"PropertyValueSpecification","valueRequired":true,"valueName":"search_term_string"}}],"inLanguage":"fr-FR"},{"@type":"Organization","@id":"https:\/\/gabonnouvellevision.com\/gnv\/#organization","name":"Gabon Nouvelle Vision","url":"https:\/\/gabonnouvellevision.com\/gnv\/","logo":{"@type":"ImageObject","inLanguage":"fr-FR","@id":"https:\/\/gabonnouvellevision.com\/gnv\/#\/schema\/logo\/image\/","url":"https:\/\/gabonnouvellevision.com\/gnv\/wp-content\/uploads\/2025\/01\/logo-text_Plan-de-travail-1.png","contentUrl":"https:\/\/gabonnouvellevision.com\/gnv\/wp-content\/uploads\/2025\/01\/logo-text_Plan-de-travail-1.png","width":7169,"height":2390,"caption":"Gabon Nouvelle Vision"},"image":{"@id":"https:\/\/gabonnouvellevision.com\/gnv\/#\/schema\/logo\/image\/"},"sameAs":["https:\/\/www.facebook.com\/GNVofficiel"]},{"@type":"Person","@id":"https:\/\/gabonnouvellevision.com\/gnv\/#\/schema\/person\/4b48e07d222f83c0285affc3704bc899","name":"Eyeng Obame","image":{"@type":"ImageObject","inLanguage":"fr-FR","@id":"https:\/\/gabonnouvellevision.com\/gnv\/#\/schema\/person\/image\/","url":"https:\/\/secure.gravatar.com\/avatar\/167bc03b8baf3c77318a47159f80871de6f5a6cbf4bc8b6af750fbc1a369d7bf?s=96&d=mm&r=g","contentUrl":"https:\/\/secure.gravatar.com\/avatar\/167bc03b8baf3c77318a47159f80871de6f5a6cbf4bc8b6af750fbc1a369d7bf?s=96&d=mm&r=g","caption":"Eyeng Obame"},"url":"https:\/\/gabonnouvellevision.com\/gnv\/author\/rufin\/"}]}},"_links":{"self":[{"href":"https:\/\/gabonnouvellevision.com\/gnv\/wp-json\/wp\/v2\/posts\/3633","targetHints":{"allow":["GET"]}}],"collection":[{"href":"https:\/\/gabonnouvellevision.com\/gnv\/wp-json\/wp\/v2\/posts"}],"about":[{"href":"https:\/\/gabonnouvellevision.com\/gnv\/wp-json\/wp\/v2\/types\/post"}],"author":[{"embeddable":true,"href":"https:\/\/gabonnouvellevision.com\/gnv\/wp-json\/wp\/v2\/users\/7"}],"replies":[{"embeddable":true,"href":"https:\/\/gabonnouvellevision.com\/gnv\/wp-json\/wp\/v2\/comments?post=3633"}],"version-history":[{"count":0,"href":"https:\/\/gabonnouvellevision.com\/gnv\/wp-json\/wp\/v2\/posts\/3633\/revisions"}],"wp:featuredmedia":[{"embeddable":true,"href":"https:\/\/gabonnouvellevision.com\/gnv\/wp-json\/wp\/v2\/media\/3634"}],"wp:attachment":[{"href":"https:\/\/gabonnouvellevision.com\/gnv\/wp-json\/wp\/v2\/media?parent=3633"}],"wp:term":[{"taxonomy":"category","embeddable":true,"href":"https:\/\/gabonnouvellevision.com\/gnv\/wp-json\/wp\/v2\/categories?post=3633"},{"taxonomy":"post_tag","embeddable":true,"href":"https:\/\/gabonnouvellevision.com\/gnv\/wp-json\/wp\/v2\/tags?post=3633"}],"curies":[{"name":"wp","href":"https:\/\/api.w.org\/{rel}","templated":true}]}}