{"id":3617,"date":"2024-11-27T09:35:20","date_gmt":"2024-11-27T08:35:20","guid":{"rendered":"https:\/\/gabonnouvellevision.com\/gnv\/?p=3617"},"modified":"2024-11-27T09:35:20","modified_gmt":"2024-11-27T08:35:20","slug":"sejour-diplomatique-fructueux-du-president-oligui-a-bruxelles-nguema-a-b","status":"publish","type":"post","link":"https:\/\/gabonnouvellevision.com\/gnv\/2024\/11\/27\/sejour-diplomatique-fructueux-du-president-oligui-a-bruxelles-nguema-a-b\/","title":{"rendered":"S\u00e9jour diplomatique fructueux du Pr\u00e9sident Oligui Nguema \u00e0 Bruxelles"},"content":{"rendered":"<p><em><strong>Le Pr\u00e9sident de la Transition, Brice Clotaire Oligui Nguema, s\u00e9journe actuellement \u00e0 Bruxelles en Belgique, pour renforcer la coop\u00e9ration bilat\u00e9rale entre le Gabon et l\u2019Union Europ\u00e9enne<\/strong><\/em><strong>.<\/strong><\/p>\n<p>Le Chef de l\u2019Ex\u00e9cutif Gabonais, Brice Clotaire Oligui Nguema, s\u00e9journ\u00e9 depuis 72 heures en Belgique. Ce dernier\u00a0a \u00e9t\u00e9 re\u00e7u avec faste \u00a0hier \u00e0 Bruxelles par le Pr\u00e9sident du Conseil Europ\u00e9en, Charles Michel. Au cours de leurs \u00e9changes, plusieurs accords de coop\u00e9ration ont \u00e9t\u00e9 sign\u00e9s pour le d\u00e9veloppement du Transgabonais, et la protection de la for\u00eat Gabonaise selon les services de la presse pr\u00e9sidentielle Gabonaise.<\/p>\n<p>Ce s\u00e9jour du Pr\u00e9sident Gabonais, Brice Clotaire Oligui Nguema, devra lui permettre d\u2019\u00e9largir son r\u00e9seau diplomatique avec les pays membres de l\u2019Union Europ\u00e9enne, plus que d\u00e9termin\u00e9s \u00e0 accompagner le Gabon dans son processus de d\u00e9veloppement.<\/p>\n<p><strong>Rufin Martial Oke Nze<\/strong><\/p>\n<p>&nbsp;<\/p>\n","protected":false},"excerpt":{"rendered":"<p>Le Pr\u00e9sident de la Transition, Brice Clotaire Oligui Nguema, s\u00e9journe actuellement \u00e0 Bruxelles en Belgique, pour renforcer la coop\u00e9ration bilat\u00e9rale entre le Gabon et l\u2019Union Europ\u00e9enne. Le Chef de l\u2019Ex\u00e9cutif Gabonais, Brice Clotaire Oligui Nguema, s\u00e9journ\u00e9 depuis 72 heures en Belgique. Ce dernier\u00a0a \u00e9t\u00e9 re\u00e7u avec faste \u00a0hier \u00e0 Bruxelles par le Pr\u00e9sident du Conseil [&hellip;]<\/p>\n","protected":false},"author":7,"featured_media":3621,"comment_status":"open","ping_status":"open","sticky":false,"template":"","format":"standard","meta":{"footnotes":""},"categories":[57,55,59],"tags":[],"class_list":["post-3617","post","type-post","status-publish","format-standard","has-post-thumbnail","hentry","category-a-la-une","category-actualites","category-politique"],"yoast_head":"<!-- This site is optimized with the Yoast SEO plugin v24.2 - https:\/\/yoast.com\/wordpress\/plugins\/seo\/ -->\n<title>S\u00e9jour diplomatique fructueux du Pr\u00e9sident Oligui Nguema \u00e0 Bruxelles - Gabon Nouvelle Vision<\/title>\n<meta name=\"robots\" content=\"index, follow, max-snippet:-1, max-image-preview:large, max-video-preview:-1\" \/>\n<link rel=\"canonical\" href=\"https:\/\/gabonnouvellevision.com\/gnv\/2024\/11\/27\/sejour-diplomatique-fructueux-du-president-oligui-a-bruxelles-nguema-a-b\/\" \/>\n<meta property=\"og:locale\" content=\"fr_FR\" \/>\n<meta property=\"og:type\" content=\"article\" \/>\n<meta property=\"og:title\" content=\"S\u00e9jour diplomatique fructueux du Pr\u00e9sident Oligui Nguema \u00e0 Bruxelles - Gabon Nouvelle Vision\" \/>\n<meta property=\"og:description\" content=\"Le Pr\u00e9sident de la Transition, Brice Clotaire Oligui Nguema, s\u00e9journe actuellement \u00e0 Bruxelles en Belgique, pour renforcer la coop\u00e9ration bilat\u00e9rale entre le Gabon et l\u2019Union Europ\u00e9enne. Le Chef de l\u2019Ex\u00e9cutif Gabonais, Brice Clotaire Oligui Nguema, s\u00e9journ\u00e9 depuis 72 heures en Belgique. Ce dernier\u00a0a \u00e9t\u00e9 re\u00e7u avec faste \u00a0hier \u00e0 Bruxelles par le Pr\u00e9sident du Conseil [&hellip;]\" \/>\n<meta property=\"og:url\" content=\"https:\/\/gabonnouvellevision.com\/gnv\/2024\/11\/27\/sejour-diplomatique-fructueux-du-president-oligui-a-bruxelles-nguema-a-b\/\" \/>\n<meta property=\"og:site_name\" content=\"Gabon Nouvelle Vision\" \/>\n<meta property=\"article:publisher\" content=\"https:\/\/www.facebook.com\/GNVofficiel\" \/>\n<meta property=\"article:published_time\" content=\"2024-11-27T08:35:20+00:00\" \/>\n<meta property=\"og:image\" content=\"https:\/\/gabonnouvellevision.com\/gnv\/wp-content\/uploads\/2024\/11\/1732645235135.webp\" \/>\n\t<meta property=\"og:image:width\" content=\"997\" \/>\n\t<meta property=\"og:image:height\" content=\"639\" \/>\n\t<meta property=\"og:image:type\" content=\"image\/webp\" \/>\n<meta name=\"author\" content=\"Eyeng Obame\" \/>\n<meta name=\"twitter:card\" content=\"summary_large_image\" \/>\n<meta name=\"twitter:label1\" content=\"\u00c9crit par\" \/>\n\t<meta name=\"twitter:data1\" content=\"Eyeng Obame\" \/>\n\t<meta name=\"twitter:label2\" content=\"Dur\u00e9e de lecture estim\u00e9e\" \/>\n\t<meta name=\"twitter:data2\" content=\"1 minute\" \/>\n<script type=\"application\/ld+json\" class=\"yoast-schema-graph\">{\"@context\":\"https:\/\/schema.org\",\"@graph\":[{\"@type\":\"Article\",\"@id\":\"https:\/\/gabonnouvellevision.com\/gnv\/2024\/11\/27\/sejour-diplomatique-fructueux-du-president-oligui-a-bruxelles-nguema-a-b\/#article\",\"isPartOf\":{\"@id\":\"https:\/\/gabonnouvellevision.com\/gnv\/2024\/11\/27\/sejour-diplomatique-fructueux-du-president-oligui-a-bruxelles-nguema-a-b\/\"},\"author\":{\"name\":\"Eyeng Obame\",\"@id\":\"https:\/\/gabonnouvellevision.com\/gnv\/#\/schema\/person\/4b48e07d222f83c0285affc3704bc899\"},\"headline\":\"S\u00e9jour diplomatique fructueux du Pr\u00e9sident Oligui Nguema \u00e0 Bruxelles\",\"datePublished\":\"2024-11-27T08:35:20+00:00\",\"dateModified\":\"2024-11-27T08:35:20+00:00\",\"mainEntityOfPage\":{\"@id\":\"https:\/\/gabonnouvellevision.com\/gnv\/2024\/11\/27\/sejour-diplomatique-fructueux-du-president-oligui-a-bruxelles-nguema-a-b\/\"},\"wordCount\":163,\"commentCount\":0,\"publisher\":{\"@id\":\"https:\/\/gabonnouvellevision.com\/gnv\/#organization\"},\"image\":{\"@id\":\"https:\/\/gabonnouvellevision.com\/gnv\/2024\/11\/27\/sejour-diplomatique-fructueux-du-president-oligui-a-bruxelles-nguema-a-b\/#primaryimage\"},\"thumbnailUrl\":\"https:\/\/gabonnouvellevision.com\/gnv\/wp-content\/uploads\/2024\/11\/1732645235135.webp\",\"articleSection\":[\"A la une\",\"Actualites\",\"Politique\"],\"inLanguage\":\"fr-FR\",\"potentialAction\":[{\"@type\":\"CommentAction\",\"name\":\"Comment\",\"target\":[\"https:\/\/gabonnouvellevision.com\/gnv\/2024\/11\/27\/sejour-diplomatique-fructueux-du-president-oligui-a-bruxelles-nguema-a-b\/#respond\"]}]},{\"@type\":\"WebPage\",\"@id\":\"https:\/\/gabonnouvellevision.com\/gnv\/2024\/11\/27\/sejour-diplomatique-fructueux-du-president-oligui-a-bruxelles-nguema-a-b\/\",\"url\":\"https:\/\/gabonnouvellevision.com\/gnv\/2024\/11\/27\/sejour-diplomatique-fructueux-du-president-oligui-a-bruxelles-nguema-a-b\/\",\"name\":\"S\u00e9jour diplomatique fructueux du Pr\u00e9sident Oligui Nguema \u00e0 Bruxelles - Gabon Nouvelle Vision\",\"isPartOf\":{\"@id\":\"https:\/\/gabonnouvellevision.com\/gnv\/#website\"},\"primaryImageOfPage\":{\"@id\":\"https:\/\/gabonnouvellevision.com\/gnv\/2024\/11\/27\/sejour-diplomatique-fructueux-du-president-oligui-a-bruxelles-nguema-a-b\/#primaryimage\"},\"image\":{\"@id\":\"https:\/\/gabonnouvellevision.com\/gnv\/2024\/11\/27\/sejour-diplomatique-fructueux-du-president-oligui-a-bruxelles-nguema-a-b\/#primaryimage\"},\"thumbnailUrl\":\"https:\/\/gabonnouvellevision.com\/gnv\/wp-content\/uploads\/2024\/11\/1732645235135.webp\",\"datePublished\":\"2024-11-27T08:35:20+00:00\",\"dateModified\":\"2024-11-27T08:35:20+00:00\",\"breadcrumb\":{\"@id\":\"https:\/\/gabonnouvellevision.com\/gnv\/2024\/11\/27\/sejour-diplomatique-fructueux-du-president-oligui-a-bruxelles-nguema-a-b\/#breadcrumb\"},\"inLanguage\":\"fr-FR\",\"potentialAction\":[{\"@type\":\"ReadAction\",\"target\":[\"https:\/\/gabonnouvellevision.com\/gnv\/2024\/11\/27\/sejour-diplomatique-fructueux-du-president-oligui-a-bruxelles-nguema-a-b\/\"]}]},{\"@type\":\"ImageObject\",\"inLanguage\":\"fr-FR\",\"@id\":\"https:\/\/gabonnouvellevision.com\/gnv\/2024\/11\/27\/sejour-diplomatique-fructueux-du-president-oligui-a-bruxelles-nguema-a-b\/#primaryimage\",\"url\":\"https:\/\/gabonnouvellevision.com\/gnv\/wp-content\/uploads\/2024\/11\/1732645235135.webp\",\"contentUrl\":\"https:\/\/gabonnouvellevision.com\/gnv\/wp-content\/uploads\/2024\/11\/1732645235135.webp\",\"width\":997,\"height\":639},{\"@type\":\"BreadcrumbList\",\"@id\":\"https:\/\/gabonnouvellevision.com\/gnv\/2024\/11\/27\/sejour-diplomatique-fructueux-du-president-oligui-a-bruxelles-nguema-a-b\/#breadcrumb\",\"itemListElement\":[{\"@type\":\"ListItem\",\"position\":1,\"name\":\"Accueil\",\"item\":\"https:\/\/gabonnouvellevision.com\/gnv\/\"},{\"@type\":\"ListItem\",\"position\":2,\"name\":\"S\u00e9jour diplomatique fructueux du Pr\u00e9sident Oligui Nguema \u00e0 Bruxelles\"}]},{\"@type\":\"WebSite\",\"@id\":\"https:\/\/gabonnouvellevision.com\/gnv\/#website\",\"url\":\"https:\/\/gabonnouvellevision.com\/gnv\/\",\"name\":\"Gabon Nouvelle Vision\",\"description\":\"\",\"publisher\":{\"@id\":\"https:\/\/gabonnouvellevision.com\/gnv\/#organization\"},\"potentialAction\":[{\"@type\":\"SearchAction\",\"target\":{\"@type\":\"EntryPoint\",\"urlTemplate\":\"https:\/\/gabonnouvellevision.com\/gnv\/?s={search_term_string}\"},\"query-input\":{\"@type\":\"PropertyValueSpecification\",\"valueRequired\":true,\"valueName\":\"search_term_string\"}}],\"inLanguage\":\"fr-FR\"},{\"@type\":\"Organization\",\"@id\":\"https:\/\/gabonnouvellevision.com\/gnv\/#organization\",\"name\":\"Gabon Nouvelle Vision\",\"url\":\"https:\/\/gabonnouvellevision.com\/gnv\/\",\"logo\":{\"@type\":\"ImageObject\",\"inLanguage\":\"fr-FR\",\"@id\":\"https:\/\/gabonnouvellevision.com\/gnv\/#\/schema\/logo\/image\/\",\"url\":\"https:\/\/gabonnouvellevision.com\/gnv\/wp-content\/uploads\/2025\/01\/logo-text_Plan-de-travail-1.png\",\"contentUrl\":\"https:\/\/gabonnouvellevision.com\/gnv\/wp-content\/uploads\/2025\/01\/logo-text_Plan-de-travail-1.png\",\"width\":7169,\"height\":2390,\"caption\":\"Gabon Nouvelle Vision\"},\"image\":{\"@id\":\"https:\/\/gabonnouvellevision.com\/gnv\/#\/schema\/logo\/image\/\"},\"sameAs\":[\"https:\/\/www.facebook.com\/GNVofficiel\"]},{\"@type\":\"Person\",\"@id\":\"https:\/\/gabonnouvellevision.com\/gnv\/#\/schema\/person\/4b48e07d222f83c0285affc3704bc899\",\"name\":\"Eyeng Obame\",\"image\":{\"@type\":\"ImageObject\",\"inLanguage\":\"fr-FR\",\"@id\":\"https:\/\/gabonnouvellevision.com\/gnv\/#\/schema\/person\/image\/\",\"url\":\"https:\/\/secure.gravatar.com\/avatar\/167bc03b8baf3c77318a47159f80871de6f5a6cbf4bc8b6af750fbc1a369d7bf?s=96&d=mm&r=g\",\"contentUrl\":\"https:\/\/secure.gravatar.com\/avatar\/167bc03b8baf3c77318a47159f80871de6f5a6cbf4bc8b6af750fbc1a369d7bf?s=96&d=mm&r=g\",\"caption\":\"Eyeng Obame\"},\"url\":\"https:\/\/gabonnouvellevision.com\/gnv\/author\/rufin\/\"}]}<\/script>\n<!-- \/ Yoast SEO plugin. -->","yoast_head_json":{"title":"S\u00e9jour diplomatique fructueux du Pr\u00e9sident Oligui Nguema \u00e0 Bruxelles - Gabon Nouvelle Vision","robots":{"index":"index","follow":"follow","max-snippet":"max-snippet:-1","max-image-preview":"max-image-preview:large","max-video-preview":"max-video-preview:-1"},"canonical":"https:\/\/gabonnouvellevision.com\/gnv\/2024\/11\/27\/sejour-diplomatique-fructueux-du-president-oligui-a-bruxelles-nguema-a-b\/","og_locale":"fr_FR","og_type":"article","og_title":"S\u00e9jour diplomatique fructueux du Pr\u00e9sident Oligui Nguema \u00e0 Bruxelles - Gabon Nouvelle Vision","og_description":"Le Pr\u00e9sident de la Transition, Brice Clotaire Oligui Nguema, s\u00e9journe actuellement \u00e0 Bruxelles en Belgique, pour renforcer la coop\u00e9ration bilat\u00e9rale entre le Gabon et l\u2019Union Europ\u00e9enne. Le Chef de l\u2019Ex\u00e9cutif Gabonais, Brice Clotaire Oligui Nguema, s\u00e9journ\u00e9 depuis 72 heures en Belgique. Ce dernier\u00a0a \u00e9t\u00e9 re\u00e7u avec faste \u00a0hier \u00e0 Bruxelles par le Pr\u00e9sident du Conseil [&hellip;]","og_url":"https:\/\/gabonnouvellevision.com\/gnv\/2024\/11\/27\/sejour-diplomatique-fructueux-du-president-oligui-a-bruxelles-nguema-a-b\/","og_site_name":"Gabon Nouvelle Vision","article_publisher":"https:\/\/www.facebook.com\/GNVofficiel","article_published_time":"2024-11-27T08:35:20+00:00","og_image":[{"width":997,"height":639,"url":"https:\/\/gabonnouvellevision.com\/gnv\/wp-content\/uploads\/2024\/11\/1732645235135.webp","type":"image\/webp"}],"author":"Eyeng Obame","twitter_card":"summary_large_image","twitter_misc":{"\u00c9crit par":"Eyeng Obame","Dur\u00e9e de lecture estim\u00e9e":"1 minute"},"schema":{"@context":"https:\/\/schema.org","@graph":[{"@type":"Article","@id":"https:\/\/gabonnouvellevision.com\/gnv\/2024\/11\/27\/sejour-diplomatique-fructueux-du-president-oligui-a-bruxelles-nguema-a-b\/#article","isPartOf":{"@id":"https:\/\/gabonnouvellevision.com\/gnv\/2024\/11\/27\/sejour-diplomatique-fructueux-du-president-oligui-a-bruxelles-nguema-a-b\/"},"author":{"name":"Eyeng Obame","@id":"https:\/\/gabonnouvellevision.com\/gnv\/#\/schema\/person\/4b48e07d222f83c0285affc3704bc899"},"headline":"S\u00e9jour diplomatique fructueux du Pr\u00e9sident Oligui Nguema \u00e0 Bruxelles","datePublished":"2024-11-27T08:35:20+00:00","dateModified":"2024-11-27T08:35:20+00:00","mainEntityOfPage":{"@id":"https:\/\/gabonnouvellevision.com\/gnv\/2024\/11\/27\/sejour-diplomatique-fructueux-du-president-oligui-a-bruxelles-nguema-a-b\/"},"wordCount":163,"commentCount":0,"publisher":{"@id":"https:\/\/gabonnouvellevision.com\/gnv\/#organization"},"image":{"@id":"https:\/\/gabonnouvellevision.com\/gnv\/2024\/11\/27\/sejour-diplomatique-fructueux-du-president-oligui-a-bruxelles-nguema-a-b\/#primaryimage"},"thumbnailUrl":"https:\/\/gabonnouvellevision.com\/gnv\/wp-content\/uploads\/2024\/11\/1732645235135.webp","articleSection":["A la une","Actualites","Politique"],"inLanguage":"fr-FR","potentialAction":[{"@type":"CommentAction","name":"Comment","target":["https:\/\/gabonnouvellevision.com\/gnv\/2024\/11\/27\/sejour-diplomatique-fructueux-du-president-oligui-a-bruxelles-nguema-a-b\/#respond"]}]},{"@type":"WebPage","@id":"https:\/\/gabonnouvellevision.com\/gnv\/2024\/11\/27\/sejour-diplomatique-fructueux-du-president-oligui-a-bruxelles-nguema-a-b\/","url":"https:\/\/gabonnouvellevision.com\/gnv\/2024\/11\/27\/sejour-diplomatique-fructueux-du-president-oligui-a-bruxelles-nguema-a-b\/","name":"S\u00e9jour diplomatique fructueux du Pr\u00e9sident Oligui Nguema \u00e0 Bruxelles - Gabon Nouvelle Vision","isPartOf":{"@id":"https:\/\/gabonnouvellevision.com\/gnv\/#website"},"primaryImageOfPage":{"@id":"https:\/\/gabonnouvellevision.com\/gnv\/2024\/11\/27\/sejour-diplomatique-fructueux-du-president-oligui-a-bruxelles-nguema-a-b\/#primaryimage"},"image":{"@id":"https:\/\/gabonnouvellevision.com\/gnv\/2024\/11\/27\/sejour-diplomatique-fructueux-du-president-oligui-a-bruxelles-nguema-a-b\/#primaryimage"},"thumbnailUrl":"https:\/\/gabonnouvellevision.com\/gnv\/wp-content\/uploads\/2024\/11\/1732645235135.webp","datePublished":"2024-11-27T08:35:20+00:00","dateModified":"2024-11-27T08:35:20+00:00","breadcrumb":{"@id":"https:\/\/gabonnouvellevision.com\/gnv\/2024\/11\/27\/sejour-diplomatique-fructueux-du-president-oligui-a-bruxelles-nguema-a-b\/#breadcrumb"},"inLanguage":"fr-FR","potentialAction":[{"@type":"ReadAction","target":["https:\/\/gabonnouvellevision.com\/gnv\/2024\/11\/27\/sejour-diplomatique-fructueux-du-president-oligui-a-bruxelles-nguema-a-b\/"]}]},{"@type":"ImageObject","inLanguage":"fr-FR","@id":"https:\/\/gabonnouvellevision.com\/gnv\/2024\/11\/27\/sejour-diplomatique-fructueux-du-president-oligui-a-bruxelles-nguema-a-b\/#primaryimage","url":"https:\/\/gabonnouvellevision.com\/gnv\/wp-content\/uploads\/2024\/11\/1732645235135.webp","contentUrl":"https:\/\/gabonnouvellevision.com\/gnv\/wp-content\/uploads\/2024\/11\/1732645235135.webp","width":997,"height":639},{"@type":"BreadcrumbList","@id":"https:\/\/gabonnouvellevision.com\/gnv\/2024\/11\/27\/sejour-diplomatique-fructueux-du-president-oligui-a-bruxelles-nguema-a-b\/#breadcrumb","itemListElement":[{"@type":"ListItem","position":1,"name":"Accueil","item":"https:\/\/gabonnouvellevision.com\/gnv\/"},{"@type":"ListItem","position":2,"name":"S\u00e9jour diplomatique fructueux du Pr\u00e9sident Oligui Nguema \u00e0 Bruxelles"}]},{"@type":"WebSite","@id":"https:\/\/gabonnouvellevision.com\/gnv\/#website","url":"https:\/\/gabonnouvellevision.com\/gnv\/","name":"Gabon Nouvelle Vision","description":"","publisher":{"@id":"https:\/\/gabonnouvellevision.com\/gnv\/#organization"},"potentialAction":[{"@type":"SearchAction","target":{"@type":"EntryPoint","urlTemplate":"https:\/\/gabonnouvellevision.com\/gnv\/?s={search_term_string}"},"query-input":{"@type":"PropertyValueSpecification","valueRequired":true,"valueName":"search_term_string"}}],"inLanguage":"fr-FR"},{"@type":"Organization","@id":"https:\/\/gabonnouvellevision.com\/gnv\/#organization","name":"Gabon Nouvelle Vision","url":"https:\/\/gabonnouvellevision.com\/gnv\/","logo":{"@type":"ImageObject","inLanguage":"fr-FR","@id":"https:\/\/gabonnouvellevision.com\/gnv\/#\/schema\/logo\/image\/","url":"https:\/\/gabonnouvellevision.com\/gnv\/wp-content\/uploads\/2025\/01\/logo-text_Plan-de-travail-1.png","contentUrl":"https:\/\/gabonnouvellevision.com\/gnv\/wp-content\/uploads\/2025\/01\/logo-text_Plan-de-travail-1.png","width":7169,"height":2390,"caption":"Gabon Nouvelle Vision"},"image":{"@id":"https:\/\/gabonnouvellevision.com\/gnv\/#\/schema\/logo\/image\/"},"sameAs":["https:\/\/www.facebook.com\/GNVofficiel"]},{"@type":"Person","@id":"https:\/\/gabonnouvellevision.com\/gnv\/#\/schema\/person\/4b48e07d222f83c0285affc3704bc899","name":"Eyeng Obame","image":{"@type":"ImageObject","inLanguage":"fr-FR","@id":"https:\/\/gabonnouvellevision.com\/gnv\/#\/schema\/person\/image\/","url":"https:\/\/secure.gravatar.com\/avatar\/167bc03b8baf3c77318a47159f80871de6f5a6cbf4bc8b6af750fbc1a369d7bf?s=96&d=mm&r=g","contentUrl":"https:\/\/secure.gravatar.com\/avatar\/167bc03b8baf3c77318a47159f80871de6f5a6cbf4bc8b6af750fbc1a369d7bf?s=96&d=mm&r=g","caption":"Eyeng Obame"},"url":"https:\/\/gabonnouvellevision.com\/gnv\/author\/rufin\/"}]}},"_links":{"self":[{"href":"https:\/\/gabonnouvellevision.com\/gnv\/wp-json\/wp\/v2\/posts\/3617","targetHints":{"allow":["GET"]}}],"collection":[{"href":"https:\/\/gabonnouvellevision.com\/gnv\/wp-json\/wp\/v2\/posts"}],"about":[{"href":"https:\/\/gabonnouvellevision.com\/gnv\/wp-json\/wp\/v2\/types\/post"}],"author":[{"embeddable":true,"href":"https:\/\/gabonnouvellevision.com\/gnv\/wp-json\/wp\/v2\/users\/7"}],"replies":[{"embeddable":true,"href":"https:\/\/gabonnouvellevision.com\/gnv\/wp-json\/wp\/v2\/comments?post=3617"}],"version-history":[{"count":0,"href":"https:\/\/gabonnouvellevision.com\/gnv\/wp-json\/wp\/v2\/posts\/3617\/revisions"}],"wp:featuredmedia":[{"embeddable":true,"href":"https:\/\/gabonnouvellevision.com\/gnv\/wp-json\/wp\/v2\/media\/3621"}],"wp:attachment":[{"href":"https:\/\/gabonnouvellevision.com\/gnv\/wp-json\/wp\/v2\/media?parent=3617"}],"wp:term":[{"taxonomy":"category","embeddable":true,"href":"https:\/\/gabonnouvellevision.com\/gnv\/wp-json\/wp\/v2\/categories?post=3617"},{"taxonomy":"post_tag","embeddable":true,"href":"https:\/\/gabonnouvellevision.com\/gnv\/wp-json\/wp\/v2\/tags?post=3617"}],"curies":[{"name":"wp","href":"https:\/\/api.w.org\/{rel}","templated":true}]}}