{"id":3558,"date":"2024-11-07T16:14:37","date_gmt":"2024-11-07T15:14:37","guid":{"rendered":"https:\/\/gabonnouvellevision.com\/gnv\/?p=3558"},"modified":"2024-11-07T16:14:37","modified_gmt":"2024-11-07T15:14:37","slug":"politique-referendum-pierre-claver-maganga-moussavou-dit-niet-a-la-constitution","status":"publish","type":"post","link":"https:\/\/gabonnouvellevision.com\/gnv\/2024\/11\/07\/politique-referendum-pierre-claver-maganga-moussavou-dit-niet-a-la-constitution\/","title":{"rendered":"Politique\/ R\u00e9f\u00e9rendum : Pierre Claver Maganga Moussavou dit Niet \u00e0 la Constitution !"},"content":{"rendered":"<p>&nbsp;<\/p>\n<p>Fid\u00e8le \u00e0 son franc parl\u00e9 qui le caract\u00e9rise, Pierre Claver Maganga Moussavou, le pr\u00e9sident du Parti Social-D\u00e9mocrate (P.S.D), a, au cours d\u2019une conf\u00e9rence de presse qu\u2019il anim\u00e9e le 6 novembre 2024 \u00e0 son si\u00e8ge du Haut de Gu\u00e9 Gu\u00e9, d\u00e9clar\u00e9 qu\u2019il votera contre la constitution telle qu\u2019\u00e9labor\u00e9e pour la simple raison qu\u2019elle ne r\u00e9pond nullement aux aspirations des gabonais dans son ensemble.<\/p>\n<p>Le natif de Moutassou dans la Ngouni\u00e9 est revenu largement sur le long processus ayant abouti \u00e0 l\u2019actuel constitution appel\u00e9 au vote par r\u00e9f\u00e9rendum. Il a notamment \u00e9num\u00e9r\u00e9 les diff\u00e9rentes r\u00e9visions des derni\u00e8res constitutions qui ont \u00e9maill\u00e9 les diff\u00e9rentes R\u00e9publiques jusqu\u2019\u00e0 ce jour. Se pr\u00e9sentant comme celui qui s\u2019est toujours insurg\u00e9 contre les abus du pouvoir et surtout l\u2019oppression des plus faibles par les tenants du pouvoir entend jouer pleinement son r\u00f4le d\u2019aiguillon de la v\u00e9ritable d\u00e9mocratie. En effet, Pierre Claver Maganga Moussavou rappelle sans risque de se tromper que depuis les ann\u00e9es de l\u2019ind\u00e9pendance, le Gabon n\u2019a cess\u00e9 de modifier les constitutions au gr\u00e9 de ceux qui tenaient les r\u00eanes du pouvoir.<\/p>\n<p>Des constitutions selon lui, qui ne tenaient que le temps d\u2019une Rose. Il en est ainsi de la constitution issue de la conf\u00e9rence nationale et qui aura \u00e9t\u00e9 tu\u00e9e dans l\u2019\u0153uf au d\u00e9triment d\u2019une autre n\u00e9e au sortir des Accords de Paris alors bien que celle de 1991 avait \u00e9t\u00e9 vot\u00e9e par le peuple \u00e0 pr\u00e8s de 96%, admet -il Celui qui aura \u00e9t\u00e9 de tous les combats politiques au Gabon, des Accords de Paris \u00e0 ceux d\u2019Angondj\u00e8 en passant par plusieurs autres messes avoue qu\u2019en l\u2019\u00e9tat, rien ne saurait pr\u00e9sager un avenir meilleur pour le peuple gabonais d\u00e8s lors qu\u2019il aura \u00e9t\u00e9 roul\u00e9 dans la farine.<\/p>\n<p>Il en veut pour preuve, le fameux coup d\u2019\u00e9tat qui, selon ses propos, n\u2019aura \u00e9t\u00e9 qu\u2019un arrangement en sourdine car, l\u2019ancien parti au pouvoir orphelin se cherchait un tuteur. \u00a0Le conf\u00e9rencier poursuivra en pr\u00e9cisant qu\u2019il se mettra toujours en face de ceux qui tenteraient d\u2019\u00e9blouir le peuple gabonais par des discours et des man\u0153uvres sordides. Lui le d\u00e9fenseur \u00e9m\u00e9rite des causes nobles, ne mangera jamais du pain b\u00e9ni que les anciens apparatchiks tentent de montrer au reste de la population. Fort de sa longue exp\u00e9rience politique car, ayant entam\u00e9 une belle carri\u00e8re administrative \u00e0 seulement 27 ans, le chantre de la provincialisation estime que la prochaine \u00e9lection pr\u00e9sidentielle qui se d\u00e9roulera sous la charte de la transition laisse le champ \u00e0 tout gabonais de s\u2019y engouffrer. Aussi, habitu\u00e9 aux joutes \u00e9lectorales, il entend bien y prendre part, et s\u00fbrement la remporter. En somme, le pr\u00e9sident du P.S.D estime qu\u2019il ne saurait voter pour la pr\u00e9sente constitution qui n\u2019est ni plus ni moins qu\u2019un simple habillage de la dictature.<\/p>\n<p><strong>J.M \u00a0\u00a0<\/strong><\/p>\n<p>&nbsp;<\/p>\n","protected":false},"excerpt":{"rendered":"<p>&nbsp; Fid\u00e8le \u00e0 son franc parl\u00e9 qui le caract\u00e9rise, Pierre Claver Maganga Moussavou, le pr\u00e9sident du Parti Social-D\u00e9mocrate (P.S.D), a, au cours d\u2019une conf\u00e9rence de presse qu\u2019il anim\u00e9e le 6 novembre 2024 \u00e0 son si\u00e8ge du Haut de Gu\u00e9 Gu\u00e9, d\u00e9clar\u00e9 qu\u2019il votera contre la constitution telle qu\u2019\u00e9labor\u00e9e pour la simple raison qu\u2019elle ne r\u00e9pond [&hellip;]<\/p>\n","protected":false},"author":5,"featured_media":3559,"comment_status":"open","ping_status":"open","sticky":false,"template":"","format":"standard","meta":{"footnotes":""},"categories":[57,55,59],"tags":[],"class_list":["post-3558","post","type-post","status-publish","format-standard","has-post-thumbnail","hentry","category-a-la-une","category-actualites","category-politique"],"yoast_head":"<!-- This site is optimized with the Yoast SEO plugin v24.2 - https:\/\/yoast.com\/wordpress\/plugins\/seo\/ -->\n<title>Politique\/ R\u00e9f\u00e9rendum : Pierre Claver Maganga Moussavou dit Niet \u00e0 la Constitution ! - Gabon Nouvelle Vision<\/title>\n<meta name=\"robots\" content=\"index, follow, max-snippet:-1, max-image-preview:large, max-video-preview:-1\" \/>\n<link rel=\"canonical\" href=\"https:\/\/gabonnouvellevision.com\/gnv\/2024\/11\/07\/politique-referendum-pierre-claver-maganga-moussavou-dit-niet-a-la-constitution\/\" \/>\n<meta property=\"og:locale\" content=\"fr_FR\" \/>\n<meta property=\"og:type\" content=\"article\" \/>\n<meta property=\"og:title\" content=\"Politique\/ R\u00e9f\u00e9rendum : Pierre Claver Maganga Moussavou dit Niet \u00e0 la Constitution ! - Gabon Nouvelle Vision\" \/>\n<meta property=\"og:description\" content=\"&nbsp; Fid\u00e8le \u00e0 son franc parl\u00e9 qui le caract\u00e9rise, Pierre Claver Maganga Moussavou, le pr\u00e9sident du Parti Social-D\u00e9mocrate (P.S.D), a, au cours d\u2019une conf\u00e9rence de presse qu\u2019il anim\u00e9e le 6 novembre 2024 \u00e0 son si\u00e8ge du Haut de Gu\u00e9 Gu\u00e9, d\u00e9clar\u00e9 qu\u2019il votera contre la constitution telle qu\u2019\u00e9labor\u00e9e pour la simple raison qu\u2019elle ne r\u00e9pond [&hellip;]\" \/>\n<meta property=\"og:url\" content=\"https:\/\/gabonnouvellevision.com\/gnv\/2024\/11\/07\/politique-referendum-pierre-claver-maganga-moussavou-dit-niet-a-la-constitution\/\" \/>\n<meta property=\"og:site_name\" content=\"Gabon Nouvelle Vision\" \/>\n<meta property=\"article:publisher\" content=\"https:\/\/www.facebook.com\/GNVofficiel\" \/>\n<meta property=\"article:published_time\" content=\"2024-11-07T15:14:37+00:00\" \/>\n<meta property=\"og:image\" content=\"https:\/\/gabonnouvellevision.com\/gnv\/wp-content\/uploads\/2024\/11\/PC.jpg\" \/>\n\t<meta property=\"og:image:width\" content=\"800\" \/>\n\t<meta property=\"og:image:height\" content=\"667\" \/>\n\t<meta property=\"og:image:type\" content=\"image\/jpeg\" \/>\n<meta name=\"author\" content=\"Junior MBOULET\" \/>\n<meta name=\"twitter:card\" content=\"summary_large_image\" \/>\n<meta name=\"twitter:label1\" content=\"\u00c9crit par\" \/>\n\t<meta name=\"twitter:data1\" content=\"Junior MBOULET\" \/>\n\t<meta name=\"twitter:label2\" content=\"Dur\u00e9e de lecture estim\u00e9e\" \/>\n\t<meta name=\"twitter:data2\" content=\"3 minutes\" \/>\n<script type=\"application\/ld+json\" class=\"yoast-schema-graph\">{\"@context\":\"https:\/\/schema.org\",\"@graph\":[{\"@type\":\"Article\",\"@id\":\"https:\/\/gabonnouvellevision.com\/gnv\/2024\/11\/07\/politique-referendum-pierre-claver-maganga-moussavou-dit-niet-a-la-constitution\/#article\",\"isPartOf\":{\"@id\":\"https:\/\/gabonnouvellevision.com\/gnv\/2024\/11\/07\/politique-referendum-pierre-claver-maganga-moussavou-dit-niet-a-la-constitution\/\"},\"author\":{\"name\":\"Junior MBOULET\",\"@id\":\"https:\/\/gabonnouvellevision.com\/gnv\/#\/schema\/person\/747bfb82bd833fb5a5a49e7c5031633d\"},\"headline\":\"Politique\/ R\u00e9f\u00e9rendum : Pierre Claver Maganga Moussavou dit Niet \u00e0 la Constitution !\",\"datePublished\":\"2024-11-07T15:14:37+00:00\",\"dateModified\":\"2024-11-07T15:14:37+00:00\",\"mainEntityOfPage\":{\"@id\":\"https:\/\/gabonnouvellevision.com\/gnv\/2024\/11\/07\/politique-referendum-pierre-claver-maganga-moussavou-dit-niet-a-la-constitution\/\"},\"wordCount\":532,\"commentCount\":0,\"publisher\":{\"@id\":\"https:\/\/gabonnouvellevision.com\/gnv\/#organization\"},\"image\":{\"@id\":\"https:\/\/gabonnouvellevision.com\/gnv\/2024\/11\/07\/politique-referendum-pierre-claver-maganga-moussavou-dit-niet-a-la-constitution\/#primaryimage\"},\"thumbnailUrl\":\"https:\/\/gabonnouvellevision.com\/gnv\/wp-content\/uploads\/2024\/11\/PC.jpg\",\"articleSection\":[\"A la une\",\"Actualites\",\"Politique\"],\"inLanguage\":\"fr-FR\",\"potentialAction\":[{\"@type\":\"CommentAction\",\"name\":\"Comment\",\"target\":[\"https:\/\/gabonnouvellevision.com\/gnv\/2024\/11\/07\/politique-referendum-pierre-claver-maganga-moussavou-dit-niet-a-la-constitution\/#respond\"]}]},{\"@type\":\"WebPage\",\"@id\":\"https:\/\/gabonnouvellevision.com\/gnv\/2024\/11\/07\/politique-referendum-pierre-claver-maganga-moussavou-dit-niet-a-la-constitution\/\",\"url\":\"https:\/\/gabonnouvellevision.com\/gnv\/2024\/11\/07\/politique-referendum-pierre-claver-maganga-moussavou-dit-niet-a-la-constitution\/\",\"name\":\"Politique\/ R\u00e9f\u00e9rendum : Pierre Claver Maganga Moussavou dit Niet \u00e0 la Constitution ! - Gabon Nouvelle Vision\",\"isPartOf\":{\"@id\":\"https:\/\/gabonnouvellevision.com\/gnv\/#website\"},\"primaryImageOfPage\":{\"@id\":\"https:\/\/gabonnouvellevision.com\/gnv\/2024\/11\/07\/politique-referendum-pierre-claver-maganga-moussavou-dit-niet-a-la-constitution\/#primaryimage\"},\"image\":{\"@id\":\"https:\/\/gabonnouvellevision.com\/gnv\/2024\/11\/07\/politique-referendum-pierre-claver-maganga-moussavou-dit-niet-a-la-constitution\/#primaryimage\"},\"thumbnailUrl\":\"https:\/\/gabonnouvellevision.com\/gnv\/wp-content\/uploads\/2024\/11\/PC.jpg\",\"datePublished\":\"2024-11-07T15:14:37+00:00\",\"dateModified\":\"2024-11-07T15:14:37+00:00\",\"breadcrumb\":{\"@id\":\"https:\/\/gabonnouvellevision.com\/gnv\/2024\/11\/07\/politique-referendum-pierre-claver-maganga-moussavou-dit-niet-a-la-constitution\/#breadcrumb\"},\"inLanguage\":\"fr-FR\",\"potentialAction\":[{\"@type\":\"ReadAction\",\"target\":[\"https:\/\/gabonnouvellevision.com\/gnv\/2024\/11\/07\/politique-referendum-pierre-claver-maganga-moussavou-dit-niet-a-la-constitution\/\"]}]},{\"@type\":\"ImageObject\",\"inLanguage\":\"fr-FR\",\"@id\":\"https:\/\/gabonnouvellevision.com\/gnv\/2024\/11\/07\/politique-referendum-pierre-claver-maganga-moussavou-dit-niet-a-la-constitution\/#primaryimage\",\"url\":\"https:\/\/gabonnouvellevision.com\/gnv\/wp-content\/uploads\/2024\/11\/PC.jpg\",\"contentUrl\":\"https:\/\/gabonnouvellevision.com\/gnv\/wp-content\/uploads\/2024\/11\/PC.jpg\",\"width\":800,\"height\":667},{\"@type\":\"BreadcrumbList\",\"@id\":\"https:\/\/gabonnouvellevision.com\/gnv\/2024\/11\/07\/politique-referendum-pierre-claver-maganga-moussavou-dit-niet-a-la-constitution\/#breadcrumb\",\"itemListElement\":[{\"@type\":\"ListItem\",\"position\":1,\"name\":\"Accueil\",\"item\":\"https:\/\/gabonnouvellevision.com\/gnv\/\"},{\"@type\":\"ListItem\",\"position\":2,\"name\":\"Politique\/ R\u00e9f\u00e9rendum : Pierre Claver Maganga Moussavou dit Niet \u00e0 la Constitution !\"}]},{\"@type\":\"WebSite\",\"@id\":\"https:\/\/gabonnouvellevision.com\/gnv\/#website\",\"url\":\"https:\/\/gabonnouvellevision.com\/gnv\/\",\"name\":\"Gabon Nouvelle Vision\",\"description\":\"\",\"publisher\":{\"@id\":\"https:\/\/gabonnouvellevision.com\/gnv\/#organization\"},\"potentialAction\":[{\"@type\":\"SearchAction\",\"target\":{\"@type\":\"EntryPoint\",\"urlTemplate\":\"https:\/\/gabonnouvellevision.com\/gnv\/?s={search_term_string}\"},\"query-input\":{\"@type\":\"PropertyValueSpecification\",\"valueRequired\":true,\"valueName\":\"search_term_string\"}}],\"inLanguage\":\"fr-FR\"},{\"@type\":\"Organization\",\"@id\":\"https:\/\/gabonnouvellevision.com\/gnv\/#organization\",\"name\":\"Gabon Nouvelle Vision\",\"url\":\"https:\/\/gabonnouvellevision.com\/gnv\/\",\"logo\":{\"@type\":\"ImageObject\",\"inLanguage\":\"fr-FR\",\"@id\":\"https:\/\/gabonnouvellevision.com\/gnv\/#\/schema\/logo\/image\/\",\"url\":\"https:\/\/gabonnouvellevision.com\/gnv\/wp-content\/uploads\/2025\/01\/logo-text_Plan-de-travail-1.png\",\"contentUrl\":\"https:\/\/gabonnouvellevision.com\/gnv\/wp-content\/uploads\/2025\/01\/logo-text_Plan-de-travail-1.png\",\"width\":7169,\"height\":2390,\"caption\":\"Gabon Nouvelle Vision\"},\"image\":{\"@id\":\"https:\/\/gabonnouvellevision.com\/gnv\/#\/schema\/logo\/image\/\"},\"sameAs\":[\"https:\/\/www.facebook.com\/GNVofficiel\"]},{\"@type\":\"Person\",\"@id\":\"https:\/\/gabonnouvellevision.com\/gnv\/#\/schema\/person\/747bfb82bd833fb5a5a49e7c5031633d\",\"name\":\"Junior MBOULET\",\"image\":{\"@type\":\"ImageObject\",\"inLanguage\":\"fr-FR\",\"@id\":\"https:\/\/gabonnouvellevision.com\/gnv\/#\/schema\/person\/image\/\",\"url\":\"https:\/\/secure.gravatar.com\/avatar\/b541278a71f2f5c40b38fff4c93c15b82cf168df8b47ea9d9e97c9c9c716c6f0?s=96&d=mm&r=g\",\"contentUrl\":\"https:\/\/secure.gravatar.com\/avatar\/b541278a71f2f5c40b38fff4c93c15b82cf168df8b47ea9d9e97c9c9c716c6f0?s=96&d=mm&r=g\",\"caption\":\"Junior MBOULET\"},\"url\":\"https:\/\/gabonnouvellevision.com\/gnv\/author\/junior\/\"}]}<\/script>\n<!-- \/ Yoast SEO plugin. -->","yoast_head_json":{"title":"Politique\/ R\u00e9f\u00e9rendum : Pierre Claver Maganga Moussavou dit Niet \u00e0 la Constitution ! - Gabon Nouvelle Vision","robots":{"index":"index","follow":"follow","max-snippet":"max-snippet:-1","max-image-preview":"max-image-preview:large","max-video-preview":"max-video-preview:-1"},"canonical":"https:\/\/gabonnouvellevision.com\/gnv\/2024\/11\/07\/politique-referendum-pierre-claver-maganga-moussavou-dit-niet-a-la-constitution\/","og_locale":"fr_FR","og_type":"article","og_title":"Politique\/ R\u00e9f\u00e9rendum : Pierre Claver Maganga Moussavou dit Niet \u00e0 la Constitution ! - Gabon Nouvelle Vision","og_description":"&nbsp; Fid\u00e8le \u00e0 son franc parl\u00e9 qui le caract\u00e9rise, Pierre Claver Maganga Moussavou, le pr\u00e9sident du Parti Social-D\u00e9mocrate (P.S.D), a, au cours d\u2019une conf\u00e9rence de presse qu\u2019il anim\u00e9e le 6 novembre 2024 \u00e0 son si\u00e8ge du Haut de Gu\u00e9 Gu\u00e9, d\u00e9clar\u00e9 qu\u2019il votera contre la constitution telle qu\u2019\u00e9labor\u00e9e pour la simple raison qu\u2019elle ne r\u00e9pond [&hellip;]","og_url":"https:\/\/gabonnouvellevision.com\/gnv\/2024\/11\/07\/politique-referendum-pierre-claver-maganga-moussavou-dit-niet-a-la-constitution\/","og_site_name":"Gabon Nouvelle Vision","article_publisher":"https:\/\/www.facebook.com\/GNVofficiel","article_published_time":"2024-11-07T15:14:37+00:00","og_image":[{"width":800,"height":667,"url":"https:\/\/gabonnouvellevision.com\/gnv\/wp-content\/uploads\/2024\/11\/PC.jpg","type":"image\/jpeg"}],"author":"Junior MBOULET","twitter_card":"summary_large_image","twitter_misc":{"\u00c9crit par":"Junior MBOULET","Dur\u00e9e de lecture estim\u00e9e":"3 minutes"},"schema":{"@context":"https:\/\/schema.org","@graph":[{"@type":"Article","@id":"https:\/\/gabonnouvellevision.com\/gnv\/2024\/11\/07\/politique-referendum-pierre-claver-maganga-moussavou-dit-niet-a-la-constitution\/#article","isPartOf":{"@id":"https:\/\/gabonnouvellevision.com\/gnv\/2024\/11\/07\/politique-referendum-pierre-claver-maganga-moussavou-dit-niet-a-la-constitution\/"},"author":{"name":"Junior MBOULET","@id":"https:\/\/gabonnouvellevision.com\/gnv\/#\/schema\/person\/747bfb82bd833fb5a5a49e7c5031633d"},"headline":"Politique\/ R\u00e9f\u00e9rendum : Pierre Claver Maganga Moussavou dit Niet \u00e0 la Constitution !","datePublished":"2024-11-07T15:14:37+00:00","dateModified":"2024-11-07T15:14:37+00:00","mainEntityOfPage":{"@id":"https:\/\/gabonnouvellevision.com\/gnv\/2024\/11\/07\/politique-referendum-pierre-claver-maganga-moussavou-dit-niet-a-la-constitution\/"},"wordCount":532,"commentCount":0,"publisher":{"@id":"https:\/\/gabonnouvellevision.com\/gnv\/#organization"},"image":{"@id":"https:\/\/gabonnouvellevision.com\/gnv\/2024\/11\/07\/politique-referendum-pierre-claver-maganga-moussavou-dit-niet-a-la-constitution\/#primaryimage"},"thumbnailUrl":"https:\/\/gabonnouvellevision.com\/gnv\/wp-content\/uploads\/2024\/11\/PC.jpg","articleSection":["A la une","Actualites","Politique"],"inLanguage":"fr-FR","potentialAction":[{"@type":"CommentAction","name":"Comment","target":["https:\/\/gabonnouvellevision.com\/gnv\/2024\/11\/07\/politique-referendum-pierre-claver-maganga-moussavou-dit-niet-a-la-constitution\/#respond"]}]},{"@type":"WebPage","@id":"https:\/\/gabonnouvellevision.com\/gnv\/2024\/11\/07\/politique-referendum-pierre-claver-maganga-moussavou-dit-niet-a-la-constitution\/","url":"https:\/\/gabonnouvellevision.com\/gnv\/2024\/11\/07\/politique-referendum-pierre-claver-maganga-moussavou-dit-niet-a-la-constitution\/","name":"Politique\/ R\u00e9f\u00e9rendum : Pierre Claver Maganga Moussavou dit Niet \u00e0 la Constitution ! - Gabon Nouvelle Vision","isPartOf":{"@id":"https:\/\/gabonnouvellevision.com\/gnv\/#website"},"primaryImageOfPage":{"@id":"https:\/\/gabonnouvellevision.com\/gnv\/2024\/11\/07\/politique-referendum-pierre-claver-maganga-moussavou-dit-niet-a-la-constitution\/#primaryimage"},"image":{"@id":"https:\/\/gabonnouvellevision.com\/gnv\/2024\/11\/07\/politique-referendum-pierre-claver-maganga-moussavou-dit-niet-a-la-constitution\/#primaryimage"},"thumbnailUrl":"https:\/\/gabonnouvellevision.com\/gnv\/wp-content\/uploads\/2024\/11\/PC.jpg","datePublished":"2024-11-07T15:14:37+00:00","dateModified":"2024-11-07T15:14:37+00:00","breadcrumb":{"@id":"https:\/\/gabonnouvellevision.com\/gnv\/2024\/11\/07\/politique-referendum-pierre-claver-maganga-moussavou-dit-niet-a-la-constitution\/#breadcrumb"},"inLanguage":"fr-FR","potentialAction":[{"@type":"ReadAction","target":["https:\/\/gabonnouvellevision.com\/gnv\/2024\/11\/07\/politique-referendum-pierre-claver-maganga-moussavou-dit-niet-a-la-constitution\/"]}]},{"@type":"ImageObject","inLanguage":"fr-FR","@id":"https:\/\/gabonnouvellevision.com\/gnv\/2024\/11\/07\/politique-referendum-pierre-claver-maganga-moussavou-dit-niet-a-la-constitution\/#primaryimage","url":"https:\/\/gabonnouvellevision.com\/gnv\/wp-content\/uploads\/2024\/11\/PC.jpg","contentUrl":"https:\/\/gabonnouvellevision.com\/gnv\/wp-content\/uploads\/2024\/11\/PC.jpg","width":800,"height":667},{"@type":"BreadcrumbList","@id":"https:\/\/gabonnouvellevision.com\/gnv\/2024\/11\/07\/politique-referendum-pierre-claver-maganga-moussavou-dit-niet-a-la-constitution\/#breadcrumb","itemListElement":[{"@type":"ListItem","position":1,"name":"Accueil","item":"https:\/\/gabonnouvellevision.com\/gnv\/"},{"@type":"ListItem","position":2,"name":"Politique\/ R\u00e9f\u00e9rendum : Pierre Claver Maganga Moussavou dit Niet \u00e0 la Constitution !"}]},{"@type":"WebSite","@id":"https:\/\/gabonnouvellevision.com\/gnv\/#website","url":"https:\/\/gabonnouvellevision.com\/gnv\/","name":"Gabon Nouvelle Vision","description":"","publisher":{"@id":"https:\/\/gabonnouvellevision.com\/gnv\/#organization"},"potentialAction":[{"@type":"SearchAction","target":{"@type":"EntryPoint","urlTemplate":"https:\/\/gabonnouvellevision.com\/gnv\/?s={search_term_string}"},"query-input":{"@type":"PropertyValueSpecification","valueRequired":true,"valueName":"search_term_string"}}],"inLanguage":"fr-FR"},{"@type":"Organization","@id":"https:\/\/gabonnouvellevision.com\/gnv\/#organization","name":"Gabon Nouvelle Vision","url":"https:\/\/gabonnouvellevision.com\/gnv\/","logo":{"@type":"ImageObject","inLanguage":"fr-FR","@id":"https:\/\/gabonnouvellevision.com\/gnv\/#\/schema\/logo\/image\/","url":"https:\/\/gabonnouvellevision.com\/gnv\/wp-content\/uploads\/2025\/01\/logo-text_Plan-de-travail-1.png","contentUrl":"https:\/\/gabonnouvellevision.com\/gnv\/wp-content\/uploads\/2025\/01\/logo-text_Plan-de-travail-1.png","width":7169,"height":2390,"caption":"Gabon Nouvelle Vision"},"image":{"@id":"https:\/\/gabonnouvellevision.com\/gnv\/#\/schema\/logo\/image\/"},"sameAs":["https:\/\/www.facebook.com\/GNVofficiel"]},{"@type":"Person","@id":"https:\/\/gabonnouvellevision.com\/gnv\/#\/schema\/person\/747bfb82bd833fb5a5a49e7c5031633d","name":"Junior MBOULET","image":{"@type":"ImageObject","inLanguage":"fr-FR","@id":"https:\/\/gabonnouvellevision.com\/gnv\/#\/schema\/person\/image\/","url":"https:\/\/secure.gravatar.com\/avatar\/b541278a71f2f5c40b38fff4c93c15b82cf168df8b47ea9d9e97c9c9c716c6f0?s=96&d=mm&r=g","contentUrl":"https:\/\/secure.gravatar.com\/avatar\/b541278a71f2f5c40b38fff4c93c15b82cf168df8b47ea9d9e97c9c9c716c6f0?s=96&d=mm&r=g","caption":"Junior MBOULET"},"url":"https:\/\/gabonnouvellevision.com\/gnv\/author\/junior\/"}]}},"_links":{"self":[{"href":"https:\/\/gabonnouvellevision.com\/gnv\/wp-json\/wp\/v2\/posts\/3558","targetHints":{"allow":["GET"]}}],"collection":[{"href":"https:\/\/gabonnouvellevision.com\/gnv\/wp-json\/wp\/v2\/posts"}],"about":[{"href":"https:\/\/gabonnouvellevision.com\/gnv\/wp-json\/wp\/v2\/types\/post"}],"author":[{"embeddable":true,"href":"https:\/\/gabonnouvellevision.com\/gnv\/wp-json\/wp\/v2\/users\/5"}],"replies":[{"embeddable":true,"href":"https:\/\/gabonnouvellevision.com\/gnv\/wp-json\/wp\/v2\/comments?post=3558"}],"version-history":[{"count":0,"href":"https:\/\/gabonnouvellevision.com\/gnv\/wp-json\/wp\/v2\/posts\/3558\/revisions"}],"wp:featuredmedia":[{"embeddable":true,"href":"https:\/\/gabonnouvellevision.com\/gnv\/wp-json\/wp\/v2\/media\/3559"}],"wp:attachment":[{"href":"https:\/\/gabonnouvellevision.com\/gnv\/wp-json\/wp\/v2\/media?parent=3558"}],"wp:term":[{"taxonomy":"category","embeddable":true,"href":"https:\/\/gabonnouvellevision.com\/gnv\/wp-json\/wp\/v2\/categories?post=3558"},{"taxonomy":"post_tag","embeddable":true,"href":"https:\/\/gabonnouvellevision.com\/gnv\/wp-json\/wp\/v2\/tags?post=3558"}],"curies":[{"name":"wp","href":"https:\/\/api.w.org\/{rel}","templated":true}]}}