{"id":3537,"date":"2024-11-02T17:07:15","date_gmt":"2024-11-02T16:07:15","guid":{"rendered":"https:\/\/gabonnouvellevision.com\/gnv\/?p=3537"},"modified":"2024-11-02T17:07:15","modified_gmt":"2024-11-02T16:07:15","slug":"politique-necrologie-adrien-nkoghe-essingone-tire-sa-reverence-a-79-ans","status":"publish","type":"post","link":"https:\/\/gabonnouvellevision.com\/gnv\/2024\/11\/02\/politique-necrologie-adrien-nkoghe-essingone-tire-sa-reverence-a-79-ans\/","title":{"rendered":"Politique\/N\u00e9crologie : Adrien Nkogh\u00e9 Essingone tire sa r\u00e9v\u00e9rence \u00e0 79 ans"},"content":{"rendered":"<p>&nbsp;<\/p>\n<p>Ancien ministre sous feu Omar Bongo Ondimba, ancien directeur g\u00e9n\u00e9ral de la Caisse de Stabilisation et de P\u00e9r\u00e9quation (Caistab), ancien pr\u00e9sident de la F\u00e9d\u00e9ration gabonaise de football et ancien parlementaire, Adrien Nkogh\u00e9 Essingone s\u2019est \u00e9teint dans la nuit du 1<sup>er<\/sup> au 2 novembre 2024 dans une structure sanitaire Libreville \u00e0 l\u2019\u00e2ge de 79 ans des suites d\u2019un arr\u00eat cardiaque.<\/p>\n<p>L\u2019\u00e9lu du Komo Oc\u00e9an plusieurs fois r\u00e9\u00e9lu aura \u00e9t\u00e9 de tous les combats de son parti politique, l\u2019ancien parti au pouvoir, le Pardi D\u00e9mocratique Gabonais et aura marqu\u00e9 d\u2019un trait ind\u00e9l\u00e9bile sa circonscription politique ces quatre d\u00e9cennies.<\/p>\n<p>Homme int\u00e8gre et toujours \u00e0 la recherche d\u2019un travail bien fait, l\u2019homme aura marqu\u00e9 plus d\u2019une g\u00e9n\u00e9ration au point d\u2019\u00eatre toujours sollicit\u00e9 quand il fallait d\u00e9fendre la cause des opprim\u00e9s.<\/p>\n<p>Malgr\u00e9 sa long\u00e9vit\u00e9 sur la sc\u00e8ne publique et politique nationale, son nom n\u2019a jamais \u00e9t\u00e9 cit\u00e9 dans un dossier sale de la R\u00e9publique.<\/p>\n<ol>\n<li><strong>M \u00a0<\/strong><\/li>\n<\/ol>\n","protected":false},"excerpt":{"rendered":"<p>&nbsp; Ancien ministre sous feu Omar Bongo Ondimba, ancien directeur g\u00e9n\u00e9ral de la Caisse de Stabilisation et de P\u00e9r\u00e9quation (Caistab), ancien pr\u00e9sident de la F\u00e9d\u00e9ration gabonaise de football et ancien parlementaire, Adrien Nkogh\u00e9 Essingone s\u2019est \u00e9teint dans la nuit du 1er au 2 novembre 2024 dans une structure sanitaire Libreville \u00e0 l\u2019\u00e2ge de 79 ans [&hellip;]<\/p>\n","protected":false},"author":5,"featured_media":3538,"comment_status":"open","ping_status":"open","sticky":false,"template":"","format":"standard","meta":{"footnotes":""},"categories":[57,55,59],"tags":[],"class_list":["post-3537","post","type-post","status-publish","format-standard","has-post-thumbnail","hentry","category-a-la-une","category-actualites","category-politique"],"yoast_head":"<!-- This site is optimized with the Yoast SEO plugin v24.2 - https:\/\/yoast.com\/wordpress\/plugins\/seo\/ -->\n<title>Politique\/N\u00e9crologie : Adrien Nkogh\u00e9 Essingone tire sa r\u00e9v\u00e9rence \u00e0 79 ans - Gabon Nouvelle Vision<\/title>\n<meta name=\"robots\" content=\"index, follow, max-snippet:-1, max-image-preview:large, max-video-preview:-1\" \/>\n<link rel=\"canonical\" href=\"https:\/\/gabonnouvellevision.com\/gnv\/2024\/11\/02\/politique-necrologie-adrien-nkoghe-essingone-tire-sa-reverence-a-79-ans\/\" \/>\n<meta property=\"og:locale\" content=\"fr_FR\" \/>\n<meta property=\"og:type\" content=\"article\" \/>\n<meta property=\"og:title\" content=\"Politique\/N\u00e9crologie : Adrien Nkogh\u00e9 Essingone tire sa r\u00e9v\u00e9rence \u00e0 79 ans - Gabon Nouvelle Vision\" \/>\n<meta property=\"og:description\" content=\"&nbsp; Ancien ministre sous feu Omar Bongo Ondimba, ancien directeur g\u00e9n\u00e9ral de la Caisse de Stabilisation et de P\u00e9r\u00e9quation (Caistab), ancien pr\u00e9sident de la F\u00e9d\u00e9ration gabonaise de football et ancien parlementaire, Adrien Nkogh\u00e9 Essingone s\u2019est \u00e9teint dans la nuit du 1er au 2 novembre 2024 dans une structure sanitaire Libreville \u00e0 l\u2019\u00e2ge de 79 ans [&hellip;]\" \/>\n<meta property=\"og:url\" content=\"https:\/\/gabonnouvellevision.com\/gnv\/2024\/11\/02\/politique-necrologie-adrien-nkoghe-essingone-tire-sa-reverence-a-79-ans\/\" \/>\n<meta property=\"og:site_name\" content=\"Gabon Nouvelle Vision\" \/>\n<meta property=\"article:publisher\" content=\"https:\/\/www.facebook.com\/GNVofficiel\" \/>\n<meta property=\"article:published_time\" content=\"2024-11-02T16:07:15+00:00\" \/>\n<meta property=\"og:image\" content=\"https:\/\/gabonnouvellevision.com\/gnv\/wp-content\/uploads\/2024\/11\/Adrien-Nkoghe2.jpg\" \/>\n\t<meta property=\"og:image:width\" content=\"600\" \/>\n\t<meta property=\"og:image:height\" content=\"836\" \/>\n\t<meta property=\"og:image:type\" content=\"image\/jpeg\" \/>\n<meta name=\"author\" content=\"Junior MBOULET\" \/>\n<meta name=\"twitter:card\" content=\"summary_large_image\" \/>\n<meta name=\"twitter:label1\" content=\"\u00c9crit par\" \/>\n\t<meta name=\"twitter:data1\" content=\"Junior MBOULET\" \/>\n\t<meta name=\"twitter:label2\" content=\"Dur\u00e9e de lecture estim\u00e9e\" \/>\n\t<meta name=\"twitter:data2\" content=\"1 minute\" \/>\n<script type=\"application\/ld+json\" class=\"yoast-schema-graph\">{\"@context\":\"https:\/\/schema.org\",\"@graph\":[{\"@type\":\"Article\",\"@id\":\"https:\/\/gabonnouvellevision.com\/gnv\/2024\/11\/02\/politique-necrologie-adrien-nkoghe-essingone-tire-sa-reverence-a-79-ans\/#article\",\"isPartOf\":{\"@id\":\"https:\/\/gabonnouvellevision.com\/gnv\/2024\/11\/02\/politique-necrologie-adrien-nkoghe-essingone-tire-sa-reverence-a-79-ans\/\"},\"author\":{\"name\":\"Junior MBOULET\",\"@id\":\"https:\/\/gabonnouvellevision.com\/gnv\/#\/schema\/person\/747bfb82bd833fb5a5a49e7c5031633d\"},\"headline\":\"Politique\/N\u00e9crologie : Adrien Nkogh\u00e9 Essingone tire sa r\u00e9v\u00e9rence \u00e0 79 ans\",\"datePublished\":\"2024-11-02T16:07:15+00:00\",\"dateModified\":\"2024-11-02T16:07:15+00:00\",\"mainEntityOfPage\":{\"@id\":\"https:\/\/gabonnouvellevision.com\/gnv\/2024\/11\/02\/politique-necrologie-adrien-nkoghe-essingone-tire-sa-reverence-a-79-ans\/\"},\"wordCount\":191,\"commentCount\":0,\"publisher\":{\"@id\":\"https:\/\/gabonnouvellevision.com\/gnv\/#organization\"},\"image\":{\"@id\":\"https:\/\/gabonnouvellevision.com\/gnv\/2024\/11\/02\/politique-necrologie-adrien-nkoghe-essingone-tire-sa-reverence-a-79-ans\/#primaryimage\"},\"thumbnailUrl\":\"https:\/\/gabonnouvellevision.com\/gnv\/wp-content\/uploads\/2024\/11\/Adrien-Nkoghe2.jpg\",\"articleSection\":[\"A la une\",\"Actualites\",\"Politique\"],\"inLanguage\":\"fr-FR\",\"potentialAction\":[{\"@type\":\"CommentAction\",\"name\":\"Comment\",\"target\":[\"https:\/\/gabonnouvellevision.com\/gnv\/2024\/11\/02\/politique-necrologie-adrien-nkoghe-essingone-tire-sa-reverence-a-79-ans\/#respond\"]}]},{\"@type\":\"WebPage\",\"@id\":\"https:\/\/gabonnouvellevision.com\/gnv\/2024\/11\/02\/politique-necrologie-adrien-nkoghe-essingone-tire-sa-reverence-a-79-ans\/\",\"url\":\"https:\/\/gabonnouvellevision.com\/gnv\/2024\/11\/02\/politique-necrologie-adrien-nkoghe-essingone-tire-sa-reverence-a-79-ans\/\",\"name\":\"Politique\/N\u00e9crologie : Adrien Nkogh\u00e9 Essingone tire sa r\u00e9v\u00e9rence \u00e0 79 ans - Gabon Nouvelle Vision\",\"isPartOf\":{\"@id\":\"https:\/\/gabonnouvellevision.com\/gnv\/#website\"},\"primaryImageOfPage\":{\"@id\":\"https:\/\/gabonnouvellevision.com\/gnv\/2024\/11\/02\/politique-necrologie-adrien-nkoghe-essingone-tire-sa-reverence-a-79-ans\/#primaryimage\"},\"image\":{\"@id\":\"https:\/\/gabonnouvellevision.com\/gnv\/2024\/11\/02\/politique-necrologie-adrien-nkoghe-essingone-tire-sa-reverence-a-79-ans\/#primaryimage\"},\"thumbnailUrl\":\"https:\/\/gabonnouvellevision.com\/gnv\/wp-content\/uploads\/2024\/11\/Adrien-Nkoghe2.jpg\",\"datePublished\":\"2024-11-02T16:07:15+00:00\",\"dateModified\":\"2024-11-02T16:07:15+00:00\",\"breadcrumb\":{\"@id\":\"https:\/\/gabonnouvellevision.com\/gnv\/2024\/11\/02\/politique-necrologie-adrien-nkoghe-essingone-tire-sa-reverence-a-79-ans\/#breadcrumb\"},\"inLanguage\":\"fr-FR\",\"potentialAction\":[{\"@type\":\"ReadAction\",\"target\":[\"https:\/\/gabonnouvellevision.com\/gnv\/2024\/11\/02\/politique-necrologie-adrien-nkoghe-essingone-tire-sa-reverence-a-79-ans\/\"]}]},{\"@type\":\"ImageObject\",\"inLanguage\":\"fr-FR\",\"@id\":\"https:\/\/gabonnouvellevision.com\/gnv\/2024\/11\/02\/politique-necrologie-adrien-nkoghe-essingone-tire-sa-reverence-a-79-ans\/#primaryimage\",\"url\":\"https:\/\/gabonnouvellevision.com\/gnv\/wp-content\/uploads\/2024\/11\/Adrien-Nkoghe2.jpg\",\"contentUrl\":\"https:\/\/gabonnouvellevision.com\/gnv\/wp-content\/uploads\/2024\/11\/Adrien-Nkoghe2.jpg\",\"width\":600,\"height\":836},{\"@type\":\"BreadcrumbList\",\"@id\":\"https:\/\/gabonnouvellevision.com\/gnv\/2024\/11\/02\/politique-necrologie-adrien-nkoghe-essingone-tire-sa-reverence-a-79-ans\/#breadcrumb\",\"itemListElement\":[{\"@type\":\"ListItem\",\"position\":1,\"name\":\"Accueil\",\"item\":\"https:\/\/gabonnouvellevision.com\/gnv\/\"},{\"@type\":\"ListItem\",\"position\":2,\"name\":\"Politique\/N\u00e9crologie : Adrien Nkogh\u00e9 Essingone tire sa r\u00e9v\u00e9rence \u00e0 79 ans\"}]},{\"@type\":\"WebSite\",\"@id\":\"https:\/\/gabonnouvellevision.com\/gnv\/#website\",\"url\":\"https:\/\/gabonnouvellevision.com\/gnv\/\",\"name\":\"Gabon Nouvelle Vision\",\"description\":\"\",\"publisher\":{\"@id\":\"https:\/\/gabonnouvellevision.com\/gnv\/#organization\"},\"potentialAction\":[{\"@type\":\"SearchAction\",\"target\":{\"@type\":\"EntryPoint\",\"urlTemplate\":\"https:\/\/gabonnouvellevision.com\/gnv\/?s={search_term_string}\"},\"query-input\":{\"@type\":\"PropertyValueSpecification\",\"valueRequired\":true,\"valueName\":\"search_term_string\"}}],\"inLanguage\":\"fr-FR\"},{\"@type\":\"Organization\",\"@id\":\"https:\/\/gabonnouvellevision.com\/gnv\/#organization\",\"name\":\"Gabon Nouvelle Vision\",\"url\":\"https:\/\/gabonnouvellevision.com\/gnv\/\",\"logo\":{\"@type\":\"ImageObject\",\"inLanguage\":\"fr-FR\",\"@id\":\"https:\/\/gabonnouvellevision.com\/gnv\/#\/schema\/logo\/image\/\",\"url\":\"https:\/\/gabonnouvellevision.com\/gnv\/wp-content\/uploads\/2025\/01\/logo-text_Plan-de-travail-1.png\",\"contentUrl\":\"https:\/\/gabonnouvellevision.com\/gnv\/wp-content\/uploads\/2025\/01\/logo-text_Plan-de-travail-1.png\",\"width\":7169,\"height\":2390,\"caption\":\"Gabon Nouvelle Vision\"},\"image\":{\"@id\":\"https:\/\/gabonnouvellevision.com\/gnv\/#\/schema\/logo\/image\/\"},\"sameAs\":[\"https:\/\/www.facebook.com\/GNVofficiel\"]},{\"@type\":\"Person\",\"@id\":\"https:\/\/gabonnouvellevision.com\/gnv\/#\/schema\/person\/747bfb82bd833fb5a5a49e7c5031633d\",\"name\":\"Junior MBOULET\",\"image\":{\"@type\":\"ImageObject\",\"inLanguage\":\"fr-FR\",\"@id\":\"https:\/\/gabonnouvellevision.com\/gnv\/#\/schema\/person\/image\/\",\"url\":\"https:\/\/secure.gravatar.com\/avatar\/b541278a71f2f5c40b38fff4c93c15b82cf168df8b47ea9d9e97c9c9c716c6f0?s=96&d=mm&r=g\",\"contentUrl\":\"https:\/\/secure.gravatar.com\/avatar\/b541278a71f2f5c40b38fff4c93c15b82cf168df8b47ea9d9e97c9c9c716c6f0?s=96&d=mm&r=g\",\"caption\":\"Junior MBOULET\"},\"url\":\"https:\/\/gabonnouvellevision.com\/gnv\/author\/junior\/\"}]}<\/script>\n<!-- \/ Yoast SEO plugin. -->","yoast_head_json":{"title":"Politique\/N\u00e9crologie : Adrien Nkogh\u00e9 Essingone tire sa r\u00e9v\u00e9rence \u00e0 79 ans - Gabon Nouvelle Vision","robots":{"index":"index","follow":"follow","max-snippet":"max-snippet:-1","max-image-preview":"max-image-preview:large","max-video-preview":"max-video-preview:-1"},"canonical":"https:\/\/gabonnouvellevision.com\/gnv\/2024\/11\/02\/politique-necrologie-adrien-nkoghe-essingone-tire-sa-reverence-a-79-ans\/","og_locale":"fr_FR","og_type":"article","og_title":"Politique\/N\u00e9crologie : Adrien Nkogh\u00e9 Essingone tire sa r\u00e9v\u00e9rence \u00e0 79 ans - Gabon Nouvelle Vision","og_description":"&nbsp; Ancien ministre sous feu Omar Bongo Ondimba, ancien directeur g\u00e9n\u00e9ral de la Caisse de Stabilisation et de P\u00e9r\u00e9quation (Caistab), ancien pr\u00e9sident de la F\u00e9d\u00e9ration gabonaise de football et ancien parlementaire, Adrien Nkogh\u00e9 Essingone s\u2019est \u00e9teint dans la nuit du 1er au 2 novembre 2024 dans une structure sanitaire Libreville \u00e0 l\u2019\u00e2ge de 79 ans [&hellip;]","og_url":"https:\/\/gabonnouvellevision.com\/gnv\/2024\/11\/02\/politique-necrologie-adrien-nkoghe-essingone-tire-sa-reverence-a-79-ans\/","og_site_name":"Gabon Nouvelle Vision","article_publisher":"https:\/\/www.facebook.com\/GNVofficiel","article_published_time":"2024-11-02T16:07:15+00:00","og_image":[{"width":600,"height":836,"url":"https:\/\/gabonnouvellevision.com\/gnv\/wp-content\/uploads\/2024\/11\/Adrien-Nkoghe2.jpg","type":"image\/jpeg"}],"author":"Junior MBOULET","twitter_card":"summary_large_image","twitter_misc":{"\u00c9crit par":"Junior MBOULET","Dur\u00e9e de lecture estim\u00e9e":"1 minute"},"schema":{"@context":"https:\/\/schema.org","@graph":[{"@type":"Article","@id":"https:\/\/gabonnouvellevision.com\/gnv\/2024\/11\/02\/politique-necrologie-adrien-nkoghe-essingone-tire-sa-reverence-a-79-ans\/#article","isPartOf":{"@id":"https:\/\/gabonnouvellevision.com\/gnv\/2024\/11\/02\/politique-necrologie-adrien-nkoghe-essingone-tire-sa-reverence-a-79-ans\/"},"author":{"name":"Junior MBOULET","@id":"https:\/\/gabonnouvellevision.com\/gnv\/#\/schema\/person\/747bfb82bd833fb5a5a49e7c5031633d"},"headline":"Politique\/N\u00e9crologie : Adrien Nkogh\u00e9 Essingone tire sa r\u00e9v\u00e9rence \u00e0 79 ans","datePublished":"2024-11-02T16:07:15+00:00","dateModified":"2024-11-02T16:07:15+00:00","mainEntityOfPage":{"@id":"https:\/\/gabonnouvellevision.com\/gnv\/2024\/11\/02\/politique-necrologie-adrien-nkoghe-essingone-tire-sa-reverence-a-79-ans\/"},"wordCount":191,"commentCount":0,"publisher":{"@id":"https:\/\/gabonnouvellevision.com\/gnv\/#organization"},"image":{"@id":"https:\/\/gabonnouvellevision.com\/gnv\/2024\/11\/02\/politique-necrologie-adrien-nkoghe-essingone-tire-sa-reverence-a-79-ans\/#primaryimage"},"thumbnailUrl":"https:\/\/gabonnouvellevision.com\/gnv\/wp-content\/uploads\/2024\/11\/Adrien-Nkoghe2.jpg","articleSection":["A la une","Actualites","Politique"],"inLanguage":"fr-FR","potentialAction":[{"@type":"CommentAction","name":"Comment","target":["https:\/\/gabonnouvellevision.com\/gnv\/2024\/11\/02\/politique-necrologie-adrien-nkoghe-essingone-tire-sa-reverence-a-79-ans\/#respond"]}]},{"@type":"WebPage","@id":"https:\/\/gabonnouvellevision.com\/gnv\/2024\/11\/02\/politique-necrologie-adrien-nkoghe-essingone-tire-sa-reverence-a-79-ans\/","url":"https:\/\/gabonnouvellevision.com\/gnv\/2024\/11\/02\/politique-necrologie-adrien-nkoghe-essingone-tire-sa-reverence-a-79-ans\/","name":"Politique\/N\u00e9crologie : Adrien Nkogh\u00e9 Essingone tire sa r\u00e9v\u00e9rence \u00e0 79 ans - Gabon Nouvelle Vision","isPartOf":{"@id":"https:\/\/gabonnouvellevision.com\/gnv\/#website"},"primaryImageOfPage":{"@id":"https:\/\/gabonnouvellevision.com\/gnv\/2024\/11\/02\/politique-necrologie-adrien-nkoghe-essingone-tire-sa-reverence-a-79-ans\/#primaryimage"},"image":{"@id":"https:\/\/gabonnouvellevision.com\/gnv\/2024\/11\/02\/politique-necrologie-adrien-nkoghe-essingone-tire-sa-reverence-a-79-ans\/#primaryimage"},"thumbnailUrl":"https:\/\/gabonnouvellevision.com\/gnv\/wp-content\/uploads\/2024\/11\/Adrien-Nkoghe2.jpg","datePublished":"2024-11-02T16:07:15+00:00","dateModified":"2024-11-02T16:07:15+00:00","breadcrumb":{"@id":"https:\/\/gabonnouvellevision.com\/gnv\/2024\/11\/02\/politique-necrologie-adrien-nkoghe-essingone-tire-sa-reverence-a-79-ans\/#breadcrumb"},"inLanguage":"fr-FR","potentialAction":[{"@type":"ReadAction","target":["https:\/\/gabonnouvellevision.com\/gnv\/2024\/11\/02\/politique-necrologie-adrien-nkoghe-essingone-tire-sa-reverence-a-79-ans\/"]}]},{"@type":"ImageObject","inLanguage":"fr-FR","@id":"https:\/\/gabonnouvellevision.com\/gnv\/2024\/11\/02\/politique-necrologie-adrien-nkoghe-essingone-tire-sa-reverence-a-79-ans\/#primaryimage","url":"https:\/\/gabonnouvellevision.com\/gnv\/wp-content\/uploads\/2024\/11\/Adrien-Nkoghe2.jpg","contentUrl":"https:\/\/gabonnouvellevision.com\/gnv\/wp-content\/uploads\/2024\/11\/Adrien-Nkoghe2.jpg","width":600,"height":836},{"@type":"BreadcrumbList","@id":"https:\/\/gabonnouvellevision.com\/gnv\/2024\/11\/02\/politique-necrologie-adrien-nkoghe-essingone-tire-sa-reverence-a-79-ans\/#breadcrumb","itemListElement":[{"@type":"ListItem","position":1,"name":"Accueil","item":"https:\/\/gabonnouvellevision.com\/gnv\/"},{"@type":"ListItem","position":2,"name":"Politique\/N\u00e9crologie : Adrien Nkogh\u00e9 Essingone tire sa r\u00e9v\u00e9rence \u00e0 79 ans"}]},{"@type":"WebSite","@id":"https:\/\/gabonnouvellevision.com\/gnv\/#website","url":"https:\/\/gabonnouvellevision.com\/gnv\/","name":"Gabon Nouvelle Vision","description":"","publisher":{"@id":"https:\/\/gabonnouvellevision.com\/gnv\/#organization"},"potentialAction":[{"@type":"SearchAction","target":{"@type":"EntryPoint","urlTemplate":"https:\/\/gabonnouvellevision.com\/gnv\/?s={search_term_string}"},"query-input":{"@type":"PropertyValueSpecification","valueRequired":true,"valueName":"search_term_string"}}],"inLanguage":"fr-FR"},{"@type":"Organization","@id":"https:\/\/gabonnouvellevision.com\/gnv\/#organization","name":"Gabon Nouvelle Vision","url":"https:\/\/gabonnouvellevision.com\/gnv\/","logo":{"@type":"ImageObject","inLanguage":"fr-FR","@id":"https:\/\/gabonnouvellevision.com\/gnv\/#\/schema\/logo\/image\/","url":"https:\/\/gabonnouvellevision.com\/gnv\/wp-content\/uploads\/2025\/01\/logo-text_Plan-de-travail-1.png","contentUrl":"https:\/\/gabonnouvellevision.com\/gnv\/wp-content\/uploads\/2025\/01\/logo-text_Plan-de-travail-1.png","width":7169,"height":2390,"caption":"Gabon Nouvelle Vision"},"image":{"@id":"https:\/\/gabonnouvellevision.com\/gnv\/#\/schema\/logo\/image\/"},"sameAs":["https:\/\/www.facebook.com\/GNVofficiel"]},{"@type":"Person","@id":"https:\/\/gabonnouvellevision.com\/gnv\/#\/schema\/person\/747bfb82bd833fb5a5a49e7c5031633d","name":"Junior MBOULET","image":{"@type":"ImageObject","inLanguage":"fr-FR","@id":"https:\/\/gabonnouvellevision.com\/gnv\/#\/schema\/person\/image\/","url":"https:\/\/secure.gravatar.com\/avatar\/b541278a71f2f5c40b38fff4c93c15b82cf168df8b47ea9d9e97c9c9c716c6f0?s=96&d=mm&r=g","contentUrl":"https:\/\/secure.gravatar.com\/avatar\/b541278a71f2f5c40b38fff4c93c15b82cf168df8b47ea9d9e97c9c9c716c6f0?s=96&d=mm&r=g","caption":"Junior MBOULET"},"url":"https:\/\/gabonnouvellevision.com\/gnv\/author\/junior\/"}]}},"_links":{"self":[{"href":"https:\/\/gabonnouvellevision.com\/gnv\/wp-json\/wp\/v2\/posts\/3537","targetHints":{"allow":["GET"]}}],"collection":[{"href":"https:\/\/gabonnouvellevision.com\/gnv\/wp-json\/wp\/v2\/posts"}],"about":[{"href":"https:\/\/gabonnouvellevision.com\/gnv\/wp-json\/wp\/v2\/types\/post"}],"author":[{"embeddable":true,"href":"https:\/\/gabonnouvellevision.com\/gnv\/wp-json\/wp\/v2\/users\/5"}],"replies":[{"embeddable":true,"href":"https:\/\/gabonnouvellevision.com\/gnv\/wp-json\/wp\/v2\/comments?post=3537"}],"version-history":[{"count":0,"href":"https:\/\/gabonnouvellevision.com\/gnv\/wp-json\/wp\/v2\/posts\/3537\/revisions"}],"wp:featuredmedia":[{"embeddable":true,"href":"https:\/\/gabonnouvellevision.com\/gnv\/wp-json\/wp\/v2\/media\/3538"}],"wp:attachment":[{"href":"https:\/\/gabonnouvellevision.com\/gnv\/wp-json\/wp\/v2\/media?parent=3537"}],"wp:term":[{"taxonomy":"category","embeddable":true,"href":"https:\/\/gabonnouvellevision.com\/gnv\/wp-json\/wp\/v2\/categories?post=3537"},{"taxonomy":"post_tag","embeddable":true,"href":"https:\/\/gabonnouvellevision.com\/gnv\/wp-json\/wp\/v2\/tags?post=3537"}],"curies":[{"name":"wp","href":"https:\/\/api.w.org\/{rel}","templated":true}]}}