{"id":3438,"date":"2024-10-04T10:15:53","date_gmt":"2024-10-04T09:15:53","guid":{"rendered":"https:\/\/gabonnouvellevision.com\/gnv\/?p=3438"},"modified":"2024-10-04T10:15:53","modified_gmt":"2024-10-04T09:15:53","slug":"le-president-oligui-nguema-present-au-sommet-de-la-francophonie","status":"publish","type":"post","link":"https:\/\/gabonnouvellevision.com\/gnv\/2024\/10\/04\/le-president-oligui-nguema-present-au-sommet-de-la-francophonie\/","title":{"rendered":"Le Pr\u00e9sident Oligui Nguema pr\u00e9sent au sommet de la Francophonie"},"content":{"rendered":"<p><strong><em>88 Chefs d\u2019Etats et de gouvernements prennent part aux travaux du 19\u00e8me sommet de la Francophonie qui s\u2019ouvre ce \u00a0vendredi \u00a0o4 octobre \u00e0 Villers-Cotter\u00eats en France sous le th\u00e8me: \u201ccr\u00e9er, innover et entreprendre en fran\u00e7ais\u201d. Le Gabon y est repr\u00e9sent\u00e9 au plus haut niveau par le Pr\u00e9sident de la Transition, Brice Clotaire Oligui Nguema<\/em><\/strong>.<\/p>\n<p>Le premier en terre fran\u00e7aise depuis 33 ans, le 19\u00e8me sommet de la Francophonie se tient sur deux sites : Paris et Villers-Cotter\u00eats (90 kilom\u00e8tres de la capitale fran\u00e7aise). Alors que trois pays africains du Sahel, le Mali, le Burkina-Faso, et le Niger n\u2019ont pas \u00e9t\u00e9 invit\u00e9s en raison du climat d\u00e9l\u00e9t\u00e8re qui pr\u00e9vaut actuellement avec la France. Or, le dit sommet aurait \u00e9t\u00e9 une occasion propice de r\u00e9gler ce diff\u00e9rend qui ternit l\u2019image de la France aujourd\u2019hui \u00e0 l\u2019internationale.<\/p>\n<p>Le Pr\u00e9sident de la Transition, Brice Clotaire Oligui Nguema qui participe pour la premi\u00e8re fois \u00e0 ce sommet, devra saisir cette opportunit\u00e9 pour redorer l\u2019image du Gabon sous l\u2019\u00e8re de la transition. Une image jug\u00e9e reluisante jusqu\u2019\u00e0 ce jour \u00a0par la majorit\u00e9 des Gabonais et de la communaut\u00e9 internationale.<\/p>\n<p>Parl\u00e9 \u00e0 ce jour par 321 millions de personnes \u00e0 travers le monde (5\u00e8me langue la plus parl\u00e9e au monde), la Francophonie a \u00e9t\u00e9 cr\u00e9\u00e9e le 20 mars 1970 \u00e0 Niamey au Niger, gr\u00e2ce \u00e0 une id\u00e9e originale de trois Chefs d\u2019Etats Africains de l\u2019\u00e9poque, en particulier L\u00e9opold S\u00e9dar Senghor du S\u00e9n\u00e9gal, Hamani Diori du Niger et Habib Bourguiba de Tunisie.<\/p>\n<p>Cette organisation compos\u00e9e en 2024 de 88 Etats et gouvernements dont 54 membres, 27 observateurs et 7 associ\u00e9s r\u00e9partis en 7 r\u00e9gions dans le monde, vise entre autres, \u00a0\u00e0 promouvoir la langue fran\u00e7aise, la diversit\u00e9 culturelle et linguistique\u2026<\/p>\n<p>Ce 19\u00e8me sommet qui devra consolider davantage les relations bilat\u00e9rales et multilat\u00e9rales s\u2019ach\u00e8ve demain \u00e0 Paris.<\/p>\n<p><strong>Rufin Martial Oke Nze<\/strong><\/p>\n","protected":false},"excerpt":{"rendered":"<p>88 Chefs d\u2019Etats et de gouvernements prennent part aux travaux du 19\u00e8me sommet de la Francophonie qui s\u2019ouvre ce \u00a0vendredi \u00a0o4 octobre \u00e0 Villers-Cotter\u00eats en France sous le th\u00e8me: \u201ccr\u00e9er, innover et entreprendre en fran\u00e7ais\u201d. Le Gabon y est repr\u00e9sent\u00e9 au plus haut niveau par le Pr\u00e9sident de la Transition, Brice Clotaire Oligui Nguema. Le [&hellip;]<\/p>\n","protected":false},"author":7,"featured_media":3439,"comment_status":"open","ping_status":"open","sticky":false,"template":"","format":"standard","meta":{"footnotes":""},"categories":[57,55,66],"tags":[],"class_list":["post-3438","post","type-post","status-publish","format-standard","has-post-thumbnail","hentry","category-a-la-une","category-actualites","category-diplomatie"],"yoast_head":"<!-- This site is optimized with the Yoast SEO plugin v24.2 - https:\/\/yoast.com\/wordpress\/plugins\/seo\/ -->\n<title>Le Pr\u00e9sident Oligui Nguema pr\u00e9sent au sommet de la Francophonie - Gabon Nouvelle Vision<\/title>\n<meta name=\"robots\" content=\"index, follow, max-snippet:-1, max-image-preview:large, max-video-preview:-1\" \/>\n<link rel=\"canonical\" href=\"https:\/\/gabonnouvellevision.com\/gnv\/2024\/10\/04\/le-president-oligui-nguema-present-au-sommet-de-la-francophonie\/\" \/>\n<meta property=\"og:locale\" content=\"fr_FR\" \/>\n<meta property=\"og:type\" content=\"article\" \/>\n<meta property=\"og:title\" content=\"Le Pr\u00e9sident Oligui Nguema pr\u00e9sent au sommet de la Francophonie - Gabon Nouvelle Vision\" \/>\n<meta property=\"og:description\" content=\"88 Chefs d\u2019Etats et de gouvernements prennent part aux travaux du 19\u00e8me sommet de la Francophonie qui s\u2019ouvre ce \u00a0vendredi \u00a0o4 octobre \u00e0 Villers-Cotter\u00eats en France sous le th\u00e8me: \u201ccr\u00e9er, innover et entreprendre en fran\u00e7ais\u201d. Le Gabon y est repr\u00e9sent\u00e9 au plus haut niveau par le Pr\u00e9sident de la Transition, Brice Clotaire Oligui Nguema. Le [&hellip;]\" \/>\n<meta property=\"og:url\" content=\"https:\/\/gabonnouvellevision.com\/gnv\/2024\/10\/04\/le-president-oligui-nguema-present-au-sommet-de-la-francophonie\/\" \/>\n<meta property=\"og:site_name\" content=\"Gabon Nouvelle Vision\" \/>\n<meta property=\"article:publisher\" content=\"https:\/\/www.facebook.com\/GNVofficiel\" \/>\n<meta property=\"article:published_time\" content=\"2024-10-04T09:15:53+00:00\" \/>\n<meta property=\"og:image\" content=\"https:\/\/gabonnouvellevision.com\/gnv\/wp-content\/uploads\/2024\/10\/Oligui-Nguema-e1727952190879.jpeg\" \/>\n\t<meta property=\"og:image:width\" content=\"640\" \/>\n\t<meta property=\"og:image:height\" content=\"427\" \/>\n\t<meta property=\"og:image:type\" content=\"image\/jpeg\" \/>\n<meta name=\"author\" content=\"Eyeng Obame\" \/>\n<meta name=\"twitter:card\" content=\"summary_large_image\" \/>\n<meta name=\"twitter:label1\" content=\"\u00c9crit par\" \/>\n\t<meta name=\"twitter:data1\" content=\"Eyeng Obame\" \/>\n\t<meta name=\"twitter:label2\" content=\"Dur\u00e9e de lecture estim\u00e9e\" \/>\n\t<meta name=\"twitter:data2\" content=\"2 minutes\" \/>\n<script type=\"application\/ld+json\" class=\"yoast-schema-graph\">{\"@context\":\"https:\/\/schema.org\",\"@graph\":[{\"@type\":\"Article\",\"@id\":\"https:\/\/gabonnouvellevision.com\/gnv\/2024\/10\/04\/le-president-oligui-nguema-present-au-sommet-de-la-francophonie\/#article\",\"isPartOf\":{\"@id\":\"https:\/\/gabonnouvellevision.com\/gnv\/2024\/10\/04\/le-president-oligui-nguema-present-au-sommet-de-la-francophonie\/\"},\"author\":{\"name\":\"Eyeng Obame\",\"@id\":\"https:\/\/gabonnouvellevision.com\/gnv\/#\/schema\/person\/4b48e07d222f83c0285affc3704bc899\"},\"headline\":\"Le Pr\u00e9sident Oligui Nguema pr\u00e9sent au sommet de la Francophonie\",\"datePublished\":\"2024-10-04T09:15:53+00:00\",\"dateModified\":\"2024-10-04T09:15:53+00:00\",\"mainEntityOfPage\":{\"@id\":\"https:\/\/gabonnouvellevision.com\/gnv\/2024\/10\/04\/le-president-oligui-nguema-present-au-sommet-de-la-francophonie\/\"},\"wordCount\":339,\"commentCount\":0,\"publisher\":{\"@id\":\"https:\/\/gabonnouvellevision.com\/gnv\/#organization\"},\"image\":{\"@id\":\"https:\/\/gabonnouvellevision.com\/gnv\/2024\/10\/04\/le-president-oligui-nguema-present-au-sommet-de-la-francophonie\/#primaryimage\"},\"thumbnailUrl\":\"https:\/\/gabonnouvellevision.com\/gnv\/wp-content\/uploads\/2024\/10\/Oligui-Nguema-e1727952190879.jpeg\",\"articleSection\":[\"A la une\",\"Actualites\",\"Diplomatie\"],\"inLanguage\":\"fr-FR\",\"potentialAction\":[{\"@type\":\"CommentAction\",\"name\":\"Comment\",\"target\":[\"https:\/\/gabonnouvellevision.com\/gnv\/2024\/10\/04\/le-president-oligui-nguema-present-au-sommet-de-la-francophonie\/#respond\"]}]},{\"@type\":\"WebPage\",\"@id\":\"https:\/\/gabonnouvellevision.com\/gnv\/2024\/10\/04\/le-president-oligui-nguema-present-au-sommet-de-la-francophonie\/\",\"url\":\"https:\/\/gabonnouvellevision.com\/gnv\/2024\/10\/04\/le-president-oligui-nguema-present-au-sommet-de-la-francophonie\/\",\"name\":\"Le Pr\u00e9sident Oligui Nguema pr\u00e9sent au sommet de la Francophonie - Gabon Nouvelle Vision\",\"isPartOf\":{\"@id\":\"https:\/\/gabonnouvellevision.com\/gnv\/#website\"},\"primaryImageOfPage\":{\"@id\":\"https:\/\/gabonnouvellevision.com\/gnv\/2024\/10\/04\/le-president-oligui-nguema-present-au-sommet-de-la-francophonie\/#primaryimage\"},\"image\":{\"@id\":\"https:\/\/gabonnouvellevision.com\/gnv\/2024\/10\/04\/le-president-oligui-nguema-present-au-sommet-de-la-francophonie\/#primaryimage\"},\"thumbnailUrl\":\"https:\/\/gabonnouvellevision.com\/gnv\/wp-content\/uploads\/2024\/10\/Oligui-Nguema-e1727952190879.jpeg\",\"datePublished\":\"2024-10-04T09:15:53+00:00\",\"dateModified\":\"2024-10-04T09:15:53+00:00\",\"breadcrumb\":{\"@id\":\"https:\/\/gabonnouvellevision.com\/gnv\/2024\/10\/04\/le-president-oligui-nguema-present-au-sommet-de-la-francophonie\/#breadcrumb\"},\"inLanguage\":\"fr-FR\",\"potentialAction\":[{\"@type\":\"ReadAction\",\"target\":[\"https:\/\/gabonnouvellevision.com\/gnv\/2024\/10\/04\/le-president-oligui-nguema-present-au-sommet-de-la-francophonie\/\"]}]},{\"@type\":\"ImageObject\",\"inLanguage\":\"fr-FR\",\"@id\":\"https:\/\/gabonnouvellevision.com\/gnv\/2024\/10\/04\/le-president-oligui-nguema-present-au-sommet-de-la-francophonie\/#primaryimage\",\"url\":\"https:\/\/gabonnouvellevision.com\/gnv\/wp-content\/uploads\/2024\/10\/Oligui-Nguema-e1727952190879.jpeg\",\"contentUrl\":\"https:\/\/gabonnouvellevision.com\/gnv\/wp-content\/uploads\/2024\/10\/Oligui-Nguema-e1727952190879.jpeg\",\"width\":640,\"height\":427},{\"@type\":\"BreadcrumbList\",\"@id\":\"https:\/\/gabonnouvellevision.com\/gnv\/2024\/10\/04\/le-president-oligui-nguema-present-au-sommet-de-la-francophonie\/#breadcrumb\",\"itemListElement\":[{\"@type\":\"ListItem\",\"position\":1,\"name\":\"Accueil\",\"item\":\"https:\/\/gabonnouvellevision.com\/gnv\/\"},{\"@type\":\"ListItem\",\"position\":2,\"name\":\"Le Pr\u00e9sident Oligui Nguema pr\u00e9sent au sommet de la Francophonie\"}]},{\"@type\":\"WebSite\",\"@id\":\"https:\/\/gabonnouvellevision.com\/gnv\/#website\",\"url\":\"https:\/\/gabonnouvellevision.com\/gnv\/\",\"name\":\"Gabon Nouvelle Vision\",\"description\":\"\",\"publisher\":{\"@id\":\"https:\/\/gabonnouvellevision.com\/gnv\/#organization\"},\"potentialAction\":[{\"@type\":\"SearchAction\",\"target\":{\"@type\":\"EntryPoint\",\"urlTemplate\":\"https:\/\/gabonnouvellevision.com\/gnv\/?s={search_term_string}\"},\"query-input\":{\"@type\":\"PropertyValueSpecification\",\"valueRequired\":true,\"valueName\":\"search_term_string\"}}],\"inLanguage\":\"fr-FR\"},{\"@type\":\"Organization\",\"@id\":\"https:\/\/gabonnouvellevision.com\/gnv\/#organization\",\"name\":\"Gabon Nouvelle Vision\",\"url\":\"https:\/\/gabonnouvellevision.com\/gnv\/\",\"logo\":{\"@type\":\"ImageObject\",\"inLanguage\":\"fr-FR\",\"@id\":\"https:\/\/gabonnouvellevision.com\/gnv\/#\/schema\/logo\/image\/\",\"url\":\"https:\/\/gabonnouvellevision.com\/gnv\/wp-content\/uploads\/2025\/01\/logo-text_Plan-de-travail-1.png\",\"contentUrl\":\"https:\/\/gabonnouvellevision.com\/gnv\/wp-content\/uploads\/2025\/01\/logo-text_Plan-de-travail-1.png\",\"width\":7169,\"height\":2390,\"caption\":\"Gabon Nouvelle Vision\"},\"image\":{\"@id\":\"https:\/\/gabonnouvellevision.com\/gnv\/#\/schema\/logo\/image\/\"},\"sameAs\":[\"https:\/\/www.facebook.com\/GNVofficiel\"]},{\"@type\":\"Person\",\"@id\":\"https:\/\/gabonnouvellevision.com\/gnv\/#\/schema\/person\/4b48e07d222f83c0285affc3704bc899\",\"name\":\"Eyeng Obame\",\"image\":{\"@type\":\"ImageObject\",\"inLanguage\":\"fr-FR\",\"@id\":\"https:\/\/gabonnouvellevision.com\/gnv\/#\/schema\/person\/image\/\",\"url\":\"https:\/\/secure.gravatar.com\/avatar\/167bc03b8baf3c77318a47159f80871de6f5a6cbf4bc8b6af750fbc1a369d7bf?s=96&d=mm&r=g\",\"contentUrl\":\"https:\/\/secure.gravatar.com\/avatar\/167bc03b8baf3c77318a47159f80871de6f5a6cbf4bc8b6af750fbc1a369d7bf?s=96&d=mm&r=g\",\"caption\":\"Eyeng Obame\"},\"url\":\"https:\/\/gabonnouvellevision.com\/gnv\/author\/rufin\/\"}]}<\/script>\n<!-- \/ Yoast SEO plugin. -->","yoast_head_json":{"title":"Le Pr\u00e9sident Oligui Nguema pr\u00e9sent au sommet de la Francophonie - Gabon Nouvelle Vision","robots":{"index":"index","follow":"follow","max-snippet":"max-snippet:-1","max-image-preview":"max-image-preview:large","max-video-preview":"max-video-preview:-1"},"canonical":"https:\/\/gabonnouvellevision.com\/gnv\/2024\/10\/04\/le-president-oligui-nguema-present-au-sommet-de-la-francophonie\/","og_locale":"fr_FR","og_type":"article","og_title":"Le Pr\u00e9sident Oligui Nguema pr\u00e9sent au sommet de la Francophonie - Gabon Nouvelle Vision","og_description":"88 Chefs d\u2019Etats et de gouvernements prennent part aux travaux du 19\u00e8me sommet de la Francophonie qui s\u2019ouvre ce \u00a0vendredi \u00a0o4 octobre \u00e0 Villers-Cotter\u00eats en France sous le th\u00e8me: \u201ccr\u00e9er, innover et entreprendre en fran\u00e7ais\u201d. Le Gabon y est repr\u00e9sent\u00e9 au plus haut niveau par le Pr\u00e9sident de la Transition, Brice Clotaire Oligui Nguema. Le [&hellip;]","og_url":"https:\/\/gabonnouvellevision.com\/gnv\/2024\/10\/04\/le-president-oligui-nguema-present-au-sommet-de-la-francophonie\/","og_site_name":"Gabon Nouvelle Vision","article_publisher":"https:\/\/www.facebook.com\/GNVofficiel","article_published_time":"2024-10-04T09:15:53+00:00","og_image":[{"width":640,"height":427,"url":"https:\/\/gabonnouvellevision.com\/gnv\/wp-content\/uploads\/2024\/10\/Oligui-Nguema-e1727952190879.jpeg","type":"image\/jpeg"}],"author":"Eyeng Obame","twitter_card":"summary_large_image","twitter_misc":{"\u00c9crit par":"Eyeng Obame","Dur\u00e9e de lecture estim\u00e9e":"2 minutes"},"schema":{"@context":"https:\/\/schema.org","@graph":[{"@type":"Article","@id":"https:\/\/gabonnouvellevision.com\/gnv\/2024\/10\/04\/le-president-oligui-nguema-present-au-sommet-de-la-francophonie\/#article","isPartOf":{"@id":"https:\/\/gabonnouvellevision.com\/gnv\/2024\/10\/04\/le-president-oligui-nguema-present-au-sommet-de-la-francophonie\/"},"author":{"name":"Eyeng Obame","@id":"https:\/\/gabonnouvellevision.com\/gnv\/#\/schema\/person\/4b48e07d222f83c0285affc3704bc899"},"headline":"Le Pr\u00e9sident Oligui Nguema pr\u00e9sent au sommet de la Francophonie","datePublished":"2024-10-04T09:15:53+00:00","dateModified":"2024-10-04T09:15:53+00:00","mainEntityOfPage":{"@id":"https:\/\/gabonnouvellevision.com\/gnv\/2024\/10\/04\/le-president-oligui-nguema-present-au-sommet-de-la-francophonie\/"},"wordCount":339,"commentCount":0,"publisher":{"@id":"https:\/\/gabonnouvellevision.com\/gnv\/#organization"},"image":{"@id":"https:\/\/gabonnouvellevision.com\/gnv\/2024\/10\/04\/le-president-oligui-nguema-present-au-sommet-de-la-francophonie\/#primaryimage"},"thumbnailUrl":"https:\/\/gabonnouvellevision.com\/gnv\/wp-content\/uploads\/2024\/10\/Oligui-Nguema-e1727952190879.jpeg","articleSection":["A la une","Actualites","Diplomatie"],"inLanguage":"fr-FR","potentialAction":[{"@type":"CommentAction","name":"Comment","target":["https:\/\/gabonnouvellevision.com\/gnv\/2024\/10\/04\/le-president-oligui-nguema-present-au-sommet-de-la-francophonie\/#respond"]}]},{"@type":"WebPage","@id":"https:\/\/gabonnouvellevision.com\/gnv\/2024\/10\/04\/le-president-oligui-nguema-present-au-sommet-de-la-francophonie\/","url":"https:\/\/gabonnouvellevision.com\/gnv\/2024\/10\/04\/le-president-oligui-nguema-present-au-sommet-de-la-francophonie\/","name":"Le Pr\u00e9sident Oligui Nguema pr\u00e9sent au sommet de la Francophonie - Gabon Nouvelle Vision","isPartOf":{"@id":"https:\/\/gabonnouvellevision.com\/gnv\/#website"},"primaryImageOfPage":{"@id":"https:\/\/gabonnouvellevision.com\/gnv\/2024\/10\/04\/le-president-oligui-nguema-present-au-sommet-de-la-francophonie\/#primaryimage"},"image":{"@id":"https:\/\/gabonnouvellevision.com\/gnv\/2024\/10\/04\/le-president-oligui-nguema-present-au-sommet-de-la-francophonie\/#primaryimage"},"thumbnailUrl":"https:\/\/gabonnouvellevision.com\/gnv\/wp-content\/uploads\/2024\/10\/Oligui-Nguema-e1727952190879.jpeg","datePublished":"2024-10-04T09:15:53+00:00","dateModified":"2024-10-04T09:15:53+00:00","breadcrumb":{"@id":"https:\/\/gabonnouvellevision.com\/gnv\/2024\/10\/04\/le-president-oligui-nguema-present-au-sommet-de-la-francophonie\/#breadcrumb"},"inLanguage":"fr-FR","potentialAction":[{"@type":"ReadAction","target":["https:\/\/gabonnouvellevision.com\/gnv\/2024\/10\/04\/le-president-oligui-nguema-present-au-sommet-de-la-francophonie\/"]}]},{"@type":"ImageObject","inLanguage":"fr-FR","@id":"https:\/\/gabonnouvellevision.com\/gnv\/2024\/10\/04\/le-president-oligui-nguema-present-au-sommet-de-la-francophonie\/#primaryimage","url":"https:\/\/gabonnouvellevision.com\/gnv\/wp-content\/uploads\/2024\/10\/Oligui-Nguema-e1727952190879.jpeg","contentUrl":"https:\/\/gabonnouvellevision.com\/gnv\/wp-content\/uploads\/2024\/10\/Oligui-Nguema-e1727952190879.jpeg","width":640,"height":427},{"@type":"BreadcrumbList","@id":"https:\/\/gabonnouvellevision.com\/gnv\/2024\/10\/04\/le-president-oligui-nguema-present-au-sommet-de-la-francophonie\/#breadcrumb","itemListElement":[{"@type":"ListItem","position":1,"name":"Accueil","item":"https:\/\/gabonnouvellevision.com\/gnv\/"},{"@type":"ListItem","position":2,"name":"Le Pr\u00e9sident Oligui Nguema pr\u00e9sent au sommet de la Francophonie"}]},{"@type":"WebSite","@id":"https:\/\/gabonnouvellevision.com\/gnv\/#website","url":"https:\/\/gabonnouvellevision.com\/gnv\/","name":"Gabon Nouvelle Vision","description":"","publisher":{"@id":"https:\/\/gabonnouvellevision.com\/gnv\/#organization"},"potentialAction":[{"@type":"SearchAction","target":{"@type":"EntryPoint","urlTemplate":"https:\/\/gabonnouvellevision.com\/gnv\/?s={search_term_string}"},"query-input":{"@type":"PropertyValueSpecification","valueRequired":true,"valueName":"search_term_string"}}],"inLanguage":"fr-FR"},{"@type":"Organization","@id":"https:\/\/gabonnouvellevision.com\/gnv\/#organization","name":"Gabon Nouvelle Vision","url":"https:\/\/gabonnouvellevision.com\/gnv\/","logo":{"@type":"ImageObject","inLanguage":"fr-FR","@id":"https:\/\/gabonnouvellevision.com\/gnv\/#\/schema\/logo\/image\/","url":"https:\/\/gabonnouvellevision.com\/gnv\/wp-content\/uploads\/2025\/01\/logo-text_Plan-de-travail-1.png","contentUrl":"https:\/\/gabonnouvellevision.com\/gnv\/wp-content\/uploads\/2025\/01\/logo-text_Plan-de-travail-1.png","width":7169,"height":2390,"caption":"Gabon Nouvelle Vision"},"image":{"@id":"https:\/\/gabonnouvellevision.com\/gnv\/#\/schema\/logo\/image\/"},"sameAs":["https:\/\/www.facebook.com\/GNVofficiel"]},{"@type":"Person","@id":"https:\/\/gabonnouvellevision.com\/gnv\/#\/schema\/person\/4b48e07d222f83c0285affc3704bc899","name":"Eyeng Obame","image":{"@type":"ImageObject","inLanguage":"fr-FR","@id":"https:\/\/gabonnouvellevision.com\/gnv\/#\/schema\/person\/image\/","url":"https:\/\/secure.gravatar.com\/avatar\/167bc03b8baf3c77318a47159f80871de6f5a6cbf4bc8b6af750fbc1a369d7bf?s=96&d=mm&r=g","contentUrl":"https:\/\/secure.gravatar.com\/avatar\/167bc03b8baf3c77318a47159f80871de6f5a6cbf4bc8b6af750fbc1a369d7bf?s=96&d=mm&r=g","caption":"Eyeng Obame"},"url":"https:\/\/gabonnouvellevision.com\/gnv\/author\/rufin\/"}]}},"_links":{"self":[{"href":"https:\/\/gabonnouvellevision.com\/gnv\/wp-json\/wp\/v2\/posts\/3438","targetHints":{"allow":["GET"]}}],"collection":[{"href":"https:\/\/gabonnouvellevision.com\/gnv\/wp-json\/wp\/v2\/posts"}],"about":[{"href":"https:\/\/gabonnouvellevision.com\/gnv\/wp-json\/wp\/v2\/types\/post"}],"author":[{"embeddable":true,"href":"https:\/\/gabonnouvellevision.com\/gnv\/wp-json\/wp\/v2\/users\/7"}],"replies":[{"embeddable":true,"href":"https:\/\/gabonnouvellevision.com\/gnv\/wp-json\/wp\/v2\/comments?post=3438"}],"version-history":[{"count":0,"href":"https:\/\/gabonnouvellevision.com\/gnv\/wp-json\/wp\/v2\/posts\/3438\/revisions"}],"wp:featuredmedia":[{"embeddable":true,"href":"https:\/\/gabonnouvellevision.com\/gnv\/wp-json\/wp\/v2\/media\/3439"}],"wp:attachment":[{"href":"https:\/\/gabonnouvellevision.com\/gnv\/wp-json\/wp\/v2\/media?parent=3438"}],"wp:term":[{"taxonomy":"category","embeddable":true,"href":"https:\/\/gabonnouvellevision.com\/gnv\/wp-json\/wp\/v2\/categories?post=3438"},{"taxonomy":"post_tag","embeddable":true,"href":"https:\/\/gabonnouvellevision.com\/gnv\/wp-json\/wp\/v2\/tags?post=3438"}],"curies":[{"name":"wp","href":"https:\/\/api.w.org\/{rel}","templated":true}]}}