{"id":3410,"date":"2024-09-27T15:28:54","date_gmt":"2024-09-27T14:28:54","guid":{"rendered":"https:\/\/gabonnouvellevision.com\/gnv\/?p=3410"},"modified":"2024-09-27T15:28:54","modified_gmt":"2024-09-27T14:28:54","slug":"atelier-sur-le-climat-la-paix-et-la-securite-a-ntoum","status":"publish","type":"post","link":"https:\/\/gabonnouvellevision.com\/gnv\/2024\/09\/27\/atelier-sur-le-climat-la-paix-et-la-securite-a-ntoum\/","title":{"rendered":"Atelier sur le climat, la paix, et la s\u00e9curit\u00e9 \u00e0 Ntoum"},"content":{"rendered":"<p><strong><em>Abdou Abarry, Repr\u00e9sentant sp\u00e9cial en Afrique Centrale et Chef de Bureau r\u00e9gional des Nations Unies pour l&rsquo;Afrique Centrale ( UNOCA), plus que serein quant \u00e0 l&rsquo;avenir de la sous-r\u00e9gion.<\/em><\/strong><\/p>\n<p><strong><em>Un atelier de renforcement des capacit\u00e9s sur le climat, la paix et la s\u00e9curit\u00e9 climatique se tiendra du 02 au 04 octobre prochain \u00e0 NKOK dans le deuxi\u00e8me arrondissement de la commune de Ntoum.<\/em><\/strong><\/p>\n<p>Cet atelier qui r\u00e9unira les personnels des Nations Unies d\u00e9ploy\u00e9s en Afrique Centrale, de la CEEAC, de la soci\u00e9t\u00e9 civile ainsi que les partenaires techniques permettra aux participants de mieux connaitre le travail de l\u2019UNOCA et de la CEEAC en mati\u00e8re de climat, de paix et de s\u00e9curit\u00e9, d\u2019\u00e9valuer les risques locaux, nationaux et r\u00e9gionaux dans ces domaines et d\u2019explorer les opportunit\u00e9s pour y faire face collectivement. Indique le service\u00a0 presse de l\u2019UNOCA.<\/p>\n<p>Avant de rench\u00e9rir que le dit atelier \u00a0\u00bb servira aussi de cadre pour l\u2019\u00e9tablissement des synergies entre les parties prenantes ainsi que pour une r\u00e9flexion sur les opportunit\u00e9s d&rsquo;int\u00e9gration des consid\u00e9rations climatiques dans la consolidation de la paix en Afrique centrale.<\/p>\n<p>Des travaux qui devront \u00eatre sanctionn\u00e9s par d&rsquo;importantes r\u00e9solutions et recommandations en la mati\u00e8re.<\/p>\n<p><strong>Rufin Martial Oke Nze<\/strong><\/p>\n<p>.<\/p>\n","protected":false},"excerpt":{"rendered":"<p>Abdou Abarry, Repr\u00e9sentant sp\u00e9cial en Afrique Centrale et Chef de Bureau r\u00e9gional des Nations Unies pour l&rsquo;Afrique Centrale ( UNOCA), plus que serein quant \u00e0 l&rsquo;avenir de la sous-r\u00e9gion. Un atelier de renforcement des capacit\u00e9s sur le climat, la paix et la s\u00e9curit\u00e9 climatique se tiendra du 02 au 04 octobre prochain \u00e0 NKOK dans [&hellip;]<\/p>\n","protected":false},"author":7,"featured_media":3411,"comment_status":"open","ping_status":"open","sticky":false,"template":"","format":"standard","meta":{"footnotes":""},"categories":[57,55,68],"tags":[],"class_list":["post-3410","post","type-post","status-publish","format-standard","has-post-thumbnail","hentry","category-a-la-une","category-actualites","category-culture"],"yoast_head":"<!-- This site is optimized with the Yoast SEO plugin v24.2 - https:\/\/yoast.com\/wordpress\/plugins\/seo\/ -->\n<title>Atelier sur le climat, la paix, et la s\u00e9curit\u00e9 \u00e0 Ntoum - Gabon Nouvelle Vision<\/title>\n<meta name=\"robots\" content=\"index, follow, max-snippet:-1, max-image-preview:large, max-video-preview:-1\" \/>\n<link rel=\"canonical\" href=\"https:\/\/gabonnouvellevision.com\/gnv\/2024\/09\/27\/atelier-sur-le-climat-la-paix-et-la-securite-a-ntoum\/\" \/>\n<meta property=\"og:locale\" content=\"fr_FR\" \/>\n<meta property=\"og:type\" content=\"article\" \/>\n<meta property=\"og:title\" content=\"Atelier sur le climat, la paix, et la s\u00e9curit\u00e9 \u00e0 Ntoum - Gabon Nouvelle Vision\" \/>\n<meta property=\"og:description\" content=\"Abdou Abarry, Repr\u00e9sentant sp\u00e9cial en Afrique Centrale et Chef de Bureau r\u00e9gional des Nations Unies pour l&rsquo;Afrique Centrale ( UNOCA), plus que serein quant \u00e0 l&rsquo;avenir de la sous-r\u00e9gion. Un atelier de renforcement des capacit\u00e9s sur le climat, la paix et la s\u00e9curit\u00e9 climatique se tiendra du 02 au 04 octobre prochain \u00e0 NKOK dans [&hellip;]\" \/>\n<meta property=\"og:url\" content=\"https:\/\/gabonnouvellevision.com\/gnv\/2024\/09\/27\/atelier-sur-le-climat-la-paix-et-la-securite-a-ntoum\/\" \/>\n<meta property=\"og:site_name\" content=\"Gabon Nouvelle Vision\" \/>\n<meta property=\"article:publisher\" content=\"https:\/\/www.facebook.com\/GNVofficiel\" \/>\n<meta property=\"article:published_time\" content=\"2024-09-27T14:28:54+00:00\" \/>\n<meta property=\"og:image\" content=\"https:\/\/gabonnouvellevision.com\/gnv\/wp-content\/uploads\/2024\/09\/abarry_site_web_unoca.jpg\" \/>\n\t<meta property=\"og:image:width\" content=\"1200\" \/>\n\t<meta property=\"og:image:height\" content=\"695\" \/>\n\t<meta property=\"og:image:type\" content=\"image\/jpeg\" \/>\n<meta name=\"author\" content=\"Eyeng Obame\" \/>\n<meta name=\"twitter:card\" content=\"summary_large_image\" \/>\n<meta name=\"twitter:label1\" content=\"\u00c9crit par\" \/>\n\t<meta name=\"twitter:data1\" content=\"Eyeng Obame\" \/>\n\t<meta name=\"twitter:label2\" content=\"Dur\u00e9e de lecture estim\u00e9e\" \/>\n\t<meta name=\"twitter:data2\" content=\"1 minute\" \/>\n<script type=\"application\/ld+json\" class=\"yoast-schema-graph\">{\"@context\":\"https:\/\/schema.org\",\"@graph\":[{\"@type\":\"Article\",\"@id\":\"https:\/\/gabonnouvellevision.com\/gnv\/2024\/09\/27\/atelier-sur-le-climat-la-paix-et-la-securite-a-ntoum\/#article\",\"isPartOf\":{\"@id\":\"https:\/\/gabonnouvellevision.com\/gnv\/2024\/09\/27\/atelier-sur-le-climat-la-paix-et-la-securite-a-ntoum\/\"},\"author\":{\"name\":\"Eyeng Obame\",\"@id\":\"https:\/\/gabonnouvellevision.com\/gnv\/#\/schema\/person\/4b48e07d222f83c0285affc3704bc899\"},\"headline\":\"Atelier sur le climat, la paix, et la s\u00e9curit\u00e9 \u00e0 Ntoum\",\"datePublished\":\"2024-09-27T14:28:54+00:00\",\"dateModified\":\"2024-09-27T14:28:54+00:00\",\"mainEntityOfPage\":{\"@id\":\"https:\/\/gabonnouvellevision.com\/gnv\/2024\/09\/27\/atelier-sur-le-climat-la-paix-et-la-securite-a-ntoum\/\"},\"wordCount\":228,\"commentCount\":0,\"publisher\":{\"@id\":\"https:\/\/gabonnouvellevision.com\/gnv\/#organization\"},\"image\":{\"@id\":\"https:\/\/gabonnouvellevision.com\/gnv\/2024\/09\/27\/atelier-sur-le-climat-la-paix-et-la-securite-a-ntoum\/#primaryimage\"},\"thumbnailUrl\":\"https:\/\/gabonnouvellevision.com\/gnv\/wp-content\/uploads\/2024\/09\/abarry_site_web_unoca.jpg\",\"articleSection\":[\"A la une\",\"Actualites\",\"Culture\"],\"inLanguage\":\"fr-FR\",\"potentialAction\":[{\"@type\":\"CommentAction\",\"name\":\"Comment\",\"target\":[\"https:\/\/gabonnouvellevision.com\/gnv\/2024\/09\/27\/atelier-sur-le-climat-la-paix-et-la-securite-a-ntoum\/#respond\"]}]},{\"@type\":\"WebPage\",\"@id\":\"https:\/\/gabonnouvellevision.com\/gnv\/2024\/09\/27\/atelier-sur-le-climat-la-paix-et-la-securite-a-ntoum\/\",\"url\":\"https:\/\/gabonnouvellevision.com\/gnv\/2024\/09\/27\/atelier-sur-le-climat-la-paix-et-la-securite-a-ntoum\/\",\"name\":\"Atelier sur le climat, la paix, et la s\u00e9curit\u00e9 \u00e0 Ntoum - Gabon Nouvelle Vision\",\"isPartOf\":{\"@id\":\"https:\/\/gabonnouvellevision.com\/gnv\/#website\"},\"primaryImageOfPage\":{\"@id\":\"https:\/\/gabonnouvellevision.com\/gnv\/2024\/09\/27\/atelier-sur-le-climat-la-paix-et-la-securite-a-ntoum\/#primaryimage\"},\"image\":{\"@id\":\"https:\/\/gabonnouvellevision.com\/gnv\/2024\/09\/27\/atelier-sur-le-climat-la-paix-et-la-securite-a-ntoum\/#primaryimage\"},\"thumbnailUrl\":\"https:\/\/gabonnouvellevision.com\/gnv\/wp-content\/uploads\/2024\/09\/abarry_site_web_unoca.jpg\",\"datePublished\":\"2024-09-27T14:28:54+00:00\",\"dateModified\":\"2024-09-27T14:28:54+00:00\",\"breadcrumb\":{\"@id\":\"https:\/\/gabonnouvellevision.com\/gnv\/2024\/09\/27\/atelier-sur-le-climat-la-paix-et-la-securite-a-ntoum\/#breadcrumb\"},\"inLanguage\":\"fr-FR\",\"potentialAction\":[{\"@type\":\"ReadAction\",\"target\":[\"https:\/\/gabonnouvellevision.com\/gnv\/2024\/09\/27\/atelier-sur-le-climat-la-paix-et-la-securite-a-ntoum\/\"]}]},{\"@type\":\"ImageObject\",\"inLanguage\":\"fr-FR\",\"@id\":\"https:\/\/gabonnouvellevision.com\/gnv\/2024\/09\/27\/atelier-sur-le-climat-la-paix-et-la-securite-a-ntoum\/#primaryimage\",\"url\":\"https:\/\/gabonnouvellevision.com\/gnv\/wp-content\/uploads\/2024\/09\/abarry_site_web_unoca.jpg\",\"contentUrl\":\"https:\/\/gabonnouvellevision.com\/gnv\/wp-content\/uploads\/2024\/09\/abarry_site_web_unoca.jpg\",\"width\":1200,\"height\":695},{\"@type\":\"BreadcrumbList\",\"@id\":\"https:\/\/gabonnouvellevision.com\/gnv\/2024\/09\/27\/atelier-sur-le-climat-la-paix-et-la-securite-a-ntoum\/#breadcrumb\",\"itemListElement\":[{\"@type\":\"ListItem\",\"position\":1,\"name\":\"Accueil\",\"item\":\"https:\/\/gabonnouvellevision.com\/gnv\/\"},{\"@type\":\"ListItem\",\"position\":2,\"name\":\"Atelier sur le climat, la paix, et la s\u00e9curit\u00e9 \u00e0 Ntoum\"}]},{\"@type\":\"WebSite\",\"@id\":\"https:\/\/gabonnouvellevision.com\/gnv\/#website\",\"url\":\"https:\/\/gabonnouvellevision.com\/gnv\/\",\"name\":\"Gabon Nouvelle Vision\",\"description\":\"\",\"publisher\":{\"@id\":\"https:\/\/gabonnouvellevision.com\/gnv\/#organization\"},\"potentialAction\":[{\"@type\":\"SearchAction\",\"target\":{\"@type\":\"EntryPoint\",\"urlTemplate\":\"https:\/\/gabonnouvellevision.com\/gnv\/?s={search_term_string}\"},\"query-input\":{\"@type\":\"PropertyValueSpecification\",\"valueRequired\":true,\"valueName\":\"search_term_string\"}}],\"inLanguage\":\"fr-FR\"},{\"@type\":\"Organization\",\"@id\":\"https:\/\/gabonnouvellevision.com\/gnv\/#organization\",\"name\":\"Gabon Nouvelle Vision\",\"url\":\"https:\/\/gabonnouvellevision.com\/gnv\/\",\"logo\":{\"@type\":\"ImageObject\",\"inLanguage\":\"fr-FR\",\"@id\":\"https:\/\/gabonnouvellevision.com\/gnv\/#\/schema\/logo\/image\/\",\"url\":\"https:\/\/gabonnouvellevision.com\/gnv\/wp-content\/uploads\/2025\/01\/logo-text_Plan-de-travail-1.png\",\"contentUrl\":\"https:\/\/gabonnouvellevision.com\/gnv\/wp-content\/uploads\/2025\/01\/logo-text_Plan-de-travail-1.png\",\"width\":7169,\"height\":2390,\"caption\":\"Gabon Nouvelle Vision\"},\"image\":{\"@id\":\"https:\/\/gabonnouvellevision.com\/gnv\/#\/schema\/logo\/image\/\"},\"sameAs\":[\"https:\/\/www.facebook.com\/GNVofficiel\"]},{\"@type\":\"Person\",\"@id\":\"https:\/\/gabonnouvellevision.com\/gnv\/#\/schema\/person\/4b48e07d222f83c0285affc3704bc899\",\"name\":\"Eyeng Obame\",\"image\":{\"@type\":\"ImageObject\",\"inLanguage\":\"fr-FR\",\"@id\":\"https:\/\/gabonnouvellevision.com\/gnv\/#\/schema\/person\/image\/\",\"url\":\"https:\/\/secure.gravatar.com\/avatar\/167bc03b8baf3c77318a47159f80871de6f5a6cbf4bc8b6af750fbc1a369d7bf?s=96&d=mm&r=g\",\"contentUrl\":\"https:\/\/secure.gravatar.com\/avatar\/167bc03b8baf3c77318a47159f80871de6f5a6cbf4bc8b6af750fbc1a369d7bf?s=96&d=mm&r=g\",\"caption\":\"Eyeng Obame\"},\"url\":\"https:\/\/gabonnouvellevision.com\/gnv\/author\/rufin\/\"}]}<\/script>\n<!-- \/ Yoast SEO plugin. -->","yoast_head_json":{"title":"Atelier sur le climat, la paix, et la s\u00e9curit\u00e9 \u00e0 Ntoum - Gabon Nouvelle Vision","robots":{"index":"index","follow":"follow","max-snippet":"max-snippet:-1","max-image-preview":"max-image-preview:large","max-video-preview":"max-video-preview:-1"},"canonical":"https:\/\/gabonnouvellevision.com\/gnv\/2024\/09\/27\/atelier-sur-le-climat-la-paix-et-la-securite-a-ntoum\/","og_locale":"fr_FR","og_type":"article","og_title":"Atelier sur le climat, la paix, et la s\u00e9curit\u00e9 \u00e0 Ntoum - Gabon Nouvelle Vision","og_description":"Abdou Abarry, Repr\u00e9sentant sp\u00e9cial en Afrique Centrale et Chef de Bureau r\u00e9gional des Nations Unies pour l&rsquo;Afrique Centrale ( UNOCA), plus que serein quant \u00e0 l&rsquo;avenir de la sous-r\u00e9gion. Un atelier de renforcement des capacit\u00e9s sur le climat, la paix et la s\u00e9curit\u00e9 climatique se tiendra du 02 au 04 octobre prochain \u00e0 NKOK dans [&hellip;]","og_url":"https:\/\/gabonnouvellevision.com\/gnv\/2024\/09\/27\/atelier-sur-le-climat-la-paix-et-la-securite-a-ntoum\/","og_site_name":"Gabon Nouvelle Vision","article_publisher":"https:\/\/www.facebook.com\/GNVofficiel","article_published_time":"2024-09-27T14:28:54+00:00","og_image":[{"width":1200,"height":695,"url":"https:\/\/gabonnouvellevision.com\/gnv\/wp-content\/uploads\/2024\/09\/abarry_site_web_unoca.jpg","type":"image\/jpeg"}],"author":"Eyeng Obame","twitter_card":"summary_large_image","twitter_misc":{"\u00c9crit par":"Eyeng Obame","Dur\u00e9e de lecture estim\u00e9e":"1 minute"},"schema":{"@context":"https:\/\/schema.org","@graph":[{"@type":"Article","@id":"https:\/\/gabonnouvellevision.com\/gnv\/2024\/09\/27\/atelier-sur-le-climat-la-paix-et-la-securite-a-ntoum\/#article","isPartOf":{"@id":"https:\/\/gabonnouvellevision.com\/gnv\/2024\/09\/27\/atelier-sur-le-climat-la-paix-et-la-securite-a-ntoum\/"},"author":{"name":"Eyeng Obame","@id":"https:\/\/gabonnouvellevision.com\/gnv\/#\/schema\/person\/4b48e07d222f83c0285affc3704bc899"},"headline":"Atelier sur le climat, la paix, et la s\u00e9curit\u00e9 \u00e0 Ntoum","datePublished":"2024-09-27T14:28:54+00:00","dateModified":"2024-09-27T14:28:54+00:00","mainEntityOfPage":{"@id":"https:\/\/gabonnouvellevision.com\/gnv\/2024\/09\/27\/atelier-sur-le-climat-la-paix-et-la-securite-a-ntoum\/"},"wordCount":228,"commentCount":0,"publisher":{"@id":"https:\/\/gabonnouvellevision.com\/gnv\/#organization"},"image":{"@id":"https:\/\/gabonnouvellevision.com\/gnv\/2024\/09\/27\/atelier-sur-le-climat-la-paix-et-la-securite-a-ntoum\/#primaryimage"},"thumbnailUrl":"https:\/\/gabonnouvellevision.com\/gnv\/wp-content\/uploads\/2024\/09\/abarry_site_web_unoca.jpg","articleSection":["A la une","Actualites","Culture"],"inLanguage":"fr-FR","potentialAction":[{"@type":"CommentAction","name":"Comment","target":["https:\/\/gabonnouvellevision.com\/gnv\/2024\/09\/27\/atelier-sur-le-climat-la-paix-et-la-securite-a-ntoum\/#respond"]}]},{"@type":"WebPage","@id":"https:\/\/gabonnouvellevision.com\/gnv\/2024\/09\/27\/atelier-sur-le-climat-la-paix-et-la-securite-a-ntoum\/","url":"https:\/\/gabonnouvellevision.com\/gnv\/2024\/09\/27\/atelier-sur-le-climat-la-paix-et-la-securite-a-ntoum\/","name":"Atelier sur le climat, la paix, et la s\u00e9curit\u00e9 \u00e0 Ntoum - Gabon Nouvelle Vision","isPartOf":{"@id":"https:\/\/gabonnouvellevision.com\/gnv\/#website"},"primaryImageOfPage":{"@id":"https:\/\/gabonnouvellevision.com\/gnv\/2024\/09\/27\/atelier-sur-le-climat-la-paix-et-la-securite-a-ntoum\/#primaryimage"},"image":{"@id":"https:\/\/gabonnouvellevision.com\/gnv\/2024\/09\/27\/atelier-sur-le-climat-la-paix-et-la-securite-a-ntoum\/#primaryimage"},"thumbnailUrl":"https:\/\/gabonnouvellevision.com\/gnv\/wp-content\/uploads\/2024\/09\/abarry_site_web_unoca.jpg","datePublished":"2024-09-27T14:28:54+00:00","dateModified":"2024-09-27T14:28:54+00:00","breadcrumb":{"@id":"https:\/\/gabonnouvellevision.com\/gnv\/2024\/09\/27\/atelier-sur-le-climat-la-paix-et-la-securite-a-ntoum\/#breadcrumb"},"inLanguage":"fr-FR","potentialAction":[{"@type":"ReadAction","target":["https:\/\/gabonnouvellevision.com\/gnv\/2024\/09\/27\/atelier-sur-le-climat-la-paix-et-la-securite-a-ntoum\/"]}]},{"@type":"ImageObject","inLanguage":"fr-FR","@id":"https:\/\/gabonnouvellevision.com\/gnv\/2024\/09\/27\/atelier-sur-le-climat-la-paix-et-la-securite-a-ntoum\/#primaryimage","url":"https:\/\/gabonnouvellevision.com\/gnv\/wp-content\/uploads\/2024\/09\/abarry_site_web_unoca.jpg","contentUrl":"https:\/\/gabonnouvellevision.com\/gnv\/wp-content\/uploads\/2024\/09\/abarry_site_web_unoca.jpg","width":1200,"height":695},{"@type":"BreadcrumbList","@id":"https:\/\/gabonnouvellevision.com\/gnv\/2024\/09\/27\/atelier-sur-le-climat-la-paix-et-la-securite-a-ntoum\/#breadcrumb","itemListElement":[{"@type":"ListItem","position":1,"name":"Accueil","item":"https:\/\/gabonnouvellevision.com\/gnv\/"},{"@type":"ListItem","position":2,"name":"Atelier sur le climat, la paix, et la s\u00e9curit\u00e9 \u00e0 Ntoum"}]},{"@type":"WebSite","@id":"https:\/\/gabonnouvellevision.com\/gnv\/#website","url":"https:\/\/gabonnouvellevision.com\/gnv\/","name":"Gabon Nouvelle Vision","description":"","publisher":{"@id":"https:\/\/gabonnouvellevision.com\/gnv\/#organization"},"potentialAction":[{"@type":"SearchAction","target":{"@type":"EntryPoint","urlTemplate":"https:\/\/gabonnouvellevision.com\/gnv\/?s={search_term_string}"},"query-input":{"@type":"PropertyValueSpecification","valueRequired":true,"valueName":"search_term_string"}}],"inLanguage":"fr-FR"},{"@type":"Organization","@id":"https:\/\/gabonnouvellevision.com\/gnv\/#organization","name":"Gabon Nouvelle Vision","url":"https:\/\/gabonnouvellevision.com\/gnv\/","logo":{"@type":"ImageObject","inLanguage":"fr-FR","@id":"https:\/\/gabonnouvellevision.com\/gnv\/#\/schema\/logo\/image\/","url":"https:\/\/gabonnouvellevision.com\/gnv\/wp-content\/uploads\/2025\/01\/logo-text_Plan-de-travail-1.png","contentUrl":"https:\/\/gabonnouvellevision.com\/gnv\/wp-content\/uploads\/2025\/01\/logo-text_Plan-de-travail-1.png","width":7169,"height":2390,"caption":"Gabon Nouvelle Vision"},"image":{"@id":"https:\/\/gabonnouvellevision.com\/gnv\/#\/schema\/logo\/image\/"},"sameAs":["https:\/\/www.facebook.com\/GNVofficiel"]},{"@type":"Person","@id":"https:\/\/gabonnouvellevision.com\/gnv\/#\/schema\/person\/4b48e07d222f83c0285affc3704bc899","name":"Eyeng Obame","image":{"@type":"ImageObject","inLanguage":"fr-FR","@id":"https:\/\/gabonnouvellevision.com\/gnv\/#\/schema\/person\/image\/","url":"https:\/\/secure.gravatar.com\/avatar\/167bc03b8baf3c77318a47159f80871de6f5a6cbf4bc8b6af750fbc1a369d7bf?s=96&d=mm&r=g","contentUrl":"https:\/\/secure.gravatar.com\/avatar\/167bc03b8baf3c77318a47159f80871de6f5a6cbf4bc8b6af750fbc1a369d7bf?s=96&d=mm&r=g","caption":"Eyeng Obame"},"url":"https:\/\/gabonnouvellevision.com\/gnv\/author\/rufin\/"}]}},"_links":{"self":[{"href":"https:\/\/gabonnouvellevision.com\/gnv\/wp-json\/wp\/v2\/posts\/3410","targetHints":{"allow":["GET"]}}],"collection":[{"href":"https:\/\/gabonnouvellevision.com\/gnv\/wp-json\/wp\/v2\/posts"}],"about":[{"href":"https:\/\/gabonnouvellevision.com\/gnv\/wp-json\/wp\/v2\/types\/post"}],"author":[{"embeddable":true,"href":"https:\/\/gabonnouvellevision.com\/gnv\/wp-json\/wp\/v2\/users\/7"}],"replies":[{"embeddable":true,"href":"https:\/\/gabonnouvellevision.com\/gnv\/wp-json\/wp\/v2\/comments?post=3410"}],"version-history":[{"count":0,"href":"https:\/\/gabonnouvellevision.com\/gnv\/wp-json\/wp\/v2\/posts\/3410\/revisions"}],"wp:featuredmedia":[{"embeddable":true,"href":"https:\/\/gabonnouvellevision.com\/gnv\/wp-json\/wp\/v2\/media\/3411"}],"wp:attachment":[{"href":"https:\/\/gabonnouvellevision.com\/gnv\/wp-json\/wp\/v2\/media?parent=3410"}],"wp:term":[{"taxonomy":"category","embeddable":true,"href":"https:\/\/gabonnouvellevision.com\/gnv\/wp-json\/wp\/v2\/categories?post=3410"},{"taxonomy":"post_tag","embeddable":true,"href":"https:\/\/gabonnouvellevision.com\/gnv\/wp-json\/wp\/v2\/tags?post=3410"}],"curies":[{"name":"wp","href":"https:\/\/api.w.org\/{rel}","templated":true}]}}