{"id":3338,"date":"2024-09-08T17:48:30","date_gmt":"2024-09-08T16:48:30","guid":{"rendered":"https:\/\/gabonnouvellevision.com\/gnv\/?p=3338"},"modified":"2024-09-08T17:48:30","modified_gmt":"2024-09-08T16:48:30","slug":"radio-mandji-deces-jean-michel-worra-duchateau-conduit-dans-sa-derniere-demeure","status":"publish","type":"post","link":"https:\/\/gabonnouvellevision.com\/gnv\/2024\/09\/08\/radio-mandji-deces-jean-michel-worra-duchateau-conduit-dans-sa-derniere-demeure\/","title":{"rendered":"Radio Mandji \/ D\u00e9c\u00e8s : Jean Michel Worra Duchateau conduit dans sa derni\u00e8re demeure"},"content":{"rendered":"<p>&nbsp;<\/p>\n<p><em>Apr\u00e8s 22 ans pass\u00e9s \u00e0 la t\u00eate de Radio Mandji en qualit\u00e9 de Directeur provincial, Jean Michel Worra Duchateau d\u00e9c\u00e9d\u00e9 le 2 ao\u00fbt dernier dans une unit\u00e9 sanitaire de la capitale \u00e9conomique a \u00e9t\u00e9 conduit \u00e0 sa derni\u00e8re demeure, le samedi 7 septembre 2024, laissant dans le d\u00e9sarroi, famille, coll\u00e8gues et connaissances.<\/em><\/p>\n<p><em>D\u00e9p\u00each\u00e9e \u00e0 Port-Gentil par la tutelle, Claudette Okome Ewore, directrice g\u00e9n\u00e9rale de Radio Gabon a eu des mots forts et justes \u00e0 l\u2019endroit du disparu qui aura, selon elle, donn\u00e9 une v\u00e9ritable image de m\u00e9dia public \u00e0 Radio Mandji \u00ab\u00a0<\/em><em>Jean Michel Duchateau Worra nous a quitt\u00e9s laissant derri\u00e8re lui une carri\u00e8re exemplaire, et un vide immense au sein de notre institution. Il a servi Radio Mandji avec rigueur, d\u00e9vouement et une exigence de qualit\u00e9, toujours anim\u00e9 par un sens du devoir bien accompli\u00a0\u00bb,<\/em>\u00a0a-t-elle d\u00e9clar\u00e9.<\/p>\n<p>Poursuivant ce chapelet de reconnaissances, la repr\u00e9sente de Mme le Ministre de la communication a rappel\u00e9 le caract\u00e8re intrins\u00e8que qui caract\u00e9risait Jean Michel Worra Duchateau \u00ab\u00a0 <em>Il \u00e9tait un directeur rigoureux, mais toujours port\u00e9 par le souci permanent du devoir bien fait, de servir l\u2019\u00c9tat avec loyaut\u00e9. Sous sa direction Radio Mandji a rayonn\u00e9 et continue d\u2019\u00eatre un pilier de l\u2019information et de la culture, pour nos r\u00e9sidents de la capitale \u00e9conomique <\/em><em>\u00bb.<\/em><\/p>\n<p>Avant que la d\u00e9pouille du d\u00e9sormais ancien directeur provincial de Radio Mandji ne quitte la station provinciale pour le domicile familial, la repr\u00e9sentante de la tutelle a laiss\u00e9 entendre que Mme le ministre, au nom du gouvernement de la transition,<\/p>\n<p>Pour Claudette Okome Ewore,\u00a0<em>\u00ab\u00a0<\/em><em>madame le ministre au nom du gouvernement saluait la m\u00e9moire de Jean Michel Duchateau Worra, et lui \u00e9tait reconnaissante de tous les servis rendus. Sa contribution restera grav\u00e9e dans l\u2019histoire de notre pays<\/em><em>\u00a0\u00bb.<\/em><\/p>\n<p><em>C\u2019est d\u00e9sormais dans le cimeti\u00e8re situ\u00e9 derri\u00e8re Gabon T\u00e9l\u00e9com \u00e0 Port-Gentil qu\u2019a \u00e9t\u00e9 inhum\u00e9 Jean Michel Worra Duchateau. <\/em><\/p>\n<p><strong>J.M<\/strong><\/p>\n","protected":false},"excerpt":{"rendered":"<p>&nbsp; Apr\u00e8s 22 ans pass\u00e9s \u00e0 la t\u00eate de Radio Mandji en qualit\u00e9 de Directeur provincial, Jean Michel Worra Duchateau d\u00e9c\u00e9d\u00e9 le 2 ao\u00fbt dernier dans une unit\u00e9 sanitaire de la capitale \u00e9conomique a \u00e9t\u00e9 conduit \u00e0 sa derni\u00e8re demeure, le samedi 7 septembre 2024, laissant dans le d\u00e9sarroi, famille, coll\u00e8gues et connaissances. D\u00e9p\u00each\u00e9e \u00e0 [&hellip;]<\/p>\n","protected":false},"author":5,"featured_media":3339,"comment_status":"open","ping_status":"open","sticky":false,"template":"","format":"standard","meta":{"footnotes":""},"categories":[55,56],"tags":[],"class_list":["post-3338","post","type-post","status-publish","format-standard","has-post-thumbnail","hentry","category-actualites","category-societe"],"yoast_head":"<!-- This site is optimized with the Yoast SEO plugin v24.2 - https:\/\/yoast.com\/wordpress\/plugins\/seo\/ -->\n<title>Radio Mandji \/ D\u00e9c\u00e8s : Jean Michel Worra Duchateau conduit dans sa derni\u00e8re demeure - Gabon Nouvelle Vision<\/title>\n<meta name=\"robots\" content=\"index, follow, max-snippet:-1, max-image-preview:large, max-video-preview:-1\" \/>\n<link rel=\"canonical\" href=\"https:\/\/gabonnouvellevision.com\/gnv\/2024\/09\/08\/radio-mandji-deces-jean-michel-worra-duchateau-conduit-dans-sa-derniere-demeure\/\" \/>\n<meta property=\"og:locale\" content=\"fr_FR\" \/>\n<meta property=\"og:type\" content=\"article\" \/>\n<meta property=\"og:title\" content=\"Radio Mandji \/ D\u00e9c\u00e8s : Jean Michel Worra Duchateau conduit dans sa derni\u00e8re demeure - Gabon Nouvelle Vision\" \/>\n<meta property=\"og:description\" content=\"&nbsp; Apr\u00e8s 22 ans pass\u00e9s \u00e0 la t\u00eate de Radio Mandji en qualit\u00e9 de Directeur provincial, Jean Michel Worra Duchateau d\u00e9c\u00e9d\u00e9 le 2 ao\u00fbt dernier dans une unit\u00e9 sanitaire de la capitale \u00e9conomique a \u00e9t\u00e9 conduit \u00e0 sa derni\u00e8re demeure, le samedi 7 septembre 2024, laissant dans le d\u00e9sarroi, famille, coll\u00e8gues et connaissances. D\u00e9p\u00each\u00e9e \u00e0 [&hellip;]\" \/>\n<meta property=\"og:url\" content=\"https:\/\/gabonnouvellevision.com\/gnv\/2024\/09\/08\/radio-mandji-deces-jean-michel-worra-duchateau-conduit-dans-sa-derniere-demeure\/\" \/>\n<meta property=\"og:site_name\" content=\"Gabon Nouvelle Vision\" \/>\n<meta property=\"article:publisher\" content=\"https:\/\/www.facebook.com\/GNVofficiel\" \/>\n<meta property=\"article:published_time\" content=\"2024-09-08T16:48:30+00:00\" \/>\n<meta property=\"og:image\" content=\"https:\/\/gabonnouvellevision.com\/gnv\/wp-content\/uploads\/2024\/09\/worra.png\" \/>\n\t<meta property=\"og:image:width\" content=\"660\" \/>\n\t<meta property=\"og:image:height\" content=\"350\" \/>\n\t<meta property=\"og:image:type\" content=\"image\/png\" \/>\n<meta name=\"author\" content=\"Junior MBOULET\" \/>\n<meta name=\"twitter:card\" content=\"summary_large_image\" \/>\n<meta name=\"twitter:label1\" content=\"\u00c9crit par\" \/>\n\t<meta name=\"twitter:data1\" content=\"Junior MBOULET\" \/>\n\t<meta name=\"twitter:label2\" content=\"Dur\u00e9e de lecture estim\u00e9e\" \/>\n\t<meta name=\"twitter:data2\" content=\"2 minutes\" \/>\n<script type=\"application\/ld+json\" class=\"yoast-schema-graph\">{\"@context\":\"https:\/\/schema.org\",\"@graph\":[{\"@type\":\"Article\",\"@id\":\"https:\/\/gabonnouvellevision.com\/gnv\/2024\/09\/08\/radio-mandji-deces-jean-michel-worra-duchateau-conduit-dans-sa-derniere-demeure\/#article\",\"isPartOf\":{\"@id\":\"https:\/\/gabonnouvellevision.com\/gnv\/2024\/09\/08\/radio-mandji-deces-jean-michel-worra-duchateau-conduit-dans-sa-derniere-demeure\/\"},\"author\":{\"name\":\"Junior MBOULET\",\"@id\":\"https:\/\/gabonnouvellevision.com\/gnv\/#\/schema\/person\/747bfb82bd833fb5a5a49e7c5031633d\"},\"headline\":\"Radio Mandji \/ D\u00e9c\u00e8s : Jean Michel Worra Duchateau conduit dans sa derni\u00e8re demeure\",\"datePublished\":\"2024-09-08T16:48:30+00:00\",\"dateModified\":\"2024-09-08T16:48:30+00:00\",\"mainEntityOfPage\":{\"@id\":\"https:\/\/gabonnouvellevision.com\/gnv\/2024\/09\/08\/radio-mandji-deces-jean-michel-worra-duchateau-conduit-dans-sa-derniere-demeure\/\"},\"wordCount\":354,\"commentCount\":0,\"publisher\":{\"@id\":\"https:\/\/gabonnouvellevision.com\/gnv\/#organization\"},\"image\":{\"@id\":\"https:\/\/gabonnouvellevision.com\/gnv\/2024\/09\/08\/radio-mandji-deces-jean-michel-worra-duchateau-conduit-dans-sa-derniere-demeure\/#primaryimage\"},\"thumbnailUrl\":\"https:\/\/gabonnouvellevision.com\/gnv\/wp-content\/uploads\/2024\/09\/worra.png\",\"articleSection\":[\"Actualites\",\"Societe\"],\"inLanguage\":\"fr-FR\",\"potentialAction\":[{\"@type\":\"CommentAction\",\"name\":\"Comment\",\"target\":[\"https:\/\/gabonnouvellevision.com\/gnv\/2024\/09\/08\/radio-mandji-deces-jean-michel-worra-duchateau-conduit-dans-sa-derniere-demeure\/#respond\"]}]},{\"@type\":\"WebPage\",\"@id\":\"https:\/\/gabonnouvellevision.com\/gnv\/2024\/09\/08\/radio-mandji-deces-jean-michel-worra-duchateau-conduit-dans-sa-derniere-demeure\/\",\"url\":\"https:\/\/gabonnouvellevision.com\/gnv\/2024\/09\/08\/radio-mandji-deces-jean-michel-worra-duchateau-conduit-dans-sa-derniere-demeure\/\",\"name\":\"Radio Mandji \/ D\u00e9c\u00e8s : Jean Michel Worra Duchateau conduit dans sa derni\u00e8re demeure - Gabon Nouvelle Vision\",\"isPartOf\":{\"@id\":\"https:\/\/gabonnouvellevision.com\/gnv\/#website\"},\"primaryImageOfPage\":{\"@id\":\"https:\/\/gabonnouvellevision.com\/gnv\/2024\/09\/08\/radio-mandji-deces-jean-michel-worra-duchateau-conduit-dans-sa-derniere-demeure\/#primaryimage\"},\"image\":{\"@id\":\"https:\/\/gabonnouvellevision.com\/gnv\/2024\/09\/08\/radio-mandji-deces-jean-michel-worra-duchateau-conduit-dans-sa-derniere-demeure\/#primaryimage\"},\"thumbnailUrl\":\"https:\/\/gabonnouvellevision.com\/gnv\/wp-content\/uploads\/2024\/09\/worra.png\",\"datePublished\":\"2024-09-08T16:48:30+00:00\",\"dateModified\":\"2024-09-08T16:48:30+00:00\",\"breadcrumb\":{\"@id\":\"https:\/\/gabonnouvellevision.com\/gnv\/2024\/09\/08\/radio-mandji-deces-jean-michel-worra-duchateau-conduit-dans-sa-derniere-demeure\/#breadcrumb\"},\"inLanguage\":\"fr-FR\",\"potentialAction\":[{\"@type\":\"ReadAction\",\"target\":[\"https:\/\/gabonnouvellevision.com\/gnv\/2024\/09\/08\/radio-mandji-deces-jean-michel-worra-duchateau-conduit-dans-sa-derniere-demeure\/\"]}]},{\"@type\":\"ImageObject\",\"inLanguage\":\"fr-FR\",\"@id\":\"https:\/\/gabonnouvellevision.com\/gnv\/2024\/09\/08\/radio-mandji-deces-jean-michel-worra-duchateau-conduit-dans-sa-derniere-demeure\/#primaryimage\",\"url\":\"https:\/\/gabonnouvellevision.com\/gnv\/wp-content\/uploads\/2024\/09\/worra.png\",\"contentUrl\":\"https:\/\/gabonnouvellevision.com\/gnv\/wp-content\/uploads\/2024\/09\/worra.png\",\"width\":660,\"height\":350},{\"@type\":\"BreadcrumbList\",\"@id\":\"https:\/\/gabonnouvellevision.com\/gnv\/2024\/09\/08\/radio-mandji-deces-jean-michel-worra-duchateau-conduit-dans-sa-derniere-demeure\/#breadcrumb\",\"itemListElement\":[{\"@type\":\"ListItem\",\"position\":1,\"name\":\"Accueil\",\"item\":\"https:\/\/gabonnouvellevision.com\/gnv\/\"},{\"@type\":\"ListItem\",\"position\":2,\"name\":\"Radio Mandji \/ D\u00e9c\u00e8s : Jean Michel Worra Duchateau conduit dans sa derni\u00e8re demeure\"}]},{\"@type\":\"WebSite\",\"@id\":\"https:\/\/gabonnouvellevision.com\/gnv\/#website\",\"url\":\"https:\/\/gabonnouvellevision.com\/gnv\/\",\"name\":\"Gabon Nouvelle Vision\",\"description\":\"\",\"publisher\":{\"@id\":\"https:\/\/gabonnouvellevision.com\/gnv\/#organization\"},\"potentialAction\":[{\"@type\":\"SearchAction\",\"target\":{\"@type\":\"EntryPoint\",\"urlTemplate\":\"https:\/\/gabonnouvellevision.com\/gnv\/?s={search_term_string}\"},\"query-input\":{\"@type\":\"PropertyValueSpecification\",\"valueRequired\":true,\"valueName\":\"search_term_string\"}}],\"inLanguage\":\"fr-FR\"},{\"@type\":\"Organization\",\"@id\":\"https:\/\/gabonnouvellevision.com\/gnv\/#organization\",\"name\":\"Gabon Nouvelle Vision\",\"url\":\"https:\/\/gabonnouvellevision.com\/gnv\/\",\"logo\":{\"@type\":\"ImageObject\",\"inLanguage\":\"fr-FR\",\"@id\":\"https:\/\/gabonnouvellevision.com\/gnv\/#\/schema\/logo\/image\/\",\"url\":\"https:\/\/gabonnouvellevision.com\/gnv\/wp-content\/uploads\/2025\/01\/logo-text_Plan-de-travail-1.png\",\"contentUrl\":\"https:\/\/gabonnouvellevision.com\/gnv\/wp-content\/uploads\/2025\/01\/logo-text_Plan-de-travail-1.png\",\"width\":7169,\"height\":2390,\"caption\":\"Gabon Nouvelle Vision\"},\"image\":{\"@id\":\"https:\/\/gabonnouvellevision.com\/gnv\/#\/schema\/logo\/image\/\"},\"sameAs\":[\"https:\/\/www.facebook.com\/GNVofficiel\"]},{\"@type\":\"Person\",\"@id\":\"https:\/\/gabonnouvellevision.com\/gnv\/#\/schema\/person\/747bfb82bd833fb5a5a49e7c5031633d\",\"name\":\"Junior MBOULET\",\"image\":{\"@type\":\"ImageObject\",\"inLanguage\":\"fr-FR\",\"@id\":\"https:\/\/gabonnouvellevision.com\/gnv\/#\/schema\/person\/image\/\",\"url\":\"https:\/\/secure.gravatar.com\/avatar\/b541278a71f2f5c40b38fff4c93c15b82cf168df8b47ea9d9e97c9c9c716c6f0?s=96&d=mm&r=g\",\"contentUrl\":\"https:\/\/secure.gravatar.com\/avatar\/b541278a71f2f5c40b38fff4c93c15b82cf168df8b47ea9d9e97c9c9c716c6f0?s=96&d=mm&r=g\",\"caption\":\"Junior MBOULET\"},\"url\":\"https:\/\/gabonnouvellevision.com\/gnv\/author\/junior\/\"}]}<\/script>\n<!-- \/ Yoast SEO plugin. -->","yoast_head_json":{"title":"Radio Mandji \/ D\u00e9c\u00e8s : Jean Michel Worra Duchateau conduit dans sa derni\u00e8re demeure - Gabon Nouvelle Vision","robots":{"index":"index","follow":"follow","max-snippet":"max-snippet:-1","max-image-preview":"max-image-preview:large","max-video-preview":"max-video-preview:-1"},"canonical":"https:\/\/gabonnouvellevision.com\/gnv\/2024\/09\/08\/radio-mandji-deces-jean-michel-worra-duchateau-conduit-dans-sa-derniere-demeure\/","og_locale":"fr_FR","og_type":"article","og_title":"Radio Mandji \/ D\u00e9c\u00e8s : Jean Michel Worra Duchateau conduit dans sa derni\u00e8re demeure - Gabon Nouvelle Vision","og_description":"&nbsp; Apr\u00e8s 22 ans pass\u00e9s \u00e0 la t\u00eate de Radio Mandji en qualit\u00e9 de Directeur provincial, Jean Michel Worra Duchateau d\u00e9c\u00e9d\u00e9 le 2 ao\u00fbt dernier dans une unit\u00e9 sanitaire de la capitale \u00e9conomique a \u00e9t\u00e9 conduit \u00e0 sa derni\u00e8re demeure, le samedi 7 septembre 2024, laissant dans le d\u00e9sarroi, famille, coll\u00e8gues et connaissances. D\u00e9p\u00each\u00e9e \u00e0 [&hellip;]","og_url":"https:\/\/gabonnouvellevision.com\/gnv\/2024\/09\/08\/radio-mandji-deces-jean-michel-worra-duchateau-conduit-dans-sa-derniere-demeure\/","og_site_name":"Gabon Nouvelle Vision","article_publisher":"https:\/\/www.facebook.com\/GNVofficiel","article_published_time":"2024-09-08T16:48:30+00:00","og_image":[{"width":660,"height":350,"url":"https:\/\/gabonnouvellevision.com\/gnv\/wp-content\/uploads\/2024\/09\/worra.png","type":"image\/png"}],"author":"Junior MBOULET","twitter_card":"summary_large_image","twitter_misc":{"\u00c9crit par":"Junior MBOULET","Dur\u00e9e de lecture estim\u00e9e":"2 minutes"},"schema":{"@context":"https:\/\/schema.org","@graph":[{"@type":"Article","@id":"https:\/\/gabonnouvellevision.com\/gnv\/2024\/09\/08\/radio-mandji-deces-jean-michel-worra-duchateau-conduit-dans-sa-derniere-demeure\/#article","isPartOf":{"@id":"https:\/\/gabonnouvellevision.com\/gnv\/2024\/09\/08\/radio-mandji-deces-jean-michel-worra-duchateau-conduit-dans-sa-derniere-demeure\/"},"author":{"name":"Junior MBOULET","@id":"https:\/\/gabonnouvellevision.com\/gnv\/#\/schema\/person\/747bfb82bd833fb5a5a49e7c5031633d"},"headline":"Radio Mandji \/ D\u00e9c\u00e8s : Jean Michel Worra Duchateau conduit dans sa derni\u00e8re demeure","datePublished":"2024-09-08T16:48:30+00:00","dateModified":"2024-09-08T16:48:30+00:00","mainEntityOfPage":{"@id":"https:\/\/gabonnouvellevision.com\/gnv\/2024\/09\/08\/radio-mandji-deces-jean-michel-worra-duchateau-conduit-dans-sa-derniere-demeure\/"},"wordCount":354,"commentCount":0,"publisher":{"@id":"https:\/\/gabonnouvellevision.com\/gnv\/#organization"},"image":{"@id":"https:\/\/gabonnouvellevision.com\/gnv\/2024\/09\/08\/radio-mandji-deces-jean-michel-worra-duchateau-conduit-dans-sa-derniere-demeure\/#primaryimage"},"thumbnailUrl":"https:\/\/gabonnouvellevision.com\/gnv\/wp-content\/uploads\/2024\/09\/worra.png","articleSection":["Actualites","Societe"],"inLanguage":"fr-FR","potentialAction":[{"@type":"CommentAction","name":"Comment","target":["https:\/\/gabonnouvellevision.com\/gnv\/2024\/09\/08\/radio-mandji-deces-jean-michel-worra-duchateau-conduit-dans-sa-derniere-demeure\/#respond"]}]},{"@type":"WebPage","@id":"https:\/\/gabonnouvellevision.com\/gnv\/2024\/09\/08\/radio-mandji-deces-jean-michel-worra-duchateau-conduit-dans-sa-derniere-demeure\/","url":"https:\/\/gabonnouvellevision.com\/gnv\/2024\/09\/08\/radio-mandji-deces-jean-michel-worra-duchateau-conduit-dans-sa-derniere-demeure\/","name":"Radio Mandji \/ D\u00e9c\u00e8s : Jean Michel Worra Duchateau conduit dans sa derni\u00e8re demeure - Gabon Nouvelle Vision","isPartOf":{"@id":"https:\/\/gabonnouvellevision.com\/gnv\/#website"},"primaryImageOfPage":{"@id":"https:\/\/gabonnouvellevision.com\/gnv\/2024\/09\/08\/radio-mandji-deces-jean-michel-worra-duchateau-conduit-dans-sa-derniere-demeure\/#primaryimage"},"image":{"@id":"https:\/\/gabonnouvellevision.com\/gnv\/2024\/09\/08\/radio-mandji-deces-jean-michel-worra-duchateau-conduit-dans-sa-derniere-demeure\/#primaryimage"},"thumbnailUrl":"https:\/\/gabonnouvellevision.com\/gnv\/wp-content\/uploads\/2024\/09\/worra.png","datePublished":"2024-09-08T16:48:30+00:00","dateModified":"2024-09-08T16:48:30+00:00","breadcrumb":{"@id":"https:\/\/gabonnouvellevision.com\/gnv\/2024\/09\/08\/radio-mandji-deces-jean-michel-worra-duchateau-conduit-dans-sa-derniere-demeure\/#breadcrumb"},"inLanguage":"fr-FR","potentialAction":[{"@type":"ReadAction","target":["https:\/\/gabonnouvellevision.com\/gnv\/2024\/09\/08\/radio-mandji-deces-jean-michel-worra-duchateau-conduit-dans-sa-derniere-demeure\/"]}]},{"@type":"ImageObject","inLanguage":"fr-FR","@id":"https:\/\/gabonnouvellevision.com\/gnv\/2024\/09\/08\/radio-mandji-deces-jean-michel-worra-duchateau-conduit-dans-sa-derniere-demeure\/#primaryimage","url":"https:\/\/gabonnouvellevision.com\/gnv\/wp-content\/uploads\/2024\/09\/worra.png","contentUrl":"https:\/\/gabonnouvellevision.com\/gnv\/wp-content\/uploads\/2024\/09\/worra.png","width":660,"height":350},{"@type":"BreadcrumbList","@id":"https:\/\/gabonnouvellevision.com\/gnv\/2024\/09\/08\/radio-mandji-deces-jean-michel-worra-duchateau-conduit-dans-sa-derniere-demeure\/#breadcrumb","itemListElement":[{"@type":"ListItem","position":1,"name":"Accueil","item":"https:\/\/gabonnouvellevision.com\/gnv\/"},{"@type":"ListItem","position":2,"name":"Radio Mandji \/ D\u00e9c\u00e8s : Jean Michel Worra Duchateau conduit dans sa derni\u00e8re demeure"}]},{"@type":"WebSite","@id":"https:\/\/gabonnouvellevision.com\/gnv\/#website","url":"https:\/\/gabonnouvellevision.com\/gnv\/","name":"Gabon Nouvelle Vision","description":"","publisher":{"@id":"https:\/\/gabonnouvellevision.com\/gnv\/#organization"},"potentialAction":[{"@type":"SearchAction","target":{"@type":"EntryPoint","urlTemplate":"https:\/\/gabonnouvellevision.com\/gnv\/?s={search_term_string}"},"query-input":{"@type":"PropertyValueSpecification","valueRequired":true,"valueName":"search_term_string"}}],"inLanguage":"fr-FR"},{"@type":"Organization","@id":"https:\/\/gabonnouvellevision.com\/gnv\/#organization","name":"Gabon Nouvelle Vision","url":"https:\/\/gabonnouvellevision.com\/gnv\/","logo":{"@type":"ImageObject","inLanguage":"fr-FR","@id":"https:\/\/gabonnouvellevision.com\/gnv\/#\/schema\/logo\/image\/","url":"https:\/\/gabonnouvellevision.com\/gnv\/wp-content\/uploads\/2025\/01\/logo-text_Plan-de-travail-1.png","contentUrl":"https:\/\/gabonnouvellevision.com\/gnv\/wp-content\/uploads\/2025\/01\/logo-text_Plan-de-travail-1.png","width":7169,"height":2390,"caption":"Gabon Nouvelle Vision"},"image":{"@id":"https:\/\/gabonnouvellevision.com\/gnv\/#\/schema\/logo\/image\/"},"sameAs":["https:\/\/www.facebook.com\/GNVofficiel"]},{"@type":"Person","@id":"https:\/\/gabonnouvellevision.com\/gnv\/#\/schema\/person\/747bfb82bd833fb5a5a49e7c5031633d","name":"Junior MBOULET","image":{"@type":"ImageObject","inLanguage":"fr-FR","@id":"https:\/\/gabonnouvellevision.com\/gnv\/#\/schema\/person\/image\/","url":"https:\/\/secure.gravatar.com\/avatar\/b541278a71f2f5c40b38fff4c93c15b82cf168df8b47ea9d9e97c9c9c716c6f0?s=96&d=mm&r=g","contentUrl":"https:\/\/secure.gravatar.com\/avatar\/b541278a71f2f5c40b38fff4c93c15b82cf168df8b47ea9d9e97c9c9c716c6f0?s=96&d=mm&r=g","caption":"Junior MBOULET"},"url":"https:\/\/gabonnouvellevision.com\/gnv\/author\/junior\/"}]}},"_links":{"self":[{"href":"https:\/\/gabonnouvellevision.com\/gnv\/wp-json\/wp\/v2\/posts\/3338","targetHints":{"allow":["GET"]}}],"collection":[{"href":"https:\/\/gabonnouvellevision.com\/gnv\/wp-json\/wp\/v2\/posts"}],"about":[{"href":"https:\/\/gabonnouvellevision.com\/gnv\/wp-json\/wp\/v2\/types\/post"}],"author":[{"embeddable":true,"href":"https:\/\/gabonnouvellevision.com\/gnv\/wp-json\/wp\/v2\/users\/5"}],"replies":[{"embeddable":true,"href":"https:\/\/gabonnouvellevision.com\/gnv\/wp-json\/wp\/v2\/comments?post=3338"}],"version-history":[{"count":0,"href":"https:\/\/gabonnouvellevision.com\/gnv\/wp-json\/wp\/v2\/posts\/3338\/revisions"}],"wp:featuredmedia":[{"embeddable":true,"href":"https:\/\/gabonnouvellevision.com\/gnv\/wp-json\/wp\/v2\/media\/3339"}],"wp:attachment":[{"href":"https:\/\/gabonnouvellevision.com\/gnv\/wp-json\/wp\/v2\/media?parent=3338"}],"wp:term":[{"taxonomy":"category","embeddable":true,"href":"https:\/\/gabonnouvellevision.com\/gnv\/wp-json\/wp\/v2\/categories?post=3338"},{"taxonomy":"post_tag","embeddable":true,"href":"https:\/\/gabonnouvellevision.com\/gnv\/wp-json\/wp\/v2\/tags?post=3338"}],"curies":[{"name":"wp","href":"https:\/\/api.w.org\/{rel}","templated":true}]}}