{"id":3330,"date":"2024-09-05T15:34:22","date_gmt":"2024-09-05T14:34:22","guid":{"rendered":"https:\/\/gabonnouvellevision.com\/gnv\/?p=3330"},"modified":"2024-09-05T15:34:22","modified_gmt":"2024-09-05T14:34:22","slug":"politique-france-michel-barnier-nouveau-premier-ministre","status":"publish","type":"post","link":"https:\/\/gabonnouvellevision.com\/gnv\/2024\/09\/05\/politique-france-michel-barnier-nouveau-premier-ministre\/","title":{"rendered":"Politique\/France : Michel Barnier nouveau Premier Ministre !"},"content":{"rendered":"<p>&nbsp;<\/p>\n<p>Apr\u00e8s plusieurs tractations infructueuses n\u00e9es de la d\u00e9mission il y a plus de 50 jours de Gabriel Attal du poste de premier ministre, Chef du gouvernement, le Pr\u00e9sident Emmanuel Macron vient de trouver son oiseau rare pour Matignon, en la personne du r\u00e9publicain Michel Barnier, un pur produit europ\u00e9en.<\/p>\n<p>C\u2019est donc l\u2019ancien n\u00e9gociateur du Brexit qui aura la charge de former un nouveau gouvernement en France. C\u2019est ce qui ressort des diff\u00e9rentes tractations qu\u2019a eues le Chef de l\u2019Etat et auxquelles plusieurs acteurs politiques ne lui donnaient pas du tout vainqueur. Apr\u00e8s cette annonce, certains acteurs politiques de l\u2019opposition ont vite fait de critiquer le choix port\u00e9 sur celui-l\u00e0 m\u00eame qui avait os\u00e9 en son temps, porter des r\u00e9serves sur la gestion du pays en \u00e9voquant une usure du pouvoir et des d\u00e9ceptions, notamment apr\u00e8s les \u00e9lections europ\u00e9ennes. Cependant, la profonde crise politique qui a secou\u00e9 le pays, amplifi\u00e9e par la dissolution de l\u2019Assembl\u00e9e nationale a fini par changer la donne.<\/p>\n<p>Pour le Pr\u00e9sident Emmanuel Macron, il voit en Michel Bernier, un alli\u00e9 de taille et strat\u00e9gique, une figure \u00e0 m\u00eame de f\u00e9d\u00e9rer la droite autour d\u2019un gouvernement d\u2019union, notamment gr\u00e2ce aux potentiels des r\u00e9publicains. M\u00eame si l\u2019opposition annonce d\u00e9j\u00e0 le ton en consid\u00e9rant Barnier comme un fossile de la politique fran\u00e7aise, il reste tout de m\u00eame un maillon rassurant pour les \u00e9ventuels pr\u00e9tendants \u00e0 la pr\u00e9sidentielle de 2025, lui qui n\u2019en a pas du tout d\u2019ambitions l\u00e0-dessus.<\/p>\n<p><strong>J.M <\/strong><\/p>\n","protected":false},"excerpt":{"rendered":"<p>&nbsp; Apr\u00e8s plusieurs tractations infructueuses n\u00e9es de la d\u00e9mission il y a plus de 50 jours de Gabriel Attal du poste de premier ministre, Chef du gouvernement, le Pr\u00e9sident Emmanuel Macron vient de trouver son oiseau rare pour Matignon, en la personne du r\u00e9publicain Michel Barnier, un pur produit europ\u00e9en. C\u2019est donc l\u2019ancien n\u00e9gociateur du [&hellip;]<\/p>\n","protected":false},"author":5,"featured_media":3332,"comment_status":"open","ping_status":"open","sticky":false,"template":"","format":"standard","meta":{"footnotes":""},"categories":[57,55,66],"tags":[],"class_list":["post-3330","post","type-post","status-publish","format-standard","has-post-thumbnail","hentry","category-a-la-une","category-actualites","category-diplomatie"],"yoast_head":"<!-- This site is optimized with the Yoast SEO plugin v24.2 - https:\/\/yoast.com\/wordpress\/plugins\/seo\/ -->\n<title>Politique\/France : Michel Barnier nouveau Premier Ministre ! - Gabon Nouvelle Vision<\/title>\n<meta name=\"robots\" content=\"index, follow, max-snippet:-1, max-image-preview:large, max-video-preview:-1\" \/>\n<link rel=\"canonical\" href=\"https:\/\/gabonnouvellevision.com\/gnv\/2024\/09\/05\/politique-france-michel-barnier-nouveau-premier-ministre\/\" \/>\n<meta property=\"og:locale\" content=\"fr_FR\" \/>\n<meta property=\"og:type\" content=\"article\" \/>\n<meta property=\"og:title\" content=\"Politique\/France : Michel Barnier nouveau Premier Ministre ! - Gabon Nouvelle Vision\" \/>\n<meta property=\"og:description\" content=\"&nbsp; Apr\u00e8s plusieurs tractations infructueuses n\u00e9es de la d\u00e9mission il y a plus de 50 jours de Gabriel Attal du poste de premier ministre, Chef du gouvernement, le Pr\u00e9sident Emmanuel Macron vient de trouver son oiseau rare pour Matignon, en la personne du r\u00e9publicain Michel Barnier, un pur produit europ\u00e9en. C\u2019est donc l\u2019ancien n\u00e9gociateur du [&hellip;]\" \/>\n<meta property=\"og:url\" content=\"https:\/\/gabonnouvellevision.com\/gnv\/2024\/09\/05\/politique-france-michel-barnier-nouveau-premier-ministre\/\" \/>\n<meta property=\"og:site_name\" content=\"Gabon Nouvelle Vision\" \/>\n<meta property=\"article:publisher\" content=\"https:\/\/www.facebook.com\/GNVofficiel\" \/>\n<meta property=\"article:published_time\" content=\"2024-09-05T14:34:22+00:00\" \/>\n<meta property=\"og:image\" content=\"https:\/\/gabonnouvellevision.com\/gnv\/wp-content\/uploads\/2024\/09\/barnier.webp\" \/>\n\t<meta property=\"og:image:width\" content=\"960\" \/>\n\t<meta property=\"og:image:height\" content=\"640\" \/>\n\t<meta property=\"og:image:type\" content=\"image\/webp\" \/>\n<meta name=\"author\" content=\"Junior MBOULET\" \/>\n<meta name=\"twitter:card\" content=\"summary_large_image\" \/>\n<meta name=\"twitter:label1\" content=\"\u00c9crit par\" \/>\n\t<meta name=\"twitter:data1\" content=\"Junior MBOULET\" \/>\n\t<meta name=\"twitter:label2\" content=\"Dur\u00e9e de lecture estim\u00e9e\" \/>\n\t<meta name=\"twitter:data2\" content=\"1 minute\" \/>\n<script type=\"application\/ld+json\" class=\"yoast-schema-graph\">{\"@context\":\"https:\/\/schema.org\",\"@graph\":[{\"@type\":\"Article\",\"@id\":\"https:\/\/gabonnouvellevision.com\/gnv\/2024\/09\/05\/politique-france-michel-barnier-nouveau-premier-ministre\/#article\",\"isPartOf\":{\"@id\":\"https:\/\/gabonnouvellevision.com\/gnv\/2024\/09\/05\/politique-france-michel-barnier-nouveau-premier-ministre\/\"},\"author\":{\"name\":\"Junior MBOULET\",\"@id\":\"https:\/\/gabonnouvellevision.com\/gnv\/#\/schema\/person\/747bfb82bd833fb5a5a49e7c5031633d\"},\"headline\":\"Politique\/France : Michel Barnier nouveau Premier Ministre !\",\"datePublished\":\"2024-09-05T14:34:22+00:00\",\"dateModified\":\"2024-09-05T14:34:22+00:00\",\"mainEntityOfPage\":{\"@id\":\"https:\/\/gabonnouvellevision.com\/gnv\/2024\/09\/05\/politique-france-michel-barnier-nouveau-premier-ministre\/\"},\"wordCount\":287,\"commentCount\":0,\"publisher\":{\"@id\":\"https:\/\/gabonnouvellevision.com\/gnv\/#organization\"},\"image\":{\"@id\":\"https:\/\/gabonnouvellevision.com\/gnv\/2024\/09\/05\/politique-france-michel-barnier-nouveau-premier-ministre\/#primaryimage\"},\"thumbnailUrl\":\"https:\/\/gabonnouvellevision.com\/gnv\/wp-content\/uploads\/2024\/09\/barnier.webp\",\"articleSection\":[\"A la une\",\"Actualites\",\"Diplomatie\"],\"inLanguage\":\"fr-FR\",\"potentialAction\":[{\"@type\":\"CommentAction\",\"name\":\"Comment\",\"target\":[\"https:\/\/gabonnouvellevision.com\/gnv\/2024\/09\/05\/politique-france-michel-barnier-nouveau-premier-ministre\/#respond\"]}]},{\"@type\":\"WebPage\",\"@id\":\"https:\/\/gabonnouvellevision.com\/gnv\/2024\/09\/05\/politique-france-michel-barnier-nouveau-premier-ministre\/\",\"url\":\"https:\/\/gabonnouvellevision.com\/gnv\/2024\/09\/05\/politique-france-michel-barnier-nouveau-premier-ministre\/\",\"name\":\"Politique\/France : Michel Barnier nouveau Premier Ministre ! - Gabon Nouvelle Vision\",\"isPartOf\":{\"@id\":\"https:\/\/gabonnouvellevision.com\/gnv\/#website\"},\"primaryImageOfPage\":{\"@id\":\"https:\/\/gabonnouvellevision.com\/gnv\/2024\/09\/05\/politique-france-michel-barnier-nouveau-premier-ministre\/#primaryimage\"},\"image\":{\"@id\":\"https:\/\/gabonnouvellevision.com\/gnv\/2024\/09\/05\/politique-france-michel-barnier-nouveau-premier-ministre\/#primaryimage\"},\"thumbnailUrl\":\"https:\/\/gabonnouvellevision.com\/gnv\/wp-content\/uploads\/2024\/09\/barnier.webp\",\"datePublished\":\"2024-09-05T14:34:22+00:00\",\"dateModified\":\"2024-09-05T14:34:22+00:00\",\"breadcrumb\":{\"@id\":\"https:\/\/gabonnouvellevision.com\/gnv\/2024\/09\/05\/politique-france-michel-barnier-nouveau-premier-ministre\/#breadcrumb\"},\"inLanguage\":\"fr-FR\",\"potentialAction\":[{\"@type\":\"ReadAction\",\"target\":[\"https:\/\/gabonnouvellevision.com\/gnv\/2024\/09\/05\/politique-france-michel-barnier-nouveau-premier-ministre\/\"]}]},{\"@type\":\"ImageObject\",\"inLanguage\":\"fr-FR\",\"@id\":\"https:\/\/gabonnouvellevision.com\/gnv\/2024\/09\/05\/politique-france-michel-barnier-nouveau-premier-ministre\/#primaryimage\",\"url\":\"https:\/\/gabonnouvellevision.com\/gnv\/wp-content\/uploads\/2024\/09\/barnier.webp\",\"contentUrl\":\"https:\/\/gabonnouvellevision.com\/gnv\/wp-content\/uploads\/2024\/09\/barnier.webp\",\"width\":960,\"height\":640},{\"@type\":\"BreadcrumbList\",\"@id\":\"https:\/\/gabonnouvellevision.com\/gnv\/2024\/09\/05\/politique-france-michel-barnier-nouveau-premier-ministre\/#breadcrumb\",\"itemListElement\":[{\"@type\":\"ListItem\",\"position\":1,\"name\":\"Accueil\",\"item\":\"https:\/\/gabonnouvellevision.com\/gnv\/\"},{\"@type\":\"ListItem\",\"position\":2,\"name\":\"Politique\/France : Michel Barnier nouveau Premier Ministre !\"}]},{\"@type\":\"WebSite\",\"@id\":\"https:\/\/gabonnouvellevision.com\/gnv\/#website\",\"url\":\"https:\/\/gabonnouvellevision.com\/gnv\/\",\"name\":\"Gabon Nouvelle Vision\",\"description\":\"\",\"publisher\":{\"@id\":\"https:\/\/gabonnouvellevision.com\/gnv\/#organization\"},\"potentialAction\":[{\"@type\":\"SearchAction\",\"target\":{\"@type\":\"EntryPoint\",\"urlTemplate\":\"https:\/\/gabonnouvellevision.com\/gnv\/?s={search_term_string}\"},\"query-input\":{\"@type\":\"PropertyValueSpecification\",\"valueRequired\":true,\"valueName\":\"search_term_string\"}}],\"inLanguage\":\"fr-FR\"},{\"@type\":\"Organization\",\"@id\":\"https:\/\/gabonnouvellevision.com\/gnv\/#organization\",\"name\":\"Gabon Nouvelle Vision\",\"url\":\"https:\/\/gabonnouvellevision.com\/gnv\/\",\"logo\":{\"@type\":\"ImageObject\",\"inLanguage\":\"fr-FR\",\"@id\":\"https:\/\/gabonnouvellevision.com\/gnv\/#\/schema\/logo\/image\/\",\"url\":\"https:\/\/gabonnouvellevision.com\/gnv\/wp-content\/uploads\/2025\/01\/logo-text_Plan-de-travail-1.png\",\"contentUrl\":\"https:\/\/gabonnouvellevision.com\/gnv\/wp-content\/uploads\/2025\/01\/logo-text_Plan-de-travail-1.png\",\"width\":7169,\"height\":2390,\"caption\":\"Gabon Nouvelle Vision\"},\"image\":{\"@id\":\"https:\/\/gabonnouvellevision.com\/gnv\/#\/schema\/logo\/image\/\"},\"sameAs\":[\"https:\/\/www.facebook.com\/GNVofficiel\"]},{\"@type\":\"Person\",\"@id\":\"https:\/\/gabonnouvellevision.com\/gnv\/#\/schema\/person\/747bfb82bd833fb5a5a49e7c5031633d\",\"name\":\"Junior MBOULET\",\"image\":{\"@type\":\"ImageObject\",\"inLanguage\":\"fr-FR\",\"@id\":\"https:\/\/gabonnouvellevision.com\/gnv\/#\/schema\/person\/image\/\",\"url\":\"https:\/\/secure.gravatar.com\/avatar\/b541278a71f2f5c40b38fff4c93c15b82cf168df8b47ea9d9e97c9c9c716c6f0?s=96&d=mm&r=g\",\"contentUrl\":\"https:\/\/secure.gravatar.com\/avatar\/b541278a71f2f5c40b38fff4c93c15b82cf168df8b47ea9d9e97c9c9c716c6f0?s=96&d=mm&r=g\",\"caption\":\"Junior MBOULET\"},\"url\":\"https:\/\/gabonnouvellevision.com\/gnv\/author\/junior\/\"}]}<\/script>\n<!-- \/ Yoast SEO plugin. -->","yoast_head_json":{"title":"Politique\/France : Michel Barnier nouveau Premier Ministre ! - Gabon Nouvelle Vision","robots":{"index":"index","follow":"follow","max-snippet":"max-snippet:-1","max-image-preview":"max-image-preview:large","max-video-preview":"max-video-preview:-1"},"canonical":"https:\/\/gabonnouvellevision.com\/gnv\/2024\/09\/05\/politique-france-michel-barnier-nouveau-premier-ministre\/","og_locale":"fr_FR","og_type":"article","og_title":"Politique\/France : Michel Barnier nouveau Premier Ministre ! - Gabon Nouvelle Vision","og_description":"&nbsp; Apr\u00e8s plusieurs tractations infructueuses n\u00e9es de la d\u00e9mission il y a plus de 50 jours de Gabriel Attal du poste de premier ministre, Chef du gouvernement, le Pr\u00e9sident Emmanuel Macron vient de trouver son oiseau rare pour Matignon, en la personne du r\u00e9publicain Michel Barnier, un pur produit europ\u00e9en. C\u2019est donc l\u2019ancien n\u00e9gociateur du [&hellip;]","og_url":"https:\/\/gabonnouvellevision.com\/gnv\/2024\/09\/05\/politique-france-michel-barnier-nouveau-premier-ministre\/","og_site_name":"Gabon Nouvelle Vision","article_publisher":"https:\/\/www.facebook.com\/GNVofficiel","article_published_time":"2024-09-05T14:34:22+00:00","og_image":[{"width":960,"height":640,"url":"https:\/\/gabonnouvellevision.com\/gnv\/wp-content\/uploads\/2024\/09\/barnier.webp","type":"image\/webp"}],"author":"Junior MBOULET","twitter_card":"summary_large_image","twitter_misc":{"\u00c9crit par":"Junior MBOULET","Dur\u00e9e de lecture estim\u00e9e":"1 minute"},"schema":{"@context":"https:\/\/schema.org","@graph":[{"@type":"Article","@id":"https:\/\/gabonnouvellevision.com\/gnv\/2024\/09\/05\/politique-france-michel-barnier-nouveau-premier-ministre\/#article","isPartOf":{"@id":"https:\/\/gabonnouvellevision.com\/gnv\/2024\/09\/05\/politique-france-michel-barnier-nouveau-premier-ministre\/"},"author":{"name":"Junior MBOULET","@id":"https:\/\/gabonnouvellevision.com\/gnv\/#\/schema\/person\/747bfb82bd833fb5a5a49e7c5031633d"},"headline":"Politique\/France : Michel Barnier nouveau Premier Ministre !","datePublished":"2024-09-05T14:34:22+00:00","dateModified":"2024-09-05T14:34:22+00:00","mainEntityOfPage":{"@id":"https:\/\/gabonnouvellevision.com\/gnv\/2024\/09\/05\/politique-france-michel-barnier-nouveau-premier-ministre\/"},"wordCount":287,"commentCount":0,"publisher":{"@id":"https:\/\/gabonnouvellevision.com\/gnv\/#organization"},"image":{"@id":"https:\/\/gabonnouvellevision.com\/gnv\/2024\/09\/05\/politique-france-michel-barnier-nouveau-premier-ministre\/#primaryimage"},"thumbnailUrl":"https:\/\/gabonnouvellevision.com\/gnv\/wp-content\/uploads\/2024\/09\/barnier.webp","articleSection":["A la une","Actualites","Diplomatie"],"inLanguage":"fr-FR","potentialAction":[{"@type":"CommentAction","name":"Comment","target":["https:\/\/gabonnouvellevision.com\/gnv\/2024\/09\/05\/politique-france-michel-barnier-nouveau-premier-ministre\/#respond"]}]},{"@type":"WebPage","@id":"https:\/\/gabonnouvellevision.com\/gnv\/2024\/09\/05\/politique-france-michel-barnier-nouveau-premier-ministre\/","url":"https:\/\/gabonnouvellevision.com\/gnv\/2024\/09\/05\/politique-france-michel-barnier-nouveau-premier-ministre\/","name":"Politique\/France : Michel Barnier nouveau Premier Ministre ! - Gabon Nouvelle Vision","isPartOf":{"@id":"https:\/\/gabonnouvellevision.com\/gnv\/#website"},"primaryImageOfPage":{"@id":"https:\/\/gabonnouvellevision.com\/gnv\/2024\/09\/05\/politique-france-michel-barnier-nouveau-premier-ministre\/#primaryimage"},"image":{"@id":"https:\/\/gabonnouvellevision.com\/gnv\/2024\/09\/05\/politique-france-michel-barnier-nouveau-premier-ministre\/#primaryimage"},"thumbnailUrl":"https:\/\/gabonnouvellevision.com\/gnv\/wp-content\/uploads\/2024\/09\/barnier.webp","datePublished":"2024-09-05T14:34:22+00:00","dateModified":"2024-09-05T14:34:22+00:00","breadcrumb":{"@id":"https:\/\/gabonnouvellevision.com\/gnv\/2024\/09\/05\/politique-france-michel-barnier-nouveau-premier-ministre\/#breadcrumb"},"inLanguage":"fr-FR","potentialAction":[{"@type":"ReadAction","target":["https:\/\/gabonnouvellevision.com\/gnv\/2024\/09\/05\/politique-france-michel-barnier-nouveau-premier-ministre\/"]}]},{"@type":"ImageObject","inLanguage":"fr-FR","@id":"https:\/\/gabonnouvellevision.com\/gnv\/2024\/09\/05\/politique-france-michel-barnier-nouveau-premier-ministre\/#primaryimage","url":"https:\/\/gabonnouvellevision.com\/gnv\/wp-content\/uploads\/2024\/09\/barnier.webp","contentUrl":"https:\/\/gabonnouvellevision.com\/gnv\/wp-content\/uploads\/2024\/09\/barnier.webp","width":960,"height":640},{"@type":"BreadcrumbList","@id":"https:\/\/gabonnouvellevision.com\/gnv\/2024\/09\/05\/politique-france-michel-barnier-nouveau-premier-ministre\/#breadcrumb","itemListElement":[{"@type":"ListItem","position":1,"name":"Accueil","item":"https:\/\/gabonnouvellevision.com\/gnv\/"},{"@type":"ListItem","position":2,"name":"Politique\/France : Michel Barnier nouveau Premier Ministre !"}]},{"@type":"WebSite","@id":"https:\/\/gabonnouvellevision.com\/gnv\/#website","url":"https:\/\/gabonnouvellevision.com\/gnv\/","name":"Gabon Nouvelle Vision","description":"","publisher":{"@id":"https:\/\/gabonnouvellevision.com\/gnv\/#organization"},"potentialAction":[{"@type":"SearchAction","target":{"@type":"EntryPoint","urlTemplate":"https:\/\/gabonnouvellevision.com\/gnv\/?s={search_term_string}"},"query-input":{"@type":"PropertyValueSpecification","valueRequired":true,"valueName":"search_term_string"}}],"inLanguage":"fr-FR"},{"@type":"Organization","@id":"https:\/\/gabonnouvellevision.com\/gnv\/#organization","name":"Gabon Nouvelle Vision","url":"https:\/\/gabonnouvellevision.com\/gnv\/","logo":{"@type":"ImageObject","inLanguage":"fr-FR","@id":"https:\/\/gabonnouvellevision.com\/gnv\/#\/schema\/logo\/image\/","url":"https:\/\/gabonnouvellevision.com\/gnv\/wp-content\/uploads\/2025\/01\/logo-text_Plan-de-travail-1.png","contentUrl":"https:\/\/gabonnouvellevision.com\/gnv\/wp-content\/uploads\/2025\/01\/logo-text_Plan-de-travail-1.png","width":7169,"height":2390,"caption":"Gabon Nouvelle Vision"},"image":{"@id":"https:\/\/gabonnouvellevision.com\/gnv\/#\/schema\/logo\/image\/"},"sameAs":["https:\/\/www.facebook.com\/GNVofficiel"]},{"@type":"Person","@id":"https:\/\/gabonnouvellevision.com\/gnv\/#\/schema\/person\/747bfb82bd833fb5a5a49e7c5031633d","name":"Junior MBOULET","image":{"@type":"ImageObject","inLanguage":"fr-FR","@id":"https:\/\/gabonnouvellevision.com\/gnv\/#\/schema\/person\/image\/","url":"https:\/\/secure.gravatar.com\/avatar\/b541278a71f2f5c40b38fff4c93c15b82cf168df8b47ea9d9e97c9c9c716c6f0?s=96&d=mm&r=g","contentUrl":"https:\/\/secure.gravatar.com\/avatar\/b541278a71f2f5c40b38fff4c93c15b82cf168df8b47ea9d9e97c9c9c716c6f0?s=96&d=mm&r=g","caption":"Junior MBOULET"},"url":"https:\/\/gabonnouvellevision.com\/gnv\/author\/junior\/"}]}},"_links":{"self":[{"href":"https:\/\/gabonnouvellevision.com\/gnv\/wp-json\/wp\/v2\/posts\/3330","targetHints":{"allow":["GET"]}}],"collection":[{"href":"https:\/\/gabonnouvellevision.com\/gnv\/wp-json\/wp\/v2\/posts"}],"about":[{"href":"https:\/\/gabonnouvellevision.com\/gnv\/wp-json\/wp\/v2\/types\/post"}],"author":[{"embeddable":true,"href":"https:\/\/gabonnouvellevision.com\/gnv\/wp-json\/wp\/v2\/users\/5"}],"replies":[{"embeddable":true,"href":"https:\/\/gabonnouvellevision.com\/gnv\/wp-json\/wp\/v2\/comments?post=3330"}],"version-history":[{"count":0,"href":"https:\/\/gabonnouvellevision.com\/gnv\/wp-json\/wp\/v2\/posts\/3330\/revisions"}],"wp:featuredmedia":[{"embeddable":true,"href":"https:\/\/gabonnouvellevision.com\/gnv\/wp-json\/wp\/v2\/media\/3332"}],"wp:attachment":[{"href":"https:\/\/gabonnouvellevision.com\/gnv\/wp-json\/wp\/v2\/media?parent=3330"}],"wp:term":[{"taxonomy":"category","embeddable":true,"href":"https:\/\/gabonnouvellevision.com\/gnv\/wp-json\/wp\/v2\/categories?post=3330"},{"taxonomy":"post_tag","embeddable":true,"href":"https:\/\/gabonnouvellevision.com\/gnv\/wp-json\/wp\/v2\/tags?post=3330"}],"curies":[{"name":"wp","href":"https:\/\/api.w.org\/{rel}","templated":true}]}}