{"id":3303,"date":"2024-08-31T11:44:41","date_gmt":"2024-08-31T10:44:41","guid":{"rendered":"https:\/\/gabonnouvellevision.com\/gnv\/?p=3303"},"modified":"2024-08-31T11:44:41","modified_gmt":"2024-08-31T10:44:41","slug":"fanguinoveny-juge-mi-figue-mi-raisin-le-bilan-du-ctri-au-pouvoir","status":"publish","type":"post","link":"https:\/\/gabonnouvellevision.com\/gnv\/2024\/08\/31\/fanguinoveny-juge-mi-figue-mi-raisin-le-bilan-du-ctri-au-pouvoir\/","title":{"rendered":"Fanguinoveny juge mi-figue mi-raisin le bilan du CTRI au pouvoir"},"content":{"rendered":"\n<p><strong><em>Dans un entretien exclusif accord\u00e9 \u00e0 notre r\u00e9daction, jeudi 29 ao\u00fbt dernier, \u00e0 son si\u00e8ge social de derri\u00e8re station de l\u2019Universit\u00e9 Omar Bongo de Libreville, le Pr\u00e9sident du \u00a0parti du Peuple Gabonais ( PPG), Jean Romain Fanguinoveny, dresse le bilan d\u2019\u00e9tape du Comit\u00e9 de Transition pour la Restauration des Institutions. Un bilan annuel jug\u00e9 mi-figue-mi raisin par l\u2019ancien candidat \u00e0 la pr\u00e9sidentielle du 26 Ao\u00fbt 2023 au Gabon<\/em><\/strong>.<\/p>\n<p>&nbsp;<\/p>\n\n\n\n<p><strong>Monsieur le Pr\u00e9sident, quel bilan faites-vous du Comit\u00e9 de Transition pour la Restauration des Institutions ( CTRI) un an apr\u00e8s sa prise de pouvoir le 30 Ao\u00fbt 2023?<\/strong><\/p>\n\n\n\n<p><strong>Jean Romain Fanguinoveny, ancien candidat \u00e0 l\u2019\u00e9lection pr\u00e9sidentielle 2023:<\/strong><\/p>\n\n\n\n<p>A l\u2019entame de mon propos, je voudrais, comme le veut les bons usages, me pr\u00e9senter avant de faire le bilan lapidaire des actes du CTRI, un an apr\u00e8s sa prise de pouvoir.<\/p>\n\n\n\n<p>Effectivement, je suis Monsieur Jean Romain Fanguinoveny, Pr\u00e9sident du Parti du Peuple Gabonais (PPG), et Ancien candidat \u00e0 l\u2019\u00e9lection pr\u00e9sidentielle du 26 ao\u00fbt 2023.<\/p>\n\n\n\n<p>S\u2019agissant de votre question, je crois \u00eatre dans la bonne posture pour apporter un avis nuanc\u00e9 sur le bilan du CTRI, un an apr\u00e8s son push. Et ce d\u2019autant plus que, n\u2019\u00e9tant pas associ\u00e9 aux diff\u00e9rents organes de la transition en cours, comme certains autres anciens candidats de la derni\u00e8re \u00e9lection pr\u00e9sidentielle, mon point de vue ne peut souffrir du moindre embarras, et encore moins d\u2019un quelconque devoir de r\u00e9serve.<\/p>\n\n\n\n<p>En effet, il est de tradition en politique qu\u2019un an apr\u00e8s, un bilan d\u2019\u00e9tape soit fait par la classe politique pour mesurer le chemin parcouru et les actions politiques pos\u00e9es par les nouveaux dirigeants, en faveur de la bonne marche du pays.<\/p>\n\n\n\n<p>A titre de rappel, voil\u00e0 quasiment un an que le CTRI est au pouvoir dans notre pays, \u00e0 la suite du coup d\u2019\u00e9tat militaire, rebaptis\u00e9 sympathiquement \u00ab\u00a0coup de lib\u00e9ration\u00a0\u00bb, et op\u00e9r\u00e9 \u00e0 l\u2019aube du 30 ao\u00fbt 2023, \u00e0 la suite de l\u2019annonce des r\u00e9sultats tronqu\u00e9s de l\u2019\u00e9lection pr\u00e9sidentielle du 26 ao\u00fbt 2023.<\/p>\n\n\n\n<p>Lors de cette matin\u00e9e fatidique pour le pouvoir d\u00e9chu, mon parti le PPG et moi-m\u00eame, en tant qu\u2019ancien candidat \u00e0 cette \u00e9lection pr\u00e9sidentielle,\u00a0 avions salu\u00e9 avec enthousiaste ce \u00abcoup de lib\u00e9ration du pays\u00bb des fourches caudines des Bongo et du PDG, au pouvoir sans partage et sans interruption depuis 56 ans.<\/p>\n\n\n\n<p>Au lendemain de cette prise de pouvoir, invit\u00e9 aux rencontres citoyennes de la classe politique avec le Pr\u00e9sident de la Transition au palais pr\u00e9sidentiel, j\u2019avais aussi accept\u00e9 le principe de participer \u00e0 la mise \u0153uvre des r\u00e9formes des institutions dans le cadre du Dialogue national inclusif \u00e0 venir, afin de contribuer aussi \u00e0 la r\u00e9ussite de cette transition politique men\u00e9e par les militaires du CTRI, et salu\u00e9e par de nombreux compatriotes.<\/p>\n\n\n\n<p>Cette volont\u00e9 d\u2019accompagner le CTRI a \u00e9t\u00e9 maintes fois r\u00e9affirm\u00e9e au Pr\u00e9sident du CTRI. Notamment, lors des diff\u00e9rentes rencontres qui s\u2019en sont suivies avec la Presse, mais surtout avec les anciens candidats de l\u2019\u00e9lection pr\u00e9sidentielle au palais r\u00e9novation.<\/p>\n\n\n\n<p>Je me souviens qu\u2019au cours de cette rencontre avec tous les anciens candidats, et dans le souci d\u2019encourager le bon lancement de la transition en cours, j\u2019avais personnellement remis au Pr\u00e9sident de la transition, mon projet de soci\u00e9t\u00e9. Parce que, j\u2019estimais qu\u2019il \u00e9tait bon, bien agenc\u00e9 et bien \u00e9valu\u00e9 et cadenc\u00e9 sur un quinquennat. Et qu\u2019\u00e0 ce titre, il pouvait aussi humblement aider l\u2019inspiration pr\u00e9sidentielle, dans ce contexte exceptionnel de la Transition.<\/p>\n\n\n\n<p>Tout ce rappel, c\u2019est pour confirmer que personnellement, comme de nombreux compatriotes, je croyais aux bonnes intentions du CTRI et \u00e0 la sinc\u00e9rit\u00e9 de la Transition.<\/p>\n\n\n\n<p>Je dois avouer que j\u2019\u00e9tais s convaincu que le CTRI pouvait r\u00e9ellement faire bouger positivement les lignes, non seulement celles de la restauration des institutions, mais aussi et surtout celles de la restauration de la bonne gouvernance du pays, vu les attentes pressantes du peuple.<\/p>\n\n\n\n<p>Un an apr\u00e8s, malgr\u00e9 les rat\u00e9s not\u00e9s et les retards \u00e0 l\u2019allumage, je persiste \u00e0 croire que le CTRI, sous la houlette de Pr\u00e9sident, a encore toutes les cartes dans ses mains pour relever les d\u00e9fis qui se dressent sur son chemin et r\u00e9ussir l\u00e0 o\u00f9 le pouvoir d\u00e9chu a \u00e9chou\u00e9.<\/p>\n\n\n\n<p>Diriger un pays en crise depuis tant d\u2019ann\u00e9es et tr\u00e8s endett\u00e9 comme le Gabon, malgr\u00e9 ses immenses potentialit\u00e9s, et le remettre sur les rails en un an de transition, n\u2019est pas une mince affaire.<\/p>\n\n\n\n<p>Devant l\u2019ampleur de la t\u00e2che et les multiples \u00e9cueils, il convient alors, raison bien gard\u00e9e, d\u2019accorder de l\u2019indulgence aux autorit\u00e9s de la Transition.<\/p>\n\n\n\n<p>Personnellement, malgr\u00e9 les couacs enregistr\u00e9s, je ne peux que saluer, dans ce laps de temps, les\u00a0 avanc\u00e9es significatives observ\u00e9es dans plusieurs domaines de la gouvernance du pays, depuis la prise de pouvoir du Pr\u00e9sident Brice Clotaire OLIGUI NGEMA.<\/p>\n\n\n\n<p><strong>Le climat d\u00e9l\u00e9t\u00e8re qui pr\u00e9valait entre gouvernants et gouvern\u00e9s sous Ali Bongo s\u2019est-il dissip\u00e9 avec le CTRI?<\/strong><\/p>\n\n\n\n<p><strong>&#8211;<\/strong>Effectivement, C\u2019est l\u2019occasion pour moi de f\u00e9liciter le CTRI pour le climat de paix et de concorde qui r\u00e8gne dans le pays depuis le renversement du pouvoir des Bongo. Certainement, comme moi, de nombreux compatriotes ont \u00e9galement remarqu\u00e9, qu\u2019il y a comme un air fraicheur et de s\u00e9r\u00e9nit\u00e9 qui plane sur l\u2019ensemble du pays depuis le fameux \u00ab\u00a0coup de lib\u00e9ration\u00a0\u00bb du CTRI.<\/p>\n\n\n\n<p>La tension ambiante, palpable et persistante de l\u2019\u00e8re Ali Bongo et sa clique, semble s\u2019\u00eatre dissip\u00e9e. Et en tant qu\u2019ancien candidat \u00e0 cette \u00e9lection pr\u00e9sidentielle tronqu\u00e9e du 26 ao\u00fbt 2023, et acteur politique de premier plan durant cette p\u00e9riode tendue, je peux ais\u00e9ment aujourd\u2019hui mesurer la d\u00e9tente retrouv\u00e9e, malgr\u00e9 le couvre-feu, douze mois apr\u00e8s.<\/p>\n\n\n\n<p><strong><em>Monsieur le Pr\u00e9sident, \u00e0 c\u00f4t\u00e9 de ce tableau reluisant bross\u00e9 ci-dessus, il existe certainement des zones d\u2019ombres qui risquent d\u2019entraver le bon essor vers la f\u00e9licit\u00e9, tant clam\u00e9 par le CTRI, les quelles selon vous<\/em><\/strong><strong>?<\/strong><\/p>\n\n\n\n<p>-A c\u00f4t\u00e9 de ce tableau reluisant, bross\u00e9 ci-dessus, force est de constater que certaines d\u00e9cisions, loin d\u2019\u00eatre inclusives,\u00a0 comme l\u2019ensemble des Gabonais aurait pu le souhaiter, persistent et confirment le retour de l\u2019arbitraire et des pratiques de manipulations politiques visant \u00e0 atteindre d\u2019autres desseins inavou\u00e9s.<\/p>\n\n\n\n<p>Ainsi donc, si la r\u00e9surgence de certains travers de l\u2019ancien syst\u00e8me n\u2019est pas gomm\u00e9e \u00e0 temps, le risque d\u2019entraver le bon essor vers la f\u00e9licit\u00e9, tant clam\u00e9 par le CTRI, est grand.<\/p>\n\n\n\n<p>Plus encore, \u00e0 l\u2019analyse, la mani\u00e8re de faire des militaires au pouvoir, dans certains domaines, suscite chaque jour un peu plus d\u2019\u00e9tonnement, de l\u2019impatience et m\u00eame de l\u2019agacement quant \u00e0 ce qui concerne certaines d\u00e9cisions prises et leurs cons\u00e9quences f\u00e2cheuses \u00e0 venir.<\/p>\n\n\n\n<p>Dans ce registre, on peut citer\u00a0:<\/p>\n\n\n\n<ul class=\"wp-block-list\">\n<li>La stigmatisation d\u2019une partie de la population gabonaise, avec \u00a0la suspension des droits des \u00ab\u00a0mauvais citoyens\u00a0\u00bb et l\u2019introduction et l\u2019utilisation\u00a0 excessive de la notion nouvelle et malveillante de \u00ab\u00a0gabonais de souche\u00a0\u00bb beaucoup plus restrictive en lieu et place de gabonais d\u2019origine ;<\/li>\n\n\n\n<li>L\u2019organisation et la confiscation des libert\u00e9s et expressions politiques,\u00a0avec la suspension ou restriction de certains partis politiques, et partant du pluralisme au Gabon sans distinction\u00a0 ni justification l\u00e9gale.<\/li>\n\n\n\n<li>L\u2018OPA des anciens cadres du PDG dans tous les organes de la Transition. Ainsi que leur reconversion en force tant au Cabinet pr\u00e9sidentiel, au Parlement, au Gouvernement, dans les Collectivit\u00e9s locales et dans la haute administration publique et parapublique\u00a0;<\/li>\n\n\n\n<li>Les nominations des m\u00eames personnalit\u00e9s issues des m\u00eames familles qui ont r\u00e9gn\u00e9 sous l\u2019\u00e8re\u00a0 des Bongo p\u00e8re et fils\u00a0;<\/li>\n\n\n\n<li>La marginalisation persistante de certaines familles des postes cl\u00e9s de la R\u00e9publique, malgr\u00e9 leurs profils, et cela depuis quasiment 40 ans\u00a0(comme c\u2019est le cas des Fanguinoveny, depuis l\u2019assassinat politique de Pierre Fanguinoveny, en 1978, en France);<\/li>\n\n\n\n<li>Certaines recommandations f\u00e2cheuses\u00a0 issues du Dialogue national inclusif, qui s\u2019est tenu du 2 au 30 avril dernier \u00e0 Angondj\u00e9\u00a0;<\/li>\n\n\n\n<li>Certaines dispositions du nouveau Code \u00e9lectoral conf\u00e9rant l\u2019organisation exclusive des \u00e9lections au Minist\u00e8re de l\u2019Int\u00e9rieur;<\/li>\n\n\n\n<li>Le cafouillage ambiant sur la campagne pr\u00e9matur\u00e9e sur le\u00a0 \u00ab\u00a0oui\u00a0\u00bb ou le \u00ab\u00a0non\u00a0\u00bb au R\u00e9f\u00e9rendum, alors m\u00eame que la nouvelle Constitution n\u2019est pas encore rendue publique.<\/li>\n\n\n\n<li>Le non-respect de la parole donn\u00e9e, tant lors des \u00e9changes avec les anciens candidats \u00e0 l\u2019\u00e9lection pr\u00e9sidentielle du 26 ao\u00fbt 2023, que lors de la c\u00e9r\u00e9monie de prestation de serment du Pr\u00e9sident de la Transition, le 4 septembre 2023.<\/li>\n<\/ul>\n\n\n\n<p><strong>-A vous entendre parler Monsieur le Pr\u00e9sident du PPG,\u00a0 voulez-vous dire aux Gabonais, que le Pr\u00e9sident de la transition Brice Clotaire Oligui Nguema, voudrait se succ\u00e9der \u00e0 lui-m\u00eame au terme du processus de transition, en conf\u00e9rant l\u2019organisation exclusive des \u00e9lections au Minist\u00e8re de l\u2019Int\u00e9rieur \u00ab\u00a0inf\u00e9od\u00e9\u00a0\u00bb au CTRI\u00a0?<\/strong><\/p>\n\n\n\n<p>Pourtant, i<strong>l <\/strong>n\u2019\u00e9chappe \u00e0 personne que le Pr\u00e9sident de la Transition le G\u00e9n\u00e9ral Oligui Nguema \u00a0compte \u00eatre candidat \u00e0 la prochaine \u00e9lection pr\u00e9sidentielle d\u2019ao\u00fbt 2025. Ce qui apparait d\u2019ailleurs l\u00e9gitime pour le commun des gabonais au regard de la Charte de la Transition. Surtout que\u00a0 dans leur majorit\u00e9, ils lui sont tr\u00e8s reconnaissants pour le \u00ab\u00a0Coup de Libert\u00e9\u00a0\u00bb r\u00e9alis\u00e9 de mains de ma\u00eetre et sans effusion de sang. A ce titre, le G\u00e9n\u00e9ral Oligui Nguema b\u00e9n\u00e9ficie aujourd\u2019hui d\u2019un capital sympathie consid\u00e9rable.<\/p>\n\n\n\n<p>Il n\u2019avait nul besoin de tous ces micmacs pour se faire \u00e9lire haut la main Pr\u00e9sident de la R\u00e9publique, \u00e0 l\u2019issue de la Transition. Pour \u00e9viter que ce capital de popularit\u00e9 engrang\u00e9e aupr\u00e8s des populations ne s\u2019\u00e9rode davantage au fil du temps, il serait imp\u00e9ratif qu\u2019il redresse le cap afin d\u2019amorcer un retour apais\u00e9 du Gabon \u00e0 l\u2019ordre constitutionnel favorable\u00a0 \u00e0 la d\u00e9mocratie, la paix, les investissements et \u00e0 l\u2019emploi.<\/p>\n\n\n\n<p>Devant tout ce capharna\u00fcm d\u2019intrigues volontairement entretenu par certains nostalgiques de l\u2019ordre ancien pour satisfaire leurs desseins inavou\u00e9s, il serait logique que le Pr\u00e9sident de la Transition proc\u00e8de \u00e0 des r\u00e9ajustements, un an apr\u00e8s, afin d\u2019\u00e9viter d\u2019entacher ses ambitions, si ambitions il y a, \u00e0 l\u2019issue de la transition en cours.<\/p>\n\n\n\n<p>Il lui appartient donc, tel un missile d\u2019interception, de pousser \u00e0 l\u2019avant, tout en corrigeant constamment \u00e0 droite et \u00e0 gauche pour esp\u00e9rer atteindre sa cible, c\u2019est-\u00e0-dire son but.<\/p>\n\n\n\n<p><strong>-Et si le pr\u00e9sident de la Transition ne change pas de paradigme, redoutez-vous le pire dans le pays ? c\u2019est \u00e0 dire que l\u2019on en vienne encore, avant ou apr\u00e8s la pr\u00e9sidentielle pr\u00e9vue en Ao\u00fbt 2025 conform\u00e9ment \u00e0 la charte de la transition, \u00e0 des tensions politiques ou encore \u00e0 des crises post-\u00e9lectorales aux cons\u00e9quences incalculables.<\/strong><\/p>\n\n\n\n<p>Les m\u00eames causes produisant les m\u00eames effets, il est \u00e0 craindre, si des corrections brutales ne sont pas apport\u00e9es \u00e0 temps dans le processus de transition actuelle, que l\u2019on en vienne encore, avant ou apr\u00e8s la pr\u00e9sidentielle pr\u00e9vue en ao\u00fbt 2025, \u00e0 des tensions politiques ou encore \u00e0 des crises post\u00e9lectorales.<\/p>\n\n\n\n<p>Puis, de nouveau, \u00e0 des dialogues\u00a0 ou concertations politiques pour ramener la s\u00e9r\u00e9nit\u00e9 dans le pays apr\u00e8s les violences politiques pr\u00e9visibles, que la tendance\u00a0 actuelle \u00e0 reproduire pr\u00e9cocement le mod\u00e8le d\u2019erreurs du pouvoir d\u00e9chu, ne manquerait \u00e0\u00a0 g\u00e9n\u00e9rer.<\/p>\n\n\n\n<p><strong>-Avez-vous une derni\u00e8re pr\u00e9occupation?<\/strong><\/p>\n\n\n\n<p>Pour conclure mon propos, apr\u00e8s cette p\u00e9riode de mise en train, ponctu\u00e9e par la c\u00e9l\u00e9bration fastueuse de son premier anniversaire, s\u2019il fallait en d\u00e9finitive donner une note \u00e0 la transition actuelle, la note de 5\/10, mention passable, serait la mieux indiqu\u00e9e. \u00a0Au Pr\u00e9sident de la Transition et au CTRI \u00e0 faire mieux!<\/p>\n\n\n\n<p><strong>Entretien exclusif r\u00e9alis\u00e9 par Rufin Martial Oke Nze<\/strong><\/p>\n","protected":false},"excerpt":{"rendered":"<p>Dans un entretien exclusif accord\u00e9 \u00e0 notre r\u00e9daction, jeudi 29 ao\u00fbt dernier, \u00e0 son si\u00e8ge social de derri\u00e8re station de l\u2019Universit\u00e9 Omar Bongo de Libreville, le Pr\u00e9sident du \u00a0parti du Peuple Gabonais ( PPG), Jean Romain Fanguinoveny, dresse le bilan d\u2019\u00e9tape du Comit\u00e9 de Transition pour la Restauration des Institutions. Un bilan annuel jug\u00e9 mi-figue-mi [&hellip;]<\/p>\n","protected":false},"author":7,"featured_media":3305,"comment_status":"open","ping_status":"open","sticky":false,"template":"","format":"standard","meta":{"footnotes":""},"categories":[57,55,1,59],"tags":[],"class_list":["post-3303","post","type-post","status-publish","format-standard","has-post-thumbnail","hentry","category-a-la-une","category-actualites","category-non-classe","category-politique"],"yoast_head":"<!-- This site is optimized with the Yoast SEO plugin v24.2 - https:\/\/yoast.com\/wordpress\/plugins\/seo\/ -->\n<title>Fanguinoveny juge mi-figue mi-raisin le bilan du CTRI au pouvoir - Gabon Nouvelle Vision<\/title>\n<meta name=\"robots\" content=\"index, follow, max-snippet:-1, max-image-preview:large, max-video-preview:-1\" \/>\n<link rel=\"canonical\" href=\"https:\/\/gabonnouvellevision.com\/gnv\/2024\/08\/31\/fanguinoveny-juge-mi-figue-mi-raisin-le-bilan-du-ctri-au-pouvoir\/\" \/>\n<meta property=\"og:locale\" content=\"fr_FR\" \/>\n<meta property=\"og:type\" content=\"article\" \/>\n<meta property=\"og:title\" content=\"Fanguinoveny juge mi-figue mi-raisin le bilan du CTRI au pouvoir - Gabon Nouvelle Vision\" \/>\n<meta property=\"og:description\" content=\"Dans un entretien exclusif accord\u00e9 \u00e0 notre r\u00e9daction, jeudi 29 ao\u00fbt dernier, \u00e0 son si\u00e8ge social de derri\u00e8re station de l\u2019Universit\u00e9 Omar Bongo de Libreville, le Pr\u00e9sident du \u00a0parti du Peuple Gabonais ( PPG), Jean Romain Fanguinoveny, dresse le bilan d\u2019\u00e9tape du Comit\u00e9 de Transition pour la Restauration des Institutions. Un bilan annuel jug\u00e9 mi-figue-mi [&hellip;]\" \/>\n<meta property=\"og:url\" content=\"https:\/\/gabonnouvellevision.com\/gnv\/2024\/08\/31\/fanguinoveny-juge-mi-figue-mi-raisin-le-bilan-du-ctri-au-pouvoir\/\" \/>\n<meta property=\"og:site_name\" content=\"Gabon Nouvelle Vision\" \/>\n<meta property=\"article:publisher\" content=\"https:\/\/www.facebook.com\/GNVofficiel\" \/>\n<meta property=\"article:published_time\" content=\"2024-08-31T10:44:41+00:00\" \/>\n<meta property=\"og:image\" content=\"https:\/\/gabonnouvellevision.com\/gnv\/wp-content\/uploads\/2024\/08\/Jean-Romain.jpg\" \/>\n\t<meta property=\"og:image:width\" content=\"500\" \/>\n\t<meta property=\"og:image:height\" content=\"472\" \/>\n\t<meta property=\"og:image:type\" content=\"image\/jpeg\" \/>\n<meta name=\"author\" content=\"Eyeng Obame\" \/>\n<meta name=\"twitter:card\" content=\"summary_large_image\" \/>\n<meta name=\"twitter:label1\" content=\"\u00c9crit par\" \/>\n\t<meta name=\"twitter:data1\" content=\"Eyeng Obame\" \/>\n\t<meta name=\"twitter:label2\" content=\"Dur\u00e9e de lecture estim\u00e9e\" \/>\n\t<meta name=\"twitter:data2\" content=\"10 minutes\" \/>\n<script type=\"application\/ld+json\" class=\"yoast-schema-graph\">{\"@context\":\"https:\/\/schema.org\",\"@graph\":[{\"@type\":\"Article\",\"@id\":\"https:\/\/gabonnouvellevision.com\/gnv\/2024\/08\/31\/fanguinoveny-juge-mi-figue-mi-raisin-le-bilan-du-ctri-au-pouvoir\/#article\",\"isPartOf\":{\"@id\":\"https:\/\/gabonnouvellevision.com\/gnv\/2024\/08\/31\/fanguinoveny-juge-mi-figue-mi-raisin-le-bilan-du-ctri-au-pouvoir\/\"},\"author\":{\"name\":\"Eyeng Obame\",\"@id\":\"https:\/\/gabonnouvellevision.com\/gnv\/#\/schema\/person\/4b48e07d222f83c0285affc3704bc899\"},\"headline\":\"Fanguinoveny juge mi-figue mi-raisin le bilan du CTRI au pouvoir\",\"datePublished\":\"2024-08-31T10:44:41+00:00\",\"dateModified\":\"2024-08-31T10:44:41+00:00\",\"mainEntityOfPage\":{\"@id\":\"https:\/\/gabonnouvellevision.com\/gnv\/2024\/08\/31\/fanguinoveny-juge-mi-figue-mi-raisin-le-bilan-du-ctri-au-pouvoir\/\"},\"wordCount\":2049,\"commentCount\":0,\"publisher\":{\"@id\":\"https:\/\/gabonnouvellevision.com\/gnv\/#organization\"},\"image\":{\"@id\":\"https:\/\/gabonnouvellevision.com\/gnv\/2024\/08\/31\/fanguinoveny-juge-mi-figue-mi-raisin-le-bilan-du-ctri-au-pouvoir\/#primaryimage\"},\"thumbnailUrl\":\"https:\/\/gabonnouvellevision.com\/gnv\/wp-content\/uploads\/2024\/08\/Jean-Romain.jpg\",\"articleSection\":{\"0\":\"A la une\",\"1\":\"Actualites\",\"3\":\"Politique\"},\"inLanguage\":\"fr-FR\",\"potentialAction\":[{\"@type\":\"CommentAction\",\"name\":\"Comment\",\"target\":[\"https:\/\/gabonnouvellevision.com\/gnv\/2024\/08\/31\/fanguinoveny-juge-mi-figue-mi-raisin-le-bilan-du-ctri-au-pouvoir\/#respond\"]}]},{\"@type\":\"WebPage\",\"@id\":\"https:\/\/gabonnouvellevision.com\/gnv\/2024\/08\/31\/fanguinoveny-juge-mi-figue-mi-raisin-le-bilan-du-ctri-au-pouvoir\/\",\"url\":\"https:\/\/gabonnouvellevision.com\/gnv\/2024\/08\/31\/fanguinoveny-juge-mi-figue-mi-raisin-le-bilan-du-ctri-au-pouvoir\/\",\"name\":\"Fanguinoveny juge mi-figue mi-raisin le bilan du CTRI au pouvoir - Gabon Nouvelle Vision\",\"isPartOf\":{\"@id\":\"https:\/\/gabonnouvellevision.com\/gnv\/#website\"},\"primaryImageOfPage\":{\"@id\":\"https:\/\/gabonnouvellevision.com\/gnv\/2024\/08\/31\/fanguinoveny-juge-mi-figue-mi-raisin-le-bilan-du-ctri-au-pouvoir\/#primaryimage\"},\"image\":{\"@id\":\"https:\/\/gabonnouvellevision.com\/gnv\/2024\/08\/31\/fanguinoveny-juge-mi-figue-mi-raisin-le-bilan-du-ctri-au-pouvoir\/#primaryimage\"},\"thumbnailUrl\":\"https:\/\/gabonnouvellevision.com\/gnv\/wp-content\/uploads\/2024\/08\/Jean-Romain.jpg\",\"datePublished\":\"2024-08-31T10:44:41+00:00\",\"dateModified\":\"2024-08-31T10:44:41+00:00\",\"breadcrumb\":{\"@id\":\"https:\/\/gabonnouvellevision.com\/gnv\/2024\/08\/31\/fanguinoveny-juge-mi-figue-mi-raisin-le-bilan-du-ctri-au-pouvoir\/#breadcrumb\"},\"inLanguage\":\"fr-FR\",\"potentialAction\":[{\"@type\":\"ReadAction\",\"target\":[\"https:\/\/gabonnouvellevision.com\/gnv\/2024\/08\/31\/fanguinoveny-juge-mi-figue-mi-raisin-le-bilan-du-ctri-au-pouvoir\/\"]}]},{\"@type\":\"ImageObject\",\"inLanguage\":\"fr-FR\",\"@id\":\"https:\/\/gabonnouvellevision.com\/gnv\/2024\/08\/31\/fanguinoveny-juge-mi-figue-mi-raisin-le-bilan-du-ctri-au-pouvoir\/#primaryimage\",\"url\":\"https:\/\/gabonnouvellevision.com\/gnv\/wp-content\/uploads\/2024\/08\/Jean-Romain.jpg\",\"contentUrl\":\"https:\/\/gabonnouvellevision.com\/gnv\/wp-content\/uploads\/2024\/08\/Jean-Romain.jpg\",\"width\":500,\"height\":472},{\"@type\":\"BreadcrumbList\",\"@id\":\"https:\/\/gabonnouvellevision.com\/gnv\/2024\/08\/31\/fanguinoveny-juge-mi-figue-mi-raisin-le-bilan-du-ctri-au-pouvoir\/#breadcrumb\",\"itemListElement\":[{\"@type\":\"ListItem\",\"position\":1,\"name\":\"Accueil\",\"item\":\"https:\/\/gabonnouvellevision.com\/gnv\/\"},{\"@type\":\"ListItem\",\"position\":2,\"name\":\"Fanguinoveny juge mi-figue mi-raisin le bilan du CTRI au pouvoir\"}]},{\"@type\":\"WebSite\",\"@id\":\"https:\/\/gabonnouvellevision.com\/gnv\/#website\",\"url\":\"https:\/\/gabonnouvellevision.com\/gnv\/\",\"name\":\"Gabon Nouvelle Vision\",\"description\":\"\",\"publisher\":{\"@id\":\"https:\/\/gabonnouvellevision.com\/gnv\/#organization\"},\"potentialAction\":[{\"@type\":\"SearchAction\",\"target\":{\"@type\":\"EntryPoint\",\"urlTemplate\":\"https:\/\/gabonnouvellevision.com\/gnv\/?s={search_term_string}\"},\"query-input\":{\"@type\":\"PropertyValueSpecification\",\"valueRequired\":true,\"valueName\":\"search_term_string\"}}],\"inLanguage\":\"fr-FR\"},{\"@type\":\"Organization\",\"@id\":\"https:\/\/gabonnouvellevision.com\/gnv\/#organization\",\"name\":\"Gabon Nouvelle Vision\",\"url\":\"https:\/\/gabonnouvellevision.com\/gnv\/\",\"logo\":{\"@type\":\"ImageObject\",\"inLanguage\":\"fr-FR\",\"@id\":\"https:\/\/gabonnouvellevision.com\/gnv\/#\/schema\/logo\/image\/\",\"url\":\"https:\/\/gabonnouvellevision.com\/gnv\/wp-content\/uploads\/2025\/01\/logo-text_Plan-de-travail-1.png\",\"contentUrl\":\"https:\/\/gabonnouvellevision.com\/gnv\/wp-content\/uploads\/2025\/01\/logo-text_Plan-de-travail-1.png\",\"width\":7169,\"height\":2390,\"caption\":\"Gabon Nouvelle Vision\"},\"image\":{\"@id\":\"https:\/\/gabonnouvellevision.com\/gnv\/#\/schema\/logo\/image\/\"},\"sameAs\":[\"https:\/\/www.facebook.com\/GNVofficiel\"]},{\"@type\":\"Person\",\"@id\":\"https:\/\/gabonnouvellevision.com\/gnv\/#\/schema\/person\/4b48e07d222f83c0285affc3704bc899\",\"name\":\"Eyeng Obame\",\"image\":{\"@type\":\"ImageObject\",\"inLanguage\":\"fr-FR\",\"@id\":\"https:\/\/gabonnouvellevision.com\/gnv\/#\/schema\/person\/image\/\",\"url\":\"https:\/\/secure.gravatar.com\/avatar\/167bc03b8baf3c77318a47159f80871de6f5a6cbf4bc8b6af750fbc1a369d7bf?s=96&d=mm&r=g\",\"contentUrl\":\"https:\/\/secure.gravatar.com\/avatar\/167bc03b8baf3c77318a47159f80871de6f5a6cbf4bc8b6af750fbc1a369d7bf?s=96&d=mm&r=g\",\"caption\":\"Eyeng Obame\"},\"url\":\"https:\/\/gabonnouvellevision.com\/gnv\/author\/rufin\/\"}]}<\/script>\n<!-- \/ Yoast SEO plugin. -->","yoast_head_json":{"title":"Fanguinoveny juge mi-figue mi-raisin le bilan du CTRI au pouvoir - Gabon Nouvelle Vision","robots":{"index":"index","follow":"follow","max-snippet":"max-snippet:-1","max-image-preview":"max-image-preview:large","max-video-preview":"max-video-preview:-1"},"canonical":"https:\/\/gabonnouvellevision.com\/gnv\/2024\/08\/31\/fanguinoveny-juge-mi-figue-mi-raisin-le-bilan-du-ctri-au-pouvoir\/","og_locale":"fr_FR","og_type":"article","og_title":"Fanguinoveny juge mi-figue mi-raisin le bilan du CTRI au pouvoir - Gabon Nouvelle Vision","og_description":"Dans un entretien exclusif accord\u00e9 \u00e0 notre r\u00e9daction, jeudi 29 ao\u00fbt dernier, \u00e0 son si\u00e8ge social de derri\u00e8re station de l\u2019Universit\u00e9 Omar Bongo de Libreville, le Pr\u00e9sident du \u00a0parti du Peuple Gabonais ( PPG), Jean Romain Fanguinoveny, dresse le bilan d\u2019\u00e9tape du Comit\u00e9 de Transition pour la Restauration des Institutions. Un bilan annuel jug\u00e9 mi-figue-mi [&hellip;]","og_url":"https:\/\/gabonnouvellevision.com\/gnv\/2024\/08\/31\/fanguinoveny-juge-mi-figue-mi-raisin-le-bilan-du-ctri-au-pouvoir\/","og_site_name":"Gabon Nouvelle Vision","article_publisher":"https:\/\/www.facebook.com\/GNVofficiel","article_published_time":"2024-08-31T10:44:41+00:00","og_image":[{"width":500,"height":472,"url":"https:\/\/gabonnouvellevision.com\/gnv\/wp-content\/uploads\/2024\/08\/Jean-Romain.jpg","type":"image\/jpeg"}],"author":"Eyeng Obame","twitter_card":"summary_large_image","twitter_misc":{"\u00c9crit par":"Eyeng Obame","Dur\u00e9e de lecture estim\u00e9e":"10 minutes"},"schema":{"@context":"https:\/\/schema.org","@graph":[{"@type":"Article","@id":"https:\/\/gabonnouvellevision.com\/gnv\/2024\/08\/31\/fanguinoveny-juge-mi-figue-mi-raisin-le-bilan-du-ctri-au-pouvoir\/#article","isPartOf":{"@id":"https:\/\/gabonnouvellevision.com\/gnv\/2024\/08\/31\/fanguinoveny-juge-mi-figue-mi-raisin-le-bilan-du-ctri-au-pouvoir\/"},"author":{"name":"Eyeng Obame","@id":"https:\/\/gabonnouvellevision.com\/gnv\/#\/schema\/person\/4b48e07d222f83c0285affc3704bc899"},"headline":"Fanguinoveny juge mi-figue mi-raisin le bilan du CTRI au pouvoir","datePublished":"2024-08-31T10:44:41+00:00","dateModified":"2024-08-31T10:44:41+00:00","mainEntityOfPage":{"@id":"https:\/\/gabonnouvellevision.com\/gnv\/2024\/08\/31\/fanguinoveny-juge-mi-figue-mi-raisin-le-bilan-du-ctri-au-pouvoir\/"},"wordCount":2049,"commentCount":0,"publisher":{"@id":"https:\/\/gabonnouvellevision.com\/gnv\/#organization"},"image":{"@id":"https:\/\/gabonnouvellevision.com\/gnv\/2024\/08\/31\/fanguinoveny-juge-mi-figue-mi-raisin-le-bilan-du-ctri-au-pouvoir\/#primaryimage"},"thumbnailUrl":"https:\/\/gabonnouvellevision.com\/gnv\/wp-content\/uploads\/2024\/08\/Jean-Romain.jpg","articleSection":{"0":"A la une","1":"Actualites","3":"Politique"},"inLanguage":"fr-FR","potentialAction":[{"@type":"CommentAction","name":"Comment","target":["https:\/\/gabonnouvellevision.com\/gnv\/2024\/08\/31\/fanguinoveny-juge-mi-figue-mi-raisin-le-bilan-du-ctri-au-pouvoir\/#respond"]}]},{"@type":"WebPage","@id":"https:\/\/gabonnouvellevision.com\/gnv\/2024\/08\/31\/fanguinoveny-juge-mi-figue-mi-raisin-le-bilan-du-ctri-au-pouvoir\/","url":"https:\/\/gabonnouvellevision.com\/gnv\/2024\/08\/31\/fanguinoveny-juge-mi-figue-mi-raisin-le-bilan-du-ctri-au-pouvoir\/","name":"Fanguinoveny juge mi-figue mi-raisin le bilan du CTRI au pouvoir - Gabon Nouvelle Vision","isPartOf":{"@id":"https:\/\/gabonnouvellevision.com\/gnv\/#website"},"primaryImageOfPage":{"@id":"https:\/\/gabonnouvellevision.com\/gnv\/2024\/08\/31\/fanguinoveny-juge-mi-figue-mi-raisin-le-bilan-du-ctri-au-pouvoir\/#primaryimage"},"image":{"@id":"https:\/\/gabonnouvellevision.com\/gnv\/2024\/08\/31\/fanguinoveny-juge-mi-figue-mi-raisin-le-bilan-du-ctri-au-pouvoir\/#primaryimage"},"thumbnailUrl":"https:\/\/gabonnouvellevision.com\/gnv\/wp-content\/uploads\/2024\/08\/Jean-Romain.jpg","datePublished":"2024-08-31T10:44:41+00:00","dateModified":"2024-08-31T10:44:41+00:00","breadcrumb":{"@id":"https:\/\/gabonnouvellevision.com\/gnv\/2024\/08\/31\/fanguinoveny-juge-mi-figue-mi-raisin-le-bilan-du-ctri-au-pouvoir\/#breadcrumb"},"inLanguage":"fr-FR","potentialAction":[{"@type":"ReadAction","target":["https:\/\/gabonnouvellevision.com\/gnv\/2024\/08\/31\/fanguinoveny-juge-mi-figue-mi-raisin-le-bilan-du-ctri-au-pouvoir\/"]}]},{"@type":"ImageObject","inLanguage":"fr-FR","@id":"https:\/\/gabonnouvellevision.com\/gnv\/2024\/08\/31\/fanguinoveny-juge-mi-figue-mi-raisin-le-bilan-du-ctri-au-pouvoir\/#primaryimage","url":"https:\/\/gabonnouvellevision.com\/gnv\/wp-content\/uploads\/2024\/08\/Jean-Romain.jpg","contentUrl":"https:\/\/gabonnouvellevision.com\/gnv\/wp-content\/uploads\/2024\/08\/Jean-Romain.jpg","width":500,"height":472},{"@type":"BreadcrumbList","@id":"https:\/\/gabonnouvellevision.com\/gnv\/2024\/08\/31\/fanguinoveny-juge-mi-figue-mi-raisin-le-bilan-du-ctri-au-pouvoir\/#breadcrumb","itemListElement":[{"@type":"ListItem","position":1,"name":"Accueil","item":"https:\/\/gabonnouvellevision.com\/gnv\/"},{"@type":"ListItem","position":2,"name":"Fanguinoveny juge mi-figue mi-raisin le bilan du CTRI au pouvoir"}]},{"@type":"WebSite","@id":"https:\/\/gabonnouvellevision.com\/gnv\/#website","url":"https:\/\/gabonnouvellevision.com\/gnv\/","name":"Gabon Nouvelle Vision","description":"","publisher":{"@id":"https:\/\/gabonnouvellevision.com\/gnv\/#organization"},"potentialAction":[{"@type":"SearchAction","target":{"@type":"EntryPoint","urlTemplate":"https:\/\/gabonnouvellevision.com\/gnv\/?s={search_term_string}"},"query-input":{"@type":"PropertyValueSpecification","valueRequired":true,"valueName":"search_term_string"}}],"inLanguage":"fr-FR"},{"@type":"Organization","@id":"https:\/\/gabonnouvellevision.com\/gnv\/#organization","name":"Gabon Nouvelle Vision","url":"https:\/\/gabonnouvellevision.com\/gnv\/","logo":{"@type":"ImageObject","inLanguage":"fr-FR","@id":"https:\/\/gabonnouvellevision.com\/gnv\/#\/schema\/logo\/image\/","url":"https:\/\/gabonnouvellevision.com\/gnv\/wp-content\/uploads\/2025\/01\/logo-text_Plan-de-travail-1.png","contentUrl":"https:\/\/gabonnouvellevision.com\/gnv\/wp-content\/uploads\/2025\/01\/logo-text_Plan-de-travail-1.png","width":7169,"height":2390,"caption":"Gabon Nouvelle Vision"},"image":{"@id":"https:\/\/gabonnouvellevision.com\/gnv\/#\/schema\/logo\/image\/"},"sameAs":["https:\/\/www.facebook.com\/GNVofficiel"]},{"@type":"Person","@id":"https:\/\/gabonnouvellevision.com\/gnv\/#\/schema\/person\/4b48e07d222f83c0285affc3704bc899","name":"Eyeng Obame","image":{"@type":"ImageObject","inLanguage":"fr-FR","@id":"https:\/\/gabonnouvellevision.com\/gnv\/#\/schema\/person\/image\/","url":"https:\/\/secure.gravatar.com\/avatar\/167bc03b8baf3c77318a47159f80871de6f5a6cbf4bc8b6af750fbc1a369d7bf?s=96&d=mm&r=g","contentUrl":"https:\/\/secure.gravatar.com\/avatar\/167bc03b8baf3c77318a47159f80871de6f5a6cbf4bc8b6af750fbc1a369d7bf?s=96&d=mm&r=g","caption":"Eyeng Obame"},"url":"https:\/\/gabonnouvellevision.com\/gnv\/author\/rufin\/"}]}},"_links":{"self":[{"href":"https:\/\/gabonnouvellevision.com\/gnv\/wp-json\/wp\/v2\/posts\/3303","targetHints":{"allow":["GET"]}}],"collection":[{"href":"https:\/\/gabonnouvellevision.com\/gnv\/wp-json\/wp\/v2\/posts"}],"about":[{"href":"https:\/\/gabonnouvellevision.com\/gnv\/wp-json\/wp\/v2\/types\/post"}],"author":[{"embeddable":true,"href":"https:\/\/gabonnouvellevision.com\/gnv\/wp-json\/wp\/v2\/users\/7"}],"replies":[{"embeddable":true,"href":"https:\/\/gabonnouvellevision.com\/gnv\/wp-json\/wp\/v2\/comments?post=3303"}],"version-history":[{"count":0,"href":"https:\/\/gabonnouvellevision.com\/gnv\/wp-json\/wp\/v2\/posts\/3303\/revisions"}],"wp:featuredmedia":[{"embeddable":true,"href":"https:\/\/gabonnouvellevision.com\/gnv\/wp-json\/wp\/v2\/media\/3305"}],"wp:attachment":[{"href":"https:\/\/gabonnouvellevision.com\/gnv\/wp-json\/wp\/v2\/media?parent=3303"}],"wp:term":[{"taxonomy":"category","embeddable":true,"href":"https:\/\/gabonnouvellevision.com\/gnv\/wp-json\/wp\/v2\/categories?post=3303"},{"taxonomy":"post_tag","embeddable":true,"href":"https:\/\/gabonnouvellevision.com\/gnv\/wp-json\/wp\/v2\/tags?post=3303"}],"curies":[{"name":"wp","href":"https:\/\/api.w.org\/{rel}","templated":true}]}}