{"id":3294,"date":"2024-08-30T09:06:57","date_gmt":"2024-08-30T08:06:57","guid":{"rendered":"https:\/\/gabonnouvellevision.com\/gnv\/?p=3294"},"modified":"2024-08-30T09:06:57","modified_gmt":"2024-08-30T08:06:57","slug":"politique-an-1-du-ctri-adresse-du-chef-de-letat-a-ses-compatriotes","status":"publish","type":"post","link":"https:\/\/gabonnouvellevision.com\/gnv\/2024\/08\/30\/politique-an-1-du-ctri-adresse-du-chef-de-letat-a-ses-compatriotes\/","title":{"rendered":"Politique\/An 1 du CTRI : Adresse du Chef de l\u2019Etat \u00e0 ses compatriotes"},"content":{"rendered":"<p>&nbsp;<\/p>\n<p>Gabonaises, Gabonais,<\/p>\n<p>Mes chers compatriotes,<\/p>\n<p>Aujourd\u2019hui, cela fait exactement un an que les Forces de D\u00e9fense et de S\u00e9curit\u00e9, r\u00e9unies au sein du Comit\u00e9 pour la Transition et la Restauration des Institutions &#8211; CTRI ont pris la d\u00e9cision courageuse de mettre fin \u00e0 l\u2019ancien r\u00e9gime, suite \u00e0 une \u00e9lection g\u00e9n\u00e9rale dont les r\u00e9sultats tronqu\u00e9s auraient indubitablement entrain\u00e9, comme en 2016, des contestations, des d\u00e9g\u00e2ts mat\u00e9riels et des pertes en vies humaines. Cet acte a spontan\u00e9ment \u00e9t\u00e9 baptis\u00e9 : Coup de la Lib\u00e9ration. Cette d\u00e9nomination ne traduit pas uniquement la lib\u00e9ration politique de notre pays. Elle traduit aussi, la libert\u00e9 d\u2019expression, la libert\u00e9 d\u2019entreprendre et surtout la libert\u00e9 de r\u00eaver d\u2019un Gabon nouveau, prosp\u00e8re et digne d\u2019envie.<\/p>\n<p>C\u2019est cette esp\u00e9rance que le CTRI s\u2019est fix\u00e9 comme objectif \u00e0 concr\u00e9tiser. Mes chers compatriotes, Au moment o\u00f9 nous c\u00e9l\u00e9brons ce premier anniversaire de la lib\u00e9ration de notre pays, l\u2019heure pour moi n\u2019est pas au bilan. Je pr\u00e9f\u00e8re laisser le peuple juger de lui-m\u00eame le chemin parcouru et se faire sa propre id\u00e9e au regard des r\u00e9alisations accomplies \u00e0 ce jour avec d\u00e9termination et par patriotisme. Toutefois, il vous souviendra qu\u2019apr\u00e8s le Coup de la Lib\u00e9ration nous avons consult\u00e9 les forces vives de la Nation.<\/p>\n<p>De cet \u00e9change est n\u00e9e l&rsquo;id\u00e9e d\u2019un Dialogue National Inclusif. Je me r\u00e9jouis de la r\u00e9ussite de ces assises dont les propositions seront soumises au r\u00e9f\u00e9rendum qui aura lieu dans les prochains jours conform\u00e9ment au chronogramme de la Transition. Ensuite, nous avons entam\u00e9 la Tourn\u00e9e R\u00e9publicaine afin d\u2019expliquer aux populations de l\u2019arri\u00e8re-pays les raisons du Coup de la Lib\u00e9ration. Force a \u00e9t\u00e9 pour nous de regretter am\u00e8rement la pr\u00e9carit\u00e9 g\u00e9n\u00e9ralis\u00e9e dans laquelle vivent nos populations.<\/p>\n<p>Les infrastructures sont obsol\u00e8tes et quasi inexistantes dans certaines r\u00e9gions. Le taux de ch\u00f4mage est tr\u00e8s \u00e9lev\u00e9, on d\u00e9nombre trop de maux qui accablent les gabonais. A l\u2019\u00e9preuve des faits, nous avons d\u00e9cid\u00e9 de mettre le pays en chantier, de relancer l\u2019activit\u00e9 \u00e9conomique et de promouvoir la cr\u00e9ation de richesses en mettant en place des m\u00e9canismes d\u2019aide et d\u2019accompagnement. Pour r\u00e9pondre aux besoins les plus urgents des populations, une enveloppe de 63 milliards a \u00e9t\u00e9 mise \u00e0 la disposition des 9 provinces pour s\u2019autonomiser et relancer leurs activit\u00e9s. C&rsquo;est \u00e9galement le lieu de pr\u00e9ciser, que la Transition a h\u00e9rit\u00e9 d&rsquo;une lourde dette. Je me suis engag\u00e9, lors de mon discours d\u2019investiture du 4 septembre 2023, \u00e0 honorer tous les engagements de mon pays sur le plan international afin d&rsquo;\u00e9ponger cette dette abyssale. Mais le remboursement de la dette, ne saurait constituer un frein \u00e0 nos ambitions, ni se faire au d\u00e9triment des aspirations l\u00e9gitimes de d\u00e9veloppement du peuple Gabonais. En cette difficile p\u00e9riode de Transition, la R\u00e9publique Gabonaise invite les bailleurs de fonds \u00e0 soutenir son effort vers le d\u00e9veloppement. Mes chers compatriotes, En prenant conscience de l&rsquo;ampleur de notre dette, il va de soi que le d\u00e9veloppement de notre nation devra n\u00e9cessairement passer par la valorisation de nos ressources.<\/p>\n<p>Chers Gabonais, mettons-nous au travail ! Pour que toutes nos ressources naturelles non exploit\u00e9es \u00e0 ce jour soient mises en valeur, que le potentiel incroyable de notre EL DORADO contribue \u00e0 cr\u00e9er de la richesse et que le quotidien des gabonais connaisse une transformation rapide et durable. C\u2019est aussi l\u2019occasion pour moi de vous dire qu\u2019en rachetant Assala Energy contre vents et mar\u00e9es, j\u2019\u00e9tais parfaitement conscient du potentiel p\u00e9trolier que regorge notre sous-sol. A cet \u00e9gard, apr\u00e8s la d\u00e9couverte faite sur le permis de Mutamba Iroru (entre Gamba et Atora), je vous annonce l\u2019exploration de 2 nouveaux permis \u00e0 savoir Ozigo II et Nziembou II, dont l\u2019exploitation va incessamment commencer avec la GOC. Mes chers compatriotes,<\/p>\n<p>Depuis notre arriv\u00e9e aux commandes de l\u2019\u00c9tat, le CTRI a toujours agi pour une soci\u00e9t\u00e9 plus \u00e9quitable et plus juste en abolissant les privil\u00e8ges et en ramenant les gabonais dans des secteurs o\u00f9 ils \u00e9taient fortement marginalis\u00e9s. Progressivement, nous allons permettre que le secteur du transport urbain et suburbain soit domin\u00e9 par les nationaux. Car, sur pr\u00e8s de 10.000 taxis, en circulation dans l\u2019ensemble du pays, moins de 10% sont conduits par des nationaux. Je m\u2019engage \u00e0 ce que cette statistique change dans les 5 ann\u00e9es \u00e0 venir.<\/p>\n<p>Longtemps priv\u00e9s d\u2019une compagnie a\u00e9rienne nationale, nous avons d\u00e9cid\u00e9 de la cr\u00e9ation de Fly Gabon, dont j&rsquo;ai eu l&rsquo;honneur de lancer officiellement les activit\u00e9s. Celle-ci ob\u00e9it \u00e0 notre volont\u00e9 de ma\u00eetriser le secteur du transport a\u00e9rien national. Cette compagnie nous permettra de retrouver la grandeur de notre pays sur la sc\u00e8ne internationale. Peuple gabonais, Notre pays souffre d\u2019un manque d\u2019infrastructures routi\u00e8res. D\u2019ici fin 2030, nous devons construire 2 591 km de routes \u00e0 travers l\u2019ensemble du pays. Ce lin\u00e9aire concerne les tron\u00e7ons prioritaires qui permettront, dans les 6 prochaines ann\u00e9es, d&rsquo;am\u00e9liorer la mobilit\u00e9 et l\u2019accessibilit\u00e9 des biens et des personnes, tout en d\u00e9senclavant les r\u00e9gions recul\u00e9es. Cela favorisera \u00e9galement le d\u00e9veloppement de l\u2019agriculture, r\u00e9duisant ainsi notre d\u00e9pendance alimentaire, et stimulera le tourisme, un secteur cl\u00e9 de notre politique de diversification \u00e9conomique. Les infrastructures hospitali\u00e8res ne sont pas en reste, 5 p\u00f4les de sp\u00e9cialit\u00e9 d\u2019excellence sont en construction, notamment : &#8211; Un p\u00f4le de sp\u00e9cialit\u00e9 cardio-neurovasculaire \u00e0 Andem dans l\u2019Estuaire ; &#8211; Un p\u00f4le de sp\u00e9cialit\u00e9 multidisciplinaire et \u00e9ducatif de l\u2019enfant en situation d\u2019handicap \u00e0 Port-Gentil, dans l\u2019Ogoou\u00e9-Maritime ; &#8211; L\u2019h\u00f4pital Militaire de Ndjol\u00e9 dans le Moyen-Ogoou\u00e9, p\u00f4le de sp\u00e9cialit\u00e9 en traumatologie, devraient \u00eatre finalis\u00e9s tr\u00e8s bient\u00f4t ; &#8211; Pour Franceville, un p\u00f4le de sp\u00e9cialit\u00e9 d\u2019uro-n\u00e9phrologique et de transplantation r\u00e9nale ; &#8211; et enfin dans le Woleu-Ntem, un centre polyvalent d\u2019ophtalmologie. Sur un tout autre plan, le besoin d\u2019un logement d\u00e9cent reste une pr\u00e9occupation pour plusieurs compatriotes.<\/p>\n<p>L\u2019engouement suscit\u00e9 par la mise \u00e0 disposition des 500 parcelles \u00e0 Igoumi\u00e9 dans la commune d\u2019Owendo, fruit d\u2019un partenariat public-priv\u00e9 en est la parfaite illustration. Cette op\u00e9ration se poursuivra avec la mise en exploitation de 40 hectares en plus, pour 800 parcelles de 500 m2 viabilis\u00e9s avec Titres Fonciers. A ce sujet j&rsquo;annonce qu\u2019une vaste op\u00e9ration de r\u00e9gularisation de titres fonciers au profit de tous les compatriotes sera lanc\u00e9e dans les jours \u00e0 venir. De m\u00eame, nous pr\u00e9voyons construire 1900 logements sociaux de 2 et 3 chambres pour les fonctionnaires, en suivant le mod\u00e8le con\u00e7u pour les militaires o\u00f9 la prime de logement mensuelle constituera l\u2019hypoth\u00e8que permettant de financer l\u2019acquisition du logement.<\/p>\n<p>En marge des fonctionnaires, d\u2019autres m\u00e9canismes sont en cours d\u2019\u00e9tude, lesquels concerneront le secteur priv\u00e9 et les cat\u00e9gories dites \u00e9conomiquement faibles. Dans quelques mois les 14 immeubles modernes qui constitueront la cit\u00e9 administrative \u00c9meraude seront livr\u00e9s. Cette avanc\u00e9e infrastructurelle significative va changer la physionomie de la ville, mais surtout aidera l\u2019\u00c9tat \u00e0 r\u00e9aliser pr\u00e8s de 30 milliards d&rsquo;\u00e9conomie par an, en permettant aux diff\u00e9rents minist\u00e8res locataires de disposer de leurs propres locaux. Par ailleurs, pour concr\u00e9tiser l&rsquo;action de l\u2019\u00c9tat contre la vie ch\u00e8re, j&rsquo;ai d\u00e9cid\u00e9 que l&rsquo;exclusivit\u00e9 d\u2019importation de certains produits ne sera plus la chasse gard\u00e9e d&rsquo;une frange d\u2019op\u00e9rateurs \u00e9conomiques. Je veux privil\u00e9gier le march\u00e9 de concurrence pure et parfaite et permettre a tous les gabonais de s&rsquo;approvisionner aux prix adapt\u00e9s \u00e0 leurs revenus. Pour hisser notre pays \u00e0 ce niveau d\u2019assainissement \u00e9conomique et social, il nous faut disposer d&rsquo;un syst\u00e8me judicaire fort, \u00e9quitable et ind\u00e9pendant. Les r\u00e9formes impuls\u00e9es par le dernier Conseil Sup\u00e9rieur de la Magistrature devront \u00eatre per\u00e7ues comme l&rsquo;acte inaugural de cette nouvelle administration judiciaire au service de l&rsquo;\u00c9tat de Droit.<\/p>\n<p>Gabonais, Gabonaises, Mes chers compatriotes, Un an apr\u00e8s le Coup de la Lib\u00e9ration, notre \u00c9tat est en train de se reconstruire autour des valeurs et des grands principes r\u00e9publicains. La nouvelle Constitution de notre pays ob\u00e9it \u00e0 ces principes. Elle garantit au peuple gabonais le respect des libert\u00e9s fondamentales et l\u2019\u00c9tat de droit. Notre nation se trouve \u00e0 un tournant d\u00e9cisif de son histoire. Nous avons entrepris de grandes r\u00e9formes pour reb\u00e2tir un Gabon plus fort, plus juste et plus prosp\u00e8re. Notre travail ensemble n\u2019est pas termin\u00e9, mais il est bien engag\u00e9. Nous avons amorc\u00e9 le changement et nous devons continuer sur cette voie avec d\u00e9termination et pragmatisme. Pour nous le rappeler sans cesse, cette Journ\u00e9e de la Lib\u00e9ration sera instaur\u00e9e et c\u00e9l\u00e9br\u00e9e de mani\u00e8re tournante \u00e0 travers les diff\u00e9rentes provinces.<\/p>\n<p>Mes chers compatriotes, amis de la libert\u00e9, je sais compter sur votre attachement \u00e0 ce pays et sur votre ardent d\u00e9sir \u00e0 le voir reconqu\u00e9rir la place qu\u2019il m\u00e9rite dans le concert des nations. Que Dieu et les mannes de nos anc\u00eatres accompagnent notre essor vers la f\u00e9licit\u00e9. Honneur et fid\u00e9lit\u00e9 \u00e0 la patrie !<\/p>\n<p>Je vous remercie.<\/p>\n","protected":false},"excerpt":{"rendered":"<p>&nbsp; Gabonaises, Gabonais, Mes chers compatriotes, Aujourd\u2019hui, cela fait exactement un an que les Forces de D\u00e9fense et de S\u00e9curit\u00e9, r\u00e9unies au sein du Comit\u00e9 pour la Transition et la Restauration des Institutions &#8211; CTRI ont pris la d\u00e9cision courageuse de mettre fin \u00e0 l\u2019ancien r\u00e9gime, suite \u00e0 une \u00e9lection g\u00e9n\u00e9rale dont les r\u00e9sultats tronqu\u00e9s [&hellip;]<\/p>\n","protected":false},"author":5,"featured_media":3295,"comment_status":"open","ping_status":"open","sticky":false,"template":"","format":"standard","meta":{"footnotes":""},"categories":[57,55,59],"tags":[],"class_list":["post-3294","post","type-post","status-publish","format-standard","has-post-thumbnail","hentry","category-a-la-une","category-actualites","category-politique"],"yoast_head":"<!-- This site is optimized with the Yoast SEO plugin v24.2 - https:\/\/yoast.com\/wordpress\/plugins\/seo\/ -->\n<title>Politique\/An 1 du CTRI : Adresse du Chef de l\u2019Etat \u00e0 ses compatriotes - Gabon Nouvelle Vision<\/title>\n<meta name=\"robots\" content=\"index, follow, max-snippet:-1, max-image-preview:large, max-video-preview:-1\" \/>\n<link rel=\"canonical\" href=\"https:\/\/gabonnouvellevision.com\/gnv\/2024\/08\/30\/politique-an-1-du-ctri-adresse-du-chef-de-letat-a-ses-compatriotes\/\" \/>\n<meta property=\"og:locale\" content=\"fr_FR\" \/>\n<meta property=\"og:type\" content=\"article\" \/>\n<meta property=\"og:title\" content=\"Politique\/An 1 du CTRI : Adresse du Chef de l\u2019Etat \u00e0 ses compatriotes - Gabon Nouvelle Vision\" \/>\n<meta property=\"og:description\" content=\"&nbsp; Gabonaises, Gabonais, Mes chers compatriotes, Aujourd\u2019hui, cela fait exactement un an que les Forces de D\u00e9fense et de S\u00e9curit\u00e9, r\u00e9unies au sein du Comit\u00e9 pour la Transition et la Restauration des Institutions &#8211; CTRI ont pris la d\u00e9cision courageuse de mettre fin \u00e0 l\u2019ancien r\u00e9gime, suite \u00e0 une \u00e9lection g\u00e9n\u00e9rale dont les r\u00e9sultats tronqu\u00e9s [&hellip;]\" \/>\n<meta property=\"og:url\" content=\"https:\/\/gabonnouvellevision.com\/gnv\/2024\/08\/30\/politique-an-1-du-ctri-adresse-du-chef-de-letat-a-ses-compatriotes\/\" \/>\n<meta property=\"og:site_name\" content=\"Gabon Nouvelle Vision\" \/>\n<meta property=\"article:publisher\" content=\"https:\/\/www.facebook.com\/GNVofficiel\" \/>\n<meta property=\"article:published_time\" content=\"2024-08-30T08:06:57+00:00\" \/>\n<meta property=\"og:image\" content=\"https:\/\/gabonnouvellevision.com\/gnv\/wp-content\/uploads\/2024\/08\/Brice.webp\" \/>\n\t<meta property=\"og:image:width\" content=\"800\" \/>\n\t<meta property=\"og:image:height\" content=\"400\" \/>\n\t<meta property=\"og:image:type\" content=\"image\/webp\" \/>\n<meta name=\"author\" content=\"Junior MBOULET\" \/>\n<meta name=\"twitter:card\" content=\"summary_large_image\" \/>\n<meta name=\"twitter:label1\" content=\"\u00c9crit par\" \/>\n\t<meta name=\"twitter:data1\" content=\"Junior MBOULET\" \/>\n\t<meta name=\"twitter:label2\" content=\"Dur\u00e9e de lecture estim\u00e9e\" \/>\n\t<meta name=\"twitter:data2\" content=\"8 minutes\" \/>\n<script type=\"application\/ld+json\" class=\"yoast-schema-graph\">{\"@context\":\"https:\/\/schema.org\",\"@graph\":[{\"@type\":\"Article\",\"@id\":\"https:\/\/gabonnouvellevision.com\/gnv\/2024\/08\/30\/politique-an-1-du-ctri-adresse-du-chef-de-letat-a-ses-compatriotes\/#article\",\"isPartOf\":{\"@id\":\"https:\/\/gabonnouvellevision.com\/gnv\/2024\/08\/30\/politique-an-1-du-ctri-adresse-du-chef-de-letat-a-ses-compatriotes\/\"},\"author\":{\"name\":\"Junior MBOULET\",\"@id\":\"https:\/\/gabonnouvellevision.com\/gnv\/#\/schema\/person\/747bfb82bd833fb5a5a49e7c5031633d\"},\"headline\":\"Politique\/An 1 du CTRI : Adresse du Chef de l\u2019Etat \u00e0 ses compatriotes\",\"datePublished\":\"2024-08-30T08:06:57+00:00\",\"dateModified\":\"2024-08-30T08:06:57+00:00\",\"mainEntityOfPage\":{\"@id\":\"https:\/\/gabonnouvellevision.com\/gnv\/2024\/08\/30\/politique-an-1-du-ctri-adresse-du-chef-de-letat-a-ses-compatriotes\/\"},\"wordCount\":1593,\"commentCount\":0,\"publisher\":{\"@id\":\"https:\/\/gabonnouvellevision.com\/gnv\/#organization\"},\"image\":{\"@id\":\"https:\/\/gabonnouvellevision.com\/gnv\/2024\/08\/30\/politique-an-1-du-ctri-adresse-du-chef-de-letat-a-ses-compatriotes\/#primaryimage\"},\"thumbnailUrl\":\"https:\/\/gabonnouvellevision.com\/gnv\/wp-content\/uploads\/2024\/08\/Brice.webp\",\"articleSection\":[\"A la une\",\"Actualites\",\"Politique\"],\"inLanguage\":\"fr-FR\",\"potentialAction\":[{\"@type\":\"CommentAction\",\"name\":\"Comment\",\"target\":[\"https:\/\/gabonnouvellevision.com\/gnv\/2024\/08\/30\/politique-an-1-du-ctri-adresse-du-chef-de-letat-a-ses-compatriotes\/#respond\"]}]},{\"@type\":\"WebPage\",\"@id\":\"https:\/\/gabonnouvellevision.com\/gnv\/2024\/08\/30\/politique-an-1-du-ctri-adresse-du-chef-de-letat-a-ses-compatriotes\/\",\"url\":\"https:\/\/gabonnouvellevision.com\/gnv\/2024\/08\/30\/politique-an-1-du-ctri-adresse-du-chef-de-letat-a-ses-compatriotes\/\",\"name\":\"Politique\/An 1 du CTRI : Adresse du Chef de l\u2019Etat \u00e0 ses compatriotes - Gabon Nouvelle Vision\",\"isPartOf\":{\"@id\":\"https:\/\/gabonnouvellevision.com\/gnv\/#website\"},\"primaryImageOfPage\":{\"@id\":\"https:\/\/gabonnouvellevision.com\/gnv\/2024\/08\/30\/politique-an-1-du-ctri-adresse-du-chef-de-letat-a-ses-compatriotes\/#primaryimage\"},\"image\":{\"@id\":\"https:\/\/gabonnouvellevision.com\/gnv\/2024\/08\/30\/politique-an-1-du-ctri-adresse-du-chef-de-letat-a-ses-compatriotes\/#primaryimage\"},\"thumbnailUrl\":\"https:\/\/gabonnouvellevision.com\/gnv\/wp-content\/uploads\/2024\/08\/Brice.webp\",\"datePublished\":\"2024-08-30T08:06:57+00:00\",\"dateModified\":\"2024-08-30T08:06:57+00:00\",\"breadcrumb\":{\"@id\":\"https:\/\/gabonnouvellevision.com\/gnv\/2024\/08\/30\/politique-an-1-du-ctri-adresse-du-chef-de-letat-a-ses-compatriotes\/#breadcrumb\"},\"inLanguage\":\"fr-FR\",\"potentialAction\":[{\"@type\":\"ReadAction\",\"target\":[\"https:\/\/gabonnouvellevision.com\/gnv\/2024\/08\/30\/politique-an-1-du-ctri-adresse-du-chef-de-letat-a-ses-compatriotes\/\"]}]},{\"@type\":\"ImageObject\",\"inLanguage\":\"fr-FR\",\"@id\":\"https:\/\/gabonnouvellevision.com\/gnv\/2024\/08\/30\/politique-an-1-du-ctri-adresse-du-chef-de-letat-a-ses-compatriotes\/#primaryimage\",\"url\":\"https:\/\/gabonnouvellevision.com\/gnv\/wp-content\/uploads\/2024\/08\/Brice.webp\",\"contentUrl\":\"https:\/\/gabonnouvellevision.com\/gnv\/wp-content\/uploads\/2024\/08\/Brice.webp\",\"width\":800,\"height\":400},{\"@type\":\"BreadcrumbList\",\"@id\":\"https:\/\/gabonnouvellevision.com\/gnv\/2024\/08\/30\/politique-an-1-du-ctri-adresse-du-chef-de-letat-a-ses-compatriotes\/#breadcrumb\",\"itemListElement\":[{\"@type\":\"ListItem\",\"position\":1,\"name\":\"Accueil\",\"item\":\"https:\/\/gabonnouvellevision.com\/gnv\/\"},{\"@type\":\"ListItem\",\"position\":2,\"name\":\"Politique\/An 1 du CTRI : Adresse du Chef de l\u2019Etat \u00e0 ses compatriotes\"}]},{\"@type\":\"WebSite\",\"@id\":\"https:\/\/gabonnouvellevision.com\/gnv\/#website\",\"url\":\"https:\/\/gabonnouvellevision.com\/gnv\/\",\"name\":\"Gabon Nouvelle Vision\",\"description\":\"\",\"publisher\":{\"@id\":\"https:\/\/gabonnouvellevision.com\/gnv\/#organization\"},\"potentialAction\":[{\"@type\":\"SearchAction\",\"target\":{\"@type\":\"EntryPoint\",\"urlTemplate\":\"https:\/\/gabonnouvellevision.com\/gnv\/?s={search_term_string}\"},\"query-input\":{\"@type\":\"PropertyValueSpecification\",\"valueRequired\":true,\"valueName\":\"search_term_string\"}}],\"inLanguage\":\"fr-FR\"},{\"@type\":\"Organization\",\"@id\":\"https:\/\/gabonnouvellevision.com\/gnv\/#organization\",\"name\":\"Gabon Nouvelle Vision\",\"url\":\"https:\/\/gabonnouvellevision.com\/gnv\/\",\"logo\":{\"@type\":\"ImageObject\",\"inLanguage\":\"fr-FR\",\"@id\":\"https:\/\/gabonnouvellevision.com\/gnv\/#\/schema\/logo\/image\/\",\"url\":\"https:\/\/gabonnouvellevision.com\/gnv\/wp-content\/uploads\/2025\/01\/logo-text_Plan-de-travail-1.png\",\"contentUrl\":\"https:\/\/gabonnouvellevision.com\/gnv\/wp-content\/uploads\/2025\/01\/logo-text_Plan-de-travail-1.png\",\"width\":7169,\"height\":2390,\"caption\":\"Gabon Nouvelle Vision\"},\"image\":{\"@id\":\"https:\/\/gabonnouvellevision.com\/gnv\/#\/schema\/logo\/image\/\"},\"sameAs\":[\"https:\/\/www.facebook.com\/GNVofficiel\"]},{\"@type\":\"Person\",\"@id\":\"https:\/\/gabonnouvellevision.com\/gnv\/#\/schema\/person\/747bfb82bd833fb5a5a49e7c5031633d\",\"name\":\"Junior MBOULET\",\"image\":{\"@type\":\"ImageObject\",\"inLanguage\":\"fr-FR\",\"@id\":\"https:\/\/gabonnouvellevision.com\/gnv\/#\/schema\/person\/image\/\",\"url\":\"https:\/\/secure.gravatar.com\/avatar\/b541278a71f2f5c40b38fff4c93c15b82cf168df8b47ea9d9e97c9c9c716c6f0?s=96&d=mm&r=g\",\"contentUrl\":\"https:\/\/secure.gravatar.com\/avatar\/b541278a71f2f5c40b38fff4c93c15b82cf168df8b47ea9d9e97c9c9c716c6f0?s=96&d=mm&r=g\",\"caption\":\"Junior MBOULET\"},\"url\":\"https:\/\/gabonnouvellevision.com\/gnv\/author\/junior\/\"}]}<\/script>\n<!-- \/ Yoast SEO plugin. -->","yoast_head_json":{"title":"Politique\/An 1 du CTRI : Adresse du Chef de l\u2019Etat \u00e0 ses compatriotes - Gabon Nouvelle Vision","robots":{"index":"index","follow":"follow","max-snippet":"max-snippet:-1","max-image-preview":"max-image-preview:large","max-video-preview":"max-video-preview:-1"},"canonical":"https:\/\/gabonnouvellevision.com\/gnv\/2024\/08\/30\/politique-an-1-du-ctri-adresse-du-chef-de-letat-a-ses-compatriotes\/","og_locale":"fr_FR","og_type":"article","og_title":"Politique\/An 1 du CTRI : Adresse du Chef de l\u2019Etat \u00e0 ses compatriotes - Gabon Nouvelle Vision","og_description":"&nbsp; Gabonaises, Gabonais, Mes chers compatriotes, Aujourd\u2019hui, cela fait exactement un an que les Forces de D\u00e9fense et de S\u00e9curit\u00e9, r\u00e9unies au sein du Comit\u00e9 pour la Transition et la Restauration des Institutions &#8211; CTRI ont pris la d\u00e9cision courageuse de mettre fin \u00e0 l\u2019ancien r\u00e9gime, suite \u00e0 une \u00e9lection g\u00e9n\u00e9rale dont les r\u00e9sultats tronqu\u00e9s [&hellip;]","og_url":"https:\/\/gabonnouvellevision.com\/gnv\/2024\/08\/30\/politique-an-1-du-ctri-adresse-du-chef-de-letat-a-ses-compatriotes\/","og_site_name":"Gabon Nouvelle Vision","article_publisher":"https:\/\/www.facebook.com\/GNVofficiel","article_published_time":"2024-08-30T08:06:57+00:00","og_image":[{"width":800,"height":400,"url":"https:\/\/gabonnouvellevision.com\/gnv\/wp-content\/uploads\/2024\/08\/Brice.webp","type":"image\/webp"}],"author":"Junior MBOULET","twitter_card":"summary_large_image","twitter_misc":{"\u00c9crit par":"Junior MBOULET","Dur\u00e9e de lecture estim\u00e9e":"8 minutes"},"schema":{"@context":"https:\/\/schema.org","@graph":[{"@type":"Article","@id":"https:\/\/gabonnouvellevision.com\/gnv\/2024\/08\/30\/politique-an-1-du-ctri-adresse-du-chef-de-letat-a-ses-compatriotes\/#article","isPartOf":{"@id":"https:\/\/gabonnouvellevision.com\/gnv\/2024\/08\/30\/politique-an-1-du-ctri-adresse-du-chef-de-letat-a-ses-compatriotes\/"},"author":{"name":"Junior MBOULET","@id":"https:\/\/gabonnouvellevision.com\/gnv\/#\/schema\/person\/747bfb82bd833fb5a5a49e7c5031633d"},"headline":"Politique\/An 1 du CTRI : Adresse du Chef de l\u2019Etat \u00e0 ses compatriotes","datePublished":"2024-08-30T08:06:57+00:00","dateModified":"2024-08-30T08:06:57+00:00","mainEntityOfPage":{"@id":"https:\/\/gabonnouvellevision.com\/gnv\/2024\/08\/30\/politique-an-1-du-ctri-adresse-du-chef-de-letat-a-ses-compatriotes\/"},"wordCount":1593,"commentCount":0,"publisher":{"@id":"https:\/\/gabonnouvellevision.com\/gnv\/#organization"},"image":{"@id":"https:\/\/gabonnouvellevision.com\/gnv\/2024\/08\/30\/politique-an-1-du-ctri-adresse-du-chef-de-letat-a-ses-compatriotes\/#primaryimage"},"thumbnailUrl":"https:\/\/gabonnouvellevision.com\/gnv\/wp-content\/uploads\/2024\/08\/Brice.webp","articleSection":["A la une","Actualites","Politique"],"inLanguage":"fr-FR","potentialAction":[{"@type":"CommentAction","name":"Comment","target":["https:\/\/gabonnouvellevision.com\/gnv\/2024\/08\/30\/politique-an-1-du-ctri-adresse-du-chef-de-letat-a-ses-compatriotes\/#respond"]}]},{"@type":"WebPage","@id":"https:\/\/gabonnouvellevision.com\/gnv\/2024\/08\/30\/politique-an-1-du-ctri-adresse-du-chef-de-letat-a-ses-compatriotes\/","url":"https:\/\/gabonnouvellevision.com\/gnv\/2024\/08\/30\/politique-an-1-du-ctri-adresse-du-chef-de-letat-a-ses-compatriotes\/","name":"Politique\/An 1 du CTRI : Adresse du Chef de l\u2019Etat \u00e0 ses compatriotes - Gabon Nouvelle Vision","isPartOf":{"@id":"https:\/\/gabonnouvellevision.com\/gnv\/#website"},"primaryImageOfPage":{"@id":"https:\/\/gabonnouvellevision.com\/gnv\/2024\/08\/30\/politique-an-1-du-ctri-adresse-du-chef-de-letat-a-ses-compatriotes\/#primaryimage"},"image":{"@id":"https:\/\/gabonnouvellevision.com\/gnv\/2024\/08\/30\/politique-an-1-du-ctri-adresse-du-chef-de-letat-a-ses-compatriotes\/#primaryimage"},"thumbnailUrl":"https:\/\/gabonnouvellevision.com\/gnv\/wp-content\/uploads\/2024\/08\/Brice.webp","datePublished":"2024-08-30T08:06:57+00:00","dateModified":"2024-08-30T08:06:57+00:00","breadcrumb":{"@id":"https:\/\/gabonnouvellevision.com\/gnv\/2024\/08\/30\/politique-an-1-du-ctri-adresse-du-chef-de-letat-a-ses-compatriotes\/#breadcrumb"},"inLanguage":"fr-FR","potentialAction":[{"@type":"ReadAction","target":["https:\/\/gabonnouvellevision.com\/gnv\/2024\/08\/30\/politique-an-1-du-ctri-adresse-du-chef-de-letat-a-ses-compatriotes\/"]}]},{"@type":"ImageObject","inLanguage":"fr-FR","@id":"https:\/\/gabonnouvellevision.com\/gnv\/2024\/08\/30\/politique-an-1-du-ctri-adresse-du-chef-de-letat-a-ses-compatriotes\/#primaryimage","url":"https:\/\/gabonnouvellevision.com\/gnv\/wp-content\/uploads\/2024\/08\/Brice.webp","contentUrl":"https:\/\/gabonnouvellevision.com\/gnv\/wp-content\/uploads\/2024\/08\/Brice.webp","width":800,"height":400},{"@type":"BreadcrumbList","@id":"https:\/\/gabonnouvellevision.com\/gnv\/2024\/08\/30\/politique-an-1-du-ctri-adresse-du-chef-de-letat-a-ses-compatriotes\/#breadcrumb","itemListElement":[{"@type":"ListItem","position":1,"name":"Accueil","item":"https:\/\/gabonnouvellevision.com\/gnv\/"},{"@type":"ListItem","position":2,"name":"Politique\/An 1 du CTRI : Adresse du Chef de l\u2019Etat \u00e0 ses compatriotes"}]},{"@type":"WebSite","@id":"https:\/\/gabonnouvellevision.com\/gnv\/#website","url":"https:\/\/gabonnouvellevision.com\/gnv\/","name":"Gabon Nouvelle Vision","description":"","publisher":{"@id":"https:\/\/gabonnouvellevision.com\/gnv\/#organization"},"potentialAction":[{"@type":"SearchAction","target":{"@type":"EntryPoint","urlTemplate":"https:\/\/gabonnouvellevision.com\/gnv\/?s={search_term_string}"},"query-input":{"@type":"PropertyValueSpecification","valueRequired":true,"valueName":"search_term_string"}}],"inLanguage":"fr-FR"},{"@type":"Organization","@id":"https:\/\/gabonnouvellevision.com\/gnv\/#organization","name":"Gabon Nouvelle Vision","url":"https:\/\/gabonnouvellevision.com\/gnv\/","logo":{"@type":"ImageObject","inLanguage":"fr-FR","@id":"https:\/\/gabonnouvellevision.com\/gnv\/#\/schema\/logo\/image\/","url":"https:\/\/gabonnouvellevision.com\/gnv\/wp-content\/uploads\/2025\/01\/logo-text_Plan-de-travail-1.png","contentUrl":"https:\/\/gabonnouvellevision.com\/gnv\/wp-content\/uploads\/2025\/01\/logo-text_Plan-de-travail-1.png","width":7169,"height":2390,"caption":"Gabon Nouvelle Vision"},"image":{"@id":"https:\/\/gabonnouvellevision.com\/gnv\/#\/schema\/logo\/image\/"},"sameAs":["https:\/\/www.facebook.com\/GNVofficiel"]},{"@type":"Person","@id":"https:\/\/gabonnouvellevision.com\/gnv\/#\/schema\/person\/747bfb82bd833fb5a5a49e7c5031633d","name":"Junior MBOULET","image":{"@type":"ImageObject","inLanguage":"fr-FR","@id":"https:\/\/gabonnouvellevision.com\/gnv\/#\/schema\/person\/image\/","url":"https:\/\/secure.gravatar.com\/avatar\/b541278a71f2f5c40b38fff4c93c15b82cf168df8b47ea9d9e97c9c9c716c6f0?s=96&d=mm&r=g","contentUrl":"https:\/\/secure.gravatar.com\/avatar\/b541278a71f2f5c40b38fff4c93c15b82cf168df8b47ea9d9e97c9c9c716c6f0?s=96&d=mm&r=g","caption":"Junior MBOULET"},"url":"https:\/\/gabonnouvellevision.com\/gnv\/author\/junior\/"}]}},"_links":{"self":[{"href":"https:\/\/gabonnouvellevision.com\/gnv\/wp-json\/wp\/v2\/posts\/3294","targetHints":{"allow":["GET"]}}],"collection":[{"href":"https:\/\/gabonnouvellevision.com\/gnv\/wp-json\/wp\/v2\/posts"}],"about":[{"href":"https:\/\/gabonnouvellevision.com\/gnv\/wp-json\/wp\/v2\/types\/post"}],"author":[{"embeddable":true,"href":"https:\/\/gabonnouvellevision.com\/gnv\/wp-json\/wp\/v2\/users\/5"}],"replies":[{"embeddable":true,"href":"https:\/\/gabonnouvellevision.com\/gnv\/wp-json\/wp\/v2\/comments?post=3294"}],"version-history":[{"count":0,"href":"https:\/\/gabonnouvellevision.com\/gnv\/wp-json\/wp\/v2\/posts\/3294\/revisions"}],"wp:featuredmedia":[{"embeddable":true,"href":"https:\/\/gabonnouvellevision.com\/gnv\/wp-json\/wp\/v2\/media\/3295"}],"wp:attachment":[{"href":"https:\/\/gabonnouvellevision.com\/gnv\/wp-json\/wp\/v2\/media?parent=3294"}],"wp:term":[{"taxonomy":"category","embeddable":true,"href":"https:\/\/gabonnouvellevision.com\/gnv\/wp-json\/wp\/v2\/categories?post=3294"},{"taxonomy":"post_tag","embeddable":true,"href":"https:\/\/gabonnouvellevision.com\/gnv\/wp-json\/wp\/v2\/tags?post=3294"}],"curies":[{"name":"wp","href":"https:\/\/api.w.org\/{rel}","templated":true}]}}