{"id":3177,"date":"2024-08-09T09:13:56","date_gmt":"2024-08-09T08:13:56","guid":{"rendered":"https:\/\/gabonnouvellevision.com\/gnv\/?p=3177"},"modified":"2024-08-09T09:13:56","modified_gmt":"2024-08-09T08:13:56","slug":"celebration-de-la-journee-nationale-du-drapeau-ce-vendredi","status":"publish","type":"post","link":"https:\/\/gabonnouvellevision.com\/gnv\/2024\/08\/09\/celebration-de-la-journee-nationale-du-drapeau-ce-vendredi\/","title":{"rendered":"C\u00e9l\u00e9bration de la journ\u00e9e nationale du drapeau ce vendredi"},"content":{"rendered":"<p><strong><em>En marche vers les festivit\u00e9s marquant le 64<sup>\u00e8me<\/sup> anniversaire de l\u2019accession \u00a0du Gabon \u00e0 la souverainet\u00e9 internationale, les populations gabonaises comm\u00e9morent ce vendredi 09 ao\u00fbt 2024, la 14<sup>\u00e8me<\/sup> \u00e9dition de la journ\u00e9e nationale du drapeau<\/em><\/strong>.<\/p>\n<p>Dans le cadre des festivit\u00e9s marquant le 64<sup>\u00e8me<\/sup> anniversaire du Gabon \u00e0 la souverainet\u00e9 internationale pr\u00e9vues le 17 ao\u00fbt prochain, les populations Gabonaises comm\u00e9morent ce jour, la journ\u00e9e nationale du drapeau. Une journ\u00e9e initi\u00e9e par le r\u00e9gime d\u00e9chu d\u2019Ali Bongo Ondimba le 02 d\u00e9cembre 2009 \u00e0 l\u2019issue d\u2019un conseil des ministres pour inculquer davantage les valeurs patriotiques aux Gabonais. La premi\u00e8re \u00e9dition a \u00e9t\u00e9 c\u00e9l\u00e9br\u00e9e le 09 Ao\u00fbt 2010.<\/p>\n<p>Cette journ\u00e9e non f\u00e9ri\u00e9e, est souvent marqu\u00e9e par des c\u00e9r\u00e9monies institutionnelles et publiques sur l\u2019ensemble du territoire national. A cela s\u2019ajoute, le pavoisement des villes aux couleurs du vert-jaune-bleu.<\/p>\n<p>La 14<sup>\u00e8me<\/sup> \u00e9dition de cette ann\u00e9e sera c\u00e9l\u00e9br\u00e9e pour la premi\u00e8re fois par un nouveau r\u00e9gime qui devra certainement imprimer sa marque surtout que c\u2019est un r\u00e9gime militaire qui fait du patriotisme son cheval de bataille.<\/p>\n<p><strong>Rufin Martial Oke nze<\/strong><\/p>\n","protected":false},"excerpt":{"rendered":"<p>En marche vers les festivit\u00e9s marquant le 64\u00e8me anniversaire de l\u2019accession \u00a0du Gabon \u00e0 la souverainet\u00e9 internationale, les populations gabonaises comm\u00e9morent ce vendredi 09 ao\u00fbt 2024, la 14\u00e8me \u00e9dition de la journ\u00e9e nationale du drapeau. Dans le cadre des festivit\u00e9s marquant le 64\u00e8me anniversaire du Gabon \u00e0 la souverainet\u00e9 internationale pr\u00e9vues le 17 ao\u00fbt prochain, [&hellip;]<\/p>\n","protected":false},"author":7,"featured_media":3178,"comment_status":"open","ping_status":"open","sticky":false,"template":"","format":"standard","meta":{"footnotes":""},"categories":[57,55,68],"tags":[],"class_list":["post-3177","post","type-post","status-publish","format-standard","has-post-thumbnail","hentry","category-a-la-une","category-actualites","category-culture"],"yoast_head":"<!-- This site is optimized with the Yoast SEO plugin v24.2 - https:\/\/yoast.com\/wordpress\/plugins\/seo\/ -->\n<title>C\u00e9l\u00e9bration de la journ\u00e9e nationale du drapeau ce vendredi - Gabon Nouvelle Vision<\/title>\n<meta name=\"robots\" content=\"index, follow, max-snippet:-1, max-image-preview:large, max-video-preview:-1\" \/>\n<link rel=\"canonical\" href=\"https:\/\/gabonnouvellevision.com\/gnv\/2024\/08\/09\/celebration-de-la-journee-nationale-du-drapeau-ce-vendredi\/\" \/>\n<meta property=\"og:locale\" content=\"fr_FR\" \/>\n<meta property=\"og:type\" content=\"article\" \/>\n<meta property=\"og:title\" content=\"C\u00e9l\u00e9bration de la journ\u00e9e nationale du drapeau ce vendredi - Gabon Nouvelle Vision\" \/>\n<meta property=\"og:description\" content=\"En marche vers les festivit\u00e9s marquant le 64\u00e8me anniversaire de l\u2019accession \u00a0du Gabon \u00e0 la souverainet\u00e9 internationale, les populations gabonaises comm\u00e9morent ce vendredi 09 ao\u00fbt 2024, la 14\u00e8me \u00e9dition de la journ\u00e9e nationale du drapeau. Dans le cadre des festivit\u00e9s marquant le 64\u00e8me anniversaire du Gabon \u00e0 la souverainet\u00e9 internationale pr\u00e9vues le 17 ao\u00fbt prochain, [&hellip;]\" \/>\n<meta property=\"og:url\" content=\"https:\/\/gabonnouvellevision.com\/gnv\/2024\/08\/09\/celebration-de-la-journee-nationale-du-drapeau-ce-vendredi\/\" \/>\n<meta property=\"og:site_name\" content=\"Gabon Nouvelle Vision\" \/>\n<meta property=\"article:publisher\" content=\"https:\/\/www.facebook.com\/GNVofficiel\" \/>\n<meta property=\"article:published_time\" content=\"2024-08-09T08:13:56+00:00\" \/>\n<meta property=\"og:image\" content=\"https:\/\/gabonnouvellevision.com\/gnv\/wp-content\/uploads\/2024\/08\/telechargement.jpeg\" \/>\n\t<meta property=\"og:image:width\" content=\"240\" \/>\n\t<meta property=\"og:image:height\" content=\"160\" \/>\n\t<meta property=\"og:image:type\" content=\"image\/jpeg\" \/>\n<meta name=\"author\" content=\"Eyeng Obame\" \/>\n<meta name=\"twitter:card\" content=\"summary_large_image\" \/>\n<meta name=\"twitter:label1\" content=\"\u00c9crit par\" \/>\n\t<meta name=\"twitter:data1\" content=\"Eyeng Obame\" \/>\n\t<meta name=\"twitter:label2\" content=\"Dur\u00e9e de lecture estim\u00e9e\" \/>\n\t<meta name=\"twitter:data2\" content=\"1 minute\" \/>\n<script type=\"application\/ld+json\" class=\"yoast-schema-graph\">{\"@context\":\"https:\/\/schema.org\",\"@graph\":[{\"@type\":\"Article\",\"@id\":\"https:\/\/gabonnouvellevision.com\/gnv\/2024\/08\/09\/celebration-de-la-journee-nationale-du-drapeau-ce-vendredi\/#article\",\"isPartOf\":{\"@id\":\"https:\/\/gabonnouvellevision.com\/gnv\/2024\/08\/09\/celebration-de-la-journee-nationale-du-drapeau-ce-vendredi\/\"},\"author\":{\"name\":\"Eyeng Obame\",\"@id\":\"https:\/\/gabonnouvellevision.com\/gnv\/#\/schema\/person\/4b48e07d222f83c0285affc3704bc899\"},\"headline\":\"C\u00e9l\u00e9bration de la journ\u00e9e nationale du drapeau ce vendredi\",\"datePublished\":\"2024-08-09T08:13:56+00:00\",\"dateModified\":\"2024-08-09T08:13:56+00:00\",\"mainEntityOfPage\":{\"@id\":\"https:\/\/gabonnouvellevision.com\/gnv\/2024\/08\/09\/celebration-de-la-journee-nationale-du-drapeau-ce-vendredi\/\"},\"wordCount\":214,\"commentCount\":0,\"publisher\":{\"@id\":\"https:\/\/gabonnouvellevision.com\/gnv\/#organization\"},\"image\":{\"@id\":\"https:\/\/gabonnouvellevision.com\/gnv\/2024\/08\/09\/celebration-de-la-journee-nationale-du-drapeau-ce-vendredi\/#primaryimage\"},\"thumbnailUrl\":\"https:\/\/gabonnouvellevision.com\/gnv\/wp-content\/uploads\/2024\/08\/telechargement.jpeg\",\"articleSection\":[\"A la une\",\"Actualites\",\"Culture\"],\"inLanguage\":\"fr-FR\",\"potentialAction\":[{\"@type\":\"CommentAction\",\"name\":\"Comment\",\"target\":[\"https:\/\/gabonnouvellevision.com\/gnv\/2024\/08\/09\/celebration-de-la-journee-nationale-du-drapeau-ce-vendredi\/#respond\"]}]},{\"@type\":\"WebPage\",\"@id\":\"https:\/\/gabonnouvellevision.com\/gnv\/2024\/08\/09\/celebration-de-la-journee-nationale-du-drapeau-ce-vendredi\/\",\"url\":\"https:\/\/gabonnouvellevision.com\/gnv\/2024\/08\/09\/celebration-de-la-journee-nationale-du-drapeau-ce-vendredi\/\",\"name\":\"C\u00e9l\u00e9bration de la journ\u00e9e nationale du drapeau ce vendredi - Gabon Nouvelle Vision\",\"isPartOf\":{\"@id\":\"https:\/\/gabonnouvellevision.com\/gnv\/#website\"},\"primaryImageOfPage\":{\"@id\":\"https:\/\/gabonnouvellevision.com\/gnv\/2024\/08\/09\/celebration-de-la-journee-nationale-du-drapeau-ce-vendredi\/#primaryimage\"},\"image\":{\"@id\":\"https:\/\/gabonnouvellevision.com\/gnv\/2024\/08\/09\/celebration-de-la-journee-nationale-du-drapeau-ce-vendredi\/#primaryimage\"},\"thumbnailUrl\":\"https:\/\/gabonnouvellevision.com\/gnv\/wp-content\/uploads\/2024\/08\/telechargement.jpeg\",\"datePublished\":\"2024-08-09T08:13:56+00:00\",\"dateModified\":\"2024-08-09T08:13:56+00:00\",\"breadcrumb\":{\"@id\":\"https:\/\/gabonnouvellevision.com\/gnv\/2024\/08\/09\/celebration-de-la-journee-nationale-du-drapeau-ce-vendredi\/#breadcrumb\"},\"inLanguage\":\"fr-FR\",\"potentialAction\":[{\"@type\":\"ReadAction\",\"target\":[\"https:\/\/gabonnouvellevision.com\/gnv\/2024\/08\/09\/celebration-de-la-journee-nationale-du-drapeau-ce-vendredi\/\"]}]},{\"@type\":\"ImageObject\",\"inLanguage\":\"fr-FR\",\"@id\":\"https:\/\/gabonnouvellevision.com\/gnv\/2024\/08\/09\/celebration-de-la-journee-nationale-du-drapeau-ce-vendredi\/#primaryimage\",\"url\":\"https:\/\/gabonnouvellevision.com\/gnv\/wp-content\/uploads\/2024\/08\/telechargement.jpeg\",\"contentUrl\":\"https:\/\/gabonnouvellevision.com\/gnv\/wp-content\/uploads\/2024\/08\/telechargement.jpeg\",\"width\":240,\"height\":160},{\"@type\":\"BreadcrumbList\",\"@id\":\"https:\/\/gabonnouvellevision.com\/gnv\/2024\/08\/09\/celebration-de-la-journee-nationale-du-drapeau-ce-vendredi\/#breadcrumb\",\"itemListElement\":[{\"@type\":\"ListItem\",\"position\":1,\"name\":\"Accueil\",\"item\":\"https:\/\/gabonnouvellevision.com\/gnv\/\"},{\"@type\":\"ListItem\",\"position\":2,\"name\":\"C\u00e9l\u00e9bration de la journ\u00e9e nationale du drapeau ce vendredi\"}]},{\"@type\":\"WebSite\",\"@id\":\"https:\/\/gabonnouvellevision.com\/gnv\/#website\",\"url\":\"https:\/\/gabonnouvellevision.com\/gnv\/\",\"name\":\"Gabon Nouvelle Vision\",\"description\":\"\",\"publisher\":{\"@id\":\"https:\/\/gabonnouvellevision.com\/gnv\/#organization\"},\"potentialAction\":[{\"@type\":\"SearchAction\",\"target\":{\"@type\":\"EntryPoint\",\"urlTemplate\":\"https:\/\/gabonnouvellevision.com\/gnv\/?s={search_term_string}\"},\"query-input\":{\"@type\":\"PropertyValueSpecification\",\"valueRequired\":true,\"valueName\":\"search_term_string\"}}],\"inLanguage\":\"fr-FR\"},{\"@type\":\"Organization\",\"@id\":\"https:\/\/gabonnouvellevision.com\/gnv\/#organization\",\"name\":\"Gabon Nouvelle Vision\",\"url\":\"https:\/\/gabonnouvellevision.com\/gnv\/\",\"logo\":{\"@type\":\"ImageObject\",\"inLanguage\":\"fr-FR\",\"@id\":\"https:\/\/gabonnouvellevision.com\/gnv\/#\/schema\/logo\/image\/\",\"url\":\"https:\/\/gabonnouvellevision.com\/gnv\/wp-content\/uploads\/2025\/01\/logo-text_Plan-de-travail-1.png\",\"contentUrl\":\"https:\/\/gabonnouvellevision.com\/gnv\/wp-content\/uploads\/2025\/01\/logo-text_Plan-de-travail-1.png\",\"width\":7169,\"height\":2390,\"caption\":\"Gabon Nouvelle Vision\"},\"image\":{\"@id\":\"https:\/\/gabonnouvellevision.com\/gnv\/#\/schema\/logo\/image\/\"},\"sameAs\":[\"https:\/\/www.facebook.com\/GNVofficiel\"]},{\"@type\":\"Person\",\"@id\":\"https:\/\/gabonnouvellevision.com\/gnv\/#\/schema\/person\/4b48e07d222f83c0285affc3704bc899\",\"name\":\"Eyeng Obame\",\"image\":{\"@type\":\"ImageObject\",\"inLanguage\":\"fr-FR\",\"@id\":\"https:\/\/gabonnouvellevision.com\/gnv\/#\/schema\/person\/image\/\",\"url\":\"https:\/\/secure.gravatar.com\/avatar\/167bc03b8baf3c77318a47159f80871de6f5a6cbf4bc8b6af750fbc1a369d7bf?s=96&d=mm&r=g\",\"contentUrl\":\"https:\/\/secure.gravatar.com\/avatar\/167bc03b8baf3c77318a47159f80871de6f5a6cbf4bc8b6af750fbc1a369d7bf?s=96&d=mm&r=g\",\"caption\":\"Eyeng Obame\"},\"url\":\"https:\/\/gabonnouvellevision.com\/gnv\/author\/rufin\/\"}]}<\/script>\n<!-- \/ Yoast SEO plugin. -->","yoast_head_json":{"title":"C\u00e9l\u00e9bration de la journ\u00e9e nationale du drapeau ce vendredi - Gabon Nouvelle Vision","robots":{"index":"index","follow":"follow","max-snippet":"max-snippet:-1","max-image-preview":"max-image-preview:large","max-video-preview":"max-video-preview:-1"},"canonical":"https:\/\/gabonnouvellevision.com\/gnv\/2024\/08\/09\/celebration-de-la-journee-nationale-du-drapeau-ce-vendredi\/","og_locale":"fr_FR","og_type":"article","og_title":"C\u00e9l\u00e9bration de la journ\u00e9e nationale du drapeau ce vendredi - Gabon Nouvelle Vision","og_description":"En marche vers les festivit\u00e9s marquant le 64\u00e8me anniversaire de l\u2019accession \u00a0du Gabon \u00e0 la souverainet\u00e9 internationale, les populations gabonaises comm\u00e9morent ce vendredi 09 ao\u00fbt 2024, la 14\u00e8me \u00e9dition de la journ\u00e9e nationale du drapeau. Dans le cadre des festivit\u00e9s marquant le 64\u00e8me anniversaire du Gabon \u00e0 la souverainet\u00e9 internationale pr\u00e9vues le 17 ao\u00fbt prochain, [&hellip;]","og_url":"https:\/\/gabonnouvellevision.com\/gnv\/2024\/08\/09\/celebration-de-la-journee-nationale-du-drapeau-ce-vendredi\/","og_site_name":"Gabon Nouvelle Vision","article_publisher":"https:\/\/www.facebook.com\/GNVofficiel","article_published_time":"2024-08-09T08:13:56+00:00","og_image":[{"width":240,"height":160,"url":"https:\/\/gabonnouvellevision.com\/gnv\/wp-content\/uploads\/2024\/08\/telechargement.jpeg","type":"image\/jpeg"}],"author":"Eyeng Obame","twitter_card":"summary_large_image","twitter_misc":{"\u00c9crit par":"Eyeng Obame","Dur\u00e9e de lecture estim\u00e9e":"1 minute"},"schema":{"@context":"https:\/\/schema.org","@graph":[{"@type":"Article","@id":"https:\/\/gabonnouvellevision.com\/gnv\/2024\/08\/09\/celebration-de-la-journee-nationale-du-drapeau-ce-vendredi\/#article","isPartOf":{"@id":"https:\/\/gabonnouvellevision.com\/gnv\/2024\/08\/09\/celebration-de-la-journee-nationale-du-drapeau-ce-vendredi\/"},"author":{"name":"Eyeng Obame","@id":"https:\/\/gabonnouvellevision.com\/gnv\/#\/schema\/person\/4b48e07d222f83c0285affc3704bc899"},"headline":"C\u00e9l\u00e9bration de la journ\u00e9e nationale du drapeau ce vendredi","datePublished":"2024-08-09T08:13:56+00:00","dateModified":"2024-08-09T08:13:56+00:00","mainEntityOfPage":{"@id":"https:\/\/gabonnouvellevision.com\/gnv\/2024\/08\/09\/celebration-de-la-journee-nationale-du-drapeau-ce-vendredi\/"},"wordCount":214,"commentCount":0,"publisher":{"@id":"https:\/\/gabonnouvellevision.com\/gnv\/#organization"},"image":{"@id":"https:\/\/gabonnouvellevision.com\/gnv\/2024\/08\/09\/celebration-de-la-journee-nationale-du-drapeau-ce-vendredi\/#primaryimage"},"thumbnailUrl":"https:\/\/gabonnouvellevision.com\/gnv\/wp-content\/uploads\/2024\/08\/telechargement.jpeg","articleSection":["A la une","Actualites","Culture"],"inLanguage":"fr-FR","potentialAction":[{"@type":"CommentAction","name":"Comment","target":["https:\/\/gabonnouvellevision.com\/gnv\/2024\/08\/09\/celebration-de-la-journee-nationale-du-drapeau-ce-vendredi\/#respond"]}]},{"@type":"WebPage","@id":"https:\/\/gabonnouvellevision.com\/gnv\/2024\/08\/09\/celebration-de-la-journee-nationale-du-drapeau-ce-vendredi\/","url":"https:\/\/gabonnouvellevision.com\/gnv\/2024\/08\/09\/celebration-de-la-journee-nationale-du-drapeau-ce-vendredi\/","name":"C\u00e9l\u00e9bration de la journ\u00e9e nationale du drapeau ce vendredi - Gabon Nouvelle Vision","isPartOf":{"@id":"https:\/\/gabonnouvellevision.com\/gnv\/#website"},"primaryImageOfPage":{"@id":"https:\/\/gabonnouvellevision.com\/gnv\/2024\/08\/09\/celebration-de-la-journee-nationale-du-drapeau-ce-vendredi\/#primaryimage"},"image":{"@id":"https:\/\/gabonnouvellevision.com\/gnv\/2024\/08\/09\/celebration-de-la-journee-nationale-du-drapeau-ce-vendredi\/#primaryimage"},"thumbnailUrl":"https:\/\/gabonnouvellevision.com\/gnv\/wp-content\/uploads\/2024\/08\/telechargement.jpeg","datePublished":"2024-08-09T08:13:56+00:00","dateModified":"2024-08-09T08:13:56+00:00","breadcrumb":{"@id":"https:\/\/gabonnouvellevision.com\/gnv\/2024\/08\/09\/celebration-de-la-journee-nationale-du-drapeau-ce-vendredi\/#breadcrumb"},"inLanguage":"fr-FR","potentialAction":[{"@type":"ReadAction","target":["https:\/\/gabonnouvellevision.com\/gnv\/2024\/08\/09\/celebration-de-la-journee-nationale-du-drapeau-ce-vendredi\/"]}]},{"@type":"ImageObject","inLanguage":"fr-FR","@id":"https:\/\/gabonnouvellevision.com\/gnv\/2024\/08\/09\/celebration-de-la-journee-nationale-du-drapeau-ce-vendredi\/#primaryimage","url":"https:\/\/gabonnouvellevision.com\/gnv\/wp-content\/uploads\/2024\/08\/telechargement.jpeg","contentUrl":"https:\/\/gabonnouvellevision.com\/gnv\/wp-content\/uploads\/2024\/08\/telechargement.jpeg","width":240,"height":160},{"@type":"BreadcrumbList","@id":"https:\/\/gabonnouvellevision.com\/gnv\/2024\/08\/09\/celebration-de-la-journee-nationale-du-drapeau-ce-vendredi\/#breadcrumb","itemListElement":[{"@type":"ListItem","position":1,"name":"Accueil","item":"https:\/\/gabonnouvellevision.com\/gnv\/"},{"@type":"ListItem","position":2,"name":"C\u00e9l\u00e9bration de la journ\u00e9e nationale du drapeau ce vendredi"}]},{"@type":"WebSite","@id":"https:\/\/gabonnouvellevision.com\/gnv\/#website","url":"https:\/\/gabonnouvellevision.com\/gnv\/","name":"Gabon Nouvelle Vision","description":"","publisher":{"@id":"https:\/\/gabonnouvellevision.com\/gnv\/#organization"},"potentialAction":[{"@type":"SearchAction","target":{"@type":"EntryPoint","urlTemplate":"https:\/\/gabonnouvellevision.com\/gnv\/?s={search_term_string}"},"query-input":{"@type":"PropertyValueSpecification","valueRequired":true,"valueName":"search_term_string"}}],"inLanguage":"fr-FR"},{"@type":"Organization","@id":"https:\/\/gabonnouvellevision.com\/gnv\/#organization","name":"Gabon Nouvelle Vision","url":"https:\/\/gabonnouvellevision.com\/gnv\/","logo":{"@type":"ImageObject","inLanguage":"fr-FR","@id":"https:\/\/gabonnouvellevision.com\/gnv\/#\/schema\/logo\/image\/","url":"https:\/\/gabonnouvellevision.com\/gnv\/wp-content\/uploads\/2025\/01\/logo-text_Plan-de-travail-1.png","contentUrl":"https:\/\/gabonnouvellevision.com\/gnv\/wp-content\/uploads\/2025\/01\/logo-text_Plan-de-travail-1.png","width":7169,"height":2390,"caption":"Gabon Nouvelle Vision"},"image":{"@id":"https:\/\/gabonnouvellevision.com\/gnv\/#\/schema\/logo\/image\/"},"sameAs":["https:\/\/www.facebook.com\/GNVofficiel"]},{"@type":"Person","@id":"https:\/\/gabonnouvellevision.com\/gnv\/#\/schema\/person\/4b48e07d222f83c0285affc3704bc899","name":"Eyeng Obame","image":{"@type":"ImageObject","inLanguage":"fr-FR","@id":"https:\/\/gabonnouvellevision.com\/gnv\/#\/schema\/person\/image\/","url":"https:\/\/secure.gravatar.com\/avatar\/167bc03b8baf3c77318a47159f80871de6f5a6cbf4bc8b6af750fbc1a369d7bf?s=96&d=mm&r=g","contentUrl":"https:\/\/secure.gravatar.com\/avatar\/167bc03b8baf3c77318a47159f80871de6f5a6cbf4bc8b6af750fbc1a369d7bf?s=96&d=mm&r=g","caption":"Eyeng Obame"},"url":"https:\/\/gabonnouvellevision.com\/gnv\/author\/rufin\/"}]}},"_links":{"self":[{"href":"https:\/\/gabonnouvellevision.com\/gnv\/wp-json\/wp\/v2\/posts\/3177","targetHints":{"allow":["GET"]}}],"collection":[{"href":"https:\/\/gabonnouvellevision.com\/gnv\/wp-json\/wp\/v2\/posts"}],"about":[{"href":"https:\/\/gabonnouvellevision.com\/gnv\/wp-json\/wp\/v2\/types\/post"}],"author":[{"embeddable":true,"href":"https:\/\/gabonnouvellevision.com\/gnv\/wp-json\/wp\/v2\/users\/7"}],"replies":[{"embeddable":true,"href":"https:\/\/gabonnouvellevision.com\/gnv\/wp-json\/wp\/v2\/comments?post=3177"}],"version-history":[{"count":0,"href":"https:\/\/gabonnouvellevision.com\/gnv\/wp-json\/wp\/v2\/posts\/3177\/revisions"}],"wp:featuredmedia":[{"embeddable":true,"href":"https:\/\/gabonnouvellevision.com\/gnv\/wp-json\/wp\/v2\/media\/3178"}],"wp:attachment":[{"href":"https:\/\/gabonnouvellevision.com\/gnv\/wp-json\/wp\/v2\/media?parent=3177"}],"wp:term":[{"taxonomy":"category","embeddable":true,"href":"https:\/\/gabonnouvellevision.com\/gnv\/wp-json\/wp\/v2\/categories?post=3177"},{"taxonomy":"post_tag","embeddable":true,"href":"https:\/\/gabonnouvellevision.com\/gnv\/wp-json\/wp\/v2\/tags?post=3177"}],"curies":[{"name":"wp","href":"https:\/\/api.w.org\/{rel}","templated":true}]}}