{"id":3171,"date":"2024-08-07T12:32:44","date_gmt":"2024-08-07T11:32:44","guid":{"rendered":"https:\/\/gabonnouvellevision.com\/gnv\/?p=3171"},"modified":"2024-08-07T12:32:44","modified_gmt":"2024-08-07T11:32:44","slug":"la-nationalisation-de-lenseignement-scientifique-au-secondaire-public-en-marche-2","status":"publish","type":"post","link":"https:\/\/gabonnouvellevision.com\/gnv\/2024\/08\/07\/la-nationalisation-de-lenseignement-scientifique-au-secondaire-public-en-marche-2\/","title":{"rendered":"La nationalisation de l&rsquo;enseignement scientifique au secondaire public en marche"},"content":{"rendered":"<p><strong><em>Dans la perspective de nationaliser davantage l\u2019enseignement scientifique au secondaire public au Gabon, le minist\u00e8re de l\u2019\u00e9ducation nationale vient de recruter 900 \u00e9tudiants en fin de cycle pour suivre une formation de 18 mois dans lez diff\u00e9rents centres de formations et de perfectionnement p\u00e9dagogiques du pays. La c\u00e9r\u00e9monie de lancement officiel s\u2019est d\u00e9roul\u00e9e hier \u00e0 Libreville en pr\u00e9sence du ministre de tutelle, Cam\u00e9lia Ntoutoum<\/em><\/strong><em>e<\/em>.<\/p>\n<p>&nbsp;<\/p>\n<p>\u00ab\u00a0Ces formations qui se feront en alternance entre la th\u00e9orie et la pratique pendant les vacances, et en situation de classe conduiront les b\u00e9n\u00e9ficiaires, \u00e0 la validation des cr\u00e9dits de formation en vue de l\u2019obtention d\u2019un certificat d\u2019aptitude d\u2019enseigner au secondaire \u00bb a pr\u00e9cis\u00e9 le ministre de l\u2019\u00e9ducation nationale, Cam\u00e9lia Ntoutoume aux 900 stagiaires de l\u2019enseignement scientifique du secondaire public hier \u00e0 Libreville.<\/p>\n<p>Depuis l\u2019ind\u00e9pendance du Gabon jusqu\u2019\u00e0 ce jour, les mati\u00e8res de l\u2019enseignement scientifique sont largement dispens\u00e9es par les enseignants expatri\u00e9s \u2018 B\u00e9ninois, Togolais, S\u00e9n\u00e9galais et Maliens\u2026) on parle de 85%. Une tendance que les autorit\u00e9s de la transition voudraient inverser dans les plus brefs d\u00e9lais en incitant les nationaux \u00e0 s\u2019y engager.<\/p>\n<p>Pour cette premi\u00e8re cuv\u00e9e de formation, il s\u2019agit de 401 stagiaires en math\u00e9matiques, 224 en sciences physiques, et 275 en sciences de la vie \u00e9t\u00e9 de la terre ( SVT).<\/p>\n<p>Durant les 18 mois de formations, ces futurs enseignants scientifiques dont les postes budg\u00e9taires sont d\u00e9j\u00e0 disponibles \u00e0 la fonction publique seront au r\u00e9gime de pr\u00e9salaires.<\/p>\n<p><strong>Rufin Martial Oke Nze <\/strong><\/p>\n","protected":false},"excerpt":{"rendered":"<p>Dans la perspective de nationaliser davantage l\u2019enseignement scientifique au secondaire public au Gabon, le minist\u00e8re de l\u2019\u00e9ducation nationale vient de recruter 900 \u00e9tudiants en fin de cycle pour suivre une formation de 18 mois dans lez diff\u00e9rents centres de formations et de perfectionnement p\u00e9dagogiques du pays. La c\u00e9r\u00e9monie de lancement officiel s\u2019est d\u00e9roul\u00e9e hier \u00e0 [&hellip;]<\/p>\n","protected":false},"author":7,"featured_media":3168,"comment_status":"open","ping_status":"open","sticky":false,"template":"","format":"standard","meta":{"footnotes":""},"categories":[57,56],"tags":[],"class_list":["post-3171","post","type-post","status-publish","format-standard","has-post-thumbnail","hentry","category-a-la-une","category-societe"],"yoast_head":"<!-- This site is optimized with the Yoast SEO plugin v24.2 - https:\/\/yoast.com\/wordpress\/plugins\/seo\/ -->\n<title>La nationalisation de l&#039;enseignement scientifique au secondaire public en marche - Gabon Nouvelle Vision<\/title>\n<meta name=\"robots\" content=\"index, follow, max-snippet:-1, max-image-preview:large, max-video-preview:-1\" \/>\n<link rel=\"canonical\" href=\"https:\/\/gabonnouvellevision.com\/gnv\/2024\/08\/07\/la-nationalisation-de-lenseignement-scientifique-au-secondaire-public-en-marche-2\/\" \/>\n<meta property=\"og:locale\" content=\"fr_FR\" \/>\n<meta property=\"og:type\" content=\"article\" \/>\n<meta property=\"og:title\" content=\"La nationalisation de l&#039;enseignement scientifique au secondaire public en marche - Gabon Nouvelle Vision\" \/>\n<meta property=\"og:description\" content=\"Dans la perspective de nationaliser davantage l\u2019enseignement scientifique au secondaire public au Gabon, le minist\u00e8re de l\u2019\u00e9ducation nationale vient de recruter 900 \u00e9tudiants en fin de cycle pour suivre une formation de 18 mois dans lez diff\u00e9rents centres de formations et de perfectionnement p\u00e9dagogiques du pays. La c\u00e9r\u00e9monie de lancement officiel s\u2019est d\u00e9roul\u00e9e hier \u00e0 [&hellip;]\" \/>\n<meta property=\"og:url\" content=\"https:\/\/gabonnouvellevision.com\/gnv\/2024\/08\/07\/la-nationalisation-de-lenseignement-scientifique-au-secondaire-public-en-marche-2\/\" \/>\n<meta property=\"og:site_name\" content=\"Gabon Nouvelle Vision\" \/>\n<meta property=\"article:publisher\" content=\"https:\/\/www.facebook.com\/GNVofficiel\" \/>\n<meta property=\"article:published_time\" content=\"2024-08-07T11:32:44+00:00\" \/>\n<meta property=\"og:image\" content=\"https:\/\/gabonnouvellevision.com\/gnv\/wp-content\/uploads\/2024\/08\/C-2.jpg\" \/>\n\t<meta property=\"og:image:width\" content=\"400\" \/>\n\t<meta property=\"og:image:height\" content=\"241\" \/>\n\t<meta property=\"og:image:type\" content=\"image\/jpeg\" \/>\n<meta name=\"author\" content=\"Eyeng Obame\" \/>\n<meta name=\"twitter:card\" content=\"summary_large_image\" \/>\n<meta name=\"twitter:label1\" content=\"\u00c9crit par\" \/>\n\t<meta name=\"twitter:data1\" content=\"Eyeng Obame\" \/>\n\t<meta name=\"twitter:label2\" content=\"Dur\u00e9e de lecture estim\u00e9e\" \/>\n\t<meta name=\"twitter:data2\" content=\"1 minute\" \/>\n<script type=\"application\/ld+json\" class=\"yoast-schema-graph\">{\"@context\":\"https:\/\/schema.org\",\"@graph\":[{\"@type\":\"Article\",\"@id\":\"https:\/\/gabonnouvellevision.com\/gnv\/2024\/08\/07\/la-nationalisation-de-lenseignement-scientifique-au-secondaire-public-en-marche-2\/#article\",\"isPartOf\":{\"@id\":\"https:\/\/gabonnouvellevision.com\/gnv\/2024\/08\/07\/la-nationalisation-de-lenseignement-scientifique-au-secondaire-public-en-marche-2\/\"},\"author\":{\"name\":\"Eyeng Obame\",\"@id\":\"https:\/\/gabonnouvellevision.com\/gnv\/#\/schema\/person\/4b48e07d222f83c0285affc3704bc899\"},\"headline\":\"La nationalisation de l&rsquo;enseignement scientifique au secondaire public en marche\",\"datePublished\":\"2024-08-07T11:32:44+00:00\",\"dateModified\":\"2024-08-07T11:32:44+00:00\",\"mainEntityOfPage\":{\"@id\":\"https:\/\/gabonnouvellevision.com\/gnv\/2024\/08\/07\/la-nationalisation-de-lenseignement-scientifique-au-secondaire-public-en-marche-2\/\"},\"wordCount\":278,\"commentCount\":0,\"publisher\":{\"@id\":\"https:\/\/gabonnouvellevision.com\/gnv\/#organization\"},\"image\":{\"@id\":\"https:\/\/gabonnouvellevision.com\/gnv\/2024\/08\/07\/la-nationalisation-de-lenseignement-scientifique-au-secondaire-public-en-marche-2\/#primaryimage\"},\"thumbnailUrl\":\"https:\/\/gabonnouvellevision.com\/gnv\/wp-content\/uploads\/2024\/08\/C-2.jpg\",\"articleSection\":[\"A la une\",\"Societe\"],\"inLanguage\":\"fr-FR\",\"potentialAction\":[{\"@type\":\"CommentAction\",\"name\":\"Comment\",\"target\":[\"https:\/\/gabonnouvellevision.com\/gnv\/2024\/08\/07\/la-nationalisation-de-lenseignement-scientifique-au-secondaire-public-en-marche-2\/#respond\"]}]},{\"@type\":\"WebPage\",\"@id\":\"https:\/\/gabonnouvellevision.com\/gnv\/2024\/08\/07\/la-nationalisation-de-lenseignement-scientifique-au-secondaire-public-en-marche-2\/\",\"url\":\"https:\/\/gabonnouvellevision.com\/gnv\/2024\/08\/07\/la-nationalisation-de-lenseignement-scientifique-au-secondaire-public-en-marche-2\/\",\"name\":\"La nationalisation de l'enseignement scientifique au secondaire public en marche - Gabon Nouvelle Vision\",\"isPartOf\":{\"@id\":\"https:\/\/gabonnouvellevision.com\/gnv\/#website\"},\"primaryImageOfPage\":{\"@id\":\"https:\/\/gabonnouvellevision.com\/gnv\/2024\/08\/07\/la-nationalisation-de-lenseignement-scientifique-au-secondaire-public-en-marche-2\/#primaryimage\"},\"image\":{\"@id\":\"https:\/\/gabonnouvellevision.com\/gnv\/2024\/08\/07\/la-nationalisation-de-lenseignement-scientifique-au-secondaire-public-en-marche-2\/#primaryimage\"},\"thumbnailUrl\":\"https:\/\/gabonnouvellevision.com\/gnv\/wp-content\/uploads\/2024\/08\/C-2.jpg\",\"datePublished\":\"2024-08-07T11:32:44+00:00\",\"dateModified\":\"2024-08-07T11:32:44+00:00\",\"breadcrumb\":{\"@id\":\"https:\/\/gabonnouvellevision.com\/gnv\/2024\/08\/07\/la-nationalisation-de-lenseignement-scientifique-au-secondaire-public-en-marche-2\/#breadcrumb\"},\"inLanguage\":\"fr-FR\",\"potentialAction\":[{\"@type\":\"ReadAction\",\"target\":[\"https:\/\/gabonnouvellevision.com\/gnv\/2024\/08\/07\/la-nationalisation-de-lenseignement-scientifique-au-secondaire-public-en-marche-2\/\"]}]},{\"@type\":\"ImageObject\",\"inLanguage\":\"fr-FR\",\"@id\":\"https:\/\/gabonnouvellevision.com\/gnv\/2024\/08\/07\/la-nationalisation-de-lenseignement-scientifique-au-secondaire-public-en-marche-2\/#primaryimage\",\"url\":\"https:\/\/gabonnouvellevision.com\/gnv\/wp-content\/uploads\/2024\/08\/C-2.jpg\",\"contentUrl\":\"https:\/\/gabonnouvellevision.com\/gnv\/wp-content\/uploads\/2024\/08\/C-2.jpg\",\"width\":400,\"height\":241},{\"@type\":\"BreadcrumbList\",\"@id\":\"https:\/\/gabonnouvellevision.com\/gnv\/2024\/08\/07\/la-nationalisation-de-lenseignement-scientifique-au-secondaire-public-en-marche-2\/#breadcrumb\",\"itemListElement\":[{\"@type\":\"ListItem\",\"position\":1,\"name\":\"Accueil\",\"item\":\"https:\/\/gabonnouvellevision.com\/gnv\/\"},{\"@type\":\"ListItem\",\"position\":2,\"name\":\"La nationalisation de l&rsquo;enseignement scientifique au secondaire public en marche\"}]},{\"@type\":\"WebSite\",\"@id\":\"https:\/\/gabonnouvellevision.com\/gnv\/#website\",\"url\":\"https:\/\/gabonnouvellevision.com\/gnv\/\",\"name\":\"Gabon Nouvelle Vision\",\"description\":\"\",\"publisher\":{\"@id\":\"https:\/\/gabonnouvellevision.com\/gnv\/#organization\"},\"potentialAction\":[{\"@type\":\"SearchAction\",\"target\":{\"@type\":\"EntryPoint\",\"urlTemplate\":\"https:\/\/gabonnouvellevision.com\/gnv\/?s={search_term_string}\"},\"query-input\":{\"@type\":\"PropertyValueSpecification\",\"valueRequired\":true,\"valueName\":\"search_term_string\"}}],\"inLanguage\":\"fr-FR\"},{\"@type\":\"Organization\",\"@id\":\"https:\/\/gabonnouvellevision.com\/gnv\/#organization\",\"name\":\"Gabon Nouvelle Vision\",\"url\":\"https:\/\/gabonnouvellevision.com\/gnv\/\",\"logo\":{\"@type\":\"ImageObject\",\"inLanguage\":\"fr-FR\",\"@id\":\"https:\/\/gabonnouvellevision.com\/gnv\/#\/schema\/logo\/image\/\",\"url\":\"https:\/\/gabonnouvellevision.com\/gnv\/wp-content\/uploads\/2025\/01\/logo-text_Plan-de-travail-1.png\",\"contentUrl\":\"https:\/\/gabonnouvellevision.com\/gnv\/wp-content\/uploads\/2025\/01\/logo-text_Plan-de-travail-1.png\",\"width\":7169,\"height\":2390,\"caption\":\"Gabon Nouvelle Vision\"},\"image\":{\"@id\":\"https:\/\/gabonnouvellevision.com\/gnv\/#\/schema\/logo\/image\/\"},\"sameAs\":[\"https:\/\/www.facebook.com\/GNVofficiel\"]},{\"@type\":\"Person\",\"@id\":\"https:\/\/gabonnouvellevision.com\/gnv\/#\/schema\/person\/4b48e07d222f83c0285affc3704bc899\",\"name\":\"Eyeng Obame\",\"image\":{\"@type\":\"ImageObject\",\"inLanguage\":\"fr-FR\",\"@id\":\"https:\/\/gabonnouvellevision.com\/gnv\/#\/schema\/person\/image\/\",\"url\":\"https:\/\/secure.gravatar.com\/avatar\/167bc03b8baf3c77318a47159f80871de6f5a6cbf4bc8b6af750fbc1a369d7bf?s=96&d=mm&r=g\",\"contentUrl\":\"https:\/\/secure.gravatar.com\/avatar\/167bc03b8baf3c77318a47159f80871de6f5a6cbf4bc8b6af750fbc1a369d7bf?s=96&d=mm&r=g\",\"caption\":\"Eyeng Obame\"},\"url\":\"https:\/\/gabonnouvellevision.com\/gnv\/author\/rufin\/\"}]}<\/script>\n<!-- \/ Yoast SEO plugin. -->","yoast_head_json":{"title":"La nationalisation de l'enseignement scientifique au secondaire public en marche - Gabon Nouvelle Vision","robots":{"index":"index","follow":"follow","max-snippet":"max-snippet:-1","max-image-preview":"max-image-preview:large","max-video-preview":"max-video-preview:-1"},"canonical":"https:\/\/gabonnouvellevision.com\/gnv\/2024\/08\/07\/la-nationalisation-de-lenseignement-scientifique-au-secondaire-public-en-marche-2\/","og_locale":"fr_FR","og_type":"article","og_title":"La nationalisation de l'enseignement scientifique au secondaire public en marche - Gabon Nouvelle Vision","og_description":"Dans la perspective de nationaliser davantage l\u2019enseignement scientifique au secondaire public au Gabon, le minist\u00e8re de l\u2019\u00e9ducation nationale vient de recruter 900 \u00e9tudiants en fin de cycle pour suivre une formation de 18 mois dans lez diff\u00e9rents centres de formations et de perfectionnement p\u00e9dagogiques du pays. La c\u00e9r\u00e9monie de lancement officiel s\u2019est d\u00e9roul\u00e9e hier \u00e0 [&hellip;]","og_url":"https:\/\/gabonnouvellevision.com\/gnv\/2024\/08\/07\/la-nationalisation-de-lenseignement-scientifique-au-secondaire-public-en-marche-2\/","og_site_name":"Gabon Nouvelle Vision","article_publisher":"https:\/\/www.facebook.com\/GNVofficiel","article_published_time":"2024-08-07T11:32:44+00:00","og_image":[{"width":400,"height":241,"url":"https:\/\/gabonnouvellevision.com\/gnv\/wp-content\/uploads\/2024\/08\/C-2.jpg","type":"image\/jpeg"}],"author":"Eyeng Obame","twitter_card":"summary_large_image","twitter_misc":{"\u00c9crit par":"Eyeng Obame","Dur\u00e9e de lecture estim\u00e9e":"1 minute"},"schema":{"@context":"https:\/\/schema.org","@graph":[{"@type":"Article","@id":"https:\/\/gabonnouvellevision.com\/gnv\/2024\/08\/07\/la-nationalisation-de-lenseignement-scientifique-au-secondaire-public-en-marche-2\/#article","isPartOf":{"@id":"https:\/\/gabonnouvellevision.com\/gnv\/2024\/08\/07\/la-nationalisation-de-lenseignement-scientifique-au-secondaire-public-en-marche-2\/"},"author":{"name":"Eyeng Obame","@id":"https:\/\/gabonnouvellevision.com\/gnv\/#\/schema\/person\/4b48e07d222f83c0285affc3704bc899"},"headline":"La nationalisation de l&rsquo;enseignement scientifique au secondaire public en marche","datePublished":"2024-08-07T11:32:44+00:00","dateModified":"2024-08-07T11:32:44+00:00","mainEntityOfPage":{"@id":"https:\/\/gabonnouvellevision.com\/gnv\/2024\/08\/07\/la-nationalisation-de-lenseignement-scientifique-au-secondaire-public-en-marche-2\/"},"wordCount":278,"commentCount":0,"publisher":{"@id":"https:\/\/gabonnouvellevision.com\/gnv\/#organization"},"image":{"@id":"https:\/\/gabonnouvellevision.com\/gnv\/2024\/08\/07\/la-nationalisation-de-lenseignement-scientifique-au-secondaire-public-en-marche-2\/#primaryimage"},"thumbnailUrl":"https:\/\/gabonnouvellevision.com\/gnv\/wp-content\/uploads\/2024\/08\/C-2.jpg","articleSection":["A la une","Societe"],"inLanguage":"fr-FR","potentialAction":[{"@type":"CommentAction","name":"Comment","target":["https:\/\/gabonnouvellevision.com\/gnv\/2024\/08\/07\/la-nationalisation-de-lenseignement-scientifique-au-secondaire-public-en-marche-2\/#respond"]}]},{"@type":"WebPage","@id":"https:\/\/gabonnouvellevision.com\/gnv\/2024\/08\/07\/la-nationalisation-de-lenseignement-scientifique-au-secondaire-public-en-marche-2\/","url":"https:\/\/gabonnouvellevision.com\/gnv\/2024\/08\/07\/la-nationalisation-de-lenseignement-scientifique-au-secondaire-public-en-marche-2\/","name":"La nationalisation de l'enseignement scientifique au secondaire public en marche - Gabon Nouvelle Vision","isPartOf":{"@id":"https:\/\/gabonnouvellevision.com\/gnv\/#website"},"primaryImageOfPage":{"@id":"https:\/\/gabonnouvellevision.com\/gnv\/2024\/08\/07\/la-nationalisation-de-lenseignement-scientifique-au-secondaire-public-en-marche-2\/#primaryimage"},"image":{"@id":"https:\/\/gabonnouvellevision.com\/gnv\/2024\/08\/07\/la-nationalisation-de-lenseignement-scientifique-au-secondaire-public-en-marche-2\/#primaryimage"},"thumbnailUrl":"https:\/\/gabonnouvellevision.com\/gnv\/wp-content\/uploads\/2024\/08\/C-2.jpg","datePublished":"2024-08-07T11:32:44+00:00","dateModified":"2024-08-07T11:32:44+00:00","breadcrumb":{"@id":"https:\/\/gabonnouvellevision.com\/gnv\/2024\/08\/07\/la-nationalisation-de-lenseignement-scientifique-au-secondaire-public-en-marche-2\/#breadcrumb"},"inLanguage":"fr-FR","potentialAction":[{"@type":"ReadAction","target":["https:\/\/gabonnouvellevision.com\/gnv\/2024\/08\/07\/la-nationalisation-de-lenseignement-scientifique-au-secondaire-public-en-marche-2\/"]}]},{"@type":"ImageObject","inLanguage":"fr-FR","@id":"https:\/\/gabonnouvellevision.com\/gnv\/2024\/08\/07\/la-nationalisation-de-lenseignement-scientifique-au-secondaire-public-en-marche-2\/#primaryimage","url":"https:\/\/gabonnouvellevision.com\/gnv\/wp-content\/uploads\/2024\/08\/C-2.jpg","contentUrl":"https:\/\/gabonnouvellevision.com\/gnv\/wp-content\/uploads\/2024\/08\/C-2.jpg","width":400,"height":241},{"@type":"BreadcrumbList","@id":"https:\/\/gabonnouvellevision.com\/gnv\/2024\/08\/07\/la-nationalisation-de-lenseignement-scientifique-au-secondaire-public-en-marche-2\/#breadcrumb","itemListElement":[{"@type":"ListItem","position":1,"name":"Accueil","item":"https:\/\/gabonnouvellevision.com\/gnv\/"},{"@type":"ListItem","position":2,"name":"La nationalisation de l&rsquo;enseignement scientifique au secondaire public en marche"}]},{"@type":"WebSite","@id":"https:\/\/gabonnouvellevision.com\/gnv\/#website","url":"https:\/\/gabonnouvellevision.com\/gnv\/","name":"Gabon Nouvelle Vision","description":"","publisher":{"@id":"https:\/\/gabonnouvellevision.com\/gnv\/#organization"},"potentialAction":[{"@type":"SearchAction","target":{"@type":"EntryPoint","urlTemplate":"https:\/\/gabonnouvellevision.com\/gnv\/?s={search_term_string}"},"query-input":{"@type":"PropertyValueSpecification","valueRequired":true,"valueName":"search_term_string"}}],"inLanguage":"fr-FR"},{"@type":"Organization","@id":"https:\/\/gabonnouvellevision.com\/gnv\/#organization","name":"Gabon Nouvelle Vision","url":"https:\/\/gabonnouvellevision.com\/gnv\/","logo":{"@type":"ImageObject","inLanguage":"fr-FR","@id":"https:\/\/gabonnouvellevision.com\/gnv\/#\/schema\/logo\/image\/","url":"https:\/\/gabonnouvellevision.com\/gnv\/wp-content\/uploads\/2025\/01\/logo-text_Plan-de-travail-1.png","contentUrl":"https:\/\/gabonnouvellevision.com\/gnv\/wp-content\/uploads\/2025\/01\/logo-text_Plan-de-travail-1.png","width":7169,"height":2390,"caption":"Gabon Nouvelle Vision"},"image":{"@id":"https:\/\/gabonnouvellevision.com\/gnv\/#\/schema\/logo\/image\/"},"sameAs":["https:\/\/www.facebook.com\/GNVofficiel"]},{"@type":"Person","@id":"https:\/\/gabonnouvellevision.com\/gnv\/#\/schema\/person\/4b48e07d222f83c0285affc3704bc899","name":"Eyeng Obame","image":{"@type":"ImageObject","inLanguage":"fr-FR","@id":"https:\/\/gabonnouvellevision.com\/gnv\/#\/schema\/person\/image\/","url":"https:\/\/secure.gravatar.com\/avatar\/167bc03b8baf3c77318a47159f80871de6f5a6cbf4bc8b6af750fbc1a369d7bf?s=96&d=mm&r=g","contentUrl":"https:\/\/secure.gravatar.com\/avatar\/167bc03b8baf3c77318a47159f80871de6f5a6cbf4bc8b6af750fbc1a369d7bf?s=96&d=mm&r=g","caption":"Eyeng Obame"},"url":"https:\/\/gabonnouvellevision.com\/gnv\/author\/rufin\/"}]}},"_links":{"self":[{"href":"https:\/\/gabonnouvellevision.com\/gnv\/wp-json\/wp\/v2\/posts\/3171","targetHints":{"allow":["GET"]}}],"collection":[{"href":"https:\/\/gabonnouvellevision.com\/gnv\/wp-json\/wp\/v2\/posts"}],"about":[{"href":"https:\/\/gabonnouvellevision.com\/gnv\/wp-json\/wp\/v2\/types\/post"}],"author":[{"embeddable":true,"href":"https:\/\/gabonnouvellevision.com\/gnv\/wp-json\/wp\/v2\/users\/7"}],"replies":[{"embeddable":true,"href":"https:\/\/gabonnouvellevision.com\/gnv\/wp-json\/wp\/v2\/comments?post=3171"}],"version-history":[{"count":0,"href":"https:\/\/gabonnouvellevision.com\/gnv\/wp-json\/wp\/v2\/posts\/3171\/revisions"}],"wp:featuredmedia":[{"embeddable":true,"href":"https:\/\/gabonnouvellevision.com\/gnv\/wp-json\/wp\/v2\/media\/3168"}],"wp:attachment":[{"href":"https:\/\/gabonnouvellevision.com\/gnv\/wp-json\/wp\/v2\/media?parent=3171"}],"wp:term":[{"taxonomy":"category","embeddable":true,"href":"https:\/\/gabonnouvellevision.com\/gnv\/wp-json\/wp\/v2\/categories?post=3171"},{"taxonomy":"post_tag","embeddable":true,"href":"https:\/\/gabonnouvellevision.com\/gnv\/wp-json\/wp\/v2\/tags?post=3171"}],"curies":[{"name":"wp","href":"https:\/\/api.w.org\/{rel}","templated":true}]}}