{"id":3157,"date":"2024-08-06T15:48:07","date_gmt":"2024-08-06T14:48:07","guid":{"rendered":"https:\/\/gabonnouvellevision.com\/gnv\/?p=3157"},"modified":"2024-08-06T15:48:07","modified_gmt":"2024-08-06T14:48:07","slug":"mois-daout-au-gabon-mois-de-celebrations","status":"publish","type":"post","link":"https:\/\/gabonnouvellevision.com\/gnv\/2024\/08\/06\/mois-daout-au-gabon-mois-de-celebrations\/","title":{"rendered":"Mois d&rsquo;ao\u00fbt au Gabon: mois de c\u00e9l\u00e9brations!"},"content":{"rendered":"<p><strong><em>Le seul mois d&rsquo;ao\u00fbt constitue une p\u00e9riode r\u00e9publicaine sans commune mesure. Les 9, 17 et 30 ao\u00fbt sont des dates de comm\u00e9morations des \u00e9v\u00e9nements de port\u00e9e nationale<\/em><\/strong><strong>.\u00a0<\/strong><\/p>\n<p><strong>\u00a0<\/strong>C&rsquo;est ce mois d&rsquo;ao\u00fbt, plus pr\u00e9cis\u00e9ment le 30, que la nation enti\u00e8re va c\u00e9l\u00e9brer l&rsquo;arriv\u00e9e au pouvoir du Comit\u00e9 pour la transition et la restauration des institutions. Un moment consid\u00e9r\u00e9 par une grande frange de la population comme la lib\u00e9ration d&rsquo;un peuple qui a v\u00e9cu 55 ans d&rsquo;un m\u00eame r\u00e9gime, sous la houlette de l&rsquo;ancien parti au pouvoir: le parti d\u00e9mocratique gabonais. D&rsquo;o\u00f9 le coup d&rsquo;\u00c9tat du 30 ao\u00fbt 2023 est per\u00e7u comme un coup de lib\u00e9ration.<\/p>\n<p>Mais le 17 ao\u00fbt n&rsquo;est pas non plus \u00e0 oublier. C&rsquo;est la date de l&rsquo;ind\u00e9pendance du pays qui est c\u00e9l\u00e9br\u00e9e tous les ans depuis 1960. On f\u00eatera donc dans quelques jours, la 64\u00e8me \u00e9dition.<\/p>\n<p>En dehors de ces deux dates essentielles du pays, il y a aussi, le 9 ao\u00fbt qui marque la f\u00eate du drapeau national : le vert, jaune et bleu.<\/p>\n<p>Vraisemblablement, le 30 ao\u00fbt prochain semble \u00eatre la c\u00e9l\u00e9bration la plus attendue. Ce, d&rsquo;autant plus\u00a0 que nombre de citoyens consid\u00e8rent cette date comme celle de la lib\u00e9ration et du d\u00e9but de la reconstruction du pays.<\/p>\n<p><strong>\u00a0 \u00a0 \u00a0 \u00a0 \u00a0 \u00a0 \u00a0 \u00a0 \u00a0 \u00a0 \u00a0 \u00a0 \u00a0 \u00a0 \u00a0 \u00a0 Jean Yves Ntoutoume\u00a0<\/strong><\/p>\n<p><strong>\u00a0<\/strong><\/p>\n","protected":false},"excerpt":{"rendered":"<p>Le seul mois d&rsquo;ao\u00fbt constitue une p\u00e9riode r\u00e9publicaine sans commune mesure. Les 9, 17 et 30 ao\u00fbt sont des dates de comm\u00e9morations des \u00e9v\u00e9nements de port\u00e9e nationale.\u00a0 \u00a0C&rsquo;est ce mois d&rsquo;ao\u00fbt, plus pr\u00e9cis\u00e9ment le 30, que la nation enti\u00e8re va c\u00e9l\u00e9brer l&rsquo;arriv\u00e9e au pouvoir du Comit\u00e9 pour la transition et la restauration des institutions. Un [&hellip;]<\/p>\n","protected":false},"author":7,"featured_media":3158,"comment_status":"open","ping_status":"open","sticky":false,"template":"","format":"standard","meta":{"footnotes":""},"categories":[1],"tags":[],"class_list":["post-3157","post","type-post","status-publish","format-standard","has-post-thumbnail","hentry","category-non-classe"],"yoast_head":"<!-- This site is optimized with the Yoast SEO plugin v24.2 - https:\/\/yoast.com\/wordpress\/plugins\/seo\/ -->\n<title>Mois d&#039;ao\u00fbt au Gabon: mois de c\u00e9l\u00e9brations! - Gabon Nouvelle Vision<\/title>\n<meta name=\"robots\" content=\"index, follow, max-snippet:-1, max-image-preview:large, max-video-preview:-1\" \/>\n<link rel=\"canonical\" href=\"https:\/\/gabonnouvellevision.com\/gnv\/2024\/08\/06\/mois-daout-au-gabon-mois-de-celebrations\/\" \/>\n<meta property=\"og:locale\" content=\"fr_FR\" \/>\n<meta property=\"og:type\" content=\"article\" \/>\n<meta property=\"og:title\" content=\"Mois d&#039;ao\u00fbt au Gabon: mois de c\u00e9l\u00e9brations! - Gabon Nouvelle Vision\" \/>\n<meta property=\"og:description\" content=\"Le seul mois d&rsquo;ao\u00fbt constitue une p\u00e9riode r\u00e9publicaine sans commune mesure. Les 9, 17 et 30 ao\u00fbt sont des dates de comm\u00e9morations des \u00e9v\u00e9nements de port\u00e9e nationale.\u00a0 \u00a0C&rsquo;est ce mois d&rsquo;ao\u00fbt, plus pr\u00e9cis\u00e9ment le 30, que la nation enti\u00e8re va c\u00e9l\u00e9brer l&rsquo;arriv\u00e9e au pouvoir du Comit\u00e9 pour la transition et la restauration des institutions. Un [&hellip;]\" \/>\n<meta property=\"og:url\" content=\"https:\/\/gabonnouvellevision.com\/gnv\/2024\/08\/06\/mois-daout-au-gabon-mois-de-celebrations\/\" \/>\n<meta property=\"og:site_name\" content=\"Gabon Nouvelle Vision\" \/>\n<meta property=\"article:publisher\" content=\"https:\/\/www.facebook.com\/GNVofficiel\" \/>\n<meta property=\"article:published_time\" content=\"2024-08-06T14:48:07+00:00\" \/>\n<meta property=\"og:image\" content=\"https:\/\/gabonnouvellevision.com\/gnv\/wp-content\/uploads\/2024\/08\/0.jpg\" \/>\n\t<meta property=\"og:image:width\" content=\"988\" \/>\n\t<meta property=\"og:image:height\" content=\"657\" \/>\n\t<meta property=\"og:image:type\" content=\"image\/jpeg\" \/>\n<meta name=\"author\" content=\"Eyeng Obame\" \/>\n<meta name=\"twitter:card\" content=\"summary_large_image\" \/>\n<meta name=\"twitter:label1\" content=\"\u00c9crit par\" \/>\n\t<meta name=\"twitter:data1\" content=\"Eyeng Obame\" \/>\n\t<meta name=\"twitter:label2\" content=\"Dur\u00e9e de lecture estim\u00e9e\" \/>\n\t<meta name=\"twitter:data2\" content=\"1 minute\" \/>\n<script type=\"application\/ld+json\" class=\"yoast-schema-graph\">{\"@context\":\"https:\/\/schema.org\",\"@graph\":[{\"@type\":\"Article\",\"@id\":\"https:\/\/gabonnouvellevision.com\/gnv\/2024\/08\/06\/mois-daout-au-gabon-mois-de-celebrations\/#article\",\"isPartOf\":{\"@id\":\"https:\/\/gabonnouvellevision.com\/gnv\/2024\/08\/06\/mois-daout-au-gabon-mois-de-celebrations\/\"},\"author\":{\"name\":\"Eyeng Obame\",\"@id\":\"https:\/\/gabonnouvellevision.com\/gnv\/#\/schema\/person\/4b48e07d222f83c0285affc3704bc899\"},\"headline\":\"Mois d&rsquo;ao\u00fbt au Gabon: mois de c\u00e9l\u00e9brations!\",\"datePublished\":\"2024-08-06T14:48:07+00:00\",\"dateModified\":\"2024-08-06T14:48:07+00:00\",\"mainEntityOfPage\":{\"@id\":\"https:\/\/gabonnouvellevision.com\/gnv\/2024\/08\/06\/mois-daout-au-gabon-mois-de-celebrations\/\"},\"wordCount\":240,\"commentCount\":0,\"publisher\":{\"@id\":\"https:\/\/gabonnouvellevision.com\/gnv\/#organization\"},\"image\":{\"@id\":\"https:\/\/gabonnouvellevision.com\/gnv\/2024\/08\/06\/mois-daout-au-gabon-mois-de-celebrations\/#primaryimage\"},\"thumbnailUrl\":\"https:\/\/gabonnouvellevision.com\/gnv\/wp-content\/uploads\/2024\/08\/0.jpg\",\"inLanguage\":\"fr-FR\",\"potentialAction\":[{\"@type\":\"CommentAction\",\"name\":\"Comment\",\"target\":[\"https:\/\/gabonnouvellevision.com\/gnv\/2024\/08\/06\/mois-daout-au-gabon-mois-de-celebrations\/#respond\"]}]},{\"@type\":\"WebPage\",\"@id\":\"https:\/\/gabonnouvellevision.com\/gnv\/2024\/08\/06\/mois-daout-au-gabon-mois-de-celebrations\/\",\"url\":\"https:\/\/gabonnouvellevision.com\/gnv\/2024\/08\/06\/mois-daout-au-gabon-mois-de-celebrations\/\",\"name\":\"Mois d'ao\u00fbt au Gabon: mois de c\u00e9l\u00e9brations! - Gabon Nouvelle Vision\",\"isPartOf\":{\"@id\":\"https:\/\/gabonnouvellevision.com\/gnv\/#website\"},\"primaryImageOfPage\":{\"@id\":\"https:\/\/gabonnouvellevision.com\/gnv\/2024\/08\/06\/mois-daout-au-gabon-mois-de-celebrations\/#primaryimage\"},\"image\":{\"@id\":\"https:\/\/gabonnouvellevision.com\/gnv\/2024\/08\/06\/mois-daout-au-gabon-mois-de-celebrations\/#primaryimage\"},\"thumbnailUrl\":\"https:\/\/gabonnouvellevision.com\/gnv\/wp-content\/uploads\/2024\/08\/0.jpg\",\"datePublished\":\"2024-08-06T14:48:07+00:00\",\"dateModified\":\"2024-08-06T14:48:07+00:00\",\"breadcrumb\":{\"@id\":\"https:\/\/gabonnouvellevision.com\/gnv\/2024\/08\/06\/mois-daout-au-gabon-mois-de-celebrations\/#breadcrumb\"},\"inLanguage\":\"fr-FR\",\"potentialAction\":[{\"@type\":\"ReadAction\",\"target\":[\"https:\/\/gabonnouvellevision.com\/gnv\/2024\/08\/06\/mois-daout-au-gabon-mois-de-celebrations\/\"]}]},{\"@type\":\"ImageObject\",\"inLanguage\":\"fr-FR\",\"@id\":\"https:\/\/gabonnouvellevision.com\/gnv\/2024\/08\/06\/mois-daout-au-gabon-mois-de-celebrations\/#primaryimage\",\"url\":\"https:\/\/gabonnouvellevision.com\/gnv\/wp-content\/uploads\/2024\/08\/0.jpg\",\"contentUrl\":\"https:\/\/gabonnouvellevision.com\/gnv\/wp-content\/uploads\/2024\/08\/0.jpg\",\"width\":988,\"height\":657},{\"@type\":\"BreadcrumbList\",\"@id\":\"https:\/\/gabonnouvellevision.com\/gnv\/2024\/08\/06\/mois-daout-au-gabon-mois-de-celebrations\/#breadcrumb\",\"itemListElement\":[{\"@type\":\"ListItem\",\"position\":1,\"name\":\"Accueil\",\"item\":\"https:\/\/gabonnouvellevision.com\/gnv\/\"},{\"@type\":\"ListItem\",\"position\":2,\"name\":\"Mois d&rsquo;ao\u00fbt au Gabon: mois de c\u00e9l\u00e9brations!\"}]},{\"@type\":\"WebSite\",\"@id\":\"https:\/\/gabonnouvellevision.com\/gnv\/#website\",\"url\":\"https:\/\/gabonnouvellevision.com\/gnv\/\",\"name\":\"Gabon Nouvelle Vision\",\"description\":\"\",\"publisher\":{\"@id\":\"https:\/\/gabonnouvellevision.com\/gnv\/#organization\"},\"potentialAction\":[{\"@type\":\"SearchAction\",\"target\":{\"@type\":\"EntryPoint\",\"urlTemplate\":\"https:\/\/gabonnouvellevision.com\/gnv\/?s={search_term_string}\"},\"query-input\":{\"@type\":\"PropertyValueSpecification\",\"valueRequired\":true,\"valueName\":\"search_term_string\"}}],\"inLanguage\":\"fr-FR\"},{\"@type\":\"Organization\",\"@id\":\"https:\/\/gabonnouvellevision.com\/gnv\/#organization\",\"name\":\"Gabon Nouvelle Vision\",\"url\":\"https:\/\/gabonnouvellevision.com\/gnv\/\",\"logo\":{\"@type\":\"ImageObject\",\"inLanguage\":\"fr-FR\",\"@id\":\"https:\/\/gabonnouvellevision.com\/gnv\/#\/schema\/logo\/image\/\",\"url\":\"https:\/\/gabonnouvellevision.com\/gnv\/wp-content\/uploads\/2025\/01\/logo-text_Plan-de-travail-1.png\",\"contentUrl\":\"https:\/\/gabonnouvellevision.com\/gnv\/wp-content\/uploads\/2025\/01\/logo-text_Plan-de-travail-1.png\",\"width\":7169,\"height\":2390,\"caption\":\"Gabon Nouvelle Vision\"},\"image\":{\"@id\":\"https:\/\/gabonnouvellevision.com\/gnv\/#\/schema\/logo\/image\/\"},\"sameAs\":[\"https:\/\/www.facebook.com\/GNVofficiel\"]},{\"@type\":\"Person\",\"@id\":\"https:\/\/gabonnouvellevision.com\/gnv\/#\/schema\/person\/4b48e07d222f83c0285affc3704bc899\",\"name\":\"Eyeng Obame\",\"image\":{\"@type\":\"ImageObject\",\"inLanguage\":\"fr-FR\",\"@id\":\"https:\/\/gabonnouvellevision.com\/gnv\/#\/schema\/person\/image\/\",\"url\":\"https:\/\/secure.gravatar.com\/avatar\/167bc03b8baf3c77318a47159f80871de6f5a6cbf4bc8b6af750fbc1a369d7bf?s=96&d=mm&r=g\",\"contentUrl\":\"https:\/\/secure.gravatar.com\/avatar\/167bc03b8baf3c77318a47159f80871de6f5a6cbf4bc8b6af750fbc1a369d7bf?s=96&d=mm&r=g\",\"caption\":\"Eyeng Obame\"},\"url\":\"https:\/\/gabonnouvellevision.com\/gnv\/author\/rufin\/\"}]}<\/script>\n<!-- \/ Yoast SEO plugin. -->","yoast_head_json":{"title":"Mois d'ao\u00fbt au Gabon: mois de c\u00e9l\u00e9brations! - Gabon Nouvelle Vision","robots":{"index":"index","follow":"follow","max-snippet":"max-snippet:-1","max-image-preview":"max-image-preview:large","max-video-preview":"max-video-preview:-1"},"canonical":"https:\/\/gabonnouvellevision.com\/gnv\/2024\/08\/06\/mois-daout-au-gabon-mois-de-celebrations\/","og_locale":"fr_FR","og_type":"article","og_title":"Mois d'ao\u00fbt au Gabon: mois de c\u00e9l\u00e9brations! - Gabon Nouvelle Vision","og_description":"Le seul mois d&rsquo;ao\u00fbt constitue une p\u00e9riode r\u00e9publicaine sans commune mesure. Les 9, 17 et 30 ao\u00fbt sont des dates de comm\u00e9morations des \u00e9v\u00e9nements de port\u00e9e nationale.\u00a0 \u00a0C&rsquo;est ce mois d&rsquo;ao\u00fbt, plus pr\u00e9cis\u00e9ment le 30, que la nation enti\u00e8re va c\u00e9l\u00e9brer l&rsquo;arriv\u00e9e au pouvoir du Comit\u00e9 pour la transition et la restauration des institutions. Un [&hellip;]","og_url":"https:\/\/gabonnouvellevision.com\/gnv\/2024\/08\/06\/mois-daout-au-gabon-mois-de-celebrations\/","og_site_name":"Gabon Nouvelle Vision","article_publisher":"https:\/\/www.facebook.com\/GNVofficiel","article_published_time":"2024-08-06T14:48:07+00:00","og_image":[{"width":988,"height":657,"url":"https:\/\/gabonnouvellevision.com\/gnv\/wp-content\/uploads\/2024\/08\/0.jpg","type":"image\/jpeg"}],"author":"Eyeng Obame","twitter_card":"summary_large_image","twitter_misc":{"\u00c9crit par":"Eyeng Obame","Dur\u00e9e de lecture estim\u00e9e":"1 minute"},"schema":{"@context":"https:\/\/schema.org","@graph":[{"@type":"Article","@id":"https:\/\/gabonnouvellevision.com\/gnv\/2024\/08\/06\/mois-daout-au-gabon-mois-de-celebrations\/#article","isPartOf":{"@id":"https:\/\/gabonnouvellevision.com\/gnv\/2024\/08\/06\/mois-daout-au-gabon-mois-de-celebrations\/"},"author":{"name":"Eyeng Obame","@id":"https:\/\/gabonnouvellevision.com\/gnv\/#\/schema\/person\/4b48e07d222f83c0285affc3704bc899"},"headline":"Mois d&rsquo;ao\u00fbt au Gabon: mois de c\u00e9l\u00e9brations!","datePublished":"2024-08-06T14:48:07+00:00","dateModified":"2024-08-06T14:48:07+00:00","mainEntityOfPage":{"@id":"https:\/\/gabonnouvellevision.com\/gnv\/2024\/08\/06\/mois-daout-au-gabon-mois-de-celebrations\/"},"wordCount":240,"commentCount":0,"publisher":{"@id":"https:\/\/gabonnouvellevision.com\/gnv\/#organization"},"image":{"@id":"https:\/\/gabonnouvellevision.com\/gnv\/2024\/08\/06\/mois-daout-au-gabon-mois-de-celebrations\/#primaryimage"},"thumbnailUrl":"https:\/\/gabonnouvellevision.com\/gnv\/wp-content\/uploads\/2024\/08\/0.jpg","inLanguage":"fr-FR","potentialAction":[{"@type":"CommentAction","name":"Comment","target":["https:\/\/gabonnouvellevision.com\/gnv\/2024\/08\/06\/mois-daout-au-gabon-mois-de-celebrations\/#respond"]}]},{"@type":"WebPage","@id":"https:\/\/gabonnouvellevision.com\/gnv\/2024\/08\/06\/mois-daout-au-gabon-mois-de-celebrations\/","url":"https:\/\/gabonnouvellevision.com\/gnv\/2024\/08\/06\/mois-daout-au-gabon-mois-de-celebrations\/","name":"Mois d'ao\u00fbt au Gabon: mois de c\u00e9l\u00e9brations! - Gabon Nouvelle Vision","isPartOf":{"@id":"https:\/\/gabonnouvellevision.com\/gnv\/#website"},"primaryImageOfPage":{"@id":"https:\/\/gabonnouvellevision.com\/gnv\/2024\/08\/06\/mois-daout-au-gabon-mois-de-celebrations\/#primaryimage"},"image":{"@id":"https:\/\/gabonnouvellevision.com\/gnv\/2024\/08\/06\/mois-daout-au-gabon-mois-de-celebrations\/#primaryimage"},"thumbnailUrl":"https:\/\/gabonnouvellevision.com\/gnv\/wp-content\/uploads\/2024\/08\/0.jpg","datePublished":"2024-08-06T14:48:07+00:00","dateModified":"2024-08-06T14:48:07+00:00","breadcrumb":{"@id":"https:\/\/gabonnouvellevision.com\/gnv\/2024\/08\/06\/mois-daout-au-gabon-mois-de-celebrations\/#breadcrumb"},"inLanguage":"fr-FR","potentialAction":[{"@type":"ReadAction","target":["https:\/\/gabonnouvellevision.com\/gnv\/2024\/08\/06\/mois-daout-au-gabon-mois-de-celebrations\/"]}]},{"@type":"ImageObject","inLanguage":"fr-FR","@id":"https:\/\/gabonnouvellevision.com\/gnv\/2024\/08\/06\/mois-daout-au-gabon-mois-de-celebrations\/#primaryimage","url":"https:\/\/gabonnouvellevision.com\/gnv\/wp-content\/uploads\/2024\/08\/0.jpg","contentUrl":"https:\/\/gabonnouvellevision.com\/gnv\/wp-content\/uploads\/2024\/08\/0.jpg","width":988,"height":657},{"@type":"BreadcrumbList","@id":"https:\/\/gabonnouvellevision.com\/gnv\/2024\/08\/06\/mois-daout-au-gabon-mois-de-celebrations\/#breadcrumb","itemListElement":[{"@type":"ListItem","position":1,"name":"Accueil","item":"https:\/\/gabonnouvellevision.com\/gnv\/"},{"@type":"ListItem","position":2,"name":"Mois d&rsquo;ao\u00fbt au Gabon: mois de c\u00e9l\u00e9brations!"}]},{"@type":"WebSite","@id":"https:\/\/gabonnouvellevision.com\/gnv\/#website","url":"https:\/\/gabonnouvellevision.com\/gnv\/","name":"Gabon Nouvelle Vision","description":"","publisher":{"@id":"https:\/\/gabonnouvellevision.com\/gnv\/#organization"},"potentialAction":[{"@type":"SearchAction","target":{"@type":"EntryPoint","urlTemplate":"https:\/\/gabonnouvellevision.com\/gnv\/?s={search_term_string}"},"query-input":{"@type":"PropertyValueSpecification","valueRequired":true,"valueName":"search_term_string"}}],"inLanguage":"fr-FR"},{"@type":"Organization","@id":"https:\/\/gabonnouvellevision.com\/gnv\/#organization","name":"Gabon Nouvelle Vision","url":"https:\/\/gabonnouvellevision.com\/gnv\/","logo":{"@type":"ImageObject","inLanguage":"fr-FR","@id":"https:\/\/gabonnouvellevision.com\/gnv\/#\/schema\/logo\/image\/","url":"https:\/\/gabonnouvellevision.com\/gnv\/wp-content\/uploads\/2025\/01\/logo-text_Plan-de-travail-1.png","contentUrl":"https:\/\/gabonnouvellevision.com\/gnv\/wp-content\/uploads\/2025\/01\/logo-text_Plan-de-travail-1.png","width":7169,"height":2390,"caption":"Gabon Nouvelle Vision"},"image":{"@id":"https:\/\/gabonnouvellevision.com\/gnv\/#\/schema\/logo\/image\/"},"sameAs":["https:\/\/www.facebook.com\/GNVofficiel"]},{"@type":"Person","@id":"https:\/\/gabonnouvellevision.com\/gnv\/#\/schema\/person\/4b48e07d222f83c0285affc3704bc899","name":"Eyeng Obame","image":{"@type":"ImageObject","inLanguage":"fr-FR","@id":"https:\/\/gabonnouvellevision.com\/gnv\/#\/schema\/person\/image\/","url":"https:\/\/secure.gravatar.com\/avatar\/167bc03b8baf3c77318a47159f80871de6f5a6cbf4bc8b6af750fbc1a369d7bf?s=96&d=mm&r=g","contentUrl":"https:\/\/secure.gravatar.com\/avatar\/167bc03b8baf3c77318a47159f80871de6f5a6cbf4bc8b6af750fbc1a369d7bf?s=96&d=mm&r=g","caption":"Eyeng Obame"},"url":"https:\/\/gabonnouvellevision.com\/gnv\/author\/rufin\/"}]}},"_links":{"self":[{"href":"https:\/\/gabonnouvellevision.com\/gnv\/wp-json\/wp\/v2\/posts\/3157","targetHints":{"allow":["GET"]}}],"collection":[{"href":"https:\/\/gabonnouvellevision.com\/gnv\/wp-json\/wp\/v2\/posts"}],"about":[{"href":"https:\/\/gabonnouvellevision.com\/gnv\/wp-json\/wp\/v2\/types\/post"}],"author":[{"embeddable":true,"href":"https:\/\/gabonnouvellevision.com\/gnv\/wp-json\/wp\/v2\/users\/7"}],"replies":[{"embeddable":true,"href":"https:\/\/gabonnouvellevision.com\/gnv\/wp-json\/wp\/v2\/comments?post=3157"}],"version-history":[{"count":0,"href":"https:\/\/gabonnouvellevision.com\/gnv\/wp-json\/wp\/v2\/posts\/3157\/revisions"}],"wp:featuredmedia":[{"embeddable":true,"href":"https:\/\/gabonnouvellevision.com\/gnv\/wp-json\/wp\/v2\/media\/3158"}],"wp:attachment":[{"href":"https:\/\/gabonnouvellevision.com\/gnv\/wp-json\/wp\/v2\/media?parent=3157"}],"wp:term":[{"taxonomy":"category","embeddable":true,"href":"https:\/\/gabonnouvellevision.com\/gnv\/wp-json\/wp\/v2\/categories?post=3157"},{"taxonomy":"post_tag","embeddable":true,"href":"https:\/\/gabonnouvellevision.com\/gnv\/wp-json\/wp\/v2\/tags?post=3157"}],"curies":[{"name":"wp","href":"https:\/\/api.w.org\/{rel}","templated":true}]}}