{"id":3151,"date":"2024-08-05T13:51:29","date_gmt":"2024-08-05T12:51:29","guid":{"rendered":"https:\/\/gabonnouvellevision.com\/gnv\/?p=3151"},"modified":"2024-08-05T13:51:29","modified_gmt":"2024-08-05T12:51:29","slug":"le-president-oligui-nguema-eleve-grand-maitre-de-lordre-national-de-la-liberation","status":"publish","type":"post","link":"https:\/\/gabonnouvellevision.com\/gnv\/2024\/08\/05\/le-president-oligui-nguema-eleve-grand-maitre-de-lordre-national-de-la-liberation\/","title":{"rendered":"Le Pr\u00e9sident Oligui Nguema, \u00e9lev\u00e9 Grand-Ma\u00eetre de l&rsquo;ordre national de la lib\u00e9ration"},"content":{"rendered":"<p><strong><em>La traditionnelle c\u00e9r\u00e9monie de lev\u00e9e des couleurs du drapeau national de lundi a rev\u00eatue un caract\u00e8re particulier ce matin au palais du bord de mer de Libreville, avec \u00e0 la cl\u00e9,\u00a0 l\u2019\u00e9l\u00e9vation du Pr\u00e9sident de la Transition, Brice Clotaire Oligui Nguema, au rang de Grand-Maitre de l\u2019Ordre national de la lib\u00e9ration<\/em><\/strong><em>. <\/em><\/p>\n<p>\u201cMonsieur le Pr\u00e9sident de la Transition, Pr\u00e9sident \u00a0de la R\u00e9publique, Chef de l\u2019Etat, nous vous reconnaissons comme Grand Ma\u00eetre de l\u2019ordre national de la lib\u00e9rations\u201d a indiqu\u00e9 solennellement le nouveau\u00a0 Grand Chancelier des ordres nationaux du Gabon,Yves Keba Malekou en proc\u00e9dant au\u00a0 rituel circonstanciel devant un parterre d\u2019invit\u00e9s ce matin au palais du bord de mer de Libreville.<\/p>\n<p>Selon les initi\u00e9s, ce rituel comporte deux temps forts \u00e0 savoir: le premier temps est celui de l\u2019\u00e9l\u00e9vation,\u00a0 symbolis\u00e9\u00a0 par le ports\u00a0 d&rsquo;une \u00e9charpe du drapeau national en bandouli\u00e8re par l&rsquo;initi\u00e9,\u00a0 et le second temps, est celui de la reconnaissance, incarn\u00e9e par le port d\u2019un collier dor\u00e9.<\/p>\n<p>En d\u00e9pit de ces explications, cette c\u00e9r\u00e9monie est diversement interpr\u00e9t\u00e9e au sein de l\u2019opinion notamment sur les r\u00e9seaux sociaux: pour les uns, le Pr\u00e9sident Oligui Nguema, bien que Chr\u00e9tien, \u00a0vient d\u2019\u00eatre intronis\u00e9 officiellement dans la franc-Ma\u00e7onnerie en cr\u00e9ant sa loge pour mieux contr\u00f4ler spirituellement ses troupes. un pouvoir spirituel\u00a0 qu\u2019il n\u2019a pas \u00e0 l\u2019\u00e9glise malgr\u00e9 sa proximit\u00e9 avec le clerg\u00e9 tout bord confondu ( Catholique, protestant, pentec\u00f4tiste et charismatique). Une hypoth\u00e8se si elle est fond\u00e9e\u00a0 r\u00e9v\u00e8le explicitement la triste r\u00e9alit\u00e9 de l&rsquo;exercice du pouvoir pr\u00e9sidentiel avec son corollaire d&rsquo;attributs du pouvoir. Et pour d\u2019autres, ce n\u2019est qu\u2019une simple c\u00e9r\u00e9monie solennelle profane de reconnaissance officielle en sa personne,\u00a0 pour avoir sauver le pays du chaos pr\u00e9m\u00e9dit\u00e9 par le r\u00e9gime d\u00e9chu\u00a0 au lendemain de l&rsquo;annonce des r\u00e9sultats de\u00a0 la pr\u00e9sidentielle d&rsquo;Ao\u00fbt 2023. Le d\u00e9bat reste ouvert\u2026 \u00e0 vous d\u2019en juger.<\/p>\n<p><strong>\u00a0\u00a0\u00a0\u00a0\u00a0\u00a0\u00a0\u00a0\u00a0\u00a0\u00a0\u00a0\u00a0\u00a0\u00a0\u00a0\u00a0\u00a0\u00a0\u00a0\u00a0\u00a0 \u00a0\u00a0\u00a0\u00a0\u00a0\u00a0\u00a0\u00a0\u00a0\u00a0\u00a0\u00a0\u00a0\u00a0\u00a0\u00a0Rufin Martial Oke Nze<\/strong><\/p>\n","protected":false},"excerpt":{"rendered":"<p>La traditionnelle c\u00e9r\u00e9monie de lev\u00e9e des couleurs du drapeau national de lundi a rev\u00eatue un caract\u00e8re particulier ce matin au palais du bord de mer de Libreville, avec \u00e0 la cl\u00e9,\u00a0 l\u2019\u00e9l\u00e9vation du Pr\u00e9sident de la Transition, Brice Clotaire Oligui Nguema, au rang de Grand-Maitre de l\u2019Ordre national de la lib\u00e9ration. \u201cMonsieur le Pr\u00e9sident de [&hellip;]<\/p>\n","protected":false},"author":7,"featured_media":3152,"comment_status":"open","ping_status":"open","sticky":false,"template":"","format":"standard","meta":{"footnotes":""},"categories":[64],"tags":[],"class_list":["post-3151","post","type-post","status-publish","format-standard","has-post-thumbnail","hentry","category-religion"],"yoast_head":"<!-- This site is optimized with the Yoast SEO plugin v24.2 - https:\/\/yoast.com\/wordpress\/plugins\/seo\/ -->\n<title>Le Pr\u00e9sident Oligui Nguema, \u00e9lev\u00e9 Grand-Ma\u00eetre de l&#039;ordre national de la lib\u00e9ration - Gabon Nouvelle Vision<\/title>\n<meta name=\"robots\" content=\"index, follow, max-snippet:-1, max-image-preview:large, max-video-preview:-1\" \/>\n<link rel=\"canonical\" href=\"https:\/\/gabonnouvellevision.com\/gnv\/2024\/08\/05\/le-president-oligui-nguema-eleve-grand-maitre-de-lordre-national-de-la-liberation\/\" \/>\n<meta property=\"og:locale\" content=\"fr_FR\" \/>\n<meta property=\"og:type\" content=\"article\" \/>\n<meta property=\"og:title\" content=\"Le Pr\u00e9sident Oligui Nguema, \u00e9lev\u00e9 Grand-Ma\u00eetre de l&#039;ordre national de la lib\u00e9ration - Gabon Nouvelle Vision\" \/>\n<meta property=\"og:description\" content=\"La traditionnelle c\u00e9r\u00e9monie de lev\u00e9e des couleurs du drapeau national de lundi a rev\u00eatue un caract\u00e8re particulier ce matin au palais du bord de mer de Libreville, avec \u00e0 la cl\u00e9,\u00a0 l\u2019\u00e9l\u00e9vation du Pr\u00e9sident de la Transition, Brice Clotaire Oligui Nguema, au rang de Grand-Maitre de l\u2019Ordre national de la lib\u00e9ration. \u201cMonsieur le Pr\u00e9sident de [&hellip;]\" \/>\n<meta property=\"og:url\" content=\"https:\/\/gabonnouvellevision.com\/gnv\/2024\/08\/05\/le-president-oligui-nguema-eleve-grand-maitre-de-lordre-national-de-la-liberation\/\" \/>\n<meta property=\"og:site_name\" content=\"Gabon Nouvelle Vision\" \/>\n<meta property=\"article:publisher\" content=\"https:\/\/www.facebook.com\/GNVofficiel\" \/>\n<meta property=\"article:published_time\" content=\"2024-08-05T12:51:29+00:00\" \/>\n<meta property=\"og:image\" content=\"https:\/\/gabonnouvellevision.com\/gnv\/wp-content\/uploads\/2024\/08\/Brice-Oligui-Nguema-photo-datee-pretera-serment-president-transition-Gabon-4-septembre-suite-dEtat-militaire-ayant-renverse-president-Ali-Bongo_0.webp\" \/>\n\t<meta property=\"og:image:width\" content=\"729\" \/>\n\t<meta property=\"og:image:height\" content=\"486\" \/>\n\t<meta property=\"og:image:type\" content=\"image\/webp\" \/>\n<meta name=\"author\" content=\"Eyeng Obame\" \/>\n<meta name=\"twitter:card\" content=\"summary_large_image\" \/>\n<meta name=\"twitter:label1\" content=\"\u00c9crit par\" \/>\n\t<meta name=\"twitter:data1\" content=\"Eyeng Obame\" \/>\n\t<meta name=\"twitter:label2\" content=\"Dur\u00e9e de lecture estim\u00e9e\" \/>\n\t<meta name=\"twitter:data2\" content=\"2 minutes\" \/>\n<script type=\"application\/ld+json\" class=\"yoast-schema-graph\">{\"@context\":\"https:\/\/schema.org\",\"@graph\":[{\"@type\":\"Article\",\"@id\":\"https:\/\/gabonnouvellevision.com\/gnv\/2024\/08\/05\/le-president-oligui-nguema-eleve-grand-maitre-de-lordre-national-de-la-liberation\/#article\",\"isPartOf\":{\"@id\":\"https:\/\/gabonnouvellevision.com\/gnv\/2024\/08\/05\/le-president-oligui-nguema-eleve-grand-maitre-de-lordre-national-de-la-liberation\/\"},\"author\":{\"name\":\"Eyeng Obame\",\"@id\":\"https:\/\/gabonnouvellevision.com\/gnv\/#\/schema\/person\/4b48e07d222f83c0285affc3704bc899\"},\"headline\":\"Le Pr\u00e9sident Oligui Nguema, \u00e9lev\u00e9 Grand-Ma\u00eetre de l&rsquo;ordre national de la lib\u00e9ration\",\"datePublished\":\"2024-08-05T12:51:29+00:00\",\"dateModified\":\"2024-08-05T12:51:29+00:00\",\"mainEntityOfPage\":{\"@id\":\"https:\/\/gabonnouvellevision.com\/gnv\/2024\/08\/05\/le-president-oligui-nguema-eleve-grand-maitre-de-lordre-national-de-la-liberation\/\"},\"wordCount\":371,\"commentCount\":0,\"publisher\":{\"@id\":\"https:\/\/gabonnouvellevision.com\/gnv\/#organization\"},\"image\":{\"@id\":\"https:\/\/gabonnouvellevision.com\/gnv\/2024\/08\/05\/le-president-oligui-nguema-eleve-grand-maitre-de-lordre-national-de-la-liberation\/#primaryimage\"},\"thumbnailUrl\":\"https:\/\/gabonnouvellevision.com\/gnv\/wp-content\/uploads\/2024\/08\/Brice-Oligui-Nguema-photo-datee-pretera-serment-president-transition-Gabon-4-septembre-suite-dEtat-militaire-ayant-renverse-president-Ali-Bongo_0.webp\",\"articleSection\":[\"Religion\"],\"inLanguage\":\"fr-FR\",\"potentialAction\":[{\"@type\":\"CommentAction\",\"name\":\"Comment\",\"target\":[\"https:\/\/gabonnouvellevision.com\/gnv\/2024\/08\/05\/le-president-oligui-nguema-eleve-grand-maitre-de-lordre-national-de-la-liberation\/#respond\"]}]},{\"@type\":\"WebPage\",\"@id\":\"https:\/\/gabonnouvellevision.com\/gnv\/2024\/08\/05\/le-president-oligui-nguema-eleve-grand-maitre-de-lordre-national-de-la-liberation\/\",\"url\":\"https:\/\/gabonnouvellevision.com\/gnv\/2024\/08\/05\/le-president-oligui-nguema-eleve-grand-maitre-de-lordre-national-de-la-liberation\/\",\"name\":\"Le Pr\u00e9sident Oligui Nguema, \u00e9lev\u00e9 Grand-Ma\u00eetre de l'ordre national de la lib\u00e9ration - Gabon Nouvelle Vision\",\"isPartOf\":{\"@id\":\"https:\/\/gabonnouvellevision.com\/gnv\/#website\"},\"primaryImageOfPage\":{\"@id\":\"https:\/\/gabonnouvellevision.com\/gnv\/2024\/08\/05\/le-president-oligui-nguema-eleve-grand-maitre-de-lordre-national-de-la-liberation\/#primaryimage\"},\"image\":{\"@id\":\"https:\/\/gabonnouvellevision.com\/gnv\/2024\/08\/05\/le-president-oligui-nguema-eleve-grand-maitre-de-lordre-national-de-la-liberation\/#primaryimage\"},\"thumbnailUrl\":\"https:\/\/gabonnouvellevision.com\/gnv\/wp-content\/uploads\/2024\/08\/Brice-Oligui-Nguema-photo-datee-pretera-serment-president-transition-Gabon-4-septembre-suite-dEtat-militaire-ayant-renverse-president-Ali-Bongo_0.webp\",\"datePublished\":\"2024-08-05T12:51:29+00:00\",\"dateModified\":\"2024-08-05T12:51:29+00:00\",\"breadcrumb\":{\"@id\":\"https:\/\/gabonnouvellevision.com\/gnv\/2024\/08\/05\/le-president-oligui-nguema-eleve-grand-maitre-de-lordre-national-de-la-liberation\/#breadcrumb\"},\"inLanguage\":\"fr-FR\",\"potentialAction\":[{\"@type\":\"ReadAction\",\"target\":[\"https:\/\/gabonnouvellevision.com\/gnv\/2024\/08\/05\/le-president-oligui-nguema-eleve-grand-maitre-de-lordre-national-de-la-liberation\/\"]}]},{\"@type\":\"ImageObject\",\"inLanguage\":\"fr-FR\",\"@id\":\"https:\/\/gabonnouvellevision.com\/gnv\/2024\/08\/05\/le-president-oligui-nguema-eleve-grand-maitre-de-lordre-national-de-la-liberation\/#primaryimage\",\"url\":\"https:\/\/gabonnouvellevision.com\/gnv\/wp-content\/uploads\/2024\/08\/Brice-Oligui-Nguema-photo-datee-pretera-serment-president-transition-Gabon-4-septembre-suite-dEtat-militaire-ayant-renverse-president-Ali-Bongo_0.webp\",\"contentUrl\":\"https:\/\/gabonnouvellevision.com\/gnv\/wp-content\/uploads\/2024\/08\/Brice-Oligui-Nguema-photo-datee-pretera-serment-president-transition-Gabon-4-septembre-suite-dEtat-militaire-ayant-renverse-president-Ali-Bongo_0.webp\",\"width\":729,\"height\":486},{\"@type\":\"BreadcrumbList\",\"@id\":\"https:\/\/gabonnouvellevision.com\/gnv\/2024\/08\/05\/le-president-oligui-nguema-eleve-grand-maitre-de-lordre-national-de-la-liberation\/#breadcrumb\",\"itemListElement\":[{\"@type\":\"ListItem\",\"position\":1,\"name\":\"Accueil\",\"item\":\"https:\/\/gabonnouvellevision.com\/gnv\/\"},{\"@type\":\"ListItem\",\"position\":2,\"name\":\"Le Pr\u00e9sident Oligui Nguema, \u00e9lev\u00e9 Grand-Ma\u00eetre de l&rsquo;ordre national de la lib\u00e9ration\"}]},{\"@type\":\"WebSite\",\"@id\":\"https:\/\/gabonnouvellevision.com\/gnv\/#website\",\"url\":\"https:\/\/gabonnouvellevision.com\/gnv\/\",\"name\":\"Gabon Nouvelle Vision\",\"description\":\"\",\"publisher\":{\"@id\":\"https:\/\/gabonnouvellevision.com\/gnv\/#organization\"},\"potentialAction\":[{\"@type\":\"SearchAction\",\"target\":{\"@type\":\"EntryPoint\",\"urlTemplate\":\"https:\/\/gabonnouvellevision.com\/gnv\/?s={search_term_string}\"},\"query-input\":{\"@type\":\"PropertyValueSpecification\",\"valueRequired\":true,\"valueName\":\"search_term_string\"}}],\"inLanguage\":\"fr-FR\"},{\"@type\":\"Organization\",\"@id\":\"https:\/\/gabonnouvellevision.com\/gnv\/#organization\",\"name\":\"Gabon Nouvelle Vision\",\"url\":\"https:\/\/gabonnouvellevision.com\/gnv\/\",\"logo\":{\"@type\":\"ImageObject\",\"inLanguage\":\"fr-FR\",\"@id\":\"https:\/\/gabonnouvellevision.com\/gnv\/#\/schema\/logo\/image\/\",\"url\":\"https:\/\/gabonnouvellevision.com\/gnv\/wp-content\/uploads\/2025\/01\/logo-text_Plan-de-travail-1.png\",\"contentUrl\":\"https:\/\/gabonnouvellevision.com\/gnv\/wp-content\/uploads\/2025\/01\/logo-text_Plan-de-travail-1.png\",\"width\":7169,\"height\":2390,\"caption\":\"Gabon Nouvelle Vision\"},\"image\":{\"@id\":\"https:\/\/gabonnouvellevision.com\/gnv\/#\/schema\/logo\/image\/\"},\"sameAs\":[\"https:\/\/www.facebook.com\/GNVofficiel\"]},{\"@type\":\"Person\",\"@id\":\"https:\/\/gabonnouvellevision.com\/gnv\/#\/schema\/person\/4b48e07d222f83c0285affc3704bc899\",\"name\":\"Eyeng Obame\",\"image\":{\"@type\":\"ImageObject\",\"inLanguage\":\"fr-FR\",\"@id\":\"https:\/\/gabonnouvellevision.com\/gnv\/#\/schema\/person\/image\/\",\"url\":\"https:\/\/secure.gravatar.com\/avatar\/167bc03b8baf3c77318a47159f80871de6f5a6cbf4bc8b6af750fbc1a369d7bf?s=96&d=mm&r=g\",\"contentUrl\":\"https:\/\/secure.gravatar.com\/avatar\/167bc03b8baf3c77318a47159f80871de6f5a6cbf4bc8b6af750fbc1a369d7bf?s=96&d=mm&r=g\",\"caption\":\"Eyeng Obame\"},\"url\":\"https:\/\/gabonnouvellevision.com\/gnv\/author\/rufin\/\"}]}<\/script>\n<!-- \/ Yoast SEO plugin. -->","yoast_head_json":{"title":"Le Pr\u00e9sident Oligui Nguema, \u00e9lev\u00e9 Grand-Ma\u00eetre de l'ordre national de la lib\u00e9ration - Gabon Nouvelle Vision","robots":{"index":"index","follow":"follow","max-snippet":"max-snippet:-1","max-image-preview":"max-image-preview:large","max-video-preview":"max-video-preview:-1"},"canonical":"https:\/\/gabonnouvellevision.com\/gnv\/2024\/08\/05\/le-president-oligui-nguema-eleve-grand-maitre-de-lordre-national-de-la-liberation\/","og_locale":"fr_FR","og_type":"article","og_title":"Le Pr\u00e9sident Oligui Nguema, \u00e9lev\u00e9 Grand-Ma\u00eetre de l'ordre national de la lib\u00e9ration - Gabon Nouvelle Vision","og_description":"La traditionnelle c\u00e9r\u00e9monie de lev\u00e9e des couleurs du drapeau national de lundi a rev\u00eatue un caract\u00e8re particulier ce matin au palais du bord de mer de Libreville, avec \u00e0 la cl\u00e9,\u00a0 l\u2019\u00e9l\u00e9vation du Pr\u00e9sident de la Transition, Brice Clotaire Oligui Nguema, au rang de Grand-Maitre de l\u2019Ordre national de la lib\u00e9ration. \u201cMonsieur le Pr\u00e9sident de [&hellip;]","og_url":"https:\/\/gabonnouvellevision.com\/gnv\/2024\/08\/05\/le-president-oligui-nguema-eleve-grand-maitre-de-lordre-national-de-la-liberation\/","og_site_name":"Gabon Nouvelle Vision","article_publisher":"https:\/\/www.facebook.com\/GNVofficiel","article_published_time":"2024-08-05T12:51:29+00:00","og_image":[{"width":729,"height":486,"url":"https:\/\/gabonnouvellevision.com\/gnv\/wp-content\/uploads\/2024\/08\/Brice-Oligui-Nguema-photo-datee-pretera-serment-president-transition-Gabon-4-septembre-suite-dEtat-militaire-ayant-renverse-president-Ali-Bongo_0.webp","type":"image\/webp"}],"author":"Eyeng Obame","twitter_card":"summary_large_image","twitter_misc":{"\u00c9crit par":"Eyeng Obame","Dur\u00e9e de lecture estim\u00e9e":"2 minutes"},"schema":{"@context":"https:\/\/schema.org","@graph":[{"@type":"Article","@id":"https:\/\/gabonnouvellevision.com\/gnv\/2024\/08\/05\/le-president-oligui-nguema-eleve-grand-maitre-de-lordre-national-de-la-liberation\/#article","isPartOf":{"@id":"https:\/\/gabonnouvellevision.com\/gnv\/2024\/08\/05\/le-president-oligui-nguema-eleve-grand-maitre-de-lordre-national-de-la-liberation\/"},"author":{"name":"Eyeng Obame","@id":"https:\/\/gabonnouvellevision.com\/gnv\/#\/schema\/person\/4b48e07d222f83c0285affc3704bc899"},"headline":"Le Pr\u00e9sident Oligui Nguema, \u00e9lev\u00e9 Grand-Ma\u00eetre de l&rsquo;ordre national de la lib\u00e9ration","datePublished":"2024-08-05T12:51:29+00:00","dateModified":"2024-08-05T12:51:29+00:00","mainEntityOfPage":{"@id":"https:\/\/gabonnouvellevision.com\/gnv\/2024\/08\/05\/le-president-oligui-nguema-eleve-grand-maitre-de-lordre-national-de-la-liberation\/"},"wordCount":371,"commentCount":0,"publisher":{"@id":"https:\/\/gabonnouvellevision.com\/gnv\/#organization"},"image":{"@id":"https:\/\/gabonnouvellevision.com\/gnv\/2024\/08\/05\/le-president-oligui-nguema-eleve-grand-maitre-de-lordre-national-de-la-liberation\/#primaryimage"},"thumbnailUrl":"https:\/\/gabonnouvellevision.com\/gnv\/wp-content\/uploads\/2024\/08\/Brice-Oligui-Nguema-photo-datee-pretera-serment-president-transition-Gabon-4-septembre-suite-dEtat-militaire-ayant-renverse-president-Ali-Bongo_0.webp","articleSection":["Religion"],"inLanguage":"fr-FR","potentialAction":[{"@type":"CommentAction","name":"Comment","target":["https:\/\/gabonnouvellevision.com\/gnv\/2024\/08\/05\/le-president-oligui-nguema-eleve-grand-maitre-de-lordre-national-de-la-liberation\/#respond"]}]},{"@type":"WebPage","@id":"https:\/\/gabonnouvellevision.com\/gnv\/2024\/08\/05\/le-president-oligui-nguema-eleve-grand-maitre-de-lordre-national-de-la-liberation\/","url":"https:\/\/gabonnouvellevision.com\/gnv\/2024\/08\/05\/le-president-oligui-nguema-eleve-grand-maitre-de-lordre-national-de-la-liberation\/","name":"Le Pr\u00e9sident Oligui Nguema, \u00e9lev\u00e9 Grand-Ma\u00eetre de l'ordre national de la lib\u00e9ration - Gabon Nouvelle Vision","isPartOf":{"@id":"https:\/\/gabonnouvellevision.com\/gnv\/#website"},"primaryImageOfPage":{"@id":"https:\/\/gabonnouvellevision.com\/gnv\/2024\/08\/05\/le-president-oligui-nguema-eleve-grand-maitre-de-lordre-national-de-la-liberation\/#primaryimage"},"image":{"@id":"https:\/\/gabonnouvellevision.com\/gnv\/2024\/08\/05\/le-president-oligui-nguema-eleve-grand-maitre-de-lordre-national-de-la-liberation\/#primaryimage"},"thumbnailUrl":"https:\/\/gabonnouvellevision.com\/gnv\/wp-content\/uploads\/2024\/08\/Brice-Oligui-Nguema-photo-datee-pretera-serment-president-transition-Gabon-4-septembre-suite-dEtat-militaire-ayant-renverse-president-Ali-Bongo_0.webp","datePublished":"2024-08-05T12:51:29+00:00","dateModified":"2024-08-05T12:51:29+00:00","breadcrumb":{"@id":"https:\/\/gabonnouvellevision.com\/gnv\/2024\/08\/05\/le-president-oligui-nguema-eleve-grand-maitre-de-lordre-national-de-la-liberation\/#breadcrumb"},"inLanguage":"fr-FR","potentialAction":[{"@type":"ReadAction","target":["https:\/\/gabonnouvellevision.com\/gnv\/2024\/08\/05\/le-president-oligui-nguema-eleve-grand-maitre-de-lordre-national-de-la-liberation\/"]}]},{"@type":"ImageObject","inLanguage":"fr-FR","@id":"https:\/\/gabonnouvellevision.com\/gnv\/2024\/08\/05\/le-president-oligui-nguema-eleve-grand-maitre-de-lordre-national-de-la-liberation\/#primaryimage","url":"https:\/\/gabonnouvellevision.com\/gnv\/wp-content\/uploads\/2024\/08\/Brice-Oligui-Nguema-photo-datee-pretera-serment-president-transition-Gabon-4-septembre-suite-dEtat-militaire-ayant-renverse-president-Ali-Bongo_0.webp","contentUrl":"https:\/\/gabonnouvellevision.com\/gnv\/wp-content\/uploads\/2024\/08\/Brice-Oligui-Nguema-photo-datee-pretera-serment-president-transition-Gabon-4-septembre-suite-dEtat-militaire-ayant-renverse-president-Ali-Bongo_0.webp","width":729,"height":486},{"@type":"BreadcrumbList","@id":"https:\/\/gabonnouvellevision.com\/gnv\/2024\/08\/05\/le-president-oligui-nguema-eleve-grand-maitre-de-lordre-national-de-la-liberation\/#breadcrumb","itemListElement":[{"@type":"ListItem","position":1,"name":"Accueil","item":"https:\/\/gabonnouvellevision.com\/gnv\/"},{"@type":"ListItem","position":2,"name":"Le Pr\u00e9sident Oligui Nguema, \u00e9lev\u00e9 Grand-Ma\u00eetre de l&rsquo;ordre national de la lib\u00e9ration"}]},{"@type":"WebSite","@id":"https:\/\/gabonnouvellevision.com\/gnv\/#website","url":"https:\/\/gabonnouvellevision.com\/gnv\/","name":"Gabon Nouvelle Vision","description":"","publisher":{"@id":"https:\/\/gabonnouvellevision.com\/gnv\/#organization"},"potentialAction":[{"@type":"SearchAction","target":{"@type":"EntryPoint","urlTemplate":"https:\/\/gabonnouvellevision.com\/gnv\/?s={search_term_string}"},"query-input":{"@type":"PropertyValueSpecification","valueRequired":true,"valueName":"search_term_string"}}],"inLanguage":"fr-FR"},{"@type":"Organization","@id":"https:\/\/gabonnouvellevision.com\/gnv\/#organization","name":"Gabon Nouvelle Vision","url":"https:\/\/gabonnouvellevision.com\/gnv\/","logo":{"@type":"ImageObject","inLanguage":"fr-FR","@id":"https:\/\/gabonnouvellevision.com\/gnv\/#\/schema\/logo\/image\/","url":"https:\/\/gabonnouvellevision.com\/gnv\/wp-content\/uploads\/2025\/01\/logo-text_Plan-de-travail-1.png","contentUrl":"https:\/\/gabonnouvellevision.com\/gnv\/wp-content\/uploads\/2025\/01\/logo-text_Plan-de-travail-1.png","width":7169,"height":2390,"caption":"Gabon Nouvelle Vision"},"image":{"@id":"https:\/\/gabonnouvellevision.com\/gnv\/#\/schema\/logo\/image\/"},"sameAs":["https:\/\/www.facebook.com\/GNVofficiel"]},{"@type":"Person","@id":"https:\/\/gabonnouvellevision.com\/gnv\/#\/schema\/person\/4b48e07d222f83c0285affc3704bc899","name":"Eyeng Obame","image":{"@type":"ImageObject","inLanguage":"fr-FR","@id":"https:\/\/gabonnouvellevision.com\/gnv\/#\/schema\/person\/image\/","url":"https:\/\/secure.gravatar.com\/avatar\/167bc03b8baf3c77318a47159f80871de6f5a6cbf4bc8b6af750fbc1a369d7bf?s=96&d=mm&r=g","contentUrl":"https:\/\/secure.gravatar.com\/avatar\/167bc03b8baf3c77318a47159f80871de6f5a6cbf4bc8b6af750fbc1a369d7bf?s=96&d=mm&r=g","caption":"Eyeng Obame"},"url":"https:\/\/gabonnouvellevision.com\/gnv\/author\/rufin\/"}]}},"_links":{"self":[{"href":"https:\/\/gabonnouvellevision.com\/gnv\/wp-json\/wp\/v2\/posts\/3151","targetHints":{"allow":["GET"]}}],"collection":[{"href":"https:\/\/gabonnouvellevision.com\/gnv\/wp-json\/wp\/v2\/posts"}],"about":[{"href":"https:\/\/gabonnouvellevision.com\/gnv\/wp-json\/wp\/v2\/types\/post"}],"author":[{"embeddable":true,"href":"https:\/\/gabonnouvellevision.com\/gnv\/wp-json\/wp\/v2\/users\/7"}],"replies":[{"embeddable":true,"href":"https:\/\/gabonnouvellevision.com\/gnv\/wp-json\/wp\/v2\/comments?post=3151"}],"version-history":[{"count":0,"href":"https:\/\/gabonnouvellevision.com\/gnv\/wp-json\/wp\/v2\/posts\/3151\/revisions"}],"wp:featuredmedia":[{"embeddable":true,"href":"https:\/\/gabonnouvellevision.com\/gnv\/wp-json\/wp\/v2\/media\/3152"}],"wp:attachment":[{"href":"https:\/\/gabonnouvellevision.com\/gnv\/wp-json\/wp\/v2\/media?parent=3151"}],"wp:term":[{"taxonomy":"category","embeddable":true,"href":"https:\/\/gabonnouvellevision.com\/gnv\/wp-json\/wp\/v2\/categories?post=3151"},{"taxonomy":"post_tag","embeddable":true,"href":"https:\/\/gabonnouvellevision.com\/gnv\/wp-json\/wp\/v2\/tags?post=3151"}],"curies":[{"name":"wp","href":"https:\/\/api.w.org\/{rel}","templated":true}]}}