{"id":3143,"date":"2024-08-03T08:07:55","date_gmt":"2024-08-03T07:07:55","guid":{"rendered":"https:\/\/gabonnouvellevision.com\/gnv\/?p=3143"},"modified":"2024-08-03T08:07:55","modified_gmt":"2024-08-03T07:07:55","slug":"commune-de-libreville-journee-citoyenne-ce-samedi","status":"publish","type":"post","link":"https:\/\/gabonnouvellevision.com\/gnv\/2024\/08\/03\/commune-de-libreville-journee-citoyenne-ce-samedi\/","title":{"rendered":"Commune de Libreville: journ\u00e9e citoyenne ce samedi"},"content":{"rendered":"<p><strong><em>Le g\u00e9n\u00e9ral Judes Ibrahim Rapotchombo, D\u00e9l\u00e9gu\u00e9 Sp\u00e9cial de la commune de Libreville<\/em><\/strong><\/p>\n<p><strong><em>C&rsquo;est la demande faite aux r\u00e9sidents de la commune de Libreville par le d\u00e9l\u00e9gu\u00e9 sp\u00e9cial de la ville<\/em><\/strong><strong>.\u00a0<\/strong><\/p>\n<p>Le g\u00e9n\u00e9ral Judes IBrahim Rapotchombo, \u00e0 travers un communiqu\u00e9 sign\u00e9 le 30 juillet dernier, a invit\u00e9 les populations de la capitale gabonaise \u00e0 une journ\u00e9e citoyenne ce 3 ao\u00fbt marquant le premier samedi de ce mois.<\/p>\n<p>Cette journ\u00e9e, selon, le communiqu\u00e9 de l&rsquo;\u00e9dile de Libreville, sera consacr\u00e9e au \u00ab\u00a0nettoyage, au curage des caniveaux, ainsi qu&rsquo;au ravalement des fa\u00e7ades en vue d&rsquo;arborer les plus beaux atours de la ville de Libreville et de maintenir notre cadre de vie dans un \u00e9tat de propret\u00e9 permanent\u00a0\u00bb,<\/p>\n<p>\u00c0 quelques jours de la c\u00e9l\u00e9bration du 64 \u00e8me anniversaire de l&rsquo;ind\u00e9pendance du pays et de la tourn\u00e9e r\u00e9publicaine du pr\u00e9sident de la transition, le g\u00e9n\u00e9ral Brice Clotaire Oligui Nguema, dans la province de l&rsquo;Estuaire, le premier magistrat de la ville souhaite que la capitale gabonaise abrite ces deux \u00e9v\u00e9nements dans la propret\u00e9.<\/p>\n<p><strong>\u00a0 \u00a0 \u00a0 \u00a0 \u00a0 \u00a0 \u00a0 \u00a0 \u00a0Jean Yves Ntoutoume Nguema<\/strong><\/p>\n<p><strong>\u00a0<\/strong><\/p>\n<p>&nbsp;<\/p>\n<p>&nbsp;<\/p>\n<p>&nbsp;<\/p>\n<p><strong>\u00a0<\/strong><\/p>\n","protected":false},"excerpt":{"rendered":"<p>Le g\u00e9n\u00e9ral Judes Ibrahim Rapotchombo, D\u00e9l\u00e9gu\u00e9 Sp\u00e9cial de la commune de Libreville C&rsquo;est la demande faite aux r\u00e9sidents de la commune de Libreville par le d\u00e9l\u00e9gu\u00e9 sp\u00e9cial de la ville.\u00a0 Le g\u00e9n\u00e9ral Judes IBrahim Rapotchombo, \u00e0 travers un communiqu\u00e9 sign\u00e9 le 30 juillet dernier, a invit\u00e9 les populations de la capitale gabonaise \u00e0 une journ\u00e9e [&hellip;]<\/p>\n","protected":false},"author":7,"featured_media":3144,"comment_status":"open","ping_status":"open","sticky":false,"template":"","format":"standard","meta":{"footnotes":""},"categories":[56],"tags":[],"class_list":["post-3143","post","type-post","status-publish","format-standard","has-post-thumbnail","hentry","category-societe"],"yoast_head":"<!-- This site is optimized with the Yoast SEO plugin v24.2 - https:\/\/yoast.com\/wordpress\/plugins\/seo\/ -->\n<title>Commune de Libreville: journ\u00e9e citoyenne ce samedi - Gabon Nouvelle Vision<\/title>\n<meta name=\"robots\" content=\"index, follow, max-snippet:-1, max-image-preview:large, max-video-preview:-1\" \/>\n<link rel=\"canonical\" href=\"https:\/\/gabonnouvellevision.com\/gnv\/2024\/08\/03\/commune-de-libreville-journee-citoyenne-ce-samedi\/\" \/>\n<meta property=\"og:locale\" content=\"fr_FR\" \/>\n<meta property=\"og:type\" content=\"article\" \/>\n<meta property=\"og:title\" content=\"Commune de Libreville: journ\u00e9e citoyenne ce samedi - Gabon Nouvelle Vision\" \/>\n<meta property=\"og:description\" content=\"Le g\u00e9n\u00e9ral Judes Ibrahim Rapotchombo, D\u00e9l\u00e9gu\u00e9 Sp\u00e9cial de la commune de Libreville C&rsquo;est la demande faite aux r\u00e9sidents de la commune de Libreville par le d\u00e9l\u00e9gu\u00e9 sp\u00e9cial de la ville.\u00a0 Le g\u00e9n\u00e9ral Judes IBrahim Rapotchombo, \u00e0 travers un communiqu\u00e9 sign\u00e9 le 30 juillet dernier, a invit\u00e9 les populations de la capitale gabonaise \u00e0 une journ\u00e9e [&hellip;]\" \/>\n<meta property=\"og:url\" content=\"https:\/\/gabonnouvellevision.com\/gnv\/2024\/08\/03\/commune-de-libreville-journee-citoyenne-ce-samedi\/\" \/>\n<meta property=\"og:site_name\" content=\"Gabon Nouvelle Vision\" \/>\n<meta property=\"article:publisher\" content=\"https:\/\/www.facebook.com\/GNVofficiel\" \/>\n<meta property=\"article:published_time\" content=\"2024-08-03T07:07:55+00:00\" \/>\n<meta property=\"og:image\" content=\"https:\/\/gabonnouvellevision.com\/gnv\/wp-content\/uploads\/2024\/08\/64f9786a03d3f215184641.jpg\" \/>\n\t<meta property=\"og:image:width\" content=\"1018\" \/>\n\t<meta property=\"og:image:height\" content=\"1552\" \/>\n\t<meta property=\"og:image:type\" content=\"image\/jpeg\" \/>\n<meta name=\"author\" content=\"Eyeng Obame\" \/>\n<meta name=\"twitter:card\" content=\"summary_large_image\" \/>\n<meta name=\"twitter:label1\" content=\"\u00c9crit par\" \/>\n\t<meta name=\"twitter:data1\" content=\"Eyeng Obame\" \/>\n\t<meta name=\"twitter:label2\" content=\"Dur\u00e9e de lecture estim\u00e9e\" \/>\n\t<meta name=\"twitter:data2\" content=\"1 minute\" \/>\n<script type=\"application\/ld+json\" class=\"yoast-schema-graph\">{\"@context\":\"https:\/\/schema.org\",\"@graph\":[{\"@type\":\"Article\",\"@id\":\"https:\/\/gabonnouvellevision.com\/gnv\/2024\/08\/03\/commune-de-libreville-journee-citoyenne-ce-samedi\/#article\",\"isPartOf\":{\"@id\":\"https:\/\/gabonnouvellevision.com\/gnv\/2024\/08\/03\/commune-de-libreville-journee-citoyenne-ce-samedi\/\"},\"author\":{\"name\":\"Eyeng Obame\",\"@id\":\"https:\/\/gabonnouvellevision.com\/gnv\/#\/schema\/person\/4b48e07d222f83c0285affc3704bc899\"},\"headline\":\"Commune de Libreville: journ\u00e9e citoyenne ce samedi\",\"datePublished\":\"2024-08-03T07:07:55+00:00\",\"dateModified\":\"2024-08-03T07:07:55+00:00\",\"mainEntityOfPage\":{\"@id\":\"https:\/\/gabonnouvellevision.com\/gnv\/2024\/08\/03\/commune-de-libreville-journee-citoyenne-ce-samedi\/\"},\"wordCount\":201,\"commentCount\":0,\"publisher\":{\"@id\":\"https:\/\/gabonnouvellevision.com\/gnv\/#organization\"},\"image\":{\"@id\":\"https:\/\/gabonnouvellevision.com\/gnv\/2024\/08\/03\/commune-de-libreville-journee-citoyenne-ce-samedi\/#primaryimage\"},\"thumbnailUrl\":\"https:\/\/gabonnouvellevision.com\/gnv\/wp-content\/uploads\/2024\/08\/64f9786a03d3f215184641.jpg\",\"articleSection\":[\"Societe\"],\"inLanguage\":\"fr-FR\",\"potentialAction\":[{\"@type\":\"CommentAction\",\"name\":\"Comment\",\"target\":[\"https:\/\/gabonnouvellevision.com\/gnv\/2024\/08\/03\/commune-de-libreville-journee-citoyenne-ce-samedi\/#respond\"]}]},{\"@type\":\"WebPage\",\"@id\":\"https:\/\/gabonnouvellevision.com\/gnv\/2024\/08\/03\/commune-de-libreville-journee-citoyenne-ce-samedi\/\",\"url\":\"https:\/\/gabonnouvellevision.com\/gnv\/2024\/08\/03\/commune-de-libreville-journee-citoyenne-ce-samedi\/\",\"name\":\"Commune de Libreville: journ\u00e9e citoyenne ce samedi - Gabon Nouvelle Vision\",\"isPartOf\":{\"@id\":\"https:\/\/gabonnouvellevision.com\/gnv\/#website\"},\"primaryImageOfPage\":{\"@id\":\"https:\/\/gabonnouvellevision.com\/gnv\/2024\/08\/03\/commune-de-libreville-journee-citoyenne-ce-samedi\/#primaryimage\"},\"image\":{\"@id\":\"https:\/\/gabonnouvellevision.com\/gnv\/2024\/08\/03\/commune-de-libreville-journee-citoyenne-ce-samedi\/#primaryimage\"},\"thumbnailUrl\":\"https:\/\/gabonnouvellevision.com\/gnv\/wp-content\/uploads\/2024\/08\/64f9786a03d3f215184641.jpg\",\"datePublished\":\"2024-08-03T07:07:55+00:00\",\"dateModified\":\"2024-08-03T07:07:55+00:00\",\"breadcrumb\":{\"@id\":\"https:\/\/gabonnouvellevision.com\/gnv\/2024\/08\/03\/commune-de-libreville-journee-citoyenne-ce-samedi\/#breadcrumb\"},\"inLanguage\":\"fr-FR\",\"potentialAction\":[{\"@type\":\"ReadAction\",\"target\":[\"https:\/\/gabonnouvellevision.com\/gnv\/2024\/08\/03\/commune-de-libreville-journee-citoyenne-ce-samedi\/\"]}]},{\"@type\":\"ImageObject\",\"inLanguage\":\"fr-FR\",\"@id\":\"https:\/\/gabonnouvellevision.com\/gnv\/2024\/08\/03\/commune-de-libreville-journee-citoyenne-ce-samedi\/#primaryimage\",\"url\":\"https:\/\/gabonnouvellevision.com\/gnv\/wp-content\/uploads\/2024\/08\/64f9786a03d3f215184641.jpg\",\"contentUrl\":\"https:\/\/gabonnouvellevision.com\/gnv\/wp-content\/uploads\/2024\/08\/64f9786a03d3f215184641.jpg\",\"width\":1018,\"height\":1552},{\"@type\":\"BreadcrumbList\",\"@id\":\"https:\/\/gabonnouvellevision.com\/gnv\/2024\/08\/03\/commune-de-libreville-journee-citoyenne-ce-samedi\/#breadcrumb\",\"itemListElement\":[{\"@type\":\"ListItem\",\"position\":1,\"name\":\"Accueil\",\"item\":\"https:\/\/gabonnouvellevision.com\/gnv\/\"},{\"@type\":\"ListItem\",\"position\":2,\"name\":\"Commune de Libreville: journ\u00e9e citoyenne ce samedi\"}]},{\"@type\":\"WebSite\",\"@id\":\"https:\/\/gabonnouvellevision.com\/gnv\/#website\",\"url\":\"https:\/\/gabonnouvellevision.com\/gnv\/\",\"name\":\"Gabon Nouvelle Vision\",\"description\":\"\",\"publisher\":{\"@id\":\"https:\/\/gabonnouvellevision.com\/gnv\/#organization\"},\"potentialAction\":[{\"@type\":\"SearchAction\",\"target\":{\"@type\":\"EntryPoint\",\"urlTemplate\":\"https:\/\/gabonnouvellevision.com\/gnv\/?s={search_term_string}\"},\"query-input\":{\"@type\":\"PropertyValueSpecification\",\"valueRequired\":true,\"valueName\":\"search_term_string\"}}],\"inLanguage\":\"fr-FR\"},{\"@type\":\"Organization\",\"@id\":\"https:\/\/gabonnouvellevision.com\/gnv\/#organization\",\"name\":\"Gabon Nouvelle Vision\",\"url\":\"https:\/\/gabonnouvellevision.com\/gnv\/\",\"logo\":{\"@type\":\"ImageObject\",\"inLanguage\":\"fr-FR\",\"@id\":\"https:\/\/gabonnouvellevision.com\/gnv\/#\/schema\/logo\/image\/\",\"url\":\"https:\/\/gabonnouvellevision.com\/gnv\/wp-content\/uploads\/2025\/01\/logo-text_Plan-de-travail-1.png\",\"contentUrl\":\"https:\/\/gabonnouvellevision.com\/gnv\/wp-content\/uploads\/2025\/01\/logo-text_Plan-de-travail-1.png\",\"width\":7169,\"height\":2390,\"caption\":\"Gabon Nouvelle Vision\"},\"image\":{\"@id\":\"https:\/\/gabonnouvellevision.com\/gnv\/#\/schema\/logo\/image\/\"},\"sameAs\":[\"https:\/\/www.facebook.com\/GNVofficiel\"]},{\"@type\":\"Person\",\"@id\":\"https:\/\/gabonnouvellevision.com\/gnv\/#\/schema\/person\/4b48e07d222f83c0285affc3704bc899\",\"name\":\"Eyeng Obame\",\"image\":{\"@type\":\"ImageObject\",\"inLanguage\":\"fr-FR\",\"@id\":\"https:\/\/gabonnouvellevision.com\/gnv\/#\/schema\/person\/image\/\",\"url\":\"https:\/\/secure.gravatar.com\/avatar\/167bc03b8baf3c77318a47159f80871de6f5a6cbf4bc8b6af750fbc1a369d7bf?s=96&d=mm&r=g\",\"contentUrl\":\"https:\/\/secure.gravatar.com\/avatar\/167bc03b8baf3c77318a47159f80871de6f5a6cbf4bc8b6af750fbc1a369d7bf?s=96&d=mm&r=g\",\"caption\":\"Eyeng Obame\"},\"url\":\"https:\/\/gabonnouvellevision.com\/gnv\/author\/rufin\/\"}]}<\/script>\n<!-- \/ Yoast SEO plugin. -->","yoast_head_json":{"title":"Commune de Libreville: journ\u00e9e citoyenne ce samedi - Gabon Nouvelle Vision","robots":{"index":"index","follow":"follow","max-snippet":"max-snippet:-1","max-image-preview":"max-image-preview:large","max-video-preview":"max-video-preview:-1"},"canonical":"https:\/\/gabonnouvellevision.com\/gnv\/2024\/08\/03\/commune-de-libreville-journee-citoyenne-ce-samedi\/","og_locale":"fr_FR","og_type":"article","og_title":"Commune de Libreville: journ\u00e9e citoyenne ce samedi - Gabon Nouvelle Vision","og_description":"Le g\u00e9n\u00e9ral Judes Ibrahim Rapotchombo, D\u00e9l\u00e9gu\u00e9 Sp\u00e9cial de la commune de Libreville C&rsquo;est la demande faite aux r\u00e9sidents de la commune de Libreville par le d\u00e9l\u00e9gu\u00e9 sp\u00e9cial de la ville.\u00a0 Le g\u00e9n\u00e9ral Judes IBrahim Rapotchombo, \u00e0 travers un communiqu\u00e9 sign\u00e9 le 30 juillet dernier, a invit\u00e9 les populations de la capitale gabonaise \u00e0 une journ\u00e9e [&hellip;]","og_url":"https:\/\/gabonnouvellevision.com\/gnv\/2024\/08\/03\/commune-de-libreville-journee-citoyenne-ce-samedi\/","og_site_name":"Gabon Nouvelle Vision","article_publisher":"https:\/\/www.facebook.com\/GNVofficiel","article_published_time":"2024-08-03T07:07:55+00:00","og_image":[{"width":1018,"height":1552,"url":"https:\/\/gabonnouvellevision.com\/gnv\/wp-content\/uploads\/2024\/08\/64f9786a03d3f215184641.jpg","type":"image\/jpeg"}],"author":"Eyeng Obame","twitter_card":"summary_large_image","twitter_misc":{"\u00c9crit par":"Eyeng Obame","Dur\u00e9e de lecture estim\u00e9e":"1 minute"},"schema":{"@context":"https:\/\/schema.org","@graph":[{"@type":"Article","@id":"https:\/\/gabonnouvellevision.com\/gnv\/2024\/08\/03\/commune-de-libreville-journee-citoyenne-ce-samedi\/#article","isPartOf":{"@id":"https:\/\/gabonnouvellevision.com\/gnv\/2024\/08\/03\/commune-de-libreville-journee-citoyenne-ce-samedi\/"},"author":{"name":"Eyeng Obame","@id":"https:\/\/gabonnouvellevision.com\/gnv\/#\/schema\/person\/4b48e07d222f83c0285affc3704bc899"},"headline":"Commune de Libreville: journ\u00e9e citoyenne ce samedi","datePublished":"2024-08-03T07:07:55+00:00","dateModified":"2024-08-03T07:07:55+00:00","mainEntityOfPage":{"@id":"https:\/\/gabonnouvellevision.com\/gnv\/2024\/08\/03\/commune-de-libreville-journee-citoyenne-ce-samedi\/"},"wordCount":201,"commentCount":0,"publisher":{"@id":"https:\/\/gabonnouvellevision.com\/gnv\/#organization"},"image":{"@id":"https:\/\/gabonnouvellevision.com\/gnv\/2024\/08\/03\/commune-de-libreville-journee-citoyenne-ce-samedi\/#primaryimage"},"thumbnailUrl":"https:\/\/gabonnouvellevision.com\/gnv\/wp-content\/uploads\/2024\/08\/64f9786a03d3f215184641.jpg","articleSection":["Societe"],"inLanguage":"fr-FR","potentialAction":[{"@type":"CommentAction","name":"Comment","target":["https:\/\/gabonnouvellevision.com\/gnv\/2024\/08\/03\/commune-de-libreville-journee-citoyenne-ce-samedi\/#respond"]}]},{"@type":"WebPage","@id":"https:\/\/gabonnouvellevision.com\/gnv\/2024\/08\/03\/commune-de-libreville-journee-citoyenne-ce-samedi\/","url":"https:\/\/gabonnouvellevision.com\/gnv\/2024\/08\/03\/commune-de-libreville-journee-citoyenne-ce-samedi\/","name":"Commune de Libreville: journ\u00e9e citoyenne ce samedi - Gabon Nouvelle Vision","isPartOf":{"@id":"https:\/\/gabonnouvellevision.com\/gnv\/#website"},"primaryImageOfPage":{"@id":"https:\/\/gabonnouvellevision.com\/gnv\/2024\/08\/03\/commune-de-libreville-journee-citoyenne-ce-samedi\/#primaryimage"},"image":{"@id":"https:\/\/gabonnouvellevision.com\/gnv\/2024\/08\/03\/commune-de-libreville-journee-citoyenne-ce-samedi\/#primaryimage"},"thumbnailUrl":"https:\/\/gabonnouvellevision.com\/gnv\/wp-content\/uploads\/2024\/08\/64f9786a03d3f215184641.jpg","datePublished":"2024-08-03T07:07:55+00:00","dateModified":"2024-08-03T07:07:55+00:00","breadcrumb":{"@id":"https:\/\/gabonnouvellevision.com\/gnv\/2024\/08\/03\/commune-de-libreville-journee-citoyenne-ce-samedi\/#breadcrumb"},"inLanguage":"fr-FR","potentialAction":[{"@type":"ReadAction","target":["https:\/\/gabonnouvellevision.com\/gnv\/2024\/08\/03\/commune-de-libreville-journee-citoyenne-ce-samedi\/"]}]},{"@type":"ImageObject","inLanguage":"fr-FR","@id":"https:\/\/gabonnouvellevision.com\/gnv\/2024\/08\/03\/commune-de-libreville-journee-citoyenne-ce-samedi\/#primaryimage","url":"https:\/\/gabonnouvellevision.com\/gnv\/wp-content\/uploads\/2024\/08\/64f9786a03d3f215184641.jpg","contentUrl":"https:\/\/gabonnouvellevision.com\/gnv\/wp-content\/uploads\/2024\/08\/64f9786a03d3f215184641.jpg","width":1018,"height":1552},{"@type":"BreadcrumbList","@id":"https:\/\/gabonnouvellevision.com\/gnv\/2024\/08\/03\/commune-de-libreville-journee-citoyenne-ce-samedi\/#breadcrumb","itemListElement":[{"@type":"ListItem","position":1,"name":"Accueil","item":"https:\/\/gabonnouvellevision.com\/gnv\/"},{"@type":"ListItem","position":2,"name":"Commune de Libreville: journ\u00e9e citoyenne ce samedi"}]},{"@type":"WebSite","@id":"https:\/\/gabonnouvellevision.com\/gnv\/#website","url":"https:\/\/gabonnouvellevision.com\/gnv\/","name":"Gabon Nouvelle Vision","description":"","publisher":{"@id":"https:\/\/gabonnouvellevision.com\/gnv\/#organization"},"potentialAction":[{"@type":"SearchAction","target":{"@type":"EntryPoint","urlTemplate":"https:\/\/gabonnouvellevision.com\/gnv\/?s={search_term_string}"},"query-input":{"@type":"PropertyValueSpecification","valueRequired":true,"valueName":"search_term_string"}}],"inLanguage":"fr-FR"},{"@type":"Organization","@id":"https:\/\/gabonnouvellevision.com\/gnv\/#organization","name":"Gabon Nouvelle Vision","url":"https:\/\/gabonnouvellevision.com\/gnv\/","logo":{"@type":"ImageObject","inLanguage":"fr-FR","@id":"https:\/\/gabonnouvellevision.com\/gnv\/#\/schema\/logo\/image\/","url":"https:\/\/gabonnouvellevision.com\/gnv\/wp-content\/uploads\/2025\/01\/logo-text_Plan-de-travail-1.png","contentUrl":"https:\/\/gabonnouvellevision.com\/gnv\/wp-content\/uploads\/2025\/01\/logo-text_Plan-de-travail-1.png","width":7169,"height":2390,"caption":"Gabon Nouvelle Vision"},"image":{"@id":"https:\/\/gabonnouvellevision.com\/gnv\/#\/schema\/logo\/image\/"},"sameAs":["https:\/\/www.facebook.com\/GNVofficiel"]},{"@type":"Person","@id":"https:\/\/gabonnouvellevision.com\/gnv\/#\/schema\/person\/4b48e07d222f83c0285affc3704bc899","name":"Eyeng Obame","image":{"@type":"ImageObject","inLanguage":"fr-FR","@id":"https:\/\/gabonnouvellevision.com\/gnv\/#\/schema\/person\/image\/","url":"https:\/\/secure.gravatar.com\/avatar\/167bc03b8baf3c77318a47159f80871de6f5a6cbf4bc8b6af750fbc1a369d7bf?s=96&d=mm&r=g","contentUrl":"https:\/\/secure.gravatar.com\/avatar\/167bc03b8baf3c77318a47159f80871de6f5a6cbf4bc8b6af750fbc1a369d7bf?s=96&d=mm&r=g","caption":"Eyeng Obame"},"url":"https:\/\/gabonnouvellevision.com\/gnv\/author\/rufin\/"}]}},"_links":{"self":[{"href":"https:\/\/gabonnouvellevision.com\/gnv\/wp-json\/wp\/v2\/posts\/3143","targetHints":{"allow":["GET"]}}],"collection":[{"href":"https:\/\/gabonnouvellevision.com\/gnv\/wp-json\/wp\/v2\/posts"}],"about":[{"href":"https:\/\/gabonnouvellevision.com\/gnv\/wp-json\/wp\/v2\/types\/post"}],"author":[{"embeddable":true,"href":"https:\/\/gabonnouvellevision.com\/gnv\/wp-json\/wp\/v2\/users\/7"}],"replies":[{"embeddable":true,"href":"https:\/\/gabonnouvellevision.com\/gnv\/wp-json\/wp\/v2\/comments?post=3143"}],"version-history":[{"count":0,"href":"https:\/\/gabonnouvellevision.com\/gnv\/wp-json\/wp\/v2\/posts\/3143\/revisions"}],"wp:featuredmedia":[{"embeddable":true,"href":"https:\/\/gabonnouvellevision.com\/gnv\/wp-json\/wp\/v2\/media\/3144"}],"wp:attachment":[{"href":"https:\/\/gabonnouvellevision.com\/gnv\/wp-json\/wp\/v2\/media?parent=3143"}],"wp:term":[{"taxonomy":"category","embeddable":true,"href":"https:\/\/gabonnouvellevision.com\/gnv\/wp-json\/wp\/v2\/categories?post=3143"},{"taxonomy":"post_tag","embeddable":true,"href":"https:\/\/gabonnouvellevision.com\/gnv\/wp-json\/wp\/v2\/tags?post=3143"}],"curies":[{"name":"wp","href":"https:\/\/api.w.org\/{rel}","templated":true}]}}