{"id":3131,"date":"2024-08-02T09:08:15","date_gmt":"2024-08-02T08:08:15","guid":{"rendered":"https:\/\/gabonnouvellevision.com\/gnv\/?p=3131"},"modified":"2024-08-02T09:08:15","modified_gmt":"2024-08-02T08:08:15","slug":"gabon-sacre-mois-daout","status":"publish","type":"post","link":"https:\/\/gabonnouvellevision.com\/gnv\/2024\/08\/02\/gabon-sacre-mois-daout\/","title":{"rendered":"Gabon: sacr\u00e9 mois d&rsquo;Ao\u00fbt!"},"content":{"rendered":"<p><strong>Les membres du CTRI lors de leur d\u00e9claration de prise du pouvoir le 30 ao\u00fbt 2023 \u00e0 4h30 \u00e0 Libreville.<\/strong><\/p>\n<p><em>Ce mois o\u00f9 tout a bascul\u00e9 un certain 30 ao\u00fbt 2023 est aussi pour le Gabon, celui o\u00f9 le pays a obtenu la souverainet\u00e9 nationale<\/em>.<\/p>\n<p>C&rsquo;est ce 30 ao\u00fbt 2024 que la patrie va c\u00e9l\u00e9brer l&rsquo;an 1 du Comit\u00e9 pour la transition et la restauration des institutions (CTRI) qui a mis fin, au long r\u00e8gne du parti d\u00e9mocratique gabonais. En effet, c&rsquo;est au petit matin du 30 ao\u00fbt dernier, qu&rsquo;a apparu \u00e0 la t\u00e9l\u00e9vision gabonaise, un groupe de militaires annon\u00e7ant la fin du r\u00e9gime cinquantenaire. Les hommes en treillis ont justifi\u00e9 leur geste jug\u00e9 patriotique par l&rsquo;ensemble des populations gabonaises, par des r\u00e9sultats tronqu\u00e9s des \u00e9lections g\u00e9n\u00e9rales du 26 ao\u00fbt 2023 qui ont vu Ali Bongo \u00eatre d\u00e9clar\u00e9 vainqueur de la pr\u00e9sidentielle par l&rsquo;Instance habilit\u00e9e.<br \/>\nD\u00e8s cet instant, le pays s&rsquo;est mis dans un vaste chantier de restauration des institutions avec la tenue en avril 2024, du dialogue national inclusif qui a vu la participation de toutes les forces vives de la nation. Au del\u00e0 de la restauration des institutions, le CTRI a \u00e9galement impuls\u00e9 une cadence de travaux qui s&rsquo;inscrivent dans une dynamique de d\u00e9veloppement des infrastructures\u00a0 du pays. Non sans mettre un accent particulier sur l&rsquo;\u00e9conomie du pays avec l&rsquo;acquisition fulgurante, par l&rsquo;\u00c9tat gabonais, de l&rsquo;entreprise p\u00e9troli\u00e8re Assala, deuxi\u00e8me producteur national de p\u00e9trole. La soci\u00e9t\u00e9 est aujourd&rsquo;hui dans l&rsquo;escarcelle Gabon. Autre symbole de la nationalisation de l&rsquo;\u00e9conomie:\u00a0 la cr\u00e9ation, en quelques mois, d&rsquo;une compagnie a\u00e9rienne nationale : Fly Gabon, d\u00e9j\u00e0 en service depuis quelques jours.<br \/>\nDes signaux forts d&rsquo;un nouveau Gabon dont le chronogramme de la transition est respect\u00e9 et qui va aboutir par la tenue d&rsquo;\u00e9lections g\u00e9n\u00e9rales, en passant d&rsquo;abord par un r\u00e9f\u00e9rendum qui va se tenir avant la fin de cette ann\u00e9e.<br \/>\nAssur\u00e9ment, le mois d&rsquo;ao\u00fbt restera tr\u00e8s marqu\u00e9 dans l&rsquo;histoire politique du pays. C&rsquo;est le m\u00eame mois o\u00f9 Andr\u00e9 Malraux, ministre de la culture du g\u00e9n\u00e9ral De Gaulle, est venu proclamer officiellement\u00a0 l&rsquo;ind\u00e9pendance du Gabon. Cons\u00e9quence: deux manifestations seront d\u00e9sormais organis\u00e9es en ao\u00fbt, pour distinguer deux hauts faits: l&rsquo;ind\u00e9pendance du pays et le renversement d&rsquo;un long r\u00e9gime qui n&rsquo;\u00e9tait pas pr\u00eat \u00e0 passer le relais.<\/p>\n<p><strong>Saint Yves Biyang<\/strong><\/p>\n","protected":false},"excerpt":{"rendered":"<p>Les membres du CTRI lors de leur d\u00e9claration de prise du pouvoir le 30 ao\u00fbt 2023 \u00e0 4h30 \u00e0 Libreville. Ce mois o\u00f9 tout a bascul\u00e9 un certain 30 ao\u00fbt 2023 est aussi pour le Gabon, celui o\u00f9 le pays a obtenu la souverainet\u00e9 nationale. C&rsquo;est ce 30 ao\u00fbt 2024 que la patrie va c\u00e9l\u00e9brer [&hellip;]<\/p>\n","protected":false},"author":7,"featured_media":3132,"comment_status":"open","ping_status":"open","sticky":false,"template":"","format":"standard","meta":{"footnotes":""},"categories":[59],"tags":[],"class_list":["post-3131","post","type-post","status-publish","format-standard","has-post-thumbnail","hentry","category-politique"],"yoast_head":"<!-- This site is optimized with the Yoast SEO plugin v24.2 - https:\/\/yoast.com\/wordpress\/plugins\/seo\/ -->\n<title>Gabon: sacr\u00e9 mois d&#039;Ao\u00fbt! - Gabon Nouvelle Vision<\/title>\n<meta name=\"robots\" content=\"index, follow, max-snippet:-1, max-image-preview:large, max-video-preview:-1\" \/>\n<link rel=\"canonical\" href=\"https:\/\/gabonnouvellevision.com\/gnv\/2024\/08\/02\/gabon-sacre-mois-daout\/\" \/>\n<meta property=\"og:locale\" content=\"fr_FR\" \/>\n<meta property=\"og:type\" content=\"article\" \/>\n<meta property=\"og:title\" content=\"Gabon: sacr\u00e9 mois d&#039;Ao\u00fbt! - Gabon Nouvelle Vision\" \/>\n<meta property=\"og:description\" content=\"Les membres du CTRI lors de leur d\u00e9claration de prise du pouvoir le 30 ao\u00fbt 2023 \u00e0 4h30 \u00e0 Libreville. Ce mois o\u00f9 tout a bascul\u00e9 un certain 30 ao\u00fbt 2023 est aussi pour le Gabon, celui o\u00f9 le pays a obtenu la souverainet\u00e9 nationale. C&rsquo;est ce 30 ao\u00fbt 2024 que la patrie va c\u00e9l\u00e9brer [&hellip;]\" \/>\n<meta property=\"og:url\" content=\"https:\/\/gabonnouvellevision.com\/gnv\/2024\/08\/02\/gabon-sacre-mois-daout\/\" \/>\n<meta property=\"og:site_name\" content=\"Gabon Nouvelle Vision\" \/>\n<meta property=\"article:publisher\" content=\"https:\/\/www.facebook.com\/GNVofficiel\" \/>\n<meta property=\"article:published_time\" content=\"2024-08-02T08:08:15+00:00\" \/>\n<meta property=\"og:image\" content=\"https:\/\/gabonnouvellevision.com\/gnv\/wp-content\/uploads\/2024\/08\/896051b39571e8671d331578d8424057_L.jpg\" \/>\n\t<meta property=\"og:image:width\" content=\"600\" \/>\n\t<meta property=\"og:image:height\" content=\"400\" \/>\n\t<meta property=\"og:image:type\" content=\"image\/jpeg\" \/>\n<meta name=\"author\" content=\"Eyeng Obame\" \/>\n<meta name=\"twitter:card\" content=\"summary_large_image\" \/>\n<meta name=\"twitter:label1\" content=\"\u00c9crit par\" \/>\n\t<meta name=\"twitter:data1\" content=\"Eyeng Obame\" \/>\n\t<meta name=\"twitter:label2\" content=\"Dur\u00e9e de lecture estim\u00e9e\" \/>\n\t<meta name=\"twitter:data2\" content=\"2 minutes\" \/>\n<script type=\"application\/ld+json\" class=\"yoast-schema-graph\">{\"@context\":\"https:\/\/schema.org\",\"@graph\":[{\"@type\":\"Article\",\"@id\":\"https:\/\/gabonnouvellevision.com\/gnv\/2024\/08\/02\/gabon-sacre-mois-daout\/#article\",\"isPartOf\":{\"@id\":\"https:\/\/gabonnouvellevision.com\/gnv\/2024\/08\/02\/gabon-sacre-mois-daout\/\"},\"author\":{\"name\":\"Eyeng Obame\",\"@id\":\"https:\/\/gabonnouvellevision.com\/gnv\/#\/schema\/person\/4b48e07d222f83c0285affc3704bc899\"},\"headline\":\"Gabon: sacr\u00e9 mois d&rsquo;Ao\u00fbt!\",\"datePublished\":\"2024-08-02T08:08:15+00:00\",\"dateModified\":\"2024-08-02T08:08:15+00:00\",\"mainEntityOfPage\":{\"@id\":\"https:\/\/gabonnouvellevision.com\/gnv\/2024\/08\/02\/gabon-sacre-mois-daout\/\"},\"wordCount\":417,\"commentCount\":0,\"publisher\":{\"@id\":\"https:\/\/gabonnouvellevision.com\/gnv\/#organization\"},\"image\":{\"@id\":\"https:\/\/gabonnouvellevision.com\/gnv\/2024\/08\/02\/gabon-sacre-mois-daout\/#primaryimage\"},\"thumbnailUrl\":\"https:\/\/gabonnouvellevision.com\/gnv\/wp-content\/uploads\/2024\/08\/896051b39571e8671d331578d8424057_L.jpg\",\"articleSection\":[\"Politique\"],\"inLanguage\":\"fr-FR\",\"potentialAction\":[{\"@type\":\"CommentAction\",\"name\":\"Comment\",\"target\":[\"https:\/\/gabonnouvellevision.com\/gnv\/2024\/08\/02\/gabon-sacre-mois-daout\/#respond\"]}]},{\"@type\":\"WebPage\",\"@id\":\"https:\/\/gabonnouvellevision.com\/gnv\/2024\/08\/02\/gabon-sacre-mois-daout\/\",\"url\":\"https:\/\/gabonnouvellevision.com\/gnv\/2024\/08\/02\/gabon-sacre-mois-daout\/\",\"name\":\"Gabon: sacr\u00e9 mois d'Ao\u00fbt! - Gabon Nouvelle Vision\",\"isPartOf\":{\"@id\":\"https:\/\/gabonnouvellevision.com\/gnv\/#website\"},\"primaryImageOfPage\":{\"@id\":\"https:\/\/gabonnouvellevision.com\/gnv\/2024\/08\/02\/gabon-sacre-mois-daout\/#primaryimage\"},\"image\":{\"@id\":\"https:\/\/gabonnouvellevision.com\/gnv\/2024\/08\/02\/gabon-sacre-mois-daout\/#primaryimage\"},\"thumbnailUrl\":\"https:\/\/gabonnouvellevision.com\/gnv\/wp-content\/uploads\/2024\/08\/896051b39571e8671d331578d8424057_L.jpg\",\"datePublished\":\"2024-08-02T08:08:15+00:00\",\"dateModified\":\"2024-08-02T08:08:15+00:00\",\"breadcrumb\":{\"@id\":\"https:\/\/gabonnouvellevision.com\/gnv\/2024\/08\/02\/gabon-sacre-mois-daout\/#breadcrumb\"},\"inLanguage\":\"fr-FR\",\"potentialAction\":[{\"@type\":\"ReadAction\",\"target\":[\"https:\/\/gabonnouvellevision.com\/gnv\/2024\/08\/02\/gabon-sacre-mois-daout\/\"]}]},{\"@type\":\"ImageObject\",\"inLanguage\":\"fr-FR\",\"@id\":\"https:\/\/gabonnouvellevision.com\/gnv\/2024\/08\/02\/gabon-sacre-mois-daout\/#primaryimage\",\"url\":\"https:\/\/gabonnouvellevision.com\/gnv\/wp-content\/uploads\/2024\/08\/896051b39571e8671d331578d8424057_L.jpg\",\"contentUrl\":\"https:\/\/gabonnouvellevision.com\/gnv\/wp-content\/uploads\/2024\/08\/896051b39571e8671d331578d8424057_L.jpg\",\"width\":600,\"height\":400},{\"@type\":\"BreadcrumbList\",\"@id\":\"https:\/\/gabonnouvellevision.com\/gnv\/2024\/08\/02\/gabon-sacre-mois-daout\/#breadcrumb\",\"itemListElement\":[{\"@type\":\"ListItem\",\"position\":1,\"name\":\"Accueil\",\"item\":\"https:\/\/gabonnouvellevision.com\/gnv\/\"},{\"@type\":\"ListItem\",\"position\":2,\"name\":\"Gabon: sacr\u00e9 mois d&rsquo;Ao\u00fbt!\"}]},{\"@type\":\"WebSite\",\"@id\":\"https:\/\/gabonnouvellevision.com\/gnv\/#website\",\"url\":\"https:\/\/gabonnouvellevision.com\/gnv\/\",\"name\":\"Gabon Nouvelle Vision\",\"description\":\"\",\"publisher\":{\"@id\":\"https:\/\/gabonnouvellevision.com\/gnv\/#organization\"},\"potentialAction\":[{\"@type\":\"SearchAction\",\"target\":{\"@type\":\"EntryPoint\",\"urlTemplate\":\"https:\/\/gabonnouvellevision.com\/gnv\/?s={search_term_string}\"},\"query-input\":{\"@type\":\"PropertyValueSpecification\",\"valueRequired\":true,\"valueName\":\"search_term_string\"}}],\"inLanguage\":\"fr-FR\"},{\"@type\":\"Organization\",\"@id\":\"https:\/\/gabonnouvellevision.com\/gnv\/#organization\",\"name\":\"Gabon Nouvelle Vision\",\"url\":\"https:\/\/gabonnouvellevision.com\/gnv\/\",\"logo\":{\"@type\":\"ImageObject\",\"inLanguage\":\"fr-FR\",\"@id\":\"https:\/\/gabonnouvellevision.com\/gnv\/#\/schema\/logo\/image\/\",\"url\":\"https:\/\/gabonnouvellevision.com\/gnv\/wp-content\/uploads\/2025\/01\/logo-text_Plan-de-travail-1.png\",\"contentUrl\":\"https:\/\/gabonnouvellevision.com\/gnv\/wp-content\/uploads\/2025\/01\/logo-text_Plan-de-travail-1.png\",\"width\":7169,\"height\":2390,\"caption\":\"Gabon Nouvelle Vision\"},\"image\":{\"@id\":\"https:\/\/gabonnouvellevision.com\/gnv\/#\/schema\/logo\/image\/\"},\"sameAs\":[\"https:\/\/www.facebook.com\/GNVofficiel\"]},{\"@type\":\"Person\",\"@id\":\"https:\/\/gabonnouvellevision.com\/gnv\/#\/schema\/person\/4b48e07d222f83c0285affc3704bc899\",\"name\":\"Eyeng Obame\",\"image\":{\"@type\":\"ImageObject\",\"inLanguage\":\"fr-FR\",\"@id\":\"https:\/\/gabonnouvellevision.com\/gnv\/#\/schema\/person\/image\/\",\"url\":\"https:\/\/secure.gravatar.com\/avatar\/167bc03b8baf3c77318a47159f80871de6f5a6cbf4bc8b6af750fbc1a369d7bf?s=96&d=mm&r=g\",\"contentUrl\":\"https:\/\/secure.gravatar.com\/avatar\/167bc03b8baf3c77318a47159f80871de6f5a6cbf4bc8b6af750fbc1a369d7bf?s=96&d=mm&r=g\",\"caption\":\"Eyeng Obame\"},\"url\":\"https:\/\/gabonnouvellevision.com\/gnv\/author\/rufin\/\"}]}<\/script>\n<!-- \/ Yoast SEO plugin. -->","yoast_head_json":{"title":"Gabon: sacr\u00e9 mois d'Ao\u00fbt! - Gabon Nouvelle Vision","robots":{"index":"index","follow":"follow","max-snippet":"max-snippet:-1","max-image-preview":"max-image-preview:large","max-video-preview":"max-video-preview:-1"},"canonical":"https:\/\/gabonnouvellevision.com\/gnv\/2024\/08\/02\/gabon-sacre-mois-daout\/","og_locale":"fr_FR","og_type":"article","og_title":"Gabon: sacr\u00e9 mois d'Ao\u00fbt! - Gabon Nouvelle Vision","og_description":"Les membres du CTRI lors de leur d\u00e9claration de prise du pouvoir le 30 ao\u00fbt 2023 \u00e0 4h30 \u00e0 Libreville. Ce mois o\u00f9 tout a bascul\u00e9 un certain 30 ao\u00fbt 2023 est aussi pour le Gabon, celui o\u00f9 le pays a obtenu la souverainet\u00e9 nationale. C&rsquo;est ce 30 ao\u00fbt 2024 que la patrie va c\u00e9l\u00e9brer [&hellip;]","og_url":"https:\/\/gabonnouvellevision.com\/gnv\/2024\/08\/02\/gabon-sacre-mois-daout\/","og_site_name":"Gabon Nouvelle Vision","article_publisher":"https:\/\/www.facebook.com\/GNVofficiel","article_published_time":"2024-08-02T08:08:15+00:00","og_image":[{"width":600,"height":400,"url":"https:\/\/gabonnouvellevision.com\/gnv\/wp-content\/uploads\/2024\/08\/896051b39571e8671d331578d8424057_L.jpg","type":"image\/jpeg"}],"author":"Eyeng Obame","twitter_card":"summary_large_image","twitter_misc":{"\u00c9crit par":"Eyeng Obame","Dur\u00e9e de lecture estim\u00e9e":"2 minutes"},"schema":{"@context":"https:\/\/schema.org","@graph":[{"@type":"Article","@id":"https:\/\/gabonnouvellevision.com\/gnv\/2024\/08\/02\/gabon-sacre-mois-daout\/#article","isPartOf":{"@id":"https:\/\/gabonnouvellevision.com\/gnv\/2024\/08\/02\/gabon-sacre-mois-daout\/"},"author":{"name":"Eyeng Obame","@id":"https:\/\/gabonnouvellevision.com\/gnv\/#\/schema\/person\/4b48e07d222f83c0285affc3704bc899"},"headline":"Gabon: sacr\u00e9 mois d&rsquo;Ao\u00fbt!","datePublished":"2024-08-02T08:08:15+00:00","dateModified":"2024-08-02T08:08:15+00:00","mainEntityOfPage":{"@id":"https:\/\/gabonnouvellevision.com\/gnv\/2024\/08\/02\/gabon-sacre-mois-daout\/"},"wordCount":417,"commentCount":0,"publisher":{"@id":"https:\/\/gabonnouvellevision.com\/gnv\/#organization"},"image":{"@id":"https:\/\/gabonnouvellevision.com\/gnv\/2024\/08\/02\/gabon-sacre-mois-daout\/#primaryimage"},"thumbnailUrl":"https:\/\/gabonnouvellevision.com\/gnv\/wp-content\/uploads\/2024\/08\/896051b39571e8671d331578d8424057_L.jpg","articleSection":["Politique"],"inLanguage":"fr-FR","potentialAction":[{"@type":"CommentAction","name":"Comment","target":["https:\/\/gabonnouvellevision.com\/gnv\/2024\/08\/02\/gabon-sacre-mois-daout\/#respond"]}]},{"@type":"WebPage","@id":"https:\/\/gabonnouvellevision.com\/gnv\/2024\/08\/02\/gabon-sacre-mois-daout\/","url":"https:\/\/gabonnouvellevision.com\/gnv\/2024\/08\/02\/gabon-sacre-mois-daout\/","name":"Gabon: sacr\u00e9 mois d'Ao\u00fbt! - Gabon Nouvelle Vision","isPartOf":{"@id":"https:\/\/gabonnouvellevision.com\/gnv\/#website"},"primaryImageOfPage":{"@id":"https:\/\/gabonnouvellevision.com\/gnv\/2024\/08\/02\/gabon-sacre-mois-daout\/#primaryimage"},"image":{"@id":"https:\/\/gabonnouvellevision.com\/gnv\/2024\/08\/02\/gabon-sacre-mois-daout\/#primaryimage"},"thumbnailUrl":"https:\/\/gabonnouvellevision.com\/gnv\/wp-content\/uploads\/2024\/08\/896051b39571e8671d331578d8424057_L.jpg","datePublished":"2024-08-02T08:08:15+00:00","dateModified":"2024-08-02T08:08:15+00:00","breadcrumb":{"@id":"https:\/\/gabonnouvellevision.com\/gnv\/2024\/08\/02\/gabon-sacre-mois-daout\/#breadcrumb"},"inLanguage":"fr-FR","potentialAction":[{"@type":"ReadAction","target":["https:\/\/gabonnouvellevision.com\/gnv\/2024\/08\/02\/gabon-sacre-mois-daout\/"]}]},{"@type":"ImageObject","inLanguage":"fr-FR","@id":"https:\/\/gabonnouvellevision.com\/gnv\/2024\/08\/02\/gabon-sacre-mois-daout\/#primaryimage","url":"https:\/\/gabonnouvellevision.com\/gnv\/wp-content\/uploads\/2024\/08\/896051b39571e8671d331578d8424057_L.jpg","contentUrl":"https:\/\/gabonnouvellevision.com\/gnv\/wp-content\/uploads\/2024\/08\/896051b39571e8671d331578d8424057_L.jpg","width":600,"height":400},{"@type":"BreadcrumbList","@id":"https:\/\/gabonnouvellevision.com\/gnv\/2024\/08\/02\/gabon-sacre-mois-daout\/#breadcrumb","itemListElement":[{"@type":"ListItem","position":1,"name":"Accueil","item":"https:\/\/gabonnouvellevision.com\/gnv\/"},{"@type":"ListItem","position":2,"name":"Gabon: sacr\u00e9 mois d&rsquo;Ao\u00fbt!"}]},{"@type":"WebSite","@id":"https:\/\/gabonnouvellevision.com\/gnv\/#website","url":"https:\/\/gabonnouvellevision.com\/gnv\/","name":"Gabon Nouvelle Vision","description":"","publisher":{"@id":"https:\/\/gabonnouvellevision.com\/gnv\/#organization"},"potentialAction":[{"@type":"SearchAction","target":{"@type":"EntryPoint","urlTemplate":"https:\/\/gabonnouvellevision.com\/gnv\/?s={search_term_string}"},"query-input":{"@type":"PropertyValueSpecification","valueRequired":true,"valueName":"search_term_string"}}],"inLanguage":"fr-FR"},{"@type":"Organization","@id":"https:\/\/gabonnouvellevision.com\/gnv\/#organization","name":"Gabon Nouvelle Vision","url":"https:\/\/gabonnouvellevision.com\/gnv\/","logo":{"@type":"ImageObject","inLanguage":"fr-FR","@id":"https:\/\/gabonnouvellevision.com\/gnv\/#\/schema\/logo\/image\/","url":"https:\/\/gabonnouvellevision.com\/gnv\/wp-content\/uploads\/2025\/01\/logo-text_Plan-de-travail-1.png","contentUrl":"https:\/\/gabonnouvellevision.com\/gnv\/wp-content\/uploads\/2025\/01\/logo-text_Plan-de-travail-1.png","width":7169,"height":2390,"caption":"Gabon Nouvelle Vision"},"image":{"@id":"https:\/\/gabonnouvellevision.com\/gnv\/#\/schema\/logo\/image\/"},"sameAs":["https:\/\/www.facebook.com\/GNVofficiel"]},{"@type":"Person","@id":"https:\/\/gabonnouvellevision.com\/gnv\/#\/schema\/person\/4b48e07d222f83c0285affc3704bc899","name":"Eyeng Obame","image":{"@type":"ImageObject","inLanguage":"fr-FR","@id":"https:\/\/gabonnouvellevision.com\/gnv\/#\/schema\/person\/image\/","url":"https:\/\/secure.gravatar.com\/avatar\/167bc03b8baf3c77318a47159f80871de6f5a6cbf4bc8b6af750fbc1a369d7bf?s=96&d=mm&r=g","contentUrl":"https:\/\/secure.gravatar.com\/avatar\/167bc03b8baf3c77318a47159f80871de6f5a6cbf4bc8b6af750fbc1a369d7bf?s=96&d=mm&r=g","caption":"Eyeng Obame"},"url":"https:\/\/gabonnouvellevision.com\/gnv\/author\/rufin\/"}]}},"_links":{"self":[{"href":"https:\/\/gabonnouvellevision.com\/gnv\/wp-json\/wp\/v2\/posts\/3131","targetHints":{"allow":["GET"]}}],"collection":[{"href":"https:\/\/gabonnouvellevision.com\/gnv\/wp-json\/wp\/v2\/posts"}],"about":[{"href":"https:\/\/gabonnouvellevision.com\/gnv\/wp-json\/wp\/v2\/types\/post"}],"author":[{"embeddable":true,"href":"https:\/\/gabonnouvellevision.com\/gnv\/wp-json\/wp\/v2\/users\/7"}],"replies":[{"embeddable":true,"href":"https:\/\/gabonnouvellevision.com\/gnv\/wp-json\/wp\/v2\/comments?post=3131"}],"version-history":[{"count":0,"href":"https:\/\/gabonnouvellevision.com\/gnv\/wp-json\/wp\/v2\/posts\/3131\/revisions"}],"wp:featuredmedia":[{"embeddable":true,"href":"https:\/\/gabonnouvellevision.com\/gnv\/wp-json\/wp\/v2\/media\/3132"}],"wp:attachment":[{"href":"https:\/\/gabonnouvellevision.com\/gnv\/wp-json\/wp\/v2\/media?parent=3131"}],"wp:term":[{"taxonomy":"category","embeddable":true,"href":"https:\/\/gabonnouvellevision.com\/gnv\/wp-json\/wp\/v2\/categories?post=3131"},{"taxonomy":"post_tag","embeddable":true,"href":"https:\/\/gabonnouvellevision.com\/gnv\/wp-json\/wp\/v2\/tags?post=3131"}],"curies":[{"name":"wp","href":"https:\/\/api.w.org\/{rel}","templated":true}]}}