{"id":3116,"date":"2024-08-01T10:33:43","date_gmt":"2024-08-01T09:33:43","guid":{"rendered":"https:\/\/gabonnouvellevision.com\/gnv\/?p=3116"},"modified":"2024-08-01T10:33:43","modified_gmt":"2024-08-01T09:33:43","slug":"vers-un-licenciement-economique-a-be-tech","status":"publish","type":"post","link":"https:\/\/gabonnouvellevision.com\/gnv\/2024\/08\/01\/vers-un-licenciement-economique-a-be-tech\/","title":{"rendered":"Vers un licenciement \u00e9conomique \u00e0 Be Tech?"},"content":{"rendered":"<p><strong><em>Le collectif des indign\u00e9s de Be Tech en col\u00e8re<\/em><\/strong><\/p>\n<p><strong><em>Le Collectif des indign\u00e9s de Be tech \u00e9tait face \u00e0 la presse hier \u00e0 son si\u00e8ge d\u2019Oloumi, dans le 5\u00e8me arrondissement de Libreville,\u00a0 pour dresser le bilan d\u2019\u00e9tape de son mouvement de gr\u00e8ve entam\u00e9 depuis un mois. Les 27 \u00a0membres du collectif en col\u00e8re , revendiquent le paiement de leurs droits suite \u00e0 leur mise au ch\u00f4mage technique depuis le 25 juin dernier. Une d\u00e9cision jug\u00e9e suicidaire en ce contexte \u00e9conomique difficile par les victimes, mais \u00a0l\u00e9gale par leur employeur pour des raisons de tr\u00e9sorerie.<\/em><\/strong>.<\/p>\n<p>La tension est vive \u00e0 Be tech, une soci\u00e9t\u00e9 sp\u00e9cialis\u00e9e dans le b\u00e2timent et l\u2019\u00e9lectricit\u00e9 \u00e0 \u00a0la zone industrielle d\u2019Oloumi dans le 5\u00e8me arrondissement de Libreville entre une partie des employ\u00e9s en courroux et la Direction G\u00e9n\u00e9rale. Le personnel en gr\u00e8ve depuis le 01 juillet dernier reproche \u00e0 son employeur de l\u2019avoir mis en cong\u00e9 technique sans consultation pr\u00e9alable du coll\u00e8ge des D\u00e9l\u00e9gu\u00e9s du personnel et des membres du collectif des indign\u00e9s pour appr\u00e9cier de l&rsquo;opportunit\u00e9 ou non d&rsquo;une telle d\u00e9cision au moment o\u00f9 les nouvelles autorit\u00e9s du pays pr\u00f4nent le plein emploi .A en croire les plaignants, cette proc\u00e9dure de mise en cong\u00e9 technique devra d\u00e9boucher au licenciement d\u00e9finitif\u00a0 sans parfois tenir compte de la l\u00e9gislation en vigueur en la mati\u00e8re.\u201d Nous ne voulons pas de cong\u00e9 technique empoisonn\u00e9 qui finiront par notre licenciement d\u00e9finitif sans que nos droits ne nous soient int\u00e9gralement pay\u00e9s comme ce fut le cas avec une douzaine de nos coll\u00e8gues en mars dernier. Nous voulons une proc\u00e9dure de rupture conventionnelle de contrat avec notre employeur conform\u00e9ment \u00e0 l\u2019article 77 du code du travail pour une s\u00e9paration \u00e0 l\u2019amiable qui arrangerait les diff\u00e9rentes parties en crise et non nous pouss\u00e9 \u00e0 la d\u00e9mission collective pour avoir r\u00e9clam\u00e9 l\u2019am\u00e9lioration de nos conditions de vies et de travail\u201d ont clam\u00e9 haut et fort les membres du collectif devant la \u00a0presse hier \u00e0 Libreville. Une proc\u00e9dure battue en br\u00e8che par l\u2019employeur qui estime \u00e0 son tour \u00a0que \u00a0\u00bb le agents mis en cong\u00e9 technique de deux mois par ses soins \u00a0pour des raisons \u00e9conomiques sont cens\u00e9s \u00eatre \u00e0 la maison,\u00a0 et ne devraient pas entreprendre un mouvement de gr\u00e8ve \u00e0 l\u2019enceinte de l\u2019entreprise au risque de plomber davantage l\u2019image de marque\u00a0 et la situation \u00e9conomique de l\u2019entreprise et \u00a0faire fuir les potentiels clients\u201d a retorqu\u00e9 le Directeur G\u00e9n\u00e9rale, Andr\u00e9 Roger Berre, g\u00ean\u00e9 par la pr\u00e9sence de la paresse dans ses locaux. Avant de conclure que l\u2019affaire est d\u00e9sormais entre les mains du juge de referee du \u00a0Tribunal de Libreville, et que le verdict devra \u00eatre rendu le 07 Ao\u00fbt prochain pour \u00eatre mieux\u00a0 fixer sur le sort du personnel en gr\u00e8ve.<\/p>\n<p>Pour rappel, le personnel en gr\u00e8ve constitu\u00e9 pour l\u2019essentiel des ex\u00e9cutants en b\u00e2timent et en \u00e9lectricit\u00e9, reproche \u00e0 sa Direction G\u00e9n\u00e9rale entre autres:\u00a0 le non respect des droits sociaux des travailleurs ( CNSS et CNAMGS non pay\u00e9es), la violation flagrante du code de travail, l\u2019absence de contrat de travail pour tous les employ\u00e9s, les violences verbales en milieu professionnel, les fiches de paie non-conformes, la non-revalorisation des cat\u00e9gories socio-professionnelles depuis des ann\u00e9es, et la mise au ch\u00f4mage technique sans concertation avec les d\u00e9l\u00e9gu\u00e9s du personnel.<\/p>\n<p>La soci\u00e9t\u00e9 Be Tech cr\u00e9\u00e9e en 2008 par Andr\u00e9 Roger Berre, Ing\u00e9nieur en \u00e9lectricit\u00e9\u00a0 et b\u00e2timent, emploie \u00e0 ce jour,\u00a0 une soixantaine d\u2019employ\u00e9s tous de nationalit\u00e9 Gabonaise. Une soci\u00e9t\u00e9 qui peine aujourd\u2019hui \u00e0 fonctionner normalement en raison de plus de 4 milliards de francs CFA d\u2019impay\u00e9s de la dette par une partie de sa client\u00e8le notamment l\u2019Etat Gabonais. Une situation qui devra Interpeller davantage le Comit\u00e9 de Restauration des Institution, qui exhorte les Gabonais \u00e0 cr\u00e9er des entreprises pour mieux lutter contre le ch\u00f4mage. Mais une cr\u00e9ation d\u2019entreprises \u00a0qui devra \u00a0n\u00e9cessiter un v\u00e9ritable plan d&rsquo;accompagnement \u00e0 court-moyen et long terme pour leur survie optimale. Sinon, les m\u00eames causes d\u00e9nonc\u00e9es avec le r\u00e9gime d\u00e9chu,\u00a0 risqueraient de produire les m\u00eames effets avec le nouveau r\u00e9gime si on ne change pas de paradigme.<\/p>\n<p><strong>Rufin Martial Oke Nze <\/strong><\/p>\n","protected":false},"excerpt":{"rendered":"<p>Le collectif des indign\u00e9s de Be Tech en col\u00e8re Le Collectif des indign\u00e9s de Be tech \u00e9tait face \u00e0 la presse hier \u00e0 son si\u00e8ge d\u2019Oloumi, dans le 5\u00e8me arrondissement de Libreville,\u00a0 pour dresser le bilan d\u2019\u00e9tape de son mouvement de gr\u00e8ve entam\u00e9 depuis un mois. Les 27 \u00a0membres du collectif en col\u00e8re , revendiquent [&hellip;]<\/p>\n","protected":false},"author":7,"featured_media":3117,"comment_status":"open","ping_status":"open","sticky":false,"template":"","format":"standard","meta":{"footnotes":""},"categories":[60],"tags":[],"class_list":["post-3116","post","type-post","status-publish","format-standard","has-post-thumbnail","hentry","category-economie"],"yoast_head":"<!-- This site is optimized with the Yoast SEO plugin v24.2 - https:\/\/yoast.com\/wordpress\/plugins\/seo\/ -->\n<title>Vers un licenciement \u00e9conomique \u00e0 Be Tech? - Gabon Nouvelle Vision<\/title>\n<meta name=\"robots\" content=\"index, follow, max-snippet:-1, max-image-preview:large, max-video-preview:-1\" \/>\n<link rel=\"canonical\" href=\"https:\/\/gabonnouvellevision.com\/gnv\/2024\/08\/01\/vers-un-licenciement-economique-a-be-tech\/\" \/>\n<meta property=\"og:locale\" content=\"fr_FR\" \/>\n<meta property=\"og:type\" content=\"article\" \/>\n<meta property=\"og:title\" content=\"Vers un licenciement \u00e9conomique \u00e0 Be Tech? - Gabon Nouvelle Vision\" \/>\n<meta property=\"og:description\" content=\"Le collectif des indign\u00e9s de Be Tech en col\u00e8re Le Collectif des indign\u00e9s de Be tech \u00e9tait face \u00e0 la presse hier \u00e0 son si\u00e8ge d\u2019Oloumi, dans le 5\u00e8me arrondissement de Libreville,\u00a0 pour dresser le bilan d\u2019\u00e9tape de son mouvement de gr\u00e8ve entam\u00e9 depuis un mois. Les 27 \u00a0membres du collectif en col\u00e8re , revendiquent [&hellip;]\" \/>\n<meta property=\"og:url\" content=\"https:\/\/gabonnouvellevision.com\/gnv\/2024\/08\/01\/vers-un-licenciement-economique-a-be-tech\/\" \/>\n<meta property=\"og:site_name\" content=\"Gabon Nouvelle Vision\" \/>\n<meta property=\"article:publisher\" content=\"https:\/\/www.facebook.com\/GNVofficiel\" \/>\n<meta property=\"article:published_time\" content=\"2024-08-01T09:33:43+00:00\" \/>\n<meta property=\"og:image\" content=\"https:\/\/gabonnouvellevision.com\/gnv\/wp-content\/uploads\/2024\/08\/Be-2.jpg\" \/>\n\t<meta property=\"og:image:width\" content=\"400\" \/>\n\t<meta property=\"og:image:height\" content=\"251\" \/>\n\t<meta property=\"og:image:type\" content=\"image\/jpeg\" \/>\n<meta name=\"author\" content=\"Eyeng Obame\" \/>\n<meta name=\"twitter:card\" content=\"summary_large_image\" \/>\n<meta name=\"twitter:label1\" content=\"\u00c9crit par\" \/>\n\t<meta name=\"twitter:data1\" content=\"Eyeng Obame\" \/>\n\t<meta name=\"twitter:label2\" content=\"Dur\u00e9e de lecture estim\u00e9e\" \/>\n\t<meta name=\"twitter:data2\" content=\"4 minutes\" \/>\n<script type=\"application\/ld+json\" class=\"yoast-schema-graph\">{\"@context\":\"https:\/\/schema.org\",\"@graph\":[{\"@type\":\"Article\",\"@id\":\"https:\/\/gabonnouvellevision.com\/gnv\/2024\/08\/01\/vers-un-licenciement-economique-a-be-tech\/#article\",\"isPartOf\":{\"@id\":\"https:\/\/gabonnouvellevision.com\/gnv\/2024\/08\/01\/vers-un-licenciement-economique-a-be-tech\/\"},\"author\":{\"name\":\"Eyeng Obame\",\"@id\":\"https:\/\/gabonnouvellevision.com\/gnv\/#\/schema\/person\/4b48e07d222f83c0285affc3704bc899\"},\"headline\":\"Vers un licenciement \u00e9conomique \u00e0 Be Tech?\",\"datePublished\":\"2024-08-01T09:33:43+00:00\",\"dateModified\":\"2024-08-01T09:33:43+00:00\",\"mainEntityOfPage\":{\"@id\":\"https:\/\/gabonnouvellevision.com\/gnv\/2024\/08\/01\/vers-un-licenciement-economique-a-be-tech\/\"},\"wordCount\":754,\"commentCount\":0,\"publisher\":{\"@id\":\"https:\/\/gabonnouvellevision.com\/gnv\/#organization\"},\"image\":{\"@id\":\"https:\/\/gabonnouvellevision.com\/gnv\/2024\/08\/01\/vers-un-licenciement-economique-a-be-tech\/#primaryimage\"},\"thumbnailUrl\":\"https:\/\/gabonnouvellevision.com\/gnv\/wp-content\/uploads\/2024\/08\/Be-2.jpg\",\"articleSection\":[\"Economie\"],\"inLanguage\":\"fr-FR\",\"potentialAction\":[{\"@type\":\"CommentAction\",\"name\":\"Comment\",\"target\":[\"https:\/\/gabonnouvellevision.com\/gnv\/2024\/08\/01\/vers-un-licenciement-economique-a-be-tech\/#respond\"]}]},{\"@type\":\"WebPage\",\"@id\":\"https:\/\/gabonnouvellevision.com\/gnv\/2024\/08\/01\/vers-un-licenciement-economique-a-be-tech\/\",\"url\":\"https:\/\/gabonnouvellevision.com\/gnv\/2024\/08\/01\/vers-un-licenciement-economique-a-be-tech\/\",\"name\":\"Vers un licenciement \u00e9conomique \u00e0 Be Tech? - Gabon Nouvelle Vision\",\"isPartOf\":{\"@id\":\"https:\/\/gabonnouvellevision.com\/gnv\/#website\"},\"primaryImageOfPage\":{\"@id\":\"https:\/\/gabonnouvellevision.com\/gnv\/2024\/08\/01\/vers-un-licenciement-economique-a-be-tech\/#primaryimage\"},\"image\":{\"@id\":\"https:\/\/gabonnouvellevision.com\/gnv\/2024\/08\/01\/vers-un-licenciement-economique-a-be-tech\/#primaryimage\"},\"thumbnailUrl\":\"https:\/\/gabonnouvellevision.com\/gnv\/wp-content\/uploads\/2024\/08\/Be-2.jpg\",\"datePublished\":\"2024-08-01T09:33:43+00:00\",\"dateModified\":\"2024-08-01T09:33:43+00:00\",\"breadcrumb\":{\"@id\":\"https:\/\/gabonnouvellevision.com\/gnv\/2024\/08\/01\/vers-un-licenciement-economique-a-be-tech\/#breadcrumb\"},\"inLanguage\":\"fr-FR\",\"potentialAction\":[{\"@type\":\"ReadAction\",\"target\":[\"https:\/\/gabonnouvellevision.com\/gnv\/2024\/08\/01\/vers-un-licenciement-economique-a-be-tech\/\"]}]},{\"@type\":\"ImageObject\",\"inLanguage\":\"fr-FR\",\"@id\":\"https:\/\/gabonnouvellevision.com\/gnv\/2024\/08\/01\/vers-un-licenciement-economique-a-be-tech\/#primaryimage\",\"url\":\"https:\/\/gabonnouvellevision.com\/gnv\/wp-content\/uploads\/2024\/08\/Be-2.jpg\",\"contentUrl\":\"https:\/\/gabonnouvellevision.com\/gnv\/wp-content\/uploads\/2024\/08\/Be-2.jpg\",\"width\":400,\"height\":251},{\"@type\":\"BreadcrumbList\",\"@id\":\"https:\/\/gabonnouvellevision.com\/gnv\/2024\/08\/01\/vers-un-licenciement-economique-a-be-tech\/#breadcrumb\",\"itemListElement\":[{\"@type\":\"ListItem\",\"position\":1,\"name\":\"Accueil\",\"item\":\"https:\/\/gabonnouvellevision.com\/gnv\/\"},{\"@type\":\"ListItem\",\"position\":2,\"name\":\"Vers un licenciement \u00e9conomique \u00e0 Be Tech?\"}]},{\"@type\":\"WebSite\",\"@id\":\"https:\/\/gabonnouvellevision.com\/gnv\/#website\",\"url\":\"https:\/\/gabonnouvellevision.com\/gnv\/\",\"name\":\"Gabon Nouvelle Vision\",\"description\":\"\",\"publisher\":{\"@id\":\"https:\/\/gabonnouvellevision.com\/gnv\/#organization\"},\"potentialAction\":[{\"@type\":\"SearchAction\",\"target\":{\"@type\":\"EntryPoint\",\"urlTemplate\":\"https:\/\/gabonnouvellevision.com\/gnv\/?s={search_term_string}\"},\"query-input\":{\"@type\":\"PropertyValueSpecification\",\"valueRequired\":true,\"valueName\":\"search_term_string\"}}],\"inLanguage\":\"fr-FR\"},{\"@type\":\"Organization\",\"@id\":\"https:\/\/gabonnouvellevision.com\/gnv\/#organization\",\"name\":\"Gabon Nouvelle Vision\",\"url\":\"https:\/\/gabonnouvellevision.com\/gnv\/\",\"logo\":{\"@type\":\"ImageObject\",\"inLanguage\":\"fr-FR\",\"@id\":\"https:\/\/gabonnouvellevision.com\/gnv\/#\/schema\/logo\/image\/\",\"url\":\"https:\/\/gabonnouvellevision.com\/gnv\/wp-content\/uploads\/2025\/01\/logo-text_Plan-de-travail-1.png\",\"contentUrl\":\"https:\/\/gabonnouvellevision.com\/gnv\/wp-content\/uploads\/2025\/01\/logo-text_Plan-de-travail-1.png\",\"width\":7169,\"height\":2390,\"caption\":\"Gabon Nouvelle Vision\"},\"image\":{\"@id\":\"https:\/\/gabonnouvellevision.com\/gnv\/#\/schema\/logo\/image\/\"},\"sameAs\":[\"https:\/\/www.facebook.com\/GNVofficiel\"]},{\"@type\":\"Person\",\"@id\":\"https:\/\/gabonnouvellevision.com\/gnv\/#\/schema\/person\/4b48e07d222f83c0285affc3704bc899\",\"name\":\"Eyeng Obame\",\"image\":{\"@type\":\"ImageObject\",\"inLanguage\":\"fr-FR\",\"@id\":\"https:\/\/gabonnouvellevision.com\/gnv\/#\/schema\/person\/image\/\",\"url\":\"https:\/\/secure.gravatar.com\/avatar\/167bc03b8baf3c77318a47159f80871de6f5a6cbf4bc8b6af750fbc1a369d7bf?s=96&d=mm&r=g\",\"contentUrl\":\"https:\/\/secure.gravatar.com\/avatar\/167bc03b8baf3c77318a47159f80871de6f5a6cbf4bc8b6af750fbc1a369d7bf?s=96&d=mm&r=g\",\"caption\":\"Eyeng Obame\"},\"url\":\"https:\/\/gabonnouvellevision.com\/gnv\/author\/rufin\/\"}]}<\/script>\n<!-- \/ Yoast SEO plugin. -->","yoast_head_json":{"title":"Vers un licenciement \u00e9conomique \u00e0 Be Tech? - Gabon Nouvelle Vision","robots":{"index":"index","follow":"follow","max-snippet":"max-snippet:-1","max-image-preview":"max-image-preview:large","max-video-preview":"max-video-preview:-1"},"canonical":"https:\/\/gabonnouvellevision.com\/gnv\/2024\/08\/01\/vers-un-licenciement-economique-a-be-tech\/","og_locale":"fr_FR","og_type":"article","og_title":"Vers un licenciement \u00e9conomique \u00e0 Be Tech? - Gabon Nouvelle Vision","og_description":"Le collectif des indign\u00e9s de Be Tech en col\u00e8re Le Collectif des indign\u00e9s de Be tech \u00e9tait face \u00e0 la presse hier \u00e0 son si\u00e8ge d\u2019Oloumi, dans le 5\u00e8me arrondissement de Libreville,\u00a0 pour dresser le bilan d\u2019\u00e9tape de son mouvement de gr\u00e8ve entam\u00e9 depuis un mois. Les 27 \u00a0membres du collectif en col\u00e8re , revendiquent [&hellip;]","og_url":"https:\/\/gabonnouvellevision.com\/gnv\/2024\/08\/01\/vers-un-licenciement-economique-a-be-tech\/","og_site_name":"Gabon Nouvelle Vision","article_publisher":"https:\/\/www.facebook.com\/GNVofficiel","article_published_time":"2024-08-01T09:33:43+00:00","og_image":[{"width":400,"height":251,"url":"https:\/\/gabonnouvellevision.com\/gnv\/wp-content\/uploads\/2024\/08\/Be-2.jpg","type":"image\/jpeg"}],"author":"Eyeng Obame","twitter_card":"summary_large_image","twitter_misc":{"\u00c9crit par":"Eyeng Obame","Dur\u00e9e de lecture estim\u00e9e":"4 minutes"},"schema":{"@context":"https:\/\/schema.org","@graph":[{"@type":"Article","@id":"https:\/\/gabonnouvellevision.com\/gnv\/2024\/08\/01\/vers-un-licenciement-economique-a-be-tech\/#article","isPartOf":{"@id":"https:\/\/gabonnouvellevision.com\/gnv\/2024\/08\/01\/vers-un-licenciement-economique-a-be-tech\/"},"author":{"name":"Eyeng Obame","@id":"https:\/\/gabonnouvellevision.com\/gnv\/#\/schema\/person\/4b48e07d222f83c0285affc3704bc899"},"headline":"Vers un licenciement \u00e9conomique \u00e0 Be Tech?","datePublished":"2024-08-01T09:33:43+00:00","dateModified":"2024-08-01T09:33:43+00:00","mainEntityOfPage":{"@id":"https:\/\/gabonnouvellevision.com\/gnv\/2024\/08\/01\/vers-un-licenciement-economique-a-be-tech\/"},"wordCount":754,"commentCount":0,"publisher":{"@id":"https:\/\/gabonnouvellevision.com\/gnv\/#organization"},"image":{"@id":"https:\/\/gabonnouvellevision.com\/gnv\/2024\/08\/01\/vers-un-licenciement-economique-a-be-tech\/#primaryimage"},"thumbnailUrl":"https:\/\/gabonnouvellevision.com\/gnv\/wp-content\/uploads\/2024\/08\/Be-2.jpg","articleSection":["Economie"],"inLanguage":"fr-FR","potentialAction":[{"@type":"CommentAction","name":"Comment","target":["https:\/\/gabonnouvellevision.com\/gnv\/2024\/08\/01\/vers-un-licenciement-economique-a-be-tech\/#respond"]}]},{"@type":"WebPage","@id":"https:\/\/gabonnouvellevision.com\/gnv\/2024\/08\/01\/vers-un-licenciement-economique-a-be-tech\/","url":"https:\/\/gabonnouvellevision.com\/gnv\/2024\/08\/01\/vers-un-licenciement-economique-a-be-tech\/","name":"Vers un licenciement \u00e9conomique \u00e0 Be Tech? - Gabon Nouvelle Vision","isPartOf":{"@id":"https:\/\/gabonnouvellevision.com\/gnv\/#website"},"primaryImageOfPage":{"@id":"https:\/\/gabonnouvellevision.com\/gnv\/2024\/08\/01\/vers-un-licenciement-economique-a-be-tech\/#primaryimage"},"image":{"@id":"https:\/\/gabonnouvellevision.com\/gnv\/2024\/08\/01\/vers-un-licenciement-economique-a-be-tech\/#primaryimage"},"thumbnailUrl":"https:\/\/gabonnouvellevision.com\/gnv\/wp-content\/uploads\/2024\/08\/Be-2.jpg","datePublished":"2024-08-01T09:33:43+00:00","dateModified":"2024-08-01T09:33:43+00:00","breadcrumb":{"@id":"https:\/\/gabonnouvellevision.com\/gnv\/2024\/08\/01\/vers-un-licenciement-economique-a-be-tech\/#breadcrumb"},"inLanguage":"fr-FR","potentialAction":[{"@type":"ReadAction","target":["https:\/\/gabonnouvellevision.com\/gnv\/2024\/08\/01\/vers-un-licenciement-economique-a-be-tech\/"]}]},{"@type":"ImageObject","inLanguage":"fr-FR","@id":"https:\/\/gabonnouvellevision.com\/gnv\/2024\/08\/01\/vers-un-licenciement-economique-a-be-tech\/#primaryimage","url":"https:\/\/gabonnouvellevision.com\/gnv\/wp-content\/uploads\/2024\/08\/Be-2.jpg","contentUrl":"https:\/\/gabonnouvellevision.com\/gnv\/wp-content\/uploads\/2024\/08\/Be-2.jpg","width":400,"height":251},{"@type":"BreadcrumbList","@id":"https:\/\/gabonnouvellevision.com\/gnv\/2024\/08\/01\/vers-un-licenciement-economique-a-be-tech\/#breadcrumb","itemListElement":[{"@type":"ListItem","position":1,"name":"Accueil","item":"https:\/\/gabonnouvellevision.com\/gnv\/"},{"@type":"ListItem","position":2,"name":"Vers un licenciement \u00e9conomique \u00e0 Be Tech?"}]},{"@type":"WebSite","@id":"https:\/\/gabonnouvellevision.com\/gnv\/#website","url":"https:\/\/gabonnouvellevision.com\/gnv\/","name":"Gabon Nouvelle Vision","description":"","publisher":{"@id":"https:\/\/gabonnouvellevision.com\/gnv\/#organization"},"potentialAction":[{"@type":"SearchAction","target":{"@type":"EntryPoint","urlTemplate":"https:\/\/gabonnouvellevision.com\/gnv\/?s={search_term_string}"},"query-input":{"@type":"PropertyValueSpecification","valueRequired":true,"valueName":"search_term_string"}}],"inLanguage":"fr-FR"},{"@type":"Organization","@id":"https:\/\/gabonnouvellevision.com\/gnv\/#organization","name":"Gabon Nouvelle Vision","url":"https:\/\/gabonnouvellevision.com\/gnv\/","logo":{"@type":"ImageObject","inLanguage":"fr-FR","@id":"https:\/\/gabonnouvellevision.com\/gnv\/#\/schema\/logo\/image\/","url":"https:\/\/gabonnouvellevision.com\/gnv\/wp-content\/uploads\/2025\/01\/logo-text_Plan-de-travail-1.png","contentUrl":"https:\/\/gabonnouvellevision.com\/gnv\/wp-content\/uploads\/2025\/01\/logo-text_Plan-de-travail-1.png","width":7169,"height":2390,"caption":"Gabon Nouvelle Vision"},"image":{"@id":"https:\/\/gabonnouvellevision.com\/gnv\/#\/schema\/logo\/image\/"},"sameAs":["https:\/\/www.facebook.com\/GNVofficiel"]},{"@type":"Person","@id":"https:\/\/gabonnouvellevision.com\/gnv\/#\/schema\/person\/4b48e07d222f83c0285affc3704bc899","name":"Eyeng Obame","image":{"@type":"ImageObject","inLanguage":"fr-FR","@id":"https:\/\/gabonnouvellevision.com\/gnv\/#\/schema\/person\/image\/","url":"https:\/\/secure.gravatar.com\/avatar\/167bc03b8baf3c77318a47159f80871de6f5a6cbf4bc8b6af750fbc1a369d7bf?s=96&d=mm&r=g","contentUrl":"https:\/\/secure.gravatar.com\/avatar\/167bc03b8baf3c77318a47159f80871de6f5a6cbf4bc8b6af750fbc1a369d7bf?s=96&d=mm&r=g","caption":"Eyeng Obame"},"url":"https:\/\/gabonnouvellevision.com\/gnv\/author\/rufin\/"}]}},"_links":{"self":[{"href":"https:\/\/gabonnouvellevision.com\/gnv\/wp-json\/wp\/v2\/posts\/3116","targetHints":{"allow":["GET"]}}],"collection":[{"href":"https:\/\/gabonnouvellevision.com\/gnv\/wp-json\/wp\/v2\/posts"}],"about":[{"href":"https:\/\/gabonnouvellevision.com\/gnv\/wp-json\/wp\/v2\/types\/post"}],"author":[{"embeddable":true,"href":"https:\/\/gabonnouvellevision.com\/gnv\/wp-json\/wp\/v2\/users\/7"}],"replies":[{"embeddable":true,"href":"https:\/\/gabonnouvellevision.com\/gnv\/wp-json\/wp\/v2\/comments?post=3116"}],"version-history":[{"count":0,"href":"https:\/\/gabonnouvellevision.com\/gnv\/wp-json\/wp\/v2\/posts\/3116\/revisions"}],"wp:featuredmedia":[{"embeddable":true,"href":"https:\/\/gabonnouvellevision.com\/gnv\/wp-json\/wp\/v2\/media\/3117"}],"wp:attachment":[{"href":"https:\/\/gabonnouvellevision.com\/gnv\/wp-json\/wp\/v2\/media?parent=3116"}],"wp:term":[{"taxonomy":"category","embeddable":true,"href":"https:\/\/gabonnouvellevision.com\/gnv\/wp-json\/wp\/v2\/categories?post=3116"},{"taxonomy":"post_tag","embeddable":true,"href":"https:\/\/gabonnouvellevision.com\/gnv\/wp-json\/wp\/v2\/tags?post=3116"}],"curies":[{"name":"wp","href":"https:\/\/api.w.org\/{rel}","templated":true}]}}