{"id":3109,"date":"2024-07-31T16:13:59","date_gmt":"2024-07-31T15:13:59","guid":{"rendered":"https:\/\/gabonnouvellevision.com\/gnv\/?p=3109"},"modified":"2024-07-31T16:13:59","modified_gmt":"2024-07-31T15:13:59","slug":"societe-obseques-yolande-christiane-nyonda-sera-inhumee-ce-week-end-a-libreville","status":"publish","type":"post","link":"https:\/\/gabonnouvellevision.com\/gnv\/2024\/07\/31\/societe-obseques-yolande-christiane-nyonda-sera-inhumee-ce-week-end-a-libreville\/","title":{"rendered":"Soci\u00e9t\u00e9\/Obs\u00e8ques : Yolande Christiane NYONDA sera inhum\u00e9e ce week-end \u00e0 Libreville"},"content":{"rendered":"<p>&nbsp;<\/p>\n<p><strong>D\u00e9c\u00e9d\u00e9e le 13 juillet 2024 \u00e0 Libreville des suites de maladie \u00e0 l\u2019\u00e2ge de 59 ans, Yolande Christiane NYONDA, ancienne ministre de la r\u00e9publique et fille du p\u00e8re du th\u00e9\u00e2tre gabonais, feu Vincent De Paul NYONDA sera, selon le programme ci-dessous annonc\u00e9 par sa famille, inhum\u00e9e ce week-end \u00e0 Libreville. <\/strong><\/p>\n<p><strong>Les Familles\u00a0:<\/strong>Feu<\/p>\n<p>Vincent de Paul NYONDA, Christian MOUBAMBA BAGWANGUI, Paul Etienne MOUNOMBI,<br \/>\nJean KOUMBI GUIYEDI, Jean-Claude MBOUMI, Jean-Fran\u00e7ois NDONGOU, Joseph MOUTSINGA,<br \/>\nPecauth DIYABI et Michel MBOUSSOU,\u00a0Profond\u00e9ment\u00a0touch\u00e9s des marques de sympathie et d\u2019affection que vous leurs t\u00e9moign\u00e9s depuis<br \/>\nle rappel \u00e0 Dieu de leur tr\u00e8s ch\u00e8re<\/p>\n<p>Yolande Christiane Nyonda, ancien ministre de la R\u00e9publique<\/p>\n<p>Vous adressent leurs sinc\u00e8res remerciements<br \/>\net vous informent du d\u00e9roulement des obs\u00e8ques conform\u00e9ment au programme<br \/>\nci-apr\u00e8s\u00a0:<\/p>\n<p><strong>Vendredi 02 ao\u00fbt 2024<\/strong><\/p>\n<ul>\n<li>09H00\u00a0: Sortie du corps de la morgue<\/li>\n<li>10H00\u00a0: Messe \u00e0 la Cath\u00e9drale Notre Dame de l\u2019Assomption, Paroisse Sainte Marie<\/li>\n<li>11H30\u00a0: Exposition du corps, hommages, veill\u00e9e au domicile familial sis derri\u00e8re Les Tsanguettes \u00e0 Angondj\u00e9<\/li>\n<\/ul>\n<ul>\n<li>19H00\u00a0: D\u00e9but de la Veill\u00e9e<\/li>\n<\/ul>\n<p><strong>Samedi 03 ao\u00fbt 2024<\/strong><\/p>\n<ul>\n<li>09H00 : Lev\u00e9e du corps et inhumation au cimeti\u00e8re de Messolo, dans la stricte intimit\u00e9 familiale<\/li>\n<li>12H00\u00a0: Cocktail<\/li>\n<li>15H00\u00a0: Fin des obs\u00e8ques.<\/li>\n<\/ul>\n<p><strong>N.B<\/strong>\u00a0: <strong>D\u00e9p\u00f4t de gerbes de fleurs fra\u00eeches uniquement<\/strong>.<\/p>\n","protected":false},"excerpt":{"rendered":"<p>&nbsp; D\u00e9c\u00e9d\u00e9e le 13 juillet 2024 \u00e0 Libreville des suites de maladie \u00e0 l\u2019\u00e2ge de 59 ans, Yolande Christiane NYONDA, ancienne ministre de la r\u00e9publique et fille du p\u00e8re du th\u00e9\u00e2tre gabonais, feu Vincent De Paul NYONDA sera, selon le programme ci-dessous annonc\u00e9 par sa famille, inhum\u00e9e ce week-end \u00e0 Libreville. Les Familles\u00a0:Feu Vincent de [&hellip;]<\/p>\n","protected":false},"author":5,"featured_media":3110,"comment_status":"open","ping_status":"open","sticky":false,"template":"","format":"standard","meta":{"footnotes":""},"categories":[55,56],"tags":[],"class_list":["post-3109","post","type-post","status-publish","format-standard","has-post-thumbnail","hentry","category-actualites","category-societe"],"yoast_head":"<!-- This site is optimized with the Yoast SEO plugin v24.2 - https:\/\/yoast.com\/wordpress\/plugins\/seo\/ -->\n<title>Soci\u00e9t\u00e9\/Obs\u00e8ques : Yolande Christiane NYONDA sera inhum\u00e9e ce week-end \u00e0 Libreville - Gabon Nouvelle Vision<\/title>\n<meta name=\"robots\" content=\"index, follow, max-snippet:-1, max-image-preview:large, max-video-preview:-1\" \/>\n<link rel=\"canonical\" href=\"https:\/\/gabonnouvellevision.com\/gnv\/2024\/07\/31\/societe-obseques-yolande-christiane-nyonda-sera-inhumee-ce-week-end-a-libreville\/\" \/>\n<meta property=\"og:locale\" content=\"fr_FR\" \/>\n<meta property=\"og:type\" content=\"article\" \/>\n<meta property=\"og:title\" content=\"Soci\u00e9t\u00e9\/Obs\u00e8ques : Yolande Christiane NYONDA sera inhum\u00e9e ce week-end \u00e0 Libreville - Gabon Nouvelle Vision\" \/>\n<meta property=\"og:description\" content=\"&nbsp; D\u00e9c\u00e9d\u00e9e le 13 juillet 2024 \u00e0 Libreville des suites de maladie \u00e0 l\u2019\u00e2ge de 59 ans, Yolande Christiane NYONDA, ancienne ministre de la r\u00e9publique et fille du p\u00e8re du th\u00e9\u00e2tre gabonais, feu Vincent De Paul NYONDA sera, selon le programme ci-dessous annonc\u00e9 par sa famille, inhum\u00e9e ce week-end \u00e0 Libreville. Les Familles\u00a0:Feu Vincent de [&hellip;]\" \/>\n<meta property=\"og:url\" content=\"https:\/\/gabonnouvellevision.com\/gnv\/2024\/07\/31\/societe-obseques-yolande-christiane-nyonda-sera-inhumee-ce-week-end-a-libreville\/\" \/>\n<meta property=\"og:site_name\" content=\"Gabon Nouvelle Vision\" \/>\n<meta property=\"article:publisher\" content=\"https:\/\/www.facebook.com\/GNVofficiel\" \/>\n<meta property=\"article:published_time\" content=\"2024-07-31T15:13:59+00:00\" \/>\n<meta property=\"og:image\" content=\"https:\/\/gabonnouvellevision.com\/gnv\/wp-content\/uploads\/2024\/07\/yol.jpg\" \/>\n\t<meta property=\"og:image:width\" content=\"647\" \/>\n\t<meta property=\"og:image:height\" content=\"1080\" \/>\n\t<meta property=\"og:image:type\" content=\"image\/jpeg\" \/>\n<meta name=\"author\" content=\"Junior MBOULET\" \/>\n<meta name=\"twitter:card\" content=\"summary_large_image\" \/>\n<meta name=\"twitter:label1\" content=\"\u00c9crit par\" \/>\n\t<meta name=\"twitter:data1\" content=\"Junior MBOULET\" \/>\n\t<meta name=\"twitter:label2\" content=\"Dur\u00e9e de lecture estim\u00e9e\" \/>\n\t<meta name=\"twitter:data2\" content=\"1 minute\" \/>\n<script type=\"application\/ld+json\" class=\"yoast-schema-graph\">{\"@context\":\"https:\/\/schema.org\",\"@graph\":[{\"@type\":\"Article\",\"@id\":\"https:\/\/gabonnouvellevision.com\/gnv\/2024\/07\/31\/societe-obseques-yolande-christiane-nyonda-sera-inhumee-ce-week-end-a-libreville\/#article\",\"isPartOf\":{\"@id\":\"https:\/\/gabonnouvellevision.com\/gnv\/2024\/07\/31\/societe-obseques-yolande-christiane-nyonda-sera-inhumee-ce-week-end-a-libreville\/\"},\"author\":{\"name\":\"Junior MBOULET\",\"@id\":\"https:\/\/gabonnouvellevision.com\/gnv\/#\/schema\/person\/747bfb82bd833fb5a5a49e7c5031633d\"},\"headline\":\"Soci\u00e9t\u00e9\/Obs\u00e8ques : Yolande Christiane NYONDA sera inhum\u00e9e ce week-end \u00e0 Libreville\",\"datePublished\":\"2024-07-31T15:13:59+00:00\",\"dateModified\":\"2024-07-31T15:13:59+00:00\",\"mainEntityOfPage\":{\"@id\":\"https:\/\/gabonnouvellevision.com\/gnv\/2024\/07\/31\/societe-obseques-yolande-christiane-nyonda-sera-inhumee-ce-week-end-a-libreville\/\"},\"wordCount\":236,\"commentCount\":0,\"publisher\":{\"@id\":\"https:\/\/gabonnouvellevision.com\/gnv\/#organization\"},\"image\":{\"@id\":\"https:\/\/gabonnouvellevision.com\/gnv\/2024\/07\/31\/societe-obseques-yolande-christiane-nyonda-sera-inhumee-ce-week-end-a-libreville\/#primaryimage\"},\"thumbnailUrl\":\"https:\/\/gabonnouvellevision.com\/gnv\/wp-content\/uploads\/2024\/07\/yol.jpg\",\"articleSection\":[\"Actualites\",\"Societe\"],\"inLanguage\":\"fr-FR\",\"potentialAction\":[{\"@type\":\"CommentAction\",\"name\":\"Comment\",\"target\":[\"https:\/\/gabonnouvellevision.com\/gnv\/2024\/07\/31\/societe-obseques-yolande-christiane-nyonda-sera-inhumee-ce-week-end-a-libreville\/#respond\"]}]},{\"@type\":\"WebPage\",\"@id\":\"https:\/\/gabonnouvellevision.com\/gnv\/2024\/07\/31\/societe-obseques-yolande-christiane-nyonda-sera-inhumee-ce-week-end-a-libreville\/\",\"url\":\"https:\/\/gabonnouvellevision.com\/gnv\/2024\/07\/31\/societe-obseques-yolande-christiane-nyonda-sera-inhumee-ce-week-end-a-libreville\/\",\"name\":\"Soci\u00e9t\u00e9\/Obs\u00e8ques : Yolande Christiane NYONDA sera inhum\u00e9e ce week-end \u00e0 Libreville - Gabon Nouvelle Vision\",\"isPartOf\":{\"@id\":\"https:\/\/gabonnouvellevision.com\/gnv\/#website\"},\"primaryImageOfPage\":{\"@id\":\"https:\/\/gabonnouvellevision.com\/gnv\/2024\/07\/31\/societe-obseques-yolande-christiane-nyonda-sera-inhumee-ce-week-end-a-libreville\/#primaryimage\"},\"image\":{\"@id\":\"https:\/\/gabonnouvellevision.com\/gnv\/2024\/07\/31\/societe-obseques-yolande-christiane-nyonda-sera-inhumee-ce-week-end-a-libreville\/#primaryimage\"},\"thumbnailUrl\":\"https:\/\/gabonnouvellevision.com\/gnv\/wp-content\/uploads\/2024\/07\/yol.jpg\",\"datePublished\":\"2024-07-31T15:13:59+00:00\",\"dateModified\":\"2024-07-31T15:13:59+00:00\",\"breadcrumb\":{\"@id\":\"https:\/\/gabonnouvellevision.com\/gnv\/2024\/07\/31\/societe-obseques-yolande-christiane-nyonda-sera-inhumee-ce-week-end-a-libreville\/#breadcrumb\"},\"inLanguage\":\"fr-FR\",\"potentialAction\":[{\"@type\":\"ReadAction\",\"target\":[\"https:\/\/gabonnouvellevision.com\/gnv\/2024\/07\/31\/societe-obseques-yolande-christiane-nyonda-sera-inhumee-ce-week-end-a-libreville\/\"]}]},{\"@type\":\"ImageObject\",\"inLanguage\":\"fr-FR\",\"@id\":\"https:\/\/gabonnouvellevision.com\/gnv\/2024\/07\/31\/societe-obseques-yolande-christiane-nyonda-sera-inhumee-ce-week-end-a-libreville\/#primaryimage\",\"url\":\"https:\/\/gabonnouvellevision.com\/gnv\/wp-content\/uploads\/2024\/07\/yol.jpg\",\"contentUrl\":\"https:\/\/gabonnouvellevision.com\/gnv\/wp-content\/uploads\/2024\/07\/yol.jpg\",\"width\":647,\"height\":1080},{\"@type\":\"BreadcrumbList\",\"@id\":\"https:\/\/gabonnouvellevision.com\/gnv\/2024\/07\/31\/societe-obseques-yolande-christiane-nyonda-sera-inhumee-ce-week-end-a-libreville\/#breadcrumb\",\"itemListElement\":[{\"@type\":\"ListItem\",\"position\":1,\"name\":\"Accueil\",\"item\":\"https:\/\/gabonnouvellevision.com\/gnv\/\"},{\"@type\":\"ListItem\",\"position\":2,\"name\":\"Soci\u00e9t\u00e9\/Obs\u00e8ques : Yolande Christiane NYONDA sera inhum\u00e9e ce week-end \u00e0 Libreville\"}]},{\"@type\":\"WebSite\",\"@id\":\"https:\/\/gabonnouvellevision.com\/gnv\/#website\",\"url\":\"https:\/\/gabonnouvellevision.com\/gnv\/\",\"name\":\"Gabon Nouvelle Vision\",\"description\":\"\",\"publisher\":{\"@id\":\"https:\/\/gabonnouvellevision.com\/gnv\/#organization\"},\"potentialAction\":[{\"@type\":\"SearchAction\",\"target\":{\"@type\":\"EntryPoint\",\"urlTemplate\":\"https:\/\/gabonnouvellevision.com\/gnv\/?s={search_term_string}\"},\"query-input\":{\"@type\":\"PropertyValueSpecification\",\"valueRequired\":true,\"valueName\":\"search_term_string\"}}],\"inLanguage\":\"fr-FR\"},{\"@type\":\"Organization\",\"@id\":\"https:\/\/gabonnouvellevision.com\/gnv\/#organization\",\"name\":\"Gabon Nouvelle Vision\",\"url\":\"https:\/\/gabonnouvellevision.com\/gnv\/\",\"logo\":{\"@type\":\"ImageObject\",\"inLanguage\":\"fr-FR\",\"@id\":\"https:\/\/gabonnouvellevision.com\/gnv\/#\/schema\/logo\/image\/\",\"url\":\"https:\/\/gabonnouvellevision.com\/gnv\/wp-content\/uploads\/2025\/01\/logo-text_Plan-de-travail-1.png\",\"contentUrl\":\"https:\/\/gabonnouvellevision.com\/gnv\/wp-content\/uploads\/2025\/01\/logo-text_Plan-de-travail-1.png\",\"width\":7169,\"height\":2390,\"caption\":\"Gabon Nouvelle Vision\"},\"image\":{\"@id\":\"https:\/\/gabonnouvellevision.com\/gnv\/#\/schema\/logo\/image\/\"},\"sameAs\":[\"https:\/\/www.facebook.com\/GNVofficiel\"]},{\"@type\":\"Person\",\"@id\":\"https:\/\/gabonnouvellevision.com\/gnv\/#\/schema\/person\/747bfb82bd833fb5a5a49e7c5031633d\",\"name\":\"Junior MBOULET\",\"image\":{\"@type\":\"ImageObject\",\"inLanguage\":\"fr-FR\",\"@id\":\"https:\/\/gabonnouvellevision.com\/gnv\/#\/schema\/person\/image\/\",\"url\":\"https:\/\/secure.gravatar.com\/avatar\/b541278a71f2f5c40b38fff4c93c15b82cf168df8b47ea9d9e97c9c9c716c6f0?s=96&d=mm&r=g\",\"contentUrl\":\"https:\/\/secure.gravatar.com\/avatar\/b541278a71f2f5c40b38fff4c93c15b82cf168df8b47ea9d9e97c9c9c716c6f0?s=96&d=mm&r=g\",\"caption\":\"Junior MBOULET\"},\"url\":\"https:\/\/gabonnouvellevision.com\/gnv\/author\/junior\/\"}]}<\/script>\n<!-- \/ Yoast SEO plugin. -->","yoast_head_json":{"title":"Soci\u00e9t\u00e9\/Obs\u00e8ques : Yolande Christiane NYONDA sera inhum\u00e9e ce week-end \u00e0 Libreville - Gabon Nouvelle Vision","robots":{"index":"index","follow":"follow","max-snippet":"max-snippet:-1","max-image-preview":"max-image-preview:large","max-video-preview":"max-video-preview:-1"},"canonical":"https:\/\/gabonnouvellevision.com\/gnv\/2024\/07\/31\/societe-obseques-yolande-christiane-nyonda-sera-inhumee-ce-week-end-a-libreville\/","og_locale":"fr_FR","og_type":"article","og_title":"Soci\u00e9t\u00e9\/Obs\u00e8ques : Yolande Christiane NYONDA sera inhum\u00e9e ce week-end \u00e0 Libreville - Gabon Nouvelle Vision","og_description":"&nbsp; D\u00e9c\u00e9d\u00e9e le 13 juillet 2024 \u00e0 Libreville des suites de maladie \u00e0 l\u2019\u00e2ge de 59 ans, Yolande Christiane NYONDA, ancienne ministre de la r\u00e9publique et fille du p\u00e8re du th\u00e9\u00e2tre gabonais, feu Vincent De Paul NYONDA sera, selon le programme ci-dessous annonc\u00e9 par sa famille, inhum\u00e9e ce week-end \u00e0 Libreville. Les Familles\u00a0:Feu Vincent de [&hellip;]","og_url":"https:\/\/gabonnouvellevision.com\/gnv\/2024\/07\/31\/societe-obseques-yolande-christiane-nyonda-sera-inhumee-ce-week-end-a-libreville\/","og_site_name":"Gabon Nouvelle Vision","article_publisher":"https:\/\/www.facebook.com\/GNVofficiel","article_published_time":"2024-07-31T15:13:59+00:00","og_image":[{"width":647,"height":1080,"url":"https:\/\/gabonnouvellevision.com\/gnv\/wp-content\/uploads\/2024\/07\/yol.jpg","type":"image\/jpeg"}],"author":"Junior MBOULET","twitter_card":"summary_large_image","twitter_misc":{"\u00c9crit par":"Junior MBOULET","Dur\u00e9e de lecture estim\u00e9e":"1 minute"},"schema":{"@context":"https:\/\/schema.org","@graph":[{"@type":"Article","@id":"https:\/\/gabonnouvellevision.com\/gnv\/2024\/07\/31\/societe-obseques-yolande-christiane-nyonda-sera-inhumee-ce-week-end-a-libreville\/#article","isPartOf":{"@id":"https:\/\/gabonnouvellevision.com\/gnv\/2024\/07\/31\/societe-obseques-yolande-christiane-nyonda-sera-inhumee-ce-week-end-a-libreville\/"},"author":{"name":"Junior MBOULET","@id":"https:\/\/gabonnouvellevision.com\/gnv\/#\/schema\/person\/747bfb82bd833fb5a5a49e7c5031633d"},"headline":"Soci\u00e9t\u00e9\/Obs\u00e8ques : Yolande Christiane NYONDA sera inhum\u00e9e ce week-end \u00e0 Libreville","datePublished":"2024-07-31T15:13:59+00:00","dateModified":"2024-07-31T15:13:59+00:00","mainEntityOfPage":{"@id":"https:\/\/gabonnouvellevision.com\/gnv\/2024\/07\/31\/societe-obseques-yolande-christiane-nyonda-sera-inhumee-ce-week-end-a-libreville\/"},"wordCount":236,"commentCount":0,"publisher":{"@id":"https:\/\/gabonnouvellevision.com\/gnv\/#organization"},"image":{"@id":"https:\/\/gabonnouvellevision.com\/gnv\/2024\/07\/31\/societe-obseques-yolande-christiane-nyonda-sera-inhumee-ce-week-end-a-libreville\/#primaryimage"},"thumbnailUrl":"https:\/\/gabonnouvellevision.com\/gnv\/wp-content\/uploads\/2024\/07\/yol.jpg","articleSection":["Actualites","Societe"],"inLanguage":"fr-FR","potentialAction":[{"@type":"CommentAction","name":"Comment","target":["https:\/\/gabonnouvellevision.com\/gnv\/2024\/07\/31\/societe-obseques-yolande-christiane-nyonda-sera-inhumee-ce-week-end-a-libreville\/#respond"]}]},{"@type":"WebPage","@id":"https:\/\/gabonnouvellevision.com\/gnv\/2024\/07\/31\/societe-obseques-yolande-christiane-nyonda-sera-inhumee-ce-week-end-a-libreville\/","url":"https:\/\/gabonnouvellevision.com\/gnv\/2024\/07\/31\/societe-obseques-yolande-christiane-nyonda-sera-inhumee-ce-week-end-a-libreville\/","name":"Soci\u00e9t\u00e9\/Obs\u00e8ques : Yolande Christiane NYONDA sera inhum\u00e9e ce week-end \u00e0 Libreville - Gabon Nouvelle Vision","isPartOf":{"@id":"https:\/\/gabonnouvellevision.com\/gnv\/#website"},"primaryImageOfPage":{"@id":"https:\/\/gabonnouvellevision.com\/gnv\/2024\/07\/31\/societe-obseques-yolande-christiane-nyonda-sera-inhumee-ce-week-end-a-libreville\/#primaryimage"},"image":{"@id":"https:\/\/gabonnouvellevision.com\/gnv\/2024\/07\/31\/societe-obseques-yolande-christiane-nyonda-sera-inhumee-ce-week-end-a-libreville\/#primaryimage"},"thumbnailUrl":"https:\/\/gabonnouvellevision.com\/gnv\/wp-content\/uploads\/2024\/07\/yol.jpg","datePublished":"2024-07-31T15:13:59+00:00","dateModified":"2024-07-31T15:13:59+00:00","breadcrumb":{"@id":"https:\/\/gabonnouvellevision.com\/gnv\/2024\/07\/31\/societe-obseques-yolande-christiane-nyonda-sera-inhumee-ce-week-end-a-libreville\/#breadcrumb"},"inLanguage":"fr-FR","potentialAction":[{"@type":"ReadAction","target":["https:\/\/gabonnouvellevision.com\/gnv\/2024\/07\/31\/societe-obseques-yolande-christiane-nyonda-sera-inhumee-ce-week-end-a-libreville\/"]}]},{"@type":"ImageObject","inLanguage":"fr-FR","@id":"https:\/\/gabonnouvellevision.com\/gnv\/2024\/07\/31\/societe-obseques-yolande-christiane-nyonda-sera-inhumee-ce-week-end-a-libreville\/#primaryimage","url":"https:\/\/gabonnouvellevision.com\/gnv\/wp-content\/uploads\/2024\/07\/yol.jpg","contentUrl":"https:\/\/gabonnouvellevision.com\/gnv\/wp-content\/uploads\/2024\/07\/yol.jpg","width":647,"height":1080},{"@type":"BreadcrumbList","@id":"https:\/\/gabonnouvellevision.com\/gnv\/2024\/07\/31\/societe-obseques-yolande-christiane-nyonda-sera-inhumee-ce-week-end-a-libreville\/#breadcrumb","itemListElement":[{"@type":"ListItem","position":1,"name":"Accueil","item":"https:\/\/gabonnouvellevision.com\/gnv\/"},{"@type":"ListItem","position":2,"name":"Soci\u00e9t\u00e9\/Obs\u00e8ques : Yolande Christiane NYONDA sera inhum\u00e9e ce week-end \u00e0 Libreville"}]},{"@type":"WebSite","@id":"https:\/\/gabonnouvellevision.com\/gnv\/#website","url":"https:\/\/gabonnouvellevision.com\/gnv\/","name":"Gabon Nouvelle Vision","description":"","publisher":{"@id":"https:\/\/gabonnouvellevision.com\/gnv\/#organization"},"potentialAction":[{"@type":"SearchAction","target":{"@type":"EntryPoint","urlTemplate":"https:\/\/gabonnouvellevision.com\/gnv\/?s={search_term_string}"},"query-input":{"@type":"PropertyValueSpecification","valueRequired":true,"valueName":"search_term_string"}}],"inLanguage":"fr-FR"},{"@type":"Organization","@id":"https:\/\/gabonnouvellevision.com\/gnv\/#organization","name":"Gabon Nouvelle Vision","url":"https:\/\/gabonnouvellevision.com\/gnv\/","logo":{"@type":"ImageObject","inLanguage":"fr-FR","@id":"https:\/\/gabonnouvellevision.com\/gnv\/#\/schema\/logo\/image\/","url":"https:\/\/gabonnouvellevision.com\/gnv\/wp-content\/uploads\/2025\/01\/logo-text_Plan-de-travail-1.png","contentUrl":"https:\/\/gabonnouvellevision.com\/gnv\/wp-content\/uploads\/2025\/01\/logo-text_Plan-de-travail-1.png","width":7169,"height":2390,"caption":"Gabon Nouvelle Vision"},"image":{"@id":"https:\/\/gabonnouvellevision.com\/gnv\/#\/schema\/logo\/image\/"},"sameAs":["https:\/\/www.facebook.com\/GNVofficiel"]},{"@type":"Person","@id":"https:\/\/gabonnouvellevision.com\/gnv\/#\/schema\/person\/747bfb82bd833fb5a5a49e7c5031633d","name":"Junior MBOULET","image":{"@type":"ImageObject","inLanguage":"fr-FR","@id":"https:\/\/gabonnouvellevision.com\/gnv\/#\/schema\/person\/image\/","url":"https:\/\/secure.gravatar.com\/avatar\/b541278a71f2f5c40b38fff4c93c15b82cf168df8b47ea9d9e97c9c9c716c6f0?s=96&d=mm&r=g","contentUrl":"https:\/\/secure.gravatar.com\/avatar\/b541278a71f2f5c40b38fff4c93c15b82cf168df8b47ea9d9e97c9c9c716c6f0?s=96&d=mm&r=g","caption":"Junior MBOULET"},"url":"https:\/\/gabonnouvellevision.com\/gnv\/author\/junior\/"}]}},"_links":{"self":[{"href":"https:\/\/gabonnouvellevision.com\/gnv\/wp-json\/wp\/v2\/posts\/3109","targetHints":{"allow":["GET"]}}],"collection":[{"href":"https:\/\/gabonnouvellevision.com\/gnv\/wp-json\/wp\/v2\/posts"}],"about":[{"href":"https:\/\/gabonnouvellevision.com\/gnv\/wp-json\/wp\/v2\/types\/post"}],"author":[{"embeddable":true,"href":"https:\/\/gabonnouvellevision.com\/gnv\/wp-json\/wp\/v2\/users\/5"}],"replies":[{"embeddable":true,"href":"https:\/\/gabonnouvellevision.com\/gnv\/wp-json\/wp\/v2\/comments?post=3109"}],"version-history":[{"count":0,"href":"https:\/\/gabonnouvellevision.com\/gnv\/wp-json\/wp\/v2\/posts\/3109\/revisions"}],"wp:featuredmedia":[{"embeddable":true,"href":"https:\/\/gabonnouvellevision.com\/gnv\/wp-json\/wp\/v2\/media\/3110"}],"wp:attachment":[{"href":"https:\/\/gabonnouvellevision.com\/gnv\/wp-json\/wp\/v2\/media?parent=3109"}],"wp:term":[{"taxonomy":"category","embeddable":true,"href":"https:\/\/gabonnouvellevision.com\/gnv\/wp-json\/wp\/v2\/categories?post=3109"},{"taxonomy":"post_tag","embeddable":true,"href":"https:\/\/gabonnouvellevision.com\/gnv\/wp-json\/wp\/v2\/tags?post=3109"}],"curies":[{"name":"wp","href":"https:\/\/api.w.org\/{rel}","templated":true}]}}