{"id":3059,"date":"2024-06-28T09:28:01","date_gmt":"2024-06-28T08:28:01","guid":{"rendered":"https:\/\/gabonnouvellevision.com\/gnv\/?p=3059"},"modified":"2024-06-28T09:28:01","modified_gmt":"2024-06-28T08:28:01","slug":"renouvellement-des-voeux-des-filles-de-sacre-coeur-de-medouneu","status":"publish","type":"post","link":"https:\/\/gabonnouvellevision.com\/gnv\/2024\/06\/28\/renouvellement-des-voeux-des-filles-de-sacre-coeur-de-medouneu\/","title":{"rendered":"Renouvellement des v\u0153ux des Filles de Sacr\u00e9 C\u0153ur de Medouneu"},"content":{"rendered":"<p><em><strong>La congr\u00e9gation f\u00e9minine des filles de Sacr\u00e9 C\u0153ur de J\u00e9sus de Medouneu vient de renouveler ses v\u0153ux perp\u00e9tuels aupr\u00e8s de l\u2019\u00e9v\u00eaque d\u2019Oyem, Mgr Jean Vincent Ondo Eyene \u00e0 l\u2019\u00e9v\u00each\u00e9 d\u2019Oyem. Un exercice spirituel conforme au droit canonique de l\u2019\u00e9glise Catholique Apostolique et Romaine<\/strong><\/em>.<\/p>\n<p>\u201cNous sommes les Filles du Sacr\u00e9 C\u0153ur de J\u00e9sus de Medouneu. L\u2019\u00e9v\u00eaque du Dioc\u00e8se d\u2019Oyem nous a reconnu en tant qu\u2019Association pieuse. Et chaque ann\u00e9e, nous venons aupr\u00e8s de Lui pour renouveler\u00a0 nos v\u0153ux d\u2019engagements pour suivre J\u00e9sus. On vient de renouveler les v\u0153ux pour un an. Et chaque ann\u00e9e nous le faisons selon le droit canonique\u201d a d\u00e9clar\u00e9 la sup\u00e9rieure G\u00e9n\u00e9rale des Filles de Sacr\u00e9 C\u0153ur \u00e0 la presse dioc\u00e9saine hier \u00e0 l\u2019\u00e9v\u00each\u00e9 d\u2019Oyem.<\/p>\n<p>Ce renouvellement des v\u0153ux Filles de Sacr\u00e9 C\u0153ur de J\u00e9sus de Medouneu, \u00a0intervient \u00e0 quelques heures seulement de l\u2019ordination sacerdotale ce samedi 29 juin 2024 en la cath\u00e9drale Saint Charles Lwanga d\u2019Oyem de trois nouveaux Bergers de l\u2019\u00e9glise Catholique Apostolique et Romaine \u00e0 savoir:\u00a0 les Abb\u00e9s Francis Debrascard Ndong Obame, Nervel Saint Laurent Nzu\u00e9 Nguema,\u00a0 et Quesquin Lylyan Minko Meyong,\u00a0 par l\u2019Ordinaire du Lieu, Mgr Jean Vincent Ondo Eyene.<\/p>\n<p><strong>\u00a0 \u00a0 \u00a0 \u00a0 \u00a0 \u00a0 Rufin Martial Oke Nze<\/strong><\/p>\n<p>&nbsp;<\/p>\n","protected":false},"excerpt":{"rendered":"<p>La congr\u00e9gation f\u00e9minine des filles de Sacr\u00e9 C\u0153ur de J\u00e9sus de Medouneu vient de renouveler ses v\u0153ux perp\u00e9tuels aupr\u00e8s de l\u2019\u00e9v\u00eaque d\u2019Oyem, Mgr Jean Vincent Ondo Eyene \u00e0 l\u2019\u00e9v\u00each\u00e9 d\u2019Oyem. Un exercice spirituel conforme au droit canonique de l\u2019\u00e9glise Catholique Apostolique et Romaine. \u201cNous sommes les Filles du Sacr\u00e9 C\u0153ur de J\u00e9sus de Medouneu. L\u2019\u00e9v\u00eaque [&hellip;]<\/p>\n","protected":false},"author":7,"featured_media":3060,"comment_status":"open","ping_status":"open","sticky":false,"template":"","format":"standard","meta":{"footnotes":""},"categories":[64],"tags":[],"class_list":["post-3059","post","type-post","status-publish","format-standard","has-post-thumbnail","hentry","category-religion"],"yoast_head":"<!-- This site is optimized with the Yoast SEO plugin v24.2 - https:\/\/yoast.com\/wordpress\/plugins\/seo\/ -->\n<title>Renouvellement des v\u0153ux des Filles de Sacr\u00e9 C\u0153ur de Medouneu - Gabon Nouvelle Vision<\/title>\n<meta name=\"robots\" content=\"index, follow, max-snippet:-1, max-image-preview:large, max-video-preview:-1\" \/>\n<link rel=\"canonical\" href=\"https:\/\/gabonnouvellevision.com\/gnv\/2024\/06\/28\/renouvellement-des-voeux-des-filles-de-sacre-coeur-de-medouneu\/\" \/>\n<meta property=\"og:locale\" content=\"fr_FR\" \/>\n<meta property=\"og:type\" content=\"article\" \/>\n<meta property=\"og:title\" content=\"Renouvellement des v\u0153ux des Filles de Sacr\u00e9 C\u0153ur de Medouneu - Gabon Nouvelle Vision\" \/>\n<meta property=\"og:description\" content=\"La congr\u00e9gation f\u00e9minine des filles de Sacr\u00e9 C\u0153ur de J\u00e9sus de Medouneu vient de renouveler ses v\u0153ux perp\u00e9tuels aupr\u00e8s de l\u2019\u00e9v\u00eaque d\u2019Oyem, Mgr Jean Vincent Ondo Eyene \u00e0 l\u2019\u00e9v\u00each\u00e9 d\u2019Oyem. Un exercice spirituel conforme au droit canonique de l\u2019\u00e9glise Catholique Apostolique et Romaine. \u201cNous sommes les Filles du Sacr\u00e9 C\u0153ur de J\u00e9sus de Medouneu. L\u2019\u00e9v\u00eaque [&hellip;]\" \/>\n<meta property=\"og:url\" content=\"https:\/\/gabonnouvellevision.com\/gnv\/2024\/06\/28\/renouvellement-des-voeux-des-filles-de-sacre-coeur-de-medouneu\/\" \/>\n<meta property=\"og:site_name\" content=\"Gabon Nouvelle Vision\" \/>\n<meta property=\"article:publisher\" content=\"https:\/\/www.facebook.com\/GNVofficiel\" \/>\n<meta property=\"article:published_time\" content=\"2024-06-28T08:28:01+00:00\" \/>\n<meta property=\"og:image\" content=\"https:\/\/gabonnouvellevision.com\/gnv\/wp-content\/uploads\/2024\/06\/448931904_1531502091056204_7606566691726971201_n.jpg\" \/>\n\t<meta property=\"og:image:width\" content=\"2048\" \/>\n\t<meta property=\"og:image:height\" content=\"899\" \/>\n\t<meta property=\"og:image:type\" content=\"image\/jpeg\" \/>\n<meta name=\"author\" content=\"Eyeng Obame\" \/>\n<meta name=\"twitter:card\" content=\"summary_large_image\" \/>\n<meta name=\"twitter:label1\" content=\"\u00c9crit par\" \/>\n\t<meta name=\"twitter:data1\" content=\"Eyeng Obame\" \/>\n\t<meta name=\"twitter:label2\" content=\"Dur\u00e9e de lecture estim\u00e9e\" \/>\n\t<meta name=\"twitter:data2\" content=\"1 minute\" \/>\n<script type=\"application\/ld+json\" class=\"yoast-schema-graph\">{\"@context\":\"https:\/\/schema.org\",\"@graph\":[{\"@type\":\"Article\",\"@id\":\"https:\/\/gabonnouvellevision.com\/gnv\/2024\/06\/28\/renouvellement-des-voeux-des-filles-de-sacre-coeur-de-medouneu\/#article\",\"isPartOf\":{\"@id\":\"https:\/\/gabonnouvellevision.com\/gnv\/2024\/06\/28\/renouvellement-des-voeux-des-filles-de-sacre-coeur-de-medouneu\/\"},\"author\":{\"name\":\"Eyeng Obame\",\"@id\":\"https:\/\/gabonnouvellevision.com\/gnv\/#\/schema\/person\/4b48e07d222f83c0285affc3704bc899\"},\"headline\":\"Renouvellement des v\u0153ux des Filles de Sacr\u00e9 C\u0153ur de Medouneu\",\"datePublished\":\"2024-06-28T08:28:01+00:00\",\"dateModified\":\"2024-06-28T08:28:01+00:00\",\"mainEntityOfPage\":{\"@id\":\"https:\/\/gabonnouvellevision.com\/gnv\/2024\/06\/28\/renouvellement-des-voeux-des-filles-de-sacre-coeur-de-medouneu\/\"},\"wordCount\":243,\"commentCount\":0,\"publisher\":{\"@id\":\"https:\/\/gabonnouvellevision.com\/gnv\/#organization\"},\"image\":{\"@id\":\"https:\/\/gabonnouvellevision.com\/gnv\/2024\/06\/28\/renouvellement-des-voeux-des-filles-de-sacre-coeur-de-medouneu\/#primaryimage\"},\"thumbnailUrl\":\"https:\/\/gabonnouvellevision.com\/gnv\/wp-content\/uploads\/2024\/06\/448931904_1531502091056204_7606566691726971201_n.jpg\",\"articleSection\":[\"Religion\"],\"inLanguage\":\"fr-FR\",\"potentialAction\":[{\"@type\":\"CommentAction\",\"name\":\"Comment\",\"target\":[\"https:\/\/gabonnouvellevision.com\/gnv\/2024\/06\/28\/renouvellement-des-voeux-des-filles-de-sacre-coeur-de-medouneu\/#respond\"]}]},{\"@type\":\"WebPage\",\"@id\":\"https:\/\/gabonnouvellevision.com\/gnv\/2024\/06\/28\/renouvellement-des-voeux-des-filles-de-sacre-coeur-de-medouneu\/\",\"url\":\"https:\/\/gabonnouvellevision.com\/gnv\/2024\/06\/28\/renouvellement-des-voeux-des-filles-de-sacre-coeur-de-medouneu\/\",\"name\":\"Renouvellement des v\u0153ux des Filles de Sacr\u00e9 C\u0153ur de Medouneu - Gabon Nouvelle Vision\",\"isPartOf\":{\"@id\":\"https:\/\/gabonnouvellevision.com\/gnv\/#website\"},\"primaryImageOfPage\":{\"@id\":\"https:\/\/gabonnouvellevision.com\/gnv\/2024\/06\/28\/renouvellement-des-voeux-des-filles-de-sacre-coeur-de-medouneu\/#primaryimage\"},\"image\":{\"@id\":\"https:\/\/gabonnouvellevision.com\/gnv\/2024\/06\/28\/renouvellement-des-voeux-des-filles-de-sacre-coeur-de-medouneu\/#primaryimage\"},\"thumbnailUrl\":\"https:\/\/gabonnouvellevision.com\/gnv\/wp-content\/uploads\/2024\/06\/448931904_1531502091056204_7606566691726971201_n.jpg\",\"datePublished\":\"2024-06-28T08:28:01+00:00\",\"dateModified\":\"2024-06-28T08:28:01+00:00\",\"breadcrumb\":{\"@id\":\"https:\/\/gabonnouvellevision.com\/gnv\/2024\/06\/28\/renouvellement-des-voeux-des-filles-de-sacre-coeur-de-medouneu\/#breadcrumb\"},\"inLanguage\":\"fr-FR\",\"potentialAction\":[{\"@type\":\"ReadAction\",\"target\":[\"https:\/\/gabonnouvellevision.com\/gnv\/2024\/06\/28\/renouvellement-des-voeux-des-filles-de-sacre-coeur-de-medouneu\/\"]}]},{\"@type\":\"ImageObject\",\"inLanguage\":\"fr-FR\",\"@id\":\"https:\/\/gabonnouvellevision.com\/gnv\/2024\/06\/28\/renouvellement-des-voeux-des-filles-de-sacre-coeur-de-medouneu\/#primaryimage\",\"url\":\"https:\/\/gabonnouvellevision.com\/gnv\/wp-content\/uploads\/2024\/06\/448931904_1531502091056204_7606566691726971201_n.jpg\",\"contentUrl\":\"https:\/\/gabonnouvellevision.com\/gnv\/wp-content\/uploads\/2024\/06\/448931904_1531502091056204_7606566691726971201_n.jpg\",\"width\":2048,\"height\":899},{\"@type\":\"BreadcrumbList\",\"@id\":\"https:\/\/gabonnouvellevision.com\/gnv\/2024\/06\/28\/renouvellement-des-voeux-des-filles-de-sacre-coeur-de-medouneu\/#breadcrumb\",\"itemListElement\":[{\"@type\":\"ListItem\",\"position\":1,\"name\":\"Accueil\",\"item\":\"https:\/\/gabonnouvellevision.com\/gnv\/\"},{\"@type\":\"ListItem\",\"position\":2,\"name\":\"Renouvellement des v\u0153ux des Filles de Sacr\u00e9 C\u0153ur de Medouneu\"}]},{\"@type\":\"WebSite\",\"@id\":\"https:\/\/gabonnouvellevision.com\/gnv\/#website\",\"url\":\"https:\/\/gabonnouvellevision.com\/gnv\/\",\"name\":\"Gabon Nouvelle Vision\",\"description\":\"\",\"publisher\":{\"@id\":\"https:\/\/gabonnouvellevision.com\/gnv\/#organization\"},\"potentialAction\":[{\"@type\":\"SearchAction\",\"target\":{\"@type\":\"EntryPoint\",\"urlTemplate\":\"https:\/\/gabonnouvellevision.com\/gnv\/?s={search_term_string}\"},\"query-input\":{\"@type\":\"PropertyValueSpecification\",\"valueRequired\":true,\"valueName\":\"search_term_string\"}}],\"inLanguage\":\"fr-FR\"},{\"@type\":\"Organization\",\"@id\":\"https:\/\/gabonnouvellevision.com\/gnv\/#organization\",\"name\":\"Gabon Nouvelle Vision\",\"url\":\"https:\/\/gabonnouvellevision.com\/gnv\/\",\"logo\":{\"@type\":\"ImageObject\",\"inLanguage\":\"fr-FR\",\"@id\":\"https:\/\/gabonnouvellevision.com\/gnv\/#\/schema\/logo\/image\/\",\"url\":\"https:\/\/gabonnouvellevision.com\/gnv\/wp-content\/uploads\/2025\/01\/logo-text_Plan-de-travail-1.png\",\"contentUrl\":\"https:\/\/gabonnouvellevision.com\/gnv\/wp-content\/uploads\/2025\/01\/logo-text_Plan-de-travail-1.png\",\"width\":7169,\"height\":2390,\"caption\":\"Gabon Nouvelle Vision\"},\"image\":{\"@id\":\"https:\/\/gabonnouvellevision.com\/gnv\/#\/schema\/logo\/image\/\"},\"sameAs\":[\"https:\/\/www.facebook.com\/GNVofficiel\"]},{\"@type\":\"Person\",\"@id\":\"https:\/\/gabonnouvellevision.com\/gnv\/#\/schema\/person\/4b48e07d222f83c0285affc3704bc899\",\"name\":\"Eyeng Obame\",\"image\":{\"@type\":\"ImageObject\",\"inLanguage\":\"fr-FR\",\"@id\":\"https:\/\/gabonnouvellevision.com\/gnv\/#\/schema\/person\/image\/\",\"url\":\"https:\/\/secure.gravatar.com\/avatar\/167bc03b8baf3c77318a47159f80871de6f5a6cbf4bc8b6af750fbc1a369d7bf?s=96&d=mm&r=g\",\"contentUrl\":\"https:\/\/secure.gravatar.com\/avatar\/167bc03b8baf3c77318a47159f80871de6f5a6cbf4bc8b6af750fbc1a369d7bf?s=96&d=mm&r=g\",\"caption\":\"Eyeng Obame\"},\"url\":\"https:\/\/gabonnouvellevision.com\/gnv\/author\/rufin\/\"}]}<\/script>\n<!-- \/ Yoast SEO plugin. -->","yoast_head_json":{"title":"Renouvellement des v\u0153ux des Filles de Sacr\u00e9 C\u0153ur de Medouneu - Gabon Nouvelle Vision","robots":{"index":"index","follow":"follow","max-snippet":"max-snippet:-1","max-image-preview":"max-image-preview:large","max-video-preview":"max-video-preview:-1"},"canonical":"https:\/\/gabonnouvellevision.com\/gnv\/2024\/06\/28\/renouvellement-des-voeux-des-filles-de-sacre-coeur-de-medouneu\/","og_locale":"fr_FR","og_type":"article","og_title":"Renouvellement des v\u0153ux des Filles de Sacr\u00e9 C\u0153ur de Medouneu - Gabon Nouvelle Vision","og_description":"La congr\u00e9gation f\u00e9minine des filles de Sacr\u00e9 C\u0153ur de J\u00e9sus de Medouneu vient de renouveler ses v\u0153ux perp\u00e9tuels aupr\u00e8s de l\u2019\u00e9v\u00eaque d\u2019Oyem, Mgr Jean Vincent Ondo Eyene \u00e0 l\u2019\u00e9v\u00each\u00e9 d\u2019Oyem. Un exercice spirituel conforme au droit canonique de l\u2019\u00e9glise Catholique Apostolique et Romaine. \u201cNous sommes les Filles du Sacr\u00e9 C\u0153ur de J\u00e9sus de Medouneu. L\u2019\u00e9v\u00eaque [&hellip;]","og_url":"https:\/\/gabonnouvellevision.com\/gnv\/2024\/06\/28\/renouvellement-des-voeux-des-filles-de-sacre-coeur-de-medouneu\/","og_site_name":"Gabon Nouvelle Vision","article_publisher":"https:\/\/www.facebook.com\/GNVofficiel","article_published_time":"2024-06-28T08:28:01+00:00","og_image":[{"width":2048,"height":899,"url":"https:\/\/gabonnouvellevision.com\/gnv\/wp-content\/uploads\/2024\/06\/448931904_1531502091056204_7606566691726971201_n.jpg","type":"image\/jpeg"}],"author":"Eyeng Obame","twitter_card":"summary_large_image","twitter_misc":{"\u00c9crit par":"Eyeng Obame","Dur\u00e9e de lecture estim\u00e9e":"1 minute"},"schema":{"@context":"https:\/\/schema.org","@graph":[{"@type":"Article","@id":"https:\/\/gabonnouvellevision.com\/gnv\/2024\/06\/28\/renouvellement-des-voeux-des-filles-de-sacre-coeur-de-medouneu\/#article","isPartOf":{"@id":"https:\/\/gabonnouvellevision.com\/gnv\/2024\/06\/28\/renouvellement-des-voeux-des-filles-de-sacre-coeur-de-medouneu\/"},"author":{"name":"Eyeng Obame","@id":"https:\/\/gabonnouvellevision.com\/gnv\/#\/schema\/person\/4b48e07d222f83c0285affc3704bc899"},"headline":"Renouvellement des v\u0153ux des Filles de Sacr\u00e9 C\u0153ur de Medouneu","datePublished":"2024-06-28T08:28:01+00:00","dateModified":"2024-06-28T08:28:01+00:00","mainEntityOfPage":{"@id":"https:\/\/gabonnouvellevision.com\/gnv\/2024\/06\/28\/renouvellement-des-voeux-des-filles-de-sacre-coeur-de-medouneu\/"},"wordCount":243,"commentCount":0,"publisher":{"@id":"https:\/\/gabonnouvellevision.com\/gnv\/#organization"},"image":{"@id":"https:\/\/gabonnouvellevision.com\/gnv\/2024\/06\/28\/renouvellement-des-voeux-des-filles-de-sacre-coeur-de-medouneu\/#primaryimage"},"thumbnailUrl":"https:\/\/gabonnouvellevision.com\/gnv\/wp-content\/uploads\/2024\/06\/448931904_1531502091056204_7606566691726971201_n.jpg","articleSection":["Religion"],"inLanguage":"fr-FR","potentialAction":[{"@type":"CommentAction","name":"Comment","target":["https:\/\/gabonnouvellevision.com\/gnv\/2024\/06\/28\/renouvellement-des-voeux-des-filles-de-sacre-coeur-de-medouneu\/#respond"]}]},{"@type":"WebPage","@id":"https:\/\/gabonnouvellevision.com\/gnv\/2024\/06\/28\/renouvellement-des-voeux-des-filles-de-sacre-coeur-de-medouneu\/","url":"https:\/\/gabonnouvellevision.com\/gnv\/2024\/06\/28\/renouvellement-des-voeux-des-filles-de-sacre-coeur-de-medouneu\/","name":"Renouvellement des v\u0153ux des Filles de Sacr\u00e9 C\u0153ur de Medouneu - Gabon Nouvelle Vision","isPartOf":{"@id":"https:\/\/gabonnouvellevision.com\/gnv\/#website"},"primaryImageOfPage":{"@id":"https:\/\/gabonnouvellevision.com\/gnv\/2024\/06\/28\/renouvellement-des-voeux-des-filles-de-sacre-coeur-de-medouneu\/#primaryimage"},"image":{"@id":"https:\/\/gabonnouvellevision.com\/gnv\/2024\/06\/28\/renouvellement-des-voeux-des-filles-de-sacre-coeur-de-medouneu\/#primaryimage"},"thumbnailUrl":"https:\/\/gabonnouvellevision.com\/gnv\/wp-content\/uploads\/2024\/06\/448931904_1531502091056204_7606566691726971201_n.jpg","datePublished":"2024-06-28T08:28:01+00:00","dateModified":"2024-06-28T08:28:01+00:00","breadcrumb":{"@id":"https:\/\/gabonnouvellevision.com\/gnv\/2024\/06\/28\/renouvellement-des-voeux-des-filles-de-sacre-coeur-de-medouneu\/#breadcrumb"},"inLanguage":"fr-FR","potentialAction":[{"@type":"ReadAction","target":["https:\/\/gabonnouvellevision.com\/gnv\/2024\/06\/28\/renouvellement-des-voeux-des-filles-de-sacre-coeur-de-medouneu\/"]}]},{"@type":"ImageObject","inLanguage":"fr-FR","@id":"https:\/\/gabonnouvellevision.com\/gnv\/2024\/06\/28\/renouvellement-des-voeux-des-filles-de-sacre-coeur-de-medouneu\/#primaryimage","url":"https:\/\/gabonnouvellevision.com\/gnv\/wp-content\/uploads\/2024\/06\/448931904_1531502091056204_7606566691726971201_n.jpg","contentUrl":"https:\/\/gabonnouvellevision.com\/gnv\/wp-content\/uploads\/2024\/06\/448931904_1531502091056204_7606566691726971201_n.jpg","width":2048,"height":899},{"@type":"BreadcrumbList","@id":"https:\/\/gabonnouvellevision.com\/gnv\/2024\/06\/28\/renouvellement-des-voeux-des-filles-de-sacre-coeur-de-medouneu\/#breadcrumb","itemListElement":[{"@type":"ListItem","position":1,"name":"Accueil","item":"https:\/\/gabonnouvellevision.com\/gnv\/"},{"@type":"ListItem","position":2,"name":"Renouvellement des v\u0153ux des Filles de Sacr\u00e9 C\u0153ur de Medouneu"}]},{"@type":"WebSite","@id":"https:\/\/gabonnouvellevision.com\/gnv\/#website","url":"https:\/\/gabonnouvellevision.com\/gnv\/","name":"Gabon Nouvelle Vision","description":"","publisher":{"@id":"https:\/\/gabonnouvellevision.com\/gnv\/#organization"},"potentialAction":[{"@type":"SearchAction","target":{"@type":"EntryPoint","urlTemplate":"https:\/\/gabonnouvellevision.com\/gnv\/?s={search_term_string}"},"query-input":{"@type":"PropertyValueSpecification","valueRequired":true,"valueName":"search_term_string"}}],"inLanguage":"fr-FR"},{"@type":"Organization","@id":"https:\/\/gabonnouvellevision.com\/gnv\/#organization","name":"Gabon Nouvelle Vision","url":"https:\/\/gabonnouvellevision.com\/gnv\/","logo":{"@type":"ImageObject","inLanguage":"fr-FR","@id":"https:\/\/gabonnouvellevision.com\/gnv\/#\/schema\/logo\/image\/","url":"https:\/\/gabonnouvellevision.com\/gnv\/wp-content\/uploads\/2025\/01\/logo-text_Plan-de-travail-1.png","contentUrl":"https:\/\/gabonnouvellevision.com\/gnv\/wp-content\/uploads\/2025\/01\/logo-text_Plan-de-travail-1.png","width":7169,"height":2390,"caption":"Gabon Nouvelle Vision"},"image":{"@id":"https:\/\/gabonnouvellevision.com\/gnv\/#\/schema\/logo\/image\/"},"sameAs":["https:\/\/www.facebook.com\/GNVofficiel"]},{"@type":"Person","@id":"https:\/\/gabonnouvellevision.com\/gnv\/#\/schema\/person\/4b48e07d222f83c0285affc3704bc899","name":"Eyeng Obame","image":{"@type":"ImageObject","inLanguage":"fr-FR","@id":"https:\/\/gabonnouvellevision.com\/gnv\/#\/schema\/person\/image\/","url":"https:\/\/secure.gravatar.com\/avatar\/167bc03b8baf3c77318a47159f80871de6f5a6cbf4bc8b6af750fbc1a369d7bf?s=96&d=mm&r=g","contentUrl":"https:\/\/secure.gravatar.com\/avatar\/167bc03b8baf3c77318a47159f80871de6f5a6cbf4bc8b6af750fbc1a369d7bf?s=96&d=mm&r=g","caption":"Eyeng Obame"},"url":"https:\/\/gabonnouvellevision.com\/gnv\/author\/rufin\/"}]}},"_links":{"self":[{"href":"https:\/\/gabonnouvellevision.com\/gnv\/wp-json\/wp\/v2\/posts\/3059","targetHints":{"allow":["GET"]}}],"collection":[{"href":"https:\/\/gabonnouvellevision.com\/gnv\/wp-json\/wp\/v2\/posts"}],"about":[{"href":"https:\/\/gabonnouvellevision.com\/gnv\/wp-json\/wp\/v2\/types\/post"}],"author":[{"embeddable":true,"href":"https:\/\/gabonnouvellevision.com\/gnv\/wp-json\/wp\/v2\/users\/7"}],"replies":[{"embeddable":true,"href":"https:\/\/gabonnouvellevision.com\/gnv\/wp-json\/wp\/v2\/comments?post=3059"}],"version-history":[{"count":0,"href":"https:\/\/gabonnouvellevision.com\/gnv\/wp-json\/wp\/v2\/posts\/3059\/revisions"}],"wp:featuredmedia":[{"embeddable":true,"href":"https:\/\/gabonnouvellevision.com\/gnv\/wp-json\/wp\/v2\/media\/3060"}],"wp:attachment":[{"href":"https:\/\/gabonnouvellevision.com\/gnv\/wp-json\/wp\/v2\/media?parent=3059"}],"wp:term":[{"taxonomy":"category","embeddable":true,"href":"https:\/\/gabonnouvellevision.com\/gnv\/wp-json\/wp\/v2\/categories?post=3059"},{"taxonomy":"post_tag","embeddable":true,"href":"https:\/\/gabonnouvellevision.com\/gnv\/wp-json\/wp\/v2\/tags?post=3059"}],"curies":[{"name":"wp","href":"https:\/\/api.w.org\/{rel}","templated":true}]}}