{"id":3054,"date":"2024-06-26T11:10:53","date_gmt":"2024-06-26T10:10:53","guid":{"rendered":"https:\/\/gabonnouvellevision.com\/gnv\/?p=3054"},"modified":"2024-06-26T11:10:53","modified_gmt":"2024-06-26T10:10:53","slug":"ordinations-presbyterales-ce-samedi-29-juin-2024-a-libreville","status":"publish","type":"post","link":"https:\/\/gabonnouvellevision.com\/gnv\/2024\/06\/26\/ordinations-presbyterales-ce-samedi-29-juin-2024-a-libreville\/","title":{"rendered":"Ordinations presbyt\u00e9rales ce samedi 29 juin 2024 \u00e0 Libreville"},"content":{"rendered":"<p><strong><em>L\u2019Archev\u00eaque M\u00e9tropolitain de Libreville, Mgr Jean Patrick Ibaba, devra ordonner 7 Diacres au sacerdoce, ce samedi 29 juin 2024 \u00e0 partir de 10h en la cath\u00e9drale\u00a0 Notre Dame de l\u2019Assomption-Sainte Marie de Libreville. Une moisson abondante pour l\u2019\u00e9glise famille de Dieu du Gabon en cette p\u00e9riode de crise de vocations \u00e0 travers le monde<\/em><\/strong><strong>.<\/strong><\/p>\n<p>\u201cJ\u2019ai la joie d\u2019annoncer \u00e0 toute la communaut\u00e9 chr\u00e9tienne de l\u2019Archidioc\u00e8se de Libreville, les ordinations presbyt\u00e9rales prochaines des candidats ci-dessous:<\/p>\n<p>1-Diacre Wahinda Wahinda Sosth\u00e8ne<\/p>\n<p>2-Diacre Nziengui Houende Forain<\/p>\n<p>3-DiacreNzaou Makosso Louis Berthole<\/p>\n<p>4-DiacreMouendou Mouloungui Valerien Nectaire<\/p>\n<p>5-Diacre Mintsa Mi Sima Rolin Vianney<\/p>\n<p>6- Diacre Lanydeh Elleng Ndoume Wenceslas<\/p>\n<p>7-Diacre Foubou Bounda Achille\u201d pr\u00e9cise un communiqu\u00e9 de publication de bans de l\u2019Archev\u00each\u00e9 du 31 mai 2024.<\/p>\n<p>Avant de poursuivre: \u201cCes ordinations auront lieu le samedi 29 juin 2024, en la solennit\u00e9 des Saints Pierre et Paul, \u00e0 10h00, en la paroisse Notre Dame de l\u2019Assomption. Toute la communaut\u00e9 chr\u00e9tienne est invit\u00e9e \u00e0 prier pour ces futurs ministres sacr\u00e9s\u201d. Des ordinations qui pourraient \u00eatre report\u00e9es sine die en cas d\u2019anomalies graves en d\u00e9phasage avec la vie chr\u00e9tienne constat\u00e9es sur les candidats par des personnes tiers de la communaut\u00e9 chr\u00e9tienne rappelle l\u2019ordinaire du Lieu.\u201dPar ailleurs, conform\u00e9ment au Code de Droit Canonique ( Canon 104), les fid\u00e8les sont tenus par l\u2019obligation de r\u00e9v\u00e9ler avant l\u2019ordination \u00e0 l\u2019Ordinaire du Lieu ou \u00e0 toute autre autorit\u00e9 dioc\u00e9saine comp\u00e9tente, les emp\u00eachements aux ordres sacr\u00e9s dont ils auraient connaissance concernant l\u2019un des candidats\u201d conclut le communiqu\u00e9.<\/p>\n<p>Des nouveaux Bergers qui devraient ramener dans la bergerie de Christ J\u00e9sus les brebis encore \u00e9gar\u00e9es.<\/p>\n<p><strong>Rufin Martial Oke Nze <\/strong><\/p>\n","protected":false},"excerpt":{"rendered":"<p>L\u2019Archev\u00eaque M\u00e9tropolitain de Libreville, Mgr Jean Patrick Ibaba, devra ordonner 7 Diacres au sacerdoce, ce samedi 29 juin 2024 \u00e0 partir de 10h en la cath\u00e9drale\u00a0 Notre Dame de l\u2019Assomption-Sainte Marie de Libreville. Une moisson abondante pour l\u2019\u00e9glise famille de Dieu du Gabon en cette p\u00e9riode de crise de vocations \u00e0 travers le monde. \u201cJ\u2019ai [&hellip;]<\/p>\n","protected":false},"author":7,"featured_media":3055,"comment_status":"open","ping_status":"open","sticky":false,"template":"","format":"standard","meta":{"footnotes":""},"categories":[64],"tags":[],"class_list":["post-3054","post","type-post","status-publish","format-standard","has-post-thumbnail","hentry","category-religion"],"yoast_head":"<!-- This site is optimized with the Yoast SEO plugin v24.2 - https:\/\/yoast.com\/wordpress\/plugins\/seo\/ -->\n<title>Ordinations presbyt\u00e9rales ce samedi 29 juin 2024 \u00e0 Libreville - Gabon Nouvelle Vision<\/title>\n<meta name=\"robots\" content=\"index, follow, max-snippet:-1, max-image-preview:large, max-video-preview:-1\" \/>\n<link rel=\"canonical\" href=\"https:\/\/gabonnouvellevision.com\/gnv\/2024\/06\/26\/ordinations-presbyterales-ce-samedi-29-juin-2024-a-libreville\/\" \/>\n<meta property=\"og:locale\" content=\"fr_FR\" \/>\n<meta property=\"og:type\" content=\"article\" \/>\n<meta property=\"og:title\" content=\"Ordinations presbyt\u00e9rales ce samedi 29 juin 2024 \u00e0 Libreville - Gabon Nouvelle Vision\" \/>\n<meta property=\"og:description\" content=\"L\u2019Archev\u00eaque M\u00e9tropolitain de Libreville, Mgr Jean Patrick Ibaba, devra ordonner 7 Diacres au sacerdoce, ce samedi 29 juin 2024 \u00e0 partir de 10h en la cath\u00e9drale\u00a0 Notre Dame de l\u2019Assomption-Sainte Marie de Libreville. Une moisson abondante pour l\u2019\u00e9glise famille de Dieu du Gabon en cette p\u00e9riode de crise de vocations \u00e0 travers le monde. \u201cJ\u2019ai [&hellip;]\" \/>\n<meta property=\"og:url\" content=\"https:\/\/gabonnouvellevision.com\/gnv\/2024\/06\/26\/ordinations-presbyterales-ce-samedi-29-juin-2024-a-libreville\/\" \/>\n<meta property=\"og:site_name\" content=\"Gabon Nouvelle Vision\" \/>\n<meta property=\"article:publisher\" content=\"https:\/\/www.facebook.com\/GNVofficiel\" \/>\n<meta property=\"article:published_time\" content=\"2024-06-26T10:10:53+00:00\" \/>\n<meta property=\"og:image\" content=\"https:\/\/gabonnouvellevision.com\/gnv\/wp-content\/uploads\/2024\/06\/448927773_1530072221199191_1958165995440735664_n.jpg\" \/>\n\t<meta property=\"og:image:width\" content=\"959\" \/>\n\t<meta property=\"og:image:height\" content=\"540\" \/>\n\t<meta property=\"og:image:type\" content=\"image\/jpeg\" \/>\n<meta name=\"author\" content=\"Eyeng Obame\" \/>\n<meta name=\"twitter:card\" content=\"summary_large_image\" \/>\n<meta name=\"twitter:label1\" content=\"\u00c9crit par\" \/>\n\t<meta name=\"twitter:data1\" content=\"Eyeng Obame\" \/>\n\t<meta name=\"twitter:label2\" content=\"Dur\u00e9e de lecture estim\u00e9e\" \/>\n\t<meta name=\"twitter:data2\" content=\"1 minute\" \/>\n<script type=\"application\/ld+json\" class=\"yoast-schema-graph\">{\"@context\":\"https:\/\/schema.org\",\"@graph\":[{\"@type\":\"Article\",\"@id\":\"https:\/\/gabonnouvellevision.com\/gnv\/2024\/06\/26\/ordinations-presbyterales-ce-samedi-29-juin-2024-a-libreville\/#article\",\"isPartOf\":{\"@id\":\"https:\/\/gabonnouvellevision.com\/gnv\/2024\/06\/26\/ordinations-presbyterales-ce-samedi-29-juin-2024-a-libreville\/\"},\"author\":{\"name\":\"Eyeng Obame\",\"@id\":\"https:\/\/gabonnouvellevision.com\/gnv\/#\/schema\/person\/4b48e07d222f83c0285affc3704bc899\"},\"headline\":\"Ordinations presbyt\u00e9rales ce samedi 29 juin 2024 \u00e0 Libreville\",\"datePublished\":\"2024-06-26T10:10:53+00:00\",\"dateModified\":\"2024-06-26T10:10:53+00:00\",\"mainEntityOfPage\":{\"@id\":\"https:\/\/gabonnouvellevision.com\/gnv\/2024\/06\/26\/ordinations-presbyterales-ce-samedi-29-juin-2024-a-libreville\/\"},\"wordCount\":296,\"commentCount\":0,\"publisher\":{\"@id\":\"https:\/\/gabonnouvellevision.com\/gnv\/#organization\"},\"image\":{\"@id\":\"https:\/\/gabonnouvellevision.com\/gnv\/2024\/06\/26\/ordinations-presbyterales-ce-samedi-29-juin-2024-a-libreville\/#primaryimage\"},\"thumbnailUrl\":\"https:\/\/gabonnouvellevision.com\/gnv\/wp-content\/uploads\/2024\/06\/448927773_1530072221199191_1958165995440735664_n.jpg\",\"articleSection\":[\"Religion\"],\"inLanguage\":\"fr-FR\",\"potentialAction\":[{\"@type\":\"CommentAction\",\"name\":\"Comment\",\"target\":[\"https:\/\/gabonnouvellevision.com\/gnv\/2024\/06\/26\/ordinations-presbyterales-ce-samedi-29-juin-2024-a-libreville\/#respond\"]}]},{\"@type\":\"WebPage\",\"@id\":\"https:\/\/gabonnouvellevision.com\/gnv\/2024\/06\/26\/ordinations-presbyterales-ce-samedi-29-juin-2024-a-libreville\/\",\"url\":\"https:\/\/gabonnouvellevision.com\/gnv\/2024\/06\/26\/ordinations-presbyterales-ce-samedi-29-juin-2024-a-libreville\/\",\"name\":\"Ordinations presbyt\u00e9rales ce samedi 29 juin 2024 \u00e0 Libreville - Gabon Nouvelle Vision\",\"isPartOf\":{\"@id\":\"https:\/\/gabonnouvellevision.com\/gnv\/#website\"},\"primaryImageOfPage\":{\"@id\":\"https:\/\/gabonnouvellevision.com\/gnv\/2024\/06\/26\/ordinations-presbyterales-ce-samedi-29-juin-2024-a-libreville\/#primaryimage\"},\"image\":{\"@id\":\"https:\/\/gabonnouvellevision.com\/gnv\/2024\/06\/26\/ordinations-presbyterales-ce-samedi-29-juin-2024-a-libreville\/#primaryimage\"},\"thumbnailUrl\":\"https:\/\/gabonnouvellevision.com\/gnv\/wp-content\/uploads\/2024\/06\/448927773_1530072221199191_1958165995440735664_n.jpg\",\"datePublished\":\"2024-06-26T10:10:53+00:00\",\"dateModified\":\"2024-06-26T10:10:53+00:00\",\"breadcrumb\":{\"@id\":\"https:\/\/gabonnouvellevision.com\/gnv\/2024\/06\/26\/ordinations-presbyterales-ce-samedi-29-juin-2024-a-libreville\/#breadcrumb\"},\"inLanguage\":\"fr-FR\",\"potentialAction\":[{\"@type\":\"ReadAction\",\"target\":[\"https:\/\/gabonnouvellevision.com\/gnv\/2024\/06\/26\/ordinations-presbyterales-ce-samedi-29-juin-2024-a-libreville\/\"]}]},{\"@type\":\"ImageObject\",\"inLanguage\":\"fr-FR\",\"@id\":\"https:\/\/gabonnouvellevision.com\/gnv\/2024\/06\/26\/ordinations-presbyterales-ce-samedi-29-juin-2024-a-libreville\/#primaryimage\",\"url\":\"https:\/\/gabonnouvellevision.com\/gnv\/wp-content\/uploads\/2024\/06\/448927773_1530072221199191_1958165995440735664_n.jpg\",\"contentUrl\":\"https:\/\/gabonnouvellevision.com\/gnv\/wp-content\/uploads\/2024\/06\/448927773_1530072221199191_1958165995440735664_n.jpg\",\"width\":959,\"height\":540},{\"@type\":\"BreadcrumbList\",\"@id\":\"https:\/\/gabonnouvellevision.com\/gnv\/2024\/06\/26\/ordinations-presbyterales-ce-samedi-29-juin-2024-a-libreville\/#breadcrumb\",\"itemListElement\":[{\"@type\":\"ListItem\",\"position\":1,\"name\":\"Accueil\",\"item\":\"https:\/\/gabonnouvellevision.com\/gnv\/\"},{\"@type\":\"ListItem\",\"position\":2,\"name\":\"Ordinations presbyt\u00e9rales ce samedi 29 juin 2024 \u00e0 Libreville\"}]},{\"@type\":\"WebSite\",\"@id\":\"https:\/\/gabonnouvellevision.com\/gnv\/#website\",\"url\":\"https:\/\/gabonnouvellevision.com\/gnv\/\",\"name\":\"Gabon Nouvelle Vision\",\"description\":\"\",\"publisher\":{\"@id\":\"https:\/\/gabonnouvellevision.com\/gnv\/#organization\"},\"potentialAction\":[{\"@type\":\"SearchAction\",\"target\":{\"@type\":\"EntryPoint\",\"urlTemplate\":\"https:\/\/gabonnouvellevision.com\/gnv\/?s={search_term_string}\"},\"query-input\":{\"@type\":\"PropertyValueSpecification\",\"valueRequired\":true,\"valueName\":\"search_term_string\"}}],\"inLanguage\":\"fr-FR\"},{\"@type\":\"Organization\",\"@id\":\"https:\/\/gabonnouvellevision.com\/gnv\/#organization\",\"name\":\"Gabon Nouvelle Vision\",\"url\":\"https:\/\/gabonnouvellevision.com\/gnv\/\",\"logo\":{\"@type\":\"ImageObject\",\"inLanguage\":\"fr-FR\",\"@id\":\"https:\/\/gabonnouvellevision.com\/gnv\/#\/schema\/logo\/image\/\",\"url\":\"https:\/\/gabonnouvellevision.com\/gnv\/wp-content\/uploads\/2025\/01\/logo-text_Plan-de-travail-1.png\",\"contentUrl\":\"https:\/\/gabonnouvellevision.com\/gnv\/wp-content\/uploads\/2025\/01\/logo-text_Plan-de-travail-1.png\",\"width\":7169,\"height\":2390,\"caption\":\"Gabon Nouvelle Vision\"},\"image\":{\"@id\":\"https:\/\/gabonnouvellevision.com\/gnv\/#\/schema\/logo\/image\/\"},\"sameAs\":[\"https:\/\/www.facebook.com\/GNVofficiel\"]},{\"@type\":\"Person\",\"@id\":\"https:\/\/gabonnouvellevision.com\/gnv\/#\/schema\/person\/4b48e07d222f83c0285affc3704bc899\",\"name\":\"Eyeng Obame\",\"image\":{\"@type\":\"ImageObject\",\"inLanguage\":\"fr-FR\",\"@id\":\"https:\/\/gabonnouvellevision.com\/gnv\/#\/schema\/person\/image\/\",\"url\":\"https:\/\/secure.gravatar.com\/avatar\/167bc03b8baf3c77318a47159f80871de6f5a6cbf4bc8b6af750fbc1a369d7bf?s=96&d=mm&r=g\",\"contentUrl\":\"https:\/\/secure.gravatar.com\/avatar\/167bc03b8baf3c77318a47159f80871de6f5a6cbf4bc8b6af750fbc1a369d7bf?s=96&d=mm&r=g\",\"caption\":\"Eyeng Obame\"},\"url\":\"https:\/\/gabonnouvellevision.com\/gnv\/author\/rufin\/\"}]}<\/script>\n<!-- \/ Yoast SEO plugin. -->","yoast_head_json":{"title":"Ordinations presbyt\u00e9rales ce samedi 29 juin 2024 \u00e0 Libreville - Gabon Nouvelle Vision","robots":{"index":"index","follow":"follow","max-snippet":"max-snippet:-1","max-image-preview":"max-image-preview:large","max-video-preview":"max-video-preview:-1"},"canonical":"https:\/\/gabonnouvellevision.com\/gnv\/2024\/06\/26\/ordinations-presbyterales-ce-samedi-29-juin-2024-a-libreville\/","og_locale":"fr_FR","og_type":"article","og_title":"Ordinations presbyt\u00e9rales ce samedi 29 juin 2024 \u00e0 Libreville - Gabon Nouvelle Vision","og_description":"L\u2019Archev\u00eaque M\u00e9tropolitain de Libreville, Mgr Jean Patrick Ibaba, devra ordonner 7 Diacres au sacerdoce, ce samedi 29 juin 2024 \u00e0 partir de 10h en la cath\u00e9drale\u00a0 Notre Dame de l\u2019Assomption-Sainte Marie de Libreville. Une moisson abondante pour l\u2019\u00e9glise famille de Dieu du Gabon en cette p\u00e9riode de crise de vocations \u00e0 travers le monde. \u201cJ\u2019ai [&hellip;]","og_url":"https:\/\/gabonnouvellevision.com\/gnv\/2024\/06\/26\/ordinations-presbyterales-ce-samedi-29-juin-2024-a-libreville\/","og_site_name":"Gabon Nouvelle Vision","article_publisher":"https:\/\/www.facebook.com\/GNVofficiel","article_published_time":"2024-06-26T10:10:53+00:00","og_image":[{"width":959,"height":540,"url":"https:\/\/gabonnouvellevision.com\/gnv\/wp-content\/uploads\/2024\/06\/448927773_1530072221199191_1958165995440735664_n.jpg","type":"image\/jpeg"}],"author":"Eyeng Obame","twitter_card":"summary_large_image","twitter_misc":{"\u00c9crit par":"Eyeng Obame","Dur\u00e9e de lecture estim\u00e9e":"1 minute"},"schema":{"@context":"https:\/\/schema.org","@graph":[{"@type":"Article","@id":"https:\/\/gabonnouvellevision.com\/gnv\/2024\/06\/26\/ordinations-presbyterales-ce-samedi-29-juin-2024-a-libreville\/#article","isPartOf":{"@id":"https:\/\/gabonnouvellevision.com\/gnv\/2024\/06\/26\/ordinations-presbyterales-ce-samedi-29-juin-2024-a-libreville\/"},"author":{"name":"Eyeng Obame","@id":"https:\/\/gabonnouvellevision.com\/gnv\/#\/schema\/person\/4b48e07d222f83c0285affc3704bc899"},"headline":"Ordinations presbyt\u00e9rales ce samedi 29 juin 2024 \u00e0 Libreville","datePublished":"2024-06-26T10:10:53+00:00","dateModified":"2024-06-26T10:10:53+00:00","mainEntityOfPage":{"@id":"https:\/\/gabonnouvellevision.com\/gnv\/2024\/06\/26\/ordinations-presbyterales-ce-samedi-29-juin-2024-a-libreville\/"},"wordCount":296,"commentCount":0,"publisher":{"@id":"https:\/\/gabonnouvellevision.com\/gnv\/#organization"},"image":{"@id":"https:\/\/gabonnouvellevision.com\/gnv\/2024\/06\/26\/ordinations-presbyterales-ce-samedi-29-juin-2024-a-libreville\/#primaryimage"},"thumbnailUrl":"https:\/\/gabonnouvellevision.com\/gnv\/wp-content\/uploads\/2024\/06\/448927773_1530072221199191_1958165995440735664_n.jpg","articleSection":["Religion"],"inLanguage":"fr-FR","potentialAction":[{"@type":"CommentAction","name":"Comment","target":["https:\/\/gabonnouvellevision.com\/gnv\/2024\/06\/26\/ordinations-presbyterales-ce-samedi-29-juin-2024-a-libreville\/#respond"]}]},{"@type":"WebPage","@id":"https:\/\/gabonnouvellevision.com\/gnv\/2024\/06\/26\/ordinations-presbyterales-ce-samedi-29-juin-2024-a-libreville\/","url":"https:\/\/gabonnouvellevision.com\/gnv\/2024\/06\/26\/ordinations-presbyterales-ce-samedi-29-juin-2024-a-libreville\/","name":"Ordinations presbyt\u00e9rales ce samedi 29 juin 2024 \u00e0 Libreville - Gabon Nouvelle Vision","isPartOf":{"@id":"https:\/\/gabonnouvellevision.com\/gnv\/#website"},"primaryImageOfPage":{"@id":"https:\/\/gabonnouvellevision.com\/gnv\/2024\/06\/26\/ordinations-presbyterales-ce-samedi-29-juin-2024-a-libreville\/#primaryimage"},"image":{"@id":"https:\/\/gabonnouvellevision.com\/gnv\/2024\/06\/26\/ordinations-presbyterales-ce-samedi-29-juin-2024-a-libreville\/#primaryimage"},"thumbnailUrl":"https:\/\/gabonnouvellevision.com\/gnv\/wp-content\/uploads\/2024\/06\/448927773_1530072221199191_1958165995440735664_n.jpg","datePublished":"2024-06-26T10:10:53+00:00","dateModified":"2024-06-26T10:10:53+00:00","breadcrumb":{"@id":"https:\/\/gabonnouvellevision.com\/gnv\/2024\/06\/26\/ordinations-presbyterales-ce-samedi-29-juin-2024-a-libreville\/#breadcrumb"},"inLanguage":"fr-FR","potentialAction":[{"@type":"ReadAction","target":["https:\/\/gabonnouvellevision.com\/gnv\/2024\/06\/26\/ordinations-presbyterales-ce-samedi-29-juin-2024-a-libreville\/"]}]},{"@type":"ImageObject","inLanguage":"fr-FR","@id":"https:\/\/gabonnouvellevision.com\/gnv\/2024\/06\/26\/ordinations-presbyterales-ce-samedi-29-juin-2024-a-libreville\/#primaryimage","url":"https:\/\/gabonnouvellevision.com\/gnv\/wp-content\/uploads\/2024\/06\/448927773_1530072221199191_1958165995440735664_n.jpg","contentUrl":"https:\/\/gabonnouvellevision.com\/gnv\/wp-content\/uploads\/2024\/06\/448927773_1530072221199191_1958165995440735664_n.jpg","width":959,"height":540},{"@type":"BreadcrumbList","@id":"https:\/\/gabonnouvellevision.com\/gnv\/2024\/06\/26\/ordinations-presbyterales-ce-samedi-29-juin-2024-a-libreville\/#breadcrumb","itemListElement":[{"@type":"ListItem","position":1,"name":"Accueil","item":"https:\/\/gabonnouvellevision.com\/gnv\/"},{"@type":"ListItem","position":2,"name":"Ordinations presbyt\u00e9rales ce samedi 29 juin 2024 \u00e0 Libreville"}]},{"@type":"WebSite","@id":"https:\/\/gabonnouvellevision.com\/gnv\/#website","url":"https:\/\/gabonnouvellevision.com\/gnv\/","name":"Gabon Nouvelle Vision","description":"","publisher":{"@id":"https:\/\/gabonnouvellevision.com\/gnv\/#organization"},"potentialAction":[{"@type":"SearchAction","target":{"@type":"EntryPoint","urlTemplate":"https:\/\/gabonnouvellevision.com\/gnv\/?s={search_term_string}"},"query-input":{"@type":"PropertyValueSpecification","valueRequired":true,"valueName":"search_term_string"}}],"inLanguage":"fr-FR"},{"@type":"Organization","@id":"https:\/\/gabonnouvellevision.com\/gnv\/#organization","name":"Gabon Nouvelle Vision","url":"https:\/\/gabonnouvellevision.com\/gnv\/","logo":{"@type":"ImageObject","inLanguage":"fr-FR","@id":"https:\/\/gabonnouvellevision.com\/gnv\/#\/schema\/logo\/image\/","url":"https:\/\/gabonnouvellevision.com\/gnv\/wp-content\/uploads\/2025\/01\/logo-text_Plan-de-travail-1.png","contentUrl":"https:\/\/gabonnouvellevision.com\/gnv\/wp-content\/uploads\/2025\/01\/logo-text_Plan-de-travail-1.png","width":7169,"height":2390,"caption":"Gabon Nouvelle Vision"},"image":{"@id":"https:\/\/gabonnouvellevision.com\/gnv\/#\/schema\/logo\/image\/"},"sameAs":["https:\/\/www.facebook.com\/GNVofficiel"]},{"@type":"Person","@id":"https:\/\/gabonnouvellevision.com\/gnv\/#\/schema\/person\/4b48e07d222f83c0285affc3704bc899","name":"Eyeng Obame","image":{"@type":"ImageObject","inLanguage":"fr-FR","@id":"https:\/\/gabonnouvellevision.com\/gnv\/#\/schema\/person\/image\/","url":"https:\/\/secure.gravatar.com\/avatar\/167bc03b8baf3c77318a47159f80871de6f5a6cbf4bc8b6af750fbc1a369d7bf?s=96&d=mm&r=g","contentUrl":"https:\/\/secure.gravatar.com\/avatar\/167bc03b8baf3c77318a47159f80871de6f5a6cbf4bc8b6af750fbc1a369d7bf?s=96&d=mm&r=g","caption":"Eyeng Obame"},"url":"https:\/\/gabonnouvellevision.com\/gnv\/author\/rufin\/"}]}},"_links":{"self":[{"href":"https:\/\/gabonnouvellevision.com\/gnv\/wp-json\/wp\/v2\/posts\/3054","targetHints":{"allow":["GET"]}}],"collection":[{"href":"https:\/\/gabonnouvellevision.com\/gnv\/wp-json\/wp\/v2\/posts"}],"about":[{"href":"https:\/\/gabonnouvellevision.com\/gnv\/wp-json\/wp\/v2\/types\/post"}],"author":[{"embeddable":true,"href":"https:\/\/gabonnouvellevision.com\/gnv\/wp-json\/wp\/v2\/users\/7"}],"replies":[{"embeddable":true,"href":"https:\/\/gabonnouvellevision.com\/gnv\/wp-json\/wp\/v2\/comments?post=3054"}],"version-history":[{"count":0,"href":"https:\/\/gabonnouvellevision.com\/gnv\/wp-json\/wp\/v2\/posts\/3054\/revisions"}],"wp:featuredmedia":[{"embeddable":true,"href":"https:\/\/gabonnouvellevision.com\/gnv\/wp-json\/wp\/v2\/media\/3055"}],"wp:attachment":[{"href":"https:\/\/gabonnouvellevision.com\/gnv\/wp-json\/wp\/v2\/media?parent=3054"}],"wp:term":[{"taxonomy":"category","embeddable":true,"href":"https:\/\/gabonnouvellevision.com\/gnv\/wp-json\/wp\/v2\/categories?post=3054"},{"taxonomy":"post_tag","embeddable":true,"href":"https:\/\/gabonnouvellevision.com\/gnv\/wp-json\/wp\/v2\/tags?post=3054"}],"curies":[{"name":"wp","href":"https:\/\/api.w.org\/{rel}","templated":true}]}}