{"id":3033,"date":"2024-06-21T11:23:37","date_gmt":"2024-06-21T10:23:37","guid":{"rendered":"https:\/\/gabonnouvellevision.com\/gnv\/?p=3033"},"modified":"2024-06-21T11:23:37","modified_gmt":"2024-06-21T10:23:37","slug":"le-president-de-la-transition-brice-clotaire-oligui-nguema-ce-vendredi-21-juin-a-lambarene","status":"publish","type":"post","link":"https:\/\/gabonnouvellevision.com\/gnv\/2024\/06\/21\/le-president-de-la-transition-brice-clotaire-oligui-nguema-ce-vendredi-21-juin-a-lambarene\/","title":{"rendered":"Le Pr\u00e9sident de la Transition, Brice Clotaire Oligui Nguema, ce vendredi 21 juin \u00e0 Lambar\u00e9n\u00e9"},"content":{"rendered":"<p><em><b><span style=\"font-size: 14.0pt; font-family: 'Palatino Linotype','serif';\">Le Pr\u00e9sident de la Transition, Brice Clotaire Oligui Nguema, devra fouler le sol Migov\u00e9en notamment le chef- lieu de Province Lambar\u00e9n\u00e9, ce vendredi 21 juin 2024, dans le cadre de la poursuite de sa tourn\u00e9e R\u00e9publicaine entam\u00e9e depuis quelques mois. La Province du Moyen Ogoou\u00e9 constitue la 6\u00e8me \u00e9tape de son p\u00e9riple national dans l\u2019hinterland<\/span><\/b><\/em><strong><span style=\"font-size: 14.0pt; font-family: 'Palatino Linotype','serif';\">.<\/span><\/strong><\/p>\n<p><span style=\"font-size: 14.0pt; font-family: 'Palatino Linotype','serif';\">La ville du Grand Blanc, Albert Schweitzer, vibre au rythme des sons et musiques \u00e0 compter de ce vendredi 21 juin 2024,\u00a0 et ce, jusqu\u2019\u00e0 lundi prochain, en raison de la tourn\u00e9e R\u00e9publicaine de Brice Clotaire Oligui Nguema dans cette partie du pays.<\/span><\/p>\n<p><span style=\"font-size: 14.0pt; font-family: 'Palatino Linotype','serif';\">Trois jours durant, le Pr\u00e9sident de la R\u00e9publique devra passer aux cribles les difficult\u00e9s auxquelles font face les populations du centre du Gabon avant de proposer quelques pistes de solutions optimales en vue de leur bien-\u00eatre .<\/span><\/p>\n<p><span style=\"font-size: 14.0pt; font-family: 'Palatino Linotype','serif';\">Selon notre cons\u0153ur \u00ab\u00a0l\u2019Union du jour\u00a0\u00bb, le Chef de l\u2019ex\u00e9cutif viendra par les airs \u00e0 Lambar\u00e9n\u00e9, avant de rallier Ndjol\u00e9 o\u00f9 il va certainement prononcer un discours \u00e0 la place de l\u2019ind\u00e9pendance. Le programme provisoire mentionne \u00e9galement la pose de la premi\u00e8re pierre du projet de construction du port fluvial.<\/span><\/p>\n<p><span style=\"font-size: 14.0pt; font-family: 'Palatino Linotype','serif';\">La province du Moyen Ogoou\u00e9,\u00a0 constitue la 6\u00e8me \u00e9tape sur 9, de ce p\u00e9riple national du num\u00e9ro 1 Gabonais entam\u00e9 depuis quelques mois.<\/span><\/p>\n<p><strong><span style=\"font-size: 14.0pt; font-family: 'Palatino Linotype','serif';\">Rufin Martial Oke Nze<\/span><\/strong><\/p>\n<p><span style=\"font-size: 14.0pt; font-family: 'Palatino Linotype','serif';\">\u00a0<\/span><\/p>\n","protected":false},"excerpt":{"rendered":"<p>Le Pr\u00e9sident de la Transition, Brice Clotaire Oligui Nguema, devra fouler le sol Migov\u00e9en notamment le chef- lieu de Province Lambar\u00e9n\u00e9, ce vendredi 21 juin 2024, dans le cadre de la poursuite de sa tourn\u00e9e R\u00e9publicaine entam\u00e9e depuis quelques mois. La Province du Moyen Ogoou\u00e9 constitue la 6\u00e8me \u00e9tape de son p\u00e9riple national dans l\u2019hinterland. [&hellip;]<\/p>\n","protected":false},"author":7,"featured_media":3000,"comment_status":"open","ping_status":"open","sticky":false,"template":"","format":"standard","meta":{"footnotes":""},"categories":[59],"tags":[],"class_list":["post-3033","post","type-post","status-publish","format-standard","has-post-thumbnail","hentry","category-politique"],"yoast_head":"<!-- This site is optimized with the Yoast SEO plugin v24.2 - https:\/\/yoast.com\/wordpress\/plugins\/seo\/ -->\n<title>Le Pr\u00e9sident de la Transition, Brice Clotaire Oligui Nguema, ce vendredi 21 juin \u00e0 Lambar\u00e9n\u00e9 - Gabon Nouvelle Vision<\/title>\n<meta name=\"robots\" content=\"index, follow, max-snippet:-1, max-image-preview:large, max-video-preview:-1\" \/>\n<link rel=\"canonical\" href=\"https:\/\/gabonnouvellevision.com\/gnv\/2024\/06\/21\/le-president-de-la-transition-brice-clotaire-oligui-nguema-ce-vendredi-21-juin-a-lambarene\/\" \/>\n<meta property=\"og:locale\" content=\"fr_FR\" \/>\n<meta property=\"og:type\" content=\"article\" \/>\n<meta property=\"og:title\" content=\"Le Pr\u00e9sident de la Transition, Brice Clotaire Oligui Nguema, ce vendredi 21 juin \u00e0 Lambar\u00e9n\u00e9 - Gabon Nouvelle Vision\" \/>\n<meta property=\"og:description\" content=\"Le Pr\u00e9sident de la Transition, Brice Clotaire Oligui Nguema, devra fouler le sol Migov\u00e9en notamment le chef- lieu de Province Lambar\u00e9n\u00e9, ce vendredi 21 juin 2024, dans le cadre de la poursuite de sa tourn\u00e9e R\u00e9publicaine entam\u00e9e depuis quelques mois. La Province du Moyen Ogoou\u00e9 constitue la 6\u00e8me \u00e9tape de son p\u00e9riple national dans l\u2019hinterland. [&hellip;]\" \/>\n<meta property=\"og:url\" content=\"https:\/\/gabonnouvellevision.com\/gnv\/2024\/06\/21\/le-president-de-la-transition-brice-clotaire-oligui-nguema-ce-vendredi-21-juin-a-lambarene\/\" \/>\n<meta property=\"og:site_name\" content=\"Gabon Nouvelle Vision\" \/>\n<meta property=\"article:publisher\" content=\"https:\/\/www.facebook.com\/GNVofficiel\" \/>\n<meta property=\"article:published_time\" content=\"2024-06-21T10:23:37+00:00\" \/>\n<meta property=\"og:image\" content=\"https:\/\/gabonnouvellevision.com\/gnv\/wp-content\/uploads\/2024\/05\/brice.jpg\" \/>\n\t<meta property=\"og:image:width\" content=\"751\" \/>\n\t<meta property=\"og:image:height\" content=\"500\" \/>\n\t<meta property=\"og:image:type\" content=\"image\/jpeg\" \/>\n<meta name=\"author\" content=\"Eyeng Obame\" \/>\n<meta name=\"twitter:card\" content=\"summary_large_image\" \/>\n<meta name=\"twitter:label1\" content=\"\u00c9crit par\" \/>\n\t<meta name=\"twitter:data1\" content=\"Eyeng Obame\" \/>\n\t<meta name=\"twitter:label2\" content=\"Dur\u00e9e de lecture estim\u00e9e\" \/>\n\t<meta name=\"twitter:data2\" content=\"1 minute\" \/>\n<script type=\"application\/ld+json\" class=\"yoast-schema-graph\">{\"@context\":\"https:\/\/schema.org\",\"@graph\":[{\"@type\":\"Article\",\"@id\":\"https:\/\/gabonnouvellevision.com\/gnv\/2024\/06\/21\/le-president-de-la-transition-brice-clotaire-oligui-nguema-ce-vendredi-21-juin-a-lambarene\/#article\",\"isPartOf\":{\"@id\":\"https:\/\/gabonnouvellevision.com\/gnv\/2024\/06\/21\/le-president-de-la-transition-brice-clotaire-oligui-nguema-ce-vendredi-21-juin-a-lambarene\/\"},\"author\":{\"name\":\"Eyeng Obame\",\"@id\":\"https:\/\/gabonnouvellevision.com\/gnv\/#\/schema\/person\/4b48e07d222f83c0285affc3704bc899\"},\"headline\":\"Le Pr\u00e9sident de la Transition, Brice Clotaire Oligui Nguema, ce vendredi 21 juin \u00e0 Lambar\u00e9n\u00e9\",\"datePublished\":\"2024-06-21T10:23:37+00:00\",\"dateModified\":\"2024-06-21T10:23:37+00:00\",\"mainEntityOfPage\":{\"@id\":\"https:\/\/gabonnouvellevision.com\/gnv\/2024\/06\/21\/le-president-de-la-transition-brice-clotaire-oligui-nguema-ce-vendredi-21-juin-a-lambarene\/\"},\"wordCount\":241,\"commentCount\":0,\"publisher\":{\"@id\":\"https:\/\/gabonnouvellevision.com\/gnv\/#organization\"},\"image\":{\"@id\":\"https:\/\/gabonnouvellevision.com\/gnv\/2024\/06\/21\/le-president-de-la-transition-brice-clotaire-oligui-nguema-ce-vendredi-21-juin-a-lambarene\/#primaryimage\"},\"thumbnailUrl\":\"https:\/\/gabonnouvellevision.com\/gnv\/wp-content\/uploads\/2024\/05\/brice.jpg\",\"articleSection\":[\"Politique\"],\"inLanguage\":\"fr-FR\",\"potentialAction\":[{\"@type\":\"CommentAction\",\"name\":\"Comment\",\"target\":[\"https:\/\/gabonnouvellevision.com\/gnv\/2024\/06\/21\/le-president-de-la-transition-brice-clotaire-oligui-nguema-ce-vendredi-21-juin-a-lambarene\/#respond\"]}]},{\"@type\":\"WebPage\",\"@id\":\"https:\/\/gabonnouvellevision.com\/gnv\/2024\/06\/21\/le-president-de-la-transition-brice-clotaire-oligui-nguema-ce-vendredi-21-juin-a-lambarene\/\",\"url\":\"https:\/\/gabonnouvellevision.com\/gnv\/2024\/06\/21\/le-president-de-la-transition-brice-clotaire-oligui-nguema-ce-vendredi-21-juin-a-lambarene\/\",\"name\":\"Le Pr\u00e9sident de la Transition, Brice Clotaire Oligui Nguema, ce vendredi 21 juin \u00e0 Lambar\u00e9n\u00e9 - Gabon Nouvelle Vision\",\"isPartOf\":{\"@id\":\"https:\/\/gabonnouvellevision.com\/gnv\/#website\"},\"primaryImageOfPage\":{\"@id\":\"https:\/\/gabonnouvellevision.com\/gnv\/2024\/06\/21\/le-president-de-la-transition-brice-clotaire-oligui-nguema-ce-vendredi-21-juin-a-lambarene\/#primaryimage\"},\"image\":{\"@id\":\"https:\/\/gabonnouvellevision.com\/gnv\/2024\/06\/21\/le-president-de-la-transition-brice-clotaire-oligui-nguema-ce-vendredi-21-juin-a-lambarene\/#primaryimage\"},\"thumbnailUrl\":\"https:\/\/gabonnouvellevision.com\/gnv\/wp-content\/uploads\/2024\/05\/brice.jpg\",\"datePublished\":\"2024-06-21T10:23:37+00:00\",\"dateModified\":\"2024-06-21T10:23:37+00:00\",\"breadcrumb\":{\"@id\":\"https:\/\/gabonnouvellevision.com\/gnv\/2024\/06\/21\/le-president-de-la-transition-brice-clotaire-oligui-nguema-ce-vendredi-21-juin-a-lambarene\/#breadcrumb\"},\"inLanguage\":\"fr-FR\",\"potentialAction\":[{\"@type\":\"ReadAction\",\"target\":[\"https:\/\/gabonnouvellevision.com\/gnv\/2024\/06\/21\/le-president-de-la-transition-brice-clotaire-oligui-nguema-ce-vendredi-21-juin-a-lambarene\/\"]}]},{\"@type\":\"ImageObject\",\"inLanguage\":\"fr-FR\",\"@id\":\"https:\/\/gabonnouvellevision.com\/gnv\/2024\/06\/21\/le-president-de-la-transition-brice-clotaire-oligui-nguema-ce-vendredi-21-juin-a-lambarene\/#primaryimage\",\"url\":\"https:\/\/gabonnouvellevision.com\/gnv\/wp-content\/uploads\/2024\/05\/brice.jpg\",\"contentUrl\":\"https:\/\/gabonnouvellevision.com\/gnv\/wp-content\/uploads\/2024\/05\/brice.jpg\",\"width\":751,\"height\":500},{\"@type\":\"BreadcrumbList\",\"@id\":\"https:\/\/gabonnouvellevision.com\/gnv\/2024\/06\/21\/le-president-de-la-transition-brice-clotaire-oligui-nguema-ce-vendredi-21-juin-a-lambarene\/#breadcrumb\",\"itemListElement\":[{\"@type\":\"ListItem\",\"position\":1,\"name\":\"Accueil\",\"item\":\"https:\/\/gabonnouvellevision.com\/gnv\/\"},{\"@type\":\"ListItem\",\"position\":2,\"name\":\"Le Pr\u00e9sident de la Transition, Brice Clotaire Oligui Nguema, ce vendredi 21 juin \u00e0 Lambar\u00e9n\u00e9\"}]},{\"@type\":\"WebSite\",\"@id\":\"https:\/\/gabonnouvellevision.com\/gnv\/#website\",\"url\":\"https:\/\/gabonnouvellevision.com\/gnv\/\",\"name\":\"Gabon Nouvelle Vision\",\"description\":\"\",\"publisher\":{\"@id\":\"https:\/\/gabonnouvellevision.com\/gnv\/#organization\"},\"potentialAction\":[{\"@type\":\"SearchAction\",\"target\":{\"@type\":\"EntryPoint\",\"urlTemplate\":\"https:\/\/gabonnouvellevision.com\/gnv\/?s={search_term_string}\"},\"query-input\":{\"@type\":\"PropertyValueSpecification\",\"valueRequired\":true,\"valueName\":\"search_term_string\"}}],\"inLanguage\":\"fr-FR\"},{\"@type\":\"Organization\",\"@id\":\"https:\/\/gabonnouvellevision.com\/gnv\/#organization\",\"name\":\"Gabon Nouvelle Vision\",\"url\":\"https:\/\/gabonnouvellevision.com\/gnv\/\",\"logo\":{\"@type\":\"ImageObject\",\"inLanguage\":\"fr-FR\",\"@id\":\"https:\/\/gabonnouvellevision.com\/gnv\/#\/schema\/logo\/image\/\",\"url\":\"https:\/\/gabonnouvellevision.com\/gnv\/wp-content\/uploads\/2025\/01\/logo-text_Plan-de-travail-1.png\",\"contentUrl\":\"https:\/\/gabonnouvellevision.com\/gnv\/wp-content\/uploads\/2025\/01\/logo-text_Plan-de-travail-1.png\",\"width\":7169,\"height\":2390,\"caption\":\"Gabon Nouvelle Vision\"},\"image\":{\"@id\":\"https:\/\/gabonnouvellevision.com\/gnv\/#\/schema\/logo\/image\/\"},\"sameAs\":[\"https:\/\/www.facebook.com\/GNVofficiel\"]},{\"@type\":\"Person\",\"@id\":\"https:\/\/gabonnouvellevision.com\/gnv\/#\/schema\/person\/4b48e07d222f83c0285affc3704bc899\",\"name\":\"Eyeng Obame\",\"image\":{\"@type\":\"ImageObject\",\"inLanguage\":\"fr-FR\",\"@id\":\"https:\/\/gabonnouvellevision.com\/gnv\/#\/schema\/person\/image\/\",\"url\":\"https:\/\/secure.gravatar.com\/avatar\/167bc03b8baf3c77318a47159f80871de6f5a6cbf4bc8b6af750fbc1a369d7bf?s=96&d=mm&r=g\",\"contentUrl\":\"https:\/\/secure.gravatar.com\/avatar\/167bc03b8baf3c77318a47159f80871de6f5a6cbf4bc8b6af750fbc1a369d7bf?s=96&d=mm&r=g\",\"caption\":\"Eyeng Obame\"},\"url\":\"https:\/\/gabonnouvellevision.com\/gnv\/author\/rufin\/\"}]}<\/script>\n<!-- \/ Yoast SEO plugin. -->","yoast_head_json":{"title":"Le Pr\u00e9sident de la Transition, Brice Clotaire Oligui Nguema, ce vendredi 21 juin \u00e0 Lambar\u00e9n\u00e9 - Gabon Nouvelle Vision","robots":{"index":"index","follow":"follow","max-snippet":"max-snippet:-1","max-image-preview":"max-image-preview:large","max-video-preview":"max-video-preview:-1"},"canonical":"https:\/\/gabonnouvellevision.com\/gnv\/2024\/06\/21\/le-president-de-la-transition-brice-clotaire-oligui-nguema-ce-vendredi-21-juin-a-lambarene\/","og_locale":"fr_FR","og_type":"article","og_title":"Le Pr\u00e9sident de la Transition, Brice Clotaire Oligui Nguema, ce vendredi 21 juin \u00e0 Lambar\u00e9n\u00e9 - Gabon Nouvelle Vision","og_description":"Le Pr\u00e9sident de la Transition, Brice Clotaire Oligui Nguema, devra fouler le sol Migov\u00e9en notamment le chef- lieu de Province Lambar\u00e9n\u00e9, ce vendredi 21 juin 2024, dans le cadre de la poursuite de sa tourn\u00e9e R\u00e9publicaine entam\u00e9e depuis quelques mois. La Province du Moyen Ogoou\u00e9 constitue la 6\u00e8me \u00e9tape de son p\u00e9riple national dans l\u2019hinterland. [&hellip;]","og_url":"https:\/\/gabonnouvellevision.com\/gnv\/2024\/06\/21\/le-president-de-la-transition-brice-clotaire-oligui-nguema-ce-vendredi-21-juin-a-lambarene\/","og_site_name":"Gabon Nouvelle Vision","article_publisher":"https:\/\/www.facebook.com\/GNVofficiel","article_published_time":"2024-06-21T10:23:37+00:00","og_image":[{"width":751,"height":500,"url":"https:\/\/gabonnouvellevision.com\/gnv\/wp-content\/uploads\/2024\/05\/brice.jpg","type":"image\/jpeg"}],"author":"Eyeng Obame","twitter_card":"summary_large_image","twitter_misc":{"\u00c9crit par":"Eyeng Obame","Dur\u00e9e de lecture estim\u00e9e":"1 minute"},"schema":{"@context":"https:\/\/schema.org","@graph":[{"@type":"Article","@id":"https:\/\/gabonnouvellevision.com\/gnv\/2024\/06\/21\/le-president-de-la-transition-brice-clotaire-oligui-nguema-ce-vendredi-21-juin-a-lambarene\/#article","isPartOf":{"@id":"https:\/\/gabonnouvellevision.com\/gnv\/2024\/06\/21\/le-president-de-la-transition-brice-clotaire-oligui-nguema-ce-vendredi-21-juin-a-lambarene\/"},"author":{"name":"Eyeng Obame","@id":"https:\/\/gabonnouvellevision.com\/gnv\/#\/schema\/person\/4b48e07d222f83c0285affc3704bc899"},"headline":"Le Pr\u00e9sident de la Transition, Brice Clotaire Oligui Nguema, ce vendredi 21 juin \u00e0 Lambar\u00e9n\u00e9","datePublished":"2024-06-21T10:23:37+00:00","dateModified":"2024-06-21T10:23:37+00:00","mainEntityOfPage":{"@id":"https:\/\/gabonnouvellevision.com\/gnv\/2024\/06\/21\/le-president-de-la-transition-brice-clotaire-oligui-nguema-ce-vendredi-21-juin-a-lambarene\/"},"wordCount":241,"commentCount":0,"publisher":{"@id":"https:\/\/gabonnouvellevision.com\/gnv\/#organization"},"image":{"@id":"https:\/\/gabonnouvellevision.com\/gnv\/2024\/06\/21\/le-president-de-la-transition-brice-clotaire-oligui-nguema-ce-vendredi-21-juin-a-lambarene\/#primaryimage"},"thumbnailUrl":"https:\/\/gabonnouvellevision.com\/gnv\/wp-content\/uploads\/2024\/05\/brice.jpg","articleSection":["Politique"],"inLanguage":"fr-FR","potentialAction":[{"@type":"CommentAction","name":"Comment","target":["https:\/\/gabonnouvellevision.com\/gnv\/2024\/06\/21\/le-president-de-la-transition-brice-clotaire-oligui-nguema-ce-vendredi-21-juin-a-lambarene\/#respond"]}]},{"@type":"WebPage","@id":"https:\/\/gabonnouvellevision.com\/gnv\/2024\/06\/21\/le-president-de-la-transition-brice-clotaire-oligui-nguema-ce-vendredi-21-juin-a-lambarene\/","url":"https:\/\/gabonnouvellevision.com\/gnv\/2024\/06\/21\/le-president-de-la-transition-brice-clotaire-oligui-nguema-ce-vendredi-21-juin-a-lambarene\/","name":"Le Pr\u00e9sident de la Transition, Brice Clotaire Oligui Nguema, ce vendredi 21 juin \u00e0 Lambar\u00e9n\u00e9 - Gabon Nouvelle Vision","isPartOf":{"@id":"https:\/\/gabonnouvellevision.com\/gnv\/#website"},"primaryImageOfPage":{"@id":"https:\/\/gabonnouvellevision.com\/gnv\/2024\/06\/21\/le-president-de-la-transition-brice-clotaire-oligui-nguema-ce-vendredi-21-juin-a-lambarene\/#primaryimage"},"image":{"@id":"https:\/\/gabonnouvellevision.com\/gnv\/2024\/06\/21\/le-president-de-la-transition-brice-clotaire-oligui-nguema-ce-vendredi-21-juin-a-lambarene\/#primaryimage"},"thumbnailUrl":"https:\/\/gabonnouvellevision.com\/gnv\/wp-content\/uploads\/2024\/05\/brice.jpg","datePublished":"2024-06-21T10:23:37+00:00","dateModified":"2024-06-21T10:23:37+00:00","breadcrumb":{"@id":"https:\/\/gabonnouvellevision.com\/gnv\/2024\/06\/21\/le-president-de-la-transition-brice-clotaire-oligui-nguema-ce-vendredi-21-juin-a-lambarene\/#breadcrumb"},"inLanguage":"fr-FR","potentialAction":[{"@type":"ReadAction","target":["https:\/\/gabonnouvellevision.com\/gnv\/2024\/06\/21\/le-president-de-la-transition-brice-clotaire-oligui-nguema-ce-vendredi-21-juin-a-lambarene\/"]}]},{"@type":"ImageObject","inLanguage":"fr-FR","@id":"https:\/\/gabonnouvellevision.com\/gnv\/2024\/06\/21\/le-president-de-la-transition-brice-clotaire-oligui-nguema-ce-vendredi-21-juin-a-lambarene\/#primaryimage","url":"https:\/\/gabonnouvellevision.com\/gnv\/wp-content\/uploads\/2024\/05\/brice.jpg","contentUrl":"https:\/\/gabonnouvellevision.com\/gnv\/wp-content\/uploads\/2024\/05\/brice.jpg","width":751,"height":500},{"@type":"BreadcrumbList","@id":"https:\/\/gabonnouvellevision.com\/gnv\/2024\/06\/21\/le-president-de-la-transition-brice-clotaire-oligui-nguema-ce-vendredi-21-juin-a-lambarene\/#breadcrumb","itemListElement":[{"@type":"ListItem","position":1,"name":"Accueil","item":"https:\/\/gabonnouvellevision.com\/gnv\/"},{"@type":"ListItem","position":2,"name":"Le Pr\u00e9sident de la Transition, Brice Clotaire Oligui Nguema, ce vendredi 21 juin \u00e0 Lambar\u00e9n\u00e9"}]},{"@type":"WebSite","@id":"https:\/\/gabonnouvellevision.com\/gnv\/#website","url":"https:\/\/gabonnouvellevision.com\/gnv\/","name":"Gabon Nouvelle Vision","description":"","publisher":{"@id":"https:\/\/gabonnouvellevision.com\/gnv\/#organization"},"potentialAction":[{"@type":"SearchAction","target":{"@type":"EntryPoint","urlTemplate":"https:\/\/gabonnouvellevision.com\/gnv\/?s={search_term_string}"},"query-input":{"@type":"PropertyValueSpecification","valueRequired":true,"valueName":"search_term_string"}}],"inLanguage":"fr-FR"},{"@type":"Organization","@id":"https:\/\/gabonnouvellevision.com\/gnv\/#organization","name":"Gabon Nouvelle Vision","url":"https:\/\/gabonnouvellevision.com\/gnv\/","logo":{"@type":"ImageObject","inLanguage":"fr-FR","@id":"https:\/\/gabonnouvellevision.com\/gnv\/#\/schema\/logo\/image\/","url":"https:\/\/gabonnouvellevision.com\/gnv\/wp-content\/uploads\/2025\/01\/logo-text_Plan-de-travail-1.png","contentUrl":"https:\/\/gabonnouvellevision.com\/gnv\/wp-content\/uploads\/2025\/01\/logo-text_Plan-de-travail-1.png","width":7169,"height":2390,"caption":"Gabon Nouvelle Vision"},"image":{"@id":"https:\/\/gabonnouvellevision.com\/gnv\/#\/schema\/logo\/image\/"},"sameAs":["https:\/\/www.facebook.com\/GNVofficiel"]},{"@type":"Person","@id":"https:\/\/gabonnouvellevision.com\/gnv\/#\/schema\/person\/4b48e07d222f83c0285affc3704bc899","name":"Eyeng Obame","image":{"@type":"ImageObject","inLanguage":"fr-FR","@id":"https:\/\/gabonnouvellevision.com\/gnv\/#\/schema\/person\/image\/","url":"https:\/\/secure.gravatar.com\/avatar\/167bc03b8baf3c77318a47159f80871de6f5a6cbf4bc8b6af750fbc1a369d7bf?s=96&d=mm&r=g","contentUrl":"https:\/\/secure.gravatar.com\/avatar\/167bc03b8baf3c77318a47159f80871de6f5a6cbf4bc8b6af750fbc1a369d7bf?s=96&d=mm&r=g","caption":"Eyeng Obame"},"url":"https:\/\/gabonnouvellevision.com\/gnv\/author\/rufin\/"}]}},"_links":{"self":[{"href":"https:\/\/gabonnouvellevision.com\/gnv\/wp-json\/wp\/v2\/posts\/3033","targetHints":{"allow":["GET"]}}],"collection":[{"href":"https:\/\/gabonnouvellevision.com\/gnv\/wp-json\/wp\/v2\/posts"}],"about":[{"href":"https:\/\/gabonnouvellevision.com\/gnv\/wp-json\/wp\/v2\/types\/post"}],"author":[{"embeddable":true,"href":"https:\/\/gabonnouvellevision.com\/gnv\/wp-json\/wp\/v2\/users\/7"}],"replies":[{"embeddable":true,"href":"https:\/\/gabonnouvellevision.com\/gnv\/wp-json\/wp\/v2\/comments?post=3033"}],"version-history":[{"count":0,"href":"https:\/\/gabonnouvellevision.com\/gnv\/wp-json\/wp\/v2\/posts\/3033\/revisions"}],"wp:featuredmedia":[{"embeddable":true,"href":"https:\/\/gabonnouvellevision.com\/gnv\/wp-json\/wp\/v2\/media\/3000"}],"wp:attachment":[{"href":"https:\/\/gabonnouvellevision.com\/gnv\/wp-json\/wp\/v2\/media?parent=3033"}],"wp:term":[{"taxonomy":"category","embeddable":true,"href":"https:\/\/gabonnouvellevision.com\/gnv\/wp-json\/wp\/v2\/categories?post=3033"},{"taxonomy":"post_tag","embeddable":true,"href":"https:\/\/gabonnouvellevision.com\/gnv\/wp-json\/wp\/v2\/tags?post=3033"}],"curies":[{"name":"wp","href":"https:\/\/api.w.org\/{rel}","templated":true}]}}