{"id":3015,"date":"2024-05-29T12:55:15","date_gmt":"2024-05-29T11:55:15","guid":{"rendered":"https:\/\/gabonnouvellevision.com\/gnv\/?p=3015"},"modified":"2024-05-29T12:55:15","modified_gmt":"2024-05-29T11:55:15","slug":"assemblee-generale-du-syndicat-des-agents-des-affaires-etrangeres-ce-jeudi-30-mai-2024-a-libreville","status":"publish","type":"post","link":"https:\/\/gabonnouvellevision.com\/gnv\/2024\/05\/29\/assemblee-generale-du-syndicat-des-agents-des-affaires-etrangeres-ce-jeudi-30-mai-2024-a-libreville\/","title":{"rendered":"Assembl\u00e9e G\u00e9n\u00e9rale du Syndicat des Agents des Affaires Etrang\u00e8res ce jeudi 30 mai 2024 \u00e0 Libreville"},"content":{"rendered":"<p><strong><em>Le personnel diplomatique regroup\u00e9 au sein du principal syndicat des Agents des Affaires Etrang\u00e8res, tient une importante Assembl\u00e9e g\u00e9n\u00e9rale ce jeudi 30 mai 2024 \u00e0 partir de 13h,\u00a0 \u00e0 l\u2019enceinte du minist\u00e8re dans le 1er arrondissement de Libreville,\u00a0 pour dresser le bilan de ses activit\u00e9s avant de prospecter l\u2019avenir<\/em><\/strong>.<\/p>\n<p>Somm\u00e9s de suspendre son mouvement de gr\u00e8ve apr\u00e8s la prise de pouvoir par les militaires le 30 Ao\u00fbt dernier, le Syndicat des Agents des Affaires Etrang\u00e8res qui vient de se doter d\u2019un si\u00e8ge social digne d\u2019envie de la part des nouvelles \u00a0autorit\u00e9s de transition,\u00a0 devra tenir une assembl\u00e9e g\u00e9n\u00e9rale ordinaire ce jeudi 30 mai 2024 \u00e0 son si\u00e8ge de batterie IV de Libreville, \u00a0pour dresser le bilan du chemin parcouru avec les militaires, \u00a0avant de prospecter l\u2019avenir.<\/p>\n<p>Une Assembl\u00e9e g\u00e9n\u00e9rale qui se tient sous fond de crise latente entre le SAEE et les nouvelles autorit\u00e9s\u00a0 de la transition malgr\u00e9 la dotation d\u2019un si\u00e8ge social.<\/p>\n<p>En effet, pour avoir voulu reconduire la gr\u00e8ve g\u00e9n\u00e9rale illimit\u00e9e il y a quelques mois pour non avanc\u00e9es significatives de leur desiderata, les principaux leaders syndicaux du SAEE, \u00a0avaient \u00e9t\u00e9 convoqu\u00e9s manu militari \u00e0 la Direction G\u00e9n\u00e9rale des Contre-Ing\u00e9rences et de la S\u00e9curit\u00e9 Militaire commun\u00e9ment appel\u00e9 \u00a0\u00bbB2\u00a0\u00bb puis relax\u00e9 pour \u201c tentative de gr\u00e8ve en p\u00e9riode de transition\u201d . Avant d\u2019\u00eatre menac\u00e9s plus tard de radiation des effectifs de la Fonction Publique,\u00a0 par un agent z\u00e9l\u00e9 de la Garde R\u00e9publicaine en faction au minist\u00e8re des Affaires Etrang\u00e8res lors du dernier recensement des fonctionnaires,\u00a0 \u00e0 en croire une source concordante du dossier. L\u2019agent en question aurait arrach\u00e9 et d\u00e9chirer publiquement les fiches de pr\u00e9sences au poste de certains syndiqu\u00e9s lors du fameux recensement des fonctionnaires Gabonais aux Affaires Etrang\u00e8res. Un comportement qui ne cadre pas avec la nouvelle dynamique impuls\u00e9e par les nouvelles\u00a0 autorit\u00e9s de la transition, qui avaient promis \u00e0 la face du monde de restaurer les institutions de la r\u00e9publique, dont la plus importante est celle de redonner vie et dignit\u00e9 au citoyen Gabonais longtemps chosifi\u00e9 au vu et au su de tous par le r\u00e9gime dictatorial d\u00e9chu. Vivement que la v\u00e9rit\u00e9 \u00a0s\u00e9r\u00e9nit\u00e9 revienne au terme de cette Assembl\u00e9e g\u00e9n\u00e9rale entre le Syndicat des Affaires Etrang\u00e8res et sa tutelle pour le bien \u00eatre de tous.<\/p>\n<p>Pour rappel, les agents du Syndicat des Agents des Affaires Etrang\u00e8res \u00a0revendiquent \u00a0le paiement de deux ans d\u2019arri\u00e9r\u00e9s de \u00a0la Prime de Servitude Diplomatique ( PSD),\u00a0 et la r\u00e9gularisation des situations administratives de tous les agents concern\u00e9s. Une r\u00e9gularisation des situations administratives\u00a0 en souffrance depuis plus d\u2019une d\u00e9cennie .<\/p>\n<p><strong>Rufin Martial Oke Nze<\/strong><\/p>\n<p>&nbsp;<\/p>\n","protected":false},"excerpt":{"rendered":"<p>Le personnel diplomatique regroup\u00e9 au sein du principal syndicat des Agents des Affaires Etrang\u00e8res, tient une importante Assembl\u00e9e g\u00e9n\u00e9rale ce jeudi 30 mai 2024 \u00e0 partir de 13h,\u00a0 \u00e0 l\u2019enceinte du minist\u00e8re dans le 1er arrondissement de Libreville,\u00a0 pour dresser le bilan de ses activit\u00e9s avant de prospecter l\u2019avenir. Somm\u00e9s de suspendre son mouvement de [&hellip;]<\/p>\n","protected":false},"author":7,"featured_media":2891,"comment_status":"open","ping_status":"open","sticky":false,"template":"","format":"standard","meta":{"footnotes":""},"categories":[56],"tags":[],"class_list":["post-3015","post","type-post","status-publish","format-standard","has-post-thumbnail","hentry","category-societe"],"yoast_head":"<!-- This site is optimized with the Yoast SEO plugin v24.2 - https:\/\/yoast.com\/wordpress\/plugins\/seo\/ -->\n<title>Assembl\u00e9e G\u00e9n\u00e9rale du Syndicat des Agents des Affaires Etrang\u00e8res ce jeudi 30 mai 2024 \u00e0 Libreville - Gabon Nouvelle Vision<\/title>\n<meta name=\"robots\" content=\"index, follow, max-snippet:-1, max-image-preview:large, max-video-preview:-1\" \/>\n<link rel=\"canonical\" href=\"https:\/\/gabonnouvellevision.com\/gnv\/2024\/05\/29\/assemblee-generale-du-syndicat-des-agents-des-affaires-etrangeres-ce-jeudi-30-mai-2024-a-libreville\/\" \/>\n<meta property=\"og:locale\" content=\"fr_FR\" \/>\n<meta property=\"og:type\" content=\"article\" \/>\n<meta property=\"og:title\" content=\"Assembl\u00e9e G\u00e9n\u00e9rale du Syndicat des Agents des Affaires Etrang\u00e8res ce jeudi 30 mai 2024 \u00e0 Libreville - Gabon Nouvelle Vision\" \/>\n<meta property=\"og:description\" content=\"Le personnel diplomatique regroup\u00e9 au sein du principal syndicat des Agents des Affaires Etrang\u00e8res, tient une importante Assembl\u00e9e g\u00e9n\u00e9rale ce jeudi 30 mai 2024 \u00e0 partir de 13h,\u00a0 \u00e0 l\u2019enceinte du minist\u00e8re dans le 1er arrondissement de Libreville,\u00a0 pour dresser le bilan de ses activit\u00e9s avant de prospecter l\u2019avenir. Somm\u00e9s de suspendre son mouvement de [&hellip;]\" \/>\n<meta property=\"og:url\" content=\"https:\/\/gabonnouvellevision.com\/gnv\/2024\/05\/29\/assemblee-generale-du-syndicat-des-agents-des-affaires-etrangeres-ce-jeudi-30-mai-2024-a-libreville\/\" \/>\n<meta property=\"og:site_name\" content=\"Gabon Nouvelle Vision\" \/>\n<meta property=\"article:publisher\" content=\"https:\/\/www.facebook.com\/GNVofficiel\" \/>\n<meta property=\"article:published_time\" content=\"2024-05-29T11:55:15+00:00\" \/>\n<meta property=\"og:image\" content=\"https:\/\/gabonnouvellevision.com\/gnv\/wp-content\/uploads\/2024\/04\/334298083_1250172209241955_2788040794218795087_n-1.jpg\" \/>\n\t<meta property=\"og:image:width\" content=\"960\" \/>\n\t<meta property=\"og:image:height\" content=\"958\" \/>\n\t<meta property=\"og:image:type\" content=\"image\/jpeg\" \/>\n<meta name=\"author\" content=\"Eyeng Obame\" \/>\n<meta name=\"twitter:card\" content=\"summary_large_image\" \/>\n<meta name=\"twitter:label1\" content=\"\u00c9crit par\" \/>\n\t<meta name=\"twitter:data1\" content=\"Eyeng Obame\" \/>\n\t<meta name=\"twitter:label2\" content=\"Dur\u00e9e de lecture estim\u00e9e\" \/>\n\t<meta name=\"twitter:data2\" content=\"2 minutes\" \/>\n<script type=\"application\/ld+json\" class=\"yoast-schema-graph\">{\"@context\":\"https:\/\/schema.org\",\"@graph\":[{\"@type\":\"Article\",\"@id\":\"https:\/\/gabonnouvellevision.com\/gnv\/2024\/05\/29\/assemblee-generale-du-syndicat-des-agents-des-affaires-etrangeres-ce-jeudi-30-mai-2024-a-libreville\/#article\",\"isPartOf\":{\"@id\":\"https:\/\/gabonnouvellevision.com\/gnv\/2024\/05\/29\/assemblee-generale-du-syndicat-des-agents-des-affaires-etrangeres-ce-jeudi-30-mai-2024-a-libreville\/\"},\"author\":{\"name\":\"Eyeng Obame\",\"@id\":\"https:\/\/gabonnouvellevision.com\/gnv\/#\/schema\/person\/4b48e07d222f83c0285affc3704bc899\"},\"headline\":\"Assembl\u00e9e G\u00e9n\u00e9rale du Syndicat des Agents des Affaires Etrang\u00e8res ce jeudi 30 mai 2024 \u00e0 Libreville\",\"datePublished\":\"2024-05-29T11:55:15+00:00\",\"dateModified\":\"2024-05-29T11:55:15+00:00\",\"mainEntityOfPage\":{\"@id\":\"https:\/\/gabonnouvellevision.com\/gnv\/2024\/05\/29\/assemblee-generale-du-syndicat-des-agents-des-affaires-etrangeres-ce-jeudi-30-mai-2024-a-libreville\/\"},\"wordCount\":499,\"commentCount\":0,\"publisher\":{\"@id\":\"https:\/\/gabonnouvellevision.com\/gnv\/#organization\"},\"image\":{\"@id\":\"https:\/\/gabonnouvellevision.com\/gnv\/2024\/05\/29\/assemblee-generale-du-syndicat-des-agents-des-affaires-etrangeres-ce-jeudi-30-mai-2024-a-libreville\/#primaryimage\"},\"thumbnailUrl\":\"https:\/\/gabonnouvellevision.com\/gnv\/wp-content\/uploads\/2024\/04\/334298083_1250172209241955_2788040794218795087_n-1.jpg\",\"articleSection\":[\"Societe\"],\"inLanguage\":\"fr-FR\",\"potentialAction\":[{\"@type\":\"CommentAction\",\"name\":\"Comment\",\"target\":[\"https:\/\/gabonnouvellevision.com\/gnv\/2024\/05\/29\/assemblee-generale-du-syndicat-des-agents-des-affaires-etrangeres-ce-jeudi-30-mai-2024-a-libreville\/#respond\"]}]},{\"@type\":\"WebPage\",\"@id\":\"https:\/\/gabonnouvellevision.com\/gnv\/2024\/05\/29\/assemblee-generale-du-syndicat-des-agents-des-affaires-etrangeres-ce-jeudi-30-mai-2024-a-libreville\/\",\"url\":\"https:\/\/gabonnouvellevision.com\/gnv\/2024\/05\/29\/assemblee-generale-du-syndicat-des-agents-des-affaires-etrangeres-ce-jeudi-30-mai-2024-a-libreville\/\",\"name\":\"Assembl\u00e9e G\u00e9n\u00e9rale du Syndicat des Agents des Affaires Etrang\u00e8res ce jeudi 30 mai 2024 \u00e0 Libreville - Gabon Nouvelle Vision\",\"isPartOf\":{\"@id\":\"https:\/\/gabonnouvellevision.com\/gnv\/#website\"},\"primaryImageOfPage\":{\"@id\":\"https:\/\/gabonnouvellevision.com\/gnv\/2024\/05\/29\/assemblee-generale-du-syndicat-des-agents-des-affaires-etrangeres-ce-jeudi-30-mai-2024-a-libreville\/#primaryimage\"},\"image\":{\"@id\":\"https:\/\/gabonnouvellevision.com\/gnv\/2024\/05\/29\/assemblee-generale-du-syndicat-des-agents-des-affaires-etrangeres-ce-jeudi-30-mai-2024-a-libreville\/#primaryimage\"},\"thumbnailUrl\":\"https:\/\/gabonnouvellevision.com\/gnv\/wp-content\/uploads\/2024\/04\/334298083_1250172209241955_2788040794218795087_n-1.jpg\",\"datePublished\":\"2024-05-29T11:55:15+00:00\",\"dateModified\":\"2024-05-29T11:55:15+00:00\",\"breadcrumb\":{\"@id\":\"https:\/\/gabonnouvellevision.com\/gnv\/2024\/05\/29\/assemblee-generale-du-syndicat-des-agents-des-affaires-etrangeres-ce-jeudi-30-mai-2024-a-libreville\/#breadcrumb\"},\"inLanguage\":\"fr-FR\",\"potentialAction\":[{\"@type\":\"ReadAction\",\"target\":[\"https:\/\/gabonnouvellevision.com\/gnv\/2024\/05\/29\/assemblee-generale-du-syndicat-des-agents-des-affaires-etrangeres-ce-jeudi-30-mai-2024-a-libreville\/\"]}]},{\"@type\":\"ImageObject\",\"inLanguage\":\"fr-FR\",\"@id\":\"https:\/\/gabonnouvellevision.com\/gnv\/2024\/05\/29\/assemblee-generale-du-syndicat-des-agents-des-affaires-etrangeres-ce-jeudi-30-mai-2024-a-libreville\/#primaryimage\",\"url\":\"https:\/\/gabonnouvellevision.com\/gnv\/wp-content\/uploads\/2024\/04\/334298083_1250172209241955_2788040794218795087_n-1.jpg\",\"contentUrl\":\"https:\/\/gabonnouvellevision.com\/gnv\/wp-content\/uploads\/2024\/04\/334298083_1250172209241955_2788040794218795087_n-1.jpg\",\"width\":960,\"height\":958},{\"@type\":\"BreadcrumbList\",\"@id\":\"https:\/\/gabonnouvellevision.com\/gnv\/2024\/05\/29\/assemblee-generale-du-syndicat-des-agents-des-affaires-etrangeres-ce-jeudi-30-mai-2024-a-libreville\/#breadcrumb\",\"itemListElement\":[{\"@type\":\"ListItem\",\"position\":1,\"name\":\"Accueil\",\"item\":\"https:\/\/gabonnouvellevision.com\/gnv\/\"},{\"@type\":\"ListItem\",\"position\":2,\"name\":\"Assembl\u00e9e G\u00e9n\u00e9rale du Syndicat des Agents des Affaires Etrang\u00e8res ce jeudi 30 mai 2024 \u00e0 Libreville\"}]},{\"@type\":\"WebSite\",\"@id\":\"https:\/\/gabonnouvellevision.com\/gnv\/#website\",\"url\":\"https:\/\/gabonnouvellevision.com\/gnv\/\",\"name\":\"Gabon Nouvelle Vision\",\"description\":\"\",\"publisher\":{\"@id\":\"https:\/\/gabonnouvellevision.com\/gnv\/#organization\"},\"potentialAction\":[{\"@type\":\"SearchAction\",\"target\":{\"@type\":\"EntryPoint\",\"urlTemplate\":\"https:\/\/gabonnouvellevision.com\/gnv\/?s={search_term_string}\"},\"query-input\":{\"@type\":\"PropertyValueSpecification\",\"valueRequired\":true,\"valueName\":\"search_term_string\"}}],\"inLanguage\":\"fr-FR\"},{\"@type\":\"Organization\",\"@id\":\"https:\/\/gabonnouvellevision.com\/gnv\/#organization\",\"name\":\"Gabon Nouvelle Vision\",\"url\":\"https:\/\/gabonnouvellevision.com\/gnv\/\",\"logo\":{\"@type\":\"ImageObject\",\"inLanguage\":\"fr-FR\",\"@id\":\"https:\/\/gabonnouvellevision.com\/gnv\/#\/schema\/logo\/image\/\",\"url\":\"https:\/\/gabonnouvellevision.com\/gnv\/wp-content\/uploads\/2025\/01\/logo-text_Plan-de-travail-1.png\",\"contentUrl\":\"https:\/\/gabonnouvellevision.com\/gnv\/wp-content\/uploads\/2025\/01\/logo-text_Plan-de-travail-1.png\",\"width\":7169,\"height\":2390,\"caption\":\"Gabon Nouvelle Vision\"},\"image\":{\"@id\":\"https:\/\/gabonnouvellevision.com\/gnv\/#\/schema\/logo\/image\/\"},\"sameAs\":[\"https:\/\/www.facebook.com\/GNVofficiel\"]},{\"@type\":\"Person\",\"@id\":\"https:\/\/gabonnouvellevision.com\/gnv\/#\/schema\/person\/4b48e07d222f83c0285affc3704bc899\",\"name\":\"Eyeng Obame\",\"image\":{\"@type\":\"ImageObject\",\"inLanguage\":\"fr-FR\",\"@id\":\"https:\/\/gabonnouvellevision.com\/gnv\/#\/schema\/person\/image\/\",\"url\":\"https:\/\/secure.gravatar.com\/avatar\/167bc03b8baf3c77318a47159f80871de6f5a6cbf4bc8b6af750fbc1a369d7bf?s=96&d=mm&r=g\",\"contentUrl\":\"https:\/\/secure.gravatar.com\/avatar\/167bc03b8baf3c77318a47159f80871de6f5a6cbf4bc8b6af750fbc1a369d7bf?s=96&d=mm&r=g\",\"caption\":\"Eyeng Obame\"},\"url\":\"https:\/\/gabonnouvellevision.com\/gnv\/author\/rufin\/\"}]}<\/script>\n<!-- \/ Yoast SEO plugin. -->","yoast_head_json":{"title":"Assembl\u00e9e G\u00e9n\u00e9rale du Syndicat des Agents des Affaires Etrang\u00e8res ce jeudi 30 mai 2024 \u00e0 Libreville - Gabon Nouvelle Vision","robots":{"index":"index","follow":"follow","max-snippet":"max-snippet:-1","max-image-preview":"max-image-preview:large","max-video-preview":"max-video-preview:-1"},"canonical":"https:\/\/gabonnouvellevision.com\/gnv\/2024\/05\/29\/assemblee-generale-du-syndicat-des-agents-des-affaires-etrangeres-ce-jeudi-30-mai-2024-a-libreville\/","og_locale":"fr_FR","og_type":"article","og_title":"Assembl\u00e9e G\u00e9n\u00e9rale du Syndicat des Agents des Affaires Etrang\u00e8res ce jeudi 30 mai 2024 \u00e0 Libreville - Gabon Nouvelle Vision","og_description":"Le personnel diplomatique regroup\u00e9 au sein du principal syndicat des Agents des Affaires Etrang\u00e8res, tient une importante Assembl\u00e9e g\u00e9n\u00e9rale ce jeudi 30 mai 2024 \u00e0 partir de 13h,\u00a0 \u00e0 l\u2019enceinte du minist\u00e8re dans le 1er arrondissement de Libreville,\u00a0 pour dresser le bilan de ses activit\u00e9s avant de prospecter l\u2019avenir. Somm\u00e9s de suspendre son mouvement de [&hellip;]","og_url":"https:\/\/gabonnouvellevision.com\/gnv\/2024\/05\/29\/assemblee-generale-du-syndicat-des-agents-des-affaires-etrangeres-ce-jeudi-30-mai-2024-a-libreville\/","og_site_name":"Gabon Nouvelle Vision","article_publisher":"https:\/\/www.facebook.com\/GNVofficiel","article_published_time":"2024-05-29T11:55:15+00:00","og_image":[{"width":960,"height":958,"url":"https:\/\/gabonnouvellevision.com\/gnv\/wp-content\/uploads\/2024\/04\/334298083_1250172209241955_2788040794218795087_n-1.jpg","type":"image\/jpeg"}],"author":"Eyeng Obame","twitter_card":"summary_large_image","twitter_misc":{"\u00c9crit par":"Eyeng Obame","Dur\u00e9e de lecture estim\u00e9e":"2 minutes"},"schema":{"@context":"https:\/\/schema.org","@graph":[{"@type":"Article","@id":"https:\/\/gabonnouvellevision.com\/gnv\/2024\/05\/29\/assemblee-generale-du-syndicat-des-agents-des-affaires-etrangeres-ce-jeudi-30-mai-2024-a-libreville\/#article","isPartOf":{"@id":"https:\/\/gabonnouvellevision.com\/gnv\/2024\/05\/29\/assemblee-generale-du-syndicat-des-agents-des-affaires-etrangeres-ce-jeudi-30-mai-2024-a-libreville\/"},"author":{"name":"Eyeng Obame","@id":"https:\/\/gabonnouvellevision.com\/gnv\/#\/schema\/person\/4b48e07d222f83c0285affc3704bc899"},"headline":"Assembl\u00e9e G\u00e9n\u00e9rale du Syndicat des Agents des Affaires Etrang\u00e8res ce jeudi 30 mai 2024 \u00e0 Libreville","datePublished":"2024-05-29T11:55:15+00:00","dateModified":"2024-05-29T11:55:15+00:00","mainEntityOfPage":{"@id":"https:\/\/gabonnouvellevision.com\/gnv\/2024\/05\/29\/assemblee-generale-du-syndicat-des-agents-des-affaires-etrangeres-ce-jeudi-30-mai-2024-a-libreville\/"},"wordCount":499,"commentCount":0,"publisher":{"@id":"https:\/\/gabonnouvellevision.com\/gnv\/#organization"},"image":{"@id":"https:\/\/gabonnouvellevision.com\/gnv\/2024\/05\/29\/assemblee-generale-du-syndicat-des-agents-des-affaires-etrangeres-ce-jeudi-30-mai-2024-a-libreville\/#primaryimage"},"thumbnailUrl":"https:\/\/gabonnouvellevision.com\/gnv\/wp-content\/uploads\/2024\/04\/334298083_1250172209241955_2788040794218795087_n-1.jpg","articleSection":["Societe"],"inLanguage":"fr-FR","potentialAction":[{"@type":"CommentAction","name":"Comment","target":["https:\/\/gabonnouvellevision.com\/gnv\/2024\/05\/29\/assemblee-generale-du-syndicat-des-agents-des-affaires-etrangeres-ce-jeudi-30-mai-2024-a-libreville\/#respond"]}]},{"@type":"WebPage","@id":"https:\/\/gabonnouvellevision.com\/gnv\/2024\/05\/29\/assemblee-generale-du-syndicat-des-agents-des-affaires-etrangeres-ce-jeudi-30-mai-2024-a-libreville\/","url":"https:\/\/gabonnouvellevision.com\/gnv\/2024\/05\/29\/assemblee-generale-du-syndicat-des-agents-des-affaires-etrangeres-ce-jeudi-30-mai-2024-a-libreville\/","name":"Assembl\u00e9e G\u00e9n\u00e9rale du Syndicat des Agents des Affaires Etrang\u00e8res ce jeudi 30 mai 2024 \u00e0 Libreville - Gabon Nouvelle Vision","isPartOf":{"@id":"https:\/\/gabonnouvellevision.com\/gnv\/#website"},"primaryImageOfPage":{"@id":"https:\/\/gabonnouvellevision.com\/gnv\/2024\/05\/29\/assemblee-generale-du-syndicat-des-agents-des-affaires-etrangeres-ce-jeudi-30-mai-2024-a-libreville\/#primaryimage"},"image":{"@id":"https:\/\/gabonnouvellevision.com\/gnv\/2024\/05\/29\/assemblee-generale-du-syndicat-des-agents-des-affaires-etrangeres-ce-jeudi-30-mai-2024-a-libreville\/#primaryimage"},"thumbnailUrl":"https:\/\/gabonnouvellevision.com\/gnv\/wp-content\/uploads\/2024\/04\/334298083_1250172209241955_2788040794218795087_n-1.jpg","datePublished":"2024-05-29T11:55:15+00:00","dateModified":"2024-05-29T11:55:15+00:00","breadcrumb":{"@id":"https:\/\/gabonnouvellevision.com\/gnv\/2024\/05\/29\/assemblee-generale-du-syndicat-des-agents-des-affaires-etrangeres-ce-jeudi-30-mai-2024-a-libreville\/#breadcrumb"},"inLanguage":"fr-FR","potentialAction":[{"@type":"ReadAction","target":["https:\/\/gabonnouvellevision.com\/gnv\/2024\/05\/29\/assemblee-generale-du-syndicat-des-agents-des-affaires-etrangeres-ce-jeudi-30-mai-2024-a-libreville\/"]}]},{"@type":"ImageObject","inLanguage":"fr-FR","@id":"https:\/\/gabonnouvellevision.com\/gnv\/2024\/05\/29\/assemblee-generale-du-syndicat-des-agents-des-affaires-etrangeres-ce-jeudi-30-mai-2024-a-libreville\/#primaryimage","url":"https:\/\/gabonnouvellevision.com\/gnv\/wp-content\/uploads\/2024\/04\/334298083_1250172209241955_2788040794218795087_n-1.jpg","contentUrl":"https:\/\/gabonnouvellevision.com\/gnv\/wp-content\/uploads\/2024\/04\/334298083_1250172209241955_2788040794218795087_n-1.jpg","width":960,"height":958},{"@type":"BreadcrumbList","@id":"https:\/\/gabonnouvellevision.com\/gnv\/2024\/05\/29\/assemblee-generale-du-syndicat-des-agents-des-affaires-etrangeres-ce-jeudi-30-mai-2024-a-libreville\/#breadcrumb","itemListElement":[{"@type":"ListItem","position":1,"name":"Accueil","item":"https:\/\/gabonnouvellevision.com\/gnv\/"},{"@type":"ListItem","position":2,"name":"Assembl\u00e9e G\u00e9n\u00e9rale du Syndicat des Agents des Affaires Etrang\u00e8res ce jeudi 30 mai 2024 \u00e0 Libreville"}]},{"@type":"WebSite","@id":"https:\/\/gabonnouvellevision.com\/gnv\/#website","url":"https:\/\/gabonnouvellevision.com\/gnv\/","name":"Gabon Nouvelle Vision","description":"","publisher":{"@id":"https:\/\/gabonnouvellevision.com\/gnv\/#organization"},"potentialAction":[{"@type":"SearchAction","target":{"@type":"EntryPoint","urlTemplate":"https:\/\/gabonnouvellevision.com\/gnv\/?s={search_term_string}"},"query-input":{"@type":"PropertyValueSpecification","valueRequired":true,"valueName":"search_term_string"}}],"inLanguage":"fr-FR"},{"@type":"Organization","@id":"https:\/\/gabonnouvellevision.com\/gnv\/#organization","name":"Gabon Nouvelle Vision","url":"https:\/\/gabonnouvellevision.com\/gnv\/","logo":{"@type":"ImageObject","inLanguage":"fr-FR","@id":"https:\/\/gabonnouvellevision.com\/gnv\/#\/schema\/logo\/image\/","url":"https:\/\/gabonnouvellevision.com\/gnv\/wp-content\/uploads\/2025\/01\/logo-text_Plan-de-travail-1.png","contentUrl":"https:\/\/gabonnouvellevision.com\/gnv\/wp-content\/uploads\/2025\/01\/logo-text_Plan-de-travail-1.png","width":7169,"height":2390,"caption":"Gabon Nouvelle Vision"},"image":{"@id":"https:\/\/gabonnouvellevision.com\/gnv\/#\/schema\/logo\/image\/"},"sameAs":["https:\/\/www.facebook.com\/GNVofficiel"]},{"@type":"Person","@id":"https:\/\/gabonnouvellevision.com\/gnv\/#\/schema\/person\/4b48e07d222f83c0285affc3704bc899","name":"Eyeng Obame","image":{"@type":"ImageObject","inLanguage":"fr-FR","@id":"https:\/\/gabonnouvellevision.com\/gnv\/#\/schema\/person\/image\/","url":"https:\/\/secure.gravatar.com\/avatar\/167bc03b8baf3c77318a47159f80871de6f5a6cbf4bc8b6af750fbc1a369d7bf?s=96&d=mm&r=g","contentUrl":"https:\/\/secure.gravatar.com\/avatar\/167bc03b8baf3c77318a47159f80871de6f5a6cbf4bc8b6af750fbc1a369d7bf?s=96&d=mm&r=g","caption":"Eyeng Obame"},"url":"https:\/\/gabonnouvellevision.com\/gnv\/author\/rufin\/"}]}},"_links":{"self":[{"href":"https:\/\/gabonnouvellevision.com\/gnv\/wp-json\/wp\/v2\/posts\/3015","targetHints":{"allow":["GET"]}}],"collection":[{"href":"https:\/\/gabonnouvellevision.com\/gnv\/wp-json\/wp\/v2\/posts"}],"about":[{"href":"https:\/\/gabonnouvellevision.com\/gnv\/wp-json\/wp\/v2\/types\/post"}],"author":[{"embeddable":true,"href":"https:\/\/gabonnouvellevision.com\/gnv\/wp-json\/wp\/v2\/users\/7"}],"replies":[{"embeddable":true,"href":"https:\/\/gabonnouvellevision.com\/gnv\/wp-json\/wp\/v2\/comments?post=3015"}],"version-history":[{"count":0,"href":"https:\/\/gabonnouvellevision.com\/gnv\/wp-json\/wp\/v2\/posts\/3015\/revisions"}],"wp:featuredmedia":[{"embeddable":true,"href":"https:\/\/gabonnouvellevision.com\/gnv\/wp-json\/wp\/v2\/media\/2891"}],"wp:attachment":[{"href":"https:\/\/gabonnouvellevision.com\/gnv\/wp-json\/wp\/v2\/media?parent=3015"}],"wp:term":[{"taxonomy":"category","embeddable":true,"href":"https:\/\/gabonnouvellevision.com\/gnv\/wp-json\/wp\/v2\/categories?post=3015"},{"taxonomy":"post_tag","embeddable":true,"href":"https:\/\/gabonnouvellevision.com\/gnv\/wp-json\/wp\/v2\/tags?post=3015"}],"curies":[{"name":"wp","href":"https:\/\/api.w.org\/{rel}","templated":true}]}}