{"id":3012,"date":"2024-05-29T11:39:11","date_gmt":"2024-05-29T10:39:11","guid":{"rendered":"https:\/\/gabonnouvellevision.com\/gnv\/?p=3012"},"modified":"2024-05-29T11:39:11","modified_gmt":"2024-05-29T10:39:11","slug":"preparatifs-du-jubile-des-175-ans-des-soeurs-bleues-au-gabon","status":"publish","type":"post","link":"https:\/\/gabonnouvellevision.com\/gnv\/2024\/05\/29\/preparatifs-du-jubile-des-175-ans-des-soeurs-bleues-au-gabon\/","title":{"rendered":"Pr\u00e9paratifs du jubil\u00e9 des 175 ans des S\u0153urs Bleues au Gabon"},"content":{"rendered":"<p><em><strong>S\u0153ur Jeanne Emilie de Villeneuve, fondatrice des s\u0153urs bleues au service des plus d\u00e9munis<\/strong><\/em><\/p>\n<p><em><strong>La sup\u00e9rieure g\u00e9n\u00e9rale pour l\u2019Afrique des s\u0153urs bleues,\u00a0 s\u00e9journe au Gabon depuis quelques heures,\u00a0 pour fourbir les armes \u00e0 ses religieuses\u00a0 de mieux vivre l\u2019anniversaire des 175 ans de pr\u00e9sence de cette congr\u00e9gation f\u00e9minine au Gabon. Un jubil\u00e9 pr\u00e9vue en Ao\u00fbt prochain \u00e0 Libreville avec au menu, une s\u00e9rie d&rsquo;activit\u00e9s spirituelles et sociales.<\/strong><\/em><\/p>\n<p>Implant\u00e9e au Gabon depuis 1849, la congr\u00e9gation Notre Dame de l\u2019Immacul\u00e9e Conception dite s\u0153urs Bleues de Castres,\u00a0 s\u2019active ces derniers jours \u00e0 c\u00e9l\u00e9brer avec faste son jubil\u00e9 le mois d\u2019Ao\u00fbt prochain. En pr\u00e9lude \u00e0 cet \u00e9v\u00e8nement, la sup\u00e9rieure g\u00e9n\u00e9rale pour l\u2019Afrique de la dite congr\u00e9gation, d\u2019origine S\u00e9n\u00e9galaise, est de passage au Gabon pour galvaniser ses troupes \u00e0 mieux vivre ces temps forts de la congr\u00e9gation de la religieuse Fran\u00e7aise Jean Emilie de Villeneuve(1811-1854) qui a consacr\u00e9 sa vie aux pauvres. Une congr\u00e9gation qui compte \u00e0 ce jour plus de 650 religieuses \u00e0 travers le monde notamment en Europe, en Afrique et Am\u00e9rique Latine.<\/p>\n<p>Que ce jubil\u00e9, revitalise le z\u00e8le apostolique et\u00a0 missionnaire des s\u0153urs Bleues de la gare-routi\u00e8re de Libreville.<\/p>\n<p><strong>Rufin Martial Oke Nze<\/strong><\/p>\n<p>&nbsp;<\/p>\n","protected":false},"excerpt":{"rendered":"<p>S\u0153ur Jeanne Emilie de Villeneuve, fondatrice des s\u0153urs bleues au service des plus d\u00e9munis La sup\u00e9rieure g\u00e9n\u00e9rale pour l\u2019Afrique des s\u0153urs bleues,\u00a0 s\u00e9journe au Gabon depuis quelques heures,\u00a0 pour fourbir les armes \u00e0 ses religieuses\u00a0 de mieux vivre l\u2019anniversaire des 175 ans de pr\u00e9sence de cette congr\u00e9gation f\u00e9minine au Gabon. Un jubil\u00e9 pr\u00e9vue en Ao\u00fbt [&hellip;]<\/p>\n","protected":false},"author":7,"featured_media":3013,"comment_status":"open","ping_status":"open","sticky":false,"template":"","format":"standard","meta":{"footnotes":""},"categories":[64],"tags":[],"class_list":["post-3012","post","type-post","status-publish","format-standard","has-post-thumbnail","hentry","category-religion"],"yoast_head":"<!-- This site is optimized with the Yoast SEO plugin v24.2 - https:\/\/yoast.com\/wordpress\/plugins\/seo\/ -->\n<title>Pr\u00e9paratifs du jubil\u00e9 des 175 ans des S\u0153urs Bleues au Gabon - Gabon Nouvelle Vision<\/title>\n<meta name=\"robots\" content=\"index, follow, max-snippet:-1, max-image-preview:large, max-video-preview:-1\" \/>\n<link rel=\"canonical\" href=\"https:\/\/gabonnouvellevision.com\/gnv\/2024\/05\/29\/preparatifs-du-jubile-des-175-ans-des-soeurs-bleues-au-gabon\/\" \/>\n<meta property=\"og:locale\" content=\"fr_FR\" \/>\n<meta property=\"og:type\" content=\"article\" \/>\n<meta property=\"og:title\" content=\"Pr\u00e9paratifs du jubil\u00e9 des 175 ans des S\u0153urs Bleues au Gabon - Gabon Nouvelle Vision\" \/>\n<meta property=\"og:description\" content=\"S\u0153ur Jeanne Emilie de Villeneuve, fondatrice des s\u0153urs bleues au service des plus d\u00e9munis La sup\u00e9rieure g\u00e9n\u00e9rale pour l\u2019Afrique des s\u0153urs bleues,\u00a0 s\u00e9journe au Gabon depuis quelques heures,\u00a0 pour fourbir les armes \u00e0 ses religieuses\u00a0 de mieux vivre l\u2019anniversaire des 175 ans de pr\u00e9sence de cette congr\u00e9gation f\u00e9minine au Gabon. Un jubil\u00e9 pr\u00e9vue en Ao\u00fbt [&hellip;]\" \/>\n<meta property=\"og:url\" content=\"https:\/\/gabonnouvellevision.com\/gnv\/2024\/05\/29\/preparatifs-du-jubile-des-175-ans-des-soeurs-bleues-au-gabon\/\" \/>\n<meta property=\"og:site_name\" content=\"Gabon Nouvelle Vision\" \/>\n<meta property=\"article:publisher\" content=\"https:\/\/www.facebook.com\/GNVofficiel\" \/>\n<meta property=\"article:published_time\" content=\"2024-05-29T10:39:11+00:00\" \/>\n<meta property=\"og:image\" content=\"https:\/\/gabonnouvellevision.com\/gnv\/wp-content\/uploads\/2024\/05\/images.jpg\" \/>\n\t<meta property=\"og:image:width\" content=\"201\" \/>\n\t<meta property=\"og:image:height\" content=\"189\" \/>\n\t<meta property=\"og:image:type\" content=\"image\/jpeg\" \/>\n<meta name=\"author\" content=\"Eyeng Obame\" \/>\n<meta name=\"twitter:card\" content=\"summary_large_image\" \/>\n<meta name=\"twitter:label1\" content=\"\u00c9crit par\" \/>\n\t<meta name=\"twitter:data1\" content=\"Eyeng Obame\" \/>\n\t<meta name=\"twitter:label2\" content=\"Dur\u00e9e de lecture estim\u00e9e\" \/>\n\t<meta name=\"twitter:data2\" content=\"1 minute\" \/>\n<script type=\"application\/ld+json\" class=\"yoast-schema-graph\">{\"@context\":\"https:\/\/schema.org\",\"@graph\":[{\"@type\":\"Article\",\"@id\":\"https:\/\/gabonnouvellevision.com\/gnv\/2024\/05\/29\/preparatifs-du-jubile-des-175-ans-des-soeurs-bleues-au-gabon\/#article\",\"isPartOf\":{\"@id\":\"https:\/\/gabonnouvellevision.com\/gnv\/2024\/05\/29\/preparatifs-du-jubile-des-175-ans-des-soeurs-bleues-au-gabon\/\"},\"author\":{\"name\":\"Eyeng Obame\",\"@id\":\"https:\/\/gabonnouvellevision.com\/gnv\/#\/schema\/person\/4b48e07d222f83c0285affc3704bc899\"},\"headline\":\"Pr\u00e9paratifs du jubil\u00e9 des 175 ans des S\u0153urs Bleues au Gabon\",\"datePublished\":\"2024-05-29T10:39:11+00:00\",\"dateModified\":\"2024-05-29T10:39:11+00:00\",\"mainEntityOfPage\":{\"@id\":\"https:\/\/gabonnouvellevision.com\/gnv\/2024\/05\/29\/preparatifs-du-jubile-des-175-ans-des-soeurs-bleues-au-gabon\/\"},\"wordCount\":239,\"commentCount\":0,\"publisher\":{\"@id\":\"https:\/\/gabonnouvellevision.com\/gnv\/#organization\"},\"image\":{\"@id\":\"https:\/\/gabonnouvellevision.com\/gnv\/2024\/05\/29\/preparatifs-du-jubile-des-175-ans-des-soeurs-bleues-au-gabon\/#primaryimage\"},\"thumbnailUrl\":\"https:\/\/gabonnouvellevision.com\/gnv\/wp-content\/uploads\/2024\/05\/images.jpg\",\"articleSection\":[\"Religion\"],\"inLanguage\":\"fr-FR\",\"potentialAction\":[{\"@type\":\"CommentAction\",\"name\":\"Comment\",\"target\":[\"https:\/\/gabonnouvellevision.com\/gnv\/2024\/05\/29\/preparatifs-du-jubile-des-175-ans-des-soeurs-bleues-au-gabon\/#respond\"]}]},{\"@type\":\"WebPage\",\"@id\":\"https:\/\/gabonnouvellevision.com\/gnv\/2024\/05\/29\/preparatifs-du-jubile-des-175-ans-des-soeurs-bleues-au-gabon\/\",\"url\":\"https:\/\/gabonnouvellevision.com\/gnv\/2024\/05\/29\/preparatifs-du-jubile-des-175-ans-des-soeurs-bleues-au-gabon\/\",\"name\":\"Pr\u00e9paratifs du jubil\u00e9 des 175 ans des S\u0153urs Bleues au Gabon - Gabon Nouvelle Vision\",\"isPartOf\":{\"@id\":\"https:\/\/gabonnouvellevision.com\/gnv\/#website\"},\"primaryImageOfPage\":{\"@id\":\"https:\/\/gabonnouvellevision.com\/gnv\/2024\/05\/29\/preparatifs-du-jubile-des-175-ans-des-soeurs-bleues-au-gabon\/#primaryimage\"},\"image\":{\"@id\":\"https:\/\/gabonnouvellevision.com\/gnv\/2024\/05\/29\/preparatifs-du-jubile-des-175-ans-des-soeurs-bleues-au-gabon\/#primaryimage\"},\"thumbnailUrl\":\"https:\/\/gabonnouvellevision.com\/gnv\/wp-content\/uploads\/2024\/05\/images.jpg\",\"datePublished\":\"2024-05-29T10:39:11+00:00\",\"dateModified\":\"2024-05-29T10:39:11+00:00\",\"breadcrumb\":{\"@id\":\"https:\/\/gabonnouvellevision.com\/gnv\/2024\/05\/29\/preparatifs-du-jubile-des-175-ans-des-soeurs-bleues-au-gabon\/#breadcrumb\"},\"inLanguage\":\"fr-FR\",\"potentialAction\":[{\"@type\":\"ReadAction\",\"target\":[\"https:\/\/gabonnouvellevision.com\/gnv\/2024\/05\/29\/preparatifs-du-jubile-des-175-ans-des-soeurs-bleues-au-gabon\/\"]}]},{\"@type\":\"ImageObject\",\"inLanguage\":\"fr-FR\",\"@id\":\"https:\/\/gabonnouvellevision.com\/gnv\/2024\/05\/29\/preparatifs-du-jubile-des-175-ans-des-soeurs-bleues-au-gabon\/#primaryimage\",\"url\":\"https:\/\/gabonnouvellevision.com\/gnv\/wp-content\/uploads\/2024\/05\/images.jpg\",\"contentUrl\":\"https:\/\/gabonnouvellevision.com\/gnv\/wp-content\/uploads\/2024\/05\/images.jpg\",\"width\":201,\"height\":189},{\"@type\":\"BreadcrumbList\",\"@id\":\"https:\/\/gabonnouvellevision.com\/gnv\/2024\/05\/29\/preparatifs-du-jubile-des-175-ans-des-soeurs-bleues-au-gabon\/#breadcrumb\",\"itemListElement\":[{\"@type\":\"ListItem\",\"position\":1,\"name\":\"Accueil\",\"item\":\"https:\/\/gabonnouvellevision.com\/gnv\/\"},{\"@type\":\"ListItem\",\"position\":2,\"name\":\"Pr\u00e9paratifs du jubil\u00e9 des 175 ans des S\u0153urs Bleues au Gabon\"}]},{\"@type\":\"WebSite\",\"@id\":\"https:\/\/gabonnouvellevision.com\/gnv\/#website\",\"url\":\"https:\/\/gabonnouvellevision.com\/gnv\/\",\"name\":\"Gabon Nouvelle Vision\",\"description\":\"\",\"publisher\":{\"@id\":\"https:\/\/gabonnouvellevision.com\/gnv\/#organization\"},\"potentialAction\":[{\"@type\":\"SearchAction\",\"target\":{\"@type\":\"EntryPoint\",\"urlTemplate\":\"https:\/\/gabonnouvellevision.com\/gnv\/?s={search_term_string}\"},\"query-input\":{\"@type\":\"PropertyValueSpecification\",\"valueRequired\":true,\"valueName\":\"search_term_string\"}}],\"inLanguage\":\"fr-FR\"},{\"@type\":\"Organization\",\"@id\":\"https:\/\/gabonnouvellevision.com\/gnv\/#organization\",\"name\":\"Gabon Nouvelle Vision\",\"url\":\"https:\/\/gabonnouvellevision.com\/gnv\/\",\"logo\":{\"@type\":\"ImageObject\",\"inLanguage\":\"fr-FR\",\"@id\":\"https:\/\/gabonnouvellevision.com\/gnv\/#\/schema\/logo\/image\/\",\"url\":\"https:\/\/gabonnouvellevision.com\/gnv\/wp-content\/uploads\/2025\/01\/logo-text_Plan-de-travail-1.png\",\"contentUrl\":\"https:\/\/gabonnouvellevision.com\/gnv\/wp-content\/uploads\/2025\/01\/logo-text_Plan-de-travail-1.png\",\"width\":7169,\"height\":2390,\"caption\":\"Gabon Nouvelle Vision\"},\"image\":{\"@id\":\"https:\/\/gabonnouvellevision.com\/gnv\/#\/schema\/logo\/image\/\"},\"sameAs\":[\"https:\/\/www.facebook.com\/GNVofficiel\"]},{\"@type\":\"Person\",\"@id\":\"https:\/\/gabonnouvellevision.com\/gnv\/#\/schema\/person\/4b48e07d222f83c0285affc3704bc899\",\"name\":\"Eyeng Obame\",\"image\":{\"@type\":\"ImageObject\",\"inLanguage\":\"fr-FR\",\"@id\":\"https:\/\/gabonnouvellevision.com\/gnv\/#\/schema\/person\/image\/\",\"url\":\"https:\/\/secure.gravatar.com\/avatar\/167bc03b8baf3c77318a47159f80871de6f5a6cbf4bc8b6af750fbc1a369d7bf?s=96&d=mm&r=g\",\"contentUrl\":\"https:\/\/secure.gravatar.com\/avatar\/167bc03b8baf3c77318a47159f80871de6f5a6cbf4bc8b6af750fbc1a369d7bf?s=96&d=mm&r=g\",\"caption\":\"Eyeng Obame\"},\"url\":\"https:\/\/gabonnouvellevision.com\/gnv\/author\/rufin\/\"}]}<\/script>\n<!-- \/ Yoast SEO plugin. -->","yoast_head_json":{"title":"Pr\u00e9paratifs du jubil\u00e9 des 175 ans des S\u0153urs Bleues au Gabon - Gabon Nouvelle Vision","robots":{"index":"index","follow":"follow","max-snippet":"max-snippet:-1","max-image-preview":"max-image-preview:large","max-video-preview":"max-video-preview:-1"},"canonical":"https:\/\/gabonnouvellevision.com\/gnv\/2024\/05\/29\/preparatifs-du-jubile-des-175-ans-des-soeurs-bleues-au-gabon\/","og_locale":"fr_FR","og_type":"article","og_title":"Pr\u00e9paratifs du jubil\u00e9 des 175 ans des S\u0153urs Bleues au Gabon - Gabon Nouvelle Vision","og_description":"S\u0153ur Jeanne Emilie de Villeneuve, fondatrice des s\u0153urs bleues au service des plus d\u00e9munis La sup\u00e9rieure g\u00e9n\u00e9rale pour l\u2019Afrique des s\u0153urs bleues,\u00a0 s\u00e9journe au Gabon depuis quelques heures,\u00a0 pour fourbir les armes \u00e0 ses religieuses\u00a0 de mieux vivre l\u2019anniversaire des 175 ans de pr\u00e9sence de cette congr\u00e9gation f\u00e9minine au Gabon. Un jubil\u00e9 pr\u00e9vue en Ao\u00fbt [&hellip;]","og_url":"https:\/\/gabonnouvellevision.com\/gnv\/2024\/05\/29\/preparatifs-du-jubile-des-175-ans-des-soeurs-bleues-au-gabon\/","og_site_name":"Gabon Nouvelle Vision","article_publisher":"https:\/\/www.facebook.com\/GNVofficiel","article_published_time":"2024-05-29T10:39:11+00:00","og_image":[{"width":201,"height":189,"url":"https:\/\/gabonnouvellevision.com\/gnv\/wp-content\/uploads\/2024\/05\/images.jpg","type":"image\/jpeg"}],"author":"Eyeng Obame","twitter_card":"summary_large_image","twitter_misc":{"\u00c9crit par":"Eyeng Obame","Dur\u00e9e de lecture estim\u00e9e":"1 minute"},"schema":{"@context":"https:\/\/schema.org","@graph":[{"@type":"Article","@id":"https:\/\/gabonnouvellevision.com\/gnv\/2024\/05\/29\/preparatifs-du-jubile-des-175-ans-des-soeurs-bleues-au-gabon\/#article","isPartOf":{"@id":"https:\/\/gabonnouvellevision.com\/gnv\/2024\/05\/29\/preparatifs-du-jubile-des-175-ans-des-soeurs-bleues-au-gabon\/"},"author":{"name":"Eyeng Obame","@id":"https:\/\/gabonnouvellevision.com\/gnv\/#\/schema\/person\/4b48e07d222f83c0285affc3704bc899"},"headline":"Pr\u00e9paratifs du jubil\u00e9 des 175 ans des S\u0153urs Bleues au Gabon","datePublished":"2024-05-29T10:39:11+00:00","dateModified":"2024-05-29T10:39:11+00:00","mainEntityOfPage":{"@id":"https:\/\/gabonnouvellevision.com\/gnv\/2024\/05\/29\/preparatifs-du-jubile-des-175-ans-des-soeurs-bleues-au-gabon\/"},"wordCount":239,"commentCount":0,"publisher":{"@id":"https:\/\/gabonnouvellevision.com\/gnv\/#organization"},"image":{"@id":"https:\/\/gabonnouvellevision.com\/gnv\/2024\/05\/29\/preparatifs-du-jubile-des-175-ans-des-soeurs-bleues-au-gabon\/#primaryimage"},"thumbnailUrl":"https:\/\/gabonnouvellevision.com\/gnv\/wp-content\/uploads\/2024\/05\/images.jpg","articleSection":["Religion"],"inLanguage":"fr-FR","potentialAction":[{"@type":"CommentAction","name":"Comment","target":["https:\/\/gabonnouvellevision.com\/gnv\/2024\/05\/29\/preparatifs-du-jubile-des-175-ans-des-soeurs-bleues-au-gabon\/#respond"]}]},{"@type":"WebPage","@id":"https:\/\/gabonnouvellevision.com\/gnv\/2024\/05\/29\/preparatifs-du-jubile-des-175-ans-des-soeurs-bleues-au-gabon\/","url":"https:\/\/gabonnouvellevision.com\/gnv\/2024\/05\/29\/preparatifs-du-jubile-des-175-ans-des-soeurs-bleues-au-gabon\/","name":"Pr\u00e9paratifs du jubil\u00e9 des 175 ans des S\u0153urs Bleues au Gabon - Gabon Nouvelle Vision","isPartOf":{"@id":"https:\/\/gabonnouvellevision.com\/gnv\/#website"},"primaryImageOfPage":{"@id":"https:\/\/gabonnouvellevision.com\/gnv\/2024\/05\/29\/preparatifs-du-jubile-des-175-ans-des-soeurs-bleues-au-gabon\/#primaryimage"},"image":{"@id":"https:\/\/gabonnouvellevision.com\/gnv\/2024\/05\/29\/preparatifs-du-jubile-des-175-ans-des-soeurs-bleues-au-gabon\/#primaryimage"},"thumbnailUrl":"https:\/\/gabonnouvellevision.com\/gnv\/wp-content\/uploads\/2024\/05\/images.jpg","datePublished":"2024-05-29T10:39:11+00:00","dateModified":"2024-05-29T10:39:11+00:00","breadcrumb":{"@id":"https:\/\/gabonnouvellevision.com\/gnv\/2024\/05\/29\/preparatifs-du-jubile-des-175-ans-des-soeurs-bleues-au-gabon\/#breadcrumb"},"inLanguage":"fr-FR","potentialAction":[{"@type":"ReadAction","target":["https:\/\/gabonnouvellevision.com\/gnv\/2024\/05\/29\/preparatifs-du-jubile-des-175-ans-des-soeurs-bleues-au-gabon\/"]}]},{"@type":"ImageObject","inLanguage":"fr-FR","@id":"https:\/\/gabonnouvellevision.com\/gnv\/2024\/05\/29\/preparatifs-du-jubile-des-175-ans-des-soeurs-bleues-au-gabon\/#primaryimage","url":"https:\/\/gabonnouvellevision.com\/gnv\/wp-content\/uploads\/2024\/05\/images.jpg","contentUrl":"https:\/\/gabonnouvellevision.com\/gnv\/wp-content\/uploads\/2024\/05\/images.jpg","width":201,"height":189},{"@type":"BreadcrumbList","@id":"https:\/\/gabonnouvellevision.com\/gnv\/2024\/05\/29\/preparatifs-du-jubile-des-175-ans-des-soeurs-bleues-au-gabon\/#breadcrumb","itemListElement":[{"@type":"ListItem","position":1,"name":"Accueil","item":"https:\/\/gabonnouvellevision.com\/gnv\/"},{"@type":"ListItem","position":2,"name":"Pr\u00e9paratifs du jubil\u00e9 des 175 ans des S\u0153urs Bleues au Gabon"}]},{"@type":"WebSite","@id":"https:\/\/gabonnouvellevision.com\/gnv\/#website","url":"https:\/\/gabonnouvellevision.com\/gnv\/","name":"Gabon Nouvelle Vision","description":"","publisher":{"@id":"https:\/\/gabonnouvellevision.com\/gnv\/#organization"},"potentialAction":[{"@type":"SearchAction","target":{"@type":"EntryPoint","urlTemplate":"https:\/\/gabonnouvellevision.com\/gnv\/?s={search_term_string}"},"query-input":{"@type":"PropertyValueSpecification","valueRequired":true,"valueName":"search_term_string"}}],"inLanguage":"fr-FR"},{"@type":"Organization","@id":"https:\/\/gabonnouvellevision.com\/gnv\/#organization","name":"Gabon Nouvelle Vision","url":"https:\/\/gabonnouvellevision.com\/gnv\/","logo":{"@type":"ImageObject","inLanguage":"fr-FR","@id":"https:\/\/gabonnouvellevision.com\/gnv\/#\/schema\/logo\/image\/","url":"https:\/\/gabonnouvellevision.com\/gnv\/wp-content\/uploads\/2025\/01\/logo-text_Plan-de-travail-1.png","contentUrl":"https:\/\/gabonnouvellevision.com\/gnv\/wp-content\/uploads\/2025\/01\/logo-text_Plan-de-travail-1.png","width":7169,"height":2390,"caption":"Gabon Nouvelle Vision"},"image":{"@id":"https:\/\/gabonnouvellevision.com\/gnv\/#\/schema\/logo\/image\/"},"sameAs":["https:\/\/www.facebook.com\/GNVofficiel"]},{"@type":"Person","@id":"https:\/\/gabonnouvellevision.com\/gnv\/#\/schema\/person\/4b48e07d222f83c0285affc3704bc899","name":"Eyeng Obame","image":{"@type":"ImageObject","inLanguage":"fr-FR","@id":"https:\/\/gabonnouvellevision.com\/gnv\/#\/schema\/person\/image\/","url":"https:\/\/secure.gravatar.com\/avatar\/167bc03b8baf3c77318a47159f80871de6f5a6cbf4bc8b6af750fbc1a369d7bf?s=96&d=mm&r=g","contentUrl":"https:\/\/secure.gravatar.com\/avatar\/167bc03b8baf3c77318a47159f80871de6f5a6cbf4bc8b6af750fbc1a369d7bf?s=96&d=mm&r=g","caption":"Eyeng Obame"},"url":"https:\/\/gabonnouvellevision.com\/gnv\/author\/rufin\/"}]}},"_links":{"self":[{"href":"https:\/\/gabonnouvellevision.com\/gnv\/wp-json\/wp\/v2\/posts\/3012","targetHints":{"allow":["GET"]}}],"collection":[{"href":"https:\/\/gabonnouvellevision.com\/gnv\/wp-json\/wp\/v2\/posts"}],"about":[{"href":"https:\/\/gabonnouvellevision.com\/gnv\/wp-json\/wp\/v2\/types\/post"}],"author":[{"embeddable":true,"href":"https:\/\/gabonnouvellevision.com\/gnv\/wp-json\/wp\/v2\/users\/7"}],"replies":[{"embeddable":true,"href":"https:\/\/gabonnouvellevision.com\/gnv\/wp-json\/wp\/v2\/comments?post=3012"}],"version-history":[{"count":0,"href":"https:\/\/gabonnouvellevision.com\/gnv\/wp-json\/wp\/v2\/posts\/3012\/revisions"}],"wp:featuredmedia":[{"embeddable":true,"href":"https:\/\/gabonnouvellevision.com\/gnv\/wp-json\/wp\/v2\/media\/3013"}],"wp:attachment":[{"href":"https:\/\/gabonnouvellevision.com\/gnv\/wp-json\/wp\/v2\/media?parent=3012"}],"wp:term":[{"taxonomy":"category","embeddable":true,"href":"https:\/\/gabonnouvellevision.com\/gnv\/wp-json\/wp\/v2\/categories?post=3012"},{"taxonomy":"post_tag","embeddable":true,"href":"https:\/\/gabonnouvellevision.com\/gnv\/wp-json\/wp\/v2\/tags?post=3012"}],"curies":[{"name":"wp","href":"https:\/\/api.w.org\/{rel}","templated":true}]}}