{"id":3008,"date":"2024-05-22T11:50:06","date_gmt":"2024-05-22T10:50:06","guid":{"rendered":"https:\/\/gabonnouvellevision.com\/gnv\/?p=3008"},"modified":"2024-05-22T11:50:06","modified_gmt":"2024-05-22T10:50:06","slug":"le-delegue-special-de-ntoum-devise-avec-les-commercants","status":"publish","type":"post","link":"https:\/\/gabonnouvellevision.com\/gnv\/2024\/05\/22\/le-delegue-special-de-ntoum-devise-avec-les-commercants\/","title":{"rendered":"Le D\u00e9l\u00e9gu\u00e9 Sp\u00e9cial de Ntoum devise avec les commer\u00e7ants"},"content":{"rendered":"<p><em><strong>Le D\u00e9l\u00e9gu\u00e9 Sp\u00e9cial de la Commune de Ntoum, G\u00e9n\u00e9ral de Brigade Samuel Ndoutoume Ekoua, vient de\u00a0 rencontrer ces derni\u00e8res heures les commer\u00e7ants du 1er arrondissement de sa circonscription administrative \u00e0 la salle polyvalente. Cette rencontre, premi\u00e8re du genre depuis sa prise de fonction officielle le 07 f\u00e9vrier dernier, a port\u00e9 entre autres, sur la nouvelle gestion des ordures m\u00e9nag\u00e8res, la digitalisation du syst\u00e8me de recouvrement, et l\u2019embellissement des fa\u00e7ades des b\u00e2timents commerciaux par la destruction des losanges<\/strong><\/em>.<\/p>\n<p>D\u2019une courtoisie exquise, l\u2019ancien Commandant en Chef Adjoint de la Garde P\u00e9nitentiaire, Samuel Ndoutoume Ekoua, a saisi cette opportunit\u00e9 avec les commer\u00e7ants du premier arrondissement de sa commune pour d\u00e9voiler la nouvelle strat\u00e9gie de gestion des ordures m\u00e9nag\u00e8res qui devra impliquer en amont tous les acteurs concern\u00e9s par le probl\u00e8me, notamment les propri\u00e9taires des devantures insalubres, \u00a0pour mieux atteindre les objectifs fix\u00e9s.<\/p>\n<p>Selon l\u2019information relay\u00e9e par la page Facebook officielle de la D\u00e9l\u00e9gation Sp\u00e9ciale de Ntoum, cette collecte dite \u00a0\u00bb \u00e0 la source \u00a0\u00bb se fera par ramassage sous une fr\u00e9quence calendaire r\u00e9currente.<\/p>\n<p>Abordant l\u2019\u00e9pineuse question du recouvrement, v\u00e9ritable casse-t\u00eate de toutes les municipalit\u00e9s du Grand-Libreville,\u00a0 le D\u00e9l\u00e9gu\u00e9 sp\u00e9cial a annonc\u00e9 s\u00e9ance tenante \u00e0 l\u2019assistance de la digitalisation incessante du syst\u00e8me de recouvrement municipal afin d\u2019avoir une gestion transparente et \u00a0optimale des deniers publics comme cela se fait ailleurs pour mettre \u00e0 nu toute la mafia qui entoure ce secteur \u00e0 l\u2019issue d\u2019une enqu\u00eate pr\u00e9alablement men\u00e9e par ses soins. Avant de mettre en garde les commer\u00e7ants et les agents municipaux qui s\u2019adonnent \u00e0 ces pratiques peu orthodoxes qui d\u00e9sapprovisionnent journali\u00e8rement l\u2019assiette fiscale municipale.<\/p>\n<p>L\u2019embellissement de la ville,\u00a0 pr\u00e9occupation majeure du 1er magistrat de la ville, devra passer n\u00e9cessairement par la r\u00e9fection des fa\u00e7ades des b\u00e2timents commerciaux pr\u00e9cise la m\u00eame source.<\/p>\n<p>Dans l\u2019optique de redorer l\u2019image culturelle et anthropologique de la ville que le D\u00e9l\u00e9gu\u00e9 Sp\u00e9cial \u00a0surnomme personnellement \u00a0\u00bb La coquette\u00a0\u00bb , le membre du CTRI a d\u00e9cid\u00e9 d\u2019accompagner ses commer\u00e7ants dans cette exaltante campagne esth\u00e9tique urbaine en perspective.<\/p>\n<p>Apr\u00e8s les commer\u00e7ants l\u00e9gaux, la D\u00e9l\u00e9gation Sp\u00e9ciale devra \u00e9galement se pencher sur le statut \u00a0des marchands ambulants qui \u00e9cument quotidiennement les rues et quartiers de la commune de Ntoum \u00a0sans pourtant garnir l\u2019assiette fiscale municipale. Ces commer\u00e7ants ambulants du secteur informel, \u00a0bien que majoritairement expatri\u00e9s, m\u00e9ritent aussi une attention particuli\u00e8re en cette p\u00e9riode de la transition o\u00f9 l\u2019on parle de plus en plus de restauration des institutions de la R\u00e9publique.<\/p>\n<p><strong>\u00a0 \u00a0 \u00a0 \u00a0 \u00a0 \u00a0 \u00a0 \u00a0 \u00a0 \u00a0 \u00a0 \u00a0Rufin Martial Oke Nze<\/strong>.<\/p>\n<p>&nbsp;<\/p>\n","protected":false},"excerpt":{"rendered":"<p>Le D\u00e9l\u00e9gu\u00e9 Sp\u00e9cial de la Commune de Ntoum, G\u00e9n\u00e9ral de Brigade Samuel Ndoutoume Ekoua, vient de\u00a0 rencontrer ces derni\u00e8res heures les commer\u00e7ants du 1er arrondissement de sa circonscription administrative \u00e0 la salle polyvalente. Cette rencontre, premi\u00e8re du genre depuis sa prise de fonction officielle le 07 f\u00e9vrier dernier, a port\u00e9 entre autres, sur la nouvelle [&hellip;]<\/p>\n","protected":false},"author":7,"featured_media":3009,"comment_status":"open","ping_status":"open","sticky":false,"template":"","format":"standard","meta":{"footnotes":""},"categories":[60],"tags":[],"class_list":["post-3008","post","type-post","status-publish","format-standard","has-post-thumbnail","hentry","category-economie"],"yoast_head":"<!-- This site is optimized with the Yoast SEO plugin v24.2 - https:\/\/yoast.com\/wordpress\/plugins\/seo\/ -->\n<title>Le D\u00e9l\u00e9gu\u00e9 Sp\u00e9cial de Ntoum devise avec les commer\u00e7ants - Gabon Nouvelle Vision<\/title>\n<meta name=\"robots\" content=\"index, follow, max-snippet:-1, max-image-preview:large, max-video-preview:-1\" \/>\n<link rel=\"canonical\" href=\"https:\/\/gabonnouvellevision.com\/gnv\/2024\/05\/22\/le-delegue-special-de-ntoum-devise-avec-les-commercants\/\" \/>\n<meta property=\"og:locale\" content=\"fr_FR\" \/>\n<meta property=\"og:type\" content=\"article\" \/>\n<meta property=\"og:title\" content=\"Le D\u00e9l\u00e9gu\u00e9 Sp\u00e9cial de Ntoum devise avec les commer\u00e7ants - Gabon Nouvelle Vision\" \/>\n<meta property=\"og:description\" content=\"Le D\u00e9l\u00e9gu\u00e9 Sp\u00e9cial de la Commune de Ntoum, G\u00e9n\u00e9ral de Brigade Samuel Ndoutoume Ekoua, vient de\u00a0 rencontrer ces derni\u00e8res heures les commer\u00e7ants du 1er arrondissement de sa circonscription administrative \u00e0 la salle polyvalente. Cette rencontre, premi\u00e8re du genre depuis sa prise de fonction officielle le 07 f\u00e9vrier dernier, a port\u00e9 entre autres, sur la nouvelle [&hellip;]\" \/>\n<meta property=\"og:url\" content=\"https:\/\/gabonnouvellevision.com\/gnv\/2024\/05\/22\/le-delegue-special-de-ntoum-devise-avec-les-commercants\/\" \/>\n<meta property=\"og:site_name\" content=\"Gabon Nouvelle Vision\" \/>\n<meta property=\"article:publisher\" content=\"https:\/\/www.facebook.com\/GNVofficiel\" \/>\n<meta property=\"article:published_time\" content=\"2024-05-22T10:50:06+00:00\" \/>\n<meta property=\"og:image\" content=\"https:\/\/gabonnouvellevision.com\/gnv\/wp-content\/uploads\/2024\/05\/436610681_122136572594243009_6894854668740553279_n.jpg\" \/>\n\t<meta property=\"og:image:width\" content=\"593\" \/>\n\t<meta property=\"og:image:height\" content=\"395\" \/>\n\t<meta property=\"og:image:type\" content=\"image\/jpeg\" \/>\n<meta name=\"author\" content=\"Eyeng Obame\" \/>\n<meta name=\"twitter:card\" content=\"summary_large_image\" \/>\n<meta name=\"twitter:label1\" content=\"\u00c9crit par\" \/>\n\t<meta name=\"twitter:data1\" content=\"Eyeng Obame\" \/>\n\t<meta name=\"twitter:label2\" content=\"Dur\u00e9e de lecture estim\u00e9e\" \/>\n\t<meta name=\"twitter:data2\" content=\"2 minutes\" \/>\n<script type=\"application\/ld+json\" class=\"yoast-schema-graph\">{\"@context\":\"https:\/\/schema.org\",\"@graph\":[{\"@type\":\"Article\",\"@id\":\"https:\/\/gabonnouvellevision.com\/gnv\/2024\/05\/22\/le-delegue-special-de-ntoum-devise-avec-les-commercants\/#article\",\"isPartOf\":{\"@id\":\"https:\/\/gabonnouvellevision.com\/gnv\/2024\/05\/22\/le-delegue-special-de-ntoum-devise-avec-les-commercants\/\"},\"author\":{\"name\":\"Eyeng Obame\",\"@id\":\"https:\/\/gabonnouvellevision.com\/gnv\/#\/schema\/person\/4b48e07d222f83c0285affc3704bc899\"},\"headline\":\"Le D\u00e9l\u00e9gu\u00e9 Sp\u00e9cial de Ntoum devise avec les commer\u00e7ants\",\"datePublished\":\"2024-05-22T10:50:06+00:00\",\"dateModified\":\"2024-05-22T10:50:06+00:00\",\"mainEntityOfPage\":{\"@id\":\"https:\/\/gabonnouvellevision.com\/gnv\/2024\/05\/22\/le-delegue-special-de-ntoum-devise-avec-les-commercants\/\"},\"wordCount\":488,\"commentCount\":0,\"publisher\":{\"@id\":\"https:\/\/gabonnouvellevision.com\/gnv\/#organization\"},\"image\":{\"@id\":\"https:\/\/gabonnouvellevision.com\/gnv\/2024\/05\/22\/le-delegue-special-de-ntoum-devise-avec-les-commercants\/#primaryimage\"},\"thumbnailUrl\":\"https:\/\/gabonnouvellevision.com\/gnv\/wp-content\/uploads\/2024\/05\/436610681_122136572594243009_6894854668740553279_n.jpg\",\"articleSection\":[\"Economie\"],\"inLanguage\":\"fr-FR\",\"potentialAction\":[{\"@type\":\"CommentAction\",\"name\":\"Comment\",\"target\":[\"https:\/\/gabonnouvellevision.com\/gnv\/2024\/05\/22\/le-delegue-special-de-ntoum-devise-avec-les-commercants\/#respond\"]}]},{\"@type\":\"WebPage\",\"@id\":\"https:\/\/gabonnouvellevision.com\/gnv\/2024\/05\/22\/le-delegue-special-de-ntoum-devise-avec-les-commercants\/\",\"url\":\"https:\/\/gabonnouvellevision.com\/gnv\/2024\/05\/22\/le-delegue-special-de-ntoum-devise-avec-les-commercants\/\",\"name\":\"Le D\u00e9l\u00e9gu\u00e9 Sp\u00e9cial de Ntoum devise avec les commer\u00e7ants - Gabon Nouvelle Vision\",\"isPartOf\":{\"@id\":\"https:\/\/gabonnouvellevision.com\/gnv\/#website\"},\"primaryImageOfPage\":{\"@id\":\"https:\/\/gabonnouvellevision.com\/gnv\/2024\/05\/22\/le-delegue-special-de-ntoum-devise-avec-les-commercants\/#primaryimage\"},\"image\":{\"@id\":\"https:\/\/gabonnouvellevision.com\/gnv\/2024\/05\/22\/le-delegue-special-de-ntoum-devise-avec-les-commercants\/#primaryimage\"},\"thumbnailUrl\":\"https:\/\/gabonnouvellevision.com\/gnv\/wp-content\/uploads\/2024\/05\/436610681_122136572594243009_6894854668740553279_n.jpg\",\"datePublished\":\"2024-05-22T10:50:06+00:00\",\"dateModified\":\"2024-05-22T10:50:06+00:00\",\"breadcrumb\":{\"@id\":\"https:\/\/gabonnouvellevision.com\/gnv\/2024\/05\/22\/le-delegue-special-de-ntoum-devise-avec-les-commercants\/#breadcrumb\"},\"inLanguage\":\"fr-FR\",\"potentialAction\":[{\"@type\":\"ReadAction\",\"target\":[\"https:\/\/gabonnouvellevision.com\/gnv\/2024\/05\/22\/le-delegue-special-de-ntoum-devise-avec-les-commercants\/\"]}]},{\"@type\":\"ImageObject\",\"inLanguage\":\"fr-FR\",\"@id\":\"https:\/\/gabonnouvellevision.com\/gnv\/2024\/05\/22\/le-delegue-special-de-ntoum-devise-avec-les-commercants\/#primaryimage\",\"url\":\"https:\/\/gabonnouvellevision.com\/gnv\/wp-content\/uploads\/2024\/05\/436610681_122136572594243009_6894854668740553279_n.jpg\",\"contentUrl\":\"https:\/\/gabonnouvellevision.com\/gnv\/wp-content\/uploads\/2024\/05\/436610681_122136572594243009_6894854668740553279_n.jpg\",\"width\":593,\"height\":395},{\"@type\":\"BreadcrumbList\",\"@id\":\"https:\/\/gabonnouvellevision.com\/gnv\/2024\/05\/22\/le-delegue-special-de-ntoum-devise-avec-les-commercants\/#breadcrumb\",\"itemListElement\":[{\"@type\":\"ListItem\",\"position\":1,\"name\":\"Accueil\",\"item\":\"https:\/\/gabonnouvellevision.com\/gnv\/\"},{\"@type\":\"ListItem\",\"position\":2,\"name\":\"Le D\u00e9l\u00e9gu\u00e9 Sp\u00e9cial de Ntoum devise avec les commer\u00e7ants\"}]},{\"@type\":\"WebSite\",\"@id\":\"https:\/\/gabonnouvellevision.com\/gnv\/#website\",\"url\":\"https:\/\/gabonnouvellevision.com\/gnv\/\",\"name\":\"Gabon Nouvelle Vision\",\"description\":\"\",\"publisher\":{\"@id\":\"https:\/\/gabonnouvellevision.com\/gnv\/#organization\"},\"potentialAction\":[{\"@type\":\"SearchAction\",\"target\":{\"@type\":\"EntryPoint\",\"urlTemplate\":\"https:\/\/gabonnouvellevision.com\/gnv\/?s={search_term_string}\"},\"query-input\":{\"@type\":\"PropertyValueSpecification\",\"valueRequired\":true,\"valueName\":\"search_term_string\"}}],\"inLanguage\":\"fr-FR\"},{\"@type\":\"Organization\",\"@id\":\"https:\/\/gabonnouvellevision.com\/gnv\/#organization\",\"name\":\"Gabon Nouvelle Vision\",\"url\":\"https:\/\/gabonnouvellevision.com\/gnv\/\",\"logo\":{\"@type\":\"ImageObject\",\"inLanguage\":\"fr-FR\",\"@id\":\"https:\/\/gabonnouvellevision.com\/gnv\/#\/schema\/logo\/image\/\",\"url\":\"https:\/\/gabonnouvellevision.com\/gnv\/wp-content\/uploads\/2025\/01\/logo-text_Plan-de-travail-1.png\",\"contentUrl\":\"https:\/\/gabonnouvellevision.com\/gnv\/wp-content\/uploads\/2025\/01\/logo-text_Plan-de-travail-1.png\",\"width\":7169,\"height\":2390,\"caption\":\"Gabon Nouvelle Vision\"},\"image\":{\"@id\":\"https:\/\/gabonnouvellevision.com\/gnv\/#\/schema\/logo\/image\/\"},\"sameAs\":[\"https:\/\/www.facebook.com\/GNVofficiel\"]},{\"@type\":\"Person\",\"@id\":\"https:\/\/gabonnouvellevision.com\/gnv\/#\/schema\/person\/4b48e07d222f83c0285affc3704bc899\",\"name\":\"Eyeng Obame\",\"image\":{\"@type\":\"ImageObject\",\"inLanguage\":\"fr-FR\",\"@id\":\"https:\/\/gabonnouvellevision.com\/gnv\/#\/schema\/person\/image\/\",\"url\":\"https:\/\/secure.gravatar.com\/avatar\/167bc03b8baf3c77318a47159f80871de6f5a6cbf4bc8b6af750fbc1a369d7bf?s=96&d=mm&r=g\",\"contentUrl\":\"https:\/\/secure.gravatar.com\/avatar\/167bc03b8baf3c77318a47159f80871de6f5a6cbf4bc8b6af750fbc1a369d7bf?s=96&d=mm&r=g\",\"caption\":\"Eyeng Obame\"},\"url\":\"https:\/\/gabonnouvellevision.com\/gnv\/author\/rufin\/\"}]}<\/script>\n<!-- \/ Yoast SEO plugin. -->","yoast_head_json":{"title":"Le D\u00e9l\u00e9gu\u00e9 Sp\u00e9cial de Ntoum devise avec les commer\u00e7ants - Gabon Nouvelle Vision","robots":{"index":"index","follow":"follow","max-snippet":"max-snippet:-1","max-image-preview":"max-image-preview:large","max-video-preview":"max-video-preview:-1"},"canonical":"https:\/\/gabonnouvellevision.com\/gnv\/2024\/05\/22\/le-delegue-special-de-ntoum-devise-avec-les-commercants\/","og_locale":"fr_FR","og_type":"article","og_title":"Le D\u00e9l\u00e9gu\u00e9 Sp\u00e9cial de Ntoum devise avec les commer\u00e7ants - Gabon Nouvelle Vision","og_description":"Le D\u00e9l\u00e9gu\u00e9 Sp\u00e9cial de la Commune de Ntoum, G\u00e9n\u00e9ral de Brigade Samuel Ndoutoume Ekoua, vient de\u00a0 rencontrer ces derni\u00e8res heures les commer\u00e7ants du 1er arrondissement de sa circonscription administrative \u00e0 la salle polyvalente. Cette rencontre, premi\u00e8re du genre depuis sa prise de fonction officielle le 07 f\u00e9vrier dernier, a port\u00e9 entre autres, sur la nouvelle [&hellip;]","og_url":"https:\/\/gabonnouvellevision.com\/gnv\/2024\/05\/22\/le-delegue-special-de-ntoum-devise-avec-les-commercants\/","og_site_name":"Gabon Nouvelle Vision","article_publisher":"https:\/\/www.facebook.com\/GNVofficiel","article_published_time":"2024-05-22T10:50:06+00:00","og_image":[{"width":593,"height":395,"url":"https:\/\/gabonnouvellevision.com\/gnv\/wp-content\/uploads\/2024\/05\/436610681_122136572594243009_6894854668740553279_n.jpg","type":"image\/jpeg"}],"author":"Eyeng Obame","twitter_card":"summary_large_image","twitter_misc":{"\u00c9crit par":"Eyeng Obame","Dur\u00e9e de lecture estim\u00e9e":"2 minutes"},"schema":{"@context":"https:\/\/schema.org","@graph":[{"@type":"Article","@id":"https:\/\/gabonnouvellevision.com\/gnv\/2024\/05\/22\/le-delegue-special-de-ntoum-devise-avec-les-commercants\/#article","isPartOf":{"@id":"https:\/\/gabonnouvellevision.com\/gnv\/2024\/05\/22\/le-delegue-special-de-ntoum-devise-avec-les-commercants\/"},"author":{"name":"Eyeng Obame","@id":"https:\/\/gabonnouvellevision.com\/gnv\/#\/schema\/person\/4b48e07d222f83c0285affc3704bc899"},"headline":"Le D\u00e9l\u00e9gu\u00e9 Sp\u00e9cial de Ntoum devise avec les commer\u00e7ants","datePublished":"2024-05-22T10:50:06+00:00","dateModified":"2024-05-22T10:50:06+00:00","mainEntityOfPage":{"@id":"https:\/\/gabonnouvellevision.com\/gnv\/2024\/05\/22\/le-delegue-special-de-ntoum-devise-avec-les-commercants\/"},"wordCount":488,"commentCount":0,"publisher":{"@id":"https:\/\/gabonnouvellevision.com\/gnv\/#organization"},"image":{"@id":"https:\/\/gabonnouvellevision.com\/gnv\/2024\/05\/22\/le-delegue-special-de-ntoum-devise-avec-les-commercants\/#primaryimage"},"thumbnailUrl":"https:\/\/gabonnouvellevision.com\/gnv\/wp-content\/uploads\/2024\/05\/436610681_122136572594243009_6894854668740553279_n.jpg","articleSection":["Economie"],"inLanguage":"fr-FR","potentialAction":[{"@type":"CommentAction","name":"Comment","target":["https:\/\/gabonnouvellevision.com\/gnv\/2024\/05\/22\/le-delegue-special-de-ntoum-devise-avec-les-commercants\/#respond"]}]},{"@type":"WebPage","@id":"https:\/\/gabonnouvellevision.com\/gnv\/2024\/05\/22\/le-delegue-special-de-ntoum-devise-avec-les-commercants\/","url":"https:\/\/gabonnouvellevision.com\/gnv\/2024\/05\/22\/le-delegue-special-de-ntoum-devise-avec-les-commercants\/","name":"Le D\u00e9l\u00e9gu\u00e9 Sp\u00e9cial de Ntoum devise avec les commer\u00e7ants - Gabon Nouvelle Vision","isPartOf":{"@id":"https:\/\/gabonnouvellevision.com\/gnv\/#website"},"primaryImageOfPage":{"@id":"https:\/\/gabonnouvellevision.com\/gnv\/2024\/05\/22\/le-delegue-special-de-ntoum-devise-avec-les-commercants\/#primaryimage"},"image":{"@id":"https:\/\/gabonnouvellevision.com\/gnv\/2024\/05\/22\/le-delegue-special-de-ntoum-devise-avec-les-commercants\/#primaryimage"},"thumbnailUrl":"https:\/\/gabonnouvellevision.com\/gnv\/wp-content\/uploads\/2024\/05\/436610681_122136572594243009_6894854668740553279_n.jpg","datePublished":"2024-05-22T10:50:06+00:00","dateModified":"2024-05-22T10:50:06+00:00","breadcrumb":{"@id":"https:\/\/gabonnouvellevision.com\/gnv\/2024\/05\/22\/le-delegue-special-de-ntoum-devise-avec-les-commercants\/#breadcrumb"},"inLanguage":"fr-FR","potentialAction":[{"@type":"ReadAction","target":["https:\/\/gabonnouvellevision.com\/gnv\/2024\/05\/22\/le-delegue-special-de-ntoum-devise-avec-les-commercants\/"]}]},{"@type":"ImageObject","inLanguage":"fr-FR","@id":"https:\/\/gabonnouvellevision.com\/gnv\/2024\/05\/22\/le-delegue-special-de-ntoum-devise-avec-les-commercants\/#primaryimage","url":"https:\/\/gabonnouvellevision.com\/gnv\/wp-content\/uploads\/2024\/05\/436610681_122136572594243009_6894854668740553279_n.jpg","contentUrl":"https:\/\/gabonnouvellevision.com\/gnv\/wp-content\/uploads\/2024\/05\/436610681_122136572594243009_6894854668740553279_n.jpg","width":593,"height":395},{"@type":"BreadcrumbList","@id":"https:\/\/gabonnouvellevision.com\/gnv\/2024\/05\/22\/le-delegue-special-de-ntoum-devise-avec-les-commercants\/#breadcrumb","itemListElement":[{"@type":"ListItem","position":1,"name":"Accueil","item":"https:\/\/gabonnouvellevision.com\/gnv\/"},{"@type":"ListItem","position":2,"name":"Le D\u00e9l\u00e9gu\u00e9 Sp\u00e9cial de Ntoum devise avec les commer\u00e7ants"}]},{"@type":"WebSite","@id":"https:\/\/gabonnouvellevision.com\/gnv\/#website","url":"https:\/\/gabonnouvellevision.com\/gnv\/","name":"Gabon Nouvelle Vision","description":"","publisher":{"@id":"https:\/\/gabonnouvellevision.com\/gnv\/#organization"},"potentialAction":[{"@type":"SearchAction","target":{"@type":"EntryPoint","urlTemplate":"https:\/\/gabonnouvellevision.com\/gnv\/?s={search_term_string}"},"query-input":{"@type":"PropertyValueSpecification","valueRequired":true,"valueName":"search_term_string"}}],"inLanguage":"fr-FR"},{"@type":"Organization","@id":"https:\/\/gabonnouvellevision.com\/gnv\/#organization","name":"Gabon Nouvelle Vision","url":"https:\/\/gabonnouvellevision.com\/gnv\/","logo":{"@type":"ImageObject","inLanguage":"fr-FR","@id":"https:\/\/gabonnouvellevision.com\/gnv\/#\/schema\/logo\/image\/","url":"https:\/\/gabonnouvellevision.com\/gnv\/wp-content\/uploads\/2025\/01\/logo-text_Plan-de-travail-1.png","contentUrl":"https:\/\/gabonnouvellevision.com\/gnv\/wp-content\/uploads\/2025\/01\/logo-text_Plan-de-travail-1.png","width":7169,"height":2390,"caption":"Gabon Nouvelle Vision"},"image":{"@id":"https:\/\/gabonnouvellevision.com\/gnv\/#\/schema\/logo\/image\/"},"sameAs":["https:\/\/www.facebook.com\/GNVofficiel"]},{"@type":"Person","@id":"https:\/\/gabonnouvellevision.com\/gnv\/#\/schema\/person\/4b48e07d222f83c0285affc3704bc899","name":"Eyeng Obame","image":{"@type":"ImageObject","inLanguage":"fr-FR","@id":"https:\/\/gabonnouvellevision.com\/gnv\/#\/schema\/person\/image\/","url":"https:\/\/secure.gravatar.com\/avatar\/167bc03b8baf3c77318a47159f80871de6f5a6cbf4bc8b6af750fbc1a369d7bf?s=96&d=mm&r=g","contentUrl":"https:\/\/secure.gravatar.com\/avatar\/167bc03b8baf3c77318a47159f80871de6f5a6cbf4bc8b6af750fbc1a369d7bf?s=96&d=mm&r=g","caption":"Eyeng Obame"},"url":"https:\/\/gabonnouvellevision.com\/gnv\/author\/rufin\/"}]}},"_links":{"self":[{"href":"https:\/\/gabonnouvellevision.com\/gnv\/wp-json\/wp\/v2\/posts\/3008","targetHints":{"allow":["GET"]}}],"collection":[{"href":"https:\/\/gabonnouvellevision.com\/gnv\/wp-json\/wp\/v2\/posts"}],"about":[{"href":"https:\/\/gabonnouvellevision.com\/gnv\/wp-json\/wp\/v2\/types\/post"}],"author":[{"embeddable":true,"href":"https:\/\/gabonnouvellevision.com\/gnv\/wp-json\/wp\/v2\/users\/7"}],"replies":[{"embeddable":true,"href":"https:\/\/gabonnouvellevision.com\/gnv\/wp-json\/wp\/v2\/comments?post=3008"}],"version-history":[{"count":0,"href":"https:\/\/gabonnouvellevision.com\/gnv\/wp-json\/wp\/v2\/posts\/3008\/revisions"}],"wp:featuredmedia":[{"embeddable":true,"href":"https:\/\/gabonnouvellevision.com\/gnv\/wp-json\/wp\/v2\/media\/3009"}],"wp:attachment":[{"href":"https:\/\/gabonnouvellevision.com\/gnv\/wp-json\/wp\/v2\/media?parent=3008"}],"wp:term":[{"taxonomy":"category","embeddable":true,"href":"https:\/\/gabonnouvellevision.com\/gnv\/wp-json\/wp\/v2\/categories?post=3008"},{"taxonomy":"post_tag","embeddable":true,"href":"https:\/\/gabonnouvellevision.com\/gnv\/wp-json\/wp\/v2\/tags?post=3008"}],"curies":[{"name":"wp","href":"https:\/\/api.w.org\/{rel}","templated":true}]}}