{"id":2893,"date":"2024-04-19T11:15:41","date_gmt":"2024-04-19T10:15:41","guid":{"rendered":"https:\/\/gabonnouvellevision.com\/gnv\/?p=2893"},"modified":"2024-04-19T11:15:41","modified_gmt":"2024-04-19T10:15:41","slug":"tombee-de-rideau-des-2emes-journees-nationales-diocesaines-a-mouila","status":"publish","type":"post","link":"https:\/\/gabonnouvellevision.com\/gnv\/2024\/04\/19\/tombee-de-rideau-des-2emes-journees-nationales-diocesaines-a-mouila\/","title":{"rendered":"Tomb\u00e9e de rideau des 2\u00e8mes journ\u00e9es nationales dioc\u00e9saines \u00e0 Mouila"},"content":{"rendered":"<p class=\"MsoNormal\"><b style=\"mso-bidi-font-weight: normal;\"><span lang=\"EN-US\" style=\"font-size: 14.0pt; line-height: 107%; font-family: 'Palatino Linotype','serif';\">une vue des participants aux journ\u00e9es nationales dioc\u00e9saines de Mouila<\/span><\/b><\/p>\n<p class=\"MsoNormal\"><b style=\"mso-bidi-font-weight: normal;\"><i style=\"mso-bidi-font-style: normal;\"><span lang=\"EN-US\" style=\"font-size: 14.0pt; line-height: 107%; font-family: 'Palatino Linotype','serif';\">L\u2019Archev\u00eaque M\u00e9tropolitain de Libreville, Mgr Jean Patrick Ibaba, Pr\u00e9sident du Dialogue National Inclusif d&rsquo;Angondj\u00e9, <span style=\"mso-spacerun: yes;\">\u00a0 <\/span>vient de pr\u00e9sider la messe pontificale de cl\u00f4ture de <span style=\"mso-spacerun: yes;\">\u00a0<\/span>la 2\u00e8me \u00e9dition des journ\u00e9es dioc\u00e9saines \u00e0 Saint Ap\u00f4tre de Mouila. Un temps propice pour les pr\u00eatres dioc\u00e9sains du Gabon, de renouveler leurs v\u0153ux et\u00a0 engagements sacerdotaux selon le C\u0153ur de Dieu<\/span><\/i><\/b><span lang=\"EN-US\" style=\"font-size: 14.0pt; line-height: 107%; font-family: 'Palatino Linotype','serif';\">.<\/span><\/p>\n<p class=\"MsoNormal\"><span lang=\"EN-US\" style=\"font-size: 14.0pt; line-height: 107%; font-family: 'Palatino Linotype','serif';\">Les lampions de la 2\u00e8me \u00e9dition de la journ\u00e9e nationale du clerg\u00e9 Gabonais viennent de s\u2019\u00e9teindre en apoth\u00e9ose dans le dioc\u00e8se de Mouila dans la province de la Ngouni\u00e9 au Sud du Gabon,\u00a0 \u00e0 la faveur d\u2019une messe d\u2019action de gr\u00e2ce pr\u00e9sid\u00e9e par l\u2019Archev\u00eaque M\u00e9tropolitain de Libreville, Mgr Jean Patrick Ibaba,\u00a0 en la cath\u00e9drale Saint Jean Ap\u00f4tre de Mouila. Quatre jours durant les 115 pr\u00eatres pr\u00e9sents ont revisit\u00e9 minutieusement \u00e0 la lumi\u00e8re de l&rsquo;\u00e9vangile,\u00a0 les dysfonctionnements de leur vocation sacerdotale et de l\u2019\u00e9glise famille de Dieu du Gabon.\u201d Que ce temps soit pour chaque pr\u00eatre, un temps de renouvellement,\u00a0 et d\u2019engagement sacerdotal comme \u00e0 la messe chrismale, pour \u00eatre pr\u00eatre selon le C\u0153ur de Dieu, et non pour soi-m\u00eame. L\u2019\u00e9glise a des mod\u00e8les. On ne cr\u00e9e pas son champ personnel\u201d telle est en substance<span style=\"mso-spacerun: yes;\">\u00a0 <\/span>le message livr\u00e9 par l\u2019Archev\u00eaque M\u00e9tropolitain de Libreville \u00e0 l\u2019endroit des retraitants Molvilois.<\/span><\/p>\n<p class=\"MsoNormal\"><span lang=\"EN-US\" style=\"font-size: 14.0pt; line-height: 107%; font-family: 'Palatino Linotype','serif';\">Les participants ont profit\u00e9 de cette messe de cl\u00f4ture, <span style=\"mso-spacerun: yes;\">\u00a0<\/span>pour souhaiter un joyeux anniversaire<span style=\"mso-spacerun: yes;\">\u00a0 <\/span>au Pr\u00e9sident du Dialogue National Inclusif d\u2019Angondj\u00e9, Mgr Jean Patrick Ibaba, <span style=\"mso-spacerun: yes;\">\u00a0<\/span>qui vient de souffler sa 58\u00e8me bougie de naissance. Mais un joyeux anniversaire priv\u00e9 de g\u00e2teau a d\u00e9plor\u00e9 avec un brin d\u2019humour,\u00a0 l\u2019 Archev\u00eaque M\u00e9tropolitain de Libreville. \u201dJe suis un peu d\u00e9\u00e7u, <span style=\"mso-spacerun: yes;\">\u00a0<\/span>quand m\u00eame. Parce que, lorsque <span style=\"mso-spacerun: yes;\">\u00a0<\/span>j\u2019ai vu la lumi\u00e8re s\u2019\u00e9teindre, je me suis dit le g\u00e2teau, le g\u00e2teau\u2026\u201d. Une erreur qui sera certainement corrig\u00e9e prochainement par le comit\u00e9 d&rsquo;organisation. Une d\u00e9ception momentan\u00e9e qui n\u2019a pas emp\u00each\u00e9 Monseigneur Jean Patrick <span style=\"mso-spacerun: yes;\">\u00a0<\/span>Ibaba,\u00a0 de souhaiter longue vie aux journ\u00e9es nationales du clerg\u00e9 du Gabon,\u00a0 et un bon retour aux p\u00e8lerins dans leurs dioc\u00e8ses et Vicariat Apostolique respectifs.<\/span><\/p>\n<p class=\"MsoNormal\"><span lang=\"EN-US\" style=\"font-size: 14.0pt; line-height: 107%; font-family: 'Palatino Linotype','serif';\"><span style=\"mso-spacerun: yes;\">\u00a0\u00a0\u00a0\u00a0\u00a0\u00a0\u00a0\u00a0\u00a0\u00a0\u00a0\u00a0\u00a0\u00a0\u00a0\u00a0\u00a0\u00a0\u00a0\u00a0 <\/span><span style=\"mso-spacerun: yes;\">\u00a0\u00a0\u00a0\u00a0\u00a0\u00a0\u00a0\u00a0\u00a0\u00a0\u00a0\u00a0\u00a0<\/span><b style=\"mso-bidi-font-weight: normal;\">Rufin Martial Oke Nze<\/b><\/span><\/p>\n","protected":false},"excerpt":{"rendered":"<p>une vue des participants aux journ\u00e9es nationales dioc\u00e9saines de Mouila L\u2019Archev\u00eaque M\u00e9tropolitain de Libreville, Mgr Jean Patrick Ibaba, Pr\u00e9sident du Dialogue National Inclusif d&rsquo;Angondj\u00e9, \u00a0 vient de pr\u00e9sider la messe pontificale de cl\u00f4ture de \u00a0la 2\u00e8me \u00e9dition des journ\u00e9es dioc\u00e9saines \u00e0 Saint Ap\u00f4tre de Mouila. Un temps propice pour les pr\u00eatres dioc\u00e9sains du Gabon, de [&hellip;]<\/p>\n","protected":false},"author":7,"featured_media":2894,"comment_status":"open","ping_status":"open","sticky":false,"template":"","format":"standard","meta":{"footnotes":""},"categories":[64],"tags":[],"class_list":["post-2893","post","type-post","status-publish","format-standard","has-post-thumbnail","hentry","category-religion"],"yoast_head":"<!-- This site is optimized with the Yoast SEO plugin v24.2 - https:\/\/yoast.com\/wordpress\/plugins\/seo\/ -->\n<title>Tomb\u00e9e de rideau des 2\u00e8mes journ\u00e9es nationales dioc\u00e9saines \u00e0 Mouila - Gabon Nouvelle Vision<\/title>\n<meta name=\"robots\" content=\"index, follow, max-snippet:-1, max-image-preview:large, max-video-preview:-1\" \/>\n<link rel=\"canonical\" href=\"https:\/\/gabonnouvellevision.com\/gnv\/2024\/04\/19\/tombee-de-rideau-des-2emes-journees-nationales-diocesaines-a-mouila\/\" \/>\n<meta property=\"og:locale\" content=\"fr_FR\" \/>\n<meta property=\"og:type\" content=\"article\" \/>\n<meta property=\"og:title\" content=\"Tomb\u00e9e de rideau des 2\u00e8mes journ\u00e9es nationales dioc\u00e9saines \u00e0 Mouila - Gabon Nouvelle Vision\" \/>\n<meta property=\"og:description\" content=\"une vue des participants aux journ\u00e9es nationales dioc\u00e9saines de Mouila L\u2019Archev\u00eaque M\u00e9tropolitain de Libreville, Mgr Jean Patrick Ibaba, Pr\u00e9sident du Dialogue National Inclusif d&rsquo;Angondj\u00e9, \u00a0 vient de pr\u00e9sider la messe pontificale de cl\u00f4ture de \u00a0la 2\u00e8me \u00e9dition des journ\u00e9es dioc\u00e9saines \u00e0 Saint Ap\u00f4tre de Mouila. Un temps propice pour les pr\u00eatres dioc\u00e9sains du Gabon, de [&hellip;]\" \/>\n<meta property=\"og:url\" content=\"https:\/\/gabonnouvellevision.com\/gnv\/2024\/04\/19\/tombee-de-rideau-des-2emes-journees-nationales-diocesaines-a-mouila\/\" \/>\n<meta property=\"og:site_name\" content=\"Gabon Nouvelle Vision\" \/>\n<meta property=\"article:publisher\" content=\"https:\/\/www.facebook.com\/GNVofficiel\" \/>\n<meta property=\"article:published_time\" content=\"2024-04-19T10:15:41+00:00\" \/>\n<meta property=\"og:image\" content=\"https:\/\/gabonnouvellevision.com\/gnv\/wp-content\/uploads\/2024\/04\/436365956_377097088658836_5858063683071147007_n.jpg\" \/>\n\t<meta property=\"og:image:width\" content=\"591\" \/>\n\t<meta property=\"og:image:height\" content=\"280\" \/>\n\t<meta property=\"og:image:type\" content=\"image\/jpeg\" \/>\n<meta name=\"author\" content=\"Eyeng Obame\" \/>\n<meta name=\"twitter:card\" content=\"summary_large_image\" \/>\n<meta name=\"twitter:label1\" content=\"\u00c9crit par\" \/>\n\t<meta name=\"twitter:data1\" content=\"Eyeng Obame\" \/>\n\t<meta name=\"twitter:label2\" content=\"Dur\u00e9e de lecture estim\u00e9e\" \/>\n\t<meta name=\"twitter:data2\" content=\"2 minutes\" \/>\n<script type=\"application\/ld+json\" class=\"yoast-schema-graph\">{\"@context\":\"https:\/\/schema.org\",\"@graph\":[{\"@type\":\"Article\",\"@id\":\"https:\/\/gabonnouvellevision.com\/gnv\/2024\/04\/19\/tombee-de-rideau-des-2emes-journees-nationales-diocesaines-a-mouila\/#article\",\"isPartOf\":{\"@id\":\"https:\/\/gabonnouvellevision.com\/gnv\/2024\/04\/19\/tombee-de-rideau-des-2emes-journees-nationales-diocesaines-a-mouila\/\"},\"author\":{\"name\":\"Eyeng Obame\",\"@id\":\"https:\/\/gabonnouvellevision.com\/gnv\/#\/schema\/person\/4b48e07d222f83c0285affc3704bc899\"},\"headline\":\"Tomb\u00e9e de rideau des 2\u00e8mes journ\u00e9es nationales dioc\u00e9saines \u00e0 Mouila\",\"datePublished\":\"2024-04-19T10:15:41+00:00\",\"dateModified\":\"2024-04-19T10:15:41+00:00\",\"mainEntityOfPage\":{\"@id\":\"https:\/\/gabonnouvellevision.com\/gnv\/2024\/04\/19\/tombee-de-rideau-des-2emes-journees-nationales-diocesaines-a-mouila\/\"},\"wordCount\":412,\"commentCount\":0,\"publisher\":{\"@id\":\"https:\/\/gabonnouvellevision.com\/gnv\/#organization\"},\"image\":{\"@id\":\"https:\/\/gabonnouvellevision.com\/gnv\/2024\/04\/19\/tombee-de-rideau-des-2emes-journees-nationales-diocesaines-a-mouila\/#primaryimage\"},\"thumbnailUrl\":\"https:\/\/gabonnouvellevision.com\/gnv\/wp-content\/uploads\/2024\/04\/436365956_377097088658836_5858063683071147007_n.jpg\",\"articleSection\":[\"Religion\"],\"inLanguage\":\"fr-FR\",\"potentialAction\":[{\"@type\":\"CommentAction\",\"name\":\"Comment\",\"target\":[\"https:\/\/gabonnouvellevision.com\/gnv\/2024\/04\/19\/tombee-de-rideau-des-2emes-journees-nationales-diocesaines-a-mouila\/#respond\"]}]},{\"@type\":\"WebPage\",\"@id\":\"https:\/\/gabonnouvellevision.com\/gnv\/2024\/04\/19\/tombee-de-rideau-des-2emes-journees-nationales-diocesaines-a-mouila\/\",\"url\":\"https:\/\/gabonnouvellevision.com\/gnv\/2024\/04\/19\/tombee-de-rideau-des-2emes-journees-nationales-diocesaines-a-mouila\/\",\"name\":\"Tomb\u00e9e de rideau des 2\u00e8mes journ\u00e9es nationales dioc\u00e9saines \u00e0 Mouila - Gabon Nouvelle Vision\",\"isPartOf\":{\"@id\":\"https:\/\/gabonnouvellevision.com\/gnv\/#website\"},\"primaryImageOfPage\":{\"@id\":\"https:\/\/gabonnouvellevision.com\/gnv\/2024\/04\/19\/tombee-de-rideau-des-2emes-journees-nationales-diocesaines-a-mouila\/#primaryimage\"},\"image\":{\"@id\":\"https:\/\/gabonnouvellevision.com\/gnv\/2024\/04\/19\/tombee-de-rideau-des-2emes-journees-nationales-diocesaines-a-mouila\/#primaryimage\"},\"thumbnailUrl\":\"https:\/\/gabonnouvellevision.com\/gnv\/wp-content\/uploads\/2024\/04\/436365956_377097088658836_5858063683071147007_n.jpg\",\"datePublished\":\"2024-04-19T10:15:41+00:00\",\"dateModified\":\"2024-04-19T10:15:41+00:00\",\"breadcrumb\":{\"@id\":\"https:\/\/gabonnouvellevision.com\/gnv\/2024\/04\/19\/tombee-de-rideau-des-2emes-journees-nationales-diocesaines-a-mouila\/#breadcrumb\"},\"inLanguage\":\"fr-FR\",\"potentialAction\":[{\"@type\":\"ReadAction\",\"target\":[\"https:\/\/gabonnouvellevision.com\/gnv\/2024\/04\/19\/tombee-de-rideau-des-2emes-journees-nationales-diocesaines-a-mouila\/\"]}]},{\"@type\":\"ImageObject\",\"inLanguage\":\"fr-FR\",\"@id\":\"https:\/\/gabonnouvellevision.com\/gnv\/2024\/04\/19\/tombee-de-rideau-des-2emes-journees-nationales-diocesaines-a-mouila\/#primaryimage\",\"url\":\"https:\/\/gabonnouvellevision.com\/gnv\/wp-content\/uploads\/2024\/04\/436365956_377097088658836_5858063683071147007_n.jpg\",\"contentUrl\":\"https:\/\/gabonnouvellevision.com\/gnv\/wp-content\/uploads\/2024\/04\/436365956_377097088658836_5858063683071147007_n.jpg\",\"width\":591,\"height\":280},{\"@type\":\"BreadcrumbList\",\"@id\":\"https:\/\/gabonnouvellevision.com\/gnv\/2024\/04\/19\/tombee-de-rideau-des-2emes-journees-nationales-diocesaines-a-mouila\/#breadcrumb\",\"itemListElement\":[{\"@type\":\"ListItem\",\"position\":1,\"name\":\"Accueil\",\"item\":\"https:\/\/gabonnouvellevision.com\/gnv\/\"},{\"@type\":\"ListItem\",\"position\":2,\"name\":\"Tomb\u00e9e de rideau des 2\u00e8mes journ\u00e9es nationales dioc\u00e9saines \u00e0 Mouila\"}]},{\"@type\":\"WebSite\",\"@id\":\"https:\/\/gabonnouvellevision.com\/gnv\/#website\",\"url\":\"https:\/\/gabonnouvellevision.com\/gnv\/\",\"name\":\"Gabon Nouvelle Vision\",\"description\":\"\",\"publisher\":{\"@id\":\"https:\/\/gabonnouvellevision.com\/gnv\/#organization\"},\"potentialAction\":[{\"@type\":\"SearchAction\",\"target\":{\"@type\":\"EntryPoint\",\"urlTemplate\":\"https:\/\/gabonnouvellevision.com\/gnv\/?s={search_term_string}\"},\"query-input\":{\"@type\":\"PropertyValueSpecification\",\"valueRequired\":true,\"valueName\":\"search_term_string\"}}],\"inLanguage\":\"fr-FR\"},{\"@type\":\"Organization\",\"@id\":\"https:\/\/gabonnouvellevision.com\/gnv\/#organization\",\"name\":\"Gabon Nouvelle Vision\",\"url\":\"https:\/\/gabonnouvellevision.com\/gnv\/\",\"logo\":{\"@type\":\"ImageObject\",\"inLanguage\":\"fr-FR\",\"@id\":\"https:\/\/gabonnouvellevision.com\/gnv\/#\/schema\/logo\/image\/\",\"url\":\"https:\/\/gabonnouvellevision.com\/gnv\/wp-content\/uploads\/2025\/01\/logo-text_Plan-de-travail-1.png\",\"contentUrl\":\"https:\/\/gabonnouvellevision.com\/gnv\/wp-content\/uploads\/2025\/01\/logo-text_Plan-de-travail-1.png\",\"width\":7169,\"height\":2390,\"caption\":\"Gabon Nouvelle Vision\"},\"image\":{\"@id\":\"https:\/\/gabonnouvellevision.com\/gnv\/#\/schema\/logo\/image\/\"},\"sameAs\":[\"https:\/\/www.facebook.com\/GNVofficiel\"]},{\"@type\":\"Person\",\"@id\":\"https:\/\/gabonnouvellevision.com\/gnv\/#\/schema\/person\/4b48e07d222f83c0285affc3704bc899\",\"name\":\"Eyeng Obame\",\"image\":{\"@type\":\"ImageObject\",\"inLanguage\":\"fr-FR\",\"@id\":\"https:\/\/gabonnouvellevision.com\/gnv\/#\/schema\/person\/image\/\",\"url\":\"https:\/\/secure.gravatar.com\/avatar\/167bc03b8baf3c77318a47159f80871de6f5a6cbf4bc8b6af750fbc1a369d7bf?s=96&d=mm&r=g\",\"contentUrl\":\"https:\/\/secure.gravatar.com\/avatar\/167bc03b8baf3c77318a47159f80871de6f5a6cbf4bc8b6af750fbc1a369d7bf?s=96&d=mm&r=g\",\"caption\":\"Eyeng Obame\"},\"url\":\"https:\/\/gabonnouvellevision.com\/gnv\/author\/rufin\/\"}]}<\/script>\n<!-- \/ Yoast SEO plugin. -->","yoast_head_json":{"title":"Tomb\u00e9e de rideau des 2\u00e8mes journ\u00e9es nationales dioc\u00e9saines \u00e0 Mouila - Gabon Nouvelle Vision","robots":{"index":"index","follow":"follow","max-snippet":"max-snippet:-1","max-image-preview":"max-image-preview:large","max-video-preview":"max-video-preview:-1"},"canonical":"https:\/\/gabonnouvellevision.com\/gnv\/2024\/04\/19\/tombee-de-rideau-des-2emes-journees-nationales-diocesaines-a-mouila\/","og_locale":"fr_FR","og_type":"article","og_title":"Tomb\u00e9e de rideau des 2\u00e8mes journ\u00e9es nationales dioc\u00e9saines \u00e0 Mouila - Gabon Nouvelle Vision","og_description":"une vue des participants aux journ\u00e9es nationales dioc\u00e9saines de Mouila L\u2019Archev\u00eaque M\u00e9tropolitain de Libreville, Mgr Jean Patrick Ibaba, Pr\u00e9sident du Dialogue National Inclusif d&rsquo;Angondj\u00e9, \u00a0 vient de pr\u00e9sider la messe pontificale de cl\u00f4ture de \u00a0la 2\u00e8me \u00e9dition des journ\u00e9es dioc\u00e9saines \u00e0 Saint Ap\u00f4tre de Mouila. Un temps propice pour les pr\u00eatres dioc\u00e9sains du Gabon, de [&hellip;]","og_url":"https:\/\/gabonnouvellevision.com\/gnv\/2024\/04\/19\/tombee-de-rideau-des-2emes-journees-nationales-diocesaines-a-mouila\/","og_site_name":"Gabon Nouvelle Vision","article_publisher":"https:\/\/www.facebook.com\/GNVofficiel","article_published_time":"2024-04-19T10:15:41+00:00","og_image":[{"width":591,"height":280,"url":"https:\/\/gabonnouvellevision.com\/gnv\/wp-content\/uploads\/2024\/04\/436365956_377097088658836_5858063683071147007_n.jpg","type":"image\/jpeg"}],"author":"Eyeng Obame","twitter_card":"summary_large_image","twitter_misc":{"\u00c9crit par":"Eyeng Obame","Dur\u00e9e de lecture estim\u00e9e":"2 minutes"},"schema":{"@context":"https:\/\/schema.org","@graph":[{"@type":"Article","@id":"https:\/\/gabonnouvellevision.com\/gnv\/2024\/04\/19\/tombee-de-rideau-des-2emes-journees-nationales-diocesaines-a-mouila\/#article","isPartOf":{"@id":"https:\/\/gabonnouvellevision.com\/gnv\/2024\/04\/19\/tombee-de-rideau-des-2emes-journees-nationales-diocesaines-a-mouila\/"},"author":{"name":"Eyeng Obame","@id":"https:\/\/gabonnouvellevision.com\/gnv\/#\/schema\/person\/4b48e07d222f83c0285affc3704bc899"},"headline":"Tomb\u00e9e de rideau des 2\u00e8mes journ\u00e9es nationales dioc\u00e9saines \u00e0 Mouila","datePublished":"2024-04-19T10:15:41+00:00","dateModified":"2024-04-19T10:15:41+00:00","mainEntityOfPage":{"@id":"https:\/\/gabonnouvellevision.com\/gnv\/2024\/04\/19\/tombee-de-rideau-des-2emes-journees-nationales-diocesaines-a-mouila\/"},"wordCount":412,"commentCount":0,"publisher":{"@id":"https:\/\/gabonnouvellevision.com\/gnv\/#organization"},"image":{"@id":"https:\/\/gabonnouvellevision.com\/gnv\/2024\/04\/19\/tombee-de-rideau-des-2emes-journees-nationales-diocesaines-a-mouila\/#primaryimage"},"thumbnailUrl":"https:\/\/gabonnouvellevision.com\/gnv\/wp-content\/uploads\/2024\/04\/436365956_377097088658836_5858063683071147007_n.jpg","articleSection":["Religion"],"inLanguage":"fr-FR","potentialAction":[{"@type":"CommentAction","name":"Comment","target":["https:\/\/gabonnouvellevision.com\/gnv\/2024\/04\/19\/tombee-de-rideau-des-2emes-journees-nationales-diocesaines-a-mouila\/#respond"]}]},{"@type":"WebPage","@id":"https:\/\/gabonnouvellevision.com\/gnv\/2024\/04\/19\/tombee-de-rideau-des-2emes-journees-nationales-diocesaines-a-mouila\/","url":"https:\/\/gabonnouvellevision.com\/gnv\/2024\/04\/19\/tombee-de-rideau-des-2emes-journees-nationales-diocesaines-a-mouila\/","name":"Tomb\u00e9e de rideau des 2\u00e8mes journ\u00e9es nationales dioc\u00e9saines \u00e0 Mouila - Gabon Nouvelle Vision","isPartOf":{"@id":"https:\/\/gabonnouvellevision.com\/gnv\/#website"},"primaryImageOfPage":{"@id":"https:\/\/gabonnouvellevision.com\/gnv\/2024\/04\/19\/tombee-de-rideau-des-2emes-journees-nationales-diocesaines-a-mouila\/#primaryimage"},"image":{"@id":"https:\/\/gabonnouvellevision.com\/gnv\/2024\/04\/19\/tombee-de-rideau-des-2emes-journees-nationales-diocesaines-a-mouila\/#primaryimage"},"thumbnailUrl":"https:\/\/gabonnouvellevision.com\/gnv\/wp-content\/uploads\/2024\/04\/436365956_377097088658836_5858063683071147007_n.jpg","datePublished":"2024-04-19T10:15:41+00:00","dateModified":"2024-04-19T10:15:41+00:00","breadcrumb":{"@id":"https:\/\/gabonnouvellevision.com\/gnv\/2024\/04\/19\/tombee-de-rideau-des-2emes-journees-nationales-diocesaines-a-mouila\/#breadcrumb"},"inLanguage":"fr-FR","potentialAction":[{"@type":"ReadAction","target":["https:\/\/gabonnouvellevision.com\/gnv\/2024\/04\/19\/tombee-de-rideau-des-2emes-journees-nationales-diocesaines-a-mouila\/"]}]},{"@type":"ImageObject","inLanguage":"fr-FR","@id":"https:\/\/gabonnouvellevision.com\/gnv\/2024\/04\/19\/tombee-de-rideau-des-2emes-journees-nationales-diocesaines-a-mouila\/#primaryimage","url":"https:\/\/gabonnouvellevision.com\/gnv\/wp-content\/uploads\/2024\/04\/436365956_377097088658836_5858063683071147007_n.jpg","contentUrl":"https:\/\/gabonnouvellevision.com\/gnv\/wp-content\/uploads\/2024\/04\/436365956_377097088658836_5858063683071147007_n.jpg","width":591,"height":280},{"@type":"BreadcrumbList","@id":"https:\/\/gabonnouvellevision.com\/gnv\/2024\/04\/19\/tombee-de-rideau-des-2emes-journees-nationales-diocesaines-a-mouila\/#breadcrumb","itemListElement":[{"@type":"ListItem","position":1,"name":"Accueil","item":"https:\/\/gabonnouvellevision.com\/gnv\/"},{"@type":"ListItem","position":2,"name":"Tomb\u00e9e de rideau des 2\u00e8mes journ\u00e9es nationales dioc\u00e9saines \u00e0 Mouila"}]},{"@type":"WebSite","@id":"https:\/\/gabonnouvellevision.com\/gnv\/#website","url":"https:\/\/gabonnouvellevision.com\/gnv\/","name":"Gabon Nouvelle Vision","description":"","publisher":{"@id":"https:\/\/gabonnouvellevision.com\/gnv\/#organization"},"potentialAction":[{"@type":"SearchAction","target":{"@type":"EntryPoint","urlTemplate":"https:\/\/gabonnouvellevision.com\/gnv\/?s={search_term_string}"},"query-input":{"@type":"PropertyValueSpecification","valueRequired":true,"valueName":"search_term_string"}}],"inLanguage":"fr-FR"},{"@type":"Organization","@id":"https:\/\/gabonnouvellevision.com\/gnv\/#organization","name":"Gabon Nouvelle Vision","url":"https:\/\/gabonnouvellevision.com\/gnv\/","logo":{"@type":"ImageObject","inLanguage":"fr-FR","@id":"https:\/\/gabonnouvellevision.com\/gnv\/#\/schema\/logo\/image\/","url":"https:\/\/gabonnouvellevision.com\/gnv\/wp-content\/uploads\/2025\/01\/logo-text_Plan-de-travail-1.png","contentUrl":"https:\/\/gabonnouvellevision.com\/gnv\/wp-content\/uploads\/2025\/01\/logo-text_Plan-de-travail-1.png","width":7169,"height":2390,"caption":"Gabon Nouvelle Vision"},"image":{"@id":"https:\/\/gabonnouvellevision.com\/gnv\/#\/schema\/logo\/image\/"},"sameAs":["https:\/\/www.facebook.com\/GNVofficiel"]},{"@type":"Person","@id":"https:\/\/gabonnouvellevision.com\/gnv\/#\/schema\/person\/4b48e07d222f83c0285affc3704bc899","name":"Eyeng Obame","image":{"@type":"ImageObject","inLanguage":"fr-FR","@id":"https:\/\/gabonnouvellevision.com\/gnv\/#\/schema\/person\/image\/","url":"https:\/\/secure.gravatar.com\/avatar\/167bc03b8baf3c77318a47159f80871de6f5a6cbf4bc8b6af750fbc1a369d7bf?s=96&d=mm&r=g","contentUrl":"https:\/\/secure.gravatar.com\/avatar\/167bc03b8baf3c77318a47159f80871de6f5a6cbf4bc8b6af750fbc1a369d7bf?s=96&d=mm&r=g","caption":"Eyeng Obame"},"url":"https:\/\/gabonnouvellevision.com\/gnv\/author\/rufin\/"}]}},"_links":{"self":[{"href":"https:\/\/gabonnouvellevision.com\/gnv\/wp-json\/wp\/v2\/posts\/2893","targetHints":{"allow":["GET"]}}],"collection":[{"href":"https:\/\/gabonnouvellevision.com\/gnv\/wp-json\/wp\/v2\/posts"}],"about":[{"href":"https:\/\/gabonnouvellevision.com\/gnv\/wp-json\/wp\/v2\/types\/post"}],"author":[{"embeddable":true,"href":"https:\/\/gabonnouvellevision.com\/gnv\/wp-json\/wp\/v2\/users\/7"}],"replies":[{"embeddable":true,"href":"https:\/\/gabonnouvellevision.com\/gnv\/wp-json\/wp\/v2\/comments?post=2893"}],"version-history":[{"count":0,"href":"https:\/\/gabonnouvellevision.com\/gnv\/wp-json\/wp\/v2\/posts\/2893\/revisions"}],"wp:featuredmedia":[{"embeddable":true,"href":"https:\/\/gabonnouvellevision.com\/gnv\/wp-json\/wp\/v2\/media\/2894"}],"wp:attachment":[{"href":"https:\/\/gabonnouvellevision.com\/gnv\/wp-json\/wp\/v2\/media?parent=2893"}],"wp:term":[{"taxonomy":"category","embeddable":true,"href":"https:\/\/gabonnouvellevision.com\/gnv\/wp-json\/wp\/v2\/categories?post=2893"},{"taxonomy":"post_tag","embeddable":true,"href":"https:\/\/gabonnouvellevision.com\/gnv\/wp-json\/wp\/v2\/tags?post=2893"}],"curies":[{"name":"wp","href":"https:\/\/api.w.org\/{rel}","templated":true}]}}