{"id":2879,"date":"2024-04-17T10:58:01","date_gmt":"2024-04-17T09:58:01","guid":{"rendered":"https:\/\/gabonnouvellevision.com\/gnv\/?p=2879"},"modified":"2024-04-17T10:58:01","modified_gmt":"2024-04-17T09:58:01","slug":"dialogue-national-inclusif-le-point-defriche-de-la-commission-politique-annonce","status":"publish","type":"post","link":"https:\/\/gabonnouvellevision.com\/gnv\/2024\/04\/17\/dialogue-national-inclusif-le-point-defriche-de-la-commission-politique-annonce\/","title":{"rendered":"Dialogue National Inclusif : Le point d\u00e9frich\u00e9 de la commission politique annonc\u00e9"},"content":{"rendered":"<p>&nbsp;<\/p>\n<p>Dans le cadre de la traditionnelle conf\u00e9rence de presse sanctionnant le point \u00e0 mi-parcours des travaux de la commission politique, le porte-parole du Dialogue national inclusif, Mgr Jean Bernard ASSEKO MVE a d\u00e9frich\u00e9 tous les aspects li\u00e9s au contenu de cette commission tout en sollicitant l\u2019indulgence des Hommes et femmes des m\u00e9dias quant \u00e0 la publication des conclusions sorties des travaux en ateliers.<\/p>\n<p>Dans la sous-commission R\u00e9formes et Organisations de l\u2019Etat que pr\u00e9side Me Lubin NTOUTOUME, il a \u00e9t\u00e9 enseign\u00e9 que pr\u00e8s de 1700 contributions avaient \u00e9t\u00e9 faites et que les d\u00e9bats parfois houleux mais constructifs ont finalement converg\u00e9 vers un id\u00e9al commun\u00a0: le Gabon qui gagne. Ainsi, la majorit\u00e9 des contributions, selon le conf\u00e9rencier d\u00e9noncent plusieurs maux qui gangr\u00e8nent l\u2019administration publique gabonaise. Notamment les lenteurs administratives dans le traitement et l\u2019accueil des usagers, l\u2019absent\u00e9isme, la politisation de l\u2019administration et dans des recrutements, l\u2019inad\u00e9quation entre les profils et les emplois, autant de facteurs de d\u00e9mobilisation des agents.<\/p>\n<p>Le second volet de cette sortie est largement revenu sur la fameuse question de la d\u00e9centralisation\u00a0; un m\u00e9canisme qu\u2019appellent de tous leurs v\u0153ux, les populations, principales b\u00e9n\u00e9ficiaires du d\u00e9veloppement de leurs contr\u00e9es. Si l\u2019on note avec satisfaction la qualit\u00e9 irr\u00e9prochable de la loi y aff\u00e9rente, l\u2019on d\u00e9plore cependant son inapplication\u00a0; a laiss\u00e9 entendre le conf\u00e9rencier. Le porte-parole a \u00e9galement parl\u00e9 de la concentration dommageable des pouvoirs au niveau de l\u2019administration centrale.<\/p>\n<p>Le ph\u00e9nom\u00e8ne de nuisances sonores suite \u00e0 une pl\u00e9thore des lieux de culte a \u00e9galement \u00e9t\u00e9 \u00e9voqu\u00e9. Il n\u2019est nullement ici, a pr\u00e9venu le pr\u00e9lat, de faire un proc\u00e8s en sorcellerie des confessions religieuses. Mais plut\u00f4t remettre de l\u2019ordre dans ce qui se fait car, une y a\u00a0 une la\u00efcit\u00e9 dans notre mode de gouvernance administrative et la libert\u00e9 de culte incombe \u00e0 chaque citoyen\u00a0; bien que l\u2019Etat en soit le r\u00e9gulateur des libert\u00e9s des populations. Au terme de ces diff\u00e9rents \u00e9changes, le rapport final sortira des pl\u00e9ni\u00e8res qui se tiendront avant la remise des rapports finaux, a-t-il conclu. Les travaux quant \u00e0 eux se poursuivent sereinement au sein des diff\u00e9rents ateliers.<\/p>\n<p><strong>Junior MBOULET \u00a0\u00a0<\/strong><\/p>\n","protected":false},"excerpt":{"rendered":"<p>&nbsp; Dans le cadre de la traditionnelle conf\u00e9rence de presse sanctionnant le point \u00e0 mi-parcours des travaux de la commission politique, le porte-parole du Dialogue national inclusif, Mgr Jean Bernard ASSEKO MVE a d\u00e9frich\u00e9 tous les aspects li\u00e9s au contenu de cette commission tout en sollicitant l\u2019indulgence des Hommes et femmes des m\u00e9dias quant \u00e0 [&hellip;]<\/p>\n","protected":false},"author":5,"featured_media":2880,"comment_status":"open","ping_status":"open","sticky":false,"template":"","format":"standard","meta":{"footnotes":""},"categories":[57,55,59],"tags":[],"class_list":["post-2879","post","type-post","status-publish","format-standard","has-post-thumbnail","hentry","category-a-la-une","category-actualites","category-politique"],"yoast_head":"<!-- This site is optimized with the Yoast SEO plugin v24.2 - https:\/\/yoast.com\/wordpress\/plugins\/seo\/ -->\n<title>Dialogue National Inclusif : Le point d\u00e9frich\u00e9 de la commission politique annonc\u00e9 - Gabon Nouvelle Vision<\/title>\n<meta name=\"robots\" content=\"index, follow, max-snippet:-1, max-image-preview:large, max-video-preview:-1\" \/>\n<link rel=\"canonical\" href=\"https:\/\/gabonnouvellevision.com\/gnv\/2024\/04\/17\/dialogue-national-inclusif-le-point-defriche-de-la-commission-politique-annonce\/\" \/>\n<meta property=\"og:locale\" content=\"fr_FR\" \/>\n<meta property=\"og:type\" content=\"article\" \/>\n<meta property=\"og:title\" content=\"Dialogue National Inclusif : Le point d\u00e9frich\u00e9 de la commission politique annonc\u00e9 - Gabon Nouvelle Vision\" \/>\n<meta property=\"og:description\" content=\"&nbsp; Dans le cadre de la traditionnelle conf\u00e9rence de presse sanctionnant le point \u00e0 mi-parcours des travaux de la commission politique, le porte-parole du Dialogue national inclusif, Mgr Jean Bernard ASSEKO MVE a d\u00e9frich\u00e9 tous les aspects li\u00e9s au contenu de cette commission tout en sollicitant l\u2019indulgence des Hommes et femmes des m\u00e9dias quant \u00e0 [&hellip;]\" \/>\n<meta property=\"og:url\" content=\"https:\/\/gabonnouvellevision.com\/gnv\/2024\/04\/17\/dialogue-national-inclusif-le-point-defriche-de-la-commission-politique-annonce\/\" \/>\n<meta property=\"og:site_name\" content=\"Gabon Nouvelle Vision\" \/>\n<meta property=\"article:publisher\" content=\"https:\/\/www.facebook.com\/GNVofficiel\" \/>\n<meta property=\"article:published_time\" content=\"2024-04-17T09:58:01+00:00\" \/>\n<meta property=\"og:image\" content=\"https:\/\/gabonnouvellevision.com\/gnv\/wp-content\/uploads\/2024\/04\/Me-Lubin.jpg\" \/>\n\t<meta property=\"og:image:width\" content=\"1024\" \/>\n\t<meta property=\"og:image:height\" content=\"686\" \/>\n\t<meta property=\"og:image:type\" content=\"image\/jpeg\" \/>\n<meta name=\"author\" content=\"Junior MBOULET\" \/>\n<meta name=\"twitter:card\" content=\"summary_large_image\" \/>\n<meta name=\"twitter:label1\" content=\"\u00c9crit par\" \/>\n\t<meta name=\"twitter:data1\" content=\"Junior MBOULET\" \/>\n\t<meta name=\"twitter:label2\" content=\"Dur\u00e9e de lecture estim\u00e9e\" \/>\n\t<meta name=\"twitter:data2\" content=\"2 minutes\" \/>\n<script type=\"application\/ld+json\" class=\"yoast-schema-graph\">{\"@context\":\"https:\/\/schema.org\",\"@graph\":[{\"@type\":\"Article\",\"@id\":\"https:\/\/gabonnouvellevision.com\/gnv\/2024\/04\/17\/dialogue-national-inclusif-le-point-defriche-de-la-commission-politique-annonce\/#article\",\"isPartOf\":{\"@id\":\"https:\/\/gabonnouvellevision.com\/gnv\/2024\/04\/17\/dialogue-national-inclusif-le-point-defriche-de-la-commission-politique-annonce\/\"},\"author\":{\"name\":\"Junior MBOULET\",\"@id\":\"https:\/\/gabonnouvellevision.com\/gnv\/#\/schema\/person\/747bfb82bd833fb5a5a49e7c5031633d\"},\"headline\":\"Dialogue National Inclusif : Le point d\u00e9frich\u00e9 de la commission politique annonc\u00e9\",\"datePublished\":\"2024-04-17T09:58:01+00:00\",\"dateModified\":\"2024-04-17T09:58:01+00:00\",\"mainEntityOfPage\":{\"@id\":\"https:\/\/gabonnouvellevision.com\/gnv\/2024\/04\/17\/dialogue-national-inclusif-le-point-defriche-de-la-commission-politique-annonce\/\"},\"wordCount\":403,\"commentCount\":0,\"publisher\":{\"@id\":\"https:\/\/gabonnouvellevision.com\/gnv\/#organization\"},\"image\":{\"@id\":\"https:\/\/gabonnouvellevision.com\/gnv\/2024\/04\/17\/dialogue-national-inclusif-le-point-defriche-de-la-commission-politique-annonce\/#primaryimage\"},\"thumbnailUrl\":\"https:\/\/gabonnouvellevision.com\/gnv\/wp-content\/uploads\/2024\/04\/Me-Lubin.jpg\",\"articleSection\":[\"A la une\",\"Actualites\",\"Politique\"],\"inLanguage\":\"fr-FR\",\"potentialAction\":[{\"@type\":\"CommentAction\",\"name\":\"Comment\",\"target\":[\"https:\/\/gabonnouvellevision.com\/gnv\/2024\/04\/17\/dialogue-national-inclusif-le-point-defriche-de-la-commission-politique-annonce\/#respond\"]}]},{\"@type\":\"WebPage\",\"@id\":\"https:\/\/gabonnouvellevision.com\/gnv\/2024\/04\/17\/dialogue-national-inclusif-le-point-defriche-de-la-commission-politique-annonce\/\",\"url\":\"https:\/\/gabonnouvellevision.com\/gnv\/2024\/04\/17\/dialogue-national-inclusif-le-point-defriche-de-la-commission-politique-annonce\/\",\"name\":\"Dialogue National Inclusif : Le point d\u00e9frich\u00e9 de la commission politique annonc\u00e9 - Gabon Nouvelle Vision\",\"isPartOf\":{\"@id\":\"https:\/\/gabonnouvellevision.com\/gnv\/#website\"},\"primaryImageOfPage\":{\"@id\":\"https:\/\/gabonnouvellevision.com\/gnv\/2024\/04\/17\/dialogue-national-inclusif-le-point-defriche-de-la-commission-politique-annonce\/#primaryimage\"},\"image\":{\"@id\":\"https:\/\/gabonnouvellevision.com\/gnv\/2024\/04\/17\/dialogue-national-inclusif-le-point-defriche-de-la-commission-politique-annonce\/#primaryimage\"},\"thumbnailUrl\":\"https:\/\/gabonnouvellevision.com\/gnv\/wp-content\/uploads\/2024\/04\/Me-Lubin.jpg\",\"datePublished\":\"2024-04-17T09:58:01+00:00\",\"dateModified\":\"2024-04-17T09:58:01+00:00\",\"breadcrumb\":{\"@id\":\"https:\/\/gabonnouvellevision.com\/gnv\/2024\/04\/17\/dialogue-national-inclusif-le-point-defriche-de-la-commission-politique-annonce\/#breadcrumb\"},\"inLanguage\":\"fr-FR\",\"potentialAction\":[{\"@type\":\"ReadAction\",\"target\":[\"https:\/\/gabonnouvellevision.com\/gnv\/2024\/04\/17\/dialogue-national-inclusif-le-point-defriche-de-la-commission-politique-annonce\/\"]}]},{\"@type\":\"ImageObject\",\"inLanguage\":\"fr-FR\",\"@id\":\"https:\/\/gabonnouvellevision.com\/gnv\/2024\/04\/17\/dialogue-national-inclusif-le-point-defriche-de-la-commission-politique-annonce\/#primaryimage\",\"url\":\"https:\/\/gabonnouvellevision.com\/gnv\/wp-content\/uploads\/2024\/04\/Me-Lubin.jpg\",\"contentUrl\":\"https:\/\/gabonnouvellevision.com\/gnv\/wp-content\/uploads\/2024\/04\/Me-Lubin.jpg\",\"width\":1024,\"height\":686},{\"@type\":\"BreadcrumbList\",\"@id\":\"https:\/\/gabonnouvellevision.com\/gnv\/2024\/04\/17\/dialogue-national-inclusif-le-point-defriche-de-la-commission-politique-annonce\/#breadcrumb\",\"itemListElement\":[{\"@type\":\"ListItem\",\"position\":1,\"name\":\"Accueil\",\"item\":\"https:\/\/gabonnouvellevision.com\/gnv\/\"},{\"@type\":\"ListItem\",\"position\":2,\"name\":\"Dialogue National Inclusif : Le point d\u00e9frich\u00e9 de la commission politique annonc\u00e9\"}]},{\"@type\":\"WebSite\",\"@id\":\"https:\/\/gabonnouvellevision.com\/gnv\/#website\",\"url\":\"https:\/\/gabonnouvellevision.com\/gnv\/\",\"name\":\"Gabon Nouvelle Vision\",\"description\":\"\",\"publisher\":{\"@id\":\"https:\/\/gabonnouvellevision.com\/gnv\/#organization\"},\"potentialAction\":[{\"@type\":\"SearchAction\",\"target\":{\"@type\":\"EntryPoint\",\"urlTemplate\":\"https:\/\/gabonnouvellevision.com\/gnv\/?s={search_term_string}\"},\"query-input\":{\"@type\":\"PropertyValueSpecification\",\"valueRequired\":true,\"valueName\":\"search_term_string\"}}],\"inLanguage\":\"fr-FR\"},{\"@type\":\"Organization\",\"@id\":\"https:\/\/gabonnouvellevision.com\/gnv\/#organization\",\"name\":\"Gabon Nouvelle Vision\",\"url\":\"https:\/\/gabonnouvellevision.com\/gnv\/\",\"logo\":{\"@type\":\"ImageObject\",\"inLanguage\":\"fr-FR\",\"@id\":\"https:\/\/gabonnouvellevision.com\/gnv\/#\/schema\/logo\/image\/\",\"url\":\"https:\/\/gabonnouvellevision.com\/gnv\/wp-content\/uploads\/2025\/01\/logo-text_Plan-de-travail-1.png\",\"contentUrl\":\"https:\/\/gabonnouvellevision.com\/gnv\/wp-content\/uploads\/2025\/01\/logo-text_Plan-de-travail-1.png\",\"width\":7169,\"height\":2390,\"caption\":\"Gabon Nouvelle Vision\"},\"image\":{\"@id\":\"https:\/\/gabonnouvellevision.com\/gnv\/#\/schema\/logo\/image\/\"},\"sameAs\":[\"https:\/\/www.facebook.com\/GNVofficiel\"]},{\"@type\":\"Person\",\"@id\":\"https:\/\/gabonnouvellevision.com\/gnv\/#\/schema\/person\/747bfb82bd833fb5a5a49e7c5031633d\",\"name\":\"Junior MBOULET\",\"image\":{\"@type\":\"ImageObject\",\"inLanguage\":\"fr-FR\",\"@id\":\"https:\/\/gabonnouvellevision.com\/gnv\/#\/schema\/person\/image\/\",\"url\":\"https:\/\/secure.gravatar.com\/avatar\/b541278a71f2f5c40b38fff4c93c15b82cf168df8b47ea9d9e97c9c9c716c6f0?s=96&d=mm&r=g\",\"contentUrl\":\"https:\/\/secure.gravatar.com\/avatar\/b541278a71f2f5c40b38fff4c93c15b82cf168df8b47ea9d9e97c9c9c716c6f0?s=96&d=mm&r=g\",\"caption\":\"Junior MBOULET\"},\"url\":\"https:\/\/gabonnouvellevision.com\/gnv\/author\/junior\/\"}]}<\/script>\n<!-- \/ Yoast SEO plugin. -->","yoast_head_json":{"title":"Dialogue National Inclusif : Le point d\u00e9frich\u00e9 de la commission politique annonc\u00e9 - Gabon Nouvelle Vision","robots":{"index":"index","follow":"follow","max-snippet":"max-snippet:-1","max-image-preview":"max-image-preview:large","max-video-preview":"max-video-preview:-1"},"canonical":"https:\/\/gabonnouvellevision.com\/gnv\/2024\/04\/17\/dialogue-national-inclusif-le-point-defriche-de-la-commission-politique-annonce\/","og_locale":"fr_FR","og_type":"article","og_title":"Dialogue National Inclusif : Le point d\u00e9frich\u00e9 de la commission politique annonc\u00e9 - Gabon Nouvelle Vision","og_description":"&nbsp; Dans le cadre de la traditionnelle conf\u00e9rence de presse sanctionnant le point \u00e0 mi-parcours des travaux de la commission politique, le porte-parole du Dialogue national inclusif, Mgr Jean Bernard ASSEKO MVE a d\u00e9frich\u00e9 tous les aspects li\u00e9s au contenu de cette commission tout en sollicitant l\u2019indulgence des Hommes et femmes des m\u00e9dias quant \u00e0 [&hellip;]","og_url":"https:\/\/gabonnouvellevision.com\/gnv\/2024\/04\/17\/dialogue-national-inclusif-le-point-defriche-de-la-commission-politique-annonce\/","og_site_name":"Gabon Nouvelle Vision","article_publisher":"https:\/\/www.facebook.com\/GNVofficiel","article_published_time":"2024-04-17T09:58:01+00:00","og_image":[{"width":1024,"height":686,"url":"https:\/\/gabonnouvellevision.com\/gnv\/wp-content\/uploads\/2024\/04\/Me-Lubin.jpg","type":"image\/jpeg"}],"author":"Junior MBOULET","twitter_card":"summary_large_image","twitter_misc":{"\u00c9crit par":"Junior MBOULET","Dur\u00e9e de lecture estim\u00e9e":"2 minutes"},"schema":{"@context":"https:\/\/schema.org","@graph":[{"@type":"Article","@id":"https:\/\/gabonnouvellevision.com\/gnv\/2024\/04\/17\/dialogue-national-inclusif-le-point-defriche-de-la-commission-politique-annonce\/#article","isPartOf":{"@id":"https:\/\/gabonnouvellevision.com\/gnv\/2024\/04\/17\/dialogue-national-inclusif-le-point-defriche-de-la-commission-politique-annonce\/"},"author":{"name":"Junior MBOULET","@id":"https:\/\/gabonnouvellevision.com\/gnv\/#\/schema\/person\/747bfb82bd833fb5a5a49e7c5031633d"},"headline":"Dialogue National Inclusif : Le point d\u00e9frich\u00e9 de la commission politique annonc\u00e9","datePublished":"2024-04-17T09:58:01+00:00","dateModified":"2024-04-17T09:58:01+00:00","mainEntityOfPage":{"@id":"https:\/\/gabonnouvellevision.com\/gnv\/2024\/04\/17\/dialogue-national-inclusif-le-point-defriche-de-la-commission-politique-annonce\/"},"wordCount":403,"commentCount":0,"publisher":{"@id":"https:\/\/gabonnouvellevision.com\/gnv\/#organization"},"image":{"@id":"https:\/\/gabonnouvellevision.com\/gnv\/2024\/04\/17\/dialogue-national-inclusif-le-point-defriche-de-la-commission-politique-annonce\/#primaryimage"},"thumbnailUrl":"https:\/\/gabonnouvellevision.com\/gnv\/wp-content\/uploads\/2024\/04\/Me-Lubin.jpg","articleSection":["A la une","Actualites","Politique"],"inLanguage":"fr-FR","potentialAction":[{"@type":"CommentAction","name":"Comment","target":["https:\/\/gabonnouvellevision.com\/gnv\/2024\/04\/17\/dialogue-national-inclusif-le-point-defriche-de-la-commission-politique-annonce\/#respond"]}]},{"@type":"WebPage","@id":"https:\/\/gabonnouvellevision.com\/gnv\/2024\/04\/17\/dialogue-national-inclusif-le-point-defriche-de-la-commission-politique-annonce\/","url":"https:\/\/gabonnouvellevision.com\/gnv\/2024\/04\/17\/dialogue-national-inclusif-le-point-defriche-de-la-commission-politique-annonce\/","name":"Dialogue National Inclusif : Le point d\u00e9frich\u00e9 de la commission politique annonc\u00e9 - Gabon Nouvelle Vision","isPartOf":{"@id":"https:\/\/gabonnouvellevision.com\/gnv\/#website"},"primaryImageOfPage":{"@id":"https:\/\/gabonnouvellevision.com\/gnv\/2024\/04\/17\/dialogue-national-inclusif-le-point-defriche-de-la-commission-politique-annonce\/#primaryimage"},"image":{"@id":"https:\/\/gabonnouvellevision.com\/gnv\/2024\/04\/17\/dialogue-national-inclusif-le-point-defriche-de-la-commission-politique-annonce\/#primaryimage"},"thumbnailUrl":"https:\/\/gabonnouvellevision.com\/gnv\/wp-content\/uploads\/2024\/04\/Me-Lubin.jpg","datePublished":"2024-04-17T09:58:01+00:00","dateModified":"2024-04-17T09:58:01+00:00","breadcrumb":{"@id":"https:\/\/gabonnouvellevision.com\/gnv\/2024\/04\/17\/dialogue-national-inclusif-le-point-defriche-de-la-commission-politique-annonce\/#breadcrumb"},"inLanguage":"fr-FR","potentialAction":[{"@type":"ReadAction","target":["https:\/\/gabonnouvellevision.com\/gnv\/2024\/04\/17\/dialogue-national-inclusif-le-point-defriche-de-la-commission-politique-annonce\/"]}]},{"@type":"ImageObject","inLanguage":"fr-FR","@id":"https:\/\/gabonnouvellevision.com\/gnv\/2024\/04\/17\/dialogue-national-inclusif-le-point-defriche-de-la-commission-politique-annonce\/#primaryimage","url":"https:\/\/gabonnouvellevision.com\/gnv\/wp-content\/uploads\/2024\/04\/Me-Lubin.jpg","contentUrl":"https:\/\/gabonnouvellevision.com\/gnv\/wp-content\/uploads\/2024\/04\/Me-Lubin.jpg","width":1024,"height":686},{"@type":"BreadcrumbList","@id":"https:\/\/gabonnouvellevision.com\/gnv\/2024\/04\/17\/dialogue-national-inclusif-le-point-defriche-de-la-commission-politique-annonce\/#breadcrumb","itemListElement":[{"@type":"ListItem","position":1,"name":"Accueil","item":"https:\/\/gabonnouvellevision.com\/gnv\/"},{"@type":"ListItem","position":2,"name":"Dialogue National Inclusif : Le point d\u00e9frich\u00e9 de la commission politique annonc\u00e9"}]},{"@type":"WebSite","@id":"https:\/\/gabonnouvellevision.com\/gnv\/#website","url":"https:\/\/gabonnouvellevision.com\/gnv\/","name":"Gabon Nouvelle Vision","description":"","publisher":{"@id":"https:\/\/gabonnouvellevision.com\/gnv\/#organization"},"potentialAction":[{"@type":"SearchAction","target":{"@type":"EntryPoint","urlTemplate":"https:\/\/gabonnouvellevision.com\/gnv\/?s={search_term_string}"},"query-input":{"@type":"PropertyValueSpecification","valueRequired":true,"valueName":"search_term_string"}}],"inLanguage":"fr-FR"},{"@type":"Organization","@id":"https:\/\/gabonnouvellevision.com\/gnv\/#organization","name":"Gabon Nouvelle Vision","url":"https:\/\/gabonnouvellevision.com\/gnv\/","logo":{"@type":"ImageObject","inLanguage":"fr-FR","@id":"https:\/\/gabonnouvellevision.com\/gnv\/#\/schema\/logo\/image\/","url":"https:\/\/gabonnouvellevision.com\/gnv\/wp-content\/uploads\/2025\/01\/logo-text_Plan-de-travail-1.png","contentUrl":"https:\/\/gabonnouvellevision.com\/gnv\/wp-content\/uploads\/2025\/01\/logo-text_Plan-de-travail-1.png","width":7169,"height":2390,"caption":"Gabon Nouvelle Vision"},"image":{"@id":"https:\/\/gabonnouvellevision.com\/gnv\/#\/schema\/logo\/image\/"},"sameAs":["https:\/\/www.facebook.com\/GNVofficiel"]},{"@type":"Person","@id":"https:\/\/gabonnouvellevision.com\/gnv\/#\/schema\/person\/747bfb82bd833fb5a5a49e7c5031633d","name":"Junior MBOULET","image":{"@type":"ImageObject","inLanguage":"fr-FR","@id":"https:\/\/gabonnouvellevision.com\/gnv\/#\/schema\/person\/image\/","url":"https:\/\/secure.gravatar.com\/avatar\/b541278a71f2f5c40b38fff4c93c15b82cf168df8b47ea9d9e97c9c9c716c6f0?s=96&d=mm&r=g","contentUrl":"https:\/\/secure.gravatar.com\/avatar\/b541278a71f2f5c40b38fff4c93c15b82cf168df8b47ea9d9e97c9c9c716c6f0?s=96&d=mm&r=g","caption":"Junior MBOULET"},"url":"https:\/\/gabonnouvellevision.com\/gnv\/author\/junior\/"}]}},"_links":{"self":[{"href":"https:\/\/gabonnouvellevision.com\/gnv\/wp-json\/wp\/v2\/posts\/2879","targetHints":{"allow":["GET"]}}],"collection":[{"href":"https:\/\/gabonnouvellevision.com\/gnv\/wp-json\/wp\/v2\/posts"}],"about":[{"href":"https:\/\/gabonnouvellevision.com\/gnv\/wp-json\/wp\/v2\/types\/post"}],"author":[{"embeddable":true,"href":"https:\/\/gabonnouvellevision.com\/gnv\/wp-json\/wp\/v2\/users\/5"}],"replies":[{"embeddable":true,"href":"https:\/\/gabonnouvellevision.com\/gnv\/wp-json\/wp\/v2\/comments?post=2879"}],"version-history":[{"count":0,"href":"https:\/\/gabonnouvellevision.com\/gnv\/wp-json\/wp\/v2\/posts\/2879\/revisions"}],"wp:featuredmedia":[{"embeddable":true,"href":"https:\/\/gabonnouvellevision.com\/gnv\/wp-json\/wp\/v2\/media\/2880"}],"wp:attachment":[{"href":"https:\/\/gabonnouvellevision.com\/gnv\/wp-json\/wp\/v2\/media?parent=2879"}],"wp:term":[{"taxonomy":"category","embeddable":true,"href":"https:\/\/gabonnouvellevision.com\/gnv\/wp-json\/wp\/v2\/categories?post=2879"},{"taxonomy":"post_tag","embeddable":true,"href":"https:\/\/gabonnouvellevision.com\/gnv\/wp-json\/wp\/v2\/tags?post=2879"}],"curies":[{"name":"wp","href":"https:\/\/api.w.org\/{rel}","templated":true}]}}