{"id":2865,"date":"2024-04-16T10:37:59","date_gmt":"2024-04-16T09:37:59","guid":{"rendered":"https:\/\/gabonnouvellevision.com\/gnv\/?p=2865"},"modified":"2024-04-16T10:37:59","modified_gmt":"2024-04-16T09:37:59","slug":"lancement-de-la-2eme-edition-des-journees-nationales-du-clerge-du-gabon-a-mouila","status":"publish","type":"post","link":"https:\/\/gabonnouvellevision.com\/gnv\/2024\/04\/16\/lancement-de-la-2eme-edition-des-journees-nationales-du-clerge-du-gabon-a-mouila\/","title":{"rendered":"Lancement de la 2\u00e8me \u00e9dition des journ\u00e9es nationales du clerg\u00e9 du Gabon \u00e0 Mouila"},"content":{"rendered":"<p><strong>Abb\u00e9 Jean Davy Ndangha Ndong, coordinateur national des 2\u00e8mes journ\u00e9es nationales du clerg\u00e9 dioc\u00e9sain du Gabon \u00e0 Mouila, lors de son allocution circonstancielle.<\/strong><\/p>\n<p><em><strong>115pr\u00eatres dioc\u00e9sains du Gabon sur 130 prennent part aux activit\u00e9s de la deuxi\u00e8me \u00e9dition \u00a0de leurs journ\u00e9es \u00e0 Mouila dans la province de la Ngouni\u00e9 depuis hier sous le th\u00e8me \u2018\u2019 que notre charit\u00e9 se fasse inventive\u2019\u2019 1Th1,3. Ces journ\u00e9es qui se tiennent du 15 au 19 avril 2024 visent \u00e0 dresser le bilan de l\u2019\u00e9dition pr\u00e9c\u00e9dente avant de prospecter l\u2019avenir<\/strong><\/em><strong>.<\/strong><\/p>\n<p>C\u2019est par une messe d\u2019action de gr\u00e2ce en la cath\u00e9drale Saint Jean Ap\u00f4tre de Mouila que le coup d\u2019envoi des travaux de la 2\u00e8me \u00e9dition de la journ\u00e9e nationale du clerg\u00e9 Gabonais a \u00e9t\u00e9 donn\u00e9 hier \u00e7 Mouila par l\u2019ordinaire des lieux, Mgr Matthieu Madega Lebouak\u00e9han. Ces journ\u00e9es qui devraient s\u2019\u00e9tendre 5 jours durant visent entre autres, \u00e0 consolider la foi des pr\u00eatres dioc\u00e9sains par l\u2019\u00e9change des exp\u00e9riences v\u00e9cues au quotidien sur le terrain \u00e9vang\u00e9lique. \u2018\u2019 Que cette journ\u00e9e nous permette de grandir dans la fraternit\u00e9 et la charit\u00e9\u201d a indiqu\u00e9 l\u2019Abb\u00e9 Jean Davy Ndangha Ndong, coordinateur national des JNCG lors son allocution circonstancielle. Ma\u00efs aussi \u00e0 trouver des solutions idoines aux probl\u00e8mes qui minent ce pan local de l\u2019\u00e9glise Catholique Apostolique et Romaine. \u2018\u2019 Nous avons entam\u00e9 ce projet avec l\u2019ambition d\u2019offrir de r\u00e9els espaces aux pr\u00eatres,\u00a0 pour r\u00e9fl\u00e9chir, pour fraterniser,\u00a0 et pour prier ensemble pour le bien de notre \u00e9glise\u00a0 et la vie de nos minist\u00e8res pour chacun des pr\u00eatres\u201d a rappel\u00e9 le Conseiller spirituel du Pr\u00e9sident de la R\u00e9publique. Contrairement aux pr\u00eatres missionnaires qui parcourent le monde commun\u00e9ment appel\u00e9s \u2018\u2019P\u00e8res\u2019\u2019 qui sont issus des congr\u00e9gations religieuses ( spiritaines, sal\u00e9siennes, Piaristes, cappucins pour ne citer que celles-l\u00e0\u2026), les pr\u00eatres dioc\u00e9sains appel\u00e9s \u00e0 leur tour \u2018\u2019Abb\u00e9\u2019 parce que n\u2019exer\u00e7ant que localement, peinent quotidiennement \u00e0 joindre les deux bouts notamment ceux exer\u00e7ant en zone rurale.<\/p>\n<p>Des journ\u00e9es dioc\u00e9saines qui se veulent particuli\u00e8re et d\u00e9cisives devraient d\u00e9boucher sur d\u2019importantes r\u00e9solutions et recommandations pour le rayonnement de l\u2019\u00e9glise catholique du Gabon qui souffle cette ann\u00e9e jubilaire sa 180\u00e8me bougie.<\/p>\n<p><strong>Rufin Martial Oke Nze<\/strong><\/p>\n<p>&nbsp;<\/p>\n","protected":false},"excerpt":{"rendered":"<p>Abb\u00e9 Jean Davy Ndangha Ndong, coordinateur national des 2\u00e8mes journ\u00e9es nationales du clerg\u00e9 dioc\u00e9sain du Gabon \u00e0 Mouila, lors de son allocution circonstancielle. 115pr\u00eatres dioc\u00e9sains du Gabon sur 130 prennent part aux activit\u00e9s de la deuxi\u00e8me \u00e9dition \u00a0de leurs journ\u00e9es \u00e0 Mouila dans la province de la Ngouni\u00e9 depuis hier sous le th\u00e8me \u2018\u2019 que [&hellip;]<\/p>\n","protected":false},"author":7,"featured_media":2866,"comment_status":"open","ping_status":"open","sticky":false,"template":"","format":"standard","meta":{"footnotes":""},"categories":[64],"tags":[],"class_list":["post-2865","post","type-post","status-publish","format-standard","has-post-thumbnail","hentry","category-religion"],"yoast_head":"<!-- This site is optimized with the Yoast SEO plugin v24.2 - https:\/\/yoast.com\/wordpress\/plugins\/seo\/ -->\n<title>Lancement de la 2\u00e8me \u00e9dition des journ\u00e9es nationales du clerg\u00e9 du Gabon \u00e0 Mouila - Gabon Nouvelle Vision<\/title>\n<meta name=\"robots\" content=\"index, follow, max-snippet:-1, max-image-preview:large, max-video-preview:-1\" \/>\n<link rel=\"canonical\" href=\"https:\/\/gabonnouvellevision.com\/gnv\/2024\/04\/16\/lancement-de-la-2eme-edition-des-journees-nationales-du-clerge-du-gabon-a-mouila\/\" \/>\n<meta property=\"og:locale\" content=\"fr_FR\" \/>\n<meta property=\"og:type\" content=\"article\" \/>\n<meta property=\"og:title\" content=\"Lancement de la 2\u00e8me \u00e9dition des journ\u00e9es nationales du clerg\u00e9 du Gabon \u00e0 Mouila - Gabon Nouvelle Vision\" \/>\n<meta property=\"og:description\" content=\"Abb\u00e9 Jean Davy Ndangha Ndong, coordinateur national des 2\u00e8mes journ\u00e9es nationales du clerg\u00e9 dioc\u00e9sain du Gabon \u00e0 Mouila, lors de son allocution circonstancielle. 115pr\u00eatres dioc\u00e9sains du Gabon sur 130 prennent part aux activit\u00e9s de la deuxi\u00e8me \u00e9dition \u00a0de leurs journ\u00e9es \u00e0 Mouila dans la province de la Ngouni\u00e9 depuis hier sous le th\u00e8me \u2018\u2019 que [&hellip;]\" \/>\n<meta property=\"og:url\" content=\"https:\/\/gabonnouvellevision.com\/gnv\/2024\/04\/16\/lancement-de-la-2eme-edition-des-journees-nationales-du-clerge-du-gabon-a-mouila\/\" \/>\n<meta property=\"og:site_name\" content=\"Gabon Nouvelle Vision\" \/>\n<meta property=\"article:publisher\" content=\"https:\/\/www.facebook.com\/GNVofficiel\" \/>\n<meta property=\"article:published_time\" content=\"2024-04-16T09:37:59+00:00\" \/>\n<meta property=\"og:image\" content=\"https:\/\/gabonnouvellevision.com\/gnv\/wp-content\/uploads\/2024\/04\/436163699_374995462202332_7471959573877303288_n.jpg\" \/>\n\t<meta property=\"og:image:width\" content=\"2048\" \/>\n\t<meta property=\"og:image:height\" content=\"1365\" \/>\n\t<meta property=\"og:image:type\" content=\"image\/jpeg\" \/>\n<meta name=\"author\" content=\"Eyeng Obame\" \/>\n<meta name=\"twitter:card\" content=\"summary_large_image\" \/>\n<meta name=\"twitter:label1\" content=\"\u00c9crit par\" \/>\n\t<meta name=\"twitter:data1\" content=\"Eyeng Obame\" \/>\n\t<meta name=\"twitter:label2\" content=\"Dur\u00e9e de lecture estim\u00e9e\" \/>\n\t<meta name=\"twitter:data2\" content=\"2 minutes\" \/>\n<script type=\"application\/ld+json\" class=\"yoast-schema-graph\">{\"@context\":\"https:\/\/schema.org\",\"@graph\":[{\"@type\":\"Article\",\"@id\":\"https:\/\/gabonnouvellevision.com\/gnv\/2024\/04\/16\/lancement-de-la-2eme-edition-des-journees-nationales-du-clerge-du-gabon-a-mouila\/#article\",\"isPartOf\":{\"@id\":\"https:\/\/gabonnouvellevision.com\/gnv\/2024\/04\/16\/lancement-de-la-2eme-edition-des-journees-nationales-du-clerge-du-gabon-a-mouila\/\"},\"author\":{\"name\":\"Eyeng Obame\",\"@id\":\"https:\/\/gabonnouvellevision.com\/gnv\/#\/schema\/person\/4b48e07d222f83c0285affc3704bc899\"},\"headline\":\"Lancement de la 2\u00e8me \u00e9dition des journ\u00e9es nationales du clerg\u00e9 du Gabon \u00e0 Mouila\",\"datePublished\":\"2024-04-16T09:37:59+00:00\",\"dateModified\":\"2024-04-16T09:37:59+00:00\",\"mainEntityOfPage\":{\"@id\":\"https:\/\/gabonnouvellevision.com\/gnv\/2024\/04\/16\/lancement-de-la-2eme-edition-des-journees-nationales-du-clerge-du-gabon-a-mouila\/\"},\"wordCount\":409,\"commentCount\":0,\"publisher\":{\"@id\":\"https:\/\/gabonnouvellevision.com\/gnv\/#organization\"},\"image\":{\"@id\":\"https:\/\/gabonnouvellevision.com\/gnv\/2024\/04\/16\/lancement-de-la-2eme-edition-des-journees-nationales-du-clerge-du-gabon-a-mouila\/#primaryimage\"},\"thumbnailUrl\":\"https:\/\/gabonnouvellevision.com\/gnv\/wp-content\/uploads\/2024\/04\/436163699_374995462202332_7471959573877303288_n.jpg\",\"articleSection\":[\"Religion\"],\"inLanguage\":\"fr-FR\",\"potentialAction\":[{\"@type\":\"CommentAction\",\"name\":\"Comment\",\"target\":[\"https:\/\/gabonnouvellevision.com\/gnv\/2024\/04\/16\/lancement-de-la-2eme-edition-des-journees-nationales-du-clerge-du-gabon-a-mouila\/#respond\"]}]},{\"@type\":\"WebPage\",\"@id\":\"https:\/\/gabonnouvellevision.com\/gnv\/2024\/04\/16\/lancement-de-la-2eme-edition-des-journees-nationales-du-clerge-du-gabon-a-mouila\/\",\"url\":\"https:\/\/gabonnouvellevision.com\/gnv\/2024\/04\/16\/lancement-de-la-2eme-edition-des-journees-nationales-du-clerge-du-gabon-a-mouila\/\",\"name\":\"Lancement de la 2\u00e8me \u00e9dition des journ\u00e9es nationales du clerg\u00e9 du Gabon \u00e0 Mouila - Gabon Nouvelle Vision\",\"isPartOf\":{\"@id\":\"https:\/\/gabonnouvellevision.com\/gnv\/#website\"},\"primaryImageOfPage\":{\"@id\":\"https:\/\/gabonnouvellevision.com\/gnv\/2024\/04\/16\/lancement-de-la-2eme-edition-des-journees-nationales-du-clerge-du-gabon-a-mouila\/#primaryimage\"},\"image\":{\"@id\":\"https:\/\/gabonnouvellevision.com\/gnv\/2024\/04\/16\/lancement-de-la-2eme-edition-des-journees-nationales-du-clerge-du-gabon-a-mouila\/#primaryimage\"},\"thumbnailUrl\":\"https:\/\/gabonnouvellevision.com\/gnv\/wp-content\/uploads\/2024\/04\/436163699_374995462202332_7471959573877303288_n.jpg\",\"datePublished\":\"2024-04-16T09:37:59+00:00\",\"dateModified\":\"2024-04-16T09:37:59+00:00\",\"breadcrumb\":{\"@id\":\"https:\/\/gabonnouvellevision.com\/gnv\/2024\/04\/16\/lancement-de-la-2eme-edition-des-journees-nationales-du-clerge-du-gabon-a-mouila\/#breadcrumb\"},\"inLanguage\":\"fr-FR\",\"potentialAction\":[{\"@type\":\"ReadAction\",\"target\":[\"https:\/\/gabonnouvellevision.com\/gnv\/2024\/04\/16\/lancement-de-la-2eme-edition-des-journees-nationales-du-clerge-du-gabon-a-mouila\/\"]}]},{\"@type\":\"ImageObject\",\"inLanguage\":\"fr-FR\",\"@id\":\"https:\/\/gabonnouvellevision.com\/gnv\/2024\/04\/16\/lancement-de-la-2eme-edition-des-journees-nationales-du-clerge-du-gabon-a-mouila\/#primaryimage\",\"url\":\"https:\/\/gabonnouvellevision.com\/gnv\/wp-content\/uploads\/2024\/04\/436163699_374995462202332_7471959573877303288_n.jpg\",\"contentUrl\":\"https:\/\/gabonnouvellevision.com\/gnv\/wp-content\/uploads\/2024\/04\/436163699_374995462202332_7471959573877303288_n.jpg\",\"width\":2048,\"height\":1365},{\"@type\":\"BreadcrumbList\",\"@id\":\"https:\/\/gabonnouvellevision.com\/gnv\/2024\/04\/16\/lancement-de-la-2eme-edition-des-journees-nationales-du-clerge-du-gabon-a-mouila\/#breadcrumb\",\"itemListElement\":[{\"@type\":\"ListItem\",\"position\":1,\"name\":\"Accueil\",\"item\":\"https:\/\/gabonnouvellevision.com\/gnv\/\"},{\"@type\":\"ListItem\",\"position\":2,\"name\":\"Lancement de la 2\u00e8me \u00e9dition des journ\u00e9es nationales du clerg\u00e9 du Gabon \u00e0 Mouila\"}]},{\"@type\":\"WebSite\",\"@id\":\"https:\/\/gabonnouvellevision.com\/gnv\/#website\",\"url\":\"https:\/\/gabonnouvellevision.com\/gnv\/\",\"name\":\"Gabon Nouvelle Vision\",\"description\":\"\",\"publisher\":{\"@id\":\"https:\/\/gabonnouvellevision.com\/gnv\/#organization\"},\"potentialAction\":[{\"@type\":\"SearchAction\",\"target\":{\"@type\":\"EntryPoint\",\"urlTemplate\":\"https:\/\/gabonnouvellevision.com\/gnv\/?s={search_term_string}\"},\"query-input\":{\"@type\":\"PropertyValueSpecification\",\"valueRequired\":true,\"valueName\":\"search_term_string\"}}],\"inLanguage\":\"fr-FR\"},{\"@type\":\"Organization\",\"@id\":\"https:\/\/gabonnouvellevision.com\/gnv\/#organization\",\"name\":\"Gabon Nouvelle Vision\",\"url\":\"https:\/\/gabonnouvellevision.com\/gnv\/\",\"logo\":{\"@type\":\"ImageObject\",\"inLanguage\":\"fr-FR\",\"@id\":\"https:\/\/gabonnouvellevision.com\/gnv\/#\/schema\/logo\/image\/\",\"url\":\"https:\/\/gabonnouvellevision.com\/gnv\/wp-content\/uploads\/2025\/01\/logo-text_Plan-de-travail-1.png\",\"contentUrl\":\"https:\/\/gabonnouvellevision.com\/gnv\/wp-content\/uploads\/2025\/01\/logo-text_Plan-de-travail-1.png\",\"width\":7169,\"height\":2390,\"caption\":\"Gabon Nouvelle Vision\"},\"image\":{\"@id\":\"https:\/\/gabonnouvellevision.com\/gnv\/#\/schema\/logo\/image\/\"},\"sameAs\":[\"https:\/\/www.facebook.com\/GNVofficiel\"]},{\"@type\":\"Person\",\"@id\":\"https:\/\/gabonnouvellevision.com\/gnv\/#\/schema\/person\/4b48e07d222f83c0285affc3704bc899\",\"name\":\"Eyeng Obame\",\"image\":{\"@type\":\"ImageObject\",\"inLanguage\":\"fr-FR\",\"@id\":\"https:\/\/gabonnouvellevision.com\/gnv\/#\/schema\/person\/image\/\",\"url\":\"https:\/\/secure.gravatar.com\/avatar\/167bc03b8baf3c77318a47159f80871de6f5a6cbf4bc8b6af750fbc1a369d7bf?s=96&d=mm&r=g\",\"contentUrl\":\"https:\/\/secure.gravatar.com\/avatar\/167bc03b8baf3c77318a47159f80871de6f5a6cbf4bc8b6af750fbc1a369d7bf?s=96&d=mm&r=g\",\"caption\":\"Eyeng Obame\"},\"url\":\"https:\/\/gabonnouvellevision.com\/gnv\/author\/rufin\/\"}]}<\/script>\n<!-- \/ Yoast SEO plugin. -->","yoast_head_json":{"title":"Lancement de la 2\u00e8me \u00e9dition des journ\u00e9es nationales du clerg\u00e9 du Gabon \u00e0 Mouila - Gabon Nouvelle Vision","robots":{"index":"index","follow":"follow","max-snippet":"max-snippet:-1","max-image-preview":"max-image-preview:large","max-video-preview":"max-video-preview:-1"},"canonical":"https:\/\/gabonnouvellevision.com\/gnv\/2024\/04\/16\/lancement-de-la-2eme-edition-des-journees-nationales-du-clerge-du-gabon-a-mouila\/","og_locale":"fr_FR","og_type":"article","og_title":"Lancement de la 2\u00e8me \u00e9dition des journ\u00e9es nationales du clerg\u00e9 du Gabon \u00e0 Mouila - Gabon Nouvelle Vision","og_description":"Abb\u00e9 Jean Davy Ndangha Ndong, coordinateur national des 2\u00e8mes journ\u00e9es nationales du clerg\u00e9 dioc\u00e9sain du Gabon \u00e0 Mouila, lors de son allocution circonstancielle. 115pr\u00eatres dioc\u00e9sains du Gabon sur 130 prennent part aux activit\u00e9s de la deuxi\u00e8me \u00e9dition \u00a0de leurs journ\u00e9es \u00e0 Mouila dans la province de la Ngouni\u00e9 depuis hier sous le th\u00e8me \u2018\u2019 que [&hellip;]","og_url":"https:\/\/gabonnouvellevision.com\/gnv\/2024\/04\/16\/lancement-de-la-2eme-edition-des-journees-nationales-du-clerge-du-gabon-a-mouila\/","og_site_name":"Gabon Nouvelle Vision","article_publisher":"https:\/\/www.facebook.com\/GNVofficiel","article_published_time":"2024-04-16T09:37:59+00:00","og_image":[{"width":2048,"height":1365,"url":"https:\/\/gabonnouvellevision.com\/gnv\/wp-content\/uploads\/2024\/04\/436163699_374995462202332_7471959573877303288_n.jpg","type":"image\/jpeg"}],"author":"Eyeng Obame","twitter_card":"summary_large_image","twitter_misc":{"\u00c9crit par":"Eyeng Obame","Dur\u00e9e de lecture estim\u00e9e":"2 minutes"},"schema":{"@context":"https:\/\/schema.org","@graph":[{"@type":"Article","@id":"https:\/\/gabonnouvellevision.com\/gnv\/2024\/04\/16\/lancement-de-la-2eme-edition-des-journees-nationales-du-clerge-du-gabon-a-mouila\/#article","isPartOf":{"@id":"https:\/\/gabonnouvellevision.com\/gnv\/2024\/04\/16\/lancement-de-la-2eme-edition-des-journees-nationales-du-clerge-du-gabon-a-mouila\/"},"author":{"name":"Eyeng Obame","@id":"https:\/\/gabonnouvellevision.com\/gnv\/#\/schema\/person\/4b48e07d222f83c0285affc3704bc899"},"headline":"Lancement de la 2\u00e8me \u00e9dition des journ\u00e9es nationales du clerg\u00e9 du Gabon \u00e0 Mouila","datePublished":"2024-04-16T09:37:59+00:00","dateModified":"2024-04-16T09:37:59+00:00","mainEntityOfPage":{"@id":"https:\/\/gabonnouvellevision.com\/gnv\/2024\/04\/16\/lancement-de-la-2eme-edition-des-journees-nationales-du-clerge-du-gabon-a-mouila\/"},"wordCount":409,"commentCount":0,"publisher":{"@id":"https:\/\/gabonnouvellevision.com\/gnv\/#organization"},"image":{"@id":"https:\/\/gabonnouvellevision.com\/gnv\/2024\/04\/16\/lancement-de-la-2eme-edition-des-journees-nationales-du-clerge-du-gabon-a-mouila\/#primaryimage"},"thumbnailUrl":"https:\/\/gabonnouvellevision.com\/gnv\/wp-content\/uploads\/2024\/04\/436163699_374995462202332_7471959573877303288_n.jpg","articleSection":["Religion"],"inLanguage":"fr-FR","potentialAction":[{"@type":"CommentAction","name":"Comment","target":["https:\/\/gabonnouvellevision.com\/gnv\/2024\/04\/16\/lancement-de-la-2eme-edition-des-journees-nationales-du-clerge-du-gabon-a-mouila\/#respond"]}]},{"@type":"WebPage","@id":"https:\/\/gabonnouvellevision.com\/gnv\/2024\/04\/16\/lancement-de-la-2eme-edition-des-journees-nationales-du-clerge-du-gabon-a-mouila\/","url":"https:\/\/gabonnouvellevision.com\/gnv\/2024\/04\/16\/lancement-de-la-2eme-edition-des-journees-nationales-du-clerge-du-gabon-a-mouila\/","name":"Lancement de la 2\u00e8me \u00e9dition des journ\u00e9es nationales du clerg\u00e9 du Gabon \u00e0 Mouila - Gabon Nouvelle Vision","isPartOf":{"@id":"https:\/\/gabonnouvellevision.com\/gnv\/#website"},"primaryImageOfPage":{"@id":"https:\/\/gabonnouvellevision.com\/gnv\/2024\/04\/16\/lancement-de-la-2eme-edition-des-journees-nationales-du-clerge-du-gabon-a-mouila\/#primaryimage"},"image":{"@id":"https:\/\/gabonnouvellevision.com\/gnv\/2024\/04\/16\/lancement-de-la-2eme-edition-des-journees-nationales-du-clerge-du-gabon-a-mouila\/#primaryimage"},"thumbnailUrl":"https:\/\/gabonnouvellevision.com\/gnv\/wp-content\/uploads\/2024\/04\/436163699_374995462202332_7471959573877303288_n.jpg","datePublished":"2024-04-16T09:37:59+00:00","dateModified":"2024-04-16T09:37:59+00:00","breadcrumb":{"@id":"https:\/\/gabonnouvellevision.com\/gnv\/2024\/04\/16\/lancement-de-la-2eme-edition-des-journees-nationales-du-clerge-du-gabon-a-mouila\/#breadcrumb"},"inLanguage":"fr-FR","potentialAction":[{"@type":"ReadAction","target":["https:\/\/gabonnouvellevision.com\/gnv\/2024\/04\/16\/lancement-de-la-2eme-edition-des-journees-nationales-du-clerge-du-gabon-a-mouila\/"]}]},{"@type":"ImageObject","inLanguage":"fr-FR","@id":"https:\/\/gabonnouvellevision.com\/gnv\/2024\/04\/16\/lancement-de-la-2eme-edition-des-journees-nationales-du-clerge-du-gabon-a-mouila\/#primaryimage","url":"https:\/\/gabonnouvellevision.com\/gnv\/wp-content\/uploads\/2024\/04\/436163699_374995462202332_7471959573877303288_n.jpg","contentUrl":"https:\/\/gabonnouvellevision.com\/gnv\/wp-content\/uploads\/2024\/04\/436163699_374995462202332_7471959573877303288_n.jpg","width":2048,"height":1365},{"@type":"BreadcrumbList","@id":"https:\/\/gabonnouvellevision.com\/gnv\/2024\/04\/16\/lancement-de-la-2eme-edition-des-journees-nationales-du-clerge-du-gabon-a-mouila\/#breadcrumb","itemListElement":[{"@type":"ListItem","position":1,"name":"Accueil","item":"https:\/\/gabonnouvellevision.com\/gnv\/"},{"@type":"ListItem","position":2,"name":"Lancement de la 2\u00e8me \u00e9dition des journ\u00e9es nationales du clerg\u00e9 du Gabon \u00e0 Mouila"}]},{"@type":"WebSite","@id":"https:\/\/gabonnouvellevision.com\/gnv\/#website","url":"https:\/\/gabonnouvellevision.com\/gnv\/","name":"Gabon Nouvelle Vision","description":"","publisher":{"@id":"https:\/\/gabonnouvellevision.com\/gnv\/#organization"},"potentialAction":[{"@type":"SearchAction","target":{"@type":"EntryPoint","urlTemplate":"https:\/\/gabonnouvellevision.com\/gnv\/?s={search_term_string}"},"query-input":{"@type":"PropertyValueSpecification","valueRequired":true,"valueName":"search_term_string"}}],"inLanguage":"fr-FR"},{"@type":"Organization","@id":"https:\/\/gabonnouvellevision.com\/gnv\/#organization","name":"Gabon Nouvelle Vision","url":"https:\/\/gabonnouvellevision.com\/gnv\/","logo":{"@type":"ImageObject","inLanguage":"fr-FR","@id":"https:\/\/gabonnouvellevision.com\/gnv\/#\/schema\/logo\/image\/","url":"https:\/\/gabonnouvellevision.com\/gnv\/wp-content\/uploads\/2025\/01\/logo-text_Plan-de-travail-1.png","contentUrl":"https:\/\/gabonnouvellevision.com\/gnv\/wp-content\/uploads\/2025\/01\/logo-text_Plan-de-travail-1.png","width":7169,"height":2390,"caption":"Gabon Nouvelle Vision"},"image":{"@id":"https:\/\/gabonnouvellevision.com\/gnv\/#\/schema\/logo\/image\/"},"sameAs":["https:\/\/www.facebook.com\/GNVofficiel"]},{"@type":"Person","@id":"https:\/\/gabonnouvellevision.com\/gnv\/#\/schema\/person\/4b48e07d222f83c0285affc3704bc899","name":"Eyeng Obame","image":{"@type":"ImageObject","inLanguage":"fr-FR","@id":"https:\/\/gabonnouvellevision.com\/gnv\/#\/schema\/person\/image\/","url":"https:\/\/secure.gravatar.com\/avatar\/167bc03b8baf3c77318a47159f80871de6f5a6cbf4bc8b6af750fbc1a369d7bf?s=96&d=mm&r=g","contentUrl":"https:\/\/secure.gravatar.com\/avatar\/167bc03b8baf3c77318a47159f80871de6f5a6cbf4bc8b6af750fbc1a369d7bf?s=96&d=mm&r=g","caption":"Eyeng Obame"},"url":"https:\/\/gabonnouvellevision.com\/gnv\/author\/rufin\/"}]}},"_links":{"self":[{"href":"https:\/\/gabonnouvellevision.com\/gnv\/wp-json\/wp\/v2\/posts\/2865","targetHints":{"allow":["GET"]}}],"collection":[{"href":"https:\/\/gabonnouvellevision.com\/gnv\/wp-json\/wp\/v2\/posts"}],"about":[{"href":"https:\/\/gabonnouvellevision.com\/gnv\/wp-json\/wp\/v2\/types\/post"}],"author":[{"embeddable":true,"href":"https:\/\/gabonnouvellevision.com\/gnv\/wp-json\/wp\/v2\/users\/7"}],"replies":[{"embeddable":true,"href":"https:\/\/gabonnouvellevision.com\/gnv\/wp-json\/wp\/v2\/comments?post=2865"}],"version-history":[{"count":0,"href":"https:\/\/gabonnouvellevision.com\/gnv\/wp-json\/wp\/v2\/posts\/2865\/revisions"}],"wp:featuredmedia":[{"embeddable":true,"href":"https:\/\/gabonnouvellevision.com\/gnv\/wp-json\/wp\/v2\/media\/2866"}],"wp:attachment":[{"href":"https:\/\/gabonnouvellevision.com\/gnv\/wp-json\/wp\/v2\/media?parent=2865"}],"wp:term":[{"taxonomy":"category","embeddable":true,"href":"https:\/\/gabonnouvellevision.com\/gnv\/wp-json\/wp\/v2\/categories?post=2865"},{"taxonomy":"post_tag","embeddable":true,"href":"https:\/\/gabonnouvellevision.com\/gnv\/wp-json\/wp\/v2\/tags?post=2865"}],"curies":[{"name":"wp","href":"https:\/\/api.w.org\/{rel}","templated":true}]}}