{"id":2856,"date":"2024-04-15T09:48:26","date_gmt":"2024-04-15T08:48:26","guid":{"rendered":"https:\/\/gabonnouvellevision.com\/gnv\/?p=2856"},"modified":"2024-04-15T09:48:26","modified_gmt":"2024-04-15T08:48:26","slug":"leducation-chretienne-face-a-lecole-laique-obligatoire","status":"publish","type":"post","link":"https:\/\/gabonnouvellevision.com\/gnv\/2024\/04\/15\/leducation-chretienne-face-a-lecole-laique-obligatoire\/","title":{"rendered":"L&rsquo;\u00e9ducation chr\u00e9tienne face \u00e0 l&rsquo;\u00e9cole la\u00efque obligatoire"},"content":{"rendered":"<p><strong>Libre propos<\/strong><\/p>\n<p><strong>\u00a0<\/strong>Depuis le 2\u00e8me si\u00e8cle avec le P\u00e8re Justin, l&rsquo;on a focalis\u00e9 l&rsquo;\u00e9ducation chr\u00e9tienne pour former ceux qui avaient la charge d&rsquo;enseigner la Parole de Dieu et de la transmettre. D&rsquo;o\u00f9 l&rsquo;exigence d&rsquo;une discipline d&rsquo;\u00e9tude avec une habilitation dialectique pour r\u00e9futer les h\u00e9r\u00e9sies, puis de d\u00e9fense de la foi chr\u00e9tienne.<\/p>\n<p>Cette conception a \u00e9t\u00e9 supplant\u00e9e par celle du moyen \u00e2ge o\u00f9 l&rsquo;enseignement \u00e9tait dans les monast\u00e8res, mais aussi l&rsquo;apprentissage des m\u00e9tiers de la vie technique et Professionnels.<\/p>\n<p>Les missionnaires qui se rendaient en Chine avaient donc cet objectif de former cette jeunesse, plut\u00f4t de d\u00e9celer des vocations \u00e0 devenir des pr\u00eatres.<\/p>\n<p>Avec la r\u00e9volution fran\u00e7aise de 1789, cette conception a \u00e9volu\u00e9 avec la notion des libert\u00e9s et en 1905, l&rsquo;Eglise sera s\u00e9par\u00e9e de l&rsquo;\u00e9tat, chaque entit\u00e9 devra d\u00e9sormais s&rsquo;occuper de ses propres affaires. Nous sommes d\u00e9sormais dans un \u00e9tat la\u00efc o\u00f9 le monopole de l&rsquo;\u00e9ducation ne sera plus dans les mains des clercs, mais bien un devoir r\u00e9galien de l&rsquo;\u00e9tat.<\/p>\n<p>Mais vers 1910 pendant la conf\u00e9rence Mondiale des \u00c9glises, on r\u00e9affirmera cette volont\u00e9 d&rsquo;allier la Mission d&rsquo;Evang\u00e9lisation avec la Civilisation. Ce cadre va laisser des marques ind\u00e9l\u00e9biles d&rsquo;une paup\u00e9risation anthropologique, \u00e0 cause de la politique coloniale d&rsquo;assimilation, car la civilisation occidentale fran\u00e7aise voulait faire des colonies des petits fran\u00e7ais dans la construction de l&rsquo;imaginaire. Les \u00c9coles des \u00c9glises rempliront comme celles dites officielles, cette mission civilisatrice.<\/p>\n<p>Jules FERRY reviendra avec la notion d&rsquo;\u00e9cole la\u00efque obligatoire pour marquer d\u00e9sormais cette s\u00e9cularisation agressive de l&rsquo;\u00e9ducation.<\/p>\n<p>De nos jours, le conflit semble \u00eatre attis\u00e9 lorsque les confessionnels d\u00e9noncent cette la\u00efcisation agressive avec l&rsquo;introduction des valeurs autonomes humanistes et ath\u00e9es. Le contexte de violences en milieu scolaire ne rassure personne lorsque l&rsquo;\u00e9tat ne peut plus prot\u00e9ger sa jeunesse. Les curricula de formation sont en inad\u00e9quations avec les valeurs culturelles et les m\u0153urs d\u00e9plorables de l&rsquo;\u00e9ducation ultra lib\u00e9rale. Les hommes d&rsquo;Eglise estiment qu&rsquo;on ne saurait placer les id\u00e9es en soi, la pens\u00e9e humaine au m\u00eame niveau que les v\u00e9rit\u00e9s \u00e9ternelles r\u00e9v\u00e9l\u00e9es par les \u00c9critures Saintes. Le caract\u00e8re profane et \u00e9ph\u00e9m\u00e8re des id\u00e9es et des conceptions humaines sont passag\u00e8res. Une id\u00e9ologie ne saurait \u00eatre une v\u00e9rit\u00e9 \u00e9ternelle, car elle est souvent falsifi\u00e9e pour porter l&rsquo;esprit de l&rsquo;homme. Le racisme, le nazisme, l&rsquo;eug\u00e9nisme moderne et l&rsquo;apparition des lobbies pour contr\u00f4ler l&rsquo;humanit\u00e9 laisse souvent les hommes d&rsquo;Eglise tr\u00e8s prudents et en alerte.<\/p>\n<p>Les adeptes de l&rsquo;\u00e9tat la\u00efc accusent les religieux de transformer les \u00e9coles en terrain de pros\u00e9lytisme. On peut bien s&rsquo;int\u00e9resser le personnage du J\u00e9sus historique, de Mahomet, mais, le caract\u00e8re la\u00efc voudrait le respect des autres religions, et des non croyants. Dans ce cas l&rsquo;\u00e9tat la\u00efc se hissera au-dessus des religions et devrait afficher sa neutralit\u00e9 et son impartialit\u00e9.<\/p>\n<p>Toutefois, l&rsquo;\u00e9tat sera garant des programmes p\u00e9dagogiques pour tous et appuiera l&rsquo;enseignement confessionnel par les subventions et la reconnaissance du personnel enseignant recrut\u00e9 par les \u00c9glises.<\/p>\n<p>L&rsquo;\u00e9tat va reconna\u00eetre les libert\u00e9s religieuses sous le respect de la loi, la libert\u00e9 d&rsquo;expression et la libert\u00e9 de conscience. Ces libert\u00e9s sont exprim\u00e9es pour recadrer l&rsquo;\u00e9tat dans ses formes dictatoriales et de totalitarisme. L\u2019Eglise a souvent du mal \u00e0 supporter l&rsquo;introduction des valeurs autonomes et antinomiques de d\u00e9fiance de Dieu et d&rsquo;ath\u00e9isme vulgaire comme spontan\u00e9.<\/p>\n<p>Si l&rsquo;on veut effectivement voir la col\u00e8re des religieux, touchez \u00e0 leurs \u00e9coles, comme l&rsquo;a soulign\u00e9 le sociologue Jean Marc ELA.<\/p>\n<p>En conclusion, il y a lieu de replacer l&rsquo;\u00e9ducation chr\u00e9tienne et insister sur ses nobles valeurs, dans ce monde en perte de valeur. On \u00e9vitera les formes d&rsquo;extr\u00e9misme religieux, pour laisser aux parents le mod\u00e8le d&rsquo;\u00e9ducation qu&rsquo;ils choisissent pour leurs enfants, mais aussi le choix de la religion sans pour autant exclure les non croyants. Le tout cadeau (\u00c9cole et h\u00f4pital), ne sont pas forc\u00e9ment des gages d&rsquo;une \u00e9ducation compl\u00e8te de croissance en gr\u00e2ce, en stature et en sagesse. C&rsquo;est pourquoi nous insistons sur le consentement libre et \u00e9clair\u00e9 des parents d&rsquo;\u00e9l\u00e8ves et des enfants eux-m\u00eames.<\/p>\n<p><strong>R\u00e9v\u00e9rend Pasteur Rostand Essone Ella\/ de l\u2019Eglise Evang\u00e9lique du Gabon<\/strong><\/p>\n<p>&nbsp;<\/p>\n","protected":false},"excerpt":{"rendered":"<p>Libre propos \u00a0Depuis le 2\u00e8me si\u00e8cle avec le P\u00e8re Justin, l&rsquo;on a focalis\u00e9 l&rsquo;\u00e9ducation chr\u00e9tienne pour former ceux qui avaient la charge d&rsquo;enseigner la Parole de Dieu et de la transmettre. D&rsquo;o\u00f9 l&rsquo;exigence d&rsquo;une discipline d&rsquo;\u00e9tude avec une habilitation dialectique pour r\u00e9futer les h\u00e9r\u00e9sies, puis de d\u00e9fense de la foi chr\u00e9tienne. Cette conception a \u00e9t\u00e9 [&hellip;]<\/p>\n","protected":false},"author":7,"featured_media":2858,"comment_status":"open","ping_status":"open","sticky":false,"template":"","format":"standard","meta":{"footnotes":""},"categories":[64],"tags":[],"class_list":["post-2856","post","type-post","status-publish","format-standard","has-post-thumbnail","hentry","category-religion"],"yoast_head":"<!-- This site is optimized with the Yoast SEO plugin v24.2 - https:\/\/yoast.com\/wordpress\/plugins\/seo\/ -->\n<title>L&#039;\u00e9ducation chr\u00e9tienne face \u00e0 l&#039;\u00e9cole la\u00efque obligatoire - Gabon Nouvelle Vision<\/title>\n<meta name=\"robots\" content=\"index, follow, max-snippet:-1, max-image-preview:large, max-video-preview:-1\" \/>\n<link rel=\"canonical\" href=\"https:\/\/gabonnouvellevision.com\/gnv\/2024\/04\/15\/leducation-chretienne-face-a-lecole-laique-obligatoire\/\" \/>\n<meta property=\"og:locale\" content=\"fr_FR\" \/>\n<meta property=\"og:type\" content=\"article\" \/>\n<meta property=\"og:title\" content=\"L&#039;\u00e9ducation chr\u00e9tienne face \u00e0 l&#039;\u00e9cole la\u00efque obligatoire - Gabon Nouvelle Vision\" \/>\n<meta property=\"og:description\" content=\"Libre propos \u00a0Depuis le 2\u00e8me si\u00e8cle avec le P\u00e8re Justin, l&rsquo;on a focalis\u00e9 l&rsquo;\u00e9ducation chr\u00e9tienne pour former ceux qui avaient la charge d&rsquo;enseigner la Parole de Dieu et de la transmettre. D&rsquo;o\u00f9 l&rsquo;exigence d&rsquo;une discipline d&rsquo;\u00e9tude avec une habilitation dialectique pour r\u00e9futer les h\u00e9r\u00e9sies, puis de d\u00e9fense de la foi chr\u00e9tienne. Cette conception a \u00e9t\u00e9 [&hellip;]\" \/>\n<meta property=\"og:url\" content=\"https:\/\/gabonnouvellevision.com\/gnv\/2024\/04\/15\/leducation-chretienne-face-a-lecole-laique-obligatoire\/\" \/>\n<meta property=\"og:site_name\" content=\"Gabon Nouvelle Vision\" \/>\n<meta property=\"article:publisher\" content=\"https:\/\/www.facebook.com\/GNVofficiel\" \/>\n<meta property=\"article:published_time\" content=\"2024-04-15T08:48:26+00:00\" \/>\n<meta property=\"og:image\" content=\"https:\/\/gabonnouvellevision.com\/gnv\/wp-content\/uploads\/2024\/04\/432340170_3575172709411035_2803191758315765842_n-2.jpg\" \/>\n\t<meta property=\"og:image:width\" content=\"526\" \/>\n\t<meta property=\"og:image:height\" content=\"580\" \/>\n\t<meta property=\"og:image:type\" content=\"image\/jpeg\" \/>\n<meta name=\"author\" content=\"Eyeng Obame\" \/>\n<meta name=\"twitter:card\" content=\"summary_large_image\" \/>\n<meta name=\"twitter:label1\" content=\"\u00c9crit par\" \/>\n\t<meta name=\"twitter:data1\" content=\"Eyeng Obame\" \/>\n\t<meta name=\"twitter:label2\" content=\"Dur\u00e9e de lecture estim\u00e9e\" \/>\n\t<meta name=\"twitter:data2\" content=\"4 minutes\" \/>\n<script type=\"application\/ld+json\" class=\"yoast-schema-graph\">{\"@context\":\"https:\/\/schema.org\",\"@graph\":[{\"@type\":\"Article\",\"@id\":\"https:\/\/gabonnouvellevision.com\/gnv\/2024\/04\/15\/leducation-chretienne-face-a-lecole-laique-obligatoire\/#article\",\"isPartOf\":{\"@id\":\"https:\/\/gabonnouvellevision.com\/gnv\/2024\/04\/15\/leducation-chretienne-face-a-lecole-laique-obligatoire\/\"},\"author\":{\"name\":\"Eyeng Obame\",\"@id\":\"https:\/\/gabonnouvellevision.com\/gnv\/#\/schema\/person\/4b48e07d222f83c0285affc3704bc899\"},\"headline\":\"L&rsquo;\u00e9ducation chr\u00e9tienne face \u00e0 l&rsquo;\u00e9cole la\u00efque obligatoire\",\"datePublished\":\"2024-04-15T08:48:26+00:00\",\"dateModified\":\"2024-04-15T08:48:26+00:00\",\"mainEntityOfPage\":{\"@id\":\"https:\/\/gabonnouvellevision.com\/gnv\/2024\/04\/15\/leducation-chretienne-face-a-lecole-laique-obligatoire\/\"},\"wordCount\":764,\"commentCount\":0,\"publisher\":{\"@id\":\"https:\/\/gabonnouvellevision.com\/gnv\/#organization\"},\"image\":{\"@id\":\"https:\/\/gabonnouvellevision.com\/gnv\/2024\/04\/15\/leducation-chretienne-face-a-lecole-laique-obligatoire\/#primaryimage\"},\"thumbnailUrl\":\"https:\/\/gabonnouvellevision.com\/gnv\/wp-content\/uploads\/2024\/04\/432340170_3575172709411035_2803191758315765842_n-2.jpg\",\"articleSection\":[\"Religion\"],\"inLanguage\":\"fr-FR\",\"potentialAction\":[{\"@type\":\"CommentAction\",\"name\":\"Comment\",\"target\":[\"https:\/\/gabonnouvellevision.com\/gnv\/2024\/04\/15\/leducation-chretienne-face-a-lecole-laique-obligatoire\/#respond\"]}]},{\"@type\":\"WebPage\",\"@id\":\"https:\/\/gabonnouvellevision.com\/gnv\/2024\/04\/15\/leducation-chretienne-face-a-lecole-laique-obligatoire\/\",\"url\":\"https:\/\/gabonnouvellevision.com\/gnv\/2024\/04\/15\/leducation-chretienne-face-a-lecole-laique-obligatoire\/\",\"name\":\"L'\u00e9ducation chr\u00e9tienne face \u00e0 l'\u00e9cole la\u00efque obligatoire - Gabon Nouvelle Vision\",\"isPartOf\":{\"@id\":\"https:\/\/gabonnouvellevision.com\/gnv\/#website\"},\"primaryImageOfPage\":{\"@id\":\"https:\/\/gabonnouvellevision.com\/gnv\/2024\/04\/15\/leducation-chretienne-face-a-lecole-laique-obligatoire\/#primaryimage\"},\"image\":{\"@id\":\"https:\/\/gabonnouvellevision.com\/gnv\/2024\/04\/15\/leducation-chretienne-face-a-lecole-laique-obligatoire\/#primaryimage\"},\"thumbnailUrl\":\"https:\/\/gabonnouvellevision.com\/gnv\/wp-content\/uploads\/2024\/04\/432340170_3575172709411035_2803191758315765842_n-2.jpg\",\"datePublished\":\"2024-04-15T08:48:26+00:00\",\"dateModified\":\"2024-04-15T08:48:26+00:00\",\"breadcrumb\":{\"@id\":\"https:\/\/gabonnouvellevision.com\/gnv\/2024\/04\/15\/leducation-chretienne-face-a-lecole-laique-obligatoire\/#breadcrumb\"},\"inLanguage\":\"fr-FR\",\"potentialAction\":[{\"@type\":\"ReadAction\",\"target\":[\"https:\/\/gabonnouvellevision.com\/gnv\/2024\/04\/15\/leducation-chretienne-face-a-lecole-laique-obligatoire\/\"]}]},{\"@type\":\"ImageObject\",\"inLanguage\":\"fr-FR\",\"@id\":\"https:\/\/gabonnouvellevision.com\/gnv\/2024\/04\/15\/leducation-chretienne-face-a-lecole-laique-obligatoire\/#primaryimage\",\"url\":\"https:\/\/gabonnouvellevision.com\/gnv\/wp-content\/uploads\/2024\/04\/432340170_3575172709411035_2803191758315765842_n-2.jpg\",\"contentUrl\":\"https:\/\/gabonnouvellevision.com\/gnv\/wp-content\/uploads\/2024\/04\/432340170_3575172709411035_2803191758315765842_n-2.jpg\",\"width\":526,\"height\":580},{\"@type\":\"BreadcrumbList\",\"@id\":\"https:\/\/gabonnouvellevision.com\/gnv\/2024\/04\/15\/leducation-chretienne-face-a-lecole-laique-obligatoire\/#breadcrumb\",\"itemListElement\":[{\"@type\":\"ListItem\",\"position\":1,\"name\":\"Accueil\",\"item\":\"https:\/\/gabonnouvellevision.com\/gnv\/\"},{\"@type\":\"ListItem\",\"position\":2,\"name\":\"L&rsquo;\u00e9ducation chr\u00e9tienne face \u00e0 l&rsquo;\u00e9cole la\u00efque obligatoire\"}]},{\"@type\":\"WebSite\",\"@id\":\"https:\/\/gabonnouvellevision.com\/gnv\/#website\",\"url\":\"https:\/\/gabonnouvellevision.com\/gnv\/\",\"name\":\"Gabon Nouvelle Vision\",\"description\":\"\",\"publisher\":{\"@id\":\"https:\/\/gabonnouvellevision.com\/gnv\/#organization\"},\"potentialAction\":[{\"@type\":\"SearchAction\",\"target\":{\"@type\":\"EntryPoint\",\"urlTemplate\":\"https:\/\/gabonnouvellevision.com\/gnv\/?s={search_term_string}\"},\"query-input\":{\"@type\":\"PropertyValueSpecification\",\"valueRequired\":true,\"valueName\":\"search_term_string\"}}],\"inLanguage\":\"fr-FR\"},{\"@type\":\"Organization\",\"@id\":\"https:\/\/gabonnouvellevision.com\/gnv\/#organization\",\"name\":\"Gabon Nouvelle Vision\",\"url\":\"https:\/\/gabonnouvellevision.com\/gnv\/\",\"logo\":{\"@type\":\"ImageObject\",\"inLanguage\":\"fr-FR\",\"@id\":\"https:\/\/gabonnouvellevision.com\/gnv\/#\/schema\/logo\/image\/\",\"url\":\"https:\/\/gabonnouvellevision.com\/gnv\/wp-content\/uploads\/2025\/01\/logo-text_Plan-de-travail-1.png\",\"contentUrl\":\"https:\/\/gabonnouvellevision.com\/gnv\/wp-content\/uploads\/2025\/01\/logo-text_Plan-de-travail-1.png\",\"width\":7169,\"height\":2390,\"caption\":\"Gabon Nouvelle Vision\"},\"image\":{\"@id\":\"https:\/\/gabonnouvellevision.com\/gnv\/#\/schema\/logo\/image\/\"},\"sameAs\":[\"https:\/\/www.facebook.com\/GNVofficiel\"]},{\"@type\":\"Person\",\"@id\":\"https:\/\/gabonnouvellevision.com\/gnv\/#\/schema\/person\/4b48e07d222f83c0285affc3704bc899\",\"name\":\"Eyeng Obame\",\"image\":{\"@type\":\"ImageObject\",\"inLanguage\":\"fr-FR\",\"@id\":\"https:\/\/gabonnouvellevision.com\/gnv\/#\/schema\/person\/image\/\",\"url\":\"https:\/\/secure.gravatar.com\/avatar\/167bc03b8baf3c77318a47159f80871de6f5a6cbf4bc8b6af750fbc1a369d7bf?s=96&d=mm&r=g\",\"contentUrl\":\"https:\/\/secure.gravatar.com\/avatar\/167bc03b8baf3c77318a47159f80871de6f5a6cbf4bc8b6af750fbc1a369d7bf?s=96&d=mm&r=g\",\"caption\":\"Eyeng Obame\"},\"url\":\"https:\/\/gabonnouvellevision.com\/gnv\/author\/rufin\/\"}]}<\/script>\n<!-- \/ Yoast SEO plugin. -->","yoast_head_json":{"title":"L'\u00e9ducation chr\u00e9tienne face \u00e0 l'\u00e9cole la\u00efque obligatoire - Gabon Nouvelle Vision","robots":{"index":"index","follow":"follow","max-snippet":"max-snippet:-1","max-image-preview":"max-image-preview:large","max-video-preview":"max-video-preview:-1"},"canonical":"https:\/\/gabonnouvellevision.com\/gnv\/2024\/04\/15\/leducation-chretienne-face-a-lecole-laique-obligatoire\/","og_locale":"fr_FR","og_type":"article","og_title":"L'\u00e9ducation chr\u00e9tienne face \u00e0 l'\u00e9cole la\u00efque obligatoire - Gabon Nouvelle Vision","og_description":"Libre propos \u00a0Depuis le 2\u00e8me si\u00e8cle avec le P\u00e8re Justin, l&rsquo;on a focalis\u00e9 l&rsquo;\u00e9ducation chr\u00e9tienne pour former ceux qui avaient la charge d&rsquo;enseigner la Parole de Dieu et de la transmettre. D&rsquo;o\u00f9 l&rsquo;exigence d&rsquo;une discipline d&rsquo;\u00e9tude avec une habilitation dialectique pour r\u00e9futer les h\u00e9r\u00e9sies, puis de d\u00e9fense de la foi chr\u00e9tienne. Cette conception a \u00e9t\u00e9 [&hellip;]","og_url":"https:\/\/gabonnouvellevision.com\/gnv\/2024\/04\/15\/leducation-chretienne-face-a-lecole-laique-obligatoire\/","og_site_name":"Gabon Nouvelle Vision","article_publisher":"https:\/\/www.facebook.com\/GNVofficiel","article_published_time":"2024-04-15T08:48:26+00:00","og_image":[{"width":526,"height":580,"url":"https:\/\/gabonnouvellevision.com\/gnv\/wp-content\/uploads\/2024\/04\/432340170_3575172709411035_2803191758315765842_n-2.jpg","type":"image\/jpeg"}],"author":"Eyeng Obame","twitter_card":"summary_large_image","twitter_misc":{"\u00c9crit par":"Eyeng Obame","Dur\u00e9e de lecture estim\u00e9e":"4 minutes"},"schema":{"@context":"https:\/\/schema.org","@graph":[{"@type":"Article","@id":"https:\/\/gabonnouvellevision.com\/gnv\/2024\/04\/15\/leducation-chretienne-face-a-lecole-laique-obligatoire\/#article","isPartOf":{"@id":"https:\/\/gabonnouvellevision.com\/gnv\/2024\/04\/15\/leducation-chretienne-face-a-lecole-laique-obligatoire\/"},"author":{"name":"Eyeng Obame","@id":"https:\/\/gabonnouvellevision.com\/gnv\/#\/schema\/person\/4b48e07d222f83c0285affc3704bc899"},"headline":"L&rsquo;\u00e9ducation chr\u00e9tienne face \u00e0 l&rsquo;\u00e9cole la\u00efque obligatoire","datePublished":"2024-04-15T08:48:26+00:00","dateModified":"2024-04-15T08:48:26+00:00","mainEntityOfPage":{"@id":"https:\/\/gabonnouvellevision.com\/gnv\/2024\/04\/15\/leducation-chretienne-face-a-lecole-laique-obligatoire\/"},"wordCount":764,"commentCount":0,"publisher":{"@id":"https:\/\/gabonnouvellevision.com\/gnv\/#organization"},"image":{"@id":"https:\/\/gabonnouvellevision.com\/gnv\/2024\/04\/15\/leducation-chretienne-face-a-lecole-laique-obligatoire\/#primaryimage"},"thumbnailUrl":"https:\/\/gabonnouvellevision.com\/gnv\/wp-content\/uploads\/2024\/04\/432340170_3575172709411035_2803191758315765842_n-2.jpg","articleSection":["Religion"],"inLanguage":"fr-FR","potentialAction":[{"@type":"CommentAction","name":"Comment","target":["https:\/\/gabonnouvellevision.com\/gnv\/2024\/04\/15\/leducation-chretienne-face-a-lecole-laique-obligatoire\/#respond"]}]},{"@type":"WebPage","@id":"https:\/\/gabonnouvellevision.com\/gnv\/2024\/04\/15\/leducation-chretienne-face-a-lecole-laique-obligatoire\/","url":"https:\/\/gabonnouvellevision.com\/gnv\/2024\/04\/15\/leducation-chretienne-face-a-lecole-laique-obligatoire\/","name":"L'\u00e9ducation chr\u00e9tienne face \u00e0 l'\u00e9cole la\u00efque obligatoire - Gabon Nouvelle Vision","isPartOf":{"@id":"https:\/\/gabonnouvellevision.com\/gnv\/#website"},"primaryImageOfPage":{"@id":"https:\/\/gabonnouvellevision.com\/gnv\/2024\/04\/15\/leducation-chretienne-face-a-lecole-laique-obligatoire\/#primaryimage"},"image":{"@id":"https:\/\/gabonnouvellevision.com\/gnv\/2024\/04\/15\/leducation-chretienne-face-a-lecole-laique-obligatoire\/#primaryimage"},"thumbnailUrl":"https:\/\/gabonnouvellevision.com\/gnv\/wp-content\/uploads\/2024\/04\/432340170_3575172709411035_2803191758315765842_n-2.jpg","datePublished":"2024-04-15T08:48:26+00:00","dateModified":"2024-04-15T08:48:26+00:00","breadcrumb":{"@id":"https:\/\/gabonnouvellevision.com\/gnv\/2024\/04\/15\/leducation-chretienne-face-a-lecole-laique-obligatoire\/#breadcrumb"},"inLanguage":"fr-FR","potentialAction":[{"@type":"ReadAction","target":["https:\/\/gabonnouvellevision.com\/gnv\/2024\/04\/15\/leducation-chretienne-face-a-lecole-laique-obligatoire\/"]}]},{"@type":"ImageObject","inLanguage":"fr-FR","@id":"https:\/\/gabonnouvellevision.com\/gnv\/2024\/04\/15\/leducation-chretienne-face-a-lecole-laique-obligatoire\/#primaryimage","url":"https:\/\/gabonnouvellevision.com\/gnv\/wp-content\/uploads\/2024\/04\/432340170_3575172709411035_2803191758315765842_n-2.jpg","contentUrl":"https:\/\/gabonnouvellevision.com\/gnv\/wp-content\/uploads\/2024\/04\/432340170_3575172709411035_2803191758315765842_n-2.jpg","width":526,"height":580},{"@type":"BreadcrumbList","@id":"https:\/\/gabonnouvellevision.com\/gnv\/2024\/04\/15\/leducation-chretienne-face-a-lecole-laique-obligatoire\/#breadcrumb","itemListElement":[{"@type":"ListItem","position":1,"name":"Accueil","item":"https:\/\/gabonnouvellevision.com\/gnv\/"},{"@type":"ListItem","position":2,"name":"L&rsquo;\u00e9ducation chr\u00e9tienne face \u00e0 l&rsquo;\u00e9cole la\u00efque obligatoire"}]},{"@type":"WebSite","@id":"https:\/\/gabonnouvellevision.com\/gnv\/#website","url":"https:\/\/gabonnouvellevision.com\/gnv\/","name":"Gabon Nouvelle Vision","description":"","publisher":{"@id":"https:\/\/gabonnouvellevision.com\/gnv\/#organization"},"potentialAction":[{"@type":"SearchAction","target":{"@type":"EntryPoint","urlTemplate":"https:\/\/gabonnouvellevision.com\/gnv\/?s={search_term_string}"},"query-input":{"@type":"PropertyValueSpecification","valueRequired":true,"valueName":"search_term_string"}}],"inLanguage":"fr-FR"},{"@type":"Organization","@id":"https:\/\/gabonnouvellevision.com\/gnv\/#organization","name":"Gabon Nouvelle Vision","url":"https:\/\/gabonnouvellevision.com\/gnv\/","logo":{"@type":"ImageObject","inLanguage":"fr-FR","@id":"https:\/\/gabonnouvellevision.com\/gnv\/#\/schema\/logo\/image\/","url":"https:\/\/gabonnouvellevision.com\/gnv\/wp-content\/uploads\/2025\/01\/logo-text_Plan-de-travail-1.png","contentUrl":"https:\/\/gabonnouvellevision.com\/gnv\/wp-content\/uploads\/2025\/01\/logo-text_Plan-de-travail-1.png","width":7169,"height":2390,"caption":"Gabon Nouvelle Vision"},"image":{"@id":"https:\/\/gabonnouvellevision.com\/gnv\/#\/schema\/logo\/image\/"},"sameAs":["https:\/\/www.facebook.com\/GNVofficiel"]},{"@type":"Person","@id":"https:\/\/gabonnouvellevision.com\/gnv\/#\/schema\/person\/4b48e07d222f83c0285affc3704bc899","name":"Eyeng Obame","image":{"@type":"ImageObject","inLanguage":"fr-FR","@id":"https:\/\/gabonnouvellevision.com\/gnv\/#\/schema\/person\/image\/","url":"https:\/\/secure.gravatar.com\/avatar\/167bc03b8baf3c77318a47159f80871de6f5a6cbf4bc8b6af750fbc1a369d7bf?s=96&d=mm&r=g","contentUrl":"https:\/\/secure.gravatar.com\/avatar\/167bc03b8baf3c77318a47159f80871de6f5a6cbf4bc8b6af750fbc1a369d7bf?s=96&d=mm&r=g","caption":"Eyeng Obame"},"url":"https:\/\/gabonnouvellevision.com\/gnv\/author\/rufin\/"}]}},"_links":{"self":[{"href":"https:\/\/gabonnouvellevision.com\/gnv\/wp-json\/wp\/v2\/posts\/2856","targetHints":{"allow":["GET"]}}],"collection":[{"href":"https:\/\/gabonnouvellevision.com\/gnv\/wp-json\/wp\/v2\/posts"}],"about":[{"href":"https:\/\/gabonnouvellevision.com\/gnv\/wp-json\/wp\/v2\/types\/post"}],"author":[{"embeddable":true,"href":"https:\/\/gabonnouvellevision.com\/gnv\/wp-json\/wp\/v2\/users\/7"}],"replies":[{"embeddable":true,"href":"https:\/\/gabonnouvellevision.com\/gnv\/wp-json\/wp\/v2\/comments?post=2856"}],"version-history":[{"count":0,"href":"https:\/\/gabonnouvellevision.com\/gnv\/wp-json\/wp\/v2\/posts\/2856\/revisions"}],"wp:featuredmedia":[{"embeddable":true,"href":"https:\/\/gabonnouvellevision.com\/gnv\/wp-json\/wp\/v2\/media\/2858"}],"wp:attachment":[{"href":"https:\/\/gabonnouvellevision.com\/gnv\/wp-json\/wp\/v2\/media?parent=2856"}],"wp:term":[{"taxonomy":"category","embeddable":true,"href":"https:\/\/gabonnouvellevision.com\/gnv\/wp-json\/wp\/v2\/categories?post=2856"},{"taxonomy":"post_tag","embeddable":true,"href":"https:\/\/gabonnouvellevision.com\/gnv\/wp-json\/wp\/v2\/tags?post=2856"}],"curies":[{"name":"wp","href":"https:\/\/api.w.org\/{rel}","templated":true}]}}