{"id":2548,"date":"2022-12-01T16:33:53","date_gmt":"2022-12-01T15:33:53","guid":{"rendered":"https:\/\/gabonnouvellevision.com\/gnv\/?p=2548"},"modified":"2022-12-01T16:33:53","modified_gmt":"2022-12-01T15:33:53","slug":"politique-12e-congres-ordinaire-du-pdg-branle-bas-dans-les-differents-etats-majors","status":"publish","type":"post","link":"https:\/\/gabonnouvellevision.com\/gnv\/2022\/12\/01\/politique-12e-congres-ordinaire-du-pdg-branle-bas-dans-les-differents-etats-majors\/","title":{"rendered":"<strong>Politique\/12\u00e8 congr\u00e8s ordinaire du PDG\/ Branle-bas dans les diff\u00e9rents \u00e9tats-majors<\/strong>"},"content":{"rendered":"\n<p><em>En pr\u00e9lude \u00e0 la tenue de son 12<sup>\u00e8me<\/sup> congr\u00e8s ordinaire dit de la \u00ab&nbsp;renaissance pour un PDG uni et solidaire&nbsp;\u00bb pr\u00e9vu les 23 et 24 d\u00e9cembre 2022 \u00e0 Libreville, les diff\u00e9rents \u00e9tats-majors de cette formation politique sont en \u00e9bullition, chacun voulant d\u00e9montrer son militantisme, sa fid\u00e9lit\u00e9 et aussi sa vitalit\u00e9 au Distingu\u00e9 Camarade Pr\u00e9sident (DCP) Ali BONGO ONDIMBA.<\/em><\/p>\n\n\n\n<p>Ce qui n\u2019\u00e9tait encore qu\u2019une simple rumeur, il y a peu, est devenue r\u00e9alit\u00e9 depuis l\u2019annonce de ces assises. Le 12\u00e8 congr\u00e8s ordinaire du Parti D\u00e9mocratique Gabonais (PDG) se tiendra bel et bien en fin d\u2019ann\u00e9e en cours. Cependant, la fr\u00e9n\u00e9sie qui anime plusieurs hauts cadres de cette famille politique augure de chaudes empoignades entre, d\u2019une part, ceux qui se croient l\u00e9gataires du PDG, ceux qui sont pour la r\u00e9novation en profondeur et, enfin, un grand nombre de militants qui pensent qu\u2019avec la tenue de ces assises, l\u2019heure des r\u00e8glements de comptes a sonn\u00e9 pour eux qui sont souvent des laiss\u00e9s-pour-compte. Ils entendent ainsi se faire remarquer du DCP et se donner un regain de vigueur politique.<\/p>\n\n\n\n<p>Une t\u00e2che, au demeurant, ardue pour le tout nouveau Secr\u00e9taire G\u00e9n\u00e9ral du parti, Steeve Nzegho Dieko , d\u00e9sormais oblig\u00e9 d\u2019abord d\u2019att\u00e9nuer les ardeurs des uns et des autres&nbsp; avant de proposer quelque chose de plus digeste au DCP. La seule \u00e9vocation du th\u00e8me du congr\u00e8s \u00e0 savoir :&nbsp;\u00ab&nbsp;<strong>la renaissance pour un PDG uni et solidaire<\/strong>&nbsp;\u00bb prouve \u00e0 suffisance le malaise latent ou simplement le feu qui couve dans la marmite PDG. Alors que dans l\u2019un des couplets de son hymne, l\u2019on \u00e9voque le th\u00e8me \u00ab&nbsp;<strong><em>Changeons de mentalit\u00e9s<\/em><\/strong>&nbsp;\u00bb, il faut savoir, surtout se poser la question sur la nature de mentalit\u00e9s \u00e0 changer.<\/p>\n\n\n\n<p>Si par ailleurs, le DCP, avant de convoquer ce congr\u00e8s, a constat\u00e9 quelques failles et des blessures b\u00e9antes dans le dispositif fonctionnel du PDG, alors, on devrait s\u2019attendre \u00e0 ce que le v\u00e9ritable linge sale se lave en famille, si l\u2019on veut v\u00e9ritablement aborder les prochaines \u00e9ch\u00e9ances \u00e9lectorales avec s\u00e9r\u00e9nit\u00e9. D\u2019ailleurs, les conseils provinciaux se tiennent quant \u00e0 elles les 3 et 4 d\u00e9cembre 2022 sur l\u2019ensemble des 9 provinces du Gabon.<\/p>\n\n\n\n<p><strong>J.M<\/strong><\/p>\n","protected":false},"excerpt":{"rendered":"<p>En pr\u00e9lude \u00e0 la tenue de son 12\u00e8me congr\u00e8s ordinaire dit de la \u00ab&nbsp;renaissance pour un PDG uni et solidaire&nbsp;\u00bb pr\u00e9vu les 23 et 24 d\u00e9cembre 2022 \u00e0 Libreville, les diff\u00e9rents \u00e9tats-majors de cette formation politique sont en \u00e9bullition, chacun voulant d\u00e9montrer son militantisme, sa fid\u00e9lit\u00e9 et aussi sa vitalit\u00e9 au Distingu\u00e9 Camarade Pr\u00e9sident (DCP) [&hellip;]<\/p>\n","protected":false},"author":5,"featured_media":2550,"comment_status":"open","ping_status":"open","sticky":false,"template":"","format":"standard","meta":{"footnotes":""},"categories":[59],"tags":[],"class_list":["post-2548","post","type-post","status-publish","format-standard","has-post-thumbnail","hentry","category-politique"],"yoast_head":"<!-- This site is optimized with the Yoast SEO plugin v24.2 - https:\/\/yoast.com\/wordpress\/plugins\/seo\/ -->\n<title>Politique\/12\u00e8 congr\u00e8s ordinaire du PDG\/ Branle-bas dans les diff\u00e9rents \u00e9tats-majors - Gabon Nouvelle Vision<\/title>\n<meta name=\"robots\" content=\"index, follow, max-snippet:-1, max-image-preview:large, max-video-preview:-1\" \/>\n<link rel=\"canonical\" href=\"https:\/\/gabonnouvellevision.com\/gnv\/2022\/12\/01\/politique-12e-congres-ordinaire-du-pdg-branle-bas-dans-les-differents-etats-majors\/\" \/>\n<meta property=\"og:locale\" content=\"fr_FR\" \/>\n<meta property=\"og:type\" content=\"article\" \/>\n<meta property=\"og:title\" content=\"Politique\/12\u00e8 congr\u00e8s ordinaire du PDG\/ Branle-bas dans les diff\u00e9rents \u00e9tats-majors - Gabon Nouvelle Vision\" \/>\n<meta property=\"og:description\" content=\"En pr\u00e9lude \u00e0 la tenue de son 12\u00e8me congr\u00e8s ordinaire dit de la \u00ab&nbsp;renaissance pour un PDG uni et solidaire&nbsp;\u00bb pr\u00e9vu les 23 et 24 d\u00e9cembre 2022 \u00e0 Libreville, les diff\u00e9rents \u00e9tats-majors de cette formation politique sont en \u00e9bullition, chacun voulant d\u00e9montrer son militantisme, sa fid\u00e9lit\u00e9 et aussi sa vitalit\u00e9 au Distingu\u00e9 Camarade Pr\u00e9sident (DCP) [&hellip;]\" \/>\n<meta property=\"og:url\" content=\"https:\/\/gabonnouvellevision.com\/gnv\/2022\/12\/01\/politique-12e-congres-ordinaire-du-pdg-branle-bas-dans-les-differents-etats-majors\/\" \/>\n<meta property=\"og:site_name\" content=\"Gabon Nouvelle Vision\" \/>\n<meta property=\"article:publisher\" content=\"https:\/\/www.facebook.com\/GNVofficiel\" \/>\n<meta property=\"article:published_time\" content=\"2022-12-01T15:33:53+00:00\" \/>\n<meta property=\"og:image\" content=\"https:\/\/gabonnouvellevision.com\/gnv\/wp-content\/uploads\/2022\/12\/PDG.jpeg\" \/>\n\t<meta property=\"og:image:width\" content=\"640\" \/>\n\t<meta property=\"og:image:height\" content=\"414\" \/>\n\t<meta property=\"og:image:type\" content=\"image\/jpeg\" \/>\n<meta name=\"author\" content=\"Junior MBOULET\" \/>\n<meta name=\"twitter:card\" content=\"summary_large_image\" \/>\n<meta name=\"twitter:label1\" content=\"\u00c9crit par\" \/>\n\t<meta name=\"twitter:data1\" content=\"Junior MBOULET\" \/>\n\t<meta name=\"twitter:label2\" content=\"Dur\u00e9e de lecture estim\u00e9e\" \/>\n\t<meta name=\"twitter:data2\" content=\"2 minutes\" \/>\n<script type=\"application\/ld+json\" class=\"yoast-schema-graph\">{\"@context\":\"https:\/\/schema.org\",\"@graph\":[{\"@type\":\"Article\",\"@id\":\"https:\/\/gabonnouvellevision.com\/gnv\/2022\/12\/01\/politique-12e-congres-ordinaire-du-pdg-branle-bas-dans-les-differents-etats-majors\/#article\",\"isPartOf\":{\"@id\":\"https:\/\/gabonnouvellevision.com\/gnv\/2022\/12\/01\/politique-12e-congres-ordinaire-du-pdg-branle-bas-dans-les-differents-etats-majors\/\"},\"author\":{\"name\":\"Junior MBOULET\",\"@id\":\"https:\/\/gabonnouvellevision.com\/gnv\/#\/schema\/person\/747bfb82bd833fb5a5a49e7c5031633d\"},\"headline\":\"Politique\/12\u00e8 congr\u00e8s ordinaire du PDG\/ Branle-bas dans les diff\u00e9rents \u00e9tats-majors\",\"datePublished\":\"2022-12-01T15:33:53+00:00\",\"dateModified\":\"2022-12-01T15:33:53+00:00\",\"mainEntityOfPage\":{\"@id\":\"https:\/\/gabonnouvellevision.com\/gnv\/2022\/12\/01\/politique-12e-congres-ordinaire-du-pdg-branle-bas-dans-les-differents-etats-majors\/\"},\"wordCount\":407,\"commentCount\":0,\"publisher\":{\"@id\":\"https:\/\/gabonnouvellevision.com\/gnv\/#organization\"},\"image\":{\"@id\":\"https:\/\/gabonnouvellevision.com\/gnv\/2022\/12\/01\/politique-12e-congres-ordinaire-du-pdg-branle-bas-dans-les-differents-etats-majors\/#primaryimage\"},\"thumbnailUrl\":\"https:\/\/gabonnouvellevision.com\/gnv\/wp-content\/uploads\/2022\/12\/PDG.jpeg\",\"articleSection\":[\"Politique\"],\"inLanguage\":\"fr-FR\",\"potentialAction\":[{\"@type\":\"CommentAction\",\"name\":\"Comment\",\"target\":[\"https:\/\/gabonnouvellevision.com\/gnv\/2022\/12\/01\/politique-12e-congres-ordinaire-du-pdg-branle-bas-dans-les-differents-etats-majors\/#respond\"]}]},{\"@type\":\"WebPage\",\"@id\":\"https:\/\/gabonnouvellevision.com\/gnv\/2022\/12\/01\/politique-12e-congres-ordinaire-du-pdg-branle-bas-dans-les-differents-etats-majors\/\",\"url\":\"https:\/\/gabonnouvellevision.com\/gnv\/2022\/12\/01\/politique-12e-congres-ordinaire-du-pdg-branle-bas-dans-les-differents-etats-majors\/\",\"name\":\"Politique\/12\u00e8 congr\u00e8s ordinaire du PDG\/ Branle-bas dans les diff\u00e9rents \u00e9tats-majors - Gabon Nouvelle Vision\",\"isPartOf\":{\"@id\":\"https:\/\/gabonnouvellevision.com\/gnv\/#website\"},\"primaryImageOfPage\":{\"@id\":\"https:\/\/gabonnouvellevision.com\/gnv\/2022\/12\/01\/politique-12e-congres-ordinaire-du-pdg-branle-bas-dans-les-differents-etats-majors\/#primaryimage\"},\"image\":{\"@id\":\"https:\/\/gabonnouvellevision.com\/gnv\/2022\/12\/01\/politique-12e-congres-ordinaire-du-pdg-branle-bas-dans-les-differents-etats-majors\/#primaryimage\"},\"thumbnailUrl\":\"https:\/\/gabonnouvellevision.com\/gnv\/wp-content\/uploads\/2022\/12\/PDG.jpeg\",\"datePublished\":\"2022-12-01T15:33:53+00:00\",\"dateModified\":\"2022-12-01T15:33:53+00:00\",\"breadcrumb\":{\"@id\":\"https:\/\/gabonnouvellevision.com\/gnv\/2022\/12\/01\/politique-12e-congres-ordinaire-du-pdg-branle-bas-dans-les-differents-etats-majors\/#breadcrumb\"},\"inLanguage\":\"fr-FR\",\"potentialAction\":[{\"@type\":\"ReadAction\",\"target\":[\"https:\/\/gabonnouvellevision.com\/gnv\/2022\/12\/01\/politique-12e-congres-ordinaire-du-pdg-branle-bas-dans-les-differents-etats-majors\/\"]}]},{\"@type\":\"ImageObject\",\"inLanguage\":\"fr-FR\",\"@id\":\"https:\/\/gabonnouvellevision.com\/gnv\/2022\/12\/01\/politique-12e-congres-ordinaire-du-pdg-branle-bas-dans-les-differents-etats-majors\/#primaryimage\",\"url\":\"https:\/\/gabonnouvellevision.com\/gnv\/wp-content\/uploads\/2022\/12\/PDG.jpeg\",\"contentUrl\":\"https:\/\/gabonnouvellevision.com\/gnv\/wp-content\/uploads\/2022\/12\/PDG.jpeg\",\"width\":640,\"height\":414},{\"@type\":\"BreadcrumbList\",\"@id\":\"https:\/\/gabonnouvellevision.com\/gnv\/2022\/12\/01\/politique-12e-congres-ordinaire-du-pdg-branle-bas-dans-les-differents-etats-majors\/#breadcrumb\",\"itemListElement\":[{\"@type\":\"ListItem\",\"position\":1,\"name\":\"Accueil\",\"item\":\"https:\/\/gabonnouvellevision.com\/gnv\/\"},{\"@type\":\"ListItem\",\"position\":2,\"name\":\"Politique\/12\u00e8 congr\u00e8s ordinaire du PDG\/ Branle-bas dans les diff\u00e9rents \u00e9tats-majors\"}]},{\"@type\":\"WebSite\",\"@id\":\"https:\/\/gabonnouvellevision.com\/gnv\/#website\",\"url\":\"https:\/\/gabonnouvellevision.com\/gnv\/\",\"name\":\"Gabon Nouvelle Vision\",\"description\":\"\",\"publisher\":{\"@id\":\"https:\/\/gabonnouvellevision.com\/gnv\/#organization\"},\"potentialAction\":[{\"@type\":\"SearchAction\",\"target\":{\"@type\":\"EntryPoint\",\"urlTemplate\":\"https:\/\/gabonnouvellevision.com\/gnv\/?s={search_term_string}\"},\"query-input\":{\"@type\":\"PropertyValueSpecification\",\"valueRequired\":true,\"valueName\":\"search_term_string\"}}],\"inLanguage\":\"fr-FR\"},{\"@type\":\"Organization\",\"@id\":\"https:\/\/gabonnouvellevision.com\/gnv\/#organization\",\"name\":\"Gabon Nouvelle Vision\",\"url\":\"https:\/\/gabonnouvellevision.com\/gnv\/\",\"logo\":{\"@type\":\"ImageObject\",\"inLanguage\":\"fr-FR\",\"@id\":\"https:\/\/gabonnouvellevision.com\/gnv\/#\/schema\/logo\/image\/\",\"url\":\"https:\/\/gabonnouvellevision.com\/gnv\/wp-content\/uploads\/2025\/01\/logo-text_Plan-de-travail-1.png\",\"contentUrl\":\"https:\/\/gabonnouvellevision.com\/gnv\/wp-content\/uploads\/2025\/01\/logo-text_Plan-de-travail-1.png\",\"width\":7169,\"height\":2390,\"caption\":\"Gabon Nouvelle Vision\"},\"image\":{\"@id\":\"https:\/\/gabonnouvellevision.com\/gnv\/#\/schema\/logo\/image\/\"},\"sameAs\":[\"https:\/\/www.facebook.com\/GNVofficiel\"]},{\"@type\":\"Person\",\"@id\":\"https:\/\/gabonnouvellevision.com\/gnv\/#\/schema\/person\/747bfb82bd833fb5a5a49e7c5031633d\",\"name\":\"Junior MBOULET\",\"image\":{\"@type\":\"ImageObject\",\"inLanguage\":\"fr-FR\",\"@id\":\"https:\/\/gabonnouvellevision.com\/gnv\/#\/schema\/person\/image\/\",\"url\":\"https:\/\/secure.gravatar.com\/avatar\/b541278a71f2f5c40b38fff4c93c15b82cf168df8b47ea9d9e97c9c9c716c6f0?s=96&d=mm&r=g\",\"contentUrl\":\"https:\/\/secure.gravatar.com\/avatar\/b541278a71f2f5c40b38fff4c93c15b82cf168df8b47ea9d9e97c9c9c716c6f0?s=96&d=mm&r=g\",\"caption\":\"Junior MBOULET\"},\"url\":\"https:\/\/gabonnouvellevision.com\/gnv\/author\/junior\/\"}]}<\/script>\n<!-- \/ Yoast SEO plugin. -->","yoast_head_json":{"title":"Politique\/12\u00e8 congr\u00e8s ordinaire du PDG\/ Branle-bas dans les diff\u00e9rents \u00e9tats-majors - Gabon Nouvelle Vision","robots":{"index":"index","follow":"follow","max-snippet":"max-snippet:-1","max-image-preview":"max-image-preview:large","max-video-preview":"max-video-preview:-1"},"canonical":"https:\/\/gabonnouvellevision.com\/gnv\/2022\/12\/01\/politique-12e-congres-ordinaire-du-pdg-branle-bas-dans-les-differents-etats-majors\/","og_locale":"fr_FR","og_type":"article","og_title":"Politique\/12\u00e8 congr\u00e8s ordinaire du PDG\/ Branle-bas dans les diff\u00e9rents \u00e9tats-majors - Gabon Nouvelle Vision","og_description":"En pr\u00e9lude \u00e0 la tenue de son 12\u00e8me congr\u00e8s ordinaire dit de la \u00ab&nbsp;renaissance pour un PDG uni et solidaire&nbsp;\u00bb pr\u00e9vu les 23 et 24 d\u00e9cembre 2022 \u00e0 Libreville, les diff\u00e9rents \u00e9tats-majors de cette formation politique sont en \u00e9bullition, chacun voulant d\u00e9montrer son militantisme, sa fid\u00e9lit\u00e9 et aussi sa vitalit\u00e9 au Distingu\u00e9 Camarade Pr\u00e9sident (DCP) [&hellip;]","og_url":"https:\/\/gabonnouvellevision.com\/gnv\/2022\/12\/01\/politique-12e-congres-ordinaire-du-pdg-branle-bas-dans-les-differents-etats-majors\/","og_site_name":"Gabon Nouvelle Vision","article_publisher":"https:\/\/www.facebook.com\/GNVofficiel","article_published_time":"2022-12-01T15:33:53+00:00","og_image":[{"width":640,"height":414,"url":"https:\/\/gabonnouvellevision.com\/gnv\/wp-content\/uploads\/2022\/12\/PDG.jpeg","type":"image\/jpeg"}],"author":"Junior MBOULET","twitter_card":"summary_large_image","twitter_misc":{"\u00c9crit par":"Junior MBOULET","Dur\u00e9e de lecture estim\u00e9e":"2 minutes"},"schema":{"@context":"https:\/\/schema.org","@graph":[{"@type":"Article","@id":"https:\/\/gabonnouvellevision.com\/gnv\/2022\/12\/01\/politique-12e-congres-ordinaire-du-pdg-branle-bas-dans-les-differents-etats-majors\/#article","isPartOf":{"@id":"https:\/\/gabonnouvellevision.com\/gnv\/2022\/12\/01\/politique-12e-congres-ordinaire-du-pdg-branle-bas-dans-les-differents-etats-majors\/"},"author":{"name":"Junior MBOULET","@id":"https:\/\/gabonnouvellevision.com\/gnv\/#\/schema\/person\/747bfb82bd833fb5a5a49e7c5031633d"},"headline":"Politique\/12\u00e8 congr\u00e8s ordinaire du PDG\/ Branle-bas dans les diff\u00e9rents \u00e9tats-majors","datePublished":"2022-12-01T15:33:53+00:00","dateModified":"2022-12-01T15:33:53+00:00","mainEntityOfPage":{"@id":"https:\/\/gabonnouvellevision.com\/gnv\/2022\/12\/01\/politique-12e-congres-ordinaire-du-pdg-branle-bas-dans-les-differents-etats-majors\/"},"wordCount":407,"commentCount":0,"publisher":{"@id":"https:\/\/gabonnouvellevision.com\/gnv\/#organization"},"image":{"@id":"https:\/\/gabonnouvellevision.com\/gnv\/2022\/12\/01\/politique-12e-congres-ordinaire-du-pdg-branle-bas-dans-les-differents-etats-majors\/#primaryimage"},"thumbnailUrl":"https:\/\/gabonnouvellevision.com\/gnv\/wp-content\/uploads\/2022\/12\/PDG.jpeg","articleSection":["Politique"],"inLanguage":"fr-FR","potentialAction":[{"@type":"CommentAction","name":"Comment","target":["https:\/\/gabonnouvellevision.com\/gnv\/2022\/12\/01\/politique-12e-congres-ordinaire-du-pdg-branle-bas-dans-les-differents-etats-majors\/#respond"]}]},{"@type":"WebPage","@id":"https:\/\/gabonnouvellevision.com\/gnv\/2022\/12\/01\/politique-12e-congres-ordinaire-du-pdg-branle-bas-dans-les-differents-etats-majors\/","url":"https:\/\/gabonnouvellevision.com\/gnv\/2022\/12\/01\/politique-12e-congres-ordinaire-du-pdg-branle-bas-dans-les-differents-etats-majors\/","name":"Politique\/12\u00e8 congr\u00e8s ordinaire du PDG\/ Branle-bas dans les diff\u00e9rents \u00e9tats-majors - Gabon Nouvelle Vision","isPartOf":{"@id":"https:\/\/gabonnouvellevision.com\/gnv\/#website"},"primaryImageOfPage":{"@id":"https:\/\/gabonnouvellevision.com\/gnv\/2022\/12\/01\/politique-12e-congres-ordinaire-du-pdg-branle-bas-dans-les-differents-etats-majors\/#primaryimage"},"image":{"@id":"https:\/\/gabonnouvellevision.com\/gnv\/2022\/12\/01\/politique-12e-congres-ordinaire-du-pdg-branle-bas-dans-les-differents-etats-majors\/#primaryimage"},"thumbnailUrl":"https:\/\/gabonnouvellevision.com\/gnv\/wp-content\/uploads\/2022\/12\/PDG.jpeg","datePublished":"2022-12-01T15:33:53+00:00","dateModified":"2022-12-01T15:33:53+00:00","breadcrumb":{"@id":"https:\/\/gabonnouvellevision.com\/gnv\/2022\/12\/01\/politique-12e-congres-ordinaire-du-pdg-branle-bas-dans-les-differents-etats-majors\/#breadcrumb"},"inLanguage":"fr-FR","potentialAction":[{"@type":"ReadAction","target":["https:\/\/gabonnouvellevision.com\/gnv\/2022\/12\/01\/politique-12e-congres-ordinaire-du-pdg-branle-bas-dans-les-differents-etats-majors\/"]}]},{"@type":"ImageObject","inLanguage":"fr-FR","@id":"https:\/\/gabonnouvellevision.com\/gnv\/2022\/12\/01\/politique-12e-congres-ordinaire-du-pdg-branle-bas-dans-les-differents-etats-majors\/#primaryimage","url":"https:\/\/gabonnouvellevision.com\/gnv\/wp-content\/uploads\/2022\/12\/PDG.jpeg","contentUrl":"https:\/\/gabonnouvellevision.com\/gnv\/wp-content\/uploads\/2022\/12\/PDG.jpeg","width":640,"height":414},{"@type":"BreadcrumbList","@id":"https:\/\/gabonnouvellevision.com\/gnv\/2022\/12\/01\/politique-12e-congres-ordinaire-du-pdg-branle-bas-dans-les-differents-etats-majors\/#breadcrumb","itemListElement":[{"@type":"ListItem","position":1,"name":"Accueil","item":"https:\/\/gabonnouvellevision.com\/gnv\/"},{"@type":"ListItem","position":2,"name":"Politique\/12\u00e8 congr\u00e8s ordinaire du PDG\/ Branle-bas dans les diff\u00e9rents \u00e9tats-majors"}]},{"@type":"WebSite","@id":"https:\/\/gabonnouvellevision.com\/gnv\/#website","url":"https:\/\/gabonnouvellevision.com\/gnv\/","name":"Gabon Nouvelle Vision","description":"","publisher":{"@id":"https:\/\/gabonnouvellevision.com\/gnv\/#organization"},"potentialAction":[{"@type":"SearchAction","target":{"@type":"EntryPoint","urlTemplate":"https:\/\/gabonnouvellevision.com\/gnv\/?s={search_term_string}"},"query-input":{"@type":"PropertyValueSpecification","valueRequired":true,"valueName":"search_term_string"}}],"inLanguage":"fr-FR"},{"@type":"Organization","@id":"https:\/\/gabonnouvellevision.com\/gnv\/#organization","name":"Gabon Nouvelle Vision","url":"https:\/\/gabonnouvellevision.com\/gnv\/","logo":{"@type":"ImageObject","inLanguage":"fr-FR","@id":"https:\/\/gabonnouvellevision.com\/gnv\/#\/schema\/logo\/image\/","url":"https:\/\/gabonnouvellevision.com\/gnv\/wp-content\/uploads\/2025\/01\/logo-text_Plan-de-travail-1.png","contentUrl":"https:\/\/gabonnouvellevision.com\/gnv\/wp-content\/uploads\/2025\/01\/logo-text_Plan-de-travail-1.png","width":7169,"height":2390,"caption":"Gabon Nouvelle Vision"},"image":{"@id":"https:\/\/gabonnouvellevision.com\/gnv\/#\/schema\/logo\/image\/"},"sameAs":["https:\/\/www.facebook.com\/GNVofficiel"]},{"@type":"Person","@id":"https:\/\/gabonnouvellevision.com\/gnv\/#\/schema\/person\/747bfb82bd833fb5a5a49e7c5031633d","name":"Junior MBOULET","image":{"@type":"ImageObject","inLanguage":"fr-FR","@id":"https:\/\/gabonnouvellevision.com\/gnv\/#\/schema\/person\/image\/","url":"https:\/\/secure.gravatar.com\/avatar\/b541278a71f2f5c40b38fff4c93c15b82cf168df8b47ea9d9e97c9c9c716c6f0?s=96&d=mm&r=g","contentUrl":"https:\/\/secure.gravatar.com\/avatar\/b541278a71f2f5c40b38fff4c93c15b82cf168df8b47ea9d9e97c9c9c716c6f0?s=96&d=mm&r=g","caption":"Junior MBOULET"},"url":"https:\/\/gabonnouvellevision.com\/gnv\/author\/junior\/"}]}},"_links":{"self":[{"href":"https:\/\/gabonnouvellevision.com\/gnv\/wp-json\/wp\/v2\/posts\/2548","targetHints":{"allow":["GET"]}}],"collection":[{"href":"https:\/\/gabonnouvellevision.com\/gnv\/wp-json\/wp\/v2\/posts"}],"about":[{"href":"https:\/\/gabonnouvellevision.com\/gnv\/wp-json\/wp\/v2\/types\/post"}],"author":[{"embeddable":true,"href":"https:\/\/gabonnouvellevision.com\/gnv\/wp-json\/wp\/v2\/users\/5"}],"replies":[{"embeddable":true,"href":"https:\/\/gabonnouvellevision.com\/gnv\/wp-json\/wp\/v2\/comments?post=2548"}],"version-history":[{"count":0,"href":"https:\/\/gabonnouvellevision.com\/gnv\/wp-json\/wp\/v2\/posts\/2548\/revisions"}],"wp:featuredmedia":[{"embeddable":true,"href":"https:\/\/gabonnouvellevision.com\/gnv\/wp-json\/wp\/v2\/media\/2550"}],"wp:attachment":[{"href":"https:\/\/gabonnouvellevision.com\/gnv\/wp-json\/wp\/v2\/media?parent=2548"}],"wp:term":[{"taxonomy":"category","embeddable":true,"href":"https:\/\/gabonnouvellevision.com\/gnv\/wp-json\/wp\/v2\/categories?post=2548"},{"taxonomy":"post_tag","embeddable":true,"href":"https:\/\/gabonnouvellevision.com\/gnv\/wp-json\/wp\/v2\/tags?post=2548"}],"curies":[{"name":"wp","href":"https:\/\/api.w.org\/{rel}","templated":true}]}}