{"id":24292,"date":"2026-01-06T09:16:28","date_gmt":"2026-01-06T08:16:28","guid":{"rendered":"https:\/\/gabonnouvellevision.com\/gnv\/?p=24292"},"modified":"2026-01-06T09:16:29","modified_gmt":"2026-01-06T08:16:29","slug":"communique-final-du-conseil-des-ministres-du-05-janvier-2026","status":"publish","type":"post","link":"https:\/\/gabonnouvellevision.com\/gnv\/2026\/01\/06\/communique-final-du-conseil-des-ministres-du-05-janvier-2026\/","title":{"rendered":"Communiqu\u00e9 final du Conseil des Ministres du 05 janvier 2026"},"content":{"rendered":"\n<p><strong>Sous la Tr\u00e8s Haute Pr\u00e9sidence de Son Excellence Brice Clotaire&nbsp; OLIGUI NGUEMA, Pr\u00e9sident de la R\u00e9publique, Chef de l\u2019\u00c9tat, Chef du&nbsp; Gouvernement, le Conseil des Ministres s\u2019est r\u00e9uni le lundi 5 janvier&nbsp; 2026 \u00e0 12 heures 30, au Palais de la Pr\u00e9sidence de la R\u00e9publique.&nbsp;<\/strong><\/p>\n\n\n\n<p>\u00c0 l\u2019ouverture des travaux, le Pr\u00e9sident de la R\u00e9publique a f\u00e9licit\u00e9&nbsp; les personnalit\u00e9s promues au sein de l\u2019Ex\u00e9cutif le 1er janvier 2026, \u00e0&nbsp; savoir,&nbsp;<strong>le Vice-Pr\u00e9sident de la R\u00e9publique, le Vice-Pr\u00e9sident du&nbsp; Gouvernement, ainsi que l\u2019ensemble des membres du&nbsp; Gouvernement<\/strong>, qu\u2019ils soient nouvellement nomm\u00e9s ou reconduits dans&nbsp; leurs fonctions.&nbsp;<\/p>\n\n\n\n<p>Le Chef de l\u2019\u00c9tat a soulign\u00e9 que ce&nbsp;<strong>premier Conseil des&nbsp; Ministres&nbsp;<\/strong>marque l\u2019<strong>entr\u00e9e en responsabilit\u00e9 pleine et enti\u00e8re de&nbsp; l\u2019Ex\u00e9cutif de la V\u1d49 R\u00e9publique<\/strong>. Il a pr\u00e9cis\u00e9 qu\u2019il ne s\u2019agit ni d\u2019un&nbsp; moment protocolaire, ni d\u2019une formalit\u00e9 administrative, mais bien&nbsp; d\u2019un&nbsp;<strong>acte fondateur de m\u00e9thode, d\u2019exigence et de responsabilit\u00e9&nbsp; collective<\/strong>.&nbsp;<\/p>\n\n\n\n<p>Le Pr\u00e9sident de la R\u00e9publique a rappel\u00e9 avec force que le&nbsp;<strong>peuple&nbsp; gabonais attend d\u00e9sormais de ses gouvernants des r\u00e9sultats&nbsp; visibles, mesurables et durables<\/strong>. Il n\u2019attend plus des intentions, des&nbsp; discours ou des annonces sans suite, mais exige que&nbsp;<strong>l\u2019\u00c9tat fonctionne,&nbsp; d\u00e9cide, ex\u00e9cute et rende compte<\/strong>.&nbsp;<\/p>\n\n\n\n<p>\u00c0 cet \u00e9gard, le Chef de l\u2019\u00c9tat a indiqu\u00e9 que le&nbsp;<strong>Programme&nbsp; National de Croissance et de D\u00e9veloppement (PNCD)&nbsp;<\/strong>constitue&nbsp; d\u00e9sormais la&nbsp;<strong>boussole exclusive de l\u2019action gouvernementale<\/strong>, en&nbsp; parfaite coh\u00e9rence avec son projet de soci\u00e9t\u00e9 \u00ab&nbsp;<em>B\u00e2tissons l\u2019\u00e9difice&nbsp; nouveau<\/em>. \u00bb&nbsp;<\/p>\n\n\n\n<p>Il a pr\u00e9cis\u00e9 que ces documents ne sauraient \u00eatre assimil\u00e9s \u00e0 des&nbsp; d\u00e9clarations d\u2019intention ou \u00e0 des catalogues de promesses, mais qu\u2019ils&nbsp; constituent des&nbsp;<strong>feuilles de route imp\u00e9ratives et opposables<\/strong>,&nbsp; engageant&nbsp;<strong>personnellement et collectivement&nbsp;<\/strong>chaque membre du&nbsp; Gouvernement dans leur ex\u00e9cution.<\/p>\n\n\n\n<p>Ainsi, le Conseil a \u00e9cout\u00e9 avec une attention soutenue le Pr\u00e9sident&nbsp; de la R\u00e9publique, qui a pass\u00e9 en revue les dossiers et projets prioritaires&nbsp; relevant de chacun des d\u00e9partements minist\u00e9riels.&nbsp;&nbsp;<\/p>\n\n\n\n<p>\u00c0 cette occasion, le Chef de l\u2019\u00c9tat a insist\u00e9 sur la n\u00e9cessit\u00e9 de&nbsp; concentrer l\u2019action gouvernementale sur les probl\u00e9matiques qui&nbsp; affectent directement le quotidien des Gabonaises et des Gabonais,&nbsp; notamment le co\u00fbt et la performance des transports a\u00e9riens, la s\u00e9curit\u00e9&nbsp; et la tranquillit\u00e9 publique, les capacit\u00e9s d\u2019accueil et la qualit\u00e9 du&nbsp; syst\u00e8me \u00e9ducatif, ainsi que la persistance des difficult\u00e9s d\u2019acc\u00e8s \u00e0 l\u2019eau&nbsp; potable et \u00e0 l\u2019\u00e9nergie.&nbsp;<\/p>\n\n\n\n<p>Le Chef de l\u2019\u00c9tat a \u00e9galement rappel\u00e9 l\u2019importance d\u2019acc\u00e9l\u00e9rer le&nbsp; processus de d\u00e9centralisation afin de rapprocher l\u2019action publique des&nbsp; citoyens, tout en poursuivant r\u00e9solument la digitalisation de&nbsp; l\u2019administration, levier essentiel de modernisation, de transparence et&nbsp; d\u2019am\u00e9lioration de la qualit\u00e9 du service public. Il a par ailleurs soulign\u00e9 la&nbsp; n\u00e9cessit\u00e9 de lutter avec fermet\u00e9 contre toutes les formes de corruption,&nbsp; en particulier dans le secteur judiciaire, afin de restaurer la confiance&nbsp; des citoyens dans les institutions de la R\u00e9publique.&nbsp;<\/p>\n\n\n\n<p>Dans le m\u00eame esprit, le Chef de l\u2019\u00c9tat a appel\u00e9 \u00e0 une reprise en&nbsp; main effective et strat\u00e9gique de la gestion des ressources naturelles&nbsp; nationales, afin que leur exploitation b\u00e9n\u00e9ficie prioritairement aux&nbsp; Gabonaises et aux Gabonais et contribue durablement au&nbsp; d\u00e9veloppement \u00e9conomique et social du pays.&nbsp;&nbsp;<\/p>\n\n\n\n<p>Enfin, il a insist\u00e9 sur l\u2019obligation pour le Gouvernement d\u2019assurer&nbsp; une prise en charge juste, \u00e9quitable et cibl\u00e9e des populations les plus&nbsp; vuln\u00e9rables, dans un esprit de solidarit\u00e9 nationale et de justice sociale.&nbsp;<\/p>\n\n\n\n<p>Sur un plan m\u00e9thodologique, le Pr\u00e9sident de la R\u00e9publique a&nbsp; indiqu\u00e9 que l\u2019action gouvernementale reposera d\u00e9sormais sur&nbsp;<strong>trois&nbsp; piliers indissociables&nbsp;<\/strong>:&nbsp;<\/p>\n\n\n\n<p>1.&nbsp;<strong>Le pilotage strat\u00e9gique<\/strong>. Chaque ministre est responsable d\u2019un&nbsp; p\u00e9rim\u00e8tre clairement d\u00e9fini, d\u2019objectifs pr\u00e9cis et de livrables&nbsp; identifi\u00e9s. Il ne saurait y avoir ni chevauchement ni dilution des&nbsp; responsabilit\u00e9s. L\u2019\u00c9tat doit redevenir un&nbsp;<strong>\u00c9tat qui pilote, anticipe&nbsp; et arbitre<\/strong>, et non un \u00c9tat qui subit.<\/p>\n\n\n\n<p>2.&nbsp;<strong>La redevabilit\u00e9<\/strong>. La responsabilit\u00e9 minist\u00e9rielle ne se mesure pas \u00e0&nbsp; l\u2019activit\u00e9, mais aux&nbsp;<strong>r\u00e9sultats obtenus<\/strong>. Chaque membre du&nbsp; Gouvernement devra rendre compte, de mani\u00e8re r\u00e9guli\u00e8re,&nbsp; factuelle et sans complaisance, de l\u2019ex\u00e9cution des missions qui lui&nbsp; sont confi\u00e9es. La redevabilit\u00e9 n\u2019est pas une sanction, mais&nbsp; une&nbsp;<strong>obligation r\u00e9publicaine<\/strong>.&nbsp;<\/p>\n\n\n\n<p>3.&nbsp;<strong>La culture des r\u00e9sultats<\/strong>. Le Chef de l\u2019\u00c9tat a appel\u00e9 \u00e0 rompre&nbsp; d\u00e9finitivement avec la culture des moyens, des proc\u00e9dures sans&nbsp; fin et des d\u00e9lais non tenus. D\u00e9sormais, l\u2019action publique sera&nbsp; \u00e9valu\u00e9e \u00e0 l\u2019aune de son&nbsp;<strong>impact r\u00e9el sur la vie des populations<\/strong>,&nbsp; sur la production nationale, sur l\u2019emploi et sur la qualit\u00e9 des&nbsp; services publics.&nbsp;<\/p>\n\n\n\n<p>\u00c0 cette fin, le Pr\u00e9sident de la R\u00e9publique a exig\u00e9, dans chacune&nbsp; des&nbsp;<strong>lettres de mission&nbsp;<\/strong>distribu\u00e9es aux membres du Gouvernement, la&nbsp; mise en place d\u2019un&nbsp;<strong>dispositif commun, standardis\u00e9 et non&nbsp; n\u00e9gociable&nbsp;<\/strong>de pilotage de l\u2019action gouvernementale.&nbsp;<\/p>\n\n\n\n<p>Il a pr\u00e9cis\u00e9 que :&nbsp;<\/p>\n\n\n\n<p>\u2212&nbsp;<strong>sous trente (30) jours<\/strong>, chaque ministre devra transmettre&nbsp; une&nbsp;<strong>feuille de route des cent (100) jours<\/strong>, pr\u00e9cisant les priorit\u00e9s&nbsp; imm\u00e9diates, les actions \u00e0 engager, celles d\u00e9j\u00e0 lanc\u00e9es et leur&nbsp; niveau d\u2019ex\u00e9cution, les responsables d\u00e9sign\u00e9s ainsi que les&nbsp; r\u00e9sultats attendus ;&nbsp;<\/p>\n\n\n\n<p>\u2212&nbsp;<strong>sous soixante (60) jours<\/strong>, chaque ministre devra proposer&nbsp; un&nbsp;<strong>contrat de performance minist\u00e9riel<\/strong>, assorti d\u2019indicateurs&nbsp; clairs, mesurables et v\u00e9rifiables, strictement align\u00e9s sur le PNCD&nbsp; et les engagements pr\u00e9sidentiels ;&nbsp;<\/p>\n\n\n\n<p>\u2212&nbsp;<strong>de mani\u00e8re p\u00e9riodique<\/strong>, un&nbsp;<strong>rapport d\u2019ex\u00e9cution&nbsp;<\/strong>devra \u00eatre&nbsp; adress\u00e9 au&nbsp;<strong>Vice-Pr\u00e9sident de la R\u00e9publique&nbsp;<\/strong>et au&nbsp;<strong>Vice Pr\u00e9sident du Gouvernement<\/strong>, afin d\u2019assurer un suivi rigoureux,&nbsp; interminist\u00e9riel et continu de l\u2019action gouvernementale.&nbsp;<\/p>\n\n\n\n<p>Le Chef de l\u2019\u00c9tat a soulign\u00e9 que&nbsp;<strong>ce cadre s\u2019applique \u00e0 tous,&nbsp; sans exception<\/strong>.&nbsp;<\/p>\n\n\n\n<p>En conclusion, le Pr\u00e9sident de la R\u00e9publique a indiqu\u00e9 avec clart\u00e9&nbsp; que&nbsp;<strong>le temps politique n\u2019est plus celui de l\u2019apprentissage, mais celui&nbsp;<\/strong><\/p>\n\n\n\n<p><strong>de l\u2019ex\u00e9cution<\/strong>. Chaque membre du Gouvernement a \u00e9t\u00e9 choisi pour sa&nbsp; g\u00e9o-comp\u00e9tence, son exp\u00e9rience et sa capacit\u00e9 \u00e0 produire des&nbsp; r\u00e9sultats.&nbsp;<\/p>\n\n\n\n<p>Il a r\u00e9affirm\u00e9 que l\u2019\u00c9tat gabonais doit redevenir&nbsp;<strong>efficace, cr\u00e9dible&nbsp; et respect\u00e9<\/strong>, et a appel\u00e9 l\u2019ensemble du Gouvernement \u00e0 faire preuve&nbsp; du&nbsp;<strong>sens \u00e9lev\u00e9 de l\u2019\u00c9tat<\/strong>, de&nbsp;<strong>discipline collective&nbsp;<\/strong>et d\u2019<strong>engagement&nbsp; personnel<\/strong>, afin que ce Gouvernement incarne, d\u00e8s \u00e0 pr\u00e9sent,&nbsp;<strong>l\u2019autorit\u00e9,&nbsp; la m\u00e9thode et la performance&nbsp;<\/strong>attendues par le peuple gabonais.&nbsp;<\/p>\n\n\n\n<p><strong>Enfin, le Conseil des Ministres a ent\u00e9rin\u00e9 les mesures&nbsp; individuelles suivantes :&nbsp;<\/strong><\/p>\n\n\n\n<p><strong>MINISTERE DE L\u2019\u00c9DUCATION NATIONALE ET DE L\u2019INSTRUCTION&nbsp;<\/strong><strong>&nbsp;<\/strong><strong>CIVIQUE :&nbsp;<\/strong><\/p>\n\n\n\n<p>\u2212&nbsp;<strong>SECRETARIAT GENERAL&nbsp;<\/strong><\/p>\n\n\n\n<p>\u2013<strong>Secr\u00e9taire G\u00e9n\u00e9ral&nbsp;<\/strong>: M. Christian LOUEMBET-ONGUELE.&nbsp;<\/p>\n\n\n\n<p><strong>MINISTERE DES AFFAIRES ETRANGERES ET DE LA<\/strong><strong>&nbsp;&nbsp;<\/strong><strong>COOPERATION, CHARGE DE L\u2019INTEGRATION ET DE LA DIASPORA&nbsp;<\/strong><\/p>\n\n\n\n<p>\u2212&nbsp;<strong>Ambassadeur Extraordinaire et Pl\u00e9nipotentiaire de la&nbsp; R\u00e9publique Gabonaise pr\u00e8s l\u2019Empire du Japon&nbsp;<\/strong>: M. Serge&nbsp; Thierry MICKOTO CHAVAGNE&nbsp;<\/p>\n\n\n\n<p><strong>MINISTERE DE L\u2019ECONOMIE, DES FINANCES, DE LA DETTE ET&nbsp;<\/strong><strong>&nbsp;<\/strong><strong>DES PARTICIPATIONS, CHARGE DE LA LUTTE CONTRE LA VIE<\/strong><strong>&nbsp;&nbsp;<\/strong><strong>CHERE&nbsp;<\/strong><\/p>\n\n\n\n<p>\u2212&nbsp;<strong>CABINET DU MINISTRE&nbsp;<\/strong><\/p>\n\n\n\n<p>\u2013<strong>Directeur de Cabinet :&nbsp;<\/strong>M. Jules Bertrand Potier LOEMBE,&nbsp; Inspecteur des Finances.&nbsp;<\/p>\n\n\n\n<p>\u2212&nbsp;<strong>SECRETARIAT GENERAL&nbsp;<\/strong><\/p>\n\n\n\n<p>\u2013<strong>Secr\u00e9taire G\u00e9n\u00e9ral&nbsp;<\/strong>: M. Guy Nazaire SAMBA,&nbsp; Administrateur des Services \u00c9conomiques et Financiers.<\/p>\n\n\n\n<p><strong>MINISTERE DU PETROLE ET DU GAZ&nbsp;<\/strong><strong>:&nbsp;<\/strong><\/p>\n\n\n\n<p><strong>DIRECTION GENERALE DE L\u2019AMONT PETROLIER ET GAZIER<\/strong><\/p>\n\n\n\n<p><strong>Directeur G\u00e9n\u00e9ral :&nbsp;<\/strong>Mme Corinne POSSO RAIVIRE en remplacement&nbsp; de M. Aristide GNAMAT PASSADI admis \u00e0 faire valoir ses droits \u00e0 la&nbsp;retraite.&nbsp;<\/p>\n","protected":false},"excerpt":{"rendered":"<p>Sous la Tr\u00e8s Haute Pr\u00e9sidence de Son Excellence Brice Clotaire&nbsp; OLIGUI NGUEMA, Pr\u00e9sident de la R\u00e9publique, Chef de l\u2019\u00c9tat, Chef du&nbsp; Gouvernement, le Conseil des Ministres s\u2019est r\u00e9uni le lundi 5 janvier&nbsp; 2026 \u00e0 12 heures 30, au Palais de la Pr\u00e9sidence de la R\u00e9publique.&nbsp; \u00c0 l\u2019ouverture des travaux, le Pr\u00e9sident de la R\u00e9publique a [&hellip;]<\/p>\n","protected":false},"author":7,"featured_media":24293,"comment_status":"open","ping_status":"open","sticky":false,"template":"","format":"standard","meta":{"footnotes":""},"categories":[57,55,65],"tags":[],"class_list":["post-24292","post","type-post","status-publish","format-standard","has-post-thumbnail","hentry","category-a-la-une","category-actualites","category-politique-podcasts"],"yoast_head":"<!-- This site is optimized with the Yoast SEO plugin v24.2 - https:\/\/yoast.com\/wordpress\/plugins\/seo\/ -->\n<title>Communiqu\u00e9 final du Conseil des Ministres du 05 janvier 2026 - Gabon Nouvelle Vision<\/title>\n<meta name=\"robots\" content=\"index, follow, max-snippet:-1, max-image-preview:large, max-video-preview:-1\" \/>\n<link rel=\"canonical\" href=\"https:\/\/gabonnouvellevision.com\/gnv\/2026\/01\/06\/communique-final-du-conseil-des-ministres-du-05-janvier-2026\/\" \/>\n<meta property=\"og:locale\" content=\"fr_FR\" \/>\n<meta property=\"og:type\" content=\"article\" \/>\n<meta property=\"og:title\" content=\"Communiqu\u00e9 final du Conseil des Ministres du 05 janvier 2026 - Gabon Nouvelle Vision\" \/>\n<meta property=\"og:description\" content=\"Sous la Tr\u00e8s Haute Pr\u00e9sidence de Son Excellence Brice Clotaire&nbsp; OLIGUI NGUEMA, Pr\u00e9sident de la R\u00e9publique, Chef de l\u2019\u00c9tat, Chef du&nbsp; Gouvernement, le Conseil des Ministres s\u2019est r\u00e9uni le lundi 5 janvier&nbsp; 2026 \u00e0 12 heures 30, au Palais de la Pr\u00e9sidence de la R\u00e9publique.&nbsp; \u00c0 l\u2019ouverture des travaux, le Pr\u00e9sident de la R\u00e9publique a [&hellip;]\" \/>\n<meta property=\"og:url\" content=\"https:\/\/gabonnouvellevision.com\/gnv\/2026\/01\/06\/communique-final-du-conseil-des-ministres-du-05-janvier-2026\/\" \/>\n<meta property=\"og:site_name\" content=\"Gabon Nouvelle Vision\" \/>\n<meta property=\"article:publisher\" content=\"https:\/\/www.facebook.com\/GNVofficiel\" \/>\n<meta property=\"article:published_time\" content=\"2026-01-06T08:16:28+00:00\" \/>\n<meta property=\"article:modified_time\" content=\"2026-01-06T08:16:29+00:00\" \/>\n<meta property=\"og:image\" content=\"https:\/\/gabonnouvellevision.com\/gnv\/wp-content\/uploads\/2026\/01\/610879312_122290729634025336_973575026226059120_n.jpg\" \/>\n\t<meta property=\"og:image:width\" content=\"2048\" \/>\n\t<meta property=\"og:image:height\" content=\"1366\" \/>\n\t<meta property=\"og:image:type\" content=\"image\/jpeg\" \/>\n<meta name=\"author\" content=\"Eyeng Obame\" \/>\n<meta name=\"twitter:card\" content=\"summary_large_image\" \/>\n<meta name=\"twitter:label1\" content=\"\u00c9crit par\" \/>\n\t<meta name=\"twitter:data1\" content=\"Eyeng Obame\" \/>\n\t<meta name=\"twitter:label2\" content=\"Dur\u00e9e de lecture estim\u00e9e\" \/>\n\t<meta name=\"twitter:data2\" content=\"6 minutes\" \/>\n<script type=\"application\/ld+json\" class=\"yoast-schema-graph\">{\"@context\":\"https:\/\/schema.org\",\"@graph\":[{\"@type\":\"Article\",\"@id\":\"https:\/\/gabonnouvellevision.com\/gnv\/2026\/01\/06\/communique-final-du-conseil-des-ministres-du-05-janvier-2026\/#article\",\"isPartOf\":{\"@id\":\"https:\/\/gabonnouvellevision.com\/gnv\/2026\/01\/06\/communique-final-du-conseil-des-ministres-du-05-janvier-2026\/\"},\"author\":{\"name\":\"Eyeng Obame\",\"@id\":\"https:\/\/gabonnouvellevision.com\/gnv\/#\/schema\/person\/4b48e07d222f83c0285affc3704bc899\"},\"headline\":\"Communiqu\u00e9 final du Conseil des Ministres du 05 janvier 2026\",\"datePublished\":\"2026-01-06T08:16:28+00:00\",\"dateModified\":\"2026-01-06T08:16:29+00:00\",\"mainEntityOfPage\":{\"@id\":\"https:\/\/gabonnouvellevision.com\/gnv\/2026\/01\/06\/communique-final-du-conseil-des-ministres-du-05-janvier-2026\/\"},\"wordCount\":1454,\"commentCount\":0,\"publisher\":{\"@id\":\"https:\/\/gabonnouvellevision.com\/gnv\/#organization\"},\"image\":{\"@id\":\"https:\/\/gabonnouvellevision.com\/gnv\/2026\/01\/06\/communique-final-du-conseil-des-ministres-du-05-janvier-2026\/#primaryimage\"},\"thumbnailUrl\":\"https:\/\/gabonnouvellevision.com\/gnv\/wp-content\/uploads\/2026\/01\/610879312_122290729634025336_973575026226059120_n.jpg\",\"articleSection\":[\"A la une\",\"Actualites\",\"Politique\"],\"inLanguage\":\"fr-FR\",\"potentialAction\":[{\"@type\":\"CommentAction\",\"name\":\"Comment\",\"target\":[\"https:\/\/gabonnouvellevision.com\/gnv\/2026\/01\/06\/communique-final-du-conseil-des-ministres-du-05-janvier-2026\/#respond\"]}]},{\"@type\":\"WebPage\",\"@id\":\"https:\/\/gabonnouvellevision.com\/gnv\/2026\/01\/06\/communique-final-du-conseil-des-ministres-du-05-janvier-2026\/\",\"url\":\"https:\/\/gabonnouvellevision.com\/gnv\/2026\/01\/06\/communique-final-du-conseil-des-ministres-du-05-janvier-2026\/\",\"name\":\"Communiqu\u00e9 final du Conseil des Ministres du 05 janvier 2026 - Gabon Nouvelle Vision\",\"isPartOf\":{\"@id\":\"https:\/\/gabonnouvellevision.com\/gnv\/#website\"},\"primaryImageOfPage\":{\"@id\":\"https:\/\/gabonnouvellevision.com\/gnv\/2026\/01\/06\/communique-final-du-conseil-des-ministres-du-05-janvier-2026\/#primaryimage\"},\"image\":{\"@id\":\"https:\/\/gabonnouvellevision.com\/gnv\/2026\/01\/06\/communique-final-du-conseil-des-ministres-du-05-janvier-2026\/#primaryimage\"},\"thumbnailUrl\":\"https:\/\/gabonnouvellevision.com\/gnv\/wp-content\/uploads\/2026\/01\/610879312_122290729634025336_973575026226059120_n.jpg\",\"datePublished\":\"2026-01-06T08:16:28+00:00\",\"dateModified\":\"2026-01-06T08:16:29+00:00\",\"breadcrumb\":{\"@id\":\"https:\/\/gabonnouvellevision.com\/gnv\/2026\/01\/06\/communique-final-du-conseil-des-ministres-du-05-janvier-2026\/#breadcrumb\"},\"inLanguage\":\"fr-FR\",\"potentialAction\":[{\"@type\":\"ReadAction\",\"target\":[\"https:\/\/gabonnouvellevision.com\/gnv\/2026\/01\/06\/communique-final-du-conseil-des-ministres-du-05-janvier-2026\/\"]}]},{\"@type\":\"ImageObject\",\"inLanguage\":\"fr-FR\",\"@id\":\"https:\/\/gabonnouvellevision.com\/gnv\/2026\/01\/06\/communique-final-du-conseil-des-ministres-du-05-janvier-2026\/#primaryimage\",\"url\":\"https:\/\/gabonnouvellevision.com\/gnv\/wp-content\/uploads\/2026\/01\/610879312_122290729634025336_973575026226059120_n.jpg\",\"contentUrl\":\"https:\/\/gabonnouvellevision.com\/gnv\/wp-content\/uploads\/2026\/01\/610879312_122290729634025336_973575026226059120_n.jpg\",\"width\":2048,\"height\":1366},{\"@type\":\"BreadcrumbList\",\"@id\":\"https:\/\/gabonnouvellevision.com\/gnv\/2026\/01\/06\/communique-final-du-conseil-des-ministres-du-05-janvier-2026\/#breadcrumb\",\"itemListElement\":[{\"@type\":\"ListItem\",\"position\":1,\"name\":\"Accueil\",\"item\":\"https:\/\/gabonnouvellevision.com\/gnv\/\"},{\"@type\":\"ListItem\",\"position\":2,\"name\":\"Communiqu\u00e9 final du Conseil des Ministres du 05 janvier 2026\"}]},{\"@type\":\"WebSite\",\"@id\":\"https:\/\/gabonnouvellevision.com\/gnv\/#website\",\"url\":\"https:\/\/gabonnouvellevision.com\/gnv\/\",\"name\":\"Gabon Nouvelle Vision\",\"description\":\"\",\"publisher\":{\"@id\":\"https:\/\/gabonnouvellevision.com\/gnv\/#organization\"},\"potentialAction\":[{\"@type\":\"SearchAction\",\"target\":{\"@type\":\"EntryPoint\",\"urlTemplate\":\"https:\/\/gabonnouvellevision.com\/gnv\/?s={search_term_string}\"},\"query-input\":{\"@type\":\"PropertyValueSpecification\",\"valueRequired\":true,\"valueName\":\"search_term_string\"}}],\"inLanguage\":\"fr-FR\"},{\"@type\":\"Organization\",\"@id\":\"https:\/\/gabonnouvellevision.com\/gnv\/#organization\",\"name\":\"Gabon Nouvelle Vision\",\"url\":\"https:\/\/gabonnouvellevision.com\/gnv\/\",\"logo\":{\"@type\":\"ImageObject\",\"inLanguage\":\"fr-FR\",\"@id\":\"https:\/\/gabonnouvellevision.com\/gnv\/#\/schema\/logo\/image\/\",\"url\":\"https:\/\/gabonnouvellevision.com\/gnv\/wp-content\/uploads\/2025\/01\/logo-text_Plan-de-travail-1.png\",\"contentUrl\":\"https:\/\/gabonnouvellevision.com\/gnv\/wp-content\/uploads\/2025\/01\/logo-text_Plan-de-travail-1.png\",\"width\":7169,\"height\":2390,\"caption\":\"Gabon Nouvelle Vision\"},\"image\":{\"@id\":\"https:\/\/gabonnouvellevision.com\/gnv\/#\/schema\/logo\/image\/\"},\"sameAs\":[\"https:\/\/www.facebook.com\/GNVofficiel\"]},{\"@type\":\"Person\",\"@id\":\"https:\/\/gabonnouvellevision.com\/gnv\/#\/schema\/person\/4b48e07d222f83c0285affc3704bc899\",\"name\":\"Eyeng Obame\",\"image\":{\"@type\":\"ImageObject\",\"inLanguage\":\"fr-FR\",\"@id\":\"https:\/\/gabonnouvellevision.com\/gnv\/#\/schema\/person\/image\/\",\"url\":\"https:\/\/secure.gravatar.com\/avatar\/167bc03b8baf3c77318a47159f80871de6f5a6cbf4bc8b6af750fbc1a369d7bf?s=96&d=mm&r=g\",\"contentUrl\":\"https:\/\/secure.gravatar.com\/avatar\/167bc03b8baf3c77318a47159f80871de6f5a6cbf4bc8b6af750fbc1a369d7bf?s=96&d=mm&r=g\",\"caption\":\"Eyeng Obame\"},\"url\":\"https:\/\/gabonnouvellevision.com\/gnv\/author\/rufin\/\"}]}<\/script>\n<!-- \/ Yoast SEO plugin. -->","yoast_head_json":{"title":"Communiqu\u00e9 final du Conseil des Ministres du 05 janvier 2026 - Gabon Nouvelle Vision","robots":{"index":"index","follow":"follow","max-snippet":"max-snippet:-1","max-image-preview":"max-image-preview:large","max-video-preview":"max-video-preview:-1"},"canonical":"https:\/\/gabonnouvellevision.com\/gnv\/2026\/01\/06\/communique-final-du-conseil-des-ministres-du-05-janvier-2026\/","og_locale":"fr_FR","og_type":"article","og_title":"Communiqu\u00e9 final du Conseil des Ministres du 05 janvier 2026 - Gabon Nouvelle Vision","og_description":"Sous la Tr\u00e8s Haute Pr\u00e9sidence de Son Excellence Brice Clotaire&nbsp; OLIGUI NGUEMA, Pr\u00e9sident de la R\u00e9publique, Chef de l\u2019\u00c9tat, Chef du&nbsp; Gouvernement, le Conseil des Ministres s\u2019est r\u00e9uni le lundi 5 janvier&nbsp; 2026 \u00e0 12 heures 30, au Palais de la Pr\u00e9sidence de la R\u00e9publique.&nbsp; \u00c0 l\u2019ouverture des travaux, le Pr\u00e9sident de la R\u00e9publique a [&hellip;]","og_url":"https:\/\/gabonnouvellevision.com\/gnv\/2026\/01\/06\/communique-final-du-conseil-des-ministres-du-05-janvier-2026\/","og_site_name":"Gabon Nouvelle Vision","article_publisher":"https:\/\/www.facebook.com\/GNVofficiel","article_published_time":"2026-01-06T08:16:28+00:00","article_modified_time":"2026-01-06T08:16:29+00:00","og_image":[{"width":2048,"height":1366,"url":"https:\/\/gabonnouvellevision.com\/gnv\/wp-content\/uploads\/2026\/01\/610879312_122290729634025336_973575026226059120_n.jpg","type":"image\/jpeg"}],"author":"Eyeng Obame","twitter_card":"summary_large_image","twitter_misc":{"\u00c9crit par":"Eyeng Obame","Dur\u00e9e de lecture estim\u00e9e":"6 minutes"},"schema":{"@context":"https:\/\/schema.org","@graph":[{"@type":"Article","@id":"https:\/\/gabonnouvellevision.com\/gnv\/2026\/01\/06\/communique-final-du-conseil-des-ministres-du-05-janvier-2026\/#article","isPartOf":{"@id":"https:\/\/gabonnouvellevision.com\/gnv\/2026\/01\/06\/communique-final-du-conseil-des-ministres-du-05-janvier-2026\/"},"author":{"name":"Eyeng Obame","@id":"https:\/\/gabonnouvellevision.com\/gnv\/#\/schema\/person\/4b48e07d222f83c0285affc3704bc899"},"headline":"Communiqu\u00e9 final du Conseil des Ministres du 05 janvier 2026","datePublished":"2026-01-06T08:16:28+00:00","dateModified":"2026-01-06T08:16:29+00:00","mainEntityOfPage":{"@id":"https:\/\/gabonnouvellevision.com\/gnv\/2026\/01\/06\/communique-final-du-conseil-des-ministres-du-05-janvier-2026\/"},"wordCount":1454,"commentCount":0,"publisher":{"@id":"https:\/\/gabonnouvellevision.com\/gnv\/#organization"},"image":{"@id":"https:\/\/gabonnouvellevision.com\/gnv\/2026\/01\/06\/communique-final-du-conseil-des-ministres-du-05-janvier-2026\/#primaryimage"},"thumbnailUrl":"https:\/\/gabonnouvellevision.com\/gnv\/wp-content\/uploads\/2026\/01\/610879312_122290729634025336_973575026226059120_n.jpg","articleSection":["A la une","Actualites","Politique"],"inLanguage":"fr-FR","potentialAction":[{"@type":"CommentAction","name":"Comment","target":["https:\/\/gabonnouvellevision.com\/gnv\/2026\/01\/06\/communique-final-du-conseil-des-ministres-du-05-janvier-2026\/#respond"]}]},{"@type":"WebPage","@id":"https:\/\/gabonnouvellevision.com\/gnv\/2026\/01\/06\/communique-final-du-conseil-des-ministres-du-05-janvier-2026\/","url":"https:\/\/gabonnouvellevision.com\/gnv\/2026\/01\/06\/communique-final-du-conseil-des-ministres-du-05-janvier-2026\/","name":"Communiqu\u00e9 final du Conseil des Ministres du 05 janvier 2026 - Gabon Nouvelle Vision","isPartOf":{"@id":"https:\/\/gabonnouvellevision.com\/gnv\/#website"},"primaryImageOfPage":{"@id":"https:\/\/gabonnouvellevision.com\/gnv\/2026\/01\/06\/communique-final-du-conseil-des-ministres-du-05-janvier-2026\/#primaryimage"},"image":{"@id":"https:\/\/gabonnouvellevision.com\/gnv\/2026\/01\/06\/communique-final-du-conseil-des-ministres-du-05-janvier-2026\/#primaryimage"},"thumbnailUrl":"https:\/\/gabonnouvellevision.com\/gnv\/wp-content\/uploads\/2026\/01\/610879312_122290729634025336_973575026226059120_n.jpg","datePublished":"2026-01-06T08:16:28+00:00","dateModified":"2026-01-06T08:16:29+00:00","breadcrumb":{"@id":"https:\/\/gabonnouvellevision.com\/gnv\/2026\/01\/06\/communique-final-du-conseil-des-ministres-du-05-janvier-2026\/#breadcrumb"},"inLanguage":"fr-FR","potentialAction":[{"@type":"ReadAction","target":["https:\/\/gabonnouvellevision.com\/gnv\/2026\/01\/06\/communique-final-du-conseil-des-ministres-du-05-janvier-2026\/"]}]},{"@type":"ImageObject","inLanguage":"fr-FR","@id":"https:\/\/gabonnouvellevision.com\/gnv\/2026\/01\/06\/communique-final-du-conseil-des-ministres-du-05-janvier-2026\/#primaryimage","url":"https:\/\/gabonnouvellevision.com\/gnv\/wp-content\/uploads\/2026\/01\/610879312_122290729634025336_973575026226059120_n.jpg","contentUrl":"https:\/\/gabonnouvellevision.com\/gnv\/wp-content\/uploads\/2026\/01\/610879312_122290729634025336_973575026226059120_n.jpg","width":2048,"height":1366},{"@type":"BreadcrumbList","@id":"https:\/\/gabonnouvellevision.com\/gnv\/2026\/01\/06\/communique-final-du-conseil-des-ministres-du-05-janvier-2026\/#breadcrumb","itemListElement":[{"@type":"ListItem","position":1,"name":"Accueil","item":"https:\/\/gabonnouvellevision.com\/gnv\/"},{"@type":"ListItem","position":2,"name":"Communiqu\u00e9 final du Conseil des Ministres du 05 janvier 2026"}]},{"@type":"WebSite","@id":"https:\/\/gabonnouvellevision.com\/gnv\/#website","url":"https:\/\/gabonnouvellevision.com\/gnv\/","name":"Gabon Nouvelle Vision","description":"","publisher":{"@id":"https:\/\/gabonnouvellevision.com\/gnv\/#organization"},"potentialAction":[{"@type":"SearchAction","target":{"@type":"EntryPoint","urlTemplate":"https:\/\/gabonnouvellevision.com\/gnv\/?s={search_term_string}"},"query-input":{"@type":"PropertyValueSpecification","valueRequired":true,"valueName":"search_term_string"}}],"inLanguage":"fr-FR"},{"@type":"Organization","@id":"https:\/\/gabonnouvellevision.com\/gnv\/#organization","name":"Gabon Nouvelle Vision","url":"https:\/\/gabonnouvellevision.com\/gnv\/","logo":{"@type":"ImageObject","inLanguage":"fr-FR","@id":"https:\/\/gabonnouvellevision.com\/gnv\/#\/schema\/logo\/image\/","url":"https:\/\/gabonnouvellevision.com\/gnv\/wp-content\/uploads\/2025\/01\/logo-text_Plan-de-travail-1.png","contentUrl":"https:\/\/gabonnouvellevision.com\/gnv\/wp-content\/uploads\/2025\/01\/logo-text_Plan-de-travail-1.png","width":7169,"height":2390,"caption":"Gabon Nouvelle Vision"},"image":{"@id":"https:\/\/gabonnouvellevision.com\/gnv\/#\/schema\/logo\/image\/"},"sameAs":["https:\/\/www.facebook.com\/GNVofficiel"]},{"@type":"Person","@id":"https:\/\/gabonnouvellevision.com\/gnv\/#\/schema\/person\/4b48e07d222f83c0285affc3704bc899","name":"Eyeng Obame","image":{"@type":"ImageObject","inLanguage":"fr-FR","@id":"https:\/\/gabonnouvellevision.com\/gnv\/#\/schema\/person\/image\/","url":"https:\/\/secure.gravatar.com\/avatar\/167bc03b8baf3c77318a47159f80871de6f5a6cbf4bc8b6af750fbc1a369d7bf?s=96&d=mm&r=g","contentUrl":"https:\/\/secure.gravatar.com\/avatar\/167bc03b8baf3c77318a47159f80871de6f5a6cbf4bc8b6af750fbc1a369d7bf?s=96&d=mm&r=g","caption":"Eyeng Obame"},"url":"https:\/\/gabonnouvellevision.com\/gnv\/author\/rufin\/"}]}},"_links":{"self":[{"href":"https:\/\/gabonnouvellevision.com\/gnv\/wp-json\/wp\/v2\/posts\/24292","targetHints":{"allow":["GET"]}}],"collection":[{"href":"https:\/\/gabonnouvellevision.com\/gnv\/wp-json\/wp\/v2\/posts"}],"about":[{"href":"https:\/\/gabonnouvellevision.com\/gnv\/wp-json\/wp\/v2\/types\/post"}],"author":[{"embeddable":true,"href":"https:\/\/gabonnouvellevision.com\/gnv\/wp-json\/wp\/v2\/users\/7"}],"replies":[{"embeddable":true,"href":"https:\/\/gabonnouvellevision.com\/gnv\/wp-json\/wp\/v2\/comments?post=24292"}],"version-history":[{"count":1,"href":"https:\/\/gabonnouvellevision.com\/gnv\/wp-json\/wp\/v2\/posts\/24292\/revisions"}],"predecessor-version":[{"id":24294,"href":"https:\/\/gabonnouvellevision.com\/gnv\/wp-json\/wp\/v2\/posts\/24292\/revisions\/24294"}],"wp:featuredmedia":[{"embeddable":true,"href":"https:\/\/gabonnouvellevision.com\/gnv\/wp-json\/wp\/v2\/media\/24293"}],"wp:attachment":[{"href":"https:\/\/gabonnouvellevision.com\/gnv\/wp-json\/wp\/v2\/media?parent=24292"}],"wp:term":[{"taxonomy":"category","embeddable":true,"href":"https:\/\/gabonnouvellevision.com\/gnv\/wp-json\/wp\/v2\/categories?post=24292"},{"taxonomy":"post_tag","embeddable":true,"href":"https:\/\/gabonnouvellevision.com\/gnv\/wp-json\/wp\/v2\/tags?post=24292"}],"curies":[{"name":"wp","href":"https:\/\/api.w.org\/{rel}","templated":true}]}}