{"id":24289,"date":"2025-12-19T09:08:04","date_gmt":"2025-12-19T08:08:04","guid":{"rendered":"https:\/\/gabonnouvellevision.com\/gnv\/?p=24289"},"modified":"2025-12-19T09:09:08","modified_gmt":"2025-12-19T08:09:08","slug":"communique-final-du-conseil-des-ministres-du-18-decembre-2025","status":"publish","type":"post","link":"https:\/\/gabonnouvellevision.com\/gnv\/2025\/12\/19\/communique-final-du-conseil-des-ministres-du-18-decembre-2025\/","title":{"rendered":"Communiqu\u00e9 final du Conseil des Ministres du 18 d\u00e9cembre 2025"},"content":{"rendered":"\n<p><strong>Sous la Tr\u00e8s Haute Pr\u00e9sidence de Son Excellence Brice Clotaire OLIGUI&nbsp; NGUEMA, Pr\u00e9sident de la R\u00e9publique, Chef de l\u2019\u00c9tat, Chef du Gouvernement, le&nbsp; Conseil des Ministres s\u2019est r\u00e9uni ce jeudi 18 d\u00e9cembre 2025, \u00e0 11 h 00, dans la salle habituelle des d\u00e9lib\u00e9rations, au Palais de la Pr\u00e9sidence de la R\u00e9publique.&nbsp;<\/strong><\/p>\n\n\n\n<p>Ouvrant les travaux, le Conseil a pris acte, avec une attention soutenue,&nbsp; des rappels du Pr\u00e9sident de la R\u00e9publique relatifs \u00e0 l\u2019ach\u00e8vement de la&nbsp; Transition, d\u00e9sormais engag\u00e9e dans sa phase terminale. La mise en place du&nbsp; Bureau du S\u00e9nat, le mercredi 18 d\u00e9cembre 2025, puis, dans les prochains jours,&nbsp; celle du Conseil \u00c9conomique, Social, Environnemental et Culturel (CESEC), de la&nbsp; Cour constitutionnelle et du futur gouvernement viendront parachever ce&nbsp; processus et consacrer le retour du Gabon \u00e0 la pleine normalit\u00e9 constitutionnelle,&nbsp; fond\u00e9e sur des institutions r\u00e9publicaines r\u00e9guli\u00e8res, l\u2019\u00e9quilibre des pouvoirs et la&nbsp; continuit\u00e9 de l\u2019\u00c9tat.&nbsp;Ce moment charni\u00e8re, au-del\u00e0 de sa port\u00e9e proc\u00e9durale, appelle un devoir&nbsp; collectif de lucidit\u00e9 et de responsabilit\u00e9, en m\u00e9moire du chemin parcouru, des&nbsp; \u00e9preuves travers\u00e9es et des sacrifices consentis pour pr\u00e9server l\u2019unit\u00e9 nationale et&nbsp; la stabilit\u00e9 de l\u2019\u00c9tat.&nbsp;<\/p>\n\n\n\n<p>Revenant sur la Taxe forfaitaire d\u2019habitation, le Chef de l\u2019\u00c9tat a pr\u00e9venu sur&nbsp;&nbsp;<strong>les risques de fraude et de contournement, notamment via les trafics de&nbsp; compteurs, qui menacent son assiette<\/strong>. En cons\u00e9quence, il a instruit les ministres&nbsp; concern\u00e9s ainsi que les op\u00e9rateurs du secteur de&nbsp;<strong>d\u00e9ployer des m\u00e9canismes&nbsp; renforc\u00e9s de contr\u00f4le, de pr\u00e9vention et de dissuasion.&nbsp;<\/strong>Cette r\u00e9forme,&nbsp; essentielle pour \u00e9largir la base contributive et assurer l\u2019\u00e9quit\u00e9 territoriale, requiert&nbsp; un encadrement administratif rigoureux, transparent et socialement responsable&nbsp; pour atteindre ses objectifs.&nbsp;<\/p>\n\n\n\n<p>Il a \u00e9galement souhait\u00e9, voire exig\u00e9, sur la&nbsp;<strong>mise en place de m\u00e9canismes&nbsp; clairs, transparents et tra\u00e7ables d\u2019affectation des ressources issues de cette&nbsp; taxe, afin de garantir aux populations que les fonds collect\u00e9s sont&nbsp; effectivement consacr\u00e9s \u00e0 l\u2019am\u00e9lioration de leur bien-\u00eatre et des services&nbsp; publics de proximit\u00e9.&nbsp;<\/strong><\/p>\n\n\n\n<p>Sur le plan \u00e9conomique et financier, dans le cadre des \u00e9changes avec le&nbsp; FMI, le Pr\u00e9sident de la R\u00e9publique a exig\u00e9&nbsp;<strong>la publication int\u00e9grale de toutes les&nbsp; conventions mini\u00e8res et l\u2019audit exhaustif de celles conclues sur la p\u00e9riode&nbsp; 2010-2024.&nbsp;<\/strong>Cette double mesure vise \u00e0 renforcer la transparence, la redevabilit\u00e9&nbsp; et l\u2019\u00e9quit\u00e9 du secteur.<\/p>\n\n\n\n<p>Le Conseil a par ailleurs&nbsp;<strong>instaur\u00e9 le principe syst\u00e9matique de la prise de&nbsp; participation de l\u2019\u00c9tat au capital, au moins 10%, de toute nouvelle soci\u00e9t\u00e9&nbsp; mini\u00e8re s\u2019installant sur le territoire<\/strong>, garantissant ainsi le respect des int\u00e9r\u00eats&nbsp; strat\u00e9giques nationaux et une juste r\u00e9tribution des ressources.&nbsp;<\/p>\n\n\n\n<p>Toujours dans le cadre de la reprise en main des secteurs \u00e0 fort enjeu&nbsp; \u00e9conomique et social, le Conseil a r\u00e9affirm\u00e9 l\u2019orientation irr\u00e9versible de l\u2019\u00c9tat vers&nbsp; la gabonisation des activit\u00e9s strat\u00e9giques. C\u2019est ainsi que&nbsp;<strong>le Pr\u00e9sident de la&nbsp; R\u00e9publique a instruit les minist\u00e8res concern\u00e9s de proposer un plan pour une&nbsp; gabonisation progressive des activit\u00e9s de revente du ciment,&nbsp;<\/strong>secteur&nbsp; actuellement contr\u00f4l\u00e9 \u00e0 95 % par des non-nationaux, tout en garantissant&nbsp; l\u2019accessibilit\u00e9 du produit et la ma\u00eetrise de son prix.&nbsp;&nbsp;<\/p>\n\n\n\n<p>Dans la m\u00eame dynamique, le Pr\u00e9sident de la R\u00e9publique a annonc\u00e9&nbsp;<strong>la&nbsp;prochaine r\u00e9appropriation par l\u2019\u00c9tat du secteur des jeux de hasard via un&nbsp; op\u00e9rateur public.&nbsp;<\/strong>Ce choix souverain, guid\u00e9 par l\u2019int\u00e9r\u00eat national, permettra de&nbsp; capter et de rediriger des recettes aujourd\u2019hui insuffisamment ma\u00eetris\u00e9es, tout en&nbsp; encadrant strictement un secteur aux risques sociaux \u00e9lev\u00e9s.&nbsp;<\/p>\n\n\n\n<p>Cette r\u00e9forme g\u00e9n\u00e9rera d\u2019importantes externalit\u00e9s positives : les recettes&nbsp; seront affect\u00e9es \u00e0 des politiques publiques sociales et \u00e9ducatives, tout en&nbsp; renfor\u00e7ant la protection des populations, la s\u00e9curit\u00e9 \u00e9conomique et la cr\u00e9ation&nbsp; d\u2019emplois nationaux. Elle transforme ainsi un enjeu r\u00e9gulatoire en levier de&nbsp;d\u00e9veloppement au service du bien-\u00eatre collectif.&nbsp;<\/p>\n\n\n\n<p>Le Conseil a rappel\u00e9 que&nbsp;<strong>la digitalisation de l\u2019administration constitue une&nbsp; orientation irr\u00e9versible et un levier central de modernisation de l\u2019\u00c9tat, de&nbsp; correction des dysfonctionnements et d\u2019am\u00e9lioration des services publics.&nbsp;<\/strong><\/p>\n\n\n\n<p>\u00c0 cet effet,&nbsp;<strong>le Pr\u00e9sident de la R\u00e9publique a soulign\u00e9 que la priorit\u00e9 doit&nbsp; \u00eatre donn\u00e9e, pour les prochains mois, \u00e0 la digitalisation des services publics \u00e0&nbsp; fort impact&nbsp;<\/strong>: archives administratives, modes de paiement, collecte \u00e9lectronique&nbsp; des imp\u00f4ts et recettes publiques, \u00e9tat civil int\u00e9gralement d\u00e9mat\u00e9rialis\u00e9,&nbsp;d\u00e9livrance des permis et licences, tra\u00e7abilit\u00e9 des flux commerciaux et portuaires,&nbsp;ainsi qu\u2019\u00e0 la modernisation num\u00e9rique des secteurs sanitaire et des transports. Cette transformation devra \u00e9galement int\u00e9grer les collectivit\u00e9s locales et&nbsp; connecter les centres universitaires au r\u00e9seau r\u00e9nov\u00e9 de l\u2019administration, afin de&nbsp; garantir une action publique coh\u00e9rente, \u00e9quitable et tourn\u00e9e vers l\u2019\u00e9conomie du&nbsp; savoir.<\/p>\n\n\n\n<p>Enfin,&nbsp;<strong>le Conseil a pris acte des mesures annonc\u00e9es par le Gouvernement&nbsp; des \u00c9tats-Unis d\u2019Am\u00e9rique le 16 d\u00e9cembre 2025, relatives \u00e0 l\u2019instauration de&nbsp; nouvelles restrictions partielles et de limitations d\u2019entr\u00e9e concernant certains&nbsp; \u00c9tats, dont le Gabon.&nbsp;<\/strong><\/p>\n\n\n\n<p>Conform\u00e9ment aux usages et au principe de r\u00e9ciprocit\u00e9 qui encadrent les&nbsp; relations diplomatiques et consulaires entre \u00c9tats souverains,&nbsp;<strong>le Conseil a d\u00e9cid\u00e9 du r\u00e9ajustement des conditions d\u2019entr\u00e9e sur le territoire national applicables&nbsp; aux ressortissants am\u00e9ricains<\/strong>, dans le strict respect des dispositions nationales&nbsp; en vigueur et en coh\u00e9rence avec les nouvelles modalit\u00e9s arr\u00eat\u00e9es par la partie&nbsp; am\u00e9ricaine.&nbsp;<\/p>\n\n\n\n<p>Dans le m\u00eame temps, et soucieux de pr\u00e9server la qualit\u00e9 des relations&nbsp; historiques d\u2019amiti\u00e9, de dialogue et de coop\u00e9ration qui lient le Gabon et les \u00c9tats Unis d\u2019Am\u00e9rique,&nbsp;<strong>le Conseil a r\u00e9affirm\u00e9 sa disponibilit\u00e9 \u00e0 maintenir un \u00e9change&nbsp; constructif et \u00e0 \u0153uvrer, dans un esprit de respect mutuel, au renforcement&nbsp; des partenariats bilat\u00e9raux au b\u00e9n\u00e9fice des deux peuples.&nbsp;<\/strong><\/p>\n\n\n\n<p><strong>PROJETS DE TEXTES LEGISLATIFS ET REGLEMENTAIRES&nbsp;<\/strong><\/p>\n\n\n\n<p>Le Conseil des Ministres a d\u00e9lib\u00e9r\u00e9 sur les affaires suivantes :&nbsp;&nbsp;<\/p>\n\n\n\n<p><strong>MINISTERE DE L\u2019ECONOMIE, DES FINANCES, DE LA DETTE ET DES&nbsp;<\/strong><strong>&nbsp;<\/strong><strong>PARTICIPATIONS, CHARGE DE LA LUTTE CONTRE LA VIE CHERE&nbsp;<\/strong><\/p>\n\n\n\n<p>\u2013&nbsp;<strong>Projet de d\u00e9cret portant attributions, composition, organisation et&nbsp; fonctionnement de l\u2019Agence Nationale d\u2019Investigation Financi\u00e8re.&nbsp;<\/strong><\/p>\n\n\n\n<p>Le pr\u00e9sent d\u00e9cret, pris en application des dispositions de l\u2019article 87 du&nbsp; R\u00e8glement n\u00b0 02\/24\/CEMAC\/UMAC\/CM du 20 d\u00e9cembre 2024 portant pr\u00e9vention&nbsp; et r\u00e9pression du blanchiment des capitaux et du financement du terrorisme et de&nbsp; la prolif\u00e9ration en Afrique Centrale, porte attributions, composition,&nbsp;r\u00e9organisation et fonctionnement de l\u2019Agence Nationale d\u2019Investigation&nbsp; Financi\u00e8re.&nbsp;<\/p>\n\n\n\n<p>L\u2019Agence Nationale d\u2019Investigation Financi\u00e8re, en abr\u00e9g\u00e9e \u00ab ANIF \u00bb dot\u00e9e&nbsp; de l\u2019autonomie financi\u00e8re et d\u2019un pouvoir de d\u00e9cision autonome sur les mati\u00e8res&nbsp; relevant de sa comp\u00e9tence, a pour mission de traiter et transmettre des&nbsp;<\/p>\n\n\n\n<p>&nbsp;informations en vue de la lutte contre le blanchiment des capitaux, le&nbsp; financement du terrorisme et la prolif\u00e9ration des armes de destruction massive. Les membres composants cette Agence sont d\u00e9sign\u00e9s par les&nbsp; administrations dont ils rel\u00e8vent, notamment :&nbsp;<\/p>\n\n\n\n<p>\u2013 un haut fonctionnaire d\u00e9tach\u00e9 par le Minist\u00e8re en charge des Finances ; \u2013 un Magistrat sp\u00e9cialis\u00e9 dans les questions financi\u00e8res ;&nbsp;<\/p>\n\n\n\n<p>\u2013 un haut fonctionnaire de l\u2019Administration des Douanes sp\u00e9cialis\u00e9 dans les&nbsp; enqu\u00eates \u00e9conomiques et financi\u00e8res.&nbsp;<\/p>\n\n\n\n<p>Ainsi, pour son fonctionnement l\u2019ANIF comprend :&nbsp;<\/p>\n\n\n\n<p>\u2013 les services d\u2019appui ;&nbsp;<\/p>\n\n\n\n<p>\u2013 les d\u00e9partements.&nbsp;<\/p>\n\n\n\n<p><strong>MINISTERE DE L\u2019EDUCATION NATIONALE, DE L\u2019INSTRUCTION CIVIQUE ET&nbsp;<\/strong><strong>&nbsp;<\/strong><strong>DE LA FORMATION PROFESSIONNELLE&nbsp;<\/strong><\/p>\n\n\n\n<p>\u2013&nbsp;<strong>Projet de loi portant cr\u00e9ation, attributions et organisation de l\u2019Institut&nbsp; de Formation des Professeurs d\u2019Ecole de Franceville ;&nbsp;<\/strong><\/p>\n\n\n\n<p>\u2013&nbsp;<strong>Projet de loi portant cr\u00e9ation, attributions et organisation de l\u2019Institut&nbsp; de Formation des Professeurs d\u2019Ecole de Mouila ;&nbsp;<\/strong><\/p>\n\n\n\n<p>\u2013&nbsp;<strong>Projet de loi portant cr\u00e9ation, attributions et organisation de l\u2019Institut&nbsp; de Formation des Professeurs d\u2019Ecole d\u2019Oyem.&nbsp;<\/strong><\/p>\n\n\n\n<p>Les projets de loi susmentionn\u00e9s sont pris en application des dispositions&nbsp; de l\u2019article 95 de la Constitution, des articles 74 et 75 de la loi n\u00b0 21\/2011 du 14&nbsp; f\u00e9vrier 2012 portant orientation g\u00e9n\u00e9rale de l\u2019\u00c9ducation, de la Formation et de la&nbsp; Recherche, ainsi que de l\u2019article 41 de la loi n\u00b0 020\/2005 du 3 janvier 2006 fixant&nbsp; les r\u00e8gles de cr\u00e9ation, d\u2019organisation et de gestion des services de l\u2019\u00c9tat.&nbsp;<\/p>\n\n\n\n<p>Ces projets de loi cr\u00e9ent des Instituts de Formation des Professeurs dans&nbsp; trois (3) chefs-lieux de province et d\u00e9finissent le cadre l\u00e9gal et r\u00e9glementaire qui&nbsp; r\u00e9gira la formation des enseignants de l\u2019enseignement pr\u00e9-primaire et primaire,&nbsp; afin de r\u00e9pondre aux conclusions relatives \u00e0 la formation contenues dans le&nbsp; Rapport du Dialogue National Inclusif.&nbsp;<\/p>\n\n\n\n<p>Plac\u00e9s sous la tutelle du Minist\u00e8re de l\u2019\u00c9ducation Nationale, ces Instituts&nbsp; sont consid\u00e9r\u00e9s comme des \u00e9tablissements publics \u00e0 caract\u00e8re professionnel,&nbsp; dot\u00e9s d\u2019une autonomie p\u00e9dagogique, administrative et financi\u00e8re.<\/p>\n\n\n\n<p>Pour leur fonctionnement, ils disposent de :&nbsp;<\/p>\n\n\n\n<p>\u2212 un Conseil d\u2019Administration ;&nbsp;<\/p>\n\n\n\n<p>\u2212 une Direction G\u00e9n\u00e9rale ;&nbsp;<\/p>\n\n\n\n<p>\u2212 une Agence Comptable ;&nbsp;<\/p>\n\n\n\n<p>\u2212 un Conseil d\u2019\u00c9tablissement ;&nbsp;<\/p>\n\n\n\n<p>\u2212 un Conseil Scientifique ;&nbsp;<\/p>\n\n\n\n<p>\u2212 un Conseil de Classe ;&nbsp;<\/p>\n\n\n\n<p>\u2212 un Conseil de Discipline.&nbsp;<\/p>\n\n\n\n<p><strong>MINISTERE DES MINES ET DES RESSOURCES GEOLOGIQUES&nbsp;<\/strong><\/p>\n\n\n\n<p>\u2013&nbsp;<strong>Projet de d\u00e9cret portant suppression du Haut-Commissariat charg\u00e9 du&nbsp; projet Belinga.&nbsp;<\/strong><\/p>\n\n\n\n<p>La suppression vis\u00e9e par le pr\u00e9sent projet de d\u00e9cret s\u2019inscrit dans le cadre&nbsp; du transfert des anciennes attributions du Haut-Commissariat vers les minist\u00e8res&nbsp; comp\u00e9tents : le Minist\u00e8re des Mines pour la coordination et le suivi des activit\u00e9s&nbsp; mini\u00e8res, le Minist\u00e8re des Transports pour les infrastructures ferroviaires et&nbsp; portuaires, et le Minist\u00e8re de l\u2019\u00c9nergie pour les infrastructures \u00e9nerg\u00e9tiques.&nbsp;<\/p>\n\n\n\n<p>Le texte pr\u00e9voit \u00e9galement le transfert \u00e0 l\u2019\u00c9tat, par l\u2019interm\u00e9diaire des&nbsp; minist\u00e8res concern\u00e9s, des biens, droits, obligations, archives et engagements&nbsp; contractuels du Haut-Commissariat.&nbsp;<\/p>\n\n\n\n<p>Cette r\u00e9forme vise \u00e0 renforcer la coh\u00e9rence institutionnelle, \u00e0 clarifier les&nbsp; responsabilit\u00e9s, \u00e0 simplifier les proc\u00e9dures administratives et \u00e0 optimiser&nbsp; l\u2019utilisation des ressources publiques, tout en garantissant la continuit\u00e9 et&nbsp; l\u2019efficacit\u00e9 de l\u2019action de l\u2019\u00c9tat dans la conduite du projet Belinga.&nbsp;<\/p>\n\n\n\n<p>\u2013&nbsp;<strong>Projet de d\u00e9cret instituant une Task-force pr\u00e9sidentielle pour le&nbsp; d\u00e9veloppement de la Mine de Belinga.&nbsp;<\/strong><\/p>\n\n\n\n<p>Plac\u00e9e sous l\u2019autorit\u00e9 directe du Pr\u00e9sident de la R\u00e9publique, cette structure&nbsp; sp\u00e9ciale, administration charg\u00e9e d\u2019une mission temporaire et interminist\u00e9rielle,&nbsp; est charg\u00e9e du pilotage strat\u00e9gique, de la coordination et du suivi du&nbsp; d\u00e9veloppement de la mine de fer de Belinga ainsi que des infrastructures&nbsp;associ\u00e9es, notamment le port min\u00e9ralier de Kobe-Kobe, le chemin de fer Belinga\u2013 Kobe-Kobe et les centrales hydro\u00e9lectriques.&nbsp;<\/p>\n\n\n\n<p>Elle dispose d\u2019un pouvoir de coordination sur l\u2019ensemble des&nbsp; administrations et entit\u00e9s publiques concern\u00e9es et assure la coh\u00e9rence entre les&nbsp; volets minier, industriel, logistique, \u00e9nerg\u00e9tique, environnemental et social du&nbsp; projet. Elle supervise les \u00e9tudes techniques et \u00e9conomiques, veille au respect des&nbsp; normes environnementales et sociales, assure l\u2019interface avec les partenaires&nbsp; financiers et investisseurs, et favorise le d\u00e9veloppement local par la formation,&nbsp; l\u2019emploi et le transfert de comp\u00e9tences.&nbsp;<\/p>\n\n\n\n<p>Compos\u00e9e d\u2019un Coordonnateur g\u00e9n\u00e9ral, d\u2019un adjoint, de repr\u00e9sentants de&nbsp; la Pr\u00e9sidence et des minist\u00e8res concern\u00e9s, ainsi que d\u2019experts, elle dispose d\u2019un&nbsp; Secr\u00e9tariat technique permanent et peut cr\u00e9er des commissions sp\u00e9cialis\u00e9es. Les&nbsp; administrations publiques et entreprises publiques sont tenues de lui apporter&nbsp; pleine collaboration.&nbsp;<\/p>\n\n\n\n<p>Ce service public de mission rend compte directement au Pr\u00e9sident de la&nbsp; R\u00e9publique par des rapports trimestriels et annuels et dispose des moyens&nbsp; financiers, mat\u00e9riels et humains n\u00e9cessaires \u00e0 sa mission.&nbsp;&nbsp;<\/p>\n\n\n\n<p>Sa dur\u00e9e est fix\u00e9e \u00e0 cinq ans, renouvelable une fois, ou jusqu\u2019\u00e0 l\u2019atteinte&nbsp; compl\u00e8te des objectifs strat\u00e9giques assign\u00e9s.&nbsp;<\/p>\n\n\n\n<p><strong>MININSTERE DU LOGEMENT, DE L\u2019HABITAT, DE L\u2019URBANISME ET DU&nbsp;<\/strong><strong>&nbsp;<\/strong><strong>CADASTRE<\/strong><strong>&nbsp;<\/strong><\/p>\n\n\n\n<p>\u2013&nbsp;<strong>Projet de d\u00e9cret portant D\u00e9claration d\u2019Utilit\u00e9 Publique (DUP) de la zone&nbsp; du Port de Kobe-Kobe ;&nbsp;<\/strong><\/p>\n\n\n\n<p>Le pr\u00e9sent projet de d\u00e9cret portant D\u00e9claration d\u2019Utilit\u00e9 Publique (DUP) de&nbsp; la zone portuaire a pour objectif de doter le Gabon d\u2019un port en eau profonde et&nbsp; d\u2019une plateforme logistique moderne, constituant une infrastructure strat\u00e9gique&nbsp; pour soutenir la politique nationale de transformation locale, de&nbsp; r\u00e9industrialisation et de souverainet\u00e9 \u00e9conomique.&nbsp;<\/p>\n\n\n\n<p>Il vise \u00e9galement \u00e0 s\u00e9curiser le foncier, \u00e0 r\u00e9aliser des infrastructures&nbsp; portuaires, industrielles, \u00e9nerg\u00e9tiques et logistiques d\u2019int\u00e9r\u00eat g\u00e9n\u00e9ral, \u00e0 offrir un&nbsp;cadre juridique favorable et attractif pour les investissements publics et priv\u00e9s, et&nbsp; \u00e0 positionner le Gabon comme un hub portuaire et industriel de r\u00e9f\u00e9rence en&nbsp; Afrique centrale.&nbsp;<\/p>\n\n\n\n<p>\u2013&nbsp;<strong>Projet de d\u00e9cret portant D\u00e9claration d\u2019Utilit\u00e9 Publique (DUP) d\u2019une&nbsp; parcelle dans la commune de Mouila<\/strong><strong>.<\/strong><strong>&nbsp;<\/strong><\/p>\n\n\n\n<p>Le pr\u00e9sent projet de d\u00e9cret, pris en application des articles 1<sup>er&nbsp;<\/sup>et 2 de la loi n\u00b0 6\/61&nbsp; du 10 mai 1961 r\u00e9glementant l\u2019expropriation pour cause d\u2019utilit\u00e9 publique et&nbsp; instituant des servitudes pour l\u2019ex\u00e9cution des travaux publics vise l\u2019occupation par&nbsp; l\u2019Etat des parcelles, n\u00b0 17, 18, 20, 21 et 22 correspondant respectivement \u00e0 une&nbsp; superficie d\u2019environ 1654 m\u00b2 et 1325 m\u00b2, section J du plan cadastral de la&nbsp; Commune de Mouila en vue de la construction du si\u00e8ge local de la Banque des&nbsp; Etats de l\u2019Afrique Centrale et de plusieurs annexes.&nbsp;<\/p>\n\n\n\n<p><strong>MINISTERE DE LA PLANIFICATION ET DE LA PROSPECTIVE&nbsp;<\/strong><\/p>\n\n\n\n<p>\u2013&nbsp;<strong>Projet de d\u00e9cret portant cr\u00e9ation, attributions, organisation et&nbsp; fonctionnement de la commission Nationale d\u2019Affectation des Terres,&nbsp; des Espaces Fluviaux et Maritimes.&nbsp;<\/strong><\/p>\n\n\n\n<p>Le pr\u00e9sent d\u00e9cret, pris en application des dispositions de l\u2019article 95 de la&nbsp; Constitution, a pour objet d\u2019actualiser le cadre juridique institu\u00e9 par le d\u00e9cret&nbsp; n\u00b0 00212\/PR\/MEPPDD du 21 juillet 2017.&nbsp;&nbsp;<\/p>\n\n\n\n<p>Il red\u00e9finit les attributions, l\u2019organisation et le fonctionnement de la&nbsp; Commission Nationale d\u2019Affectation des Terres, des Espaces Fluviaux et&nbsp; Maritimes, en abr\u00e9g\u00e9 CNATEFM.&nbsp;<\/p>\n\n\n\n<p>La Commission a pour mission d\u2019\u00e9laborer le Plan National d\u2019Affectation des&nbsp; Terres, des Espaces Fluviaux et Maritimes et d\u2019en assurer le suivi de mise en&nbsp; \u0153uvre.&nbsp;<\/p>\n\n\n\n<p><strong>MINISTERE DE L\u2019ECONOMIE NUMERIQUE, DE LA DIGITALISATION ET DE&nbsp;<\/strong><strong>&nbsp;<\/strong><strong>L\u2019INNOVATION<\/strong><strong>&nbsp;<\/strong><\/p>\n\n\n\n<p>\u2013&nbsp;<strong>Projet de D\u00e9cret portant attributions et r\u00e9organisation de la Direction&nbsp; G\u00e9n\u00e9rale de l\u2019\u00c9conomie Num\u00e9rique.&nbsp;<\/strong><\/p>\n\n\n\n<p>Pris en application des dispositions de la loi n\u00b0 20\/2005 du 3 janvier 2006,&nbsp; fixant les r\u00e8gles de cr\u00e9ation, d\u2019organisation et de gestion des services de l\u2019\u00c9tat,&nbsp; ainsi que de ses textes subs\u00e9quents, chaque service de l\u2019\u00c9tat est cr\u00e9\u00e9 ou&nbsp; r\u00e9organis\u00e9 afin de disposer d\u2019un texte sp\u00e9cifique d\u00e9finissant ses attributions et&nbsp; son organisation.&nbsp;<\/p>\n\n\n\n<p>La Direction G\u00e9n\u00e9rale de l\u2019\u00c9conomie Num\u00e9rique est charg\u00e9e d\u2019\u00e9laborer et&nbsp; de veiller \u00e0 la mise en \u0153uvre de la politique du Gouvernement en mati\u00e8re&nbsp; d\u2019\u00e9conomie num\u00e9rique, de t\u00e9l\u00e9communications et de nouvelles technologies de&nbsp; l\u2019information, en concertation avec les autres administrations concern\u00e9es.&nbsp;<\/p>\n\n\n\n<p>\u2013&nbsp;<strong>Projet de D\u00e9cret portant cr\u00e9ation, attributions et organisation de la&nbsp; Direction G\u00e9n\u00e9rale du D\u00e9veloppement des Infrastructures Num\u00e9riques et de la Cyber s\u00e9curit\u00e9.&nbsp;<\/strong><\/p>\n\n\n\n<p>La Direction G\u00e9n\u00e9rale du D\u00e9veloppement des Infrastructures Num\u00e9riques et&nbsp; de la Cybers\u00e9curit\u00e9 (DGDINC), comp\u00e9tente notamment en mati\u00e8re de suivi du&nbsp; spectre des fr\u00e9quences et des radiocommunications aux niveaux national et&nbsp; international, est plac\u00e9e sous l\u2019autorit\u00e9 d\u2019un Directeur G\u00e9n\u00e9ral, assist\u00e9 d\u2019un&nbsp; Directeur G\u00e9n\u00e9ral Adjoint. Tous deux sont nomm\u00e9s par d\u00e9cret pris en Conseil des&nbsp; Ministres, sur proposition du ministre en charge du d\u00e9partement, parmi les&nbsp; agents publics permanents de premi\u00e8re cat\u00e9gorie justifiant d\u2019une exp\u00e9rience&nbsp; professionnelle d\u2019au moins dix ans dans les domaines relevant des attributions de&nbsp; la Direction G\u00e9n\u00e9rale.&nbsp;<\/p>\n\n\n\n<p>Elle comprend :&nbsp;<\/p>\n\n\n\n<p>\u2013 la Direction de la Strat\u00e9gie et de la Planification ;&nbsp;<\/p>\n\n\n\n<p>\u2013 la Direction des Infrastructures Num\u00e9riques ;&nbsp;<\/p>\n\n\n\n<p>\u2013 la Direction de la Cybers\u00e9curit\u00e9 et de la Normalisation.&nbsp;<\/p>\n\n\n\n<p><strong>POLITIQUE GENERALE&nbsp;<\/strong><\/p>\n\n\n\n<p><strong>MINISTERE DE LA REFORME ET DES RELATIONS AVEC LES INSTITUTIONS<\/strong><\/p>\n\n\n\n<p>Le Conseil des Ministres a pris acte du d\u00e9marrage effectif des activit\u00e9s du&nbsp; Contr\u00f4le G\u00e9n\u00e9ral d\u2019\u00c9tat, et ce, conform\u00e9ment aux tr\u00e8s hautes instructions du&nbsp; Chef de l\u2019\u00c9tat et des dispositions de l\u2019ordonnance n\u00b0001\/PR\/2023 du 29&nbsp; septembre 2023 ratifi\u00e9 par la loi n\u00b0004\/2023 du 31 janvier 2024.&nbsp;<\/p>\n\n\n\n<p><strong>MINISTERE DES AFFAIRES ETRANGERES ET DE LA COOPERATION CHARGE&nbsp;<\/strong><strong>&nbsp;<\/strong><strong>DE L\u2019INTEGRATION ET DE LA DIASPORA&nbsp;<\/strong><\/p>\n\n\n\n<p>Au terme de la pr\u00e9sentation du Ministre, et fort du retour du Gabon dans&nbsp; l\u2019Union Africaine (UA), le Conseil des Ministres, a marqu\u00e9 son approbation pour la&nbsp; candidature du Gabon, pour un mandat de deux (02) ans (2026-2028), au sein du&nbsp; Conseil de Paix et de S\u00e9curit\u00e9 de l\u2019Union Africaine.&nbsp;&nbsp;<\/p>\n\n\n\n<p>Par ailleurs, le Conseil a \u00e9galement donn\u00e9 son accord aux demandes&nbsp; d\u2019agr\u00e9ment des personnalit\u00e9s diplomatiques ci-apr\u00e8s :&nbsp;<\/p>\n\n\n\n<p>\u2013&nbsp;<strong>Monsieur Bjorn KLOUMAN BEKKEN<\/strong>, en qualit\u00e9 d\u2019Ambassadeur&nbsp; Extraordinaire et Pl\u00e9nipotentiaire du Royaume de Norv\u00e8ge pr\u00e8s la&nbsp; R\u00e9publique Gabonaise avec r\u00e9sidence \u00e0 Kinshasa ;&nbsp;<\/p>\n\n\n\n<p>\u2013&nbsp;<strong>Monsieur L\u00e9o TREMBLEY,&nbsp;<\/strong>en qualit\u00e9 d\u2019Ambassadeur Extraordinaire et&nbsp; Pl\u00e9nipotentiaire de la Conf\u00e9d\u00e9ration Suisse pr\u00e8s la R\u00e9publique Gabonaise,&nbsp; avec r\u00e9sidence \u00e0 Kinshasa.&nbsp;<\/p>\n\n\n\n<p>Le Conseil a \u00e9galement pris connaissance de la note relative \u00e0 la d\u00e9gradation&nbsp; rapide de la situation humanitaire des r\u00e9fugi\u00e9s congolais (RDC) au Burundi,&nbsp; cons\u00e9cutive \u00e0 l\u2019intensification des violences dans l\u2019Est de la R\u00e9publique&nbsp; D\u00e9mocratique du Congo (RDC).&nbsp;&nbsp;<\/p>\n\n\n\n<p>Cette crise, marqu\u00e9e par un afflux massif de populations civiles, touche&nbsp; principalement des femmes et des enfants vivant dans des conditions de&nbsp; pr\u00e9carit\u00e9 extr\u00eame, avec de graves d\u00e9ficits en abris, alimentation, sant\u00e9 et services&nbsp; de base.&nbsp;&nbsp;<\/p>\n\n\n\n<p>Le Gouvernement a \u00e9t\u00e9 sensibilis\u00e9 \u00e0 l\u2019urgence humanitaire et \u00e0 l\u2019appel \u00e0 la&nbsp; solidarit\u00e9 r\u00e9gionale et internationale lanc\u00e9 par la CEEAC, afin d\u2019\u00e9viter une&nbsp; aggravation de cette crise aux cons\u00e9quences s\u00e9curitaires et humanitaires&nbsp; majeures.<\/p>\n\n\n\n<p><strong>MINISTERE DE LA SANTE<\/strong><strong>&nbsp;<\/strong><\/p>\n\n\n\n<p>Suite \u00e0 la pr\u00e9sentation du Ministre, le Conseil a marqu\u00e9&nbsp;<strong>son accord pour la mise&nbsp; en \u0153uvre du plan d\u2019urgence, ainsi que pour l\u2019int\u00e9gration d\u2019une action visant&nbsp; l\u2019\u00e9largissement et la mise \u00e0 niveau de la voie d\u2019acc\u00e8s au Centre Hospitalier&nbsp; R\u00e9gional Estuaire\u2013Melen (CHREM) et au Centre National de Sant\u00e9 Mentale&nbsp; (CNSM)<\/strong>, \u00e0 la suite du sinistre survenu le lundi 15 d\u00e9cembre 2025.&nbsp;<\/p>\n\n\n\n<p><strong>MINISTERE DES MINES ET DES RESSOURCES GEOLOGIQUES&nbsp;<\/strong><\/p>\n\n\n\n<p>Le Conseil a valid\u00e9 le projet relatif \u00e0 l\u2019ensemble des engagements de l\u2019\u00c9tat pour la mise en \u0153uvre du projet minier de Belinga et des infrastructures&nbsp; connexes.&nbsp;<\/p>\n\n\n\n<p>En effet, ledit projet constitue un levier strat\u00e9gique majeur pour&nbsp; l\u2019industrialisation, la transformation locale des ressources naturelles et le&nbsp; d\u00e9veloppement \u00e9conomique durable de la R\u00e9publique Gabonaise.&nbsp;<\/p>\n\n\n\n<p><strong>MINISTERE DE L\u2019ECONOMIE NUMERIQUE, DE LA DIGITALISATION ET DE&nbsp;<\/strong><strong>&nbsp;<\/strong><strong>L\u2019INNOVATION<\/strong><strong>&nbsp;<\/strong><\/p>\n\n\n\n<p>Le Conseil des Ministres s\u2019est f\u00e9licit\u00e9s des avanc\u00e9es des d\u00e9cisions relatives&nbsp; au renforcement de la coop\u00e9ration sous-r\u00e9gionale en mati\u00e8re de gestion et&nbsp; d\u2019utilisation rationnelle des fr\u00e9quences radio\u00e9lectriques avec ses pays limitrophes&nbsp; conform\u00e9ment aux dispositions r\u00e8glementaires nationales et au r\u00e8glement des&nbsp; communications de l\u2019Union Internationale des T\u00e9l\u00e9communications (UIT).&nbsp;<\/p>\n\n\n\n<p>Le Conseil a \u00e9galement marqu\u00e9 son accord \u00e0 la demande d\u2019autorisation&nbsp; pour le d\u00e9ploiement du plan d\u2019action relatif \u00e0 la mise en \u0153uvre du Registre Social&nbsp; Unique (RSU) ce conform\u00e9ment \u00e0 l\u2019ordonnance n\u00b00006\/PR\/2025 du 12 ao\u00fbt 2025&nbsp; portant digitalisation des caisses de prestations et de pr\u00e9voyance sociale.&nbsp;<\/p>\n\n\n\n<p>le Conseil a pris note de l\u2019op\u00e9rationnalisation des trois programmes&nbsp; structurants MADIGIPAIE, Ecoles connect\u00e9es et Wifi \u00e0 Bord du train SETRAG&nbsp; destin\u00e9es \u00e0 acc\u00e9l\u00e9rer la transformation num\u00e9rique du pays au b\u00e9n\u00e9fice de&nbsp; l\u2019\u00e9conomie, de l\u2019\u00e9ducation et de l\u2019am\u00e9lioration concr\u00e8te des conditions de vie des&nbsp; populations.<\/p>\n\n\n\n<p>De m\u00eame, dans le cadre du renforcement de la coop\u00e9ration r\u00e9gionale, le&nbsp; Conseil a approuv\u00e9 la signature et la mise en service des trois accords historiques&nbsp; et strat\u00e9giques avec la R\u00e9publique de Guin\u00e9e Equatorial marquant une avanc\u00e9e&nbsp; majeure dans l\u2019int\u00e9gration num\u00e9rique entre les deux pays.&nbsp;<\/p>\n\n\n\n<p>\u2013 Le premier accord porte sur la suppression des frais d\u2019itin\u00e9rance (roaming) ; \u2013 Le deuxi\u00e8me a permis la suppression des interf\u00e9rences sur les r\u00e9seaux de t\u00e9l\u00e9communications dans la zone frontali\u00e8re entre Oyem et Mongomo ; \u2013 Enfin, le troisi\u00e8me \u00e0 permis au Gabon et la Guin\u00e9e Equatorial de proc\u00e9der \u00e0 l\u2019interconnexion de leurs r\u00e9seaux de fibre optique.&nbsp;<\/p>\n\n\n\n<p><strong>MINISTERE DE L\u2019ENTREPRENEURIAT, DU COMMERCE ET DES PME\/PMI&nbsp;<\/strong><\/p>\n\n\n\n<p>Le Conseil a suivi avec attention la pr\u00e9sentation du plan triennal de&nbsp; d\u00e9veloppement et de promotion de l\u2019\u00c9conomie Sociale et Solidaire, con\u00e7u&nbsp; comme une strat\u00e9gie structurante visant \u00e0 renforcer ce secteur afin de contribuer&nbsp; \u00e0 l\u2019inclusion sociale, \u00e0 la cr\u00e9ation d\u2019emplois et de richesse.&nbsp;&nbsp;<\/p>\n\n\n\n<p>Ce plan ambitionne ainsi de poser les fondements d\u2019une politique publique&nbsp; coh\u00e9rente en faveur de l\u2019\u00c9conomie Sociale et Solidaire, adapt\u00e9e aux r\u00e9alit\u00e9s&nbsp; socio-\u00e9conomiques nationales.&nbsp;<\/p>\n\n\n\n<p><strong>Enfin, s\u2019agissant des mesures individuelles, le Conseil a pris les d\u00e9cisions&nbsp; suivantes :&nbsp;<\/strong><\/p>\n\n\n\n<p><strong>MINISTERE DE LA FONCTION PUBLIQUE ET DU RENFORCEMENT DE&nbsp;<\/strong><strong>&nbsp;<\/strong><strong>CAPACITES&nbsp;<\/strong><strong>&nbsp;<\/strong><\/p>\n\n\n\n<p><strong>CABINET DU MINISTRE<\/strong><strong>&nbsp;<\/strong><\/p>\n\n\n\n<p>Il est mis fin aux fonctions des membres du Cabinet du Ministre.&nbsp;<\/p>\n\n\n\n<p>En outre, les responsables administratifs ci-apr\u00e8s d\u00e9sign\u00e9s sont suspendus de&nbsp; leurs fonctions jusqu\u2019\u00e0 nouvel ordre :&nbsp;<\/p>\n\n\n\n<p>\u2013&nbsp;<strong>Colonel Jonas SAMBI<\/strong>, Secr\u00e9taire G\u00e9n\u00e9ral ;&nbsp;<\/p>\n\n\n\n<p>\u2013&nbsp;<strong>M. Elie Christian AGHOMA-MOLOMBO<\/strong>, Secr\u00e9taire G\u00e9n\u00e9ral Adjoint ;<\/p>\n\n\n\n<p>\u2013&nbsp;<strong>Mme Edith KOMBILA<\/strong>, Directeur G\u00e9n\u00e9ral de la Fonction Publique ; \u2013&nbsp;<strong>M. Jean MABICKA<\/strong>, Directeur Central des Archives et de la Documentation ; \u2013&nbsp;<strong>M. Jacques ADA<\/strong>, Directeur de la Gestion des Personnels et du Contentieux&nbsp; ;&nbsp;<\/p>\n\n\n\n<p>\u2013&nbsp;<strong>Mme Zeinabou MBOUROUBA<\/strong>,&nbsp;<strong>\u00e9pouse ALARA<\/strong>, Directeur du Recrutement&nbsp; ;&nbsp;<\/p>\n\n\n\n<p>\u2013&nbsp;<strong>Mme Teclaire MEKUI OWONO<\/strong>, Directeur Central de la Communication.&nbsp;<\/p>\n\n\n\n<p>Le Ministre de la Fonction Publique est charg\u00e9 de veiller, pour ce qui le concerne,&nbsp; \u00e0 l\u2019application de la pr\u00e9sente d\u00e9cision ainsi qu\u2019\u00e0 celle des mesures relatives aux&nbsp; int\u00e9rims, afin d\u2019assurer la continuit\u00e9 du service.&nbsp;<\/p>\n\n\n\n<p><strong>MINISTERE DU LOGEMENT, DE L\u2019HABITAT, DE L\u2019URBANISME ET DU&nbsp;<\/strong><strong>&nbsp;<\/strong><strong>CADASTRE<\/strong><strong>&nbsp;<\/strong><\/p>\n\n\n\n<p><strong>Province du Woleu-Ntem&nbsp;<\/strong><\/p>\n\n\n\n<p>\u2013&nbsp;<strong>M. Soumar\u00e9 KOMBILA,&nbsp;<\/strong>Chef de Service de l\u2019Urbanisme \u00e0 la Direction&nbsp; Provinciale du Cadastre, de l\u2019Urbanisme et de l\u2019Habitat, est suspendu de ses&nbsp; fonctions jusqu\u2019\u00e0 nouvel ordre.&nbsp;<\/p>\n\n\n\n<p>Le Gouverneur et le Directeur Provincial du Cadastre, de l\u2019Urbanisme et de&nbsp; l\u2019Habitat sont charg\u00e9s, chacun en ce qui le concerne, de veiller \u00e0 l\u2019application de la&nbsp; pr\u00e9sente d\u00e9cision.&nbsp;<\/p>\n\n\n\n<p><strong>Fin.<\/strong><\/p>\n","protected":false},"excerpt":{"rendered":"<p>Sous la Tr\u00e8s Haute Pr\u00e9sidence de Son Excellence Brice Clotaire OLIGUI&nbsp; NGUEMA, Pr\u00e9sident de la R\u00e9publique, Chef de l\u2019\u00c9tat, Chef du Gouvernement, le&nbsp; Conseil des Ministres s\u2019est r\u00e9uni ce jeudi 18 d\u00e9cembre 2025, \u00e0 11 h 00, dans la salle habituelle des d\u00e9lib\u00e9rations, au Palais de la Pr\u00e9sidence de la R\u00e9publique.&nbsp; Ouvrant les travaux, le [&hellip;]<\/p>\n","protected":false},"author":7,"featured_media":24290,"comment_status":"open","ping_status":"open","sticky":false,"template":"","format":"standard","meta":{"footnotes":""},"categories":[57,55,65],"tags":[],"class_list":["post-24289","post","type-post","status-publish","format-standard","has-post-thumbnail","hentry","category-a-la-une","category-actualites","category-politique-podcasts"],"yoast_head":"<!-- This site is optimized with the Yoast SEO plugin v24.2 - https:\/\/yoast.com\/wordpress\/plugins\/seo\/ -->\n<title>Communiqu\u00e9 final du Conseil des Ministres du 18 d\u00e9cembre 2025 - Gabon Nouvelle Vision<\/title>\n<meta name=\"robots\" content=\"index, follow, max-snippet:-1, max-image-preview:large, max-video-preview:-1\" \/>\n<link rel=\"canonical\" href=\"https:\/\/gabonnouvellevision.com\/gnv\/2025\/12\/19\/communique-final-du-conseil-des-ministres-du-18-decembre-2025\/\" \/>\n<meta property=\"og:locale\" content=\"fr_FR\" \/>\n<meta property=\"og:type\" content=\"article\" \/>\n<meta property=\"og:title\" content=\"Communiqu\u00e9 final du Conseil des Ministres du 18 d\u00e9cembre 2025 - Gabon Nouvelle Vision\" \/>\n<meta property=\"og:description\" content=\"Sous la Tr\u00e8s Haute Pr\u00e9sidence de Son Excellence Brice Clotaire OLIGUI&nbsp; NGUEMA, Pr\u00e9sident de la R\u00e9publique, Chef de l\u2019\u00c9tat, Chef du Gouvernement, le&nbsp; Conseil des Ministres s\u2019est r\u00e9uni ce jeudi 18 d\u00e9cembre 2025, \u00e0 11 h 00, dans la salle habituelle des d\u00e9lib\u00e9rations, au Palais de la Pr\u00e9sidence de la R\u00e9publique.&nbsp; Ouvrant les travaux, le [&hellip;]\" \/>\n<meta property=\"og:url\" content=\"https:\/\/gabonnouvellevision.com\/gnv\/2025\/12\/19\/communique-final-du-conseil-des-ministres-du-18-decembre-2025\/\" \/>\n<meta property=\"og:site_name\" content=\"Gabon Nouvelle Vision\" \/>\n<meta property=\"article:publisher\" content=\"https:\/\/www.facebook.com\/GNVofficiel\" \/>\n<meta property=\"article:published_time\" content=\"2025-12-19T08:08:04+00:00\" \/>\n<meta property=\"article:modified_time\" content=\"2025-12-19T08:09:08+00:00\" \/>\n<meta property=\"og:image\" content=\"https:\/\/gabonnouvellevision.com\/gnv\/wp-content\/uploads\/2025\/12\/Gabon-Gabonmediatime_Conseil-des-ministres-1.jpg\" \/>\n\t<meta property=\"og:image:width\" content=\"960\" \/>\n\t<meta property=\"og:image:height\" content=\"540\" \/>\n\t<meta property=\"og:image:type\" content=\"image\/jpeg\" \/>\n<meta name=\"author\" content=\"Eyeng Obame\" \/>\n<meta name=\"twitter:card\" content=\"summary_large_image\" \/>\n<meta name=\"twitter:label1\" content=\"\u00c9crit par\" \/>\n\t<meta name=\"twitter:data1\" content=\"Eyeng Obame\" \/>\n\t<meta name=\"twitter:label2\" content=\"Dur\u00e9e de lecture estim\u00e9e\" \/>\n\t<meta name=\"twitter:data2\" content=\"17 minutes\" \/>\n<script type=\"application\/ld+json\" class=\"yoast-schema-graph\">{\"@context\":\"https:\/\/schema.org\",\"@graph\":[{\"@type\":\"Article\",\"@id\":\"https:\/\/gabonnouvellevision.com\/gnv\/2025\/12\/19\/communique-final-du-conseil-des-ministres-du-18-decembre-2025\/#article\",\"isPartOf\":{\"@id\":\"https:\/\/gabonnouvellevision.com\/gnv\/2025\/12\/19\/communique-final-du-conseil-des-ministres-du-18-decembre-2025\/\"},\"author\":{\"name\":\"Eyeng Obame\",\"@id\":\"https:\/\/gabonnouvellevision.com\/gnv\/#\/schema\/person\/4b48e07d222f83c0285affc3704bc899\"},\"headline\":\"Communiqu\u00e9 final du Conseil des Ministres du 18 d\u00e9cembre 2025\",\"datePublished\":\"2025-12-19T08:08:04+00:00\",\"dateModified\":\"2025-12-19T08:09:08+00:00\",\"mainEntityOfPage\":{\"@id\":\"https:\/\/gabonnouvellevision.com\/gnv\/2025\/12\/19\/communique-final-du-conseil-des-ministres-du-18-decembre-2025\/\"},\"wordCount\":4172,\"commentCount\":0,\"publisher\":{\"@id\":\"https:\/\/gabonnouvellevision.com\/gnv\/#organization\"},\"image\":{\"@id\":\"https:\/\/gabonnouvellevision.com\/gnv\/2025\/12\/19\/communique-final-du-conseil-des-ministres-du-18-decembre-2025\/#primaryimage\"},\"thumbnailUrl\":\"https:\/\/gabonnouvellevision.com\/gnv\/wp-content\/uploads\/2025\/12\/Gabon-Gabonmediatime_Conseil-des-ministres-1.jpg\",\"articleSection\":[\"A la une\",\"Actualites\",\"Politique\"],\"inLanguage\":\"fr-FR\",\"potentialAction\":[{\"@type\":\"CommentAction\",\"name\":\"Comment\",\"target\":[\"https:\/\/gabonnouvellevision.com\/gnv\/2025\/12\/19\/communique-final-du-conseil-des-ministres-du-18-decembre-2025\/#respond\"]}]},{\"@type\":\"WebPage\",\"@id\":\"https:\/\/gabonnouvellevision.com\/gnv\/2025\/12\/19\/communique-final-du-conseil-des-ministres-du-18-decembre-2025\/\",\"url\":\"https:\/\/gabonnouvellevision.com\/gnv\/2025\/12\/19\/communique-final-du-conseil-des-ministres-du-18-decembre-2025\/\",\"name\":\"Communiqu\u00e9 final du Conseil des Ministres du 18 d\u00e9cembre 2025 - Gabon Nouvelle Vision\",\"isPartOf\":{\"@id\":\"https:\/\/gabonnouvellevision.com\/gnv\/#website\"},\"primaryImageOfPage\":{\"@id\":\"https:\/\/gabonnouvellevision.com\/gnv\/2025\/12\/19\/communique-final-du-conseil-des-ministres-du-18-decembre-2025\/#primaryimage\"},\"image\":{\"@id\":\"https:\/\/gabonnouvellevision.com\/gnv\/2025\/12\/19\/communique-final-du-conseil-des-ministres-du-18-decembre-2025\/#primaryimage\"},\"thumbnailUrl\":\"https:\/\/gabonnouvellevision.com\/gnv\/wp-content\/uploads\/2025\/12\/Gabon-Gabonmediatime_Conseil-des-ministres-1.jpg\",\"datePublished\":\"2025-12-19T08:08:04+00:00\",\"dateModified\":\"2025-12-19T08:09:08+00:00\",\"breadcrumb\":{\"@id\":\"https:\/\/gabonnouvellevision.com\/gnv\/2025\/12\/19\/communique-final-du-conseil-des-ministres-du-18-decembre-2025\/#breadcrumb\"},\"inLanguage\":\"fr-FR\",\"potentialAction\":[{\"@type\":\"ReadAction\",\"target\":[\"https:\/\/gabonnouvellevision.com\/gnv\/2025\/12\/19\/communique-final-du-conseil-des-ministres-du-18-decembre-2025\/\"]}]},{\"@type\":\"ImageObject\",\"inLanguage\":\"fr-FR\",\"@id\":\"https:\/\/gabonnouvellevision.com\/gnv\/2025\/12\/19\/communique-final-du-conseil-des-ministres-du-18-decembre-2025\/#primaryimage\",\"url\":\"https:\/\/gabonnouvellevision.com\/gnv\/wp-content\/uploads\/2025\/12\/Gabon-Gabonmediatime_Conseil-des-ministres-1.jpg\",\"contentUrl\":\"https:\/\/gabonnouvellevision.com\/gnv\/wp-content\/uploads\/2025\/12\/Gabon-Gabonmediatime_Conseil-des-ministres-1.jpg\",\"width\":960,\"height\":540},{\"@type\":\"BreadcrumbList\",\"@id\":\"https:\/\/gabonnouvellevision.com\/gnv\/2025\/12\/19\/communique-final-du-conseil-des-ministres-du-18-decembre-2025\/#breadcrumb\",\"itemListElement\":[{\"@type\":\"ListItem\",\"position\":1,\"name\":\"Accueil\",\"item\":\"https:\/\/gabonnouvellevision.com\/gnv\/\"},{\"@type\":\"ListItem\",\"position\":2,\"name\":\"Communiqu\u00e9 final du Conseil des Ministres du 18 d\u00e9cembre 2025\"}]},{\"@type\":\"WebSite\",\"@id\":\"https:\/\/gabonnouvellevision.com\/gnv\/#website\",\"url\":\"https:\/\/gabonnouvellevision.com\/gnv\/\",\"name\":\"Gabon Nouvelle Vision\",\"description\":\"\",\"publisher\":{\"@id\":\"https:\/\/gabonnouvellevision.com\/gnv\/#organization\"},\"potentialAction\":[{\"@type\":\"SearchAction\",\"target\":{\"@type\":\"EntryPoint\",\"urlTemplate\":\"https:\/\/gabonnouvellevision.com\/gnv\/?s={search_term_string}\"},\"query-input\":{\"@type\":\"PropertyValueSpecification\",\"valueRequired\":true,\"valueName\":\"search_term_string\"}}],\"inLanguage\":\"fr-FR\"},{\"@type\":\"Organization\",\"@id\":\"https:\/\/gabonnouvellevision.com\/gnv\/#organization\",\"name\":\"Gabon Nouvelle Vision\",\"url\":\"https:\/\/gabonnouvellevision.com\/gnv\/\",\"logo\":{\"@type\":\"ImageObject\",\"inLanguage\":\"fr-FR\",\"@id\":\"https:\/\/gabonnouvellevision.com\/gnv\/#\/schema\/logo\/image\/\",\"url\":\"https:\/\/gabonnouvellevision.com\/gnv\/wp-content\/uploads\/2025\/01\/logo-text_Plan-de-travail-1.png\",\"contentUrl\":\"https:\/\/gabonnouvellevision.com\/gnv\/wp-content\/uploads\/2025\/01\/logo-text_Plan-de-travail-1.png\",\"width\":7169,\"height\":2390,\"caption\":\"Gabon Nouvelle Vision\"},\"image\":{\"@id\":\"https:\/\/gabonnouvellevision.com\/gnv\/#\/schema\/logo\/image\/\"},\"sameAs\":[\"https:\/\/www.facebook.com\/GNVofficiel\"]},{\"@type\":\"Person\",\"@id\":\"https:\/\/gabonnouvellevision.com\/gnv\/#\/schema\/person\/4b48e07d222f83c0285affc3704bc899\",\"name\":\"Eyeng Obame\",\"image\":{\"@type\":\"ImageObject\",\"inLanguage\":\"fr-FR\",\"@id\":\"https:\/\/gabonnouvellevision.com\/gnv\/#\/schema\/person\/image\/\",\"url\":\"https:\/\/secure.gravatar.com\/avatar\/167bc03b8baf3c77318a47159f80871de6f5a6cbf4bc8b6af750fbc1a369d7bf?s=96&d=mm&r=g\",\"contentUrl\":\"https:\/\/secure.gravatar.com\/avatar\/167bc03b8baf3c77318a47159f80871de6f5a6cbf4bc8b6af750fbc1a369d7bf?s=96&d=mm&r=g\",\"caption\":\"Eyeng Obame\"},\"url\":\"https:\/\/gabonnouvellevision.com\/gnv\/author\/rufin\/\"}]}<\/script>\n<!-- \/ Yoast SEO plugin. -->","yoast_head_json":{"title":"Communiqu\u00e9 final du Conseil des Ministres du 18 d\u00e9cembre 2025 - Gabon Nouvelle Vision","robots":{"index":"index","follow":"follow","max-snippet":"max-snippet:-1","max-image-preview":"max-image-preview:large","max-video-preview":"max-video-preview:-1"},"canonical":"https:\/\/gabonnouvellevision.com\/gnv\/2025\/12\/19\/communique-final-du-conseil-des-ministres-du-18-decembre-2025\/","og_locale":"fr_FR","og_type":"article","og_title":"Communiqu\u00e9 final du Conseil des Ministres du 18 d\u00e9cembre 2025 - Gabon Nouvelle Vision","og_description":"Sous la Tr\u00e8s Haute Pr\u00e9sidence de Son Excellence Brice Clotaire OLIGUI&nbsp; NGUEMA, Pr\u00e9sident de la R\u00e9publique, Chef de l\u2019\u00c9tat, Chef du Gouvernement, le&nbsp; Conseil des Ministres s\u2019est r\u00e9uni ce jeudi 18 d\u00e9cembre 2025, \u00e0 11 h 00, dans la salle habituelle des d\u00e9lib\u00e9rations, au Palais de la Pr\u00e9sidence de la R\u00e9publique.&nbsp; Ouvrant les travaux, le [&hellip;]","og_url":"https:\/\/gabonnouvellevision.com\/gnv\/2025\/12\/19\/communique-final-du-conseil-des-ministres-du-18-decembre-2025\/","og_site_name":"Gabon Nouvelle Vision","article_publisher":"https:\/\/www.facebook.com\/GNVofficiel","article_published_time":"2025-12-19T08:08:04+00:00","article_modified_time":"2025-12-19T08:09:08+00:00","og_image":[{"width":960,"height":540,"url":"https:\/\/gabonnouvellevision.com\/gnv\/wp-content\/uploads\/2025\/12\/Gabon-Gabonmediatime_Conseil-des-ministres-1.jpg","type":"image\/jpeg"}],"author":"Eyeng Obame","twitter_card":"summary_large_image","twitter_misc":{"\u00c9crit par":"Eyeng Obame","Dur\u00e9e de lecture estim\u00e9e":"17 minutes"},"schema":{"@context":"https:\/\/schema.org","@graph":[{"@type":"Article","@id":"https:\/\/gabonnouvellevision.com\/gnv\/2025\/12\/19\/communique-final-du-conseil-des-ministres-du-18-decembre-2025\/#article","isPartOf":{"@id":"https:\/\/gabonnouvellevision.com\/gnv\/2025\/12\/19\/communique-final-du-conseil-des-ministres-du-18-decembre-2025\/"},"author":{"name":"Eyeng Obame","@id":"https:\/\/gabonnouvellevision.com\/gnv\/#\/schema\/person\/4b48e07d222f83c0285affc3704bc899"},"headline":"Communiqu\u00e9 final du Conseil des Ministres du 18 d\u00e9cembre 2025","datePublished":"2025-12-19T08:08:04+00:00","dateModified":"2025-12-19T08:09:08+00:00","mainEntityOfPage":{"@id":"https:\/\/gabonnouvellevision.com\/gnv\/2025\/12\/19\/communique-final-du-conseil-des-ministres-du-18-decembre-2025\/"},"wordCount":4172,"commentCount":0,"publisher":{"@id":"https:\/\/gabonnouvellevision.com\/gnv\/#organization"},"image":{"@id":"https:\/\/gabonnouvellevision.com\/gnv\/2025\/12\/19\/communique-final-du-conseil-des-ministres-du-18-decembre-2025\/#primaryimage"},"thumbnailUrl":"https:\/\/gabonnouvellevision.com\/gnv\/wp-content\/uploads\/2025\/12\/Gabon-Gabonmediatime_Conseil-des-ministres-1.jpg","articleSection":["A la une","Actualites","Politique"],"inLanguage":"fr-FR","potentialAction":[{"@type":"CommentAction","name":"Comment","target":["https:\/\/gabonnouvellevision.com\/gnv\/2025\/12\/19\/communique-final-du-conseil-des-ministres-du-18-decembre-2025\/#respond"]}]},{"@type":"WebPage","@id":"https:\/\/gabonnouvellevision.com\/gnv\/2025\/12\/19\/communique-final-du-conseil-des-ministres-du-18-decembre-2025\/","url":"https:\/\/gabonnouvellevision.com\/gnv\/2025\/12\/19\/communique-final-du-conseil-des-ministres-du-18-decembre-2025\/","name":"Communiqu\u00e9 final du Conseil des Ministres du 18 d\u00e9cembre 2025 - Gabon Nouvelle Vision","isPartOf":{"@id":"https:\/\/gabonnouvellevision.com\/gnv\/#website"},"primaryImageOfPage":{"@id":"https:\/\/gabonnouvellevision.com\/gnv\/2025\/12\/19\/communique-final-du-conseil-des-ministres-du-18-decembre-2025\/#primaryimage"},"image":{"@id":"https:\/\/gabonnouvellevision.com\/gnv\/2025\/12\/19\/communique-final-du-conseil-des-ministres-du-18-decembre-2025\/#primaryimage"},"thumbnailUrl":"https:\/\/gabonnouvellevision.com\/gnv\/wp-content\/uploads\/2025\/12\/Gabon-Gabonmediatime_Conseil-des-ministres-1.jpg","datePublished":"2025-12-19T08:08:04+00:00","dateModified":"2025-12-19T08:09:08+00:00","breadcrumb":{"@id":"https:\/\/gabonnouvellevision.com\/gnv\/2025\/12\/19\/communique-final-du-conseil-des-ministres-du-18-decembre-2025\/#breadcrumb"},"inLanguage":"fr-FR","potentialAction":[{"@type":"ReadAction","target":["https:\/\/gabonnouvellevision.com\/gnv\/2025\/12\/19\/communique-final-du-conseil-des-ministres-du-18-decembre-2025\/"]}]},{"@type":"ImageObject","inLanguage":"fr-FR","@id":"https:\/\/gabonnouvellevision.com\/gnv\/2025\/12\/19\/communique-final-du-conseil-des-ministres-du-18-decembre-2025\/#primaryimage","url":"https:\/\/gabonnouvellevision.com\/gnv\/wp-content\/uploads\/2025\/12\/Gabon-Gabonmediatime_Conseil-des-ministres-1.jpg","contentUrl":"https:\/\/gabonnouvellevision.com\/gnv\/wp-content\/uploads\/2025\/12\/Gabon-Gabonmediatime_Conseil-des-ministres-1.jpg","width":960,"height":540},{"@type":"BreadcrumbList","@id":"https:\/\/gabonnouvellevision.com\/gnv\/2025\/12\/19\/communique-final-du-conseil-des-ministres-du-18-decembre-2025\/#breadcrumb","itemListElement":[{"@type":"ListItem","position":1,"name":"Accueil","item":"https:\/\/gabonnouvellevision.com\/gnv\/"},{"@type":"ListItem","position":2,"name":"Communiqu\u00e9 final du Conseil des Ministres du 18 d\u00e9cembre 2025"}]},{"@type":"WebSite","@id":"https:\/\/gabonnouvellevision.com\/gnv\/#website","url":"https:\/\/gabonnouvellevision.com\/gnv\/","name":"Gabon Nouvelle Vision","description":"","publisher":{"@id":"https:\/\/gabonnouvellevision.com\/gnv\/#organization"},"potentialAction":[{"@type":"SearchAction","target":{"@type":"EntryPoint","urlTemplate":"https:\/\/gabonnouvellevision.com\/gnv\/?s={search_term_string}"},"query-input":{"@type":"PropertyValueSpecification","valueRequired":true,"valueName":"search_term_string"}}],"inLanguage":"fr-FR"},{"@type":"Organization","@id":"https:\/\/gabonnouvellevision.com\/gnv\/#organization","name":"Gabon Nouvelle Vision","url":"https:\/\/gabonnouvellevision.com\/gnv\/","logo":{"@type":"ImageObject","inLanguage":"fr-FR","@id":"https:\/\/gabonnouvellevision.com\/gnv\/#\/schema\/logo\/image\/","url":"https:\/\/gabonnouvellevision.com\/gnv\/wp-content\/uploads\/2025\/01\/logo-text_Plan-de-travail-1.png","contentUrl":"https:\/\/gabonnouvellevision.com\/gnv\/wp-content\/uploads\/2025\/01\/logo-text_Plan-de-travail-1.png","width":7169,"height":2390,"caption":"Gabon Nouvelle Vision"},"image":{"@id":"https:\/\/gabonnouvellevision.com\/gnv\/#\/schema\/logo\/image\/"},"sameAs":["https:\/\/www.facebook.com\/GNVofficiel"]},{"@type":"Person","@id":"https:\/\/gabonnouvellevision.com\/gnv\/#\/schema\/person\/4b48e07d222f83c0285affc3704bc899","name":"Eyeng Obame","image":{"@type":"ImageObject","inLanguage":"fr-FR","@id":"https:\/\/gabonnouvellevision.com\/gnv\/#\/schema\/person\/image\/","url":"https:\/\/secure.gravatar.com\/avatar\/167bc03b8baf3c77318a47159f80871de6f5a6cbf4bc8b6af750fbc1a369d7bf?s=96&d=mm&r=g","contentUrl":"https:\/\/secure.gravatar.com\/avatar\/167bc03b8baf3c77318a47159f80871de6f5a6cbf4bc8b6af750fbc1a369d7bf?s=96&d=mm&r=g","caption":"Eyeng Obame"},"url":"https:\/\/gabonnouvellevision.com\/gnv\/author\/rufin\/"}]}},"_links":{"self":[{"href":"https:\/\/gabonnouvellevision.com\/gnv\/wp-json\/wp\/v2\/posts\/24289","targetHints":{"allow":["GET"]}}],"collection":[{"href":"https:\/\/gabonnouvellevision.com\/gnv\/wp-json\/wp\/v2\/posts"}],"about":[{"href":"https:\/\/gabonnouvellevision.com\/gnv\/wp-json\/wp\/v2\/types\/post"}],"author":[{"embeddable":true,"href":"https:\/\/gabonnouvellevision.com\/gnv\/wp-json\/wp\/v2\/users\/7"}],"replies":[{"embeddable":true,"href":"https:\/\/gabonnouvellevision.com\/gnv\/wp-json\/wp\/v2\/comments?post=24289"}],"version-history":[{"count":1,"href":"https:\/\/gabonnouvellevision.com\/gnv\/wp-json\/wp\/v2\/posts\/24289\/revisions"}],"predecessor-version":[{"id":24291,"href":"https:\/\/gabonnouvellevision.com\/gnv\/wp-json\/wp\/v2\/posts\/24289\/revisions\/24291"}],"wp:featuredmedia":[{"embeddable":true,"href":"https:\/\/gabonnouvellevision.com\/gnv\/wp-json\/wp\/v2\/media\/24290"}],"wp:attachment":[{"href":"https:\/\/gabonnouvellevision.com\/gnv\/wp-json\/wp\/v2\/media?parent=24289"}],"wp:term":[{"taxonomy":"category","embeddable":true,"href":"https:\/\/gabonnouvellevision.com\/gnv\/wp-json\/wp\/v2\/categories?post=24289"},{"taxonomy":"post_tag","embeddable":true,"href":"https:\/\/gabonnouvellevision.com\/gnv\/wp-json\/wp\/v2\/tags?post=24289"}],"curies":[{"name":"wp","href":"https:\/\/api.w.org\/{rel}","templated":true}]}}