{"id":24281,"date":"2025-11-24T09:46:39","date_gmt":"2025-11-24T08:46:39","guid":{"rendered":"https:\/\/gabonnouvellevision.com\/gnv\/?p=24281"},"modified":"2025-11-24T09:46:40","modified_gmt":"2025-11-24T08:46:40","slug":"le-president-macron-en-visite-au-gabon","status":"publish","type":"post","link":"https:\/\/gabonnouvellevision.com\/gnv\/2025\/11\/24\/le-president-macron-en-visite-au-gabon\/","title":{"rendered":"Le Pr\u00e9sident Macron en visite au Gabon !"},"content":{"rendered":"\n<p>Le Pr\u00e9sident Brice Clotaire Oligui Nguema a accueilli, hier apr\u00e8s-midi, son homologue fran\u00e7ais Emmanuel Macron, pour une visite d\u2019\u00c9tat marqu\u00e9e par les honneurs militaires et un entretien en t\u00eate-\u00e0-t\u00eate.<\/p>\n\n\n\n<p>Les \u00e9changes ont port\u00e9 sur la coop\u00e9ration bilat\u00e9rale, la modernisation du Chemin de Fer Transgabonais, la transformation \u00e9conomique du Gabon, l\u2019industrialisation du mangan\u00e8se et le renforcement des partenariats.<\/p>\n\n\n\n<p>Les deux Chefs d\u2019\u00c9tat ont r\u00e9affirm\u00e9 leur volont\u00e9 d\u2019un partenariat fond\u00e9 sur le respect mutuel, la transparence et le d\u00e9veloppement partag\u00e9.<\/p>\n\n\n\n<p>Sandrine Eyeng Obame<\/p>\n\n\n\n<p>Source: Communication Pr\u00e9sidentielle<\/p>\n","protected":false},"excerpt":{"rendered":"<p>Le Pr\u00e9sident Brice Clotaire Oligui Nguema a accueilli, hier apr\u00e8s-midi, son homologue fran\u00e7ais Emmanuel Macron, pour une visite d\u2019\u00c9tat marqu\u00e9e par les honneurs militaires et un entretien en t\u00eate-\u00e0-t\u00eate. Les \u00e9changes ont port\u00e9 sur la coop\u00e9ration bilat\u00e9rale, la modernisation du Chemin de Fer Transgabonais, la transformation \u00e9conomique du Gabon, l\u2019industrialisation du mangan\u00e8se et le renforcement [&hellip;]<\/p>\n","protected":false},"author":7,"featured_media":24282,"comment_status":"open","ping_status":"open","sticky":false,"template":"","format":"standard","meta":{"footnotes":""},"categories":[57,55,66],"tags":[],"class_list":["post-24281","post","type-post","status-publish","format-standard","has-post-thumbnail","hentry","category-a-la-une","category-actualites","category-diplomatie"],"yoast_head":"<!-- This site is optimized with the Yoast SEO plugin v24.2 - https:\/\/yoast.com\/wordpress\/plugins\/seo\/ -->\n<title>Le Pr\u00e9sident Macron en visite au Gabon ! - Gabon Nouvelle Vision<\/title>\n<meta name=\"robots\" content=\"index, follow, max-snippet:-1, max-image-preview:large, max-video-preview:-1\" \/>\n<link rel=\"canonical\" href=\"https:\/\/gabonnouvellevision.com\/gnv\/2025\/11\/24\/le-president-macron-en-visite-au-gabon\/\" \/>\n<meta property=\"og:locale\" content=\"fr_FR\" \/>\n<meta property=\"og:type\" content=\"article\" \/>\n<meta property=\"og:title\" content=\"Le Pr\u00e9sident Macron en visite au Gabon ! - Gabon Nouvelle Vision\" \/>\n<meta property=\"og:description\" content=\"Le Pr\u00e9sident Brice Clotaire Oligui Nguema a accueilli, hier apr\u00e8s-midi, son homologue fran\u00e7ais Emmanuel Macron, pour une visite d\u2019\u00c9tat marqu\u00e9e par les honneurs militaires et un entretien en t\u00eate-\u00e0-t\u00eate. Les \u00e9changes ont port\u00e9 sur la coop\u00e9ration bilat\u00e9rale, la modernisation du Chemin de Fer Transgabonais, la transformation \u00e9conomique du Gabon, l\u2019industrialisation du mangan\u00e8se et le renforcement [&hellip;]\" \/>\n<meta property=\"og:url\" content=\"https:\/\/gabonnouvellevision.com\/gnv\/2025\/11\/24\/le-president-macron-en-visite-au-gabon\/\" \/>\n<meta property=\"og:site_name\" content=\"Gabon Nouvelle Vision\" \/>\n<meta property=\"article:publisher\" content=\"https:\/\/www.facebook.com\/GNVofficiel\" \/>\n<meta property=\"article:published_time\" content=\"2025-11-24T08:46:39+00:00\" \/>\n<meta property=\"article:modified_time\" content=\"2025-11-24T08:46:40+00:00\" \/>\n<meta property=\"og:image\" content=\"https:\/\/gabonnouvellevision.com\/gnv\/wp-content\/uploads\/2025\/11\/586486939_122284443890025336_2059701719391713394_n.jpg\" \/>\n\t<meta property=\"og:image:width\" content=\"2048\" \/>\n\t<meta property=\"og:image:height\" content=\"1365\" \/>\n\t<meta property=\"og:image:type\" content=\"image\/jpeg\" \/>\n<meta name=\"author\" content=\"Eyeng Obame\" \/>\n<meta name=\"twitter:card\" content=\"summary_large_image\" \/>\n<meta name=\"twitter:label1\" content=\"\u00c9crit par\" \/>\n\t<meta name=\"twitter:data1\" content=\"Eyeng Obame\" \/>\n\t<meta name=\"twitter:label2\" content=\"Dur\u00e9e de lecture estim\u00e9e\" \/>\n\t<meta name=\"twitter:data2\" content=\"1 minute\" \/>\n<script type=\"application\/ld+json\" class=\"yoast-schema-graph\">{\"@context\":\"https:\/\/schema.org\",\"@graph\":[{\"@type\":\"Article\",\"@id\":\"https:\/\/gabonnouvellevision.com\/gnv\/2025\/11\/24\/le-president-macron-en-visite-au-gabon\/#article\",\"isPartOf\":{\"@id\":\"https:\/\/gabonnouvellevision.com\/gnv\/2025\/11\/24\/le-president-macron-en-visite-au-gabon\/\"},\"author\":{\"name\":\"Eyeng Obame\",\"@id\":\"https:\/\/gabonnouvellevision.com\/gnv\/#\/schema\/person\/4b48e07d222f83c0285affc3704bc899\"},\"headline\":\"Le Pr\u00e9sident Macron en visite au Gabon !\",\"datePublished\":\"2025-11-24T08:46:39+00:00\",\"dateModified\":\"2025-11-24T08:46:40+00:00\",\"mainEntityOfPage\":{\"@id\":\"https:\/\/gabonnouvellevision.com\/gnv\/2025\/11\/24\/le-president-macron-en-visite-au-gabon\/\"},\"wordCount\":109,\"commentCount\":0,\"publisher\":{\"@id\":\"https:\/\/gabonnouvellevision.com\/gnv\/#organization\"},\"image\":{\"@id\":\"https:\/\/gabonnouvellevision.com\/gnv\/2025\/11\/24\/le-president-macron-en-visite-au-gabon\/#primaryimage\"},\"thumbnailUrl\":\"https:\/\/gabonnouvellevision.com\/gnv\/wp-content\/uploads\/2025\/11\/586486939_122284443890025336_2059701719391713394_n.jpg\",\"articleSection\":[\"A la une\",\"Actualites\",\"Diplomatie\"],\"inLanguage\":\"fr-FR\",\"potentialAction\":[{\"@type\":\"CommentAction\",\"name\":\"Comment\",\"target\":[\"https:\/\/gabonnouvellevision.com\/gnv\/2025\/11\/24\/le-president-macron-en-visite-au-gabon\/#respond\"]}]},{\"@type\":\"WebPage\",\"@id\":\"https:\/\/gabonnouvellevision.com\/gnv\/2025\/11\/24\/le-president-macron-en-visite-au-gabon\/\",\"url\":\"https:\/\/gabonnouvellevision.com\/gnv\/2025\/11\/24\/le-president-macron-en-visite-au-gabon\/\",\"name\":\"Le Pr\u00e9sident Macron en visite au Gabon ! - Gabon Nouvelle Vision\",\"isPartOf\":{\"@id\":\"https:\/\/gabonnouvellevision.com\/gnv\/#website\"},\"primaryImageOfPage\":{\"@id\":\"https:\/\/gabonnouvellevision.com\/gnv\/2025\/11\/24\/le-president-macron-en-visite-au-gabon\/#primaryimage\"},\"image\":{\"@id\":\"https:\/\/gabonnouvellevision.com\/gnv\/2025\/11\/24\/le-president-macron-en-visite-au-gabon\/#primaryimage\"},\"thumbnailUrl\":\"https:\/\/gabonnouvellevision.com\/gnv\/wp-content\/uploads\/2025\/11\/586486939_122284443890025336_2059701719391713394_n.jpg\",\"datePublished\":\"2025-11-24T08:46:39+00:00\",\"dateModified\":\"2025-11-24T08:46:40+00:00\",\"breadcrumb\":{\"@id\":\"https:\/\/gabonnouvellevision.com\/gnv\/2025\/11\/24\/le-president-macron-en-visite-au-gabon\/#breadcrumb\"},\"inLanguage\":\"fr-FR\",\"potentialAction\":[{\"@type\":\"ReadAction\",\"target\":[\"https:\/\/gabonnouvellevision.com\/gnv\/2025\/11\/24\/le-president-macron-en-visite-au-gabon\/\"]}]},{\"@type\":\"ImageObject\",\"inLanguage\":\"fr-FR\",\"@id\":\"https:\/\/gabonnouvellevision.com\/gnv\/2025\/11\/24\/le-president-macron-en-visite-au-gabon\/#primaryimage\",\"url\":\"https:\/\/gabonnouvellevision.com\/gnv\/wp-content\/uploads\/2025\/11\/586486939_122284443890025336_2059701719391713394_n.jpg\",\"contentUrl\":\"https:\/\/gabonnouvellevision.com\/gnv\/wp-content\/uploads\/2025\/11\/586486939_122284443890025336_2059701719391713394_n.jpg\",\"width\":2048,\"height\":1365},{\"@type\":\"BreadcrumbList\",\"@id\":\"https:\/\/gabonnouvellevision.com\/gnv\/2025\/11\/24\/le-president-macron-en-visite-au-gabon\/#breadcrumb\",\"itemListElement\":[{\"@type\":\"ListItem\",\"position\":1,\"name\":\"Accueil\",\"item\":\"https:\/\/gabonnouvellevision.com\/gnv\/\"},{\"@type\":\"ListItem\",\"position\":2,\"name\":\"Le Pr\u00e9sident Macron en visite au Gabon !\"}]},{\"@type\":\"WebSite\",\"@id\":\"https:\/\/gabonnouvellevision.com\/gnv\/#website\",\"url\":\"https:\/\/gabonnouvellevision.com\/gnv\/\",\"name\":\"Gabon Nouvelle Vision\",\"description\":\"\",\"publisher\":{\"@id\":\"https:\/\/gabonnouvellevision.com\/gnv\/#organization\"},\"potentialAction\":[{\"@type\":\"SearchAction\",\"target\":{\"@type\":\"EntryPoint\",\"urlTemplate\":\"https:\/\/gabonnouvellevision.com\/gnv\/?s={search_term_string}\"},\"query-input\":{\"@type\":\"PropertyValueSpecification\",\"valueRequired\":true,\"valueName\":\"search_term_string\"}}],\"inLanguage\":\"fr-FR\"},{\"@type\":\"Organization\",\"@id\":\"https:\/\/gabonnouvellevision.com\/gnv\/#organization\",\"name\":\"Gabon Nouvelle Vision\",\"url\":\"https:\/\/gabonnouvellevision.com\/gnv\/\",\"logo\":{\"@type\":\"ImageObject\",\"inLanguage\":\"fr-FR\",\"@id\":\"https:\/\/gabonnouvellevision.com\/gnv\/#\/schema\/logo\/image\/\",\"url\":\"https:\/\/gabonnouvellevision.com\/gnv\/wp-content\/uploads\/2025\/01\/logo-text_Plan-de-travail-1.png\",\"contentUrl\":\"https:\/\/gabonnouvellevision.com\/gnv\/wp-content\/uploads\/2025\/01\/logo-text_Plan-de-travail-1.png\",\"width\":7169,\"height\":2390,\"caption\":\"Gabon Nouvelle Vision\"},\"image\":{\"@id\":\"https:\/\/gabonnouvellevision.com\/gnv\/#\/schema\/logo\/image\/\"},\"sameAs\":[\"https:\/\/www.facebook.com\/GNVofficiel\"]},{\"@type\":\"Person\",\"@id\":\"https:\/\/gabonnouvellevision.com\/gnv\/#\/schema\/person\/4b48e07d222f83c0285affc3704bc899\",\"name\":\"Eyeng Obame\",\"image\":{\"@type\":\"ImageObject\",\"inLanguage\":\"fr-FR\",\"@id\":\"https:\/\/gabonnouvellevision.com\/gnv\/#\/schema\/person\/image\/\",\"url\":\"https:\/\/secure.gravatar.com\/avatar\/167bc03b8baf3c77318a47159f80871de6f5a6cbf4bc8b6af750fbc1a369d7bf?s=96&d=mm&r=g\",\"contentUrl\":\"https:\/\/secure.gravatar.com\/avatar\/167bc03b8baf3c77318a47159f80871de6f5a6cbf4bc8b6af750fbc1a369d7bf?s=96&d=mm&r=g\",\"caption\":\"Eyeng Obame\"},\"url\":\"https:\/\/gabonnouvellevision.com\/gnv\/author\/rufin\/\"}]}<\/script>\n<!-- \/ Yoast SEO plugin. -->","yoast_head_json":{"title":"Le Pr\u00e9sident Macron en visite au Gabon ! - Gabon Nouvelle Vision","robots":{"index":"index","follow":"follow","max-snippet":"max-snippet:-1","max-image-preview":"max-image-preview:large","max-video-preview":"max-video-preview:-1"},"canonical":"https:\/\/gabonnouvellevision.com\/gnv\/2025\/11\/24\/le-president-macron-en-visite-au-gabon\/","og_locale":"fr_FR","og_type":"article","og_title":"Le Pr\u00e9sident Macron en visite au Gabon ! - Gabon Nouvelle Vision","og_description":"Le Pr\u00e9sident Brice Clotaire Oligui Nguema a accueilli, hier apr\u00e8s-midi, son homologue fran\u00e7ais Emmanuel Macron, pour une visite d\u2019\u00c9tat marqu\u00e9e par les honneurs militaires et un entretien en t\u00eate-\u00e0-t\u00eate. Les \u00e9changes ont port\u00e9 sur la coop\u00e9ration bilat\u00e9rale, la modernisation du Chemin de Fer Transgabonais, la transformation \u00e9conomique du Gabon, l\u2019industrialisation du mangan\u00e8se et le renforcement [&hellip;]","og_url":"https:\/\/gabonnouvellevision.com\/gnv\/2025\/11\/24\/le-president-macron-en-visite-au-gabon\/","og_site_name":"Gabon Nouvelle Vision","article_publisher":"https:\/\/www.facebook.com\/GNVofficiel","article_published_time":"2025-11-24T08:46:39+00:00","article_modified_time":"2025-11-24T08:46:40+00:00","og_image":[{"width":2048,"height":1365,"url":"https:\/\/gabonnouvellevision.com\/gnv\/wp-content\/uploads\/2025\/11\/586486939_122284443890025336_2059701719391713394_n.jpg","type":"image\/jpeg"}],"author":"Eyeng Obame","twitter_card":"summary_large_image","twitter_misc":{"\u00c9crit par":"Eyeng Obame","Dur\u00e9e de lecture estim\u00e9e":"1 minute"},"schema":{"@context":"https:\/\/schema.org","@graph":[{"@type":"Article","@id":"https:\/\/gabonnouvellevision.com\/gnv\/2025\/11\/24\/le-president-macron-en-visite-au-gabon\/#article","isPartOf":{"@id":"https:\/\/gabonnouvellevision.com\/gnv\/2025\/11\/24\/le-president-macron-en-visite-au-gabon\/"},"author":{"name":"Eyeng Obame","@id":"https:\/\/gabonnouvellevision.com\/gnv\/#\/schema\/person\/4b48e07d222f83c0285affc3704bc899"},"headline":"Le Pr\u00e9sident Macron en visite au Gabon !","datePublished":"2025-11-24T08:46:39+00:00","dateModified":"2025-11-24T08:46:40+00:00","mainEntityOfPage":{"@id":"https:\/\/gabonnouvellevision.com\/gnv\/2025\/11\/24\/le-president-macron-en-visite-au-gabon\/"},"wordCount":109,"commentCount":0,"publisher":{"@id":"https:\/\/gabonnouvellevision.com\/gnv\/#organization"},"image":{"@id":"https:\/\/gabonnouvellevision.com\/gnv\/2025\/11\/24\/le-president-macron-en-visite-au-gabon\/#primaryimage"},"thumbnailUrl":"https:\/\/gabonnouvellevision.com\/gnv\/wp-content\/uploads\/2025\/11\/586486939_122284443890025336_2059701719391713394_n.jpg","articleSection":["A la une","Actualites","Diplomatie"],"inLanguage":"fr-FR","potentialAction":[{"@type":"CommentAction","name":"Comment","target":["https:\/\/gabonnouvellevision.com\/gnv\/2025\/11\/24\/le-president-macron-en-visite-au-gabon\/#respond"]}]},{"@type":"WebPage","@id":"https:\/\/gabonnouvellevision.com\/gnv\/2025\/11\/24\/le-president-macron-en-visite-au-gabon\/","url":"https:\/\/gabonnouvellevision.com\/gnv\/2025\/11\/24\/le-president-macron-en-visite-au-gabon\/","name":"Le Pr\u00e9sident Macron en visite au Gabon ! - Gabon Nouvelle Vision","isPartOf":{"@id":"https:\/\/gabonnouvellevision.com\/gnv\/#website"},"primaryImageOfPage":{"@id":"https:\/\/gabonnouvellevision.com\/gnv\/2025\/11\/24\/le-president-macron-en-visite-au-gabon\/#primaryimage"},"image":{"@id":"https:\/\/gabonnouvellevision.com\/gnv\/2025\/11\/24\/le-president-macron-en-visite-au-gabon\/#primaryimage"},"thumbnailUrl":"https:\/\/gabonnouvellevision.com\/gnv\/wp-content\/uploads\/2025\/11\/586486939_122284443890025336_2059701719391713394_n.jpg","datePublished":"2025-11-24T08:46:39+00:00","dateModified":"2025-11-24T08:46:40+00:00","breadcrumb":{"@id":"https:\/\/gabonnouvellevision.com\/gnv\/2025\/11\/24\/le-president-macron-en-visite-au-gabon\/#breadcrumb"},"inLanguage":"fr-FR","potentialAction":[{"@type":"ReadAction","target":["https:\/\/gabonnouvellevision.com\/gnv\/2025\/11\/24\/le-president-macron-en-visite-au-gabon\/"]}]},{"@type":"ImageObject","inLanguage":"fr-FR","@id":"https:\/\/gabonnouvellevision.com\/gnv\/2025\/11\/24\/le-president-macron-en-visite-au-gabon\/#primaryimage","url":"https:\/\/gabonnouvellevision.com\/gnv\/wp-content\/uploads\/2025\/11\/586486939_122284443890025336_2059701719391713394_n.jpg","contentUrl":"https:\/\/gabonnouvellevision.com\/gnv\/wp-content\/uploads\/2025\/11\/586486939_122284443890025336_2059701719391713394_n.jpg","width":2048,"height":1365},{"@type":"BreadcrumbList","@id":"https:\/\/gabonnouvellevision.com\/gnv\/2025\/11\/24\/le-president-macron-en-visite-au-gabon\/#breadcrumb","itemListElement":[{"@type":"ListItem","position":1,"name":"Accueil","item":"https:\/\/gabonnouvellevision.com\/gnv\/"},{"@type":"ListItem","position":2,"name":"Le Pr\u00e9sident Macron en visite au Gabon !"}]},{"@type":"WebSite","@id":"https:\/\/gabonnouvellevision.com\/gnv\/#website","url":"https:\/\/gabonnouvellevision.com\/gnv\/","name":"Gabon Nouvelle Vision","description":"","publisher":{"@id":"https:\/\/gabonnouvellevision.com\/gnv\/#organization"},"potentialAction":[{"@type":"SearchAction","target":{"@type":"EntryPoint","urlTemplate":"https:\/\/gabonnouvellevision.com\/gnv\/?s={search_term_string}"},"query-input":{"@type":"PropertyValueSpecification","valueRequired":true,"valueName":"search_term_string"}}],"inLanguage":"fr-FR"},{"@type":"Organization","@id":"https:\/\/gabonnouvellevision.com\/gnv\/#organization","name":"Gabon Nouvelle Vision","url":"https:\/\/gabonnouvellevision.com\/gnv\/","logo":{"@type":"ImageObject","inLanguage":"fr-FR","@id":"https:\/\/gabonnouvellevision.com\/gnv\/#\/schema\/logo\/image\/","url":"https:\/\/gabonnouvellevision.com\/gnv\/wp-content\/uploads\/2025\/01\/logo-text_Plan-de-travail-1.png","contentUrl":"https:\/\/gabonnouvellevision.com\/gnv\/wp-content\/uploads\/2025\/01\/logo-text_Plan-de-travail-1.png","width":7169,"height":2390,"caption":"Gabon Nouvelle Vision"},"image":{"@id":"https:\/\/gabonnouvellevision.com\/gnv\/#\/schema\/logo\/image\/"},"sameAs":["https:\/\/www.facebook.com\/GNVofficiel"]},{"@type":"Person","@id":"https:\/\/gabonnouvellevision.com\/gnv\/#\/schema\/person\/4b48e07d222f83c0285affc3704bc899","name":"Eyeng Obame","image":{"@type":"ImageObject","inLanguage":"fr-FR","@id":"https:\/\/gabonnouvellevision.com\/gnv\/#\/schema\/person\/image\/","url":"https:\/\/secure.gravatar.com\/avatar\/167bc03b8baf3c77318a47159f80871de6f5a6cbf4bc8b6af750fbc1a369d7bf?s=96&d=mm&r=g","contentUrl":"https:\/\/secure.gravatar.com\/avatar\/167bc03b8baf3c77318a47159f80871de6f5a6cbf4bc8b6af750fbc1a369d7bf?s=96&d=mm&r=g","caption":"Eyeng Obame"},"url":"https:\/\/gabonnouvellevision.com\/gnv\/author\/rufin\/"}]}},"_links":{"self":[{"href":"https:\/\/gabonnouvellevision.com\/gnv\/wp-json\/wp\/v2\/posts\/24281","targetHints":{"allow":["GET"]}}],"collection":[{"href":"https:\/\/gabonnouvellevision.com\/gnv\/wp-json\/wp\/v2\/posts"}],"about":[{"href":"https:\/\/gabonnouvellevision.com\/gnv\/wp-json\/wp\/v2\/types\/post"}],"author":[{"embeddable":true,"href":"https:\/\/gabonnouvellevision.com\/gnv\/wp-json\/wp\/v2\/users\/7"}],"replies":[{"embeddable":true,"href":"https:\/\/gabonnouvellevision.com\/gnv\/wp-json\/wp\/v2\/comments?post=24281"}],"version-history":[{"count":1,"href":"https:\/\/gabonnouvellevision.com\/gnv\/wp-json\/wp\/v2\/posts\/24281\/revisions"}],"predecessor-version":[{"id":24283,"href":"https:\/\/gabonnouvellevision.com\/gnv\/wp-json\/wp\/v2\/posts\/24281\/revisions\/24283"}],"wp:featuredmedia":[{"embeddable":true,"href":"https:\/\/gabonnouvellevision.com\/gnv\/wp-json\/wp\/v2\/media\/24282"}],"wp:attachment":[{"href":"https:\/\/gabonnouvellevision.com\/gnv\/wp-json\/wp\/v2\/media?parent=24281"}],"wp:term":[{"taxonomy":"category","embeddable":true,"href":"https:\/\/gabonnouvellevision.com\/gnv\/wp-json\/wp\/v2\/categories?post=24281"},{"taxonomy":"post_tag","embeddable":true,"href":"https:\/\/gabonnouvellevision.com\/gnv\/wp-json\/wp\/v2\/tags?post=24281"}],"curies":[{"name":"wp","href":"https:\/\/api.w.org\/{rel}","templated":true}]}}