{"id":24270,"date":"2025-10-31T10:09:57","date_gmt":"2025-10-31T09:09:57","guid":{"rendered":"https:\/\/gabonnouvellevision.com\/gnv\/?p=24270"},"modified":"2025-10-31T10:11:39","modified_gmt":"2025-10-31T09:11:39","slug":"oligui-nguema-recu-par-le-pape-leon-xiv","status":"publish","type":"post","link":"https:\/\/gabonnouvellevision.com\/gnv\/2025\/10\/31\/oligui-nguema-recu-par-le-pape-leon-xiv\/","title":{"rendered":"Oligui Nguema re\u00e7u par le Pape L\u00e9on XIV"},"content":{"rendered":"\n<p>Sa Saintet\u00e9 le Pape L\u00e9on XIV a re\u00e7u hier en audience au Palais apostolique du Vatican,  le Pr\u00e9sident de la R\u00e9publique, Brice Clotaire Oligui Nguema, accompagn\u00e9 de son \u00e9pouse, Zita Oligui Nguema.<\/p>\n\n\n\n<p><a><\/a>Au cours de cette rencontre, les deux personnalit\u00e9s ont salu\u00e9 les excellentes relations entre le Saint-Si\u00e8ge et le Gabon, et ont \u00e9chang\u00e9 sur la paix, la formation des jeunes, la sant\u00e9 et l\u2019\u00e9ducation. Le Chef de l\u2019\u00c9tat s\u2019est ensuite entretenu avec le Cardinal Pietro Parolin, Secr\u00e9taire d\u2019\u00c9tat du Saint-Si\u00e8ge, pour \u00e9voquer les perspectives de coop\u00e9ration bilat\u00e9rale et humanitaire.<\/p>\n\n\n\n<p>Sandrine Eyeng Obame<\/p>\n\n\n\n<p>Source: Com.Pr\u00e9sidentielle<\/p>\n","protected":false},"excerpt":{"rendered":"<p>Sa Saintet\u00e9 le Pape L\u00e9on XIV a re\u00e7u hier en audience au Palais apostolique du Vatican, le Pr\u00e9sident de la R\u00e9publique, Brice Clotaire Oligui Nguema, accompagn\u00e9 de son \u00e9pouse, Zita Oligui Nguema. Au cours de cette rencontre, les deux personnalit\u00e9s ont salu\u00e9 les excellentes relations entre le Saint-Si\u00e8ge et le Gabon, et ont \u00e9chang\u00e9 sur [&hellip;]<\/p>\n","protected":false},"author":7,"featured_media":24271,"comment_status":"open","ping_status":"open","sticky":false,"template":"","format":"standard","meta":{"footnotes":""},"categories":[57,55,66],"tags":[],"class_list":["post-24270","post","type-post","status-publish","format-standard","has-post-thumbnail","hentry","category-a-la-une","category-actualites","category-diplomatie"],"yoast_head":"<!-- This site is optimized with the Yoast SEO plugin v24.2 - https:\/\/yoast.com\/wordpress\/plugins\/seo\/ -->\n<title>Oligui Nguema re\u00e7u par le Pape L\u00e9on XIV - Gabon Nouvelle Vision<\/title>\n<meta name=\"robots\" content=\"index, follow, max-snippet:-1, max-image-preview:large, max-video-preview:-1\" \/>\n<link rel=\"canonical\" href=\"https:\/\/gabonnouvellevision.com\/gnv\/2025\/10\/31\/oligui-nguema-recu-par-le-pape-leon-xiv\/\" \/>\n<meta property=\"og:locale\" content=\"fr_FR\" \/>\n<meta property=\"og:type\" content=\"article\" \/>\n<meta property=\"og:title\" content=\"Oligui Nguema re\u00e7u par le Pape L\u00e9on XIV - Gabon Nouvelle Vision\" \/>\n<meta property=\"og:description\" content=\"Sa Saintet\u00e9 le Pape L\u00e9on XIV a re\u00e7u hier en audience au Palais apostolique du Vatican, le Pr\u00e9sident de la R\u00e9publique, Brice Clotaire Oligui Nguema, accompagn\u00e9 de son \u00e9pouse, Zita Oligui Nguema. Au cours de cette rencontre, les deux personnalit\u00e9s ont salu\u00e9 les excellentes relations entre le Saint-Si\u00e8ge et le Gabon, et ont \u00e9chang\u00e9 sur [&hellip;]\" \/>\n<meta property=\"og:url\" content=\"https:\/\/gabonnouvellevision.com\/gnv\/2025\/10\/31\/oligui-nguema-recu-par-le-pape-leon-xiv\/\" \/>\n<meta property=\"og:site_name\" content=\"Gabon Nouvelle Vision\" \/>\n<meta property=\"article:publisher\" content=\"https:\/\/www.facebook.com\/GNVofficiel\" \/>\n<meta property=\"article:published_time\" content=\"2025-10-31T09:09:57+00:00\" \/>\n<meta property=\"article:modified_time\" content=\"2025-10-31T09:11:39+00:00\" \/>\n<meta property=\"og:image\" content=\"https:\/\/gabonnouvellevision.com\/gnv\/wp-content\/uploads\/2025\/10\/573858793_122280670952025336_1261189867260321290_n.jpg\" \/>\n\t<meta property=\"og:image:width\" content=\"2048\" \/>\n\t<meta property=\"og:image:height\" content=\"1419\" \/>\n\t<meta property=\"og:image:type\" content=\"image\/jpeg\" \/>\n<meta name=\"author\" content=\"Eyeng Obame\" \/>\n<meta name=\"twitter:card\" content=\"summary_large_image\" \/>\n<meta name=\"twitter:label1\" content=\"\u00c9crit par\" \/>\n\t<meta name=\"twitter:data1\" content=\"Eyeng Obame\" \/>\n\t<meta name=\"twitter:label2\" content=\"Dur\u00e9e de lecture estim\u00e9e\" \/>\n\t<meta name=\"twitter:data2\" content=\"1 minute\" \/>\n<script type=\"application\/ld+json\" class=\"yoast-schema-graph\">{\"@context\":\"https:\/\/schema.org\",\"@graph\":[{\"@type\":\"Article\",\"@id\":\"https:\/\/gabonnouvellevision.com\/gnv\/2025\/10\/31\/oligui-nguema-recu-par-le-pape-leon-xiv\/#article\",\"isPartOf\":{\"@id\":\"https:\/\/gabonnouvellevision.com\/gnv\/2025\/10\/31\/oligui-nguema-recu-par-le-pape-leon-xiv\/\"},\"author\":{\"name\":\"Eyeng Obame\",\"@id\":\"https:\/\/gabonnouvellevision.com\/gnv\/#\/schema\/person\/4b48e07d222f83c0285affc3704bc899\"},\"headline\":\"Oligui Nguema re\u00e7u par le Pape L\u00e9on XIV\",\"datePublished\":\"2025-10-31T09:09:57+00:00\",\"dateModified\":\"2025-10-31T09:11:39+00:00\",\"mainEntityOfPage\":{\"@id\":\"https:\/\/gabonnouvellevision.com\/gnv\/2025\/10\/31\/oligui-nguema-recu-par-le-pape-leon-xiv\/\"},\"wordCount\":121,\"commentCount\":0,\"publisher\":{\"@id\":\"https:\/\/gabonnouvellevision.com\/gnv\/#organization\"},\"image\":{\"@id\":\"https:\/\/gabonnouvellevision.com\/gnv\/2025\/10\/31\/oligui-nguema-recu-par-le-pape-leon-xiv\/#primaryimage\"},\"thumbnailUrl\":\"https:\/\/gabonnouvellevision.com\/gnv\/wp-content\/uploads\/2025\/10\/573858793_122280670952025336_1261189867260321290_n.jpg\",\"articleSection\":[\"A la une\",\"Actualites\",\"Diplomatie\"],\"inLanguage\":\"fr-FR\",\"potentialAction\":[{\"@type\":\"CommentAction\",\"name\":\"Comment\",\"target\":[\"https:\/\/gabonnouvellevision.com\/gnv\/2025\/10\/31\/oligui-nguema-recu-par-le-pape-leon-xiv\/#respond\"]}]},{\"@type\":\"WebPage\",\"@id\":\"https:\/\/gabonnouvellevision.com\/gnv\/2025\/10\/31\/oligui-nguema-recu-par-le-pape-leon-xiv\/\",\"url\":\"https:\/\/gabonnouvellevision.com\/gnv\/2025\/10\/31\/oligui-nguema-recu-par-le-pape-leon-xiv\/\",\"name\":\"Oligui Nguema re\u00e7u par le Pape L\u00e9on XIV - Gabon Nouvelle Vision\",\"isPartOf\":{\"@id\":\"https:\/\/gabonnouvellevision.com\/gnv\/#website\"},\"primaryImageOfPage\":{\"@id\":\"https:\/\/gabonnouvellevision.com\/gnv\/2025\/10\/31\/oligui-nguema-recu-par-le-pape-leon-xiv\/#primaryimage\"},\"image\":{\"@id\":\"https:\/\/gabonnouvellevision.com\/gnv\/2025\/10\/31\/oligui-nguema-recu-par-le-pape-leon-xiv\/#primaryimage\"},\"thumbnailUrl\":\"https:\/\/gabonnouvellevision.com\/gnv\/wp-content\/uploads\/2025\/10\/573858793_122280670952025336_1261189867260321290_n.jpg\",\"datePublished\":\"2025-10-31T09:09:57+00:00\",\"dateModified\":\"2025-10-31T09:11:39+00:00\",\"breadcrumb\":{\"@id\":\"https:\/\/gabonnouvellevision.com\/gnv\/2025\/10\/31\/oligui-nguema-recu-par-le-pape-leon-xiv\/#breadcrumb\"},\"inLanguage\":\"fr-FR\",\"potentialAction\":[{\"@type\":\"ReadAction\",\"target\":[\"https:\/\/gabonnouvellevision.com\/gnv\/2025\/10\/31\/oligui-nguema-recu-par-le-pape-leon-xiv\/\"]}]},{\"@type\":\"ImageObject\",\"inLanguage\":\"fr-FR\",\"@id\":\"https:\/\/gabonnouvellevision.com\/gnv\/2025\/10\/31\/oligui-nguema-recu-par-le-pape-leon-xiv\/#primaryimage\",\"url\":\"https:\/\/gabonnouvellevision.com\/gnv\/wp-content\/uploads\/2025\/10\/573858793_122280670952025336_1261189867260321290_n.jpg\",\"contentUrl\":\"https:\/\/gabonnouvellevision.com\/gnv\/wp-content\/uploads\/2025\/10\/573858793_122280670952025336_1261189867260321290_n.jpg\",\"width\":2048,\"height\":1419},{\"@type\":\"BreadcrumbList\",\"@id\":\"https:\/\/gabonnouvellevision.com\/gnv\/2025\/10\/31\/oligui-nguema-recu-par-le-pape-leon-xiv\/#breadcrumb\",\"itemListElement\":[{\"@type\":\"ListItem\",\"position\":1,\"name\":\"Accueil\",\"item\":\"https:\/\/gabonnouvellevision.com\/gnv\/\"},{\"@type\":\"ListItem\",\"position\":2,\"name\":\"Oligui Nguema re\u00e7u par le Pape L\u00e9on XIV\"}]},{\"@type\":\"WebSite\",\"@id\":\"https:\/\/gabonnouvellevision.com\/gnv\/#website\",\"url\":\"https:\/\/gabonnouvellevision.com\/gnv\/\",\"name\":\"Gabon Nouvelle Vision\",\"description\":\"\",\"publisher\":{\"@id\":\"https:\/\/gabonnouvellevision.com\/gnv\/#organization\"},\"potentialAction\":[{\"@type\":\"SearchAction\",\"target\":{\"@type\":\"EntryPoint\",\"urlTemplate\":\"https:\/\/gabonnouvellevision.com\/gnv\/?s={search_term_string}\"},\"query-input\":{\"@type\":\"PropertyValueSpecification\",\"valueRequired\":true,\"valueName\":\"search_term_string\"}}],\"inLanguage\":\"fr-FR\"},{\"@type\":\"Organization\",\"@id\":\"https:\/\/gabonnouvellevision.com\/gnv\/#organization\",\"name\":\"Gabon Nouvelle Vision\",\"url\":\"https:\/\/gabonnouvellevision.com\/gnv\/\",\"logo\":{\"@type\":\"ImageObject\",\"inLanguage\":\"fr-FR\",\"@id\":\"https:\/\/gabonnouvellevision.com\/gnv\/#\/schema\/logo\/image\/\",\"url\":\"https:\/\/gabonnouvellevision.com\/gnv\/wp-content\/uploads\/2025\/01\/logo-text_Plan-de-travail-1.png\",\"contentUrl\":\"https:\/\/gabonnouvellevision.com\/gnv\/wp-content\/uploads\/2025\/01\/logo-text_Plan-de-travail-1.png\",\"width\":7169,\"height\":2390,\"caption\":\"Gabon Nouvelle Vision\"},\"image\":{\"@id\":\"https:\/\/gabonnouvellevision.com\/gnv\/#\/schema\/logo\/image\/\"},\"sameAs\":[\"https:\/\/www.facebook.com\/GNVofficiel\"]},{\"@type\":\"Person\",\"@id\":\"https:\/\/gabonnouvellevision.com\/gnv\/#\/schema\/person\/4b48e07d222f83c0285affc3704bc899\",\"name\":\"Eyeng Obame\",\"image\":{\"@type\":\"ImageObject\",\"inLanguage\":\"fr-FR\",\"@id\":\"https:\/\/gabonnouvellevision.com\/gnv\/#\/schema\/person\/image\/\",\"url\":\"https:\/\/secure.gravatar.com\/avatar\/167bc03b8baf3c77318a47159f80871de6f5a6cbf4bc8b6af750fbc1a369d7bf?s=96&d=mm&r=g\",\"contentUrl\":\"https:\/\/secure.gravatar.com\/avatar\/167bc03b8baf3c77318a47159f80871de6f5a6cbf4bc8b6af750fbc1a369d7bf?s=96&d=mm&r=g\",\"caption\":\"Eyeng Obame\"},\"url\":\"https:\/\/gabonnouvellevision.com\/gnv\/author\/rufin\/\"}]}<\/script>\n<!-- \/ Yoast SEO plugin. -->","yoast_head_json":{"title":"Oligui Nguema re\u00e7u par le Pape L\u00e9on XIV - Gabon Nouvelle Vision","robots":{"index":"index","follow":"follow","max-snippet":"max-snippet:-1","max-image-preview":"max-image-preview:large","max-video-preview":"max-video-preview:-1"},"canonical":"https:\/\/gabonnouvellevision.com\/gnv\/2025\/10\/31\/oligui-nguema-recu-par-le-pape-leon-xiv\/","og_locale":"fr_FR","og_type":"article","og_title":"Oligui Nguema re\u00e7u par le Pape L\u00e9on XIV - Gabon Nouvelle Vision","og_description":"Sa Saintet\u00e9 le Pape L\u00e9on XIV a re\u00e7u hier en audience au Palais apostolique du Vatican, le Pr\u00e9sident de la R\u00e9publique, Brice Clotaire Oligui Nguema, accompagn\u00e9 de son \u00e9pouse, Zita Oligui Nguema. Au cours de cette rencontre, les deux personnalit\u00e9s ont salu\u00e9 les excellentes relations entre le Saint-Si\u00e8ge et le Gabon, et ont \u00e9chang\u00e9 sur [&hellip;]","og_url":"https:\/\/gabonnouvellevision.com\/gnv\/2025\/10\/31\/oligui-nguema-recu-par-le-pape-leon-xiv\/","og_site_name":"Gabon Nouvelle Vision","article_publisher":"https:\/\/www.facebook.com\/GNVofficiel","article_published_time":"2025-10-31T09:09:57+00:00","article_modified_time":"2025-10-31T09:11:39+00:00","og_image":[{"width":2048,"height":1419,"url":"https:\/\/gabonnouvellevision.com\/gnv\/wp-content\/uploads\/2025\/10\/573858793_122280670952025336_1261189867260321290_n.jpg","type":"image\/jpeg"}],"author":"Eyeng Obame","twitter_card":"summary_large_image","twitter_misc":{"\u00c9crit par":"Eyeng Obame","Dur\u00e9e de lecture estim\u00e9e":"1 minute"},"schema":{"@context":"https:\/\/schema.org","@graph":[{"@type":"Article","@id":"https:\/\/gabonnouvellevision.com\/gnv\/2025\/10\/31\/oligui-nguema-recu-par-le-pape-leon-xiv\/#article","isPartOf":{"@id":"https:\/\/gabonnouvellevision.com\/gnv\/2025\/10\/31\/oligui-nguema-recu-par-le-pape-leon-xiv\/"},"author":{"name":"Eyeng Obame","@id":"https:\/\/gabonnouvellevision.com\/gnv\/#\/schema\/person\/4b48e07d222f83c0285affc3704bc899"},"headline":"Oligui Nguema re\u00e7u par le Pape L\u00e9on XIV","datePublished":"2025-10-31T09:09:57+00:00","dateModified":"2025-10-31T09:11:39+00:00","mainEntityOfPage":{"@id":"https:\/\/gabonnouvellevision.com\/gnv\/2025\/10\/31\/oligui-nguema-recu-par-le-pape-leon-xiv\/"},"wordCount":121,"commentCount":0,"publisher":{"@id":"https:\/\/gabonnouvellevision.com\/gnv\/#organization"},"image":{"@id":"https:\/\/gabonnouvellevision.com\/gnv\/2025\/10\/31\/oligui-nguema-recu-par-le-pape-leon-xiv\/#primaryimage"},"thumbnailUrl":"https:\/\/gabonnouvellevision.com\/gnv\/wp-content\/uploads\/2025\/10\/573858793_122280670952025336_1261189867260321290_n.jpg","articleSection":["A la une","Actualites","Diplomatie"],"inLanguage":"fr-FR","potentialAction":[{"@type":"CommentAction","name":"Comment","target":["https:\/\/gabonnouvellevision.com\/gnv\/2025\/10\/31\/oligui-nguema-recu-par-le-pape-leon-xiv\/#respond"]}]},{"@type":"WebPage","@id":"https:\/\/gabonnouvellevision.com\/gnv\/2025\/10\/31\/oligui-nguema-recu-par-le-pape-leon-xiv\/","url":"https:\/\/gabonnouvellevision.com\/gnv\/2025\/10\/31\/oligui-nguema-recu-par-le-pape-leon-xiv\/","name":"Oligui Nguema re\u00e7u par le Pape L\u00e9on XIV - Gabon Nouvelle Vision","isPartOf":{"@id":"https:\/\/gabonnouvellevision.com\/gnv\/#website"},"primaryImageOfPage":{"@id":"https:\/\/gabonnouvellevision.com\/gnv\/2025\/10\/31\/oligui-nguema-recu-par-le-pape-leon-xiv\/#primaryimage"},"image":{"@id":"https:\/\/gabonnouvellevision.com\/gnv\/2025\/10\/31\/oligui-nguema-recu-par-le-pape-leon-xiv\/#primaryimage"},"thumbnailUrl":"https:\/\/gabonnouvellevision.com\/gnv\/wp-content\/uploads\/2025\/10\/573858793_122280670952025336_1261189867260321290_n.jpg","datePublished":"2025-10-31T09:09:57+00:00","dateModified":"2025-10-31T09:11:39+00:00","breadcrumb":{"@id":"https:\/\/gabonnouvellevision.com\/gnv\/2025\/10\/31\/oligui-nguema-recu-par-le-pape-leon-xiv\/#breadcrumb"},"inLanguage":"fr-FR","potentialAction":[{"@type":"ReadAction","target":["https:\/\/gabonnouvellevision.com\/gnv\/2025\/10\/31\/oligui-nguema-recu-par-le-pape-leon-xiv\/"]}]},{"@type":"ImageObject","inLanguage":"fr-FR","@id":"https:\/\/gabonnouvellevision.com\/gnv\/2025\/10\/31\/oligui-nguema-recu-par-le-pape-leon-xiv\/#primaryimage","url":"https:\/\/gabonnouvellevision.com\/gnv\/wp-content\/uploads\/2025\/10\/573858793_122280670952025336_1261189867260321290_n.jpg","contentUrl":"https:\/\/gabonnouvellevision.com\/gnv\/wp-content\/uploads\/2025\/10\/573858793_122280670952025336_1261189867260321290_n.jpg","width":2048,"height":1419},{"@type":"BreadcrumbList","@id":"https:\/\/gabonnouvellevision.com\/gnv\/2025\/10\/31\/oligui-nguema-recu-par-le-pape-leon-xiv\/#breadcrumb","itemListElement":[{"@type":"ListItem","position":1,"name":"Accueil","item":"https:\/\/gabonnouvellevision.com\/gnv\/"},{"@type":"ListItem","position":2,"name":"Oligui Nguema re\u00e7u par le Pape L\u00e9on XIV"}]},{"@type":"WebSite","@id":"https:\/\/gabonnouvellevision.com\/gnv\/#website","url":"https:\/\/gabonnouvellevision.com\/gnv\/","name":"Gabon Nouvelle Vision","description":"","publisher":{"@id":"https:\/\/gabonnouvellevision.com\/gnv\/#organization"},"potentialAction":[{"@type":"SearchAction","target":{"@type":"EntryPoint","urlTemplate":"https:\/\/gabonnouvellevision.com\/gnv\/?s={search_term_string}"},"query-input":{"@type":"PropertyValueSpecification","valueRequired":true,"valueName":"search_term_string"}}],"inLanguage":"fr-FR"},{"@type":"Organization","@id":"https:\/\/gabonnouvellevision.com\/gnv\/#organization","name":"Gabon Nouvelle Vision","url":"https:\/\/gabonnouvellevision.com\/gnv\/","logo":{"@type":"ImageObject","inLanguage":"fr-FR","@id":"https:\/\/gabonnouvellevision.com\/gnv\/#\/schema\/logo\/image\/","url":"https:\/\/gabonnouvellevision.com\/gnv\/wp-content\/uploads\/2025\/01\/logo-text_Plan-de-travail-1.png","contentUrl":"https:\/\/gabonnouvellevision.com\/gnv\/wp-content\/uploads\/2025\/01\/logo-text_Plan-de-travail-1.png","width":7169,"height":2390,"caption":"Gabon Nouvelle Vision"},"image":{"@id":"https:\/\/gabonnouvellevision.com\/gnv\/#\/schema\/logo\/image\/"},"sameAs":["https:\/\/www.facebook.com\/GNVofficiel"]},{"@type":"Person","@id":"https:\/\/gabonnouvellevision.com\/gnv\/#\/schema\/person\/4b48e07d222f83c0285affc3704bc899","name":"Eyeng Obame","image":{"@type":"ImageObject","inLanguage":"fr-FR","@id":"https:\/\/gabonnouvellevision.com\/gnv\/#\/schema\/person\/image\/","url":"https:\/\/secure.gravatar.com\/avatar\/167bc03b8baf3c77318a47159f80871de6f5a6cbf4bc8b6af750fbc1a369d7bf?s=96&d=mm&r=g","contentUrl":"https:\/\/secure.gravatar.com\/avatar\/167bc03b8baf3c77318a47159f80871de6f5a6cbf4bc8b6af750fbc1a369d7bf?s=96&d=mm&r=g","caption":"Eyeng Obame"},"url":"https:\/\/gabonnouvellevision.com\/gnv\/author\/rufin\/"}]}},"_links":{"self":[{"href":"https:\/\/gabonnouvellevision.com\/gnv\/wp-json\/wp\/v2\/posts\/24270","targetHints":{"allow":["GET"]}}],"collection":[{"href":"https:\/\/gabonnouvellevision.com\/gnv\/wp-json\/wp\/v2\/posts"}],"about":[{"href":"https:\/\/gabonnouvellevision.com\/gnv\/wp-json\/wp\/v2\/types\/post"}],"author":[{"embeddable":true,"href":"https:\/\/gabonnouvellevision.com\/gnv\/wp-json\/wp\/v2\/users\/7"}],"replies":[{"embeddable":true,"href":"https:\/\/gabonnouvellevision.com\/gnv\/wp-json\/wp\/v2\/comments?post=24270"}],"version-history":[{"count":2,"href":"https:\/\/gabonnouvellevision.com\/gnv\/wp-json\/wp\/v2\/posts\/24270\/revisions"}],"predecessor-version":[{"id":24274,"href":"https:\/\/gabonnouvellevision.com\/gnv\/wp-json\/wp\/v2\/posts\/24270\/revisions\/24274"}],"wp:featuredmedia":[{"embeddable":true,"href":"https:\/\/gabonnouvellevision.com\/gnv\/wp-json\/wp\/v2\/media\/24271"}],"wp:attachment":[{"href":"https:\/\/gabonnouvellevision.com\/gnv\/wp-json\/wp\/v2\/media?parent=24270"}],"wp:term":[{"taxonomy":"category","embeddable":true,"href":"https:\/\/gabonnouvellevision.com\/gnv\/wp-json\/wp\/v2\/categories?post=24270"},{"taxonomy":"post_tag","embeddable":true,"href":"https:\/\/gabonnouvellevision.com\/gnv\/wp-json\/wp\/v2\/tags?post=24270"}],"curies":[{"name":"wp","href":"https:\/\/api.w.org\/{rel}","templated":true}]}}