{"id":24267,"date":"2025-10-24T12:38:28","date_gmt":"2025-10-24T10:38:28","guid":{"rendered":"https:\/\/gabonnouvellevision.com\/gnv\/?p=24267"},"modified":"2025-10-24T12:38:30","modified_gmt":"2025-10-24T10:38:30","slug":"les-femmes-de-reagir-sinvitent-a-la-lutte-contre-les-cancers-feminins-au-gabon","status":"publish","type":"post","link":"https:\/\/gabonnouvellevision.com\/gnv\/2025\/10\/24\/les-femmes-de-reagir-sinvitent-a-la-lutte-contre-les-cancers-feminins-au-gabon\/","title":{"rendered":"Les Femmes de REAGIR s&rsquo;invitent \u00e0 la lutte contre les cancers f\u00e9minins au Gabon"},"content":{"rendered":"\n<p>La Ligue Nationale des Femmes du parti politique REAGIR de Fran\u00e7ois Ndong Obiang, organise une journ\u00e9e sp\u00e9ciale octobre Rose, consacr\u00e9e \u00e0 la sensibilisation sur les cancers f\u00e9minins ce samedi 25 octobre \u00e0 Libreville. Une journ\u00e9e sp\u00e9ciale plac\u00e9e sous le th\u00e8me: \u00ab&nbsp;les Femmes de REAGIR unies pour la sant\u00e9 et le bien-\u00eatre&nbsp;\u00bb<\/p>\n\n\n\n<p>\u00ab&nbsp;A la suite de la rencontre tenue mardi 21 octobre dernier, entre le Pr\u00e9sident du parti REAGIR et la Ligue des Femmes, nous avons le plaisir de vous informer de l\u2019organisation de notre journ\u00e9e sp\u00e9ciale octobre-Rose, consacr\u00e9e \u00e0 la sensibilisation sur les cancers f\u00e9minins&nbsp;\u00bb indique la D\u00e9l\u00e9gu\u00e9e Nationale de la Ligue des Femmes de REAGIR, Gertrude Ada Abessolo, dans sa plate forme num\u00e9rique.<\/p>\n\n\n\n<p>Au cours de cette journ\u00e9e sp\u00e9ciale octobre-Rose du parti REAGIR 2025 qui d\u00e9bute ce samedi 25 octobre \u00e0 partir de 8h00 \u00e0 la plage du Lyc\u00e9e National L\u00e9on Mba avant de se poursuivre au si\u00e8ge du parti sis \u00e0 Louis dans le premier arrondissement de Libreville , plusieurs activit\u00e9s sont pr\u00e9vues, entre autres, s\u00e9ance de fitness, marche de sensibilisation, atelier de formation\u2026<\/p>\n\n\n\n<p>\u00ab&nbsp;Toutes les militantes sont vivement invit\u00e9es \u00e0 y prendre part massivement, v\u00eatues de rose ou du tee-shirt de l\u2019\u00e9v\u00e8nement, afin de t\u00e9moigner notre engagement en faveur de la sant\u00e9 de la femme et de la vitalit\u00e9 du parti&nbsp;\u00bb conclut-elle dans son appel \u00e0 la mobilisation des troupes.<\/p>\n\n\n\n<p>Un appel qui ne tombera pas dans les oreilles des sourds.<\/p>\n\n\n\n<p>Le cancer du sein et le cancer du col de l\u2019ut\u00e9rus continuent d\u2019endeuiller de nombreuses familles au Gabon et \u00e0 travers le monde. Et pour \u00e9viter le pire, le d\u00e9pistage pr\u00e9coce et la pr\u00e9vention restent l\u2019une des armes les plus efficaces en Afrique Subsaharienne. \u00ab&nbsp;La honte et l\u2019ignorance ne doivent pas avoir le pouvoir sur notre \u00e9tat de sant\u00e9&nbsp;\u00bb rappelle la D\u00e9l\u00e9gu\u00e9e Nationale de la Ligue des Femmes de REAGIR, Gertrude Ada Abessolo, \u00e0 la junte f\u00e9minine.<\/p>\n\n\n\n<p>Rufin Martial Oke Nze<\/p>\n","protected":false},"excerpt":{"rendered":"<p>La Ligue Nationale des Femmes du parti politique REAGIR de Fran\u00e7ois Ndong Obiang, organise une journ\u00e9e sp\u00e9ciale octobre Rose, consacr\u00e9e \u00e0 la sensibilisation sur les cancers f\u00e9minins ce samedi 25 octobre \u00e0 Libreville. Une journ\u00e9e sp\u00e9ciale plac\u00e9e sous le th\u00e8me: \u00ab&nbsp;les Femmes de REAGIR unies pour la sant\u00e9 et le bien-\u00eatre&nbsp;\u00bb \u00ab&nbsp;A la suite de [&hellip;]<\/p>\n","protected":false},"author":7,"featured_media":24268,"comment_status":"open","ping_status":"open","sticky":false,"template":"","format":"standard","meta":{"footnotes":""},"categories":[57,55,65],"tags":[],"class_list":["post-24267","post","type-post","status-publish","format-standard","has-post-thumbnail","hentry","category-a-la-une","category-actualites","category-politique-podcasts"],"yoast_head":"<!-- This site is optimized with the Yoast SEO plugin v24.2 - https:\/\/yoast.com\/wordpress\/plugins\/seo\/ -->\n<title>Les Femmes de REAGIR s&#039;invitent \u00e0 la lutte contre les cancers f\u00e9minins au Gabon - Gabon Nouvelle Vision<\/title>\n<meta name=\"robots\" content=\"index, follow, max-snippet:-1, max-image-preview:large, max-video-preview:-1\" \/>\n<link rel=\"canonical\" href=\"https:\/\/gabonnouvellevision.com\/gnv\/2025\/10\/24\/les-femmes-de-reagir-sinvitent-a-la-lutte-contre-les-cancers-feminins-au-gabon\/\" \/>\n<meta property=\"og:locale\" content=\"fr_FR\" \/>\n<meta property=\"og:type\" content=\"article\" \/>\n<meta property=\"og:title\" content=\"Les Femmes de REAGIR s&#039;invitent \u00e0 la lutte contre les cancers f\u00e9minins au Gabon - Gabon Nouvelle Vision\" \/>\n<meta property=\"og:description\" content=\"La Ligue Nationale des Femmes du parti politique REAGIR de Fran\u00e7ois Ndong Obiang, organise une journ\u00e9e sp\u00e9ciale octobre Rose, consacr\u00e9e \u00e0 la sensibilisation sur les cancers f\u00e9minins ce samedi 25 octobre \u00e0 Libreville. Une journ\u00e9e sp\u00e9ciale plac\u00e9e sous le th\u00e8me: \u00ab&nbsp;les Femmes de REAGIR unies pour la sant\u00e9 et le bien-\u00eatre&nbsp;\u00bb \u00ab&nbsp;A la suite de [&hellip;]\" \/>\n<meta property=\"og:url\" content=\"https:\/\/gabonnouvellevision.com\/gnv\/2025\/10\/24\/les-femmes-de-reagir-sinvitent-a-la-lutte-contre-les-cancers-feminins-au-gabon\/\" \/>\n<meta property=\"og:site_name\" content=\"Gabon Nouvelle Vision\" \/>\n<meta property=\"article:publisher\" content=\"https:\/\/www.facebook.com\/GNVofficiel\" \/>\n<meta property=\"article:published_time\" content=\"2025-10-24T10:38:28+00:00\" \/>\n<meta property=\"article:modified_time\" content=\"2025-10-24T10:38:30+00:00\" \/>\n<meta property=\"og:image\" content=\"https:\/\/gabonnouvellevision.com\/gnv\/wp-content\/uploads\/2025\/10\/556295468_122133813368926887_4856076011363320_n.jpg\" \/>\n\t<meta property=\"og:image:width\" content=\"720\" \/>\n\t<meta property=\"og:image:height\" content=\"509\" \/>\n\t<meta property=\"og:image:type\" content=\"image\/jpeg\" \/>\n<meta name=\"author\" content=\"Eyeng Obame\" \/>\n<meta name=\"twitter:card\" content=\"summary_large_image\" \/>\n<meta name=\"twitter:label1\" content=\"\u00c9crit par\" \/>\n\t<meta name=\"twitter:data1\" content=\"Eyeng Obame\" \/>\n\t<meta name=\"twitter:label2\" content=\"Dur\u00e9e de lecture estim\u00e9e\" \/>\n\t<meta name=\"twitter:data2\" content=\"2 minutes\" \/>\n<script type=\"application\/ld+json\" class=\"yoast-schema-graph\">{\"@context\":\"https:\/\/schema.org\",\"@graph\":[{\"@type\":\"Article\",\"@id\":\"https:\/\/gabonnouvellevision.com\/gnv\/2025\/10\/24\/les-femmes-de-reagir-sinvitent-a-la-lutte-contre-les-cancers-feminins-au-gabon\/#article\",\"isPartOf\":{\"@id\":\"https:\/\/gabonnouvellevision.com\/gnv\/2025\/10\/24\/les-femmes-de-reagir-sinvitent-a-la-lutte-contre-les-cancers-feminins-au-gabon\/\"},\"author\":{\"name\":\"Eyeng Obame\",\"@id\":\"https:\/\/gabonnouvellevision.com\/gnv\/#\/schema\/person\/4b48e07d222f83c0285affc3704bc899\"},\"headline\":\"Les Femmes de REAGIR s&rsquo;invitent \u00e0 la lutte contre les cancers f\u00e9minins au Gabon\",\"datePublished\":\"2025-10-24T10:38:28+00:00\",\"dateModified\":\"2025-10-24T10:38:30+00:00\",\"mainEntityOfPage\":{\"@id\":\"https:\/\/gabonnouvellevision.com\/gnv\/2025\/10\/24\/les-femmes-de-reagir-sinvitent-a-la-lutte-contre-les-cancers-feminins-au-gabon\/\"},\"wordCount\":368,\"commentCount\":0,\"publisher\":{\"@id\":\"https:\/\/gabonnouvellevision.com\/gnv\/#organization\"},\"image\":{\"@id\":\"https:\/\/gabonnouvellevision.com\/gnv\/2025\/10\/24\/les-femmes-de-reagir-sinvitent-a-la-lutte-contre-les-cancers-feminins-au-gabon\/#primaryimage\"},\"thumbnailUrl\":\"https:\/\/gabonnouvellevision.com\/gnv\/wp-content\/uploads\/2025\/10\/556295468_122133813368926887_4856076011363320_n.jpg\",\"articleSection\":[\"A la une\",\"Actualites\",\"Politique\"],\"inLanguage\":\"fr-FR\",\"potentialAction\":[{\"@type\":\"CommentAction\",\"name\":\"Comment\",\"target\":[\"https:\/\/gabonnouvellevision.com\/gnv\/2025\/10\/24\/les-femmes-de-reagir-sinvitent-a-la-lutte-contre-les-cancers-feminins-au-gabon\/#respond\"]}]},{\"@type\":\"WebPage\",\"@id\":\"https:\/\/gabonnouvellevision.com\/gnv\/2025\/10\/24\/les-femmes-de-reagir-sinvitent-a-la-lutte-contre-les-cancers-feminins-au-gabon\/\",\"url\":\"https:\/\/gabonnouvellevision.com\/gnv\/2025\/10\/24\/les-femmes-de-reagir-sinvitent-a-la-lutte-contre-les-cancers-feminins-au-gabon\/\",\"name\":\"Les Femmes de REAGIR s'invitent \u00e0 la lutte contre les cancers f\u00e9minins au Gabon - Gabon Nouvelle Vision\",\"isPartOf\":{\"@id\":\"https:\/\/gabonnouvellevision.com\/gnv\/#website\"},\"primaryImageOfPage\":{\"@id\":\"https:\/\/gabonnouvellevision.com\/gnv\/2025\/10\/24\/les-femmes-de-reagir-sinvitent-a-la-lutte-contre-les-cancers-feminins-au-gabon\/#primaryimage\"},\"image\":{\"@id\":\"https:\/\/gabonnouvellevision.com\/gnv\/2025\/10\/24\/les-femmes-de-reagir-sinvitent-a-la-lutte-contre-les-cancers-feminins-au-gabon\/#primaryimage\"},\"thumbnailUrl\":\"https:\/\/gabonnouvellevision.com\/gnv\/wp-content\/uploads\/2025\/10\/556295468_122133813368926887_4856076011363320_n.jpg\",\"datePublished\":\"2025-10-24T10:38:28+00:00\",\"dateModified\":\"2025-10-24T10:38:30+00:00\",\"breadcrumb\":{\"@id\":\"https:\/\/gabonnouvellevision.com\/gnv\/2025\/10\/24\/les-femmes-de-reagir-sinvitent-a-la-lutte-contre-les-cancers-feminins-au-gabon\/#breadcrumb\"},\"inLanguage\":\"fr-FR\",\"potentialAction\":[{\"@type\":\"ReadAction\",\"target\":[\"https:\/\/gabonnouvellevision.com\/gnv\/2025\/10\/24\/les-femmes-de-reagir-sinvitent-a-la-lutte-contre-les-cancers-feminins-au-gabon\/\"]}]},{\"@type\":\"ImageObject\",\"inLanguage\":\"fr-FR\",\"@id\":\"https:\/\/gabonnouvellevision.com\/gnv\/2025\/10\/24\/les-femmes-de-reagir-sinvitent-a-la-lutte-contre-les-cancers-feminins-au-gabon\/#primaryimage\",\"url\":\"https:\/\/gabonnouvellevision.com\/gnv\/wp-content\/uploads\/2025\/10\/556295468_122133813368926887_4856076011363320_n.jpg\",\"contentUrl\":\"https:\/\/gabonnouvellevision.com\/gnv\/wp-content\/uploads\/2025\/10\/556295468_122133813368926887_4856076011363320_n.jpg\",\"width\":720,\"height\":509},{\"@type\":\"BreadcrumbList\",\"@id\":\"https:\/\/gabonnouvellevision.com\/gnv\/2025\/10\/24\/les-femmes-de-reagir-sinvitent-a-la-lutte-contre-les-cancers-feminins-au-gabon\/#breadcrumb\",\"itemListElement\":[{\"@type\":\"ListItem\",\"position\":1,\"name\":\"Accueil\",\"item\":\"https:\/\/gabonnouvellevision.com\/gnv\/\"},{\"@type\":\"ListItem\",\"position\":2,\"name\":\"Les Femmes de REAGIR s&rsquo;invitent \u00e0 la lutte contre les cancers f\u00e9minins au Gabon\"}]},{\"@type\":\"WebSite\",\"@id\":\"https:\/\/gabonnouvellevision.com\/gnv\/#website\",\"url\":\"https:\/\/gabonnouvellevision.com\/gnv\/\",\"name\":\"Gabon Nouvelle Vision\",\"description\":\"\",\"publisher\":{\"@id\":\"https:\/\/gabonnouvellevision.com\/gnv\/#organization\"},\"potentialAction\":[{\"@type\":\"SearchAction\",\"target\":{\"@type\":\"EntryPoint\",\"urlTemplate\":\"https:\/\/gabonnouvellevision.com\/gnv\/?s={search_term_string}\"},\"query-input\":{\"@type\":\"PropertyValueSpecification\",\"valueRequired\":true,\"valueName\":\"search_term_string\"}}],\"inLanguage\":\"fr-FR\"},{\"@type\":\"Organization\",\"@id\":\"https:\/\/gabonnouvellevision.com\/gnv\/#organization\",\"name\":\"Gabon Nouvelle Vision\",\"url\":\"https:\/\/gabonnouvellevision.com\/gnv\/\",\"logo\":{\"@type\":\"ImageObject\",\"inLanguage\":\"fr-FR\",\"@id\":\"https:\/\/gabonnouvellevision.com\/gnv\/#\/schema\/logo\/image\/\",\"url\":\"https:\/\/gabonnouvellevision.com\/gnv\/wp-content\/uploads\/2025\/01\/logo-text_Plan-de-travail-1.png\",\"contentUrl\":\"https:\/\/gabonnouvellevision.com\/gnv\/wp-content\/uploads\/2025\/01\/logo-text_Plan-de-travail-1.png\",\"width\":7169,\"height\":2390,\"caption\":\"Gabon Nouvelle Vision\"},\"image\":{\"@id\":\"https:\/\/gabonnouvellevision.com\/gnv\/#\/schema\/logo\/image\/\"},\"sameAs\":[\"https:\/\/www.facebook.com\/GNVofficiel\"]},{\"@type\":\"Person\",\"@id\":\"https:\/\/gabonnouvellevision.com\/gnv\/#\/schema\/person\/4b48e07d222f83c0285affc3704bc899\",\"name\":\"Eyeng Obame\",\"image\":{\"@type\":\"ImageObject\",\"inLanguage\":\"fr-FR\",\"@id\":\"https:\/\/gabonnouvellevision.com\/gnv\/#\/schema\/person\/image\/\",\"url\":\"https:\/\/secure.gravatar.com\/avatar\/167bc03b8baf3c77318a47159f80871de6f5a6cbf4bc8b6af750fbc1a369d7bf?s=96&d=mm&r=g\",\"contentUrl\":\"https:\/\/secure.gravatar.com\/avatar\/167bc03b8baf3c77318a47159f80871de6f5a6cbf4bc8b6af750fbc1a369d7bf?s=96&d=mm&r=g\",\"caption\":\"Eyeng Obame\"},\"url\":\"https:\/\/gabonnouvellevision.com\/gnv\/author\/rufin\/\"}]}<\/script>\n<!-- \/ Yoast SEO plugin. -->","yoast_head_json":{"title":"Les Femmes de REAGIR s'invitent \u00e0 la lutte contre les cancers f\u00e9minins au Gabon - Gabon Nouvelle Vision","robots":{"index":"index","follow":"follow","max-snippet":"max-snippet:-1","max-image-preview":"max-image-preview:large","max-video-preview":"max-video-preview:-1"},"canonical":"https:\/\/gabonnouvellevision.com\/gnv\/2025\/10\/24\/les-femmes-de-reagir-sinvitent-a-la-lutte-contre-les-cancers-feminins-au-gabon\/","og_locale":"fr_FR","og_type":"article","og_title":"Les Femmes de REAGIR s'invitent \u00e0 la lutte contre les cancers f\u00e9minins au Gabon - Gabon Nouvelle Vision","og_description":"La Ligue Nationale des Femmes du parti politique REAGIR de Fran\u00e7ois Ndong Obiang, organise une journ\u00e9e sp\u00e9ciale octobre Rose, consacr\u00e9e \u00e0 la sensibilisation sur les cancers f\u00e9minins ce samedi 25 octobre \u00e0 Libreville. Une journ\u00e9e sp\u00e9ciale plac\u00e9e sous le th\u00e8me: \u00ab&nbsp;les Femmes de REAGIR unies pour la sant\u00e9 et le bien-\u00eatre&nbsp;\u00bb \u00ab&nbsp;A la suite de [&hellip;]","og_url":"https:\/\/gabonnouvellevision.com\/gnv\/2025\/10\/24\/les-femmes-de-reagir-sinvitent-a-la-lutte-contre-les-cancers-feminins-au-gabon\/","og_site_name":"Gabon Nouvelle Vision","article_publisher":"https:\/\/www.facebook.com\/GNVofficiel","article_published_time":"2025-10-24T10:38:28+00:00","article_modified_time":"2025-10-24T10:38:30+00:00","og_image":[{"width":720,"height":509,"url":"https:\/\/gabonnouvellevision.com\/gnv\/wp-content\/uploads\/2025\/10\/556295468_122133813368926887_4856076011363320_n.jpg","type":"image\/jpeg"}],"author":"Eyeng Obame","twitter_card":"summary_large_image","twitter_misc":{"\u00c9crit par":"Eyeng Obame","Dur\u00e9e de lecture estim\u00e9e":"2 minutes"},"schema":{"@context":"https:\/\/schema.org","@graph":[{"@type":"Article","@id":"https:\/\/gabonnouvellevision.com\/gnv\/2025\/10\/24\/les-femmes-de-reagir-sinvitent-a-la-lutte-contre-les-cancers-feminins-au-gabon\/#article","isPartOf":{"@id":"https:\/\/gabonnouvellevision.com\/gnv\/2025\/10\/24\/les-femmes-de-reagir-sinvitent-a-la-lutte-contre-les-cancers-feminins-au-gabon\/"},"author":{"name":"Eyeng Obame","@id":"https:\/\/gabonnouvellevision.com\/gnv\/#\/schema\/person\/4b48e07d222f83c0285affc3704bc899"},"headline":"Les Femmes de REAGIR s&rsquo;invitent \u00e0 la lutte contre les cancers f\u00e9minins au Gabon","datePublished":"2025-10-24T10:38:28+00:00","dateModified":"2025-10-24T10:38:30+00:00","mainEntityOfPage":{"@id":"https:\/\/gabonnouvellevision.com\/gnv\/2025\/10\/24\/les-femmes-de-reagir-sinvitent-a-la-lutte-contre-les-cancers-feminins-au-gabon\/"},"wordCount":368,"commentCount":0,"publisher":{"@id":"https:\/\/gabonnouvellevision.com\/gnv\/#organization"},"image":{"@id":"https:\/\/gabonnouvellevision.com\/gnv\/2025\/10\/24\/les-femmes-de-reagir-sinvitent-a-la-lutte-contre-les-cancers-feminins-au-gabon\/#primaryimage"},"thumbnailUrl":"https:\/\/gabonnouvellevision.com\/gnv\/wp-content\/uploads\/2025\/10\/556295468_122133813368926887_4856076011363320_n.jpg","articleSection":["A la une","Actualites","Politique"],"inLanguage":"fr-FR","potentialAction":[{"@type":"CommentAction","name":"Comment","target":["https:\/\/gabonnouvellevision.com\/gnv\/2025\/10\/24\/les-femmes-de-reagir-sinvitent-a-la-lutte-contre-les-cancers-feminins-au-gabon\/#respond"]}]},{"@type":"WebPage","@id":"https:\/\/gabonnouvellevision.com\/gnv\/2025\/10\/24\/les-femmes-de-reagir-sinvitent-a-la-lutte-contre-les-cancers-feminins-au-gabon\/","url":"https:\/\/gabonnouvellevision.com\/gnv\/2025\/10\/24\/les-femmes-de-reagir-sinvitent-a-la-lutte-contre-les-cancers-feminins-au-gabon\/","name":"Les Femmes de REAGIR s'invitent \u00e0 la lutte contre les cancers f\u00e9minins au Gabon - Gabon Nouvelle Vision","isPartOf":{"@id":"https:\/\/gabonnouvellevision.com\/gnv\/#website"},"primaryImageOfPage":{"@id":"https:\/\/gabonnouvellevision.com\/gnv\/2025\/10\/24\/les-femmes-de-reagir-sinvitent-a-la-lutte-contre-les-cancers-feminins-au-gabon\/#primaryimage"},"image":{"@id":"https:\/\/gabonnouvellevision.com\/gnv\/2025\/10\/24\/les-femmes-de-reagir-sinvitent-a-la-lutte-contre-les-cancers-feminins-au-gabon\/#primaryimage"},"thumbnailUrl":"https:\/\/gabonnouvellevision.com\/gnv\/wp-content\/uploads\/2025\/10\/556295468_122133813368926887_4856076011363320_n.jpg","datePublished":"2025-10-24T10:38:28+00:00","dateModified":"2025-10-24T10:38:30+00:00","breadcrumb":{"@id":"https:\/\/gabonnouvellevision.com\/gnv\/2025\/10\/24\/les-femmes-de-reagir-sinvitent-a-la-lutte-contre-les-cancers-feminins-au-gabon\/#breadcrumb"},"inLanguage":"fr-FR","potentialAction":[{"@type":"ReadAction","target":["https:\/\/gabonnouvellevision.com\/gnv\/2025\/10\/24\/les-femmes-de-reagir-sinvitent-a-la-lutte-contre-les-cancers-feminins-au-gabon\/"]}]},{"@type":"ImageObject","inLanguage":"fr-FR","@id":"https:\/\/gabonnouvellevision.com\/gnv\/2025\/10\/24\/les-femmes-de-reagir-sinvitent-a-la-lutte-contre-les-cancers-feminins-au-gabon\/#primaryimage","url":"https:\/\/gabonnouvellevision.com\/gnv\/wp-content\/uploads\/2025\/10\/556295468_122133813368926887_4856076011363320_n.jpg","contentUrl":"https:\/\/gabonnouvellevision.com\/gnv\/wp-content\/uploads\/2025\/10\/556295468_122133813368926887_4856076011363320_n.jpg","width":720,"height":509},{"@type":"BreadcrumbList","@id":"https:\/\/gabonnouvellevision.com\/gnv\/2025\/10\/24\/les-femmes-de-reagir-sinvitent-a-la-lutte-contre-les-cancers-feminins-au-gabon\/#breadcrumb","itemListElement":[{"@type":"ListItem","position":1,"name":"Accueil","item":"https:\/\/gabonnouvellevision.com\/gnv\/"},{"@type":"ListItem","position":2,"name":"Les Femmes de REAGIR s&rsquo;invitent \u00e0 la lutte contre les cancers f\u00e9minins au Gabon"}]},{"@type":"WebSite","@id":"https:\/\/gabonnouvellevision.com\/gnv\/#website","url":"https:\/\/gabonnouvellevision.com\/gnv\/","name":"Gabon Nouvelle Vision","description":"","publisher":{"@id":"https:\/\/gabonnouvellevision.com\/gnv\/#organization"},"potentialAction":[{"@type":"SearchAction","target":{"@type":"EntryPoint","urlTemplate":"https:\/\/gabonnouvellevision.com\/gnv\/?s={search_term_string}"},"query-input":{"@type":"PropertyValueSpecification","valueRequired":true,"valueName":"search_term_string"}}],"inLanguage":"fr-FR"},{"@type":"Organization","@id":"https:\/\/gabonnouvellevision.com\/gnv\/#organization","name":"Gabon Nouvelle Vision","url":"https:\/\/gabonnouvellevision.com\/gnv\/","logo":{"@type":"ImageObject","inLanguage":"fr-FR","@id":"https:\/\/gabonnouvellevision.com\/gnv\/#\/schema\/logo\/image\/","url":"https:\/\/gabonnouvellevision.com\/gnv\/wp-content\/uploads\/2025\/01\/logo-text_Plan-de-travail-1.png","contentUrl":"https:\/\/gabonnouvellevision.com\/gnv\/wp-content\/uploads\/2025\/01\/logo-text_Plan-de-travail-1.png","width":7169,"height":2390,"caption":"Gabon Nouvelle Vision"},"image":{"@id":"https:\/\/gabonnouvellevision.com\/gnv\/#\/schema\/logo\/image\/"},"sameAs":["https:\/\/www.facebook.com\/GNVofficiel"]},{"@type":"Person","@id":"https:\/\/gabonnouvellevision.com\/gnv\/#\/schema\/person\/4b48e07d222f83c0285affc3704bc899","name":"Eyeng Obame","image":{"@type":"ImageObject","inLanguage":"fr-FR","@id":"https:\/\/gabonnouvellevision.com\/gnv\/#\/schema\/person\/image\/","url":"https:\/\/secure.gravatar.com\/avatar\/167bc03b8baf3c77318a47159f80871de6f5a6cbf4bc8b6af750fbc1a369d7bf?s=96&d=mm&r=g","contentUrl":"https:\/\/secure.gravatar.com\/avatar\/167bc03b8baf3c77318a47159f80871de6f5a6cbf4bc8b6af750fbc1a369d7bf?s=96&d=mm&r=g","caption":"Eyeng Obame"},"url":"https:\/\/gabonnouvellevision.com\/gnv\/author\/rufin\/"}]}},"_links":{"self":[{"href":"https:\/\/gabonnouvellevision.com\/gnv\/wp-json\/wp\/v2\/posts\/24267","targetHints":{"allow":["GET"]}}],"collection":[{"href":"https:\/\/gabonnouvellevision.com\/gnv\/wp-json\/wp\/v2\/posts"}],"about":[{"href":"https:\/\/gabonnouvellevision.com\/gnv\/wp-json\/wp\/v2\/types\/post"}],"author":[{"embeddable":true,"href":"https:\/\/gabonnouvellevision.com\/gnv\/wp-json\/wp\/v2\/users\/7"}],"replies":[{"embeddable":true,"href":"https:\/\/gabonnouvellevision.com\/gnv\/wp-json\/wp\/v2\/comments?post=24267"}],"version-history":[{"count":1,"href":"https:\/\/gabonnouvellevision.com\/gnv\/wp-json\/wp\/v2\/posts\/24267\/revisions"}],"predecessor-version":[{"id":24269,"href":"https:\/\/gabonnouvellevision.com\/gnv\/wp-json\/wp\/v2\/posts\/24267\/revisions\/24269"}],"wp:featuredmedia":[{"embeddable":true,"href":"https:\/\/gabonnouvellevision.com\/gnv\/wp-json\/wp\/v2\/media\/24268"}],"wp:attachment":[{"href":"https:\/\/gabonnouvellevision.com\/gnv\/wp-json\/wp\/v2\/media?parent=24267"}],"wp:term":[{"taxonomy":"category","embeddable":true,"href":"https:\/\/gabonnouvellevision.com\/gnv\/wp-json\/wp\/v2\/categories?post=24267"},{"taxonomy":"post_tag","embeddable":true,"href":"https:\/\/gabonnouvellevision.com\/gnv\/wp-json\/wp\/v2\/tags?post=24267"}],"curies":[{"name":"wp","href":"https:\/\/api.w.org\/{rel}","templated":true}]}}