{"id":24264,"date":"2025-10-24T11:18:25","date_gmt":"2025-10-24T09:18:25","guid":{"rendered":"https:\/\/gabonnouvellevision.com\/gnv\/?p=24264"},"modified":"2025-10-24T11:18:27","modified_gmt":"2025-10-24T09:18:27","slug":"communique-final-du-conseil-des-ministres-de-jeudi-23-octobre-2025-a-libreville","status":"publish","type":"post","link":"https:\/\/gabonnouvellevision.com\/gnv\/2025\/10\/24\/communique-final-du-conseil-des-ministres-de-jeudi-23-octobre-2025-a-libreville\/","title":{"rendered":"Communiqu\u00e9 final du Conseil des Ministres de Jeudi 23 octobre 2025 \u00e0 Libreville"},"content":{"rendered":"\n<p>Sous la Tr\u00e8s Haute Pr\u00e9sidence de Son Excellence Brice Clotaire OLIGUI&nbsp; NGUEMA, Pr\u00e9sident de la R\u00e9publique, Chef de l\u2019\u00c9tat, Chef du Gouvernement, le Conseil des Ministres s\u2019est r\u00e9uni ce jeudi 23 octobre&nbsp; 2025, \u00e0 10h00, dans la salle habituelle des d\u00e9lib\u00e9rations, au Palais de la&nbsp; Pr\u00e9sidence de la R\u00e9publique.&nbsp;<\/p>\n\n\n\n<p>Le Conseil a ouvert ses travaux par un vibrant hommage au Pr\u00e9sident de&nbsp; la R\u00e9publique pour sa brillante intervention lors de la 80\u1d49 Session de&nbsp; l\u2019Assembl\u00e9e G\u00e9n\u00e9rale des Nations Unies \u00e0 New York (\u00c9tats-Unis).&nbsp; Dans son allocution, le Chef de l\u2019\u00c9tat a rappel\u00e9 les avanc\u00e9es majeures de&nbsp; la Transition politique r\u00e9ussie et le retour \u00e0 l\u2019ordre d\u00e9mocratique au&nbsp; Gabon, tout en exprimant la reconnaissance de la Nation envers&nbsp; l\u2019Organisation des Nations Unies pour son accompagnement&nbsp; constant.&nbsp;&nbsp;<\/p>\n\n\n\n<p>Affirmant que \u00ab le Gabon a chang\u00e9 \u00bb, le Pr\u00e9sident de la R\u00e9publique a&nbsp; r\u00e9affirm\u00e9 la volont\u00e9 du pays de se r\u00e9concilier avec lui-m\u00eame, de&nbsp; reconstruire un \u00c9tat au service du peuple et de transformer sur place&nbsp; ses ressources naturelles afin de cr\u00e9er des emplois locaux et de&nbsp; promouvoir des partenariats \u00e9conomiques \u00e9quitables, fond\u00e9s sur la&nbsp; transparence, la probit\u00e9 et le respect mutuel. Il a \u00e9galement renouvel\u00e9&nbsp; l\u2019engagement du Gabon pour la paix, la s\u00e9curit\u00e9 internationale, la protection&nbsp; du climat et la justice environnementale, tout en appelant \u00e0 un&nbsp; multilat\u00e9ralisme plus juste et inclusif.&nbsp;<\/p>\n\n\n\n<p>Poursuivant ses travaux, le Conseil a \u00e9cout\u00e9 le Pr\u00e9sident de la R\u00e9publique&nbsp; qui a rappel\u00e9 que le Gabon se<strong>&nbsp;<\/strong>trouve \u00e0 un moment d\u00e9cisif de son&nbsp; histoire.<strong>&nbsp;<\/strong>Les \u00e9lections l\u00e9gislatives et locales \u2014 premi\u00e8res de la Ve&nbsp; R\u00e9publique \u2014 arrivent \u00e0 leur terme avec la reprise du second tour \u00e0 Ntoum&nbsp; et \u00e0 Moabi, avant l\u2019\u00e9lection prochaine des s\u00e9nateurs. Ce cycle \u00e9lectoral&nbsp; marque une \u00e9tape charni\u00e8re vers la consolidation du nouvel ordre&nbsp; institutionnel, fond\u00e9 sur la l\u00e9gitimit\u00e9 populaire, la transparence et la&nbsp; responsabilit\u00e9.&nbsp;&nbsp;<\/p>\n\n\n\n<p>Le Chef de l\u2019\u00c9tat a salu\u00e9 la maturit\u00e9 du peuple gabonais, tout en relevant&nbsp; certaines insuffisances du dispositif \u00e9lectoral issues du Dialogue national&nbsp;inclusif. Il a annonc\u00e9 une \u00e9valuation approfondie et des ajustements&nbsp; n\u00e9cessaires pour renforcer la cr\u00e9dibilit\u00e9 et la participation aux scrutins&nbsp; futurs, rappelant que le vote demeure le socle de la l\u00e9gitimit\u00e9&nbsp; r\u00e9publicaine. Le Pr\u00e9sident de la R\u00e9publique a invit\u00e9 le Gouvernement \u00e0&nbsp; r\u00e9fl\u00e9chir sans tabou sur les moyens de raviver la participation&nbsp; citoyenne, notamment par l\u2019\u00e9ducation civique, la modernisation des&nbsp; proc\u00e9dures \u00e9lectorales et une r\u00e9flexion nationale sur le vote obligatoire.&nbsp; Il a ensuite soulign\u00e9 que la fin du cycle \u00e9lectoral consacre la cl\u00f4ture de la&nbsp; Transition et l\u2019entr\u00e9e dans la Cinqui\u00e8me R\u00e9publique, dont l\u2019architecture&nbsp; institutionnelle \u2014 Assembl\u00e9e nationale, S\u00e9nat, Cour constitutionnelle,&nbsp; Conseil \u00e9conomique, social, environnemental et culturel \u2014 sera bient\u00f4t&nbsp; compl\u00e8te. Cette nouvelle R\u00e9publique devra \u00eatre plus juste, plus moderne,&nbsp; plus exemplaire, au service du peuple et du bien commun.&nbsp;&nbsp;<\/p>\n\n\n\n<p>Le Chef de l\u2019\u00c9tat a appel\u00e9 \u00e0 une mobilisation gouvernementale totale en&nbsp; vue de la pleine ex\u00e9cution du projet national, insistant sur la n\u00e9cessit\u00e9&nbsp; de r\u00e9sultats concrets et visibles chaque semaine. Il a exig\u00e9 une&nbsp; gouvernance fond\u00e9e sur la rigueur, la probit\u00e9 et la performance,&nbsp; rappelant que la confiance des citoyens se m\u00e9rite par l\u2019exemplarit\u00e9.&nbsp;<\/p>\n\n\n\n<p>\u00c9voquant la gestion de certains projets publics, le Pr\u00e9sident de la R\u00e9publique&nbsp; a d\u00e9nonc\u00e9 les d\u00e9rives et malversations constat\u00e9es, r\u00e9affirmant que la&nbsp; main de l\u2019\u00c9tat ne tremblera pas et que les auteurs r\u00e9pondront de leurs&nbsp; actes devant la justice.&nbsp;&nbsp;<\/p>\n\n\n\n<p>Le Chef de l\u2019\u00c9tat a ensuite appel\u00e9 \u00e0 un dialogue social permanent,&nbsp; estimant qu\u2019il constitue une n\u00e9cessit\u00e9 strat\u00e9gique. Il a instruit le&nbsp; VicePr\u00e9sident du Gouvernement et le Ministre du Travail de formaliser un&nbsp; cadre de concertation durable avec les partenaires sociaux, et demand\u00e9&nbsp; l\u2019organisation, d\u2019ici 2026, d\u2019\u00e9lections professionnelles transparentes&nbsp; afin de restaurer la cr\u00e9dibilit\u00e9 syndicale.&nbsp;<\/p>\n\n\n\n<p>Le Pr\u00e9sident de la R\u00e9publique a exprim\u00e9, par la suite, son inqui\u00e9tude face \u00e0&nbsp; la mont\u00e9e de comportements inciviques, notamment sur les r\u00e9seaux sociaux,&nbsp; qui banalisent l\u2019action publique et outragent les institutions. Il a appel\u00e9 \u00e0 un&nbsp; sursaut civique collectif et \u00e0 la reconstruction de la confiance entre&nbsp; gouvernants et gouvern\u00e9s, par un effort soutenu d\u2019\u00e9ducation et de&nbsp; formation civique. \u00c0 cet effet, il a annonc\u00e9 le renforcement de la Direction&nbsp; g\u00e9n\u00e9rale de l\u2019\u00c9ducation populaire au Minist\u00e8re de la Culture, ainsi que de&nbsp; la structure charg\u00e9e de l\u2019instruction civique au Minist\u00e8re de l\u2019\u00c9ducation&nbsp; nationale, afin de former le citoyen mod\u00e8le de la R\u00e9publique nouvelle,&nbsp; conscient de ses droits et de ses devoirs.&nbsp;&nbsp;<\/p>\n\n\n\n<p>Le Chef de l\u2019\u00c9tat a conclu en r\u00e9affirmant son ambition de b\u00e2tir un Gabon&nbsp; exemplaire, disciplin\u00e9 et prosp\u00e8re, o\u00f9 la vertu civique et l\u2019exemplarit\u00e9&nbsp; publique guideront l\u2019action nationale, pour une R\u00e9publique digne, forte et&nbsp; respect\u00e9e.&nbsp;&nbsp;<\/p>\n\n\n\n<p>S\u2019inscrivant dans la dynamique de redressement moral et de transformation&nbsp; \u00e9conomique, le Pr\u00e9sident de la R\u00e9publique a rendu hommage \u00e0 la d\u00e9l\u00e9gation&nbsp; gabonaise qui a remport\u00e9 le Golden Prize d\u00e9croch\u00e9 par le Gabon lors de&nbsp; l\u2019Exposition universelle d\u2019Osaka, au Japon.&nbsp;&nbsp;<\/p>\n\n\n\n<p>Cette distinction ouvre au pays de nouvelles perspectives de rayonnement&nbsp; international. \u00c0 cette occasion, le Chef de l\u2019\u00c9tat a appel\u00e9 \u00e0 faire de cette&nbsp; r\u00e9ussite un des leviers pour un d\u00e9veloppement durable et collectif.&nbsp; Soulignant la n\u00e9cessit\u00e9 de saisir toutes les opportunit\u00e9s, il a annonc\u00e9 que ce&nbsp; prix devait servir de tremplin pour promouvoir le Gabon comme une&nbsp; destination de choix. Une mesure incitative majeure a ainsi \u00e9t\u00e9 d\u00e9voil\u00e9e :&nbsp; d\u00e9sormais, tout investisseur r\u00e9alisant un apport d\u2019au moins dix (10) milliards&nbsp; de francs CFA se verra octroyer la Carte de R\u00e9sident Permanent, valable&nbsp; pour une dur\u00e9e de dix (10) ans.&nbsp;&nbsp;<\/p>\n\n\n\n<p>Cette d\u00e9cision traduit la volont\u00e9 du Chef de l\u2019\u00c9tat de stimuler&nbsp; l\u2019investissement productif, d\u2019attirer des capitaux durables et de faire du&nbsp; Gabon une terre d\u2019opportunit\u00e9s et de confiance pour les entrepreneurs&nbsp; du monde entier.&nbsp;<\/p>\n\n\n\n<p><strong>I. PROJETS DE TEXTES LEGISLATIFS ET REGLEMENTAIRES&nbsp;<\/strong>Le Conseil des Ministres a d\u00e9lib\u00e9r\u00e9 sur les Affaires suivantes :&nbsp;&nbsp;<\/p>\n\n\n\n<p><strong>MINISTERE DE L\u2019ECONOMIE, DES FINANCES, DE LA DETTE ET DES&nbsp; PARTICIPATIONS, CHARGE DE LA LUTTE CONTRE LA VIE CHERE&nbsp;&nbsp;<\/strong><\/p>\n\n\n\n<p>\u2013&nbsp;<strong>Projet de loi fixant certaines r\u00e8gles relatives \u00e0 l\u2019activit\u00e9 de cr\u00e9dit&nbsp; dans les secteurs bancaires et de la microfinance en R\u00e9publique&nbsp; Gabonaise.&nbsp;&nbsp;<\/strong><\/p>\n\n\n\n<p>Le pr\u00e9sent projet de loi, pris en application des dispositions de l\u2019article 94 de&nbsp; la Constitution, vient combler un vide juridique dans les op\u00e9rations de cr\u00e9dit&nbsp; par les \u00e9tablissements de cr\u00e9dit et de microfinance en R\u00e9publique&nbsp; Gabonaise, les obligations des parties y relatives et le r\u00e9gime de&nbsp; responsabilit\u00e9 en cas de non-remboursement.&nbsp;&nbsp;<\/p>\n\n\n\n<p>A cet effet, il propose en conformit\u00e9 avec les dispositions de la Commission&nbsp; Bancaire de l\u2019Afrique Centrale (COBAC) non seulement de mieux prot\u00e9ger&nbsp; le syst\u00e8me bancaire contre le risque de d\u00e9faut de paiement massif, mais&nbsp; aussi participe \u00e0 assurer une plus grande s\u00e9curit\u00e9 juridique, judiciaire et&nbsp; financi\u00e8re \u00e0 tous les op\u00e9rateurs \u00e9conomiques du secteur priv\u00e9 et du secteur&nbsp; public.&nbsp;&nbsp;<\/p>\n\n\n\n<p>\u2013&nbsp;<strong>Projet de loi fixant certaines conditions d\u2019acc\u00e8s \u00e0 la fonction de&nbsp; Directeur G\u00e9n\u00e9ral d\u2019\u00e9tablissement de cr\u00e9dit et de microfinance.&nbsp;&nbsp;<\/strong><\/p>\n\n\n\n<p>Le pr\u00e9sent projet de loi, pris en application des dispositions de l\u2019article 94 de&nbsp; la Constitution, vise la transformation durable de notre mod\u00e8le de&nbsp; d\u00e9veloppement \u00e9conomique dans lequel le secteur bancaire et de la&nbsp; microfinance conservent un r\u00f4le cl\u00e9 notamment pour le financement de&nbsp; l\u2019\u00e9conomie en monnaie locale.&nbsp;&nbsp;<\/p>\n\n\n\n<p>Ainsi, en parfait accord avec le corpus r\u00e8glementaire de la Commission&nbsp; Bancaire de l\u2019Afrique Centrale (COBAC) en sa qualit\u00e9 de r\u00e9gulateur, le&nbsp; pr\u00e9sent projet de texte consacre-t-il dor\u00e9navant l\u2019exclusivit\u00e9 de la fonction&nbsp; de Directeur G\u00e9n\u00e9ral des \u00e9tablissements de cr\u00e9dit et de microfinance sur le territoire de la R\u00e9publique gabonaise, aux seules personnes de nationalit\u00e9&nbsp; gabonaise, sauf d\u00e9rogation accord\u00e9e par le Comit\u00e9 National \u00c9conomique&nbsp; Financier.&nbsp;&nbsp;<\/p>\n\n\n\n<p>\u2013&nbsp;<strong>Projet de d\u00e9cret portant obligation de saturation des capacit\u00e9s&nbsp; d\u2019assurance et r\u00e9assurance du march\u00e9 local avant toute cession&nbsp; de r\u00e9assurance facultative \u00e0 l\u2019\u00e9tranger.&nbsp;&nbsp;<\/strong><\/p>\n\n\n\n<p>Ce texte vise \u00e0 renforcer la solidit\u00e9 du secteur national des assurances en&nbsp; garantissant une meilleure mobilisation des capacit\u00e9s financi\u00e8res disponibles&nbsp; sur le march\u00e9 gabonais.&nbsp;&nbsp;<\/p>\n\n\n\n<p>D\u00e9sormais, les soci\u00e9t\u00e9s d\u2019assurance \u00e9tablies sur le territoire national&nbsp; devront, avant toute cession \u00e0 l\u2019international, solliciter en priorit\u00e9 la&nbsp; mutualisation des capacit\u00e9s locales, notamment celles des autres&nbsp; compagnies agr\u00e9\u00e9es et du r\u00e9assureur national.&nbsp;&nbsp;<\/p>\n\n\n\n<p>Cette mesure permettra d\u2019accro\u00eetre la r\u00e9tention des primes sur le territoire,&nbsp; de r\u00e9duire les transferts de capitaux vers l\u2019ext\u00e9rieur et, partant, de consolider&nbsp; le financement domestique du secteur des assurances, en coh\u00e9rence avec&nbsp; les objectifs de souverainet\u00e9 \u00e9conomique du Gouvernement.&nbsp;&nbsp;<\/p>\n\n\n\n<p>\u2013&nbsp;<strong>Projet de d\u00e9cret fixant les r\u00e8gles applicables aux administrateurs&nbsp; de l\u2019\u00c9tat dans les Conseils d\u2019Administration.&nbsp;&nbsp;<\/strong><\/p>\n\n\n\n<p>Ce texte vise \u00e0 renforcer la gouvernance et la performance des entit\u00e9s&nbsp; publiques en encadrant d\u00e9sormais les conditions de d\u00e9signation, la dur\u00e9e&nbsp; des mandats, ainsi que les obligations et responsabilit\u00e9s des administrateurs&nbsp; repr\u00e9sentant l\u2019\u00c9tat.&nbsp;&nbsp;<\/p>\n\n\n\n<p>D\u00e9sormais, les fonctions d\u2019administrateur de l\u2019\u00c9tat ne pourront \u00eatre confi\u00e9es&nbsp; qu\u2019\u00e0 des agents publics en activit\u00e9, disposant d\u2019une exp\u00e9rience&nbsp; professionnelle av\u00e9r\u00e9e, d\u2019une comp\u00e9tence reconnue, d\u2019une moralit\u00e9&nbsp; exemplaire et d\u2019un sens \u00e9lev\u00e9 de l\u2019int\u00e9r\u00eat g\u00e9n\u00e9ral. Ces administrateurs&nbsp; devront se conformer aux orientations des autorit\u00e9s qu\u2019ils repr\u00e9sentent et&nbsp; rendre compte de leur mission.&nbsp;&nbsp;<\/p>\n\n\n\n<p>Le projet de d\u00e9cret limite \u00e9galement la dur\u00e9e d\u2019exercice de ces fonctions \u00e0&nbsp; un maximum de trois (3) mandats sur six (6) ans au sein d\u2019une m\u00eame entit\u00e9,&nbsp;<\/p>\n\n\n\n<p>afin de pr\u00e9venir toute situation d\u2019accoutumance pr\u00e9judiciable \u00e0 l\u2019efficacit\u00e9. Il&nbsp; rappelle enfin la responsabilit\u00e9 civile et p\u00e9nale des administrateurs de l\u2019\u00c9tat&nbsp; en cas de faute de gestion.&nbsp;&nbsp;<\/p>\n\n\n\n<p>L\u2019adoption de ce texte consacre une \u00e9tape importante dans la&nbsp; professionnalisation de la repr\u00e9sentation de l\u2019\u00c9tat actionnaire et dans&nbsp; l\u2019am\u00e9lioration de la gouvernance des entit\u00e9s publiques.&nbsp;&nbsp;<\/p>\n\n\n\n<p>\u2013&nbsp;<strong>Projet de d\u00e9cret portant attributions et organisation du Minist\u00e8re&nbsp; de l\u2019\u00c9conomie, des Finances, de la Dette et des Participations,&nbsp; charg\u00e9 de la Lutte contre la Vie Ch\u00e8re.&nbsp;&nbsp;<\/strong><\/p>\n\n\n\n<p>Ce texte intervient \u00e0 la suite du d\u00e9cret n\u00b00222\/PR du 5 mai 2025 portant&nbsp; composition du Gouvernement, qui a consacr\u00e9 la fusion de l\u2019ancien Minist\u00e8re&nbsp; de l\u2019\u00c9conomie et des Participations avec celui des Comptes Publics et de la&nbsp; Dette. Cette r\u00e9forme structurelle vise \u00e0 regrouper, au sein d\u2019un m\u00eame&nbsp; d\u00e9partement, l\u2019ensemble des missions \u00e9conomiques et financi\u00e8res de l\u2019\u00c9tat&nbsp; pour une meilleure coh\u00e9rence et efficacit\u00e9 de l\u2019action publique.&nbsp;&nbsp;<\/p>\n\n\n\n<p>Dans sa nouvelle configuration, ce d\u00e9partement minist\u00e9riel a pour mission&nbsp; d\u2019\u00e9laborer et de mettre en \u0153uvre la politique du Gouvernement en mati\u00e8re&nbsp; d\u2019\u00e9conomie, de finances, de budget, de dette, de participations de l\u2019\u00c9tat, de&nbsp; promotion des investissements, de partenariats publics-priv\u00e9s,&nbsp; d\u2019am\u00e9lioration de l\u2019environnement des affaires et de lutte contre la vie ch\u00e8re.&nbsp; Outre les directions et services h\u00e9rit\u00e9s des anciens d\u00e9partements, le projet&nbsp; de d\u00e9cret cr\u00e9e deux nouvelles structures rattach\u00e9es directement au Cabinet&nbsp; du Ministre :&nbsp;&nbsp;<\/p>\n\n\n\n<p>\u2013 l\u2019Inspection G\u00e9n\u00e9rale des Finances, destin\u00e9e \u00e0 renforcer les fonctions&nbsp; d\u2019audit, de contr\u00f4le et de gouvernance financi\u00e8re des administrations&nbsp; publiques ;&nbsp;&nbsp;<\/p>\n\n\n\n<p>\u2013 la Direction Centrale du Management et de la Qualit\u00e9, charg\u00e9e de la&nbsp; mise en \u0153uvre d\u2019un syst\u00e8me de management de la qualit\u00e9 pour&nbsp; accro\u00eetre l\u2019efficacit\u00e9 op\u00e9rationnelle et am\u00e9liorer le service rendu aux&nbsp; usagers.&nbsp;&nbsp;<\/p>\n\n\n\n<p>Le pr\u00e9sent projet de d\u00e9cret, articul\u00e9 autour de trois chapitres relatifs aux&nbsp; attributions, \u00e0 l\u2019organisation et aux dispositions finales, marque une \u00e9tape&nbsp;<\/p>\n\n\n\n<p>importante dans la modernisation et la rationalisation de la gouvernance&nbsp; \u00e9conomique et financi\u00e8re de l\u2019\u00c9tat.&nbsp;&nbsp;<\/p>\n\n\n\n<p>\u2013&nbsp;<strong>Ratification l\u00e9gislative des conventions et march\u00e9s conclus par le&nbsp; Gouvernement&nbsp;&nbsp;<\/strong><\/p>\n\n\n\n<p>Pris en application des&nbsp;<strong>dispositions l\u00e9gales et r\u00e8glementaires en vigueur<\/strong>,&nbsp; ce projet de texte s\u2019inscrit dans la volont\u00e9 du Gouvernement de&nbsp;<strong>renforcer la&nbsp; transparence, la r\u00e9gularit\u00e9 et la tra\u00e7abilit\u00e9 des engagements&nbsp; \u00e9conomiques et financiers&nbsp;<\/strong>de l\u2019\u00c9tat.&nbsp;&nbsp;<\/p>\n\n\n\n<p>Dans le cadre de la mise en \u0153uvre de projets \u00e0&nbsp;<strong>fort impact \u00e9conomique et&nbsp; social<\/strong>, notamment en mati\u00e8re&nbsp;<strong>d\u2019investissements productifs, de cr\u00e9ation&nbsp; d\u2019emplois et de recours \u00e0 la sous-traitance locale<\/strong>, le Gouvernement a&nbsp; accord\u00e9 \u00e0 certains op\u00e9rateurs \u00e9conomiques des&nbsp;<strong>avantages fiscaux et&nbsp; douaniers sp\u00e9cifiques<\/strong>.&nbsp;&nbsp;<\/p>\n\n\n\n<p>Ces avantages, sous forme&nbsp;<strong>d\u2019exon\u00e9rations, de taux r\u00e9duits, de&nbsp; suspensions de droits et taxes ou de stabilisation fiscale et douani\u00e8re<\/strong>,&nbsp; constituent des&nbsp;<strong>d\u00e9penses fiscales&nbsp;<\/strong>qui, conform\u00e9ment \u00e0 la loi, n\u00e9cessitent&nbsp; l\u2019<strong>approbation pr\u00e9alable du Parlement<\/strong>.&nbsp;&nbsp;<\/p>\n\n\n\n<p>\u00c0 travers cette d\u00e9marche de ratification, le Gouvernement r\u00e9affirme sa&nbsp; volont\u00e9 de&nbsp;<strong>soumettre \u00e0 la repr\u00e9sentation nationale tout engagement&nbsp; comportant des incidences fiscales et financi\u00e8res<\/strong>, conform\u00e9ment aux&nbsp; exigences de bonne gouvernance et de responsabilit\u00e9 budg\u00e9taire, dans un&nbsp; esprit de&nbsp;<strong>transparence, de l\u00e9galit\u00e9 et d\u2019efficacit\u00e9 \u00e9conomique<\/strong>.&nbsp;&nbsp;<\/p>\n\n\n\n<p><strong>MINISTERE DES AFFAIRES ETRANGERES ET DE LA COOPERATION&nbsp; CHARGE DE L\u2019INTEGRATION ET DE LA DIASPORA&nbsp;&nbsp;<\/strong><\/p>\n\n\n\n<p>\u2013&nbsp;<strong>Projet de loi autorisant la ratification de la convention portant&nbsp; cr\u00e9ation de l\u2019Organisation Internationale pour la M\u00e9diation (OIM)&nbsp;&nbsp;<\/strong><\/p>\n\n\n\n<p><strong>Le pr\u00e9sent projet de loi fait suite \u00e0 la signature, le 30 mai 2025 \u00e0 Hong&nbsp; Kong (Chine), de la Convention portant cr\u00e9ation de l\u2019Organisation&nbsp; Internationale pour la M\u00e9diation (OIM).&nbsp;<\/strong><\/p>\n\n\n\n<p>Ce texte vise \u00e0 renforcer les m\u00e9canismes de r\u00e8glement pacifique des&nbsp; diff\u00e9rends, notamment ceux relatifs au commerce international et aux&nbsp; investissements, par la voie de la m\u00e9diation.&nbsp;&nbsp;<\/p>\n\n\n\n<p>L\u2019OIM, qui s\u2019inspire des principes fondateurs de la Charte des Nations Unies,&nbsp; offre un cadre particuli\u00e8rement favorable aux pays en d\u00e9veloppement, en&nbsp; prenant en compte leurs int\u00e9r\u00eats sp\u00e9cifiques dans le processus d\u2019\u00e9laboration&nbsp; de la Convention. Elle accorde \u00e9galement \u00e0 ses membres fondateurs&nbsp; certains avantages en mati\u00e8re de repr\u00e9sentativit\u00e9 au sein de ses organes.&nbsp;&nbsp;<\/p>\n\n\n\n<p>La mise en \u0153uvre de ce nouvel instrument juridique par notre pays est&nbsp; subordonn\u00e9e \u00e0 l\u2019accomplissement de la proc\u00e9dure de ratification,&nbsp; conform\u00e9ment aux dispositions des articles 162 et 163 de la Constitution.&nbsp; \u00c0 travers l\u2019adh\u00e9sion \u00e0 l\u2019OIM, le Gabon renforcera son dispositif de&nbsp; coop\u00e9ration multilat\u00e9rale, consolidera ses relations avec la R\u00e9publique&nbsp; Populaire de Chine et ouvrira la voie \u00e0 de nouveaux partenariats&nbsp; diplomatiques et \u00e9conomiques.&nbsp;&nbsp;<\/p>\n\n\n\n<p>\u2013&nbsp;<em>Projet&nbsp;<\/em><strong>de loi autorisant la ratification de l\u2019Accord portant cr\u00e9ation&nbsp; du Centre International des Mangroves (CIM)&nbsp;<\/strong><\/p>\n\n\n\n<p><strong>Le pr\u00e9sent projet de loi autorise la ratification de l\u2019Accord portant&nbsp; cr\u00e9ation du Centre International des Mangroves (CIM), sign\u00e9 le 6&nbsp; novembre 2024 \u00e0 Shenzhen (Chine), entre dix-huit (18) pays, parties&nbsp; contractantes \u00e0 la Convention de Ramsar sur les zones humides&nbsp; d\u2019importance internationale.&nbsp;&nbsp;<\/strong><\/p>\n\n\n\n<p>Le CIM a pour mission de promouvoir la coop\u00e9ration internationale et les&nbsp; actions conjointes en mati\u00e8re de&nbsp;<strong>conservation<\/strong>, de&nbsp;<strong>restauration&nbsp;<\/strong>et&nbsp; d\u2019<strong>utilisation durable&nbsp;<\/strong>des \u00e9cosyst\u00e8mes de mangroves. Il vise \u00e9galement \u00e0&nbsp;&nbsp;<strong>renforcer la mise en \u0153uvre&nbsp;<\/strong>de la Convention de&nbsp;<em>Ramsar&nbsp;<\/em>ainsi que d\u2019autres&nbsp; engagements environnementaux internationaux, notamment le&nbsp;<strong>Programme&nbsp; de d\u00e9veloppement durable \u00e0 l\u2019horizon 2030&nbsp;<\/strong>des Nations Unies.&nbsp;&nbsp;<\/p>\n\n\n\n<p>La ratification de cet Accord permettra au Gabon de renforcer son cadre&nbsp; juridique et institutionnel de protection des zones humides, tout en favorisant&nbsp; la mise en \u0153uvre de&nbsp;<strong>plans nationaux de conservation&nbsp;<\/strong>et de&nbsp;<strong>programmes&nbsp; sp\u00e9cifiques de restauration des mangroves<\/strong>, essentiels \u00e0 la pr\u00e9servation&nbsp; de la biodiversit\u00e9 et \u00e0 la lutte contre le changement climatique.&nbsp;<\/p>\n\n\n\n<p>\u2013&nbsp;<strong>Projet de d\u00e9cret fixant la proc\u00e9dure de d\u00e9livrance de l\u2019agr\u00e9ment&nbsp; aux ambassadeurs accr\u00e9dit\u00e9s en R\u00e9publique Gabonaise&nbsp;<\/strong><\/p>\n\n\n\n<p><strong>Le pr\u00e9sent projet de d\u00e9cret fixe les r\u00e8gles et proc\u00e9dures relatives \u00e0 la&nbsp; demande et \u00e0 la d\u00e9livrance de l\u2019agr\u00e9ment aux ambassadeurs accr\u00e9dit\u00e9s&nbsp; en R\u00e9publique Gabonaise.&nbsp;&nbsp;<\/strong><\/p>\n\n\n\n<p>Il pr\u00e9cise \u00e9galement les autorit\u00e9s comp\u00e9tentes et les instances appel\u00e9es \u00e0&nbsp; intervenir \u00e0 chaque \u00e9tape de cette proc\u00e9dure.&nbsp;&nbsp;<\/p>\n\n\n\n<p>L\u2019adoption de ce texte vise \u00e0&nbsp;<strong>clarifier<\/strong>,&nbsp;<strong>formaliser&nbsp;<\/strong>et&nbsp;<strong>s\u00e9curiser&nbsp;<\/strong>le processus&nbsp; d\u2019agr\u00e9ment, dans le souci de garantir une pratique diplomatique&nbsp; transparente, harmonis\u00e9e et conforme aux usages internationaux,&nbsp; contribuant ainsi au rayonnement et \u00e0 la coh\u00e9rence de la diplomatie&nbsp; gabonaise.&nbsp;&nbsp;<\/p>\n\n\n\n<p><strong>MINISTERE DE LA DEFENSE NATIONALE&nbsp;&nbsp;<\/strong><\/p>\n\n\n\n<p>\u2013&nbsp;<strong>Projet de d\u00e9cret portant cr\u00e9ation et attributions de l\u2019Acad\u00e9mie de&nbsp; Protection de l\u2019Environnement et des Ressources Naturelles&nbsp; (APERN)&nbsp;<\/strong><\/p>\n\n\n\n<p><strong>Le pr\u00e9sent projet de d\u00e9cret, pris conform\u00e9ment aux dispositions de&nbsp; l\u2019article 31 de la loi n\u00b0020\/2005 du 3 janvier 2006 fixant les r\u00e8gles de&nbsp; cr\u00e9ation, d\u2019organisation et de gestion des services de l\u2019\u00c9tat, s\u2019inscrit&nbsp; dans la continuit\u00e9 des efforts du Gouvernement en mati\u00e8re de&nbsp; pr\u00e9servation de l\u2019environnement et de protection durable des&nbsp; ressources naturelles nationales.&nbsp;&nbsp;<\/strong><\/p>\n\n\n\n<p>Ce texte d\u00e9finit les&nbsp;<strong>missions et attributions&nbsp;<\/strong>de cette Acad\u00e9mie, les&nbsp;<strong>conditions d\u2019admission<\/strong>, les&nbsp;<strong>sources de financement&nbsp;<\/strong>ainsi que le&nbsp;<strong>r\u00e9gime&nbsp; comptable et administratif&nbsp;<\/strong>applicable. Il pr\u00e9cise \u00e9galement les dispositions&nbsp; diverses et finales relatives \u00e0 son fonctionnement.&nbsp;&nbsp;<\/p>\n\n\n\n<p>L\u2019Acad\u00e9mie de Protection de l\u2019Environnement et des Ressources Naturelles&nbsp; (APERN) aura pour vocation de former les&nbsp;<strong>personnels de d\u00e9fense et de&nbsp; s\u00e9curit\u00e9<\/strong>, les&nbsp;<strong>agents civils de l\u2019\u00c9tat<\/strong>, ainsi que les&nbsp;<strong>cadres d\u2019organismes&nbsp; publics et priv\u00e9s&nbsp;<\/strong>engag\u00e9s dans la gestion environnementale. Les&nbsp; formations dispens\u00e9es seront sanctionn\u00e9es par des&nbsp;<strong>brevets et certificats&nbsp;<\/strong><\/p>\n\n\n\n<p><strong>techniques de premier et de second degr\u00e9s militaires<\/strong>, ainsi que par des&nbsp;&nbsp;<strong>certificats d\u2019aptitude professionnelle&nbsp;<\/strong>et des&nbsp;<strong>masters sp\u00e9cialis\u00e9s<\/strong>.&nbsp; L\u2019adoption de ce texte marque une \u00e9tape importante dans la&nbsp;<strong>mise en place&nbsp; d\u2019un dispositif national de formation environnementale<\/strong>, offrant une&nbsp; alternative durable aux formations \u00e0 l\u2019\u00e9tranger, tout en contribuant \u00e0 la&nbsp; ma\u00eetrise des co\u00fbts et au renforcement des capacit\u00e9s nationales dans ce&nbsp; domaine strat\u00e9gique.&nbsp;&nbsp;<\/p>\n\n\n\n<p>\u2013&nbsp;<strong>Projet de d\u00e9cret portant cr\u00e9ation d\u2019une \u00c9cole Nationale \u00e0 Vocation&nbsp; R\u00e9gionale (ENVR) \u00e0 l\u2019\u00c9cole d\u2019Administration des Forces de&nbsp; D\u00e9fense de Libreville<\/strong><em>.&nbsp;&nbsp;<\/em><\/p>\n\n\n\n<p><strong>Le Conseil des Ministres a examin\u00e9 et adopt\u00e9 le projet de d\u00e9cret portant&nbsp; cr\u00e9ation d\u2019une \u00c9cole Nationale \u00e0 Vocation R\u00e9gionale (ENVR) au sein de&nbsp; l\u2019\u00c9cole d\u2019Administration des Forces de D\u00e9fense de Libreville, dans le&nbsp; cadre d\u2019un partenariat entre la R\u00e9publique Gabonaise et la R\u00e9publique&nbsp; Fran\u00e7aise.&nbsp;&nbsp;<\/strong><\/p>\n\n\n\n<p>Ce texte vise \u00e0 renforcer la coop\u00e9ration bilat\u00e9rale en mati\u00e8re de d\u00e9fense et&nbsp; \u00e0 promouvoir la formation des personnels militaires dans les domaines de&nbsp; l\u2019administration, de la gestion publique militaire et du commandement.&nbsp; L\u2019\u00c9cole d\u2019Administration des Forces de D\u00e9fense de Libreville est un&nbsp; \u00e9tablissement d\u2019enseignement militaire dont les \u00e9tudes sont sanctionn\u00e9es&nbsp; par des brevets et le Dipl\u00f4me d\u2019Officier d\u2019Administration.&nbsp;&nbsp;<\/p>\n\n\n\n<p>L\u2019objectif de cette r\u00e9forme est de doter les officiers subalternes et&nbsp; sousofficiers d\u2019une formation de haut niveau, alliant comp\u00e9tences&nbsp; administratives, discipline militaire et excellence acad\u00e9mique, afin de&nbsp; renforcer la performance et la modernisation de l\u2019administration militaire&nbsp; nationale et r\u00e9gionale.&nbsp;&nbsp;<\/p>\n\n\n\n<p>L\u2019adoption de ce texte traduit la volont\u00e9 du Gouvernement de renforcer les&nbsp; capacit\u00e9s nationales de formation militaire et de consolider le rayonnement&nbsp; r\u00e9gional du Gabon en mati\u00e8re de coop\u00e9ration et de d\u00e9fense.&nbsp;&nbsp;<\/p>\n\n\n\n<p><strong>MINISTERE DE L\u2019INTERIEUR, DE LA SECURITE ET DE LA&nbsp; DECENTRALISATION&nbsp;<\/strong><\/p>\n\n\n\n<p>\u2013&nbsp;<strong>Projet de loi portant r\u00e9vision de la loi organique n\u00b0001\/2014 du 15&nbsp; juin 2015 relative \u00e0 la d\u00e9centralisation ;&nbsp;&nbsp;<\/strong><\/p>\n\n\n\n<p>Ce texte r\u00e9pond \u00e0 la n\u00e9cessit\u00e9 de rationaliser et d\u2019harmoniser le cadre&nbsp; juridique de la d\u00e9centralisation afin de lever les difficult\u00e9s li\u00e9es au&nbsp; foisonnement de textes l\u00e9gislatifs et r\u00e9glementaires existants, sources&nbsp; d\u2019ins\u00e9curit\u00e9 juridique et de lenteurs dans la mise en \u0153uvre effective du&nbsp; processus de d\u00e9centralisation.&nbsp;&nbsp;<\/p>\n\n\n\n<p>La r\u00e9\u00e9criture de la loi organique int\u00e8gre et unifie les dispositions de la loi&nbsp; n\u00b0001\/2014 du 15 juin 2015, de la loi n\u00b0028\/2020 du 24 d\u00e9cembre 2020 fixant&nbsp; les modalit\u00e9s de transfert des comp\u00e9tences de l\u2019\u00c9tat aux collectivit\u00e9s locales,&nbsp; ainsi que de l\u2019ordonnance n\u00b0005\/PR\/2023 du 24 octobre 2023, afin de&nbsp; garantir une meilleure lisibilit\u00e9 et une application plus coh\u00e9rente du dispositif&nbsp; juridique.&nbsp;&nbsp;<\/p>\n\n\n\n<p>Le nouveau projet de texte proc\u00e8de \u00e0 plusieurs r\u00e9ajustements, notamment&nbsp; :&nbsp;&nbsp;<\/p>\n\n\n\n<p>\u2013 la cat\u00e9gorisation des collectivit\u00e9s locales selon des crit\u00e8res&nbsp; d\u00e9mographiques, \u00e9conomiques et g\u00e9ographiques ;&nbsp;&nbsp;<\/p>\n\n\n\n<p>\u2013 la d\u00e9finition des attributions des bureaux des conseils et de leurs&nbsp; pr\u00e9sidents ;&nbsp;&nbsp;<\/p>\n\n\n\n<p>\u2013 la clarification du r\u00e9gime des d\u00e9l\u00e9gations sp\u00e9ciales et des&nbsp; comp\u00e9tences non transf\u00e9rables ;&nbsp;&nbsp;<\/p>\n\n\n\n<p>\u2013 la r\u00e9vision du cadre financier, incluant les ressources, les charges&nbsp; et le fonds de p\u00e9r\u00e9quation des collectivit\u00e9s locales.&nbsp;&nbsp;<\/p>\n\n\n\n<p>Ce dernier dispositif est aliment\u00e9 principalement par une dotation sp\u00e9ciale&nbsp; fix\u00e9e de 5 \u00e0 10 % des ressources propres du budget de l\u2019\u00c9tat, et peut \u00eatre&nbsp; renforc\u00e9 par des fonds issus des secteurs minier, forestier, p\u00e9trolier,&nbsp; gazier ou locaux. La cl\u00e9 de r\u00e9partition de cette dotation est fix\u00e9e comme&nbsp; suit :&nbsp;&nbsp;<\/p>\n\n\n\n<p>\u2013 70 % r\u00e9partis \u00e0 parts \u00e9gales entre les 135 entit\u00e9s d\u00e9centralis\u00e9es ;&nbsp; \u2013 30 % redistribu\u00e9s selon des crit\u00e8res&nbsp;&nbsp;<\/p>\n\n\n\n<p>d\u00e9mographiques et d\u2019\u00e9loignement.&nbsp;&nbsp;<\/p>\n\n\n\n<p>L\u2019adoption de ce projet de loi organique marque une \u00e9tape majeure dans&nbsp; la modernisation du cadre de la gouvernance locale et la promotion du&nbsp;<\/p>\n\n\n\n<p>d\u00e9veloppement \u00e9quilibr\u00e9 des territoires, conform\u00e9ment \u00e0 la vision du&nbsp; Pr\u00e9sident de la R\u00e9publique, Chef de l\u2019\u00c9tat, Chef du Gouvernement, en&nbsp; mati\u00e8re de d\u00e9veloppement local et de proximit\u00e9 administrative<em>.&nbsp;&nbsp;<\/em><\/p>\n\n\n\n<p>\u2013&nbsp;<strong>Projet de d\u00e9cret portant transfert des comp\u00e9tences et des&nbsp; moyens de l\u2019\u00c9tat aux Collectivit\u00e9s locales&nbsp;&nbsp;<\/strong><\/p>\n\n\n\n<p><strong>Le Conseil des Ministres a examin\u00e9 et adopt\u00e9 le projet de d\u00e9cret portant&nbsp; transfert des comp\u00e9tences et des moyens de l\u2019\u00c9tat aux Collectivit\u00e9s&nbsp; locales, conform\u00e9ment aux dispositions de la loi n\u00b0028\/2020 du 24&nbsp; d\u00e9cembre 2020 fixant les modalit\u00e9s de transfert des comp\u00e9tences de&nbsp; l\u2019\u00c9tat aux collectivit\u00e9s locales, et de l\u2019ordonnance n\u00b0006\/PR\/2025 du 27&nbsp; janvier 2025 relative \u00e0 la programmation dudit transfert<\/strong>.&nbsp;&nbsp;<\/p>\n\n\n\n<p>Ce texte traduit la volont\u00e9 du Gouvernement de donner une r\u00e9alit\u00e9 concr\u00e8te&nbsp; au processus de d\u00e9centralisation, en permettant aux collectivit\u00e9s locales&nbsp; d\u2019exercer pleinement les missions de service public qui leurs sont confi\u00e9es,&nbsp; dans une logique de proximit\u00e9, d\u2019efficacit\u00e9 et de d\u00e9veloppement \u00e9quilibr\u00e9 du&nbsp; territoire.&nbsp;&nbsp;<\/p>\n\n\n\n<p>Sur la base des conclusions de la premi\u00e8re r\u00e9union de la Commission&nbsp; Nationale de la D\u00e9centralisation (CND), tenue les 17 et 18 juin 2025, il a \u00e9t\u00e9&nbsp; retenu une approche inclusive impliquant&nbsp;<strong>le transfert progressif des&nbsp; comp\u00e9tences et des moyens de vingt (20) minist\u00e8res vers l\u2019ensemble&nbsp; des cent trente-cinq (135) collectivit\u00e9s locales, r\u00e9parties entre les 52&nbsp; communes, leurs 35 arrondissements et les 48 conseils&nbsp; d\u00e9partementaux.&nbsp;&nbsp;<\/strong><\/p>\n\n\n\n<p>Le projet de d\u00e9cret \u00e9num\u00e8re les d\u00e9partements minist\u00e9riels concern\u00e9s,&nbsp; pr\u00e9cise les comp\u00e9tences transf\u00e9r\u00e9es, les modalit\u00e9s d\u2019accompagnement,&nbsp; ainsi que les m\u00e9canismes de financement. Il pr\u00e9voit notamment la mise en&nbsp; place d\u2019un Fonds de p\u00e9r\u00e9quation des collectivit\u00e9s locales, aliment\u00e9 par :&nbsp;&nbsp;<\/p>\n\n\n\n<p>\u2013 une dotation sp\u00e9ciale fix\u00e9e annuellement \u00e0 10 % des ressources&nbsp; propres du budget de l\u2019\u00c9tat ;&nbsp;&nbsp;<\/p>\n\n\n\n<p>\u2013 des contributions issues des fonds de d\u00e9veloppement minier, forestier,&nbsp; p\u00e9trolier et gazier.&nbsp;&nbsp;<\/p>\n\n\n\n<p>La r\u00e9partition de cette dotation sp\u00e9ciale est fix\u00e9e comme suit :&nbsp; \u2013 97 % affect\u00e9s au d\u00e9veloppement des collectivit\u00e9s locales ;&nbsp; \u2013 1,5 % consacr\u00e9s au fonctionnement du Fonds de p\u00e9r\u00e9quation ;<\/p>\n\n\n\n<p>\u2013 1,5 % r\u00e9serv\u00e9s au fonctionnement des organes de&nbsp; la d\u00e9centralisation.&nbsp;&nbsp;<\/p>\n\n\n\n<p>S\u2019agissant de la quote-part des collectivit\u00e9s locales, elle sera r\u00e9partie entre&nbsp; les entit\u00e9s d\u00e9centralis\u00e9es selon la cl\u00e9 suivante :&nbsp;&nbsp;<\/p>\n\n\n\n<p>\u2013 70 % distribu\u00e9s sur une base \u00e9galitaire entre les 135 entit\u00e9s ;&nbsp; \u2013 30 % redistribu\u00e9s en fonction de crit\u00e8res d\u00e9mographiques et&nbsp; d\u2019\u00e9loignement.&nbsp;&nbsp;<\/p>\n\n\n\n<p>L\u2019adoption de ce texte marque une \u00e9tape d\u00e9cisive dans l\u2019op\u00e9rationnalisation&nbsp; du processus de d\u00e9centralisation, en dotant les collectivit\u00e9s locales des&nbsp; comp\u00e9tences et des moyens n\u00e9cessaires \u00e0 la conduite de politiques&nbsp; publiques adapt\u00e9es aux besoins des populations.&nbsp;&nbsp;<\/p>\n\n\n\n<p>\u2013&nbsp;<strong>Projet de d\u00e9cret fixant le tableau des grands \u00e9lecteurs pour&nbsp; l\u2019\u00e9lection des s\u00e9nateurs de l\u2019ann\u00e9e 2025.&nbsp;&nbsp;<\/strong><\/p>\n\n\n\n<p>Pris en application des dispositions de l\u2019article 239 de la loi organique&nbsp; n\u00b0001\/2025 du 19 janvier 2025 portant Code \u00e9lectoral en R\u00e9publique&nbsp; Gabonaise, ce texte \u00e9tablit le&nbsp;<strong>tableau des grands \u00e9lecteurs&nbsp;<\/strong>appel\u00e9s \u00e0&nbsp; participer \u00e0 l\u2019\u00e9lection des s\u00e9nateurs pour l\u2019ann\u00e9e en cours.&nbsp;&nbsp;<\/p>\n\n\n\n<p>Le tableau des grands \u00e9lecteurs est dress\u00e9 pour l\u2019ensemble du territoire&nbsp; national,&nbsp;<strong>par d\u00e9partement, commune et arrondissement<\/strong>, et d\u00e9termine,&nbsp; pour chaque circonscription, le&nbsp;<strong>nombre de conseillers d\u00e9partementaux,&nbsp; municipaux&nbsp;<\/strong>ainsi que le&nbsp;<strong>nombre de s\u00e9nateurs \u00e0 \u00e9lire<\/strong>.&nbsp;&nbsp;<\/p>\n\n\n\n<p>L\u2019adoption de ce projet de d\u00e9cret s\u2019inscrit dans le cadre du&nbsp;<strong>renforcement du&nbsp; dispositif \u00e9lectoral national<\/strong>, en vue de garantir la transparence, la&nbsp; r\u00e9gularit\u00e9 et la bonne organisation du scrutin s\u00e9natorial de 2025,&nbsp; conform\u00e9ment aux exigences de la loi et aux principes de la d\u00e9mocratie&nbsp; repr\u00e9sentative.&nbsp;&nbsp;<\/p>\n\n\n\n<p>\u2013&nbsp;<strong>Projet de d\u00e9cret portant convocation du coll\u00e8ge \u00e9lectoral,&nbsp; ouverture et cl\u00f4ture de la campagne \u00e9lectorale pour le second tour&nbsp; de l\u2019\u00e9lection des d\u00e9put\u00e9s dans le 1er Arrondissement de Ntoum et&nbsp; la Commune de Moabi.&nbsp;&nbsp;<\/strong><\/p>\n\n\n\n<p>Pris en application des dispositions des articles 90, 112 et 113 de la loi&nbsp; organique n\u00b0001\/2025 du 19 janvier 2025 portant&nbsp;<strong>Code \u00e9lectoral en&nbsp;<\/strong><\/p>\n\n\n\n<p><strong>R\u00e9publique Gabonaise<\/strong>, ce texte fixe le calendrier des op\u00e9rations&nbsp; \u00e9lectorales pour les circonscriptions concern\u00e9es.&nbsp;&nbsp;<\/p>\n\n\n\n<p>Ainsi, le&nbsp;<strong>coll\u00e8ge \u00e9lectoral&nbsp;<\/strong>est convoqu\u00e9 pour le&nbsp;<strong>dimanche 2 novembre&nbsp; 2025<\/strong>.&nbsp;&nbsp;<\/p>\n\n\n\n<p>La&nbsp;<strong>campagne \u00e9lectorale&nbsp;<\/strong>s\u2019ouvrira le&nbsp;<strong>jeudi 23 octobre 2025 \u00e0 00 heure&nbsp;<\/strong>et&nbsp; sera close le&nbsp;<strong>samedi 1er novembre 2025 \u00e0 24 heures<\/strong>.&nbsp;&nbsp;<\/p>\n\n\n\n<p>L\u2019adoption de ce projet de d\u00e9cret traduit la volont\u00e9 du Gouvernement&nbsp; d\u2019assurer le&nbsp;<strong>bon d\u00e9roulement du processus \u00e9lectoral<\/strong>, dans un cadre l\u00e9gal,&nbsp; transparent et conforme aux exigences de la d\u00e9mocratie et de l\u2019\u00c9tat de droit.&nbsp;&nbsp;<\/p>\n\n\n\n<p><strong>MINISTERE DE LA JUSTICE, GARDE DES SCEAUX, CHARGE DES&nbsp; DROITS HUMAINS&nbsp;&nbsp;<\/strong><\/p>\n\n\n\n<p>\u2013&nbsp;<strong>Projet de d\u00e9cret portant attributions et organisation du Corps&nbsp; Autonome de la S\u00e9curit\u00e9 P\u00e9nitentiaire.&nbsp;&nbsp;<\/strong><\/p>\n\n\n\n<p>Le pr\u00e9sent projet de d\u00e9cret, pris en application des dispositions de l\u2019article 3&nbsp; de la loi n\u00b03\/78 du 1er juin 1978 portant institution du Corps Autonome de la&nbsp; S\u00e9curit\u00e9 P\u00e9nitentiaire, a pour objet de renforcer le cadre juridique,&nbsp; organisationnel et fonctionnel de ce corps sp\u00e9cialis\u00e9.&nbsp;&nbsp;<\/p>\n\n\n\n<p>Ce texte vise \u00e0 mieux structurer la S\u00e9curit\u00e9 P\u00e9nitentiaire, \u00e0 clarifier ses&nbsp; attributions et \u00e0 valoriser son r\u00f4le essentiel dans la mise en \u0153uvre des&nbsp; missions de s\u00e9curit\u00e9 publique et de gestion du milieu carc\u00e9ral qui lui sont&nbsp; confi\u00e9es.&nbsp;&nbsp;<\/p>\n\n\n\n<p>Le projet de d\u00e9cret fixe les attributions g\u00e9n\u00e9rales du Corps Autonome de la&nbsp; S\u00e9curit\u00e9 P\u00e9nitentiaire et en d\u00e9finit l\u2019organisation hi\u00e9rarchique, articul\u00e9e&nbsp; autour de deux entit\u00e9s principales : \u2013 le Commandement en chef ; \u2013 l\u2019Inspection&nbsp; g\u00e9n\u00e9rale.&nbsp;&nbsp;<\/p>\n\n\n\n<p>L\u2019adoption de ce texte permettra d\u2019assurer une meilleure coordination des&nbsp; activit\u00e9s p\u00e9nitentiaires, de consolider la discipline et la performance&nbsp; op\u00e9rationnelle du corps, et de renforcer la contribution de l\u2019administration&nbsp; p\u00e9nitentiaire \u00e0 la s\u00e9curit\u00e9 nationale et \u00e0 la r\u00e9insertion sociale des personnes&nbsp; d\u00e9tenues.&nbsp;&nbsp;<\/p>\n\n\n\n<p><strong>MINISTERE DE LA SANTE&nbsp;<\/strong><\/p>\n\n\n\n<p>\u2013&nbsp;<em>Projet de loi instituant l\u2019identifiant unique du patient et du&nbsp; professionnel de sant\u00e9 en R\u00e9publique Gabonaise ;&nbsp;&nbsp;<\/em><\/p>\n\n\n\n<p>Le pr\u00e9sent projet de loi, pris en application des dispositions de la loi&nbsp; n\u00b0004\/2022 du 27 avril 2022, a pour objet d\u2019instituer un&nbsp;<strong>identifiant unique&nbsp; du patient et du professionnel de sant\u00e9&nbsp;<\/strong>en R\u00e9publique Gabonaise, en vue&nbsp; de renforcer l\u2019efficacit\u00e9, la s\u00e9curit\u00e9 et la transparence de l\u2019offre de soins.&nbsp;&nbsp;<\/p>\n\n\n\n<p>Cet identifiant unique permettra de disposer, en temps r\u00e9el, de&nbsp;<strong>donn\u00e9es&nbsp; m\u00e9dicales fiables, s\u00e9curis\u00e9es et interop\u00e9rables<\/strong>, favorisant une meilleure&nbsp; gouvernance du syst\u00e8me national de sant\u00e9 et une gestion optimis\u00e9e des&nbsp; informations sanitaires.&nbsp;&nbsp;<\/p>\n\n\n\n<p>L\u2019adoption de ce texte contribuera notamment \u00e0 :&nbsp;&nbsp;<\/p>\n\n\n\n<p>\u2013 l\u2019<strong>am\u00e9lioration de la qualit\u00e9 et de la s\u00e9curit\u00e9&nbsp;<\/strong>des soins m\u00e9dicaux ;&nbsp; \u2013 la&nbsp;<strong>r\u00e9duction des erreurs et des doublons&nbsp;<\/strong>dans les dossiers&nbsp; m\u00e9dicaux ;&nbsp;&nbsp;<\/p>\n\n\n\n<p>\u2013 une&nbsp;<strong>meilleure coordination&nbsp;<\/strong>des soins et des \u00e9changes d\u2019informations&nbsp; entre professionnels de sant\u00e9 ;&nbsp;&nbsp;<\/p>\n\n\n\n<p>\u2013 le&nbsp;<strong>renforcement de la confiance&nbsp;<\/strong>des patients dans le syst\u00e8me de&nbsp; sant\u00e9 public et priv\u00e9.&nbsp;&nbsp;<\/p>\n\n\n\n<p>Ce dispositif s\u2019inscrit dans la volont\u00e9 du Gouvernement de&nbsp;<strong>moderniser le&nbsp; syst\u00e8me de sant\u00e9&nbsp;<\/strong>et de promouvoir une&nbsp;<strong>gestion num\u00e9rique int\u00e9gr\u00e9e&nbsp;<\/strong>des&nbsp; donn\u00e9es m\u00e9dicales au service de la population.&nbsp;&nbsp;<\/p>\n\n\n\n<p>\u2013&nbsp;<strong>Projet de loi fixant le cadre d\u2019interop\u00e9rabilit\u00e9 du Syst\u00e8me&nbsp; d\u2019Information de Sant\u00e9 ;&nbsp;&nbsp;<\/strong><\/p>\n\n\n\n<p>Le pr\u00e9sent projet de loi, pris en application des dispositions de l\u2019article 5 de&nbsp; la loi n\u00b0004\/2022 du 27 avril 2022, fixe le&nbsp;<strong>cadre d\u2019interop\u00e9rabilit\u00e9 du&nbsp; Syst\u00e8me d\u2019Information de Sant\u00e9&nbsp;<\/strong>en R\u00e9publique Gabonaise.&nbsp; L\u2019interop\u00e9rabilit\u00e9, au sens du pr\u00e9sent texte, d\u00e9signe l\u2019ensemble des&nbsp; m\u00e9canismes permettant la&nbsp;<strong>communication, le partage et l\u2019\u00e9change&nbsp; s\u00e9curis\u00e9s des donn\u00e9es de sant\u00e9&nbsp;<\/strong>entre les diff\u00e9rents sous-syst\u00e8mes du&nbsp; Syst\u00e8me d\u2019Information de Sant\u00e9.&nbsp;&nbsp;<\/p>\n\n\n\n<p>L\u2019adoption de ce projet de loi vise \u00e0 garantir une&nbsp;<strong>meilleure coordination des&nbsp; soins<\/strong>, \u00e0&nbsp;<strong>renforcer la qualit\u00e9 et la s\u00e9curit\u00e9&nbsp;<\/strong>des services de sant\u00e9, et \u00e0&nbsp;<\/p>\n\n\n\n<p>favoriser&nbsp;<strong>l\u2019int\u00e9gration et la modernisation des outils num\u00e9riques&nbsp;<\/strong>utilis\u00e9s&nbsp; par les professionnels du secteur.&nbsp;&nbsp;<\/p>\n\n\n\n<p>Elle contribuera \u00e9galement \u00e0 :&nbsp;&nbsp;<\/p>\n\n\n\n<p>\u2013 l\u2019<strong>am\u00e9lioration de la qualit\u00e9 des soins&nbsp;<\/strong>et de la s\u00e9curit\u00e9 des patients ;&nbsp; \u2013 le&nbsp;<strong>renforcement du syst\u00e8me national de sant\u00e9&nbsp;<\/strong>;&nbsp;&nbsp;<\/p>\n\n\n\n<p>\u2013 la&nbsp;<strong>promotion de l\u2019innovation&nbsp;<\/strong>et de l\u2019usage des&nbsp;<strong>technologies de&nbsp; l\u2019information et de la communication&nbsp;<\/strong>dans le domaine m\u00e9dical.&nbsp; Ce texte s\u2019inscrit dans la volont\u00e9 du Gouvernement de&nbsp;<strong>moderniser la&nbsp; gouvernance sanitaire&nbsp;<\/strong>et d\u2019assurer une&nbsp;<strong>gestion int\u00e9gr\u00e9e et efficiente&nbsp;<\/strong>des&nbsp; donn\u00e9es de sant\u00e9 au service de la population.&nbsp;&nbsp;<\/p>\n\n\n\n<p><strong>MINISTERE DE L\u2019ENSEIGNEMENT SUPERIEUR ET DE LA&nbsp; RECHERCHE SCIENTIFIQUE&nbsp;&nbsp;<\/strong><\/p>\n\n\n\n<p>\u2013&nbsp;<strong>Projet de d\u00e9cret modifiant et compl\u00e9tant l\u2019article 2 du d\u00e9cret&nbsp; n\u00b0072\/PR\/MESRSIT du 14 f\u00e9vrier 2024 portant autorisation \u00e0 ouvrir&nbsp; des \u00e9tablissements priv\u00e9s d\u2019enseignement sup\u00e9rieur.&nbsp;&nbsp;<\/strong><\/p>\n\n\n\n<p>Cette modification vise \u00e0 renforcer la s\u00e9curit\u00e9 juridique et \u00e0 clarifier les&nbsp; conditions d\u2019exercice des promoteurs d\u2019\u00e9tablissements priv\u00e9s&nbsp; d\u2019enseignement sup\u00e9rieur, afin de leur permettre de mener leurs activit\u00e9s sur&nbsp; la base d\u2019un cadre r\u00e9glementaire actualis\u00e9, pertinent et conforme aux&nbsp; exigences de qualit\u00e9 acad\u00e9mique.&nbsp;&nbsp;<\/p>\n\n\n\n<p>\u2013&nbsp;<strong>Projet de d\u00e9cret modifiant et compl\u00e9tant l\u2019article 2 du d\u00e9cret&nbsp; n\u00b0071\/PR\/MESRSIT du 14 f\u00e9vrier 2024 portant habilitation \u00e0 fonder&nbsp; des \u00e9tablissements priv\u00e9s d\u2019enseignement sup\u00e9rieur.&nbsp;&nbsp;<\/strong><\/p>\n\n\n\n<p>Conform\u00e9ment aux dispositions de la loi n\u00b021\/84 du 29 d\u00e9cembre 1984&nbsp; relative \u00e0 l\u2019enseignement priv\u00e9, le Conseil des Ministres a adopt\u00e9 le projet de&nbsp; d\u00e9cret modifiant et compl\u00e9tant l\u2019article 2 du d\u00e9cret n\u00b0071\/PR\/MESRSIT du&nbsp; 14 f\u00e9vrier 2024 portant habilitation \u00e0 fonder des \u00e9tablissements priv\u00e9s&nbsp; d\u2019enseignement sup\u00e9rieur.&nbsp;&nbsp;<\/p>\n\n\n\n<p>Ce texte a pour objet de mieux encadrer les conditions de cr\u00e9ation et&nbsp; d\u2019habilitation des \u00e9tablissements priv\u00e9s d\u2019enseignement sup\u00e9rieur, en vue de&nbsp; garantir la conformit\u00e9 des initiatives priv\u00e9es avec la politique nationale de &nbsp;<\/p>\n\n\n\n<p>l\u2019enseignement sup\u00e9rieur et les standards de qualit\u00e9 exig\u00e9s par le&nbsp; Gouvernement.&nbsp;&nbsp;<\/p>\n\n\n\n<p><strong>MINISTERE DE LA JEUNESSE, DES SPORTS, DU RAYONNEMENT&nbsp; CULTUREL ET DES ARTS, CHARGE DE LA VIE ASSOCIATIVE&nbsp;&nbsp;<\/strong><\/p>\n\n\n\n<p>\u2013&nbsp;<strong>Projet de loi portant cr\u00e9ation, attributions et organisation du Mus\u00e9e&nbsp; National des Arts, Rites et Traditions du Gabon.&nbsp;<\/strong><\/p>\n\n\n\n<p>Pris en application du paragraphe 3 du Pr\u00e9ambule et de l\u2019article 94 de la&nbsp; Constitution, ce texte s\u2019inscrit dans le cadre de la&nbsp;<strong>nouvelle gouvernance&nbsp; culturelle&nbsp;<\/strong>impuls\u00e9e par le Pr\u00e9sident de la R\u00e9publique, Chef de l\u2019\u00c9tat, Chef&nbsp; du Gouvernement, et vise \u00e0 red\u00e9finir de mani\u00e8re claire, coh\u00e9rente et&nbsp; efficiente le cadre normatif de la politique culturelle nationale.&nbsp;&nbsp;<\/p>\n\n\n\n<p>Ce projet de loi traduit la volont\u00e9 du Gouvernement de&nbsp;<strong>valoriser,&nbsp; sauvegarder et prot\u00e9ger le patrimoine culturel et artistique gabonais<\/strong>,&nbsp; tout en modernisant les structures d\u00e9di\u00e9es \u00e0 sa conservation.&nbsp; Il introduit plusieurs innovations majeures, notamment :&nbsp;&nbsp;<\/p>\n\n\n\n<p>1. la&nbsp;<strong>protection de la m\u00e9moire culturelle et artistique nationale&nbsp;<\/strong>\u00e0&nbsp; travers une conservation structur\u00e9e et professionnelle du patrimoine,&nbsp; et un investissement durable dans les infrastructures culturelles ;&nbsp;&nbsp;<\/p>\n\n\n\n<p>2. la&nbsp;<strong>promotion du rayonnement culturel et artistique&nbsp;<\/strong>du Gabon, par&nbsp; le soutien aux industries culturelles, la diplomatie culturelle et la&nbsp; valorisation du patrimoine national ;&nbsp;&nbsp;<\/p>\n\n\n\n<p>3. le&nbsp;<strong>soutien aux expressions artistiques contemporaines<\/strong>, par un&nbsp; appui renforc\u00e9 \u00e0 la cr\u00e9ation, \u00e0 la diffusion et \u00e0 la formation artistique.&nbsp; Le texte pr\u00e9cise \u00e9galement :&nbsp;&nbsp;<\/p>\n\n\n\n<p>\u2013 les&nbsp;<strong>domaines de comp\u00e9tence&nbsp;<\/strong>du Mus\u00e9e ;&nbsp;&nbsp;<\/p>\n\n\n\n<p>\u2013 les&nbsp;<strong>modalit\u00e9s d\u2019exercice et de financement&nbsp;<\/strong>de ses missions ; \u2013 les&nbsp;<strong>m\u00e9canismes de coop\u00e9ration nationale et internationale&nbsp;<\/strong>;&nbsp; \u2013 ainsi que les&nbsp;<strong>dispositions transitoires et r\u00e9glementaires&nbsp;<\/strong>n\u00e9cessaires \u00e0 son application.&nbsp;&nbsp;<\/p>\n\n\n\n<p>\u00c0 travers ce projet de loi, le Gouvernement r\u00e9affirme sa volont\u00e9 d\u2019<strong>\u00e9riger la&nbsp; culture et les arts en moteurs de transformation sociale, d\u2019unit\u00e9&nbsp; nationale et de rayonnement international<\/strong>, en dotant le Gabon d\u2019un&nbsp;<strong>outil&nbsp;<\/strong><\/p>\n\n\n\n<p><strong>moderne, coh\u00e9rent et performant&nbsp;<\/strong>de sauvegarde et de promotion du&nbsp; patrimoine culturel, conform\u00e9ment aux aspirations profondes du peuple&nbsp; gabonais.&nbsp;&nbsp;<\/p>\n\n\n\n<p><strong>II. POLITIQUE GENERALE&nbsp;&nbsp;<\/strong><\/p>\n\n\n\n<p><strong>MINISTRE DE L\u2019ACCES UNIVERSEL A L\u2019EAU ET A L\u2019ENERGIE&nbsp;&nbsp;<\/strong><\/p>\n\n\n\n<p>Le Conseil des Ministres a suivi avec une attention soutenue la&nbsp; communication du&nbsp;<strong>Ministre de l\u2019Acc\u00e8s universel \u00e0 l\u2019Eau et \u00e0 l\u2019\u00c9nergie&nbsp; relative \u00e0 l\u2019\u00e9tat d\u2019avancement des r\u00e9formes structurelles engag\u00e9es&nbsp; dans le secteur,&nbsp;<\/strong>conform\u00e9ment aux tr\u00e8s hautes orientations du Pr\u00e9sident de&nbsp; la R\u00e9publique, Chef de l\u2019\u00c9tat, Chef du Gouvernement.&nbsp;&nbsp;<\/p>\n\n\n\n<p>Face au stress hydrique et \u00e9nerg\u00e9tique que conna\u00eet le pays, r\u00e9sultant d\u2019un&nbsp; d\u00e9ficit d\u2019investissements, d\u2019une obsolescence des \u00e9quipements et d\u2019une&nbsp; faible maintenance, ces r\u00e9formes visent la modernisation du cadre&nbsp; institutionnel, la s\u00e9paration des activit\u00e9s Eau et \u00c9nergie, et la rationalisation&nbsp; de la gouvernance de la SEEG.&nbsp;&nbsp;<\/p>\n\n\n\n<p>Ainsi, plusieurs avanc\u00e9es significatives ont \u00e9t\u00e9 enregistr\u00e9es :&nbsp; \u2013 Lev\u00e9e de l\u2019administration provisoire de la SEEG et nomination d\u2019une&nbsp; nouvelle \u00e9quipe dirigeante ;&nbsp;&nbsp;<\/p>\n\n\n\n<p>\u2013 R\u00e9duction des directions de 53 \u00e0 16 pour plus d\u2019efficacit\u00e9 ;&nbsp; \u2013 Rationalisation du personnel avec r\u00e9affectation, d\u00e9parts \u00e0 la retraite et&nbsp; actions disciplinaires contre les auteurs de fraudes ;&nbsp;&nbsp;<\/p>\n\n\n\n<p>\u2013 R\u00e9duction progressive de la masse salariale, de 24 % \u00e0 un niveau cible&nbsp; de 12 \u00e0 15 %.&nbsp;&nbsp;<\/p>\n\n\n\n<p>Par ailleurs, le processus de s\u00e9paration de la SEEG en deux entit\u00e9s&nbsp; distinctes (Eau et \u00c9nergie) est en phase avanc\u00e9e d\u2019\u00e9tudes, incluant la&nbsp; certification des comptes, l\u2019\u00e9valuation patrimoniale, la d\u00e9termination de&nbsp; l\u2019actionnariat et la cr\u00e9ation juridique des nouvelles soci\u00e9t\u00e9s.&nbsp;&nbsp;<\/p>\n\n\n\n<p>Enfin, la r\u00e9forme de l\u2019architecture institutionnelle pr\u00e9voit :&nbsp;&nbsp;<\/p>\n\n\n\n<p>\u2013 la fusion de la Soci\u00e9t\u00e9 de Patrimoine et de Gabon Power Company&nbsp; (GPC) ;&nbsp;&nbsp;<\/p>\n\n\n\n<p>\u2013 l\u2019int\u00e9gration du CNEE et de la SETEG aux nouvelles structures ;&nbsp;<\/p>\n\n\n\n<p>\u2013 et le renforcement de l\u2019Autorit\u00e9 de R\u00e9gulation du Secteur de l\u2019Eau et&nbsp; de l\u2019\u00c9nergie, dot\u00e9e d\u2019une autonomie financi\u00e8re et de pouvoirs \u00e9tendus.&nbsp; Le Conseil s\u2019est f\u00e9licit\u00e9 de ces avanc\u00e9es qui traduisent la volont\u00e9 du&nbsp; Gouvernement de doter le Gabon d\u2019un secteur de l\u2019eau et de l\u2019\u00e9nergie&nbsp; moderne, performant et durable, garantissant \u00e0 tous les citoyens un acc\u00e8s&nbsp; \u00e9quitable \u00e0 ces services essentiels.&nbsp;&nbsp;<\/p>\n\n\n\n<p><strong>MINISTERE DES MINES ET DES RESSOURCES GEOLOGIQUES&nbsp;&nbsp;<\/strong><\/p>\n\n\n\n<p>Le Conseil a pris bonne note de la communication du Ministre des Mines et&nbsp; des Ressources G\u00e9ologiques relative \u00e0 la&nbsp;<strong>mise en service du portail&nbsp; institutionnel&nbsp;<\/strong>www.minesetgeologie.ga, d\u00e9di\u00e9 au&nbsp;<strong>renforcement de la&nbsp; transparence et de la tra\u00e7abilit\u00e9&nbsp;<\/strong>dans la gestion du secteur minier national.&nbsp; Cette initiative s\u2019inscrit dans le prolongement de l\u2019adresse du Pr\u00e9sident de la&nbsp; R\u00e9publique, Chef de l\u2019\u00c9tat, Chef du Gouvernement, prononc\u00e9e le&nbsp;<strong>8 octobre&nbsp; 2025&nbsp;<\/strong>devant les acteurs du secteur aurif\u00e8re, au cours de laquelle il a r\u00e9affirm\u00e9&nbsp; avec force que&nbsp;<strong>la transparence et la tra\u00e7abilit\u00e9 doivent demeurer les&nbsp; fondements de l\u2019action publique<\/strong>, notamment dans la gouvernance des&nbsp; ressources mini\u00e8res de notre pays.&nbsp;<\/p>\n\n\n\n<p>Le&nbsp;<strong>13 octobre 2025<\/strong>, le Minist\u00e8re a proc\u00e9d\u00e9 \u00e0 la mise en service du&nbsp;<strong>portail&nbsp; institutionnel minier<\/strong>, con\u00e7u comme un&nbsp;<strong>outil strat\u00e9gique de gouvernance&nbsp; num\u00e9rique<\/strong>. Ce portail a pour vocation de&nbsp;<strong>centraliser, structurer et rendre&nbsp; accessibles au public&nbsp;<\/strong>l\u2019ensemble des informations relatives au secteur&nbsp; minier national, parmi lesquelles :&nbsp;&nbsp;<\/p>\n\n\n\n<p>\u2013 la&nbsp;<strong>consultation des titres miniers en vigueur&nbsp;<\/strong>et leur localisation ;&nbsp; \u2013 la&nbsp;<strong>visualisation en temps r\u00e9el&nbsp;<\/strong>de l\u2019\u00e9tat d\u2019avancement des dossiers de&nbsp; demande de permis ;&nbsp;&nbsp;<\/p>\n\n\n\n<p>\u2013 la&nbsp;<strong>publication des proc\u00e9dures administratives&nbsp;<\/strong>li\u00e9es \u00e0 la d\u00e9livrance&nbsp; des titres miniers ;&nbsp;&nbsp;<\/p>\n\n\n\n<p>\u2013 le&nbsp;<strong>t\u00e9l\u00e9chargement des arr\u00eat\u00e9s et d\u00e9cisions minist\u00e9riels&nbsp;<\/strong>relatives \u00e0&nbsp; l\u2019activit\u00e9 mini\u00e8re ;&nbsp;&nbsp;<\/p>\n\n\n\n<p>\u2013 ainsi que la&nbsp;<strong>mise \u00e0 disposition de statistiques et donn\u00e9es&nbsp; sectorielles actualis\u00e9es<\/strong>.&nbsp;&nbsp;<\/p>\n\n\n\n<p>Destin\u00e9 aux citoyens, aux op\u00e9rateurs \u00e9conomiques et \u00e0 l\u2019ensemble des&nbsp; acteurs institutionnels, ce portail vise \u00e0&nbsp;<strong>renforcer la confiance&nbsp;<\/strong>entre&nbsp;<\/p>\n\n\n\n<p>l\u2019administration et les parties prenantes, \u00e0&nbsp;<strong>fluidifier les \u00e9changes&nbsp; d\u2019informations<\/strong>, et \u00e0&nbsp;<strong>assurer une meilleure lisibilit\u00e9 de l\u2019action de l\u2019\u00c9tat&nbsp;<\/strong>dans le domaine minier.&nbsp;&nbsp;<\/p>\n\n\n\n<p>Cette avanc\u00e9e majeure, salu\u00e9e par la Pr\u00e9sidente de l\u2019<strong>Initiative pour la&nbsp; Transparence dans les Industries Extractives (ITIE)<\/strong>, conf\u00e8re au Gabon&nbsp; une&nbsp;<strong>position de leadership en mati\u00e8re de gouvernance num\u00e9rique du&nbsp; secteur extractif en Afrique<\/strong>. Elle t\u00e9moigne de la&nbsp;<strong>conformit\u00e9 du dispositif&nbsp; national&nbsp;<\/strong>aux standards internationaux les plus exigeants en mati\u00e8re de&nbsp;&nbsp;<strong>transparence, de tra\u00e7abilit\u00e9 et de redevabilit\u00e9 publique<\/strong>.&nbsp;&nbsp;<\/p>\n\n\n\n<p><strong>III.MESURES INDIVIDUELLES&nbsp;<\/strong><\/p>\n\n\n\n<p><strong>Enfin le Conseil des Ministres a ent\u00e9rin\u00e9 les mesures individuelles dont&nbsp; les plus importantes sont les suivantes :&nbsp;&nbsp;<\/strong><\/p>\n\n\n\n<p><strong>PRESIDENCE DE LA REPUBLIQUE&nbsp;<\/strong><\/p>\n\n\n\n<p><strong>SECRETARIAT GENERAL&nbsp;&nbsp;<\/strong><\/p>\n\n\n\n<p>\u2022&nbsp;<strong>Conseiller Sp\u00e9cial du Pr\u00e9sident de la R\u00e9publique, Charg\u00e9 de&nbsp; Missions :&nbsp;<\/strong>M. Gira ONDZAGA, Magistrat financier ;&nbsp;&nbsp;<\/p>\n\n\n\n<p><strong>Intendance des Palais&nbsp;<\/strong><\/p>\n\n\n\n<p>\u2022&nbsp;<strong>Conseiller Sp\u00e9cial, Chef de D\u00e9partement Intendance des Palais&nbsp; Pr\u00e9sidentiels :&nbsp;<\/strong>Mme Juna\u00eblle LILEWA DARIA ;&nbsp;<\/p>\n\n\n\n<p>\u2022&nbsp;<strong>Conseiller Sp\u00e9cial, Chef de D\u00e9partement Adjoint Intendance des&nbsp; Palais Pr\u00e9sidentiels :&nbsp;<\/strong>Mme Marcelline MPIGA \u00e9pouse MPOUHO.&nbsp;<\/p>\n\n\n\n<p><strong>Protocole d\u2019\u00c9tat&nbsp;&nbsp;<\/strong><\/p>\n\n\n\n<p>\u2022 Conseiller du Pr\u00e9sident de la R\u00e9publique :&nbsp;<strong>M. John VARRE ;&nbsp;&nbsp;<\/strong>\u2022 Conseiller du Pr\u00e9sident de la R\u00e9publique :&nbsp;<strong>M. Yannick OTOUNGA&nbsp; SOUNA ;&nbsp;&nbsp;<\/strong><\/p>\n\n\n\n<p>\u2022 Attach\u00e9 de Cabinet du Pr\u00e9sident de la R\u00e9publique :&nbsp;<strong>Mme Ana\u00efsse&nbsp; TOUNDA ;&nbsp;&nbsp;<\/strong><\/p>\n\n\n\n<p>\u2022 Charg\u00e9 de Missions du Pr\u00e9sident de la R\u00e9publique :&nbsp;<strong>M. Guillaume&nbsp; Barr\u00e8s IMMONGAULT DELICAT.&nbsp;<\/strong><\/p>\n\n\n\n<p><strong>M. Hans Stevy MEBA ONDO<\/strong>, pr\u00e9c\u00e9demment Conseiller du Pr\u00e9sident de la&nbsp; R\u00e9publique, est remis \u00e0 la disposition de son Administration d\u2019origine.&nbsp;&nbsp;<\/p>\n\n\n\n<p><strong>CABINET DU PRESIDENT DE LA REPUBLIQUE&nbsp;<\/strong><\/p>\n\n\n\n<p>Cabinet du Haut-Repr\u00e9sentant Personnel du Pr\u00e9sident de la R\u00e9publique&nbsp;&nbsp;<strong>Jean-Fran\u00e7ois MOUWAKA NGONGA&nbsp;<\/strong><\/p>\n\n\n\n<p>\u2013&nbsp;<strong>Conseillers du Pr\u00e9sident de la R\u00e9publique&nbsp;<\/strong>\u2022&nbsp;<\/p>\n\n\n\n<p>\u2022 M. Florentin DOUNGOU ;&nbsp;&nbsp;<\/p>\n\n\n\n<p>\u2022 M. Octave MIKOMBA.&nbsp;&nbsp;<\/p>\n\n\n\n<p>\u2013&nbsp;<strong>Attach\u00e9e de Cabinet \u00e0 la Pr\u00e9sidence :&nbsp;&nbsp;<\/strong><\/p>\n\n\n\n<p>\u2022 M. Christobelle MAYOMBANGA<strong>.&nbsp;&nbsp;<\/strong><\/p>\n\n\n\n<p>\u2013&nbsp;<strong>Secr\u00e9taire de Cabinet du Pr\u00e9sident de la R\u00e9publique&nbsp;<\/strong>:&nbsp; \u2022 Mme R\u00eave Noella Elza LEBAKA MIPAKA ;&nbsp;&nbsp;<\/p>\n\n\n\n<p>\u2013&nbsp;<strong>Charg\u00e9 de Missions du Pr\u00e9sident de la R\u00e9publique :&nbsp;<\/strong>M. Armel&nbsp; BYAKA BOMA.&nbsp;&nbsp;<\/p>\n\n\n\n<p>\u2013&nbsp;<strong>Agents de S\u00e9curit\u00e9 :&nbsp;&nbsp;<\/strong><\/p>\n\n\n\n<p>\u2022 Sergent-Chef : PEMANGOYE IBITI Eric Endersen ;&nbsp;&nbsp;<\/p>\n\n\n\n<p>\u2022 Sous-Brigadier MOUNDOUNGA Evrard Jansen.&nbsp;&nbsp;<\/p>\n\n\n\n<p>\u2013&nbsp;<strong>Chauffeur :&nbsp;<\/strong>M. Martinien LITSIMBI.&nbsp;<\/p>\n\n\n\n<p>Administration sous-tutelle&nbsp;&nbsp;<\/p>\n\n\n\n<p>Direction G\u00e9n\u00e9rale des Archives Nationales, de la Biblioth\u00e8que Nationale et&nbsp; de la Documentation (DGABD)&nbsp;&nbsp;<\/p>\n\n\n\n<p>\u2013&nbsp;<strong>Directeur G\u00e9n\u00e9ral :&nbsp;<\/strong>M. T\u00e9l\u00e9sphore OBAME NGOMO&nbsp;<\/p>\n\n\n\n<p><strong>********&nbsp;&nbsp;<\/strong><\/p>\n\n\n\n<p><strong>MINISTERE DE L\u2019ECONOMIE, DES FINANCES, DE LA DETTE ET DES PARTICIPATIONS, CHARGE DE LA LUTTE CONTRE LA VIE CHERE SECRETARIAT GENERAL&nbsp;&nbsp;<\/strong><\/p>\n\n\n\n<p>Direction G\u00e9n\u00e9rale de la Dette&nbsp;&nbsp;<\/p>\n\n\n\n<p>\u2013 Directrice G\u00e9n\u00e9rale&nbsp;<strong>: Mme Tina Maryse KAMBANGOYE \u00e9pouse&nbsp; LEBOUSSI ALIBALAH.&nbsp;&nbsp;<\/strong><\/p>\n\n\n\n<p>\u2013 Directeur General Adjoint :&nbsp;<strong>M. Apollinaire KOUMBA&nbsp;<\/strong><\/p>\n\n\n\n<p>\u2013 Directeur de l\u2019Audit et du Contr\u00f4le&nbsp;<strong>: Mme Diane Charlie YOCKO<\/strong>T \u2013 Directeur Adjoint de l\u2019Audit et du Contr\u00f4le :&nbsp;<strong>Mme ATOMO&nbsp; NDOUTOUME \u00e9pouse NDONG MESSA.&nbsp;&nbsp;<\/strong><\/p>\n\n\n\n<p>Direction G\u00e9n\u00e9rale du Patrimoine&nbsp;&nbsp;<\/p>\n\n\n\n<p>\u2013 Directeur G\u00e9n\u00e9ral :&nbsp;<strong>M. Tita Michel EDOU NGOMO<\/strong>. NGOUNI&nbsp;<\/p>\n\n\n\n<p>Direction G\u00e9n\u00e9rale de la Concurrence, de la Consommation et de la&nbsp; R\u00e9pression des Fraudes&nbsp;&nbsp;<\/p>\n\n\n\n<p>\u2022&nbsp;<strong>Directeur General Adjoint :&nbsp;<\/strong>M. Rodrigue NGOUONI ANEX&nbsp;<\/p>\n\n\n\n<p>********&nbsp;&nbsp;<\/p>\n\n\n\n<p><strong>MINISTERE DE L\u2019EDUCATION NATIONALE, DE L\u2019INSTRUCTION CIVIQUE ET DE LA FORMATION PROFESSIONNELLE&nbsp;<\/strong><\/p>\n\n\n\n<p>Agence Nationale de Formation et d\u2019Enseignement Professionnels (ANFEP)&nbsp; \u2022&nbsp;<strong>Directeur G\u00e9n\u00e9ral :&nbsp;<\/strong>M : Arian Nestor LENDZONDZO.&nbsp;<\/p>\n\n\n\n<p>********&nbsp;&nbsp;<\/p>\n\n\n\n<p><strong>MINISTERE DES TRANSPORTS, DE LA MARINE \u2022 MARCHANDE ET DE LA LOGISTIQUE&nbsp;<\/strong><\/p>\n\n\n\n<p><strong>DIRECTION G\u00c9N\u00c9RALE DE LA MARINE MARCHANDE&nbsp; DIRECTEUR G\u00c9N\u00c9RAL&nbsp;<\/strong><\/p>\n\n\n\n<p>\u2022 M. Jean-Cruz LESSAGUI (Confirm\u00e9)&nbsp;&nbsp;<\/p>\n\n\n\n<p><strong>DIRECTEUR G\u00c9N\u00c9RAL ADJOINT&nbsp;<\/strong><\/p>\n\n\n\n<p>\u2022 Mme AVOME ANGUE Oliveira Fr\u00e9d\u00e9rique, \u00e9pse GUEVIT (Confirm\u00e9e)&nbsp;&nbsp;<strong>CHARG\u00c9S D\u2019\u00c9TUDES DU DIRECTEUR G\u00c9N\u00c9RAL&nbsp;<\/strong><\/p>\n\n\n\n<p>\u2022 Mme TSINGA Nicole (Administrateur des Affaires Maritimes)&nbsp; \u2022 Jo\u00ebl Armand ANGOUE (Administrateur Civil en Chef)&nbsp;&nbsp;<\/p>\n\n\n\n<p>\u2022 Stan OLIVEIRA LAMOU (Administrateur des Affaires Maritimes et&nbsp; portuaires)&nbsp;<\/p>\n\n\n\n<p>\u2022 MANDZIDZA YAGOU Alda (Administrateur des Affaires maritimes et&nbsp; fluviales)&nbsp;&nbsp;<\/p>\n\n\n\n<p><strong>SECR\u00c9TARIAT DU DIRECTEUR G\u00c9N\u00c9RAL&nbsp;<\/strong><\/p>\n\n\n\n<p>\u2022 Chauffeur : M. MAKANGUI MIHINDOU Ulrich&nbsp;&nbsp;<\/p>\n\n\n\n<p><strong>SERVICES RATTACH\u00c9S&nbsp;&nbsp;<\/strong><\/p>\n\n\n\n<p>\u2022&nbsp;<strong>SERVICE ADMINISTRATIF ET FINANCIER&nbsp;<\/strong>&nbsp;Chef de Service : Jean&nbsp; Armel MANDIKI&nbsp;&nbsp;<\/p>\n\n\n\n<p>\u2022&nbsp;<strong>SERVICE ADMINISTRATIF ET DU PERSONNEL&nbsp;<\/strong>&nbsp;Chef de Service :&nbsp; Ines Vanina EPANDJA OSSAGAVOUGHA&nbsp;&nbsp;<\/p>\n\n\n\n<p>(Professeur de communication sociale)&nbsp;&nbsp;<\/p>\n\n\n\n<p>\u2022&nbsp;<strong>SERVICE DU PATRIMOINE&nbsp;<\/strong>&nbsp;Chef de Service : METO\u2019O EKO Steeve&nbsp; Alix (Attach\u00e9 d\u2019Administration G\u00e9n\u00e9rale)&nbsp;&nbsp;<\/p>\n\n\n\n<p>\u2022&nbsp;<strong>SERVICE SOCIAL&nbsp;<\/strong>&nbsp;Chef de Service : Mme WALEMBAUD Amirose&nbsp; Blanche&nbsp;&nbsp;<\/p>\n\n\n\n<p>(Instructeur de communication sociale)&nbsp;&nbsp;<\/p>\n\n\n\n<p>\u2022&nbsp;<strong>SERVICE INFORMATIQUE, POINT FOCAL ANINF&nbsp;<\/strong>&nbsp;Chef de Service&nbsp; : Jean Vincent MENGONE (Ing\u00e9nieur&nbsp;&nbsp;<\/p>\n\n\n\n<p>Informatique)&nbsp;&nbsp;<\/p>\n\n\n\n<p><strong>DIRECTIONS ET SERVICES&nbsp;&nbsp;<\/strong><\/p>\n\n\n\n<p><strong>1. DIRECTION DES AFFAIRES PORTUAIRES ET ACTIVIT\u00c9S&nbsp; CONNEXES AU TRANSPORT MARITIME (DAPAC)&nbsp;<\/strong><\/p>\n\n\n\n<p>\u2022 Directeur : M. Oscar NDJAO NGUEMASSA (Administrateur des&nbsp; Affaires Maritimes et Portuaires)&nbsp;&nbsp;<\/p>\n\n\n\n<p>\u2022&nbsp;<strong>Service des Activit\u00e9s Connexes au Transport Maritime&nbsp;<\/strong>Chef de&nbsp; Service : Mme Tatiana LIKET AKERET (Attach\u00e9 d\u2019Administration des&nbsp; Affaires Maritimes et fluviales)&nbsp;&nbsp;<\/p>\n\n\n\n<p>\u2022&nbsp;<strong>Service des Affaires Portuaires&nbsp;<\/strong>&nbsp;Chef de Service : M. BOUASSA&nbsp; BRICE Amed\u00e9 (Administrateur des Affaires Maritimes)&nbsp;&nbsp;<\/p>\n\n\n\n<p>\u2022&nbsp;<strong>Charg\u00e9s d\u2019\u00c9tudes :&nbsp;<\/strong><\/p>\n\n\n\n<p>M. NZAMBA ILOUMA GUY (Administrateur des Affaires&nbsp; Maritimes) M. MVODO NZE Paul Tarzan (Attach\u00e9&nbsp; d\u2019Administration des affaires maritimes et fluviales)&nbsp;<\/p>\n\n\n\n<p><strong>DIRECTION DE LA R\u00c9GLEMENTATION ET DE LA COOP\u00c9RATION&nbsp; (DRC)&nbsp;<\/strong><\/p>\n\n\n\n<p>\u2022 Directrice : Mme Karla EYUE EKOUAGHE (Juriste Maritime)&nbsp; \u2022&nbsp;<strong>Service de la R\u00e9glementation&nbsp;<\/strong>&nbsp;Chef de Service : M. Hector Vladmir&nbsp; MAHEBA MABOUIMBA&nbsp;&nbsp;<\/p>\n\n\n\n<p>(Attach\u00e9 d\u2019Administration des Affaires Maritimes)&nbsp;&nbsp;<\/p>\n\n\n\n<p>\u2022&nbsp;<strong>Service de la Coop\u00e9ration&nbsp;<\/strong>&nbsp;Chef de Service : Mme Anne Sandy&nbsp; NZOUGHA (Juriste maritime)&nbsp;&nbsp;<\/p>\n\n\n\n<p>\u2022&nbsp;<strong>Charg\u00e9s d\u2019\u00c9tudes :&nbsp;<\/strong><\/p>\n\n\n\n<p>Mme. NTSAME AVEBE Yannicka (Attach\u00e9 d\u2019Administration des&nbsp; Affaires Maritimes et fluviales) Mme Ren\u00e9e Delizia Marie Louise SAPE (Juriste maritime)&nbsp;&nbsp;<\/p>\n\n\n\n<p><strong>DIRECTION DES GENS DE MER, DE LA NAVIGATION ET DE LA&nbsp; S\u00c9CURIT\u00c9 MARITIME (DGMNSM)&nbsp;<\/strong><\/p>\n\n\n\n<p>\u2022 Directeur : M. Patrick SOUNDA (Administrateur des Affaires&nbsp; Maritimes et fluviales)&nbsp;&nbsp;<\/p>\n\n\n\n<p>\u2022&nbsp;<strong>Service des Gens de Mer&nbsp;<\/strong><\/p>\n\n\n\n<p>Chef de Service : Mme Dominique MBELE OSSOU, \u00e9pse&nbsp; GNAMBAULT FAYETTE&nbsp;&nbsp;<\/p>\n\n\n\n<p>\u2022&nbsp;<strong>Service de la Navigation&nbsp;<\/strong>o Chef de Service : Mme DIOP IWENGA&nbsp; Annick (Ing\u00e9nieur m\u00e9canique)&nbsp;&nbsp;<\/p>\n\n\n\n<p>\u2022&nbsp;<strong>Service de la S\u00e9curit\u00e9 Maritime&nbsp;<\/strong>o Chef de Service : M. Alex&nbsp; ONGOUTA (Attach\u00e9 d\u2019Administration des Affaires Maritimes et&nbsp; fluviales)&nbsp;&nbsp;<\/p>\n\n\n\n<p>\u2022&nbsp;<strong>Charg\u00e9s d\u2019\u00c9tudes :&nbsp;<\/strong><\/p>\n\n\n\n<p>Mme AGNIMBA OWENDJE Precy (Attach\u00e9e d\u2019Administration&nbsp; des Affaires Maritimes et fluviales)&nbsp;&nbsp;<\/p>\n\n\n\n<p>M. Parfait AYONG ETOUA (Attach\u00e9 d\u2019Administration des&nbsp; Affaires Maritimes et fluviales)&nbsp;&nbsp;<\/p>\n\n\n\n<p><strong>DIRECTION DE LA FLOTTE DE COMMERCE, DU TRAFIC MARITIME ET&nbsp; DE L\u2019EQUIPEMENT NAVAL (DFCTMEN)&nbsp;<\/strong><\/p>\n\n\n\n<p>\u2022 Directrice : Mme Flavienne OBONE, \u00e9pse EDZANG MBA&nbsp; (Administrateur des Affaires Maritimes)&nbsp;<\/p>\n\n\n\n<p>\u2022&nbsp;<strong>Service de la Flotte de Commerce&nbsp;<\/strong>o Chef de Service : M. BOUPOYA&nbsp; Ulrich (Administrateur des Affaires Maritimes)&nbsp;&nbsp;<\/p>\n\n\n\n<p>\u2022&nbsp;<strong>Service du Trafic Maritime&nbsp;<\/strong><\/p>\n\n\n\n<p>Chef de Service : M. ONDO ALAIN Ra\u00ef (Attach\u00e9 d\u2019Administration&nbsp; des Affaires Maritimes et fluviales)&nbsp;&nbsp;<\/p>\n\n\n\n<p>\u2022&nbsp;<strong>Service de l\u2019\u00c9quipement Naval&nbsp;<\/strong>&nbsp;Chef de Service : M. OBISSI&nbsp; OBOUGA Jean Claude (Attach\u00e9 d\u2019Administration des Affaires&nbsp; Maritimes et fluviales)&nbsp;&nbsp;<\/p>\n\n\n\n<p>\u2022&nbsp;<strong>Charg\u00e9s d\u2019\u00c9tudes :&nbsp;<\/strong><\/p>\n\n\n\n<p>Mme. NTSELE Solange (Attach\u00e9e d\u2019administration des Affaires&nbsp; Maritimes) Mme NSE Diane Pamela (Attach\u00e9e d\u2019Administration&nbsp; des&nbsp;&nbsp;<\/p>\n\n\n\n<p>Affaires Maritimes et Fluviales)&nbsp;&nbsp;<\/p>\n\n\n\n<p><strong>DIRECTION DU CENTRE D\u2019\u00c9TUDES, DE DOCUMENTATION ET DE LA&nbsp; RECHERCHE MARITIME (CEDREM)&nbsp;<\/strong><\/p>\n\n\n\n<p>\u2022 Directrice : BAUGHI Huguette, \u00e9pse NDIAYE (Administrateur Civil en&nbsp; chef)&nbsp;&nbsp;<\/p>\n\n\n\n<p>\u2022&nbsp;<strong>Service de la Documentation et de la Recherche&nbsp;<\/strong>&nbsp;Chef de Service&nbsp; : M. Wilfried NZIGOU (Ing\u00e9nieur&nbsp;&nbsp;<\/p>\n\n\n\n<p>Documentaliste)&nbsp;&nbsp;<\/p>\n\n\n\n<p>\u2022&nbsp;<strong>Service de la Statistique&nbsp;<\/strong>o Chef de Service : Mme NZIENGUI&nbsp; Ernestine (Professeur de communication sociale)&nbsp;&nbsp;<\/p>\n\n\n\n<p>\u2022&nbsp;<strong>Charg\u00e9s d\u2019\u00c9tudes :&nbsp;<\/strong><\/p>\n\n\n\n<p>Mme MOUELET Nelly Larissa, \u00e9pse OBIANG MINTO\u2019O&nbsp; (Attach\u00e9e d\u2019Administration des Affaires Maritimes) Mme&nbsp; MPOBA TCHIBINDA Patricia (Attach\u00e9e d\u2019Administration des&nbsp; affaires maritimes et fluviales)&nbsp;&nbsp;<\/p>\n\n\n\n<p><strong>D\u00c9L\u00c9GATIONS PROVINCIALES ET STATIONS MARITIMES&nbsp; D\u00c9L\u00c9GATION PROVINCIALE DES AFFAIRES MARITIMES DE&nbsp; L\u2019ESTUAIRE (DPAME)&nbsp;<\/strong><\/p>\n\n\n\n<p>\u2022 D\u00e9l\u00e9gu\u00e9 Provincial : D\u00e9sir\u00e9 AGBLA ISSOGUI (Attach\u00e9 d\u2019Administration&nbsp; des Affaires maritimes et fluviales)&nbsp;&nbsp;<\/p>\n\n\n\n<p>\u2022&nbsp;<strong>Stations Maritimes :&nbsp;<\/strong><\/p>\n\n\n\n<p>Station d\u2019Owendo : Chef de Station : M. MPIGA Vianney &nbsp;<\/p>\n\n\n\n<p>Sosth\u00e8ne o Station d\u2019Akanda : Chef de Station : M. NZIGOU&nbsp; YAMATH&nbsp;&nbsp;<\/p>\n\n\n\n<p>J\u00e9sus Pierre o Station de Cocobeach : Chef de Station : M.&nbsp; ADJAYE Maixant o Station de Kango : Chef de Station : M. NZE&nbsp; ODOUME Patrick Fresnel (Administrateur des Affaires Maritimes)&nbsp;&nbsp;<\/p>\n\n\n\n<p>\u2022&nbsp;<strong>Service de Sant\u00e9 de la Marine Marchande&nbsp;<\/strong>o Chef de Service : M.&nbsp; PAMBO MOMBO Joris (Administrateur des Affaires Maritimes)&nbsp;&nbsp;<strong>D\u00c9L\u00c9GATION PROVINCIALE DES AFFAIRES MARITIMES&nbsp; DE L\u2019OGOOUE MARITIME (DPAM-OM)&nbsp;<\/strong><\/p>\n\n\n\n<p>\u2022 D\u00e9l\u00e9gu\u00e9e Provinciale : Mme IYONA SIADOU Ernestine (Attach\u00e9&nbsp; d\u2019Administration des Affaires Maritimes et Fluviales)&nbsp;&nbsp;<\/p>\n\n\n\n<p>\u2022&nbsp;<strong>Stations Maritimes :&nbsp;<\/strong><\/p>\n\n\n\n<p>Station de Gamba : Chef de Station : M. Ponce KIBAT&nbsp; MWANGALA Station d\u2019Ombou\u00e9 : Chef de Station&nbsp; : M. Phil Meryl RAPOTCHOMBO&nbsp;&nbsp;<\/p>\n\n\n\n<p><strong>D\u00c9L\u00c9GATION DES AFFAIRES MARITIMES DU MOYEN-OGOOUE&nbsp; (DPAM-MO)&nbsp;<\/strong><\/p>\n\n\n\n<p>\u2022 D\u00e9l\u00e9gu\u00e9e Provinciale : Mme GNOMBA Val\u00e9rie (Administrateur des&nbsp; Affaires maritimes)&nbsp;&nbsp;<\/p>\n\n\n\n<p>\u2022&nbsp;<strong>Station Maritime et Fluviale de Ndjol\u00e9&nbsp;<\/strong><\/p>\n\n\n\n<p>Chef de Station : Mme LIKET Florenska (Attach\u00e9e&nbsp; d\u2019Administration des Affaires maritimes et Fluviales)&nbsp;&nbsp;<\/p>\n\n\n\n<p><strong>D\u00c9L\u00c9GATION PROVINCIALE DE LA NYANGA (DPAM-N)&nbsp;<\/strong>\u2022 D\u00e9l\u00e9gu\u00e9 Provincial : M. NZIENGUI NZIENGUI (Administrateur des&nbsp; Affaires Maritimes)&nbsp;&nbsp;<\/p>\n\n\n\n<p><strong>AGENTS REMIS \u00c0 LA DISPOSITION DU SECR\u00c9TARIAT G\u00c9N\u00c9RAL&nbsp;&nbsp;<\/strong>\u2022 M. EBE BENGONE Erphrem&nbsp;&nbsp;<\/p>\n\n\n\n<p>\u2022 M. ELLA EYI Franklin&nbsp;&nbsp;<\/p>\n\n\n\n<p>\u2022 Mme ADA MENDOGO Marie Brigitte&nbsp;&nbsp;<\/p>\n\n\n\n<p>\u2022 M. LOKO Alain Patrice&nbsp;&nbsp;<\/p>\n\n\n\n<p>\u2022 M. MAROGHE MA NZIENGUI Ulrich Davy&nbsp;&nbsp;<\/p>\n\n\n\n<p>Administration sous-tutelle&nbsp;<\/p>\n\n\n\n<p>Office des Ports et Rades du Gabon (OPRAG)&nbsp;&nbsp;<\/p>\n\n\n\n<p>\u2022&nbsp;<strong>Pr\u00e9sident du Conseil d\u2019Administration (PCA) :&nbsp;<\/strong>M. Flavien&nbsp; ENONGOUE.&nbsp;<\/p>\n\n\n\n<p>********&nbsp;&nbsp;<\/p>\n\n\n\n<p><strong>MINISTERE DES AFFAIRES ETRANGERES ET DE LA COOPERATION, CHARGE DE L\u2019INTEGRATION ET DE LA DIAPORA&nbsp;<\/strong><\/p>\n\n\n\n<p><strong>Secr\u00e9tariat G\u00e9n\u00e9ral&nbsp;&nbsp;<\/strong><\/p>\n\n\n\n<p>Services ext\u00e9rieurs&nbsp;&nbsp;<\/p>\n\n\n\n<p>Ambassade du Gabon, Haute Repr\u00e9sentation permanente du Gabon pr\u00e8s la&nbsp; R\u00e9publique fran\u00e7aise et Repr\u00e9sentation permanente aupr\u00e8s de&nbsp; l\u2019Organisation internationale de la Francophonie (OIF) :&nbsp;&nbsp;<\/p>\n\n\n\n<p>\u2013&nbsp;<strong>Ambassadeur du Gabon, Haut-Repr\u00e9sentant :&nbsp;<\/strong>M. Alfred NGUIA&nbsp; BANDA,&nbsp;<em>en remplacement de Mme Marie-\u00c9dith Tassyla Ye Doumbeneny, appel\u00e9e \u00e0 d\u2019autres fonctions<\/em>.&nbsp;&nbsp;<\/p>\n\n\n\n<p>Repr\u00e9sentation permanente de la R\u00e9publique gabonaise aupr\u00e8s de&nbsp; l\u2019UNESCO :&nbsp;&nbsp;<\/p>\n\n\n\n<p>\u2022&nbsp;<strong>Ambassadeur, D\u00e9l\u00e9gu\u00e9e permanente de la R\u00e9publique gabonaise&nbsp; aupr\u00e8s de l\u2019UNESCO&nbsp;<\/strong>: Mme Bernice ABEGUE OWONO,&nbsp;<em>en&nbsp; remplacement de Mme Rachel Annick Ogoula Akiko, \u00e9pouse Obiang&nbsp; Meyo, appel\u00e9e \u00e0 d\u2019autres fonctions.&nbsp;&nbsp;<\/em><\/p>\n\n\n\n<p>Ambassade Haute Repr\u00e9sentation de la R\u00e9publique Gabonaise pr\u00e8s le&nbsp; Royaume du Maroc :&nbsp;&nbsp;<\/p>\n\n\n\n<p>\u2013 Attach\u00e9 militaire :&nbsp;<strong>Colonel Louis Ghislain MIYINDU&nbsp;<\/strong><\/p>\n\n\n\n<p>\u2013 Attach\u00e9 Militaire Adjoint&nbsp;<strong>: Adjudant-Chef Major MVOU Wilfried<\/strong>.&nbsp;<\/p>\n\n\n\n<p><strong>Ambassadeur extraordinaire et pl\u00e9nipotentiaire : M. Carlos OKINDA,&nbsp;<\/strong><em>en&nbsp; remplacement de M. Guy NAMBO WEZET appel\u00e9 \u00e0 d\u2019autres fonctions.&nbsp;<\/em><\/p>\n\n\n\n<p>Ambassade du Gabon en Chine&nbsp;&nbsp;<\/p>\n\n\n\n<p>\u2022&nbsp;<strong>Conseiller, Chancelier&nbsp;<\/strong>: Mme N\u00e9h\u00e9mi Sabrina LEDAGA epse&nbsp; DIENGUILA KIONGA&nbsp;&nbsp;<\/p>\n\n\n\n<p>********&nbsp;&nbsp;<\/p>\n\n\n\n<p><strong>MINISTERE DE L\u2019ACCES UNIVERSEL A L\u2019EAU ET A L\u2019ENERGIE&nbsp;&nbsp;<\/strong><\/p>\n\n\n\n<p><strong>Cabinet du Ministre&nbsp;&nbsp;<\/strong><\/p>\n\n\n\n<p>\u2022 Charg\u00e9 de Missions :&nbsp;<strong>M. Dieudonn\u00e9 ETOUGHE NZOGHE<\/strong>, en&nbsp; remplacement de M. Freddy KOUMBI.&nbsp;&nbsp;<\/p>\n\n\n\n<p>********&nbsp;&nbsp;<\/p>\n\n\n\n<p><strong>MINIST\u00c8RE DE L\u2019ENVIRONNEMENT, DE L\u2019\u00c9COLOGIE ET DU CLIMAT&nbsp;<\/strong>Secr\u00e9tariat G\u00e9n\u00e9ral&nbsp;&nbsp;<\/p>\n\n\n\n<p>\u2022 Direction G\u00e9n\u00e9rale de l\u2019Environnement.&nbsp;&nbsp;<\/p>\n\n\n\n<p>&nbsp;<strong>Directeur G\u00e9n\u00e9ral :&nbsp;<\/strong>M. Tanguy GAHOUMA BEKALE.&nbsp;<\/p>\n\n\n\n<p>********&nbsp;&nbsp;<\/p>\n\n\n\n<p><strong>MINISTERE DU PETROLE ET DU GAZ&nbsp;<\/strong><\/p>\n\n\n\n<p>Administration sous-tutelle Gab\u2019Oil&nbsp;&nbsp;<\/p>\n\n\n\n<p>S.A.&nbsp;&nbsp;<\/p>\n\n\n\n<p>\u2013&nbsp;<strong>Directeur des Ressources Humaines :&nbsp;<\/strong>Mme Yasmine&nbsp; YENONICOUE&nbsp;<\/p>\n\n\n\n<p>\u2013&nbsp;<strong>Directeur Administratif et Financier :&nbsp;<\/strong>M. Eug\u00e8ne R\u00e9gis ANGOUE&nbsp; N\u2019NA&nbsp;&nbsp;<\/p>\n\n\n\n<p>\u2013&nbsp;<strong>Directeur Commercial et Marketing :&nbsp;<\/strong>M. Gildas-Walker LEKIGA&nbsp; ********&nbsp;&nbsp;<\/p>\n\n\n\n<p><strong>MINISTERE DES MINES ET DES RESSOURCES GEOLOGIQUES&nbsp;<\/strong>\u2013&nbsp;<strong>Conseiller communication :&nbsp;<\/strong>M. Lionel NDONG EYEGHE<\/p>\n\n\n\n<p><strong>MINISTERE DU LOGEMENT, DE L\u2019HABITAT, DE L\u2019URBANISME ET DU CADASTRE&nbsp;<\/strong><\/p>\n\n\n\n<p>Administration sous-tutelle&nbsp;&nbsp;<\/p>\n\n\n\n<p>Soci\u00e9t\u00e9 Nationale Immobili\u00e8re (SNI)&nbsp;&nbsp;<\/p>\n\n\n\n<p>\u2022&nbsp;<strong>Directeur G\u00e9n\u00e9ral :&nbsp;<\/strong>M. Jean-Pierre ONDOUNDA<strong>,&nbsp;<\/strong><em>en remplacement&nbsp; de M. Hermann KAMONOMONO, appel\u00e9 \u00e0 d\u2019autres fonctions.&nbsp;<\/em>\u2022&nbsp;<strong>Directeur G\u00e9n\u00e9ral Adjoint :&nbsp;<\/strong>Mme St\u00e9phanie ONA ONDO<strong>.&nbsp;<\/strong>&nbsp;<\/p>\n\n\n\n<p><strong>MINISTERE DE LA PLANIFICATION ET DE LA PROSPECTIVE :&nbsp;&nbsp;<\/strong><\/p>\n\n\n\n<p><strong>Cabinet du Ministre&nbsp;&nbsp;<\/strong><\/p>\n\n\n\n<p>\u2022&nbsp;<strong>Charg\u00e9e d\u2019\u00e9tudes&nbsp;<\/strong>: Mme Alfrede Sy-Diandra NHANG BIBANG ;&nbsp; \u2022&nbsp;<strong>Secr\u00e9taire particuli\u00e8re du Directeur de Cabinet&nbsp;<\/strong>: Mme Joseph Irma MBA NZE \u00e9pouse ABESSOLO ;&nbsp;&nbsp;<\/p>\n\n\n\n<p>\u2022&nbsp;<strong>Secr\u00e9taire de Cabinet&nbsp;<\/strong>: Mme Alicia WORA MASSAMBA&nbsp;&nbsp;<\/p>\n\n\n\n<p>Administration sous-tutelle&nbsp;&nbsp;<\/p>\n\n\n\n<p>Institut National des Statistiques (INSTAT Gabon)&nbsp;&nbsp;<\/p>\n\n\n\n<p>\u2022&nbsp;<strong>Directeur G\u00e9n\u00e9ral :&nbsp;<\/strong>M. Symolin ONDO METO\u2019O<em>.&nbsp;<\/em><\/p>\n\n\n\n<p>\u2022&nbsp;<strong>Directeur G\u00e9n\u00e9ral Adjoint :&nbsp;<\/strong>Mme Jeannine Laure BAKENDA \u00e9p.&nbsp; IBALA.&nbsp;<\/p>\n\n\n\n<p>&nbsp;<strong>MINISTERE DES AFFAIRES SOCIALES ET DE L\u2019INCLUSION&nbsp;&nbsp;<\/strong><\/p>\n\n\n\n<p>Cabinet du Ministre&nbsp;&nbsp;<\/p>\n\n\n\n<p>\u2022&nbsp;<strong>Directeur de Cabinet :&nbsp;<\/strong>M. Charles OBAME ONDO&nbsp;<strong>;&nbsp;&nbsp;<\/strong><\/p>\n\n\n\n<p>\u2022&nbsp;<strong>Secr\u00e9taire Particuli\u00e8re du Ministre :&nbsp;<\/strong>Mme A\u00efcha Murielle AVOME&nbsp; BOUYOU;&nbsp;&nbsp;<\/p>\n\n\n\n<p>\u2022&nbsp;<strong>Secr\u00e9taire Particuli\u00e8re du Directeur de Cabinet :&nbsp;<\/strong>Mme Marina&nbsp; HOKO NGODATHE \u00e9pouse OBAME NZE&nbsp;<\/p>\n\n\n\n<p>\u2022&nbsp;<strong>Secr\u00e9taires de Cabinet :&nbsp;&nbsp;<\/strong><\/p>\n\n\n\n<p>MMES&nbsp;&nbsp;<\/p>\n\n\n\n<p>\u2013 Prisca Chancia METHE ASSEY \u00e9pouse MACKAYA TAMANE ;&nbsp; \u2013 De Julie Fanny OTOGHE AKEBATON&nbsp;&nbsp;<\/p>\n\n\n\n<p>\u2013 M. Lo\u00efck EZEMABISSI BIYEGHE&nbsp;&nbsp;<\/p>\n\n\n\n<p>\u2022&nbsp;<strong>Conseiller Juridique :&nbsp;<\/strong>M. Alfred KEDINE.&nbsp;&nbsp;<\/p>\n\n\n\n<p>\u2022&nbsp;<strong>Conseiller en Communication :&nbsp;<\/strong>M. Jean Corneille MOUGOUGOU. \u2022&nbsp;<strong>Conseiller Diplomatique :&nbsp;<\/strong>M. Paul BEKALE.&nbsp;<\/p>\n\n\n\n<p>\u2022&nbsp;<strong>Conseillers Techniques :&nbsp;&nbsp;<\/strong><\/p>\n\n\n\n<p>\u2013 M. Sylvain Oke Ebe ;&nbsp;&nbsp;<\/p>\n\n\n\n<p>\u2013 M. Andr\u00e9 Th\u00e9odore NTOUTOUME EMANE ;&nbsp;&nbsp;<\/p>\n\n\n\n<p>\u2013 M. Ernest OGANDAGA ;&nbsp;&nbsp;<\/p>\n\n\n\n<p>\u2013 M. Andr\u00e9 MEBIAME ;&nbsp;&nbsp;<\/p>\n\n\n\n<p>\u2013 M. Eddy Blaise MABADI MAHEBA; \u2013 Mme Ada Jocelyne PAMBO&nbsp; MBOUMBA<strong>.&nbsp;&nbsp;<\/strong><\/p>\n\n\n\n<p>\u2022&nbsp;<strong>Charg\u00e9s d\u2019\u00c9tudes :&nbsp;&nbsp;<\/strong><\/p>\n\n\n\n<p>\u2013 M. BIKENE MBA ONDZAGHE ;&nbsp;&nbsp;<\/p>\n\n\n\n<p>\u2013 Mme Ang\u00e8le Charl\u00e8ne \u00e9pouse MVE ;&nbsp;&nbsp;<\/p>\n\n\n\n<p>\u2013 M. R\u00e9gis Gacien TCHIAMA; \u2013 Mme Julie Vanessa BAKOUSSOU;&nbsp; \u2013 Mme Astrid Brenda MVOUA BEKALE.&nbsp;&nbsp;<\/p>\n\n\n\n<p>\u2022&nbsp;<strong>Charg\u00e9s de Missions :&nbsp;&nbsp;<\/strong><\/p>\n\n\n\n<p>\u2013 M. Rodrigue Urbain BITEGHE;&nbsp;&nbsp;<\/p>\n\n\n\n<p>\u2013 M. Didier NGOUBA EBIANG ;&nbsp;&nbsp;<\/p>\n\n\n\n<p>\u2013 Mme Uranie Lucie ESSOUGHE \u00e9pouse HOUNDI ;&nbsp;&nbsp;<\/p>\n\n\n\n<p>\u2013 M. Alain Rodrigue MENZOUGHE;&nbsp;&nbsp;<\/p>\n\n\n\n<p>\u2022&nbsp;<strong>Chef du Protocole&nbsp;<\/strong>: Mme Cindy Le\u00efla Pascaline AMOGHO&nbsp; MANGA.&nbsp;<\/p>\n\n\n\n<p>\u2022&nbsp;<strong>Aide de camp&nbsp;<\/strong>: Adjudant-chef NKARE ABOUE Annick-Flore.&nbsp;&nbsp;<\/p>\n\n\n\n<p>Administration sous-tutelle&nbsp;&nbsp;<\/p>\n\n\n\n<p>Caisse Nationale de S\u00e9curit\u00e9 Sociale (CNSS)&nbsp;&nbsp;<\/p>\n\n\n\n<p>\u2022 Conseiller du Directeur General :&nbsp;&nbsp;<\/p>\n\n\n\n<p><strong>M.Yorgen KIWAWA MABOULOUKI ;&nbsp;<\/strong>o&nbsp;<\/p>\n\n\n\n<p><strong>M. Marc-Jo\u00ebl BATCHIELILY&nbsp;&nbsp;<\/strong><\/p>\n\n\n\n<p>\u2022 Directeur du Patrimoine et des Achats&nbsp;<strong>: M. Thierry ONDIAS&nbsp; SOUNA&nbsp;&nbsp;<\/strong><\/p>\n\n\n\n<p><strong>Mme A\u00efcha OROUMBONGANI&nbsp;<\/strong>est remise \u00e0 la disposition de son&nbsp; administration d\u2019origine.&nbsp;&nbsp;&nbsp;&nbsp;<\/p>\n\n\n\n<p><strong>MINISTERE DE L\u2019ENSEIGNEMENT SUPERIEUR ET DE LA &nbsp;RECHERCHE SCIENTIFIQUE :&nbsp;<\/strong><\/p>\n\n\n\n<p>Cabinet du Ministre :&nbsp;&nbsp;<\/p>\n\n\n\n<p>\u2022&nbsp;<strong>Conseiller Technique :&nbsp;<\/strong>M. BISSELO OGNELE,&nbsp;<em>en remplacement de M.&nbsp; Jean-Zobel HOUKA ;&nbsp;<\/em><\/p>\n\n\n\n<p>Administration sous-tutelle&nbsp;&nbsp;<\/p>\n\n\n\n<p>Centre National des \u0152uvres Universitaires&nbsp;&nbsp;<\/p>\n\n\n\n<p>\u2013&nbsp;<strong>Directeur G\u00e9n\u00e9ral&nbsp;<\/strong>: Mme Zora KASSA \u00e9pouse NZIGOU. &nbsp;&nbsp;<\/p>\n\n\n\n<p><strong>MINISTERE DE LA FONCTION PUBLIQUE ET DU RENFORCEMENT DES CAPACITES&nbsp;<\/strong><\/p>\n\n\n\n<p>Cabinet du Ministre&nbsp;&nbsp;<\/p>\n\n\n\n<p>\u2022&nbsp;<strong>Secr\u00e9taire de Cabinet&nbsp;<\/strong>: Mme Stella REMBOU MOULENGUI \u00e9pse&nbsp; SIMOST&nbsp;<\/p>\n\n\n\n<p><strong>MINISTERE DU TRAVAIL, DU PLEIN-EMPLOI ET DU DIALOGUE SOCIAL&nbsp;<\/strong><\/p>\n\n\n\n<p>P\u00f4le National de Promotion de l\u2019Emploi (PNPE) \u2013&nbsp;<\/p>\n\n\n\n<p><strong>Directeur G\u00e9n\u00e9ral :&nbsp;<\/strong>M. Franck NZE NDONG NZE.&nbsp;<\/p>\n\n\n\n<p><strong>MINISTERE DE L\u2019ECONOMIE NUMERIQUE, DE LA DIGITALISATION ET &nbsp;DE L\u2019INNOVATION&nbsp;<\/strong><\/p>\n\n\n\n<p>Les fonctions de&nbsp;<strong>M. Georges MIMBI<\/strong>, pr\u00e9c\u00e9demment&nbsp;<strong>Charg\u00e9 de missions&nbsp; aupr\u00e8s du Ministre<\/strong>, prennent fin \u00e0 compter de ce jour.&nbsp;<\/p>\n\n\n\n<p><strong>MINISTRE DE L\u2019AGRICULTURE, DE L\u2019ELEVAGE ET DU DEVELOPPEMENT RURAL&nbsp;<\/strong><\/p>\n\n\n\n<p>Administration sous-tutelle&nbsp;<\/p>\n\n\n\n<p>Agence Gabonaise de S\u00e9curit\u00e9 Alimentaire (AGASA)&nbsp;<\/p>\n\n\n\n<p>\u2022&nbsp;<strong>Directeur de l\u2019Inspection et des Contr\u00f4les Sanitaires et&nbsp; Phytosanitaires :&nbsp;<\/strong>M. Herv\u00e9 ALLOGO OBIANG;&nbsp;<\/p>\n\n\n\n<p>\u2022&nbsp;<strong>Directeur Administratif et Financier :&nbsp;<\/strong>Mme Edwige LEKOUYI ; \u2022&nbsp;<strong>Charg\u00e9 d\u2019\u00c9tudes du Directeur g\u00e9n\u00e9ral :&nbsp;<\/strong>M. MOULENGUI&nbsp; BOUSSOUGOU IBALA.&nbsp;<\/p>\n\n\n\n<p>Les personnes dont les noms suivent sont&nbsp;<strong>remises \u00e0 la disposition de&nbsp; leur administration d\u2019origine&nbsp;<\/strong>:&nbsp;<\/p>\n\n\n\n<p>\u2022 M. Renaud NGOUELE CLAVIA ONDIAS;&nbsp;<\/p>\n\n\n\n<p>\u2022 Mme Bisse Pauline OSSAGOU.&nbsp;<\/p>\n","protected":false},"excerpt":{"rendered":"<p>Sous la Tr\u00e8s Haute Pr\u00e9sidence de Son Excellence Brice Clotaire OLIGUI&nbsp; NGUEMA, Pr\u00e9sident de la R\u00e9publique, Chef de l\u2019\u00c9tat, Chef du Gouvernement, le Conseil des Ministres s\u2019est r\u00e9uni ce jeudi 23 octobre&nbsp; 2025, \u00e0 10h00, dans la salle habituelle des d\u00e9lib\u00e9rations, au Palais de la&nbsp; Pr\u00e9sidence de la R\u00e9publique.&nbsp; Le Conseil a ouvert ses travaux [&hellip;]<\/p>\n","protected":false},"author":7,"featured_media":24265,"comment_status":"open","ping_status":"open","sticky":false,"template":"","format":"standard","meta":{"footnotes":""},"categories":[57,55,65],"tags":[],"class_list":["post-24264","post","type-post","status-publish","format-standard","has-post-thumbnail","hentry","category-a-la-une","category-actualites","category-politique-podcasts"],"yoast_head":"<!-- This site is optimized with the Yoast SEO plugin v24.2 - https:\/\/yoast.com\/wordpress\/plugins\/seo\/ -->\n<title>Communiqu\u00e9 final du Conseil des Ministres de Jeudi 23 octobre 2025 \u00e0 Libreville - Gabon Nouvelle Vision<\/title>\n<meta name=\"robots\" content=\"index, follow, max-snippet:-1, max-image-preview:large, max-video-preview:-1\" \/>\n<link rel=\"canonical\" href=\"https:\/\/gabonnouvellevision.com\/gnv\/2025\/10\/24\/communique-final-du-conseil-des-ministres-de-jeudi-23-octobre-2025-a-libreville\/\" \/>\n<meta property=\"og:locale\" content=\"fr_FR\" \/>\n<meta property=\"og:type\" content=\"article\" \/>\n<meta property=\"og:title\" content=\"Communiqu\u00e9 final du Conseil des Ministres de Jeudi 23 octobre 2025 \u00e0 Libreville - Gabon Nouvelle Vision\" \/>\n<meta property=\"og:description\" content=\"Sous la Tr\u00e8s Haute Pr\u00e9sidence de Son Excellence Brice Clotaire OLIGUI&nbsp; NGUEMA, Pr\u00e9sident de la R\u00e9publique, Chef de l\u2019\u00c9tat, Chef du Gouvernement, le Conseil des Ministres s\u2019est r\u00e9uni ce jeudi 23 octobre&nbsp; 2025, \u00e0 10h00, dans la salle habituelle des d\u00e9lib\u00e9rations, au Palais de la&nbsp; Pr\u00e9sidence de la R\u00e9publique.&nbsp; Le Conseil a ouvert ses travaux [&hellip;]\" \/>\n<meta property=\"og:url\" content=\"https:\/\/gabonnouvellevision.com\/gnv\/2025\/10\/24\/communique-final-du-conseil-des-ministres-de-jeudi-23-octobre-2025-a-libreville\/\" \/>\n<meta property=\"og:site_name\" content=\"Gabon Nouvelle Vision\" \/>\n<meta property=\"article:publisher\" content=\"https:\/\/www.facebook.com\/GNVofficiel\" \/>\n<meta property=\"article:published_time\" content=\"2025-10-24T09:18:25+00:00\" \/>\n<meta property=\"article:modified_time\" content=\"2025-10-24T09:18:27+00:00\" \/>\n<meta property=\"og:image\" content=\"https:\/\/gabonnouvellevision.com\/gnv\/wp-content\/uploads\/2025\/10\/569630706_122279616446025336_8337769199429628960_n.jpg\" \/>\n\t<meta property=\"og:image:width\" content=\"2048\" \/>\n\t<meta property=\"og:image:height\" content=\"1366\" \/>\n\t<meta property=\"og:image:type\" content=\"image\/jpeg\" \/>\n<meta name=\"author\" content=\"Eyeng Obame\" \/>\n<meta name=\"twitter:card\" content=\"summary_large_image\" \/>\n<meta name=\"twitter:label1\" content=\"\u00c9crit par\" \/>\n\t<meta name=\"twitter:data1\" content=\"Eyeng Obame\" \/>\n\t<meta name=\"twitter:label2\" content=\"Dur\u00e9e de lecture estim\u00e9e\" \/>\n\t<meta name=\"twitter:data2\" content=\"39 minutes\" \/>\n<script type=\"application\/ld+json\" class=\"yoast-schema-graph\">{\"@context\":\"https:\/\/schema.org\",\"@graph\":[{\"@type\":\"Article\",\"@id\":\"https:\/\/gabonnouvellevision.com\/gnv\/2025\/10\/24\/communique-final-du-conseil-des-ministres-de-jeudi-23-octobre-2025-a-libreville\/#article\",\"isPartOf\":{\"@id\":\"https:\/\/gabonnouvellevision.com\/gnv\/2025\/10\/24\/communique-final-du-conseil-des-ministres-de-jeudi-23-octobre-2025-a-libreville\/\"},\"author\":{\"name\":\"Eyeng Obame\",\"@id\":\"https:\/\/gabonnouvellevision.com\/gnv\/#\/schema\/person\/4b48e07d222f83c0285affc3704bc899\"},\"headline\":\"Communiqu\u00e9 final du Conseil des Ministres de Jeudi 23 octobre 2025 \u00e0 Libreville\",\"datePublished\":\"2025-10-24T09:18:25+00:00\",\"dateModified\":\"2025-10-24T09:18:27+00:00\",\"mainEntityOfPage\":{\"@id\":\"https:\/\/gabonnouvellevision.com\/gnv\/2025\/10\/24\/communique-final-du-conseil-des-ministres-de-jeudi-23-octobre-2025-a-libreville\/\"},\"wordCount\":10030,\"commentCount\":0,\"publisher\":{\"@id\":\"https:\/\/gabonnouvellevision.com\/gnv\/#organization\"},\"image\":{\"@id\":\"https:\/\/gabonnouvellevision.com\/gnv\/2025\/10\/24\/communique-final-du-conseil-des-ministres-de-jeudi-23-octobre-2025-a-libreville\/#primaryimage\"},\"thumbnailUrl\":\"https:\/\/gabonnouvellevision.com\/gnv\/wp-content\/uploads\/2025\/10\/569630706_122279616446025336_8337769199429628960_n.jpg\",\"articleSection\":[\"A la une\",\"Actualites\",\"Politique\"],\"inLanguage\":\"fr-FR\",\"potentialAction\":[{\"@type\":\"CommentAction\",\"name\":\"Comment\",\"target\":[\"https:\/\/gabonnouvellevision.com\/gnv\/2025\/10\/24\/communique-final-du-conseil-des-ministres-de-jeudi-23-octobre-2025-a-libreville\/#respond\"]}]},{\"@type\":\"WebPage\",\"@id\":\"https:\/\/gabonnouvellevision.com\/gnv\/2025\/10\/24\/communique-final-du-conseil-des-ministres-de-jeudi-23-octobre-2025-a-libreville\/\",\"url\":\"https:\/\/gabonnouvellevision.com\/gnv\/2025\/10\/24\/communique-final-du-conseil-des-ministres-de-jeudi-23-octobre-2025-a-libreville\/\",\"name\":\"Communiqu\u00e9 final du Conseil des Ministres de Jeudi 23 octobre 2025 \u00e0 Libreville - Gabon Nouvelle Vision\",\"isPartOf\":{\"@id\":\"https:\/\/gabonnouvellevision.com\/gnv\/#website\"},\"primaryImageOfPage\":{\"@id\":\"https:\/\/gabonnouvellevision.com\/gnv\/2025\/10\/24\/communique-final-du-conseil-des-ministres-de-jeudi-23-octobre-2025-a-libreville\/#primaryimage\"},\"image\":{\"@id\":\"https:\/\/gabonnouvellevision.com\/gnv\/2025\/10\/24\/communique-final-du-conseil-des-ministres-de-jeudi-23-octobre-2025-a-libreville\/#primaryimage\"},\"thumbnailUrl\":\"https:\/\/gabonnouvellevision.com\/gnv\/wp-content\/uploads\/2025\/10\/569630706_122279616446025336_8337769199429628960_n.jpg\",\"datePublished\":\"2025-10-24T09:18:25+00:00\",\"dateModified\":\"2025-10-24T09:18:27+00:00\",\"breadcrumb\":{\"@id\":\"https:\/\/gabonnouvellevision.com\/gnv\/2025\/10\/24\/communique-final-du-conseil-des-ministres-de-jeudi-23-octobre-2025-a-libreville\/#breadcrumb\"},\"inLanguage\":\"fr-FR\",\"potentialAction\":[{\"@type\":\"ReadAction\",\"target\":[\"https:\/\/gabonnouvellevision.com\/gnv\/2025\/10\/24\/communique-final-du-conseil-des-ministres-de-jeudi-23-octobre-2025-a-libreville\/\"]}]},{\"@type\":\"ImageObject\",\"inLanguage\":\"fr-FR\",\"@id\":\"https:\/\/gabonnouvellevision.com\/gnv\/2025\/10\/24\/communique-final-du-conseil-des-ministres-de-jeudi-23-octobre-2025-a-libreville\/#primaryimage\",\"url\":\"https:\/\/gabonnouvellevision.com\/gnv\/wp-content\/uploads\/2025\/10\/569630706_122279616446025336_8337769199429628960_n.jpg\",\"contentUrl\":\"https:\/\/gabonnouvellevision.com\/gnv\/wp-content\/uploads\/2025\/10\/569630706_122279616446025336_8337769199429628960_n.jpg\",\"width\":2048,\"height\":1366},{\"@type\":\"BreadcrumbList\",\"@id\":\"https:\/\/gabonnouvellevision.com\/gnv\/2025\/10\/24\/communique-final-du-conseil-des-ministres-de-jeudi-23-octobre-2025-a-libreville\/#breadcrumb\",\"itemListElement\":[{\"@type\":\"ListItem\",\"position\":1,\"name\":\"Accueil\",\"item\":\"https:\/\/gabonnouvellevision.com\/gnv\/\"},{\"@type\":\"ListItem\",\"position\":2,\"name\":\"Communiqu\u00e9 final du Conseil des Ministres de Jeudi 23 octobre 2025 \u00e0 Libreville\"}]},{\"@type\":\"WebSite\",\"@id\":\"https:\/\/gabonnouvellevision.com\/gnv\/#website\",\"url\":\"https:\/\/gabonnouvellevision.com\/gnv\/\",\"name\":\"Gabon Nouvelle Vision\",\"description\":\"\",\"publisher\":{\"@id\":\"https:\/\/gabonnouvellevision.com\/gnv\/#organization\"},\"potentialAction\":[{\"@type\":\"SearchAction\",\"target\":{\"@type\":\"EntryPoint\",\"urlTemplate\":\"https:\/\/gabonnouvellevision.com\/gnv\/?s={search_term_string}\"},\"query-input\":{\"@type\":\"PropertyValueSpecification\",\"valueRequired\":true,\"valueName\":\"search_term_string\"}}],\"inLanguage\":\"fr-FR\"},{\"@type\":\"Organization\",\"@id\":\"https:\/\/gabonnouvellevision.com\/gnv\/#organization\",\"name\":\"Gabon Nouvelle Vision\",\"url\":\"https:\/\/gabonnouvellevision.com\/gnv\/\",\"logo\":{\"@type\":\"ImageObject\",\"inLanguage\":\"fr-FR\",\"@id\":\"https:\/\/gabonnouvellevision.com\/gnv\/#\/schema\/logo\/image\/\",\"url\":\"https:\/\/gabonnouvellevision.com\/gnv\/wp-content\/uploads\/2025\/01\/logo-text_Plan-de-travail-1.png\",\"contentUrl\":\"https:\/\/gabonnouvellevision.com\/gnv\/wp-content\/uploads\/2025\/01\/logo-text_Plan-de-travail-1.png\",\"width\":7169,\"height\":2390,\"caption\":\"Gabon Nouvelle Vision\"},\"image\":{\"@id\":\"https:\/\/gabonnouvellevision.com\/gnv\/#\/schema\/logo\/image\/\"},\"sameAs\":[\"https:\/\/www.facebook.com\/GNVofficiel\"]},{\"@type\":\"Person\",\"@id\":\"https:\/\/gabonnouvellevision.com\/gnv\/#\/schema\/person\/4b48e07d222f83c0285affc3704bc899\",\"name\":\"Eyeng Obame\",\"image\":{\"@type\":\"ImageObject\",\"inLanguage\":\"fr-FR\",\"@id\":\"https:\/\/gabonnouvellevision.com\/gnv\/#\/schema\/person\/image\/\",\"url\":\"https:\/\/secure.gravatar.com\/avatar\/167bc03b8baf3c77318a47159f80871de6f5a6cbf4bc8b6af750fbc1a369d7bf?s=96&d=mm&r=g\",\"contentUrl\":\"https:\/\/secure.gravatar.com\/avatar\/167bc03b8baf3c77318a47159f80871de6f5a6cbf4bc8b6af750fbc1a369d7bf?s=96&d=mm&r=g\",\"caption\":\"Eyeng Obame\"},\"url\":\"https:\/\/gabonnouvellevision.com\/gnv\/author\/rufin\/\"}]}<\/script>\n<!-- \/ Yoast SEO plugin. -->","yoast_head_json":{"title":"Communiqu\u00e9 final du Conseil des Ministres de Jeudi 23 octobre 2025 \u00e0 Libreville - Gabon Nouvelle Vision","robots":{"index":"index","follow":"follow","max-snippet":"max-snippet:-1","max-image-preview":"max-image-preview:large","max-video-preview":"max-video-preview:-1"},"canonical":"https:\/\/gabonnouvellevision.com\/gnv\/2025\/10\/24\/communique-final-du-conseil-des-ministres-de-jeudi-23-octobre-2025-a-libreville\/","og_locale":"fr_FR","og_type":"article","og_title":"Communiqu\u00e9 final du Conseil des Ministres de Jeudi 23 octobre 2025 \u00e0 Libreville - Gabon Nouvelle Vision","og_description":"Sous la Tr\u00e8s Haute Pr\u00e9sidence de Son Excellence Brice Clotaire OLIGUI&nbsp; NGUEMA, Pr\u00e9sident de la R\u00e9publique, Chef de l\u2019\u00c9tat, Chef du Gouvernement, le Conseil des Ministres s\u2019est r\u00e9uni ce jeudi 23 octobre&nbsp; 2025, \u00e0 10h00, dans la salle habituelle des d\u00e9lib\u00e9rations, au Palais de la&nbsp; Pr\u00e9sidence de la R\u00e9publique.&nbsp; Le Conseil a ouvert ses travaux [&hellip;]","og_url":"https:\/\/gabonnouvellevision.com\/gnv\/2025\/10\/24\/communique-final-du-conseil-des-ministres-de-jeudi-23-octobre-2025-a-libreville\/","og_site_name":"Gabon Nouvelle Vision","article_publisher":"https:\/\/www.facebook.com\/GNVofficiel","article_published_time":"2025-10-24T09:18:25+00:00","article_modified_time":"2025-10-24T09:18:27+00:00","og_image":[{"width":2048,"height":1366,"url":"https:\/\/gabonnouvellevision.com\/gnv\/wp-content\/uploads\/2025\/10\/569630706_122279616446025336_8337769199429628960_n.jpg","type":"image\/jpeg"}],"author":"Eyeng Obame","twitter_card":"summary_large_image","twitter_misc":{"\u00c9crit par":"Eyeng Obame","Dur\u00e9e de lecture estim\u00e9e":"39 minutes"},"schema":{"@context":"https:\/\/schema.org","@graph":[{"@type":"Article","@id":"https:\/\/gabonnouvellevision.com\/gnv\/2025\/10\/24\/communique-final-du-conseil-des-ministres-de-jeudi-23-octobre-2025-a-libreville\/#article","isPartOf":{"@id":"https:\/\/gabonnouvellevision.com\/gnv\/2025\/10\/24\/communique-final-du-conseil-des-ministres-de-jeudi-23-octobre-2025-a-libreville\/"},"author":{"name":"Eyeng Obame","@id":"https:\/\/gabonnouvellevision.com\/gnv\/#\/schema\/person\/4b48e07d222f83c0285affc3704bc899"},"headline":"Communiqu\u00e9 final du Conseil des Ministres de Jeudi 23 octobre 2025 \u00e0 Libreville","datePublished":"2025-10-24T09:18:25+00:00","dateModified":"2025-10-24T09:18:27+00:00","mainEntityOfPage":{"@id":"https:\/\/gabonnouvellevision.com\/gnv\/2025\/10\/24\/communique-final-du-conseil-des-ministres-de-jeudi-23-octobre-2025-a-libreville\/"},"wordCount":10030,"commentCount":0,"publisher":{"@id":"https:\/\/gabonnouvellevision.com\/gnv\/#organization"},"image":{"@id":"https:\/\/gabonnouvellevision.com\/gnv\/2025\/10\/24\/communique-final-du-conseil-des-ministres-de-jeudi-23-octobre-2025-a-libreville\/#primaryimage"},"thumbnailUrl":"https:\/\/gabonnouvellevision.com\/gnv\/wp-content\/uploads\/2025\/10\/569630706_122279616446025336_8337769199429628960_n.jpg","articleSection":["A la une","Actualites","Politique"],"inLanguage":"fr-FR","potentialAction":[{"@type":"CommentAction","name":"Comment","target":["https:\/\/gabonnouvellevision.com\/gnv\/2025\/10\/24\/communique-final-du-conseil-des-ministres-de-jeudi-23-octobre-2025-a-libreville\/#respond"]}]},{"@type":"WebPage","@id":"https:\/\/gabonnouvellevision.com\/gnv\/2025\/10\/24\/communique-final-du-conseil-des-ministres-de-jeudi-23-octobre-2025-a-libreville\/","url":"https:\/\/gabonnouvellevision.com\/gnv\/2025\/10\/24\/communique-final-du-conseil-des-ministres-de-jeudi-23-octobre-2025-a-libreville\/","name":"Communiqu\u00e9 final du Conseil des Ministres de Jeudi 23 octobre 2025 \u00e0 Libreville - Gabon Nouvelle Vision","isPartOf":{"@id":"https:\/\/gabonnouvellevision.com\/gnv\/#website"},"primaryImageOfPage":{"@id":"https:\/\/gabonnouvellevision.com\/gnv\/2025\/10\/24\/communique-final-du-conseil-des-ministres-de-jeudi-23-octobre-2025-a-libreville\/#primaryimage"},"image":{"@id":"https:\/\/gabonnouvellevision.com\/gnv\/2025\/10\/24\/communique-final-du-conseil-des-ministres-de-jeudi-23-octobre-2025-a-libreville\/#primaryimage"},"thumbnailUrl":"https:\/\/gabonnouvellevision.com\/gnv\/wp-content\/uploads\/2025\/10\/569630706_122279616446025336_8337769199429628960_n.jpg","datePublished":"2025-10-24T09:18:25+00:00","dateModified":"2025-10-24T09:18:27+00:00","breadcrumb":{"@id":"https:\/\/gabonnouvellevision.com\/gnv\/2025\/10\/24\/communique-final-du-conseil-des-ministres-de-jeudi-23-octobre-2025-a-libreville\/#breadcrumb"},"inLanguage":"fr-FR","potentialAction":[{"@type":"ReadAction","target":["https:\/\/gabonnouvellevision.com\/gnv\/2025\/10\/24\/communique-final-du-conseil-des-ministres-de-jeudi-23-octobre-2025-a-libreville\/"]}]},{"@type":"ImageObject","inLanguage":"fr-FR","@id":"https:\/\/gabonnouvellevision.com\/gnv\/2025\/10\/24\/communique-final-du-conseil-des-ministres-de-jeudi-23-octobre-2025-a-libreville\/#primaryimage","url":"https:\/\/gabonnouvellevision.com\/gnv\/wp-content\/uploads\/2025\/10\/569630706_122279616446025336_8337769199429628960_n.jpg","contentUrl":"https:\/\/gabonnouvellevision.com\/gnv\/wp-content\/uploads\/2025\/10\/569630706_122279616446025336_8337769199429628960_n.jpg","width":2048,"height":1366},{"@type":"BreadcrumbList","@id":"https:\/\/gabonnouvellevision.com\/gnv\/2025\/10\/24\/communique-final-du-conseil-des-ministres-de-jeudi-23-octobre-2025-a-libreville\/#breadcrumb","itemListElement":[{"@type":"ListItem","position":1,"name":"Accueil","item":"https:\/\/gabonnouvellevision.com\/gnv\/"},{"@type":"ListItem","position":2,"name":"Communiqu\u00e9 final du Conseil des Ministres de Jeudi 23 octobre 2025 \u00e0 Libreville"}]},{"@type":"WebSite","@id":"https:\/\/gabonnouvellevision.com\/gnv\/#website","url":"https:\/\/gabonnouvellevision.com\/gnv\/","name":"Gabon Nouvelle Vision","description":"","publisher":{"@id":"https:\/\/gabonnouvellevision.com\/gnv\/#organization"},"potentialAction":[{"@type":"SearchAction","target":{"@type":"EntryPoint","urlTemplate":"https:\/\/gabonnouvellevision.com\/gnv\/?s={search_term_string}"},"query-input":{"@type":"PropertyValueSpecification","valueRequired":true,"valueName":"search_term_string"}}],"inLanguage":"fr-FR"},{"@type":"Organization","@id":"https:\/\/gabonnouvellevision.com\/gnv\/#organization","name":"Gabon Nouvelle Vision","url":"https:\/\/gabonnouvellevision.com\/gnv\/","logo":{"@type":"ImageObject","inLanguage":"fr-FR","@id":"https:\/\/gabonnouvellevision.com\/gnv\/#\/schema\/logo\/image\/","url":"https:\/\/gabonnouvellevision.com\/gnv\/wp-content\/uploads\/2025\/01\/logo-text_Plan-de-travail-1.png","contentUrl":"https:\/\/gabonnouvellevision.com\/gnv\/wp-content\/uploads\/2025\/01\/logo-text_Plan-de-travail-1.png","width":7169,"height":2390,"caption":"Gabon Nouvelle Vision"},"image":{"@id":"https:\/\/gabonnouvellevision.com\/gnv\/#\/schema\/logo\/image\/"},"sameAs":["https:\/\/www.facebook.com\/GNVofficiel"]},{"@type":"Person","@id":"https:\/\/gabonnouvellevision.com\/gnv\/#\/schema\/person\/4b48e07d222f83c0285affc3704bc899","name":"Eyeng Obame","image":{"@type":"ImageObject","inLanguage":"fr-FR","@id":"https:\/\/gabonnouvellevision.com\/gnv\/#\/schema\/person\/image\/","url":"https:\/\/secure.gravatar.com\/avatar\/167bc03b8baf3c77318a47159f80871de6f5a6cbf4bc8b6af750fbc1a369d7bf?s=96&d=mm&r=g","contentUrl":"https:\/\/secure.gravatar.com\/avatar\/167bc03b8baf3c77318a47159f80871de6f5a6cbf4bc8b6af750fbc1a369d7bf?s=96&d=mm&r=g","caption":"Eyeng Obame"},"url":"https:\/\/gabonnouvellevision.com\/gnv\/author\/rufin\/"}]}},"_links":{"self":[{"href":"https:\/\/gabonnouvellevision.com\/gnv\/wp-json\/wp\/v2\/posts\/24264","targetHints":{"allow":["GET"]}}],"collection":[{"href":"https:\/\/gabonnouvellevision.com\/gnv\/wp-json\/wp\/v2\/posts"}],"about":[{"href":"https:\/\/gabonnouvellevision.com\/gnv\/wp-json\/wp\/v2\/types\/post"}],"author":[{"embeddable":true,"href":"https:\/\/gabonnouvellevision.com\/gnv\/wp-json\/wp\/v2\/users\/7"}],"replies":[{"embeddable":true,"href":"https:\/\/gabonnouvellevision.com\/gnv\/wp-json\/wp\/v2\/comments?post=24264"}],"version-history":[{"count":1,"href":"https:\/\/gabonnouvellevision.com\/gnv\/wp-json\/wp\/v2\/posts\/24264\/revisions"}],"predecessor-version":[{"id":24266,"href":"https:\/\/gabonnouvellevision.com\/gnv\/wp-json\/wp\/v2\/posts\/24264\/revisions\/24266"}],"wp:featuredmedia":[{"embeddable":true,"href":"https:\/\/gabonnouvellevision.com\/gnv\/wp-json\/wp\/v2\/media\/24265"}],"wp:attachment":[{"href":"https:\/\/gabonnouvellevision.com\/gnv\/wp-json\/wp\/v2\/media?parent=24264"}],"wp:term":[{"taxonomy":"category","embeddable":true,"href":"https:\/\/gabonnouvellevision.com\/gnv\/wp-json\/wp\/v2\/categories?post=24264"},{"taxonomy":"post_tag","embeddable":true,"href":"https:\/\/gabonnouvellevision.com\/gnv\/wp-json\/wp\/v2\/tags?post=24264"}],"curies":[{"name":"wp","href":"https:\/\/api.w.org\/{rel}","templated":true}]}}