{"id":24262,"date":"2025-10-23T11:45:13","date_gmt":"2025-10-23T09:45:13","guid":{"rendered":"https:\/\/gabonnouvellevision.com\/gnv\/?p=24262"},"modified":"2025-10-23T11:45:18","modified_gmt":"2025-10-23T09:45:18","slug":"conseil-des-ministres-ce-jeudi-23-octobre-a-libreville","status":"publish","type":"post","link":"https:\/\/gabonnouvellevision.com\/gnv\/2025\/10\/23\/conseil-des-ministres-ce-jeudi-23-octobre-a-libreville\/","title":{"rendered":"Conseil des Ministres ce jeudi 23 octobre \u00e0 Libreville"},"content":{"rendered":"\n<p>Le Pr\u00e9sident de la R\u00e9publique, Brice Clotaire Oligui Nguema, pr\u00e9side un important conseil des Ministres ce jeudi 23 octobre \u00e0 Libreville. Un conseil des Ministres qui intervient au lendemain de la tenue des premi\u00e8res  \u00e9lections l\u00e9gislatives et locales de la V\u00e8me R\u00e9publique.<\/p>\n\n\n\n<p>Sandrine Eyeng Obame<\/p>\n","protected":false},"excerpt":{"rendered":"<p>Le Pr\u00e9sident de la R\u00e9publique, Brice Clotaire Oligui Nguema, pr\u00e9side un important conseil des Ministres ce jeudi 23 octobre \u00e0 Libreville. Un conseil des Ministres qui intervient au lendemain de la tenue des premi\u00e8res \u00e9lections l\u00e9gislatives et locales de la V\u00e8me R\u00e9publique. Sandrine Eyeng Obame<\/p>\n","protected":false},"author":7,"featured_media":23975,"comment_status":"open","ping_status":"open","sticky":false,"template":"","format":"standard","meta":{"footnotes":""},"categories":[57,55,65],"tags":[],"class_list":["post-24262","post","type-post","status-publish","format-standard","has-post-thumbnail","hentry","category-a-la-une","category-actualites","category-politique-podcasts"],"yoast_head":"<!-- This site is optimized with the Yoast SEO plugin v24.2 - https:\/\/yoast.com\/wordpress\/plugins\/seo\/ -->\n<title>Conseil des Ministres ce jeudi 23 octobre \u00e0 Libreville - Gabon Nouvelle Vision<\/title>\n<meta name=\"robots\" content=\"index, follow, max-snippet:-1, max-image-preview:large, max-video-preview:-1\" \/>\n<link rel=\"canonical\" href=\"https:\/\/gabonnouvellevision.com\/gnv\/2025\/10\/23\/conseil-des-ministres-ce-jeudi-23-octobre-a-libreville\/\" \/>\n<meta property=\"og:locale\" content=\"fr_FR\" \/>\n<meta property=\"og:type\" content=\"article\" \/>\n<meta property=\"og:title\" content=\"Conseil des Ministres ce jeudi 23 octobre \u00e0 Libreville - Gabon Nouvelle Vision\" \/>\n<meta property=\"og:description\" content=\"Le Pr\u00e9sident de la R\u00e9publique, Brice Clotaire Oligui Nguema, pr\u00e9side un important conseil des Ministres ce jeudi 23 octobre \u00e0 Libreville. Un conseil des Ministres qui intervient au lendemain de la tenue des premi\u00e8res \u00e9lections l\u00e9gislatives et locales de la V\u00e8me R\u00e9publique. Sandrine Eyeng Obame\" \/>\n<meta property=\"og:url\" content=\"https:\/\/gabonnouvellevision.com\/gnv\/2025\/10\/23\/conseil-des-ministres-ce-jeudi-23-octobre-a-libreville\/\" \/>\n<meta property=\"og:site_name\" content=\"Gabon Nouvelle Vision\" \/>\n<meta property=\"article:publisher\" content=\"https:\/\/www.facebook.com\/GNVofficiel\" \/>\n<meta property=\"article:published_time\" content=\"2025-10-23T09:45:13+00:00\" \/>\n<meta property=\"article:modified_time\" content=\"2025-10-23T09:45:18+00:00\" \/>\n<meta property=\"og:image\" content=\"https:\/\/gabonnouvellevision.com\/gnv\/wp-content\/uploads\/2025\/05\/8354478516128887058.jpeg\" \/>\n\t<meta property=\"og:image:width\" content=\"500\" \/>\n\t<meta property=\"og:image:height\" content=\"261\" \/>\n\t<meta property=\"og:image:type\" content=\"image\/jpeg\" \/>\n<meta name=\"author\" content=\"Eyeng Obame\" \/>\n<meta name=\"twitter:card\" content=\"summary_large_image\" \/>\n<meta name=\"twitter:label1\" content=\"\u00c9crit par\" \/>\n\t<meta name=\"twitter:data1\" content=\"Eyeng Obame\" \/>\n\t<meta name=\"twitter:label2\" content=\"Dur\u00e9e de lecture estim\u00e9e\" \/>\n\t<meta name=\"twitter:data2\" content=\"1 minute\" \/>\n<script type=\"application\/ld+json\" class=\"yoast-schema-graph\">{\"@context\":\"https:\/\/schema.org\",\"@graph\":[{\"@type\":\"Article\",\"@id\":\"https:\/\/gabonnouvellevision.com\/gnv\/2025\/10\/23\/conseil-des-ministres-ce-jeudi-23-octobre-a-libreville\/#article\",\"isPartOf\":{\"@id\":\"https:\/\/gabonnouvellevision.com\/gnv\/2025\/10\/23\/conseil-des-ministres-ce-jeudi-23-octobre-a-libreville\/\"},\"author\":{\"name\":\"Eyeng Obame\",\"@id\":\"https:\/\/gabonnouvellevision.com\/gnv\/#\/schema\/person\/4b48e07d222f83c0285affc3704bc899\"},\"headline\":\"Conseil des Ministres ce jeudi 23 octobre \u00e0 Libreville\",\"datePublished\":\"2025-10-23T09:45:13+00:00\",\"dateModified\":\"2025-10-23T09:45:18+00:00\",\"mainEntityOfPage\":{\"@id\":\"https:\/\/gabonnouvellevision.com\/gnv\/2025\/10\/23\/conseil-des-ministres-ce-jeudi-23-octobre-a-libreville\/\"},\"wordCount\":57,\"commentCount\":0,\"publisher\":{\"@id\":\"https:\/\/gabonnouvellevision.com\/gnv\/#organization\"},\"image\":{\"@id\":\"https:\/\/gabonnouvellevision.com\/gnv\/2025\/10\/23\/conseil-des-ministres-ce-jeudi-23-octobre-a-libreville\/#primaryimage\"},\"thumbnailUrl\":\"https:\/\/gabonnouvellevision.com\/gnv\/wp-content\/uploads\/2025\/05\/8354478516128887058.jpeg\",\"articleSection\":[\"A la une\",\"Actualites\",\"Politique\"],\"inLanguage\":\"fr-FR\",\"potentialAction\":[{\"@type\":\"CommentAction\",\"name\":\"Comment\",\"target\":[\"https:\/\/gabonnouvellevision.com\/gnv\/2025\/10\/23\/conseil-des-ministres-ce-jeudi-23-octobre-a-libreville\/#respond\"]}]},{\"@type\":\"WebPage\",\"@id\":\"https:\/\/gabonnouvellevision.com\/gnv\/2025\/10\/23\/conseil-des-ministres-ce-jeudi-23-octobre-a-libreville\/\",\"url\":\"https:\/\/gabonnouvellevision.com\/gnv\/2025\/10\/23\/conseil-des-ministres-ce-jeudi-23-octobre-a-libreville\/\",\"name\":\"Conseil des Ministres ce jeudi 23 octobre \u00e0 Libreville - Gabon Nouvelle Vision\",\"isPartOf\":{\"@id\":\"https:\/\/gabonnouvellevision.com\/gnv\/#website\"},\"primaryImageOfPage\":{\"@id\":\"https:\/\/gabonnouvellevision.com\/gnv\/2025\/10\/23\/conseil-des-ministres-ce-jeudi-23-octobre-a-libreville\/#primaryimage\"},\"image\":{\"@id\":\"https:\/\/gabonnouvellevision.com\/gnv\/2025\/10\/23\/conseil-des-ministres-ce-jeudi-23-octobre-a-libreville\/#primaryimage\"},\"thumbnailUrl\":\"https:\/\/gabonnouvellevision.com\/gnv\/wp-content\/uploads\/2025\/05\/8354478516128887058.jpeg\",\"datePublished\":\"2025-10-23T09:45:13+00:00\",\"dateModified\":\"2025-10-23T09:45:18+00:00\",\"breadcrumb\":{\"@id\":\"https:\/\/gabonnouvellevision.com\/gnv\/2025\/10\/23\/conseil-des-ministres-ce-jeudi-23-octobre-a-libreville\/#breadcrumb\"},\"inLanguage\":\"fr-FR\",\"potentialAction\":[{\"@type\":\"ReadAction\",\"target\":[\"https:\/\/gabonnouvellevision.com\/gnv\/2025\/10\/23\/conseil-des-ministres-ce-jeudi-23-octobre-a-libreville\/\"]}]},{\"@type\":\"ImageObject\",\"inLanguage\":\"fr-FR\",\"@id\":\"https:\/\/gabonnouvellevision.com\/gnv\/2025\/10\/23\/conseil-des-ministres-ce-jeudi-23-octobre-a-libreville\/#primaryimage\",\"url\":\"https:\/\/gabonnouvellevision.com\/gnv\/wp-content\/uploads\/2025\/05\/8354478516128887058.jpeg\",\"contentUrl\":\"https:\/\/gabonnouvellevision.com\/gnv\/wp-content\/uploads\/2025\/05\/8354478516128887058.jpeg\",\"width\":500,\"height\":261},{\"@type\":\"BreadcrumbList\",\"@id\":\"https:\/\/gabonnouvellevision.com\/gnv\/2025\/10\/23\/conseil-des-ministres-ce-jeudi-23-octobre-a-libreville\/#breadcrumb\",\"itemListElement\":[{\"@type\":\"ListItem\",\"position\":1,\"name\":\"Accueil\",\"item\":\"https:\/\/gabonnouvellevision.com\/gnv\/\"},{\"@type\":\"ListItem\",\"position\":2,\"name\":\"Conseil des Ministres ce jeudi 23 octobre \u00e0 Libreville\"}]},{\"@type\":\"WebSite\",\"@id\":\"https:\/\/gabonnouvellevision.com\/gnv\/#website\",\"url\":\"https:\/\/gabonnouvellevision.com\/gnv\/\",\"name\":\"Gabon Nouvelle Vision\",\"description\":\"\",\"publisher\":{\"@id\":\"https:\/\/gabonnouvellevision.com\/gnv\/#organization\"},\"potentialAction\":[{\"@type\":\"SearchAction\",\"target\":{\"@type\":\"EntryPoint\",\"urlTemplate\":\"https:\/\/gabonnouvellevision.com\/gnv\/?s={search_term_string}\"},\"query-input\":{\"@type\":\"PropertyValueSpecification\",\"valueRequired\":true,\"valueName\":\"search_term_string\"}}],\"inLanguage\":\"fr-FR\"},{\"@type\":\"Organization\",\"@id\":\"https:\/\/gabonnouvellevision.com\/gnv\/#organization\",\"name\":\"Gabon Nouvelle Vision\",\"url\":\"https:\/\/gabonnouvellevision.com\/gnv\/\",\"logo\":{\"@type\":\"ImageObject\",\"inLanguage\":\"fr-FR\",\"@id\":\"https:\/\/gabonnouvellevision.com\/gnv\/#\/schema\/logo\/image\/\",\"url\":\"https:\/\/gabonnouvellevision.com\/gnv\/wp-content\/uploads\/2025\/01\/logo-text_Plan-de-travail-1.png\",\"contentUrl\":\"https:\/\/gabonnouvellevision.com\/gnv\/wp-content\/uploads\/2025\/01\/logo-text_Plan-de-travail-1.png\",\"width\":7169,\"height\":2390,\"caption\":\"Gabon Nouvelle Vision\"},\"image\":{\"@id\":\"https:\/\/gabonnouvellevision.com\/gnv\/#\/schema\/logo\/image\/\"},\"sameAs\":[\"https:\/\/www.facebook.com\/GNVofficiel\"]},{\"@type\":\"Person\",\"@id\":\"https:\/\/gabonnouvellevision.com\/gnv\/#\/schema\/person\/4b48e07d222f83c0285affc3704bc899\",\"name\":\"Eyeng Obame\",\"image\":{\"@type\":\"ImageObject\",\"inLanguage\":\"fr-FR\",\"@id\":\"https:\/\/gabonnouvellevision.com\/gnv\/#\/schema\/person\/image\/\",\"url\":\"https:\/\/secure.gravatar.com\/avatar\/167bc03b8baf3c77318a47159f80871de6f5a6cbf4bc8b6af750fbc1a369d7bf?s=96&d=mm&r=g\",\"contentUrl\":\"https:\/\/secure.gravatar.com\/avatar\/167bc03b8baf3c77318a47159f80871de6f5a6cbf4bc8b6af750fbc1a369d7bf?s=96&d=mm&r=g\",\"caption\":\"Eyeng Obame\"},\"url\":\"https:\/\/gabonnouvellevision.com\/gnv\/author\/rufin\/\"}]}<\/script>\n<!-- \/ Yoast SEO plugin. -->","yoast_head_json":{"title":"Conseil des Ministres ce jeudi 23 octobre \u00e0 Libreville - Gabon Nouvelle Vision","robots":{"index":"index","follow":"follow","max-snippet":"max-snippet:-1","max-image-preview":"max-image-preview:large","max-video-preview":"max-video-preview:-1"},"canonical":"https:\/\/gabonnouvellevision.com\/gnv\/2025\/10\/23\/conseil-des-ministres-ce-jeudi-23-octobre-a-libreville\/","og_locale":"fr_FR","og_type":"article","og_title":"Conseil des Ministres ce jeudi 23 octobre \u00e0 Libreville - Gabon Nouvelle Vision","og_description":"Le Pr\u00e9sident de la R\u00e9publique, Brice Clotaire Oligui Nguema, pr\u00e9side un important conseil des Ministres ce jeudi 23 octobre \u00e0 Libreville. Un conseil des Ministres qui intervient au lendemain de la tenue des premi\u00e8res \u00e9lections l\u00e9gislatives et locales de la V\u00e8me R\u00e9publique. Sandrine Eyeng Obame","og_url":"https:\/\/gabonnouvellevision.com\/gnv\/2025\/10\/23\/conseil-des-ministres-ce-jeudi-23-octobre-a-libreville\/","og_site_name":"Gabon Nouvelle Vision","article_publisher":"https:\/\/www.facebook.com\/GNVofficiel","article_published_time":"2025-10-23T09:45:13+00:00","article_modified_time":"2025-10-23T09:45:18+00:00","og_image":[{"width":500,"height":261,"url":"https:\/\/gabonnouvellevision.com\/gnv\/wp-content\/uploads\/2025\/05\/8354478516128887058.jpeg","type":"image\/jpeg"}],"author":"Eyeng Obame","twitter_card":"summary_large_image","twitter_misc":{"\u00c9crit par":"Eyeng Obame","Dur\u00e9e de lecture estim\u00e9e":"1 minute"},"schema":{"@context":"https:\/\/schema.org","@graph":[{"@type":"Article","@id":"https:\/\/gabonnouvellevision.com\/gnv\/2025\/10\/23\/conseil-des-ministres-ce-jeudi-23-octobre-a-libreville\/#article","isPartOf":{"@id":"https:\/\/gabonnouvellevision.com\/gnv\/2025\/10\/23\/conseil-des-ministres-ce-jeudi-23-octobre-a-libreville\/"},"author":{"name":"Eyeng Obame","@id":"https:\/\/gabonnouvellevision.com\/gnv\/#\/schema\/person\/4b48e07d222f83c0285affc3704bc899"},"headline":"Conseil des Ministres ce jeudi 23 octobre \u00e0 Libreville","datePublished":"2025-10-23T09:45:13+00:00","dateModified":"2025-10-23T09:45:18+00:00","mainEntityOfPage":{"@id":"https:\/\/gabonnouvellevision.com\/gnv\/2025\/10\/23\/conseil-des-ministres-ce-jeudi-23-octobre-a-libreville\/"},"wordCount":57,"commentCount":0,"publisher":{"@id":"https:\/\/gabonnouvellevision.com\/gnv\/#organization"},"image":{"@id":"https:\/\/gabonnouvellevision.com\/gnv\/2025\/10\/23\/conseil-des-ministres-ce-jeudi-23-octobre-a-libreville\/#primaryimage"},"thumbnailUrl":"https:\/\/gabonnouvellevision.com\/gnv\/wp-content\/uploads\/2025\/05\/8354478516128887058.jpeg","articleSection":["A la une","Actualites","Politique"],"inLanguage":"fr-FR","potentialAction":[{"@type":"CommentAction","name":"Comment","target":["https:\/\/gabonnouvellevision.com\/gnv\/2025\/10\/23\/conseil-des-ministres-ce-jeudi-23-octobre-a-libreville\/#respond"]}]},{"@type":"WebPage","@id":"https:\/\/gabonnouvellevision.com\/gnv\/2025\/10\/23\/conseil-des-ministres-ce-jeudi-23-octobre-a-libreville\/","url":"https:\/\/gabonnouvellevision.com\/gnv\/2025\/10\/23\/conseil-des-ministres-ce-jeudi-23-octobre-a-libreville\/","name":"Conseil des Ministres ce jeudi 23 octobre \u00e0 Libreville - Gabon Nouvelle Vision","isPartOf":{"@id":"https:\/\/gabonnouvellevision.com\/gnv\/#website"},"primaryImageOfPage":{"@id":"https:\/\/gabonnouvellevision.com\/gnv\/2025\/10\/23\/conseil-des-ministres-ce-jeudi-23-octobre-a-libreville\/#primaryimage"},"image":{"@id":"https:\/\/gabonnouvellevision.com\/gnv\/2025\/10\/23\/conseil-des-ministres-ce-jeudi-23-octobre-a-libreville\/#primaryimage"},"thumbnailUrl":"https:\/\/gabonnouvellevision.com\/gnv\/wp-content\/uploads\/2025\/05\/8354478516128887058.jpeg","datePublished":"2025-10-23T09:45:13+00:00","dateModified":"2025-10-23T09:45:18+00:00","breadcrumb":{"@id":"https:\/\/gabonnouvellevision.com\/gnv\/2025\/10\/23\/conseil-des-ministres-ce-jeudi-23-octobre-a-libreville\/#breadcrumb"},"inLanguage":"fr-FR","potentialAction":[{"@type":"ReadAction","target":["https:\/\/gabonnouvellevision.com\/gnv\/2025\/10\/23\/conseil-des-ministres-ce-jeudi-23-octobre-a-libreville\/"]}]},{"@type":"ImageObject","inLanguage":"fr-FR","@id":"https:\/\/gabonnouvellevision.com\/gnv\/2025\/10\/23\/conseil-des-ministres-ce-jeudi-23-octobre-a-libreville\/#primaryimage","url":"https:\/\/gabonnouvellevision.com\/gnv\/wp-content\/uploads\/2025\/05\/8354478516128887058.jpeg","contentUrl":"https:\/\/gabonnouvellevision.com\/gnv\/wp-content\/uploads\/2025\/05\/8354478516128887058.jpeg","width":500,"height":261},{"@type":"BreadcrumbList","@id":"https:\/\/gabonnouvellevision.com\/gnv\/2025\/10\/23\/conseil-des-ministres-ce-jeudi-23-octobre-a-libreville\/#breadcrumb","itemListElement":[{"@type":"ListItem","position":1,"name":"Accueil","item":"https:\/\/gabonnouvellevision.com\/gnv\/"},{"@type":"ListItem","position":2,"name":"Conseil des Ministres ce jeudi 23 octobre \u00e0 Libreville"}]},{"@type":"WebSite","@id":"https:\/\/gabonnouvellevision.com\/gnv\/#website","url":"https:\/\/gabonnouvellevision.com\/gnv\/","name":"Gabon Nouvelle Vision","description":"","publisher":{"@id":"https:\/\/gabonnouvellevision.com\/gnv\/#organization"},"potentialAction":[{"@type":"SearchAction","target":{"@type":"EntryPoint","urlTemplate":"https:\/\/gabonnouvellevision.com\/gnv\/?s={search_term_string}"},"query-input":{"@type":"PropertyValueSpecification","valueRequired":true,"valueName":"search_term_string"}}],"inLanguage":"fr-FR"},{"@type":"Organization","@id":"https:\/\/gabonnouvellevision.com\/gnv\/#organization","name":"Gabon Nouvelle Vision","url":"https:\/\/gabonnouvellevision.com\/gnv\/","logo":{"@type":"ImageObject","inLanguage":"fr-FR","@id":"https:\/\/gabonnouvellevision.com\/gnv\/#\/schema\/logo\/image\/","url":"https:\/\/gabonnouvellevision.com\/gnv\/wp-content\/uploads\/2025\/01\/logo-text_Plan-de-travail-1.png","contentUrl":"https:\/\/gabonnouvellevision.com\/gnv\/wp-content\/uploads\/2025\/01\/logo-text_Plan-de-travail-1.png","width":7169,"height":2390,"caption":"Gabon Nouvelle Vision"},"image":{"@id":"https:\/\/gabonnouvellevision.com\/gnv\/#\/schema\/logo\/image\/"},"sameAs":["https:\/\/www.facebook.com\/GNVofficiel"]},{"@type":"Person","@id":"https:\/\/gabonnouvellevision.com\/gnv\/#\/schema\/person\/4b48e07d222f83c0285affc3704bc899","name":"Eyeng Obame","image":{"@type":"ImageObject","inLanguage":"fr-FR","@id":"https:\/\/gabonnouvellevision.com\/gnv\/#\/schema\/person\/image\/","url":"https:\/\/secure.gravatar.com\/avatar\/167bc03b8baf3c77318a47159f80871de6f5a6cbf4bc8b6af750fbc1a369d7bf?s=96&d=mm&r=g","contentUrl":"https:\/\/secure.gravatar.com\/avatar\/167bc03b8baf3c77318a47159f80871de6f5a6cbf4bc8b6af750fbc1a369d7bf?s=96&d=mm&r=g","caption":"Eyeng Obame"},"url":"https:\/\/gabonnouvellevision.com\/gnv\/author\/rufin\/"}]}},"_links":{"self":[{"href":"https:\/\/gabonnouvellevision.com\/gnv\/wp-json\/wp\/v2\/posts\/24262","targetHints":{"allow":["GET"]}}],"collection":[{"href":"https:\/\/gabonnouvellevision.com\/gnv\/wp-json\/wp\/v2\/posts"}],"about":[{"href":"https:\/\/gabonnouvellevision.com\/gnv\/wp-json\/wp\/v2\/types\/post"}],"author":[{"embeddable":true,"href":"https:\/\/gabonnouvellevision.com\/gnv\/wp-json\/wp\/v2\/users\/7"}],"replies":[{"embeddable":true,"href":"https:\/\/gabonnouvellevision.com\/gnv\/wp-json\/wp\/v2\/comments?post=24262"}],"version-history":[{"count":1,"href":"https:\/\/gabonnouvellevision.com\/gnv\/wp-json\/wp\/v2\/posts\/24262\/revisions"}],"predecessor-version":[{"id":24263,"href":"https:\/\/gabonnouvellevision.com\/gnv\/wp-json\/wp\/v2\/posts\/24262\/revisions\/24263"}],"wp:featuredmedia":[{"embeddable":true,"href":"https:\/\/gabonnouvellevision.com\/gnv\/wp-json\/wp\/v2\/media\/23975"}],"wp:attachment":[{"href":"https:\/\/gabonnouvellevision.com\/gnv\/wp-json\/wp\/v2\/media?parent=24262"}],"wp:term":[{"taxonomy":"category","embeddable":true,"href":"https:\/\/gabonnouvellevision.com\/gnv\/wp-json\/wp\/v2\/categories?post=24262"},{"taxonomy":"post_tag","embeddable":true,"href":"https:\/\/gabonnouvellevision.com\/gnv\/wp-json\/wp\/v2\/tags?post=24262"}],"curies":[{"name":"wp","href":"https:\/\/api.w.org\/{rel}","templated":true}]}}