{"id":24256,"date":"2025-10-13T13:40:41","date_gmt":"2025-10-13T11:40:41","guid":{"rendered":"https:\/\/gabonnouvellevision.com\/gnv\/?p=24256"},"modified":"2025-10-13T13:40:43","modified_gmt":"2025-10-13T11:40:43","slug":"le-president-oligui-nguema-present-au-jubile-dor-du-diocese-de-franceville","status":"publish","type":"post","link":"https:\/\/gabonnouvellevision.com\/gnv\/2025\/10\/13\/le-president-oligui-nguema-present-au-jubile-dor-du-diocese-de-franceville\/","title":{"rendered":"Le Pr\u00e9sident Oligui Nguema pr\u00e9sent au Jubil\u00e9 d\u2019Or du Dioc\u00e8se de Franceville"},"content":{"rendered":"\n<p><strong><em>Le Pr\u00e9sident de la R\u00e9publique, a pris part hier &nbsp;\u00e0 la Messe de cl\u00f4ture du Jubil\u00e9 d\u2019Or du Dioc\u00e8se de Franceville et du Jubil\u00e9 National des Groupes Mariaux, c\u00e9l\u00e9br\u00e9e \u00e0 la Cath\u00e9drale Saint-Hilaire de Franceville dans la province du Haut-Ogoou\u00e9<\/em><\/strong><\/p>\n\n\n\n<p>.Aux c\u00f4t\u00e9s de la communaut\u00e9 catholique, le Chef de l\u2019\u00c9tat, Brice Clotaire Oligui Nguema, \u00a0a honor\u00e9 de sa pr\u00e9sence cette messe pr\u00e9sid\u00e9e par le Nonce Apostolique Gabon-Congo, Monseigneur Javier Herrera Corona, en pr\u00e9sence du Cardinal Diego Stella, Envoy\u00e9 Sp\u00e9cial du Pape.<\/p>\n\n\n\n<p>Le c\u00e9l\u00e9brant &nbsp;a f\u00e9licit\u00e9 l\u2019\u00c9glise du Gabon et appel\u00e9 les fid\u00e8les \u00e0 demeurer dans la foi, la paix et l\u2019amour.<\/p>\n\n\n\n<p>\u00c0 l\u2019issue de cette c\u00e9l\u00e9bration, le Pr\u00e9sident de la R\u00e9publique a visit\u00e9 les chantiers de construction de 200 logements sociaux et du futur Centre Hospitalier Universitaire (CHU) de Franceville.<\/p>\n\n\n\n<p><strong>Sandrine Eyeng Obame<\/strong><\/p>\n\n\n\n<p><strong>Source: Communication Pr\u00e9sidentielle<\/strong><\/p>\n","protected":false},"excerpt":{"rendered":"<p>Le Pr\u00e9sident de la R\u00e9publique, a pris part hier &nbsp;\u00e0 la Messe de cl\u00f4ture du Jubil\u00e9 d\u2019Or du Dioc\u00e8se de Franceville et du Jubil\u00e9 National des Groupes Mariaux, c\u00e9l\u00e9br\u00e9e \u00e0 la Cath\u00e9drale Saint-Hilaire de Franceville dans la province du Haut-Ogoou\u00e9 .Aux c\u00f4t\u00e9s de la communaut\u00e9 catholique, le Chef de l\u2019\u00c9tat, Brice Clotaire Oligui Nguema, \u00a0a [&hellip;]<\/p>\n","protected":false},"author":7,"featured_media":24257,"comment_status":"open","ping_status":"open","sticky":false,"template":"","format":"standard","meta":{"footnotes":""},"categories":[57,55,64],"tags":[],"class_list":["post-24256","post","type-post","status-publish","format-standard","has-post-thumbnail","hentry","category-a-la-une","category-actualites","category-religion"],"yoast_head":"<!-- This site is optimized with the Yoast SEO plugin v24.2 - https:\/\/yoast.com\/wordpress\/plugins\/seo\/ -->\n<title>Le Pr\u00e9sident Oligui Nguema pr\u00e9sent au Jubil\u00e9 d\u2019Or du Dioc\u00e8se de Franceville - Gabon Nouvelle Vision<\/title>\n<meta name=\"robots\" content=\"index, follow, max-snippet:-1, max-image-preview:large, max-video-preview:-1\" \/>\n<link rel=\"canonical\" href=\"https:\/\/gabonnouvellevision.com\/gnv\/2025\/10\/13\/le-president-oligui-nguema-present-au-jubile-dor-du-diocese-de-franceville\/\" \/>\n<meta property=\"og:locale\" content=\"fr_FR\" \/>\n<meta property=\"og:type\" content=\"article\" \/>\n<meta property=\"og:title\" content=\"Le Pr\u00e9sident Oligui Nguema pr\u00e9sent au Jubil\u00e9 d\u2019Or du Dioc\u00e8se de Franceville - Gabon Nouvelle Vision\" \/>\n<meta property=\"og:description\" content=\"Le Pr\u00e9sident de la R\u00e9publique, a pris part hier &nbsp;\u00e0 la Messe de cl\u00f4ture du Jubil\u00e9 d\u2019Or du Dioc\u00e8se de Franceville et du Jubil\u00e9 National des Groupes Mariaux, c\u00e9l\u00e9br\u00e9e \u00e0 la Cath\u00e9drale Saint-Hilaire de Franceville dans la province du Haut-Ogoou\u00e9 .Aux c\u00f4t\u00e9s de la communaut\u00e9 catholique, le Chef de l\u2019\u00c9tat, Brice Clotaire Oligui Nguema, \u00a0a [&hellip;]\" \/>\n<meta property=\"og:url\" content=\"https:\/\/gabonnouvellevision.com\/gnv\/2025\/10\/13\/le-president-oligui-nguema-present-au-jubile-dor-du-diocese-de-franceville\/\" \/>\n<meta property=\"og:site_name\" content=\"Gabon Nouvelle Vision\" \/>\n<meta property=\"article:publisher\" content=\"https:\/\/www.facebook.com\/GNVofficiel\" \/>\n<meta property=\"article:published_time\" content=\"2025-10-13T11:40:41+00:00\" \/>\n<meta property=\"article:modified_time\" content=\"2025-10-13T11:40:43+00:00\" \/>\n<meta property=\"og:image\" content=\"https:\/\/gabonnouvellevision.com\/gnv\/wp-content\/uploads\/2025\/10\/559123299_122277992276025336_1355450855649143419_n.jpg\" \/>\n\t<meta property=\"og:image:width\" content=\"600\" \/>\n\t<meta property=\"og:image:height\" content=\"345\" \/>\n\t<meta property=\"og:image:type\" content=\"image\/jpeg\" \/>\n<meta name=\"author\" content=\"Eyeng Obame\" \/>\n<meta name=\"twitter:card\" content=\"summary_large_image\" \/>\n<meta name=\"twitter:label1\" content=\"\u00c9crit par\" \/>\n\t<meta name=\"twitter:data1\" content=\"Eyeng Obame\" \/>\n\t<meta name=\"twitter:label2\" content=\"Dur\u00e9e de lecture estim\u00e9e\" \/>\n\t<meta name=\"twitter:data2\" content=\"1 minute\" \/>\n<script type=\"application\/ld+json\" class=\"yoast-schema-graph\">{\"@context\":\"https:\/\/schema.org\",\"@graph\":[{\"@type\":\"Article\",\"@id\":\"https:\/\/gabonnouvellevision.com\/gnv\/2025\/10\/13\/le-president-oligui-nguema-present-au-jubile-dor-du-diocese-de-franceville\/#article\",\"isPartOf\":{\"@id\":\"https:\/\/gabonnouvellevision.com\/gnv\/2025\/10\/13\/le-president-oligui-nguema-present-au-jubile-dor-du-diocese-de-franceville\/\"},\"author\":{\"name\":\"Eyeng Obame\",\"@id\":\"https:\/\/gabonnouvellevision.com\/gnv\/#\/schema\/person\/4b48e07d222f83c0285affc3704bc899\"},\"headline\":\"Le Pr\u00e9sident Oligui Nguema pr\u00e9sent au Jubil\u00e9 d\u2019Or du Dioc\u00e8se de Franceville\",\"datePublished\":\"2025-10-13T11:40:41+00:00\",\"dateModified\":\"2025-10-13T11:40:43+00:00\",\"mainEntityOfPage\":{\"@id\":\"https:\/\/gabonnouvellevision.com\/gnv\/2025\/10\/13\/le-president-oligui-nguema-present-au-jubile-dor-du-diocese-de-franceville\/\"},\"wordCount\":178,\"commentCount\":0,\"publisher\":{\"@id\":\"https:\/\/gabonnouvellevision.com\/gnv\/#organization\"},\"image\":{\"@id\":\"https:\/\/gabonnouvellevision.com\/gnv\/2025\/10\/13\/le-president-oligui-nguema-present-au-jubile-dor-du-diocese-de-franceville\/#primaryimage\"},\"thumbnailUrl\":\"https:\/\/gabonnouvellevision.com\/gnv\/wp-content\/uploads\/2025\/10\/559123299_122277992276025336_1355450855649143419_n.jpg\",\"articleSection\":[\"A la une\",\"Actualites\",\"Religion\"],\"inLanguage\":\"fr-FR\",\"potentialAction\":[{\"@type\":\"CommentAction\",\"name\":\"Comment\",\"target\":[\"https:\/\/gabonnouvellevision.com\/gnv\/2025\/10\/13\/le-president-oligui-nguema-present-au-jubile-dor-du-diocese-de-franceville\/#respond\"]}]},{\"@type\":\"WebPage\",\"@id\":\"https:\/\/gabonnouvellevision.com\/gnv\/2025\/10\/13\/le-president-oligui-nguema-present-au-jubile-dor-du-diocese-de-franceville\/\",\"url\":\"https:\/\/gabonnouvellevision.com\/gnv\/2025\/10\/13\/le-president-oligui-nguema-present-au-jubile-dor-du-diocese-de-franceville\/\",\"name\":\"Le Pr\u00e9sident Oligui Nguema pr\u00e9sent au Jubil\u00e9 d\u2019Or du Dioc\u00e8se de Franceville - Gabon Nouvelle Vision\",\"isPartOf\":{\"@id\":\"https:\/\/gabonnouvellevision.com\/gnv\/#website\"},\"primaryImageOfPage\":{\"@id\":\"https:\/\/gabonnouvellevision.com\/gnv\/2025\/10\/13\/le-president-oligui-nguema-present-au-jubile-dor-du-diocese-de-franceville\/#primaryimage\"},\"image\":{\"@id\":\"https:\/\/gabonnouvellevision.com\/gnv\/2025\/10\/13\/le-president-oligui-nguema-present-au-jubile-dor-du-diocese-de-franceville\/#primaryimage\"},\"thumbnailUrl\":\"https:\/\/gabonnouvellevision.com\/gnv\/wp-content\/uploads\/2025\/10\/559123299_122277992276025336_1355450855649143419_n.jpg\",\"datePublished\":\"2025-10-13T11:40:41+00:00\",\"dateModified\":\"2025-10-13T11:40:43+00:00\",\"breadcrumb\":{\"@id\":\"https:\/\/gabonnouvellevision.com\/gnv\/2025\/10\/13\/le-president-oligui-nguema-present-au-jubile-dor-du-diocese-de-franceville\/#breadcrumb\"},\"inLanguage\":\"fr-FR\",\"potentialAction\":[{\"@type\":\"ReadAction\",\"target\":[\"https:\/\/gabonnouvellevision.com\/gnv\/2025\/10\/13\/le-president-oligui-nguema-present-au-jubile-dor-du-diocese-de-franceville\/\"]}]},{\"@type\":\"ImageObject\",\"inLanguage\":\"fr-FR\",\"@id\":\"https:\/\/gabonnouvellevision.com\/gnv\/2025\/10\/13\/le-president-oligui-nguema-present-au-jubile-dor-du-diocese-de-franceville\/#primaryimage\",\"url\":\"https:\/\/gabonnouvellevision.com\/gnv\/wp-content\/uploads\/2025\/10\/559123299_122277992276025336_1355450855649143419_n.jpg\",\"contentUrl\":\"https:\/\/gabonnouvellevision.com\/gnv\/wp-content\/uploads\/2025\/10\/559123299_122277992276025336_1355450855649143419_n.jpg\",\"width\":600,\"height\":345},{\"@type\":\"BreadcrumbList\",\"@id\":\"https:\/\/gabonnouvellevision.com\/gnv\/2025\/10\/13\/le-president-oligui-nguema-present-au-jubile-dor-du-diocese-de-franceville\/#breadcrumb\",\"itemListElement\":[{\"@type\":\"ListItem\",\"position\":1,\"name\":\"Accueil\",\"item\":\"https:\/\/gabonnouvellevision.com\/gnv\/\"},{\"@type\":\"ListItem\",\"position\":2,\"name\":\"Le Pr\u00e9sident Oligui Nguema pr\u00e9sent au Jubil\u00e9 d\u2019Or du Dioc\u00e8se de Franceville\"}]},{\"@type\":\"WebSite\",\"@id\":\"https:\/\/gabonnouvellevision.com\/gnv\/#website\",\"url\":\"https:\/\/gabonnouvellevision.com\/gnv\/\",\"name\":\"Gabon Nouvelle Vision\",\"description\":\"\",\"publisher\":{\"@id\":\"https:\/\/gabonnouvellevision.com\/gnv\/#organization\"},\"potentialAction\":[{\"@type\":\"SearchAction\",\"target\":{\"@type\":\"EntryPoint\",\"urlTemplate\":\"https:\/\/gabonnouvellevision.com\/gnv\/?s={search_term_string}\"},\"query-input\":{\"@type\":\"PropertyValueSpecification\",\"valueRequired\":true,\"valueName\":\"search_term_string\"}}],\"inLanguage\":\"fr-FR\"},{\"@type\":\"Organization\",\"@id\":\"https:\/\/gabonnouvellevision.com\/gnv\/#organization\",\"name\":\"Gabon Nouvelle Vision\",\"url\":\"https:\/\/gabonnouvellevision.com\/gnv\/\",\"logo\":{\"@type\":\"ImageObject\",\"inLanguage\":\"fr-FR\",\"@id\":\"https:\/\/gabonnouvellevision.com\/gnv\/#\/schema\/logo\/image\/\",\"url\":\"https:\/\/gabonnouvellevision.com\/gnv\/wp-content\/uploads\/2025\/01\/logo-text_Plan-de-travail-1.png\",\"contentUrl\":\"https:\/\/gabonnouvellevision.com\/gnv\/wp-content\/uploads\/2025\/01\/logo-text_Plan-de-travail-1.png\",\"width\":7169,\"height\":2390,\"caption\":\"Gabon Nouvelle Vision\"},\"image\":{\"@id\":\"https:\/\/gabonnouvellevision.com\/gnv\/#\/schema\/logo\/image\/\"},\"sameAs\":[\"https:\/\/www.facebook.com\/GNVofficiel\"]},{\"@type\":\"Person\",\"@id\":\"https:\/\/gabonnouvellevision.com\/gnv\/#\/schema\/person\/4b48e07d222f83c0285affc3704bc899\",\"name\":\"Eyeng Obame\",\"image\":{\"@type\":\"ImageObject\",\"inLanguage\":\"fr-FR\",\"@id\":\"https:\/\/gabonnouvellevision.com\/gnv\/#\/schema\/person\/image\/\",\"url\":\"https:\/\/secure.gravatar.com\/avatar\/167bc03b8baf3c77318a47159f80871de6f5a6cbf4bc8b6af750fbc1a369d7bf?s=96&d=mm&r=g\",\"contentUrl\":\"https:\/\/secure.gravatar.com\/avatar\/167bc03b8baf3c77318a47159f80871de6f5a6cbf4bc8b6af750fbc1a369d7bf?s=96&d=mm&r=g\",\"caption\":\"Eyeng Obame\"},\"url\":\"https:\/\/gabonnouvellevision.com\/gnv\/author\/rufin\/\"}]}<\/script>\n<!-- \/ Yoast SEO plugin. -->","yoast_head_json":{"title":"Le Pr\u00e9sident Oligui Nguema pr\u00e9sent au Jubil\u00e9 d\u2019Or du Dioc\u00e8se de Franceville - Gabon Nouvelle Vision","robots":{"index":"index","follow":"follow","max-snippet":"max-snippet:-1","max-image-preview":"max-image-preview:large","max-video-preview":"max-video-preview:-1"},"canonical":"https:\/\/gabonnouvellevision.com\/gnv\/2025\/10\/13\/le-president-oligui-nguema-present-au-jubile-dor-du-diocese-de-franceville\/","og_locale":"fr_FR","og_type":"article","og_title":"Le Pr\u00e9sident Oligui Nguema pr\u00e9sent au Jubil\u00e9 d\u2019Or du Dioc\u00e8se de Franceville - Gabon Nouvelle Vision","og_description":"Le Pr\u00e9sident de la R\u00e9publique, a pris part hier &nbsp;\u00e0 la Messe de cl\u00f4ture du Jubil\u00e9 d\u2019Or du Dioc\u00e8se de Franceville et du Jubil\u00e9 National des Groupes Mariaux, c\u00e9l\u00e9br\u00e9e \u00e0 la Cath\u00e9drale Saint-Hilaire de Franceville dans la province du Haut-Ogoou\u00e9 .Aux c\u00f4t\u00e9s de la communaut\u00e9 catholique, le Chef de l\u2019\u00c9tat, Brice Clotaire Oligui Nguema, \u00a0a [&hellip;]","og_url":"https:\/\/gabonnouvellevision.com\/gnv\/2025\/10\/13\/le-president-oligui-nguema-present-au-jubile-dor-du-diocese-de-franceville\/","og_site_name":"Gabon Nouvelle Vision","article_publisher":"https:\/\/www.facebook.com\/GNVofficiel","article_published_time":"2025-10-13T11:40:41+00:00","article_modified_time":"2025-10-13T11:40:43+00:00","og_image":[{"width":600,"height":345,"url":"https:\/\/gabonnouvellevision.com\/gnv\/wp-content\/uploads\/2025\/10\/559123299_122277992276025336_1355450855649143419_n.jpg","type":"image\/jpeg"}],"author":"Eyeng Obame","twitter_card":"summary_large_image","twitter_misc":{"\u00c9crit par":"Eyeng Obame","Dur\u00e9e de lecture estim\u00e9e":"1 minute"},"schema":{"@context":"https:\/\/schema.org","@graph":[{"@type":"Article","@id":"https:\/\/gabonnouvellevision.com\/gnv\/2025\/10\/13\/le-president-oligui-nguema-present-au-jubile-dor-du-diocese-de-franceville\/#article","isPartOf":{"@id":"https:\/\/gabonnouvellevision.com\/gnv\/2025\/10\/13\/le-president-oligui-nguema-present-au-jubile-dor-du-diocese-de-franceville\/"},"author":{"name":"Eyeng Obame","@id":"https:\/\/gabonnouvellevision.com\/gnv\/#\/schema\/person\/4b48e07d222f83c0285affc3704bc899"},"headline":"Le Pr\u00e9sident Oligui Nguema pr\u00e9sent au Jubil\u00e9 d\u2019Or du Dioc\u00e8se de Franceville","datePublished":"2025-10-13T11:40:41+00:00","dateModified":"2025-10-13T11:40:43+00:00","mainEntityOfPage":{"@id":"https:\/\/gabonnouvellevision.com\/gnv\/2025\/10\/13\/le-president-oligui-nguema-present-au-jubile-dor-du-diocese-de-franceville\/"},"wordCount":178,"commentCount":0,"publisher":{"@id":"https:\/\/gabonnouvellevision.com\/gnv\/#organization"},"image":{"@id":"https:\/\/gabonnouvellevision.com\/gnv\/2025\/10\/13\/le-president-oligui-nguema-present-au-jubile-dor-du-diocese-de-franceville\/#primaryimage"},"thumbnailUrl":"https:\/\/gabonnouvellevision.com\/gnv\/wp-content\/uploads\/2025\/10\/559123299_122277992276025336_1355450855649143419_n.jpg","articleSection":["A la une","Actualites","Religion"],"inLanguage":"fr-FR","potentialAction":[{"@type":"CommentAction","name":"Comment","target":["https:\/\/gabonnouvellevision.com\/gnv\/2025\/10\/13\/le-president-oligui-nguema-present-au-jubile-dor-du-diocese-de-franceville\/#respond"]}]},{"@type":"WebPage","@id":"https:\/\/gabonnouvellevision.com\/gnv\/2025\/10\/13\/le-president-oligui-nguema-present-au-jubile-dor-du-diocese-de-franceville\/","url":"https:\/\/gabonnouvellevision.com\/gnv\/2025\/10\/13\/le-president-oligui-nguema-present-au-jubile-dor-du-diocese-de-franceville\/","name":"Le Pr\u00e9sident Oligui Nguema pr\u00e9sent au Jubil\u00e9 d\u2019Or du Dioc\u00e8se de Franceville - Gabon Nouvelle Vision","isPartOf":{"@id":"https:\/\/gabonnouvellevision.com\/gnv\/#website"},"primaryImageOfPage":{"@id":"https:\/\/gabonnouvellevision.com\/gnv\/2025\/10\/13\/le-president-oligui-nguema-present-au-jubile-dor-du-diocese-de-franceville\/#primaryimage"},"image":{"@id":"https:\/\/gabonnouvellevision.com\/gnv\/2025\/10\/13\/le-president-oligui-nguema-present-au-jubile-dor-du-diocese-de-franceville\/#primaryimage"},"thumbnailUrl":"https:\/\/gabonnouvellevision.com\/gnv\/wp-content\/uploads\/2025\/10\/559123299_122277992276025336_1355450855649143419_n.jpg","datePublished":"2025-10-13T11:40:41+00:00","dateModified":"2025-10-13T11:40:43+00:00","breadcrumb":{"@id":"https:\/\/gabonnouvellevision.com\/gnv\/2025\/10\/13\/le-president-oligui-nguema-present-au-jubile-dor-du-diocese-de-franceville\/#breadcrumb"},"inLanguage":"fr-FR","potentialAction":[{"@type":"ReadAction","target":["https:\/\/gabonnouvellevision.com\/gnv\/2025\/10\/13\/le-president-oligui-nguema-present-au-jubile-dor-du-diocese-de-franceville\/"]}]},{"@type":"ImageObject","inLanguage":"fr-FR","@id":"https:\/\/gabonnouvellevision.com\/gnv\/2025\/10\/13\/le-president-oligui-nguema-present-au-jubile-dor-du-diocese-de-franceville\/#primaryimage","url":"https:\/\/gabonnouvellevision.com\/gnv\/wp-content\/uploads\/2025\/10\/559123299_122277992276025336_1355450855649143419_n.jpg","contentUrl":"https:\/\/gabonnouvellevision.com\/gnv\/wp-content\/uploads\/2025\/10\/559123299_122277992276025336_1355450855649143419_n.jpg","width":600,"height":345},{"@type":"BreadcrumbList","@id":"https:\/\/gabonnouvellevision.com\/gnv\/2025\/10\/13\/le-president-oligui-nguema-present-au-jubile-dor-du-diocese-de-franceville\/#breadcrumb","itemListElement":[{"@type":"ListItem","position":1,"name":"Accueil","item":"https:\/\/gabonnouvellevision.com\/gnv\/"},{"@type":"ListItem","position":2,"name":"Le Pr\u00e9sident Oligui Nguema pr\u00e9sent au Jubil\u00e9 d\u2019Or du Dioc\u00e8se de Franceville"}]},{"@type":"WebSite","@id":"https:\/\/gabonnouvellevision.com\/gnv\/#website","url":"https:\/\/gabonnouvellevision.com\/gnv\/","name":"Gabon Nouvelle Vision","description":"","publisher":{"@id":"https:\/\/gabonnouvellevision.com\/gnv\/#organization"},"potentialAction":[{"@type":"SearchAction","target":{"@type":"EntryPoint","urlTemplate":"https:\/\/gabonnouvellevision.com\/gnv\/?s={search_term_string}"},"query-input":{"@type":"PropertyValueSpecification","valueRequired":true,"valueName":"search_term_string"}}],"inLanguage":"fr-FR"},{"@type":"Organization","@id":"https:\/\/gabonnouvellevision.com\/gnv\/#organization","name":"Gabon Nouvelle Vision","url":"https:\/\/gabonnouvellevision.com\/gnv\/","logo":{"@type":"ImageObject","inLanguage":"fr-FR","@id":"https:\/\/gabonnouvellevision.com\/gnv\/#\/schema\/logo\/image\/","url":"https:\/\/gabonnouvellevision.com\/gnv\/wp-content\/uploads\/2025\/01\/logo-text_Plan-de-travail-1.png","contentUrl":"https:\/\/gabonnouvellevision.com\/gnv\/wp-content\/uploads\/2025\/01\/logo-text_Plan-de-travail-1.png","width":7169,"height":2390,"caption":"Gabon Nouvelle Vision"},"image":{"@id":"https:\/\/gabonnouvellevision.com\/gnv\/#\/schema\/logo\/image\/"},"sameAs":["https:\/\/www.facebook.com\/GNVofficiel"]},{"@type":"Person","@id":"https:\/\/gabonnouvellevision.com\/gnv\/#\/schema\/person\/4b48e07d222f83c0285affc3704bc899","name":"Eyeng Obame","image":{"@type":"ImageObject","inLanguage":"fr-FR","@id":"https:\/\/gabonnouvellevision.com\/gnv\/#\/schema\/person\/image\/","url":"https:\/\/secure.gravatar.com\/avatar\/167bc03b8baf3c77318a47159f80871de6f5a6cbf4bc8b6af750fbc1a369d7bf?s=96&d=mm&r=g","contentUrl":"https:\/\/secure.gravatar.com\/avatar\/167bc03b8baf3c77318a47159f80871de6f5a6cbf4bc8b6af750fbc1a369d7bf?s=96&d=mm&r=g","caption":"Eyeng Obame"},"url":"https:\/\/gabonnouvellevision.com\/gnv\/author\/rufin\/"}]}},"_links":{"self":[{"href":"https:\/\/gabonnouvellevision.com\/gnv\/wp-json\/wp\/v2\/posts\/24256","targetHints":{"allow":["GET"]}}],"collection":[{"href":"https:\/\/gabonnouvellevision.com\/gnv\/wp-json\/wp\/v2\/posts"}],"about":[{"href":"https:\/\/gabonnouvellevision.com\/gnv\/wp-json\/wp\/v2\/types\/post"}],"author":[{"embeddable":true,"href":"https:\/\/gabonnouvellevision.com\/gnv\/wp-json\/wp\/v2\/users\/7"}],"replies":[{"embeddable":true,"href":"https:\/\/gabonnouvellevision.com\/gnv\/wp-json\/wp\/v2\/comments?post=24256"}],"version-history":[{"count":1,"href":"https:\/\/gabonnouvellevision.com\/gnv\/wp-json\/wp\/v2\/posts\/24256\/revisions"}],"predecessor-version":[{"id":24258,"href":"https:\/\/gabonnouvellevision.com\/gnv\/wp-json\/wp\/v2\/posts\/24256\/revisions\/24258"}],"wp:featuredmedia":[{"embeddable":true,"href":"https:\/\/gabonnouvellevision.com\/gnv\/wp-json\/wp\/v2\/media\/24257"}],"wp:attachment":[{"href":"https:\/\/gabonnouvellevision.com\/gnv\/wp-json\/wp\/v2\/media?parent=24256"}],"wp:term":[{"taxonomy":"category","embeddable":true,"href":"https:\/\/gabonnouvellevision.com\/gnv\/wp-json\/wp\/v2\/categories?post=24256"},{"taxonomy":"post_tag","embeddable":true,"href":"https:\/\/gabonnouvellevision.com\/gnv\/wp-json\/wp\/v2\/tags?post=24256"}],"curies":[{"name":"wp","href":"https:\/\/api.w.org\/{rel}","templated":true}]}}