{"id":24252,"date":"2025-10-07T16:29:35","date_gmt":"2025-10-07T14:29:35","guid":{"rendered":"https:\/\/gabonnouvellevision.com\/gnv\/?p=24252"},"modified":"2025-10-07T16:30:34","modified_gmt":"2025-10-07T14:30:34","slug":"oligui-nguema-honore-deux-diplomates","status":"publish","type":"post","link":"https:\/\/gabonnouvellevision.com\/gnv\/2025\/10\/07\/oligui-nguema-honore-deux-diplomates\/","title":{"rendered":"Oligui Nguema honore deux diplomates"},"content":{"rendered":"\n<p><strong><em>\u00c0 l&rsquo;occasion d&rsquo;une c\u00e9r\u00e9monie tenue hier au Palais R\u00e9novation, le Pr\u00e9sident de la R\u00e9publique, Brice Clotaire Oligui Nguema, a honor\u00e9 deux figures majeures de la coop\u00e9ration internationale \u00e0 savoir : Shuji Noguchi, Ambassadeur du Japon, et Gilberto Da Piedade Verissimo, Pr\u00e9sident de la Commission de la CEEAC.<\/em><\/strong><\/p>\n\n\n\n<p>Tous deux ont \u00e9t\u00e9 \u00e9lev\u00e9s au rang de Commandeur dans l\u2019Ordre National du M\u00e9rite gabonais, une distinction qui traduit la reconnaissance de la Nation pour leur engagement et leur contribution au renforcement des relations multilat\u00e9rales avec le Gabon.<\/p>\n\n\n\n<p>En fin de mission, l\u2019Ambassadeur du Japon a exprim\u00e9 sa profonde gratitude pour l\u2019hospitalit\u00e9 du peuple gabonais et pour cette marque d\u2019estime.<\/p>\n\n\n\n<p>De son c\u00f4t\u00e9, M. Verissimo a salu\u00e9 le leadership du Chef de l\u2019\u00c9tat et soulign\u00e9 les avanc\u00e9es du processus de transition et des projets de d\u00e9veloppement engag\u00e9s.<\/p>\n\n\n\n<p><strong>Sandrine Eyeng Obame<\/strong><\/p>\n\n\n\n<p>Source: Communication Pr\u00e9sidentielle<\/p>\n","protected":false},"excerpt":{"rendered":"<p>\u00c0 l&rsquo;occasion d&rsquo;une c\u00e9r\u00e9monie tenue hier au Palais R\u00e9novation, le Pr\u00e9sident de la R\u00e9publique, Brice Clotaire Oligui Nguema, a honor\u00e9 deux figures majeures de la coop\u00e9ration internationale \u00e0 savoir : Shuji Noguchi, Ambassadeur du Japon, et Gilberto Da Piedade Verissimo, Pr\u00e9sident de la Commission de la CEEAC. Tous deux ont \u00e9t\u00e9 \u00e9lev\u00e9s au rang de [&hellip;]<\/p>\n","protected":false},"author":7,"featured_media":24253,"comment_status":"open","ping_status":"open","sticky":false,"template":"","format":"standard","meta":{"footnotes":""},"categories":[57,55,66],"tags":[],"class_list":["post-24252","post","type-post","status-publish","format-standard","has-post-thumbnail","hentry","category-a-la-une","category-actualites","category-diplomatie"],"yoast_head":"<!-- This site is optimized with the Yoast SEO plugin v24.2 - https:\/\/yoast.com\/wordpress\/plugins\/seo\/ -->\n<title>Oligui Nguema honore deux diplomates - Gabon Nouvelle Vision<\/title>\n<meta name=\"robots\" content=\"index, follow, max-snippet:-1, max-image-preview:large, max-video-preview:-1\" \/>\n<link rel=\"canonical\" href=\"https:\/\/gabonnouvellevision.com\/gnv\/2025\/10\/07\/oligui-nguema-honore-deux-diplomates\/\" \/>\n<meta property=\"og:locale\" content=\"fr_FR\" \/>\n<meta property=\"og:type\" content=\"article\" \/>\n<meta property=\"og:title\" content=\"Oligui Nguema honore deux diplomates - Gabon Nouvelle Vision\" \/>\n<meta property=\"og:description\" content=\"\u00c0 l&rsquo;occasion d&rsquo;une c\u00e9r\u00e9monie tenue hier au Palais R\u00e9novation, le Pr\u00e9sident de la R\u00e9publique, Brice Clotaire Oligui Nguema, a honor\u00e9 deux figures majeures de la coop\u00e9ration internationale \u00e0 savoir : Shuji Noguchi, Ambassadeur du Japon, et Gilberto Da Piedade Verissimo, Pr\u00e9sident de la Commission de la CEEAC. Tous deux ont \u00e9t\u00e9 \u00e9lev\u00e9s au rang de [&hellip;]\" \/>\n<meta property=\"og:url\" content=\"https:\/\/gabonnouvellevision.com\/gnv\/2025\/10\/07\/oligui-nguema-honore-deux-diplomates\/\" \/>\n<meta property=\"og:site_name\" content=\"Gabon Nouvelle Vision\" \/>\n<meta property=\"article:publisher\" content=\"https:\/\/www.facebook.com\/GNVofficiel\" \/>\n<meta property=\"article:published_time\" content=\"2025-10-07T14:29:35+00:00\" \/>\n<meta property=\"article:modified_time\" content=\"2025-10-07T14:30:34+00:00\" \/>\n<meta property=\"og:image\" content=\"https:\/\/gabonnouvellevision.com\/gnv\/wp-content\/uploads\/2025\/10\/557517996_122277117140025336_6670256848680314650_n.jpg\" \/>\n\t<meta property=\"og:image:width\" content=\"1280\" \/>\n\t<meta property=\"og:image:height\" content=\"993\" \/>\n\t<meta property=\"og:image:type\" content=\"image\/jpeg\" \/>\n<meta name=\"author\" content=\"Eyeng Obame\" \/>\n<meta name=\"twitter:card\" content=\"summary_large_image\" \/>\n<meta name=\"twitter:label1\" content=\"\u00c9crit par\" \/>\n\t<meta name=\"twitter:data1\" content=\"Eyeng Obame\" \/>\n\t<meta name=\"twitter:label2\" content=\"Dur\u00e9e de lecture estim\u00e9e\" \/>\n\t<meta name=\"twitter:data2\" content=\"1 minute\" \/>\n<script type=\"application\/ld+json\" class=\"yoast-schema-graph\">{\"@context\":\"https:\/\/schema.org\",\"@graph\":[{\"@type\":\"Article\",\"@id\":\"https:\/\/gabonnouvellevision.com\/gnv\/2025\/10\/07\/oligui-nguema-honore-deux-diplomates\/#article\",\"isPartOf\":{\"@id\":\"https:\/\/gabonnouvellevision.com\/gnv\/2025\/10\/07\/oligui-nguema-honore-deux-diplomates\/\"},\"author\":{\"name\":\"Eyeng Obame\",\"@id\":\"https:\/\/gabonnouvellevision.com\/gnv\/#\/schema\/person\/4b48e07d222f83c0285affc3704bc899\"},\"headline\":\"Oligui Nguema honore deux diplomates\",\"datePublished\":\"2025-10-07T14:29:35+00:00\",\"dateModified\":\"2025-10-07T14:30:34+00:00\",\"mainEntityOfPage\":{\"@id\":\"https:\/\/gabonnouvellevision.com\/gnv\/2025\/10\/07\/oligui-nguema-honore-deux-diplomates\/\"},\"wordCount\":162,\"commentCount\":0,\"publisher\":{\"@id\":\"https:\/\/gabonnouvellevision.com\/gnv\/#organization\"},\"image\":{\"@id\":\"https:\/\/gabonnouvellevision.com\/gnv\/2025\/10\/07\/oligui-nguema-honore-deux-diplomates\/#primaryimage\"},\"thumbnailUrl\":\"https:\/\/gabonnouvellevision.com\/gnv\/wp-content\/uploads\/2025\/10\/557517996_122277117140025336_6670256848680314650_n.jpg\",\"articleSection\":[\"A la une\",\"Actualites\",\"Diplomatie\"],\"inLanguage\":\"fr-FR\",\"potentialAction\":[{\"@type\":\"CommentAction\",\"name\":\"Comment\",\"target\":[\"https:\/\/gabonnouvellevision.com\/gnv\/2025\/10\/07\/oligui-nguema-honore-deux-diplomates\/#respond\"]}]},{\"@type\":\"WebPage\",\"@id\":\"https:\/\/gabonnouvellevision.com\/gnv\/2025\/10\/07\/oligui-nguema-honore-deux-diplomates\/\",\"url\":\"https:\/\/gabonnouvellevision.com\/gnv\/2025\/10\/07\/oligui-nguema-honore-deux-diplomates\/\",\"name\":\"Oligui Nguema honore deux diplomates - Gabon Nouvelle Vision\",\"isPartOf\":{\"@id\":\"https:\/\/gabonnouvellevision.com\/gnv\/#website\"},\"primaryImageOfPage\":{\"@id\":\"https:\/\/gabonnouvellevision.com\/gnv\/2025\/10\/07\/oligui-nguema-honore-deux-diplomates\/#primaryimage\"},\"image\":{\"@id\":\"https:\/\/gabonnouvellevision.com\/gnv\/2025\/10\/07\/oligui-nguema-honore-deux-diplomates\/#primaryimage\"},\"thumbnailUrl\":\"https:\/\/gabonnouvellevision.com\/gnv\/wp-content\/uploads\/2025\/10\/557517996_122277117140025336_6670256848680314650_n.jpg\",\"datePublished\":\"2025-10-07T14:29:35+00:00\",\"dateModified\":\"2025-10-07T14:30:34+00:00\",\"breadcrumb\":{\"@id\":\"https:\/\/gabonnouvellevision.com\/gnv\/2025\/10\/07\/oligui-nguema-honore-deux-diplomates\/#breadcrumb\"},\"inLanguage\":\"fr-FR\",\"potentialAction\":[{\"@type\":\"ReadAction\",\"target\":[\"https:\/\/gabonnouvellevision.com\/gnv\/2025\/10\/07\/oligui-nguema-honore-deux-diplomates\/\"]}]},{\"@type\":\"ImageObject\",\"inLanguage\":\"fr-FR\",\"@id\":\"https:\/\/gabonnouvellevision.com\/gnv\/2025\/10\/07\/oligui-nguema-honore-deux-diplomates\/#primaryimage\",\"url\":\"https:\/\/gabonnouvellevision.com\/gnv\/wp-content\/uploads\/2025\/10\/557517996_122277117140025336_6670256848680314650_n.jpg\",\"contentUrl\":\"https:\/\/gabonnouvellevision.com\/gnv\/wp-content\/uploads\/2025\/10\/557517996_122277117140025336_6670256848680314650_n.jpg\",\"width\":1280,\"height\":993},{\"@type\":\"BreadcrumbList\",\"@id\":\"https:\/\/gabonnouvellevision.com\/gnv\/2025\/10\/07\/oligui-nguema-honore-deux-diplomates\/#breadcrumb\",\"itemListElement\":[{\"@type\":\"ListItem\",\"position\":1,\"name\":\"Accueil\",\"item\":\"https:\/\/gabonnouvellevision.com\/gnv\/\"},{\"@type\":\"ListItem\",\"position\":2,\"name\":\"Oligui Nguema honore deux diplomates\"}]},{\"@type\":\"WebSite\",\"@id\":\"https:\/\/gabonnouvellevision.com\/gnv\/#website\",\"url\":\"https:\/\/gabonnouvellevision.com\/gnv\/\",\"name\":\"Gabon Nouvelle Vision\",\"description\":\"\",\"publisher\":{\"@id\":\"https:\/\/gabonnouvellevision.com\/gnv\/#organization\"},\"potentialAction\":[{\"@type\":\"SearchAction\",\"target\":{\"@type\":\"EntryPoint\",\"urlTemplate\":\"https:\/\/gabonnouvellevision.com\/gnv\/?s={search_term_string}\"},\"query-input\":{\"@type\":\"PropertyValueSpecification\",\"valueRequired\":true,\"valueName\":\"search_term_string\"}}],\"inLanguage\":\"fr-FR\"},{\"@type\":\"Organization\",\"@id\":\"https:\/\/gabonnouvellevision.com\/gnv\/#organization\",\"name\":\"Gabon Nouvelle Vision\",\"url\":\"https:\/\/gabonnouvellevision.com\/gnv\/\",\"logo\":{\"@type\":\"ImageObject\",\"inLanguage\":\"fr-FR\",\"@id\":\"https:\/\/gabonnouvellevision.com\/gnv\/#\/schema\/logo\/image\/\",\"url\":\"https:\/\/gabonnouvellevision.com\/gnv\/wp-content\/uploads\/2025\/01\/logo-text_Plan-de-travail-1.png\",\"contentUrl\":\"https:\/\/gabonnouvellevision.com\/gnv\/wp-content\/uploads\/2025\/01\/logo-text_Plan-de-travail-1.png\",\"width\":7169,\"height\":2390,\"caption\":\"Gabon Nouvelle Vision\"},\"image\":{\"@id\":\"https:\/\/gabonnouvellevision.com\/gnv\/#\/schema\/logo\/image\/\"},\"sameAs\":[\"https:\/\/www.facebook.com\/GNVofficiel\"]},{\"@type\":\"Person\",\"@id\":\"https:\/\/gabonnouvellevision.com\/gnv\/#\/schema\/person\/4b48e07d222f83c0285affc3704bc899\",\"name\":\"Eyeng Obame\",\"image\":{\"@type\":\"ImageObject\",\"inLanguage\":\"fr-FR\",\"@id\":\"https:\/\/gabonnouvellevision.com\/gnv\/#\/schema\/person\/image\/\",\"url\":\"https:\/\/secure.gravatar.com\/avatar\/167bc03b8baf3c77318a47159f80871de6f5a6cbf4bc8b6af750fbc1a369d7bf?s=96&d=mm&r=g\",\"contentUrl\":\"https:\/\/secure.gravatar.com\/avatar\/167bc03b8baf3c77318a47159f80871de6f5a6cbf4bc8b6af750fbc1a369d7bf?s=96&d=mm&r=g\",\"caption\":\"Eyeng Obame\"},\"url\":\"https:\/\/gabonnouvellevision.com\/gnv\/author\/rufin\/\"}]}<\/script>\n<!-- \/ Yoast SEO plugin. -->","yoast_head_json":{"title":"Oligui Nguema honore deux diplomates - Gabon Nouvelle Vision","robots":{"index":"index","follow":"follow","max-snippet":"max-snippet:-1","max-image-preview":"max-image-preview:large","max-video-preview":"max-video-preview:-1"},"canonical":"https:\/\/gabonnouvellevision.com\/gnv\/2025\/10\/07\/oligui-nguema-honore-deux-diplomates\/","og_locale":"fr_FR","og_type":"article","og_title":"Oligui Nguema honore deux diplomates - Gabon Nouvelle Vision","og_description":"\u00c0 l&rsquo;occasion d&rsquo;une c\u00e9r\u00e9monie tenue hier au Palais R\u00e9novation, le Pr\u00e9sident de la R\u00e9publique, Brice Clotaire Oligui Nguema, a honor\u00e9 deux figures majeures de la coop\u00e9ration internationale \u00e0 savoir : Shuji Noguchi, Ambassadeur du Japon, et Gilberto Da Piedade Verissimo, Pr\u00e9sident de la Commission de la CEEAC. Tous deux ont \u00e9t\u00e9 \u00e9lev\u00e9s au rang de [&hellip;]","og_url":"https:\/\/gabonnouvellevision.com\/gnv\/2025\/10\/07\/oligui-nguema-honore-deux-diplomates\/","og_site_name":"Gabon Nouvelle Vision","article_publisher":"https:\/\/www.facebook.com\/GNVofficiel","article_published_time":"2025-10-07T14:29:35+00:00","article_modified_time":"2025-10-07T14:30:34+00:00","og_image":[{"width":1280,"height":993,"url":"https:\/\/gabonnouvellevision.com\/gnv\/wp-content\/uploads\/2025\/10\/557517996_122277117140025336_6670256848680314650_n.jpg","type":"image\/jpeg"}],"author":"Eyeng Obame","twitter_card":"summary_large_image","twitter_misc":{"\u00c9crit par":"Eyeng Obame","Dur\u00e9e de lecture estim\u00e9e":"1 minute"},"schema":{"@context":"https:\/\/schema.org","@graph":[{"@type":"Article","@id":"https:\/\/gabonnouvellevision.com\/gnv\/2025\/10\/07\/oligui-nguema-honore-deux-diplomates\/#article","isPartOf":{"@id":"https:\/\/gabonnouvellevision.com\/gnv\/2025\/10\/07\/oligui-nguema-honore-deux-diplomates\/"},"author":{"name":"Eyeng Obame","@id":"https:\/\/gabonnouvellevision.com\/gnv\/#\/schema\/person\/4b48e07d222f83c0285affc3704bc899"},"headline":"Oligui Nguema honore deux diplomates","datePublished":"2025-10-07T14:29:35+00:00","dateModified":"2025-10-07T14:30:34+00:00","mainEntityOfPage":{"@id":"https:\/\/gabonnouvellevision.com\/gnv\/2025\/10\/07\/oligui-nguema-honore-deux-diplomates\/"},"wordCount":162,"commentCount":0,"publisher":{"@id":"https:\/\/gabonnouvellevision.com\/gnv\/#organization"},"image":{"@id":"https:\/\/gabonnouvellevision.com\/gnv\/2025\/10\/07\/oligui-nguema-honore-deux-diplomates\/#primaryimage"},"thumbnailUrl":"https:\/\/gabonnouvellevision.com\/gnv\/wp-content\/uploads\/2025\/10\/557517996_122277117140025336_6670256848680314650_n.jpg","articleSection":["A la une","Actualites","Diplomatie"],"inLanguage":"fr-FR","potentialAction":[{"@type":"CommentAction","name":"Comment","target":["https:\/\/gabonnouvellevision.com\/gnv\/2025\/10\/07\/oligui-nguema-honore-deux-diplomates\/#respond"]}]},{"@type":"WebPage","@id":"https:\/\/gabonnouvellevision.com\/gnv\/2025\/10\/07\/oligui-nguema-honore-deux-diplomates\/","url":"https:\/\/gabonnouvellevision.com\/gnv\/2025\/10\/07\/oligui-nguema-honore-deux-diplomates\/","name":"Oligui Nguema honore deux diplomates - Gabon Nouvelle Vision","isPartOf":{"@id":"https:\/\/gabonnouvellevision.com\/gnv\/#website"},"primaryImageOfPage":{"@id":"https:\/\/gabonnouvellevision.com\/gnv\/2025\/10\/07\/oligui-nguema-honore-deux-diplomates\/#primaryimage"},"image":{"@id":"https:\/\/gabonnouvellevision.com\/gnv\/2025\/10\/07\/oligui-nguema-honore-deux-diplomates\/#primaryimage"},"thumbnailUrl":"https:\/\/gabonnouvellevision.com\/gnv\/wp-content\/uploads\/2025\/10\/557517996_122277117140025336_6670256848680314650_n.jpg","datePublished":"2025-10-07T14:29:35+00:00","dateModified":"2025-10-07T14:30:34+00:00","breadcrumb":{"@id":"https:\/\/gabonnouvellevision.com\/gnv\/2025\/10\/07\/oligui-nguema-honore-deux-diplomates\/#breadcrumb"},"inLanguage":"fr-FR","potentialAction":[{"@type":"ReadAction","target":["https:\/\/gabonnouvellevision.com\/gnv\/2025\/10\/07\/oligui-nguema-honore-deux-diplomates\/"]}]},{"@type":"ImageObject","inLanguage":"fr-FR","@id":"https:\/\/gabonnouvellevision.com\/gnv\/2025\/10\/07\/oligui-nguema-honore-deux-diplomates\/#primaryimage","url":"https:\/\/gabonnouvellevision.com\/gnv\/wp-content\/uploads\/2025\/10\/557517996_122277117140025336_6670256848680314650_n.jpg","contentUrl":"https:\/\/gabonnouvellevision.com\/gnv\/wp-content\/uploads\/2025\/10\/557517996_122277117140025336_6670256848680314650_n.jpg","width":1280,"height":993},{"@type":"BreadcrumbList","@id":"https:\/\/gabonnouvellevision.com\/gnv\/2025\/10\/07\/oligui-nguema-honore-deux-diplomates\/#breadcrumb","itemListElement":[{"@type":"ListItem","position":1,"name":"Accueil","item":"https:\/\/gabonnouvellevision.com\/gnv\/"},{"@type":"ListItem","position":2,"name":"Oligui Nguema honore deux diplomates"}]},{"@type":"WebSite","@id":"https:\/\/gabonnouvellevision.com\/gnv\/#website","url":"https:\/\/gabonnouvellevision.com\/gnv\/","name":"Gabon Nouvelle Vision","description":"","publisher":{"@id":"https:\/\/gabonnouvellevision.com\/gnv\/#organization"},"potentialAction":[{"@type":"SearchAction","target":{"@type":"EntryPoint","urlTemplate":"https:\/\/gabonnouvellevision.com\/gnv\/?s={search_term_string}"},"query-input":{"@type":"PropertyValueSpecification","valueRequired":true,"valueName":"search_term_string"}}],"inLanguage":"fr-FR"},{"@type":"Organization","@id":"https:\/\/gabonnouvellevision.com\/gnv\/#organization","name":"Gabon Nouvelle Vision","url":"https:\/\/gabonnouvellevision.com\/gnv\/","logo":{"@type":"ImageObject","inLanguage":"fr-FR","@id":"https:\/\/gabonnouvellevision.com\/gnv\/#\/schema\/logo\/image\/","url":"https:\/\/gabonnouvellevision.com\/gnv\/wp-content\/uploads\/2025\/01\/logo-text_Plan-de-travail-1.png","contentUrl":"https:\/\/gabonnouvellevision.com\/gnv\/wp-content\/uploads\/2025\/01\/logo-text_Plan-de-travail-1.png","width":7169,"height":2390,"caption":"Gabon Nouvelle Vision"},"image":{"@id":"https:\/\/gabonnouvellevision.com\/gnv\/#\/schema\/logo\/image\/"},"sameAs":["https:\/\/www.facebook.com\/GNVofficiel"]},{"@type":"Person","@id":"https:\/\/gabonnouvellevision.com\/gnv\/#\/schema\/person\/4b48e07d222f83c0285affc3704bc899","name":"Eyeng Obame","image":{"@type":"ImageObject","inLanguage":"fr-FR","@id":"https:\/\/gabonnouvellevision.com\/gnv\/#\/schema\/person\/image\/","url":"https:\/\/secure.gravatar.com\/avatar\/167bc03b8baf3c77318a47159f80871de6f5a6cbf4bc8b6af750fbc1a369d7bf?s=96&d=mm&r=g","contentUrl":"https:\/\/secure.gravatar.com\/avatar\/167bc03b8baf3c77318a47159f80871de6f5a6cbf4bc8b6af750fbc1a369d7bf?s=96&d=mm&r=g","caption":"Eyeng Obame"},"url":"https:\/\/gabonnouvellevision.com\/gnv\/author\/rufin\/"}]}},"_links":{"self":[{"href":"https:\/\/gabonnouvellevision.com\/gnv\/wp-json\/wp\/v2\/posts\/24252","targetHints":{"allow":["GET"]}}],"collection":[{"href":"https:\/\/gabonnouvellevision.com\/gnv\/wp-json\/wp\/v2\/posts"}],"about":[{"href":"https:\/\/gabonnouvellevision.com\/gnv\/wp-json\/wp\/v2\/types\/post"}],"author":[{"embeddable":true,"href":"https:\/\/gabonnouvellevision.com\/gnv\/wp-json\/wp\/v2\/users\/7"}],"replies":[{"embeddable":true,"href":"https:\/\/gabonnouvellevision.com\/gnv\/wp-json\/wp\/v2\/comments?post=24252"}],"version-history":[{"count":2,"href":"https:\/\/gabonnouvellevision.com\/gnv\/wp-json\/wp\/v2\/posts\/24252\/revisions"}],"predecessor-version":[{"id":24255,"href":"https:\/\/gabonnouvellevision.com\/gnv\/wp-json\/wp\/v2\/posts\/24252\/revisions\/24255"}],"wp:featuredmedia":[{"embeddable":true,"href":"https:\/\/gabonnouvellevision.com\/gnv\/wp-json\/wp\/v2\/media\/24253"}],"wp:attachment":[{"href":"https:\/\/gabonnouvellevision.com\/gnv\/wp-json\/wp\/v2\/media?parent=24252"}],"wp:term":[{"taxonomy":"category","embeddable":true,"href":"https:\/\/gabonnouvellevision.com\/gnv\/wp-json\/wp\/v2\/categories?post=24252"},{"taxonomy":"post_tag","embeddable":true,"href":"https:\/\/gabonnouvellevision.com\/gnv\/wp-json\/wp\/v2\/tags?post=24252"}],"curies":[{"name":"wp","href":"https:\/\/api.w.org\/{rel}","templated":true}]}}