{"id":24248,"date":"2025-10-03T09:45:45","date_gmt":"2025-10-03T07:45:45","guid":{"rendered":"https:\/\/gabonnouvellevision.com\/gnv\/?p=24248"},"modified":"2025-10-03T09:46:34","modified_gmt":"2025-10-03T07:46:34","slug":"le-gabon-renforce-sa-cooperation-internationale","status":"publish","type":"post","link":"https:\/\/gabonnouvellevision.com\/gnv\/2025\/10\/03\/le-gabon-renforce-sa-cooperation-internationale\/","title":{"rendered":"Le Gabon renforce sa coop\u00e9ration internationale"},"content":{"rendered":"\n<p>Fabrice Mauri\u00e8s, Ambassadeur de France et le Pr\u00e9sident de la R\u00e9publique Gabonaise, Brice Clotaire Oligui Nguema, jeudi 02 octobre 2025 \u00e0 Libreville. Com. Pr\u00e9sidentielle<\/p>\n\n\n\n<p> Le Pr\u00e9sident de la R\u00e9publique. <a href=\"https:\/\/www.facebook.com\/oliguinguema?__cft__[0]=AZUiVAB_KLZnQ7OL6xo0SsRORCQOrIrGR2dfOJZUbrOwpo3hLJhGxkd2BV9o3kct2HyqGkzPZKvBK8qsQom1BLGYwY9TJFph5vdHVaUwdpzF1dR1hajdxyc7xqFBA_QAM7BI01ThVdGY0_8wpu3eq4ZzEGx0Wi3RVf0WNbXCg_AM8nkCp8NPVBpLooVTi-uSVj2RJaZjLbRn93tYeexqBdR6&amp;__tn__=-]K-R\">Brice Clotaire Oligui Nguema<\/a>, a re\u00e7u en audience hier \u00e0 Libreville :<\/p>\n\n\n\n<p>\u2022 S.E. Fabrice Mauri\u00e8s, Ambassadeur <a href=\"https:\/\/www.facebook.com\/FranceauGabon?__cft__[0]=AZUiVAB_KLZnQ7OL6xo0SsRORCQOrIrGR2dfOJZUbrOwpo3hLJhGxkd2BV9o3kct2HyqGkzPZKvBK8qsQom1BLGYwY9TJFph5vdHVaUwdpzF1dR1hajdxyc7xqFBA_QAM7BI01ThVdGY0_8wpu3eq4ZzEGx0Wi3RVf0WNbXCg_AM8nkCp8NPVBpLooVTi-uSVj2RJaZjLbRn93tYeexqBdR6&amp;__tn__=-]K-R\">de France au Gabon<\/a> ;<\/p>\n\n\n\n<p><a><\/a>\u2022 S.E. Shuji Noguchi, Ambassadeur <a href=\"https:\/\/www.facebook.com\/JapanEmbGabon?__cft__[0]=AZUiVAB_KLZnQ7OL6xo0SsRORCQOrIrGR2dfOJZUbrOwpo3hLJhGxkd2BV9o3kct2HyqGkzPZKvBK8qsQom1BLGYwY9TJFph5vdHVaUwdpzF1dR1hajdxyc7xqFBA_QAM7BI01ThVdGY0_8wpu3eq4ZzEGx0Wi3RVf0WNbXCg_AM8nkCp8NPVBpLooVTi-uSVj2RJaZjLbRn93tYeexqBdR6&amp;__tn__=-]K-R\">du Japon au Gabon<\/a> ;<\/p>\n\n\n\n<p>\u2022 M. Floribert Anzuluni Oketshi, Ministre congolais de l\u2019Int\u00e9gration r\u00e9gionale.<\/p>\n\n\n\n<p>Avec l\u2019Ambassadeur de France, les discussions ont port\u00e9 sur le renforcement de la coop\u00e9ration bilat\u00e9rale, les visites r\u00e9centes de hautes personnalit\u00e9s fran\u00e7aises et l\u2019arriv\u00e9e prochaine d\u2019un b\u00e2timent militaire au Port d\u2019Owendo.<\/p>\n\n\n\n<p>En fin de mission, l\u2019Ambassadeur du Japon est venu faire ses adieux apr\u00e8s cinq ann\u00e9es au Gabon. Une rencontre marqu\u00e9e par l\u2019excellence et la solidit\u00e9 des relations entre Libreville et Tokyo.<\/p>\n\n\n\n<p>Enfin, le Ministre congolais a transmis les salutations du Pr\u00e9sident F\u00e9lix Tshisekedi et \u00e9chang\u00e9 avec le Chef de l\u2019\u00c9tat sur la relance des commissions mixtes, en vue de consolider la coop\u00e9ration fraternelle entre la RDC et le Gabon.<\/p>\n\n\n\n<p>Sandrine Eyeng Obame<\/p>\n\n\n\n<p>Source: Communication Pr\u00e9sidentielle<\/p>\n","protected":false},"excerpt":{"rendered":"<p>Fabrice Mauri\u00e8s, Ambassadeur de France et le Pr\u00e9sident de la R\u00e9publique Gabonaise, Brice Clotaire Oligui Nguema, jeudi 02 octobre 2025 \u00e0 Libreville. Com. Pr\u00e9sidentielle Le Pr\u00e9sident de la R\u00e9publique. Brice Clotaire Oligui Nguema, a re\u00e7u en audience hier \u00e0 Libreville : \u2022 S.E. Fabrice Mauri\u00e8s, Ambassadeur de France au Gabon ; \u2022 S.E. Shuji Noguchi, [&hellip;]<\/p>\n","protected":false},"author":7,"featured_media":24249,"comment_status":"open","ping_status":"open","sticky":false,"template":"","format":"standard","meta":{"footnotes":""},"categories":[57,55,66],"tags":[],"class_list":["post-24248","post","type-post","status-publish","format-standard","has-post-thumbnail","hentry","category-a-la-une","category-actualites","category-diplomatie"],"yoast_head":"<!-- This site is optimized with the Yoast SEO plugin v24.2 - https:\/\/yoast.com\/wordpress\/plugins\/seo\/ -->\n<title>Le Gabon renforce sa coop\u00e9ration internationale - Gabon Nouvelle Vision<\/title>\n<meta name=\"robots\" content=\"index, follow, max-snippet:-1, max-image-preview:large, max-video-preview:-1\" \/>\n<link rel=\"canonical\" href=\"https:\/\/gabonnouvellevision.com\/gnv\/2025\/10\/03\/le-gabon-renforce-sa-cooperation-internationale\/\" \/>\n<meta property=\"og:locale\" content=\"fr_FR\" \/>\n<meta property=\"og:type\" content=\"article\" \/>\n<meta property=\"og:title\" content=\"Le Gabon renforce sa coop\u00e9ration internationale - Gabon Nouvelle Vision\" \/>\n<meta property=\"og:description\" content=\"Fabrice Mauri\u00e8s, Ambassadeur de France et le Pr\u00e9sident de la R\u00e9publique Gabonaise, Brice Clotaire Oligui Nguema, jeudi 02 octobre 2025 \u00e0 Libreville. Com. Pr\u00e9sidentielle Le Pr\u00e9sident de la R\u00e9publique. Brice Clotaire Oligui Nguema, a re\u00e7u en audience hier \u00e0 Libreville : \u2022 S.E. Fabrice Mauri\u00e8s, Ambassadeur de France au Gabon ; \u2022 S.E. Shuji Noguchi, [&hellip;]\" \/>\n<meta property=\"og:url\" content=\"https:\/\/gabonnouvellevision.com\/gnv\/2025\/10\/03\/le-gabon-renforce-sa-cooperation-internationale\/\" \/>\n<meta property=\"og:site_name\" content=\"Gabon Nouvelle Vision\" \/>\n<meta property=\"article:publisher\" content=\"https:\/\/www.facebook.com\/GNVofficiel\" \/>\n<meta property=\"article:published_time\" content=\"2025-10-03T07:45:45+00:00\" \/>\n<meta property=\"article:modified_time\" content=\"2025-10-03T07:46:34+00:00\" \/>\n<meta property=\"og:image\" content=\"https:\/\/gabonnouvellevision.com\/gnv\/wp-content\/uploads\/2025\/10\/558905557_122276435960025336_4609319709716296124_n.jpg\" \/>\n\t<meta property=\"og:image:width\" content=\"594\" \/>\n\t<meta property=\"og:image:height\" content=\"480\" \/>\n\t<meta property=\"og:image:type\" content=\"image\/jpeg\" \/>\n<meta name=\"author\" content=\"Eyeng Obame\" \/>\n<meta name=\"twitter:card\" content=\"summary_large_image\" \/>\n<meta name=\"twitter:label1\" content=\"\u00c9crit par\" \/>\n\t<meta name=\"twitter:data1\" content=\"Eyeng Obame\" \/>\n\t<meta name=\"twitter:label2\" content=\"Dur\u00e9e de lecture estim\u00e9e\" \/>\n\t<meta name=\"twitter:data2\" content=\"2 minutes\" \/>\n<script type=\"application\/ld+json\" class=\"yoast-schema-graph\">{\"@context\":\"https:\/\/schema.org\",\"@graph\":[{\"@type\":\"Article\",\"@id\":\"https:\/\/gabonnouvellevision.com\/gnv\/2025\/10\/03\/le-gabon-renforce-sa-cooperation-internationale\/#article\",\"isPartOf\":{\"@id\":\"https:\/\/gabonnouvellevision.com\/gnv\/2025\/10\/03\/le-gabon-renforce-sa-cooperation-internationale\/\"},\"author\":{\"name\":\"Eyeng Obame\",\"@id\":\"https:\/\/gabonnouvellevision.com\/gnv\/#\/schema\/person\/4b48e07d222f83c0285affc3704bc899\"},\"headline\":\"Le Gabon renforce sa coop\u00e9ration internationale\",\"datePublished\":\"2025-10-03T07:45:45+00:00\",\"dateModified\":\"2025-10-03T07:46:34+00:00\",\"mainEntityOfPage\":{\"@id\":\"https:\/\/gabonnouvellevision.com\/gnv\/2025\/10\/03\/le-gabon-renforce-sa-cooperation-internationale\/\"},\"wordCount\":208,\"commentCount\":0,\"publisher\":{\"@id\":\"https:\/\/gabonnouvellevision.com\/gnv\/#organization\"},\"image\":{\"@id\":\"https:\/\/gabonnouvellevision.com\/gnv\/2025\/10\/03\/le-gabon-renforce-sa-cooperation-internationale\/#primaryimage\"},\"thumbnailUrl\":\"https:\/\/gabonnouvellevision.com\/gnv\/wp-content\/uploads\/2025\/10\/558905557_122276435960025336_4609319709716296124_n.jpg\",\"articleSection\":[\"A la une\",\"Actualites\",\"Diplomatie\"],\"inLanguage\":\"fr-FR\",\"potentialAction\":[{\"@type\":\"CommentAction\",\"name\":\"Comment\",\"target\":[\"https:\/\/gabonnouvellevision.com\/gnv\/2025\/10\/03\/le-gabon-renforce-sa-cooperation-internationale\/#respond\"]}]},{\"@type\":\"WebPage\",\"@id\":\"https:\/\/gabonnouvellevision.com\/gnv\/2025\/10\/03\/le-gabon-renforce-sa-cooperation-internationale\/\",\"url\":\"https:\/\/gabonnouvellevision.com\/gnv\/2025\/10\/03\/le-gabon-renforce-sa-cooperation-internationale\/\",\"name\":\"Le Gabon renforce sa coop\u00e9ration internationale - Gabon Nouvelle Vision\",\"isPartOf\":{\"@id\":\"https:\/\/gabonnouvellevision.com\/gnv\/#website\"},\"primaryImageOfPage\":{\"@id\":\"https:\/\/gabonnouvellevision.com\/gnv\/2025\/10\/03\/le-gabon-renforce-sa-cooperation-internationale\/#primaryimage\"},\"image\":{\"@id\":\"https:\/\/gabonnouvellevision.com\/gnv\/2025\/10\/03\/le-gabon-renforce-sa-cooperation-internationale\/#primaryimage\"},\"thumbnailUrl\":\"https:\/\/gabonnouvellevision.com\/gnv\/wp-content\/uploads\/2025\/10\/558905557_122276435960025336_4609319709716296124_n.jpg\",\"datePublished\":\"2025-10-03T07:45:45+00:00\",\"dateModified\":\"2025-10-03T07:46:34+00:00\",\"breadcrumb\":{\"@id\":\"https:\/\/gabonnouvellevision.com\/gnv\/2025\/10\/03\/le-gabon-renforce-sa-cooperation-internationale\/#breadcrumb\"},\"inLanguage\":\"fr-FR\",\"potentialAction\":[{\"@type\":\"ReadAction\",\"target\":[\"https:\/\/gabonnouvellevision.com\/gnv\/2025\/10\/03\/le-gabon-renforce-sa-cooperation-internationale\/\"]}]},{\"@type\":\"ImageObject\",\"inLanguage\":\"fr-FR\",\"@id\":\"https:\/\/gabonnouvellevision.com\/gnv\/2025\/10\/03\/le-gabon-renforce-sa-cooperation-internationale\/#primaryimage\",\"url\":\"https:\/\/gabonnouvellevision.com\/gnv\/wp-content\/uploads\/2025\/10\/558905557_122276435960025336_4609319709716296124_n.jpg\",\"contentUrl\":\"https:\/\/gabonnouvellevision.com\/gnv\/wp-content\/uploads\/2025\/10\/558905557_122276435960025336_4609319709716296124_n.jpg\",\"width\":594,\"height\":480},{\"@type\":\"BreadcrumbList\",\"@id\":\"https:\/\/gabonnouvellevision.com\/gnv\/2025\/10\/03\/le-gabon-renforce-sa-cooperation-internationale\/#breadcrumb\",\"itemListElement\":[{\"@type\":\"ListItem\",\"position\":1,\"name\":\"Accueil\",\"item\":\"https:\/\/gabonnouvellevision.com\/gnv\/\"},{\"@type\":\"ListItem\",\"position\":2,\"name\":\"Le Gabon renforce sa coop\u00e9ration internationale\"}]},{\"@type\":\"WebSite\",\"@id\":\"https:\/\/gabonnouvellevision.com\/gnv\/#website\",\"url\":\"https:\/\/gabonnouvellevision.com\/gnv\/\",\"name\":\"Gabon Nouvelle Vision\",\"description\":\"\",\"publisher\":{\"@id\":\"https:\/\/gabonnouvellevision.com\/gnv\/#organization\"},\"potentialAction\":[{\"@type\":\"SearchAction\",\"target\":{\"@type\":\"EntryPoint\",\"urlTemplate\":\"https:\/\/gabonnouvellevision.com\/gnv\/?s={search_term_string}\"},\"query-input\":{\"@type\":\"PropertyValueSpecification\",\"valueRequired\":true,\"valueName\":\"search_term_string\"}}],\"inLanguage\":\"fr-FR\"},{\"@type\":\"Organization\",\"@id\":\"https:\/\/gabonnouvellevision.com\/gnv\/#organization\",\"name\":\"Gabon Nouvelle Vision\",\"url\":\"https:\/\/gabonnouvellevision.com\/gnv\/\",\"logo\":{\"@type\":\"ImageObject\",\"inLanguage\":\"fr-FR\",\"@id\":\"https:\/\/gabonnouvellevision.com\/gnv\/#\/schema\/logo\/image\/\",\"url\":\"https:\/\/gabonnouvellevision.com\/gnv\/wp-content\/uploads\/2025\/01\/logo-text_Plan-de-travail-1.png\",\"contentUrl\":\"https:\/\/gabonnouvellevision.com\/gnv\/wp-content\/uploads\/2025\/01\/logo-text_Plan-de-travail-1.png\",\"width\":7169,\"height\":2390,\"caption\":\"Gabon Nouvelle Vision\"},\"image\":{\"@id\":\"https:\/\/gabonnouvellevision.com\/gnv\/#\/schema\/logo\/image\/\"},\"sameAs\":[\"https:\/\/www.facebook.com\/GNVofficiel\"]},{\"@type\":\"Person\",\"@id\":\"https:\/\/gabonnouvellevision.com\/gnv\/#\/schema\/person\/4b48e07d222f83c0285affc3704bc899\",\"name\":\"Eyeng Obame\",\"image\":{\"@type\":\"ImageObject\",\"inLanguage\":\"fr-FR\",\"@id\":\"https:\/\/gabonnouvellevision.com\/gnv\/#\/schema\/person\/image\/\",\"url\":\"https:\/\/secure.gravatar.com\/avatar\/167bc03b8baf3c77318a47159f80871de6f5a6cbf4bc8b6af750fbc1a369d7bf?s=96&d=mm&r=g\",\"contentUrl\":\"https:\/\/secure.gravatar.com\/avatar\/167bc03b8baf3c77318a47159f80871de6f5a6cbf4bc8b6af750fbc1a369d7bf?s=96&d=mm&r=g\",\"caption\":\"Eyeng Obame\"},\"url\":\"https:\/\/gabonnouvellevision.com\/gnv\/author\/rufin\/\"}]}<\/script>\n<!-- \/ Yoast SEO plugin. -->","yoast_head_json":{"title":"Le Gabon renforce sa coop\u00e9ration internationale - Gabon Nouvelle Vision","robots":{"index":"index","follow":"follow","max-snippet":"max-snippet:-1","max-image-preview":"max-image-preview:large","max-video-preview":"max-video-preview:-1"},"canonical":"https:\/\/gabonnouvellevision.com\/gnv\/2025\/10\/03\/le-gabon-renforce-sa-cooperation-internationale\/","og_locale":"fr_FR","og_type":"article","og_title":"Le Gabon renforce sa coop\u00e9ration internationale - Gabon Nouvelle Vision","og_description":"Fabrice Mauri\u00e8s, Ambassadeur de France et le Pr\u00e9sident de la R\u00e9publique Gabonaise, Brice Clotaire Oligui Nguema, jeudi 02 octobre 2025 \u00e0 Libreville. Com. Pr\u00e9sidentielle Le Pr\u00e9sident de la R\u00e9publique. Brice Clotaire Oligui Nguema, a re\u00e7u en audience hier \u00e0 Libreville : \u2022 S.E. Fabrice Mauri\u00e8s, Ambassadeur de France au Gabon ; \u2022 S.E. Shuji Noguchi, [&hellip;]","og_url":"https:\/\/gabonnouvellevision.com\/gnv\/2025\/10\/03\/le-gabon-renforce-sa-cooperation-internationale\/","og_site_name":"Gabon Nouvelle Vision","article_publisher":"https:\/\/www.facebook.com\/GNVofficiel","article_published_time":"2025-10-03T07:45:45+00:00","article_modified_time":"2025-10-03T07:46:34+00:00","og_image":[{"width":594,"height":480,"url":"https:\/\/gabonnouvellevision.com\/gnv\/wp-content\/uploads\/2025\/10\/558905557_122276435960025336_4609319709716296124_n.jpg","type":"image\/jpeg"}],"author":"Eyeng Obame","twitter_card":"summary_large_image","twitter_misc":{"\u00c9crit par":"Eyeng Obame","Dur\u00e9e de lecture estim\u00e9e":"2 minutes"},"schema":{"@context":"https:\/\/schema.org","@graph":[{"@type":"Article","@id":"https:\/\/gabonnouvellevision.com\/gnv\/2025\/10\/03\/le-gabon-renforce-sa-cooperation-internationale\/#article","isPartOf":{"@id":"https:\/\/gabonnouvellevision.com\/gnv\/2025\/10\/03\/le-gabon-renforce-sa-cooperation-internationale\/"},"author":{"name":"Eyeng Obame","@id":"https:\/\/gabonnouvellevision.com\/gnv\/#\/schema\/person\/4b48e07d222f83c0285affc3704bc899"},"headline":"Le Gabon renforce sa coop\u00e9ration internationale","datePublished":"2025-10-03T07:45:45+00:00","dateModified":"2025-10-03T07:46:34+00:00","mainEntityOfPage":{"@id":"https:\/\/gabonnouvellevision.com\/gnv\/2025\/10\/03\/le-gabon-renforce-sa-cooperation-internationale\/"},"wordCount":208,"commentCount":0,"publisher":{"@id":"https:\/\/gabonnouvellevision.com\/gnv\/#organization"},"image":{"@id":"https:\/\/gabonnouvellevision.com\/gnv\/2025\/10\/03\/le-gabon-renforce-sa-cooperation-internationale\/#primaryimage"},"thumbnailUrl":"https:\/\/gabonnouvellevision.com\/gnv\/wp-content\/uploads\/2025\/10\/558905557_122276435960025336_4609319709716296124_n.jpg","articleSection":["A la une","Actualites","Diplomatie"],"inLanguage":"fr-FR","potentialAction":[{"@type":"CommentAction","name":"Comment","target":["https:\/\/gabonnouvellevision.com\/gnv\/2025\/10\/03\/le-gabon-renforce-sa-cooperation-internationale\/#respond"]}]},{"@type":"WebPage","@id":"https:\/\/gabonnouvellevision.com\/gnv\/2025\/10\/03\/le-gabon-renforce-sa-cooperation-internationale\/","url":"https:\/\/gabonnouvellevision.com\/gnv\/2025\/10\/03\/le-gabon-renforce-sa-cooperation-internationale\/","name":"Le Gabon renforce sa coop\u00e9ration internationale - Gabon Nouvelle Vision","isPartOf":{"@id":"https:\/\/gabonnouvellevision.com\/gnv\/#website"},"primaryImageOfPage":{"@id":"https:\/\/gabonnouvellevision.com\/gnv\/2025\/10\/03\/le-gabon-renforce-sa-cooperation-internationale\/#primaryimage"},"image":{"@id":"https:\/\/gabonnouvellevision.com\/gnv\/2025\/10\/03\/le-gabon-renforce-sa-cooperation-internationale\/#primaryimage"},"thumbnailUrl":"https:\/\/gabonnouvellevision.com\/gnv\/wp-content\/uploads\/2025\/10\/558905557_122276435960025336_4609319709716296124_n.jpg","datePublished":"2025-10-03T07:45:45+00:00","dateModified":"2025-10-03T07:46:34+00:00","breadcrumb":{"@id":"https:\/\/gabonnouvellevision.com\/gnv\/2025\/10\/03\/le-gabon-renforce-sa-cooperation-internationale\/#breadcrumb"},"inLanguage":"fr-FR","potentialAction":[{"@type":"ReadAction","target":["https:\/\/gabonnouvellevision.com\/gnv\/2025\/10\/03\/le-gabon-renforce-sa-cooperation-internationale\/"]}]},{"@type":"ImageObject","inLanguage":"fr-FR","@id":"https:\/\/gabonnouvellevision.com\/gnv\/2025\/10\/03\/le-gabon-renforce-sa-cooperation-internationale\/#primaryimage","url":"https:\/\/gabonnouvellevision.com\/gnv\/wp-content\/uploads\/2025\/10\/558905557_122276435960025336_4609319709716296124_n.jpg","contentUrl":"https:\/\/gabonnouvellevision.com\/gnv\/wp-content\/uploads\/2025\/10\/558905557_122276435960025336_4609319709716296124_n.jpg","width":594,"height":480},{"@type":"BreadcrumbList","@id":"https:\/\/gabonnouvellevision.com\/gnv\/2025\/10\/03\/le-gabon-renforce-sa-cooperation-internationale\/#breadcrumb","itemListElement":[{"@type":"ListItem","position":1,"name":"Accueil","item":"https:\/\/gabonnouvellevision.com\/gnv\/"},{"@type":"ListItem","position":2,"name":"Le Gabon renforce sa coop\u00e9ration internationale"}]},{"@type":"WebSite","@id":"https:\/\/gabonnouvellevision.com\/gnv\/#website","url":"https:\/\/gabonnouvellevision.com\/gnv\/","name":"Gabon Nouvelle Vision","description":"","publisher":{"@id":"https:\/\/gabonnouvellevision.com\/gnv\/#organization"},"potentialAction":[{"@type":"SearchAction","target":{"@type":"EntryPoint","urlTemplate":"https:\/\/gabonnouvellevision.com\/gnv\/?s={search_term_string}"},"query-input":{"@type":"PropertyValueSpecification","valueRequired":true,"valueName":"search_term_string"}}],"inLanguage":"fr-FR"},{"@type":"Organization","@id":"https:\/\/gabonnouvellevision.com\/gnv\/#organization","name":"Gabon Nouvelle Vision","url":"https:\/\/gabonnouvellevision.com\/gnv\/","logo":{"@type":"ImageObject","inLanguage":"fr-FR","@id":"https:\/\/gabonnouvellevision.com\/gnv\/#\/schema\/logo\/image\/","url":"https:\/\/gabonnouvellevision.com\/gnv\/wp-content\/uploads\/2025\/01\/logo-text_Plan-de-travail-1.png","contentUrl":"https:\/\/gabonnouvellevision.com\/gnv\/wp-content\/uploads\/2025\/01\/logo-text_Plan-de-travail-1.png","width":7169,"height":2390,"caption":"Gabon Nouvelle Vision"},"image":{"@id":"https:\/\/gabonnouvellevision.com\/gnv\/#\/schema\/logo\/image\/"},"sameAs":["https:\/\/www.facebook.com\/GNVofficiel"]},{"@type":"Person","@id":"https:\/\/gabonnouvellevision.com\/gnv\/#\/schema\/person\/4b48e07d222f83c0285affc3704bc899","name":"Eyeng Obame","image":{"@type":"ImageObject","inLanguage":"fr-FR","@id":"https:\/\/gabonnouvellevision.com\/gnv\/#\/schema\/person\/image\/","url":"https:\/\/secure.gravatar.com\/avatar\/167bc03b8baf3c77318a47159f80871de6f5a6cbf4bc8b6af750fbc1a369d7bf?s=96&d=mm&r=g","contentUrl":"https:\/\/secure.gravatar.com\/avatar\/167bc03b8baf3c77318a47159f80871de6f5a6cbf4bc8b6af750fbc1a369d7bf?s=96&d=mm&r=g","caption":"Eyeng Obame"},"url":"https:\/\/gabonnouvellevision.com\/gnv\/author\/rufin\/"}]}},"_links":{"self":[{"href":"https:\/\/gabonnouvellevision.com\/gnv\/wp-json\/wp\/v2\/posts\/24248","targetHints":{"allow":["GET"]}}],"collection":[{"href":"https:\/\/gabonnouvellevision.com\/gnv\/wp-json\/wp\/v2\/posts"}],"about":[{"href":"https:\/\/gabonnouvellevision.com\/gnv\/wp-json\/wp\/v2\/types\/post"}],"author":[{"embeddable":true,"href":"https:\/\/gabonnouvellevision.com\/gnv\/wp-json\/wp\/v2\/users\/7"}],"replies":[{"embeddable":true,"href":"https:\/\/gabonnouvellevision.com\/gnv\/wp-json\/wp\/v2\/comments?post=24248"}],"version-history":[{"count":2,"href":"https:\/\/gabonnouvellevision.com\/gnv\/wp-json\/wp\/v2\/posts\/24248\/revisions"}],"predecessor-version":[{"id":24251,"href":"https:\/\/gabonnouvellevision.com\/gnv\/wp-json\/wp\/v2\/posts\/24248\/revisions\/24251"}],"wp:featuredmedia":[{"embeddable":true,"href":"https:\/\/gabonnouvellevision.com\/gnv\/wp-json\/wp\/v2\/media\/24249"}],"wp:attachment":[{"href":"https:\/\/gabonnouvellevision.com\/gnv\/wp-json\/wp\/v2\/media?parent=24248"}],"wp:term":[{"taxonomy":"category","embeddable":true,"href":"https:\/\/gabonnouvellevision.com\/gnv\/wp-json\/wp\/v2\/categories?post=24248"},{"taxonomy":"post_tag","embeddable":true,"href":"https:\/\/gabonnouvellevision.com\/gnv\/wp-json\/wp\/v2\/tags?post=24248"}],"curies":[{"name":"wp","href":"https:\/\/api.w.org\/{rel}","templated":true}]}}