{"id":24244,"date":"2025-09-30T12:18:16","date_gmt":"2025-09-30T10:18:16","guid":{"rendered":"https:\/\/gabonnouvellevision.com\/gnv\/?p=24244"},"modified":"2025-09-30T12:18:20","modified_gmt":"2025-09-30T10:18:20","slug":"le-president-oligui-nguema-de-retour-au-gabon","status":"publish","type":"post","link":"https:\/\/gabonnouvellevision.com\/gnv\/2025\/09\/30\/le-president-oligui-nguema-de-retour-au-gabon\/","title":{"rendered":"Le Pr\u00e9sident Oligui Nguema de retour au Gabon !"},"content":{"rendered":"\n<p><strong>Le Pr\u00e9sident Oligui Nguema \u00e0 son retour hier \u00e0 l&rsquo;a\u00e9roport de Libreville<\/strong><\/p>\n\n\n\n<p>De retour de son voyage officiel aux \u00c9tats-Unis, o\u00f9 il a repr\u00e9sent\u00e9 le Gabon et port\u00e9 haut la voix de l\u2019Afrique \u00e0 la 80\u1d49 Assembl\u00e9e g\u00e9n\u00e9rale des Nations Unies<strong><u> <\/u><\/strong>, ainsi que de son s\u00e9jour \u00e0 Cuba pour une rencontre bilat\u00e9rale avec son homologue Miguel Diaz Canel Berm\u00fcdez, le Pr\u00e9sident Brice Clotaire Oligui Nguema, est arrive hier \u00e0 Libreville.<\/p>\n\n\n\n<p>D\u00e8s son retour au Gabon, le Pr\u00e9sident de la R\u00e9publique, Brice Clotaire Oligugi Nguema, s\u2019est entretenu avec le Ministre de l\u2019Int\u00e9rieur, Hermann Immongault, sur le d\u00e9roulement des \u00e9lections l\u00e9gislatives et locales du 27 septembre dernier.<\/p>\n\n\n\n<p><strong>Sandrine Eyeng Obame<\/strong><\/p>\n\n\n\n<p><strong>Source : Communication Pr\u00e9sidentielle<\/strong><\/p>\n","protected":false},"excerpt":{"rendered":"<p>Le Pr\u00e9sident Oligui Nguema \u00e0 son retour hier \u00e0 l&rsquo;a\u00e9roport de Libreville De retour de son voyage officiel aux \u00c9tats-Unis, o\u00f9 il a repr\u00e9sent\u00e9 le Gabon et port\u00e9 haut la voix de l\u2019Afrique \u00e0 la 80\u1d49 Assembl\u00e9e g\u00e9n\u00e9rale des Nations Unies , ainsi que de son s\u00e9jour \u00e0 Cuba pour une rencontre bilat\u00e9rale avec son [&hellip;]<\/p>\n","protected":false},"author":7,"featured_media":24245,"comment_status":"open","ping_status":"open","sticky":false,"template":"","format":"standard","meta":{"footnotes":""},"categories":[57,55,66],"tags":[],"class_list":["post-24244","post","type-post","status-publish","format-standard","has-post-thumbnail","hentry","category-a-la-une","category-actualites","category-diplomatie"],"yoast_head":"<!-- This site is optimized with the Yoast SEO plugin v24.2 - https:\/\/yoast.com\/wordpress\/plugins\/seo\/ -->\n<title>Le Pr\u00e9sident Oligui Nguema de retour au Gabon ! - Gabon Nouvelle Vision<\/title>\n<meta name=\"robots\" content=\"index, follow, max-snippet:-1, max-image-preview:large, max-video-preview:-1\" \/>\n<link rel=\"canonical\" href=\"https:\/\/gabonnouvellevision.com\/gnv\/2025\/09\/30\/le-president-oligui-nguema-de-retour-au-gabon\/\" \/>\n<meta property=\"og:locale\" content=\"fr_FR\" \/>\n<meta property=\"og:type\" content=\"article\" \/>\n<meta property=\"og:title\" content=\"Le Pr\u00e9sident Oligui Nguema de retour au Gabon ! - Gabon Nouvelle Vision\" \/>\n<meta property=\"og:description\" content=\"Le Pr\u00e9sident Oligui Nguema \u00e0 son retour hier \u00e0 l&rsquo;a\u00e9roport de Libreville De retour de son voyage officiel aux \u00c9tats-Unis, o\u00f9 il a repr\u00e9sent\u00e9 le Gabon et port\u00e9 haut la voix de l\u2019Afrique \u00e0 la 80\u1d49 Assembl\u00e9e g\u00e9n\u00e9rale des Nations Unies , ainsi que de son s\u00e9jour \u00e0 Cuba pour une rencontre bilat\u00e9rale avec son [&hellip;]\" \/>\n<meta property=\"og:url\" content=\"https:\/\/gabonnouvellevision.com\/gnv\/2025\/09\/30\/le-president-oligui-nguema-de-retour-au-gabon\/\" \/>\n<meta property=\"og:site_name\" content=\"Gabon Nouvelle Vision\" \/>\n<meta property=\"article:publisher\" content=\"https:\/\/www.facebook.com\/GNVofficiel\" \/>\n<meta property=\"article:published_time\" content=\"2025-09-30T10:18:16+00:00\" \/>\n<meta property=\"article:modified_time\" content=\"2025-09-30T10:18:20+00:00\" \/>\n<meta property=\"og:image\" content=\"https:\/\/gabonnouvellevision.com\/gnv\/wp-content\/uploads\/2025\/09\/556455291_122275980062025336_2702057672399666866_n.jpg\" \/>\n\t<meta property=\"og:image:width\" content=\"600\" \/>\n\t<meta property=\"og:image:height\" content=\"345\" \/>\n\t<meta property=\"og:image:type\" content=\"image\/jpeg\" \/>\n<meta name=\"author\" content=\"Eyeng Obame\" \/>\n<meta name=\"twitter:card\" content=\"summary_large_image\" \/>\n<meta name=\"twitter:label1\" content=\"\u00c9crit par\" \/>\n\t<meta name=\"twitter:data1\" content=\"Eyeng Obame\" \/>\n\t<meta name=\"twitter:label2\" content=\"Dur\u00e9e de lecture estim\u00e9e\" \/>\n\t<meta name=\"twitter:data2\" content=\"1 minute\" \/>\n<script type=\"application\/ld+json\" class=\"yoast-schema-graph\">{\"@context\":\"https:\/\/schema.org\",\"@graph\":[{\"@type\":\"Article\",\"@id\":\"https:\/\/gabonnouvellevision.com\/gnv\/2025\/09\/30\/le-president-oligui-nguema-de-retour-au-gabon\/#article\",\"isPartOf\":{\"@id\":\"https:\/\/gabonnouvellevision.com\/gnv\/2025\/09\/30\/le-president-oligui-nguema-de-retour-au-gabon\/\"},\"author\":{\"name\":\"Eyeng Obame\",\"@id\":\"https:\/\/gabonnouvellevision.com\/gnv\/#\/schema\/person\/4b48e07d222f83c0285affc3704bc899\"},\"headline\":\"Le Pr\u00e9sident Oligui Nguema de retour au Gabon !\",\"datePublished\":\"2025-09-30T10:18:16+00:00\",\"dateModified\":\"2025-09-30T10:18:20+00:00\",\"mainEntityOfPage\":{\"@id\":\"https:\/\/gabonnouvellevision.com\/gnv\/2025\/09\/30\/le-president-oligui-nguema-de-retour-au-gabon\/\"},\"wordCount\":133,\"commentCount\":0,\"publisher\":{\"@id\":\"https:\/\/gabonnouvellevision.com\/gnv\/#organization\"},\"image\":{\"@id\":\"https:\/\/gabonnouvellevision.com\/gnv\/2025\/09\/30\/le-president-oligui-nguema-de-retour-au-gabon\/#primaryimage\"},\"thumbnailUrl\":\"https:\/\/gabonnouvellevision.com\/gnv\/wp-content\/uploads\/2025\/09\/556455291_122275980062025336_2702057672399666866_n.jpg\",\"articleSection\":[\"A la une\",\"Actualites\",\"Diplomatie\"],\"inLanguage\":\"fr-FR\",\"potentialAction\":[{\"@type\":\"CommentAction\",\"name\":\"Comment\",\"target\":[\"https:\/\/gabonnouvellevision.com\/gnv\/2025\/09\/30\/le-president-oligui-nguema-de-retour-au-gabon\/#respond\"]}]},{\"@type\":\"WebPage\",\"@id\":\"https:\/\/gabonnouvellevision.com\/gnv\/2025\/09\/30\/le-president-oligui-nguema-de-retour-au-gabon\/\",\"url\":\"https:\/\/gabonnouvellevision.com\/gnv\/2025\/09\/30\/le-president-oligui-nguema-de-retour-au-gabon\/\",\"name\":\"Le Pr\u00e9sident Oligui Nguema de retour au Gabon ! - Gabon Nouvelle Vision\",\"isPartOf\":{\"@id\":\"https:\/\/gabonnouvellevision.com\/gnv\/#website\"},\"primaryImageOfPage\":{\"@id\":\"https:\/\/gabonnouvellevision.com\/gnv\/2025\/09\/30\/le-president-oligui-nguema-de-retour-au-gabon\/#primaryimage\"},\"image\":{\"@id\":\"https:\/\/gabonnouvellevision.com\/gnv\/2025\/09\/30\/le-president-oligui-nguema-de-retour-au-gabon\/#primaryimage\"},\"thumbnailUrl\":\"https:\/\/gabonnouvellevision.com\/gnv\/wp-content\/uploads\/2025\/09\/556455291_122275980062025336_2702057672399666866_n.jpg\",\"datePublished\":\"2025-09-30T10:18:16+00:00\",\"dateModified\":\"2025-09-30T10:18:20+00:00\",\"breadcrumb\":{\"@id\":\"https:\/\/gabonnouvellevision.com\/gnv\/2025\/09\/30\/le-president-oligui-nguema-de-retour-au-gabon\/#breadcrumb\"},\"inLanguage\":\"fr-FR\",\"potentialAction\":[{\"@type\":\"ReadAction\",\"target\":[\"https:\/\/gabonnouvellevision.com\/gnv\/2025\/09\/30\/le-president-oligui-nguema-de-retour-au-gabon\/\"]}]},{\"@type\":\"ImageObject\",\"inLanguage\":\"fr-FR\",\"@id\":\"https:\/\/gabonnouvellevision.com\/gnv\/2025\/09\/30\/le-president-oligui-nguema-de-retour-au-gabon\/#primaryimage\",\"url\":\"https:\/\/gabonnouvellevision.com\/gnv\/wp-content\/uploads\/2025\/09\/556455291_122275980062025336_2702057672399666866_n.jpg\",\"contentUrl\":\"https:\/\/gabonnouvellevision.com\/gnv\/wp-content\/uploads\/2025\/09\/556455291_122275980062025336_2702057672399666866_n.jpg\",\"width\":600,\"height\":345},{\"@type\":\"BreadcrumbList\",\"@id\":\"https:\/\/gabonnouvellevision.com\/gnv\/2025\/09\/30\/le-president-oligui-nguema-de-retour-au-gabon\/#breadcrumb\",\"itemListElement\":[{\"@type\":\"ListItem\",\"position\":1,\"name\":\"Accueil\",\"item\":\"https:\/\/gabonnouvellevision.com\/gnv\/\"},{\"@type\":\"ListItem\",\"position\":2,\"name\":\"Le Pr\u00e9sident Oligui Nguema de retour au Gabon !\"}]},{\"@type\":\"WebSite\",\"@id\":\"https:\/\/gabonnouvellevision.com\/gnv\/#website\",\"url\":\"https:\/\/gabonnouvellevision.com\/gnv\/\",\"name\":\"Gabon Nouvelle Vision\",\"description\":\"\",\"publisher\":{\"@id\":\"https:\/\/gabonnouvellevision.com\/gnv\/#organization\"},\"potentialAction\":[{\"@type\":\"SearchAction\",\"target\":{\"@type\":\"EntryPoint\",\"urlTemplate\":\"https:\/\/gabonnouvellevision.com\/gnv\/?s={search_term_string}\"},\"query-input\":{\"@type\":\"PropertyValueSpecification\",\"valueRequired\":true,\"valueName\":\"search_term_string\"}}],\"inLanguage\":\"fr-FR\"},{\"@type\":\"Organization\",\"@id\":\"https:\/\/gabonnouvellevision.com\/gnv\/#organization\",\"name\":\"Gabon Nouvelle Vision\",\"url\":\"https:\/\/gabonnouvellevision.com\/gnv\/\",\"logo\":{\"@type\":\"ImageObject\",\"inLanguage\":\"fr-FR\",\"@id\":\"https:\/\/gabonnouvellevision.com\/gnv\/#\/schema\/logo\/image\/\",\"url\":\"https:\/\/gabonnouvellevision.com\/gnv\/wp-content\/uploads\/2025\/01\/logo-text_Plan-de-travail-1.png\",\"contentUrl\":\"https:\/\/gabonnouvellevision.com\/gnv\/wp-content\/uploads\/2025\/01\/logo-text_Plan-de-travail-1.png\",\"width\":7169,\"height\":2390,\"caption\":\"Gabon Nouvelle Vision\"},\"image\":{\"@id\":\"https:\/\/gabonnouvellevision.com\/gnv\/#\/schema\/logo\/image\/\"},\"sameAs\":[\"https:\/\/www.facebook.com\/GNVofficiel\"]},{\"@type\":\"Person\",\"@id\":\"https:\/\/gabonnouvellevision.com\/gnv\/#\/schema\/person\/4b48e07d222f83c0285affc3704bc899\",\"name\":\"Eyeng Obame\",\"image\":{\"@type\":\"ImageObject\",\"inLanguage\":\"fr-FR\",\"@id\":\"https:\/\/gabonnouvellevision.com\/gnv\/#\/schema\/person\/image\/\",\"url\":\"https:\/\/secure.gravatar.com\/avatar\/167bc03b8baf3c77318a47159f80871de6f5a6cbf4bc8b6af750fbc1a369d7bf?s=96&d=mm&r=g\",\"contentUrl\":\"https:\/\/secure.gravatar.com\/avatar\/167bc03b8baf3c77318a47159f80871de6f5a6cbf4bc8b6af750fbc1a369d7bf?s=96&d=mm&r=g\",\"caption\":\"Eyeng Obame\"},\"url\":\"https:\/\/gabonnouvellevision.com\/gnv\/author\/rufin\/\"}]}<\/script>\n<!-- \/ Yoast SEO plugin. -->","yoast_head_json":{"title":"Le Pr\u00e9sident Oligui Nguema de retour au Gabon ! - Gabon Nouvelle Vision","robots":{"index":"index","follow":"follow","max-snippet":"max-snippet:-1","max-image-preview":"max-image-preview:large","max-video-preview":"max-video-preview:-1"},"canonical":"https:\/\/gabonnouvellevision.com\/gnv\/2025\/09\/30\/le-president-oligui-nguema-de-retour-au-gabon\/","og_locale":"fr_FR","og_type":"article","og_title":"Le Pr\u00e9sident Oligui Nguema de retour au Gabon ! - Gabon Nouvelle Vision","og_description":"Le Pr\u00e9sident Oligui Nguema \u00e0 son retour hier \u00e0 l&rsquo;a\u00e9roport de Libreville De retour de son voyage officiel aux \u00c9tats-Unis, o\u00f9 il a repr\u00e9sent\u00e9 le Gabon et port\u00e9 haut la voix de l\u2019Afrique \u00e0 la 80\u1d49 Assembl\u00e9e g\u00e9n\u00e9rale des Nations Unies , ainsi que de son s\u00e9jour \u00e0 Cuba pour une rencontre bilat\u00e9rale avec son [&hellip;]","og_url":"https:\/\/gabonnouvellevision.com\/gnv\/2025\/09\/30\/le-president-oligui-nguema-de-retour-au-gabon\/","og_site_name":"Gabon Nouvelle Vision","article_publisher":"https:\/\/www.facebook.com\/GNVofficiel","article_published_time":"2025-09-30T10:18:16+00:00","article_modified_time":"2025-09-30T10:18:20+00:00","og_image":[{"width":600,"height":345,"url":"https:\/\/gabonnouvellevision.com\/gnv\/wp-content\/uploads\/2025\/09\/556455291_122275980062025336_2702057672399666866_n.jpg","type":"image\/jpeg"}],"author":"Eyeng Obame","twitter_card":"summary_large_image","twitter_misc":{"\u00c9crit par":"Eyeng Obame","Dur\u00e9e de lecture estim\u00e9e":"1 minute"},"schema":{"@context":"https:\/\/schema.org","@graph":[{"@type":"Article","@id":"https:\/\/gabonnouvellevision.com\/gnv\/2025\/09\/30\/le-president-oligui-nguema-de-retour-au-gabon\/#article","isPartOf":{"@id":"https:\/\/gabonnouvellevision.com\/gnv\/2025\/09\/30\/le-president-oligui-nguema-de-retour-au-gabon\/"},"author":{"name":"Eyeng Obame","@id":"https:\/\/gabonnouvellevision.com\/gnv\/#\/schema\/person\/4b48e07d222f83c0285affc3704bc899"},"headline":"Le Pr\u00e9sident Oligui Nguema de retour au Gabon !","datePublished":"2025-09-30T10:18:16+00:00","dateModified":"2025-09-30T10:18:20+00:00","mainEntityOfPage":{"@id":"https:\/\/gabonnouvellevision.com\/gnv\/2025\/09\/30\/le-president-oligui-nguema-de-retour-au-gabon\/"},"wordCount":133,"commentCount":0,"publisher":{"@id":"https:\/\/gabonnouvellevision.com\/gnv\/#organization"},"image":{"@id":"https:\/\/gabonnouvellevision.com\/gnv\/2025\/09\/30\/le-president-oligui-nguema-de-retour-au-gabon\/#primaryimage"},"thumbnailUrl":"https:\/\/gabonnouvellevision.com\/gnv\/wp-content\/uploads\/2025\/09\/556455291_122275980062025336_2702057672399666866_n.jpg","articleSection":["A la une","Actualites","Diplomatie"],"inLanguage":"fr-FR","potentialAction":[{"@type":"CommentAction","name":"Comment","target":["https:\/\/gabonnouvellevision.com\/gnv\/2025\/09\/30\/le-president-oligui-nguema-de-retour-au-gabon\/#respond"]}]},{"@type":"WebPage","@id":"https:\/\/gabonnouvellevision.com\/gnv\/2025\/09\/30\/le-president-oligui-nguema-de-retour-au-gabon\/","url":"https:\/\/gabonnouvellevision.com\/gnv\/2025\/09\/30\/le-president-oligui-nguema-de-retour-au-gabon\/","name":"Le Pr\u00e9sident Oligui Nguema de retour au Gabon ! - Gabon Nouvelle Vision","isPartOf":{"@id":"https:\/\/gabonnouvellevision.com\/gnv\/#website"},"primaryImageOfPage":{"@id":"https:\/\/gabonnouvellevision.com\/gnv\/2025\/09\/30\/le-president-oligui-nguema-de-retour-au-gabon\/#primaryimage"},"image":{"@id":"https:\/\/gabonnouvellevision.com\/gnv\/2025\/09\/30\/le-president-oligui-nguema-de-retour-au-gabon\/#primaryimage"},"thumbnailUrl":"https:\/\/gabonnouvellevision.com\/gnv\/wp-content\/uploads\/2025\/09\/556455291_122275980062025336_2702057672399666866_n.jpg","datePublished":"2025-09-30T10:18:16+00:00","dateModified":"2025-09-30T10:18:20+00:00","breadcrumb":{"@id":"https:\/\/gabonnouvellevision.com\/gnv\/2025\/09\/30\/le-president-oligui-nguema-de-retour-au-gabon\/#breadcrumb"},"inLanguage":"fr-FR","potentialAction":[{"@type":"ReadAction","target":["https:\/\/gabonnouvellevision.com\/gnv\/2025\/09\/30\/le-president-oligui-nguema-de-retour-au-gabon\/"]}]},{"@type":"ImageObject","inLanguage":"fr-FR","@id":"https:\/\/gabonnouvellevision.com\/gnv\/2025\/09\/30\/le-president-oligui-nguema-de-retour-au-gabon\/#primaryimage","url":"https:\/\/gabonnouvellevision.com\/gnv\/wp-content\/uploads\/2025\/09\/556455291_122275980062025336_2702057672399666866_n.jpg","contentUrl":"https:\/\/gabonnouvellevision.com\/gnv\/wp-content\/uploads\/2025\/09\/556455291_122275980062025336_2702057672399666866_n.jpg","width":600,"height":345},{"@type":"BreadcrumbList","@id":"https:\/\/gabonnouvellevision.com\/gnv\/2025\/09\/30\/le-president-oligui-nguema-de-retour-au-gabon\/#breadcrumb","itemListElement":[{"@type":"ListItem","position":1,"name":"Accueil","item":"https:\/\/gabonnouvellevision.com\/gnv\/"},{"@type":"ListItem","position":2,"name":"Le Pr\u00e9sident Oligui Nguema de retour au Gabon !"}]},{"@type":"WebSite","@id":"https:\/\/gabonnouvellevision.com\/gnv\/#website","url":"https:\/\/gabonnouvellevision.com\/gnv\/","name":"Gabon Nouvelle Vision","description":"","publisher":{"@id":"https:\/\/gabonnouvellevision.com\/gnv\/#organization"},"potentialAction":[{"@type":"SearchAction","target":{"@type":"EntryPoint","urlTemplate":"https:\/\/gabonnouvellevision.com\/gnv\/?s={search_term_string}"},"query-input":{"@type":"PropertyValueSpecification","valueRequired":true,"valueName":"search_term_string"}}],"inLanguage":"fr-FR"},{"@type":"Organization","@id":"https:\/\/gabonnouvellevision.com\/gnv\/#organization","name":"Gabon Nouvelle Vision","url":"https:\/\/gabonnouvellevision.com\/gnv\/","logo":{"@type":"ImageObject","inLanguage":"fr-FR","@id":"https:\/\/gabonnouvellevision.com\/gnv\/#\/schema\/logo\/image\/","url":"https:\/\/gabonnouvellevision.com\/gnv\/wp-content\/uploads\/2025\/01\/logo-text_Plan-de-travail-1.png","contentUrl":"https:\/\/gabonnouvellevision.com\/gnv\/wp-content\/uploads\/2025\/01\/logo-text_Plan-de-travail-1.png","width":7169,"height":2390,"caption":"Gabon Nouvelle Vision"},"image":{"@id":"https:\/\/gabonnouvellevision.com\/gnv\/#\/schema\/logo\/image\/"},"sameAs":["https:\/\/www.facebook.com\/GNVofficiel"]},{"@type":"Person","@id":"https:\/\/gabonnouvellevision.com\/gnv\/#\/schema\/person\/4b48e07d222f83c0285affc3704bc899","name":"Eyeng Obame","image":{"@type":"ImageObject","inLanguage":"fr-FR","@id":"https:\/\/gabonnouvellevision.com\/gnv\/#\/schema\/person\/image\/","url":"https:\/\/secure.gravatar.com\/avatar\/167bc03b8baf3c77318a47159f80871de6f5a6cbf4bc8b6af750fbc1a369d7bf?s=96&d=mm&r=g","contentUrl":"https:\/\/secure.gravatar.com\/avatar\/167bc03b8baf3c77318a47159f80871de6f5a6cbf4bc8b6af750fbc1a369d7bf?s=96&d=mm&r=g","caption":"Eyeng Obame"},"url":"https:\/\/gabonnouvellevision.com\/gnv\/author\/rufin\/"}]}},"_links":{"self":[{"href":"https:\/\/gabonnouvellevision.com\/gnv\/wp-json\/wp\/v2\/posts\/24244","targetHints":{"allow":["GET"]}}],"collection":[{"href":"https:\/\/gabonnouvellevision.com\/gnv\/wp-json\/wp\/v2\/posts"}],"about":[{"href":"https:\/\/gabonnouvellevision.com\/gnv\/wp-json\/wp\/v2\/types\/post"}],"author":[{"embeddable":true,"href":"https:\/\/gabonnouvellevision.com\/gnv\/wp-json\/wp\/v2\/users\/7"}],"replies":[{"embeddable":true,"href":"https:\/\/gabonnouvellevision.com\/gnv\/wp-json\/wp\/v2\/comments?post=24244"}],"version-history":[{"count":1,"href":"https:\/\/gabonnouvellevision.com\/gnv\/wp-json\/wp\/v2\/posts\/24244\/revisions"}],"predecessor-version":[{"id":24246,"href":"https:\/\/gabonnouvellevision.com\/gnv\/wp-json\/wp\/v2\/posts\/24244\/revisions\/24246"}],"wp:featuredmedia":[{"embeddable":true,"href":"https:\/\/gabonnouvellevision.com\/gnv\/wp-json\/wp\/v2\/media\/24245"}],"wp:attachment":[{"href":"https:\/\/gabonnouvellevision.com\/gnv\/wp-json\/wp\/v2\/media?parent=24244"}],"wp:term":[{"taxonomy":"category","embeddable":true,"href":"https:\/\/gabonnouvellevision.com\/gnv\/wp-json\/wp\/v2\/categories?post=24244"},{"taxonomy":"post_tag","embeddable":true,"href":"https:\/\/gabonnouvellevision.com\/gnv\/wp-json\/wp\/v2\/tags?post=24244"}],"curies":[{"name":"wp","href":"https:\/\/api.w.org\/{rel}","templated":true}]}}