{"id":24237,"date":"2025-09-26T13:33:45","date_gmt":"2025-09-26T11:33:45","guid":{"rendered":"https:\/\/gabonnouvellevision.com\/gnv\/?p=24237"},"modified":"2025-09-26T13:36:17","modified_gmt":"2025-09-26T11:36:17","slug":"locales-2025-jeff-francois-elle-ngomo-de-lun-donne-largement-favori-au-2eme-arrondissement-de-la-commune-libreville","status":"publish","type":"post","link":"https:\/\/gabonnouvellevision.com\/gnv\/2025\/09\/26\/locales-2025-jeff-francois-elle-ngomo-de-lun-donne-largement-favori-au-2eme-arrondissement-de-la-commune-libreville\/","title":{"rendered":"Locales 2025: Jeff Fran\u00e7ois Elle Ngomo de l&rsquo;UN donn\u00e9 largement favori au 2\u00e8me arrondissement de la commune \u00a0Libreville"},"content":{"rendered":"\n<p>Jeff Fran\u00e7ois Elle Ngomo, T\u00eate de Liste de l&rsquo;UN au 2\u00e8me arrondissement de la commune de Libreville<\/p>\n\n\n\n<p><strong><em>Le candidat de l\u2019Union Nationale dans le 2\u00e8me arrondissement de la commune de Libreville aux locales, Jeff Fran\u00e7ois Elle Ngomo, donn\u00e9 largement favori sur le terrain depuis l&rsquo;ouverture de la campagne \u00e9lectorale du 17 septembre dernier, invite les \u00e9lecteurs de sa circonscription politique \u00e0 \u00a0voter massivement\u00a0 sa liste, qui semble r\u00e9pondre  aux pr\u00e9occupations quotidiennes des populations<\/em><\/strong>.<\/p>\n\n\n\n<p>Les \u00e9lecteurs Gabonais sont appel\u00e9s aux urnes ce samedi 27 septembre, pour \u00e9lire leurs repr\u00e9sentants dans les deux chambres du parlement (Assembl\u00e9e Nationale et Senat), &nbsp;et dans les conseils d\u00e9partementaux et municipaux. Un double scrutin qui intervient au terme dix jours de campagne \u00e9lectorale intense sur le terrain.<\/p>\n\n\n\n<p>Dans le deuxi\u00e8me arrondissement de la commune de Libreville, la t\u00eate de liste de <strong>l\u2019Union Nationale, Jeff Fran\u00e7ois Elle Ngomo<\/strong>, donn\u00e9 favori sur le terrain,&nbsp; invite les \u00e9lecteurs de sa circonscription politique \u00e0 voter massivement&nbsp;sa liste qui serait \u00e0 m\u00eame d\u2019am\u00e9liorer drastiquement leurs conditions de vie et de travail sous la V\u00e8me R\u00e9publique du Pr\u00e9sident Brice Clotaire Oligui Nguema. \u00ab&nbsp;Chers \u00e9lecteurs du 2\u00e8me arrondissement de la commune de Libreville, l\u2019heure a sonn\u00e9 pour changer positivement le destin socio-politique de votre arrondissement, &nbsp;en allant voter massivement &nbsp;la liste de l\u2019Union Nationale que je conduis d\u00e9mocratiquement. En toute humilit\u00e9, Je suis Jeff Fran\u00e7ois Elle Ngomo, Ing\u00e9nieur Urbaniste Am\u00e9nageur, agent municipal &nbsp;de la Mairie de &nbsp;Libreville depuis plus de &nbsp;25 ans. J\u2019ai d\u00e9j\u00e0 travaill\u00e9 avec six Maires, je connais leurs atouts et limites. J\u2019ai occup\u00e9 des postes de responsabilit\u00e9s dans certaines Directions de l\u2019institution entre autres, Direction G\u00e9n\u00e9rale des Transports, Direction G\u00e9n\u00e9rale du Cadastre et de l\u2019Habitat, et actuellement, &nbsp;je suis &nbsp;coordonnateur technique de la cellule d\u2019adressage de la commune de Libreville. Donc, je connais bien la maison H\u00f4tel de Ville de Libreville, les probl\u00e8mes r\u00e9currents auxquels font face les populations comme je vous l\u2019ai \u00e9voqu\u00e9 dans mon discours de campagne, dans les quartiers de ma circonscription politique et dans La presse. Des probl\u00e8mes que j\u2019entends r\u00e9soudre une fois \u00e9lu \u00e0 la t\u00eate de la Mairie du 2\u00e8me arrondissement\u201d a relev\u00e9 la t\u00eate de liste de <strong>l&rsquo;UN, Jeff Fran\u00e7ois Elle Ngomo<\/strong>.<\/p>\n\n\n\n<p>Le scrutin est pr\u00e9vu ce samedi 27 septembre \u00e0 7h30 pour s\u2019achever \u00e0 18h. Cette \u00e9lection coupl\u00e9e l\u00e9gislatives et locales voit la participation de plus de 18000 candidats (17000 candidats pour les conseils municipaux et d\u00e9partementaux; et 1600 candidats aux l\u00e9gislatives (titulaires et suppl\u00e9ants)) pour 145 si\u00e8ges \u00e0 l\u2019Assembl\u00e9e Nationale. Et plus de 1500 observateurs sont attendus pour superviser le dit scrutin.<\/p>\n\n\n\n<p><strong>Sandrine Balser Eyeng<\/strong><\/p>\n","protected":false},"excerpt":{"rendered":"<p>Jeff Fran\u00e7ois Elle Ngomo, T\u00eate de Liste de l&rsquo;UN au 2\u00e8me arrondissement de la commune de Libreville Le candidat de l\u2019Union Nationale dans le 2\u00e8me arrondissement de la commune de Libreville aux locales, Jeff Fran\u00e7ois Elle Ngomo, donn\u00e9 largement favori sur le terrain depuis l&rsquo;ouverture de la campagne \u00e9lectorale du 17 septembre dernier, invite les [&hellip;]<\/p>\n","protected":false},"author":7,"featured_media":24238,"comment_status":"open","ping_status":"open","sticky":false,"template":"","format":"standard","meta":{"footnotes":""},"categories":[57,55,59,56],"tags":[],"class_list":["post-24237","post","type-post","status-publish","format-standard","has-post-thumbnail","hentry","category-a-la-une","category-actualites","category-politique","category-societe"],"yoast_head":"<!-- This site is optimized with the Yoast SEO plugin v24.2 - https:\/\/yoast.com\/wordpress\/plugins\/seo\/ -->\n<title>Locales 2025: Jeff Fran\u00e7ois Elle Ngomo de l&#039;UN donn\u00e9 largement favori au 2\u00e8me arrondissement de la commune \u00a0Libreville - Gabon Nouvelle Vision<\/title>\n<meta name=\"robots\" content=\"index, follow, max-snippet:-1, max-image-preview:large, max-video-preview:-1\" \/>\n<link rel=\"canonical\" href=\"https:\/\/gabonnouvellevision.com\/gnv\/2025\/09\/26\/locales-2025-jeff-francois-elle-ngomo-de-lun-donne-largement-favori-au-2eme-arrondissement-de-la-commune-libreville\/\" \/>\n<meta property=\"og:locale\" content=\"fr_FR\" \/>\n<meta property=\"og:type\" content=\"article\" \/>\n<meta property=\"og:title\" content=\"Locales 2025: Jeff Fran\u00e7ois Elle Ngomo de l&#039;UN donn\u00e9 largement favori au 2\u00e8me arrondissement de la commune \u00a0Libreville - Gabon Nouvelle Vision\" \/>\n<meta property=\"og:description\" content=\"Jeff Fran\u00e7ois Elle Ngomo, T\u00eate de Liste de l&rsquo;UN au 2\u00e8me arrondissement de la commune de Libreville Le candidat de l\u2019Union Nationale dans le 2\u00e8me arrondissement de la commune de Libreville aux locales, Jeff Fran\u00e7ois Elle Ngomo, donn\u00e9 largement favori sur le terrain depuis l&rsquo;ouverture de la campagne \u00e9lectorale du 17 septembre dernier, invite les [&hellip;]\" \/>\n<meta property=\"og:url\" content=\"https:\/\/gabonnouvellevision.com\/gnv\/2025\/09\/26\/locales-2025-jeff-francois-elle-ngomo-de-lun-donne-largement-favori-au-2eme-arrondissement-de-la-commune-libreville\/\" \/>\n<meta property=\"og:site_name\" content=\"Gabon Nouvelle Vision\" \/>\n<meta property=\"article:publisher\" content=\"https:\/\/www.facebook.com\/GNVofficiel\" \/>\n<meta property=\"article:published_time\" content=\"2025-09-26T11:33:45+00:00\" \/>\n<meta property=\"article:modified_time\" content=\"2025-09-26T11:36:17+00:00\" \/>\n<meta property=\"og:image\" content=\"https:\/\/gabonnouvellevision.com\/gnv\/wp-content\/uploads\/2025\/09\/WhatsApp-Image-2025-09-24-a-16.40.39_53be096b.jpg\" \/>\n\t<meta property=\"og:image:width\" content=\"810\" \/>\n\t<meta property=\"og:image:height\" content=\"1080\" \/>\n\t<meta property=\"og:image:type\" content=\"image\/jpeg\" \/>\n<meta name=\"author\" content=\"Eyeng Obame\" \/>\n<meta name=\"twitter:card\" content=\"summary_large_image\" \/>\n<meta name=\"twitter:label1\" content=\"\u00c9crit par\" \/>\n\t<meta name=\"twitter:data1\" content=\"Eyeng Obame\" \/>\n\t<meta name=\"twitter:label2\" content=\"Dur\u00e9e de lecture estim\u00e9e\" \/>\n\t<meta name=\"twitter:data2\" content=\"3 minutes\" \/>\n<script type=\"application\/ld+json\" class=\"yoast-schema-graph\">{\"@context\":\"https:\/\/schema.org\",\"@graph\":[{\"@type\":\"Article\",\"@id\":\"https:\/\/gabonnouvellevision.com\/gnv\/2025\/09\/26\/locales-2025-jeff-francois-elle-ngomo-de-lun-donne-largement-favori-au-2eme-arrondissement-de-la-commune-libreville\/#article\",\"isPartOf\":{\"@id\":\"https:\/\/gabonnouvellevision.com\/gnv\/2025\/09\/26\/locales-2025-jeff-francois-elle-ngomo-de-lun-donne-largement-favori-au-2eme-arrondissement-de-la-commune-libreville\/\"},\"author\":{\"name\":\"Eyeng Obame\",\"@id\":\"https:\/\/gabonnouvellevision.com\/gnv\/#\/schema\/person\/4b48e07d222f83c0285affc3704bc899\"},\"headline\":\"Locales 2025: Jeff Fran\u00e7ois Elle Ngomo de l&rsquo;UN donn\u00e9 largement favori au 2\u00e8me arrondissement de la commune \u00a0Libreville\",\"datePublished\":\"2025-09-26T11:33:45+00:00\",\"dateModified\":\"2025-09-26T11:36:17+00:00\",\"mainEntityOfPage\":{\"@id\":\"https:\/\/gabonnouvellevision.com\/gnv\/2025\/09\/26\/locales-2025-jeff-francois-elle-ngomo-de-lun-donne-largement-favori-au-2eme-arrondissement-de-la-commune-libreville\/\"},\"wordCount\":495,\"commentCount\":0,\"publisher\":{\"@id\":\"https:\/\/gabonnouvellevision.com\/gnv\/#organization\"},\"image\":{\"@id\":\"https:\/\/gabonnouvellevision.com\/gnv\/2025\/09\/26\/locales-2025-jeff-francois-elle-ngomo-de-lun-donne-largement-favori-au-2eme-arrondissement-de-la-commune-libreville\/#primaryimage\"},\"thumbnailUrl\":\"https:\/\/gabonnouvellevision.com\/gnv\/wp-content\/uploads\/2025\/09\/WhatsApp-Image-2025-09-24-a-16.40.39_53be096b.jpg\",\"articleSection\":[\"A la une\",\"Actualites\",\"Politique\",\"Societe\"],\"inLanguage\":\"fr-FR\",\"potentialAction\":[{\"@type\":\"CommentAction\",\"name\":\"Comment\",\"target\":[\"https:\/\/gabonnouvellevision.com\/gnv\/2025\/09\/26\/locales-2025-jeff-francois-elle-ngomo-de-lun-donne-largement-favori-au-2eme-arrondissement-de-la-commune-libreville\/#respond\"]}]},{\"@type\":\"WebPage\",\"@id\":\"https:\/\/gabonnouvellevision.com\/gnv\/2025\/09\/26\/locales-2025-jeff-francois-elle-ngomo-de-lun-donne-largement-favori-au-2eme-arrondissement-de-la-commune-libreville\/\",\"url\":\"https:\/\/gabonnouvellevision.com\/gnv\/2025\/09\/26\/locales-2025-jeff-francois-elle-ngomo-de-lun-donne-largement-favori-au-2eme-arrondissement-de-la-commune-libreville\/\",\"name\":\"Locales 2025: Jeff Fran\u00e7ois Elle Ngomo de l'UN donn\u00e9 largement favori au 2\u00e8me arrondissement de la commune \u00a0Libreville - Gabon Nouvelle Vision\",\"isPartOf\":{\"@id\":\"https:\/\/gabonnouvellevision.com\/gnv\/#website\"},\"primaryImageOfPage\":{\"@id\":\"https:\/\/gabonnouvellevision.com\/gnv\/2025\/09\/26\/locales-2025-jeff-francois-elle-ngomo-de-lun-donne-largement-favori-au-2eme-arrondissement-de-la-commune-libreville\/#primaryimage\"},\"image\":{\"@id\":\"https:\/\/gabonnouvellevision.com\/gnv\/2025\/09\/26\/locales-2025-jeff-francois-elle-ngomo-de-lun-donne-largement-favori-au-2eme-arrondissement-de-la-commune-libreville\/#primaryimage\"},\"thumbnailUrl\":\"https:\/\/gabonnouvellevision.com\/gnv\/wp-content\/uploads\/2025\/09\/WhatsApp-Image-2025-09-24-a-16.40.39_53be096b.jpg\",\"datePublished\":\"2025-09-26T11:33:45+00:00\",\"dateModified\":\"2025-09-26T11:36:17+00:00\",\"breadcrumb\":{\"@id\":\"https:\/\/gabonnouvellevision.com\/gnv\/2025\/09\/26\/locales-2025-jeff-francois-elle-ngomo-de-lun-donne-largement-favori-au-2eme-arrondissement-de-la-commune-libreville\/#breadcrumb\"},\"inLanguage\":\"fr-FR\",\"potentialAction\":[{\"@type\":\"ReadAction\",\"target\":[\"https:\/\/gabonnouvellevision.com\/gnv\/2025\/09\/26\/locales-2025-jeff-francois-elle-ngomo-de-lun-donne-largement-favori-au-2eme-arrondissement-de-la-commune-libreville\/\"]}]},{\"@type\":\"ImageObject\",\"inLanguage\":\"fr-FR\",\"@id\":\"https:\/\/gabonnouvellevision.com\/gnv\/2025\/09\/26\/locales-2025-jeff-francois-elle-ngomo-de-lun-donne-largement-favori-au-2eme-arrondissement-de-la-commune-libreville\/#primaryimage\",\"url\":\"https:\/\/gabonnouvellevision.com\/gnv\/wp-content\/uploads\/2025\/09\/WhatsApp-Image-2025-09-24-a-16.40.39_53be096b.jpg\",\"contentUrl\":\"https:\/\/gabonnouvellevision.com\/gnv\/wp-content\/uploads\/2025\/09\/WhatsApp-Image-2025-09-24-a-16.40.39_53be096b.jpg\",\"width\":810,\"height\":1080},{\"@type\":\"BreadcrumbList\",\"@id\":\"https:\/\/gabonnouvellevision.com\/gnv\/2025\/09\/26\/locales-2025-jeff-francois-elle-ngomo-de-lun-donne-largement-favori-au-2eme-arrondissement-de-la-commune-libreville\/#breadcrumb\",\"itemListElement\":[{\"@type\":\"ListItem\",\"position\":1,\"name\":\"Accueil\",\"item\":\"https:\/\/gabonnouvellevision.com\/gnv\/\"},{\"@type\":\"ListItem\",\"position\":2,\"name\":\"Locales 2025: Jeff Fran\u00e7ois Elle Ngomo de l&rsquo;UN donn\u00e9 largement favori au 2\u00e8me arrondissement de la commune \u00a0Libreville\"}]},{\"@type\":\"WebSite\",\"@id\":\"https:\/\/gabonnouvellevision.com\/gnv\/#website\",\"url\":\"https:\/\/gabonnouvellevision.com\/gnv\/\",\"name\":\"Gabon Nouvelle Vision\",\"description\":\"\",\"publisher\":{\"@id\":\"https:\/\/gabonnouvellevision.com\/gnv\/#organization\"},\"potentialAction\":[{\"@type\":\"SearchAction\",\"target\":{\"@type\":\"EntryPoint\",\"urlTemplate\":\"https:\/\/gabonnouvellevision.com\/gnv\/?s={search_term_string}\"},\"query-input\":{\"@type\":\"PropertyValueSpecification\",\"valueRequired\":true,\"valueName\":\"search_term_string\"}}],\"inLanguage\":\"fr-FR\"},{\"@type\":\"Organization\",\"@id\":\"https:\/\/gabonnouvellevision.com\/gnv\/#organization\",\"name\":\"Gabon Nouvelle Vision\",\"url\":\"https:\/\/gabonnouvellevision.com\/gnv\/\",\"logo\":{\"@type\":\"ImageObject\",\"inLanguage\":\"fr-FR\",\"@id\":\"https:\/\/gabonnouvellevision.com\/gnv\/#\/schema\/logo\/image\/\",\"url\":\"https:\/\/gabonnouvellevision.com\/gnv\/wp-content\/uploads\/2025\/01\/logo-text_Plan-de-travail-1.png\",\"contentUrl\":\"https:\/\/gabonnouvellevision.com\/gnv\/wp-content\/uploads\/2025\/01\/logo-text_Plan-de-travail-1.png\",\"width\":7169,\"height\":2390,\"caption\":\"Gabon Nouvelle Vision\"},\"image\":{\"@id\":\"https:\/\/gabonnouvellevision.com\/gnv\/#\/schema\/logo\/image\/\"},\"sameAs\":[\"https:\/\/www.facebook.com\/GNVofficiel\"]},{\"@type\":\"Person\",\"@id\":\"https:\/\/gabonnouvellevision.com\/gnv\/#\/schema\/person\/4b48e07d222f83c0285affc3704bc899\",\"name\":\"Eyeng Obame\",\"image\":{\"@type\":\"ImageObject\",\"inLanguage\":\"fr-FR\",\"@id\":\"https:\/\/gabonnouvellevision.com\/gnv\/#\/schema\/person\/image\/\",\"url\":\"https:\/\/secure.gravatar.com\/avatar\/167bc03b8baf3c77318a47159f80871de6f5a6cbf4bc8b6af750fbc1a369d7bf?s=96&d=mm&r=g\",\"contentUrl\":\"https:\/\/secure.gravatar.com\/avatar\/167bc03b8baf3c77318a47159f80871de6f5a6cbf4bc8b6af750fbc1a369d7bf?s=96&d=mm&r=g\",\"caption\":\"Eyeng Obame\"},\"url\":\"https:\/\/gabonnouvellevision.com\/gnv\/author\/rufin\/\"}]}<\/script>\n<!-- \/ Yoast SEO plugin. -->","yoast_head_json":{"title":"Locales 2025: Jeff Fran\u00e7ois Elle Ngomo de l'UN donn\u00e9 largement favori au 2\u00e8me arrondissement de la commune \u00a0Libreville - Gabon Nouvelle Vision","robots":{"index":"index","follow":"follow","max-snippet":"max-snippet:-1","max-image-preview":"max-image-preview:large","max-video-preview":"max-video-preview:-1"},"canonical":"https:\/\/gabonnouvellevision.com\/gnv\/2025\/09\/26\/locales-2025-jeff-francois-elle-ngomo-de-lun-donne-largement-favori-au-2eme-arrondissement-de-la-commune-libreville\/","og_locale":"fr_FR","og_type":"article","og_title":"Locales 2025: Jeff Fran\u00e7ois Elle Ngomo de l'UN donn\u00e9 largement favori au 2\u00e8me arrondissement de la commune \u00a0Libreville - Gabon Nouvelle Vision","og_description":"Jeff Fran\u00e7ois Elle Ngomo, T\u00eate de Liste de l&rsquo;UN au 2\u00e8me arrondissement de la commune de Libreville Le candidat de l\u2019Union Nationale dans le 2\u00e8me arrondissement de la commune de Libreville aux locales, Jeff Fran\u00e7ois Elle Ngomo, donn\u00e9 largement favori sur le terrain depuis l&rsquo;ouverture de la campagne \u00e9lectorale du 17 septembre dernier, invite les [&hellip;]","og_url":"https:\/\/gabonnouvellevision.com\/gnv\/2025\/09\/26\/locales-2025-jeff-francois-elle-ngomo-de-lun-donne-largement-favori-au-2eme-arrondissement-de-la-commune-libreville\/","og_site_name":"Gabon Nouvelle Vision","article_publisher":"https:\/\/www.facebook.com\/GNVofficiel","article_published_time":"2025-09-26T11:33:45+00:00","article_modified_time":"2025-09-26T11:36:17+00:00","og_image":[{"width":810,"height":1080,"url":"https:\/\/gabonnouvellevision.com\/gnv\/wp-content\/uploads\/2025\/09\/WhatsApp-Image-2025-09-24-a-16.40.39_53be096b.jpg","type":"image\/jpeg"}],"author":"Eyeng Obame","twitter_card":"summary_large_image","twitter_misc":{"\u00c9crit par":"Eyeng Obame","Dur\u00e9e de lecture estim\u00e9e":"3 minutes"},"schema":{"@context":"https:\/\/schema.org","@graph":[{"@type":"Article","@id":"https:\/\/gabonnouvellevision.com\/gnv\/2025\/09\/26\/locales-2025-jeff-francois-elle-ngomo-de-lun-donne-largement-favori-au-2eme-arrondissement-de-la-commune-libreville\/#article","isPartOf":{"@id":"https:\/\/gabonnouvellevision.com\/gnv\/2025\/09\/26\/locales-2025-jeff-francois-elle-ngomo-de-lun-donne-largement-favori-au-2eme-arrondissement-de-la-commune-libreville\/"},"author":{"name":"Eyeng Obame","@id":"https:\/\/gabonnouvellevision.com\/gnv\/#\/schema\/person\/4b48e07d222f83c0285affc3704bc899"},"headline":"Locales 2025: Jeff Fran\u00e7ois Elle Ngomo de l&rsquo;UN donn\u00e9 largement favori au 2\u00e8me arrondissement de la commune \u00a0Libreville","datePublished":"2025-09-26T11:33:45+00:00","dateModified":"2025-09-26T11:36:17+00:00","mainEntityOfPage":{"@id":"https:\/\/gabonnouvellevision.com\/gnv\/2025\/09\/26\/locales-2025-jeff-francois-elle-ngomo-de-lun-donne-largement-favori-au-2eme-arrondissement-de-la-commune-libreville\/"},"wordCount":495,"commentCount":0,"publisher":{"@id":"https:\/\/gabonnouvellevision.com\/gnv\/#organization"},"image":{"@id":"https:\/\/gabonnouvellevision.com\/gnv\/2025\/09\/26\/locales-2025-jeff-francois-elle-ngomo-de-lun-donne-largement-favori-au-2eme-arrondissement-de-la-commune-libreville\/#primaryimage"},"thumbnailUrl":"https:\/\/gabonnouvellevision.com\/gnv\/wp-content\/uploads\/2025\/09\/WhatsApp-Image-2025-09-24-a-16.40.39_53be096b.jpg","articleSection":["A la une","Actualites","Politique","Societe"],"inLanguage":"fr-FR","potentialAction":[{"@type":"CommentAction","name":"Comment","target":["https:\/\/gabonnouvellevision.com\/gnv\/2025\/09\/26\/locales-2025-jeff-francois-elle-ngomo-de-lun-donne-largement-favori-au-2eme-arrondissement-de-la-commune-libreville\/#respond"]}]},{"@type":"WebPage","@id":"https:\/\/gabonnouvellevision.com\/gnv\/2025\/09\/26\/locales-2025-jeff-francois-elle-ngomo-de-lun-donne-largement-favori-au-2eme-arrondissement-de-la-commune-libreville\/","url":"https:\/\/gabonnouvellevision.com\/gnv\/2025\/09\/26\/locales-2025-jeff-francois-elle-ngomo-de-lun-donne-largement-favori-au-2eme-arrondissement-de-la-commune-libreville\/","name":"Locales 2025: Jeff Fran\u00e7ois Elle Ngomo de l'UN donn\u00e9 largement favori au 2\u00e8me arrondissement de la commune \u00a0Libreville - Gabon Nouvelle Vision","isPartOf":{"@id":"https:\/\/gabonnouvellevision.com\/gnv\/#website"},"primaryImageOfPage":{"@id":"https:\/\/gabonnouvellevision.com\/gnv\/2025\/09\/26\/locales-2025-jeff-francois-elle-ngomo-de-lun-donne-largement-favori-au-2eme-arrondissement-de-la-commune-libreville\/#primaryimage"},"image":{"@id":"https:\/\/gabonnouvellevision.com\/gnv\/2025\/09\/26\/locales-2025-jeff-francois-elle-ngomo-de-lun-donne-largement-favori-au-2eme-arrondissement-de-la-commune-libreville\/#primaryimage"},"thumbnailUrl":"https:\/\/gabonnouvellevision.com\/gnv\/wp-content\/uploads\/2025\/09\/WhatsApp-Image-2025-09-24-a-16.40.39_53be096b.jpg","datePublished":"2025-09-26T11:33:45+00:00","dateModified":"2025-09-26T11:36:17+00:00","breadcrumb":{"@id":"https:\/\/gabonnouvellevision.com\/gnv\/2025\/09\/26\/locales-2025-jeff-francois-elle-ngomo-de-lun-donne-largement-favori-au-2eme-arrondissement-de-la-commune-libreville\/#breadcrumb"},"inLanguage":"fr-FR","potentialAction":[{"@type":"ReadAction","target":["https:\/\/gabonnouvellevision.com\/gnv\/2025\/09\/26\/locales-2025-jeff-francois-elle-ngomo-de-lun-donne-largement-favori-au-2eme-arrondissement-de-la-commune-libreville\/"]}]},{"@type":"ImageObject","inLanguage":"fr-FR","@id":"https:\/\/gabonnouvellevision.com\/gnv\/2025\/09\/26\/locales-2025-jeff-francois-elle-ngomo-de-lun-donne-largement-favori-au-2eme-arrondissement-de-la-commune-libreville\/#primaryimage","url":"https:\/\/gabonnouvellevision.com\/gnv\/wp-content\/uploads\/2025\/09\/WhatsApp-Image-2025-09-24-a-16.40.39_53be096b.jpg","contentUrl":"https:\/\/gabonnouvellevision.com\/gnv\/wp-content\/uploads\/2025\/09\/WhatsApp-Image-2025-09-24-a-16.40.39_53be096b.jpg","width":810,"height":1080},{"@type":"BreadcrumbList","@id":"https:\/\/gabonnouvellevision.com\/gnv\/2025\/09\/26\/locales-2025-jeff-francois-elle-ngomo-de-lun-donne-largement-favori-au-2eme-arrondissement-de-la-commune-libreville\/#breadcrumb","itemListElement":[{"@type":"ListItem","position":1,"name":"Accueil","item":"https:\/\/gabonnouvellevision.com\/gnv\/"},{"@type":"ListItem","position":2,"name":"Locales 2025: Jeff Fran\u00e7ois Elle Ngomo de l&rsquo;UN donn\u00e9 largement favori au 2\u00e8me arrondissement de la commune \u00a0Libreville"}]},{"@type":"WebSite","@id":"https:\/\/gabonnouvellevision.com\/gnv\/#website","url":"https:\/\/gabonnouvellevision.com\/gnv\/","name":"Gabon Nouvelle Vision","description":"","publisher":{"@id":"https:\/\/gabonnouvellevision.com\/gnv\/#organization"},"potentialAction":[{"@type":"SearchAction","target":{"@type":"EntryPoint","urlTemplate":"https:\/\/gabonnouvellevision.com\/gnv\/?s={search_term_string}"},"query-input":{"@type":"PropertyValueSpecification","valueRequired":true,"valueName":"search_term_string"}}],"inLanguage":"fr-FR"},{"@type":"Organization","@id":"https:\/\/gabonnouvellevision.com\/gnv\/#organization","name":"Gabon Nouvelle Vision","url":"https:\/\/gabonnouvellevision.com\/gnv\/","logo":{"@type":"ImageObject","inLanguage":"fr-FR","@id":"https:\/\/gabonnouvellevision.com\/gnv\/#\/schema\/logo\/image\/","url":"https:\/\/gabonnouvellevision.com\/gnv\/wp-content\/uploads\/2025\/01\/logo-text_Plan-de-travail-1.png","contentUrl":"https:\/\/gabonnouvellevision.com\/gnv\/wp-content\/uploads\/2025\/01\/logo-text_Plan-de-travail-1.png","width":7169,"height":2390,"caption":"Gabon Nouvelle Vision"},"image":{"@id":"https:\/\/gabonnouvellevision.com\/gnv\/#\/schema\/logo\/image\/"},"sameAs":["https:\/\/www.facebook.com\/GNVofficiel"]},{"@type":"Person","@id":"https:\/\/gabonnouvellevision.com\/gnv\/#\/schema\/person\/4b48e07d222f83c0285affc3704bc899","name":"Eyeng Obame","image":{"@type":"ImageObject","inLanguage":"fr-FR","@id":"https:\/\/gabonnouvellevision.com\/gnv\/#\/schema\/person\/image\/","url":"https:\/\/secure.gravatar.com\/avatar\/167bc03b8baf3c77318a47159f80871de6f5a6cbf4bc8b6af750fbc1a369d7bf?s=96&d=mm&r=g","contentUrl":"https:\/\/secure.gravatar.com\/avatar\/167bc03b8baf3c77318a47159f80871de6f5a6cbf4bc8b6af750fbc1a369d7bf?s=96&d=mm&r=g","caption":"Eyeng Obame"},"url":"https:\/\/gabonnouvellevision.com\/gnv\/author\/rufin\/"}]}},"_links":{"self":[{"href":"https:\/\/gabonnouvellevision.com\/gnv\/wp-json\/wp\/v2\/posts\/24237","targetHints":{"allow":["GET"]}}],"collection":[{"href":"https:\/\/gabonnouvellevision.com\/gnv\/wp-json\/wp\/v2\/posts"}],"about":[{"href":"https:\/\/gabonnouvellevision.com\/gnv\/wp-json\/wp\/v2\/types\/post"}],"author":[{"embeddable":true,"href":"https:\/\/gabonnouvellevision.com\/gnv\/wp-json\/wp\/v2\/users\/7"}],"replies":[{"embeddable":true,"href":"https:\/\/gabonnouvellevision.com\/gnv\/wp-json\/wp\/v2\/comments?post=24237"}],"version-history":[{"count":3,"href":"https:\/\/gabonnouvellevision.com\/gnv\/wp-json\/wp\/v2\/posts\/24237\/revisions"}],"predecessor-version":[{"id":24242,"href":"https:\/\/gabonnouvellevision.com\/gnv\/wp-json\/wp\/v2\/posts\/24237\/revisions\/24242"}],"wp:featuredmedia":[{"embeddable":true,"href":"https:\/\/gabonnouvellevision.com\/gnv\/wp-json\/wp\/v2\/media\/24238"}],"wp:attachment":[{"href":"https:\/\/gabonnouvellevision.com\/gnv\/wp-json\/wp\/v2\/media?parent=24237"}],"wp:term":[{"taxonomy":"category","embeddable":true,"href":"https:\/\/gabonnouvellevision.com\/gnv\/wp-json\/wp\/v2\/categories?post=24237"},{"taxonomy":"post_tag","embeddable":true,"href":"https:\/\/gabonnouvellevision.com\/gnv\/wp-json\/wp\/v2\/tags?post=24237"}],"curies":[{"name":"wp","href":"https:\/\/api.w.org\/{rel}","templated":true}]}}