{"id":24228,"date":"2025-09-16T10:50:33","date_gmt":"2025-09-16T08:50:33","guid":{"rendered":"https:\/\/gabonnouvellevision.com\/gnv\/?p=24228"},"modified":"2025-09-16T10:50:35","modified_gmt":"2025-09-16T08:50:35","slug":"oligui-nguema-lance-les-travaux-de-la-centrale-thermique-dowendo","status":"publish","type":"post","link":"https:\/\/gabonnouvellevision.com\/gnv\/2025\/09\/16\/oligui-nguema-lance-les-travaux-de-la-centrale-thermique-dowendo\/","title":{"rendered":"Oligui Nguema lance les travaux de la centrale thermique d&rsquo;Owendo"},"content":{"rendered":"\n<p><strong><em>Le Pr\u00e9sident de la R\u00e9publique, Brice Clotaire Oligui , a lanc\u00e9 hier les travaux de la centrale thermique \u00e0 gaz d\u2019Owendo.<\/em><\/strong><\/p>\n\n\n\n<p>Ce projet structurant s\u2019inscrit dans un programme de 130 milliards FCFA conclu avec <a href=\"https:\/\/www.facebook.com\/Afreximbank?__cft__%5b0%5d=AZXnOts8fxskkwrHsr1p6itFkWroNdDPnqUmcOi1MlkSv2HBY3VJncHGdA4c6rZDbvFfobghK0weQ0_CRQjHAOOuz27Fp_dNPqCsOHEXVPYB50oDi-WuekFKl_p_-4z9UzhJpLQ2-9NxwbkXSQuthcWxVhHDKb58PwCUsi-gUP1MYBGsIvelkh-gRD-uY3y49FmPpMjPhOPJtUOpR3Woenej&amp;__tn__=-%5dK-R\"><strong>African Export Import Bank &#8211; Afreximbank<\/strong><\/a> pour la construction de trois centrales destin\u00e9es \u00e0 r\u00e9duire le d\u00e9ficit \u00e9nerg\u00e9tique du Grand Libreville.<\/p>\n\n\n\n<p>\u00c0 terme, il ajoutera 300 MW au r\u00e9seau national : 220 MW \u00e0 Owendo, 40 MW \u00e0 Port-Gentil et 40 MW \u00e0 Lambar\u00e9n\u00e9.<\/p>\n\n\n\n<p>Dot\u00e9e de technologies modernes et \u00e9cologiques, la centrale favorisera la transition \u00e9nerg\u00e9tique tout en g\u00e9n\u00e9rant plus de 1000 emplois durant la construction et 300 en phase d\u2019exploitation.<\/p>\n\n\n\n<p><strong>Sandrine Eyeng Obame<\/strong><\/p>\n\n\n\n<p><strong>Source&nbsp;: Communication Pr\u00e9sidentielle<\/strong><\/p>\n","protected":false},"excerpt":{"rendered":"<p>Le Pr\u00e9sident de la R\u00e9publique, Brice Clotaire Oligui , a lanc\u00e9 hier les travaux de la centrale thermique \u00e0 gaz d\u2019Owendo. Ce projet structurant s\u2019inscrit dans un programme de 130 milliards FCFA conclu avec African Export Import Bank &#8211; Afreximbank pour la construction de trois centrales destin\u00e9es \u00e0 r\u00e9duire le d\u00e9ficit \u00e9nerg\u00e9tique du Grand Libreville. [&hellip;]<\/p>\n","protected":false},"author":7,"featured_media":24229,"comment_status":"open","ping_status":"open","sticky":false,"template":"","format":"standard","meta":{"footnotes":""},"categories":[57,55,60],"tags":[],"class_list":["post-24228","post","type-post","status-publish","format-standard","has-post-thumbnail","hentry","category-a-la-une","category-actualites","category-economie"],"yoast_head":"<!-- This site is optimized with the Yoast SEO plugin v24.2 - https:\/\/yoast.com\/wordpress\/plugins\/seo\/ -->\n<title>Oligui Nguema lance les travaux de la centrale thermique d&#039;Owendo - Gabon Nouvelle Vision<\/title>\n<meta name=\"robots\" content=\"index, follow, max-snippet:-1, max-image-preview:large, max-video-preview:-1\" \/>\n<link rel=\"canonical\" href=\"https:\/\/gabonnouvellevision.com\/gnv\/2025\/09\/16\/oligui-nguema-lance-les-travaux-de-la-centrale-thermique-dowendo\/\" \/>\n<meta property=\"og:locale\" content=\"fr_FR\" \/>\n<meta property=\"og:type\" content=\"article\" \/>\n<meta property=\"og:title\" content=\"Oligui Nguema lance les travaux de la centrale thermique d&#039;Owendo - Gabon Nouvelle Vision\" \/>\n<meta property=\"og:description\" content=\"Le Pr\u00e9sident de la R\u00e9publique, Brice Clotaire Oligui , a lanc\u00e9 hier les travaux de la centrale thermique \u00e0 gaz d\u2019Owendo. Ce projet structurant s\u2019inscrit dans un programme de 130 milliards FCFA conclu avec African Export Import Bank &#8211; Afreximbank pour la construction de trois centrales destin\u00e9es \u00e0 r\u00e9duire le d\u00e9ficit \u00e9nerg\u00e9tique du Grand Libreville. [&hellip;]\" \/>\n<meta property=\"og:url\" content=\"https:\/\/gabonnouvellevision.com\/gnv\/2025\/09\/16\/oligui-nguema-lance-les-travaux-de-la-centrale-thermique-dowendo\/\" \/>\n<meta property=\"og:site_name\" content=\"Gabon Nouvelle Vision\" \/>\n<meta property=\"article:publisher\" content=\"https:\/\/www.facebook.com\/GNVofficiel\" \/>\n<meta property=\"article:published_time\" content=\"2025-09-16T08:50:33+00:00\" \/>\n<meta property=\"article:modified_time\" content=\"2025-09-16T08:50:35+00:00\" \/>\n<meta property=\"og:image\" content=\"https:\/\/gabonnouvellevision.com\/gnv\/wp-content\/uploads\/2025\/09\/548801860_122273876888025336_2812744111067142548_n.jpg\" \/>\n\t<meta property=\"og:image:width\" content=\"593\" \/>\n\t<meta property=\"og:image:height\" content=\"395\" \/>\n\t<meta property=\"og:image:type\" content=\"image\/jpeg\" \/>\n<meta name=\"author\" content=\"Eyeng Obame\" \/>\n<meta name=\"twitter:card\" content=\"summary_large_image\" \/>\n<meta name=\"twitter:label1\" content=\"\u00c9crit par\" \/>\n\t<meta name=\"twitter:data1\" content=\"Eyeng Obame\" \/>\n\t<meta name=\"twitter:label2\" content=\"Dur\u00e9e de lecture estim\u00e9e\" \/>\n\t<meta name=\"twitter:data2\" content=\"1 minute\" \/>\n<script type=\"application\/ld+json\" class=\"yoast-schema-graph\">{\"@context\":\"https:\/\/schema.org\",\"@graph\":[{\"@type\":\"Article\",\"@id\":\"https:\/\/gabonnouvellevision.com\/gnv\/2025\/09\/16\/oligui-nguema-lance-les-travaux-de-la-centrale-thermique-dowendo\/#article\",\"isPartOf\":{\"@id\":\"https:\/\/gabonnouvellevision.com\/gnv\/2025\/09\/16\/oligui-nguema-lance-les-travaux-de-la-centrale-thermique-dowendo\/\"},\"author\":{\"name\":\"Eyeng Obame\",\"@id\":\"https:\/\/gabonnouvellevision.com\/gnv\/#\/schema\/person\/4b48e07d222f83c0285affc3704bc899\"},\"headline\":\"Oligui Nguema lance les travaux de la centrale thermique d&rsquo;Owendo\",\"datePublished\":\"2025-09-16T08:50:33+00:00\",\"dateModified\":\"2025-09-16T08:50:35+00:00\",\"mainEntityOfPage\":{\"@id\":\"https:\/\/gabonnouvellevision.com\/gnv\/2025\/09\/16\/oligui-nguema-lance-les-travaux-de-la-centrale-thermique-dowendo\/\"},\"wordCount\":123,\"commentCount\":0,\"publisher\":{\"@id\":\"https:\/\/gabonnouvellevision.com\/gnv\/#organization\"},\"image\":{\"@id\":\"https:\/\/gabonnouvellevision.com\/gnv\/2025\/09\/16\/oligui-nguema-lance-les-travaux-de-la-centrale-thermique-dowendo\/#primaryimage\"},\"thumbnailUrl\":\"https:\/\/gabonnouvellevision.com\/gnv\/wp-content\/uploads\/2025\/09\/548801860_122273876888025336_2812744111067142548_n.jpg\",\"articleSection\":[\"A la une\",\"Actualites\",\"Economie\"],\"inLanguage\":\"fr-FR\",\"potentialAction\":[{\"@type\":\"CommentAction\",\"name\":\"Comment\",\"target\":[\"https:\/\/gabonnouvellevision.com\/gnv\/2025\/09\/16\/oligui-nguema-lance-les-travaux-de-la-centrale-thermique-dowendo\/#respond\"]}]},{\"@type\":\"WebPage\",\"@id\":\"https:\/\/gabonnouvellevision.com\/gnv\/2025\/09\/16\/oligui-nguema-lance-les-travaux-de-la-centrale-thermique-dowendo\/\",\"url\":\"https:\/\/gabonnouvellevision.com\/gnv\/2025\/09\/16\/oligui-nguema-lance-les-travaux-de-la-centrale-thermique-dowendo\/\",\"name\":\"Oligui Nguema lance les travaux de la centrale thermique d'Owendo - Gabon Nouvelle Vision\",\"isPartOf\":{\"@id\":\"https:\/\/gabonnouvellevision.com\/gnv\/#website\"},\"primaryImageOfPage\":{\"@id\":\"https:\/\/gabonnouvellevision.com\/gnv\/2025\/09\/16\/oligui-nguema-lance-les-travaux-de-la-centrale-thermique-dowendo\/#primaryimage\"},\"image\":{\"@id\":\"https:\/\/gabonnouvellevision.com\/gnv\/2025\/09\/16\/oligui-nguema-lance-les-travaux-de-la-centrale-thermique-dowendo\/#primaryimage\"},\"thumbnailUrl\":\"https:\/\/gabonnouvellevision.com\/gnv\/wp-content\/uploads\/2025\/09\/548801860_122273876888025336_2812744111067142548_n.jpg\",\"datePublished\":\"2025-09-16T08:50:33+00:00\",\"dateModified\":\"2025-09-16T08:50:35+00:00\",\"breadcrumb\":{\"@id\":\"https:\/\/gabonnouvellevision.com\/gnv\/2025\/09\/16\/oligui-nguema-lance-les-travaux-de-la-centrale-thermique-dowendo\/#breadcrumb\"},\"inLanguage\":\"fr-FR\",\"potentialAction\":[{\"@type\":\"ReadAction\",\"target\":[\"https:\/\/gabonnouvellevision.com\/gnv\/2025\/09\/16\/oligui-nguema-lance-les-travaux-de-la-centrale-thermique-dowendo\/\"]}]},{\"@type\":\"ImageObject\",\"inLanguage\":\"fr-FR\",\"@id\":\"https:\/\/gabonnouvellevision.com\/gnv\/2025\/09\/16\/oligui-nguema-lance-les-travaux-de-la-centrale-thermique-dowendo\/#primaryimage\",\"url\":\"https:\/\/gabonnouvellevision.com\/gnv\/wp-content\/uploads\/2025\/09\/548801860_122273876888025336_2812744111067142548_n.jpg\",\"contentUrl\":\"https:\/\/gabonnouvellevision.com\/gnv\/wp-content\/uploads\/2025\/09\/548801860_122273876888025336_2812744111067142548_n.jpg\",\"width\":593,\"height\":395},{\"@type\":\"BreadcrumbList\",\"@id\":\"https:\/\/gabonnouvellevision.com\/gnv\/2025\/09\/16\/oligui-nguema-lance-les-travaux-de-la-centrale-thermique-dowendo\/#breadcrumb\",\"itemListElement\":[{\"@type\":\"ListItem\",\"position\":1,\"name\":\"Accueil\",\"item\":\"https:\/\/gabonnouvellevision.com\/gnv\/\"},{\"@type\":\"ListItem\",\"position\":2,\"name\":\"Oligui Nguema lance les travaux de la centrale thermique d&rsquo;Owendo\"}]},{\"@type\":\"WebSite\",\"@id\":\"https:\/\/gabonnouvellevision.com\/gnv\/#website\",\"url\":\"https:\/\/gabonnouvellevision.com\/gnv\/\",\"name\":\"Gabon Nouvelle Vision\",\"description\":\"\",\"publisher\":{\"@id\":\"https:\/\/gabonnouvellevision.com\/gnv\/#organization\"},\"potentialAction\":[{\"@type\":\"SearchAction\",\"target\":{\"@type\":\"EntryPoint\",\"urlTemplate\":\"https:\/\/gabonnouvellevision.com\/gnv\/?s={search_term_string}\"},\"query-input\":{\"@type\":\"PropertyValueSpecification\",\"valueRequired\":true,\"valueName\":\"search_term_string\"}}],\"inLanguage\":\"fr-FR\"},{\"@type\":\"Organization\",\"@id\":\"https:\/\/gabonnouvellevision.com\/gnv\/#organization\",\"name\":\"Gabon Nouvelle Vision\",\"url\":\"https:\/\/gabonnouvellevision.com\/gnv\/\",\"logo\":{\"@type\":\"ImageObject\",\"inLanguage\":\"fr-FR\",\"@id\":\"https:\/\/gabonnouvellevision.com\/gnv\/#\/schema\/logo\/image\/\",\"url\":\"https:\/\/gabonnouvellevision.com\/gnv\/wp-content\/uploads\/2025\/01\/logo-text_Plan-de-travail-1.png\",\"contentUrl\":\"https:\/\/gabonnouvellevision.com\/gnv\/wp-content\/uploads\/2025\/01\/logo-text_Plan-de-travail-1.png\",\"width\":7169,\"height\":2390,\"caption\":\"Gabon Nouvelle Vision\"},\"image\":{\"@id\":\"https:\/\/gabonnouvellevision.com\/gnv\/#\/schema\/logo\/image\/\"},\"sameAs\":[\"https:\/\/www.facebook.com\/GNVofficiel\"]},{\"@type\":\"Person\",\"@id\":\"https:\/\/gabonnouvellevision.com\/gnv\/#\/schema\/person\/4b48e07d222f83c0285affc3704bc899\",\"name\":\"Eyeng Obame\",\"image\":{\"@type\":\"ImageObject\",\"inLanguage\":\"fr-FR\",\"@id\":\"https:\/\/gabonnouvellevision.com\/gnv\/#\/schema\/person\/image\/\",\"url\":\"https:\/\/secure.gravatar.com\/avatar\/167bc03b8baf3c77318a47159f80871de6f5a6cbf4bc8b6af750fbc1a369d7bf?s=96&d=mm&r=g\",\"contentUrl\":\"https:\/\/secure.gravatar.com\/avatar\/167bc03b8baf3c77318a47159f80871de6f5a6cbf4bc8b6af750fbc1a369d7bf?s=96&d=mm&r=g\",\"caption\":\"Eyeng Obame\"},\"url\":\"https:\/\/gabonnouvellevision.com\/gnv\/author\/rufin\/\"}]}<\/script>\n<!-- \/ Yoast SEO plugin. -->","yoast_head_json":{"title":"Oligui Nguema lance les travaux de la centrale thermique d'Owendo - Gabon Nouvelle Vision","robots":{"index":"index","follow":"follow","max-snippet":"max-snippet:-1","max-image-preview":"max-image-preview:large","max-video-preview":"max-video-preview:-1"},"canonical":"https:\/\/gabonnouvellevision.com\/gnv\/2025\/09\/16\/oligui-nguema-lance-les-travaux-de-la-centrale-thermique-dowendo\/","og_locale":"fr_FR","og_type":"article","og_title":"Oligui Nguema lance les travaux de la centrale thermique d'Owendo - Gabon Nouvelle Vision","og_description":"Le Pr\u00e9sident de la R\u00e9publique, Brice Clotaire Oligui , a lanc\u00e9 hier les travaux de la centrale thermique \u00e0 gaz d\u2019Owendo. Ce projet structurant s\u2019inscrit dans un programme de 130 milliards FCFA conclu avec African Export Import Bank &#8211; Afreximbank pour la construction de trois centrales destin\u00e9es \u00e0 r\u00e9duire le d\u00e9ficit \u00e9nerg\u00e9tique du Grand Libreville. [&hellip;]","og_url":"https:\/\/gabonnouvellevision.com\/gnv\/2025\/09\/16\/oligui-nguema-lance-les-travaux-de-la-centrale-thermique-dowendo\/","og_site_name":"Gabon Nouvelle Vision","article_publisher":"https:\/\/www.facebook.com\/GNVofficiel","article_published_time":"2025-09-16T08:50:33+00:00","article_modified_time":"2025-09-16T08:50:35+00:00","og_image":[{"width":593,"height":395,"url":"https:\/\/gabonnouvellevision.com\/gnv\/wp-content\/uploads\/2025\/09\/548801860_122273876888025336_2812744111067142548_n.jpg","type":"image\/jpeg"}],"author":"Eyeng Obame","twitter_card":"summary_large_image","twitter_misc":{"\u00c9crit par":"Eyeng Obame","Dur\u00e9e de lecture estim\u00e9e":"1 minute"},"schema":{"@context":"https:\/\/schema.org","@graph":[{"@type":"Article","@id":"https:\/\/gabonnouvellevision.com\/gnv\/2025\/09\/16\/oligui-nguema-lance-les-travaux-de-la-centrale-thermique-dowendo\/#article","isPartOf":{"@id":"https:\/\/gabonnouvellevision.com\/gnv\/2025\/09\/16\/oligui-nguema-lance-les-travaux-de-la-centrale-thermique-dowendo\/"},"author":{"name":"Eyeng Obame","@id":"https:\/\/gabonnouvellevision.com\/gnv\/#\/schema\/person\/4b48e07d222f83c0285affc3704bc899"},"headline":"Oligui Nguema lance les travaux de la centrale thermique d&rsquo;Owendo","datePublished":"2025-09-16T08:50:33+00:00","dateModified":"2025-09-16T08:50:35+00:00","mainEntityOfPage":{"@id":"https:\/\/gabonnouvellevision.com\/gnv\/2025\/09\/16\/oligui-nguema-lance-les-travaux-de-la-centrale-thermique-dowendo\/"},"wordCount":123,"commentCount":0,"publisher":{"@id":"https:\/\/gabonnouvellevision.com\/gnv\/#organization"},"image":{"@id":"https:\/\/gabonnouvellevision.com\/gnv\/2025\/09\/16\/oligui-nguema-lance-les-travaux-de-la-centrale-thermique-dowendo\/#primaryimage"},"thumbnailUrl":"https:\/\/gabonnouvellevision.com\/gnv\/wp-content\/uploads\/2025\/09\/548801860_122273876888025336_2812744111067142548_n.jpg","articleSection":["A la une","Actualites","Economie"],"inLanguage":"fr-FR","potentialAction":[{"@type":"CommentAction","name":"Comment","target":["https:\/\/gabonnouvellevision.com\/gnv\/2025\/09\/16\/oligui-nguema-lance-les-travaux-de-la-centrale-thermique-dowendo\/#respond"]}]},{"@type":"WebPage","@id":"https:\/\/gabonnouvellevision.com\/gnv\/2025\/09\/16\/oligui-nguema-lance-les-travaux-de-la-centrale-thermique-dowendo\/","url":"https:\/\/gabonnouvellevision.com\/gnv\/2025\/09\/16\/oligui-nguema-lance-les-travaux-de-la-centrale-thermique-dowendo\/","name":"Oligui Nguema lance les travaux de la centrale thermique d'Owendo - Gabon Nouvelle Vision","isPartOf":{"@id":"https:\/\/gabonnouvellevision.com\/gnv\/#website"},"primaryImageOfPage":{"@id":"https:\/\/gabonnouvellevision.com\/gnv\/2025\/09\/16\/oligui-nguema-lance-les-travaux-de-la-centrale-thermique-dowendo\/#primaryimage"},"image":{"@id":"https:\/\/gabonnouvellevision.com\/gnv\/2025\/09\/16\/oligui-nguema-lance-les-travaux-de-la-centrale-thermique-dowendo\/#primaryimage"},"thumbnailUrl":"https:\/\/gabonnouvellevision.com\/gnv\/wp-content\/uploads\/2025\/09\/548801860_122273876888025336_2812744111067142548_n.jpg","datePublished":"2025-09-16T08:50:33+00:00","dateModified":"2025-09-16T08:50:35+00:00","breadcrumb":{"@id":"https:\/\/gabonnouvellevision.com\/gnv\/2025\/09\/16\/oligui-nguema-lance-les-travaux-de-la-centrale-thermique-dowendo\/#breadcrumb"},"inLanguage":"fr-FR","potentialAction":[{"@type":"ReadAction","target":["https:\/\/gabonnouvellevision.com\/gnv\/2025\/09\/16\/oligui-nguema-lance-les-travaux-de-la-centrale-thermique-dowendo\/"]}]},{"@type":"ImageObject","inLanguage":"fr-FR","@id":"https:\/\/gabonnouvellevision.com\/gnv\/2025\/09\/16\/oligui-nguema-lance-les-travaux-de-la-centrale-thermique-dowendo\/#primaryimage","url":"https:\/\/gabonnouvellevision.com\/gnv\/wp-content\/uploads\/2025\/09\/548801860_122273876888025336_2812744111067142548_n.jpg","contentUrl":"https:\/\/gabonnouvellevision.com\/gnv\/wp-content\/uploads\/2025\/09\/548801860_122273876888025336_2812744111067142548_n.jpg","width":593,"height":395},{"@type":"BreadcrumbList","@id":"https:\/\/gabonnouvellevision.com\/gnv\/2025\/09\/16\/oligui-nguema-lance-les-travaux-de-la-centrale-thermique-dowendo\/#breadcrumb","itemListElement":[{"@type":"ListItem","position":1,"name":"Accueil","item":"https:\/\/gabonnouvellevision.com\/gnv\/"},{"@type":"ListItem","position":2,"name":"Oligui Nguema lance les travaux de la centrale thermique d&rsquo;Owendo"}]},{"@type":"WebSite","@id":"https:\/\/gabonnouvellevision.com\/gnv\/#website","url":"https:\/\/gabonnouvellevision.com\/gnv\/","name":"Gabon Nouvelle Vision","description":"","publisher":{"@id":"https:\/\/gabonnouvellevision.com\/gnv\/#organization"},"potentialAction":[{"@type":"SearchAction","target":{"@type":"EntryPoint","urlTemplate":"https:\/\/gabonnouvellevision.com\/gnv\/?s={search_term_string}"},"query-input":{"@type":"PropertyValueSpecification","valueRequired":true,"valueName":"search_term_string"}}],"inLanguage":"fr-FR"},{"@type":"Organization","@id":"https:\/\/gabonnouvellevision.com\/gnv\/#organization","name":"Gabon Nouvelle Vision","url":"https:\/\/gabonnouvellevision.com\/gnv\/","logo":{"@type":"ImageObject","inLanguage":"fr-FR","@id":"https:\/\/gabonnouvellevision.com\/gnv\/#\/schema\/logo\/image\/","url":"https:\/\/gabonnouvellevision.com\/gnv\/wp-content\/uploads\/2025\/01\/logo-text_Plan-de-travail-1.png","contentUrl":"https:\/\/gabonnouvellevision.com\/gnv\/wp-content\/uploads\/2025\/01\/logo-text_Plan-de-travail-1.png","width":7169,"height":2390,"caption":"Gabon Nouvelle Vision"},"image":{"@id":"https:\/\/gabonnouvellevision.com\/gnv\/#\/schema\/logo\/image\/"},"sameAs":["https:\/\/www.facebook.com\/GNVofficiel"]},{"@type":"Person","@id":"https:\/\/gabonnouvellevision.com\/gnv\/#\/schema\/person\/4b48e07d222f83c0285affc3704bc899","name":"Eyeng Obame","image":{"@type":"ImageObject","inLanguage":"fr-FR","@id":"https:\/\/gabonnouvellevision.com\/gnv\/#\/schema\/person\/image\/","url":"https:\/\/secure.gravatar.com\/avatar\/167bc03b8baf3c77318a47159f80871de6f5a6cbf4bc8b6af750fbc1a369d7bf?s=96&d=mm&r=g","contentUrl":"https:\/\/secure.gravatar.com\/avatar\/167bc03b8baf3c77318a47159f80871de6f5a6cbf4bc8b6af750fbc1a369d7bf?s=96&d=mm&r=g","caption":"Eyeng Obame"},"url":"https:\/\/gabonnouvellevision.com\/gnv\/author\/rufin\/"}]}},"_links":{"self":[{"href":"https:\/\/gabonnouvellevision.com\/gnv\/wp-json\/wp\/v2\/posts\/24228","targetHints":{"allow":["GET"]}}],"collection":[{"href":"https:\/\/gabonnouvellevision.com\/gnv\/wp-json\/wp\/v2\/posts"}],"about":[{"href":"https:\/\/gabonnouvellevision.com\/gnv\/wp-json\/wp\/v2\/types\/post"}],"author":[{"embeddable":true,"href":"https:\/\/gabonnouvellevision.com\/gnv\/wp-json\/wp\/v2\/users\/7"}],"replies":[{"embeddable":true,"href":"https:\/\/gabonnouvellevision.com\/gnv\/wp-json\/wp\/v2\/comments?post=24228"}],"version-history":[{"count":1,"href":"https:\/\/gabonnouvellevision.com\/gnv\/wp-json\/wp\/v2\/posts\/24228\/revisions"}],"predecessor-version":[{"id":24230,"href":"https:\/\/gabonnouvellevision.com\/gnv\/wp-json\/wp\/v2\/posts\/24228\/revisions\/24230"}],"wp:featuredmedia":[{"embeddable":true,"href":"https:\/\/gabonnouvellevision.com\/gnv\/wp-json\/wp\/v2\/media\/24229"}],"wp:attachment":[{"href":"https:\/\/gabonnouvellevision.com\/gnv\/wp-json\/wp\/v2\/media?parent=24228"}],"wp:term":[{"taxonomy":"category","embeddable":true,"href":"https:\/\/gabonnouvellevision.com\/gnv\/wp-json\/wp\/v2\/categories?post=24228"},{"taxonomy":"post_tag","embeddable":true,"href":"https:\/\/gabonnouvellevision.com\/gnv\/wp-json\/wp\/v2\/tags?post=24228"}],"curies":[{"name":"wp","href":"https:\/\/api.w.org\/{rel}","templated":true}]}}